{"id":15179,"date":"2018-10-25T04:55:54","date_gmt":"2018-10-25T04:55:54","guid":{"rendered":"https:\/\/gracious-dewdney.138-201-221-2.plesk.page\/?p=15179"},"modified":"2020-04-27T15:50:04","modified_gmt":"2020-04-27T15:50:04","slug":"evkozi-30-es-31-vasarnap","status":"publish","type":"post","link":"https:\/\/stuttgarti-katolikusok.de\/index.php\/evkozi-30-es-31-vasarnap\/","title":{"rendered":"\u00c9vk\u00f6zi 30. \u00e9s 31. vas\u00e1rnap"},"content":{"rendered":"<p><strong>2018. okt\u00f3ber 28.<\/strong><\/p>\n<p><strong>\u00c9VK\u00d6ZI 30. VAS\u00c1RNAP<\/strong><\/p>\n<p>Azt l\u00e1tjuk, hogy \u201eaz istentelenek rem\u00e9nye olyan, mint a sz\u00e9l forgatta pelyva, mint a k\u00f6nny\u0171 hab, amelyet a vihar kerget, mint a f\u00fcst, amelyet eloszlat a sz\u00e9l, mint a vend\u00e9g eml\u00e9ke, aki csak egy napig maradt\u201d (V\u00f6. B\u00f6lcs 5, 14\u201315). Micsoda k\u00f6lt\u0151i kifejez\u00e9se az emberi rem\u00e9nytelens\u00e9gnek, elhagyatotts\u00e1gnak! Milyen\u00a0 vigasztal\u00f3, hogy az igazaknak gondj\u00e1t viseli a Magass\u00e1gbeli. Mi is mindig \u0151benne b\u00edzzunk!<\/p>\n<p><strong>OLVASM\u00c1NY<\/strong>\u00a0\u00a0\u00a0\u00a0\u00a0\u00a0\u00a0\u00a0\u00a0\u00a0\u00a0\u00a0\u00a0\u00a0\u00a0\u00a0\u00a0\u00a0\u00a0\u00a0\u00a0\u00a0\u00a0\u00a0\u00a0\u00a0\u00a0\u00a0\u00a0\u00a0\u00a0\u00a0\u00a0\u00a0\u00a0\u00a0\u00a0\u00a0\u00a0\u00a0\u00a0\u00a0\u00a0\u00a0\u00a0\u00a0\u00a0\u00a0\u00a0\u00a0\u00a0\u00a0\u00a0\u00a0\u00a0\u00a0\u00a0 <em>Jer 31, 7\u20139<\/em><\/p>\n<p>Az Olvasm\u00e1ny megcsillantja el\u0151tt\u00fcnk Isten atyai szeretet\u00e9t! Megb\u00fcntette ugyan n\u00e9p\u00e9t, de ezzel is a jav\u00e1t akarta, hogy megt\u00e9rjen \u00e9s \u00e9ljen. Majd \u00f6sszegy\u0171jti \u00e9s haza vezeti \u0151ket a fogs\u00e1gb\u00f3l, hogy \u00f6r\u00f6kk\u00e9 \u00e1ldj\u00e1k az \u0151 irgalm\u00e1t.<\/p>\n<p><strong>V\u00c1LASZOS ZSOLT\u00c1R<\/strong>\u00a0\u00a0\u00a0\u00a0\u00a0\u00a0\u00a0\u00a0 \u00a0\u00a0\u00a0\u00a0\u00a0\u00a0\u00a0\u00a0\u00a0\u00a0\u00a0\u00a0\u00a0\u00a0\u00a0\u00a0\u00a0\u00a0\u00a0\u00a0\u00a0<em>\u00a0\u00a0\u00a0\u00a0\u00a0\u00a0\u00a0125. Zsolt\u00e1r<\/em><\/p>\n<p><strong>V\u00e1lasz: Hatalmas dolgot m\u0171velt az \u00dar v<u>\u00e9<\/u>l\u00fcnk, * <\/strong><\/p>\n<p><strong>\u00a0\u00a0\u00a0\u00a0\u00a0\u00a0\u00a0\u00a0\u00a0\u00a0\u00a0\u00a0\u00a0 az\u00e9rt sz<u>\u00ed<\/u>vb\u0151l ujjongunk.<\/strong><\/p>\n<p><strong>SZENTLECKE\u00a0 <\/strong>\u00a0\u00a0\u00a0\u00a0\u00a0\u00a0\u00a0\u00a0\u00a0\u00a0\u00a0\u00a0\u00a0\u00a0\u00a0\u00a0\u00a0\u00a0\u00a0\u00a0\u00a0\u00a0\u00a0\u00a0\u00a0\u00a0\u00a0\u00a0\u00a0\u00a0\u00a0\u00a0\u00a0\u00a0\u00a0\u00a0\u00a0\u00a0\u00a0\u00a0\u00a0\u00a0\u00a0\u00a0\u00a0\u00a0\u00a0\u00a0\u00a0\u00a0<em>Zsid 5, 1\u20136<\/em><\/p>\n<p>J\u00e9zus, a mi \u00f6r\u00f6k F\u0151papunk, meg\u00e9rt\u0151 tud lenni az emberek ir\u00e1nt. Ezt v\u00e1rja el papjait\u00f3l is. Hiszen az\u00e9rt v\u00e1lasztotta ki \u0151ket az emberek k\u00f6z\u00fcl, hogy Isten el\u0151tt k\u00e9pviselj\u00e9k embert\u00e1rsaikat.<\/p>\n<p><strong>ALLELUJA\u00a0 <\/strong>\u00a0\u00a0\u00a0\u00a0\u00a0\u00a0\u00a0\u00a0\u00a0\u00a0\u00a0\u00a0\u00a0\u00a0\u00a0\u00a0\u00a0\u00a0\u00a0\u00a0\u00a0\u00a0\u00a0\u00a0\u00a0\u00a0\u00a0\u00a0\u00a0\u00a0\u00a0\u00a0\u00a0\u00a0\u00a0\u00a0\u00a0\u00a0\u00a0\u00a0\u00a0\u00a0\u00a0\u00a0\u00a0\u00a0\u00a0\u00a0\u00a0\u00a0\u00a0\u00a0\u00a0\u00a0\u00a0\u00a0\u00a0\u00a0\u00a0\u00a0\u00a0\u00a0<em>2 Tim 1, 10<\/em><\/p>\n<p>\u00dcdv\u00f6z\u00edt\u0151nk, J\u00e9zus Krisztus gy\u0151z\u00f6tt a hal\u00e1lon, * \u00e9s az evang\u00e9liumban f\u00f6lragyogtatta az \u00f6r\u00f6k \u00e9letet.<\/p>\n<p><strong>EVANG\u00c9LIUM<\/strong>\u00a0\u00a0\u00a0\u00a0\u00a0\u00a0\u00a0\u00a0\u00a0\u00a0\u00a0\u00a0\u00a0\u00a0\u00a0\u00a0\u00a0\u00a0\u00a0\u00a0\u00a0\u00a0\u00a0\u00a0\u00a0\u00a0\u00a0\u00a0\u00a0\u00a0\u00a0\u00a0\u00a0\u00a0\u00a0\u00a0\u00a0\u00a0\u00a0\u00a0\u00a0\u00a0\u00a0\u00a0\u00a0 <em>Mk 10, 46\u201352<\/em><\/p>\n<p>J\u00e9zus a jerik\u00f3i vaknak nemcsak a testi, hanem a lelki vaks\u00e1g\u00e1t is meggy\u00f3gy\u00edtotta. K\u00e9rj\u00fck J\u00e9zust, \u00f3vjon meg minket a lelki vaks\u00e1gt\u00f3l.<\/p>\n<p><strong>R\u00d6VID FOH\u00c1SZOK<\/strong><\/p>\n<p>Add, Urunk, hogy Egyh\u00e1zad az evang\u00e9lium hirdet\u00e9s\u00e9vel \u00e9s a kegyelem eszk\u00f6zeivel orvosoljon minden lelki nyomor\u00fas\u00e1got! * Add, hogy a kutat\u00f3k \u00e9s a feltal\u00e1l\u00f3k a tudom\u00e1ny v\u00edvm\u00e1nyait az emberis\u00e9g jav\u00e1ra haszn\u00e1lj\u00e1k! * Gy\u00f3gy\u00edtsd meg a lelki vaks\u00e1gban szenved\u0151ket, hogy megl\u00e1ss\u00e1k az igaz tan\u00edt\u00e1s f\u00e9ny\u00e9t! * Ragyogtasd fel meghalt h\u00edveidnek az \u00f6r\u00f6k vil\u00e1goss\u00e1g f\u00e9nyess\u00e9g\u00e9t!<\/p>\n<p><strong>AZ EUCHARISZTI\u00c1HOZ<\/strong><\/p>\n<p>A hit \u00e9s a kereszts\u00e9g \u00e1ltal az \u00dar megnyitotta a mi szem\u00fcnket is. Uram, add, hogy mindig felismerj\u00fcnk t\u00e9ged a keny\u00e9r \u00e9s a bor sz\u00edn\u00e9ben! Boldogan \u00e9lj\u00fck \u00e1t, hogy mindig vel\u00fcnk vagy!<\/p>\n<p>A PAPS\u00c1G VAS\u00c1RNAPJA<\/p>\n<p>A paps\u00e1g \u00e9s a h\u00edvek m\u00e1s-m\u00e1s adom\u00e1nyokkal, k\u00fcl\u00f6nb\u00f6z\u0151 m\u00f3don, de egym\u00e1sra utalva, egym\u00e1st seg\u00edtve \u00e9p\u00edtik Krisztus test\u00e9t. Igaz ugyan, hogy amilyen a p\u00e1sztor, olyan a ny\u00e1j, de ford\u00edtva is: amilyen a ny\u00e1j, olyan a p\u00e1sztor. M\u00e1r azzal is seg\u00edtik a h\u00edvek papjukat, hogy Krisztust l\u00e1tj\u00e1k \u00e9s tisztelik benne. A h\u00edvek buzg\u00f3s\u00e1ga b\u00edztat\u00e1s a pap (a lelkip\u00e1sztor) sz\u00e1m\u00e1ra, meg\u00f3vja \u0151t az elkesered\u00e9st\u0151l. * Im\u00e1dkozzunk papjaink\u00e9rt!<\/p>\n<p>MINDENSZENTEK \u00dcNNEPE<\/p>\n<p><strong>November 1.<\/strong><\/p>\n<p>Isten az embereket k\u00f6z\u00f6ss\u00e9gi term\u00e9szet\u00fck szerint vezeti az \u00fcdv\u00f6ss\u00e9gre. A m\u00e9g \u00faton lev\u0151k feltekintenek a m\u00e1r c\u00e9lba \u00e9rkezettekre, s biztat\u00e1st mer\u00edtenek abb\u00f3l, hogy l\u00e1tj\u00e1k mindenf\u00e9le nemb\u0151l, korb\u00f3l, \u00e1ll\u00e1sb\u00f3l, nemzetb\u0151l a megkoron\u00e1zottakat Isten orsz\u00e1g\u00e1ban. Senkit sem akarunk figyelmen k\u00edv\u00fcl hagyni azokb\u00f3l, akik Isten l\u00e1t\u00e1s\u00e1ra jutottak, s ez\u00e9rt szentel\u00fcnk k\u00fcl\u00f6n \u00fcnnepet Mindenszenteknek, teh\u00e1t azoknak is, akiknek nev\u00e9t egyed\u00fcl csak Isten ismeri. Az \u00fcnnep a VII. sz\u00e1zadb\u00f3l ered, akkor szentelt\u00e9k fel a hajdani pog\u00e1ny Pantheont M\u00e1ri\u00e1nak, a v\u00e9rtan\u00faknak \u00e9s minden szenteknek k\u00f6z\u00f6s tisztelet\u00e9re.<\/p>\n<p><strong><em>A szentek: fel\u00fclr\u0151l adott v\u00e1laszok az alulr\u00f3l j\u00f6v\u0151 k\u00e9rd\u00e9sekre. \u2013 Hans Urs von Balthasar<\/em><\/strong><\/p>\n<p>HALOTTAK NAPJA<\/p>\n<p><strong>November 2.<\/strong><\/p>\n<p>Tegnap a diadalmas Egyh\u00e1zr\u00f3l eml\u00e9kezett meg a liturgia, ma a szenved\u0151 Egyh\u00e1zra ford\u00edtja a h\u00edvek figyelm\u00e9t. Mindenszentek vecserny\u00e9je ut\u00e1n az \u00fcnnepi d\u00edszt elt\u00e1vol\u00edtj\u00e1k, j\u00e1mbor komolys\u00e1g t\u00f6lti be a templom csarnokait. A halotti zsolozsma vezeti be a megeml\u00e9kez\u00e9st, a h\u00edvek pedig k\u00f6rmenetekben mennek a s\u00edrokhoz, hogy az elhunytak\u00e9rt im\u00e1dkozzanak. M\u00e1snap \u00fcnnep\u00e9lyes gy\u00e1szmis\u00e9ben mindny\u00e1junk k\u00f6z\u00f6s \u00e9desanyja, az Egyh\u00e1z im\u00e1dkozik elhunyt gyermekei\u00e9rt. E nap k\u00fcl\u00f6n\u00f6s alkalom \u00e9s \u00f6szt\u00f6nz\u00e9s legyen sz\u00e1munkra, hogy k\u00f6ny\u00f6rg\u00e9sekkel, az irgalmas szeretet cselekedeivel, b\u00facs\u00fakkal kimutassuk halottaink ir\u00e1nt \u00e9rzett r\u00e9szv\u00e9t\u00fcnket. A s\u00edrok l\u00e1togat\u00e1sa eml\u00e9keztessen benn\u00fcnket a f\u00f6ldi \u00e9let muland\u00f3s\u00e1g\u00e1ra, s ir\u00e1ny\u00edtsa tekintet\u00fcnket a mennyei javakra. E k\u00e9t \u00fcnnep liturgi\u00e1j\u00e1ban k\u00fcl\u00f6n\u00f6s sz\u00e9ps\u00e9ggel jut kifejez\u00e9sre hit\u00fcnk a \u201eszentek egys\u00e9g\u00e9ben\u201d, vagyis a k\u00fczd\u0151, a szenved\u0151 \u00e9s a gy\u0151zedelmes Egyh\u00e1z kegyelmi k\u00f6z\u00f6ss\u00e9g\u00e9ben.<\/p>\n<p><strong><em>Adj, Uram \u00f6r\u00f6k nyugodalmat nekik,<\/em><\/strong><\/p>\n<p><strong><em>\u00e9s az \u00f6r\u00f6k vil\u00e1goss\u00e1g f\u00e9nyeskedj\u00e9k nekik.<\/em><\/strong><\/p>\n<p>MI A LEGNAGYOBB GY\u0150ZELEM?<\/p>\n<p>N\u00e9h\u00e1ny \u00e9vvel ezel\u0151tt az egyik paraolimpiai j\u00e1t\u00e9kokon 9 atl\u00e9ta (akik ment\u00e1lisan, vagy fizikailag s\u00e9r\u00fcltek) fel\u00e1lltak a 100 m\u00e9teres fut\u00e1s startvonal\u00e1hoz. A pisztolyl\u00f6v\u00e9s felhangz\u00e1sakor elkezd\u0151d\u00f6tt a verseny, ahol &#8211; b\u00e1r nem mindenki a l\u00e1bain futva -, de a c\u00e9l fel\u00e9 t\u00f6rekedett a be\u00e9rkez\u00e9s \u00e9s a gy\u0151zelem rem\u00e9ny\u00e9ben.<\/p>\n<p>A nagy igyekezetben egyszer csak az egyik fi\u00fa elesett az aszfalton \u00e9s j\u00f3 n\u00e9h\u00e1nyat bukfencezett, majd elkezdett s\u00edrni. A t\u00f6bbi 8 versenyz\u0151 hallotta a s\u00edr\u00e1st, lelass\u00edtott \u00e9s h\u00e1tran\u00e9zett, majd mindenki meg\u00e1llt \u00e9s visszafordult. Mindegyik\u00fck.<\/p>\n<p>Az egyik Down-k\u00f3ros l\u00e1ny le\u00fclt mell\u00e9, megpuszilta \u00e9s megk\u00e9rdezte, hogy jobban \u00e9rzi-e mag\u00e1t. Azt\u00e1n mind a 9-en \u00f6sszekapaszkodtak \u00e9s egy\u00fctt s\u00e9t\u00e1ltak be a c\u00e9lvonalon. A stadionban pedig a n\u00e9z\u0151k fel\u00e1lltak \u00e9s percekig tapsoltak. Azok, akik ott voltak, a mai napig emlegetik ezt a t\u00f6rt\u00e9netet<\/p>\n<p><strong>2018. november 4.<\/strong><\/p>\n<p><strong>\u00c9VK\u00d6ZI 31. VAS\u00c1RNAP<\/strong><\/p>\n<p><strong>&#8211; Szent Andr\u00e1s hava &#8211;<\/strong><\/p>\n<p>Hitvall\u00e1sunkban \u00edgy valljuk meg az Atya \u00e9s a Fi\u00fa kapcsolat\u00e1t: J\u00e9zus Krisztus \u201eaz Aty\u00e1t\u00f3l sz\u00fcletett az id\u0151 kezdete el\u0151tt. Isten az Istent\u0151l, Vil\u00e1goss\u00e1g a Vil\u00e1goss\u00e1gt\u00f3l, val\u00f3s\u00e1gos Isten a val\u00f3s\u00e1gos Istent\u0151l.\u201d Hozz\u00e1tehetn\u00e9nk, Szeretet a Szeretetb\u0151l. Az \u00d6r\u00f6k Ig\u00e9t v\u00e9gtelen szeretet f\u0171zi Atyj\u00e1hoz, v\u00e9gtelen szeretet hozta k\u00f6z\u00e9nk emberekhez, \u00e9s szeretete fogyhatatlan ir\u00e1ntunk. T\u0151l\u00fcnk is ilyen felt\u00e9tel n\u00e9lk\u00fcli szeretetet v\u00e1r Isten ir\u00e1nt; az emberek ir\u00e1nt pedig olyan szeretetet, amilyennel \u0151 viseltetett ir\u00e1ntunk.<\/p>\n<p><strong>OLVASM\u00c1NY<\/strong>\u00a0\u00a0\u00a0\u00a0\u00a0\u00a0\u00a0\u00a0\u00a0\u00a0\u00a0\u00a0\u00a0\u00a0\u00a0\u00a0\u00a0\u00a0\u00a0\u00a0\u00a0\u00a0\u00a0\u00a0\u00a0\u00a0\u00a0\u00a0\u00a0\u00a0\u00a0\u00a0\u00a0\u00a0\u00a0\u00a0\u00a0\u00a0\u00a0\u00a0\u00a0\u00a0\u00a0\u00a0\u00a0\u00a0\u00a0\u00a0\u00a0\u00a0\u00a0\u00a0\u00a0 <em>MT\u00f6rv 6, 2\u20136<\/em><\/p>\n<p>Az orvostudom\u00e1ny bizony\u00edtja, hogy az eg\u00e9szs\u00e9ggel mennyire \u00f6sszef\u00fcgg a lelki kiegyens\u00falyozotts\u00e1g: Istennel \u00e9s az embert\u00e1rsainkkal val\u00f3 j\u00f3 kapcsolat. A betegs\u00e9gek m\u00f6g\u00f6tt viszont sokszor lelki bajok h\u00faz\u00f3dnak meg: b\u0171n, gy\u0171l\u00f6lk\u00f6d\u00e9s, szeretetlens\u00e9g.<\/p>\n<p><strong>V\u00c1LASZOS ZSOLT\u00c1R<\/strong>\u00a0\u00a0\u00a0\u00a0\u00a0\u00a0\u00a0\u00a0\u00a0\u00a0\u00a0\u00a0\u00a0\u00a0\u00a0\u00a0\u00a0\u00a0\u00a0\u00a0\u00a0\u00a0\u00a0\u00a0\u00a0\u00a0\u00a0\u00a0\u00a0\u00a0\u00a0 <em>17. Zsolt\u00e1r<\/em><\/p>\n<p><strong>V\u00e1lasz: Szeretlek, Uram, <u>I<\/u>stenem, * \u00e9n er<u>\u0151<\/u>ss\u00e9gem.<\/strong><\/p>\n<p><strong>SZENTLECKE\u00a0\u00a0 <\/strong>\u00a0\u00a0\u00a0\u00a0\u00a0\u00a0\u00a0\u00a0\u00a0\u00a0\u00a0\u00a0\u00a0\u00a0\u00a0\u00a0\u00a0\u00a0\u00a0\u00a0\u00a0\u00a0\u00a0\u00a0\u00a0\u00a0\u00a0\u00a0\u00a0\u00a0\u00a0\u00a0\u00a0\u00a0\u00a0\u00a0\u00a0\u00a0\u00a0\u00a0\u00a0<em>Zsid 7, 23\u201328<\/em><\/p>\n<p>Az \u00dar meg\u00edg\u00e9rte: \u201eH\u0171s\u00e9ges papot rendelek magamnak, aki sz\u00edvem \u00e9s sz\u00e1nd\u00e9kom szerint j\u00e1r el.\u201d (1 S\u00e1m 2, 35) Ez a h\u0171s\u00e9ges pap Krisztus, aki \u201eszent, \u00e1rtatlan, feddhetetlen, f\u00f6ls\u00e9gesebb az egekn\u00e9l.\u201d \u00c1ltala bizalommal j\u00e1rulhatunk Isten el\u00e9.<\/p>\n<p><strong>ALLELUJA <\/strong>\u00a0\u00a0\u00a0\u00a0\u00a0\u00a0\u00a0\u00a0\u00a0\u00a0\u00a0\u00a0\u00a0\u00a0\u00a0\u00a0\u00a0\u00a0\u00a0\u00a0\u00a0\u00a0\u00a0\u00a0\u00a0\u00a0\u00a0\u00a0\u00a0\u00a0\u00a0\u00a0\u00a0\u00a0\u00a0\u00a0\u00a0\u00a0\u00a0\u00a0\u00a0\u00a0\u00a0\u00a0\u00a0\u00a0\u00a0\u00a0\u00a0\u00a0\u00a0\u00a0\u00a0\u00a0\u00a0\u00a0\u00a0\u00a0\u00a0\u00a0\u00a0\u00a0\u00a0\u00a0\u00a0\u00a0\u00a0<em>Jn 14, 23<\/em><\/p>\n<p>J\u00e9zus mondja: \u201eAki szeret engem, megfogadja szavamat. * Aty\u00e1m is szeretni fogja \u00e9s hozz\u00e1 k\u00f6lt\u00f6z\u00fcnk.\u201d<\/p>\n<p><strong>EVANG\u00c9LIUM\u00a0 <\/strong>\u00a0\u00a0\u00a0\u00a0\u00a0\u00a0\u00a0\u00a0\u00a0\u00a0\u00a0\u00a0\u00a0\u00a0\u00a0\u00a0\u00a0\u00a0\u00a0\u00a0\u00a0\u00a0\u00a0\u00a0\u00a0\u00a0\u00a0\u00a0\u00a0\u00a0\u00a0\u00a0\u00a0\u00a0\u00a0\u00a0\u00a0\u00a0\u00a0\u00a0<em>Mk 12, 28b\u201334<\/em><\/p>\n<p>J\u00e9zus arra tan\u00edtott, hogy mindennap im\u00e1dkozzunk az Isten orsz\u00e1g\u00e1nak elj\u00f6vetel\u00e9\u00e9rt. Isten orsz\u00e1ga a szeretet orsz\u00e1ga. Ha igaz szeretet \u00e9l az emberek sz\u00edv\u00e9ben, vagyis senkit \u00e9s semmit nem helyeznek Isten el\u00e9 \u00e9s embert\u00e1rsaikban is Istent szeretik, megval\u00f3sul benn\u00fcnk az Isten orsz\u00e1ga.<\/p>\n<p><strong>R\u00d6VID FOH\u00c1SZOK<\/strong><\/p>\n<p>Add, Urunk, hogy gyermekeid mindenn\u00e9l jobban szeressenek t\u00e9ged! * Add, hogy az evang\u00e9lium hirdet\u0151i cselekedeteikkel is tan\u00fas\u00e1got tegyenk Kriszrusr\u00f3l! * Add, Urunk, hogy h\u00edveid emberszeret\u00e9ben felismerje a vil\u00e1g szent Fiad j\u00f3s\u00e1g\u00e1t! * Add, Urunk, hogy az elhagyottak \u00e9s a betegek ne n\u00e9lk\u00fcl\u00f6zz\u00e9k embert\u00e1rsaik szolg\u00e1l\u00f3 szeretet\u00e9t! * Add, Urunk, hogy hal\u00e1lunk \u00f3r\u00e1j\u00e1n mindny\u00e1jan eljuthassunk atyai h\u00e1zadba!<\/p>\n<p><strong>AZ EUCHARISZTI\u00c1HOZ<\/strong><\/p>\n<p>J\u00e9zus az Olt\u00e1riszents\u00e9gben szeretet\u00e9nek szent eml\u00e9k\u00e9t hagyta r\u00e1nk. A szent\u00e1ldoz\u00e1sban egyes\u00fcl\u00fcnk J\u00e9zussal \u00e9s r\u00e9szesed\u00fcnk szeretet\u00e9ben. Adjunk \u00e9rte h\u00e1l\u00e1t az \u00darnak.<\/p>\n<p><strong>\u00c1LDOZ\u00c1SI \u00c9NEK<\/strong>\u00a0\u00a0\u00a0\u00a0\u00a0\u00a0\u00a0\u00a0\u00a0\u00a0\u00a0\u00a0\u00a0\u00a0\u00a0\u00a0\u00a0\u00a0\u00a0\u00a0\u00a0\u00a0\u00a0\u00a0\u00a0\u00a0\u00a0\u00a0\u00a0\u00a0\u00a0\u00a0\u00a0\u00a0\u00a0\u00a0\u00a0\u00a0\u00a0\u00a0\u00a0\u00a0\u00a0\u00a0\u00a0\u00a0\u00a0\u00a0\u00a0\u00a0 <em>Zsolt 15, 11<\/em><\/p>\n<p>Az \u00e9let \u00fatj\u00e1t mutatod nekem, \u00f6r\u00f6mmel t\u00f6ltesz el sz\u00edned el\u0151tt, Uram.<\/p>\n<p>TESTV\u00c9REINK, A SZENTEK<\/p>\n<p><strong>November 4.<\/strong> <em>Borromeo Szent K\u00e1roly<\/em> p\u00fcsp\u00f6k \u00fcnnepe. Mil\u00e1n\u00f3 \u00e9rseke, igazi p\u00e1sztor egyh\u00e1zmegy\u00e9je gondoz\u00e1s\u00e1ban, l\u00e1togat\u00e1s\u00e1ban. A tridenti zsinat hat\u00e1rozatainak megval\u00f3s\u00edt\u00f3ja, a reform\u00e1ci\u00f3 ut\u00e1n az Egyh\u00e1z egyik \u00fajj\u00e1\u00e9p\u00edt\u0151je. + 1584. <em>(A vas\u00e1rnap miatt az \u00fcnnepe elmarad.)<\/em><\/p>\n<p><strong>November 5.<\/strong> <em>Szent Imre<\/em> herceg \u00fcnnepe. Szent Istv\u00e1n kir\u00e1lyunk fia, aki m\u00e9lt\u00f3 ut\u00f3dj\u00e1nak \u00edg\u00e9rkezett. H\u00e1zass\u00e1g\u00e1t \u00f6ssze tudta egyeztetni az \u00f6nk\u00e9nt v\u00e1llalt evang\u00e9liumi tan\u00e1cs, a sz\u0171zi tisztas\u00e1g megtart\u00e1s\u00e1val. Hal\u00e1la trag\u00e9dia volt apj\u00e1ra \u00e9s nemzet\u00e9re n\u00e9zve, de a magyar ifj\u00fas\u00e1g \u00e9gi p\u00e1rtfog\u00f3t nyert benne. Az evang\u00e9liumi tan\u00e1csok tisztelet\u00e9t is tan\u00edtja a ma ember\u00e9nek.<\/p>\n<p><em>Boldog f\u00e9rfi\u00fa, Szent Imre herceg, aki \u00fagy ragyog, mint a nap az \u00e9gen. A halhatatlans\u00e1g aj\u00e1nd\u00e9k\u00e1t mag\u00e1hoz \u00f6lelve m\u00e1r a mennyei paradicsomban \u00f6rvendezik \u00f6r\u00f6kk\u00e9.<\/em><\/p>\n<p>SZENT IMRE IM\u00c1JA<\/p>\n<p>\u00daristen, te az eg\u00e9sz vil\u00e1g Gondvisel\u0151je vagy. Te adsz er\u0151t a gyenge embernek, a te kezedben van a fejedelmek lelke. Te hatalmasabb vagy minden f\u00f6ldi kir\u00e1lyn\u00e1l. T\u00e9gy velem tetsz\u00e9sed szerint.<\/p>\n<p>IM\u00c1DS\u00c1G ELHUNYT SZERETTEINK\u00c9RT<\/p>\n<p><strong>(November a halottak h\u00f3napja)<\/strong><\/p>\n<p>Isten, kegyelmek osztogat\u00f3ja, az emberek \u00fcdv\u00f6ss\u00e9g\u00e9nek szeret\u0151je, k\u00e9rem kegyess\u00e9gedet, hogy \u00e9desany\u00e1m, \u00e9desap\u00e1m, testv\u00e9rem, rokonom, bar\u00e1tom, j\u00f3tev\u0151m&#8230;, akik e vil\u00e1gb\u00f3l elt\u00e1voztak, a Boldogs\u00e1gos Sz\u0171z M\u00e1ri\u00e1nak \u00e9s minden szentednek k\u00f6zbenj\u00e1r\u00e1s\u00e1ra az \u00f6r\u00f6k boldogs\u00e1g oszt\u00e1lyr\u00e9sz\u00e9t elnyerhess\u00e9k. A mi Urunk, J\u00e9zus Krisztus \u00e1ltal. Amen.<\/p>\n<p><strong>A hal\u00e1l az Eg\u00e9sznek fel\u0151l\u00fcnk l\u00e1tsz\u00f3 oldala. A m\u00e1sik oldalt \u00edgy h\u00edvj\u00e1k: felt\u00e1mad\u00e1s. <\/strong><\/p>\n<p><strong><em>\u2013 <\/em><\/strong><strong><em>Romano Guardini<\/em><\/strong><\/p>\n<p>MIRE VAN SZ\u00dcKS\u00c9GE A VIL\u00c1GNAK?<\/p>\n<p>Egy kicsivel t\u00f6bb kedvess\u00e9gre \u00e9s egy kicsivel kevesebb kapzsis\u00e1gra;<\/p>\n<p>Egy kicsivel t\u00f6bb odaad\u00e1sra \u00e9s egy kicsivel kevesebb elv\u00e1r\u00e1sra;<\/p>\n<p>Egy kicsivel t\u00f6bb mosolyra \u00e9s egy kicsivel kevesebb grimaszra;<\/p>\n<p>Egy kicsivel kevesebb r\u00fag\u00e1sra abba, aki elter\u00fclt a f\u00f6ld\u00f6n;<\/p>\n<p>Egy kicsivel t\u00f6bb \u201emi\u201d-re \u00e9s egy kicsivel kevesebb \u201e\u00e9n\u201d-re;<\/p>\n<p>Egy kicsivel t\u00f6bb nevet\u00e9sre \u00e9s egy kicsivel kevesebb s\u00edr\u00e1sra;<\/p>\n<p>Egy kicsivel t\u00f6bb vir\u00e1gra az \u00e9letben, \u00e9s egy kicsivel kevesebbre a s\u00edrokon!<\/p>\n<p>A SZENTATYA IMASZ\u00c1ND\u00c9KA<\/p>\n<p>November \u2013 Egyetemes<\/p>\n<p>A b\u00e9ke szolg\u00e1lat\u00e1\u00e9rt: Hogy a sz\u00edv \u00e9s a p\u00e1rbesz\u00e9d szava mindig fel\u00fclkerekedjen a fegyverek szav\u00e1n.<\/p>\n<p>&nbsp;<\/p>\n","protected":false},"excerpt":{"rendered":"<p>2018. okt\u00f3ber 28. \u00c9VK\u00d6ZI 30. VAS\u00c1RNAP Azt l\u00e1tjuk, hogy \u201eaz istentelenek rem\u00e9nye olyan, mint a sz\u00e9l forgatta pelyva, mint a k\u00f6nny\u0171 hab, amelyet a vihar kerget, mint a f\u00fcst, amelyet eloszlat a sz\u00e9l, mint a vend\u00e9g eml\u00e9ke, aki csak egy napig maradt\u201d (V\u00f6. B\u00f6lcs 5, 14\u201315). Micsoda k\u00f6lt\u0151i kifejez\u00e9se az emberi rem\u00e9nytelens\u00e9gnek, elhagyatotts\u00e1gnak! Milyen\u00a0 vigasztal\u00f3, hogy az igazaknak gondj\u00e1t viseli a Magass\u00e1gbeli. Mi is mindig \u0151benne b\u00edzzunk! OLVASM\u00c1NY\u00a0\u00a0\u00a0\u00a0\u00a0\u00a0\u00a0\u00a0\u00a0\u00a0\u00a0\u00a0\u00a0\u00a0\u00a0\u00a0\u00a0\u00a0\u00a0\u00a0\u00a0\u00a0\u00a0\u00a0\u00a0\u00a0\u00a0\u00a0\u00a0\u00a0\u00a0\u00a0\u00a0\u00a0\u00a0\u00a0\u00a0\u00a0\u00a0\u00a0\u00a0\u00a0\u00a0\u00a0\u00a0\u00a0\u00a0\u00a0\u00a0\u00a0\u00a0\u00a0\u00a0\u00a0\u00a0\u00a0\u00a0 Jer 31, 7\u20139 Az Olvasm\u00e1ny megcsillantja el\u0151tt\u00fcnk Isten atyai szeretet\u00e9t! Megb\u00fcntette ugyan n\u00e9p\u00e9t, de ezzel is a jav\u00e1t akarta, hogy megt\u00e9rjen \u00e9s \u00e9ljen. Majd \u00f6sszegy\u0171jti \u00e9s haza vezeti \u0151ket a fogs\u00e1gb\u00f3l, hogy \u00f6r\u00f6kk\u00e9 \u00e1ldj\u00e1k az \u0151 irgalm\u00e1t. V\u00c1LASZOS ZSOLT\u00c1R\u00a0\u00a0\u00a0\u00a0\u00a0\u00a0\u00a0\u00a0 \u00a0\u00a0\u00a0\u00a0\u00a0\u00a0\u00a0\u00a0\u00a0\u00a0\u00a0\u00a0\u00a0\u00a0\u00a0\u00a0\u00a0\u00a0\u00a0\u00a0\u00a0\u00a0\u00a0\u00a0\u00a0\u00a0\u00a0\u00a0125. Zsolt\u00e1r V\u00e1lasz: Hatalmas dolgot m\u0171velt az \u00dar v\u00e9l\u00fcnk, * \u00a0\u00a0\u00a0\u00a0\u00a0\u00a0\u00a0\u00a0\u00a0\u00a0\u00a0\u00a0\u00a0 az\u00e9rt sz\u00edvb\u0151l ujjongunk. SZENTLECKE\u00a0 \u00a0\u00a0\u00a0\u00a0\u00a0\u00a0\u00a0\u00a0\u00a0\u00a0\u00a0\u00a0\u00a0\u00a0\u00a0\u00a0\u00a0\u00a0\u00a0\u00a0\u00a0\u00a0\u00a0\u00a0\u00a0\u00a0\u00a0\u00a0\u00a0\u00a0\u00a0\u00a0\u00a0\u00a0\u00a0\u00a0\u00a0\u00a0\u00a0\u00a0\u00a0\u00a0\u00a0\u00a0\u00a0\u00a0\u00a0\u00a0\u00a0\u00a0Zsid 5, 1\u20136 J\u00e9zus, a mi \u00f6r\u00f6k F\u0151papunk, meg\u00e9rt\u0151 tud lenni az emberek ir\u00e1nt. Ezt v\u00e1rja el papjait\u00f3l is. Hiszen az\u00e9rt v\u00e1lasztotta ki \u0151ket az emberek k\u00f6z\u00fcl, hogy Isten el\u0151tt k\u00e9pviselj\u00e9k embert\u00e1rsaikat. ALLELUJA\u00a0 \u00a0\u00a0\u00a0\u00a0\u00a0\u00a0\u00a0\u00a0\u00a0\u00a0\u00a0\u00a0\u00a0\u00a0\u00a0\u00a0\u00a0\u00a0\u00a0\u00a0\u00a0\u00a0\u00a0\u00a0\u00a0\u00a0\u00a0\u00a0\u00a0\u00a0\u00a0\u00a0\u00a0\u00a0\u00a0\u00a0\u00a0\u00a0\u00a0\u00a0\u00a0\u00a0\u00a0\u00a0\u00a0\u00a0\u00a0\u00a0\u00a0\u00a0\u00a0\u00a0\u00a0\u00a0\u00a0\u00a0\u00a0\u00a0\u00a0\u00a0\u00a0\u00a02 Tim 1, 10 \u00dcdv\u00f6z\u00edt\u0151nk, J\u00e9zus Krisztus gy\u0151z\u00f6tt a hal\u00e1lon, * \u00e9s az evang\u00e9liumban f\u00f6lragyogtatta az \u00f6r\u00f6k \u00e9letet. EVANG\u00c9LIUM\u00a0\u00a0\u00a0\u00a0\u00a0\u00a0\u00a0\u00a0\u00a0\u00a0\u00a0\u00a0\u00a0\u00a0\u00a0\u00a0\u00a0\u00a0\u00a0\u00a0\u00a0\u00a0\u00a0\u00a0\u00a0\u00a0\u00a0\u00a0\u00a0\u00a0\u00a0\u00a0\u00a0\u00a0\u00a0\u00a0\u00a0\u00a0\u00a0\u00a0\u00a0\u00a0\u00a0\u00a0\u00a0 Mk 10, 46\u201352 J\u00e9zus a jerik\u00f3i vaknak nemcsak a testi, hanem a lelki vaks\u00e1g\u00e1t is meggy\u00f3gy\u00edtotta. K\u00e9rj\u00fck J\u00e9zust, \u00f3vjon meg minket a lelki vaks\u00e1gt\u00f3l. R\u00d6VID FOH\u00c1SZOK Add, Urunk, hogy Egyh\u00e1zad az evang\u00e9lium hirdet\u00e9s\u00e9vel \u00e9s a kegyelem eszk\u00f6zeivel orvosoljon minden lelki nyomor\u00fas\u00e1got! * Add, hogy a kutat\u00f3k \u00e9s a feltal\u00e1l\u00f3k a tudom\u00e1ny v\u00edvm\u00e1nyait az emberis\u00e9g jav\u00e1ra haszn\u00e1lj\u00e1k! * Gy\u00f3gy\u00edtsd meg a lelki vaks\u00e1gban szenved\u0151ket, hogy megl\u00e1ss\u00e1k az igaz tan\u00edt\u00e1s f\u00e9ny\u00e9t! * Ragyogtasd fel meghalt h\u00edveidnek az \u00f6r\u00f6k vil\u00e1goss\u00e1g f\u00e9nyess\u00e9g\u00e9t! AZ EUCHARISZTI\u00c1HOZ A hit \u00e9s a kereszts\u00e9g \u00e1ltal az \u00dar megnyitotta a mi szem\u00fcnket is. Uram, add, hogy mindig felismerj\u00fcnk t\u00e9ged a keny\u00e9r \u00e9s a bor sz\u00edn\u00e9ben! Boldogan \u00e9lj\u00fck \u00e1t, hogy mindig vel\u00fcnk vagy! A PAPS\u00c1G VAS\u00c1RNAPJA A paps\u00e1g \u00e9s a h\u00edvek m\u00e1s-m\u00e1s adom\u00e1nyokkal, k\u00fcl\u00f6nb\u00f6z\u0151 m\u00f3don, de egym\u00e1sra&#8230; <\/p>\n<p><a class=\"readmore\" href=\"https:\/\/stuttgarti-katolikusok.de\/index.php\/evkozi-30-es-31-vasarnap\/\">R\u00e9szletek<\/a><\/p>\n","protected":false},"author":3,"featured_media":0,"comment_status":"closed","ping_status":"closed","sticky":false,"template":"","format":"standard","meta":{"footnotes":""},"categories":[63],"tags":[],"class_list":["post-15179","post","type-post","status-publish","format-standard","hentry","category-vasarnapi-gondolatok"],"yoast_head":"<!-- This site is optimized with the Yoast SEO plugin v27.3 - https:\/\/yoast.com\/product\/yoast-seo-wordpress\/ -->\n<title>\u00c9vk\u00f6zi 30. \u00e9s 31. vas\u00e1rnap - Stuttgarti Katolikusok<\/title>\n<meta name=\"robots\" content=\"index, follow, max-snippet:-1, max-image-preview:large, max-video-preview:-1\" \/>\n<link rel=\"canonical\" href=\"https:\/\/stuttgarti-katolikusok.de\/index.php\/evkozi-30-es-31-vasarnap\/\" \/>\n<meta property=\"og:locale\" content=\"hu_HU\" \/>\n<meta property=\"og:type\" content=\"article\" \/>\n<meta property=\"og:title\" content=\"\u00c9vk\u00f6zi 30. \u00e9s 31. vas\u00e1rnap - Stuttgarti Katolikusok\" \/>\n<meta property=\"og:description\" content=\"2018. okt\u00f3ber 28. \u00c9VK\u00d6ZI 30. VAS\u00c1RNAP Azt l\u00e1tjuk, hogy \u201eaz istentelenek rem\u00e9nye olyan, mint a sz\u00e9l forgatta pelyva, mint a k\u00f6nny\u0171 hab, amelyet a vihar kerget, mint a f\u00fcst, amelyet eloszlat a sz\u00e9l, mint a vend\u00e9g eml\u00e9ke, aki csak egy napig maradt\u201d (V\u00f6. B\u00f6lcs 5, 14\u201315). Micsoda k\u00f6lt\u0151i kifejez\u00e9se az emberi rem\u00e9nytelens\u00e9gnek, elhagyatotts\u00e1gnak! Milyen\u00a0 vigasztal\u00f3, hogy az igazaknak gondj\u00e1t viseli a Magass\u00e1gbeli. Mi is mindig \u0151benne b\u00edzzunk! OLVASM\u00c1NY\u00a0\u00a0\u00a0\u00a0\u00a0\u00a0\u00a0\u00a0\u00a0\u00a0\u00a0\u00a0\u00a0\u00a0\u00a0\u00a0\u00a0\u00a0\u00a0\u00a0\u00a0\u00a0\u00a0\u00a0\u00a0\u00a0\u00a0\u00a0\u00a0\u00a0\u00a0\u00a0\u00a0\u00a0\u00a0\u00a0\u00a0\u00a0\u00a0\u00a0\u00a0\u00a0\u00a0\u00a0\u00a0\u00a0\u00a0\u00a0\u00a0\u00a0\u00a0\u00a0\u00a0\u00a0\u00a0\u00a0\u00a0 Jer 31, 7\u20139 Az Olvasm\u00e1ny megcsillantja el\u0151tt\u00fcnk Isten atyai szeretet\u00e9t! Megb\u00fcntette ugyan n\u00e9p\u00e9t, de ezzel is a jav\u00e1t akarta, hogy megt\u00e9rjen \u00e9s \u00e9ljen. Majd \u00f6sszegy\u0171jti \u00e9s haza vezeti \u0151ket a fogs\u00e1gb\u00f3l, hogy \u00f6r\u00f6kk\u00e9 \u00e1ldj\u00e1k az \u0151 irgalm\u00e1t. V\u00c1LASZOS ZSOLT\u00c1R\u00a0\u00a0\u00a0\u00a0\u00a0\u00a0\u00a0\u00a0 \u00a0\u00a0\u00a0\u00a0\u00a0\u00a0\u00a0\u00a0\u00a0\u00a0\u00a0\u00a0\u00a0\u00a0\u00a0\u00a0\u00a0\u00a0\u00a0\u00a0\u00a0\u00a0\u00a0\u00a0\u00a0\u00a0\u00a0\u00a0125. Zsolt\u00e1r V\u00e1lasz: Hatalmas dolgot m\u0171velt az \u00dar v\u00e9l\u00fcnk, * \u00a0\u00a0\u00a0\u00a0\u00a0\u00a0\u00a0\u00a0\u00a0\u00a0\u00a0\u00a0\u00a0 az\u00e9rt sz\u00edvb\u0151l ujjongunk. SZENTLECKE\u00a0 \u00a0\u00a0\u00a0\u00a0\u00a0\u00a0\u00a0\u00a0\u00a0\u00a0\u00a0\u00a0\u00a0\u00a0\u00a0\u00a0\u00a0\u00a0\u00a0\u00a0\u00a0\u00a0\u00a0\u00a0\u00a0\u00a0\u00a0\u00a0\u00a0\u00a0\u00a0\u00a0\u00a0\u00a0\u00a0\u00a0\u00a0\u00a0\u00a0\u00a0\u00a0\u00a0\u00a0\u00a0\u00a0\u00a0\u00a0\u00a0\u00a0\u00a0Zsid 5, 1\u20136 J\u00e9zus, a mi \u00f6r\u00f6k F\u0151papunk, meg\u00e9rt\u0151 tud lenni az emberek ir\u00e1nt. Ezt v\u00e1rja el papjait\u00f3l is. Hiszen az\u00e9rt v\u00e1lasztotta ki \u0151ket az emberek k\u00f6z\u00fcl, hogy Isten el\u0151tt k\u00e9pviselj\u00e9k embert\u00e1rsaikat. ALLELUJA\u00a0 \u00a0\u00a0\u00a0\u00a0\u00a0\u00a0\u00a0\u00a0\u00a0\u00a0\u00a0\u00a0\u00a0\u00a0\u00a0\u00a0\u00a0\u00a0\u00a0\u00a0\u00a0\u00a0\u00a0\u00a0\u00a0\u00a0\u00a0\u00a0\u00a0\u00a0\u00a0\u00a0\u00a0\u00a0\u00a0\u00a0\u00a0\u00a0\u00a0\u00a0\u00a0\u00a0\u00a0\u00a0\u00a0\u00a0\u00a0\u00a0\u00a0\u00a0\u00a0\u00a0\u00a0\u00a0\u00a0\u00a0\u00a0\u00a0\u00a0\u00a0\u00a0\u00a02 Tim 1, 10 \u00dcdv\u00f6z\u00edt\u0151nk, J\u00e9zus Krisztus gy\u0151z\u00f6tt a hal\u00e1lon, * \u00e9s az evang\u00e9liumban f\u00f6lragyogtatta az \u00f6r\u00f6k \u00e9letet. EVANG\u00c9LIUM\u00a0\u00a0\u00a0\u00a0\u00a0\u00a0\u00a0\u00a0\u00a0\u00a0\u00a0\u00a0\u00a0\u00a0\u00a0\u00a0\u00a0\u00a0\u00a0\u00a0\u00a0\u00a0\u00a0\u00a0\u00a0\u00a0\u00a0\u00a0\u00a0\u00a0\u00a0\u00a0\u00a0\u00a0\u00a0\u00a0\u00a0\u00a0\u00a0\u00a0\u00a0\u00a0\u00a0\u00a0\u00a0 Mk 10, 46\u201352 J\u00e9zus a jerik\u00f3i vaknak nemcsak a testi, hanem a lelki vaks\u00e1g\u00e1t is meggy\u00f3gy\u00edtotta. K\u00e9rj\u00fck J\u00e9zust, \u00f3vjon meg minket a lelki vaks\u00e1gt\u00f3l. R\u00d6VID FOH\u00c1SZOK Add, Urunk, hogy Egyh\u00e1zad az evang\u00e9lium hirdet\u00e9s\u00e9vel \u00e9s a kegyelem eszk\u00f6zeivel orvosoljon minden lelki nyomor\u00fas\u00e1got! * Add, hogy a kutat\u00f3k \u00e9s a feltal\u00e1l\u00f3k a tudom\u00e1ny v\u00edvm\u00e1nyait az emberis\u00e9g jav\u00e1ra haszn\u00e1lj\u00e1k! * Gy\u00f3gy\u00edtsd meg a lelki vaks\u00e1gban szenved\u0151ket, hogy megl\u00e1ss\u00e1k az igaz tan\u00edt\u00e1s f\u00e9ny\u00e9t! * Ragyogtasd fel meghalt h\u00edveidnek az \u00f6r\u00f6k vil\u00e1goss\u00e1g f\u00e9nyess\u00e9g\u00e9t! AZ EUCHARISZTI\u00c1HOZ A hit \u00e9s a kereszts\u00e9g \u00e1ltal az \u00dar megnyitotta a mi szem\u00fcnket is. Uram, add, hogy mindig felismerj\u00fcnk t\u00e9ged a keny\u00e9r \u00e9s a bor sz\u00edn\u00e9ben! Boldogan \u00e9lj\u00fck \u00e1t, hogy mindig vel\u00fcnk vagy! A PAPS\u00c1G VAS\u00c1RNAPJA A paps\u00e1g \u00e9s a h\u00edvek m\u00e1s-m\u00e1s adom\u00e1nyokkal, k\u00fcl\u00f6nb\u00f6z\u0151 m\u00f3don, de egym\u00e1sra... R\u00e9szletek\" \/>\n<meta property=\"og:url\" content=\"https:\/\/stuttgarti-katolikusok.de\/index.php\/evkozi-30-es-31-vasarnap\/\" \/>\n<meta property=\"og:site_name\" content=\"Stuttgarti Katolikusok\" \/>\n<meta property=\"article:published_time\" content=\"2018-10-25T04:55:54+00:00\" \/>\n<meta property=\"article:modified_time\" content=\"2020-04-27T15:50:04+00:00\" \/>\n<meta name=\"author\" content=\"Tibor atya\" \/>\n<meta name=\"twitter:card\" content=\"summary_large_image\" \/>\n<meta name=\"twitter:label1\" content=\"Szerz\u0151:\" \/>\n\t<meta name=\"twitter:data1\" content=\"Tibor atya\" \/>\n\t<meta name=\"twitter:label2\" content=\"Becs\u00fclt olvas\u00e1si id\u0151\" \/>\n\t<meta name=\"twitter:data2\" content=\"10 perc\" \/>\n<script type=\"application\/ld+json\" class=\"yoast-schema-graph\">{\"@context\":\"https:\\\/\\\/schema.org\",\"@graph\":[{\"@type\":\"Article\",\"@id\":\"https:\\\/\\\/stuttgarti-katolikusok.de\\\/index.php\\\/evkozi-30-es-31-vasarnap\\\/#article\",\"isPartOf\":{\"@id\":\"https:\\\/\\\/stuttgarti-katolikusok.de\\\/index.php\\\/evkozi-30-es-31-vasarnap\\\/\"},\"author\":{\"name\":\"Tibor atya\",\"@id\":\"https:\\\/\\\/stuttgarti-katolikusok.de\\\/#\\\/schema\\\/person\\\/75908d6f8fdc03a57889d27209df7795\"},\"headline\":\"\u00c9vk\u00f6zi 30. \u00e9s 31. vas\u00e1rnap\",\"datePublished\":\"2018-10-25T04:55:54+00:00\",\"dateModified\":\"2020-04-27T15:50:04+00:00\",\"mainEntityOfPage\":{\"@id\":\"https:\\\/\\\/stuttgarti-katolikusok.de\\\/index.php\\\/evkozi-30-es-31-vasarnap\\\/\"},\"wordCount\":1955,\"articleSection\":[\"Vas\u00e1rnapi gondolatok\"],\"inLanguage\":\"hu\"},{\"@type\":\"WebPage\",\"@id\":\"https:\\\/\\\/stuttgarti-katolikusok.de\\\/index.php\\\/evkozi-30-es-31-vasarnap\\\/\",\"url\":\"https:\\\/\\\/stuttgarti-katolikusok.de\\\/index.php\\\/evkozi-30-es-31-vasarnap\\\/\",\"name\":\"\u00c9vk\u00f6zi 30. \u00e9s 31. vas\u00e1rnap - Stuttgarti Katolikusok\",\"isPartOf\":{\"@id\":\"https:\\\/\\\/stuttgarti-katolikusok.de\\\/#website\"},\"datePublished\":\"2018-10-25T04:55:54+00:00\",\"dateModified\":\"2020-04-27T15:50:04+00:00\",\"author\":{\"@id\":\"https:\\\/\\\/stuttgarti-katolikusok.de\\\/#\\\/schema\\\/person\\\/75908d6f8fdc03a57889d27209df7795\"},\"breadcrumb\":{\"@id\":\"https:\\\/\\\/stuttgarti-katolikusok.de\\\/index.php\\\/evkozi-30-es-31-vasarnap\\\/#breadcrumb\"},\"inLanguage\":\"hu\",\"potentialAction\":[{\"@type\":\"ReadAction\",\"target\":[\"https:\\\/\\\/stuttgarti-katolikusok.de\\\/index.php\\\/evkozi-30-es-31-vasarnap\\\/\"]}]},{\"@type\":\"BreadcrumbList\",\"@id\":\"https:\\\/\\\/stuttgarti-katolikusok.de\\\/index.php\\\/evkozi-30-es-31-vasarnap\\\/#breadcrumb\",\"itemListElement\":[{\"@type\":\"ListItem\",\"position\":1,\"name\":\"Kezd\u0151lap\",\"item\":\"https:\\\/\\\/stuttgarti-katolikusok.de\\\/\"},{\"@type\":\"ListItem\",\"position\":2,\"name\":\"\u00c9vk\u00f6zi 30. \u00e9s 31. vas\u00e1rnap\"}]},{\"@type\":\"WebSite\",\"@id\":\"https:\\\/\\\/stuttgarti-katolikusok.de\\\/#website\",\"url\":\"https:\\\/\\\/stuttgarti-katolikusok.de\\\/\",\"name\":\"Stuttgarti Katolikusok\",\"description\":\"\",\"potentialAction\":[{\"@type\":\"SearchAction\",\"target\":{\"@type\":\"EntryPoint\",\"urlTemplate\":\"https:\\\/\\\/stuttgarti-katolikusok.de\\\/?s={search_term_string}\"},\"query-input\":{\"@type\":\"PropertyValueSpecification\",\"valueRequired\":true,\"valueName\":\"search_term_string\"}}],\"inLanguage\":\"hu\"},{\"@type\":\"Person\",\"@id\":\"https:\\\/\\\/stuttgarti-katolikusok.de\\\/#\\\/schema\\\/person\\\/75908d6f8fdc03a57889d27209df7795\",\"name\":\"Tibor atya\",\"image\":{\"@type\":\"ImageObject\",\"inLanguage\":\"hu\",\"@id\":\"https:\\\/\\\/secure.gravatar.com\\\/avatar\\\/61d268e57d1f4525b111222e29d2d5a7f8c420fdbf231ba5566a8ceac74fa960?s=96&d=mm&r=g\",\"url\":\"https:\\\/\\\/secure.gravatar.com\\\/avatar\\\/61d268e57d1f4525b111222e29d2d5a7f8c420fdbf231ba5566a8ceac74fa960?s=96&d=mm&r=g\",\"contentUrl\":\"https:\\\/\\\/secure.gravatar.com\\\/avatar\\\/61d268e57d1f4525b111222e29d2d5a7f8c420fdbf231ba5566a8ceac74fa960?s=96&d=mm&r=g\",\"caption\":\"Tibor atya\"},\"url\":\"https:\\\/\\\/stuttgarti-katolikusok.de\\\/index.php\\\/author\\\/tibor-atya\\\/\"}]}<\/script>\n<!-- \/ Yoast SEO plugin. -->","yoast_head_json":{"title":"\u00c9vk\u00f6zi 30. \u00e9s 31. vas\u00e1rnap - Stuttgarti Katolikusok","robots":{"index":"index","follow":"follow","max-snippet":"max-snippet:-1","max-image-preview":"max-image-preview:large","max-video-preview":"max-video-preview:-1"},"canonical":"https:\/\/stuttgarti-katolikusok.de\/index.php\/evkozi-30-es-31-vasarnap\/","og_locale":"hu_HU","og_type":"article","og_title":"\u00c9vk\u00f6zi 30. \u00e9s 31. vas\u00e1rnap - Stuttgarti Katolikusok","og_description":"2018. okt\u00f3ber 28. \u00c9VK\u00d6ZI 30. VAS\u00c1RNAP Azt l\u00e1tjuk, hogy \u201eaz istentelenek rem\u00e9nye olyan, mint a sz\u00e9l forgatta pelyva, mint a k\u00f6nny\u0171 hab, amelyet a vihar kerget, mint a f\u00fcst, amelyet eloszlat a sz\u00e9l, mint a vend\u00e9g eml\u00e9ke, aki csak egy napig maradt\u201d (V\u00f6. B\u00f6lcs 5, 14\u201315). Micsoda k\u00f6lt\u0151i kifejez\u00e9se az emberi rem\u00e9nytelens\u00e9gnek, elhagyatotts\u00e1gnak! Milyen\u00a0 vigasztal\u00f3, hogy az igazaknak gondj\u00e1t viseli a Magass\u00e1gbeli. Mi is mindig \u0151benne b\u00edzzunk! OLVASM\u00c1NY\u00a0\u00a0\u00a0\u00a0\u00a0\u00a0\u00a0\u00a0\u00a0\u00a0\u00a0\u00a0\u00a0\u00a0\u00a0\u00a0\u00a0\u00a0\u00a0\u00a0\u00a0\u00a0\u00a0\u00a0\u00a0\u00a0\u00a0\u00a0\u00a0\u00a0\u00a0\u00a0\u00a0\u00a0\u00a0\u00a0\u00a0\u00a0\u00a0\u00a0\u00a0\u00a0\u00a0\u00a0\u00a0\u00a0\u00a0\u00a0\u00a0\u00a0\u00a0\u00a0\u00a0\u00a0\u00a0\u00a0\u00a0 Jer 31, 7\u20139 Az Olvasm\u00e1ny megcsillantja el\u0151tt\u00fcnk Isten atyai szeretet\u00e9t! Megb\u00fcntette ugyan n\u00e9p\u00e9t, de ezzel is a jav\u00e1t akarta, hogy megt\u00e9rjen \u00e9s \u00e9ljen. Majd \u00f6sszegy\u0171jti \u00e9s haza vezeti \u0151ket a fogs\u00e1gb\u00f3l, hogy \u00f6r\u00f6kk\u00e9 \u00e1ldj\u00e1k az \u0151 irgalm\u00e1t. V\u00c1LASZOS ZSOLT\u00c1R\u00a0\u00a0\u00a0\u00a0\u00a0\u00a0\u00a0\u00a0 \u00a0\u00a0\u00a0\u00a0\u00a0\u00a0\u00a0\u00a0\u00a0\u00a0\u00a0\u00a0\u00a0\u00a0\u00a0\u00a0\u00a0\u00a0\u00a0\u00a0\u00a0\u00a0\u00a0\u00a0\u00a0\u00a0\u00a0\u00a0125. Zsolt\u00e1r V\u00e1lasz: Hatalmas dolgot m\u0171velt az \u00dar v\u00e9l\u00fcnk, * \u00a0\u00a0\u00a0\u00a0\u00a0\u00a0\u00a0\u00a0\u00a0\u00a0\u00a0\u00a0\u00a0 az\u00e9rt sz\u00edvb\u0151l ujjongunk. SZENTLECKE\u00a0 \u00a0\u00a0\u00a0\u00a0\u00a0\u00a0\u00a0\u00a0\u00a0\u00a0\u00a0\u00a0\u00a0\u00a0\u00a0\u00a0\u00a0\u00a0\u00a0\u00a0\u00a0\u00a0\u00a0\u00a0\u00a0\u00a0\u00a0\u00a0\u00a0\u00a0\u00a0\u00a0\u00a0\u00a0\u00a0\u00a0\u00a0\u00a0\u00a0\u00a0\u00a0\u00a0\u00a0\u00a0\u00a0\u00a0\u00a0\u00a0\u00a0\u00a0Zsid 5, 1\u20136 J\u00e9zus, a mi \u00f6r\u00f6k F\u0151papunk, meg\u00e9rt\u0151 tud lenni az emberek ir\u00e1nt. Ezt v\u00e1rja el papjait\u00f3l is. Hiszen az\u00e9rt v\u00e1lasztotta ki \u0151ket az emberek k\u00f6z\u00fcl, hogy Isten el\u0151tt k\u00e9pviselj\u00e9k embert\u00e1rsaikat. ALLELUJA\u00a0 \u00a0\u00a0\u00a0\u00a0\u00a0\u00a0\u00a0\u00a0\u00a0\u00a0\u00a0\u00a0\u00a0\u00a0\u00a0\u00a0\u00a0\u00a0\u00a0\u00a0\u00a0\u00a0\u00a0\u00a0\u00a0\u00a0\u00a0\u00a0\u00a0\u00a0\u00a0\u00a0\u00a0\u00a0\u00a0\u00a0\u00a0\u00a0\u00a0\u00a0\u00a0\u00a0\u00a0\u00a0\u00a0\u00a0\u00a0\u00a0\u00a0\u00a0\u00a0\u00a0\u00a0\u00a0\u00a0\u00a0\u00a0\u00a0\u00a0\u00a0\u00a0\u00a02 Tim 1, 10 \u00dcdv\u00f6z\u00edt\u0151nk, J\u00e9zus Krisztus gy\u0151z\u00f6tt a hal\u00e1lon, * \u00e9s az evang\u00e9liumban f\u00f6lragyogtatta az \u00f6r\u00f6k \u00e9letet. EVANG\u00c9LIUM\u00a0\u00a0\u00a0\u00a0\u00a0\u00a0\u00a0\u00a0\u00a0\u00a0\u00a0\u00a0\u00a0\u00a0\u00a0\u00a0\u00a0\u00a0\u00a0\u00a0\u00a0\u00a0\u00a0\u00a0\u00a0\u00a0\u00a0\u00a0\u00a0\u00a0\u00a0\u00a0\u00a0\u00a0\u00a0\u00a0\u00a0\u00a0\u00a0\u00a0\u00a0\u00a0\u00a0\u00a0\u00a0 Mk 10, 46\u201352 J\u00e9zus a jerik\u00f3i vaknak nemcsak a testi, hanem a lelki vaks\u00e1g\u00e1t is meggy\u00f3gy\u00edtotta. K\u00e9rj\u00fck J\u00e9zust, \u00f3vjon meg minket a lelki vaks\u00e1gt\u00f3l. R\u00d6VID FOH\u00c1SZOK Add, Urunk, hogy Egyh\u00e1zad az evang\u00e9lium hirdet\u00e9s\u00e9vel \u00e9s a kegyelem eszk\u00f6zeivel orvosoljon minden lelki nyomor\u00fas\u00e1got! * Add, hogy a kutat\u00f3k \u00e9s a feltal\u00e1l\u00f3k a tudom\u00e1ny v\u00edvm\u00e1nyait az emberis\u00e9g jav\u00e1ra haszn\u00e1lj\u00e1k! * Gy\u00f3gy\u00edtsd meg a lelki vaks\u00e1gban szenved\u0151ket, hogy megl\u00e1ss\u00e1k az igaz tan\u00edt\u00e1s f\u00e9ny\u00e9t! * Ragyogtasd fel meghalt h\u00edveidnek az \u00f6r\u00f6k vil\u00e1goss\u00e1g f\u00e9nyess\u00e9g\u00e9t! AZ EUCHARISZTI\u00c1HOZ A hit \u00e9s a kereszts\u00e9g \u00e1ltal az \u00dar megnyitotta a mi szem\u00fcnket is. Uram, add, hogy mindig felismerj\u00fcnk t\u00e9ged a keny\u00e9r \u00e9s a bor sz\u00edn\u00e9ben! Boldogan \u00e9lj\u00fck \u00e1t, hogy mindig vel\u00fcnk vagy! A PAPS\u00c1G VAS\u00c1RNAPJA A paps\u00e1g \u00e9s a h\u00edvek m\u00e1s-m\u00e1s adom\u00e1nyokkal, k\u00fcl\u00f6nb\u00f6z\u0151 m\u00f3don, de egym\u00e1sra... R\u00e9szletek","og_url":"https:\/\/stuttgarti-katolikusok.de\/index.php\/evkozi-30-es-31-vasarnap\/","og_site_name":"Stuttgarti Katolikusok","article_published_time":"2018-10-25T04:55:54+00:00","article_modified_time":"2020-04-27T15:50:04+00:00","author":"Tibor atya","twitter_card":"summary_large_image","twitter_misc":{"Szerz\u0151:":"Tibor atya","Becs\u00fclt olvas\u00e1si id\u0151":"10 perc"},"schema":{"@context":"https:\/\/schema.org","@graph":[{"@type":"Article","@id":"https:\/\/stuttgarti-katolikusok.de\/index.php\/evkozi-30-es-31-vasarnap\/#article","isPartOf":{"@id":"https:\/\/stuttgarti-katolikusok.de\/index.php\/evkozi-30-es-31-vasarnap\/"},"author":{"name":"Tibor atya","@id":"https:\/\/stuttgarti-katolikusok.de\/#\/schema\/person\/75908d6f8fdc03a57889d27209df7795"},"headline":"\u00c9vk\u00f6zi 30. \u00e9s 31. vas\u00e1rnap","datePublished":"2018-10-25T04:55:54+00:00","dateModified":"2020-04-27T15:50:04+00:00","mainEntityOfPage":{"@id":"https:\/\/stuttgarti-katolikusok.de\/index.php\/evkozi-30-es-31-vasarnap\/"},"wordCount":1955,"articleSection":["Vas\u00e1rnapi gondolatok"],"inLanguage":"hu"},{"@type":"WebPage","@id":"https:\/\/stuttgarti-katolikusok.de\/index.php\/evkozi-30-es-31-vasarnap\/","url":"https:\/\/stuttgarti-katolikusok.de\/index.php\/evkozi-30-es-31-vasarnap\/","name":"\u00c9vk\u00f6zi 30. \u00e9s 31. vas\u00e1rnap - Stuttgarti Katolikusok","isPartOf":{"@id":"https:\/\/stuttgarti-katolikusok.de\/#website"},"datePublished":"2018-10-25T04:55:54+00:00","dateModified":"2020-04-27T15:50:04+00:00","author":{"@id":"https:\/\/stuttgarti-katolikusok.de\/#\/schema\/person\/75908d6f8fdc03a57889d27209df7795"},"breadcrumb":{"@id":"https:\/\/stuttgarti-katolikusok.de\/index.php\/evkozi-30-es-31-vasarnap\/#breadcrumb"},"inLanguage":"hu","potentialAction":[{"@type":"ReadAction","target":["https:\/\/stuttgarti-katolikusok.de\/index.php\/evkozi-30-es-31-vasarnap\/"]}]},{"@type":"BreadcrumbList","@id":"https:\/\/stuttgarti-katolikusok.de\/index.php\/evkozi-30-es-31-vasarnap\/#breadcrumb","itemListElement":[{"@type":"ListItem","position":1,"name":"Kezd\u0151lap","item":"https:\/\/stuttgarti-katolikusok.de\/"},{"@type":"ListItem","position":2,"name":"\u00c9vk\u00f6zi 30. \u00e9s 31. vas\u00e1rnap"}]},{"@type":"WebSite","@id":"https:\/\/stuttgarti-katolikusok.de\/#website","url":"https:\/\/stuttgarti-katolikusok.de\/","name":"Stuttgarti Katolikusok","description":"","potentialAction":[{"@type":"SearchAction","target":{"@type":"EntryPoint","urlTemplate":"https:\/\/stuttgarti-katolikusok.de\/?s={search_term_string}"},"query-input":{"@type":"PropertyValueSpecification","valueRequired":true,"valueName":"search_term_string"}}],"inLanguage":"hu"},{"@type":"Person","@id":"https:\/\/stuttgarti-katolikusok.de\/#\/schema\/person\/75908d6f8fdc03a57889d27209df7795","name":"Tibor atya","image":{"@type":"ImageObject","inLanguage":"hu","@id":"https:\/\/secure.gravatar.com\/avatar\/61d268e57d1f4525b111222e29d2d5a7f8c420fdbf231ba5566a8ceac74fa960?s=96&d=mm&r=g","url":"https:\/\/secure.gravatar.com\/avatar\/61d268e57d1f4525b111222e29d2d5a7f8c420fdbf231ba5566a8ceac74fa960?s=96&d=mm&r=g","contentUrl":"https:\/\/secure.gravatar.com\/avatar\/61d268e57d1f4525b111222e29d2d5a7f8c420fdbf231ba5566a8ceac74fa960?s=96&d=mm&r=g","caption":"Tibor atya"},"url":"https:\/\/stuttgarti-katolikusok.de\/index.php\/author\/tibor-atya\/"}]}},"_links":{"self":[{"href":"https:\/\/stuttgarti-katolikusok.de\/index.php\/wp-json\/wp\/v2\/posts\/15179","targetHints":{"allow":["GET"]}}],"collection":[{"href":"https:\/\/stuttgarti-katolikusok.de\/index.php\/wp-json\/wp\/v2\/posts"}],"about":[{"href":"https:\/\/stuttgarti-katolikusok.de\/index.php\/wp-json\/wp\/v2\/types\/post"}],"author":[{"embeddable":true,"href":"https:\/\/stuttgarti-katolikusok.de\/index.php\/wp-json\/wp\/v2\/users\/3"}],"replies":[{"embeddable":true,"href":"https:\/\/stuttgarti-katolikusok.de\/index.php\/wp-json\/wp\/v2\/comments?post=15179"}],"version-history":[{"count":3,"href":"https:\/\/stuttgarti-katolikusok.de\/index.php\/wp-json\/wp\/v2\/posts\/15179\/revisions"}],"predecessor-version":[{"id":15189,"href":"https:\/\/stuttgarti-katolikusok.de\/index.php\/wp-json\/wp\/v2\/posts\/15179\/revisions\/15189"}],"wp:attachment":[{"href":"https:\/\/stuttgarti-katolikusok.de\/index.php\/wp-json\/wp\/v2\/media?parent=15179"}],"wp:term":[{"taxonomy":"category","embeddable":true,"href":"https:\/\/stuttgarti-katolikusok.de\/index.php\/wp-json\/wp\/v2\/categories?post=15179"},{"taxonomy":"post_tag","embeddable":true,"href":"https:\/\/stuttgarti-katolikusok.de\/index.php\/wp-json\/wp\/v2\/tags?post=15179"}],"curies":[{"name":"wp","href":"https:\/\/api.w.org\/{rel}","templated":true}]}}