{"id":15139,"date":"2018-10-22T09:10:16","date_gmt":"2018-10-22T09:10:16","guid":{"rendered":"https:\/\/gracious-dewdney.138-201-221-2.plesk.page\/?p=15139"},"modified":"2018-10-22T09:39:21","modified_gmt":"2018-10-22T09:39:21","slug":"programelozetes-oktober-22-es-28-kozott","status":"publish","type":"post","link":"https:\/\/stuttgarti-katolikusok.de\/index.php\/programelozetes-oktober-22-es-28-kozott\/","title":{"rendered":"Programel\u0151zetes okt\u00f3ber 22 \u00e9s 28 k\u00f6z\u00f6tt"},"content":{"rendered":"<p><strong>Programel\u0151zetes<\/strong><\/p>\n<p><strong>Okt\u00f3ber 24-\u00e9n, <\/strong>szerd\u00e1n,<\/p>\n<p><strong>Stuttgartban<\/strong> 10.15 \u00f3rakor <em>n\u00e9met nyelv\u0171 szentmise.<\/em><\/p>\n<p style=\"text-align: center;\">*<\/p>\n<p><strong>Okt\u00f3ber 25-\u00e9n, <\/strong>cs\u00fct\u00f6rt\u00f6k\u00f6n,<\/p>\n<p><strong>Ulmban<\/strong>17.30 \u00f3r\u00e1t\u00f3l <em>okt\u00f3beri \u00a0\u00e1jtatoss\u00e1g<\/em>, ut\u00e1na <em>szentmise<\/em>.<\/p>\n<p style=\"text-align: center;\">*<\/p>\n<p><strong>Okt\u00f3ber 26-\u00e1n, <\/strong>p\u00e9nteken,<\/p>\n<p><strong>Stuttgartban<\/strong> 16.00 \u00f3rakor <em>Bar\u00e1ts\u00e1gklub<\/em>. 17.50 \u00f3rakor <em>okt\u00f3beri \u00e1jtatoss\u00e1g, <\/em>majd <em>szentmise. <\/em>Keret\u00e9ben <em>P\u00e9nteki Egyetem <\/em>(Besz\u00e9lget\u00e9sek a Katekizmusr\u00f3l). 19.00 \u00f3rakor <em>Sportklub<\/em>.<\/p>\n<p><strong>Weingarteni d\u00e9lut\u00e1n<\/strong> a 14 Nothelfer Kapelle-ben (!) 18.00-kor <em>okt\u00f3beri \u00e1jtatoss\u00e1g. <\/em>18.30 \u00f3rakor pedig <em>szentmise. <\/em><\/p>\n<p style=\"text-align: center;\">*<\/p>\n<p><strong>Okt\u00f3ber 27-\u00e9n<\/strong>, szombaton,<\/p>\n<p><strong>Heidenheimban <\/strong>15.30 \u00f3rakor <em>szentmise. <\/em>Ut\u00e1na <em>\u00e1g\u00e1p\u00e9.<\/em><\/p>\n<p><strong>Reutlingenben <\/strong>16.30 \u00f3rakor <em>szentmise. <\/em>Ut\u00e1na <em>\u00e1g\u00e1p\u00e9.<\/em><\/p>\n<p style=\"text-align: center;\">*<\/p>\n<p><strong>Okt\u00f3ber \u00a028-\u00e1n, <\/strong>\u00e9vk\u00f6zi 30. vas\u00e1rnapon,<\/p>\n<p><strong>Biberachban<\/strong> 8.45 \u00f3rakor <em>szentmise.<\/em> Ut\u00e1na <em>\u00e1g\u00e1p\u00e9.<\/em><\/p>\n<p><strong>B\u00f6blingenben <\/strong>9.30 \u00f3rakor <em>szentmise<\/em>. Ut\u00e1na <em>\u00e1g\u00e1p\u00e9.<\/em><strong> \u00a0\u00a0\u00a0\u00a0 <\/strong><\/p>\n<p><strong>Ulmban <\/strong>12.00 \u00f3rakor <em>szentmise<\/em>.<\/p>\n<p><strong>Eislingenben <\/strong>15.00 \u00f3rakor a <em>szentmise. <\/em>Ut\u00e1na <em>\u00e1g\u00e1p\u00e9<\/em>.<\/p>\n<p><strong>Heilbronnban <\/strong>15.30 \u00f3rakor <em>szentmise<\/em>. Ut\u00e1na <em>\u00e1g\u00e1p\u00e9<\/em>.<\/p>\n<p style=\"text-align: center;\">*<\/p>\n<p>Minden helyen mindenkit szeretettel v\u00e1r a k\u00f6z\u00f6ss\u00e9g, Imre atya \u00e9s Tibor atya!<\/p>\n<p><em>\u00a0<\/em><em>\u201eAz emberek nagy t\u00e1vols\u00e1gokat megtesznek, hogy megcsod\u00e1lj\u00e1k a hegycs\u00facsokat. \u00d6nmaguk mellett azonban figyelmetlen\u00fcl elhaladnak&#8230;\u201d <\/em><strong>(Szent \u00c1goston \u2013 354-430 \u2013 egyh\u00e1zatya) <\/strong><\/p>\n<p><strong><em>Sz\u00e9p \u0151szi napokat, j\u00f3 munk\u00e1t, tartalmas besz\u00e9lget\u00e9seket \u00e9s \u00f6r\u00f6mteli tal\u00e1lkoz\u00e1sokat k\u00edv\u00e1nunk minden Kedves H\u00edv\u00fcnknek!<\/em><\/strong><\/p>\n","protected":false},"excerpt":{"rendered":"<p>Programel\u0151zetes Okt\u00f3ber 24-\u00e9n, szerd\u00e1n, Stuttgartban 10.15 \u00f3rakor n\u00e9met nyelv\u0171 szentmise. * Okt\u00f3ber 25-\u00e9n, cs\u00fct\u00f6rt\u00f6k\u00f6n, Ulmban17.30 \u00f3r\u00e1t\u00f3l okt\u00f3beri \u00a0\u00e1jtatoss\u00e1g, ut\u00e1na szentmise. * Okt\u00f3ber 26-\u00e1n, p\u00e9nteken, Stuttgartban 16.00 \u00f3rakor Bar\u00e1ts\u00e1gklub. 17.50 \u00f3rakor okt\u00f3beri \u00e1jtatoss\u00e1g, majd szentmise. Keret\u00e9ben P\u00e9nteki Egyetem (Besz\u00e9lget\u00e9sek a Katekizmusr\u00f3l). 19.00 \u00f3rakor Sportklub. Weingarteni d\u00e9lut\u00e1n a 14 Nothelfer Kapelle-ben (!) 18.00-kor okt\u00f3beri \u00e1jtatoss\u00e1g. 18.30 \u00f3rakor pedig szentmise. * Okt\u00f3ber 27-\u00e9n, szombaton, Heidenheimban 15.30 \u00f3rakor szentmise. Ut\u00e1na \u00e1g\u00e1p\u00e9. Reutlingenben 16.30 \u00f3rakor szentmise. Ut\u00e1na \u00e1g\u00e1p\u00e9. * Okt\u00f3ber \u00a028-\u00e1n, \u00e9vk\u00f6zi 30. vas\u00e1rnapon, Biberachban 8.45 \u00f3rakor szentmise. Ut\u00e1na \u00e1g\u00e1p\u00e9. B\u00f6blingenben 9.30 \u00f3rakor szentmise. Ut\u00e1na \u00e1g\u00e1p\u00e9. \u00a0\u00a0\u00a0\u00a0 Ulmban 12.00 \u00f3rakor szentmise. Eislingenben 15.00 \u00f3rakor a szentmise. Ut\u00e1na \u00e1g\u00e1p\u00e9. Heilbronnban 15.30 \u00f3rakor szentmise. Ut\u00e1na \u00e1g\u00e1p\u00e9. * Minden helyen mindenkit szeretettel v\u00e1r a k\u00f6z\u00f6ss\u00e9g, Imre atya \u00e9s Tibor atya! \u00a0\u201eAz emberek nagy t\u00e1vols\u00e1gokat megtesznek, hogy megcsod\u00e1lj\u00e1k a hegycs\u00facsokat. \u00d6nmaguk mellett azonban figyelmetlen\u00fcl elhaladnak&#8230;\u201d (Szent \u00c1goston \u2013 354-430 \u2013 egyh\u00e1zatya) Sz\u00e9p \u0151szi napokat, j\u00f3 munk\u00e1t, tartalmas besz\u00e9lget\u00e9seket \u00e9s \u00f6r\u00f6mteli tal\u00e1lkoz\u00e1sokat k\u00edv\u00e1nunk minden Kedves H\u00edv\u00fcnknek!<\/p>\n","protected":false},"author":3,"featured_media":15140,"comment_status":"closed","ping_status":"closed","sticky":false,"template":"","format":"standard","meta":{"footnotes":""},"categories":[37],"tags":[],"class_list":["post-15139","post","type-post","status-publish","format-standard","has-post-thumbnail","hentry","category-progamelozetes"],"yoast_head":"<!-- This site is optimized with the Yoast SEO plugin v27.3 - https:\/\/yoast.com\/product\/yoast-seo-wordpress\/ -->\n<title>Programel\u0151zetes okt\u00f3ber 22 \u00e9s 28 k\u00f6z\u00f6tt - Stuttgarti Katolikusok<\/title>\n<meta name=\"robots\" content=\"index, follow, max-snippet:-1, max-image-preview:large, max-video-preview:-1\" \/>\n<link rel=\"canonical\" href=\"https:\/\/stuttgarti-katolikusok.de\/index.php\/programelozetes-oktober-22-es-28-kozott\/\" \/>\n<meta property=\"og:locale\" content=\"hu_HU\" \/>\n<meta property=\"og:type\" content=\"article\" \/>\n<meta property=\"og:title\" content=\"Programel\u0151zetes okt\u00f3ber 22 \u00e9s 28 k\u00f6z\u00f6tt - Stuttgarti Katolikusok\" \/>\n<meta property=\"og:description\" content=\"Programel\u0151zetes Okt\u00f3ber 24-\u00e9n, szerd\u00e1n, Stuttgartban 10.15 \u00f3rakor n\u00e9met nyelv\u0171 szentmise. * Okt\u00f3ber 25-\u00e9n, cs\u00fct\u00f6rt\u00f6k\u00f6n, Ulmban17.30 \u00f3r\u00e1t\u00f3l okt\u00f3beri \u00a0\u00e1jtatoss\u00e1g, ut\u00e1na szentmise. * Okt\u00f3ber 26-\u00e1n, p\u00e9nteken, Stuttgartban 16.00 \u00f3rakor Bar\u00e1ts\u00e1gklub. 17.50 \u00f3rakor okt\u00f3beri \u00e1jtatoss\u00e1g, majd szentmise. Keret\u00e9ben P\u00e9nteki Egyetem (Besz\u00e9lget\u00e9sek a Katekizmusr\u00f3l). 19.00 \u00f3rakor Sportklub. Weingarteni d\u00e9lut\u00e1n a 14 Nothelfer Kapelle-ben (!) 18.00-kor okt\u00f3beri \u00e1jtatoss\u00e1g. 18.30 \u00f3rakor pedig szentmise. * Okt\u00f3ber 27-\u00e9n, szombaton, Heidenheimban 15.30 \u00f3rakor szentmise. Ut\u00e1na \u00e1g\u00e1p\u00e9. Reutlingenben 16.30 \u00f3rakor szentmise. Ut\u00e1na \u00e1g\u00e1p\u00e9. * Okt\u00f3ber \u00a028-\u00e1n, \u00e9vk\u00f6zi 30. vas\u00e1rnapon, Biberachban 8.45 \u00f3rakor szentmise. Ut\u00e1na \u00e1g\u00e1p\u00e9. B\u00f6blingenben 9.30 \u00f3rakor szentmise. Ut\u00e1na \u00e1g\u00e1p\u00e9. \u00a0\u00a0\u00a0\u00a0 Ulmban 12.00 \u00f3rakor szentmise. Eislingenben 15.00 \u00f3rakor a szentmise. Ut\u00e1na \u00e1g\u00e1p\u00e9. Heilbronnban 15.30 \u00f3rakor szentmise. Ut\u00e1na \u00e1g\u00e1p\u00e9. * Minden helyen mindenkit szeretettel v\u00e1r a k\u00f6z\u00f6ss\u00e9g, Imre atya \u00e9s Tibor atya! \u00a0\u201eAz emberek nagy t\u00e1vols\u00e1gokat megtesznek, hogy megcsod\u00e1lj\u00e1k a hegycs\u00facsokat. \u00d6nmaguk mellett azonban figyelmetlen\u00fcl elhaladnak&#8230;\u201d (Szent \u00c1goston \u2013 354-430 \u2013 egyh\u00e1zatya) Sz\u00e9p \u0151szi napokat, j\u00f3 munk\u00e1t, tartalmas besz\u00e9lget\u00e9seket \u00e9s \u00f6r\u00f6mteli tal\u00e1lkoz\u00e1sokat k\u00edv\u00e1nunk minden Kedves H\u00edv\u00fcnknek!\" \/>\n<meta property=\"og:url\" content=\"https:\/\/stuttgarti-katolikusok.de\/index.php\/programelozetes-oktober-22-es-28-kozott\/\" \/>\n<meta property=\"og:site_name\" content=\"Stuttgarti Katolikusok\" \/>\n<meta property=\"article:published_time\" content=\"2018-10-22T09:10:16+00:00\" \/>\n<meta property=\"article:modified_time\" content=\"2018-10-22T09:39:21+00:00\" \/>\n<meta property=\"og:image\" content=\"https:\/\/stuttgarti-katolikusok.de\/wp-content\/uploads\/2018\/10\/vargacsaba.jpg\" \/>\n\t<meta property=\"og:image:width\" content=\"710\" \/>\n\t<meta property=\"og:image:height\" content=\"408\" \/>\n\t<meta property=\"og:image:type\" content=\"image\/jpeg\" \/>\n<meta name=\"author\" content=\"Tibor atya\" \/>\n<meta name=\"twitter:card\" content=\"summary_large_image\" \/>\n<meta name=\"twitter:label1\" content=\"Szerz\u0151:\" \/>\n\t<meta name=\"twitter:data1\" content=\"Tibor atya\" \/>\n\t<meta name=\"twitter:label2\" content=\"Becs\u00fclt olvas\u00e1si id\u0151\" \/>\n\t<meta name=\"twitter:data2\" content=\"1 perc\" \/>\n<script type=\"application\/ld+json\" class=\"yoast-schema-graph\">{\"@context\":\"https:\\\/\\\/schema.org\",\"@graph\":[{\"@type\":\"Article\",\"@id\":\"https:\\\/\\\/stuttgarti-katolikusok.de\\\/index.php\\\/programelozetes-oktober-22-es-28-kozott\\\/#article\",\"isPartOf\":{\"@id\":\"https:\\\/\\\/stuttgarti-katolikusok.de\\\/index.php\\\/programelozetes-oktober-22-es-28-kozott\\\/\"},\"author\":{\"name\":\"Tibor atya\",\"@id\":\"https:\\\/\\\/stuttgarti-katolikusok.de\\\/#\\\/schema\\\/person\\\/75908d6f8fdc03a57889d27209df7795\"},\"headline\":\"Programel\u0151zetes okt\u00f3ber 22 \u00e9s 28 k\u00f6z\u00f6tt\",\"datePublished\":\"2018-10-22T09:10:16+00:00\",\"dateModified\":\"2018-10-22T09:39:21+00:00\",\"mainEntityOfPage\":{\"@id\":\"https:\\\/\\\/stuttgarti-katolikusok.de\\\/index.php\\\/programelozetes-oktober-22-es-28-kozott\\\/\"},\"wordCount\":214,\"image\":{\"@id\":\"https:\\\/\\\/stuttgarti-katolikusok.de\\\/index.php\\\/programelozetes-oktober-22-es-28-kozott\\\/#primaryimage\"},\"thumbnailUrl\":\"https:\\\/\\\/stuttgarti-katolikusok.de\\\/wp-content\\\/uploads\\\/2018\\\/10\\\/vargacsaba.jpg\",\"articleSection\":[\"Progamel\u0151zetes\"],\"inLanguage\":\"hu\"},{\"@type\":\"WebPage\",\"@id\":\"https:\\\/\\\/stuttgarti-katolikusok.de\\\/index.php\\\/programelozetes-oktober-22-es-28-kozott\\\/\",\"url\":\"https:\\\/\\\/stuttgarti-katolikusok.de\\\/index.php\\\/programelozetes-oktober-22-es-28-kozott\\\/\",\"name\":\"Programel\u0151zetes okt\u00f3ber 22 \u00e9s 28 k\u00f6z\u00f6tt - Stuttgarti Katolikusok\",\"isPartOf\":{\"@id\":\"https:\\\/\\\/stuttgarti-katolikusok.de\\\/#website\"},\"primaryImageOfPage\":{\"@id\":\"https:\\\/\\\/stuttgarti-katolikusok.de\\\/index.php\\\/programelozetes-oktober-22-es-28-kozott\\\/#primaryimage\"},\"image\":{\"@id\":\"https:\\\/\\\/stuttgarti-katolikusok.de\\\/index.php\\\/programelozetes-oktober-22-es-28-kozott\\\/#primaryimage\"},\"thumbnailUrl\":\"https:\\\/\\\/stuttgarti-katolikusok.de\\\/wp-content\\\/uploads\\\/2018\\\/10\\\/vargacsaba.jpg\",\"datePublished\":\"2018-10-22T09:10:16+00:00\",\"dateModified\":\"2018-10-22T09:39:21+00:00\",\"author\":{\"@id\":\"https:\\\/\\\/stuttgarti-katolikusok.de\\\/#\\\/schema\\\/person\\\/75908d6f8fdc03a57889d27209df7795\"},\"breadcrumb\":{\"@id\":\"https:\\\/\\\/stuttgarti-katolikusok.de\\\/index.php\\\/programelozetes-oktober-22-es-28-kozott\\\/#breadcrumb\"},\"inLanguage\":\"hu\",\"potentialAction\":[{\"@type\":\"ReadAction\",\"target\":[\"https:\\\/\\\/stuttgarti-katolikusok.de\\\/index.php\\\/programelozetes-oktober-22-es-28-kozott\\\/\"]}]},{\"@type\":\"ImageObject\",\"inLanguage\":\"hu\",\"@id\":\"https:\\\/\\\/stuttgarti-katolikusok.de\\\/index.php\\\/programelozetes-oktober-22-es-28-kozott\\\/#primaryimage\",\"url\":\"https:\\\/\\\/stuttgarti-katolikusok.de\\\/wp-content\\\/uploads\\\/2018\\\/10\\\/vargacsaba.jpg\",\"contentUrl\":\"https:\\\/\\\/stuttgarti-katolikusok.de\\\/wp-content\\\/uploads\\\/2018\\\/10\\\/vargacsaba.jpg\",\"width\":710,\"height\":408},{\"@type\":\"BreadcrumbList\",\"@id\":\"https:\\\/\\\/stuttgarti-katolikusok.de\\\/index.php\\\/programelozetes-oktober-22-es-28-kozott\\\/#breadcrumb\",\"itemListElement\":[{\"@type\":\"ListItem\",\"position\":1,\"name\":\"Kezd\u0151lap\",\"item\":\"https:\\\/\\\/stuttgarti-katolikusok.de\\\/\"},{\"@type\":\"ListItem\",\"position\":2,\"name\":\"Programel\u0151zetes okt\u00f3ber 22 \u00e9s 28 k\u00f6z\u00f6tt\"}]},{\"@type\":\"WebSite\",\"@id\":\"https:\\\/\\\/stuttgarti-katolikusok.de\\\/#website\",\"url\":\"https:\\\/\\\/stuttgarti-katolikusok.de\\\/\",\"name\":\"Stuttgarti Katolikusok\",\"description\":\"\",\"potentialAction\":[{\"@type\":\"SearchAction\",\"target\":{\"@type\":\"EntryPoint\",\"urlTemplate\":\"https:\\\/\\\/stuttgarti-katolikusok.de\\\/?s={search_term_string}\"},\"query-input\":{\"@type\":\"PropertyValueSpecification\",\"valueRequired\":true,\"valueName\":\"search_term_string\"}}],\"inLanguage\":\"hu\"},{\"@type\":\"Person\",\"@id\":\"https:\\\/\\\/stuttgarti-katolikusok.de\\\/#\\\/schema\\\/person\\\/75908d6f8fdc03a57889d27209df7795\",\"name\":\"Tibor atya\",\"image\":{\"@type\":\"ImageObject\",\"inLanguage\":\"hu\",\"@id\":\"https:\\\/\\\/secure.gravatar.com\\\/avatar\\\/61d268e57d1f4525b111222e29d2d5a7f8c420fdbf231ba5566a8ceac74fa960?s=96&d=mm&r=g\",\"url\":\"https:\\\/\\\/secure.gravatar.com\\\/avatar\\\/61d268e57d1f4525b111222e29d2d5a7f8c420fdbf231ba5566a8ceac74fa960?s=96&d=mm&r=g\",\"contentUrl\":\"https:\\\/\\\/secure.gravatar.com\\\/avatar\\\/61d268e57d1f4525b111222e29d2d5a7f8c420fdbf231ba5566a8ceac74fa960?s=96&d=mm&r=g\",\"caption\":\"Tibor atya\"},\"url\":\"https:\\\/\\\/stuttgarti-katolikusok.de\\\/index.php\\\/author\\\/tibor-atya\\\/\"}]}<\/script>\n<!-- \/ Yoast SEO plugin. -->","yoast_head_json":{"title":"Programel\u0151zetes okt\u00f3ber 22 \u00e9s 28 k\u00f6z\u00f6tt - Stuttgarti Katolikusok","robots":{"index":"index","follow":"follow","max-snippet":"max-snippet:-1","max-image-preview":"max-image-preview:large","max-video-preview":"max-video-preview:-1"},"canonical":"https:\/\/stuttgarti-katolikusok.de\/index.php\/programelozetes-oktober-22-es-28-kozott\/","og_locale":"hu_HU","og_type":"article","og_title":"Programel\u0151zetes okt\u00f3ber 22 \u00e9s 28 k\u00f6z\u00f6tt - Stuttgarti Katolikusok","og_description":"Programel\u0151zetes Okt\u00f3ber 24-\u00e9n, szerd\u00e1n, Stuttgartban 10.15 \u00f3rakor n\u00e9met nyelv\u0171 szentmise. * Okt\u00f3ber 25-\u00e9n, cs\u00fct\u00f6rt\u00f6k\u00f6n, Ulmban17.30 \u00f3r\u00e1t\u00f3l okt\u00f3beri \u00a0\u00e1jtatoss\u00e1g, ut\u00e1na szentmise. * Okt\u00f3ber 26-\u00e1n, p\u00e9nteken, Stuttgartban 16.00 \u00f3rakor Bar\u00e1ts\u00e1gklub. 17.50 \u00f3rakor okt\u00f3beri \u00e1jtatoss\u00e1g, majd szentmise. Keret\u00e9ben P\u00e9nteki Egyetem (Besz\u00e9lget\u00e9sek a Katekizmusr\u00f3l). 19.00 \u00f3rakor Sportklub. Weingarteni d\u00e9lut\u00e1n a 14 Nothelfer Kapelle-ben (!) 18.00-kor okt\u00f3beri \u00e1jtatoss\u00e1g. 18.30 \u00f3rakor pedig szentmise. * Okt\u00f3ber 27-\u00e9n, szombaton, Heidenheimban 15.30 \u00f3rakor szentmise. Ut\u00e1na \u00e1g\u00e1p\u00e9. Reutlingenben 16.30 \u00f3rakor szentmise. Ut\u00e1na \u00e1g\u00e1p\u00e9. * Okt\u00f3ber \u00a028-\u00e1n, \u00e9vk\u00f6zi 30. vas\u00e1rnapon, Biberachban 8.45 \u00f3rakor szentmise. Ut\u00e1na \u00e1g\u00e1p\u00e9. B\u00f6blingenben 9.30 \u00f3rakor szentmise. Ut\u00e1na \u00e1g\u00e1p\u00e9. \u00a0\u00a0\u00a0\u00a0 Ulmban 12.00 \u00f3rakor szentmise. Eislingenben 15.00 \u00f3rakor a szentmise. Ut\u00e1na \u00e1g\u00e1p\u00e9. Heilbronnban 15.30 \u00f3rakor szentmise. Ut\u00e1na \u00e1g\u00e1p\u00e9. * Minden helyen mindenkit szeretettel v\u00e1r a k\u00f6z\u00f6ss\u00e9g, Imre atya \u00e9s Tibor atya! \u00a0\u201eAz emberek nagy t\u00e1vols\u00e1gokat megtesznek, hogy megcsod\u00e1lj\u00e1k a hegycs\u00facsokat. \u00d6nmaguk mellett azonban figyelmetlen\u00fcl elhaladnak&#8230;\u201d (Szent \u00c1goston \u2013 354-430 \u2013 egyh\u00e1zatya) Sz\u00e9p \u0151szi napokat, j\u00f3 munk\u00e1t, tartalmas besz\u00e9lget\u00e9seket \u00e9s \u00f6r\u00f6mteli tal\u00e1lkoz\u00e1sokat k\u00edv\u00e1nunk minden Kedves H\u00edv\u00fcnknek!","og_url":"https:\/\/stuttgarti-katolikusok.de\/index.php\/programelozetes-oktober-22-es-28-kozott\/","og_site_name":"Stuttgarti Katolikusok","article_published_time":"2018-10-22T09:10:16+00:00","article_modified_time":"2018-10-22T09:39:21+00:00","og_image":[{"width":710,"height":408,"url":"https:\/\/stuttgarti-katolikusok.de\/wp-content\/uploads\/2018\/10\/vargacsaba.jpg","type":"image\/jpeg"}],"author":"Tibor atya","twitter_card":"summary_large_image","twitter_misc":{"Szerz\u0151:":"Tibor atya","Becs\u00fclt olvas\u00e1si id\u0151":"1 perc"},"schema":{"@context":"https:\/\/schema.org","@graph":[{"@type":"Article","@id":"https:\/\/stuttgarti-katolikusok.de\/index.php\/programelozetes-oktober-22-es-28-kozott\/#article","isPartOf":{"@id":"https:\/\/stuttgarti-katolikusok.de\/index.php\/programelozetes-oktober-22-es-28-kozott\/"},"author":{"name":"Tibor atya","@id":"https:\/\/stuttgarti-katolikusok.de\/#\/schema\/person\/75908d6f8fdc03a57889d27209df7795"},"headline":"Programel\u0151zetes okt\u00f3ber 22 \u00e9s 28 k\u00f6z\u00f6tt","datePublished":"2018-10-22T09:10:16+00:00","dateModified":"2018-10-22T09:39:21+00:00","mainEntityOfPage":{"@id":"https:\/\/stuttgarti-katolikusok.de\/index.php\/programelozetes-oktober-22-es-28-kozott\/"},"wordCount":214,"image":{"@id":"https:\/\/stuttgarti-katolikusok.de\/index.php\/programelozetes-oktober-22-es-28-kozott\/#primaryimage"},"thumbnailUrl":"https:\/\/stuttgarti-katolikusok.de\/wp-content\/uploads\/2018\/10\/vargacsaba.jpg","articleSection":["Progamel\u0151zetes"],"inLanguage":"hu"},{"@type":"WebPage","@id":"https:\/\/stuttgarti-katolikusok.de\/index.php\/programelozetes-oktober-22-es-28-kozott\/","url":"https:\/\/stuttgarti-katolikusok.de\/index.php\/programelozetes-oktober-22-es-28-kozott\/","name":"Programel\u0151zetes okt\u00f3ber 22 \u00e9s 28 k\u00f6z\u00f6tt - Stuttgarti Katolikusok","isPartOf":{"@id":"https:\/\/stuttgarti-katolikusok.de\/#website"},"primaryImageOfPage":{"@id":"https:\/\/stuttgarti-katolikusok.de\/index.php\/programelozetes-oktober-22-es-28-kozott\/#primaryimage"},"image":{"@id":"https:\/\/stuttgarti-katolikusok.de\/index.php\/programelozetes-oktober-22-es-28-kozott\/#primaryimage"},"thumbnailUrl":"https:\/\/stuttgarti-katolikusok.de\/wp-content\/uploads\/2018\/10\/vargacsaba.jpg","datePublished":"2018-10-22T09:10:16+00:00","dateModified":"2018-10-22T09:39:21+00:00","author":{"@id":"https:\/\/stuttgarti-katolikusok.de\/#\/schema\/person\/75908d6f8fdc03a57889d27209df7795"},"breadcrumb":{"@id":"https:\/\/stuttgarti-katolikusok.de\/index.php\/programelozetes-oktober-22-es-28-kozott\/#breadcrumb"},"inLanguage":"hu","potentialAction":[{"@type":"ReadAction","target":["https:\/\/stuttgarti-katolikusok.de\/index.php\/programelozetes-oktober-22-es-28-kozott\/"]}]},{"@type":"ImageObject","inLanguage":"hu","@id":"https:\/\/stuttgarti-katolikusok.de\/index.php\/programelozetes-oktober-22-es-28-kozott\/#primaryimage","url":"https:\/\/stuttgarti-katolikusok.de\/wp-content\/uploads\/2018\/10\/vargacsaba.jpg","contentUrl":"https:\/\/stuttgarti-katolikusok.de\/wp-content\/uploads\/2018\/10\/vargacsaba.jpg","width":710,"height":408},{"@type":"BreadcrumbList","@id":"https:\/\/stuttgarti-katolikusok.de\/index.php\/programelozetes-oktober-22-es-28-kozott\/#breadcrumb","itemListElement":[{"@type":"ListItem","position":1,"name":"Kezd\u0151lap","item":"https:\/\/stuttgarti-katolikusok.de\/"},{"@type":"ListItem","position":2,"name":"Programel\u0151zetes okt\u00f3ber 22 \u00e9s 28 k\u00f6z\u00f6tt"}]},{"@type":"WebSite","@id":"https:\/\/stuttgarti-katolikusok.de\/#website","url":"https:\/\/stuttgarti-katolikusok.de\/","name":"Stuttgarti Katolikusok","description":"","potentialAction":[{"@type":"SearchAction","target":{"@type":"EntryPoint","urlTemplate":"https:\/\/stuttgarti-katolikusok.de\/?s={search_term_string}"},"query-input":{"@type":"PropertyValueSpecification","valueRequired":true,"valueName":"search_term_string"}}],"inLanguage":"hu"},{"@type":"Person","@id":"https:\/\/stuttgarti-katolikusok.de\/#\/schema\/person\/75908d6f8fdc03a57889d27209df7795","name":"Tibor atya","image":{"@type":"ImageObject","inLanguage":"hu","@id":"https:\/\/secure.gravatar.com\/avatar\/61d268e57d1f4525b111222e29d2d5a7f8c420fdbf231ba5566a8ceac74fa960?s=96&d=mm&r=g","url":"https:\/\/secure.gravatar.com\/avatar\/61d268e57d1f4525b111222e29d2d5a7f8c420fdbf231ba5566a8ceac74fa960?s=96&d=mm&r=g","contentUrl":"https:\/\/secure.gravatar.com\/avatar\/61d268e57d1f4525b111222e29d2d5a7f8c420fdbf231ba5566a8ceac74fa960?s=96&d=mm&r=g","caption":"Tibor atya"},"url":"https:\/\/stuttgarti-katolikusok.de\/index.php\/author\/tibor-atya\/"}]}},"_links":{"self":[{"href":"https:\/\/stuttgarti-katolikusok.de\/index.php\/wp-json\/wp\/v2\/posts\/15139","targetHints":{"allow":["GET"]}}],"collection":[{"href":"https:\/\/stuttgarti-katolikusok.de\/index.php\/wp-json\/wp\/v2\/posts"}],"about":[{"href":"https:\/\/stuttgarti-katolikusok.de\/index.php\/wp-json\/wp\/v2\/types\/post"}],"author":[{"embeddable":true,"href":"https:\/\/stuttgarti-katolikusok.de\/index.php\/wp-json\/wp\/v2\/users\/3"}],"replies":[{"embeddable":true,"href":"https:\/\/stuttgarti-katolikusok.de\/index.php\/wp-json\/wp\/v2\/comments?post=15139"}],"version-history":[{"count":3,"href":"https:\/\/stuttgarti-katolikusok.de\/index.php\/wp-json\/wp\/v2\/posts\/15139\/revisions"}],"predecessor-version":[{"id":15157,"href":"https:\/\/stuttgarti-katolikusok.de\/index.php\/wp-json\/wp\/v2\/posts\/15139\/revisions\/15157"}],"wp:featuredmedia":[{"embeddable":true,"href":"https:\/\/stuttgarti-katolikusok.de\/index.php\/wp-json\/wp\/v2\/media\/15140"}],"wp:attachment":[{"href":"https:\/\/stuttgarti-katolikusok.de\/index.php\/wp-json\/wp\/v2\/media?parent=15139"}],"wp:term":[{"taxonomy":"category","embeddable":true,"href":"https:\/\/stuttgarti-katolikusok.de\/index.php\/wp-json\/wp\/v2\/categories?post=15139"},{"taxonomy":"post_tag","embeddable":true,"href":"https:\/\/stuttgarti-katolikusok.de\/index.php\/wp-json\/wp\/v2\/tags?post=15139"}],"curies":[{"name":"wp","href":"https:\/\/api.w.org\/{rel}","templated":true}]}}