{"id":15081,"date":"2018-10-15T05:44:37","date_gmt":"2018-10-15T05:44:37","guid":{"rendered":"https:\/\/gracious-dewdney.138-201-221-2.plesk.page\/?p=15081"},"modified":"2018-10-18T07:50:25","modified_gmt":"2018-10-18T07:50:25","slug":"15081","status":"publish","type":"post","link":"https:\/\/stuttgarti-katolikusok.de\/index.php\/15081\/","title":{"rendered":"Tan\u00fas\u00e1gt\u00e9tel a pokol torn\u00e1c\u00e1b\u00f3l"},"content":{"rendered":"<h1>Tan\u00fas\u00e1gt\u00e9tel a pokol torn\u00e1c\u00e1b\u00f3l<\/h1>\n<p>Azel\u0151tt soha nem l\u00e1tt\u00e1k egym\u00e1st. Most a <em>\u201esors\u201d<\/em> \u00f6sszehozta \u0151ket N\u00e9metorsz\u00e1g egyik legjobb h\u00edrben \u00e1ll\u00f3 rehabilit\u00e1ci\u00f3s k\u00f6zpontj\u00e1ban.<\/p>\n<p>A sok program k\u00f6z\u00fcl az egyiket <em>\u201eR\u00e1kosok besz\u00e9lget\u0151 k\u00f6r\u00e9nek\u201d<\/em> h\u00edvt\u00e1k. Amikor a kis \u00a0halkszav\u00fa pszihol\u00f3gusn\u0151 arra sz\u00f3l\u00edtotta fel \u0151ket, hogy \u00fcljenek k\u00f6rbe, nagyon nehezen akar\u00f3dzott nekik egym\u00e1s mellett helyet foglalni. Ismeretlen mell\u00e9 nem sz\u00edvesen \u00fcl az ember, ha m\u00e1sutt is van hely&#8230;<\/p>\n<p>A besz\u00e9lget\u00e9s is nagyon d\u00f6c\u00f6gve indult. A k\u00f6zponti t\u00e9ma: a betegs\u00e9g lelki feldolgoz\u00e1sa volt. Kis id\u0151 ut\u00e1n azonban az els\u0151 felsz\u00f3lal\u00f3 magabiztosan ragadta mag\u00e1hoz a sz\u00f3t, \u00e9s sietett elmondani mindenkinek a szerinte legfontosabbat, nevezetesen, hogy nagy firm\u00e1ja van, amelyet \u00e9pp most hagyott a fi\u00e1ra. Az pedig (l\u00e1m, milyen fia van!), amikor n\u00e1la r\u00e1kot \u00e1llap\u00edtottak meg, azonnal a legjobb t\u00fcbingeni orvosokat h\u00edvta fel, tudt\u00e1n k\u00edv\u00fcl terminust besz\u00e9lt meg vel\u00fck, s\u0151t, elvitte oda kocsival. Neki semmit nem kellett tennie. Minden nagyon s\u00edm\u00e1n ment, s most itt van, hogy az oper\u00e1ci\u00f3 ut\u00e1n teljesen meggy\u00f3gyuljon&#8230; Szerinte biztosan siker\u00fclni fog, mert a p\u00e9nz, az nem sz\u00e1m\u00edt! &#8211; Noha magabiztosan csengett minden szava, mint a penge, szem\u00e9b\u0151l riadt f\u00e9lelem \u00e1radt&#8230;<\/p>\n<p>A m\u00e1sodiknak azt tartotta sz\u00fcks\u00e9gesnek elmondania, hogy neki k\u00e9t firm\u00e1ja van. Az egyik K\u00edn\u00e1ban, a m\u00e1sik itthon, N\u00e9metorsz\u00e1gban. \u00c9s amikor meg\u00e1llap\u00edtott\u00e1k n\u00e1la is a r\u00e1kot, akkor \u0151 \u2013 mellesleg, nagy sportol\u00f3, jegyezte meg el\u00e9g szer\u00e9nytelen\u00fcl \u2013 nem akarta elhinni, de miut\u00e1n m\u00e9g k\u00e9t helyr\u0151l \u2013 Heidelberg \u00e9s Ulm legh\u00edresebb orvosait\u00f3l \u2013 szerzett be szakorvosi v\u00e9lem\u00e9nyt, megoper\u00e1ltatta mag\u00e1t. Az oper\u00e1ci\u00f3 ut\u00e1n komplik\u00e1ci\u00f3k l\u00e9ptek ugyan fel, amit azt\u00e1n siker\u00fclt az orvosoknak lek\u00fczdeni, s \u0151 most nagy akarater\u0151vel azon van, hogy teljesen fel\u00e9p\u00fclj\u00f6n \u00e9s munk\u00e1j\u00e1hoz visszat\u00e9rhessen. \u2013 Nagyon sokat besz\u00e9lt, s ebb\u0151l mindenki kihallhatta, \u0151 is nagyon f\u00e9l att\u00f3l, hogy m\u00e9gsem \u00fagy lesz, ahogyan \u0151 azt most itt nagyhangon ecseteli&#8230;<\/p>\n<p>\u00c9s ez \u00edgy ment tov\u00e1bb egy j\u00f3 h\u00e1romnegyed \u00f3r\u00e1ig. A hallgat\u00f3s\u00e1g mindent megtudhatott az \u00e9ppen besz\u00e9l\u0151r\u0151l, csak \u00e9ppen a l\u00e9nyeget nem: nevezetesen azt, hogy mindannyian f\u00e9lnek. F\u00e9lnek att\u00f3l, hogy a r\u00e1k visszat\u00e9r, f\u00e9lnek att\u00f3l, hogy az oper\u00e1ci\u00f3 k\u00f6vetkezm\u00e9nyei nem fognak olyan s\u00edm\u00e1n elm\u00falni, mint azt \u0151k itt most a hallgat\u00f3s\u00e1ggal \u00e9s \u00f6nmagukkal megpr\u00f3b\u00e1lj\u00e1k elhitetni, f\u00e9lnek att\u00f3l, hogy \u0151k m\u00e1r soha nem lesznek olyan tev\u00e9kenyek, teherb\u00edr\u00f3k \u00e9s sz\u00edv\u00f3sak a munka mezej\u00e9n, amilyenek voltak. Szavuk sz\u00ednezete el\u00e1rulta \u0151ket, f\u00e9lnek, \u00e9s ami m\u00e9g rosszabb: nincs mibe kapaszkodniuk, csup\u00e1n a nagy, hangzatos szavakba, csak \u00e9ppen nem merik megfogalmazni \u00e9s kimondani.<\/p>\n<p>\u00c9s ekkor j\u00f6tt \u0151, a 80 fel\u00e9 j\u00e1r\u00f3 f\u00e9rfi. Fej\u00e9b\u0151l a kemoter\u00e1pia kihullajtotta a hajakat. Karja tele volt a sz\u00far\u00e1sok k\u00e9kl\u0151, dagadt nyomaival. Elmondta, hogy h\u00e1ziorvosa \u2013 noha \u00e1rulkod\u00f3an nagy volt egy bizonyos \u00e9rt\u00e9k a v\u00e9rpr\u00f3b\u00e1ban \u2013 hanyagul eln\u00e9zte a diagn\u00f3zist. B\u00e1r \u0151 t\u00f6bbsz\u00f6r is kifejezte aggodalm\u00e1t, \u0151t is leintette azzal, hogy semmi baj. M\u00edg \u0151 egy alkalommal, r\u00e9gi \u00e9vek szok\u00e1sa szerint \u2013 noha rossz k\u00f6z\u00e9rzete miatt aznap egy\u00e1ltal\u00e1n nem akart! \u2013 golfozni nem ment az \u00fczletfeleivel, \u00e9s a j\u00e1t\u00e9kosok k\u00f6z\u00f6tt egy \u00faj arcot nem fedezett fel. Remek\u00fcl elbesz\u00e9lgettek egym\u00e1ssal, \u00e9s kider\u00fclt, hogy az illet\u0151 egy nagyon h\u00edres, de m\u00e1r nyugd\u00edjas orvosprofesszor, akinek a fia szint\u00e9n urol\u00f3gus. Sz\u00f3 sz\u00f3t hozott, s \u0151 a besz\u00e9lget\u00e9s v\u00e9g\u00e9n elmondta a professzornak, hogy noha h\u00e1ziorvosa szerint nincs oka aggodalomra, neki m\u00e9gis rossz el\u0151\u00e9rzetei vannak. A professzor beaj\u00e1nlotta a fi\u00e1nak, aki azt\u00e1n a k\u00f6vetkez\u0151 napok egyik\u00e9n apj\u00e1val ketten h\u00e1rom \u00f3r\u00e1ig vizsg\u00e1lta. Ut\u00e1na pedig elborult arccal azt k\u00f6z\u00f6lte vele, hogy a r\u00e1k m\u00e1r eg\u00e9sz test\u00e9ben el van terjedve. (Eddig a besz\u00e1mol\u00f3 alatt csak el-elcsuklott a hangja, de most m\u00e1r patakzottak az arc\u00e1r\u00f3l a k\u00f6nnyek&#8230;) Azut\u00e1n nagyvonalakban elmondta azt is, hogyan kem\u00f3zt\u00e1k t\u00f6bbsz\u00f6r is, v\u00e9g\u00fcl r\u00e1t\u00e9rt jelenlegi helyzet\u00e9re: k\u00f6z\u00e9rzete ugyan jobb, de tudja, \u00e9rzi, hogy az \u201eellens\u00e9g m\u00e1r falakon bel\u00fcl van\u201d.<\/p>\n<p>Egy dolog\u00e9rt azonban mindenk\u00e9pp h\u00e1l\u00e1s, hogy ide elj\u00f6tt. Itt, a rehabilit\u00e1ci\u00f3n t\u00f6bb id\u0151t t\u00f6lthet \u00f6nmag\u00e1val, majd \u2013 ism\u00e9t k\u00f6nnyekkel a szem\u00e9ben \u2013 ezzel fejezte be besz\u00e9d\u00e9t: <em>\u201eHa \u0150 akkor<\/em> \u2013 \u00e9s mutat\u00f3ujj\u00e1t magasan az \u00e9g fel\u00e9 emelte \u2013 <em>nem hoz \u00f6ssze a professzorral, \u00e9n ma m\u00e1r nem vagyok&#8230; Mondom \u00d6n\u00f6knek, mindny\u00e1jan az \u0150 kez\u00e9be vagyunk!\u201d<\/em><\/p>\n<p>D\u00f6bbent csend ereszkedett a k\u00f6r tagjaira&#8230; Egy pillanatnyi \u00f3loml\u00e1bon l\u00e9pked\u0151 csend ut\u00e1n a \u00a0r\u00e9sztvev\u0151k kiv\u00e9tel n\u00e9lk\u00fcl mind igazat adtak neki! Mindenki \u00e9rezte, hogy nem a firma a fontos, nem is csak az orvos, m\u00e9g csak a sok p\u00e9nz sem, hanem Isten, aki mindannyiunk sors\u00e1t igazgatja, \u00e9s \u0150, Aki a b\u00e9n\u00edt\u00f3 f\u00e9lelem h\u00edn\u00e1rj\u00e1b\u00f3l k\u00e9pes kiszabad\u00edtani&#8230;<\/p>\n<p>A besz\u00e9lget\u00e9s v\u00e9g\u00e9n a pszihol\u00f3gusn\u0151 ki\u00e9rt\u00e9kelte a mondottakat. Minden felker\u00fclt a t\u00e1bl\u00e1ra, minden apr\u00f3 \u00f6tlet, mond\u00e1s, ami az \u0151 \u2013 egy\u00e9bk\u00e9nt igen j\u00f3l \u2013 el\u0151k\u00e9sz\u00edtett sablonj\u00e1ba beleillett. Csak \u00e9pp az Istenbe vetett hit fontoss\u00e1g\u00e1r\u00f3l nem \u00edrt fel egy bet\u0171t sem, holott a jelenl\u00e9v\u0151k mindegyike \u2013 kimondottan vagy kimondottlanul \u2013 ebbe kapaszkodott!<\/p>\n<p>De tudtam, hogy Istennek nem rekl\u00e1mra van sz\u00fcks\u00e9ge.<\/p>\n<p>Nem rekl\u00e1mra, hanem tan\u00fas\u00e1gt\u00e9telre!<\/p>\n<p>Hitvall\u00e1sra, amely m\u00e1sokkal az \u0150 gy\u00f3gy\u00edt\u00f3 kegyelm\u00e9t, \u00a0seg\u00edts\u00e9g\u00e9t k\u00f6zli,<\/p>\n<p>amely a bel\u00e9 vetett rem\u00e9nyt er\u0151s\u00edti,<\/p>\n<p>amely az \u0150 gondoskod\u00f3 szeretet\u00e9r\u0151l besz\u00e9l.<\/p>\n<p>&nbsp;<\/p>\n<p>Mert \u0150 mindenkivel ott van!<\/p>\n<p>A r\u00e1kos betegekkel is,<\/p>\n<p>akiken m\u00e1r senki emberfia nem tud seg\u00edteni&#8230;<\/p>\n<p>\u0150 vel\u00fck van \u00e9s er\u0151s lelket ad nekik, hogy \u00f6nmagukra tal\u00e1ljanak,<\/p>\n<p>hogy kib\u00edrj\u00e1k a legnehezebbet is,<\/p>\n<p>hogy emberhez m\u00e9lt\u00f3an szenvedjenek,<\/p>\n<p>hogy felegyenesedjenek,<\/p>\n<p>hogy t\u00faln\u0151jjenek \u00f6nmagukon!<\/p>\n<p>&nbsp;<\/p>\n<p>Ez az eset egy ilyen tan\u00fas\u00e1gt\u00e9tel volt a jav\u00e1b\u00f3l.<\/p>\n<p>Egy b\u0151r\u00f6d al\u00e1 b\u00faj\u00f3 modern tan\u00fas\u00e1gt\u00e9tel, amely \u2013 hacsak p\u00e1r percre is, de \u2013 mindenki figyelm\u00e9t \u0150r\u00e1, a Legfontosabbra ir\u00e1ny\u00edtotta.<\/p>\n<p>&nbsp;<\/p>\n<p><em>Stuttgart, 2018-10-15.<\/em><\/p>\n<p><em>Imre atya<\/em><\/p>\n","protected":false},"excerpt":{"rendered":"<p>Tan\u00fas\u00e1gt\u00e9tel a pokol torn\u00e1c\u00e1b\u00f3l Azel\u0151tt soha nem l\u00e1tt\u00e1k egym\u00e1st. Most a \u201esors\u201d \u00f6sszehozta \u0151ket N\u00e9metorsz\u00e1g egyik legjobb h\u00edrben \u00e1ll\u00f3 rehabilit\u00e1ci\u00f3s k\u00f6zpontj\u00e1ban. A sok program k\u00f6z\u00fcl az egyiket \u201eR\u00e1kosok besz\u00e9lget\u0151 k\u00f6r\u00e9nek\u201d h\u00edvt\u00e1k. Amikor a kis \u00a0halkszav\u00fa pszihol\u00f3gusn\u0151 arra sz\u00f3l\u00edtotta fel \u0151ket, hogy \u00fcljenek k\u00f6rbe, nagyon nehezen akar\u00f3dzott nekik egym\u00e1s mellett helyet foglalni. Ismeretlen mell\u00e9 nem sz\u00edvesen \u00fcl az ember, ha m\u00e1sutt is van hely&#8230; A besz\u00e9lget\u00e9s is nagyon d\u00f6c\u00f6gve indult. A k\u00f6zponti t\u00e9ma: a betegs\u00e9g lelki feldolgoz\u00e1sa volt. Kis id\u0151 ut\u00e1n azonban az els\u0151 felsz\u00f3lal\u00f3 magabiztosan ragadta mag\u00e1hoz a sz\u00f3t, \u00e9s sietett elmondani mindenkinek a szerinte legfontosabbat, nevezetesen, hogy nagy firm\u00e1ja van, amelyet \u00e9pp most hagyott a fi\u00e1ra. Az pedig (l\u00e1m, milyen fia van!), amikor n\u00e1la r\u00e1kot \u00e1llap\u00edtottak meg, azonnal a legjobb t\u00fcbingeni orvosokat h\u00edvta fel, tudt\u00e1n k\u00edv\u00fcl terminust besz\u00e9lt meg vel\u00fck, s\u0151t, elvitte oda kocsival. Neki semmit nem kellett tennie. Minden nagyon s\u00edm\u00e1n ment, s most itt van, hogy az oper\u00e1ci\u00f3 ut\u00e1n teljesen meggy\u00f3gyuljon&#8230; Szerinte biztosan siker\u00fclni fog, mert a p\u00e9nz, az nem sz\u00e1m\u00edt! &#8211; Noha magabiztosan csengett minden szava, mint a penge, szem\u00e9b\u0151l riadt f\u00e9lelem \u00e1radt&#8230; A m\u00e1sodiknak azt tartotta sz\u00fcks\u00e9gesnek elmondania, hogy neki k\u00e9t firm\u00e1ja van. Az egyik K\u00edn\u00e1ban, a m\u00e1sik itthon, N\u00e9metorsz\u00e1gban. \u00c9s amikor meg\u00e1llap\u00edtott\u00e1k n\u00e1la is a r\u00e1kot, akkor \u0151 \u2013 mellesleg, nagy sportol\u00f3, jegyezte meg el\u00e9g szer\u00e9nytelen\u00fcl \u2013 nem akarta elhinni, de miut\u00e1n m\u00e9g k\u00e9t helyr\u0151l \u2013 Heidelberg \u00e9s Ulm legh\u00edresebb orvosait\u00f3l \u2013 szerzett be szakorvosi v\u00e9lem\u00e9nyt, megoper\u00e1ltatta mag\u00e1t. Az oper\u00e1ci\u00f3 ut\u00e1n komplik\u00e1ci\u00f3k l\u00e9ptek ugyan fel, amit azt\u00e1n siker\u00fclt az orvosoknak lek\u00fczdeni, s \u0151 most nagy akarater\u0151vel azon van, hogy teljesen fel\u00e9p\u00fclj\u00f6n \u00e9s munk\u00e1j\u00e1hoz visszat\u00e9rhessen. \u2013 Nagyon sokat besz\u00e9lt, s ebb\u0151l mindenki kihallhatta, \u0151 is nagyon f\u00e9l att\u00f3l, hogy m\u00e9gsem \u00fagy lesz, ahogyan \u0151 azt most itt nagyhangon ecseteli&#8230; \u00c9s ez \u00edgy ment tov\u00e1bb egy j\u00f3 h\u00e1romnegyed \u00f3r\u00e1ig. A hallgat\u00f3s\u00e1g mindent megtudhatott az \u00e9ppen besz\u00e9l\u0151r\u0151l,&#8230; <\/p>\n<p><a class=\"readmore\" href=\"https:\/\/stuttgarti-katolikusok.de\/index.php\/15081\/\">R\u00e9szletek<\/a><\/p>\n","protected":false},"author":3,"featured_media":0,"comment_status":"closed","ping_status":"closed","sticky":false,"template":"","format":"standard","meta":{"footnotes":""},"categories":[24],"tags":[],"class_list":["post-15081","post","type-post","status-publish","format-standard","hentry","category-gondolatok"],"yoast_head":"<!-- This site is optimized with the Yoast SEO plugin v27.3 - https:\/\/yoast.com\/product\/yoast-seo-wordpress\/ -->\n<title>Tan\u00fas\u00e1gt\u00e9tel a pokol torn\u00e1c\u00e1b\u00f3l - Stuttgarti Katolikusok<\/title>\n<meta name=\"robots\" content=\"index, follow, max-snippet:-1, max-image-preview:large, max-video-preview:-1\" \/>\n<link rel=\"canonical\" href=\"https:\/\/stuttgarti-katolikusok.de\/index.php\/15081\/\" \/>\n<meta property=\"og:locale\" content=\"hu_HU\" \/>\n<meta property=\"og:type\" content=\"article\" \/>\n<meta property=\"og:title\" content=\"Tan\u00fas\u00e1gt\u00e9tel a pokol torn\u00e1c\u00e1b\u00f3l - Stuttgarti Katolikusok\" \/>\n<meta property=\"og:description\" content=\"Tan\u00fas\u00e1gt\u00e9tel a pokol torn\u00e1c\u00e1b\u00f3l Azel\u0151tt soha nem l\u00e1tt\u00e1k egym\u00e1st. Most a \u201esors\u201d \u00f6sszehozta \u0151ket N\u00e9metorsz\u00e1g egyik legjobb h\u00edrben \u00e1ll\u00f3 rehabilit\u00e1ci\u00f3s k\u00f6zpontj\u00e1ban. A sok program k\u00f6z\u00fcl az egyiket \u201eR\u00e1kosok besz\u00e9lget\u0151 k\u00f6r\u00e9nek\u201d h\u00edvt\u00e1k. Amikor a kis \u00a0halkszav\u00fa pszihol\u00f3gusn\u0151 arra sz\u00f3l\u00edtotta fel \u0151ket, hogy \u00fcljenek k\u00f6rbe, nagyon nehezen akar\u00f3dzott nekik egym\u00e1s mellett helyet foglalni. Ismeretlen mell\u00e9 nem sz\u00edvesen \u00fcl az ember, ha m\u00e1sutt is van hely&#8230; A besz\u00e9lget\u00e9s is nagyon d\u00f6c\u00f6gve indult. A k\u00f6zponti t\u00e9ma: a betegs\u00e9g lelki feldolgoz\u00e1sa volt. Kis id\u0151 ut\u00e1n azonban az els\u0151 felsz\u00f3lal\u00f3 magabiztosan ragadta mag\u00e1hoz a sz\u00f3t, \u00e9s sietett elmondani mindenkinek a szerinte legfontosabbat, nevezetesen, hogy nagy firm\u00e1ja van, amelyet \u00e9pp most hagyott a fi\u00e1ra. Az pedig (l\u00e1m, milyen fia van!), amikor n\u00e1la r\u00e1kot \u00e1llap\u00edtottak meg, azonnal a legjobb t\u00fcbingeni orvosokat h\u00edvta fel, tudt\u00e1n k\u00edv\u00fcl terminust besz\u00e9lt meg vel\u00fck, s\u0151t, elvitte oda kocsival. Neki semmit nem kellett tennie. Minden nagyon s\u00edm\u00e1n ment, s most itt van, hogy az oper\u00e1ci\u00f3 ut\u00e1n teljesen meggy\u00f3gyuljon&#8230; Szerinte biztosan siker\u00fclni fog, mert a p\u00e9nz, az nem sz\u00e1m\u00edt! &#8211; Noha magabiztosan csengett minden szava, mint a penge, szem\u00e9b\u0151l riadt f\u00e9lelem \u00e1radt&#8230; A m\u00e1sodiknak azt tartotta sz\u00fcks\u00e9gesnek elmondania, hogy neki k\u00e9t firm\u00e1ja van. Az egyik K\u00edn\u00e1ban, a m\u00e1sik itthon, N\u00e9metorsz\u00e1gban. \u00c9s amikor meg\u00e1llap\u00edtott\u00e1k n\u00e1la is a r\u00e1kot, akkor \u0151 \u2013 mellesleg, nagy sportol\u00f3, jegyezte meg el\u00e9g szer\u00e9nytelen\u00fcl \u2013 nem akarta elhinni, de miut\u00e1n m\u00e9g k\u00e9t helyr\u0151l \u2013 Heidelberg \u00e9s Ulm legh\u00edresebb orvosait\u00f3l \u2013 szerzett be szakorvosi v\u00e9lem\u00e9nyt, megoper\u00e1ltatta mag\u00e1t. Az oper\u00e1ci\u00f3 ut\u00e1n komplik\u00e1ci\u00f3k l\u00e9ptek ugyan fel, amit azt\u00e1n siker\u00fclt az orvosoknak lek\u00fczdeni, s \u0151 most nagy akarater\u0151vel azon van, hogy teljesen fel\u00e9p\u00fclj\u00f6n \u00e9s munk\u00e1j\u00e1hoz visszat\u00e9rhessen. \u2013 Nagyon sokat besz\u00e9lt, s ebb\u0151l mindenki kihallhatta, \u0151 is nagyon f\u00e9l att\u00f3l, hogy m\u00e9gsem \u00fagy lesz, ahogyan \u0151 azt most itt nagyhangon ecseteli&#8230; \u00c9s ez \u00edgy ment tov\u00e1bb egy j\u00f3 h\u00e1romnegyed \u00f3r\u00e1ig. A hallgat\u00f3s\u00e1g mindent megtudhatott az \u00e9ppen besz\u00e9l\u0151r\u0151l,... R\u00e9szletek\" \/>\n<meta property=\"og:url\" content=\"https:\/\/stuttgarti-katolikusok.de\/index.php\/15081\/\" \/>\n<meta property=\"og:site_name\" content=\"Stuttgarti Katolikusok\" \/>\n<meta property=\"article:published_time\" content=\"2018-10-15T05:44:37+00:00\" \/>\n<meta property=\"article:modified_time\" content=\"2018-10-18T07:50:25+00:00\" \/>\n<meta name=\"author\" content=\"Tibor atya\" \/>\n<meta name=\"twitter:card\" content=\"summary_large_image\" \/>\n<meta name=\"twitter:label1\" content=\"Szerz\u0151:\" \/>\n\t<meta name=\"twitter:data1\" content=\"Tibor atya\" \/>\n\t<meta name=\"twitter:label2\" content=\"Becs\u00fclt olvas\u00e1si id\u0151\" \/>\n\t<meta name=\"twitter:data2\" content=\"6 perc\" \/>\n<script type=\"application\/ld+json\" class=\"yoast-schema-graph\">{\"@context\":\"https:\\\/\\\/schema.org\",\"@graph\":[{\"@type\":\"Article\",\"@id\":\"https:\\\/\\\/stuttgarti-katolikusok.de\\\/index.php\\\/15081\\\/#article\",\"isPartOf\":{\"@id\":\"https:\\\/\\\/stuttgarti-katolikusok.de\\\/index.php\\\/15081\\\/\"},\"author\":{\"name\":\"Tibor atya\",\"@id\":\"https:\\\/\\\/stuttgarti-katolikusok.de\\\/#\\\/schema\\\/person\\\/75908d6f8fdc03a57889d27209df7795\"},\"headline\":\"Tan\u00fas\u00e1gt\u00e9tel a pokol torn\u00e1c\u00e1b\u00f3l\",\"datePublished\":\"2018-10-15T05:44:37+00:00\",\"dateModified\":\"2018-10-18T07:50:25+00:00\",\"mainEntityOfPage\":{\"@id\":\"https:\\\/\\\/stuttgarti-katolikusok.de\\\/index.php\\\/15081\\\/\"},\"wordCount\":1191,\"articleSection\":[\"Gondolatok\"],\"inLanguage\":\"hu\"},{\"@type\":\"WebPage\",\"@id\":\"https:\\\/\\\/stuttgarti-katolikusok.de\\\/index.php\\\/15081\\\/\",\"url\":\"https:\\\/\\\/stuttgarti-katolikusok.de\\\/index.php\\\/15081\\\/\",\"name\":\"Tan\u00fas\u00e1gt\u00e9tel a pokol torn\u00e1c\u00e1b\u00f3l - Stuttgarti Katolikusok\",\"isPartOf\":{\"@id\":\"https:\\\/\\\/stuttgarti-katolikusok.de\\\/#website\"},\"datePublished\":\"2018-10-15T05:44:37+00:00\",\"dateModified\":\"2018-10-18T07:50:25+00:00\",\"author\":{\"@id\":\"https:\\\/\\\/stuttgarti-katolikusok.de\\\/#\\\/schema\\\/person\\\/75908d6f8fdc03a57889d27209df7795\"},\"breadcrumb\":{\"@id\":\"https:\\\/\\\/stuttgarti-katolikusok.de\\\/index.php\\\/15081\\\/#breadcrumb\"},\"inLanguage\":\"hu\",\"potentialAction\":[{\"@type\":\"ReadAction\",\"target\":[\"https:\\\/\\\/stuttgarti-katolikusok.de\\\/index.php\\\/15081\\\/\"]}]},{\"@type\":\"BreadcrumbList\",\"@id\":\"https:\\\/\\\/stuttgarti-katolikusok.de\\\/index.php\\\/15081\\\/#breadcrumb\",\"itemListElement\":[{\"@type\":\"ListItem\",\"position\":1,\"name\":\"Kezd\u0151lap\",\"item\":\"https:\\\/\\\/stuttgarti-katolikusok.de\\\/\"},{\"@type\":\"ListItem\",\"position\":2,\"name\":\"Tan\u00fas\u00e1gt\u00e9tel a pokol torn\u00e1c\u00e1b\u00f3l\"}]},{\"@type\":\"WebSite\",\"@id\":\"https:\\\/\\\/stuttgarti-katolikusok.de\\\/#website\",\"url\":\"https:\\\/\\\/stuttgarti-katolikusok.de\\\/\",\"name\":\"Stuttgarti Katolikusok\",\"description\":\"\",\"potentialAction\":[{\"@type\":\"SearchAction\",\"target\":{\"@type\":\"EntryPoint\",\"urlTemplate\":\"https:\\\/\\\/stuttgarti-katolikusok.de\\\/?s={search_term_string}\"},\"query-input\":{\"@type\":\"PropertyValueSpecification\",\"valueRequired\":true,\"valueName\":\"search_term_string\"}}],\"inLanguage\":\"hu\"},{\"@type\":\"Person\",\"@id\":\"https:\\\/\\\/stuttgarti-katolikusok.de\\\/#\\\/schema\\\/person\\\/75908d6f8fdc03a57889d27209df7795\",\"name\":\"Tibor atya\",\"image\":{\"@type\":\"ImageObject\",\"inLanguage\":\"hu\",\"@id\":\"https:\\\/\\\/secure.gravatar.com\\\/avatar\\\/61d268e57d1f4525b111222e29d2d5a7f8c420fdbf231ba5566a8ceac74fa960?s=96&d=mm&r=g\",\"url\":\"https:\\\/\\\/secure.gravatar.com\\\/avatar\\\/61d268e57d1f4525b111222e29d2d5a7f8c420fdbf231ba5566a8ceac74fa960?s=96&d=mm&r=g\",\"contentUrl\":\"https:\\\/\\\/secure.gravatar.com\\\/avatar\\\/61d268e57d1f4525b111222e29d2d5a7f8c420fdbf231ba5566a8ceac74fa960?s=96&d=mm&r=g\",\"caption\":\"Tibor atya\"},\"url\":\"https:\\\/\\\/stuttgarti-katolikusok.de\\\/index.php\\\/author\\\/tibor-atya\\\/\"}]}<\/script>\n<!-- \/ Yoast SEO plugin. -->","yoast_head_json":{"title":"Tan\u00fas\u00e1gt\u00e9tel a pokol torn\u00e1c\u00e1b\u00f3l - Stuttgarti Katolikusok","robots":{"index":"index","follow":"follow","max-snippet":"max-snippet:-1","max-image-preview":"max-image-preview:large","max-video-preview":"max-video-preview:-1"},"canonical":"https:\/\/stuttgarti-katolikusok.de\/index.php\/15081\/","og_locale":"hu_HU","og_type":"article","og_title":"Tan\u00fas\u00e1gt\u00e9tel a pokol torn\u00e1c\u00e1b\u00f3l - Stuttgarti Katolikusok","og_description":"Tan\u00fas\u00e1gt\u00e9tel a pokol torn\u00e1c\u00e1b\u00f3l Azel\u0151tt soha nem l\u00e1tt\u00e1k egym\u00e1st. Most a \u201esors\u201d \u00f6sszehozta \u0151ket N\u00e9metorsz\u00e1g egyik legjobb h\u00edrben \u00e1ll\u00f3 rehabilit\u00e1ci\u00f3s k\u00f6zpontj\u00e1ban. A sok program k\u00f6z\u00fcl az egyiket \u201eR\u00e1kosok besz\u00e9lget\u0151 k\u00f6r\u00e9nek\u201d h\u00edvt\u00e1k. Amikor a kis \u00a0halkszav\u00fa pszihol\u00f3gusn\u0151 arra sz\u00f3l\u00edtotta fel \u0151ket, hogy \u00fcljenek k\u00f6rbe, nagyon nehezen akar\u00f3dzott nekik egym\u00e1s mellett helyet foglalni. Ismeretlen mell\u00e9 nem sz\u00edvesen \u00fcl az ember, ha m\u00e1sutt is van hely&#8230; A besz\u00e9lget\u00e9s is nagyon d\u00f6c\u00f6gve indult. A k\u00f6zponti t\u00e9ma: a betegs\u00e9g lelki feldolgoz\u00e1sa volt. Kis id\u0151 ut\u00e1n azonban az els\u0151 felsz\u00f3lal\u00f3 magabiztosan ragadta mag\u00e1hoz a sz\u00f3t, \u00e9s sietett elmondani mindenkinek a szerinte legfontosabbat, nevezetesen, hogy nagy firm\u00e1ja van, amelyet \u00e9pp most hagyott a fi\u00e1ra. Az pedig (l\u00e1m, milyen fia van!), amikor n\u00e1la r\u00e1kot \u00e1llap\u00edtottak meg, azonnal a legjobb t\u00fcbingeni orvosokat h\u00edvta fel, tudt\u00e1n k\u00edv\u00fcl terminust besz\u00e9lt meg vel\u00fck, s\u0151t, elvitte oda kocsival. Neki semmit nem kellett tennie. Minden nagyon s\u00edm\u00e1n ment, s most itt van, hogy az oper\u00e1ci\u00f3 ut\u00e1n teljesen meggy\u00f3gyuljon&#8230; Szerinte biztosan siker\u00fclni fog, mert a p\u00e9nz, az nem sz\u00e1m\u00edt! &#8211; Noha magabiztosan csengett minden szava, mint a penge, szem\u00e9b\u0151l riadt f\u00e9lelem \u00e1radt&#8230; A m\u00e1sodiknak azt tartotta sz\u00fcks\u00e9gesnek elmondania, hogy neki k\u00e9t firm\u00e1ja van. Az egyik K\u00edn\u00e1ban, a m\u00e1sik itthon, N\u00e9metorsz\u00e1gban. \u00c9s amikor meg\u00e1llap\u00edtott\u00e1k n\u00e1la is a r\u00e1kot, akkor \u0151 \u2013 mellesleg, nagy sportol\u00f3, jegyezte meg el\u00e9g szer\u00e9nytelen\u00fcl \u2013 nem akarta elhinni, de miut\u00e1n m\u00e9g k\u00e9t helyr\u0151l \u2013 Heidelberg \u00e9s Ulm legh\u00edresebb orvosait\u00f3l \u2013 szerzett be szakorvosi v\u00e9lem\u00e9nyt, megoper\u00e1ltatta mag\u00e1t. Az oper\u00e1ci\u00f3 ut\u00e1n komplik\u00e1ci\u00f3k l\u00e9ptek ugyan fel, amit azt\u00e1n siker\u00fclt az orvosoknak lek\u00fczdeni, s \u0151 most nagy akarater\u0151vel azon van, hogy teljesen fel\u00e9p\u00fclj\u00f6n \u00e9s munk\u00e1j\u00e1hoz visszat\u00e9rhessen. \u2013 Nagyon sokat besz\u00e9lt, s ebb\u0151l mindenki kihallhatta, \u0151 is nagyon f\u00e9l att\u00f3l, hogy m\u00e9gsem \u00fagy lesz, ahogyan \u0151 azt most itt nagyhangon ecseteli&#8230; \u00c9s ez \u00edgy ment tov\u00e1bb egy j\u00f3 h\u00e1romnegyed \u00f3r\u00e1ig. A hallgat\u00f3s\u00e1g mindent megtudhatott az \u00e9ppen besz\u00e9l\u0151r\u0151l,... R\u00e9szletek","og_url":"https:\/\/stuttgarti-katolikusok.de\/index.php\/15081\/","og_site_name":"Stuttgarti Katolikusok","article_published_time":"2018-10-15T05:44:37+00:00","article_modified_time":"2018-10-18T07:50:25+00:00","author":"Tibor atya","twitter_card":"summary_large_image","twitter_misc":{"Szerz\u0151:":"Tibor atya","Becs\u00fclt olvas\u00e1si id\u0151":"6 perc"},"schema":{"@context":"https:\/\/schema.org","@graph":[{"@type":"Article","@id":"https:\/\/stuttgarti-katolikusok.de\/index.php\/15081\/#article","isPartOf":{"@id":"https:\/\/stuttgarti-katolikusok.de\/index.php\/15081\/"},"author":{"name":"Tibor atya","@id":"https:\/\/stuttgarti-katolikusok.de\/#\/schema\/person\/75908d6f8fdc03a57889d27209df7795"},"headline":"Tan\u00fas\u00e1gt\u00e9tel a pokol torn\u00e1c\u00e1b\u00f3l","datePublished":"2018-10-15T05:44:37+00:00","dateModified":"2018-10-18T07:50:25+00:00","mainEntityOfPage":{"@id":"https:\/\/stuttgarti-katolikusok.de\/index.php\/15081\/"},"wordCount":1191,"articleSection":["Gondolatok"],"inLanguage":"hu"},{"@type":"WebPage","@id":"https:\/\/stuttgarti-katolikusok.de\/index.php\/15081\/","url":"https:\/\/stuttgarti-katolikusok.de\/index.php\/15081\/","name":"Tan\u00fas\u00e1gt\u00e9tel a pokol torn\u00e1c\u00e1b\u00f3l - Stuttgarti Katolikusok","isPartOf":{"@id":"https:\/\/stuttgarti-katolikusok.de\/#website"},"datePublished":"2018-10-15T05:44:37+00:00","dateModified":"2018-10-18T07:50:25+00:00","author":{"@id":"https:\/\/stuttgarti-katolikusok.de\/#\/schema\/person\/75908d6f8fdc03a57889d27209df7795"},"breadcrumb":{"@id":"https:\/\/stuttgarti-katolikusok.de\/index.php\/15081\/#breadcrumb"},"inLanguage":"hu","potentialAction":[{"@type":"ReadAction","target":["https:\/\/stuttgarti-katolikusok.de\/index.php\/15081\/"]}]},{"@type":"BreadcrumbList","@id":"https:\/\/stuttgarti-katolikusok.de\/index.php\/15081\/#breadcrumb","itemListElement":[{"@type":"ListItem","position":1,"name":"Kezd\u0151lap","item":"https:\/\/stuttgarti-katolikusok.de\/"},{"@type":"ListItem","position":2,"name":"Tan\u00fas\u00e1gt\u00e9tel a pokol torn\u00e1c\u00e1b\u00f3l"}]},{"@type":"WebSite","@id":"https:\/\/stuttgarti-katolikusok.de\/#website","url":"https:\/\/stuttgarti-katolikusok.de\/","name":"Stuttgarti Katolikusok","description":"","potentialAction":[{"@type":"SearchAction","target":{"@type":"EntryPoint","urlTemplate":"https:\/\/stuttgarti-katolikusok.de\/?s={search_term_string}"},"query-input":{"@type":"PropertyValueSpecification","valueRequired":true,"valueName":"search_term_string"}}],"inLanguage":"hu"},{"@type":"Person","@id":"https:\/\/stuttgarti-katolikusok.de\/#\/schema\/person\/75908d6f8fdc03a57889d27209df7795","name":"Tibor atya","image":{"@type":"ImageObject","inLanguage":"hu","@id":"https:\/\/secure.gravatar.com\/avatar\/61d268e57d1f4525b111222e29d2d5a7f8c420fdbf231ba5566a8ceac74fa960?s=96&d=mm&r=g","url":"https:\/\/secure.gravatar.com\/avatar\/61d268e57d1f4525b111222e29d2d5a7f8c420fdbf231ba5566a8ceac74fa960?s=96&d=mm&r=g","contentUrl":"https:\/\/secure.gravatar.com\/avatar\/61d268e57d1f4525b111222e29d2d5a7f8c420fdbf231ba5566a8ceac74fa960?s=96&d=mm&r=g","caption":"Tibor atya"},"url":"https:\/\/stuttgarti-katolikusok.de\/index.php\/author\/tibor-atya\/"}]}},"_links":{"self":[{"href":"https:\/\/stuttgarti-katolikusok.de\/index.php\/wp-json\/wp\/v2\/posts\/15081","targetHints":{"allow":["GET"]}}],"collection":[{"href":"https:\/\/stuttgarti-katolikusok.de\/index.php\/wp-json\/wp\/v2\/posts"}],"about":[{"href":"https:\/\/stuttgarti-katolikusok.de\/index.php\/wp-json\/wp\/v2\/types\/post"}],"author":[{"embeddable":true,"href":"https:\/\/stuttgarti-katolikusok.de\/index.php\/wp-json\/wp\/v2\/users\/3"}],"replies":[{"embeddable":true,"href":"https:\/\/stuttgarti-katolikusok.de\/index.php\/wp-json\/wp\/v2\/comments?post=15081"}],"version-history":[{"count":3,"href":"https:\/\/stuttgarti-katolikusok.de\/index.php\/wp-json\/wp\/v2\/posts\/15081\/revisions"}],"predecessor-version":[{"id":15127,"href":"https:\/\/stuttgarti-katolikusok.de\/index.php\/wp-json\/wp\/v2\/posts\/15081\/revisions\/15127"}],"wp:attachment":[{"href":"https:\/\/stuttgarti-katolikusok.de\/index.php\/wp-json\/wp\/v2\/media?parent=15081"}],"wp:term":[{"taxonomy":"category","embeddable":true,"href":"https:\/\/stuttgarti-katolikusok.de\/index.php\/wp-json\/wp\/v2\/categories?post=15081"},{"taxonomy":"post_tag","embeddable":true,"href":"https:\/\/stuttgarti-katolikusok.de\/index.php\/wp-json\/wp\/v2\/tags?post=15081"}],"curies":[{"name":"wp","href":"https:\/\/api.w.org\/{rel}","templated":true}]}}