{"id":15065,"date":"2018-10-12T06:14:59","date_gmt":"2018-10-12T06:14:59","guid":{"rendered":"https:\/\/gracious-dewdney.138-201-221-2.plesk.page\/?p=15065"},"modified":"2020-04-27T15:40:34","modified_gmt":"2020-04-27T15:40:34","slug":"benczur-urmossy-gabor-matyas-kiralyunkrol-szolo-eloadas-margojara","status":"publish","type":"post","link":"https:\/\/stuttgarti-katolikusok.de\/index.php\/benczur-urmossy-gabor-matyas-kiralyunkrol-szolo-eloadas-margojara\/","title":{"rendered":"Bencz\u00far-\u00dcrm\u00f6ssy G\u00e1bor: M\u00e1ty\u00e1s kir\u00e1lyunkr\u00f3l sz\u00f3l\u00f3 el\u0151ad\u00e1s marg\u00f3j\u00e1ra"},"content":{"rendered":"<p><em>HIST\u00d3RIA \u00c9S M\u0170V\u00c9SZET<\/em><\/p>\n<p>Magas akad\u00e9miai szinten kaptunk egy b\u0151s\u00e9ges \u00e1ttekint\u00e9st a magyarok kedvenc kir\u00e1ly\u00e1r\u00f3l M\u00e1ty\u00e1sr\u00f3l. Gaal Gy\u00f6rgy tan\u00e1r \u00far szint\u00e9n kolozsv\u00e1ri. Sz\u00edve szerint besz\u00e9lt sz\u00e1m\u00e1ra is kedvenc t\u00e9m\u00e1j\u00e1r\u00f3l, nagy kir\u00e1lyunkr\u00f3l. A saj\u00e1tos erd\u00e9lyi, kolozsv\u00e1ri n\u00e9zet meglep\u0151, szeretetre m\u00e9lt\u00f3, elt\u00e9r az \u00e1tlagmagyar szeml\u00e9let\u00e9t\u0151l, aki Bud\u00e1ra, vagy a k\u00f6rny\u00e9k v\u00e1raiba\/v\u00e1rosaiba helyezi el M\u00e1ty\u00e1st.<\/p>\n<p>Stuttgartban a diaszpor\u00e1ban \u00e9lve r\u00e1nkf\u00e9r egy t\u00f6rt\u00e9nelem\u00f3ra ezen a szinten, ahol fogas politikai \u00e9s diplom\u00e1ciai k\u00e9rd\u00e9sek is megvitathat\u00f3k. A sok hadj\u00e1rat mellett a dinasztia-alap\u00edt\u00e1s kudarc\u00e1nak elemz\u00e9se volt meggy\u0151z\u0151.<\/p>\n<p>V\u00e9gt\u00e9re m\u00e9gis hi\u00e1nyoltam valamit, valami s z \u00e9 p e t. Nekem k\u00f6nny\u0171 a dolgom ezt a told\u00e1st \u00f6sszehoznom, csak h\u00e1trany\u00falok a k\u00f6nyvespolcra \u00e9s el\u0151veszem d\u00e9dap\u00e1m u.n. M\u00e1ty\u00e1s-ciklus\u00e1t.<\/p>\n<p>T\u00f6rt\u00e9nt ugyanis a kir\u00e1lyi v\u00e1r nagy \u00e9p\u00edtkez\u00e9sei sor\u00e1n, hogy 1902-ben megb\u00edzt\u00e1k \u0151t a Hunyaditerembe tervezett nyolc nagy festm\u00e9ny elk\u00e9sz\u00edt\u00e9s\u00e9vel. A terem k\u00f6zben \u00e9p\u00fclt a quattrocento st\u00edlus\u00e1ban, a falak form\u00e1ja, anyagai, sz\u00ednei, a visszafogott berendez\u00e9s b\u00fatorai nem kis probl\u00e9m\u00e1kat okozva. A termet uralta Fadrusz J\u00e1nos h\u00edres szobr\u00e1r\u00f3l k\u00e9sz\u00fclt lekicsiny\u00edtett m\u00e1solata. A nyolc k\u00e9p v\u00e1zlata hamarosan elk\u00e9sz\u00fclt, de a kivitelez\u00e9s nagyon elh\u00fazodott. Val\u00f3sz\u00edn\u0171leg a magas tiszteletd\u00edj fedezete sem volt biztos\u00edtott, v\u00e9g\u00fcl maga a kir\u00e1ly kezeskedett. A k\u00e9t \u00f3ri\u00e1sk\u00e9p (203&#215;435 cm) nagyot k\u00e9sve elk\u00e9sz\u00fclt, s elfoglalta hely\u00e9t. A k\u00f6z\u00f6ns\u00e9g sz\u00e1m\u00e1ra nem volt nyilv\u00e1nos a helys\u00e9g. A k\u00e9pek t\u00fal\u00e9ltek minden v\u00e9szt, hossz\u00fa ideig R\u00f3m\u00e1ban voltak a magyar k\u00f6vets\u00e9gen.<\/p>\n<p>Haszn\u00e1ljuk ki az alkalmat \u00e9s tekints\u00fck meg mind a nyolc k\u00e9p t\u00e9m\u00e1j\u00e1t. Az els\u0151 hat festm\u00e9ny kisebbre volt tervezve a helyi adotts\u00e1gokat k\u00f6vetve, de \u00edgy is impoz\u00e1ns nagys\u00e1g\u00faak (majd 2 m magas, m\u00e1sf\u00e9l &#8211; k\u00e9t \u00e9s f\u00e9l m sz\u00e9les). A v\u00e1zlatok 1\/3 \u00e9letnagys\u00e1g\u00fa alakokat mutatnak.<\/p>\n<p>M\u00e1ty\u00e1s kir\u00e1lly\u00e1 v\u00e1laszt\u00e1sa a Duna jeg\u00e9n.<\/p>\n<p>M\u00e1ty\u00e1s \u00e9s Holub\u00e1r.<\/p>\n<p>M\u00e1ty\u00e1s \u00e9s Beatrix esk\u00fcv\u0151je.<\/p>\n<p>M\u00e1ty\u00e1s az igazs\u00e1gos.<\/p>\n<p>M\u00e1ty\u00e1s m\u0151v\u00e9szei k\u00f6r\u00e9ben.<\/p>\n<p>A diadalmas M\u00e1ty\u00e1s, r\u00e9szlet, 1919<\/p>\n<p>M\u00e1ty\u00e1s fogadja a p\u00e1pa k\u00f6veteit, 1915<\/p>\n<p>A befagyott Dun\u00e1n minden m\u00e1s fest\u0151 t\u00f6meget festett volna, itt csak p\u00e1r alak kelti ezt a benyom\u00e1st.<\/p>\n<p>M\u00e1ty\u00e1s p\u00e1rviadala a cseh vit\u00e9zzel nem szinpadi j\u00e1t\u00e9k volt, a kir\u00e1lyt \u00e1jultan szedt\u00e9k le a lov\u00e1r\u00f3l, Holub\u00e1r elt\u00f6rte a karj\u00e1t. Sz\u00e9d\u00fcletesen lend\u00fcletes az \u00f6sszecsap\u00e1s pillanata, egyben egy b\u00facs\u00fapillant\u00e1s a lovagi udvari \u00e9letre.<\/p>\n<p>Beatrix jelenete vagy az esk\u00fcv\u0151i szertart\u00e1s, vagy fogad\u00e1sa Bud\u00e1n. A k\u00e9sz festm\u00e9ny ezt a k\u00e9rd\u00e9st eld\u00f6nt\u00f6tte volna. A v\u00e1zlat hossz\u00fa lappang\u00e1s ut\u00e1n csak p\u00e1r \u00e9ve ker\u00fclt el\u0151.<\/p>\n<p>A fontos mondanival\u00f3 sz\u00e1momra a k\u00e9t csoportjelenetb\u0151l ad\u00f3dik, M\u00e1ty\u00e1s tud\u00f3sai \u00e9s m\u0171v\u00e9szei t\u00e1rsas\u00e1g\u00e1ban. Ha nem csal\u00f3dom, \u00fagy a M\u00e1ty\u00e1s-templom maketj\u00e9t emelik fel a seg\u00edt\u0151k. A kir\u00e1lyn\u00e9 a tud\u00f3sok t\u00e1rsas\u00e1g\u00e1t keresi, 100 \u00e9ve ez m\u00e9g nem volt term\u00e9szetes, de a humanizmus kor\u00e1ra jellemz\u0151.<\/p>\n<p>A k\u00e9pek \u00fczenete: M\u00e1ty\u00e1s f\u00fcggetlen orsz\u00e1ga kor\u00e1n \u00e1tvette d\u00e9l fel\u0151l a renesz\u00e1nsz kult\u00far\u00e1t, eredm\u00e9nyesen terjesztette \u00e9szak fel\u00e9 \u00e9s Eur\u00f3pa telj\u00e9rt\u00e9k\u0171 tagja lett. A k\u00e9t nagy k\u00e9p pazar kivitelez\u00e9sben ezt a t\u00e9nyt \u00fcnnepli. Sz\u00edn- \u00e9s formapomp\u00e1ja a mantuai Mantegn\u00e1ra eml\u00e9keztet. Mantegna maga is megfestette M\u00e1ty\u00e1s arck\u00e9p\u00e9t. A t\u00f6rt\u00e9n\u00e9st nem kell magyar\u00e1zni, mag\u00e1t\u00f3l besz\u00e9lnek a v\u00e1sznak.<\/p>\n<p>Bencz\u00far a legsz\u00edvesebben olajjal \u00e9s v\u00e1szonnal dolgozott, nem a falra festett.<\/p>\n<p>Ha van \u00e9kes sz\u00f3, akkor legyen \u00e9kes sz\u00edn \u00e9s \u00e9kes forma! Az Erasmus Akad\u00e9mia 35 vend\u00e9ge hallotta a kicsiszolt, megfontolt, ellen\u0151rz\u00f6tt \u00e9s bizony\u00edtott szavakat \u00e9s mondatokat. \u00d6sszehasonl\u00edthatja az \u00e1t\u00e9rzett, kital\u00e1lt, kompon\u00e1lt mozdulatot, fejk\u00f6t\u0151t, s\u00fcveget, nekifesz\u00fcl\u0151 l\u00f3h\u00e1tat, parancsol\u00f3 arckifejez\u00e9st. A t\u00f6rt\u00e9n\u00e9sz \u00e9s a t\u00f6rt\u00e9nelmi fest\u0151 n\u00e1lunk tal\u00e1lkoznak.<\/p>\n<p>&nbsp;<\/p>\n<p>Forr\u00e1sok:<\/p>\n<p>Bencz\u00far Gyula csal\u00e1di adatt\u00e1ra<\/p>\n<p>Bell\u00e1k G\u00e1bor: T\u00f6rt\u00e9nelem \u2013 K\u00e9p, 2000<\/p>\n<p>&nbsp;<\/p>\n<p><em>A k\u00e9pek k\u00f6z\u00fcl, sajnos, csak az egyiket \u00e1ll m\u00f3dunkban ide f\u00f6ltenni.<\/em><\/p>\n","protected":false},"excerpt":{"rendered":"<p>HIST\u00d3RIA \u00c9S M\u0170V\u00c9SZET Magas akad\u00e9miai szinten kaptunk egy b\u0151s\u00e9ges \u00e1ttekint\u00e9st a magyarok kedvenc kir\u00e1ly\u00e1r\u00f3l M\u00e1ty\u00e1sr\u00f3l. Gaal Gy\u00f6rgy tan\u00e1r \u00far szint\u00e9n kolozsv\u00e1ri. Sz\u00edve szerint besz\u00e9lt sz\u00e1m\u00e1ra is kedvenc t\u00e9m\u00e1j\u00e1r\u00f3l, nagy kir\u00e1lyunkr\u00f3l. A saj\u00e1tos erd\u00e9lyi, kolozsv\u00e1ri n\u00e9zet meglep\u0151, szeretetre m\u00e9lt\u00f3, elt\u00e9r az \u00e1tlagmagyar szeml\u00e9let\u00e9t\u0151l, aki Bud\u00e1ra, vagy a k\u00f6rny\u00e9k v\u00e1raiba\/v\u00e1rosaiba helyezi el M\u00e1ty\u00e1st. Stuttgartban a diaszpor\u00e1ban \u00e9lve r\u00e1nkf\u00e9r egy t\u00f6rt\u00e9nelem\u00f3ra ezen a szinten, ahol fogas politikai \u00e9s diplom\u00e1ciai k\u00e9rd\u00e9sek is megvitathat\u00f3k. A sok hadj\u00e1rat mellett a dinasztia-alap\u00edt\u00e1s kudarc\u00e1nak elemz\u00e9se volt meggy\u0151z\u0151. V\u00e9gt\u00e9re m\u00e9gis hi\u00e1nyoltam valamit, valami s z \u00e9 p e t. Nekem k\u00f6nny\u0171 a dolgom ezt a told\u00e1st \u00f6sszehoznom, csak h\u00e1trany\u00falok a k\u00f6nyvespolcra \u00e9s el\u0151veszem d\u00e9dap\u00e1m u.n. M\u00e1ty\u00e1s-ciklus\u00e1t. T\u00f6rt\u00e9nt ugyanis a kir\u00e1lyi v\u00e1r nagy \u00e9p\u00edtkez\u00e9sei sor\u00e1n, hogy 1902-ben megb\u00edzt\u00e1k \u0151t a Hunyaditerembe tervezett nyolc nagy festm\u00e9ny elk\u00e9sz\u00edt\u00e9s\u00e9vel. A terem k\u00f6zben \u00e9p\u00fclt a quattrocento st\u00edlus\u00e1ban, a falak form\u00e1ja, anyagai, sz\u00ednei, a visszafogott berendez\u00e9s b\u00fatorai nem kis probl\u00e9m\u00e1kat okozva. A termet uralta Fadrusz J\u00e1nos h\u00edres szobr\u00e1r\u00f3l k\u00e9sz\u00fclt lekicsiny\u00edtett m\u00e1solata. A nyolc k\u00e9p v\u00e1zlata hamarosan elk\u00e9sz\u00fclt, de a kivitelez\u00e9s nagyon elh\u00fazodott. Val\u00f3sz\u00edn\u0171leg a magas tiszteletd\u00edj fedezete sem volt biztos\u00edtott, v\u00e9g\u00fcl maga a kir\u00e1ly kezeskedett. A k\u00e9t \u00f3ri\u00e1sk\u00e9p (203&#215;435 cm) nagyot k\u00e9sve elk\u00e9sz\u00fclt, s elfoglalta hely\u00e9t. A k\u00f6z\u00f6ns\u00e9g sz\u00e1m\u00e1ra nem volt nyilv\u00e1nos a helys\u00e9g. A k\u00e9pek t\u00fal\u00e9ltek minden v\u00e9szt, hossz\u00fa ideig R\u00f3m\u00e1ban voltak a magyar k\u00f6vets\u00e9gen. Haszn\u00e1ljuk ki az alkalmat \u00e9s tekints\u00fck meg mind a nyolc k\u00e9p t\u00e9m\u00e1j\u00e1t. Az els\u0151 hat festm\u00e9ny kisebbre volt tervezve a helyi adotts\u00e1gokat k\u00f6vetve, de \u00edgy is impoz\u00e1ns nagys\u00e1g\u00faak (majd 2 m magas, m\u00e1sf\u00e9l &#8211; k\u00e9t \u00e9s f\u00e9l m sz\u00e9les). A v\u00e1zlatok 1\/3 \u00e9letnagys\u00e1g\u00fa alakokat mutatnak. M\u00e1ty\u00e1s kir\u00e1lly\u00e1 v\u00e1laszt\u00e1sa a Duna jeg\u00e9n. M\u00e1ty\u00e1s \u00e9s Holub\u00e1r. M\u00e1ty\u00e1s \u00e9s Beatrix esk\u00fcv\u0151je. M\u00e1ty\u00e1s az igazs\u00e1gos. M\u00e1ty\u00e1s m\u0151v\u00e9szei k\u00f6r\u00e9ben. A diadalmas M\u00e1ty\u00e1s, r\u00e9szlet, 1919 M\u00e1ty\u00e1s fogadja a p\u00e1pa k\u00f6veteit, 1915 A befagyott Dun\u00e1n minden m\u00e1s fest\u0151 t\u00f6meget festett volna, itt csak p\u00e1r alak kelti&#8230; <\/p>\n<p><a class=\"readmore\" href=\"https:\/\/stuttgarti-katolikusok.de\/index.php\/benczur-urmossy-gabor-matyas-kiralyunkrol-szolo-eloadas-margojara\/\">R\u00e9szletek<\/a><\/p>\n","protected":false},"author":3,"featured_media":0,"comment_status":"closed","ping_status":"closed","sticky":false,"template":"","format":"standard","meta":{"footnotes":""},"categories":[28],"tags":[],"class_list":["post-15065","post","type-post","status-publish","format-standard","hentry","category-olvasoink-irjak"],"yoast_head":"<!-- This site is optimized with the Yoast SEO plugin v27.3 - https:\/\/yoast.com\/product\/yoast-seo-wordpress\/ -->\n<title>Bencz\u00far-\u00dcrm\u00f6ssy G\u00e1bor: M\u00e1ty\u00e1s kir\u00e1lyunkr\u00f3l sz\u00f3l\u00f3 el\u0151ad\u00e1s marg\u00f3j\u00e1ra - Stuttgarti Katolikusok<\/title>\n<meta name=\"robots\" content=\"index, follow, max-snippet:-1, max-image-preview:large, max-video-preview:-1\" \/>\n<link rel=\"canonical\" href=\"https:\/\/stuttgarti-katolikusok.de\/index.php\/benczur-urmossy-gabor-matyas-kiralyunkrol-szolo-eloadas-margojara\/\" \/>\n<meta property=\"og:locale\" content=\"hu_HU\" \/>\n<meta property=\"og:type\" content=\"article\" \/>\n<meta property=\"og:title\" content=\"Bencz\u00far-\u00dcrm\u00f6ssy G\u00e1bor: M\u00e1ty\u00e1s kir\u00e1lyunkr\u00f3l sz\u00f3l\u00f3 el\u0151ad\u00e1s marg\u00f3j\u00e1ra - Stuttgarti Katolikusok\" \/>\n<meta property=\"og:description\" content=\"HIST\u00d3RIA \u00c9S M\u0170V\u00c9SZET Magas akad\u00e9miai szinten kaptunk egy b\u0151s\u00e9ges \u00e1ttekint\u00e9st a magyarok kedvenc kir\u00e1ly\u00e1r\u00f3l M\u00e1ty\u00e1sr\u00f3l. Gaal Gy\u00f6rgy tan\u00e1r \u00far szint\u00e9n kolozsv\u00e1ri. Sz\u00edve szerint besz\u00e9lt sz\u00e1m\u00e1ra is kedvenc t\u00e9m\u00e1j\u00e1r\u00f3l, nagy kir\u00e1lyunkr\u00f3l. A saj\u00e1tos erd\u00e9lyi, kolozsv\u00e1ri n\u00e9zet meglep\u0151, szeretetre m\u00e9lt\u00f3, elt\u00e9r az \u00e1tlagmagyar szeml\u00e9let\u00e9t\u0151l, aki Bud\u00e1ra, vagy a k\u00f6rny\u00e9k v\u00e1raiba\/v\u00e1rosaiba helyezi el M\u00e1ty\u00e1st. Stuttgartban a diaszpor\u00e1ban \u00e9lve r\u00e1nkf\u00e9r egy t\u00f6rt\u00e9nelem\u00f3ra ezen a szinten, ahol fogas politikai \u00e9s diplom\u00e1ciai k\u00e9rd\u00e9sek is megvitathat\u00f3k. A sok hadj\u00e1rat mellett a dinasztia-alap\u00edt\u00e1s kudarc\u00e1nak elemz\u00e9se volt meggy\u0151z\u0151. V\u00e9gt\u00e9re m\u00e9gis hi\u00e1nyoltam valamit, valami s z \u00e9 p e t. Nekem k\u00f6nny\u0171 a dolgom ezt a told\u00e1st \u00f6sszehoznom, csak h\u00e1trany\u00falok a k\u00f6nyvespolcra \u00e9s el\u0151veszem d\u00e9dap\u00e1m u.n. M\u00e1ty\u00e1s-ciklus\u00e1t. T\u00f6rt\u00e9nt ugyanis a kir\u00e1lyi v\u00e1r nagy \u00e9p\u00edtkez\u00e9sei sor\u00e1n, hogy 1902-ben megb\u00edzt\u00e1k \u0151t a Hunyaditerembe tervezett nyolc nagy festm\u00e9ny elk\u00e9sz\u00edt\u00e9s\u00e9vel. A terem k\u00f6zben \u00e9p\u00fclt a quattrocento st\u00edlus\u00e1ban, a falak form\u00e1ja, anyagai, sz\u00ednei, a visszafogott berendez\u00e9s b\u00fatorai nem kis probl\u00e9m\u00e1kat okozva. A termet uralta Fadrusz J\u00e1nos h\u00edres szobr\u00e1r\u00f3l k\u00e9sz\u00fclt lekicsiny\u00edtett m\u00e1solata. A nyolc k\u00e9p v\u00e1zlata hamarosan elk\u00e9sz\u00fclt, de a kivitelez\u00e9s nagyon elh\u00fazodott. Val\u00f3sz\u00edn\u0171leg a magas tiszteletd\u00edj fedezete sem volt biztos\u00edtott, v\u00e9g\u00fcl maga a kir\u00e1ly kezeskedett. A k\u00e9t \u00f3ri\u00e1sk\u00e9p (203&#215;435 cm) nagyot k\u00e9sve elk\u00e9sz\u00fclt, s elfoglalta hely\u00e9t. A k\u00f6z\u00f6ns\u00e9g sz\u00e1m\u00e1ra nem volt nyilv\u00e1nos a helys\u00e9g. A k\u00e9pek t\u00fal\u00e9ltek minden v\u00e9szt, hossz\u00fa ideig R\u00f3m\u00e1ban voltak a magyar k\u00f6vets\u00e9gen. Haszn\u00e1ljuk ki az alkalmat \u00e9s tekints\u00fck meg mind a nyolc k\u00e9p t\u00e9m\u00e1j\u00e1t. Az els\u0151 hat festm\u00e9ny kisebbre volt tervezve a helyi adotts\u00e1gokat k\u00f6vetve, de \u00edgy is impoz\u00e1ns nagys\u00e1g\u00faak (majd 2 m magas, m\u00e1sf\u00e9l &#8211; k\u00e9t \u00e9s f\u00e9l m sz\u00e9les). A v\u00e1zlatok 1\/3 \u00e9letnagys\u00e1g\u00fa alakokat mutatnak. M\u00e1ty\u00e1s kir\u00e1lly\u00e1 v\u00e1laszt\u00e1sa a Duna jeg\u00e9n. M\u00e1ty\u00e1s \u00e9s Holub\u00e1r. M\u00e1ty\u00e1s \u00e9s Beatrix esk\u00fcv\u0151je. M\u00e1ty\u00e1s az igazs\u00e1gos. M\u00e1ty\u00e1s m\u0151v\u00e9szei k\u00f6r\u00e9ben. A diadalmas M\u00e1ty\u00e1s, r\u00e9szlet, 1919 M\u00e1ty\u00e1s fogadja a p\u00e1pa k\u00f6veteit, 1915 A befagyott Dun\u00e1n minden m\u00e1s fest\u0151 t\u00f6meget festett volna, itt csak p\u00e1r alak kelti... R\u00e9szletek\" \/>\n<meta property=\"og:url\" content=\"https:\/\/stuttgarti-katolikusok.de\/index.php\/benczur-urmossy-gabor-matyas-kiralyunkrol-szolo-eloadas-margojara\/\" \/>\n<meta property=\"og:site_name\" content=\"Stuttgarti Katolikusok\" \/>\n<meta property=\"article:published_time\" content=\"2018-10-12T06:14:59+00:00\" \/>\n<meta property=\"article:modified_time\" content=\"2020-04-27T15:40:34+00:00\" \/>\n<meta name=\"author\" content=\"Tibor atya\" \/>\n<meta name=\"twitter:card\" content=\"summary_large_image\" \/>\n<meta name=\"twitter:label1\" content=\"Szerz\u0151:\" \/>\n\t<meta name=\"twitter:data1\" content=\"Tibor atya\" \/>\n\t<meta name=\"twitter:label2\" content=\"Becs\u00fclt olvas\u00e1si id\u0151\" \/>\n\t<meta name=\"twitter:data2\" content=\"4 perc\" \/>\n<script type=\"application\/ld+json\" class=\"yoast-schema-graph\">{\"@context\":\"https:\\\/\\\/schema.org\",\"@graph\":[{\"@type\":\"Article\",\"@id\":\"https:\\\/\\\/stuttgarti-katolikusok.de\\\/index.php\\\/benczur-urmossy-gabor-matyas-kiralyunkrol-szolo-eloadas-margojara\\\/#article\",\"isPartOf\":{\"@id\":\"https:\\\/\\\/stuttgarti-katolikusok.de\\\/index.php\\\/benczur-urmossy-gabor-matyas-kiralyunkrol-szolo-eloadas-margojara\\\/\"},\"author\":{\"name\":\"Tibor atya\",\"@id\":\"https:\\\/\\\/stuttgarti-katolikusok.de\\\/#\\\/schema\\\/person\\\/75908d6f8fdc03a57889d27209df7795\"},\"headline\":\"Bencz\u00far-\u00dcrm\u00f6ssy G\u00e1bor: M\u00e1ty\u00e1s kir\u00e1lyunkr\u00f3l sz\u00f3l\u00f3 el\u0151ad\u00e1s marg\u00f3j\u00e1ra\",\"datePublished\":\"2018-10-12T06:14:59+00:00\",\"dateModified\":\"2020-04-27T15:40:34+00:00\",\"mainEntityOfPage\":{\"@id\":\"https:\\\/\\\/stuttgarti-katolikusok.de\\\/index.php\\\/benczur-urmossy-gabor-matyas-kiralyunkrol-szolo-eloadas-margojara\\\/\"},\"wordCount\":885,\"articleSection\":[\"Olvas\u00f3ink \u00edrj\u00e1k\"],\"inLanguage\":\"hu\"},{\"@type\":\"WebPage\",\"@id\":\"https:\\\/\\\/stuttgarti-katolikusok.de\\\/index.php\\\/benczur-urmossy-gabor-matyas-kiralyunkrol-szolo-eloadas-margojara\\\/\",\"url\":\"https:\\\/\\\/stuttgarti-katolikusok.de\\\/index.php\\\/benczur-urmossy-gabor-matyas-kiralyunkrol-szolo-eloadas-margojara\\\/\",\"name\":\"Bencz\u00far-\u00dcrm\u00f6ssy G\u00e1bor: M\u00e1ty\u00e1s kir\u00e1lyunkr\u00f3l sz\u00f3l\u00f3 el\u0151ad\u00e1s marg\u00f3j\u00e1ra - Stuttgarti Katolikusok\",\"isPartOf\":{\"@id\":\"https:\\\/\\\/stuttgarti-katolikusok.de\\\/#website\"},\"datePublished\":\"2018-10-12T06:14:59+00:00\",\"dateModified\":\"2020-04-27T15:40:34+00:00\",\"author\":{\"@id\":\"https:\\\/\\\/stuttgarti-katolikusok.de\\\/#\\\/schema\\\/person\\\/75908d6f8fdc03a57889d27209df7795\"},\"breadcrumb\":{\"@id\":\"https:\\\/\\\/stuttgarti-katolikusok.de\\\/index.php\\\/benczur-urmossy-gabor-matyas-kiralyunkrol-szolo-eloadas-margojara\\\/#breadcrumb\"},\"inLanguage\":\"hu\",\"potentialAction\":[{\"@type\":\"ReadAction\",\"target\":[\"https:\\\/\\\/stuttgarti-katolikusok.de\\\/index.php\\\/benczur-urmossy-gabor-matyas-kiralyunkrol-szolo-eloadas-margojara\\\/\"]}]},{\"@type\":\"BreadcrumbList\",\"@id\":\"https:\\\/\\\/stuttgarti-katolikusok.de\\\/index.php\\\/benczur-urmossy-gabor-matyas-kiralyunkrol-szolo-eloadas-margojara\\\/#breadcrumb\",\"itemListElement\":[{\"@type\":\"ListItem\",\"position\":1,\"name\":\"Kezd\u0151lap\",\"item\":\"https:\\\/\\\/stuttgarti-katolikusok.de\\\/\"},{\"@type\":\"ListItem\",\"position\":2,\"name\":\"Bencz\u00far-\u00dcrm\u00f6ssy G\u00e1bor: M\u00e1ty\u00e1s kir\u00e1lyunkr\u00f3l sz\u00f3l\u00f3 el\u0151ad\u00e1s marg\u00f3j\u00e1ra\"}]},{\"@type\":\"WebSite\",\"@id\":\"https:\\\/\\\/stuttgarti-katolikusok.de\\\/#website\",\"url\":\"https:\\\/\\\/stuttgarti-katolikusok.de\\\/\",\"name\":\"Stuttgarti Katolikusok\",\"description\":\"\",\"potentialAction\":[{\"@type\":\"SearchAction\",\"target\":{\"@type\":\"EntryPoint\",\"urlTemplate\":\"https:\\\/\\\/stuttgarti-katolikusok.de\\\/?s={search_term_string}\"},\"query-input\":{\"@type\":\"PropertyValueSpecification\",\"valueRequired\":true,\"valueName\":\"search_term_string\"}}],\"inLanguage\":\"hu\"},{\"@type\":\"Person\",\"@id\":\"https:\\\/\\\/stuttgarti-katolikusok.de\\\/#\\\/schema\\\/person\\\/75908d6f8fdc03a57889d27209df7795\",\"name\":\"Tibor atya\",\"image\":{\"@type\":\"ImageObject\",\"inLanguage\":\"hu\",\"@id\":\"https:\\\/\\\/secure.gravatar.com\\\/avatar\\\/61d268e57d1f4525b111222e29d2d5a7f8c420fdbf231ba5566a8ceac74fa960?s=96&d=mm&r=g\",\"url\":\"https:\\\/\\\/secure.gravatar.com\\\/avatar\\\/61d268e57d1f4525b111222e29d2d5a7f8c420fdbf231ba5566a8ceac74fa960?s=96&d=mm&r=g\",\"contentUrl\":\"https:\\\/\\\/secure.gravatar.com\\\/avatar\\\/61d268e57d1f4525b111222e29d2d5a7f8c420fdbf231ba5566a8ceac74fa960?s=96&d=mm&r=g\",\"caption\":\"Tibor atya\"},\"url\":\"https:\\\/\\\/stuttgarti-katolikusok.de\\\/index.php\\\/author\\\/tibor-atya\\\/\"}]}<\/script>\n<!-- \/ Yoast SEO plugin. -->","yoast_head_json":{"title":"Bencz\u00far-\u00dcrm\u00f6ssy G\u00e1bor: M\u00e1ty\u00e1s kir\u00e1lyunkr\u00f3l sz\u00f3l\u00f3 el\u0151ad\u00e1s marg\u00f3j\u00e1ra - Stuttgarti Katolikusok","robots":{"index":"index","follow":"follow","max-snippet":"max-snippet:-1","max-image-preview":"max-image-preview:large","max-video-preview":"max-video-preview:-1"},"canonical":"https:\/\/stuttgarti-katolikusok.de\/index.php\/benczur-urmossy-gabor-matyas-kiralyunkrol-szolo-eloadas-margojara\/","og_locale":"hu_HU","og_type":"article","og_title":"Bencz\u00far-\u00dcrm\u00f6ssy G\u00e1bor: M\u00e1ty\u00e1s kir\u00e1lyunkr\u00f3l sz\u00f3l\u00f3 el\u0151ad\u00e1s marg\u00f3j\u00e1ra - Stuttgarti Katolikusok","og_description":"HIST\u00d3RIA \u00c9S M\u0170V\u00c9SZET Magas akad\u00e9miai szinten kaptunk egy b\u0151s\u00e9ges \u00e1ttekint\u00e9st a magyarok kedvenc kir\u00e1ly\u00e1r\u00f3l M\u00e1ty\u00e1sr\u00f3l. Gaal Gy\u00f6rgy tan\u00e1r \u00far szint\u00e9n kolozsv\u00e1ri. Sz\u00edve szerint besz\u00e9lt sz\u00e1m\u00e1ra is kedvenc t\u00e9m\u00e1j\u00e1r\u00f3l, nagy kir\u00e1lyunkr\u00f3l. A saj\u00e1tos erd\u00e9lyi, kolozsv\u00e1ri n\u00e9zet meglep\u0151, szeretetre m\u00e9lt\u00f3, elt\u00e9r az \u00e1tlagmagyar szeml\u00e9let\u00e9t\u0151l, aki Bud\u00e1ra, vagy a k\u00f6rny\u00e9k v\u00e1raiba\/v\u00e1rosaiba helyezi el M\u00e1ty\u00e1st. Stuttgartban a diaszpor\u00e1ban \u00e9lve r\u00e1nkf\u00e9r egy t\u00f6rt\u00e9nelem\u00f3ra ezen a szinten, ahol fogas politikai \u00e9s diplom\u00e1ciai k\u00e9rd\u00e9sek is megvitathat\u00f3k. A sok hadj\u00e1rat mellett a dinasztia-alap\u00edt\u00e1s kudarc\u00e1nak elemz\u00e9se volt meggy\u0151z\u0151. V\u00e9gt\u00e9re m\u00e9gis hi\u00e1nyoltam valamit, valami s z \u00e9 p e t. Nekem k\u00f6nny\u0171 a dolgom ezt a told\u00e1st \u00f6sszehoznom, csak h\u00e1trany\u00falok a k\u00f6nyvespolcra \u00e9s el\u0151veszem d\u00e9dap\u00e1m u.n. M\u00e1ty\u00e1s-ciklus\u00e1t. T\u00f6rt\u00e9nt ugyanis a kir\u00e1lyi v\u00e1r nagy \u00e9p\u00edtkez\u00e9sei sor\u00e1n, hogy 1902-ben megb\u00edzt\u00e1k \u0151t a Hunyaditerembe tervezett nyolc nagy festm\u00e9ny elk\u00e9sz\u00edt\u00e9s\u00e9vel. A terem k\u00f6zben \u00e9p\u00fclt a quattrocento st\u00edlus\u00e1ban, a falak form\u00e1ja, anyagai, sz\u00ednei, a visszafogott berendez\u00e9s b\u00fatorai nem kis probl\u00e9m\u00e1kat okozva. A termet uralta Fadrusz J\u00e1nos h\u00edres szobr\u00e1r\u00f3l k\u00e9sz\u00fclt lekicsiny\u00edtett m\u00e1solata. A nyolc k\u00e9p v\u00e1zlata hamarosan elk\u00e9sz\u00fclt, de a kivitelez\u00e9s nagyon elh\u00fazodott. Val\u00f3sz\u00edn\u0171leg a magas tiszteletd\u00edj fedezete sem volt biztos\u00edtott, v\u00e9g\u00fcl maga a kir\u00e1ly kezeskedett. A k\u00e9t \u00f3ri\u00e1sk\u00e9p (203&#215;435 cm) nagyot k\u00e9sve elk\u00e9sz\u00fclt, s elfoglalta hely\u00e9t. A k\u00f6z\u00f6ns\u00e9g sz\u00e1m\u00e1ra nem volt nyilv\u00e1nos a helys\u00e9g. A k\u00e9pek t\u00fal\u00e9ltek minden v\u00e9szt, hossz\u00fa ideig R\u00f3m\u00e1ban voltak a magyar k\u00f6vets\u00e9gen. Haszn\u00e1ljuk ki az alkalmat \u00e9s tekints\u00fck meg mind a nyolc k\u00e9p t\u00e9m\u00e1j\u00e1t. Az els\u0151 hat festm\u00e9ny kisebbre volt tervezve a helyi adotts\u00e1gokat k\u00f6vetve, de \u00edgy is impoz\u00e1ns nagys\u00e1g\u00faak (majd 2 m magas, m\u00e1sf\u00e9l &#8211; k\u00e9t \u00e9s f\u00e9l m sz\u00e9les). A v\u00e1zlatok 1\/3 \u00e9letnagys\u00e1g\u00fa alakokat mutatnak. M\u00e1ty\u00e1s kir\u00e1lly\u00e1 v\u00e1laszt\u00e1sa a Duna jeg\u00e9n. M\u00e1ty\u00e1s \u00e9s Holub\u00e1r. M\u00e1ty\u00e1s \u00e9s Beatrix esk\u00fcv\u0151je. M\u00e1ty\u00e1s az igazs\u00e1gos. M\u00e1ty\u00e1s m\u0151v\u00e9szei k\u00f6r\u00e9ben. A diadalmas M\u00e1ty\u00e1s, r\u00e9szlet, 1919 M\u00e1ty\u00e1s fogadja a p\u00e1pa k\u00f6veteit, 1915 A befagyott Dun\u00e1n minden m\u00e1s fest\u0151 t\u00f6meget festett volna, itt csak p\u00e1r alak kelti... R\u00e9szletek","og_url":"https:\/\/stuttgarti-katolikusok.de\/index.php\/benczur-urmossy-gabor-matyas-kiralyunkrol-szolo-eloadas-margojara\/","og_site_name":"Stuttgarti Katolikusok","article_published_time":"2018-10-12T06:14:59+00:00","article_modified_time":"2020-04-27T15:40:34+00:00","author":"Tibor atya","twitter_card":"summary_large_image","twitter_misc":{"Szerz\u0151:":"Tibor atya","Becs\u00fclt olvas\u00e1si id\u0151":"4 perc"},"schema":{"@context":"https:\/\/schema.org","@graph":[{"@type":"Article","@id":"https:\/\/stuttgarti-katolikusok.de\/index.php\/benczur-urmossy-gabor-matyas-kiralyunkrol-szolo-eloadas-margojara\/#article","isPartOf":{"@id":"https:\/\/stuttgarti-katolikusok.de\/index.php\/benczur-urmossy-gabor-matyas-kiralyunkrol-szolo-eloadas-margojara\/"},"author":{"name":"Tibor atya","@id":"https:\/\/stuttgarti-katolikusok.de\/#\/schema\/person\/75908d6f8fdc03a57889d27209df7795"},"headline":"Bencz\u00far-\u00dcrm\u00f6ssy G\u00e1bor: M\u00e1ty\u00e1s kir\u00e1lyunkr\u00f3l sz\u00f3l\u00f3 el\u0151ad\u00e1s marg\u00f3j\u00e1ra","datePublished":"2018-10-12T06:14:59+00:00","dateModified":"2020-04-27T15:40:34+00:00","mainEntityOfPage":{"@id":"https:\/\/stuttgarti-katolikusok.de\/index.php\/benczur-urmossy-gabor-matyas-kiralyunkrol-szolo-eloadas-margojara\/"},"wordCount":885,"articleSection":["Olvas\u00f3ink \u00edrj\u00e1k"],"inLanguage":"hu"},{"@type":"WebPage","@id":"https:\/\/stuttgarti-katolikusok.de\/index.php\/benczur-urmossy-gabor-matyas-kiralyunkrol-szolo-eloadas-margojara\/","url":"https:\/\/stuttgarti-katolikusok.de\/index.php\/benczur-urmossy-gabor-matyas-kiralyunkrol-szolo-eloadas-margojara\/","name":"Bencz\u00far-\u00dcrm\u00f6ssy G\u00e1bor: M\u00e1ty\u00e1s kir\u00e1lyunkr\u00f3l sz\u00f3l\u00f3 el\u0151ad\u00e1s marg\u00f3j\u00e1ra - Stuttgarti Katolikusok","isPartOf":{"@id":"https:\/\/stuttgarti-katolikusok.de\/#website"},"datePublished":"2018-10-12T06:14:59+00:00","dateModified":"2020-04-27T15:40:34+00:00","author":{"@id":"https:\/\/stuttgarti-katolikusok.de\/#\/schema\/person\/75908d6f8fdc03a57889d27209df7795"},"breadcrumb":{"@id":"https:\/\/stuttgarti-katolikusok.de\/index.php\/benczur-urmossy-gabor-matyas-kiralyunkrol-szolo-eloadas-margojara\/#breadcrumb"},"inLanguage":"hu","potentialAction":[{"@type":"ReadAction","target":["https:\/\/stuttgarti-katolikusok.de\/index.php\/benczur-urmossy-gabor-matyas-kiralyunkrol-szolo-eloadas-margojara\/"]}]},{"@type":"BreadcrumbList","@id":"https:\/\/stuttgarti-katolikusok.de\/index.php\/benczur-urmossy-gabor-matyas-kiralyunkrol-szolo-eloadas-margojara\/#breadcrumb","itemListElement":[{"@type":"ListItem","position":1,"name":"Kezd\u0151lap","item":"https:\/\/stuttgarti-katolikusok.de\/"},{"@type":"ListItem","position":2,"name":"Bencz\u00far-\u00dcrm\u00f6ssy G\u00e1bor: M\u00e1ty\u00e1s kir\u00e1lyunkr\u00f3l sz\u00f3l\u00f3 el\u0151ad\u00e1s marg\u00f3j\u00e1ra"}]},{"@type":"WebSite","@id":"https:\/\/stuttgarti-katolikusok.de\/#website","url":"https:\/\/stuttgarti-katolikusok.de\/","name":"Stuttgarti Katolikusok","description":"","potentialAction":[{"@type":"SearchAction","target":{"@type":"EntryPoint","urlTemplate":"https:\/\/stuttgarti-katolikusok.de\/?s={search_term_string}"},"query-input":{"@type":"PropertyValueSpecification","valueRequired":true,"valueName":"search_term_string"}}],"inLanguage":"hu"},{"@type":"Person","@id":"https:\/\/stuttgarti-katolikusok.de\/#\/schema\/person\/75908d6f8fdc03a57889d27209df7795","name":"Tibor atya","image":{"@type":"ImageObject","inLanguage":"hu","@id":"https:\/\/secure.gravatar.com\/avatar\/61d268e57d1f4525b111222e29d2d5a7f8c420fdbf231ba5566a8ceac74fa960?s=96&d=mm&r=g","url":"https:\/\/secure.gravatar.com\/avatar\/61d268e57d1f4525b111222e29d2d5a7f8c420fdbf231ba5566a8ceac74fa960?s=96&d=mm&r=g","contentUrl":"https:\/\/secure.gravatar.com\/avatar\/61d268e57d1f4525b111222e29d2d5a7f8c420fdbf231ba5566a8ceac74fa960?s=96&d=mm&r=g","caption":"Tibor atya"},"url":"https:\/\/stuttgarti-katolikusok.de\/index.php\/author\/tibor-atya\/"}]}},"_links":{"self":[{"href":"https:\/\/stuttgarti-katolikusok.de\/index.php\/wp-json\/wp\/v2\/posts\/15065","targetHints":{"allow":["GET"]}}],"collection":[{"href":"https:\/\/stuttgarti-katolikusok.de\/index.php\/wp-json\/wp\/v2\/posts"}],"about":[{"href":"https:\/\/stuttgarti-katolikusok.de\/index.php\/wp-json\/wp\/v2\/types\/post"}],"author":[{"embeddable":true,"href":"https:\/\/stuttgarti-katolikusok.de\/index.php\/wp-json\/wp\/v2\/users\/3"}],"replies":[{"embeddable":true,"href":"https:\/\/stuttgarti-katolikusok.de\/index.php\/wp-json\/wp\/v2\/comments?post=15065"}],"version-history":[{"count":1,"href":"https:\/\/stuttgarti-katolikusok.de\/index.php\/wp-json\/wp\/v2\/posts\/15065\/revisions"}],"predecessor-version":[{"id":15067,"href":"https:\/\/stuttgarti-katolikusok.de\/index.php\/wp-json\/wp\/v2\/posts\/15065\/revisions\/15067"}],"wp:attachment":[{"href":"https:\/\/stuttgarti-katolikusok.de\/index.php\/wp-json\/wp\/v2\/media?parent=15065"}],"wp:term":[{"taxonomy":"category","embeddable":true,"href":"https:\/\/stuttgarti-katolikusok.de\/index.php\/wp-json\/wp\/v2\/categories?post=15065"},{"taxonomy":"post_tag","embeddable":true,"href":"https:\/\/stuttgarti-katolikusok.de\/index.php\/wp-json\/wp\/v2\/tags?post=15065"}],"curies":[{"name":"wp","href":"https:\/\/api.w.org\/{rel}","templated":true}]}}