{"id":15062,"date":"2018-10-12T05:56:29","date_gmt":"2018-10-12T05:56:29","guid":{"rendered":"https:\/\/gracious-dewdney.138-201-221-2.plesk.page\/?p=15062"},"modified":"2018-10-15T23:37:23","modified_gmt":"2018-10-15T23:37:23","slug":"megyeri-andrea-az-elso-heidenheimi-templombucsu","status":"publish","type":"post","link":"https:\/\/stuttgarti-katolikusok.de\/index.php\/megyeri-andrea-az-elso-heidenheimi-templombucsu\/","title":{"rendered":"Megyeri Andrea: Az els\u0151 heidenheimi templomb\u00facs\u00fa"},"content":{"rendered":"<p><strong>Heidenheimi b\u00facs\u00fa<\/strong><\/p>\n<p>Szeptember 22-\u00e9n tartottuk kis k\u00f6z\u00f6ss\u00e9g\u00fcnk els\u0151 templomb\u00facs\u00faj\u00e1t Heidenheim-ben. A ny\u00e1ri szabads\u00e1gok ut\u00e1n, \u00f6r\u00f6m volt \u00fajra egy\u00fctt lenni \u00e9s meg\u00fcnnepelni Szent Istv\u00e1n kir\u00e1lyunkat. J\u00f3 volt Tibor aty\u00e1t is mosolyg\u00f3san l\u00e1tni! Nagyon \u00f6r\u00fclt\u00fcnk neki, hogy elj\u00f6tt hozz\u00e1nk \u00e9s egy sz\u00e9p szentmis\u00e9vel tette eml\u00e9kezetess\u00e9 az els\u0151 b\u00facs\u00fankat.<\/p>\n<p>Egy sz\u00e9p Wass Albert t\u00f6rt\u00e9netet is elmes\u00e9lt (El\u0151hang) a hit fontoss\u00e1g\u00e1r\u00f3l, amelyben egy ember homokszemekb\u0151l, hittel \u00e9s k\u00f6ddel \u00e9p\u00edti a torny\u00e1t. J\u00f6het sz\u00e9l, es\u0151, semmi nem rombolja le a tornyot. Amikor pedig az emberek lerombolj\u00e1k, \u0151 nem z\u00fagol\u00f3dik, hanem \u00fajra fel\u00e9p\u00edti homokszemekb\u0151l, \u00e9s k\u00f6ddel meg hittel ragasztja \u00f6ssze.<\/p>\n<p>Kelemen J\u00f3zsef orgonista j\u00f6tt hozz\u00e1nk Ulm-b\u00f3l, hogy csodasz\u00e9p orgonaj\u00e1t\u00e9k\u00e1val \u00f6rvendeztessen meg mindket az \u00fcnnepi szentmis\u00e9n.<\/p>\n<p>A keny\u00e9rszentel\u00e9s ut\u00e1n lement\u00fcnk a k\u00f6z\u00f6ss\u00e9gi terembe, ahol \u00fcnnepi m\u0171sor vette kezdet\u00e9t,\u00a0 Barssy-Szab\u00f3 Brigitta vezet\u00e9s\u00e9vel, aki el\u0151bb elmes\u00e9lte nek\u00fcnk, hogy m\u00e1r Istv\u00e1n sz\u00fclet\u00e9se is \u00e9gi pr\u00f3f\u00e9cia volt. Sarolta egy csod\u00e1latos \u00e1lmot l\u00e1tott amelyben megj\u00f6vend\u0151lt\u00e9k neki Istv\u00e1n sz\u00fclet\u00e9s\u00e9t, aki majd el\u0151sz\u00f6r viseli a koron\u00e1t az orsz\u00e1gban.<\/p>\n<p>Ut\u00e1na Konkolj Jutka olvasott fel egy sz\u00e9p verset Istv\u00e1n kir\u00e1lyr\u00f3l, majd Cs\u00e1k\u00e1ny Vikt\u00f3ria olvasta el nek\u00fcnk, hogyan kapta meg Istv\u00e1n a koron\u00e1t.<\/p>\n<p>A m\u0171sor megkoron\u00e1z\u00e1sak\u00e9nt fell\u00e9pett, \u00e9s megt\u00e1ncoltatott minket a Szilaj n\u00e9pt\u00e1ncegy\u00fcttes! Nagyon j\u00f3 hangulatot var\u00e1zsoltak, \u00e9s \u00f6r\u00f6m volt l\u00e1tni, hogy a t\u00e1nctan\u00edt\u00e1s alatt, milyen sokan t\u00e1ncoltak vel\u00fck.<\/p>\n<p>Miut\u00e1n a t\u00e1ncban j\u00f3l kimelegedt\u00fcnk, mindenki j\u00f3llakott a finom s\u00fctem\u00e9nyekkel, j\u00f3kat besz\u00e9lgett\u00fcnk, a gyerekek pedig \u00e9lvezettel v\u00e1rakoztak az arcfest\u00e9sre.<\/p>\n<p><em>Megyeri Andrea<\/em><\/p>\n<p><em>\u00a0<\/em><\/p>\n<p>Fogadj\u00e1tok szeretettel az ott k\u00e9sz\u00fclt k\u00e9peket!<\/p>\n\n            \n","protected":false},"excerpt":{"rendered":"<p>Heidenheimi b\u00facs\u00fa Szeptember 22-\u00e9n tartottuk kis k\u00f6z\u00f6ss\u00e9g\u00fcnk els\u0151 templomb\u00facs\u00faj\u00e1t Heidenheim-ben. A ny\u00e1ri szabads\u00e1gok ut\u00e1n, \u00f6r\u00f6m volt \u00fajra egy\u00fctt lenni \u00e9s meg\u00fcnnepelni Szent Istv\u00e1n kir\u00e1lyunkat. J\u00f3 volt Tibor aty\u00e1t is mosolyg\u00f3san l\u00e1tni! Nagyon \u00f6r\u00fclt\u00fcnk neki, hogy elj\u00f6tt hozz\u00e1nk \u00e9s egy sz\u00e9p szentmis\u00e9vel tette eml\u00e9kezetess\u00e9 az els\u0151 b\u00facs\u00fankat. Egy sz\u00e9p Wass Albert t\u00f6rt\u00e9netet is elmes\u00e9lt (El\u0151hang) a hit fontoss\u00e1g\u00e1r\u00f3l, amelyben egy ember homokszemekb\u0151l, hittel \u00e9s k\u00f6ddel \u00e9p\u00edti a torny\u00e1t. J\u00f6het sz\u00e9l, es\u0151, semmi nem rombolja le a tornyot. Amikor pedig az emberek lerombolj\u00e1k, \u0151 nem z\u00fagol\u00f3dik, hanem \u00fajra fel\u00e9p\u00edti homokszemekb\u0151l, \u00e9s k\u00f6ddel meg hittel ragasztja \u00f6ssze. Kelemen J\u00f3zsef orgonista j\u00f6tt hozz\u00e1nk Ulm-b\u00f3l, hogy csodasz\u00e9p orgonaj\u00e1t\u00e9k\u00e1val \u00f6rvendeztessen meg mindket az \u00fcnnepi szentmis\u00e9n. A keny\u00e9rszentel\u00e9s ut\u00e1n lement\u00fcnk a k\u00f6z\u00f6ss\u00e9gi terembe, ahol \u00fcnnepi m\u0171sor vette kezdet\u00e9t,\u00a0 Barssy-Szab\u00f3 Brigitta vezet\u00e9s\u00e9vel, aki el\u0151bb elmes\u00e9lte nek\u00fcnk, hogy m\u00e1r Istv\u00e1n sz\u00fclet\u00e9se is \u00e9gi pr\u00f3f\u00e9cia volt. Sarolta egy csod\u00e1latos \u00e1lmot l\u00e1tott amelyben megj\u00f6vend\u0151lt\u00e9k neki Istv\u00e1n sz\u00fclet\u00e9s\u00e9t, aki majd el\u0151sz\u00f6r viseli a koron\u00e1t az orsz\u00e1gban. Ut\u00e1na Konkolj Jutka olvasott fel egy sz\u00e9p verset Istv\u00e1n kir\u00e1lyr\u00f3l, majd Cs\u00e1k\u00e1ny Vikt\u00f3ria olvasta el nek\u00fcnk, hogyan kapta meg Istv\u00e1n a koron\u00e1t. A m\u0171sor megkoron\u00e1z\u00e1sak\u00e9nt fell\u00e9pett, \u00e9s megt\u00e1ncoltatott minket a Szilaj n\u00e9pt\u00e1ncegy\u00fcttes! Nagyon j\u00f3 hangulatot var\u00e1zsoltak, \u00e9s \u00f6r\u00f6m volt l\u00e1tni, hogy a t\u00e1nctan\u00edt\u00e1s alatt, milyen sokan t\u00e1ncoltak vel\u00fck. Miut\u00e1n a t\u00e1ncban j\u00f3l kimelegedt\u00fcnk, mindenki j\u00f3llakott a finom s\u00fctem\u00e9nyekkel, j\u00f3kat besz\u00e9lgett\u00fcnk, a gyerekek pedig \u00e9lvezettel v\u00e1rakoztak az arcfest\u00e9sre. Megyeri Andrea \u00a0 Fogadj\u00e1tok szeretettel az ott k\u00e9sz\u00fclt k\u00e9peket!<\/p>\n","protected":false},"author":3,"featured_media":15063,"comment_status":"closed","ping_status":"closed","sticky":false,"template":"","format":"gallery","meta":{"footnotes":""},"categories":[28],"tags":[],"class_list":["post-15062","post","type-post","status-publish","format-gallery","has-post-thumbnail","hentry","category-olvasoink-irjak","post_format-post-format-gallery"],"yoast_head":"<!-- This site is optimized with the Yoast SEO plugin v27.3 - https:\/\/yoast.com\/product\/yoast-seo-wordpress\/ -->\n<title>Megyeri Andrea: Az els\u0151 heidenheimi templomb\u00facs\u00fa - Stuttgarti Katolikusok<\/title>\n<meta name=\"robots\" content=\"index, follow, max-snippet:-1, max-image-preview:large, max-video-preview:-1\" \/>\n<link rel=\"canonical\" href=\"https:\/\/stuttgarti-katolikusok.de\/index.php\/megyeri-andrea-az-elso-heidenheimi-templombucsu\/\" \/>\n<meta property=\"og:locale\" content=\"hu_HU\" \/>\n<meta property=\"og:type\" content=\"article\" \/>\n<meta property=\"og:title\" content=\"Megyeri Andrea: Az els\u0151 heidenheimi templomb\u00facs\u00fa - Stuttgarti Katolikusok\" \/>\n<meta property=\"og:description\" content=\"Heidenheimi b\u00facs\u00fa Szeptember 22-\u00e9n tartottuk kis k\u00f6z\u00f6ss\u00e9g\u00fcnk els\u0151 templomb\u00facs\u00faj\u00e1t Heidenheim-ben. A ny\u00e1ri szabads\u00e1gok ut\u00e1n, \u00f6r\u00f6m volt \u00fajra egy\u00fctt lenni \u00e9s meg\u00fcnnepelni Szent Istv\u00e1n kir\u00e1lyunkat. J\u00f3 volt Tibor aty\u00e1t is mosolyg\u00f3san l\u00e1tni! Nagyon \u00f6r\u00fclt\u00fcnk neki, hogy elj\u00f6tt hozz\u00e1nk \u00e9s egy sz\u00e9p szentmis\u00e9vel tette eml\u00e9kezetess\u00e9 az els\u0151 b\u00facs\u00fankat. Egy sz\u00e9p Wass Albert t\u00f6rt\u00e9netet is elmes\u00e9lt (El\u0151hang) a hit fontoss\u00e1g\u00e1r\u00f3l, amelyben egy ember homokszemekb\u0151l, hittel \u00e9s k\u00f6ddel \u00e9p\u00edti a torny\u00e1t. J\u00f6het sz\u00e9l, es\u0151, semmi nem rombolja le a tornyot. Amikor pedig az emberek lerombolj\u00e1k, \u0151 nem z\u00fagol\u00f3dik, hanem \u00fajra fel\u00e9p\u00edti homokszemekb\u0151l, \u00e9s k\u00f6ddel meg hittel ragasztja \u00f6ssze. Kelemen J\u00f3zsef orgonista j\u00f6tt hozz\u00e1nk Ulm-b\u00f3l, hogy csodasz\u00e9p orgonaj\u00e1t\u00e9k\u00e1val \u00f6rvendeztessen meg mindket az \u00fcnnepi szentmis\u00e9n. A keny\u00e9rszentel\u00e9s ut\u00e1n lement\u00fcnk a k\u00f6z\u00f6ss\u00e9gi terembe, ahol \u00fcnnepi m\u0171sor vette kezdet\u00e9t,\u00a0 Barssy-Szab\u00f3 Brigitta vezet\u00e9s\u00e9vel, aki el\u0151bb elmes\u00e9lte nek\u00fcnk, hogy m\u00e1r Istv\u00e1n sz\u00fclet\u00e9se is \u00e9gi pr\u00f3f\u00e9cia volt. Sarolta egy csod\u00e1latos \u00e1lmot l\u00e1tott amelyben megj\u00f6vend\u0151lt\u00e9k neki Istv\u00e1n sz\u00fclet\u00e9s\u00e9t, aki majd el\u0151sz\u00f6r viseli a koron\u00e1t az orsz\u00e1gban. Ut\u00e1na Konkolj Jutka olvasott fel egy sz\u00e9p verset Istv\u00e1n kir\u00e1lyr\u00f3l, majd Cs\u00e1k\u00e1ny Vikt\u00f3ria olvasta el nek\u00fcnk, hogyan kapta meg Istv\u00e1n a koron\u00e1t. A m\u0171sor megkoron\u00e1z\u00e1sak\u00e9nt fell\u00e9pett, \u00e9s megt\u00e1ncoltatott minket a Szilaj n\u00e9pt\u00e1ncegy\u00fcttes! Nagyon j\u00f3 hangulatot var\u00e1zsoltak, \u00e9s \u00f6r\u00f6m volt l\u00e1tni, hogy a t\u00e1nctan\u00edt\u00e1s alatt, milyen sokan t\u00e1ncoltak vel\u00fck. Miut\u00e1n a t\u00e1ncban j\u00f3l kimelegedt\u00fcnk, mindenki j\u00f3llakott a finom s\u00fctem\u00e9nyekkel, j\u00f3kat besz\u00e9lgett\u00fcnk, a gyerekek pedig \u00e9lvezettel v\u00e1rakoztak az arcfest\u00e9sre. Megyeri Andrea \u00a0 Fogadj\u00e1tok szeretettel az ott k\u00e9sz\u00fclt k\u00e9peket!\" \/>\n<meta property=\"og:url\" content=\"https:\/\/stuttgarti-katolikusok.de\/index.php\/megyeri-andrea-az-elso-heidenheimi-templombucsu\/\" \/>\n<meta property=\"og:site_name\" content=\"Stuttgarti Katolikusok\" \/>\n<meta property=\"article:published_time\" content=\"2018-10-12T05:56:29+00:00\" \/>\n<meta property=\"article:modified_time\" content=\"2018-10-15T23:37:23+00:00\" \/>\n<meta property=\"og:image\" content=\"https:\/\/stuttgarti-katolikusok.de\/wp-content\/uploads\/2018\/10\/heidenheim2.jpg\" \/>\n\t<meta property=\"og:image:width\" content=\"2048\" \/>\n\t<meta property=\"og:image:height\" content=\"1536\" \/>\n\t<meta property=\"og:image:type\" content=\"image\/jpeg\" \/>\n<meta name=\"author\" content=\"Tibor atya\" \/>\n<meta name=\"twitter:card\" content=\"summary_large_image\" \/>\n<meta name=\"twitter:label1\" content=\"Szerz\u0151:\" \/>\n\t<meta name=\"twitter:data1\" content=\"Tibor atya\" \/>\n\t<meta name=\"twitter:label2\" content=\"Becs\u00fclt olvas\u00e1si id\u0151\" \/>\n\t<meta name=\"twitter:data2\" content=\"2 perc\" \/>\n<script type=\"application\/ld+json\" class=\"yoast-schema-graph\">{\"@context\":\"https:\\\/\\\/schema.org\",\"@graph\":[{\"@type\":\"Article\",\"@id\":\"https:\\\/\\\/stuttgarti-katolikusok.de\\\/index.php\\\/megyeri-andrea-az-elso-heidenheimi-templombucsu\\\/#article\",\"isPartOf\":{\"@id\":\"https:\\\/\\\/stuttgarti-katolikusok.de\\\/index.php\\\/megyeri-andrea-az-elso-heidenheimi-templombucsu\\\/\"},\"author\":{\"name\":\"Tibor atya\",\"@id\":\"https:\\\/\\\/stuttgarti-katolikusok.de\\\/#\\\/schema\\\/person\\\/75908d6f8fdc03a57889d27209df7795\"},\"headline\":\"Megyeri Andrea: Az els\u0151 heidenheimi templomb\u00facs\u00fa\",\"datePublished\":\"2018-10-12T05:56:29+00:00\",\"dateModified\":\"2018-10-15T23:37:23+00:00\",\"mainEntityOfPage\":{\"@id\":\"https:\\\/\\\/stuttgarti-katolikusok.de\\\/index.php\\\/megyeri-andrea-az-elso-heidenheimi-templombucsu\\\/\"},\"wordCount\":373,\"image\":{\"@id\":\"https:\\\/\\\/stuttgarti-katolikusok.de\\\/index.php\\\/megyeri-andrea-az-elso-heidenheimi-templombucsu\\\/#primaryimage\"},\"thumbnailUrl\":\"https:\\\/\\\/stuttgarti-katolikusok.de\\\/wp-content\\\/uploads\\\/2018\\\/10\\\/heidenheim2.jpg\",\"articleSection\":[\"Olvas\u00f3ink \u00edrj\u00e1k\"],\"inLanguage\":\"hu\"},{\"@type\":\"WebPage\",\"@id\":\"https:\\\/\\\/stuttgarti-katolikusok.de\\\/index.php\\\/megyeri-andrea-az-elso-heidenheimi-templombucsu\\\/\",\"url\":\"https:\\\/\\\/stuttgarti-katolikusok.de\\\/index.php\\\/megyeri-andrea-az-elso-heidenheimi-templombucsu\\\/\",\"name\":\"Megyeri Andrea: Az els\u0151 heidenheimi templomb\u00facs\u00fa - Stuttgarti Katolikusok\",\"isPartOf\":{\"@id\":\"https:\\\/\\\/stuttgarti-katolikusok.de\\\/#website\"},\"primaryImageOfPage\":{\"@id\":\"https:\\\/\\\/stuttgarti-katolikusok.de\\\/index.php\\\/megyeri-andrea-az-elso-heidenheimi-templombucsu\\\/#primaryimage\"},\"image\":{\"@id\":\"https:\\\/\\\/stuttgarti-katolikusok.de\\\/index.php\\\/megyeri-andrea-az-elso-heidenheimi-templombucsu\\\/#primaryimage\"},\"thumbnailUrl\":\"https:\\\/\\\/stuttgarti-katolikusok.de\\\/wp-content\\\/uploads\\\/2018\\\/10\\\/heidenheim2.jpg\",\"datePublished\":\"2018-10-12T05:56:29+00:00\",\"dateModified\":\"2018-10-15T23:37:23+00:00\",\"author\":{\"@id\":\"https:\\\/\\\/stuttgarti-katolikusok.de\\\/#\\\/schema\\\/person\\\/75908d6f8fdc03a57889d27209df7795\"},\"breadcrumb\":{\"@id\":\"https:\\\/\\\/stuttgarti-katolikusok.de\\\/index.php\\\/megyeri-andrea-az-elso-heidenheimi-templombucsu\\\/#breadcrumb\"},\"inLanguage\":\"hu\",\"potentialAction\":[{\"@type\":\"ReadAction\",\"target\":[\"https:\\\/\\\/stuttgarti-katolikusok.de\\\/index.php\\\/megyeri-andrea-az-elso-heidenheimi-templombucsu\\\/\"]}]},{\"@type\":\"ImageObject\",\"inLanguage\":\"hu\",\"@id\":\"https:\\\/\\\/stuttgarti-katolikusok.de\\\/index.php\\\/megyeri-andrea-az-elso-heidenheimi-templombucsu\\\/#primaryimage\",\"url\":\"https:\\\/\\\/stuttgarti-katolikusok.de\\\/wp-content\\\/uploads\\\/2018\\\/10\\\/heidenheim2.jpg\",\"contentUrl\":\"https:\\\/\\\/stuttgarti-katolikusok.de\\\/wp-content\\\/uploads\\\/2018\\\/10\\\/heidenheim2.jpg\",\"width\":2048,\"height\":1536},{\"@type\":\"BreadcrumbList\",\"@id\":\"https:\\\/\\\/stuttgarti-katolikusok.de\\\/index.php\\\/megyeri-andrea-az-elso-heidenheimi-templombucsu\\\/#breadcrumb\",\"itemListElement\":[{\"@type\":\"ListItem\",\"position\":1,\"name\":\"Kezd\u0151lap\",\"item\":\"https:\\\/\\\/stuttgarti-katolikusok.de\\\/\"},{\"@type\":\"ListItem\",\"position\":2,\"name\":\"Megyeri Andrea: Az els\u0151 heidenheimi templomb\u00facs\u00fa\"}]},{\"@type\":\"WebSite\",\"@id\":\"https:\\\/\\\/stuttgarti-katolikusok.de\\\/#website\",\"url\":\"https:\\\/\\\/stuttgarti-katolikusok.de\\\/\",\"name\":\"Stuttgarti Katolikusok\",\"description\":\"\",\"potentialAction\":[{\"@type\":\"SearchAction\",\"target\":{\"@type\":\"EntryPoint\",\"urlTemplate\":\"https:\\\/\\\/stuttgarti-katolikusok.de\\\/?s={search_term_string}\"},\"query-input\":{\"@type\":\"PropertyValueSpecification\",\"valueRequired\":true,\"valueName\":\"search_term_string\"}}],\"inLanguage\":\"hu\"},{\"@type\":\"Person\",\"@id\":\"https:\\\/\\\/stuttgarti-katolikusok.de\\\/#\\\/schema\\\/person\\\/75908d6f8fdc03a57889d27209df7795\",\"name\":\"Tibor atya\",\"image\":{\"@type\":\"ImageObject\",\"inLanguage\":\"hu\",\"@id\":\"https:\\\/\\\/secure.gravatar.com\\\/avatar\\\/61d268e57d1f4525b111222e29d2d5a7f8c420fdbf231ba5566a8ceac74fa960?s=96&d=mm&r=g\",\"url\":\"https:\\\/\\\/secure.gravatar.com\\\/avatar\\\/61d268e57d1f4525b111222e29d2d5a7f8c420fdbf231ba5566a8ceac74fa960?s=96&d=mm&r=g\",\"contentUrl\":\"https:\\\/\\\/secure.gravatar.com\\\/avatar\\\/61d268e57d1f4525b111222e29d2d5a7f8c420fdbf231ba5566a8ceac74fa960?s=96&d=mm&r=g\",\"caption\":\"Tibor atya\"},\"url\":\"https:\\\/\\\/stuttgarti-katolikusok.de\\\/index.php\\\/author\\\/tibor-atya\\\/\"}]}<\/script>\n<!-- \/ Yoast SEO plugin. -->","yoast_head_json":{"title":"Megyeri Andrea: Az els\u0151 heidenheimi templomb\u00facs\u00fa - Stuttgarti Katolikusok","robots":{"index":"index","follow":"follow","max-snippet":"max-snippet:-1","max-image-preview":"max-image-preview:large","max-video-preview":"max-video-preview:-1"},"canonical":"https:\/\/stuttgarti-katolikusok.de\/index.php\/megyeri-andrea-az-elso-heidenheimi-templombucsu\/","og_locale":"hu_HU","og_type":"article","og_title":"Megyeri Andrea: Az els\u0151 heidenheimi templomb\u00facs\u00fa - Stuttgarti Katolikusok","og_description":"Heidenheimi b\u00facs\u00fa Szeptember 22-\u00e9n tartottuk kis k\u00f6z\u00f6ss\u00e9g\u00fcnk els\u0151 templomb\u00facs\u00faj\u00e1t Heidenheim-ben. A ny\u00e1ri szabads\u00e1gok ut\u00e1n, \u00f6r\u00f6m volt \u00fajra egy\u00fctt lenni \u00e9s meg\u00fcnnepelni Szent Istv\u00e1n kir\u00e1lyunkat. J\u00f3 volt Tibor aty\u00e1t is mosolyg\u00f3san l\u00e1tni! Nagyon \u00f6r\u00fclt\u00fcnk neki, hogy elj\u00f6tt hozz\u00e1nk \u00e9s egy sz\u00e9p szentmis\u00e9vel tette eml\u00e9kezetess\u00e9 az els\u0151 b\u00facs\u00fankat. Egy sz\u00e9p Wass Albert t\u00f6rt\u00e9netet is elmes\u00e9lt (El\u0151hang) a hit fontoss\u00e1g\u00e1r\u00f3l, amelyben egy ember homokszemekb\u0151l, hittel \u00e9s k\u00f6ddel \u00e9p\u00edti a torny\u00e1t. J\u00f6het sz\u00e9l, es\u0151, semmi nem rombolja le a tornyot. Amikor pedig az emberek lerombolj\u00e1k, \u0151 nem z\u00fagol\u00f3dik, hanem \u00fajra fel\u00e9p\u00edti homokszemekb\u0151l, \u00e9s k\u00f6ddel meg hittel ragasztja \u00f6ssze. Kelemen J\u00f3zsef orgonista j\u00f6tt hozz\u00e1nk Ulm-b\u00f3l, hogy csodasz\u00e9p orgonaj\u00e1t\u00e9k\u00e1val \u00f6rvendeztessen meg mindket az \u00fcnnepi szentmis\u00e9n. A keny\u00e9rszentel\u00e9s ut\u00e1n lement\u00fcnk a k\u00f6z\u00f6ss\u00e9gi terembe, ahol \u00fcnnepi m\u0171sor vette kezdet\u00e9t,\u00a0 Barssy-Szab\u00f3 Brigitta vezet\u00e9s\u00e9vel, aki el\u0151bb elmes\u00e9lte nek\u00fcnk, hogy m\u00e1r Istv\u00e1n sz\u00fclet\u00e9se is \u00e9gi pr\u00f3f\u00e9cia volt. Sarolta egy csod\u00e1latos \u00e1lmot l\u00e1tott amelyben megj\u00f6vend\u0151lt\u00e9k neki Istv\u00e1n sz\u00fclet\u00e9s\u00e9t, aki majd el\u0151sz\u00f6r viseli a koron\u00e1t az orsz\u00e1gban. Ut\u00e1na Konkolj Jutka olvasott fel egy sz\u00e9p verset Istv\u00e1n kir\u00e1lyr\u00f3l, majd Cs\u00e1k\u00e1ny Vikt\u00f3ria olvasta el nek\u00fcnk, hogyan kapta meg Istv\u00e1n a koron\u00e1t. A m\u0171sor megkoron\u00e1z\u00e1sak\u00e9nt fell\u00e9pett, \u00e9s megt\u00e1ncoltatott minket a Szilaj n\u00e9pt\u00e1ncegy\u00fcttes! Nagyon j\u00f3 hangulatot var\u00e1zsoltak, \u00e9s \u00f6r\u00f6m volt l\u00e1tni, hogy a t\u00e1nctan\u00edt\u00e1s alatt, milyen sokan t\u00e1ncoltak vel\u00fck. Miut\u00e1n a t\u00e1ncban j\u00f3l kimelegedt\u00fcnk, mindenki j\u00f3llakott a finom s\u00fctem\u00e9nyekkel, j\u00f3kat besz\u00e9lgett\u00fcnk, a gyerekek pedig \u00e9lvezettel v\u00e1rakoztak az arcfest\u00e9sre. Megyeri Andrea \u00a0 Fogadj\u00e1tok szeretettel az ott k\u00e9sz\u00fclt k\u00e9peket!","og_url":"https:\/\/stuttgarti-katolikusok.de\/index.php\/megyeri-andrea-az-elso-heidenheimi-templombucsu\/","og_site_name":"Stuttgarti Katolikusok","article_published_time":"2018-10-12T05:56:29+00:00","article_modified_time":"2018-10-15T23:37:23+00:00","og_image":[{"width":2048,"height":1536,"url":"https:\/\/stuttgarti-katolikusok.de\/wp-content\/uploads\/2018\/10\/heidenheim2.jpg","type":"image\/jpeg"}],"author":"Tibor atya","twitter_card":"summary_large_image","twitter_misc":{"Szerz\u0151:":"Tibor atya","Becs\u00fclt olvas\u00e1si id\u0151":"2 perc"},"schema":{"@context":"https:\/\/schema.org","@graph":[{"@type":"Article","@id":"https:\/\/stuttgarti-katolikusok.de\/index.php\/megyeri-andrea-az-elso-heidenheimi-templombucsu\/#article","isPartOf":{"@id":"https:\/\/stuttgarti-katolikusok.de\/index.php\/megyeri-andrea-az-elso-heidenheimi-templombucsu\/"},"author":{"name":"Tibor atya","@id":"https:\/\/stuttgarti-katolikusok.de\/#\/schema\/person\/75908d6f8fdc03a57889d27209df7795"},"headline":"Megyeri Andrea: Az els\u0151 heidenheimi templomb\u00facs\u00fa","datePublished":"2018-10-12T05:56:29+00:00","dateModified":"2018-10-15T23:37:23+00:00","mainEntityOfPage":{"@id":"https:\/\/stuttgarti-katolikusok.de\/index.php\/megyeri-andrea-az-elso-heidenheimi-templombucsu\/"},"wordCount":373,"image":{"@id":"https:\/\/stuttgarti-katolikusok.de\/index.php\/megyeri-andrea-az-elso-heidenheimi-templombucsu\/#primaryimage"},"thumbnailUrl":"https:\/\/stuttgarti-katolikusok.de\/wp-content\/uploads\/2018\/10\/heidenheim2.jpg","articleSection":["Olvas\u00f3ink \u00edrj\u00e1k"],"inLanguage":"hu"},{"@type":"WebPage","@id":"https:\/\/stuttgarti-katolikusok.de\/index.php\/megyeri-andrea-az-elso-heidenheimi-templombucsu\/","url":"https:\/\/stuttgarti-katolikusok.de\/index.php\/megyeri-andrea-az-elso-heidenheimi-templombucsu\/","name":"Megyeri Andrea: Az els\u0151 heidenheimi templomb\u00facs\u00fa - Stuttgarti Katolikusok","isPartOf":{"@id":"https:\/\/stuttgarti-katolikusok.de\/#website"},"primaryImageOfPage":{"@id":"https:\/\/stuttgarti-katolikusok.de\/index.php\/megyeri-andrea-az-elso-heidenheimi-templombucsu\/#primaryimage"},"image":{"@id":"https:\/\/stuttgarti-katolikusok.de\/index.php\/megyeri-andrea-az-elso-heidenheimi-templombucsu\/#primaryimage"},"thumbnailUrl":"https:\/\/stuttgarti-katolikusok.de\/wp-content\/uploads\/2018\/10\/heidenheim2.jpg","datePublished":"2018-10-12T05:56:29+00:00","dateModified":"2018-10-15T23:37:23+00:00","author":{"@id":"https:\/\/stuttgarti-katolikusok.de\/#\/schema\/person\/75908d6f8fdc03a57889d27209df7795"},"breadcrumb":{"@id":"https:\/\/stuttgarti-katolikusok.de\/index.php\/megyeri-andrea-az-elso-heidenheimi-templombucsu\/#breadcrumb"},"inLanguage":"hu","potentialAction":[{"@type":"ReadAction","target":["https:\/\/stuttgarti-katolikusok.de\/index.php\/megyeri-andrea-az-elso-heidenheimi-templombucsu\/"]}]},{"@type":"ImageObject","inLanguage":"hu","@id":"https:\/\/stuttgarti-katolikusok.de\/index.php\/megyeri-andrea-az-elso-heidenheimi-templombucsu\/#primaryimage","url":"https:\/\/stuttgarti-katolikusok.de\/wp-content\/uploads\/2018\/10\/heidenheim2.jpg","contentUrl":"https:\/\/stuttgarti-katolikusok.de\/wp-content\/uploads\/2018\/10\/heidenheim2.jpg","width":2048,"height":1536},{"@type":"BreadcrumbList","@id":"https:\/\/stuttgarti-katolikusok.de\/index.php\/megyeri-andrea-az-elso-heidenheimi-templombucsu\/#breadcrumb","itemListElement":[{"@type":"ListItem","position":1,"name":"Kezd\u0151lap","item":"https:\/\/stuttgarti-katolikusok.de\/"},{"@type":"ListItem","position":2,"name":"Megyeri Andrea: Az els\u0151 heidenheimi templomb\u00facs\u00fa"}]},{"@type":"WebSite","@id":"https:\/\/stuttgarti-katolikusok.de\/#website","url":"https:\/\/stuttgarti-katolikusok.de\/","name":"Stuttgarti Katolikusok","description":"","potentialAction":[{"@type":"SearchAction","target":{"@type":"EntryPoint","urlTemplate":"https:\/\/stuttgarti-katolikusok.de\/?s={search_term_string}"},"query-input":{"@type":"PropertyValueSpecification","valueRequired":true,"valueName":"search_term_string"}}],"inLanguage":"hu"},{"@type":"Person","@id":"https:\/\/stuttgarti-katolikusok.de\/#\/schema\/person\/75908d6f8fdc03a57889d27209df7795","name":"Tibor atya","image":{"@type":"ImageObject","inLanguage":"hu","@id":"https:\/\/secure.gravatar.com\/avatar\/61d268e57d1f4525b111222e29d2d5a7f8c420fdbf231ba5566a8ceac74fa960?s=96&d=mm&r=g","url":"https:\/\/secure.gravatar.com\/avatar\/61d268e57d1f4525b111222e29d2d5a7f8c420fdbf231ba5566a8ceac74fa960?s=96&d=mm&r=g","contentUrl":"https:\/\/secure.gravatar.com\/avatar\/61d268e57d1f4525b111222e29d2d5a7f8c420fdbf231ba5566a8ceac74fa960?s=96&d=mm&r=g","caption":"Tibor atya"},"url":"https:\/\/stuttgarti-katolikusok.de\/index.php\/author\/tibor-atya\/"}]}},"_links":{"self":[{"href":"https:\/\/stuttgarti-katolikusok.de\/index.php\/wp-json\/wp\/v2\/posts\/15062","targetHints":{"allow":["GET"]}}],"collection":[{"href":"https:\/\/stuttgarti-katolikusok.de\/index.php\/wp-json\/wp\/v2\/posts"}],"about":[{"href":"https:\/\/stuttgarti-katolikusok.de\/index.php\/wp-json\/wp\/v2\/types\/post"}],"author":[{"embeddable":true,"href":"https:\/\/stuttgarti-katolikusok.de\/index.php\/wp-json\/wp\/v2\/users\/3"}],"replies":[{"embeddable":true,"href":"https:\/\/stuttgarti-katolikusok.de\/index.php\/wp-json\/wp\/v2\/comments?post=15062"}],"version-history":[{"count":6,"href":"https:\/\/stuttgarti-katolikusok.de\/index.php\/wp-json\/wp\/v2\/posts\/15062\/revisions"}],"predecessor-version":[{"id":15105,"href":"https:\/\/stuttgarti-katolikusok.de\/index.php\/wp-json\/wp\/v2\/posts\/15062\/revisions\/15105"}],"wp:featuredmedia":[{"embeddable":true,"href":"https:\/\/stuttgarti-katolikusok.de\/index.php\/wp-json\/wp\/v2\/media\/15063"}],"wp:attachment":[{"href":"https:\/\/stuttgarti-katolikusok.de\/index.php\/wp-json\/wp\/v2\/media?parent=15062"}],"wp:term":[{"taxonomy":"category","embeddable":true,"href":"https:\/\/stuttgarti-katolikusok.de\/index.php\/wp-json\/wp\/v2\/categories?post=15062"},{"taxonomy":"post_tag","embeddable":true,"href":"https:\/\/stuttgarti-katolikusok.de\/index.php\/wp-json\/wp\/v2\/tags?post=15062"}],"curies":[{"name":"wp","href":"https:\/\/api.w.org\/{rel}","templated":true}]}}