{"id":14980,"date":"2018-09-19T05:42:59","date_gmt":"2018-09-19T05:42:59","guid":{"rendered":"https:\/\/gracious-dewdney.138-201-221-2.plesk.page\/?p=14980"},"modified":"2018-09-19T05:42:59","modified_gmt":"2018-09-19T05:42:59","slug":"zeitler-barbara-a-kereszt-volt-ezer-even-remenyseged-oszlopa","status":"publish","type":"post","link":"https:\/\/stuttgarti-katolikusok.de\/index.php\/zeitler-barbara-a-kereszt-volt-ezer-even-remenyseged-oszlopa\/","title":{"rendered":"Zeitler Barbara: A kereszt volt ezer \u00e9ven rem\u00e9nys\u00e9ged oszlopa&#8230;"},"content":{"rendered":"<p><strong>A kereszt volt ezer \u00e9ven\u00a0 rem\u00e9nys\u00e9ged oszlopa\u2026<\/strong><\/p>\n<p>A stuttgarti magyar katolikusok\u00a0 2018-as Szent Gell\u00e9rt napi b\u00facs\u00faj\u00e1ra Imre atya megh\u00edvta k\u00f6z\u00e9nk\u00a0 V\u00edzi Elem\u00e9rt, a jezsuita rend magyar tartom\u00e1nyf\u00f6n\u00f6k\u00e9t. Eredetileg \u00fagy tervezte pl\u00e9b\u00e1nosunk , hogy a mise f\u0151celebr\u00e1nsa, a p\u00e9nteki napot is k\u00f6z\u00f6tt\u00fcnk t\u00f6lti majd, de\u00a0 k\u00fcls\u0151 k\u00f6r\u00fclm\u00e9nyek k\u00f6zbesz\u00f3ltak, \u00edgy p\u00e9nteken,\u00a0 a Szent Kereszt felmagasztal\u00e1s\u00e1nak \u00fcnnep\u00e9n pl\u00e9b\u00e1nosunk egyed\u00fcl celebr\u00e1lta a szentmis\u00e9t. Homili\u00e1j\u00e1ban elmondta nek\u00fcnk, hogy ez az \u00fcnnep\u00a0 335. szeptember 13-\u00e1ra ny\u00falik vissza, amikor\u00a0 Jeruzs\u00e1lemben felszentelt\u00e9k a bazilik\u00e1t, amelyet Nagy Konstantin cs\u00e1sz\u00e1r emeltetett Krisztus s\u00edrja f\u00f6l\u00e9. A Szent\u00a0 Keresztet Nagy Konstantin cs\u00e1sz\u00e1r \u00e9desanyja, Szent Ilona tal\u00e1lta meg Jeruzs\u00e1lemben. A Keresztet szeptember\u00a0 14-\u00e9n \u00fcnnep\u00e9lyesen felmutatt\u00e1k az \u00f6sszegy\u00fclt n\u00e9pnek. Innen az elnevez\u00e9s: Szent Kereszt felmagasztal\u00e1sa.Erre a napra az Olvasm\u00e1ny Sz\u00e1m 21,4b-9\u00a0\u00a0 A kereszt \u00f3sz\u00f6vets\u00e9gi jelk\u00e9pe a M\u00f3zes \u00e1ltal p\u00f3zn\u00e1ra t\u00fcz\u00f6tt r\u00e9zk\u00edgy\u00f3:\u00a0aki hittel \u00e9s b\u00fcnb\u00e1nattal tekintett a k\u00edgy\u00f3ra, megmenek\u00fclt a mar\u00e1s\u00e1t\u00f3l. A kereszt hit\u00fcnk k\u00f6zponti jelk\u00e9pe \u00e9s tartalma. Imre atya a szentbesz\u00e9dben arra is kit\u00e9rt, hogy maga a kereszt \u00e9s annak hordoz\u00e1sa is milyen fontos szerepet t\u00f6lt\u00f6tt be Szent Gell\u00e9rt \u00e9let\u00e9ben. \u00a0Szeptember 15-\u00e9n szombaton\u00a0 id\u00e9n is csatlakoztunk\u00a0 az imm\u00e1ron m\u00e1r n\u00e1lunk is hagyom\u00e1nny\u00e1 v\u00e1lt <em>\u201eKultur\u00e1lis \u00d6r\u00f6ks\u00e9g Napok\u201c<\/em> rendezv\u00e9nyhez \u00e9s\u00a0 megtartottuk a <em>\u201eNyitott Templomok \u00c9jszak\u00e1j\u00e1t\u201c<\/em>, amelynek keret\u00e9n bel\u00fcl t\u00e1rlatvezet\u00e9ssel egybek\u00f6t\u00f6tt k\u00e9pki\u00e1ll\u00edt\u00e1son vehett\u00fcnk r\u00e9szt. Ennek f\u00e9ny\u00e9t az is emelte, hogy\u00a0 a m\u0171v\u00e9sz, Jekel Ferenc is jelen volt, aki egy-egy k\u00e9p\u00e9n\u00e9l\u00a0 meg\u00e1llva\u00a0 n\u00e9h\u00e1ny sz\u00f3ban\u00a0 ismertette az alkot\u00e1s\u00a0 sz\u00fclet\u00e9s\u00e9nek k\u00f6r\u00fclm\u00e9nyeit is.\u00a0 Majd feh\u00e9r asztal mellett, egym\u00e1s t\u00e1rsas\u00e1g\u00e1ban t\u00f6lt\u00f6tt\u00fck el ezt a sz\u00e9p est\u00e9t, s am\u00edg egy\u00fctt kicsengett\u00fck ezt a hangulatoss\u00e1 v\u00e1lt sz\u00e9p napot, a rep\u00fcl\u00f6t\u00e9rr\u0151l Elem\u00e9r atya is meg\u00e9rkezett.\u00a0A f\u0151hangs\u00faly term\u00e9szetesen a harmadik napra, a b\u00facs\u00fa\u00fcnnep\u00fcnkre esett.\u00a0 Az \u00fcnnepi liturgia koncelebr\u00e1nsai Vizi Elem\u00e9r\u00a0 \u00e9s Imre atya voltak, m\u00edg a szentbesz\u00e9det a vend\u00e9g, a\u00a0 jezsuit\u00e1k tartom\u00e1nyf\u0151n\u00f6ke hirdette a h\u00edveknek. Homili\u00e1ja elej\u00e9n n\u00e9h\u00e1ny sz\u00f3val bemutatta \u00f6nmag\u00e1t, \u00e9s a jezsuit\u00e1k rendj\u00e9t. T\u00f6bbek k\u00f6z\u00f6tt azt is\u00a0 elmondta , hogy a jezsuit\u00e1k rendje f\u0151 feladat\u00e1nak tekinti, hogy az elt\u00e9vedteket visszavezesse egyh\u00e1zi gy\u00f6kereikhez. A nagy teol\u00f3gus \u00e9s gondolkod\u00f3 Karl Rahner szavait\u00a0 id\u00e9zte: <em>\u201eA f\u00f6ldi Egyh\u00e1z az Isten n\u00e9pe, mely v\u00e1ndor\u00faton van itt a f\u00f6ld\u00f6n\u201c,<\/em> s a migr\u00e1nsok, mint az Isten v\u00e1ndorl\u00f3 n\u00e9p\u00e9nek pasztor\u00e1l\u00e1s\u00e1t\u00a0 ez\u00e9rt is v\u00e1llalta mag\u00e1ra a jezsuita rend. A homilia k\u00f6zponti t\u00e9m\u00e1ja Szent Gell\u00e9rt \u00e9lete volt, Megtudhattuk, hogy a t\u00e1vol It\u00e1li\u00e1ban egy \u00e9desapa k\u00f6ny\u00f6rg\u00f6tt az 5 \u00e9ves kisfia hal\u00e1los \u00e1gy\u00e1n\u00e1l gyermeke felgy\u00f3gyul\u00e1s\u00e1\u00e9rt. Ez az apr\u00f3szent\u00a0 kis pal\u00e1nta volt\u00a0 a mi\u00a0 k\u00e9s\u0151bbi szent Gell\u00e9rt\u00fcnk, aki\u00a0\u00a0 mivel szent Gy\u00f6rgy napj\u00e1n 980 \u00e1prilis 23-\u00e1n sz\u00fcletett, ez\u00e9rt nyerte el a\u00a0 kereszts\u00e9gben a Gerhard, (magyarul Gell\u00e9rt) nevet. \u00c9desapja, az el\u0151kel\u0151 velencei patricius,\u00a0 mikor egyetlen rem\u00e9nye,\u00a0 s\u00falyos beteg kisfia felgy\u00f3gyult,\u00a0 fogadalmat\u00a0 tett arra, hogy fi\u00e1t a szerzetesi \u00e9letre sz\u00e1nja. \u00c9n\u00a0 ekkor arra gondoltam, hogy vajon mi h\u00e1nyszor fogadkozunk, amikor hirtelen megbicsaklik az\u00a0 \u00e9let\u00fcnk, \u00e9s napjaink keser\u0171 f\u00e1zis\u00e1ban\u00a0 magunkba sz\u00e1llva\u00a0 h\u00e1nyszor \u00e9s h\u00e1nyszor\u00a0 \u00e9nekelj\u00fck a Tedeum sz\u00f6veg\u00e9t, hogy <em>\u201eTe vagy Uram \u00e9n rem\u00e9nyem&#8230;\u201d<\/em> \u00e9s\u00a0 szorongat\u00e1sunkban tett fogadalmunk sorsunk jobbra fordult\u00e1val elsz\u00e1ll ak\u00e1r a f\u00fcstfelh\u0151. Persze tudom, hogy \u0151k, Istv\u00e1n, Imre, Gell\u00e9rt, Erzs\u00e9bet, Margit, \u00e9s m\u00e9g sorolhatn\u00e1m:\u00a0 a kiv\u00e9teles id\u0151k kiv\u00e9teles\u00a0\u00a0 emberei voltak. Vagy\u00a0 val\u00f3ban csak ez tette \u0151ket szentt\u00e9, \u00e9s mi\u00e9rt gondoljuk mi egy\u00e1ltal\u00e1n azt,\u00a0 hogy csak az a kor tette \u0151ket azz\u00e1, amik lettek? \u00c9s\u00a0 ha nincs tat\u00e1rj\u00e1r\u00e1s vagy nincs az a s\u00falyos megbeteged\u00e9s Gell\u00e9rt \u00e9let\u00e9ben, akkor most \u0151k sem gazdag\u00edtan\u00e1k az \u00c1rp\u00e1d-kori\u00a0 szentek\u00a0 hossz\u00fa sor\u00e1t?\u00c9s a plasztikusan megform\u00e1lt gell\u00e9rti \u00e9letrajz Elem\u00e9r atya tolm\u00e1csol\u00e1s\u00e1ban\u00a0 a gondolatok\u00a0 eg\u00e9sz sor\u00e1t \u00e9bresztette fel bennem.<\/p>\n<p>&nbsp;<\/p>\n<p>A k\u00f6zelm\u00faltban Pestr\u0151l utaztam a Dun\u00e1n \u00e1t\u00edvel\u0151 Erzs\u00e9bet h\u00eddon kereszt\u00fcl Bud\u00e1ra. M\u00e1r messzir\u0151l is felt\u00fcnt a szent monument\u00e1lis 7 m\u00e9ter magas szobor alakja, a r\u00f3la elnevezett Gell\u00e9rthegyen, k\u00f6zvetlen\u00fcl a vizes\u00e9s felett. A bronzszobrot Ferenc J\u00f3zsef cs\u00e1sz\u00e1r megbiz\u00e1s\u00e1b\u00f3l Jankovits Gyula szobr\u00e1szm\u0171v\u00e9sz k\u00e9sz\u00edtette 1904-ben. A szobrot azt hiszem valamennyien j\u00f3l ismerj\u00fck. S\u0151t magunk el\u00e9 is k\u00e9pzelhetj\u00fck, amint sziklaszil\u00e1rdan \u00e1ll a magyarok feledhetetlen p\u00fcsp\u00f6ke, s a v\u00e1ros fel\u00e9 r\u00e1tekint\u00e9sre f\u00f6lemeli bizodalmunk jel\u00e9t, Krisztus keresztj\u00e9t, a m\u00e1sik kez\u00e9t a sz\u00edv\u00e9n tartva, l\u00e1that\u00f3an pr\u00e9dik\u00e1l nek\u00fcnk, akik szem\u00fcnket \u00e9let\u00fcnk z\u00e1log\u00e1ra emelt\u00fck. Gondolom arr\u00f3l is besz\u00e9l, hogy szent Istv\u00e1n az orsz\u00e1got Sz\u0171z M\u00e1ri\u00e1n kereszt\u00fcl f\u00f6laj\u00e1nlotta az Istennek, \u00e9s ez <em>\u201ea kereszt imm\u00e1ron ezer \u00e9ven \u00e1t rem\u00e9nys\u00e9g(\u00fcnk) oszlopa\u201d<\/em> mint ahogy azt a Hozsanna 280-as \u00e9nek\u00fcnkben is \u00e9nekelj\u00fck. De vajon h\u00e1nyan halljuk meg ezt a <em>\u201egell\u00e9rti\u201d<\/em> pr\u00e9dik\u00e1ci\u00f3t. Egyvalaki biztosan hallgatja. A szoborkompozici\u00f3 ugyanis k\u00e9talakos. A mell\u00e9kalakot egy megt\u00e9r\u00edtett magyar pog\u00e1ny m\u00e9szk\u0151szobr\u00e1t G\u00e1rdos Alad\u00e1r form\u00e1lta meg, s ez a vit\u00e9z ott t\u00e9rdel a szent p\u00fcsp\u00f6k l\u00e1b\u00e1n\u00e1l \u00e9s figyelemmel issza be annak a szavait. Mik\u00f6zben ezeket a sorokat \u00edrom, a Hozsanna 300-as \u00e9neke is eszembe jut <em>\u201eFelmutat \u00e9gbe szent Gell\u00e9rt keresztje, Ahhoz, ki hozz\u00e1nk k\u00fcldte, ki az eszme\u2026\u201c <\/em><\/p>\n<p><em>\u201eKereszttelen\u00edt\u00e9si\u201d<\/em> korunkban elgondolkodtat\u00f3 sorok ezek. B\u00e1r <em>\u201eezer \u00e9ven \u00e1t rem\u00e9nys\u00e9g(\u00fcnk) oszlopa\u201c<\/em> volt a kereszt, de ebben a megbomlott vil\u00e1gunkban vajon megmaradhat-e annak, s ha igen, m\u00e9g meddig? Tudjuk, hogy ma divatt\u00e1 v\u00e1lt, hogy mindazt ami Krisztusra utal\u00f3 szent jegy, azt likvid\u00e1lni kell. Igy elt\u00e1vol\u00edtj\u00e1k a keresztet az oszt\u00e1lytermekb\u0151l, az evang\u00e9likus templomb\u00f3l Hollandi\u00e1ban, a Real Madrid futballist\u00e1k mez\u00e9r\u0151l, nem vethettek keresztet, \u00e9s nem im\u00e1dkozhattak a brazilok a foci VB alatt, a Lidl a term\u00e9keinek csomagol\u00e1s\u00e1r\u00f3l t\u00fcntette el a keresztet, valamint a Bretagne-i kisv\u00e1ros, Plo\u00e4rmel f\u0151ter\u00e9r\u0151l Szent II. J\u00e1nos P\u00e1l eml\u00e9km\u0171v\u00e9nek tetej\u00e9r\u0151l, a francia hat\u00f3s\u00e1gok utas\u00edt\u00e1s\u00e1ra el kell t\u00e1vol\u00edtani a keresztet, \u00e9s biztos vagyok abban, hogy f\u00f6lsorol\u00e1som nem teljes. Magyarorsz\u00e1gon sem a R\u00e1kosi- sem a K\u00e1d\u00e1r \u00e9r\u00e1ban nem b\u00e1ntott\u00e1k azt a szobrot, amelyen Szent Gell\u00e9rt a kereszt felmutat\u00e1s\u00e1val arra buzd\u00edtja a n\u00e9pet, hogy a kereszt jel\u00e9ben gy\u0151zni fog, addig ma Eur\u00f3pa nyugati fele \u00fagy f\u00e9l a keresztt\u0151l mint \u2013 ahogy ezt mondani szokt\u00e1k \u2013 \u00f6rd\u00f6g a szenteltvizt\u0151l, \u00e9s rendre-sorra t\u00e1vol\u00edtja azt el mindenhonnan. Pedig a <em>\u201ekereszt-k\u00e9rd\u00e9s\u201d<\/em> j\u00f3val messzebbre mutat, mert ez a k\u00e9rd\u00e9s szorosan \u00f6sszef\u00fcgg identit\u00e1sunkkal, m\u00faltunkkal, gy\u00f6kereinkkel. Ez az, ami azt hat\u00e1rozza meg, hogy Eur\u00f3pa nem K\u00f6zel-Kelet, vagy muzulm\u00e1n eredet\u0171 orsz\u00e1g. S mi boldogan vessz\u00fck magunkra ezt a jelet, amikor a pap az olt\u00e1r mell\u0151l ezzel a jellel meg\u00e1ld minket, vagy hamuval a homlokunkra rajzolja, annak jel\u00e9\u00fcl is, hogy Krisztushoz tartozunk.<\/p>\n<p>Sz\u00e1momra V\u00e1ci Mih\u00e1ly: Ezt! Itt! Most! c\u00edm\u0171 verse t\u00f6k\u00e9letesen adja vissza azt, amit a szent p\u00fcsp\u00f6k \u00e9let\u00e9vel \u00e9s p\u00e9ld\u00e1j\u00e1val el\u00e9nk \u00e9lt.<\/p>\n<p><em>\u201eCsak itt, ezeken a makacsul kit\u00e9r\u0151\/ utc\u00e1kon indulok el engedelmes \u00fatjaimra.\/ Itt kell a napok hordal\u00e9k\u00e1b\u00f3l\/ kimosni \u00e9letem maroknyi arany\u00e1t;\/ \u2026 itt kell meg\u00e1lnom, \/mint a pompeji \u0151rnek, \/ am\u00edg el\u00f6nt a v\u00e1ros l\u00e1vaf\u00e9nye&#8230;\u201d <\/em><\/p>\n<p>Mert Szent Gell\u00e9rt <em>\u201e\u0151rtoronybeli\u201d<\/em> helyt\u00e1ll\u00e1sa is mindannyiunk el\u0151tt ismert. Ott \u00e1llt b\u00e1tran a v\u00e1rt\u00e1n, az egykori Kelenhegy legmagasabb orm\u00e1n, akit nem a term\u00e9szeti csap\u00e1s fenyegetett, nem is a Vezuv ki\u00f6ml\u0151 l\u00e1v\u00e1ja volt a vesz\u00e9ly\u00e9nek forr\u00e1sa, hanem az, hogy pog\u00e1ny eleink, akik eddig a k\u00f6nny\u0171 hadizs\u00e1km\u00e1nyhoz szoktak, \u00e9s a porty\u00e1z\u00e1sok \u00e1ltal meggazdagodtak nem k\u00e9rtek abb\u00f3l, hogy ezent\u00fal a mindennapok izzads\u00e1gszag\u00fa munk\u00e1j\u00e1val termelj\u00e9k meg a mindennapi kenyer\u00fcket. Ez\u00e9rt a b\u00e9k\u00e9t, s \u2013 a megmarad\u00e1s \u00e9rdek\u00e9ben \u2013 a leteleped\u00e9st hirdet\u0151 kereszt\u00e9ny tanok nem voltak iny\u00fckre val\u00f3 tan\u00edt\u00e1sok.<\/p>\n<p>De a szobor m\u00e9g ma is ott \u00e1ll a v\u00e1rt\u00e1n, \u00e9s magasra emelt jobbj\u00e1ban a szent keresztet tartja a magyarok v\u00e1rosa f\u00f6l\u00e9, hirdetv\u00e9n ezzel, hogy a nemzet a kereszt jegy\u00e9ben sz\u00fcletett, \u00e9s annak v\u00e9delme alatt \u00e1ll.<\/p>\n<p>Szent Gell\u00e9rt alakja sz\u00e1munkra azt p\u00e9ld\u00e1zza, hogy hogyan lehet a magyarok m\u00e1rtirj\u00e1v\u00e1 szentt\u00e9 nemesedve egy idegen vil\u00e1gban is hazafinak megmaradni.<\/p>\n<p>A szentmise a himnuszok el\u00e9nekl\u00e9s\u00e9vel z\u00e1rult. Majd ezt k\u00f6vet\u0151en, hogy betekint\u00e9st nyerhett\u00fcnk a jezsuita szerzetesek \u00e9let\u00e9be \u00e9s tev\u00e9kenys\u00e9geibe, \u00e9s Szent Gell\u00e9rtet is kor\u00e1nak egyh\u00e1zi kultur\u00e1j\u00e1t egyre jobban megismerve lelkiekben gazdagodva l\u00e9pt\u00fcnk ki a templomunk kapuj\u00e1n, hogy hozz\u00e1l\u00e1thassunk a szorgos kezek \u00e1ltal elk\u00e9sz\u00edtett \u00fcnnepi eb\u00e9d\u00fcnh\u00f6z. Nagy k\u00f6sz\u00f6net j\u00e1r azoknak, akik ebben tev\u00e9keny r\u00e9szt v\u00e1llaltak. K\u00f6sz\u00f6net j\u00e1r azoknak is, akik messzir\u0151l utaztak Stuttgartba, hogy ezen a szent napon vel\u00fcnk egy\u00fctt \u00fcnnepeljenek.<\/p>\n<p>&nbsp;<\/p>\n<p>A kiv\u00e1l\u00f3 eb\u00e9d elfogyaszt\u00e1sa ut\u00e1n m\u00e9g sz\u00e1munkra nem fejez\u0151d\u00f6tt be ez a sz\u00e9p \u00fcnnepnap: el\u0151bb a kicsinyek leptek meg benn\u00fcnket m\u00fcsorukkal, majd Imre atya k\u00e9sz\u00edtett egy r\u00f6gt\u00f6nz\u00f6tt interjut Vizi aty\u00e1val.<\/p>\n<p>&nbsp;<\/p>\n<p>Az egyh\u00e1zi z\u00e1szl\u00f3 levon\u00e1sa ut\u00e1n, az elk\u00f6vetkez\u0151 h\u00e9tre sz\u00f3l\u00f3an is sz\u00e9p \u00e9lm\u00e9nyekkel eltelve, ki-ki lassan megkezdte \u00fatj\u00e1t az otthona fel\u00e9.<\/p>\n<p>&nbsp;<\/p>\n<p><em>Zeitler Barbara<\/em><\/p>\n<p><em>Stuttgart, 2018-09-19.<\/em><\/p>\n","protected":false},"excerpt":{"rendered":"<p>A kereszt volt ezer \u00e9ven\u00a0 rem\u00e9nys\u00e9ged oszlopa\u2026 A stuttgarti magyar katolikusok\u00a0 2018-as Szent Gell\u00e9rt napi b\u00facs\u00faj\u00e1ra Imre atya megh\u00edvta k\u00f6z\u00e9nk\u00a0 V\u00edzi Elem\u00e9rt, a jezsuita rend magyar tartom\u00e1nyf\u00f6n\u00f6k\u00e9t. Eredetileg \u00fagy tervezte pl\u00e9b\u00e1nosunk , hogy a mise f\u0151celebr\u00e1nsa, a p\u00e9nteki napot is k\u00f6z\u00f6tt\u00fcnk t\u00f6lti majd, de\u00a0 k\u00fcls\u0151 k\u00f6r\u00fclm\u00e9nyek k\u00f6zbesz\u00f3ltak, \u00edgy p\u00e9nteken,\u00a0 a Szent Kereszt felmagasztal\u00e1s\u00e1nak \u00fcnnep\u00e9n pl\u00e9b\u00e1nosunk egyed\u00fcl celebr\u00e1lta a szentmis\u00e9t. Homili\u00e1j\u00e1ban elmondta nek\u00fcnk, hogy ez az \u00fcnnep\u00a0 335. szeptember 13-\u00e1ra ny\u00falik vissza, amikor\u00a0 Jeruzs\u00e1lemben felszentelt\u00e9k a bazilik\u00e1t, amelyet Nagy Konstantin cs\u00e1sz\u00e1r emeltetett Krisztus s\u00edrja f\u00f6l\u00e9. A Szent\u00a0 Keresztet Nagy Konstantin cs\u00e1sz\u00e1r \u00e9desanyja, Szent Ilona tal\u00e1lta meg Jeruzs\u00e1lemben. A Keresztet szeptember\u00a0 14-\u00e9n \u00fcnnep\u00e9lyesen felmutatt\u00e1k az \u00f6sszegy\u00fclt n\u00e9pnek. Innen az elnevez\u00e9s: Szent Kereszt felmagasztal\u00e1sa.Erre a napra az Olvasm\u00e1ny Sz\u00e1m 21,4b-9\u00a0\u00a0 A kereszt \u00f3sz\u00f6vets\u00e9gi jelk\u00e9pe a M\u00f3zes \u00e1ltal p\u00f3zn\u00e1ra t\u00fcz\u00f6tt r\u00e9zk\u00edgy\u00f3:\u00a0aki hittel \u00e9s b\u00fcnb\u00e1nattal tekintett a k\u00edgy\u00f3ra, megmenek\u00fclt a mar\u00e1s\u00e1t\u00f3l. A kereszt hit\u00fcnk k\u00f6zponti jelk\u00e9pe \u00e9s tartalma. Imre atya a szentbesz\u00e9dben arra is kit\u00e9rt, hogy maga a kereszt \u00e9s annak hordoz\u00e1sa is milyen fontos szerepet t\u00f6lt\u00f6tt be Szent Gell\u00e9rt \u00e9let\u00e9ben. \u00a0Szeptember 15-\u00e9n szombaton\u00a0 id\u00e9n is csatlakoztunk\u00a0 az imm\u00e1ron m\u00e1r n\u00e1lunk is hagyom\u00e1nny\u00e1 v\u00e1lt \u201eKultur\u00e1lis \u00d6r\u00f6ks\u00e9g Napok\u201c rendezv\u00e9nyhez \u00e9s\u00a0 megtartottuk a \u201eNyitott Templomok \u00c9jszak\u00e1j\u00e1t\u201c, amelynek keret\u00e9n bel\u00fcl t\u00e1rlatvezet\u00e9ssel egybek\u00f6t\u00f6tt k\u00e9pki\u00e1ll\u00edt\u00e1son vehett\u00fcnk r\u00e9szt. Ennek f\u00e9ny\u00e9t az is emelte, hogy\u00a0 a m\u0171v\u00e9sz, Jekel Ferenc is jelen volt, aki egy-egy k\u00e9p\u00e9n\u00e9l\u00a0 meg\u00e1llva\u00a0 n\u00e9h\u00e1ny sz\u00f3ban\u00a0 ismertette az alkot\u00e1s\u00a0 sz\u00fclet\u00e9s\u00e9nek k\u00f6r\u00fclm\u00e9nyeit is.\u00a0 Majd feh\u00e9r asztal mellett, egym\u00e1s t\u00e1rsas\u00e1g\u00e1ban t\u00f6lt\u00f6tt\u00fck el ezt a sz\u00e9p est\u00e9t, s am\u00edg egy\u00fctt kicsengett\u00fck ezt a hangulatoss\u00e1 v\u00e1lt sz\u00e9p napot, a rep\u00fcl\u00f6t\u00e9rr\u0151l Elem\u00e9r atya is meg\u00e9rkezett.\u00a0A f\u0151hangs\u00faly term\u00e9szetesen a harmadik napra, a b\u00facs\u00fa\u00fcnnep\u00fcnkre esett.\u00a0 Az \u00fcnnepi liturgia koncelebr\u00e1nsai Vizi Elem\u00e9r\u00a0 \u00e9s Imre atya voltak, m\u00edg a szentbesz\u00e9det a vend\u00e9g, a\u00a0 jezsuit\u00e1k tartom\u00e1nyf\u0151n\u00f6ke hirdette a h\u00edveknek. Homili\u00e1ja elej\u00e9n n\u00e9h\u00e1ny sz\u00f3val bemutatta \u00f6nmag\u00e1t, \u00e9s a jezsuit\u00e1k rendj\u00e9t. T\u00f6bbek k\u00f6z\u00f6tt azt is\u00a0 elmondta , hogy a jezsuit\u00e1k rendje f\u0151&#8230; <\/p>\n<p><a class=\"readmore\" href=\"https:\/\/stuttgarti-katolikusok.de\/index.php\/zeitler-barbara-a-kereszt-volt-ezer-even-remenyseged-oszlopa\/\">R\u00e9szletek<\/a><\/p>\n","protected":false},"author":3,"featured_media":0,"comment_status":"closed","ping_status":"closed","sticky":false,"template":"","format":"standard","meta":{"footnotes":""},"categories":[28],"tags":[],"class_list":["post-14980","post","type-post","status-publish","format-standard","hentry","category-olvasoink-irjak"],"yoast_head":"<!-- This site is optimized with the Yoast SEO plugin v27.3 - https:\/\/yoast.com\/product\/yoast-seo-wordpress\/ -->\n<title>Zeitler Barbara: A kereszt volt ezer \u00e9ven rem\u00e9nys\u00e9ged oszlopa... - Stuttgarti Katolikusok<\/title>\n<meta name=\"robots\" content=\"index, follow, max-snippet:-1, max-image-preview:large, max-video-preview:-1\" \/>\n<link rel=\"canonical\" href=\"https:\/\/stuttgarti-katolikusok.de\/index.php\/zeitler-barbara-a-kereszt-volt-ezer-even-remenyseged-oszlopa\/\" \/>\n<meta property=\"og:locale\" content=\"hu_HU\" \/>\n<meta property=\"og:type\" content=\"article\" \/>\n<meta property=\"og:title\" content=\"Zeitler Barbara: A kereszt volt ezer \u00e9ven rem\u00e9nys\u00e9ged oszlopa... - Stuttgarti Katolikusok\" \/>\n<meta property=\"og:description\" content=\"A kereszt volt ezer \u00e9ven\u00a0 rem\u00e9nys\u00e9ged oszlopa\u2026 A stuttgarti magyar katolikusok\u00a0 2018-as Szent Gell\u00e9rt napi b\u00facs\u00faj\u00e1ra Imre atya megh\u00edvta k\u00f6z\u00e9nk\u00a0 V\u00edzi Elem\u00e9rt, a jezsuita rend magyar tartom\u00e1nyf\u00f6n\u00f6k\u00e9t. Eredetileg \u00fagy tervezte pl\u00e9b\u00e1nosunk , hogy a mise f\u0151celebr\u00e1nsa, a p\u00e9nteki napot is k\u00f6z\u00f6tt\u00fcnk t\u00f6lti majd, de\u00a0 k\u00fcls\u0151 k\u00f6r\u00fclm\u00e9nyek k\u00f6zbesz\u00f3ltak, \u00edgy p\u00e9nteken,\u00a0 a Szent Kereszt felmagasztal\u00e1s\u00e1nak \u00fcnnep\u00e9n pl\u00e9b\u00e1nosunk egyed\u00fcl celebr\u00e1lta a szentmis\u00e9t. Homili\u00e1j\u00e1ban elmondta nek\u00fcnk, hogy ez az \u00fcnnep\u00a0 335. szeptember 13-\u00e1ra ny\u00falik vissza, amikor\u00a0 Jeruzs\u00e1lemben felszentelt\u00e9k a bazilik\u00e1t, amelyet Nagy Konstantin cs\u00e1sz\u00e1r emeltetett Krisztus s\u00edrja f\u00f6l\u00e9. A Szent\u00a0 Keresztet Nagy Konstantin cs\u00e1sz\u00e1r \u00e9desanyja, Szent Ilona tal\u00e1lta meg Jeruzs\u00e1lemben. A Keresztet szeptember\u00a0 14-\u00e9n \u00fcnnep\u00e9lyesen felmutatt\u00e1k az \u00f6sszegy\u00fclt n\u00e9pnek. Innen az elnevez\u00e9s: Szent Kereszt felmagasztal\u00e1sa.Erre a napra az Olvasm\u00e1ny Sz\u00e1m 21,4b-9\u00a0\u00a0 A kereszt \u00f3sz\u00f6vets\u00e9gi jelk\u00e9pe a M\u00f3zes \u00e1ltal p\u00f3zn\u00e1ra t\u00fcz\u00f6tt r\u00e9zk\u00edgy\u00f3:\u00a0aki hittel \u00e9s b\u00fcnb\u00e1nattal tekintett a k\u00edgy\u00f3ra, megmenek\u00fclt a mar\u00e1s\u00e1t\u00f3l. A kereszt hit\u00fcnk k\u00f6zponti jelk\u00e9pe \u00e9s tartalma. Imre atya a szentbesz\u00e9dben arra is kit\u00e9rt, hogy maga a kereszt \u00e9s annak hordoz\u00e1sa is milyen fontos szerepet t\u00f6lt\u00f6tt be Szent Gell\u00e9rt \u00e9let\u00e9ben. \u00a0Szeptember 15-\u00e9n szombaton\u00a0 id\u00e9n is csatlakoztunk\u00a0 az imm\u00e1ron m\u00e1r n\u00e1lunk is hagyom\u00e1nny\u00e1 v\u00e1lt \u201eKultur\u00e1lis \u00d6r\u00f6ks\u00e9g Napok\u201c rendezv\u00e9nyhez \u00e9s\u00a0 megtartottuk a \u201eNyitott Templomok \u00c9jszak\u00e1j\u00e1t\u201c, amelynek keret\u00e9n bel\u00fcl t\u00e1rlatvezet\u00e9ssel egybek\u00f6t\u00f6tt k\u00e9pki\u00e1ll\u00edt\u00e1son vehett\u00fcnk r\u00e9szt. Ennek f\u00e9ny\u00e9t az is emelte, hogy\u00a0 a m\u0171v\u00e9sz, Jekel Ferenc is jelen volt, aki egy-egy k\u00e9p\u00e9n\u00e9l\u00a0 meg\u00e1llva\u00a0 n\u00e9h\u00e1ny sz\u00f3ban\u00a0 ismertette az alkot\u00e1s\u00a0 sz\u00fclet\u00e9s\u00e9nek k\u00f6r\u00fclm\u00e9nyeit is.\u00a0 Majd feh\u00e9r asztal mellett, egym\u00e1s t\u00e1rsas\u00e1g\u00e1ban t\u00f6lt\u00f6tt\u00fck el ezt a sz\u00e9p est\u00e9t, s am\u00edg egy\u00fctt kicsengett\u00fck ezt a hangulatoss\u00e1 v\u00e1lt sz\u00e9p napot, a rep\u00fcl\u00f6t\u00e9rr\u0151l Elem\u00e9r atya is meg\u00e9rkezett.\u00a0A f\u0151hangs\u00faly term\u00e9szetesen a harmadik napra, a b\u00facs\u00fa\u00fcnnep\u00fcnkre esett.\u00a0 Az \u00fcnnepi liturgia koncelebr\u00e1nsai Vizi Elem\u00e9r\u00a0 \u00e9s Imre atya voltak, m\u00edg a szentbesz\u00e9det a vend\u00e9g, a\u00a0 jezsuit\u00e1k tartom\u00e1nyf\u0151n\u00f6ke hirdette a h\u00edveknek. Homili\u00e1ja elej\u00e9n n\u00e9h\u00e1ny sz\u00f3val bemutatta \u00f6nmag\u00e1t, \u00e9s a jezsuit\u00e1k rendj\u00e9t. T\u00f6bbek k\u00f6z\u00f6tt azt is\u00a0 elmondta , hogy a jezsuit\u00e1k rendje f\u0151... R\u00e9szletek\" \/>\n<meta property=\"og:url\" content=\"https:\/\/stuttgarti-katolikusok.de\/index.php\/zeitler-barbara-a-kereszt-volt-ezer-even-remenyseged-oszlopa\/\" \/>\n<meta property=\"og:site_name\" content=\"Stuttgarti Katolikusok\" \/>\n<meta property=\"article:published_time\" content=\"2018-09-19T05:42:59+00:00\" \/>\n<meta name=\"author\" content=\"Tibor atya\" \/>\n<meta name=\"twitter:card\" content=\"summary_large_image\" \/>\n<meta name=\"twitter:label1\" content=\"Szerz\u0151:\" \/>\n\t<meta name=\"twitter:data1\" content=\"Tibor atya\" \/>\n\t<meta name=\"twitter:label2\" content=\"Becs\u00fclt olvas\u00e1si id\u0151\" \/>\n\t<meta name=\"twitter:data2\" content=\"9 perc\" \/>\n<script type=\"application\/ld+json\" class=\"yoast-schema-graph\">{\"@context\":\"https:\\\/\\\/schema.org\",\"@graph\":[{\"@type\":\"Article\",\"@id\":\"https:\\\/\\\/stuttgarti-katolikusok.de\\\/index.php\\\/zeitler-barbara-a-kereszt-volt-ezer-even-remenyseged-oszlopa\\\/#article\",\"isPartOf\":{\"@id\":\"https:\\\/\\\/stuttgarti-katolikusok.de\\\/index.php\\\/zeitler-barbara-a-kereszt-volt-ezer-even-remenyseged-oszlopa\\\/\"},\"author\":{\"name\":\"Tibor atya\",\"@id\":\"https:\\\/\\\/stuttgarti-katolikusok.de\\\/#\\\/schema\\\/person\\\/75908d6f8fdc03a57889d27209df7795\"},\"headline\":\"Zeitler Barbara: A kereszt volt ezer \u00e9ven rem\u00e9nys\u00e9ged oszlopa&#8230;\",\"datePublished\":\"2018-09-19T05:42:59+00:00\",\"mainEntityOfPage\":{\"@id\":\"https:\\\/\\\/stuttgarti-katolikusok.de\\\/index.php\\\/zeitler-barbara-a-kereszt-volt-ezer-even-remenyseged-oszlopa\\\/\"},\"wordCount\":1903,\"articleSection\":[\"Olvas\u00f3ink \u00edrj\u00e1k\"],\"inLanguage\":\"hu\"},{\"@type\":\"WebPage\",\"@id\":\"https:\\\/\\\/stuttgarti-katolikusok.de\\\/index.php\\\/zeitler-barbara-a-kereszt-volt-ezer-even-remenyseged-oszlopa\\\/\",\"url\":\"https:\\\/\\\/stuttgarti-katolikusok.de\\\/index.php\\\/zeitler-barbara-a-kereszt-volt-ezer-even-remenyseged-oszlopa\\\/\",\"name\":\"Zeitler Barbara: A kereszt volt ezer \u00e9ven rem\u00e9nys\u00e9ged oszlopa... - Stuttgarti Katolikusok\",\"isPartOf\":{\"@id\":\"https:\\\/\\\/stuttgarti-katolikusok.de\\\/#website\"},\"datePublished\":\"2018-09-19T05:42:59+00:00\",\"author\":{\"@id\":\"https:\\\/\\\/stuttgarti-katolikusok.de\\\/#\\\/schema\\\/person\\\/75908d6f8fdc03a57889d27209df7795\"},\"breadcrumb\":{\"@id\":\"https:\\\/\\\/stuttgarti-katolikusok.de\\\/index.php\\\/zeitler-barbara-a-kereszt-volt-ezer-even-remenyseged-oszlopa\\\/#breadcrumb\"},\"inLanguage\":\"hu\",\"potentialAction\":[{\"@type\":\"ReadAction\",\"target\":[\"https:\\\/\\\/stuttgarti-katolikusok.de\\\/index.php\\\/zeitler-barbara-a-kereszt-volt-ezer-even-remenyseged-oszlopa\\\/\"]}]},{\"@type\":\"BreadcrumbList\",\"@id\":\"https:\\\/\\\/stuttgarti-katolikusok.de\\\/index.php\\\/zeitler-barbara-a-kereszt-volt-ezer-even-remenyseged-oszlopa\\\/#breadcrumb\",\"itemListElement\":[{\"@type\":\"ListItem\",\"position\":1,\"name\":\"Kezd\u0151lap\",\"item\":\"https:\\\/\\\/stuttgarti-katolikusok.de\\\/\"},{\"@type\":\"ListItem\",\"position\":2,\"name\":\"Zeitler Barbara: A kereszt volt ezer \u00e9ven rem\u00e9nys\u00e9ged oszlopa&#8230;\"}]},{\"@type\":\"WebSite\",\"@id\":\"https:\\\/\\\/stuttgarti-katolikusok.de\\\/#website\",\"url\":\"https:\\\/\\\/stuttgarti-katolikusok.de\\\/\",\"name\":\"Stuttgarti Katolikusok\",\"description\":\"\",\"potentialAction\":[{\"@type\":\"SearchAction\",\"target\":{\"@type\":\"EntryPoint\",\"urlTemplate\":\"https:\\\/\\\/stuttgarti-katolikusok.de\\\/?s={search_term_string}\"},\"query-input\":{\"@type\":\"PropertyValueSpecification\",\"valueRequired\":true,\"valueName\":\"search_term_string\"}}],\"inLanguage\":\"hu\"},{\"@type\":\"Person\",\"@id\":\"https:\\\/\\\/stuttgarti-katolikusok.de\\\/#\\\/schema\\\/person\\\/75908d6f8fdc03a57889d27209df7795\",\"name\":\"Tibor atya\",\"image\":{\"@type\":\"ImageObject\",\"inLanguage\":\"hu\",\"@id\":\"https:\\\/\\\/secure.gravatar.com\\\/avatar\\\/61d268e57d1f4525b111222e29d2d5a7f8c420fdbf231ba5566a8ceac74fa960?s=96&d=mm&r=g\",\"url\":\"https:\\\/\\\/secure.gravatar.com\\\/avatar\\\/61d268e57d1f4525b111222e29d2d5a7f8c420fdbf231ba5566a8ceac74fa960?s=96&d=mm&r=g\",\"contentUrl\":\"https:\\\/\\\/secure.gravatar.com\\\/avatar\\\/61d268e57d1f4525b111222e29d2d5a7f8c420fdbf231ba5566a8ceac74fa960?s=96&d=mm&r=g\",\"caption\":\"Tibor atya\"},\"url\":\"https:\\\/\\\/stuttgarti-katolikusok.de\\\/index.php\\\/author\\\/tibor-atya\\\/\"}]}<\/script>\n<!-- \/ Yoast SEO plugin. -->","yoast_head_json":{"title":"Zeitler Barbara: A kereszt volt ezer \u00e9ven rem\u00e9nys\u00e9ged oszlopa... - Stuttgarti Katolikusok","robots":{"index":"index","follow":"follow","max-snippet":"max-snippet:-1","max-image-preview":"max-image-preview:large","max-video-preview":"max-video-preview:-1"},"canonical":"https:\/\/stuttgarti-katolikusok.de\/index.php\/zeitler-barbara-a-kereszt-volt-ezer-even-remenyseged-oszlopa\/","og_locale":"hu_HU","og_type":"article","og_title":"Zeitler Barbara: A kereszt volt ezer \u00e9ven rem\u00e9nys\u00e9ged oszlopa... - Stuttgarti Katolikusok","og_description":"A kereszt volt ezer \u00e9ven\u00a0 rem\u00e9nys\u00e9ged oszlopa\u2026 A stuttgarti magyar katolikusok\u00a0 2018-as Szent Gell\u00e9rt napi b\u00facs\u00faj\u00e1ra Imre atya megh\u00edvta k\u00f6z\u00e9nk\u00a0 V\u00edzi Elem\u00e9rt, a jezsuita rend magyar tartom\u00e1nyf\u00f6n\u00f6k\u00e9t. Eredetileg \u00fagy tervezte pl\u00e9b\u00e1nosunk , hogy a mise f\u0151celebr\u00e1nsa, a p\u00e9nteki napot is k\u00f6z\u00f6tt\u00fcnk t\u00f6lti majd, de\u00a0 k\u00fcls\u0151 k\u00f6r\u00fclm\u00e9nyek k\u00f6zbesz\u00f3ltak, \u00edgy p\u00e9nteken,\u00a0 a Szent Kereszt felmagasztal\u00e1s\u00e1nak \u00fcnnep\u00e9n pl\u00e9b\u00e1nosunk egyed\u00fcl celebr\u00e1lta a szentmis\u00e9t. Homili\u00e1j\u00e1ban elmondta nek\u00fcnk, hogy ez az \u00fcnnep\u00a0 335. szeptember 13-\u00e1ra ny\u00falik vissza, amikor\u00a0 Jeruzs\u00e1lemben felszentelt\u00e9k a bazilik\u00e1t, amelyet Nagy Konstantin cs\u00e1sz\u00e1r emeltetett Krisztus s\u00edrja f\u00f6l\u00e9. A Szent\u00a0 Keresztet Nagy Konstantin cs\u00e1sz\u00e1r \u00e9desanyja, Szent Ilona tal\u00e1lta meg Jeruzs\u00e1lemben. A Keresztet szeptember\u00a0 14-\u00e9n \u00fcnnep\u00e9lyesen felmutatt\u00e1k az \u00f6sszegy\u00fclt n\u00e9pnek. Innen az elnevez\u00e9s: Szent Kereszt felmagasztal\u00e1sa.Erre a napra az Olvasm\u00e1ny Sz\u00e1m 21,4b-9\u00a0\u00a0 A kereszt \u00f3sz\u00f6vets\u00e9gi jelk\u00e9pe a M\u00f3zes \u00e1ltal p\u00f3zn\u00e1ra t\u00fcz\u00f6tt r\u00e9zk\u00edgy\u00f3:\u00a0aki hittel \u00e9s b\u00fcnb\u00e1nattal tekintett a k\u00edgy\u00f3ra, megmenek\u00fclt a mar\u00e1s\u00e1t\u00f3l. A kereszt hit\u00fcnk k\u00f6zponti jelk\u00e9pe \u00e9s tartalma. Imre atya a szentbesz\u00e9dben arra is kit\u00e9rt, hogy maga a kereszt \u00e9s annak hordoz\u00e1sa is milyen fontos szerepet t\u00f6lt\u00f6tt be Szent Gell\u00e9rt \u00e9let\u00e9ben. \u00a0Szeptember 15-\u00e9n szombaton\u00a0 id\u00e9n is csatlakoztunk\u00a0 az imm\u00e1ron m\u00e1r n\u00e1lunk is hagyom\u00e1nny\u00e1 v\u00e1lt \u201eKultur\u00e1lis \u00d6r\u00f6ks\u00e9g Napok\u201c rendezv\u00e9nyhez \u00e9s\u00a0 megtartottuk a \u201eNyitott Templomok \u00c9jszak\u00e1j\u00e1t\u201c, amelynek keret\u00e9n bel\u00fcl t\u00e1rlatvezet\u00e9ssel egybek\u00f6t\u00f6tt k\u00e9pki\u00e1ll\u00edt\u00e1son vehett\u00fcnk r\u00e9szt. Ennek f\u00e9ny\u00e9t az is emelte, hogy\u00a0 a m\u0171v\u00e9sz, Jekel Ferenc is jelen volt, aki egy-egy k\u00e9p\u00e9n\u00e9l\u00a0 meg\u00e1llva\u00a0 n\u00e9h\u00e1ny sz\u00f3ban\u00a0 ismertette az alkot\u00e1s\u00a0 sz\u00fclet\u00e9s\u00e9nek k\u00f6r\u00fclm\u00e9nyeit is.\u00a0 Majd feh\u00e9r asztal mellett, egym\u00e1s t\u00e1rsas\u00e1g\u00e1ban t\u00f6lt\u00f6tt\u00fck el ezt a sz\u00e9p est\u00e9t, s am\u00edg egy\u00fctt kicsengett\u00fck ezt a hangulatoss\u00e1 v\u00e1lt sz\u00e9p napot, a rep\u00fcl\u00f6t\u00e9rr\u0151l Elem\u00e9r atya is meg\u00e9rkezett.\u00a0A f\u0151hangs\u00faly term\u00e9szetesen a harmadik napra, a b\u00facs\u00fa\u00fcnnep\u00fcnkre esett.\u00a0 Az \u00fcnnepi liturgia koncelebr\u00e1nsai Vizi Elem\u00e9r\u00a0 \u00e9s Imre atya voltak, m\u00edg a szentbesz\u00e9det a vend\u00e9g, a\u00a0 jezsuit\u00e1k tartom\u00e1nyf\u0151n\u00f6ke hirdette a h\u00edveknek. Homili\u00e1ja elej\u00e9n n\u00e9h\u00e1ny sz\u00f3val bemutatta \u00f6nmag\u00e1t, \u00e9s a jezsuit\u00e1k rendj\u00e9t. T\u00f6bbek k\u00f6z\u00f6tt azt is\u00a0 elmondta , hogy a jezsuit\u00e1k rendje f\u0151... R\u00e9szletek","og_url":"https:\/\/stuttgarti-katolikusok.de\/index.php\/zeitler-barbara-a-kereszt-volt-ezer-even-remenyseged-oszlopa\/","og_site_name":"Stuttgarti Katolikusok","article_published_time":"2018-09-19T05:42:59+00:00","author":"Tibor atya","twitter_card":"summary_large_image","twitter_misc":{"Szerz\u0151:":"Tibor atya","Becs\u00fclt olvas\u00e1si id\u0151":"9 perc"},"schema":{"@context":"https:\/\/schema.org","@graph":[{"@type":"Article","@id":"https:\/\/stuttgarti-katolikusok.de\/index.php\/zeitler-barbara-a-kereszt-volt-ezer-even-remenyseged-oszlopa\/#article","isPartOf":{"@id":"https:\/\/stuttgarti-katolikusok.de\/index.php\/zeitler-barbara-a-kereszt-volt-ezer-even-remenyseged-oszlopa\/"},"author":{"name":"Tibor atya","@id":"https:\/\/stuttgarti-katolikusok.de\/#\/schema\/person\/75908d6f8fdc03a57889d27209df7795"},"headline":"Zeitler Barbara: A kereszt volt ezer \u00e9ven rem\u00e9nys\u00e9ged oszlopa&#8230;","datePublished":"2018-09-19T05:42:59+00:00","mainEntityOfPage":{"@id":"https:\/\/stuttgarti-katolikusok.de\/index.php\/zeitler-barbara-a-kereszt-volt-ezer-even-remenyseged-oszlopa\/"},"wordCount":1903,"articleSection":["Olvas\u00f3ink \u00edrj\u00e1k"],"inLanguage":"hu"},{"@type":"WebPage","@id":"https:\/\/stuttgarti-katolikusok.de\/index.php\/zeitler-barbara-a-kereszt-volt-ezer-even-remenyseged-oszlopa\/","url":"https:\/\/stuttgarti-katolikusok.de\/index.php\/zeitler-barbara-a-kereszt-volt-ezer-even-remenyseged-oszlopa\/","name":"Zeitler Barbara: A kereszt volt ezer \u00e9ven rem\u00e9nys\u00e9ged oszlopa... - Stuttgarti Katolikusok","isPartOf":{"@id":"https:\/\/stuttgarti-katolikusok.de\/#website"},"datePublished":"2018-09-19T05:42:59+00:00","author":{"@id":"https:\/\/stuttgarti-katolikusok.de\/#\/schema\/person\/75908d6f8fdc03a57889d27209df7795"},"breadcrumb":{"@id":"https:\/\/stuttgarti-katolikusok.de\/index.php\/zeitler-barbara-a-kereszt-volt-ezer-even-remenyseged-oszlopa\/#breadcrumb"},"inLanguage":"hu","potentialAction":[{"@type":"ReadAction","target":["https:\/\/stuttgarti-katolikusok.de\/index.php\/zeitler-barbara-a-kereszt-volt-ezer-even-remenyseged-oszlopa\/"]}]},{"@type":"BreadcrumbList","@id":"https:\/\/stuttgarti-katolikusok.de\/index.php\/zeitler-barbara-a-kereszt-volt-ezer-even-remenyseged-oszlopa\/#breadcrumb","itemListElement":[{"@type":"ListItem","position":1,"name":"Kezd\u0151lap","item":"https:\/\/stuttgarti-katolikusok.de\/"},{"@type":"ListItem","position":2,"name":"Zeitler Barbara: A kereszt volt ezer \u00e9ven rem\u00e9nys\u00e9ged oszlopa&#8230;"}]},{"@type":"WebSite","@id":"https:\/\/stuttgarti-katolikusok.de\/#website","url":"https:\/\/stuttgarti-katolikusok.de\/","name":"Stuttgarti Katolikusok","description":"","potentialAction":[{"@type":"SearchAction","target":{"@type":"EntryPoint","urlTemplate":"https:\/\/stuttgarti-katolikusok.de\/?s={search_term_string}"},"query-input":{"@type":"PropertyValueSpecification","valueRequired":true,"valueName":"search_term_string"}}],"inLanguage":"hu"},{"@type":"Person","@id":"https:\/\/stuttgarti-katolikusok.de\/#\/schema\/person\/75908d6f8fdc03a57889d27209df7795","name":"Tibor atya","image":{"@type":"ImageObject","inLanguage":"hu","@id":"https:\/\/secure.gravatar.com\/avatar\/61d268e57d1f4525b111222e29d2d5a7f8c420fdbf231ba5566a8ceac74fa960?s=96&d=mm&r=g","url":"https:\/\/secure.gravatar.com\/avatar\/61d268e57d1f4525b111222e29d2d5a7f8c420fdbf231ba5566a8ceac74fa960?s=96&d=mm&r=g","contentUrl":"https:\/\/secure.gravatar.com\/avatar\/61d268e57d1f4525b111222e29d2d5a7f8c420fdbf231ba5566a8ceac74fa960?s=96&d=mm&r=g","caption":"Tibor atya"},"url":"https:\/\/stuttgarti-katolikusok.de\/index.php\/author\/tibor-atya\/"}]}},"_links":{"self":[{"href":"https:\/\/stuttgarti-katolikusok.de\/index.php\/wp-json\/wp\/v2\/posts\/14980","targetHints":{"allow":["GET"]}}],"collection":[{"href":"https:\/\/stuttgarti-katolikusok.de\/index.php\/wp-json\/wp\/v2\/posts"}],"about":[{"href":"https:\/\/stuttgarti-katolikusok.de\/index.php\/wp-json\/wp\/v2\/types\/post"}],"author":[{"embeddable":true,"href":"https:\/\/stuttgarti-katolikusok.de\/index.php\/wp-json\/wp\/v2\/users\/3"}],"replies":[{"embeddable":true,"href":"https:\/\/stuttgarti-katolikusok.de\/index.php\/wp-json\/wp\/v2\/comments?post=14980"}],"version-history":[{"count":1,"href":"https:\/\/stuttgarti-katolikusok.de\/index.php\/wp-json\/wp\/v2\/posts\/14980\/revisions"}],"predecessor-version":[{"id":14982,"href":"https:\/\/stuttgarti-katolikusok.de\/index.php\/wp-json\/wp\/v2\/posts\/14980\/revisions\/14982"}],"wp:attachment":[{"href":"https:\/\/stuttgarti-katolikusok.de\/index.php\/wp-json\/wp\/v2\/media?parent=14980"}],"wp:term":[{"taxonomy":"category","embeddable":true,"href":"https:\/\/stuttgarti-katolikusok.de\/index.php\/wp-json\/wp\/v2\/categories?post=14980"},{"taxonomy":"post_tag","embeddable":true,"href":"https:\/\/stuttgarti-katolikusok.de\/index.php\/wp-json\/wp\/v2\/tags?post=14980"}],"curies":[{"name":"wp","href":"https:\/\/api.w.org\/{rel}","templated":true}]}}