{"id":14941,"date":"2018-09-17T06:36:28","date_gmt":"2018-09-17T06:36:28","guid":{"rendered":"https:\/\/gracious-dewdney.138-201-221-2.plesk.page\/?p=14941"},"modified":"2018-09-17T06:36:28","modified_gmt":"2018-09-17T06:36:28","slug":"jekel-ferenc-kepkiallitasa","status":"publish","type":"post","link":"https:\/\/stuttgarti-katolikusok.de\/index.php\/jekel-ferenc-kepkiallitasa\/","title":{"rendered":"Jekel Ferenc k\u00e9pki\u00e1ll\u00edt\u00e1sa"},"content":{"rendered":"<p><strong>Jekel Ferenc k<\/strong><strong>\u00e9pki\u00e1ll\u00edt\u00e1s\u00e1nak megnyit\u00f3j\u00e1ra<\/strong><\/p>\n<p>&nbsp;<\/p>\n<p>Mikor el\u0151sz\u00f6r tal\u00e1lkoztam Ferivel, els\u0151 benyom\u00e1som az volt, hogy finom, halkszav\u00fa ember. Mikor elmondta, hogy honnan j\u00f6tt, egyb\u0151l k\u00f6z\u00f6s ismer\u0151s\u00f6ket kerest\u00fcnk, \u00e9s term\u00e9szetesen a papok k\u00f6z\u00f6tt tal\u00e1ltunk is. \u00c9l\u00e9nk eszmecsere kezd\u0151d\u00f6tt a m\u00faltr\u00f3l. A k\u00f6z\u00f6s gy\u00f6kerek, az azonos \u00e9letkor, bar\u00e1tokk\u00e1 tett benn\u00fcnket.<\/p>\n<p>&nbsp;<\/p>\n<p>Azt\u00e1n megaj\u00e1nd\u00e9kozott egy k\u00e9ppel. Akkor tudtam meg, hogy els\u0151 kellemes\u00a0 benyom\u00e1som helyes volt ugyan, de fogh\u00edjas: hisz szer\u00e9nyen elhallgatta, hogy m\u0171v\u00e9szember.<\/p>\n<p>Kutatgatni kezdtem ut\u00e1na, \u00e9s a k\u00f6vetkez\u0151ket tudtam meg r\u00f3la a lexikonokb\u00f3l:<\/p>\n<p><em>Marosh\u00e9vizen (Toplita) sz\u00fcletett 1950. november 3-\u00e1n. A csal\u00e1d 1955-ben lek\u00f6lt\u00f6z\u00f6tt Petrill\u00e1ra. Ferenc ott v\u00e9gezte 1957-1965 k\u00f6z\u00f6tt elemi iskol\u00e1it magyar nyelven. 1965-1969 k\u00f6z\u00f6tt\u00a0 magyar gimn\u00e1ziumba j\u00e1rt, amelyet 1969-ben \u00e9retts\u00e9givel v\u00e9gzett. 1970-1973 k\u00f6z\u00f6tt a M\u0171v\u00e9szeti N\u00e9piskol\u00e1n tanult, amelynek v\u00e9g\u00e9n diplom\u00e1t kapott.<\/em><\/p>\n<p><em>1973-t\u0151l d\u00edszletfest\u0151 volt a Petrozs\u00e9nyi \u00c1llami Sz\u00ednh\u00e1zn\u00e1l. \u00a0\u00c9s mert a rom\u00e1n kommunista nyom\u00e1s \u2013 k\u00fcl\u00f6n\u00f6sen a v\u00e9geken \u2013 igen nagy volt, 1974-ben \u00e1ttelep\u00fclt Budapestre.<\/em><\/p>\n<p><em>1974-1983 k\u00f6z\u00f6tt a Kelenf\u00f6ldi Er\u0151m\u0171ben c\u00edmfest\u0151k\u00e9nt <\/em><em>\u00e9s <\/em><em>dekorat\u0151rk\u00e9nt dolgozott.<\/em><\/p>\n<p><em>1983-ban \u00e1tk\u00f6lt\u00f6z\u00f6tt Stuttgartba. <\/em><\/p>\n<p><em>Itt 1983-1986 k\u00f6z\u00f6tt\u00a0 rekl\u00e1mtechnikusk\u00e9nt dolgozott. <\/em><\/p>\n<p><em>1986-2014 k\u00f6z\u00f6tt pedig a Stuttgarti \u00c1llami K\u00e9pt\u00e1r Biztons\u00e1gi Oszt\u00e1ly\u00e1nak 2. vezet\u0151je volt. 2014-t\u0151l nyugalomba vonult.<\/em><\/p>\n<p>&nbsp;<\/p>\n<p>M\u00e1sutt m\u00e9g ezt is olvashatom r\u00f3la: <em>\u201eKezdetben az erd\u00e9lyi tanyavil\u00e1g, a sz\u00e9kely n\u00e9p\u00e9let l\u00edrai expresszionista hangulat\u00fa k\u00e9peit festette, majd m\u00e1s m\u0171fajokkal ismerkedik: kisplasztik\u00e1kat, f\u00e9mdombor\u00edt\u00e1sokat, samottba faragott torz\u00f3kat mint\u00e1z, szitanyomatokat k\u00e9sz\u00edt. Az 1980-as \u00e9vekt\u0151l alkotja k\u00fcl\u00f6nleges f\u00f3lia-mozaik k\u00e9peit&#8230;\u201d<\/em><\/p>\n<p>M\u00e9gis, mint lelkip\u00e1sztort \u00e9s bar\u00e1tj\u00e1t els\u0151sorban az \u00e9rdekelt: mi az <em>ars po\u00e9tik\u00e1ja,<\/em> azaz mi k\u00e9szteti arra, hogy alkosson, \u00e9s mit akar \u00fczenni, mondani a m\u0171veivel?<\/p>\n<p>Ezeket mondta: <em>\u201eSz\u00ednekkel disz\u00edteni az emberek k\u00f6rnyezet\u00e9t&#8230; Hogy sz\u00e9pnek l\u00e1ss\u00e1k a vil\u00e1got, \u00e9s j\u00f3l \u00e9rezz\u00e9k magukat benne!\u201d <\/em><\/p>\n<p>Van ebben az eg\u00e9szben egy a Ferenc jellem\u00e9ben f\u00f6llelhet\u0151\u00a0 alapvon\u00e1s: a teremtm\u00e9ny \u2013 a vil\u00e1g \u00e9s az ember \u2013 ir\u00e1nti szeretet.<\/p>\n<p>&nbsp;<\/p>\n<ol>\n<li><em> \u201eSz\u00ednekkel disz\u00edteni az emberek k\u00f6rnyezet\u00e9t&#8230;\u201d<\/em> \u2013 Isten jut eszembe, aki szeretetb\u0151l teremtette az embert \u00e9s, hogy j\u00f3l \u00e9rezze mag\u00e1t, az \u00c9denkertbe helyezte \u0151t. Nekem az \u00c9denkert nem is annyira egy meghat\u00e1rozott helye a f\u00f6ldgoly\u00f3nak, hanem maga a teremtett vil\u00e1g, amely a maga leny\u0171g\u00f6z\u0151 sz\u00e9ps\u00e9g\u00e9vel csod\u00e1latos otthont ad nek\u00fcnk.<\/li>\n<\/ol>\n<p>&nbsp;<\/p>\n<p>Isten jut eszembe, Akir\u0151l hit\u00fcnk tan\u00edt\u00e1s\u00e1b\u00f3l azt is tudjuk: arra h\u00edvta meg az embert, hogy az \u0150 teremt\u0151i munk\u00e1j\u00e1t folytassa. Az ember pedig csak akkor teljesedik ki, akkor tudja igaz\u00e1n kibontakoztatni \u00f6nmag\u00e1t, ha alkot.<\/p>\n<p>A <em>II. Vatik\u00e1ni Zsinat<\/em> ezt \u00edgy fejezte ki a <em>Gaudium et spes <\/em>kezdet\u0171 lelkip\u00e1sztori konstit\u00faci\u00f3j\u00e1ban: <em>\u201eAz Isten k\u00e9pm\u00e1s\u00e1ra teremtett ember ugyanis parancsot kapott, hogy a f\u00f6ldet \u00e9s mindent, ami rajta van hatalma al\u00e1 vetve, igazs\u00e1gban \u00e9s szents\u00e9gben korm\u00e1nyozza a vil\u00e1got; s hogy Istent elismerve mindenek Teremt\u0151j\u00e9nek, \u00f6nmag\u00e1t \u00e9s minden l\u00e9tez\u0151t visszavigyen \u0150hozz\u00e1, hogy az embernek al\u00e1vetett \u00f6sszes dolgokban csod\u00e1latos legyen Isten neve az eg\u00e9sz f\u00f6ld\u00f6n. Ez a legh\u00e9tk\u00f6znapibb tev\u00e9kenys\u00e9gekre is \u00e9rv\u00e9nyes. <\/em><em>A f\u00e9rfiak \u00e9s n\u0151k ugyanis, mik\u00f6zben maguk \u00e9s csal\u00e1djuk mindennapi kenyer\u00e9t keresik, s tev\u00e9kenys\u00e9g\u00fcket \u00fagy v\u00e9gzik, hogy a t\u00e1rsadalomnak is haszn\u00e1ra vannak, joggal gondolhatj\u00e1k, hogy munk\u00e1jukkal a Teremt\u0151 m\u0171v\u00e9t folytatj\u00e1k, testv\u00e9reik jav\u00e1t mozd\u00edtj\u00e1k el\u0151, \u00e9s szem\u00e9lyesen hozz\u00e1j\u00e1rulnak az isteni terv t\u00f6rt\u00e9nelmi megval\u00f3sul\u00e1s\u00e1hoz.\u201c <\/em>(GS 34).<\/p>\n<p>&nbsp;<\/p>\n<p>A m\u0171v\u00e9sz k\u00fcl\u00f6n\u00f6sen hivatott erre. Sz\u00ednekkel disz\u00edti a k\u00f6rnyezetet, hogy a n\u00e9ha olyan sz\u00fcrke, egyhang\u00fa h\u00e9tk\u00f6znapunkat \u00fcnnepp\u00e9 var\u00e1zsolja.<\/p>\n<p>Jekel Ferenc k\u00e9pei most ilyen \u2013 a sz\u00fcrkes\u00e9get, a mindennapok tapos\u00f3malm\u00e1t \u00e9s egyhang\u00fas\u00e1g\u00e1t megt\u00f6r\u0151 \u2013 \u00fcnnepnapok sz\u00e1munkra!<\/p>\n<p>&nbsp;<\/p>\n<ol start=\"2\">\n<li>Ferenc azt mondja tov\u00e1bb, hogy: <em>\u201eSz\u00e9pnek l\u00e1ss\u00e1k a vil\u00e1got&#8230;\u201d <\/em>Mi a sz\u00e9ps\u00e9g? Aquin\u00f3i Szent Tam\u00e1s (1225-1274), az Egyh\u00e1z egyik legnagyobb teol\u00f3gusa azt mondja: <em>\u201eSz\u00e9p az, ami \u00f6nmag\u00e1\u00e9rt tetszik\u201d.<\/em> Azaz a sz\u00e9p tetszik, a sz\u00e9p meg\u00f6rvendeztet, sz\u00e9p boldogg\u00e1 tesz! De nem egy erk\u00f6lcsi parancs, hogy p\u00e9ld\u00e1ul szeress\u00fck embert\u00e1rsainkat. Nem c\u00e9lir\u00e1nyos, nem akar mindenk\u00e9pp valamit el\u00e9rni n\u00e1lunk, nem akar benn\u00fcnket manipul\u00e1lni. Sokkal ink\u00e1bb azzal \u00e9breszti fel benn\u00fcnk spont\u00e1nul a szeretetet, hogy \u00f6nmag\u00e1b\u00f3l ki\u00e1rad \u00e9s rabul ejt minket.<\/li>\n<\/ol>\n<p>Ez\u00e9rt is van az, hogy tev\u00e9keny k\u00f6vet\u00e9sre sarkall. Nem szabad csak megb\u00e1mulnunk \u00e9s megcsod\u00e1lnunk a sz\u00e9ps\u00e9get, hanem \u2013 mert bel\u0151le Isten \u0151ssz\u00e9ps\u00e9ge nevet r\u00e1nk \u2013 tenn\u00fcnk is kell a sz\u00e9pet.<\/p>\n<p>Sz\u00e9pen ter\u00edthetj\u00fck meg az asztalt, az olt\u00e1rt. Sz\u00e9pen \u00e9lhet\u00fcnk. Sz\u00e9pp\u00e9 tehetj\u00fck az \u00e9letet. Sz\u00e9pp\u00e9 a vil\u00e1got, s ezzel embers\u00e9gesebb\u00e9 is&#8230; Egysz\u00f3val mi magunk is lehet\u00fcnk a sz\u00e9p megteremt\u0151i, \u00e9s \u00edgy \u00e9let\u00fcnk boldogs\u00e1g\u00e1nak a kov\u00e1csai.<\/p>\n<p>Igaza van a nagy orosz \u00edr\u00f3nak, Dosztojevszkijnek: <em>\u201eEgyed\u00fcl a sz\u00e9ps\u00e9g tudja megmenteni a vil\u00e1got!\u201d<\/em><\/p>\n<p>&nbsp;<\/p>\n<p>Ezt \u00e9rzik a m\u0171v\u00e9szek, akik a sz\u00e9p megteremt\u00e9s\u00e9re k\u00fcl\u00f6nleges talentumot kaptak.<\/p>\n<p>Ez\u00e9rt is \u00edrja r\u00f3luk a <em>II. Vatik\u00e1ni Zsinat<\/em> <em>Sacrosanctum Concilium<\/em> kezdet\u0171 \u00e9s a liturgi\u00e1r\u00f3l sz\u00f3l\u00f3 konstit\u00faci\u00f3ja: <em>\u201e&#8230; a m\u0171v\u00e9szek pedig, akik alkot\u00f3 tehets\u00e9g\u00fckkel a szent Egyh\u00e1zban Isten dics\u0151s\u00e9g\u00e9t k\u00edv\u00e1nj\u00e1k szolg\u00e1lni, tarts\u00e1k mindig szem el\u0151tt, hogy tev\u00e9kenys\u00e9g\u00fck bizonyos \u00e9rtelemben a teremt\u0151 Isten szent ut\u00e1nz\u00e1sa, s alkot\u00e1saik c\u00e9lja a katolikus istentisztelet szolg\u00e1lata, a h\u00edv\u0151k lelki \u00e9p\u00fcl\u00e9se, \u00e1h\u00edtatuk \u00e9s vall\u00e1si ismereteik gyarap\u00edt\u00e1sa.\u201d<\/em> (SC 127)<\/p>\n<p>&nbsp;<\/p>\n<p>Ha r\u00e1n\u00e9z\u00fcnk Ferenc k\u00e9peire, akkor mindezt jobban meg\u00e9rtj\u00fck. A bel\u0151l\u00fck \u00e1rad\u00f3 sz\u00e9ps\u00e9g a benn\u00fcnk szunnyad\u00f3 sz\u00e9p\u00e9rz\u00e9ket kelti \u00e9letre! R\u00e1j\u00f6v\u00fcnk, hogy nem csak mindennapi probl\u00e9m\u00e1k vannak, hanem ez a vil\u00e1g sz\u00e9p, ebben a vil\u00e1gban van sz\u00e9ps\u00e9g, \u00e9s ez megmenti a vil\u00e1got!<\/p>\n<p>&nbsp;<\/p>\n<ol start=\"3\">\n<li><em> \u201eJ\u00f3l \u00e9rezz\u00e9k magukat benne&#8230;\u201d<\/em> \u2013 T\u00e9ves az az ir\u00e1nyunkban megfogalmazott v\u00e1d, mely szerint mi a f\u00f6ldi \u00e9letb\u0151l elv\u00e1gyunk, azt siralomv\u00f6lgynek tartjuk, fej\u00fcnket a mennybe f\u00farjuk. A kereszt\u00e9ny ember igenis szereti ezt a f\u00f6ldet. \u00c9rt\u00e9keli aj\u00e1nd\u00e9kait, \u00e9lvezi sz\u00e9ps\u00e9g\u00e9t. Szeretn\u00e9 j\u00f3l \u00e9rezni mag\u00e1t benne, s ez\u00e9rt mindent meg is tesz, ez\u00e9rt hat, ez\u00e9rt alkot, ez\u00e9rt gyarap\u00edt.<\/li>\n<\/ol>\n<p>Hadd id\u00e9zzem ism\u00e9t a II. Vatik\u00e1ni Zsinat <em>Gaudium et spes <\/em>c\u00edm\u0171 konstit\u00faci\u00f3j\u00e1t: <em>\u201eA munka ugyanis &#8230; k\u00f6zvetlen\u00fcl a szem\u00e9lyt\u0151l ered, aki a term\u00e9szet dolgaira szinte r\u00e1\u00fcti a maga pecs\u00e9tj\u00e9t, \u00e9s akarata al\u00e1 hajtja \u0151ket. Az ember a maga munk\u00e1j\u00e1val \u00e1ltal\u00e1ban eltartja \u00f6nmag\u00e1t \u00e9s \u00f6v\u00e9it, kapcsolatot teremt testv\u00e9reivel, az emberekkel, \u00e9s szolg\u00e1latukra van, igazi szeretetet gyakorolhat, \u00e9s Isten munkat\u00e1rsak\u00e9nt t\u00f6k\u00e9letes\u00edtheti a teremt\u00e9st.\u201d<\/em> (GS 67)<\/p>\n<p>&nbsp;<\/p>\n<p>Hatv\u00e1nyozottan \u00edgy van ez a m\u0171v\u00e9sz eset\u00e9ben!<\/p>\n<p>&nbsp;<\/p>\n<p>Ha Ferenc alkot\u00e1sait n\u00e9zz\u00fck, akkor harm\u00f3nia t\u00e1mad benn\u00fcnk, akkor j\u00f3l \u00e9rezz\u00fck magunkat a vil\u00e1gban.<\/p>\n<p>&nbsp;<\/p>\n<p>Ezekkel a gondolatokkal szeretn\u00e9m most megnyitni ezt a ki\u00e1ll\u00edt\u00e1st!<\/p>\n<p>&nbsp;<\/p>\n<p><em>Stuttgart, 2018. szeptember 15.<\/em><\/p>\n<p><em>Imre atya<\/em><\/p>\n","protected":false},"excerpt":{"rendered":"<p>Jekel Ferenc k\u00e9pki\u00e1ll\u00edt\u00e1s\u00e1nak megnyit\u00f3j\u00e1ra &nbsp; Mikor el\u0151sz\u00f6r tal\u00e1lkoztam Ferivel, els\u0151 benyom\u00e1som az volt, hogy finom, halkszav\u00fa ember. Mikor elmondta, hogy honnan j\u00f6tt, egyb\u0151l k\u00f6z\u00f6s ismer\u0151s\u00f6ket kerest\u00fcnk, \u00e9s term\u00e9szetesen a papok k\u00f6z\u00f6tt tal\u00e1ltunk is. \u00c9l\u00e9nk eszmecsere kezd\u0151d\u00f6tt a m\u00faltr\u00f3l. A k\u00f6z\u00f6s gy\u00f6kerek, az azonos \u00e9letkor, bar\u00e1tokk\u00e1 tett benn\u00fcnket. &nbsp; Azt\u00e1n megaj\u00e1nd\u00e9kozott egy k\u00e9ppel. Akkor tudtam meg, hogy els\u0151 kellemes\u00a0 benyom\u00e1som helyes volt ugyan, de fogh\u00edjas: hisz szer\u00e9nyen elhallgatta, hogy m\u0171v\u00e9szember. Kutatgatni kezdtem ut\u00e1na, \u00e9s a k\u00f6vetkez\u0151ket tudtam meg r\u00f3la a lexikonokb\u00f3l: Marosh\u00e9vizen (Toplita) sz\u00fcletett 1950. november 3-\u00e1n. A csal\u00e1d 1955-ben lek\u00f6lt\u00f6z\u00f6tt Petrill\u00e1ra. Ferenc ott v\u00e9gezte 1957-1965 k\u00f6z\u00f6tt elemi iskol\u00e1it magyar nyelven. 1965-1969 k\u00f6z\u00f6tt\u00a0 magyar gimn\u00e1ziumba j\u00e1rt, amelyet 1969-ben \u00e9retts\u00e9givel v\u00e9gzett. 1970-1973 k\u00f6z\u00f6tt a M\u0171v\u00e9szeti N\u00e9piskol\u00e1n tanult, amelynek v\u00e9g\u00e9n diplom\u00e1t kapott. 1973-t\u0151l d\u00edszletfest\u0151 volt a Petrozs\u00e9nyi \u00c1llami Sz\u00ednh\u00e1zn\u00e1l. \u00a0\u00c9s mert a rom\u00e1n kommunista nyom\u00e1s \u2013 k\u00fcl\u00f6n\u00f6sen a v\u00e9geken \u2013 igen nagy volt, 1974-ben \u00e1ttelep\u00fclt Budapestre. 1974-1983 k\u00f6z\u00f6tt a Kelenf\u00f6ldi Er\u0151m\u0171ben c\u00edmfest\u0151k\u00e9nt \u00e9s dekorat\u0151rk\u00e9nt dolgozott. 1983-ban \u00e1tk\u00f6lt\u00f6z\u00f6tt Stuttgartba. Itt 1983-1986 k\u00f6z\u00f6tt\u00a0 rekl\u00e1mtechnikusk\u00e9nt dolgozott. 1986-2014 k\u00f6z\u00f6tt pedig a Stuttgarti \u00c1llami K\u00e9pt\u00e1r Biztons\u00e1gi Oszt\u00e1ly\u00e1nak 2. vezet\u0151je volt. 2014-t\u0151l nyugalomba vonult. &nbsp; M\u00e1sutt m\u00e9g ezt is olvashatom r\u00f3la: \u201eKezdetben az erd\u00e9lyi tanyavil\u00e1g, a sz\u00e9kely n\u00e9p\u00e9let l\u00edrai expresszionista hangulat\u00fa k\u00e9peit festette, majd m\u00e1s m\u0171fajokkal ismerkedik: kisplasztik\u00e1kat, f\u00e9mdombor\u00edt\u00e1sokat, samottba faragott torz\u00f3kat mint\u00e1z, szitanyomatokat k\u00e9sz\u00edt. Az 1980-as \u00e9vekt\u0151l alkotja k\u00fcl\u00f6nleges f\u00f3lia-mozaik k\u00e9peit&#8230;\u201d M\u00e9gis, mint lelkip\u00e1sztort \u00e9s bar\u00e1tj\u00e1t els\u0151sorban az \u00e9rdekelt: mi az ars po\u00e9tik\u00e1ja, azaz mi k\u00e9szteti arra, hogy alkosson, \u00e9s mit akar \u00fczenni, mondani a m\u0171veivel? Ezeket mondta: \u201eSz\u00ednekkel disz\u00edteni az emberek k\u00f6rnyezet\u00e9t&#8230; Hogy sz\u00e9pnek l\u00e1ss\u00e1k a vil\u00e1got, \u00e9s j\u00f3l \u00e9rezz\u00e9k magukat benne!\u201d Van ebben az eg\u00e9szben egy a Ferenc jellem\u00e9ben f\u00f6llelhet\u0151\u00a0 alapvon\u00e1s: a teremtm\u00e9ny \u2013 a vil\u00e1g \u00e9s az ember \u2013 ir\u00e1nti szeretet. &nbsp; \u201eSz\u00ednekkel disz\u00edteni az emberek k\u00f6rnyezet\u00e9t&#8230;\u201d \u2013 Isten jut eszembe, aki szeretetb\u0151l teremtette az embert \u00e9s, hogy j\u00f3l \u00e9rezze mag\u00e1t, az \u00c9denkertbe helyezte \u0151t&#8230;. <\/p>\n<p><a class=\"readmore\" href=\"https:\/\/stuttgarti-katolikusok.de\/index.php\/jekel-ferenc-kepkiallitasa\/\">R\u00e9szletek<\/a><\/p>\n","protected":false},"author":3,"featured_media":14942,"comment_status":"closed","ping_status":"closed","sticky":false,"template":"","format":"standard","meta":{"footnotes":""},"categories":[24],"tags":[],"class_list":["post-14941","post","type-post","status-publish","format-standard","has-post-thumbnail","hentry","category-gondolatok"],"yoast_head":"<!-- This site is optimized with the Yoast SEO plugin v27.3 - https:\/\/yoast.com\/product\/yoast-seo-wordpress\/ -->\n<title>Jekel Ferenc k\u00e9pki\u00e1ll\u00edt\u00e1sa - Stuttgarti Katolikusok<\/title>\n<meta name=\"robots\" content=\"index, follow, max-snippet:-1, max-image-preview:large, max-video-preview:-1\" \/>\n<link rel=\"canonical\" href=\"https:\/\/stuttgarti-katolikusok.de\/index.php\/jekel-ferenc-kepkiallitasa\/\" \/>\n<meta property=\"og:locale\" content=\"hu_HU\" \/>\n<meta property=\"og:type\" content=\"article\" \/>\n<meta property=\"og:title\" content=\"Jekel Ferenc k\u00e9pki\u00e1ll\u00edt\u00e1sa - Stuttgarti Katolikusok\" \/>\n<meta property=\"og:description\" content=\"Jekel Ferenc k\u00e9pki\u00e1ll\u00edt\u00e1s\u00e1nak megnyit\u00f3j\u00e1ra &nbsp; Mikor el\u0151sz\u00f6r tal\u00e1lkoztam Ferivel, els\u0151 benyom\u00e1som az volt, hogy finom, halkszav\u00fa ember. Mikor elmondta, hogy honnan j\u00f6tt, egyb\u0151l k\u00f6z\u00f6s ismer\u0151s\u00f6ket kerest\u00fcnk, \u00e9s term\u00e9szetesen a papok k\u00f6z\u00f6tt tal\u00e1ltunk is. \u00c9l\u00e9nk eszmecsere kezd\u0151d\u00f6tt a m\u00faltr\u00f3l. A k\u00f6z\u00f6s gy\u00f6kerek, az azonos \u00e9letkor, bar\u00e1tokk\u00e1 tett benn\u00fcnket. &nbsp; Azt\u00e1n megaj\u00e1nd\u00e9kozott egy k\u00e9ppel. Akkor tudtam meg, hogy els\u0151 kellemes\u00a0 benyom\u00e1som helyes volt ugyan, de fogh\u00edjas: hisz szer\u00e9nyen elhallgatta, hogy m\u0171v\u00e9szember. Kutatgatni kezdtem ut\u00e1na, \u00e9s a k\u00f6vetkez\u0151ket tudtam meg r\u00f3la a lexikonokb\u00f3l: Marosh\u00e9vizen (Toplita) sz\u00fcletett 1950. november 3-\u00e1n. A csal\u00e1d 1955-ben lek\u00f6lt\u00f6z\u00f6tt Petrill\u00e1ra. Ferenc ott v\u00e9gezte 1957-1965 k\u00f6z\u00f6tt elemi iskol\u00e1it magyar nyelven. 1965-1969 k\u00f6z\u00f6tt\u00a0 magyar gimn\u00e1ziumba j\u00e1rt, amelyet 1969-ben \u00e9retts\u00e9givel v\u00e9gzett. 1970-1973 k\u00f6z\u00f6tt a M\u0171v\u00e9szeti N\u00e9piskol\u00e1n tanult, amelynek v\u00e9g\u00e9n diplom\u00e1t kapott. 1973-t\u0151l d\u00edszletfest\u0151 volt a Petrozs\u00e9nyi \u00c1llami Sz\u00ednh\u00e1zn\u00e1l. \u00a0\u00c9s mert a rom\u00e1n kommunista nyom\u00e1s \u2013 k\u00fcl\u00f6n\u00f6sen a v\u00e9geken \u2013 igen nagy volt, 1974-ben \u00e1ttelep\u00fclt Budapestre. 1974-1983 k\u00f6z\u00f6tt a Kelenf\u00f6ldi Er\u0151m\u0171ben c\u00edmfest\u0151k\u00e9nt \u00e9s dekorat\u0151rk\u00e9nt dolgozott. 1983-ban \u00e1tk\u00f6lt\u00f6z\u00f6tt Stuttgartba. Itt 1983-1986 k\u00f6z\u00f6tt\u00a0 rekl\u00e1mtechnikusk\u00e9nt dolgozott. 1986-2014 k\u00f6z\u00f6tt pedig a Stuttgarti \u00c1llami K\u00e9pt\u00e1r Biztons\u00e1gi Oszt\u00e1ly\u00e1nak 2. vezet\u0151je volt. 2014-t\u0151l nyugalomba vonult. &nbsp; M\u00e1sutt m\u00e9g ezt is olvashatom r\u00f3la: \u201eKezdetben az erd\u00e9lyi tanyavil\u00e1g, a sz\u00e9kely n\u00e9p\u00e9let l\u00edrai expresszionista hangulat\u00fa k\u00e9peit festette, majd m\u00e1s m\u0171fajokkal ismerkedik: kisplasztik\u00e1kat, f\u00e9mdombor\u00edt\u00e1sokat, samottba faragott torz\u00f3kat mint\u00e1z, szitanyomatokat k\u00e9sz\u00edt. Az 1980-as \u00e9vekt\u0151l alkotja k\u00fcl\u00f6nleges f\u00f3lia-mozaik k\u00e9peit&#8230;\u201d M\u00e9gis, mint lelkip\u00e1sztort \u00e9s bar\u00e1tj\u00e1t els\u0151sorban az \u00e9rdekelt: mi az ars po\u00e9tik\u00e1ja, azaz mi k\u00e9szteti arra, hogy alkosson, \u00e9s mit akar \u00fczenni, mondani a m\u0171veivel? Ezeket mondta: \u201eSz\u00ednekkel disz\u00edteni az emberek k\u00f6rnyezet\u00e9t&#8230; Hogy sz\u00e9pnek l\u00e1ss\u00e1k a vil\u00e1got, \u00e9s j\u00f3l \u00e9rezz\u00e9k magukat benne!\u201d Van ebben az eg\u00e9szben egy a Ferenc jellem\u00e9ben f\u00f6llelhet\u0151\u00a0 alapvon\u00e1s: a teremtm\u00e9ny \u2013 a vil\u00e1g \u00e9s az ember \u2013 ir\u00e1nti szeretet. &nbsp; \u201eSz\u00ednekkel disz\u00edteni az emberek k\u00f6rnyezet\u00e9t&#8230;\u201d \u2013 Isten jut eszembe, aki szeretetb\u0151l teremtette az embert \u00e9s, hogy j\u00f3l \u00e9rezze mag\u00e1t, az \u00c9denkertbe helyezte \u0151t.... R\u00e9szletek\" \/>\n<meta property=\"og:url\" content=\"https:\/\/stuttgarti-katolikusok.de\/index.php\/jekel-ferenc-kepkiallitasa\/\" \/>\n<meta property=\"og:site_name\" content=\"Stuttgarti Katolikusok\" \/>\n<meta property=\"article:published_time\" content=\"2018-09-17T06:36:28+00:00\" \/>\n<meta property=\"og:image\" content=\"https:\/\/stuttgarti-katolikusok.de\/wp-content\/uploads\/2018\/09\/jekelferi2.jpg\" \/>\n\t<meta property=\"og:image:width\" content=\"2048\" \/>\n\t<meta property=\"og:image:height\" content=\"1536\" \/>\n\t<meta property=\"og:image:type\" content=\"image\/jpeg\" \/>\n<meta name=\"author\" content=\"Tibor atya\" \/>\n<meta name=\"twitter:card\" content=\"summary_large_image\" \/>\n<meta name=\"twitter:label1\" content=\"Szerz\u0151:\" \/>\n\t<meta name=\"twitter:data1\" content=\"Tibor atya\" \/>\n\t<meta name=\"twitter:label2\" content=\"Becs\u00fclt olvas\u00e1si id\u0151\" \/>\n\t<meta name=\"twitter:data2\" content=\"7 perc\" \/>\n<script type=\"application\/ld+json\" class=\"yoast-schema-graph\">{\"@context\":\"https:\\\/\\\/schema.org\",\"@graph\":[{\"@type\":\"Article\",\"@id\":\"https:\\\/\\\/stuttgarti-katolikusok.de\\\/index.php\\\/jekel-ferenc-kepkiallitasa\\\/#article\",\"isPartOf\":{\"@id\":\"https:\\\/\\\/stuttgarti-katolikusok.de\\\/index.php\\\/jekel-ferenc-kepkiallitasa\\\/\"},\"author\":{\"name\":\"Tibor atya\",\"@id\":\"https:\\\/\\\/stuttgarti-katolikusok.de\\\/#\\\/schema\\\/person\\\/75908d6f8fdc03a57889d27209df7795\"},\"headline\":\"Jekel Ferenc k\u00e9pki\u00e1ll\u00edt\u00e1sa\",\"datePublished\":\"2018-09-17T06:36:28+00:00\",\"mainEntityOfPage\":{\"@id\":\"https:\\\/\\\/stuttgarti-katolikusok.de\\\/index.php\\\/jekel-ferenc-kepkiallitasa\\\/\"},\"wordCount\":1410,\"image\":{\"@id\":\"https:\\\/\\\/stuttgarti-katolikusok.de\\\/index.php\\\/jekel-ferenc-kepkiallitasa\\\/#primaryimage\"},\"thumbnailUrl\":\"https:\\\/\\\/stuttgarti-katolikusok.de\\\/wp-content\\\/uploads\\\/2018\\\/09\\\/jekelferi2.jpg\",\"articleSection\":[\"Gondolatok\"],\"inLanguage\":\"hu\"},{\"@type\":\"WebPage\",\"@id\":\"https:\\\/\\\/stuttgarti-katolikusok.de\\\/index.php\\\/jekel-ferenc-kepkiallitasa\\\/\",\"url\":\"https:\\\/\\\/stuttgarti-katolikusok.de\\\/index.php\\\/jekel-ferenc-kepkiallitasa\\\/\",\"name\":\"Jekel Ferenc k\u00e9pki\u00e1ll\u00edt\u00e1sa - Stuttgarti Katolikusok\",\"isPartOf\":{\"@id\":\"https:\\\/\\\/stuttgarti-katolikusok.de\\\/#website\"},\"primaryImageOfPage\":{\"@id\":\"https:\\\/\\\/stuttgarti-katolikusok.de\\\/index.php\\\/jekel-ferenc-kepkiallitasa\\\/#primaryimage\"},\"image\":{\"@id\":\"https:\\\/\\\/stuttgarti-katolikusok.de\\\/index.php\\\/jekel-ferenc-kepkiallitasa\\\/#primaryimage\"},\"thumbnailUrl\":\"https:\\\/\\\/stuttgarti-katolikusok.de\\\/wp-content\\\/uploads\\\/2018\\\/09\\\/jekelferi2.jpg\",\"datePublished\":\"2018-09-17T06:36:28+00:00\",\"author\":{\"@id\":\"https:\\\/\\\/stuttgarti-katolikusok.de\\\/#\\\/schema\\\/person\\\/75908d6f8fdc03a57889d27209df7795\"},\"breadcrumb\":{\"@id\":\"https:\\\/\\\/stuttgarti-katolikusok.de\\\/index.php\\\/jekel-ferenc-kepkiallitasa\\\/#breadcrumb\"},\"inLanguage\":\"hu\",\"potentialAction\":[{\"@type\":\"ReadAction\",\"target\":[\"https:\\\/\\\/stuttgarti-katolikusok.de\\\/index.php\\\/jekel-ferenc-kepkiallitasa\\\/\"]}]},{\"@type\":\"ImageObject\",\"inLanguage\":\"hu\",\"@id\":\"https:\\\/\\\/stuttgarti-katolikusok.de\\\/index.php\\\/jekel-ferenc-kepkiallitasa\\\/#primaryimage\",\"url\":\"https:\\\/\\\/stuttgarti-katolikusok.de\\\/wp-content\\\/uploads\\\/2018\\\/09\\\/jekelferi2.jpg\",\"contentUrl\":\"https:\\\/\\\/stuttgarti-katolikusok.de\\\/wp-content\\\/uploads\\\/2018\\\/09\\\/jekelferi2.jpg\",\"width\":2048,\"height\":1536},{\"@type\":\"BreadcrumbList\",\"@id\":\"https:\\\/\\\/stuttgarti-katolikusok.de\\\/index.php\\\/jekel-ferenc-kepkiallitasa\\\/#breadcrumb\",\"itemListElement\":[{\"@type\":\"ListItem\",\"position\":1,\"name\":\"Kezd\u0151lap\",\"item\":\"https:\\\/\\\/stuttgarti-katolikusok.de\\\/\"},{\"@type\":\"ListItem\",\"position\":2,\"name\":\"Jekel Ferenc k\u00e9pki\u00e1ll\u00edt\u00e1sa\"}]},{\"@type\":\"WebSite\",\"@id\":\"https:\\\/\\\/stuttgarti-katolikusok.de\\\/#website\",\"url\":\"https:\\\/\\\/stuttgarti-katolikusok.de\\\/\",\"name\":\"Stuttgarti Katolikusok\",\"description\":\"\",\"potentialAction\":[{\"@type\":\"SearchAction\",\"target\":{\"@type\":\"EntryPoint\",\"urlTemplate\":\"https:\\\/\\\/stuttgarti-katolikusok.de\\\/?s={search_term_string}\"},\"query-input\":{\"@type\":\"PropertyValueSpecification\",\"valueRequired\":true,\"valueName\":\"search_term_string\"}}],\"inLanguage\":\"hu\"},{\"@type\":\"Person\",\"@id\":\"https:\\\/\\\/stuttgarti-katolikusok.de\\\/#\\\/schema\\\/person\\\/75908d6f8fdc03a57889d27209df7795\",\"name\":\"Tibor atya\",\"image\":{\"@type\":\"ImageObject\",\"inLanguage\":\"hu\",\"@id\":\"https:\\\/\\\/secure.gravatar.com\\\/avatar\\\/61d268e57d1f4525b111222e29d2d5a7f8c420fdbf231ba5566a8ceac74fa960?s=96&d=mm&r=g\",\"url\":\"https:\\\/\\\/secure.gravatar.com\\\/avatar\\\/61d268e57d1f4525b111222e29d2d5a7f8c420fdbf231ba5566a8ceac74fa960?s=96&d=mm&r=g\",\"contentUrl\":\"https:\\\/\\\/secure.gravatar.com\\\/avatar\\\/61d268e57d1f4525b111222e29d2d5a7f8c420fdbf231ba5566a8ceac74fa960?s=96&d=mm&r=g\",\"caption\":\"Tibor atya\"},\"url\":\"https:\\\/\\\/stuttgarti-katolikusok.de\\\/index.php\\\/author\\\/tibor-atya\\\/\"}]}<\/script>\n<!-- \/ Yoast SEO plugin. -->","yoast_head_json":{"title":"Jekel Ferenc k\u00e9pki\u00e1ll\u00edt\u00e1sa - Stuttgarti Katolikusok","robots":{"index":"index","follow":"follow","max-snippet":"max-snippet:-1","max-image-preview":"max-image-preview:large","max-video-preview":"max-video-preview:-1"},"canonical":"https:\/\/stuttgarti-katolikusok.de\/index.php\/jekel-ferenc-kepkiallitasa\/","og_locale":"hu_HU","og_type":"article","og_title":"Jekel Ferenc k\u00e9pki\u00e1ll\u00edt\u00e1sa - Stuttgarti Katolikusok","og_description":"Jekel Ferenc k\u00e9pki\u00e1ll\u00edt\u00e1s\u00e1nak megnyit\u00f3j\u00e1ra &nbsp; Mikor el\u0151sz\u00f6r tal\u00e1lkoztam Ferivel, els\u0151 benyom\u00e1som az volt, hogy finom, halkszav\u00fa ember. Mikor elmondta, hogy honnan j\u00f6tt, egyb\u0151l k\u00f6z\u00f6s ismer\u0151s\u00f6ket kerest\u00fcnk, \u00e9s term\u00e9szetesen a papok k\u00f6z\u00f6tt tal\u00e1ltunk is. \u00c9l\u00e9nk eszmecsere kezd\u0151d\u00f6tt a m\u00faltr\u00f3l. A k\u00f6z\u00f6s gy\u00f6kerek, az azonos \u00e9letkor, bar\u00e1tokk\u00e1 tett benn\u00fcnket. &nbsp; Azt\u00e1n megaj\u00e1nd\u00e9kozott egy k\u00e9ppel. Akkor tudtam meg, hogy els\u0151 kellemes\u00a0 benyom\u00e1som helyes volt ugyan, de fogh\u00edjas: hisz szer\u00e9nyen elhallgatta, hogy m\u0171v\u00e9szember. Kutatgatni kezdtem ut\u00e1na, \u00e9s a k\u00f6vetkez\u0151ket tudtam meg r\u00f3la a lexikonokb\u00f3l: Marosh\u00e9vizen (Toplita) sz\u00fcletett 1950. november 3-\u00e1n. A csal\u00e1d 1955-ben lek\u00f6lt\u00f6z\u00f6tt Petrill\u00e1ra. Ferenc ott v\u00e9gezte 1957-1965 k\u00f6z\u00f6tt elemi iskol\u00e1it magyar nyelven. 1965-1969 k\u00f6z\u00f6tt\u00a0 magyar gimn\u00e1ziumba j\u00e1rt, amelyet 1969-ben \u00e9retts\u00e9givel v\u00e9gzett. 1970-1973 k\u00f6z\u00f6tt a M\u0171v\u00e9szeti N\u00e9piskol\u00e1n tanult, amelynek v\u00e9g\u00e9n diplom\u00e1t kapott. 1973-t\u0151l d\u00edszletfest\u0151 volt a Petrozs\u00e9nyi \u00c1llami Sz\u00ednh\u00e1zn\u00e1l. \u00a0\u00c9s mert a rom\u00e1n kommunista nyom\u00e1s \u2013 k\u00fcl\u00f6n\u00f6sen a v\u00e9geken \u2013 igen nagy volt, 1974-ben \u00e1ttelep\u00fclt Budapestre. 1974-1983 k\u00f6z\u00f6tt a Kelenf\u00f6ldi Er\u0151m\u0171ben c\u00edmfest\u0151k\u00e9nt \u00e9s dekorat\u0151rk\u00e9nt dolgozott. 1983-ban \u00e1tk\u00f6lt\u00f6z\u00f6tt Stuttgartba. Itt 1983-1986 k\u00f6z\u00f6tt\u00a0 rekl\u00e1mtechnikusk\u00e9nt dolgozott. 1986-2014 k\u00f6z\u00f6tt pedig a Stuttgarti \u00c1llami K\u00e9pt\u00e1r Biztons\u00e1gi Oszt\u00e1ly\u00e1nak 2. vezet\u0151je volt. 2014-t\u0151l nyugalomba vonult. &nbsp; M\u00e1sutt m\u00e9g ezt is olvashatom r\u00f3la: \u201eKezdetben az erd\u00e9lyi tanyavil\u00e1g, a sz\u00e9kely n\u00e9p\u00e9let l\u00edrai expresszionista hangulat\u00fa k\u00e9peit festette, majd m\u00e1s m\u0171fajokkal ismerkedik: kisplasztik\u00e1kat, f\u00e9mdombor\u00edt\u00e1sokat, samottba faragott torz\u00f3kat mint\u00e1z, szitanyomatokat k\u00e9sz\u00edt. Az 1980-as \u00e9vekt\u0151l alkotja k\u00fcl\u00f6nleges f\u00f3lia-mozaik k\u00e9peit&#8230;\u201d M\u00e9gis, mint lelkip\u00e1sztort \u00e9s bar\u00e1tj\u00e1t els\u0151sorban az \u00e9rdekelt: mi az ars po\u00e9tik\u00e1ja, azaz mi k\u00e9szteti arra, hogy alkosson, \u00e9s mit akar \u00fczenni, mondani a m\u0171veivel? Ezeket mondta: \u201eSz\u00ednekkel disz\u00edteni az emberek k\u00f6rnyezet\u00e9t&#8230; Hogy sz\u00e9pnek l\u00e1ss\u00e1k a vil\u00e1got, \u00e9s j\u00f3l \u00e9rezz\u00e9k magukat benne!\u201d Van ebben az eg\u00e9szben egy a Ferenc jellem\u00e9ben f\u00f6llelhet\u0151\u00a0 alapvon\u00e1s: a teremtm\u00e9ny \u2013 a vil\u00e1g \u00e9s az ember \u2013 ir\u00e1nti szeretet. &nbsp; \u201eSz\u00ednekkel disz\u00edteni az emberek k\u00f6rnyezet\u00e9t&#8230;\u201d \u2013 Isten jut eszembe, aki szeretetb\u0151l teremtette az embert \u00e9s, hogy j\u00f3l \u00e9rezze mag\u00e1t, az \u00c9denkertbe helyezte \u0151t.... R\u00e9szletek","og_url":"https:\/\/stuttgarti-katolikusok.de\/index.php\/jekel-ferenc-kepkiallitasa\/","og_site_name":"Stuttgarti Katolikusok","article_published_time":"2018-09-17T06:36:28+00:00","og_image":[{"width":2048,"height":1536,"url":"https:\/\/stuttgarti-katolikusok.de\/wp-content\/uploads\/2018\/09\/jekelferi2.jpg","type":"image\/jpeg"}],"author":"Tibor atya","twitter_card":"summary_large_image","twitter_misc":{"Szerz\u0151:":"Tibor atya","Becs\u00fclt olvas\u00e1si id\u0151":"7 perc"},"schema":{"@context":"https:\/\/schema.org","@graph":[{"@type":"Article","@id":"https:\/\/stuttgarti-katolikusok.de\/index.php\/jekel-ferenc-kepkiallitasa\/#article","isPartOf":{"@id":"https:\/\/stuttgarti-katolikusok.de\/index.php\/jekel-ferenc-kepkiallitasa\/"},"author":{"name":"Tibor atya","@id":"https:\/\/stuttgarti-katolikusok.de\/#\/schema\/person\/75908d6f8fdc03a57889d27209df7795"},"headline":"Jekel Ferenc k\u00e9pki\u00e1ll\u00edt\u00e1sa","datePublished":"2018-09-17T06:36:28+00:00","mainEntityOfPage":{"@id":"https:\/\/stuttgarti-katolikusok.de\/index.php\/jekel-ferenc-kepkiallitasa\/"},"wordCount":1410,"image":{"@id":"https:\/\/stuttgarti-katolikusok.de\/index.php\/jekel-ferenc-kepkiallitasa\/#primaryimage"},"thumbnailUrl":"https:\/\/stuttgarti-katolikusok.de\/wp-content\/uploads\/2018\/09\/jekelferi2.jpg","articleSection":["Gondolatok"],"inLanguage":"hu"},{"@type":"WebPage","@id":"https:\/\/stuttgarti-katolikusok.de\/index.php\/jekel-ferenc-kepkiallitasa\/","url":"https:\/\/stuttgarti-katolikusok.de\/index.php\/jekel-ferenc-kepkiallitasa\/","name":"Jekel Ferenc k\u00e9pki\u00e1ll\u00edt\u00e1sa - Stuttgarti Katolikusok","isPartOf":{"@id":"https:\/\/stuttgarti-katolikusok.de\/#website"},"primaryImageOfPage":{"@id":"https:\/\/stuttgarti-katolikusok.de\/index.php\/jekel-ferenc-kepkiallitasa\/#primaryimage"},"image":{"@id":"https:\/\/stuttgarti-katolikusok.de\/index.php\/jekel-ferenc-kepkiallitasa\/#primaryimage"},"thumbnailUrl":"https:\/\/stuttgarti-katolikusok.de\/wp-content\/uploads\/2018\/09\/jekelferi2.jpg","datePublished":"2018-09-17T06:36:28+00:00","author":{"@id":"https:\/\/stuttgarti-katolikusok.de\/#\/schema\/person\/75908d6f8fdc03a57889d27209df7795"},"breadcrumb":{"@id":"https:\/\/stuttgarti-katolikusok.de\/index.php\/jekel-ferenc-kepkiallitasa\/#breadcrumb"},"inLanguage":"hu","potentialAction":[{"@type":"ReadAction","target":["https:\/\/stuttgarti-katolikusok.de\/index.php\/jekel-ferenc-kepkiallitasa\/"]}]},{"@type":"ImageObject","inLanguage":"hu","@id":"https:\/\/stuttgarti-katolikusok.de\/index.php\/jekel-ferenc-kepkiallitasa\/#primaryimage","url":"https:\/\/stuttgarti-katolikusok.de\/wp-content\/uploads\/2018\/09\/jekelferi2.jpg","contentUrl":"https:\/\/stuttgarti-katolikusok.de\/wp-content\/uploads\/2018\/09\/jekelferi2.jpg","width":2048,"height":1536},{"@type":"BreadcrumbList","@id":"https:\/\/stuttgarti-katolikusok.de\/index.php\/jekel-ferenc-kepkiallitasa\/#breadcrumb","itemListElement":[{"@type":"ListItem","position":1,"name":"Kezd\u0151lap","item":"https:\/\/stuttgarti-katolikusok.de\/"},{"@type":"ListItem","position":2,"name":"Jekel Ferenc k\u00e9pki\u00e1ll\u00edt\u00e1sa"}]},{"@type":"WebSite","@id":"https:\/\/stuttgarti-katolikusok.de\/#website","url":"https:\/\/stuttgarti-katolikusok.de\/","name":"Stuttgarti Katolikusok","description":"","potentialAction":[{"@type":"SearchAction","target":{"@type":"EntryPoint","urlTemplate":"https:\/\/stuttgarti-katolikusok.de\/?s={search_term_string}"},"query-input":{"@type":"PropertyValueSpecification","valueRequired":true,"valueName":"search_term_string"}}],"inLanguage":"hu"},{"@type":"Person","@id":"https:\/\/stuttgarti-katolikusok.de\/#\/schema\/person\/75908d6f8fdc03a57889d27209df7795","name":"Tibor atya","image":{"@type":"ImageObject","inLanguage":"hu","@id":"https:\/\/secure.gravatar.com\/avatar\/61d268e57d1f4525b111222e29d2d5a7f8c420fdbf231ba5566a8ceac74fa960?s=96&d=mm&r=g","url":"https:\/\/secure.gravatar.com\/avatar\/61d268e57d1f4525b111222e29d2d5a7f8c420fdbf231ba5566a8ceac74fa960?s=96&d=mm&r=g","contentUrl":"https:\/\/secure.gravatar.com\/avatar\/61d268e57d1f4525b111222e29d2d5a7f8c420fdbf231ba5566a8ceac74fa960?s=96&d=mm&r=g","caption":"Tibor atya"},"url":"https:\/\/stuttgarti-katolikusok.de\/index.php\/author\/tibor-atya\/"}]}},"_links":{"self":[{"href":"https:\/\/stuttgarti-katolikusok.de\/index.php\/wp-json\/wp\/v2\/posts\/14941","targetHints":{"allow":["GET"]}}],"collection":[{"href":"https:\/\/stuttgarti-katolikusok.de\/index.php\/wp-json\/wp\/v2\/posts"}],"about":[{"href":"https:\/\/stuttgarti-katolikusok.de\/index.php\/wp-json\/wp\/v2\/types\/post"}],"author":[{"embeddable":true,"href":"https:\/\/stuttgarti-katolikusok.de\/index.php\/wp-json\/wp\/v2\/users\/3"}],"replies":[{"embeddable":true,"href":"https:\/\/stuttgarti-katolikusok.de\/index.php\/wp-json\/wp\/v2\/comments?post=14941"}],"version-history":[{"count":1,"href":"https:\/\/stuttgarti-katolikusok.de\/index.php\/wp-json\/wp\/v2\/posts\/14941\/revisions"}],"predecessor-version":[{"id":14943,"href":"https:\/\/stuttgarti-katolikusok.de\/index.php\/wp-json\/wp\/v2\/posts\/14941\/revisions\/14943"}],"wp:featuredmedia":[{"embeddable":true,"href":"https:\/\/stuttgarti-katolikusok.de\/index.php\/wp-json\/wp\/v2\/media\/14942"}],"wp:attachment":[{"href":"https:\/\/stuttgarti-katolikusok.de\/index.php\/wp-json\/wp\/v2\/media?parent=14941"}],"wp:term":[{"taxonomy":"category","embeddable":true,"href":"https:\/\/stuttgarti-katolikusok.de\/index.php\/wp-json\/wp\/v2\/categories?post=14941"},{"taxonomy":"post_tag","embeddable":true,"href":"https:\/\/stuttgarti-katolikusok.de\/index.php\/wp-json\/wp\/v2\/tags?post=14941"}],"curies":[{"name":"wp","href":"https:\/\/api.w.org\/{rel}","templated":true}]}}