{"id":14888,"date":"2018-09-10T05:32:42","date_gmt":"2018-09-10T05:32:42","guid":{"rendered":"https:\/\/gracious-dewdney.138-201-221-2.plesk.page\/?p=14888"},"modified":"2020-04-27T16:22:00","modified_gmt":"2020-04-27T16:22:00","slug":"programelozetes-szeptember-10-es-16-kozott","status":"publish","type":"post","link":"https:\/\/stuttgarti-katolikusok.de\/index.php\/programelozetes-szeptember-10-es-16-kozott\/","title":{"rendered":"Programel\u0151zetes szeptember 10 \u00e9s 16 k\u00f6z\u00f6tt"},"content":{"rendered":"<p><strong>Programel\u0151zetes<\/strong><\/p>\n<p><strong>Szeptember 12-\u00e9n, <\/strong>szerd\u00e1n,<\/p>\n<p><strong>Stuttgartban <\/strong>10.15 \u00f3rakor <em>n\u00e9met nyelv\u0171 szentmise.<\/em><\/p>\n<p style=\"text-align: center;\">*<\/p>\n<p><strong>Szeptember \u00a014-\u00e9n, <\/strong>p\u00e9nteken,<\/p>\n<p><strong>Stuttgartban<\/strong> 16.30 \u00f3rakor <em>Bar\u00e1ts\u00e1gklub. <\/em>Vend\u00e9g\u00fcnk P. Vizi Elem\u00e9r jezsuita tartom\u00e1nyf\u0151n\u00f6k.<\/p>\n<p>17.50 \u00f3rakor <em>r\u00f3zsaf\u00fcz\u00e9r-\u00e1jtatoss\u00e1g<\/em>, majd <em>szentmise<\/em>.<\/p>\n<p>19.00 \u00f3r\u00e1t\u00f3l <em>bar\u00e1ti egy\u00fcttl\u00e9t a pl\u00e9b\u00e1ni\u00e1n.<\/em><\/p>\n<p style=\"text-align: center;\">*<\/p>\n<p><strong>Szeptember \u00a015-\u00e9n, <\/strong>szombaton,<\/p>\n<p><strong>Stuttgartban <\/strong>19.00 \u00f3r\u00e1t\u00f3l <em>Nyitott Templomok \u00c9jszak\u00e1ja. <\/em>El\u0151bb <em>Jekel Ferenc k\u00e9pki\u00e1ll\u00edt\u00e1s\u00e1nak<\/em> megnyit\u00f3ja, majd k\u00e9pvet\u00edt\u00e9ses <em>el\u0151ad\u00e1s a reneszanszr\u00f3l<\/em>, v\u00e9g\u00fcl <em>himnusz<\/em> a Mindszenty-szobor el\u0151tt.<\/p>\n<p style=\"text-align: center;\">*<\/p>\n<p><strong>Szeptember\u00a0 16-\u00e1n,<\/strong> \u00e9vk\u00f6zi 24. vas\u00e1rnapon,<\/p>\n<p><strong>Ludwigsburgban <\/strong>9.30 \u00f3rakor <em>szentmise. <\/em>Ut\u00e1na<em> \u00e1g\u00e1p\u00e9<\/em>.<\/p>\n<p><strong>\u00a0\u00a0\u00a0\u00a0\u00a0\u00a0\u00a0\u00a0\u00a0\u00a0\u00a0 Stuttgartban <\/strong><em>Szent Gell\u00e9rt p\u00fcsp\u00f6k \u00e9s v\u00e9rtan\u00fa \u00fcnnepe: templomb\u00facs\u00fa. <\/em>12.00 \u00f3rakor <em>szentmise, <\/em>amelyet P. Vizi Elem\u00e9r jezsuita tartom\u00e1nyf\u0151n\u00f6k mutat be. 13.30 \u00f3rakor k\u00f6z\u00f6s eb\u00e9d, majd 15.00 \u00f3rakor koncert.<\/p>\n<p>*<\/p>\n<p>PS! Ulmban \u00e9s Weingartenben a h\u00e9tk\u00f6znapi szentmis\u00e9k ELMARADNAK!<\/p>\n<p>Minden helyen mindenkit szeretettel v\u00e1r a k\u00f6z\u00f6ss\u00e9g \u00e9s Imre atya!<\/p>\n<p><em>\u00a0<\/em><em>\u201eA gyermekek sz\u00e1m\u00e1ra egy boldog \u00e9desanya t\u00f6bb \u00e1ld\u00e1s, mint ezer j\u00f3 k\u00f6nyv a nevel\u00e9sr\u0151l.\u201d <\/em><strong>(Johann Heinrich Pestalozzi \u2013 1746-1827 \u2013 sv\u00e1jci pedag\u00f3gus) <\/strong><\/p>\n<p><strong><em>\u00a0<\/em><\/strong><strong><em>Sz\u00e9p \u0151szi napokat, j\u00f3 munk\u00e1t, tartalmas besz\u00e9lget\u00e9seket \u00e9s \u00f6r\u00f6mteli tal\u00e1lkoz\u00e1sokat k\u00edv\u00e1nunk minden Kedves H\u00edv\u00fcnknek!<\/em><\/strong><\/p>\n","protected":false},"excerpt":{"rendered":"<p>Programel\u0151zetes Szeptember 12-\u00e9n, szerd\u00e1n, Stuttgartban 10.15 \u00f3rakor n\u00e9met nyelv\u0171 szentmise. * Szeptember \u00a014-\u00e9n, p\u00e9nteken, Stuttgartban 16.30 \u00f3rakor Bar\u00e1ts\u00e1gklub. Vend\u00e9g\u00fcnk P. Vizi Elem\u00e9r jezsuita tartom\u00e1nyf\u0151n\u00f6k. 17.50 \u00f3rakor r\u00f3zsaf\u00fcz\u00e9r-\u00e1jtatoss\u00e1g, majd szentmise. 19.00 \u00f3r\u00e1t\u00f3l bar\u00e1ti egy\u00fcttl\u00e9t a pl\u00e9b\u00e1ni\u00e1n. * Szeptember \u00a015-\u00e9n, szombaton, Stuttgartban 19.00 \u00f3r\u00e1t\u00f3l Nyitott Templomok \u00c9jszak\u00e1ja. El\u0151bb Jekel Ferenc k\u00e9pki\u00e1ll\u00edt\u00e1s\u00e1nak megnyit\u00f3ja, majd k\u00e9pvet\u00edt\u00e9ses el\u0151ad\u00e1s a reneszanszr\u00f3l, v\u00e9g\u00fcl himnusz a Mindszenty-szobor el\u0151tt. * Szeptember\u00a0 16-\u00e1n, \u00e9vk\u00f6zi 24. vas\u00e1rnapon, Ludwigsburgban 9.30 \u00f3rakor szentmise. Ut\u00e1na \u00e1g\u00e1p\u00e9. \u00a0\u00a0\u00a0\u00a0\u00a0\u00a0\u00a0\u00a0\u00a0\u00a0\u00a0 Stuttgartban Szent Gell\u00e9rt p\u00fcsp\u00f6k \u00e9s v\u00e9rtan\u00fa \u00fcnnepe: templomb\u00facs\u00fa. 12.00 \u00f3rakor szentmise, amelyet P. Vizi Elem\u00e9r jezsuita tartom\u00e1nyf\u0151n\u00f6k mutat be. 13.30 \u00f3rakor k\u00f6z\u00f6s eb\u00e9d, majd 15.00 \u00f3rakor koncert. * PS! Ulmban \u00e9s Weingartenben a h\u00e9tk\u00f6znapi szentmis\u00e9k ELMARADNAK! Minden helyen mindenkit szeretettel v\u00e1r a k\u00f6z\u00f6ss\u00e9g \u00e9s Imre atya! \u00a0\u201eA gyermekek sz\u00e1m\u00e1ra egy boldog \u00e9desanya t\u00f6bb \u00e1ld\u00e1s, mint ezer j\u00f3 k\u00f6nyv a nevel\u00e9sr\u0151l.\u201d (Johann Heinrich Pestalozzi \u2013 1746-1827 \u2013 sv\u00e1jci pedag\u00f3gus) \u00a0Sz\u00e9p \u0151szi napokat, j\u00f3 munk\u00e1t, tartalmas besz\u00e9lget\u00e9seket \u00e9s \u00f6r\u00f6mteli tal\u00e1lkoz\u00e1sokat k\u00edv\u00e1nunk minden Kedves H\u00edv\u00fcnknek!<\/p>\n","protected":false},"author":3,"featured_media":0,"comment_status":"closed","ping_status":"closed","sticky":false,"template":"","format":"standard","meta":{"footnotes":""},"categories":[37],"tags":[],"class_list":["post-14888","post","type-post","status-publish","format-standard","hentry","category-progamelozetes"],"yoast_head":"<!-- This site is optimized with the Yoast SEO plugin v27.3 - https:\/\/yoast.com\/product\/yoast-seo-wordpress\/ -->\n<title>Programel\u0151zetes szeptember 10 \u00e9s 16 k\u00f6z\u00f6tt - Stuttgarti Katolikusok<\/title>\n<meta name=\"robots\" content=\"index, follow, max-snippet:-1, max-image-preview:large, max-video-preview:-1\" \/>\n<link rel=\"canonical\" href=\"https:\/\/stuttgarti-katolikusok.de\/index.php\/programelozetes-szeptember-10-es-16-kozott\/\" \/>\n<meta property=\"og:locale\" content=\"hu_HU\" \/>\n<meta property=\"og:type\" content=\"article\" \/>\n<meta property=\"og:title\" content=\"Programel\u0151zetes szeptember 10 \u00e9s 16 k\u00f6z\u00f6tt - Stuttgarti Katolikusok\" \/>\n<meta property=\"og:description\" content=\"Programel\u0151zetes Szeptember 12-\u00e9n, szerd\u00e1n, Stuttgartban 10.15 \u00f3rakor n\u00e9met nyelv\u0171 szentmise. * Szeptember \u00a014-\u00e9n, p\u00e9nteken, Stuttgartban 16.30 \u00f3rakor Bar\u00e1ts\u00e1gklub. Vend\u00e9g\u00fcnk P. Vizi Elem\u00e9r jezsuita tartom\u00e1nyf\u0151n\u00f6k. 17.50 \u00f3rakor r\u00f3zsaf\u00fcz\u00e9r-\u00e1jtatoss\u00e1g, majd szentmise. 19.00 \u00f3r\u00e1t\u00f3l bar\u00e1ti egy\u00fcttl\u00e9t a pl\u00e9b\u00e1ni\u00e1n. * Szeptember \u00a015-\u00e9n, szombaton, Stuttgartban 19.00 \u00f3r\u00e1t\u00f3l Nyitott Templomok \u00c9jszak\u00e1ja. El\u0151bb Jekel Ferenc k\u00e9pki\u00e1ll\u00edt\u00e1s\u00e1nak megnyit\u00f3ja, majd k\u00e9pvet\u00edt\u00e9ses el\u0151ad\u00e1s a reneszanszr\u00f3l, v\u00e9g\u00fcl himnusz a Mindszenty-szobor el\u0151tt. * Szeptember\u00a0 16-\u00e1n, \u00e9vk\u00f6zi 24. vas\u00e1rnapon, Ludwigsburgban 9.30 \u00f3rakor szentmise. Ut\u00e1na \u00e1g\u00e1p\u00e9. \u00a0\u00a0\u00a0\u00a0\u00a0\u00a0\u00a0\u00a0\u00a0\u00a0\u00a0 Stuttgartban Szent Gell\u00e9rt p\u00fcsp\u00f6k \u00e9s v\u00e9rtan\u00fa \u00fcnnepe: templomb\u00facs\u00fa. 12.00 \u00f3rakor szentmise, amelyet P. Vizi Elem\u00e9r jezsuita tartom\u00e1nyf\u0151n\u00f6k mutat be. 13.30 \u00f3rakor k\u00f6z\u00f6s eb\u00e9d, majd 15.00 \u00f3rakor koncert. * PS! Ulmban \u00e9s Weingartenben a h\u00e9tk\u00f6znapi szentmis\u00e9k ELMARADNAK! Minden helyen mindenkit szeretettel v\u00e1r a k\u00f6z\u00f6ss\u00e9g \u00e9s Imre atya! \u00a0\u201eA gyermekek sz\u00e1m\u00e1ra egy boldog \u00e9desanya t\u00f6bb \u00e1ld\u00e1s, mint ezer j\u00f3 k\u00f6nyv a nevel\u00e9sr\u0151l.\u201d (Johann Heinrich Pestalozzi \u2013 1746-1827 \u2013 sv\u00e1jci pedag\u00f3gus) \u00a0Sz\u00e9p \u0151szi napokat, j\u00f3 munk\u00e1t, tartalmas besz\u00e9lget\u00e9seket \u00e9s \u00f6r\u00f6mteli tal\u00e1lkoz\u00e1sokat k\u00edv\u00e1nunk minden Kedves H\u00edv\u00fcnknek!\" \/>\n<meta property=\"og:url\" content=\"https:\/\/stuttgarti-katolikusok.de\/index.php\/programelozetes-szeptember-10-es-16-kozott\/\" \/>\n<meta property=\"og:site_name\" content=\"Stuttgarti Katolikusok\" \/>\n<meta property=\"article:published_time\" content=\"2018-09-10T05:32:42+00:00\" \/>\n<meta property=\"article:modified_time\" content=\"2020-04-27T16:22:00+00:00\" \/>\n<meta name=\"author\" content=\"Tibor atya\" \/>\n<meta name=\"twitter:card\" content=\"summary_large_image\" \/>\n<meta name=\"twitter:label1\" content=\"Szerz\u0151:\" \/>\n\t<meta name=\"twitter:data1\" content=\"Tibor atya\" \/>\n\t<meta name=\"twitter:label2\" content=\"Becs\u00fclt olvas\u00e1si id\u0151\" \/>\n\t<meta name=\"twitter:data2\" content=\"1 perc\" \/>\n<script type=\"application\/ld+json\" class=\"yoast-schema-graph\">{\"@context\":\"https:\\\/\\\/schema.org\",\"@graph\":[{\"@type\":\"Article\",\"@id\":\"https:\\\/\\\/stuttgarti-katolikusok.de\\\/index.php\\\/programelozetes-szeptember-10-es-16-kozott\\\/#article\",\"isPartOf\":{\"@id\":\"https:\\\/\\\/stuttgarti-katolikusok.de\\\/index.php\\\/programelozetes-szeptember-10-es-16-kozott\\\/\"},\"author\":{\"name\":\"Tibor atya\",\"@id\":\"https:\\\/\\\/stuttgarti-katolikusok.de\\\/#\\\/schema\\\/person\\\/75908d6f8fdc03a57889d27209df7795\"},\"headline\":\"Programel\u0151zetes szeptember 10 \u00e9s 16 k\u00f6z\u00f6tt\",\"datePublished\":\"2018-09-10T05:32:42+00:00\",\"dateModified\":\"2020-04-27T16:22:00+00:00\",\"mainEntityOfPage\":{\"@id\":\"https:\\\/\\\/stuttgarti-katolikusok.de\\\/index.php\\\/programelozetes-szeptember-10-es-16-kozott\\\/\"},\"wordCount\":236,\"articleSection\":[\"Progamel\u0151zetes\"],\"inLanguage\":\"hu\"},{\"@type\":\"WebPage\",\"@id\":\"https:\\\/\\\/stuttgarti-katolikusok.de\\\/index.php\\\/programelozetes-szeptember-10-es-16-kozott\\\/\",\"url\":\"https:\\\/\\\/stuttgarti-katolikusok.de\\\/index.php\\\/programelozetes-szeptember-10-es-16-kozott\\\/\",\"name\":\"Programel\u0151zetes szeptember 10 \u00e9s 16 k\u00f6z\u00f6tt - Stuttgarti Katolikusok\",\"isPartOf\":{\"@id\":\"https:\\\/\\\/stuttgarti-katolikusok.de\\\/#website\"},\"datePublished\":\"2018-09-10T05:32:42+00:00\",\"dateModified\":\"2020-04-27T16:22:00+00:00\",\"author\":{\"@id\":\"https:\\\/\\\/stuttgarti-katolikusok.de\\\/#\\\/schema\\\/person\\\/75908d6f8fdc03a57889d27209df7795\"},\"breadcrumb\":{\"@id\":\"https:\\\/\\\/stuttgarti-katolikusok.de\\\/index.php\\\/programelozetes-szeptember-10-es-16-kozott\\\/#breadcrumb\"},\"inLanguage\":\"hu\",\"potentialAction\":[{\"@type\":\"ReadAction\",\"target\":[\"https:\\\/\\\/stuttgarti-katolikusok.de\\\/index.php\\\/programelozetes-szeptember-10-es-16-kozott\\\/\"]}]},{\"@type\":\"BreadcrumbList\",\"@id\":\"https:\\\/\\\/stuttgarti-katolikusok.de\\\/index.php\\\/programelozetes-szeptember-10-es-16-kozott\\\/#breadcrumb\",\"itemListElement\":[{\"@type\":\"ListItem\",\"position\":1,\"name\":\"Kezd\u0151lap\",\"item\":\"https:\\\/\\\/stuttgarti-katolikusok.de\\\/\"},{\"@type\":\"ListItem\",\"position\":2,\"name\":\"Programel\u0151zetes szeptember 10 \u00e9s 16 k\u00f6z\u00f6tt\"}]},{\"@type\":\"WebSite\",\"@id\":\"https:\\\/\\\/stuttgarti-katolikusok.de\\\/#website\",\"url\":\"https:\\\/\\\/stuttgarti-katolikusok.de\\\/\",\"name\":\"Stuttgarti Katolikusok\",\"description\":\"\",\"potentialAction\":[{\"@type\":\"SearchAction\",\"target\":{\"@type\":\"EntryPoint\",\"urlTemplate\":\"https:\\\/\\\/stuttgarti-katolikusok.de\\\/?s={search_term_string}\"},\"query-input\":{\"@type\":\"PropertyValueSpecification\",\"valueRequired\":true,\"valueName\":\"search_term_string\"}}],\"inLanguage\":\"hu\"},{\"@type\":\"Person\",\"@id\":\"https:\\\/\\\/stuttgarti-katolikusok.de\\\/#\\\/schema\\\/person\\\/75908d6f8fdc03a57889d27209df7795\",\"name\":\"Tibor atya\",\"image\":{\"@type\":\"ImageObject\",\"inLanguage\":\"hu\",\"@id\":\"https:\\\/\\\/secure.gravatar.com\\\/avatar\\\/61d268e57d1f4525b111222e29d2d5a7f8c420fdbf231ba5566a8ceac74fa960?s=96&d=mm&r=g\",\"url\":\"https:\\\/\\\/secure.gravatar.com\\\/avatar\\\/61d268e57d1f4525b111222e29d2d5a7f8c420fdbf231ba5566a8ceac74fa960?s=96&d=mm&r=g\",\"contentUrl\":\"https:\\\/\\\/secure.gravatar.com\\\/avatar\\\/61d268e57d1f4525b111222e29d2d5a7f8c420fdbf231ba5566a8ceac74fa960?s=96&d=mm&r=g\",\"caption\":\"Tibor atya\"},\"url\":\"https:\\\/\\\/stuttgarti-katolikusok.de\\\/index.php\\\/author\\\/tibor-atya\\\/\"}]}<\/script>\n<!-- \/ Yoast SEO plugin. -->","yoast_head_json":{"title":"Programel\u0151zetes szeptember 10 \u00e9s 16 k\u00f6z\u00f6tt - Stuttgarti Katolikusok","robots":{"index":"index","follow":"follow","max-snippet":"max-snippet:-1","max-image-preview":"max-image-preview:large","max-video-preview":"max-video-preview:-1"},"canonical":"https:\/\/stuttgarti-katolikusok.de\/index.php\/programelozetes-szeptember-10-es-16-kozott\/","og_locale":"hu_HU","og_type":"article","og_title":"Programel\u0151zetes szeptember 10 \u00e9s 16 k\u00f6z\u00f6tt - Stuttgarti Katolikusok","og_description":"Programel\u0151zetes Szeptember 12-\u00e9n, szerd\u00e1n, Stuttgartban 10.15 \u00f3rakor n\u00e9met nyelv\u0171 szentmise. * Szeptember \u00a014-\u00e9n, p\u00e9nteken, Stuttgartban 16.30 \u00f3rakor Bar\u00e1ts\u00e1gklub. Vend\u00e9g\u00fcnk P. Vizi Elem\u00e9r jezsuita tartom\u00e1nyf\u0151n\u00f6k. 17.50 \u00f3rakor r\u00f3zsaf\u00fcz\u00e9r-\u00e1jtatoss\u00e1g, majd szentmise. 19.00 \u00f3r\u00e1t\u00f3l bar\u00e1ti egy\u00fcttl\u00e9t a pl\u00e9b\u00e1ni\u00e1n. * Szeptember \u00a015-\u00e9n, szombaton, Stuttgartban 19.00 \u00f3r\u00e1t\u00f3l Nyitott Templomok \u00c9jszak\u00e1ja. El\u0151bb Jekel Ferenc k\u00e9pki\u00e1ll\u00edt\u00e1s\u00e1nak megnyit\u00f3ja, majd k\u00e9pvet\u00edt\u00e9ses el\u0151ad\u00e1s a reneszanszr\u00f3l, v\u00e9g\u00fcl himnusz a Mindszenty-szobor el\u0151tt. * Szeptember\u00a0 16-\u00e1n, \u00e9vk\u00f6zi 24. vas\u00e1rnapon, Ludwigsburgban 9.30 \u00f3rakor szentmise. Ut\u00e1na \u00e1g\u00e1p\u00e9. \u00a0\u00a0\u00a0\u00a0\u00a0\u00a0\u00a0\u00a0\u00a0\u00a0\u00a0 Stuttgartban Szent Gell\u00e9rt p\u00fcsp\u00f6k \u00e9s v\u00e9rtan\u00fa \u00fcnnepe: templomb\u00facs\u00fa. 12.00 \u00f3rakor szentmise, amelyet P. Vizi Elem\u00e9r jezsuita tartom\u00e1nyf\u0151n\u00f6k mutat be. 13.30 \u00f3rakor k\u00f6z\u00f6s eb\u00e9d, majd 15.00 \u00f3rakor koncert. * PS! Ulmban \u00e9s Weingartenben a h\u00e9tk\u00f6znapi szentmis\u00e9k ELMARADNAK! Minden helyen mindenkit szeretettel v\u00e1r a k\u00f6z\u00f6ss\u00e9g \u00e9s Imre atya! \u00a0\u201eA gyermekek sz\u00e1m\u00e1ra egy boldog \u00e9desanya t\u00f6bb \u00e1ld\u00e1s, mint ezer j\u00f3 k\u00f6nyv a nevel\u00e9sr\u0151l.\u201d (Johann Heinrich Pestalozzi \u2013 1746-1827 \u2013 sv\u00e1jci pedag\u00f3gus) \u00a0Sz\u00e9p \u0151szi napokat, j\u00f3 munk\u00e1t, tartalmas besz\u00e9lget\u00e9seket \u00e9s \u00f6r\u00f6mteli tal\u00e1lkoz\u00e1sokat k\u00edv\u00e1nunk minden Kedves H\u00edv\u00fcnknek!","og_url":"https:\/\/stuttgarti-katolikusok.de\/index.php\/programelozetes-szeptember-10-es-16-kozott\/","og_site_name":"Stuttgarti Katolikusok","article_published_time":"2018-09-10T05:32:42+00:00","article_modified_time":"2020-04-27T16:22:00+00:00","author":"Tibor atya","twitter_card":"summary_large_image","twitter_misc":{"Szerz\u0151:":"Tibor atya","Becs\u00fclt olvas\u00e1si id\u0151":"1 perc"},"schema":{"@context":"https:\/\/schema.org","@graph":[{"@type":"Article","@id":"https:\/\/stuttgarti-katolikusok.de\/index.php\/programelozetes-szeptember-10-es-16-kozott\/#article","isPartOf":{"@id":"https:\/\/stuttgarti-katolikusok.de\/index.php\/programelozetes-szeptember-10-es-16-kozott\/"},"author":{"name":"Tibor atya","@id":"https:\/\/stuttgarti-katolikusok.de\/#\/schema\/person\/75908d6f8fdc03a57889d27209df7795"},"headline":"Programel\u0151zetes szeptember 10 \u00e9s 16 k\u00f6z\u00f6tt","datePublished":"2018-09-10T05:32:42+00:00","dateModified":"2020-04-27T16:22:00+00:00","mainEntityOfPage":{"@id":"https:\/\/stuttgarti-katolikusok.de\/index.php\/programelozetes-szeptember-10-es-16-kozott\/"},"wordCount":236,"articleSection":["Progamel\u0151zetes"],"inLanguage":"hu"},{"@type":"WebPage","@id":"https:\/\/stuttgarti-katolikusok.de\/index.php\/programelozetes-szeptember-10-es-16-kozott\/","url":"https:\/\/stuttgarti-katolikusok.de\/index.php\/programelozetes-szeptember-10-es-16-kozott\/","name":"Programel\u0151zetes szeptember 10 \u00e9s 16 k\u00f6z\u00f6tt - Stuttgarti Katolikusok","isPartOf":{"@id":"https:\/\/stuttgarti-katolikusok.de\/#website"},"datePublished":"2018-09-10T05:32:42+00:00","dateModified":"2020-04-27T16:22:00+00:00","author":{"@id":"https:\/\/stuttgarti-katolikusok.de\/#\/schema\/person\/75908d6f8fdc03a57889d27209df7795"},"breadcrumb":{"@id":"https:\/\/stuttgarti-katolikusok.de\/index.php\/programelozetes-szeptember-10-es-16-kozott\/#breadcrumb"},"inLanguage":"hu","potentialAction":[{"@type":"ReadAction","target":["https:\/\/stuttgarti-katolikusok.de\/index.php\/programelozetes-szeptember-10-es-16-kozott\/"]}]},{"@type":"BreadcrumbList","@id":"https:\/\/stuttgarti-katolikusok.de\/index.php\/programelozetes-szeptember-10-es-16-kozott\/#breadcrumb","itemListElement":[{"@type":"ListItem","position":1,"name":"Kezd\u0151lap","item":"https:\/\/stuttgarti-katolikusok.de\/"},{"@type":"ListItem","position":2,"name":"Programel\u0151zetes szeptember 10 \u00e9s 16 k\u00f6z\u00f6tt"}]},{"@type":"WebSite","@id":"https:\/\/stuttgarti-katolikusok.de\/#website","url":"https:\/\/stuttgarti-katolikusok.de\/","name":"Stuttgarti Katolikusok","description":"","potentialAction":[{"@type":"SearchAction","target":{"@type":"EntryPoint","urlTemplate":"https:\/\/stuttgarti-katolikusok.de\/?s={search_term_string}"},"query-input":{"@type":"PropertyValueSpecification","valueRequired":true,"valueName":"search_term_string"}}],"inLanguage":"hu"},{"@type":"Person","@id":"https:\/\/stuttgarti-katolikusok.de\/#\/schema\/person\/75908d6f8fdc03a57889d27209df7795","name":"Tibor atya","image":{"@type":"ImageObject","inLanguage":"hu","@id":"https:\/\/secure.gravatar.com\/avatar\/61d268e57d1f4525b111222e29d2d5a7f8c420fdbf231ba5566a8ceac74fa960?s=96&d=mm&r=g","url":"https:\/\/secure.gravatar.com\/avatar\/61d268e57d1f4525b111222e29d2d5a7f8c420fdbf231ba5566a8ceac74fa960?s=96&d=mm&r=g","contentUrl":"https:\/\/secure.gravatar.com\/avatar\/61d268e57d1f4525b111222e29d2d5a7f8c420fdbf231ba5566a8ceac74fa960?s=96&d=mm&r=g","caption":"Tibor atya"},"url":"https:\/\/stuttgarti-katolikusok.de\/index.php\/author\/tibor-atya\/"}]}},"_links":{"self":[{"href":"https:\/\/stuttgarti-katolikusok.de\/index.php\/wp-json\/wp\/v2\/posts\/14888","targetHints":{"allow":["GET"]}}],"collection":[{"href":"https:\/\/stuttgarti-katolikusok.de\/index.php\/wp-json\/wp\/v2\/posts"}],"about":[{"href":"https:\/\/stuttgarti-katolikusok.de\/index.php\/wp-json\/wp\/v2\/types\/post"}],"author":[{"embeddable":true,"href":"https:\/\/stuttgarti-katolikusok.de\/index.php\/wp-json\/wp\/v2\/users\/3"}],"replies":[{"embeddable":true,"href":"https:\/\/stuttgarti-katolikusok.de\/index.php\/wp-json\/wp\/v2\/comments?post=14888"}],"version-history":[{"count":2,"href":"https:\/\/stuttgarti-katolikusok.de\/index.php\/wp-json\/wp\/v2\/posts\/14888\/revisions"}],"predecessor-version":[{"id":14896,"href":"https:\/\/stuttgarti-katolikusok.de\/index.php\/wp-json\/wp\/v2\/posts\/14888\/revisions\/14896"}],"wp:attachment":[{"href":"https:\/\/stuttgarti-katolikusok.de\/index.php\/wp-json\/wp\/v2\/media?parent=14888"}],"wp:term":[{"taxonomy":"category","embeddable":true,"href":"https:\/\/stuttgarti-katolikusok.de\/index.php\/wp-json\/wp\/v2\/categories?post=14888"},{"taxonomy":"post_tag","embeddable":true,"href":"https:\/\/stuttgarti-katolikusok.de\/index.php\/wp-json\/wp\/v2\/tags?post=14888"}],"curies":[{"name":"wp","href":"https:\/\/api.w.org\/{rel}","templated":true}]}}