{"id":14847,"date":"2018-08-18T06:03:34","date_gmt":"2018-08-18T06:03:34","guid":{"rendered":"https:\/\/gracious-dewdney.138-201-221-2.plesk.page\/?p=14847"},"modified":"2018-08-18T06:03:34","modified_gmt":"2018-08-18T06:03:34","slug":"zarandoklat-2019-ben","status":"publish","type":"post","link":"https:\/\/stuttgarti-katolikusok.de\/index.php\/zarandoklat-2019-ben\/","title":{"rendered":"Zar\u00e1ndoklat 2019-ben"},"content":{"rendered":"<p>&nbsp;<\/p>\n<p>EGYH\u00c1ZK\u00d6ZS\u00c9GI ZAR\u00c1NDOKLAT 2019-BEN.<strong>\u00a0<\/strong><\/p>\n<p>Kedves H\u00edveink!<\/p>\n<p>Isten \u00fagy teremtette az embert, hogy az mindig magasabbra t\u00f6rekedj\u00e9k! Egyre jobb \u00e9s nemesebb lelk\u00fclet\u0171 legyen! A k\u00f6z\u00e9pkorban szok\u00e1sos latin nyelven ezt \u00edgy mondt\u00e1k: <em>\u201eAd astra nati sumus! \u2013 A csillagokra sz\u00fclett\u00fcnk!\u201d <\/em>\u00c9s az a teljes \u00e9rtek\u0171 ember, aki ezt soha nem t\u00e9veszti szem el\u0151l \u00e9s mindig a csillagokra n\u00e9z.<\/p>\n<p>Gyakorlatilag a zar\u00e1ndoklat is egy <em>\u201ecsillagn\u00e9z\u00e9s\u201d.<\/em> Kiszakadunk a h\u00e9tk\u00f6znapok f\u00f6ldh\u00f6zragadotts\u00e1g\u00e1b\u00f3l \u00e9s a lelki dolgok ut\u00e1n ered\u00fcnk. Felegyenesed\u00fcnk a mindennapi munk\u00e1b\u00f3l, \u00e9s tekintet\u00fcnket az \u00e9g fel\u00e9 emelj\u00fck, hogy ism\u00e9t tudatosuljon benn\u00fcnk: <em>Isten gyermekei vagyunk! A csillagokra sz\u00fclett\u00fcnk!<\/em><\/p>\n<p>Ezen a <em>\u201ef\u00f6lfel\u00e9\u201d<\/em> vezet\u0151 \u00faton p\u00e9ldak\u00e9pekre van sz\u00fcks\u00e9g\u00fcnk. Olyanokra, akik a <em>\u201ecsillagvil\u00e1got\u201d<\/em> m\u00e1r megj\u00e1rt\u00e1k. Olyanokra, akik ismerik az oda vezet\u0151 utakat.<\/p>\n<p>Az els\u0151 \u00e9s legfontosabb p\u00e9ldak\u00e9p \u2013 k\u00fcl\u00f6n\u00f6sen a h\u00edv\u0151 emberek sz\u00e1m\u00e1ra \u2013 az \u00dar J\u00e9zus Krisztus. \u0150 az Aty\u00e1t\u00f3l j\u00f6tt, hogy tudtul adja nek\u00fcnk mindazt, amit T\u0151le hallott (Jn 15,15), azaz, amit tudnunk kell az \u00fcdv\u00f6ss\u00e9ghez.<\/p>\n<p>De m\u00e1s p\u00e9ldak\u00e9peink is vannak, a szentek, akiknek az \u00e9lete ir\u00e1nyt\u0171, <em>\u201eelektronikus t\u00e9rk\u00e9pkeres\u0151\u201d<\/em> (GPS) Istenhez, az Aty\u00e1hoz.<\/p>\n<p>Egyh\u00e1zk\u00f6zs\u00e9g\u00fcnk \u2013 a fentiek tudat\u00e1ban \u2013 a k\u00f6vetkez\u0151 esztend\u0151ben, 2019. j\u00fanius 10-e \u00e9s j\u00fanius 16-a k\u00f6z\u00f6tt <em>\u00e9szak-olaszorsz\u00e1gi zar\u00e1ndokutat<\/em> szervez. El\u0151sz\u00f6r is az\u00e9rt, hogy <em>Torin\u00f3ban<\/em> az \u00dar J\u00e9zus halotti lepl\u00e9n belen\u00e9zhessen az \u0150 felt\u00e1madott isteni arc\u00e1ba. Ut\u00e1na, hogy <em>Muran\u00f3ban<\/em> v\u00e9d\u0151szentj\u00e9nek, Szent Gell\u00e9rtnek (979\/80-1046) a s\u00edrj\u00e1n\u00e1l elm\u00e9lkedhess\u00e9k az \u0151 emberszeretet\u00e9n, amellyel \u00f6nmag\u00e1t h\u00e1tt\u00e9rbe szor\u00edtva egy sz\u00e1m\u00e1ra idegen nemzetnek lett lelki atyja \u00e9s p\u00e9ldak\u00e9ppe. De <em>P\u00e1duai<\/em> Szent Antal (1195-1231) istenszeretet\u00e9t is el akarjuk saj\u00e1t\u00edtani, aki nem sz\u0171nt meg f\u00e1radozni tan\u00edtani embert\u00e1rsait az istenire, a sz\u00e9pre \u00e9s a j\u00f3ra. Mint ahogyan <em>Mil\u00e1n\u00f3ban<\/em> a reform\u00e1ci\u00f3 kor\u00e1nak egyik legnagyobb alakj\u00e1t\u00f3l, Borromeo Szent K\u00e1roly b\u00edborost\u00f3l (1538-1584) azt akarjuk eltanulni, hogyan\u00a0 tud az ember el\u0151kel\u0151 sz\u00e1rmaz\u00e1sa \u00e9s tiszts\u00e9ge ellen\u00e9re lehajolni minden testi-lelki bajbajutotthoz.<\/p>\n<p>Term\u00e9szetesen mindek\u00f6zben \u00c9szak-Olaszorsz\u00e1g term\u00e9szeti sz\u00e9ps\u00e9geire, kult\u00far\u00e1lis \u00e9rt\u00e9keire \u00e9s kincseire is szak\u00edtunk id\u0151t, hogy szellem\u00fcnk is gazdagodj\u00e9k.<\/p>\n<p>Hogy m\u00e9gis l\u00e1ss\u00e1tok, milyen gazdagnak \u00edg\u00e9rkezik programunk, mell\u00e9kelem Nektek azzal a megjegyz\u00e9ssel, hogy m\u00e9g nem v\u00e9gleges! Mint ahogyan a zar\u00e1ndoklat \u00e1ra sem, amelyet \u00e9n kb. 850,-EUR-ra becs\u00fcl\u00f6k.<\/p>\n<p>Levelem c\u00e9lja mind\u00f6ssze annyi, hogy az utaz\u00e1si irod\u00e1val val\u00f3 konkr\u00e9t t\u00e1rgyal\u00e1som el\u0151tt szeretn\u00e9m l\u00e1tni, <em>ki tart vel\u00fcnk a 2019. j\u00fanius 1- \u00e9s 16-a k\u00f6z\u00f6tt rendezend\u0151 \u00c9szak-Olaszorsz\u00e1gi zar\u00e1ndok\u00fatra?<\/em><\/p>\n<p>Aki kedvet kapott hozz\u00e1, az jelentkezzen az Egyh\u00e1zk\u00f6zs\u00e9g Irod\u00e1j\u00e1n a 0711-236 91 90-es vagy a 0711-236 74 17-es telefonsz\u00e1mon.<\/p>\n<p><em>Lelkip\u00e1sztori szeretettel,<\/em><\/p>\n<p><em>Imre atya<\/em><\/p>\n<p><em>Stuttgart, 2018. augusztus 18.<\/em><\/p>\n<p>&nbsp;<\/p>\n<p><strong>\u00datiterv<\/strong><\/p>\n<p><strong>J\u00fanius 10: H\u00e9tf\u0151 &#8211; Stuttgart \u2013 Torin\u00f3<\/strong><\/p>\n<p><em>Indul\u00e1s<\/em> 6:30 \u00f3rakor \u00a0(Albert-Sch\u00e4ffle-Str. 30, Stuttgart).<\/p>\n<p><strong><em>Milan\u00f3<\/em><\/strong>: <em>V\u00e1rosn\u00e9z\u00e9s<\/em> (Dom, S. Maria delle Grazie a kolostorral \u2013 Leonardo da Vinci: Utols\u00f3 vacsora).<\/p>\n<p>Tov\u00e1bb <strong><em>Torin\u00f3<\/em><\/strong> fel\u00e9.<\/p>\n<p><em>Sz\u00e1ll\u00e1s <\/em>\u00a0Torin\u00f3ban.<\/p>\n<p><strong>\u00a0<\/strong><strong>J\u00fanius 11: Kedd &#8211; Torin\u00f3 \u2013 Genua \u2013 Pisa<\/strong><\/p>\n<p><em>Szentmise <\/em>a <strong><em>Torin\u00f3i d\u00f3mban<\/em><\/strong>.<\/p>\n<p><strong><em>Torin\u00f3:<\/em><\/strong><em> V\u00e1rosn\u00e9z\u00e9s <\/em>\u00a0(Dom, Krisztus halotti leple-k\u00e1polna, Palazzo Reale, Palazzo Madame, Porta Palatina).<\/p>\n<p>Tov\u00e1bb\u00a0 Genua fel\u00e9.<\/p>\n<p><strong><em>Genua: <\/em><\/strong><em>V\u00e1rosn\u00e9z\u00e9s<\/em>\u00a0 (\u00d3-v\u00e1ros).<\/p>\n<p>Tov\u00e1bb Pisa fel\u00e9.<\/p>\n<p><em>Sz\u00e1ll\u00e1s <\/em>\u00a0<strong><em>Pisa<\/em><\/strong>ban.<\/p>\n<p><strong>J\u00fanius 12: Szerda \u2013 Pisa \u2013 Bologna \u2013 Ravenna <\/strong><\/p>\n<p><strong><em>Pisa<\/em><\/strong>: <em>V\u00e1rosn\u00e9z\u00e9s <\/em>\u00a0(Dom, Keresztel\u0151 K\u00e1polna, Ferde torony, Camposanto). D\u00e9lut\u00e1n\u00a0 tov\u00e1bb <strong><em>Bologna <\/em><\/strong>fel\u00e9.<\/p>\n<p><strong><em>Bologna: <\/em><\/strong><em>V\u00e1rosn\u00e9z\u00e9s <\/em>\u00a0(Piazza Maggiore, Piazza del Nettuno, Kathedrale San Pietro, San Petronio).<\/p>\n<p><em>Sz\u00e1ll\u00e1s <strong>Ravenna<\/strong><\/em>ban.<\/p>\n<p><strong>J\u00fanius 13<\/strong><strong>: Cs\u00fct\u00f6rt\u00f6k \u2013 Ravenna \u2013 Padua \u2013 Velence <\/strong><\/p>\n<p><strong><em>Ravenna<\/em><\/strong>: <em>V\u00e1rosn\u00e9z\u00e9s <\/em>\u00a0(Galla Placidia mauz\u00f3leuma, S. Vitale, Appolinare Nuovo, Theoderich mauz\u00f3leuma).<\/p>\n<p>Tov\u00e1bb Padua fel\u00e9. <em>Szentmise <strong>Padua<\/strong><\/em>ban<strong><em>. <\/em><\/strong><\/p>\n<p>Tov\u00e1bb \u00e9s <em>sz\u00e1ll\u00e1s <\/em>Velenc\u00e9ben.<\/p>\n<p><strong>J\u00fanius 14<\/strong><strong>: P\u00e9ntek &#8211; Velence <\/strong><\/p>\n<p><strong><em>Velence: <\/em><\/strong><em>V\u00e1rosn\u00e9z\u00e9s <\/em>\u00a0(Szt. M\u00e1rk-t\u00e9r, D\u00f3m, Canale Grande, Rialto-h\u00edd, D\u00f3dzsepalota, S\u00f3hajok h\u00eddja).<\/p>\n<p>D\u00e9lut\u00e1n <em>szabad<\/em>.<\/p>\n<p><em>Sz\u00e1ll\u00e1s <\/em>Velenc\u00e9ben.<\/p>\n<p><strong>J\u00fanius 15<\/strong><strong>: Szombat \u2013 Velence \u2013 Verona <\/strong><\/p>\n<p><em>Szentmise <\/em>a Santa Maria e Donato bazilik\u00e1ban (<strong><em>Murano<\/em><\/strong>) \u2013 A zar\u00e1ndok\u00fat f\u0151 c\u00e9lja!<\/p>\n<p>D\u00e9lut\u00e1n\u00a0 tov\u00e1bb\u00a0 Verona fel\u00e9.<\/p>\n<p><strong><em>Verona:<\/em><\/strong> <em>V\u00e1rosn\u00e9z\u00e9s <\/em>(Ar\u00e9na, Casa di Giulietta, Castelvecchio, Piazza delle Erbe, Basilica San Zeno).<\/p>\n<p><em>Sz\u00e1ll\u00e1s <\/em>\u00a0<strong><em>Verona<\/em><\/strong>ban.<\/p>\n<p><strong>J\u00fanius 16: Sonntag \u2013 Verona \u2013 Stuttgart<\/strong><\/p>\n<p><em>Indul\u00e1s<\/em> Stuttgart fel\u00e9.<\/p>\n<p><em>\u00c9rkez\u00e9s<\/em> <strong><em>Stuttgart<\/em><\/strong>ba kb. 19.00 \u00f3rakor.<\/p>\n","protected":false},"excerpt":{"rendered":"<p>&nbsp; EGYH\u00c1ZK\u00d6ZS\u00c9GI ZAR\u00c1NDOKLAT 2019-BEN.\u00a0 Kedves H\u00edveink! Isten \u00fagy teremtette az embert, hogy az mindig magasabbra t\u00f6rekedj\u00e9k! Egyre jobb \u00e9s nemesebb lelk\u00fclet\u0171 legyen! A k\u00f6z\u00e9pkorban szok\u00e1sos latin nyelven ezt \u00edgy mondt\u00e1k: \u201eAd astra nati sumus! \u2013 A csillagokra sz\u00fclett\u00fcnk!\u201d \u00c9s az a teljes \u00e9rtek\u0171 ember, aki ezt soha nem t\u00e9veszti szem el\u0151l \u00e9s mindig a csillagokra n\u00e9z. Gyakorlatilag a zar\u00e1ndoklat is egy \u201ecsillagn\u00e9z\u00e9s\u201d. Kiszakadunk a h\u00e9tk\u00f6znapok f\u00f6ldh\u00f6zragadotts\u00e1g\u00e1b\u00f3l \u00e9s a lelki dolgok ut\u00e1n ered\u00fcnk. Felegyenesed\u00fcnk a mindennapi munk\u00e1b\u00f3l, \u00e9s tekintet\u00fcnket az \u00e9g fel\u00e9 emelj\u00fck, hogy ism\u00e9t tudatosuljon benn\u00fcnk: Isten gyermekei vagyunk! A csillagokra sz\u00fclett\u00fcnk! Ezen a \u201ef\u00f6lfel\u00e9\u201d vezet\u0151 \u00faton p\u00e9ldak\u00e9pekre van sz\u00fcks\u00e9g\u00fcnk. Olyanokra, akik a \u201ecsillagvil\u00e1got\u201d m\u00e1r megj\u00e1rt\u00e1k. Olyanokra, akik ismerik az oda vezet\u0151 utakat. Az els\u0151 \u00e9s legfontosabb p\u00e9ldak\u00e9p \u2013 k\u00fcl\u00f6n\u00f6sen a h\u00edv\u0151 emberek sz\u00e1m\u00e1ra \u2013 az \u00dar J\u00e9zus Krisztus. \u0150 az Aty\u00e1t\u00f3l j\u00f6tt, hogy tudtul adja nek\u00fcnk mindazt, amit T\u0151le hallott (Jn 15,15), azaz, amit tudnunk kell az \u00fcdv\u00f6ss\u00e9ghez. De m\u00e1s p\u00e9ldak\u00e9peink is vannak, a szentek, akiknek az \u00e9lete ir\u00e1nyt\u0171, \u201eelektronikus t\u00e9rk\u00e9pkeres\u0151\u201d (GPS) Istenhez, az Aty\u00e1hoz. Egyh\u00e1zk\u00f6zs\u00e9g\u00fcnk \u2013 a fentiek tudat\u00e1ban \u2013 a k\u00f6vetkez\u0151 esztend\u0151ben, 2019. j\u00fanius 10-e \u00e9s j\u00fanius 16-a k\u00f6z\u00f6tt \u00e9szak-olaszorsz\u00e1gi zar\u00e1ndokutat szervez. El\u0151sz\u00f6r is az\u00e9rt, hogy Torin\u00f3ban az \u00dar J\u00e9zus halotti lepl\u00e9n belen\u00e9zhessen az \u0150 felt\u00e1madott isteni arc\u00e1ba. Ut\u00e1na, hogy Muran\u00f3ban v\u00e9d\u0151szentj\u00e9nek, Szent Gell\u00e9rtnek (979\/80-1046) a s\u00edrj\u00e1n\u00e1l elm\u00e9lkedhess\u00e9k az \u0151 emberszeretet\u00e9n, amellyel \u00f6nmag\u00e1t h\u00e1tt\u00e9rbe szor\u00edtva egy sz\u00e1m\u00e1ra idegen nemzetnek lett lelki atyja \u00e9s p\u00e9ldak\u00e9ppe. De P\u00e1duai Szent Antal (1195-1231) istenszeretet\u00e9t is el akarjuk saj\u00e1t\u00edtani, aki nem sz\u0171nt meg f\u00e1radozni tan\u00edtani embert\u00e1rsait az istenire, a sz\u00e9pre \u00e9s a j\u00f3ra. Mint ahogyan Mil\u00e1n\u00f3ban a reform\u00e1ci\u00f3 kor\u00e1nak egyik legnagyobb alakj\u00e1t\u00f3l, Borromeo Szent K\u00e1roly b\u00edborost\u00f3l (1538-1584) azt akarjuk eltanulni, hogyan\u00a0 tud az ember el\u0151kel\u0151 sz\u00e1rmaz\u00e1sa \u00e9s tiszts\u00e9ge ellen\u00e9re lehajolni minden testi-lelki bajbajutotthoz. Term\u00e9szetesen mindek\u00f6zben \u00c9szak-Olaszorsz\u00e1g term\u00e9szeti sz\u00e9ps\u00e9geire, kult\u00far\u00e1lis \u00e9rt\u00e9keire \u00e9s kincseire is szak\u00edtunk id\u0151t, hogy szellem\u00fcnk is gazdagodj\u00e9k. Hogy m\u00e9gis l\u00e1ss\u00e1tok,&#8230; <\/p>\n<p><a class=\"readmore\" href=\"https:\/\/stuttgarti-katolikusok.de\/index.php\/zarandoklat-2019-ben\/\">R\u00e9szletek<\/a><\/p>\n","protected":false},"author":3,"featured_media":0,"comment_status":"closed","ping_status":"closed","sticky":false,"template":"","format":"standard","meta":{"footnotes":""},"categories":[5],"tags":[],"class_list":["post-14847","post","type-post","status-publish","format-standard","hentry","category-hirek"],"yoast_head":"<!-- This site is optimized with the Yoast SEO plugin v27.3 - https:\/\/yoast.com\/product\/yoast-seo-wordpress\/ -->\n<title>Zar\u00e1ndoklat 2019-ben - Stuttgarti Katolikusok<\/title>\n<meta name=\"robots\" content=\"index, follow, max-snippet:-1, max-image-preview:large, max-video-preview:-1\" \/>\n<link rel=\"canonical\" href=\"https:\/\/stuttgarti-katolikusok.de\/index.php\/zarandoklat-2019-ben\/\" \/>\n<meta property=\"og:locale\" content=\"hu_HU\" \/>\n<meta property=\"og:type\" content=\"article\" \/>\n<meta property=\"og:title\" content=\"Zar\u00e1ndoklat 2019-ben - Stuttgarti Katolikusok\" \/>\n<meta property=\"og:description\" content=\"&nbsp; EGYH\u00c1ZK\u00d6ZS\u00c9GI ZAR\u00c1NDOKLAT 2019-BEN.\u00a0 Kedves H\u00edveink! Isten \u00fagy teremtette az embert, hogy az mindig magasabbra t\u00f6rekedj\u00e9k! Egyre jobb \u00e9s nemesebb lelk\u00fclet\u0171 legyen! A k\u00f6z\u00e9pkorban szok\u00e1sos latin nyelven ezt \u00edgy mondt\u00e1k: \u201eAd astra nati sumus! \u2013 A csillagokra sz\u00fclett\u00fcnk!\u201d \u00c9s az a teljes \u00e9rtek\u0171 ember, aki ezt soha nem t\u00e9veszti szem el\u0151l \u00e9s mindig a csillagokra n\u00e9z. Gyakorlatilag a zar\u00e1ndoklat is egy \u201ecsillagn\u00e9z\u00e9s\u201d. Kiszakadunk a h\u00e9tk\u00f6znapok f\u00f6ldh\u00f6zragadotts\u00e1g\u00e1b\u00f3l \u00e9s a lelki dolgok ut\u00e1n ered\u00fcnk. Felegyenesed\u00fcnk a mindennapi munk\u00e1b\u00f3l, \u00e9s tekintet\u00fcnket az \u00e9g fel\u00e9 emelj\u00fck, hogy ism\u00e9t tudatosuljon benn\u00fcnk: Isten gyermekei vagyunk! A csillagokra sz\u00fclett\u00fcnk! Ezen a \u201ef\u00f6lfel\u00e9\u201d vezet\u0151 \u00faton p\u00e9ldak\u00e9pekre van sz\u00fcks\u00e9g\u00fcnk. Olyanokra, akik a \u201ecsillagvil\u00e1got\u201d m\u00e1r megj\u00e1rt\u00e1k. Olyanokra, akik ismerik az oda vezet\u0151 utakat. Az els\u0151 \u00e9s legfontosabb p\u00e9ldak\u00e9p \u2013 k\u00fcl\u00f6n\u00f6sen a h\u00edv\u0151 emberek sz\u00e1m\u00e1ra \u2013 az \u00dar J\u00e9zus Krisztus. \u0150 az Aty\u00e1t\u00f3l j\u00f6tt, hogy tudtul adja nek\u00fcnk mindazt, amit T\u0151le hallott (Jn 15,15), azaz, amit tudnunk kell az \u00fcdv\u00f6ss\u00e9ghez. De m\u00e1s p\u00e9ldak\u00e9peink is vannak, a szentek, akiknek az \u00e9lete ir\u00e1nyt\u0171, \u201eelektronikus t\u00e9rk\u00e9pkeres\u0151\u201d (GPS) Istenhez, az Aty\u00e1hoz. Egyh\u00e1zk\u00f6zs\u00e9g\u00fcnk \u2013 a fentiek tudat\u00e1ban \u2013 a k\u00f6vetkez\u0151 esztend\u0151ben, 2019. j\u00fanius 10-e \u00e9s j\u00fanius 16-a k\u00f6z\u00f6tt \u00e9szak-olaszorsz\u00e1gi zar\u00e1ndokutat szervez. El\u0151sz\u00f6r is az\u00e9rt, hogy Torin\u00f3ban az \u00dar J\u00e9zus halotti lepl\u00e9n belen\u00e9zhessen az \u0150 felt\u00e1madott isteni arc\u00e1ba. Ut\u00e1na, hogy Muran\u00f3ban v\u00e9d\u0151szentj\u00e9nek, Szent Gell\u00e9rtnek (979\/80-1046) a s\u00edrj\u00e1n\u00e1l elm\u00e9lkedhess\u00e9k az \u0151 emberszeretet\u00e9n, amellyel \u00f6nmag\u00e1t h\u00e1tt\u00e9rbe szor\u00edtva egy sz\u00e1m\u00e1ra idegen nemzetnek lett lelki atyja \u00e9s p\u00e9ldak\u00e9ppe. De P\u00e1duai Szent Antal (1195-1231) istenszeretet\u00e9t is el akarjuk saj\u00e1t\u00edtani, aki nem sz\u0171nt meg f\u00e1radozni tan\u00edtani embert\u00e1rsait az istenire, a sz\u00e9pre \u00e9s a j\u00f3ra. Mint ahogyan Mil\u00e1n\u00f3ban a reform\u00e1ci\u00f3 kor\u00e1nak egyik legnagyobb alakj\u00e1t\u00f3l, Borromeo Szent K\u00e1roly b\u00edborost\u00f3l (1538-1584) azt akarjuk eltanulni, hogyan\u00a0 tud az ember el\u0151kel\u0151 sz\u00e1rmaz\u00e1sa \u00e9s tiszts\u00e9ge ellen\u00e9re lehajolni minden testi-lelki bajbajutotthoz. Term\u00e9szetesen mindek\u00f6zben \u00c9szak-Olaszorsz\u00e1g term\u00e9szeti sz\u00e9ps\u00e9geire, kult\u00far\u00e1lis \u00e9rt\u00e9keire \u00e9s kincseire is szak\u00edtunk id\u0151t, hogy szellem\u00fcnk is gazdagodj\u00e9k. Hogy m\u00e9gis l\u00e1ss\u00e1tok,... R\u00e9szletek\" \/>\n<meta property=\"og:url\" content=\"https:\/\/stuttgarti-katolikusok.de\/index.php\/zarandoklat-2019-ben\/\" \/>\n<meta property=\"og:site_name\" content=\"Stuttgarti Katolikusok\" \/>\n<meta property=\"article:published_time\" content=\"2018-08-18T06:03:34+00:00\" \/>\n<meta name=\"author\" content=\"Tibor atya\" \/>\n<meta name=\"twitter:card\" content=\"summary_large_image\" \/>\n<meta name=\"twitter:label1\" content=\"Szerz\u0151:\" \/>\n\t<meta name=\"twitter:data1\" content=\"Tibor atya\" \/>\n\t<meta name=\"twitter:label2\" content=\"Becs\u00fclt olvas\u00e1si id\u0151\" \/>\n\t<meta name=\"twitter:data2\" content=\"4 perc\" \/>\n<script type=\"application\/ld+json\" class=\"yoast-schema-graph\">{\"@context\":\"https:\\\/\\\/schema.org\",\"@graph\":[{\"@type\":\"Article\",\"@id\":\"https:\\\/\\\/stuttgarti-katolikusok.de\\\/index.php\\\/zarandoklat-2019-ben\\\/#article\",\"isPartOf\":{\"@id\":\"https:\\\/\\\/stuttgarti-katolikusok.de\\\/index.php\\\/zarandoklat-2019-ben\\\/\"},\"author\":{\"name\":\"Tibor atya\",\"@id\":\"https:\\\/\\\/stuttgarti-katolikusok.de\\\/#\\\/schema\\\/person\\\/75908d6f8fdc03a57889d27209df7795\"},\"headline\":\"Zar\u00e1ndoklat 2019-ben\",\"datePublished\":\"2018-08-18T06:03:34+00:00\",\"mainEntityOfPage\":{\"@id\":\"https:\\\/\\\/stuttgarti-katolikusok.de\\\/index.php\\\/zarandoklat-2019-ben\\\/\"},\"wordCount\":827,\"articleSection\":[\"H\u00edrek\"],\"inLanguage\":\"hu\"},{\"@type\":\"WebPage\",\"@id\":\"https:\\\/\\\/stuttgarti-katolikusok.de\\\/index.php\\\/zarandoklat-2019-ben\\\/\",\"url\":\"https:\\\/\\\/stuttgarti-katolikusok.de\\\/index.php\\\/zarandoklat-2019-ben\\\/\",\"name\":\"Zar\u00e1ndoklat 2019-ben - Stuttgarti Katolikusok\",\"isPartOf\":{\"@id\":\"https:\\\/\\\/stuttgarti-katolikusok.de\\\/#website\"},\"datePublished\":\"2018-08-18T06:03:34+00:00\",\"author\":{\"@id\":\"https:\\\/\\\/stuttgarti-katolikusok.de\\\/#\\\/schema\\\/person\\\/75908d6f8fdc03a57889d27209df7795\"},\"breadcrumb\":{\"@id\":\"https:\\\/\\\/stuttgarti-katolikusok.de\\\/index.php\\\/zarandoklat-2019-ben\\\/#breadcrumb\"},\"inLanguage\":\"hu\",\"potentialAction\":[{\"@type\":\"ReadAction\",\"target\":[\"https:\\\/\\\/stuttgarti-katolikusok.de\\\/index.php\\\/zarandoklat-2019-ben\\\/\"]}]},{\"@type\":\"BreadcrumbList\",\"@id\":\"https:\\\/\\\/stuttgarti-katolikusok.de\\\/index.php\\\/zarandoklat-2019-ben\\\/#breadcrumb\",\"itemListElement\":[{\"@type\":\"ListItem\",\"position\":1,\"name\":\"Kezd\u0151lap\",\"item\":\"https:\\\/\\\/stuttgarti-katolikusok.de\\\/\"},{\"@type\":\"ListItem\",\"position\":2,\"name\":\"Zar\u00e1ndoklat 2019-ben\"}]},{\"@type\":\"WebSite\",\"@id\":\"https:\\\/\\\/stuttgarti-katolikusok.de\\\/#website\",\"url\":\"https:\\\/\\\/stuttgarti-katolikusok.de\\\/\",\"name\":\"Stuttgarti Katolikusok\",\"description\":\"\",\"potentialAction\":[{\"@type\":\"SearchAction\",\"target\":{\"@type\":\"EntryPoint\",\"urlTemplate\":\"https:\\\/\\\/stuttgarti-katolikusok.de\\\/?s={search_term_string}\"},\"query-input\":{\"@type\":\"PropertyValueSpecification\",\"valueRequired\":true,\"valueName\":\"search_term_string\"}}],\"inLanguage\":\"hu\"},{\"@type\":\"Person\",\"@id\":\"https:\\\/\\\/stuttgarti-katolikusok.de\\\/#\\\/schema\\\/person\\\/75908d6f8fdc03a57889d27209df7795\",\"name\":\"Tibor atya\",\"image\":{\"@type\":\"ImageObject\",\"inLanguage\":\"hu\",\"@id\":\"https:\\\/\\\/secure.gravatar.com\\\/avatar\\\/61d268e57d1f4525b111222e29d2d5a7f8c420fdbf231ba5566a8ceac74fa960?s=96&d=mm&r=g\",\"url\":\"https:\\\/\\\/secure.gravatar.com\\\/avatar\\\/61d268e57d1f4525b111222e29d2d5a7f8c420fdbf231ba5566a8ceac74fa960?s=96&d=mm&r=g\",\"contentUrl\":\"https:\\\/\\\/secure.gravatar.com\\\/avatar\\\/61d268e57d1f4525b111222e29d2d5a7f8c420fdbf231ba5566a8ceac74fa960?s=96&d=mm&r=g\",\"caption\":\"Tibor atya\"},\"url\":\"https:\\\/\\\/stuttgarti-katolikusok.de\\\/index.php\\\/author\\\/tibor-atya\\\/\"}]}<\/script>\n<!-- \/ Yoast SEO plugin. -->","yoast_head_json":{"title":"Zar\u00e1ndoklat 2019-ben - Stuttgarti Katolikusok","robots":{"index":"index","follow":"follow","max-snippet":"max-snippet:-1","max-image-preview":"max-image-preview:large","max-video-preview":"max-video-preview:-1"},"canonical":"https:\/\/stuttgarti-katolikusok.de\/index.php\/zarandoklat-2019-ben\/","og_locale":"hu_HU","og_type":"article","og_title":"Zar\u00e1ndoklat 2019-ben - Stuttgarti Katolikusok","og_description":"&nbsp; EGYH\u00c1ZK\u00d6ZS\u00c9GI ZAR\u00c1NDOKLAT 2019-BEN.\u00a0 Kedves H\u00edveink! Isten \u00fagy teremtette az embert, hogy az mindig magasabbra t\u00f6rekedj\u00e9k! Egyre jobb \u00e9s nemesebb lelk\u00fclet\u0171 legyen! A k\u00f6z\u00e9pkorban szok\u00e1sos latin nyelven ezt \u00edgy mondt\u00e1k: \u201eAd astra nati sumus! \u2013 A csillagokra sz\u00fclett\u00fcnk!\u201d \u00c9s az a teljes \u00e9rtek\u0171 ember, aki ezt soha nem t\u00e9veszti szem el\u0151l \u00e9s mindig a csillagokra n\u00e9z. Gyakorlatilag a zar\u00e1ndoklat is egy \u201ecsillagn\u00e9z\u00e9s\u201d. Kiszakadunk a h\u00e9tk\u00f6znapok f\u00f6ldh\u00f6zragadotts\u00e1g\u00e1b\u00f3l \u00e9s a lelki dolgok ut\u00e1n ered\u00fcnk. Felegyenesed\u00fcnk a mindennapi munk\u00e1b\u00f3l, \u00e9s tekintet\u00fcnket az \u00e9g fel\u00e9 emelj\u00fck, hogy ism\u00e9t tudatosuljon benn\u00fcnk: Isten gyermekei vagyunk! A csillagokra sz\u00fclett\u00fcnk! Ezen a \u201ef\u00f6lfel\u00e9\u201d vezet\u0151 \u00faton p\u00e9ldak\u00e9pekre van sz\u00fcks\u00e9g\u00fcnk. Olyanokra, akik a \u201ecsillagvil\u00e1got\u201d m\u00e1r megj\u00e1rt\u00e1k. Olyanokra, akik ismerik az oda vezet\u0151 utakat. Az els\u0151 \u00e9s legfontosabb p\u00e9ldak\u00e9p \u2013 k\u00fcl\u00f6n\u00f6sen a h\u00edv\u0151 emberek sz\u00e1m\u00e1ra \u2013 az \u00dar J\u00e9zus Krisztus. \u0150 az Aty\u00e1t\u00f3l j\u00f6tt, hogy tudtul adja nek\u00fcnk mindazt, amit T\u0151le hallott (Jn 15,15), azaz, amit tudnunk kell az \u00fcdv\u00f6ss\u00e9ghez. De m\u00e1s p\u00e9ldak\u00e9peink is vannak, a szentek, akiknek az \u00e9lete ir\u00e1nyt\u0171, \u201eelektronikus t\u00e9rk\u00e9pkeres\u0151\u201d (GPS) Istenhez, az Aty\u00e1hoz. Egyh\u00e1zk\u00f6zs\u00e9g\u00fcnk \u2013 a fentiek tudat\u00e1ban \u2013 a k\u00f6vetkez\u0151 esztend\u0151ben, 2019. j\u00fanius 10-e \u00e9s j\u00fanius 16-a k\u00f6z\u00f6tt \u00e9szak-olaszorsz\u00e1gi zar\u00e1ndokutat szervez. El\u0151sz\u00f6r is az\u00e9rt, hogy Torin\u00f3ban az \u00dar J\u00e9zus halotti lepl\u00e9n belen\u00e9zhessen az \u0150 felt\u00e1madott isteni arc\u00e1ba. Ut\u00e1na, hogy Muran\u00f3ban v\u00e9d\u0151szentj\u00e9nek, Szent Gell\u00e9rtnek (979\/80-1046) a s\u00edrj\u00e1n\u00e1l elm\u00e9lkedhess\u00e9k az \u0151 emberszeretet\u00e9n, amellyel \u00f6nmag\u00e1t h\u00e1tt\u00e9rbe szor\u00edtva egy sz\u00e1m\u00e1ra idegen nemzetnek lett lelki atyja \u00e9s p\u00e9ldak\u00e9ppe. De P\u00e1duai Szent Antal (1195-1231) istenszeretet\u00e9t is el akarjuk saj\u00e1t\u00edtani, aki nem sz\u0171nt meg f\u00e1radozni tan\u00edtani embert\u00e1rsait az istenire, a sz\u00e9pre \u00e9s a j\u00f3ra. Mint ahogyan Mil\u00e1n\u00f3ban a reform\u00e1ci\u00f3 kor\u00e1nak egyik legnagyobb alakj\u00e1t\u00f3l, Borromeo Szent K\u00e1roly b\u00edborost\u00f3l (1538-1584) azt akarjuk eltanulni, hogyan\u00a0 tud az ember el\u0151kel\u0151 sz\u00e1rmaz\u00e1sa \u00e9s tiszts\u00e9ge ellen\u00e9re lehajolni minden testi-lelki bajbajutotthoz. Term\u00e9szetesen mindek\u00f6zben \u00c9szak-Olaszorsz\u00e1g term\u00e9szeti sz\u00e9ps\u00e9geire, kult\u00far\u00e1lis \u00e9rt\u00e9keire \u00e9s kincseire is szak\u00edtunk id\u0151t, hogy szellem\u00fcnk is gazdagodj\u00e9k. Hogy m\u00e9gis l\u00e1ss\u00e1tok,... R\u00e9szletek","og_url":"https:\/\/stuttgarti-katolikusok.de\/index.php\/zarandoklat-2019-ben\/","og_site_name":"Stuttgarti Katolikusok","article_published_time":"2018-08-18T06:03:34+00:00","author":"Tibor atya","twitter_card":"summary_large_image","twitter_misc":{"Szerz\u0151:":"Tibor atya","Becs\u00fclt olvas\u00e1si id\u0151":"4 perc"},"schema":{"@context":"https:\/\/schema.org","@graph":[{"@type":"Article","@id":"https:\/\/stuttgarti-katolikusok.de\/index.php\/zarandoklat-2019-ben\/#article","isPartOf":{"@id":"https:\/\/stuttgarti-katolikusok.de\/index.php\/zarandoklat-2019-ben\/"},"author":{"name":"Tibor atya","@id":"https:\/\/stuttgarti-katolikusok.de\/#\/schema\/person\/75908d6f8fdc03a57889d27209df7795"},"headline":"Zar\u00e1ndoklat 2019-ben","datePublished":"2018-08-18T06:03:34+00:00","mainEntityOfPage":{"@id":"https:\/\/stuttgarti-katolikusok.de\/index.php\/zarandoklat-2019-ben\/"},"wordCount":827,"articleSection":["H\u00edrek"],"inLanguage":"hu"},{"@type":"WebPage","@id":"https:\/\/stuttgarti-katolikusok.de\/index.php\/zarandoklat-2019-ben\/","url":"https:\/\/stuttgarti-katolikusok.de\/index.php\/zarandoklat-2019-ben\/","name":"Zar\u00e1ndoklat 2019-ben - Stuttgarti Katolikusok","isPartOf":{"@id":"https:\/\/stuttgarti-katolikusok.de\/#website"},"datePublished":"2018-08-18T06:03:34+00:00","author":{"@id":"https:\/\/stuttgarti-katolikusok.de\/#\/schema\/person\/75908d6f8fdc03a57889d27209df7795"},"breadcrumb":{"@id":"https:\/\/stuttgarti-katolikusok.de\/index.php\/zarandoklat-2019-ben\/#breadcrumb"},"inLanguage":"hu","potentialAction":[{"@type":"ReadAction","target":["https:\/\/stuttgarti-katolikusok.de\/index.php\/zarandoklat-2019-ben\/"]}]},{"@type":"BreadcrumbList","@id":"https:\/\/stuttgarti-katolikusok.de\/index.php\/zarandoklat-2019-ben\/#breadcrumb","itemListElement":[{"@type":"ListItem","position":1,"name":"Kezd\u0151lap","item":"https:\/\/stuttgarti-katolikusok.de\/"},{"@type":"ListItem","position":2,"name":"Zar\u00e1ndoklat 2019-ben"}]},{"@type":"WebSite","@id":"https:\/\/stuttgarti-katolikusok.de\/#website","url":"https:\/\/stuttgarti-katolikusok.de\/","name":"Stuttgarti Katolikusok","description":"","potentialAction":[{"@type":"SearchAction","target":{"@type":"EntryPoint","urlTemplate":"https:\/\/stuttgarti-katolikusok.de\/?s={search_term_string}"},"query-input":{"@type":"PropertyValueSpecification","valueRequired":true,"valueName":"search_term_string"}}],"inLanguage":"hu"},{"@type":"Person","@id":"https:\/\/stuttgarti-katolikusok.de\/#\/schema\/person\/75908d6f8fdc03a57889d27209df7795","name":"Tibor atya","image":{"@type":"ImageObject","inLanguage":"hu","@id":"https:\/\/secure.gravatar.com\/avatar\/61d268e57d1f4525b111222e29d2d5a7f8c420fdbf231ba5566a8ceac74fa960?s=96&d=mm&r=g","url":"https:\/\/secure.gravatar.com\/avatar\/61d268e57d1f4525b111222e29d2d5a7f8c420fdbf231ba5566a8ceac74fa960?s=96&d=mm&r=g","contentUrl":"https:\/\/secure.gravatar.com\/avatar\/61d268e57d1f4525b111222e29d2d5a7f8c420fdbf231ba5566a8ceac74fa960?s=96&d=mm&r=g","caption":"Tibor atya"},"url":"https:\/\/stuttgarti-katolikusok.de\/index.php\/author\/tibor-atya\/"}]}},"_links":{"self":[{"href":"https:\/\/stuttgarti-katolikusok.de\/index.php\/wp-json\/wp\/v2\/posts\/14847","targetHints":{"allow":["GET"]}}],"collection":[{"href":"https:\/\/stuttgarti-katolikusok.de\/index.php\/wp-json\/wp\/v2\/posts"}],"about":[{"href":"https:\/\/stuttgarti-katolikusok.de\/index.php\/wp-json\/wp\/v2\/types\/post"}],"author":[{"embeddable":true,"href":"https:\/\/stuttgarti-katolikusok.de\/index.php\/wp-json\/wp\/v2\/users\/3"}],"replies":[{"embeddable":true,"href":"https:\/\/stuttgarti-katolikusok.de\/index.php\/wp-json\/wp\/v2\/comments?post=14847"}],"version-history":[{"count":1,"href":"https:\/\/stuttgarti-katolikusok.de\/index.php\/wp-json\/wp\/v2\/posts\/14847\/revisions"}],"predecessor-version":[{"id":14849,"href":"https:\/\/stuttgarti-katolikusok.de\/index.php\/wp-json\/wp\/v2\/posts\/14847\/revisions\/14849"}],"wp:attachment":[{"href":"https:\/\/stuttgarti-katolikusok.de\/index.php\/wp-json\/wp\/v2\/media?parent=14847"}],"wp:term":[{"taxonomy":"category","embeddable":true,"href":"https:\/\/stuttgarti-katolikusok.de\/index.php\/wp-json\/wp\/v2\/categories?post=14847"},{"taxonomy":"post_tag","embeddable":true,"href":"https:\/\/stuttgarti-katolikusok.de\/index.php\/wp-json\/wp\/v2\/tags?post=14847"}],"curies":[{"name":"wp","href":"https:\/\/api.w.org\/{rel}","templated":true}]}}