{"id":14815,"date":"2018-06-29T11:18:28","date_gmt":"2018-06-29T11:18:28","guid":{"rendered":"https:\/\/gracious-dewdney.138-201-221-2.plesk.page\/?p=14815"},"modified":"2020-04-27T15:49:38","modified_gmt":"2020-04-27T15:49:38","slug":"evkozi-13-vasarnap","status":"publish","type":"post","link":"https:\/\/stuttgarti-katolikusok.de\/index.php\/evkozi-13-vasarnap\/","title":{"rendered":"\u00c9vk\u00f6zi 13. vas\u00e1rnap"},"content":{"rendered":"<ol start=\"2018\">\n<li><strong> J\u00daLIUS 1.<\/strong><\/li>\n<\/ol>\n<p><strong>\u00c9VK\u00d6ZI 13. VAS\u00c1RNAP<\/strong><\/p>\n<p>&nbsp;<\/p>\n<p>Az \u00e9let kem\u00e9ny k\u00fczdelmek sorozata. A hal\u00e1l pedig elszakad\u00e1s a f\u00f6ldt\u0151l \u00e9s \u00e1tmenet a m\u00e1svil\u00e1gra. Az \u00e9let \u00e9s a hal\u00e1l \u00e9rtelm\u00e9r\u0151l legszebben a Biblia sz\u00f3l: \u201eSenki k\u00f6z\u00fcl\u00fcnk nem \u00e9l \u00f6nmag\u00e1nak, \u00e9s senki nem hal meg \u00f6nmag\u00e1nak. M\u00edg \u00e9l\u00fcnk, Istennek \u00e9l\u00fcnk, s ha meghalunk, Istennek halunk meg. Teh\u00e1t ak\u00e1r \u00e9l\u00fcnk, ak\u00e1r meghalunk, az \u00dar\u00e9i vagyunk\u201d (R\u00f3m 14, 7\u20138). \u201eC\u00e9lotok\u00a0 az \u00f6r\u00f6k \u00e9let\u201d (R\u00f3m 6, 22), mondja m\u00e1shol Szent P\u00e1l. Ezt \u00e9rtette meg Assisi Szent Ferenc, amikor \u201ehal\u00e1l testv\u00e9r\u201d-r\u0151l \u00e9nekelt.<\/p>\n<p><strong>OLVASM\u00c1NY<\/strong>\u00a0\u00a0\u00a0\u00a0\u00a0\u00a0\u00a0\u00a0\u00a0\u00a0\u00a0\u00a0\u00a0\u00a0\u00a0\u00a0\u00a0\u00a0\u00a0\u00a0\u00a0\u00a0\u00a0\u00a0\u00a0\u00a0\u00a0\u00a0\u00a0\u00a0\u00a0 <em>B\u00f6lcs 1, 13\u201315; 2, 23\u201324<\/em><\/p>\n<p>Sz\u00e9p \u00e9s szent az Isten elgondol\u00e1sa az emberr\u0151l, az ember \u00e9let\u00e9r\u0151l. \u0150 a saj\u00e1t k\u00e9pm\u00e1s\u00e1ra alkotta az embert, azt akarta, hogy\u00a0 boldog legyen a f\u00f6ld\u00f6n. A gonosz l\u00e9lek irigys\u00e9ge azonban bajt hozott a vil\u00e1gba. Emiatt v\u00e1lt f\u00e9lelmetess\u00e9 \u00e9let\u00fcnk v\u00e9ge, a hal\u00e1l is. Mi azonban Szent P\u00e1llal valljuk: \u201eSz\u00e1momra az \u00e9let Krisztus, a hal\u00e1l pedig nyeres\u00e9g\u201d (Fil 1, 21).<\/p>\n<p>&nbsp;<\/p>\n<p><strong>V\u00c1LASZOS ZSOLT\u00c1R<\/strong> \u00a0\u00a0\u00a0\u00a0\u00a0\u00a0\u00a0\u00a0\u00a0\u00a0\u00a0\u00a0\u00a0\u00a0\u00a0\u00a0\u00a0\u00a0\u00a0\u00a0\u00a0\u00a0\u00a0\u00a0\u00a0\u00a0\u00a0\u00a0\u00a0\u00a0\u00a0\u00a0\u00a0\u00a0\u00a0\u00a0\u00a0<em>29. Zsolt\u00e1r<\/em><\/p>\n<p><strong>V\u00e1lasz: Dics\u0151\u00edtelek, Uram, * mivel megmentett\u00e9l engem.<\/strong><\/p>\n<p>&nbsp;<\/p>\n<p><strong>SZENTLECKE<\/strong>\u00a0\u00a0 \u00a0\u00a0\u00a0\u00a0\u00a0\u00a0\u00a0\u00a0\u00a0\u00a0\u00a0\u00a0\u00a0\u00a0\u00a0\u00a0\u00a0\u00a0\u00a0\u00a0\u00a0\u00a0\u00a0\u00a0\u00a0\u00a0\u00a0\u00a0\u00a0\u00a0\u00a0\u00a0\u00a0\u00a0<em>2 K<\/em><em>or 8, 7. 9. 13\u201315<\/em><\/p>\n<p>Az apostol arra buzd\u00edtotta h\u00edveit, hogy b\u0151s\u00e9gben \u00e9l\u0151k ossz\u00e1k meg vagyonukat (nemcsak felesleg\u00fcket) azokkal, akik n\u00e9lk\u00fcl\u00f6znek. A j\u00f3t\u00e9konykod\u00e1s, a m\u00e1sokon val\u00f3 seg\u00edt\u00e9s minden korban fontos kereszt\u00e9ny er\u00e9ny.<\/p>\n<p><strong>ALLELUJA<\/strong>\u00a0\u00a0\u00a0\u00a0\u00a0\u00a0\u00a0\u00a0\u00a0\u00a0\u00a0\u00a0\u00a0\u00a0\u00a0\u00a0\u00a0\u00a0\u00a0\u00a0\u00a0\u00a0\u00a0\u00a0\u00a0\u00a0\u00a0\u00a0\u00a0\u00a0\u00a0\u00a0\u00a0\u00a0\u00a0\u00a0\u00a0\u00a0\u00a0\u00a0\u00a0\u00a0\u00a0\u00a0\u00a0\u00a0\u00a0\u00a0\u00a0\u00a0\u00a0\u00a0\u00a0\u00a0\u00a0\u00a0\u00a0\u00a0\u00a0\u00a0\u00a0\u00a0\u00a0 <em>2 Tim 1, 10<\/em><\/p>\n<p>\u00dcdv\u00f6z\u00edt\u0151nk, J\u00e9zus Krisztus, gy\u0151z\u00f6tt a hal\u00e1lon, * \u00e9s az evang\u00e9liumban felragyogtatta az \u00f6r\u00f6k \u00e9letet.<\/p>\n<p><strong>EVANG\u00c9LIUM\u00a0 <\/strong>\u00a0\u00a0\u00a0\u00a0\u00a0\u00a0\u00a0\u00a0\u00a0\u00a0\u00a0\u00a0\u00a0\u00a0\u00a0\u00a0\u00a0\u00a0\u00a0\u00a0\u00a0\u00a0\u00a0\u00a0\u00a0\u00a0\u00a0\u00a0\u00a0\u00a0\u00a0\u00a0\u00a0\u00a0\u00a0\u00a0\u00a0\u00a0\u00a0\u00a0\u00a0\u00a0\u00a0\u00a0\u00a0<em>Mk 5, 21\u201343<\/em><\/p>\n<p>A beteg asszony \u00e9s Jairus nem hi\u00e1ba b\u00edztak az \u00dar j\u00f3s\u00e1g\u00e1ban \u00e9s hatalm\u00e1ban. Mi sem csal\u00f3dunk, ha bel\u00e9je vetj\u00fck bizalmunkat.<\/p>\n<p><strong>AZ EUCHARISZTI\u00c1HOZ<\/strong><\/p>\n<p>Krisztus olt\u00e1ra k\u00f6r\u00fcl mindenki egyenl\u0151: nincs gazdag \u00e9s szeg\u00e9ny. Mindny\u00e1jan r\u00e1szorulunk Istenre. T\u0151le mindenki megkapja azt az aj\u00e1nd\u00e9kot, amire legink\u00e1bb sz\u00fcks\u00e9ge van.<\/p>\n<p><strong>\u00c1LDOZ\u00c1SI \u00c9NEK<\/strong>\u00a0\u00a0\u00a0\u00a0\u00a0\u00a0\u00a0\u00a0\u00a0\u00a0\u00a0\u00a0\u00a0\u00a0\u00a0\u00a0\u00a0\u00a0\u00a0\u00a0\u00a0\u00a0\u00a0\u00a0\u00a0\u00a0\u00a0\u00a0\u00a0\u00a0\u00a0\u00a0\u00a0\u00a0\u00a0\u00a0\u00a0\u00a0\u00a0\u00a0\u00a0\u00a0\u00a0\u00a0\u00a0\u00a0\u00a0\u00a0\u00a0\u00a0 <em>Zsolt 102, 1 <\/em>\u00a0\u00a0\u00a0\u00a0\u00a0\u00a0\u00a0\u00a0\u00a0\u00a0\u00a0\u00a0\u00a0<em>\u00a0<\/em><\/p>\n<p>\u00c1ldjad, lelkem, az Urat, eg\u00e9sz bens\u0151m az \u0151 szent nev\u00e9t \u00e1ldja!<\/p>\n<p><strong>Vagy:<\/strong>\u00a0\u00a0\u00a0\u00a0\u00a0\u00a0\u00a0\u00a0\u00a0\u00a0\u00a0\u00a0\u00a0\u00a0\u00a0\u00a0\u00a0\u00a0\u00a0\u00a0\u00a0\u00a0\u00a0\u00a0\u00a0\u00a0\u00a0\u00a0\u00a0\u00a0\u00a0\u00a0\u00a0\u00a0\u00a0\u00a0\u00a0\u00a0\u00a0\u00a0\u00a0\u00a0\u00a0\u00a0\u00a0\u00a0\u00a0\u00a0\u00a0\u00a0\u00a0\u00a0\u00a0\u00a0\u00a0\u00a0\u00a0\u00a0\u00a0 <em>Jn 17, 20\u201321 <\/em><\/p>\n<p>Aty\u00e1m, \u00e9rt\u00fck k\u00f6ny\u00f6rg\u00f6k, hogy legyenek mindny\u00e1jan egyek benn\u00fcnk, hogy \u00edgy elhiggye a vil\u00e1g, hogy te k\u00fcldt\u00e9l engem \u2013 mondja az \u00dar.<\/p>\n<p><strong>ELM\u00c9LKED\u00c9S<\/strong><\/p>\n<p>Az eg\u00e9sz Egyh\u00e1z \u00fagy \u0151rzi a kapott igehirdet\u00e9st \u00e9s hitet, mintha csak ugyanabban a h\u00e1zban lakn\u00e9k; \u00fagy hisz benne, mintha egy sz\u00edve-lelke volna; oly egybehangz\u00f3an hirdeti, tan\u00edtja \u00e9s adja tov\u00e1bb, mintha egy sz\u00e1jjal besz\u00e9lne.\u00a0\u00a0\u00a0\u00a0\u00a0\u00a0\u00a0\u00a0\u00a0\u00a0\u00a0\u00a0\u00a0\u00a0\u00a0\u00a0\u00a0\u00a0\u00a0\u00a0\u00a0\u00a0\u00a0\u00a0\u00a0\u00a0\u00a0\u00a0\u00a0\u00a0\u00a0\u00a0 <em>Szent Ir\u00e9neusz p\u00fcsp\u00f6k \u00e9s v\u00e9rtan\u00fa<\/em><\/p>\n<p><strong>EGY GONDOLAT<\/strong><\/p>\n<p>A magyar n\u00e9pnek a h\u0151s, a dalia, a vit\u00e9z harcos tetszik. Az \u0151si dics\u0151s\u00e9g pog\u00e1ny eg\u00e9n ott ragyogtak a h\u0151s\u00f6k; a magyar kar, a b\u00e1tor sz\u00edv, nem sz\u0171nt meg lelkes\u00edteni a n\u00e9pet, s eddig ez mind hi\u00e1nyzott a kereszt\u00e9nys\u00e9gben. Az emberek meg voltak ugyan keresztelkedve, de a n\u00e9p lelke m\u00e9g nem: mert a nemzet akkor v\u00e1lik kereszt\u00e9nny\u00e9, amikor eszm\u00e9nyeit keresztelik meg. A r\u00e9gi vit\u00e9zs\u00e9get Szent L\u00e1szl\u00f3 t\u00fcntette f\u00f6l \u00f6nmag\u00e1n; e jellemvon\u00e1sa \u00e1ltal sz\u00edv\u00e9n ragadta meg a nemzetet.<\/p>\n<p><em>Proh\u00e1szka Ottok\u00e1r p\u00fcsp\u00f6k<\/em><\/p>\n<p>&nbsp;<\/p>\n<p><strong>J\u00daLIUS \u2013 A SZENT V\u00c9R H\u00d3NAPJA<\/strong><\/p>\n<p>Ima a Szent V\u00e9r erej\u00e9ben<\/p>\n<p>Istenem, az Igaz V\u00e9r legyen oltalmunk, a szepl\u0151tlen \u00e9s \u00e9rintetlen B\u00e1r\u00e1ny V\u00e9re, Egysz\u00fcl\u00f6ttednek, J\u00e9zus Krisztusnak dr\u00e1ga V\u00e9re. \u0150 b\u00e9kess\u00e9get szerzett a kereszten ontott V\u00e9r\u00e9vel: az \u0151 V\u00e9re, az \u00faj \u00e9s \u00f6r\u00f6k sz\u00f6vets\u00e9g V\u00e9re, amely megtiszt\u00edt minden b\u0171nt\u0151l, mosson meg benn\u00fcnket, szenteljen meg benn\u00fcnket, \u00fcdv\u00f6z\u00edtsen benn\u00fcnket.<\/p>\n<p>&nbsp;<\/p>\n<p>A Szent V\u00e9r kultusz\u00e1nak t\u00f6rt\u00e9nete<\/p>\n<p>A hagyom\u00e1ny szerint a Golgot\u00e1n f\u00f6lfogt\u00e1k \u00e9s \u00e1h\u00edtattal \u0151rizt\u00e9k a Krisztus oldal\u00e1b\u00f3l foly\u00f3 Szent V\u00e9r egy r\u00e9sz\u00e9t. Nagy K\u00e1roly ideje alatt egy\u00e9b Krisztus-erekly\u00e9k mellett,<\/p>\n<p>azt a dr\u00e1gak\u0151ed\u00e9nyt is Nyugatra hozt\u00e1k Jeruzs\u00e1lemb\u0151l, amelyben a Szent V\u00e9rt \u0151rizt\u00e9k.<\/p>\n<p>&nbsp;<\/p>\n<p>Megv\u00e1ltott\u00e1l minket, Uram, szents\u00e9ges V\u00e9reddel.<\/p>\n<p>\u00c9s Isten\u00fcnk orsz\u00e1g\u00e1va tett\u00e9l benn\u00fcnket.<\/p>\n<p><strong>\u00a0<\/strong><\/p>\n<p><strong>ELM\u00c9LKED\u00c9S<\/strong><\/p>\n<p>Ki nekem J\u00e9zus? \u00daT. Tudom, merre j\u00e1rjak, merre haladjak. Senki sem mondta, hogy a helyes \u00fat sima \u00e9s k\u00e9nyelmes. Meredek \u00e9s g\u00f6r\u00f6ngy\u00f6s az. De f\u00f6lfel\u00e9 egyre szebb a kil\u00e1t\u00e1s, egyre f\u00f6ns\u00e9gesebb az \u00e9rz\u00e9s. \u00c9s ha vissza-visszacs\u00faszik az ember az \u00fat neh\u00e9z r\u00e9szein, ki ad er\u0151t az \u00fajra meg \u00fajrakezd\u00e9shez? \u0150.\u00a0\u00a0\u00a0\u00a0\u00a0\u00a0 \u00a0\u00a0\u00a0\u00a0\u00a0\u00a0\u00a0\u00a0\u00a0\u00a0\u00a0\u00a0\u00a0\u00a0\u00a0\u00a0\u00a0\u00a0<em>B\u00e1rdos Lajos<\/em><\/p>\n<p>&nbsp;<\/p>\n<p><strong>R\u00d6VID FOH\u00c1SZOK<\/strong><\/p>\n<p>Add, Urunk, hogy szent n\u00e9ped Ferenc p\u00e1pa vezet\u00e9s\u00e9vel mindenben teljes\u00edtse akaratod! * Add, Urunk, hogy Egyh\u00e1zad minden nemes emberi t\u00f6rekv\u00e9st t\u00e1mogasson! * Engedd, Urunk, hogy mindig nagy szeretettel kapcsol\u00f3djunk Egyh\u00e1zadhoz, \u00e9s \u00edgy tegy\u00fck egyre szil\u00e1rdabb\u00e1 Szent Fiad titokzatos test\u00e9nek egys\u00e9g\u00e9t! * Engedd, Urunk, hogy egyh\u00e1zk\u00f6zs\u00e9g\u00fcnk csal\u00e1djaiban Krisztus b\u00e9k\u00e9je uralkodj\u00e9k! * Vezess el, Urunk, minden embert az Anyaszentegyh\u00e1z egys\u00e9g\u00e9be!<\/p>\n<p>&nbsp;<\/p>\n<p><strong>P\u00c9TER-FILL\u00c9R GY\u0170JT\u00c9S<\/strong><\/p>\n<p>Katolikus templomainkban Szent P\u00e9ter \u00e9s Szent P\u00e1l apostolok f\u0151\u00fcnnepe kapcs\u00e1n (j\u00fanius 29.) gy\u0171jt\u00e9s van Szentaty\u00e1nk jav\u00e1ra j\u00falius 1-j\u00e9n. A gy\u0171jt\u00e9s \u00f6sszeg\u00e9t Ferenc p\u00e1pa karitat\u00edv c\u00e9lokra haszn\u00e1lja majd fel. Legy\u00fcnk nagylelk\u0171ek!<\/p>\n","protected":false},"excerpt":{"rendered":"<p>J\u00daLIUS 1. \u00c9VK\u00d6ZI 13. VAS\u00c1RNAP &nbsp; Az \u00e9let kem\u00e9ny k\u00fczdelmek sorozata. A hal\u00e1l pedig elszakad\u00e1s a f\u00f6ldt\u0151l \u00e9s \u00e1tmenet a m\u00e1svil\u00e1gra. Az \u00e9let \u00e9s a hal\u00e1l \u00e9rtelm\u00e9r\u0151l legszebben a Biblia sz\u00f3l: \u201eSenki k\u00f6z\u00fcl\u00fcnk nem \u00e9l \u00f6nmag\u00e1nak, \u00e9s senki nem hal meg \u00f6nmag\u00e1nak. M\u00edg \u00e9l\u00fcnk, Istennek \u00e9l\u00fcnk, s ha meghalunk, Istennek halunk meg. Teh\u00e1t ak\u00e1r \u00e9l\u00fcnk, ak\u00e1r meghalunk, az \u00dar\u00e9i vagyunk\u201d (R\u00f3m 14, 7\u20138). \u201eC\u00e9lotok\u00a0 az \u00f6r\u00f6k \u00e9let\u201d (R\u00f3m 6, 22), mondja m\u00e1shol Szent P\u00e1l. Ezt \u00e9rtette meg Assisi Szent Ferenc, amikor \u201ehal\u00e1l testv\u00e9r\u201d-r\u0151l \u00e9nekelt. OLVASM\u00c1NY\u00a0\u00a0\u00a0\u00a0\u00a0\u00a0\u00a0\u00a0\u00a0\u00a0\u00a0\u00a0\u00a0\u00a0\u00a0\u00a0\u00a0\u00a0\u00a0\u00a0\u00a0\u00a0\u00a0\u00a0\u00a0\u00a0\u00a0\u00a0\u00a0\u00a0\u00a0 B\u00f6lcs 1, 13\u201315; 2, 23\u201324 Sz\u00e9p \u00e9s szent az Isten elgondol\u00e1sa az emberr\u0151l, az ember \u00e9let\u00e9r\u0151l. \u0150 a saj\u00e1t k\u00e9pm\u00e1s\u00e1ra alkotta az embert, azt akarta, hogy\u00a0 boldog legyen a f\u00f6ld\u00f6n. A gonosz l\u00e9lek irigys\u00e9ge azonban bajt hozott a vil\u00e1gba. Emiatt v\u00e1lt f\u00e9lelmetess\u00e9 \u00e9let\u00fcnk v\u00e9ge, a hal\u00e1l is. Mi azonban Szent P\u00e1llal valljuk: \u201eSz\u00e1momra az \u00e9let Krisztus, a hal\u00e1l pedig nyeres\u00e9g\u201d (Fil 1, 21). &nbsp; V\u00c1LASZOS ZSOLT\u00c1R \u00a0\u00a0\u00a0\u00a0\u00a0\u00a0\u00a0\u00a0\u00a0\u00a0\u00a0\u00a0\u00a0\u00a0\u00a0\u00a0\u00a0\u00a0\u00a0\u00a0\u00a0\u00a0\u00a0\u00a0\u00a0\u00a0\u00a0\u00a0\u00a0\u00a0\u00a0\u00a0\u00a0\u00a0\u00a0\u00a0\u00a029. Zsolt\u00e1r V\u00e1lasz: Dics\u0151\u00edtelek, Uram, * mivel megmentett\u00e9l engem. &nbsp; SZENTLECKE\u00a0\u00a0 \u00a0\u00a0\u00a0\u00a0\u00a0\u00a0\u00a0\u00a0\u00a0\u00a0\u00a0\u00a0\u00a0\u00a0\u00a0\u00a0\u00a0\u00a0\u00a0\u00a0\u00a0\u00a0\u00a0\u00a0\u00a0\u00a0\u00a0\u00a0\u00a0\u00a0\u00a0\u00a0\u00a0\u00a02 Kor 8, 7. 9. 13\u201315 Az apostol arra buzd\u00edtotta h\u00edveit, hogy b\u0151s\u00e9gben \u00e9l\u0151k ossz\u00e1k meg vagyonukat (nemcsak felesleg\u00fcket) azokkal, akik n\u00e9lk\u00fcl\u00f6znek. A j\u00f3t\u00e9konykod\u00e1s, a m\u00e1sokon val\u00f3 seg\u00edt\u00e9s minden korban fontos kereszt\u00e9ny er\u00e9ny. ALLELUJA\u00a0\u00a0\u00a0\u00a0\u00a0\u00a0\u00a0\u00a0\u00a0\u00a0\u00a0\u00a0\u00a0\u00a0\u00a0\u00a0\u00a0\u00a0\u00a0\u00a0\u00a0\u00a0\u00a0\u00a0\u00a0\u00a0\u00a0\u00a0\u00a0\u00a0\u00a0\u00a0\u00a0\u00a0\u00a0\u00a0\u00a0\u00a0\u00a0\u00a0\u00a0\u00a0\u00a0\u00a0\u00a0\u00a0\u00a0\u00a0\u00a0\u00a0\u00a0\u00a0\u00a0\u00a0\u00a0\u00a0\u00a0\u00a0\u00a0\u00a0\u00a0\u00a0\u00a0 2 Tim 1, 10 \u00dcdv\u00f6z\u00edt\u0151nk, J\u00e9zus Krisztus, gy\u0151z\u00f6tt a hal\u00e1lon, * \u00e9s az evang\u00e9liumban felragyogtatta az \u00f6r\u00f6k \u00e9letet. EVANG\u00c9LIUM\u00a0 \u00a0\u00a0\u00a0\u00a0\u00a0\u00a0\u00a0\u00a0\u00a0\u00a0\u00a0\u00a0\u00a0\u00a0\u00a0\u00a0\u00a0\u00a0\u00a0\u00a0\u00a0\u00a0\u00a0\u00a0\u00a0\u00a0\u00a0\u00a0\u00a0\u00a0\u00a0\u00a0\u00a0\u00a0\u00a0\u00a0\u00a0\u00a0\u00a0\u00a0\u00a0\u00a0\u00a0\u00a0\u00a0Mk 5, 21\u201343 A beteg asszony \u00e9s Jairus nem hi\u00e1ba b\u00edztak az \u00dar j\u00f3s\u00e1g\u00e1ban \u00e9s hatalm\u00e1ban. Mi sem csal\u00f3dunk, ha bel\u00e9je vetj\u00fck bizalmunkat. AZ EUCHARISZTI\u00c1HOZ Krisztus olt\u00e1ra k\u00f6r\u00fcl mindenki egyenl\u0151: nincs gazdag \u00e9s szeg\u00e9ny. Mindny\u00e1jan r\u00e1szorulunk Istenre. T\u0151le mindenki megkapja azt az aj\u00e1nd\u00e9kot, amire legink\u00e1bb sz\u00fcks\u00e9ge van. \u00c1LDOZ\u00c1SI \u00c9NEK\u00a0\u00a0\u00a0\u00a0\u00a0\u00a0\u00a0\u00a0\u00a0\u00a0\u00a0\u00a0\u00a0\u00a0\u00a0\u00a0\u00a0\u00a0\u00a0\u00a0\u00a0\u00a0\u00a0\u00a0\u00a0\u00a0\u00a0\u00a0\u00a0\u00a0\u00a0\u00a0\u00a0\u00a0\u00a0\u00a0\u00a0\u00a0\u00a0\u00a0\u00a0\u00a0\u00a0\u00a0\u00a0\u00a0\u00a0\u00a0\u00a0\u00a0 Zsolt 102, 1 \u00a0\u00a0\u00a0\u00a0\u00a0\u00a0\u00a0\u00a0\u00a0\u00a0\u00a0\u00a0\u00a0\u00a0 \u00c1ldjad, lelkem, az Urat, eg\u00e9sz bens\u0151m az \u0151 szent nev\u00e9t \u00e1ldja! Vagy:\u00a0\u00a0\u00a0\u00a0\u00a0\u00a0\u00a0\u00a0\u00a0\u00a0\u00a0\u00a0\u00a0\u00a0\u00a0\u00a0\u00a0\u00a0\u00a0\u00a0\u00a0\u00a0\u00a0\u00a0\u00a0\u00a0\u00a0\u00a0\u00a0\u00a0\u00a0\u00a0\u00a0\u00a0\u00a0\u00a0\u00a0\u00a0\u00a0\u00a0\u00a0\u00a0\u00a0\u00a0\u00a0\u00a0\u00a0\u00a0\u00a0\u00a0\u00a0\u00a0\u00a0\u00a0\u00a0\u00a0\u00a0\u00a0\u00a0 Jn 17, 20\u201321 Aty\u00e1m, \u00e9rt\u00fck k\u00f6ny\u00f6rg\u00f6k, hogy legyenek mindny\u00e1jan egyek benn\u00fcnk, hogy \u00edgy elhiggye a vil\u00e1g, hogy te k\u00fcldt\u00e9l engem&#8230; <\/p>\n<p><a class=\"readmore\" href=\"https:\/\/stuttgarti-katolikusok.de\/index.php\/evkozi-13-vasarnap\/\">R\u00e9szletek<\/a><\/p>\n","protected":false},"author":3,"featured_media":0,"comment_status":"closed","ping_status":"closed","sticky":false,"template":"","format":"standard","meta":{"footnotes":""},"categories":[63],"tags":[],"class_list":["post-14815","post","type-post","status-publish","format-standard","hentry","category-vasarnapi-gondolatok"],"yoast_head":"<!-- This site is optimized with the Yoast SEO plugin v27.3 - https:\/\/yoast.com\/product\/yoast-seo-wordpress\/ -->\n<title>\u00c9vk\u00f6zi 13. vas\u00e1rnap - Stuttgarti Katolikusok<\/title>\n<meta name=\"robots\" content=\"index, follow, max-snippet:-1, max-image-preview:large, max-video-preview:-1\" \/>\n<link rel=\"canonical\" href=\"https:\/\/stuttgarti-katolikusok.de\/index.php\/evkozi-13-vasarnap\/\" \/>\n<meta property=\"og:locale\" content=\"hu_HU\" \/>\n<meta property=\"og:type\" content=\"article\" \/>\n<meta property=\"og:title\" content=\"\u00c9vk\u00f6zi 13. vas\u00e1rnap - Stuttgarti Katolikusok\" \/>\n<meta property=\"og:description\" content=\"J\u00daLIUS 1. \u00c9VK\u00d6ZI 13. VAS\u00c1RNAP &nbsp; Az \u00e9let kem\u00e9ny k\u00fczdelmek sorozata. A hal\u00e1l pedig elszakad\u00e1s a f\u00f6ldt\u0151l \u00e9s \u00e1tmenet a m\u00e1svil\u00e1gra. Az \u00e9let \u00e9s a hal\u00e1l \u00e9rtelm\u00e9r\u0151l legszebben a Biblia sz\u00f3l: \u201eSenki k\u00f6z\u00fcl\u00fcnk nem \u00e9l \u00f6nmag\u00e1nak, \u00e9s senki nem hal meg \u00f6nmag\u00e1nak. M\u00edg \u00e9l\u00fcnk, Istennek \u00e9l\u00fcnk, s ha meghalunk, Istennek halunk meg. Teh\u00e1t ak\u00e1r \u00e9l\u00fcnk, ak\u00e1r meghalunk, az \u00dar\u00e9i vagyunk\u201d (R\u00f3m 14, 7\u20138). \u201eC\u00e9lotok\u00a0 az \u00f6r\u00f6k \u00e9let\u201d (R\u00f3m 6, 22), mondja m\u00e1shol Szent P\u00e1l. Ezt \u00e9rtette meg Assisi Szent Ferenc, amikor \u201ehal\u00e1l testv\u00e9r\u201d-r\u0151l \u00e9nekelt. OLVASM\u00c1NY\u00a0\u00a0\u00a0\u00a0\u00a0\u00a0\u00a0\u00a0\u00a0\u00a0\u00a0\u00a0\u00a0\u00a0\u00a0\u00a0\u00a0\u00a0\u00a0\u00a0\u00a0\u00a0\u00a0\u00a0\u00a0\u00a0\u00a0\u00a0\u00a0\u00a0\u00a0 B\u00f6lcs 1, 13\u201315; 2, 23\u201324 Sz\u00e9p \u00e9s szent az Isten elgondol\u00e1sa az emberr\u0151l, az ember \u00e9let\u00e9r\u0151l. \u0150 a saj\u00e1t k\u00e9pm\u00e1s\u00e1ra alkotta az embert, azt akarta, hogy\u00a0 boldog legyen a f\u00f6ld\u00f6n. A gonosz l\u00e9lek irigys\u00e9ge azonban bajt hozott a vil\u00e1gba. Emiatt v\u00e1lt f\u00e9lelmetess\u00e9 \u00e9let\u00fcnk v\u00e9ge, a hal\u00e1l is. Mi azonban Szent P\u00e1llal valljuk: \u201eSz\u00e1momra az \u00e9let Krisztus, a hal\u00e1l pedig nyeres\u00e9g\u201d (Fil 1, 21). &nbsp; V\u00c1LASZOS ZSOLT\u00c1R \u00a0\u00a0\u00a0\u00a0\u00a0\u00a0\u00a0\u00a0\u00a0\u00a0\u00a0\u00a0\u00a0\u00a0\u00a0\u00a0\u00a0\u00a0\u00a0\u00a0\u00a0\u00a0\u00a0\u00a0\u00a0\u00a0\u00a0\u00a0\u00a0\u00a0\u00a0\u00a0\u00a0\u00a0\u00a0\u00a0\u00a029. Zsolt\u00e1r V\u00e1lasz: Dics\u0151\u00edtelek, Uram, * mivel megmentett\u00e9l engem. &nbsp; SZENTLECKE\u00a0\u00a0 \u00a0\u00a0\u00a0\u00a0\u00a0\u00a0\u00a0\u00a0\u00a0\u00a0\u00a0\u00a0\u00a0\u00a0\u00a0\u00a0\u00a0\u00a0\u00a0\u00a0\u00a0\u00a0\u00a0\u00a0\u00a0\u00a0\u00a0\u00a0\u00a0\u00a0\u00a0\u00a0\u00a0\u00a02 Kor 8, 7. 9. 13\u201315 Az apostol arra buzd\u00edtotta h\u00edveit, hogy b\u0151s\u00e9gben \u00e9l\u0151k ossz\u00e1k meg vagyonukat (nemcsak felesleg\u00fcket) azokkal, akik n\u00e9lk\u00fcl\u00f6znek. A j\u00f3t\u00e9konykod\u00e1s, a m\u00e1sokon val\u00f3 seg\u00edt\u00e9s minden korban fontos kereszt\u00e9ny er\u00e9ny. ALLELUJA\u00a0\u00a0\u00a0\u00a0\u00a0\u00a0\u00a0\u00a0\u00a0\u00a0\u00a0\u00a0\u00a0\u00a0\u00a0\u00a0\u00a0\u00a0\u00a0\u00a0\u00a0\u00a0\u00a0\u00a0\u00a0\u00a0\u00a0\u00a0\u00a0\u00a0\u00a0\u00a0\u00a0\u00a0\u00a0\u00a0\u00a0\u00a0\u00a0\u00a0\u00a0\u00a0\u00a0\u00a0\u00a0\u00a0\u00a0\u00a0\u00a0\u00a0\u00a0\u00a0\u00a0\u00a0\u00a0\u00a0\u00a0\u00a0\u00a0\u00a0\u00a0\u00a0\u00a0 2 Tim 1, 10 \u00dcdv\u00f6z\u00edt\u0151nk, J\u00e9zus Krisztus, gy\u0151z\u00f6tt a hal\u00e1lon, * \u00e9s az evang\u00e9liumban felragyogtatta az \u00f6r\u00f6k \u00e9letet. EVANG\u00c9LIUM\u00a0 \u00a0\u00a0\u00a0\u00a0\u00a0\u00a0\u00a0\u00a0\u00a0\u00a0\u00a0\u00a0\u00a0\u00a0\u00a0\u00a0\u00a0\u00a0\u00a0\u00a0\u00a0\u00a0\u00a0\u00a0\u00a0\u00a0\u00a0\u00a0\u00a0\u00a0\u00a0\u00a0\u00a0\u00a0\u00a0\u00a0\u00a0\u00a0\u00a0\u00a0\u00a0\u00a0\u00a0\u00a0\u00a0Mk 5, 21\u201343 A beteg asszony \u00e9s Jairus nem hi\u00e1ba b\u00edztak az \u00dar j\u00f3s\u00e1g\u00e1ban \u00e9s hatalm\u00e1ban. Mi sem csal\u00f3dunk, ha bel\u00e9je vetj\u00fck bizalmunkat. AZ EUCHARISZTI\u00c1HOZ Krisztus olt\u00e1ra k\u00f6r\u00fcl mindenki egyenl\u0151: nincs gazdag \u00e9s szeg\u00e9ny. Mindny\u00e1jan r\u00e1szorulunk Istenre. T\u0151le mindenki megkapja azt az aj\u00e1nd\u00e9kot, amire legink\u00e1bb sz\u00fcks\u00e9ge van. \u00c1LDOZ\u00c1SI \u00c9NEK\u00a0\u00a0\u00a0\u00a0\u00a0\u00a0\u00a0\u00a0\u00a0\u00a0\u00a0\u00a0\u00a0\u00a0\u00a0\u00a0\u00a0\u00a0\u00a0\u00a0\u00a0\u00a0\u00a0\u00a0\u00a0\u00a0\u00a0\u00a0\u00a0\u00a0\u00a0\u00a0\u00a0\u00a0\u00a0\u00a0\u00a0\u00a0\u00a0\u00a0\u00a0\u00a0\u00a0\u00a0\u00a0\u00a0\u00a0\u00a0\u00a0\u00a0 Zsolt 102, 1 \u00a0\u00a0\u00a0\u00a0\u00a0\u00a0\u00a0\u00a0\u00a0\u00a0\u00a0\u00a0\u00a0\u00a0 \u00c1ldjad, lelkem, az Urat, eg\u00e9sz bens\u0151m az \u0151 szent nev\u00e9t \u00e1ldja! Vagy:\u00a0\u00a0\u00a0\u00a0\u00a0\u00a0\u00a0\u00a0\u00a0\u00a0\u00a0\u00a0\u00a0\u00a0\u00a0\u00a0\u00a0\u00a0\u00a0\u00a0\u00a0\u00a0\u00a0\u00a0\u00a0\u00a0\u00a0\u00a0\u00a0\u00a0\u00a0\u00a0\u00a0\u00a0\u00a0\u00a0\u00a0\u00a0\u00a0\u00a0\u00a0\u00a0\u00a0\u00a0\u00a0\u00a0\u00a0\u00a0\u00a0\u00a0\u00a0\u00a0\u00a0\u00a0\u00a0\u00a0\u00a0\u00a0\u00a0 Jn 17, 20\u201321 Aty\u00e1m, \u00e9rt\u00fck k\u00f6ny\u00f6rg\u00f6k, hogy legyenek mindny\u00e1jan egyek benn\u00fcnk, hogy \u00edgy elhiggye a vil\u00e1g, hogy te k\u00fcldt\u00e9l engem... R\u00e9szletek\" \/>\n<meta property=\"og:url\" content=\"https:\/\/stuttgarti-katolikusok.de\/index.php\/evkozi-13-vasarnap\/\" \/>\n<meta property=\"og:site_name\" content=\"Stuttgarti Katolikusok\" \/>\n<meta property=\"article:published_time\" content=\"2018-06-29T11:18:28+00:00\" \/>\n<meta property=\"article:modified_time\" content=\"2020-04-27T15:49:38+00:00\" \/>\n<meta name=\"author\" content=\"Tibor atya\" \/>\n<meta name=\"twitter:card\" content=\"summary_large_image\" \/>\n<meta name=\"twitter:label1\" content=\"Szerz\u0151:\" \/>\n\t<meta name=\"twitter:data1\" content=\"Tibor atya\" \/>\n\t<meta name=\"twitter:label2\" content=\"Becs\u00fclt olvas\u00e1si id\u0151\" \/>\n\t<meta name=\"twitter:data2\" content=\"5 perc\" \/>\n<script type=\"application\/ld+json\" class=\"yoast-schema-graph\">{\"@context\":\"https:\\\/\\\/schema.org\",\"@graph\":[{\"@type\":\"Article\",\"@id\":\"https:\\\/\\\/stuttgarti-katolikusok.de\\\/index.php\\\/evkozi-13-vasarnap\\\/#article\",\"isPartOf\":{\"@id\":\"https:\\\/\\\/stuttgarti-katolikusok.de\\\/index.php\\\/evkozi-13-vasarnap\\\/\"},\"author\":{\"name\":\"Tibor atya\",\"@id\":\"https:\\\/\\\/stuttgarti-katolikusok.de\\\/#\\\/schema\\\/person\\\/75908d6f8fdc03a57889d27209df7795\"},\"headline\":\"\u00c9vk\u00f6zi 13. vas\u00e1rnap\",\"datePublished\":\"2018-06-29T11:18:28+00:00\",\"dateModified\":\"2020-04-27T15:49:38+00:00\",\"mainEntityOfPage\":{\"@id\":\"https:\\\/\\\/stuttgarti-katolikusok.de\\\/index.php\\\/evkozi-13-vasarnap\\\/\"},\"wordCount\":972,\"articleSection\":[\"Vas\u00e1rnapi gondolatok\"],\"inLanguage\":\"hu\"},{\"@type\":\"WebPage\",\"@id\":\"https:\\\/\\\/stuttgarti-katolikusok.de\\\/index.php\\\/evkozi-13-vasarnap\\\/\",\"url\":\"https:\\\/\\\/stuttgarti-katolikusok.de\\\/index.php\\\/evkozi-13-vasarnap\\\/\",\"name\":\"\u00c9vk\u00f6zi 13. vas\u00e1rnap - Stuttgarti Katolikusok\",\"isPartOf\":{\"@id\":\"https:\\\/\\\/stuttgarti-katolikusok.de\\\/#website\"},\"datePublished\":\"2018-06-29T11:18:28+00:00\",\"dateModified\":\"2020-04-27T15:49:38+00:00\",\"author\":{\"@id\":\"https:\\\/\\\/stuttgarti-katolikusok.de\\\/#\\\/schema\\\/person\\\/75908d6f8fdc03a57889d27209df7795\"},\"breadcrumb\":{\"@id\":\"https:\\\/\\\/stuttgarti-katolikusok.de\\\/index.php\\\/evkozi-13-vasarnap\\\/#breadcrumb\"},\"inLanguage\":\"hu\",\"potentialAction\":[{\"@type\":\"ReadAction\",\"target\":[\"https:\\\/\\\/stuttgarti-katolikusok.de\\\/index.php\\\/evkozi-13-vasarnap\\\/\"]}]},{\"@type\":\"BreadcrumbList\",\"@id\":\"https:\\\/\\\/stuttgarti-katolikusok.de\\\/index.php\\\/evkozi-13-vasarnap\\\/#breadcrumb\",\"itemListElement\":[{\"@type\":\"ListItem\",\"position\":1,\"name\":\"Kezd\u0151lap\",\"item\":\"https:\\\/\\\/stuttgarti-katolikusok.de\\\/\"},{\"@type\":\"ListItem\",\"position\":2,\"name\":\"\u00c9vk\u00f6zi 13. vas\u00e1rnap\"}]},{\"@type\":\"WebSite\",\"@id\":\"https:\\\/\\\/stuttgarti-katolikusok.de\\\/#website\",\"url\":\"https:\\\/\\\/stuttgarti-katolikusok.de\\\/\",\"name\":\"Stuttgarti Katolikusok\",\"description\":\"\",\"potentialAction\":[{\"@type\":\"SearchAction\",\"target\":{\"@type\":\"EntryPoint\",\"urlTemplate\":\"https:\\\/\\\/stuttgarti-katolikusok.de\\\/?s={search_term_string}\"},\"query-input\":{\"@type\":\"PropertyValueSpecification\",\"valueRequired\":true,\"valueName\":\"search_term_string\"}}],\"inLanguage\":\"hu\"},{\"@type\":\"Person\",\"@id\":\"https:\\\/\\\/stuttgarti-katolikusok.de\\\/#\\\/schema\\\/person\\\/75908d6f8fdc03a57889d27209df7795\",\"name\":\"Tibor atya\",\"image\":{\"@type\":\"ImageObject\",\"inLanguage\":\"hu\",\"@id\":\"https:\\\/\\\/secure.gravatar.com\\\/avatar\\\/61d268e57d1f4525b111222e29d2d5a7f8c420fdbf231ba5566a8ceac74fa960?s=96&d=mm&r=g\",\"url\":\"https:\\\/\\\/secure.gravatar.com\\\/avatar\\\/61d268e57d1f4525b111222e29d2d5a7f8c420fdbf231ba5566a8ceac74fa960?s=96&d=mm&r=g\",\"contentUrl\":\"https:\\\/\\\/secure.gravatar.com\\\/avatar\\\/61d268e57d1f4525b111222e29d2d5a7f8c420fdbf231ba5566a8ceac74fa960?s=96&d=mm&r=g\",\"caption\":\"Tibor atya\"},\"url\":\"https:\\\/\\\/stuttgarti-katolikusok.de\\\/index.php\\\/author\\\/tibor-atya\\\/\"}]}<\/script>\n<!-- \/ Yoast SEO plugin. -->","yoast_head_json":{"title":"\u00c9vk\u00f6zi 13. vas\u00e1rnap - Stuttgarti Katolikusok","robots":{"index":"index","follow":"follow","max-snippet":"max-snippet:-1","max-image-preview":"max-image-preview:large","max-video-preview":"max-video-preview:-1"},"canonical":"https:\/\/stuttgarti-katolikusok.de\/index.php\/evkozi-13-vasarnap\/","og_locale":"hu_HU","og_type":"article","og_title":"\u00c9vk\u00f6zi 13. vas\u00e1rnap - Stuttgarti Katolikusok","og_description":"J\u00daLIUS 1. \u00c9VK\u00d6ZI 13. VAS\u00c1RNAP &nbsp; Az \u00e9let kem\u00e9ny k\u00fczdelmek sorozata. A hal\u00e1l pedig elszakad\u00e1s a f\u00f6ldt\u0151l \u00e9s \u00e1tmenet a m\u00e1svil\u00e1gra. Az \u00e9let \u00e9s a hal\u00e1l \u00e9rtelm\u00e9r\u0151l legszebben a Biblia sz\u00f3l: \u201eSenki k\u00f6z\u00fcl\u00fcnk nem \u00e9l \u00f6nmag\u00e1nak, \u00e9s senki nem hal meg \u00f6nmag\u00e1nak. M\u00edg \u00e9l\u00fcnk, Istennek \u00e9l\u00fcnk, s ha meghalunk, Istennek halunk meg. Teh\u00e1t ak\u00e1r \u00e9l\u00fcnk, ak\u00e1r meghalunk, az \u00dar\u00e9i vagyunk\u201d (R\u00f3m 14, 7\u20138). \u201eC\u00e9lotok\u00a0 az \u00f6r\u00f6k \u00e9let\u201d (R\u00f3m 6, 22), mondja m\u00e1shol Szent P\u00e1l. Ezt \u00e9rtette meg Assisi Szent Ferenc, amikor \u201ehal\u00e1l testv\u00e9r\u201d-r\u0151l \u00e9nekelt. OLVASM\u00c1NY\u00a0\u00a0\u00a0\u00a0\u00a0\u00a0\u00a0\u00a0\u00a0\u00a0\u00a0\u00a0\u00a0\u00a0\u00a0\u00a0\u00a0\u00a0\u00a0\u00a0\u00a0\u00a0\u00a0\u00a0\u00a0\u00a0\u00a0\u00a0\u00a0\u00a0\u00a0 B\u00f6lcs 1, 13\u201315; 2, 23\u201324 Sz\u00e9p \u00e9s szent az Isten elgondol\u00e1sa az emberr\u0151l, az ember \u00e9let\u00e9r\u0151l. \u0150 a saj\u00e1t k\u00e9pm\u00e1s\u00e1ra alkotta az embert, azt akarta, hogy\u00a0 boldog legyen a f\u00f6ld\u00f6n. A gonosz l\u00e9lek irigys\u00e9ge azonban bajt hozott a vil\u00e1gba. Emiatt v\u00e1lt f\u00e9lelmetess\u00e9 \u00e9let\u00fcnk v\u00e9ge, a hal\u00e1l is. Mi azonban Szent P\u00e1llal valljuk: \u201eSz\u00e1momra az \u00e9let Krisztus, a hal\u00e1l pedig nyeres\u00e9g\u201d (Fil 1, 21). &nbsp; V\u00c1LASZOS ZSOLT\u00c1R \u00a0\u00a0\u00a0\u00a0\u00a0\u00a0\u00a0\u00a0\u00a0\u00a0\u00a0\u00a0\u00a0\u00a0\u00a0\u00a0\u00a0\u00a0\u00a0\u00a0\u00a0\u00a0\u00a0\u00a0\u00a0\u00a0\u00a0\u00a0\u00a0\u00a0\u00a0\u00a0\u00a0\u00a0\u00a0\u00a0\u00a029. Zsolt\u00e1r V\u00e1lasz: Dics\u0151\u00edtelek, Uram, * mivel megmentett\u00e9l engem. &nbsp; SZENTLECKE\u00a0\u00a0 \u00a0\u00a0\u00a0\u00a0\u00a0\u00a0\u00a0\u00a0\u00a0\u00a0\u00a0\u00a0\u00a0\u00a0\u00a0\u00a0\u00a0\u00a0\u00a0\u00a0\u00a0\u00a0\u00a0\u00a0\u00a0\u00a0\u00a0\u00a0\u00a0\u00a0\u00a0\u00a0\u00a0\u00a02 Kor 8, 7. 9. 13\u201315 Az apostol arra buzd\u00edtotta h\u00edveit, hogy b\u0151s\u00e9gben \u00e9l\u0151k ossz\u00e1k meg vagyonukat (nemcsak felesleg\u00fcket) azokkal, akik n\u00e9lk\u00fcl\u00f6znek. A j\u00f3t\u00e9konykod\u00e1s, a m\u00e1sokon val\u00f3 seg\u00edt\u00e9s minden korban fontos kereszt\u00e9ny er\u00e9ny. ALLELUJA\u00a0\u00a0\u00a0\u00a0\u00a0\u00a0\u00a0\u00a0\u00a0\u00a0\u00a0\u00a0\u00a0\u00a0\u00a0\u00a0\u00a0\u00a0\u00a0\u00a0\u00a0\u00a0\u00a0\u00a0\u00a0\u00a0\u00a0\u00a0\u00a0\u00a0\u00a0\u00a0\u00a0\u00a0\u00a0\u00a0\u00a0\u00a0\u00a0\u00a0\u00a0\u00a0\u00a0\u00a0\u00a0\u00a0\u00a0\u00a0\u00a0\u00a0\u00a0\u00a0\u00a0\u00a0\u00a0\u00a0\u00a0\u00a0\u00a0\u00a0\u00a0\u00a0\u00a0 2 Tim 1, 10 \u00dcdv\u00f6z\u00edt\u0151nk, J\u00e9zus Krisztus, gy\u0151z\u00f6tt a hal\u00e1lon, * \u00e9s az evang\u00e9liumban felragyogtatta az \u00f6r\u00f6k \u00e9letet. EVANG\u00c9LIUM\u00a0 \u00a0\u00a0\u00a0\u00a0\u00a0\u00a0\u00a0\u00a0\u00a0\u00a0\u00a0\u00a0\u00a0\u00a0\u00a0\u00a0\u00a0\u00a0\u00a0\u00a0\u00a0\u00a0\u00a0\u00a0\u00a0\u00a0\u00a0\u00a0\u00a0\u00a0\u00a0\u00a0\u00a0\u00a0\u00a0\u00a0\u00a0\u00a0\u00a0\u00a0\u00a0\u00a0\u00a0\u00a0\u00a0Mk 5, 21\u201343 A beteg asszony \u00e9s Jairus nem hi\u00e1ba b\u00edztak az \u00dar j\u00f3s\u00e1g\u00e1ban \u00e9s hatalm\u00e1ban. Mi sem csal\u00f3dunk, ha bel\u00e9je vetj\u00fck bizalmunkat. AZ EUCHARISZTI\u00c1HOZ Krisztus olt\u00e1ra k\u00f6r\u00fcl mindenki egyenl\u0151: nincs gazdag \u00e9s szeg\u00e9ny. Mindny\u00e1jan r\u00e1szorulunk Istenre. T\u0151le mindenki megkapja azt az aj\u00e1nd\u00e9kot, amire legink\u00e1bb sz\u00fcks\u00e9ge van. \u00c1LDOZ\u00c1SI \u00c9NEK\u00a0\u00a0\u00a0\u00a0\u00a0\u00a0\u00a0\u00a0\u00a0\u00a0\u00a0\u00a0\u00a0\u00a0\u00a0\u00a0\u00a0\u00a0\u00a0\u00a0\u00a0\u00a0\u00a0\u00a0\u00a0\u00a0\u00a0\u00a0\u00a0\u00a0\u00a0\u00a0\u00a0\u00a0\u00a0\u00a0\u00a0\u00a0\u00a0\u00a0\u00a0\u00a0\u00a0\u00a0\u00a0\u00a0\u00a0\u00a0\u00a0\u00a0 Zsolt 102, 1 \u00a0\u00a0\u00a0\u00a0\u00a0\u00a0\u00a0\u00a0\u00a0\u00a0\u00a0\u00a0\u00a0\u00a0 \u00c1ldjad, lelkem, az Urat, eg\u00e9sz bens\u0151m az \u0151 szent nev\u00e9t \u00e1ldja! Vagy:\u00a0\u00a0\u00a0\u00a0\u00a0\u00a0\u00a0\u00a0\u00a0\u00a0\u00a0\u00a0\u00a0\u00a0\u00a0\u00a0\u00a0\u00a0\u00a0\u00a0\u00a0\u00a0\u00a0\u00a0\u00a0\u00a0\u00a0\u00a0\u00a0\u00a0\u00a0\u00a0\u00a0\u00a0\u00a0\u00a0\u00a0\u00a0\u00a0\u00a0\u00a0\u00a0\u00a0\u00a0\u00a0\u00a0\u00a0\u00a0\u00a0\u00a0\u00a0\u00a0\u00a0\u00a0\u00a0\u00a0\u00a0\u00a0\u00a0 Jn 17, 20\u201321 Aty\u00e1m, \u00e9rt\u00fck k\u00f6ny\u00f6rg\u00f6k, hogy legyenek mindny\u00e1jan egyek benn\u00fcnk, hogy \u00edgy elhiggye a vil\u00e1g, hogy te k\u00fcldt\u00e9l engem... R\u00e9szletek","og_url":"https:\/\/stuttgarti-katolikusok.de\/index.php\/evkozi-13-vasarnap\/","og_site_name":"Stuttgarti Katolikusok","article_published_time":"2018-06-29T11:18:28+00:00","article_modified_time":"2020-04-27T15:49:38+00:00","author":"Tibor atya","twitter_card":"summary_large_image","twitter_misc":{"Szerz\u0151:":"Tibor atya","Becs\u00fclt olvas\u00e1si id\u0151":"5 perc"},"schema":{"@context":"https:\/\/schema.org","@graph":[{"@type":"Article","@id":"https:\/\/stuttgarti-katolikusok.de\/index.php\/evkozi-13-vasarnap\/#article","isPartOf":{"@id":"https:\/\/stuttgarti-katolikusok.de\/index.php\/evkozi-13-vasarnap\/"},"author":{"name":"Tibor atya","@id":"https:\/\/stuttgarti-katolikusok.de\/#\/schema\/person\/75908d6f8fdc03a57889d27209df7795"},"headline":"\u00c9vk\u00f6zi 13. vas\u00e1rnap","datePublished":"2018-06-29T11:18:28+00:00","dateModified":"2020-04-27T15:49:38+00:00","mainEntityOfPage":{"@id":"https:\/\/stuttgarti-katolikusok.de\/index.php\/evkozi-13-vasarnap\/"},"wordCount":972,"articleSection":["Vas\u00e1rnapi gondolatok"],"inLanguage":"hu"},{"@type":"WebPage","@id":"https:\/\/stuttgarti-katolikusok.de\/index.php\/evkozi-13-vasarnap\/","url":"https:\/\/stuttgarti-katolikusok.de\/index.php\/evkozi-13-vasarnap\/","name":"\u00c9vk\u00f6zi 13. vas\u00e1rnap - Stuttgarti Katolikusok","isPartOf":{"@id":"https:\/\/stuttgarti-katolikusok.de\/#website"},"datePublished":"2018-06-29T11:18:28+00:00","dateModified":"2020-04-27T15:49:38+00:00","author":{"@id":"https:\/\/stuttgarti-katolikusok.de\/#\/schema\/person\/75908d6f8fdc03a57889d27209df7795"},"breadcrumb":{"@id":"https:\/\/stuttgarti-katolikusok.de\/index.php\/evkozi-13-vasarnap\/#breadcrumb"},"inLanguage":"hu","potentialAction":[{"@type":"ReadAction","target":["https:\/\/stuttgarti-katolikusok.de\/index.php\/evkozi-13-vasarnap\/"]}]},{"@type":"BreadcrumbList","@id":"https:\/\/stuttgarti-katolikusok.de\/index.php\/evkozi-13-vasarnap\/#breadcrumb","itemListElement":[{"@type":"ListItem","position":1,"name":"Kezd\u0151lap","item":"https:\/\/stuttgarti-katolikusok.de\/"},{"@type":"ListItem","position":2,"name":"\u00c9vk\u00f6zi 13. vas\u00e1rnap"}]},{"@type":"WebSite","@id":"https:\/\/stuttgarti-katolikusok.de\/#website","url":"https:\/\/stuttgarti-katolikusok.de\/","name":"Stuttgarti Katolikusok","description":"","potentialAction":[{"@type":"SearchAction","target":{"@type":"EntryPoint","urlTemplate":"https:\/\/stuttgarti-katolikusok.de\/?s={search_term_string}"},"query-input":{"@type":"PropertyValueSpecification","valueRequired":true,"valueName":"search_term_string"}}],"inLanguage":"hu"},{"@type":"Person","@id":"https:\/\/stuttgarti-katolikusok.de\/#\/schema\/person\/75908d6f8fdc03a57889d27209df7795","name":"Tibor atya","image":{"@type":"ImageObject","inLanguage":"hu","@id":"https:\/\/secure.gravatar.com\/avatar\/61d268e57d1f4525b111222e29d2d5a7f8c420fdbf231ba5566a8ceac74fa960?s=96&d=mm&r=g","url":"https:\/\/secure.gravatar.com\/avatar\/61d268e57d1f4525b111222e29d2d5a7f8c420fdbf231ba5566a8ceac74fa960?s=96&d=mm&r=g","contentUrl":"https:\/\/secure.gravatar.com\/avatar\/61d268e57d1f4525b111222e29d2d5a7f8c420fdbf231ba5566a8ceac74fa960?s=96&d=mm&r=g","caption":"Tibor atya"},"url":"https:\/\/stuttgarti-katolikusok.de\/index.php\/author\/tibor-atya\/"}]}},"_links":{"self":[{"href":"https:\/\/stuttgarti-katolikusok.de\/index.php\/wp-json\/wp\/v2\/posts\/14815","targetHints":{"allow":["GET"]}}],"collection":[{"href":"https:\/\/stuttgarti-katolikusok.de\/index.php\/wp-json\/wp\/v2\/posts"}],"about":[{"href":"https:\/\/stuttgarti-katolikusok.de\/index.php\/wp-json\/wp\/v2\/types\/post"}],"author":[{"embeddable":true,"href":"https:\/\/stuttgarti-katolikusok.de\/index.php\/wp-json\/wp\/v2\/users\/3"}],"replies":[{"embeddable":true,"href":"https:\/\/stuttgarti-katolikusok.de\/index.php\/wp-json\/wp\/v2\/comments?post=14815"}],"version-history":[{"count":1,"href":"https:\/\/stuttgarti-katolikusok.de\/index.php\/wp-json\/wp\/v2\/posts\/14815\/revisions"}],"predecessor-version":[{"id":14817,"href":"https:\/\/stuttgarti-katolikusok.de\/index.php\/wp-json\/wp\/v2\/posts\/14815\/revisions\/14817"}],"wp:attachment":[{"href":"https:\/\/stuttgarti-katolikusok.de\/index.php\/wp-json\/wp\/v2\/media?parent=14815"}],"wp:term":[{"taxonomy":"category","embeddable":true,"href":"https:\/\/stuttgarti-katolikusok.de\/index.php\/wp-json\/wp\/v2\/categories?post=14815"},{"taxonomy":"post_tag","embeddable":true,"href":"https:\/\/stuttgarti-katolikusok.de\/index.php\/wp-json\/wp\/v2\/tags?post=14815"}],"curies":[{"name":"wp","href":"https:\/\/api.w.org\/{rel}","templated":true}]}}