{"id":14778,"date":"2018-06-22T05:20:15","date_gmt":"2018-06-22T05:20:15","guid":{"rendered":"https:\/\/gracious-dewdney.138-201-221-2.plesk.page\/?p=14778"},"modified":"2018-06-22T21:07:48","modified_gmt":"2018-06-22T21:07:48","slug":"keresztelo-szent-janos-szuletese","status":"publish","type":"post","link":"https:\/\/stuttgarti-katolikusok.de\/index.php\/keresztelo-szent-janos-szuletese\/","title":{"rendered":"Keresztel\u0151 Szent J\u00e1nos sz\u00fclet\u00e9se"},"content":{"rendered":"<p><strong>2018. J\u00daNIUS 24.<\/strong><\/p>\n<p><strong>KERESZTEL\u0150 SZENT J\u00c1NOS SZ\u00dcLET\u00c9SE<\/strong><\/p>\n<p>Ma \u00fcnnepelj\u00fck ezt a sz\u00e9p napot. A legszentebb Istenanya ut\u00e1n mindj\u00e1rt Keresztel\u0151 Szent J\u00e1nos\u00e9 az els\u0151 hely a vil\u00e1g megv\u00e1lt\u00e1s\u00e1nak t\u00f6rt\u00e9net\u00e9ben. Az \u0151 nagys\u00e1ga az Istenember visszavert f\u00e9nye, mert k\u00f6zvetlen\u00fcl el\u0151tte j\u00e1rt, \u00e9s az utat k\u00e9sz\u00edtette sz\u00e1m\u00e1ra. Sz\u00fclet\u00e9s\u00e9t angyal hirdette, \u00e9s Krisztus m\u00e1r anyja m\u00e9h\u00e9ben megszentelte J\u00e1nost \u00e1ldott l\u00e1togat\u00e1s\u00e1val. B\u0171nb\u00e1natot hirdet, s az a m\u00e9lt\u00f3s\u00e1g \u00e9ri, hogy \u0151 mutatja be Krisztust a vil\u00e1gnak: \u00cdme, az Isten B\u00e1r\u00e1nya! M\u00edg a t\u00f6bbi szentnek csak hal\u00e1la (vagyis mennyei sz\u00fclet\u00e9se) napj\u00e1t \u00fcnnepelj\u00fck, J\u00e1nosnak f\u00f6ldi sz\u00fclet\u00e9snapj\u00e1t is teljes liturgikus f\u00e9nnyel \u00fclj\u00fck, \u00e9pp\u00fagy, mint a Megv\u00e1lt\u00f3\u00e9t \u00e9s M\u00e1ri\u00e1\u00e9t. \u00dcnnep\u00e9n sokfel\u00e9 t\u00fczet gy\u00fajtanak, minthogy maga Krisztus mondta r\u00f3la: J\u00e1nos vil\u00e1g\u00edt\u00f3 f\u00e1klya volt.<\/p>\n<p><em>Olvasm\u00e1ny: Iz 49, 1-6<\/em><\/p>\n<p><em>V\u00e1laszos zsolt\u00e1r: 138, 1\u20133. 13\u201314b. 14c\u201315<\/em><\/p>\n<p><strong>V\u00e1lasz: H\u00e1l\u00e1t adok n<u>e<\/u>ked, * hogy oly cs<u>o<\/u>d\u00e1san<\/strong><\/p>\n<p><strong>Alkott\u00e1l!<\/strong><\/p>\n<p><em>Szentlecke: ApCsel 13, 22\u2013 26<\/em><\/p>\n<p><em>Evang\u00e9lium: Lk 1, 53\u201366. 80<\/em><\/p>\n<p><strong>KERESZTEL\u0150 SZENT J\u00c1NOS<\/strong><\/p>\n<p>Amikor egy szentet \u00fcnnepl\u00fcnk, a hal\u00e1la napj\u00e1r\u00f3l szoktunk megeml\u00e9kezni. Ugyanis a hal\u00e1l napja, az illet\u0151 szent megdics\u0151\u00fcl\u00e9s\u00e9nek az \u00fcnnepe, a mennyorsz\u00e1gi \u00f6r\u00f6k \u00e9let kezdete. Keresztel\u0151 J\u00e1nossal kiv\u00e9telt tesz az Egyh\u00e1z. Az \u0151 nagys\u00e1g\u00e1t az is kiemeli, hogy nem csak a v\u00e9rtan\u00fas\u00e1ga napj\u00e1t, hanem a sz\u00fclet\u00e9s\u00e9t is meg\u00fcnnepelj\u00fck. A szentek \u00e9let\u00e9r\u0151l k\u00f6nyveket szoktak \u00edrni, t\u00f6rt\u00e9neteket, legend\u00e1kat mes\u00e9lnek el. Keresztel\u0151 J\u00e1nosr\u00f3l a K\u00f6nyvek K\u00f6nyve, a Szent\u00edr\u00e1s eml\u00e9kezik meg, \u00e9s az \u00dar J\u00e9zus el\u0151fut\u00e1rak\u00e9nt mutatja be. Legf\u0151bb jellemvon\u00e1sak\u00e9nt ezt emelhetj\u00fck ki, hogy \u00e9let\u00e9nek minden mozzanata az \u00dar J\u00e9zusra mutat. Keresztel\u0151 J\u00e1nos sz\u00fclet\u00e9s\u00e9nek h\u00edr\u00e9re \u00f6sszegy\u0171ltek a rokonok, szomsz\u00e9dok. Az \u0151 \u00fcnnep\u00e9n hasonl\u00f3k\u00e9ppen gy\u0171l\u00fcnk \u00f6ssze mi is a szentmis\u00e9re, hogy tanuljunk t\u0151le.<\/p>\n<p>Nagyon sz\u00e9pen alkalmazhat\u00f3 r\u00e1 Izai\u00e1s pr\u00f3f\u00e9ta szava, az \u00d3sz\u00f6vets\u00e9gi olvasm\u00e1nyb\u00f3l, amelyet a pr\u00f3f\u00e9tai hivat\u00e1sr\u00f3l mond: \u201eAz \u00dar h\u00edvott meg, miel\u0151tt m\u00e9g megsz\u00fclettem; any\u00e1m m\u00e9h\u00e9t\u0151l fogva eml\u00e9kezet\u00e9ben \u00e9l nevem\u2026 A nemzetek vil\u00e1goss\u00e1g\u00e1v\u00e1 teszlek, hogy \u00fcdv\u00f6ss\u00e9gem eljusson a f\u00f6ld hat\u00e1r\u00e1ig.\u201d<\/p>\n<p>Mindezek olyan pr\u00f3f\u00e9tai szavak, amelyek Keresztel\u0151 J\u00e1nosban beteljesedtek.<\/p>\n<p>Amikor megsz\u00fcletett, a rokonok azt k\u00e9rdezt\u00e9k: \u201emi lesz ebb\u0151l a gyermekb\u0151l? Hiszen nyilv\u00e1nval\u00f3an az \u00dar van vele.\u201d Mi m\u00e1r abban a szerencs\u00e9s helyzetben vagyunk, hogy tudjuk mi lett bel\u0151le. Az \u00dar J\u00e9zus azt mondta r\u00f3la, hogy: \u201eaz asszonyok sz\u00fcl\u00f6ttei k\u00f6z\u00f6tt nem sz\u00fcletett nagyobb Keresztel\u0151 J\u00e1nosn\u00e1l.\u201d \u201eN\u00f6vekedett, l\u00e9lekben er\u0151s\u00f6d\u00f6tt \u00e9s mindaddig a puszt\u00e1ban \u00e9lt, am\u00edg Izrael el\u0151tt nyilv\u00e1nosan fel nem l\u00e9pett.\u201d Nyilv\u00e1nos fell\u00e9p\u00e9s\u00e9ben a legfontosabb cselekedete a b\u0171nb\u00e1nat hirdet\u00e9se volt. Ennek legszebb megnyilv\u00e1nul\u00e1sa pedig, amikor r\u00e1mutatott az \u00dar J\u00e9zusra: \u00cdme az Isten B\u00e1r\u00e1nya. \u00cdme aki elveszi a vil\u00e1g b\u0171neit. \u0150t hallgass\u00e1tok.\u201d Nincs enn\u00e9l szebb \u00e9s fontosabb feladat, mint m\u00e1sokat \u00f6nzetlen\u00fcl Krisztushoz vezetni.<\/p>\n<p>Val\u00f3j\u00e1ban a kereszt\u00e9ny ember hivat\u00e1sa \u00e9s feladata hasonl\u00f3 ahhoz, amit Keresztel\u0151 J\u00e1nost tett. Minden megkeresztelt embernek feladata r\u00e1mutatni az \u00dar J\u00e9zusra.<\/p>\n<p>Az t\u00e9ny, hogy a kereszt\u00e9ny \u00e9let n\u00e9ha Keresztel\u0151 J\u00e1nos puszt\u00e1j\u00e1hoz hasonl\u00edt. Ugyanis kevesen vesznek err\u0151l tudom\u00e1st. Kevesekhez jut el a s\u00fcrget\u0151 felsz\u00f3l\u00edt\u00e1s, hogy Isten orsz\u00e1g\u00e1nak \u00e9p\u00edt\u00e9s\u00e9ben minden megkeresztelt emberre sz\u00fcks\u00e9g van. Ugyanakkor sok elhangzott buzd\u00edt\u00e1s, tan\u00edt\u00e1s puszt\u00e1ban ki\u00e1ltott sz\u00f3 lesz, mert nehezen tal\u00e1l term\u00e9keny talajra a r\u00e1nk b\u00edzottak lelk\u00e9ben. M\u00e9gsem adhatjuk fel a k\u00fczdelmet. Neh\u00e9zs\u00e9gek \u00e1r\u00e1n is ki kell tartanunk a kereszt\u00e9ny \u00e9lethivat\u00e1sban. Szavainkon, de m\u00e9g ink\u00e1bb cselekedeteinken, d\u00f6nt\u00e9seinkben el\u0151bb ut\u00f3bb megl\u00e1tszik, nyilv\u00e1nval\u00f3v\u00e1 lesz, hogy csak a nev\u00fcnkben vagyunk-e kereszt\u00e9nyek, vagy val\u00f3ban J\u00e9zushoz tartozunk \u00e9s minden mozdulatunk r\u00e1 mutat.<\/p>\n<p>A mai \u00e9let k\u00f6r\u00fclm\u00e9nyei k\u00f6z\u00f6tt is sz\u00fcks\u00e9g van a Keresztel\u0151 J\u00e1nos\u00e9hoz hasonl\u00f3 hivat\u00e1sb\u00f3l fakad\u00f3 magatart\u00e1sra. Sz\u00fcks\u00e9g van arra, hogy \u00fagy mutassunk r\u00e1 Krisztusra, mint az \u00e9let\u00fcnk \u00e9rtelm\u00e9re, azt az \u00fczenetet k\u00f6zvet\u00edtve, hogy: \u00edme \u0150t hallgass\u00e1tok, mert neki sz\u00e1munkra is van mondanival\u00f3ja, van \u00fatmutat\u00e1sa, csak arra van sz\u00fcks\u00e9g, hogy mindez hall\u00f3 f\u00fclekre \u00e9s befogad\u00f3 sz\u00edvekre tal\u00e1ljon.<\/p>\n<p><strong>IM\u00c1DS\u00c1G SZENT L\u00c1SZL\u00d3 KIR\u00c1LYHOZ<\/strong><\/p>\n<p>\u00dcnnepe: j\u00fanius 27.<\/p>\n<p>\u00dcdv\u00f6z l\u00e9gy, j\u00f3s\u00e1gos kir\u00e1ly, minden dics\u00e9retre m\u00e9lt\u00f3 Szent L\u00e1szl\u00f3! Dics\u0151s\u00e9g\u00fcnk vagy, kegyes \u00e9s hatalmas p\u00e1rtfog\u00f3nk, j\u00f3s\u00e1gos v\u00e9delmez\u0151nk! L\u00e1szl\u00f3, az \u00darnak hitvall\u00f3ja, tedd er\u0151ss\u00e9 n\u00e9pedet k\u00f6zbenj\u00e1r\u00e1soddal, hogy boldogs\u00e1godnak kegyelme megenyh\u00edtsen minket, akiket a b\u0171n\u00f6k s\u00falya nyom, \u00e9s \u00edgy a te vez\u00e9rleted alatt az \u00f6r\u00f6k jutalmat elnyerhess\u00fck. Szent L\u00e1szl\u00f3 kir\u00e1ly, n\u00e9pednek szil\u00e1rd rem\u00e9nys\u00e9ge, tekints a t\u00e9ged keres\u0151 nemzet \u00e1h\u00edtat\u00e1ra \u00e9s j\u00e1rj k\u00f6zben \u00e9rt\u00fcnk, mindny\u00e1junk \u00fcdv\u00f6ss\u00e9g\u00e9re.<\/p>\n<p><strong>SZENT P\u00c9TER \u00c9S SZENT P\u00c1L APOSTOLOK<\/strong><\/p>\n<p>J\u00fanius 29.<\/p>\n<p>Mindketten a kegyetlen N\u00e9r\u00f3 cs\u00e1sz\u00e1r idej\u00e9n szenvedtek v\u00e9rtan\u00fas\u00e1got 64\u201367 k\u00f6r\u00fcl. J\u00e9zus v\u00e1lasztotta ki \u0151ket \u00e9s foglalta le a szolg\u00e1latra. V\u00e9rtan\u00fas\u00e1guk volt a bizony\u00edt\u00e9k arra, hogy hivat\u00e1sukat komolyan vett\u00e9k. Nemcsak sz\u00f3val hirdett\u00e9k Krisztust, hanem v\u00e9r\u00fck hull\u00e1s\u00e1val is az igazolt\u00e1k, hogy \u201eha a b\u00fazaszem nem hull a f\u00f6ldbe, \u00e9s el nem hal, egymaga marad, de ha elhal, sok term\u00e9st hoz.\u201d (Jn 12, 24)<\/p>\n<p>&nbsp;<\/p>\n","protected":false},"excerpt":{"rendered":"<p>2018. J\u00daNIUS 24. KERESZTEL\u0150 SZENT J\u00c1NOS SZ\u00dcLET\u00c9SE Ma \u00fcnnepelj\u00fck ezt a sz\u00e9p napot. A legszentebb Istenanya ut\u00e1n mindj\u00e1rt Keresztel\u0151 Szent J\u00e1nos\u00e9 az els\u0151 hely a vil\u00e1g megv\u00e1lt\u00e1s\u00e1nak t\u00f6rt\u00e9net\u00e9ben. Az \u0151 nagys\u00e1ga az Istenember visszavert f\u00e9nye, mert k\u00f6zvetlen\u00fcl el\u0151tte j\u00e1rt, \u00e9s az utat k\u00e9sz\u00edtette sz\u00e1m\u00e1ra. Sz\u00fclet\u00e9s\u00e9t angyal hirdette, \u00e9s Krisztus m\u00e1r anyja m\u00e9h\u00e9ben megszentelte J\u00e1nost \u00e1ldott l\u00e1togat\u00e1s\u00e1val. B\u0171nb\u00e1natot hirdet, s az a m\u00e9lt\u00f3s\u00e1g \u00e9ri, hogy \u0151 mutatja be Krisztust a vil\u00e1gnak: \u00cdme, az Isten B\u00e1r\u00e1nya! M\u00edg a t\u00f6bbi szentnek csak hal\u00e1la (vagyis mennyei sz\u00fclet\u00e9se) napj\u00e1t \u00fcnnepelj\u00fck, J\u00e1nosnak f\u00f6ldi sz\u00fclet\u00e9snapj\u00e1t is teljes liturgikus f\u00e9nnyel \u00fclj\u00fck, \u00e9pp\u00fagy, mint a Megv\u00e1lt\u00f3\u00e9t \u00e9s M\u00e1ri\u00e1\u00e9t. \u00dcnnep\u00e9n sokfel\u00e9 t\u00fczet gy\u00fajtanak, minthogy maga Krisztus mondta r\u00f3la: J\u00e1nos vil\u00e1g\u00edt\u00f3 f\u00e1klya volt. Olvasm\u00e1ny: Iz 49, 1-6 V\u00e1laszos zsolt\u00e1r: 138, 1\u20133. 13\u201314b. 14c\u201315 V\u00e1lasz: H\u00e1l\u00e1t adok neked, * hogy oly csod\u00e1san Alkott\u00e1l! Szentlecke: ApCsel 13, 22\u2013 26 Evang\u00e9lium: Lk 1, 53\u201366. 80 KERESZTEL\u0150 SZENT J\u00c1NOS Amikor egy szentet \u00fcnnepl\u00fcnk, a hal\u00e1la napj\u00e1r\u00f3l szoktunk megeml\u00e9kezni. Ugyanis a hal\u00e1l napja, az illet\u0151 szent megdics\u0151\u00fcl\u00e9s\u00e9nek az \u00fcnnepe, a mennyorsz\u00e1gi \u00f6r\u00f6k \u00e9let kezdete. Keresztel\u0151 J\u00e1nossal kiv\u00e9telt tesz az Egyh\u00e1z. Az \u0151 nagys\u00e1g\u00e1t az is kiemeli, hogy nem csak a v\u00e9rtan\u00fas\u00e1ga napj\u00e1t, hanem a sz\u00fclet\u00e9s\u00e9t is meg\u00fcnnepelj\u00fck. A szentek \u00e9let\u00e9r\u0151l k\u00f6nyveket szoktak \u00edrni, t\u00f6rt\u00e9neteket, legend\u00e1kat mes\u00e9lnek el. Keresztel\u0151 J\u00e1nosr\u00f3l a K\u00f6nyvek K\u00f6nyve, a Szent\u00edr\u00e1s eml\u00e9kezik meg, \u00e9s az \u00dar J\u00e9zus el\u0151fut\u00e1rak\u00e9nt mutatja be. Legf\u0151bb jellemvon\u00e1sak\u00e9nt ezt emelhetj\u00fck ki, hogy \u00e9let\u00e9nek minden mozzanata az \u00dar J\u00e9zusra mutat. Keresztel\u0151 J\u00e1nos sz\u00fclet\u00e9s\u00e9nek h\u00edr\u00e9re \u00f6sszegy\u0171ltek a rokonok, szomsz\u00e9dok. Az \u0151 \u00fcnnep\u00e9n hasonl\u00f3k\u00e9ppen gy\u0171l\u00fcnk \u00f6ssze mi is a szentmis\u00e9re, hogy tanuljunk t\u0151le. Nagyon sz\u00e9pen alkalmazhat\u00f3 r\u00e1 Izai\u00e1s pr\u00f3f\u00e9ta szava, az \u00d3sz\u00f6vets\u00e9gi olvasm\u00e1nyb\u00f3l, amelyet a pr\u00f3f\u00e9tai hivat\u00e1sr\u00f3l mond: \u201eAz \u00dar h\u00edvott meg, miel\u0151tt m\u00e9g megsz\u00fclettem; any\u00e1m m\u00e9h\u00e9t\u0151l fogva eml\u00e9kezet\u00e9ben \u00e9l nevem\u2026 A nemzetek vil\u00e1goss\u00e1g\u00e1v\u00e1 teszlek, hogy \u00fcdv\u00f6ss\u00e9gem eljusson a f\u00f6ld hat\u00e1r\u00e1ig.\u201d Mindezek olyan pr\u00f3f\u00e9tai szavak, amelyek Keresztel\u0151 J\u00e1nosban beteljesedtek. Amikor megsz\u00fcletett, a&#8230; <\/p>\n<p><a class=\"readmore\" href=\"https:\/\/stuttgarti-katolikusok.de\/index.php\/keresztelo-szent-janos-szuletese\/\">R\u00e9szletek<\/a><\/p>\n","protected":false},"author":3,"featured_media":0,"comment_status":"closed","ping_status":"closed","sticky":false,"template":"","format":"standard","meta":{"footnotes":""},"categories":[63],"tags":[],"class_list":["post-14778","post","type-post","status-publish","format-standard","hentry","category-vasarnapi-gondolatok"],"yoast_head":"<!-- This site is optimized with the Yoast SEO plugin v27.3 - https:\/\/yoast.com\/product\/yoast-seo-wordpress\/ -->\n<title>Keresztel\u0151 Szent J\u00e1nos sz\u00fclet\u00e9se - Stuttgarti Katolikusok<\/title>\n<meta name=\"robots\" content=\"index, follow, max-snippet:-1, max-image-preview:large, max-video-preview:-1\" \/>\n<link rel=\"canonical\" href=\"https:\/\/stuttgarti-katolikusok.de\/index.php\/keresztelo-szent-janos-szuletese\/\" \/>\n<meta property=\"og:locale\" content=\"hu_HU\" \/>\n<meta property=\"og:type\" content=\"article\" \/>\n<meta property=\"og:title\" content=\"Keresztel\u0151 Szent J\u00e1nos sz\u00fclet\u00e9se - Stuttgarti Katolikusok\" \/>\n<meta property=\"og:description\" content=\"2018. J\u00daNIUS 24. KERESZTEL\u0150 SZENT J\u00c1NOS SZ\u00dcLET\u00c9SE Ma \u00fcnnepelj\u00fck ezt a sz\u00e9p napot. A legszentebb Istenanya ut\u00e1n mindj\u00e1rt Keresztel\u0151 Szent J\u00e1nos\u00e9 az els\u0151 hely a vil\u00e1g megv\u00e1lt\u00e1s\u00e1nak t\u00f6rt\u00e9net\u00e9ben. Az \u0151 nagys\u00e1ga az Istenember visszavert f\u00e9nye, mert k\u00f6zvetlen\u00fcl el\u0151tte j\u00e1rt, \u00e9s az utat k\u00e9sz\u00edtette sz\u00e1m\u00e1ra. Sz\u00fclet\u00e9s\u00e9t angyal hirdette, \u00e9s Krisztus m\u00e1r anyja m\u00e9h\u00e9ben megszentelte J\u00e1nost \u00e1ldott l\u00e1togat\u00e1s\u00e1val. B\u0171nb\u00e1natot hirdet, s az a m\u00e9lt\u00f3s\u00e1g \u00e9ri, hogy \u0151 mutatja be Krisztust a vil\u00e1gnak: \u00cdme, az Isten B\u00e1r\u00e1nya! M\u00edg a t\u00f6bbi szentnek csak hal\u00e1la (vagyis mennyei sz\u00fclet\u00e9se) napj\u00e1t \u00fcnnepelj\u00fck, J\u00e1nosnak f\u00f6ldi sz\u00fclet\u00e9snapj\u00e1t is teljes liturgikus f\u00e9nnyel \u00fclj\u00fck, \u00e9pp\u00fagy, mint a Megv\u00e1lt\u00f3\u00e9t \u00e9s M\u00e1ri\u00e1\u00e9t. \u00dcnnep\u00e9n sokfel\u00e9 t\u00fczet gy\u00fajtanak, minthogy maga Krisztus mondta r\u00f3la: J\u00e1nos vil\u00e1g\u00edt\u00f3 f\u00e1klya volt. Olvasm\u00e1ny: Iz 49, 1-6 V\u00e1laszos zsolt\u00e1r: 138, 1\u20133. 13\u201314b. 14c\u201315 V\u00e1lasz: H\u00e1l\u00e1t adok neked, * hogy oly csod\u00e1san Alkott\u00e1l! Szentlecke: ApCsel 13, 22\u2013 26 Evang\u00e9lium: Lk 1, 53\u201366. 80 KERESZTEL\u0150 SZENT J\u00c1NOS Amikor egy szentet \u00fcnnepl\u00fcnk, a hal\u00e1la napj\u00e1r\u00f3l szoktunk megeml\u00e9kezni. Ugyanis a hal\u00e1l napja, az illet\u0151 szent megdics\u0151\u00fcl\u00e9s\u00e9nek az \u00fcnnepe, a mennyorsz\u00e1gi \u00f6r\u00f6k \u00e9let kezdete. Keresztel\u0151 J\u00e1nossal kiv\u00e9telt tesz az Egyh\u00e1z. Az \u0151 nagys\u00e1g\u00e1t az is kiemeli, hogy nem csak a v\u00e9rtan\u00fas\u00e1ga napj\u00e1t, hanem a sz\u00fclet\u00e9s\u00e9t is meg\u00fcnnepelj\u00fck. A szentek \u00e9let\u00e9r\u0151l k\u00f6nyveket szoktak \u00edrni, t\u00f6rt\u00e9neteket, legend\u00e1kat mes\u00e9lnek el. Keresztel\u0151 J\u00e1nosr\u00f3l a K\u00f6nyvek K\u00f6nyve, a Szent\u00edr\u00e1s eml\u00e9kezik meg, \u00e9s az \u00dar J\u00e9zus el\u0151fut\u00e1rak\u00e9nt mutatja be. Legf\u0151bb jellemvon\u00e1sak\u00e9nt ezt emelhetj\u00fck ki, hogy \u00e9let\u00e9nek minden mozzanata az \u00dar J\u00e9zusra mutat. Keresztel\u0151 J\u00e1nos sz\u00fclet\u00e9s\u00e9nek h\u00edr\u00e9re \u00f6sszegy\u0171ltek a rokonok, szomsz\u00e9dok. Az \u0151 \u00fcnnep\u00e9n hasonl\u00f3k\u00e9ppen gy\u0171l\u00fcnk \u00f6ssze mi is a szentmis\u00e9re, hogy tanuljunk t\u0151le. Nagyon sz\u00e9pen alkalmazhat\u00f3 r\u00e1 Izai\u00e1s pr\u00f3f\u00e9ta szava, az \u00d3sz\u00f6vets\u00e9gi olvasm\u00e1nyb\u00f3l, amelyet a pr\u00f3f\u00e9tai hivat\u00e1sr\u00f3l mond: \u201eAz \u00dar h\u00edvott meg, miel\u0151tt m\u00e9g megsz\u00fclettem; any\u00e1m m\u00e9h\u00e9t\u0151l fogva eml\u00e9kezet\u00e9ben \u00e9l nevem\u2026 A nemzetek vil\u00e1goss\u00e1g\u00e1v\u00e1 teszlek, hogy \u00fcdv\u00f6ss\u00e9gem eljusson a f\u00f6ld hat\u00e1r\u00e1ig.\u201d Mindezek olyan pr\u00f3f\u00e9tai szavak, amelyek Keresztel\u0151 J\u00e1nosban beteljesedtek. Amikor megsz\u00fcletett, a... R\u00e9szletek\" \/>\n<meta property=\"og:url\" content=\"https:\/\/stuttgarti-katolikusok.de\/index.php\/keresztelo-szent-janos-szuletese\/\" \/>\n<meta property=\"og:site_name\" content=\"Stuttgarti Katolikusok\" \/>\n<meta property=\"article:published_time\" content=\"2018-06-22T05:20:15+00:00\" \/>\n<meta property=\"article:modified_time\" content=\"2018-06-22T21:07:48+00:00\" \/>\n<meta name=\"author\" content=\"Tibor atya\" \/>\n<meta name=\"twitter:card\" content=\"summary_large_image\" \/>\n<meta name=\"twitter:label1\" content=\"Szerz\u0151:\" \/>\n\t<meta name=\"twitter:data1\" content=\"Tibor atya\" \/>\n\t<meta name=\"twitter:label2\" content=\"Becs\u00fclt olvas\u00e1si id\u0151\" \/>\n\t<meta name=\"twitter:data2\" content=\"5 perc\" \/>\n<script type=\"application\/ld+json\" class=\"yoast-schema-graph\">{\"@context\":\"https:\\\/\\\/schema.org\",\"@graph\":[{\"@type\":\"Article\",\"@id\":\"https:\\\/\\\/stuttgarti-katolikusok.de\\\/index.php\\\/keresztelo-szent-janos-szuletese\\\/#article\",\"isPartOf\":{\"@id\":\"https:\\\/\\\/stuttgarti-katolikusok.de\\\/index.php\\\/keresztelo-szent-janos-szuletese\\\/\"},\"author\":{\"name\":\"Tibor atya\",\"@id\":\"https:\\\/\\\/stuttgarti-katolikusok.de\\\/#\\\/schema\\\/person\\\/75908d6f8fdc03a57889d27209df7795\"},\"headline\":\"Keresztel\u0151 Szent J\u00e1nos sz\u00fclet\u00e9se\",\"datePublished\":\"2018-06-22T05:20:15+00:00\",\"dateModified\":\"2018-06-22T21:07:48+00:00\",\"mainEntityOfPage\":{\"@id\":\"https:\\\/\\\/stuttgarti-katolikusok.de\\\/index.php\\\/keresztelo-szent-janos-szuletese\\\/\"},\"wordCount\":1085,\"articleSection\":[\"Vas\u00e1rnapi gondolatok\"],\"inLanguage\":\"hu\"},{\"@type\":\"WebPage\",\"@id\":\"https:\\\/\\\/stuttgarti-katolikusok.de\\\/index.php\\\/keresztelo-szent-janos-szuletese\\\/\",\"url\":\"https:\\\/\\\/stuttgarti-katolikusok.de\\\/index.php\\\/keresztelo-szent-janos-szuletese\\\/\",\"name\":\"Keresztel\u0151 Szent J\u00e1nos sz\u00fclet\u00e9se - Stuttgarti Katolikusok\",\"isPartOf\":{\"@id\":\"https:\\\/\\\/stuttgarti-katolikusok.de\\\/#website\"},\"datePublished\":\"2018-06-22T05:20:15+00:00\",\"dateModified\":\"2018-06-22T21:07:48+00:00\",\"author\":{\"@id\":\"https:\\\/\\\/stuttgarti-katolikusok.de\\\/#\\\/schema\\\/person\\\/75908d6f8fdc03a57889d27209df7795\"},\"breadcrumb\":{\"@id\":\"https:\\\/\\\/stuttgarti-katolikusok.de\\\/index.php\\\/keresztelo-szent-janos-szuletese\\\/#breadcrumb\"},\"inLanguage\":\"hu\",\"potentialAction\":[{\"@type\":\"ReadAction\",\"target\":[\"https:\\\/\\\/stuttgarti-katolikusok.de\\\/index.php\\\/keresztelo-szent-janos-szuletese\\\/\"]}]},{\"@type\":\"BreadcrumbList\",\"@id\":\"https:\\\/\\\/stuttgarti-katolikusok.de\\\/index.php\\\/keresztelo-szent-janos-szuletese\\\/#breadcrumb\",\"itemListElement\":[{\"@type\":\"ListItem\",\"position\":1,\"name\":\"Kezd\u0151lap\",\"item\":\"https:\\\/\\\/stuttgarti-katolikusok.de\\\/\"},{\"@type\":\"ListItem\",\"position\":2,\"name\":\"Keresztel\u0151 Szent J\u00e1nos sz\u00fclet\u00e9se\"}]},{\"@type\":\"WebSite\",\"@id\":\"https:\\\/\\\/stuttgarti-katolikusok.de\\\/#website\",\"url\":\"https:\\\/\\\/stuttgarti-katolikusok.de\\\/\",\"name\":\"Stuttgarti Katolikusok\",\"description\":\"\",\"potentialAction\":[{\"@type\":\"SearchAction\",\"target\":{\"@type\":\"EntryPoint\",\"urlTemplate\":\"https:\\\/\\\/stuttgarti-katolikusok.de\\\/?s={search_term_string}\"},\"query-input\":{\"@type\":\"PropertyValueSpecification\",\"valueRequired\":true,\"valueName\":\"search_term_string\"}}],\"inLanguage\":\"hu\"},{\"@type\":\"Person\",\"@id\":\"https:\\\/\\\/stuttgarti-katolikusok.de\\\/#\\\/schema\\\/person\\\/75908d6f8fdc03a57889d27209df7795\",\"name\":\"Tibor atya\",\"image\":{\"@type\":\"ImageObject\",\"inLanguage\":\"hu\",\"@id\":\"https:\\\/\\\/secure.gravatar.com\\\/avatar\\\/61d268e57d1f4525b111222e29d2d5a7f8c420fdbf231ba5566a8ceac74fa960?s=96&d=mm&r=g\",\"url\":\"https:\\\/\\\/secure.gravatar.com\\\/avatar\\\/61d268e57d1f4525b111222e29d2d5a7f8c420fdbf231ba5566a8ceac74fa960?s=96&d=mm&r=g\",\"contentUrl\":\"https:\\\/\\\/secure.gravatar.com\\\/avatar\\\/61d268e57d1f4525b111222e29d2d5a7f8c420fdbf231ba5566a8ceac74fa960?s=96&d=mm&r=g\",\"caption\":\"Tibor atya\"},\"url\":\"https:\\\/\\\/stuttgarti-katolikusok.de\\\/index.php\\\/author\\\/tibor-atya\\\/\"}]}<\/script>\n<!-- \/ Yoast SEO plugin. -->","yoast_head_json":{"title":"Keresztel\u0151 Szent J\u00e1nos sz\u00fclet\u00e9se - Stuttgarti Katolikusok","robots":{"index":"index","follow":"follow","max-snippet":"max-snippet:-1","max-image-preview":"max-image-preview:large","max-video-preview":"max-video-preview:-1"},"canonical":"https:\/\/stuttgarti-katolikusok.de\/index.php\/keresztelo-szent-janos-szuletese\/","og_locale":"hu_HU","og_type":"article","og_title":"Keresztel\u0151 Szent J\u00e1nos sz\u00fclet\u00e9se - Stuttgarti Katolikusok","og_description":"2018. J\u00daNIUS 24. KERESZTEL\u0150 SZENT J\u00c1NOS SZ\u00dcLET\u00c9SE Ma \u00fcnnepelj\u00fck ezt a sz\u00e9p napot. A legszentebb Istenanya ut\u00e1n mindj\u00e1rt Keresztel\u0151 Szent J\u00e1nos\u00e9 az els\u0151 hely a vil\u00e1g megv\u00e1lt\u00e1s\u00e1nak t\u00f6rt\u00e9net\u00e9ben. Az \u0151 nagys\u00e1ga az Istenember visszavert f\u00e9nye, mert k\u00f6zvetlen\u00fcl el\u0151tte j\u00e1rt, \u00e9s az utat k\u00e9sz\u00edtette sz\u00e1m\u00e1ra. Sz\u00fclet\u00e9s\u00e9t angyal hirdette, \u00e9s Krisztus m\u00e1r anyja m\u00e9h\u00e9ben megszentelte J\u00e1nost \u00e1ldott l\u00e1togat\u00e1s\u00e1val. B\u0171nb\u00e1natot hirdet, s az a m\u00e9lt\u00f3s\u00e1g \u00e9ri, hogy \u0151 mutatja be Krisztust a vil\u00e1gnak: \u00cdme, az Isten B\u00e1r\u00e1nya! M\u00edg a t\u00f6bbi szentnek csak hal\u00e1la (vagyis mennyei sz\u00fclet\u00e9se) napj\u00e1t \u00fcnnepelj\u00fck, J\u00e1nosnak f\u00f6ldi sz\u00fclet\u00e9snapj\u00e1t is teljes liturgikus f\u00e9nnyel \u00fclj\u00fck, \u00e9pp\u00fagy, mint a Megv\u00e1lt\u00f3\u00e9t \u00e9s M\u00e1ri\u00e1\u00e9t. \u00dcnnep\u00e9n sokfel\u00e9 t\u00fczet gy\u00fajtanak, minthogy maga Krisztus mondta r\u00f3la: J\u00e1nos vil\u00e1g\u00edt\u00f3 f\u00e1klya volt. Olvasm\u00e1ny: Iz 49, 1-6 V\u00e1laszos zsolt\u00e1r: 138, 1\u20133. 13\u201314b. 14c\u201315 V\u00e1lasz: H\u00e1l\u00e1t adok neked, * hogy oly csod\u00e1san Alkott\u00e1l! Szentlecke: ApCsel 13, 22\u2013 26 Evang\u00e9lium: Lk 1, 53\u201366. 80 KERESZTEL\u0150 SZENT J\u00c1NOS Amikor egy szentet \u00fcnnepl\u00fcnk, a hal\u00e1la napj\u00e1r\u00f3l szoktunk megeml\u00e9kezni. Ugyanis a hal\u00e1l napja, az illet\u0151 szent megdics\u0151\u00fcl\u00e9s\u00e9nek az \u00fcnnepe, a mennyorsz\u00e1gi \u00f6r\u00f6k \u00e9let kezdete. Keresztel\u0151 J\u00e1nossal kiv\u00e9telt tesz az Egyh\u00e1z. Az \u0151 nagys\u00e1g\u00e1t az is kiemeli, hogy nem csak a v\u00e9rtan\u00fas\u00e1ga napj\u00e1t, hanem a sz\u00fclet\u00e9s\u00e9t is meg\u00fcnnepelj\u00fck. A szentek \u00e9let\u00e9r\u0151l k\u00f6nyveket szoktak \u00edrni, t\u00f6rt\u00e9neteket, legend\u00e1kat mes\u00e9lnek el. Keresztel\u0151 J\u00e1nosr\u00f3l a K\u00f6nyvek K\u00f6nyve, a Szent\u00edr\u00e1s eml\u00e9kezik meg, \u00e9s az \u00dar J\u00e9zus el\u0151fut\u00e1rak\u00e9nt mutatja be. Legf\u0151bb jellemvon\u00e1sak\u00e9nt ezt emelhetj\u00fck ki, hogy \u00e9let\u00e9nek minden mozzanata az \u00dar J\u00e9zusra mutat. Keresztel\u0151 J\u00e1nos sz\u00fclet\u00e9s\u00e9nek h\u00edr\u00e9re \u00f6sszegy\u0171ltek a rokonok, szomsz\u00e9dok. Az \u0151 \u00fcnnep\u00e9n hasonl\u00f3k\u00e9ppen gy\u0171l\u00fcnk \u00f6ssze mi is a szentmis\u00e9re, hogy tanuljunk t\u0151le. Nagyon sz\u00e9pen alkalmazhat\u00f3 r\u00e1 Izai\u00e1s pr\u00f3f\u00e9ta szava, az \u00d3sz\u00f6vets\u00e9gi olvasm\u00e1nyb\u00f3l, amelyet a pr\u00f3f\u00e9tai hivat\u00e1sr\u00f3l mond: \u201eAz \u00dar h\u00edvott meg, miel\u0151tt m\u00e9g megsz\u00fclettem; any\u00e1m m\u00e9h\u00e9t\u0151l fogva eml\u00e9kezet\u00e9ben \u00e9l nevem\u2026 A nemzetek vil\u00e1goss\u00e1g\u00e1v\u00e1 teszlek, hogy \u00fcdv\u00f6ss\u00e9gem eljusson a f\u00f6ld hat\u00e1r\u00e1ig.\u201d Mindezek olyan pr\u00f3f\u00e9tai szavak, amelyek Keresztel\u0151 J\u00e1nosban beteljesedtek. Amikor megsz\u00fcletett, a... R\u00e9szletek","og_url":"https:\/\/stuttgarti-katolikusok.de\/index.php\/keresztelo-szent-janos-szuletese\/","og_site_name":"Stuttgarti Katolikusok","article_published_time":"2018-06-22T05:20:15+00:00","article_modified_time":"2018-06-22T21:07:48+00:00","author":"Tibor atya","twitter_card":"summary_large_image","twitter_misc":{"Szerz\u0151:":"Tibor atya","Becs\u00fclt olvas\u00e1si id\u0151":"5 perc"},"schema":{"@context":"https:\/\/schema.org","@graph":[{"@type":"Article","@id":"https:\/\/stuttgarti-katolikusok.de\/index.php\/keresztelo-szent-janos-szuletese\/#article","isPartOf":{"@id":"https:\/\/stuttgarti-katolikusok.de\/index.php\/keresztelo-szent-janos-szuletese\/"},"author":{"name":"Tibor atya","@id":"https:\/\/stuttgarti-katolikusok.de\/#\/schema\/person\/75908d6f8fdc03a57889d27209df7795"},"headline":"Keresztel\u0151 Szent J\u00e1nos sz\u00fclet\u00e9se","datePublished":"2018-06-22T05:20:15+00:00","dateModified":"2018-06-22T21:07:48+00:00","mainEntityOfPage":{"@id":"https:\/\/stuttgarti-katolikusok.de\/index.php\/keresztelo-szent-janos-szuletese\/"},"wordCount":1085,"articleSection":["Vas\u00e1rnapi gondolatok"],"inLanguage":"hu"},{"@type":"WebPage","@id":"https:\/\/stuttgarti-katolikusok.de\/index.php\/keresztelo-szent-janos-szuletese\/","url":"https:\/\/stuttgarti-katolikusok.de\/index.php\/keresztelo-szent-janos-szuletese\/","name":"Keresztel\u0151 Szent J\u00e1nos sz\u00fclet\u00e9se - Stuttgarti Katolikusok","isPartOf":{"@id":"https:\/\/stuttgarti-katolikusok.de\/#website"},"datePublished":"2018-06-22T05:20:15+00:00","dateModified":"2018-06-22T21:07:48+00:00","author":{"@id":"https:\/\/stuttgarti-katolikusok.de\/#\/schema\/person\/75908d6f8fdc03a57889d27209df7795"},"breadcrumb":{"@id":"https:\/\/stuttgarti-katolikusok.de\/index.php\/keresztelo-szent-janos-szuletese\/#breadcrumb"},"inLanguage":"hu","potentialAction":[{"@type":"ReadAction","target":["https:\/\/stuttgarti-katolikusok.de\/index.php\/keresztelo-szent-janos-szuletese\/"]}]},{"@type":"BreadcrumbList","@id":"https:\/\/stuttgarti-katolikusok.de\/index.php\/keresztelo-szent-janos-szuletese\/#breadcrumb","itemListElement":[{"@type":"ListItem","position":1,"name":"Kezd\u0151lap","item":"https:\/\/stuttgarti-katolikusok.de\/"},{"@type":"ListItem","position":2,"name":"Keresztel\u0151 Szent J\u00e1nos sz\u00fclet\u00e9se"}]},{"@type":"WebSite","@id":"https:\/\/stuttgarti-katolikusok.de\/#website","url":"https:\/\/stuttgarti-katolikusok.de\/","name":"Stuttgarti Katolikusok","description":"","potentialAction":[{"@type":"SearchAction","target":{"@type":"EntryPoint","urlTemplate":"https:\/\/stuttgarti-katolikusok.de\/?s={search_term_string}"},"query-input":{"@type":"PropertyValueSpecification","valueRequired":true,"valueName":"search_term_string"}}],"inLanguage":"hu"},{"@type":"Person","@id":"https:\/\/stuttgarti-katolikusok.de\/#\/schema\/person\/75908d6f8fdc03a57889d27209df7795","name":"Tibor atya","image":{"@type":"ImageObject","inLanguage":"hu","@id":"https:\/\/secure.gravatar.com\/avatar\/61d268e57d1f4525b111222e29d2d5a7f8c420fdbf231ba5566a8ceac74fa960?s=96&d=mm&r=g","url":"https:\/\/secure.gravatar.com\/avatar\/61d268e57d1f4525b111222e29d2d5a7f8c420fdbf231ba5566a8ceac74fa960?s=96&d=mm&r=g","contentUrl":"https:\/\/secure.gravatar.com\/avatar\/61d268e57d1f4525b111222e29d2d5a7f8c420fdbf231ba5566a8ceac74fa960?s=96&d=mm&r=g","caption":"Tibor atya"},"url":"https:\/\/stuttgarti-katolikusok.de\/index.php\/author\/tibor-atya\/"}]}},"_links":{"self":[{"href":"https:\/\/stuttgarti-katolikusok.de\/index.php\/wp-json\/wp\/v2\/posts\/14778","targetHints":{"allow":["GET"]}}],"collection":[{"href":"https:\/\/stuttgarti-katolikusok.de\/index.php\/wp-json\/wp\/v2\/posts"}],"about":[{"href":"https:\/\/stuttgarti-katolikusok.de\/index.php\/wp-json\/wp\/v2\/types\/post"}],"author":[{"embeddable":true,"href":"https:\/\/stuttgarti-katolikusok.de\/index.php\/wp-json\/wp\/v2\/users\/3"}],"replies":[{"embeddable":true,"href":"https:\/\/stuttgarti-katolikusok.de\/index.php\/wp-json\/wp\/v2\/comments?post=14778"}],"version-history":[{"count":2,"href":"https:\/\/stuttgarti-katolikusok.de\/index.php\/wp-json\/wp\/v2\/posts\/14778\/revisions"}],"predecessor-version":[{"id":14784,"href":"https:\/\/stuttgarti-katolikusok.de\/index.php\/wp-json\/wp\/v2\/posts\/14778\/revisions\/14784"}],"wp:attachment":[{"href":"https:\/\/stuttgarti-katolikusok.de\/index.php\/wp-json\/wp\/v2\/media?parent=14778"}],"wp:term":[{"taxonomy":"category","embeddable":true,"href":"https:\/\/stuttgarti-katolikusok.de\/index.php\/wp-json\/wp\/v2\/categories?post=14778"},{"taxonomy":"post_tag","embeddable":true,"href":"https:\/\/stuttgarti-katolikusok.de\/index.php\/wp-json\/wp\/v2\/tags?post=14778"}],"curies":[{"name":"wp","href":"https:\/\/api.w.org\/{rel}","templated":true}]}}