{"id":14765,"date":"2018-06-18T14:30:51","date_gmt":"2018-06-18T14:30:51","guid":{"rendered":"https:\/\/gracious-dewdney.138-201-221-2.plesk.page\/?p=14765"},"modified":"2020-04-27T16:21:27","modified_gmt":"2020-04-27T16:21:27","slug":"programelozetes-junius-18-es-julius-1-kozott","status":"publish","type":"post","link":"https:\/\/stuttgarti-katolikusok.de\/index.php\/programelozetes-junius-18-es-julius-1-kozott\/","title":{"rendered":"Programel\u0151zetes j\u00fanius 18 \u00e9s szeptember 2 k\u00f6z\u00f6tt"},"content":{"rendered":"<p><strong>Programel\u0151zetes<\/strong><\/p>\n<p><strong>J\u00fanius 22-\u00e9n, <\/strong>p\u00e9nteken,<\/p>\n<p><strong>Stuttgartban<\/strong> 16.00 \u00f3rakor <em>Bar\u00e1ts\u00e1gklub<\/em>. 17.50 \u00f3rakor <em>J\u00e9zus-Sz\u00edve-\u00e1jtatoss\u00e1g, <\/em>majd <em>szentmise. <\/em>19.00 \u00f3rakor <em>Sportklub<\/em>.<\/p>\n<p style=\"text-align: center;\">*<\/p>\n<p><strong>J\u00fanius 23-\u00e1n<\/strong>, szombaton,<\/p>\n<p><strong>Heidenheimban <\/strong>15.30 \u00f3rakor <em>igeistentisztelet. <\/em>Ut\u00e1na <em>\u00e1g\u00e1p\u00e9.<\/em><\/p>\n<p><strong>Biberachban\u00a0 templomb\u00facs\u00fa: <\/strong>\u00c1rp\u00e1dh\u00e1zi Szent Kinga \u00fcnnepe. 16.00 \u00f3rakor <em>szentmise. <\/em>Ut\u00e1na <em>\u00e1g\u00e1p\u00e9<\/em>.<\/p>\n<p><strong>Reutlingenben <\/strong>16.30 \u00f3rakor <em>szentmise. <\/em>Ut\u00e1na <em>\u00e1g\u00e1p\u00e9.<\/em><\/p>\n<p style=\"text-align: center;\">*<\/p>\n<p><strong>J\u00fanius 24-\u00e9n, <\/strong>\u00e9vk\u00f6zi 12. vas\u00e1rnapon,<\/p>\n<p><strong>B\u00f6blingenben templomb\u00facs\u00fa: <\/strong>Scheffler J\u00e1nos \u00e9s Bogd\u00e1nffy Szil\u00e1rd p\u00fcsp\u00f6k\u00f6k \u00e9s v\u00e9rtan\u00fak \u00fcnnepe. 9.30 \u00f3rakor <em>szentmise<\/em>. Ut\u00e1na <em>\u00e1g\u00e1p\u00e9.<\/em><strong> \u00a0\u00a0\u00a0\u00a0\u00a0\u00a0\u00a0\u00a0\u00a0\u00a0\u00a0 <\/strong><\/p>\n<p><strong>Ulmban <\/strong>12.00 \u00f3rakor <em>szentmise<\/em>.<\/p>\n<p><strong>Eislingenben <\/strong>15.00 \u00f3rakor a <em>szentmise. <\/em>Ut\u00e1na <em>\u00e1g\u00e1p\u00e9<\/em>.<\/p>\n<p><strong>Heilbronnban <\/strong>15.30 \u00f3rakor <em>t\u00e1bori szentmise<\/em>. Ut\u00e1na <em>\u00e1g\u00e1p\u00e9<\/em>. T\u00e1j\u00e9koztat\u00e1ssal leg\u00e1tusaink, Kengyel K\u00e1roly \u00e9s K\u00f3bia T\u00fcnde illetve Tam\u00e1s szolg\u00e1lnak.<\/p>\n<p style=\"text-align: center;\">*<\/p>\n<p><strong>J\u00falius 1-j\u00e9n, <\/strong>vas\u00e1rnap,<\/p>\n<p><strong>B\u00e4rensee &#8211; <\/strong>Csal\u00e1di Nap. 9.30 \u00f3rakor <em>t\u00e1bori szentmise<\/em>\u00a0a Gaffenbergen. Ut\u00e1na k\u00f6z\u00f6s eb\u00e9d, j\u00e1t\u00e9k, bar\u00e1ti egy\u00fcttl\u00e9t napestig.<\/p>\n<p style=\"text-align: center;\">*<\/p>\n<p><strong>Szeptember 1-j\u00e9n,<\/strong> szombaton,<\/p>\n<p><strong>Balingenben <\/strong>17.00 \u00f3rakor szentmise, ut\u00e1na \u00e1g\u00e1p\u00e9.<\/p>\n<p>&nbsp;<\/p>\n<p><strong>Szeptember 2-\u00e1n, <\/strong>vas\u00e1rnap,<\/p>\n<p><strong>Munderkingenben <\/strong>9.00 \u00f3rakor <em>szentmise.<\/em><\/p>\n<p><strong>Schw\u00e4bisch Gm\u00fcndben <\/strong>9.30 \u00f3rakor <em>szentmise<\/em>, ut\u00e1na <em>\u00e1g\u00e1p\u00e9<\/em>.<\/p>\n<p><strong>Stuttgartban<\/strong> 15.00 \u00f3rakor <em><strong>zar\u00e1ndokok szentmis\u00e9je. <\/strong><\/em>Keret\u00e9ben <em>b\u00e9rm\u00e1lkoz\u00e1s. <\/em> Ut\u00e1na <em>zar\u00e1ndokok tal\u00e1lkoz\u00f3ja <\/em>\u00e9s <em>\u00e1g\u00e1p\u00e9.<\/em><\/p>\n<p>Minden helyen mindenkit szeretettel v\u00e1r a k\u00f6z\u00f6ss\u00e9g, Imre atya \u00e9s Tibor atya!<\/p>\n<p><em>\u201eA boldogs\u00e1g az egyed\u00fcli dolog a vil\u00e1gon, amely ha megosztj\u00e1k, megk\u00e9tszerez\u0151dik\u201d <\/em><strong>(Marie von Ebner-Eschenbach \u2013 1830-1916 \u2013 osztr\u00e1k \u00edr\u00f3n\u0151) <\/strong><\/p>\n<p><strong><em>Sz\u00e9p ny\u00e1ri napokat, j\u00f3 munk\u00e1t, tartalmas besz\u00e9lget\u00e9seket \u00e9s \u00f6r\u00f6mteli tal\u00e1lkoz\u00e1sokat k\u00edv\u00e1nunk minden Kedves H\u00edv\u00fcnknek!<\/em><\/strong><\/p>\n","protected":false},"excerpt":{"rendered":"<p>Programel\u0151zetes J\u00fanius 22-\u00e9n, p\u00e9nteken, Stuttgartban 16.00 \u00f3rakor Bar\u00e1ts\u00e1gklub. 17.50 \u00f3rakor J\u00e9zus-Sz\u00edve-\u00e1jtatoss\u00e1g, majd szentmise. 19.00 \u00f3rakor Sportklub. * J\u00fanius 23-\u00e1n, szombaton, Heidenheimban 15.30 \u00f3rakor igeistentisztelet. Ut\u00e1na \u00e1g\u00e1p\u00e9. Biberachban\u00a0 templomb\u00facs\u00fa: \u00c1rp\u00e1dh\u00e1zi Szent Kinga \u00fcnnepe. 16.00 \u00f3rakor szentmise. Ut\u00e1na \u00e1g\u00e1p\u00e9. Reutlingenben 16.30 \u00f3rakor szentmise. Ut\u00e1na \u00e1g\u00e1p\u00e9. * J\u00fanius 24-\u00e9n, \u00e9vk\u00f6zi 12. vas\u00e1rnapon, B\u00f6blingenben templomb\u00facs\u00fa: Scheffler J\u00e1nos \u00e9s Bogd\u00e1nffy Szil\u00e1rd p\u00fcsp\u00f6k\u00f6k \u00e9s v\u00e9rtan\u00fak \u00fcnnepe. 9.30 \u00f3rakor szentmise. Ut\u00e1na \u00e1g\u00e1p\u00e9. \u00a0\u00a0\u00a0\u00a0\u00a0\u00a0\u00a0\u00a0\u00a0\u00a0\u00a0 Ulmban 12.00 \u00f3rakor szentmise. Eislingenben 15.00 \u00f3rakor a szentmise. Ut\u00e1na \u00e1g\u00e1p\u00e9. Heilbronnban 15.30 \u00f3rakor t\u00e1bori szentmise. Ut\u00e1na \u00e1g\u00e1p\u00e9. T\u00e1j\u00e9koztat\u00e1ssal leg\u00e1tusaink, Kengyel K\u00e1roly \u00e9s K\u00f3bia T\u00fcnde illetve Tam\u00e1s szolg\u00e1lnak. * J\u00falius 1-j\u00e9n, vas\u00e1rnap, B\u00e4rensee &#8211; Csal\u00e1di Nap. 9.30 \u00f3rakor t\u00e1bori szentmise\u00a0a Gaffenbergen. Ut\u00e1na k\u00f6z\u00f6s eb\u00e9d, j\u00e1t\u00e9k, bar\u00e1ti egy\u00fcttl\u00e9t napestig. * Szeptember 1-j\u00e9n, szombaton, Balingenben 17.00 \u00f3rakor szentmise, ut\u00e1na \u00e1g\u00e1p\u00e9. &nbsp; Szeptember 2-\u00e1n, vas\u00e1rnap, Munderkingenben 9.00 \u00f3rakor szentmise. Schw\u00e4bisch Gm\u00fcndben 9.30 \u00f3rakor szentmise, ut\u00e1na \u00e1g\u00e1p\u00e9. Stuttgartban 15.00 \u00f3rakor zar\u00e1ndokok szentmis\u00e9je. Keret\u00e9ben b\u00e9rm\u00e1lkoz\u00e1s. Ut\u00e1na zar\u00e1ndokok tal\u00e1lkoz\u00f3ja \u00e9s \u00e1g\u00e1p\u00e9. Minden helyen mindenkit szeretettel v\u00e1r a k\u00f6z\u00f6ss\u00e9g, Imre atya \u00e9s Tibor atya! \u201eA boldogs\u00e1g az egyed\u00fcli dolog a vil\u00e1gon, amely ha megosztj\u00e1k, megk\u00e9tszerez\u0151dik\u201d (Marie von Ebner-Eschenbach \u2013 1830-1916 \u2013 osztr\u00e1k \u00edr\u00f3n\u0151) Sz\u00e9p ny\u00e1ri napokat, j\u00f3 munk\u00e1t, tartalmas besz\u00e9lget\u00e9seket \u00e9s \u00f6r\u00f6mteli tal\u00e1lkoz\u00e1sokat k\u00edv\u00e1nunk minden Kedves H\u00edv\u00fcnknek!<\/p>\n","protected":false},"author":3,"featured_media":0,"comment_status":"closed","ping_status":"closed","sticky":false,"template":"","format":"standard","meta":{"footnotes":""},"categories":[37],"tags":[],"class_list":["post-14765","post","type-post","status-publish","format-standard","hentry","category-progamelozetes"],"yoast_head":"<!-- This site is optimized with the Yoast SEO plugin v27.3 - https:\/\/yoast.com\/product\/yoast-seo-wordpress\/ -->\n<title>Programel\u0151zetes j\u00fanius 18 \u00e9s szeptember 2 k\u00f6z\u00f6tt - Stuttgarti Katolikusok<\/title>\n<meta name=\"robots\" content=\"index, follow, max-snippet:-1, max-image-preview:large, max-video-preview:-1\" \/>\n<link rel=\"canonical\" href=\"https:\/\/stuttgarti-katolikusok.de\/index.php\/programelozetes-junius-18-es-julius-1-kozott\/\" \/>\n<meta property=\"og:locale\" content=\"hu_HU\" \/>\n<meta property=\"og:type\" content=\"article\" \/>\n<meta property=\"og:title\" content=\"Programel\u0151zetes j\u00fanius 18 \u00e9s szeptember 2 k\u00f6z\u00f6tt - Stuttgarti Katolikusok\" \/>\n<meta property=\"og:description\" content=\"Programel\u0151zetes J\u00fanius 22-\u00e9n, p\u00e9nteken, Stuttgartban 16.00 \u00f3rakor Bar\u00e1ts\u00e1gklub. 17.50 \u00f3rakor J\u00e9zus-Sz\u00edve-\u00e1jtatoss\u00e1g, majd szentmise. 19.00 \u00f3rakor Sportklub. * J\u00fanius 23-\u00e1n, szombaton, Heidenheimban 15.30 \u00f3rakor igeistentisztelet. Ut\u00e1na \u00e1g\u00e1p\u00e9. Biberachban\u00a0 templomb\u00facs\u00fa: \u00c1rp\u00e1dh\u00e1zi Szent Kinga \u00fcnnepe. 16.00 \u00f3rakor szentmise. Ut\u00e1na \u00e1g\u00e1p\u00e9. Reutlingenben 16.30 \u00f3rakor szentmise. Ut\u00e1na \u00e1g\u00e1p\u00e9. * J\u00fanius 24-\u00e9n, \u00e9vk\u00f6zi 12. vas\u00e1rnapon, B\u00f6blingenben templomb\u00facs\u00fa: Scheffler J\u00e1nos \u00e9s Bogd\u00e1nffy Szil\u00e1rd p\u00fcsp\u00f6k\u00f6k \u00e9s v\u00e9rtan\u00fak \u00fcnnepe. 9.30 \u00f3rakor szentmise. Ut\u00e1na \u00e1g\u00e1p\u00e9. \u00a0\u00a0\u00a0\u00a0\u00a0\u00a0\u00a0\u00a0\u00a0\u00a0\u00a0 Ulmban 12.00 \u00f3rakor szentmise. Eislingenben 15.00 \u00f3rakor a szentmise. Ut\u00e1na \u00e1g\u00e1p\u00e9. Heilbronnban 15.30 \u00f3rakor t\u00e1bori szentmise. Ut\u00e1na \u00e1g\u00e1p\u00e9. T\u00e1j\u00e9koztat\u00e1ssal leg\u00e1tusaink, Kengyel K\u00e1roly \u00e9s K\u00f3bia T\u00fcnde illetve Tam\u00e1s szolg\u00e1lnak. * J\u00falius 1-j\u00e9n, vas\u00e1rnap, B\u00e4rensee &#8211; Csal\u00e1di Nap. 9.30 \u00f3rakor t\u00e1bori szentmise\u00a0a Gaffenbergen. Ut\u00e1na k\u00f6z\u00f6s eb\u00e9d, j\u00e1t\u00e9k, bar\u00e1ti egy\u00fcttl\u00e9t napestig. * Szeptember 1-j\u00e9n, szombaton, Balingenben 17.00 \u00f3rakor szentmise, ut\u00e1na \u00e1g\u00e1p\u00e9. &nbsp; Szeptember 2-\u00e1n, vas\u00e1rnap, Munderkingenben 9.00 \u00f3rakor szentmise. Schw\u00e4bisch Gm\u00fcndben 9.30 \u00f3rakor szentmise, ut\u00e1na \u00e1g\u00e1p\u00e9. Stuttgartban 15.00 \u00f3rakor zar\u00e1ndokok szentmis\u00e9je. Keret\u00e9ben b\u00e9rm\u00e1lkoz\u00e1s. Ut\u00e1na zar\u00e1ndokok tal\u00e1lkoz\u00f3ja \u00e9s \u00e1g\u00e1p\u00e9. Minden helyen mindenkit szeretettel v\u00e1r a k\u00f6z\u00f6ss\u00e9g, Imre atya \u00e9s Tibor atya! \u201eA boldogs\u00e1g az egyed\u00fcli dolog a vil\u00e1gon, amely ha megosztj\u00e1k, megk\u00e9tszerez\u0151dik\u201d (Marie von Ebner-Eschenbach \u2013 1830-1916 \u2013 osztr\u00e1k \u00edr\u00f3n\u0151) Sz\u00e9p ny\u00e1ri napokat, j\u00f3 munk\u00e1t, tartalmas besz\u00e9lget\u00e9seket \u00e9s \u00f6r\u00f6mteli tal\u00e1lkoz\u00e1sokat k\u00edv\u00e1nunk minden Kedves H\u00edv\u00fcnknek!\" \/>\n<meta property=\"og:url\" content=\"https:\/\/stuttgarti-katolikusok.de\/index.php\/programelozetes-junius-18-es-julius-1-kozott\/\" \/>\n<meta property=\"og:site_name\" content=\"Stuttgarti Katolikusok\" \/>\n<meta property=\"article:published_time\" content=\"2018-06-18T14:30:51+00:00\" \/>\n<meta property=\"article:modified_time\" content=\"2020-04-27T16:21:27+00:00\" \/>\n<meta name=\"author\" content=\"Tibor atya\" \/>\n<meta name=\"twitter:card\" content=\"summary_large_image\" \/>\n<meta name=\"twitter:label1\" content=\"Szerz\u0151:\" \/>\n\t<meta name=\"twitter:data1\" content=\"Tibor atya\" \/>\n\t<meta name=\"twitter:label2\" content=\"Becs\u00fclt olvas\u00e1si id\u0151\" \/>\n\t<meta name=\"twitter:data2\" content=\"1 perc\" \/>\n<script type=\"application\/ld+json\" class=\"yoast-schema-graph\">{\"@context\":\"https:\\\/\\\/schema.org\",\"@graph\":[{\"@type\":\"Article\",\"@id\":\"https:\\\/\\\/stuttgarti-katolikusok.de\\\/index.php\\\/programelozetes-junius-18-es-julius-1-kozott\\\/#article\",\"isPartOf\":{\"@id\":\"https:\\\/\\\/stuttgarti-katolikusok.de\\\/index.php\\\/programelozetes-junius-18-es-julius-1-kozott\\\/\"},\"author\":{\"name\":\"Tibor atya\",\"@id\":\"https:\\\/\\\/stuttgarti-katolikusok.de\\\/#\\\/schema\\\/person\\\/75908d6f8fdc03a57889d27209df7795\"},\"headline\":\"Programel\u0151zetes j\u00fanius 18 \u00e9s szeptember 2 k\u00f6z\u00f6tt\",\"datePublished\":\"2018-06-18T14:30:51+00:00\",\"dateModified\":\"2020-04-27T16:21:27+00:00\",\"mainEntityOfPage\":{\"@id\":\"https:\\\/\\\/stuttgarti-katolikusok.de\\\/index.php\\\/programelozetes-junius-18-es-julius-1-kozott\\\/\"},\"wordCount\":293,\"articleSection\":[\"Progamel\u0151zetes\"],\"inLanguage\":\"hu\"},{\"@type\":\"WebPage\",\"@id\":\"https:\\\/\\\/stuttgarti-katolikusok.de\\\/index.php\\\/programelozetes-junius-18-es-julius-1-kozott\\\/\",\"url\":\"https:\\\/\\\/stuttgarti-katolikusok.de\\\/index.php\\\/programelozetes-junius-18-es-julius-1-kozott\\\/\",\"name\":\"Programel\u0151zetes j\u00fanius 18 \u00e9s szeptember 2 k\u00f6z\u00f6tt - Stuttgarti Katolikusok\",\"isPartOf\":{\"@id\":\"https:\\\/\\\/stuttgarti-katolikusok.de\\\/#website\"},\"datePublished\":\"2018-06-18T14:30:51+00:00\",\"dateModified\":\"2020-04-27T16:21:27+00:00\",\"author\":{\"@id\":\"https:\\\/\\\/stuttgarti-katolikusok.de\\\/#\\\/schema\\\/person\\\/75908d6f8fdc03a57889d27209df7795\"},\"breadcrumb\":{\"@id\":\"https:\\\/\\\/stuttgarti-katolikusok.de\\\/index.php\\\/programelozetes-junius-18-es-julius-1-kozott\\\/#breadcrumb\"},\"inLanguage\":\"hu\",\"potentialAction\":[{\"@type\":\"ReadAction\",\"target\":[\"https:\\\/\\\/stuttgarti-katolikusok.de\\\/index.php\\\/programelozetes-junius-18-es-julius-1-kozott\\\/\"]}]},{\"@type\":\"BreadcrumbList\",\"@id\":\"https:\\\/\\\/stuttgarti-katolikusok.de\\\/index.php\\\/programelozetes-junius-18-es-julius-1-kozott\\\/#breadcrumb\",\"itemListElement\":[{\"@type\":\"ListItem\",\"position\":1,\"name\":\"Kezd\u0151lap\",\"item\":\"https:\\\/\\\/stuttgarti-katolikusok.de\\\/\"},{\"@type\":\"ListItem\",\"position\":2,\"name\":\"Programel\u0151zetes j\u00fanius 18 \u00e9s szeptember 2 k\u00f6z\u00f6tt\"}]},{\"@type\":\"WebSite\",\"@id\":\"https:\\\/\\\/stuttgarti-katolikusok.de\\\/#website\",\"url\":\"https:\\\/\\\/stuttgarti-katolikusok.de\\\/\",\"name\":\"Stuttgarti Katolikusok\",\"description\":\"\",\"potentialAction\":[{\"@type\":\"SearchAction\",\"target\":{\"@type\":\"EntryPoint\",\"urlTemplate\":\"https:\\\/\\\/stuttgarti-katolikusok.de\\\/?s={search_term_string}\"},\"query-input\":{\"@type\":\"PropertyValueSpecification\",\"valueRequired\":true,\"valueName\":\"search_term_string\"}}],\"inLanguage\":\"hu\"},{\"@type\":\"Person\",\"@id\":\"https:\\\/\\\/stuttgarti-katolikusok.de\\\/#\\\/schema\\\/person\\\/75908d6f8fdc03a57889d27209df7795\",\"name\":\"Tibor atya\",\"image\":{\"@type\":\"ImageObject\",\"inLanguage\":\"hu\",\"@id\":\"https:\\\/\\\/secure.gravatar.com\\\/avatar\\\/61d268e57d1f4525b111222e29d2d5a7f8c420fdbf231ba5566a8ceac74fa960?s=96&d=mm&r=g\",\"url\":\"https:\\\/\\\/secure.gravatar.com\\\/avatar\\\/61d268e57d1f4525b111222e29d2d5a7f8c420fdbf231ba5566a8ceac74fa960?s=96&d=mm&r=g\",\"contentUrl\":\"https:\\\/\\\/secure.gravatar.com\\\/avatar\\\/61d268e57d1f4525b111222e29d2d5a7f8c420fdbf231ba5566a8ceac74fa960?s=96&d=mm&r=g\",\"caption\":\"Tibor atya\"},\"url\":\"https:\\\/\\\/stuttgarti-katolikusok.de\\\/index.php\\\/author\\\/tibor-atya\\\/\"}]}<\/script>\n<!-- \/ Yoast SEO plugin. -->","yoast_head_json":{"title":"Programel\u0151zetes j\u00fanius 18 \u00e9s szeptember 2 k\u00f6z\u00f6tt - Stuttgarti Katolikusok","robots":{"index":"index","follow":"follow","max-snippet":"max-snippet:-1","max-image-preview":"max-image-preview:large","max-video-preview":"max-video-preview:-1"},"canonical":"https:\/\/stuttgarti-katolikusok.de\/index.php\/programelozetes-junius-18-es-julius-1-kozott\/","og_locale":"hu_HU","og_type":"article","og_title":"Programel\u0151zetes j\u00fanius 18 \u00e9s szeptember 2 k\u00f6z\u00f6tt - Stuttgarti Katolikusok","og_description":"Programel\u0151zetes J\u00fanius 22-\u00e9n, p\u00e9nteken, Stuttgartban 16.00 \u00f3rakor Bar\u00e1ts\u00e1gklub. 17.50 \u00f3rakor J\u00e9zus-Sz\u00edve-\u00e1jtatoss\u00e1g, majd szentmise. 19.00 \u00f3rakor Sportklub. * J\u00fanius 23-\u00e1n, szombaton, Heidenheimban 15.30 \u00f3rakor igeistentisztelet. Ut\u00e1na \u00e1g\u00e1p\u00e9. Biberachban\u00a0 templomb\u00facs\u00fa: \u00c1rp\u00e1dh\u00e1zi Szent Kinga \u00fcnnepe. 16.00 \u00f3rakor szentmise. Ut\u00e1na \u00e1g\u00e1p\u00e9. Reutlingenben 16.30 \u00f3rakor szentmise. Ut\u00e1na \u00e1g\u00e1p\u00e9. * J\u00fanius 24-\u00e9n, \u00e9vk\u00f6zi 12. vas\u00e1rnapon, B\u00f6blingenben templomb\u00facs\u00fa: Scheffler J\u00e1nos \u00e9s Bogd\u00e1nffy Szil\u00e1rd p\u00fcsp\u00f6k\u00f6k \u00e9s v\u00e9rtan\u00fak \u00fcnnepe. 9.30 \u00f3rakor szentmise. Ut\u00e1na \u00e1g\u00e1p\u00e9. \u00a0\u00a0\u00a0\u00a0\u00a0\u00a0\u00a0\u00a0\u00a0\u00a0\u00a0 Ulmban 12.00 \u00f3rakor szentmise. Eislingenben 15.00 \u00f3rakor a szentmise. Ut\u00e1na \u00e1g\u00e1p\u00e9. Heilbronnban 15.30 \u00f3rakor t\u00e1bori szentmise. Ut\u00e1na \u00e1g\u00e1p\u00e9. T\u00e1j\u00e9koztat\u00e1ssal leg\u00e1tusaink, Kengyel K\u00e1roly \u00e9s K\u00f3bia T\u00fcnde illetve Tam\u00e1s szolg\u00e1lnak. * J\u00falius 1-j\u00e9n, vas\u00e1rnap, B\u00e4rensee &#8211; Csal\u00e1di Nap. 9.30 \u00f3rakor t\u00e1bori szentmise\u00a0a Gaffenbergen. Ut\u00e1na k\u00f6z\u00f6s eb\u00e9d, j\u00e1t\u00e9k, bar\u00e1ti egy\u00fcttl\u00e9t napestig. * Szeptember 1-j\u00e9n, szombaton, Balingenben 17.00 \u00f3rakor szentmise, ut\u00e1na \u00e1g\u00e1p\u00e9. &nbsp; Szeptember 2-\u00e1n, vas\u00e1rnap, Munderkingenben 9.00 \u00f3rakor szentmise. Schw\u00e4bisch Gm\u00fcndben 9.30 \u00f3rakor szentmise, ut\u00e1na \u00e1g\u00e1p\u00e9. Stuttgartban 15.00 \u00f3rakor zar\u00e1ndokok szentmis\u00e9je. Keret\u00e9ben b\u00e9rm\u00e1lkoz\u00e1s. Ut\u00e1na zar\u00e1ndokok tal\u00e1lkoz\u00f3ja \u00e9s \u00e1g\u00e1p\u00e9. Minden helyen mindenkit szeretettel v\u00e1r a k\u00f6z\u00f6ss\u00e9g, Imre atya \u00e9s Tibor atya! \u201eA boldogs\u00e1g az egyed\u00fcli dolog a vil\u00e1gon, amely ha megosztj\u00e1k, megk\u00e9tszerez\u0151dik\u201d (Marie von Ebner-Eschenbach \u2013 1830-1916 \u2013 osztr\u00e1k \u00edr\u00f3n\u0151) Sz\u00e9p ny\u00e1ri napokat, j\u00f3 munk\u00e1t, tartalmas besz\u00e9lget\u00e9seket \u00e9s \u00f6r\u00f6mteli tal\u00e1lkoz\u00e1sokat k\u00edv\u00e1nunk minden Kedves H\u00edv\u00fcnknek!","og_url":"https:\/\/stuttgarti-katolikusok.de\/index.php\/programelozetes-junius-18-es-julius-1-kozott\/","og_site_name":"Stuttgarti Katolikusok","article_published_time":"2018-06-18T14:30:51+00:00","article_modified_time":"2020-04-27T16:21:27+00:00","author":"Tibor atya","twitter_card":"summary_large_image","twitter_misc":{"Szerz\u0151:":"Tibor atya","Becs\u00fclt olvas\u00e1si id\u0151":"1 perc"},"schema":{"@context":"https:\/\/schema.org","@graph":[{"@type":"Article","@id":"https:\/\/stuttgarti-katolikusok.de\/index.php\/programelozetes-junius-18-es-julius-1-kozott\/#article","isPartOf":{"@id":"https:\/\/stuttgarti-katolikusok.de\/index.php\/programelozetes-junius-18-es-julius-1-kozott\/"},"author":{"name":"Tibor atya","@id":"https:\/\/stuttgarti-katolikusok.de\/#\/schema\/person\/75908d6f8fdc03a57889d27209df7795"},"headline":"Programel\u0151zetes j\u00fanius 18 \u00e9s szeptember 2 k\u00f6z\u00f6tt","datePublished":"2018-06-18T14:30:51+00:00","dateModified":"2020-04-27T16:21:27+00:00","mainEntityOfPage":{"@id":"https:\/\/stuttgarti-katolikusok.de\/index.php\/programelozetes-junius-18-es-julius-1-kozott\/"},"wordCount":293,"articleSection":["Progamel\u0151zetes"],"inLanguage":"hu"},{"@type":"WebPage","@id":"https:\/\/stuttgarti-katolikusok.de\/index.php\/programelozetes-junius-18-es-julius-1-kozott\/","url":"https:\/\/stuttgarti-katolikusok.de\/index.php\/programelozetes-junius-18-es-julius-1-kozott\/","name":"Programel\u0151zetes j\u00fanius 18 \u00e9s szeptember 2 k\u00f6z\u00f6tt - Stuttgarti Katolikusok","isPartOf":{"@id":"https:\/\/stuttgarti-katolikusok.de\/#website"},"datePublished":"2018-06-18T14:30:51+00:00","dateModified":"2020-04-27T16:21:27+00:00","author":{"@id":"https:\/\/stuttgarti-katolikusok.de\/#\/schema\/person\/75908d6f8fdc03a57889d27209df7795"},"breadcrumb":{"@id":"https:\/\/stuttgarti-katolikusok.de\/index.php\/programelozetes-junius-18-es-julius-1-kozott\/#breadcrumb"},"inLanguage":"hu","potentialAction":[{"@type":"ReadAction","target":["https:\/\/stuttgarti-katolikusok.de\/index.php\/programelozetes-junius-18-es-julius-1-kozott\/"]}]},{"@type":"BreadcrumbList","@id":"https:\/\/stuttgarti-katolikusok.de\/index.php\/programelozetes-junius-18-es-julius-1-kozott\/#breadcrumb","itemListElement":[{"@type":"ListItem","position":1,"name":"Kezd\u0151lap","item":"https:\/\/stuttgarti-katolikusok.de\/"},{"@type":"ListItem","position":2,"name":"Programel\u0151zetes j\u00fanius 18 \u00e9s szeptember 2 k\u00f6z\u00f6tt"}]},{"@type":"WebSite","@id":"https:\/\/stuttgarti-katolikusok.de\/#website","url":"https:\/\/stuttgarti-katolikusok.de\/","name":"Stuttgarti Katolikusok","description":"","potentialAction":[{"@type":"SearchAction","target":{"@type":"EntryPoint","urlTemplate":"https:\/\/stuttgarti-katolikusok.de\/?s={search_term_string}"},"query-input":{"@type":"PropertyValueSpecification","valueRequired":true,"valueName":"search_term_string"}}],"inLanguage":"hu"},{"@type":"Person","@id":"https:\/\/stuttgarti-katolikusok.de\/#\/schema\/person\/75908d6f8fdc03a57889d27209df7795","name":"Tibor atya","image":{"@type":"ImageObject","inLanguage":"hu","@id":"https:\/\/secure.gravatar.com\/avatar\/61d268e57d1f4525b111222e29d2d5a7f8c420fdbf231ba5566a8ceac74fa960?s=96&d=mm&r=g","url":"https:\/\/secure.gravatar.com\/avatar\/61d268e57d1f4525b111222e29d2d5a7f8c420fdbf231ba5566a8ceac74fa960?s=96&d=mm&r=g","contentUrl":"https:\/\/secure.gravatar.com\/avatar\/61d268e57d1f4525b111222e29d2d5a7f8c420fdbf231ba5566a8ceac74fa960?s=96&d=mm&r=g","caption":"Tibor atya"},"url":"https:\/\/stuttgarti-katolikusok.de\/index.php\/author\/tibor-atya\/"}]}},"_links":{"self":[{"href":"https:\/\/stuttgarti-katolikusok.de\/index.php\/wp-json\/wp\/v2\/posts\/14765","targetHints":{"allow":["GET"]}}],"collection":[{"href":"https:\/\/stuttgarti-katolikusok.de\/index.php\/wp-json\/wp\/v2\/posts"}],"about":[{"href":"https:\/\/stuttgarti-katolikusok.de\/index.php\/wp-json\/wp\/v2\/types\/post"}],"author":[{"embeddable":true,"href":"https:\/\/stuttgarti-katolikusok.de\/index.php\/wp-json\/wp\/v2\/users\/3"}],"replies":[{"embeddable":true,"href":"https:\/\/stuttgarti-katolikusok.de\/index.php\/wp-json\/wp\/v2\/comments?post=14765"}],"version-history":[{"count":6,"href":"https:\/\/stuttgarti-katolikusok.de\/index.php\/wp-json\/wp\/v2\/posts\/14765\/revisions"}],"predecessor-version":[{"id":14825,"href":"https:\/\/stuttgarti-katolikusok.de\/index.php\/wp-json\/wp\/v2\/posts\/14765\/revisions\/14825"}],"wp:attachment":[{"href":"https:\/\/stuttgarti-katolikusok.de\/index.php\/wp-json\/wp\/v2\/media?parent=14765"}],"wp:term":[{"taxonomy":"category","embeddable":true,"href":"https:\/\/stuttgarti-katolikusok.de\/index.php\/wp-json\/wp\/v2\/categories?post=14765"},{"taxonomy":"post_tag","embeddable":true,"href":"https:\/\/stuttgarti-katolikusok.de\/index.php\/wp-json\/wp\/v2\/tags?post=14765"}],"curies":[{"name":"wp","href":"https:\/\/api.w.org\/{rel}","templated":true}]}}