{"id":14695,"date":"2018-06-17T14:56:28","date_gmt":"2018-06-17T14:56:28","guid":{"rendered":"https:\/\/gracious-dewdney.138-201-221-2.plesk.page\/?p=14695"},"modified":"2020-04-27T15:25:51","modified_gmt":"2020-04-27T15:25:51","slug":"az-igazi-nagy-szerelem","status":"publish","type":"post","link":"https:\/\/stuttgarti-katolikusok.de\/index.php\/az-igazi-nagy-szerelem\/","title":{"rendered":"Az igazi nagy szerelem&#8230;"},"content":{"rendered":"<p><strong>Az igazi nagy szerelem&#8230;<\/strong><\/p>\n<p>&nbsp;<\/p>\n<p>Mikor l\u00e1ttam, hogy idegen vagy, odamentem hozz\u00e1d, mert azt hittem: az els\u0151\u00e1ldoz\u00f3k egyik\u00e9nek vagy a rokona. Nem, v\u00e1laszoltad kiss\u00e9 belepirulva, el\u0151sz\u00f6r vagy itt, mert rokonaidhoz j\u00f6tt\u00e9l, \u00e9s azok azt aj\u00e1nlott\u00e1k, hogy n\u00e9zz be <em>a katolikusokhoz,<\/em> mert ott sok hozz\u00e1d hasonl\u00f3 fiatal is meg szokott fordulni. Mikor azt k\u00e9rdeztem, hogy kit ismersz a jelenl\u00e9v\u0151k k\u00f6z\u00fcl, akkor sz\u00e9gyell\u0151sen megingattad a fejed, s azt mondtad bizakod\u00f3an: M\u00e9g senkit, de \u00fagy l\u00e1tod, lesz itt kit megsz\u00f3l\u00edtanod&#8230; M\u00e9g hamar elmondtad, hogy k\u00e9t gyermekre vigy\u00e1zol, \u00e9s nagyon szereted, amit csin\u00e1lsz&#8230;, de l\u00e1ttam, hogy elharaptad a sz\u00f3t, mert nem akarsz azonnal kit\u00e1rulkozni.<\/p>\n<p>&nbsp;<\/p>\n<p>\u00c9n azonban, mint minden ilyen alkalommal, t\u0151led is megk\u00e9rdeztem: &#8211; Csak ennyi?<\/p>\n<p>Meglep\u0151dt\u00e9l, s mert azt hitted, bel\u00e9d l\u00e1tok, \u00e9s m\u00e9g elmondtad azt is, hogy \u00e9pp egy kapcsolatod ment otthon t\u00f6nkre, mert \u2013 b\u00e1r nem volt a legrosszabb, de \u2013 nem \u00e9rezted magad benne szabadnak&#8230;<\/p>\n<p>&nbsp;<\/p>\n<p>Ekkor m\u00e1r b\u00e1ntam, hogy ennyire intim dolgokr\u00f3l k\u00e9rdeztelek (holott nem tettem, csak te \u00e9rtetted f\u00e9lre a k\u00e9rd\u00e9st&#8230;), \u00e9s mert nem akartam el\u0151tted a mindentud\u00f3 szerep\u00e9ben tetszelegni, csak annyit v\u00e1laszoltam neked: Istennek erre is gondja lesz, megl\u00e1tod!<\/p>\n<p>&nbsp;<\/p>\n<p>De mert nem akarok mindent Istent\u0151l elv\u00e1rni, k\u00fcl\u00f6n\u00f6sk\u00e9ppen ilyen fontos emberi sorsfordul\u00f3 alkalm\u00e1val, mint a p\u00e1rkapcsolat, na meg azt\u00e1n m\u00e9gis csak konkr\u00e9tabb v\u00e1laszt is szeretn\u00e9k neked adni az im\u00e1n\u00e1l, amit az\u00f3ta \u00e9rted is \u00e9g fel\u00e9 k\u00fcld\u00f6zgetek, hadd \u00fczenem meg neked, hogy szerintem, ha egy kapcsolatban az egyik f\u00e9l mindenk\u00e9pp fel\u00fcl akar kerekedni a m\u00e1sikon, abb\u00f3l csak pokol lesz \u00e9s nem a rem\u00e9lt mennyorsz\u00e1g.<\/p>\n<p>&nbsp;<\/p>\n<p>Azt\u00e1n hadd aj\u00e1nljam neked \u00e9s a hozz\u00e1d hasonl\u00f3, \u201eigazi szerelmet\u201d keres\u0151nek a vil\u00e1gh\u00edr\u0171 argentin pszichoterapeuta, Jorge Bucayn\u00e1l (*1949) veretes sorait, amelyek tal\u00e1n seg\u00edtenek abban, hogy meg\u00e9rtsd: milyen partnert is kellene keresned?<\/p>\n<p>&nbsp;<\/p>\n<p><em>\u201eAzt szeretn\u00e9m, hogy meghallgass \u2013 an\u00e9lk\u00fcl, hogy azonnal \u00edt\u00e9letet mondan\u00e1l f\u00f6l\u00f6ttem.<\/em><\/p>\n<p><em>Azt szeretn\u00e9m, hogy megmond a v\u00e9lem\u00e9nyed &#8211; an\u00e9lk\u00fcl,\u00a0 hogy azonnal \u2019j\u00f3tan\u00e1csokat\u2019 osztogatn\u00e1l nekem.<\/em><\/p>\n<p><em>Azt szeretn\u00e9m, ha b\u00edzzn\u00e1l bennem \u2013 an\u00e9lk\u00fcl, hogy el\u0151tte valamit is elv\u00e1rn\u00e1l t\u0151lem.<\/em><\/p>\n<p><em>Azt szeretn\u00e9m, ha seg\u00edten\u00e9l nekem &#8211; an\u00e9lk\u00fcl, hogy helyettem d\u00f6nten\u00e9l.<\/em><\/p>\n<p><em>Azt szeretn\u00e9m, ha t\u00f6r\u0151dn\u00e9l velem \u2013 an\u00e9lk\u00fcl, hogy h\u00e1tt\u00e9rbe szor\u00edtan\u00e1l.<\/em><\/p>\n<p><em>Azt szeretn\u00e9m, ha l\u00e1tn\u00e1l engem \u2013 an\u00e9lk\u00fcl, hogy magadat keresn\u00e9d bennem.<\/em><\/p>\n<p><em>Azt szeretn\u00e9m, ha \u00e1t\u00f6leln\u00e9l engem \u2013 an\u00e9lk\u00fcl, hogy bel\u00e9m fojtan\u00e1d a l\u00e9legzetet.<\/em><\/p>\n<p><em>Azt szeretn\u00e9m, ha b\u00e1tor\u00edtan\u00e1l engem \u2013 an\u00e9lk\u00fcl, hogy valamire r\u00e1k\u00e9nyszer\u00edten\u00e9l.<\/em><\/p>\n<p><em>Azt szeretn\u00e9m, ha szorosan tartan\u00e1l engem \u00a0\u2013 an\u00e9lk\u00fcl, hogy visszatartan\u00e1l.<\/em><\/p>\n<p><em>Azt szeretn\u00e9m, ha megv\u00e9den\u00e9l engem \u2013 an\u00e9lk\u00fcl, hogy hazudn\u00e1l nekem.<\/em><\/p>\n<p><em>Azt szeretn\u00e9m, ha k\u00f6zeledn\u00e9l hozz\u00e1m \u2013 an\u00e9lk\u00fcl, hogy betolakod\u00f3v\u00e1 v\u00e1ln\u00e1l.<\/em><\/p>\n<p><em>Azt szeretn\u00e9m, ha felismern\u00e9d, mi nem tetszik neked bennem \u2013 \u00e9s m\u00e9gis elfogadn\u00e1l, s nem \u00a0akarn\u00e1l megv\u00e1ltoztatni!<\/em><\/p>\n<p><em>Azt szeretn\u00e9m, ha tudn\u00e1d: ma sz\u00e1m\u00edthatsz r\u00e1m. Minden felt\u00e9tel n\u00e9lk\u00fcl.\u201d<\/em><\/p>\n<p>&nbsp;<\/p>\n<p>M\u00e9g csak egy saj\u00e1t papi \u00e9lettapasztalat, miel\u0151tt elb\u00facs\u00fazn\u00e9k \u00edgy, \u00edr\u00e1sban is t\u0151led: Az igazi <em>\u201enagy szerelem\u201d<\/em> az, amely el\u0151sz\u00f6r nem is l\u00e1tszik annak, azut\u00e1n azonban n\u0151 \u00e9s n\u0151,<\/p>\n<p>\u00e9s abban a m\u00e9rt\u00e9kben n\u00f6vekszik, amilyen m\u00e9rt\u00e9kben a m\u00e1sikb\u00f3l a legjobbat el\u0151szeretj\u00fck, kicsalogatjuk \u00e9s \u201ekiszeretj\u00fck\u201d&#8230;<\/p>\n<p>&nbsp;<\/p>\n<p>Ilyen igazi nagy szerelmet k\u00edv\u00e1n neked \u00e9s minden hozz\u00e1d hasonl\u00f3, \u0151szint\u00e9n keres\u0151 fiatalnak,<\/p>\n<p><em>szeretettel,<\/em><\/p>\n<p><em>Imre atya<\/em><\/p>\n<p><em>\u00a0<\/em><\/p>\n<p><em>Stuttgart, 2018-06-09.<\/em><\/p>\n","protected":false},"excerpt":{"rendered":"<p>Az igazi nagy szerelem&#8230; &nbsp; Mikor l\u00e1ttam, hogy idegen vagy, odamentem hozz\u00e1d, mert azt hittem: az els\u0151\u00e1ldoz\u00f3k egyik\u00e9nek vagy a rokona. Nem, v\u00e1laszoltad kiss\u00e9 belepirulva, el\u0151sz\u00f6r vagy itt, mert rokonaidhoz j\u00f6tt\u00e9l, \u00e9s azok azt aj\u00e1nlott\u00e1k, hogy n\u00e9zz be a katolikusokhoz, mert ott sok hozz\u00e1d hasonl\u00f3 fiatal is meg szokott fordulni. Mikor azt k\u00e9rdeztem, hogy kit ismersz a jelenl\u00e9v\u0151k k\u00f6z\u00fcl, akkor sz\u00e9gyell\u0151sen megingattad a fejed, s azt mondtad bizakod\u00f3an: M\u00e9g senkit, de \u00fagy l\u00e1tod, lesz itt kit megsz\u00f3l\u00edtanod&#8230; M\u00e9g hamar elmondtad, hogy k\u00e9t gyermekre vigy\u00e1zol, \u00e9s nagyon szereted, amit csin\u00e1lsz&#8230;, de l\u00e1ttam, hogy elharaptad a sz\u00f3t, mert nem akarsz azonnal kit\u00e1rulkozni. &nbsp; \u00c9n azonban, mint minden ilyen alkalommal, t\u0151led is megk\u00e9rdeztem: &#8211; Csak ennyi? Meglep\u0151dt\u00e9l, s mert azt hitted, bel\u00e9d l\u00e1tok, \u00e9s m\u00e9g elmondtad azt is, hogy \u00e9pp egy kapcsolatod ment otthon t\u00f6nkre, mert \u2013 b\u00e1r nem volt a legrosszabb, de \u2013 nem \u00e9rezted magad benne szabadnak&#8230; &nbsp; Ekkor m\u00e1r b\u00e1ntam, hogy ennyire intim dolgokr\u00f3l k\u00e9rdeztelek (holott nem tettem, csak te \u00e9rtetted f\u00e9lre a k\u00e9rd\u00e9st&#8230;), \u00e9s mert nem akartam el\u0151tted a mindentud\u00f3 szerep\u00e9ben tetszelegni, csak annyit v\u00e1laszoltam neked: Istennek erre is gondja lesz, megl\u00e1tod! &nbsp; De mert nem akarok mindent Istent\u0151l elv\u00e1rni, k\u00fcl\u00f6n\u00f6sk\u00e9ppen ilyen fontos emberi sorsfordul\u00f3 alkalm\u00e1val, mint a p\u00e1rkapcsolat, na meg azt\u00e1n m\u00e9gis csak konkr\u00e9tabb v\u00e1laszt is szeretn\u00e9k neked adni az im\u00e1n\u00e1l, amit az\u00f3ta \u00e9rted is \u00e9g fel\u00e9 k\u00fcld\u00f6zgetek, hadd \u00fczenem meg neked, hogy szerintem, ha egy kapcsolatban az egyik f\u00e9l mindenk\u00e9pp fel\u00fcl akar kerekedni a m\u00e1sikon, abb\u00f3l csak pokol lesz \u00e9s nem a rem\u00e9lt mennyorsz\u00e1g. &nbsp; Azt\u00e1n hadd aj\u00e1nljam neked \u00e9s a hozz\u00e1d hasonl\u00f3, \u201eigazi szerelmet\u201d keres\u0151nek a vil\u00e1gh\u00edr\u0171 argentin pszichoterapeuta, Jorge Bucayn\u00e1l (*1949) veretes sorait, amelyek tal\u00e1n seg\u00edtenek abban, hogy meg\u00e9rtsd: milyen partnert is kellene keresned? &nbsp; \u201eAzt szeretn\u00e9m, hogy meghallgass \u2013 an\u00e9lk\u00fcl, hogy azonnal \u00edt\u00e9letet mondan\u00e1l f\u00f6l\u00f6ttem. Azt szeretn\u00e9m, hogy megmond a v\u00e9lem\u00e9nyed &#8211; an\u00e9lk\u00fcl,\u00a0 hogy&#8230; <\/p>\n<p><a class=\"readmore\" href=\"https:\/\/stuttgarti-katolikusok.de\/index.php\/az-igazi-nagy-szerelem\/\">R\u00e9szletek<\/a><\/p>\n","protected":false},"author":3,"featured_media":0,"comment_status":"closed","ping_status":"closed","sticky":false,"template":"","format":"standard","meta":{"footnotes":""},"categories":[24],"tags":[],"class_list":["post-14695","post","type-post","status-publish","format-standard","hentry","category-gondolatok"],"yoast_head":"<!-- This site is optimized with the Yoast SEO plugin v27.3 - https:\/\/yoast.com\/product\/yoast-seo-wordpress\/ -->\n<title>Az igazi nagy szerelem... - Stuttgarti Katolikusok<\/title>\n<meta name=\"robots\" content=\"index, follow, max-snippet:-1, max-image-preview:large, max-video-preview:-1\" \/>\n<link rel=\"canonical\" href=\"https:\/\/stuttgarti-katolikusok.de\/index.php\/az-igazi-nagy-szerelem\/\" \/>\n<meta property=\"og:locale\" content=\"hu_HU\" \/>\n<meta property=\"og:type\" content=\"article\" \/>\n<meta property=\"og:title\" content=\"Az igazi nagy szerelem... - Stuttgarti Katolikusok\" \/>\n<meta property=\"og:description\" content=\"Az igazi nagy szerelem&#8230; &nbsp; Mikor l\u00e1ttam, hogy idegen vagy, odamentem hozz\u00e1d, mert azt hittem: az els\u0151\u00e1ldoz\u00f3k egyik\u00e9nek vagy a rokona. Nem, v\u00e1laszoltad kiss\u00e9 belepirulva, el\u0151sz\u00f6r vagy itt, mert rokonaidhoz j\u00f6tt\u00e9l, \u00e9s azok azt aj\u00e1nlott\u00e1k, hogy n\u00e9zz be a katolikusokhoz, mert ott sok hozz\u00e1d hasonl\u00f3 fiatal is meg szokott fordulni. Mikor azt k\u00e9rdeztem, hogy kit ismersz a jelenl\u00e9v\u0151k k\u00f6z\u00fcl, akkor sz\u00e9gyell\u0151sen megingattad a fejed, s azt mondtad bizakod\u00f3an: M\u00e9g senkit, de \u00fagy l\u00e1tod, lesz itt kit megsz\u00f3l\u00edtanod&#8230; M\u00e9g hamar elmondtad, hogy k\u00e9t gyermekre vigy\u00e1zol, \u00e9s nagyon szereted, amit csin\u00e1lsz&#8230;, de l\u00e1ttam, hogy elharaptad a sz\u00f3t, mert nem akarsz azonnal kit\u00e1rulkozni. &nbsp; \u00c9n azonban, mint minden ilyen alkalommal, t\u0151led is megk\u00e9rdeztem: &#8211; Csak ennyi? Meglep\u0151dt\u00e9l, s mert azt hitted, bel\u00e9d l\u00e1tok, \u00e9s m\u00e9g elmondtad azt is, hogy \u00e9pp egy kapcsolatod ment otthon t\u00f6nkre, mert \u2013 b\u00e1r nem volt a legrosszabb, de \u2013 nem \u00e9rezted magad benne szabadnak&#8230; &nbsp; Ekkor m\u00e1r b\u00e1ntam, hogy ennyire intim dolgokr\u00f3l k\u00e9rdeztelek (holott nem tettem, csak te \u00e9rtetted f\u00e9lre a k\u00e9rd\u00e9st&#8230;), \u00e9s mert nem akartam el\u0151tted a mindentud\u00f3 szerep\u00e9ben tetszelegni, csak annyit v\u00e1laszoltam neked: Istennek erre is gondja lesz, megl\u00e1tod! &nbsp; De mert nem akarok mindent Istent\u0151l elv\u00e1rni, k\u00fcl\u00f6n\u00f6sk\u00e9ppen ilyen fontos emberi sorsfordul\u00f3 alkalm\u00e1val, mint a p\u00e1rkapcsolat, na meg azt\u00e1n m\u00e9gis csak konkr\u00e9tabb v\u00e1laszt is szeretn\u00e9k neked adni az im\u00e1n\u00e1l, amit az\u00f3ta \u00e9rted is \u00e9g fel\u00e9 k\u00fcld\u00f6zgetek, hadd \u00fczenem meg neked, hogy szerintem, ha egy kapcsolatban az egyik f\u00e9l mindenk\u00e9pp fel\u00fcl akar kerekedni a m\u00e1sikon, abb\u00f3l csak pokol lesz \u00e9s nem a rem\u00e9lt mennyorsz\u00e1g. &nbsp; Azt\u00e1n hadd aj\u00e1nljam neked \u00e9s a hozz\u00e1d hasonl\u00f3, \u201eigazi szerelmet\u201d keres\u0151nek a vil\u00e1gh\u00edr\u0171 argentin pszichoterapeuta, Jorge Bucayn\u00e1l (*1949) veretes sorait, amelyek tal\u00e1n seg\u00edtenek abban, hogy meg\u00e9rtsd: milyen partnert is kellene keresned? &nbsp; \u201eAzt szeretn\u00e9m, hogy meghallgass \u2013 an\u00e9lk\u00fcl, hogy azonnal \u00edt\u00e9letet mondan\u00e1l f\u00f6l\u00f6ttem. Azt szeretn\u00e9m, hogy megmond a v\u00e9lem\u00e9nyed &#8211; an\u00e9lk\u00fcl,\u00a0 hogy... R\u00e9szletek\" \/>\n<meta property=\"og:url\" content=\"https:\/\/stuttgarti-katolikusok.de\/index.php\/az-igazi-nagy-szerelem\/\" \/>\n<meta property=\"og:site_name\" content=\"Stuttgarti Katolikusok\" \/>\n<meta property=\"article:published_time\" content=\"2018-06-17T14:56:28+00:00\" \/>\n<meta property=\"article:modified_time\" content=\"2020-04-27T15:25:51+00:00\" \/>\n<meta name=\"author\" content=\"Tibor atya\" \/>\n<meta name=\"twitter:card\" content=\"summary_large_image\" \/>\n<meta name=\"twitter:label1\" content=\"Szerz\u0151:\" \/>\n\t<meta name=\"twitter:data1\" content=\"Tibor atya\" \/>\n\t<meta name=\"twitter:label2\" content=\"Becs\u00fclt olvas\u00e1si id\u0151\" \/>\n\t<meta name=\"twitter:data2\" content=\"3 perc\" \/>\n<script type=\"application\/ld+json\" class=\"yoast-schema-graph\">{\"@context\":\"https:\\\/\\\/schema.org\",\"@graph\":[{\"@type\":\"Article\",\"@id\":\"https:\\\/\\\/stuttgarti-katolikusok.de\\\/index.php\\\/az-igazi-nagy-szerelem\\\/#article\",\"isPartOf\":{\"@id\":\"https:\\\/\\\/stuttgarti-katolikusok.de\\\/index.php\\\/az-igazi-nagy-szerelem\\\/\"},\"author\":{\"name\":\"Tibor atya\",\"@id\":\"https:\\\/\\\/stuttgarti-katolikusok.de\\\/#\\\/schema\\\/person\\\/75908d6f8fdc03a57889d27209df7795\"},\"headline\":\"Az igazi nagy szerelem&#8230;\",\"datePublished\":\"2018-06-17T14:56:28+00:00\",\"dateModified\":\"2020-04-27T15:25:51+00:00\",\"mainEntityOfPage\":{\"@id\":\"https:\\\/\\\/stuttgarti-katolikusok.de\\\/index.php\\\/az-igazi-nagy-szerelem\\\/\"},\"wordCount\":695,\"articleSection\":[\"Gondolatok\"],\"inLanguage\":\"hu\"},{\"@type\":\"WebPage\",\"@id\":\"https:\\\/\\\/stuttgarti-katolikusok.de\\\/index.php\\\/az-igazi-nagy-szerelem\\\/\",\"url\":\"https:\\\/\\\/stuttgarti-katolikusok.de\\\/index.php\\\/az-igazi-nagy-szerelem\\\/\",\"name\":\"Az igazi nagy szerelem... - Stuttgarti Katolikusok\",\"isPartOf\":{\"@id\":\"https:\\\/\\\/stuttgarti-katolikusok.de\\\/#website\"},\"datePublished\":\"2018-06-17T14:56:28+00:00\",\"dateModified\":\"2020-04-27T15:25:51+00:00\",\"author\":{\"@id\":\"https:\\\/\\\/stuttgarti-katolikusok.de\\\/#\\\/schema\\\/person\\\/75908d6f8fdc03a57889d27209df7795\"},\"breadcrumb\":{\"@id\":\"https:\\\/\\\/stuttgarti-katolikusok.de\\\/index.php\\\/az-igazi-nagy-szerelem\\\/#breadcrumb\"},\"inLanguage\":\"hu\",\"potentialAction\":[{\"@type\":\"ReadAction\",\"target\":[\"https:\\\/\\\/stuttgarti-katolikusok.de\\\/index.php\\\/az-igazi-nagy-szerelem\\\/\"]}]},{\"@type\":\"BreadcrumbList\",\"@id\":\"https:\\\/\\\/stuttgarti-katolikusok.de\\\/index.php\\\/az-igazi-nagy-szerelem\\\/#breadcrumb\",\"itemListElement\":[{\"@type\":\"ListItem\",\"position\":1,\"name\":\"Kezd\u0151lap\",\"item\":\"https:\\\/\\\/stuttgarti-katolikusok.de\\\/\"},{\"@type\":\"ListItem\",\"position\":2,\"name\":\"Az igazi nagy szerelem&#8230;\"}]},{\"@type\":\"WebSite\",\"@id\":\"https:\\\/\\\/stuttgarti-katolikusok.de\\\/#website\",\"url\":\"https:\\\/\\\/stuttgarti-katolikusok.de\\\/\",\"name\":\"Stuttgarti Katolikusok\",\"description\":\"\",\"potentialAction\":[{\"@type\":\"SearchAction\",\"target\":{\"@type\":\"EntryPoint\",\"urlTemplate\":\"https:\\\/\\\/stuttgarti-katolikusok.de\\\/?s={search_term_string}\"},\"query-input\":{\"@type\":\"PropertyValueSpecification\",\"valueRequired\":true,\"valueName\":\"search_term_string\"}}],\"inLanguage\":\"hu\"},{\"@type\":\"Person\",\"@id\":\"https:\\\/\\\/stuttgarti-katolikusok.de\\\/#\\\/schema\\\/person\\\/75908d6f8fdc03a57889d27209df7795\",\"name\":\"Tibor atya\",\"image\":{\"@type\":\"ImageObject\",\"inLanguage\":\"hu\",\"@id\":\"https:\\\/\\\/secure.gravatar.com\\\/avatar\\\/61d268e57d1f4525b111222e29d2d5a7f8c420fdbf231ba5566a8ceac74fa960?s=96&d=mm&r=g\",\"url\":\"https:\\\/\\\/secure.gravatar.com\\\/avatar\\\/61d268e57d1f4525b111222e29d2d5a7f8c420fdbf231ba5566a8ceac74fa960?s=96&d=mm&r=g\",\"contentUrl\":\"https:\\\/\\\/secure.gravatar.com\\\/avatar\\\/61d268e57d1f4525b111222e29d2d5a7f8c420fdbf231ba5566a8ceac74fa960?s=96&d=mm&r=g\",\"caption\":\"Tibor atya\"},\"url\":\"https:\\\/\\\/stuttgarti-katolikusok.de\\\/index.php\\\/author\\\/tibor-atya\\\/\"}]}<\/script>\n<!-- \/ Yoast SEO plugin. -->","yoast_head_json":{"title":"Az igazi nagy szerelem... - Stuttgarti Katolikusok","robots":{"index":"index","follow":"follow","max-snippet":"max-snippet:-1","max-image-preview":"max-image-preview:large","max-video-preview":"max-video-preview:-1"},"canonical":"https:\/\/stuttgarti-katolikusok.de\/index.php\/az-igazi-nagy-szerelem\/","og_locale":"hu_HU","og_type":"article","og_title":"Az igazi nagy szerelem... - Stuttgarti Katolikusok","og_description":"Az igazi nagy szerelem&#8230; &nbsp; Mikor l\u00e1ttam, hogy idegen vagy, odamentem hozz\u00e1d, mert azt hittem: az els\u0151\u00e1ldoz\u00f3k egyik\u00e9nek vagy a rokona. Nem, v\u00e1laszoltad kiss\u00e9 belepirulva, el\u0151sz\u00f6r vagy itt, mert rokonaidhoz j\u00f6tt\u00e9l, \u00e9s azok azt aj\u00e1nlott\u00e1k, hogy n\u00e9zz be a katolikusokhoz, mert ott sok hozz\u00e1d hasonl\u00f3 fiatal is meg szokott fordulni. Mikor azt k\u00e9rdeztem, hogy kit ismersz a jelenl\u00e9v\u0151k k\u00f6z\u00fcl, akkor sz\u00e9gyell\u0151sen megingattad a fejed, s azt mondtad bizakod\u00f3an: M\u00e9g senkit, de \u00fagy l\u00e1tod, lesz itt kit megsz\u00f3l\u00edtanod&#8230; M\u00e9g hamar elmondtad, hogy k\u00e9t gyermekre vigy\u00e1zol, \u00e9s nagyon szereted, amit csin\u00e1lsz&#8230;, de l\u00e1ttam, hogy elharaptad a sz\u00f3t, mert nem akarsz azonnal kit\u00e1rulkozni. &nbsp; \u00c9n azonban, mint minden ilyen alkalommal, t\u0151led is megk\u00e9rdeztem: &#8211; Csak ennyi? Meglep\u0151dt\u00e9l, s mert azt hitted, bel\u00e9d l\u00e1tok, \u00e9s m\u00e9g elmondtad azt is, hogy \u00e9pp egy kapcsolatod ment otthon t\u00f6nkre, mert \u2013 b\u00e1r nem volt a legrosszabb, de \u2013 nem \u00e9rezted magad benne szabadnak&#8230; &nbsp; Ekkor m\u00e1r b\u00e1ntam, hogy ennyire intim dolgokr\u00f3l k\u00e9rdeztelek (holott nem tettem, csak te \u00e9rtetted f\u00e9lre a k\u00e9rd\u00e9st&#8230;), \u00e9s mert nem akartam el\u0151tted a mindentud\u00f3 szerep\u00e9ben tetszelegni, csak annyit v\u00e1laszoltam neked: Istennek erre is gondja lesz, megl\u00e1tod! &nbsp; De mert nem akarok mindent Istent\u0151l elv\u00e1rni, k\u00fcl\u00f6n\u00f6sk\u00e9ppen ilyen fontos emberi sorsfordul\u00f3 alkalm\u00e1val, mint a p\u00e1rkapcsolat, na meg azt\u00e1n m\u00e9gis csak konkr\u00e9tabb v\u00e1laszt is szeretn\u00e9k neked adni az im\u00e1n\u00e1l, amit az\u00f3ta \u00e9rted is \u00e9g fel\u00e9 k\u00fcld\u00f6zgetek, hadd \u00fczenem meg neked, hogy szerintem, ha egy kapcsolatban az egyik f\u00e9l mindenk\u00e9pp fel\u00fcl akar kerekedni a m\u00e1sikon, abb\u00f3l csak pokol lesz \u00e9s nem a rem\u00e9lt mennyorsz\u00e1g. &nbsp; Azt\u00e1n hadd aj\u00e1nljam neked \u00e9s a hozz\u00e1d hasonl\u00f3, \u201eigazi szerelmet\u201d keres\u0151nek a vil\u00e1gh\u00edr\u0171 argentin pszichoterapeuta, Jorge Bucayn\u00e1l (*1949) veretes sorait, amelyek tal\u00e1n seg\u00edtenek abban, hogy meg\u00e9rtsd: milyen partnert is kellene keresned? &nbsp; \u201eAzt szeretn\u00e9m, hogy meghallgass \u2013 an\u00e9lk\u00fcl, hogy azonnal \u00edt\u00e9letet mondan\u00e1l f\u00f6l\u00f6ttem. Azt szeretn\u00e9m, hogy megmond a v\u00e9lem\u00e9nyed &#8211; an\u00e9lk\u00fcl,\u00a0 hogy... R\u00e9szletek","og_url":"https:\/\/stuttgarti-katolikusok.de\/index.php\/az-igazi-nagy-szerelem\/","og_site_name":"Stuttgarti Katolikusok","article_published_time":"2018-06-17T14:56:28+00:00","article_modified_time":"2020-04-27T15:25:51+00:00","author":"Tibor atya","twitter_card":"summary_large_image","twitter_misc":{"Szerz\u0151:":"Tibor atya","Becs\u00fclt olvas\u00e1si id\u0151":"3 perc"},"schema":{"@context":"https:\/\/schema.org","@graph":[{"@type":"Article","@id":"https:\/\/stuttgarti-katolikusok.de\/index.php\/az-igazi-nagy-szerelem\/#article","isPartOf":{"@id":"https:\/\/stuttgarti-katolikusok.de\/index.php\/az-igazi-nagy-szerelem\/"},"author":{"name":"Tibor atya","@id":"https:\/\/stuttgarti-katolikusok.de\/#\/schema\/person\/75908d6f8fdc03a57889d27209df7795"},"headline":"Az igazi nagy szerelem&#8230;","datePublished":"2018-06-17T14:56:28+00:00","dateModified":"2020-04-27T15:25:51+00:00","mainEntityOfPage":{"@id":"https:\/\/stuttgarti-katolikusok.de\/index.php\/az-igazi-nagy-szerelem\/"},"wordCount":695,"articleSection":["Gondolatok"],"inLanguage":"hu"},{"@type":"WebPage","@id":"https:\/\/stuttgarti-katolikusok.de\/index.php\/az-igazi-nagy-szerelem\/","url":"https:\/\/stuttgarti-katolikusok.de\/index.php\/az-igazi-nagy-szerelem\/","name":"Az igazi nagy szerelem... - Stuttgarti Katolikusok","isPartOf":{"@id":"https:\/\/stuttgarti-katolikusok.de\/#website"},"datePublished":"2018-06-17T14:56:28+00:00","dateModified":"2020-04-27T15:25:51+00:00","author":{"@id":"https:\/\/stuttgarti-katolikusok.de\/#\/schema\/person\/75908d6f8fdc03a57889d27209df7795"},"breadcrumb":{"@id":"https:\/\/stuttgarti-katolikusok.de\/index.php\/az-igazi-nagy-szerelem\/#breadcrumb"},"inLanguage":"hu","potentialAction":[{"@type":"ReadAction","target":["https:\/\/stuttgarti-katolikusok.de\/index.php\/az-igazi-nagy-szerelem\/"]}]},{"@type":"BreadcrumbList","@id":"https:\/\/stuttgarti-katolikusok.de\/index.php\/az-igazi-nagy-szerelem\/#breadcrumb","itemListElement":[{"@type":"ListItem","position":1,"name":"Kezd\u0151lap","item":"https:\/\/stuttgarti-katolikusok.de\/"},{"@type":"ListItem","position":2,"name":"Az igazi nagy szerelem&#8230;"}]},{"@type":"WebSite","@id":"https:\/\/stuttgarti-katolikusok.de\/#website","url":"https:\/\/stuttgarti-katolikusok.de\/","name":"Stuttgarti Katolikusok","description":"","potentialAction":[{"@type":"SearchAction","target":{"@type":"EntryPoint","urlTemplate":"https:\/\/stuttgarti-katolikusok.de\/?s={search_term_string}"},"query-input":{"@type":"PropertyValueSpecification","valueRequired":true,"valueName":"search_term_string"}}],"inLanguage":"hu"},{"@type":"Person","@id":"https:\/\/stuttgarti-katolikusok.de\/#\/schema\/person\/75908d6f8fdc03a57889d27209df7795","name":"Tibor atya","image":{"@type":"ImageObject","inLanguage":"hu","@id":"https:\/\/secure.gravatar.com\/avatar\/61d268e57d1f4525b111222e29d2d5a7f8c420fdbf231ba5566a8ceac74fa960?s=96&d=mm&r=g","url":"https:\/\/secure.gravatar.com\/avatar\/61d268e57d1f4525b111222e29d2d5a7f8c420fdbf231ba5566a8ceac74fa960?s=96&d=mm&r=g","contentUrl":"https:\/\/secure.gravatar.com\/avatar\/61d268e57d1f4525b111222e29d2d5a7f8c420fdbf231ba5566a8ceac74fa960?s=96&d=mm&r=g","caption":"Tibor atya"},"url":"https:\/\/stuttgarti-katolikusok.de\/index.php\/author\/tibor-atya\/"}]}},"_links":{"self":[{"href":"https:\/\/stuttgarti-katolikusok.de\/index.php\/wp-json\/wp\/v2\/posts\/14695","targetHints":{"allow":["GET"]}}],"collection":[{"href":"https:\/\/stuttgarti-katolikusok.de\/index.php\/wp-json\/wp\/v2\/posts"}],"about":[{"href":"https:\/\/stuttgarti-katolikusok.de\/index.php\/wp-json\/wp\/v2\/types\/post"}],"author":[{"embeddable":true,"href":"https:\/\/stuttgarti-katolikusok.de\/index.php\/wp-json\/wp\/v2\/users\/3"}],"replies":[{"embeddable":true,"href":"https:\/\/stuttgarti-katolikusok.de\/index.php\/wp-json\/wp\/v2\/comments?post=14695"}],"version-history":[{"count":1,"href":"https:\/\/stuttgarti-katolikusok.de\/index.php\/wp-json\/wp\/v2\/posts\/14695\/revisions"}],"predecessor-version":[{"id":14697,"href":"https:\/\/stuttgarti-katolikusok.de\/index.php\/wp-json\/wp\/v2\/posts\/14695\/revisions\/14697"}],"wp:attachment":[{"href":"https:\/\/stuttgarti-katolikusok.de\/index.php\/wp-json\/wp\/v2\/media?parent=14695"}],"wp:term":[{"taxonomy":"category","embeddable":true,"href":"https:\/\/stuttgarti-katolikusok.de\/index.php\/wp-json\/wp\/v2\/categories?post=14695"},{"taxonomy":"post_tag","embeddable":true,"href":"https:\/\/stuttgarti-katolikusok.de\/index.php\/wp-json\/wp\/v2\/tags?post=14695"}],"curies":[{"name":"wp","href":"https:\/\/api.w.org\/{rel}","templated":true}]}}