{"id":14538,"date":"2018-05-28T14:48:58","date_gmt":"2018-05-28T14:48:58","guid":{"rendered":"https:\/\/gracious-dewdney.138-201-221-2.plesk.page\/?p=14538"},"modified":"2018-05-28T14:48:58","modified_gmt":"2018-05-28T14:48:58","slug":"urnapjara","status":"publish","type":"post","link":"https:\/\/stuttgarti-katolikusok.de\/index.php\/urnapjara\/","title":{"rendered":"\u00darnapj\u00e1ra"},"content":{"rendered":"<ol start=\"2018\">\n<li><strong> j\u00fanius 3.<\/strong><\/li>\n<\/ol>\n<p><strong>Szenth\u00e1roms\u00e1g vas\u00e1rnapja ut\u00e1ni vas\u00e1rnap<\/strong><\/p>\n<p><strong>KRISZTUS SZENT TESTE \u00c9S V\u00c9RE: \u00daRNAPJA<\/strong><\/p>\n<p>Az Eukarisztia azt jelenti sz\u00e1munkra, hogy Krisztus \u00fajra f\u00f6ldre sz\u00e1llt, \u00e9s v\u00e1ndorl\u00e1sunk t\u00e1rsa\u00a0 lett. A k\u00f6zt\u00fcnk jelenlev\u0151 J\u00e9zus az Egyh\u00e1z legnagyobb kincse. Az olt\u00e1rszekr\u00e9nyben \u0151rizz\u00fck, \u00darnapj\u00e1n azonban megmutatjuk a vil\u00e1gnak is. Az \u00farnapi k\u00f6rmenetben nagy tisztelettel vegy\u00fck k\u00f6r\u00fcl \u0151t. Ezzel mutassuk meg hit\u00fcnket, h\u00e1l\u00e1nkat \u00e9s szeretet\u00fcnket.<\/p>\n<p><strong>\u00a0<\/strong><strong>KEZD\u0150\u00c9NEK<\/strong>\u00a0\u00a0\u00a0\u00a0\u00a0\u00a0\u00a0\u00a0\u00a0\u00a0\u00a0\u00a0\u00a0\u00a0\u00a0\u00a0\u00a0\u00a0\u00a0\u00a0\u00a0\u00a0\u00a0\u00a0\u00a0\u00a0\u00a0\u00a0\u00a0\u00a0\u00a0\u00a0\u00a0\u00a0\u00a0\u00a0\u00a0\u00a0\u00a0\u00a0\u00a0\u00a0\u00a0\u00a0\u00a0\u00a0\u00a0\u00a0\u00a0\u00a0 <em>Zsolt 80, 17<\/em><\/p>\n<p>A gabona jav\u00e1val t\u00e1pl\u00e1lta \u0151ket az \u00dar, \u00e9s j\u00f3llakatta m\u00e9zzel a szikl\u00e1b\u00f3l.<\/p>\n<p><strong>\u00a0<\/strong><strong>OLVASM\u00c1NY<\/strong>\u00a0\u00a0\u00a0\u00a0\u00a0\u00a0\u00a0\u00a0\u00a0\u00a0\u00a0\u00a0\u00a0\u00a0\u00a0\u00a0\u00a0\u00a0\u00a0\u00a0\u00a0\u00a0\u00a0\u00a0\u00a0\u00a0\u00a0\u00a0\u00a0\u00a0\u00a0\u00a0\u00a0\u00a0\u00a0\u00a0\u00a0\u00a0\u00a0\u00a0\u00a0\u00a0\u00a0\u00a0\u00a0\u00a0\u00a0\u00a0\u00a0\u00a0\u00a0\u00a0\u00a0\u00a0\u00a0\u00a0 <em>Kiv 24, 3\u20138<\/em><\/p>\n<p>Az \u00d3sz\u00f6vets\u00e9get az \u00e1ldozati \u00e1llatok v\u00e9r\u00e9vel val\u00f3 meghint\u00e9s pecs\u00e9telte meg. Az \u00faj \u00e9s \u00f6r\u00f6k sz\u00f6vets\u00e9g pedig J\u00e9zus v\u00e9re \u00e1ltal k\u00f6ttetett meg. Krisztus v\u00e9re b\u0171neink v\u00e1lts\u00e1gd\u00edja \u00e9s megszentel\u0151d\u00e9s\u00fcnk z\u00e1loga.<\/p>\n<p><strong>V\u00c1LASZOS ZSOLT\u00c1R<\/strong> \u00a0\u00a0\u00a0\u00a0\u00a0\u00a0\u00a0\u00a0\u00a0\u00a0\u00a0\u00a0\u00a0\u00a0\u00a0\u00a0\u00a0\u00a0\u00a0\u00a0\u00a0\u00a0\u00a0\u00a0\u00a0<em>\u00a0\u00a0\u00a0\u00a0\u00a0\u00a0\u00a0\u00a0\u00a0\u00a0115. Zsolt\u00e1r<\/em><\/p>\n<p><strong>V\u00e1lasz: Veszem az <u>\u00fc<\/u>dv\u00f6ss\u00e9g kelyh\u00e9t, * \u00e9s az \u00dar nev\u00e9t h\u00edvom s<u>e<\/u>g\u00edts\u00e9g\u00fcl.<\/strong><\/p>\n<p><strong>SZENTLECKE\u00a0 <\/strong>\u00a0\u00a0\u00a0\u00a0\u00a0\u00a0\u00a0\u00a0\u00a0\u00a0\u00a0\u00a0\u00a0\u00a0\u00a0\u00a0\u00a0\u00a0\u00a0\u00a0\u00a0\u00a0\u00a0\u00a0\u00a0\u00a0\u00a0\u00a0\u00a0\u00a0<em>\u00a0\u00a0\u00a0\u00a0\u00a0\u00a0\u00a0\u00a0\u00a0\u00a0\u00a0\u00a0\u00a0\u00a0\u00a0\u00a0Zsid 9, 11\u201315<\/em><\/p>\n<p>Krisztus \u00e9let\u00e9nek egyed\u00fcl\u00e1ll\u00f3 saj\u00e1toss\u00e1ga, hogy egy szem\u00e9lyben f\u0151pap \u00e9s \u00e1ldozat. \u00c1ldozata a b\u0171nbocs\u00e1nat forr\u00e1sa. Fel\u00e1ldozott test\u00e9nek \u00e9s v\u00e9r\u00e9nek v\u00e9tele az \u00f6r\u00f6k \u00e9let z\u00e1loga.<\/p>\n<p><strong>\u00a0<\/strong><strong>SZEKVENCIA <\/strong>\u00a0\u00a0\u00a0\u00a0\u00a0\u00a0\u00a0\u00a0\u00a0\u00a0\u00a0\u00a0\u00a0\u00a0\u00a0\u00a0\u00a0\u00a0\u00a0\u00a0\u00a0\u00a0\u00a0\u00a0\u00a0\u00a0\u00a0\u00a0\u00a0\u00a0\u00a0\u00a0\u00a0\u00a0\u00a0\u00a0\u00a0\u00a0\u00a0\u00a0\u00a0\u00a0\u00a0\u00a0\u00a0\u00a0\u00a0\u00a0\u00a0<em>SZVU 107. \u00e9nek<\/em><\/p>\n<p>Dics\u00e9rd, Sion, \u00dcdv\u00f6z\u00edt\u0151d: j\u00f3 P\u00e1sztorod, h\u0171 seg\u00edt\u0151d \u00e1ldja hangos \u00e9neked!<\/p>\n<p><strong>\u00a0<\/strong><strong>ALLELUJA<\/strong>\u00a0\u00a0\u00a0\u00a0\u00a0\u00a0\u00a0\u00a0\u00a0\u00a0\u00a0\u00a0\u00a0\u00a0\u00a0\u00a0\u00a0\u00a0\u00a0\u00a0\u00a0\u00a0\u00a0\u00a0\u00a0\u00a0\u00a0\u00a0\u00a0\u00a0\u00a0\u00a0\u00a0\u00a0\u00a0\u00a0\u00a0\u00a0\u00a0\u00a0\u00a0\u00a0\u00a0\u00a0\u00a0\u00a0\u00a0\u00a0\u00a0\u00a0\u00a0\u00a0\u00a0\u00a0\u00a0\u00a0\u00a0\u00a0\u00a0\u00a0\u00a0\u00a0\u00a0\u00a0\u00a0 \u00a0\u00a0\u00a0\u00a0<em>Jn 6, 51<\/em><\/p>\n<p>J\u00e9zus mondja: \u201e\u00c9n vagyok az \u00e9gb\u0151l sz\u00e1llott \u00e9l\u0151 keny\u00e9r. * Aki eszik ebb\u0151l a keny\u00e9rb\u0151l, \u00f6r\u00f6kk\u00e9 \u00e9lni fog.\u201d<\/p>\n<p><strong>\u00a0<\/strong><strong>EVANG\u00c9LIUM<\/strong>\u00a0\u00a0\u00a0\u00a0\u00a0\u00a0\u00a0\u00a0\u00a0\u00a0\u00a0\u00a0\u00a0\u00a0\u00a0\u00a0\u00a0\u00a0\u00a0\u00a0\u00a0\u00a0\u00a0\u00a0\u00a0\u00a0\u00a0\u00a0\u00a0\u00a0\u00a0\u00a0\u00a0 <em>Mt 14, 12\u201316. 22\u201326<\/em><\/p>\n<p>J\u00e9zus az utols\u00f3 vacsor\u00e1n el\u0151v\u00e9telezte a kereszt\u00e1ldozatot. A keny\u00e9r \u00e9s a bor sz\u00edne alatt \u00e1ldozati test\u00e9t \u00e9s v\u00e9r\u00e9t ny\u00fajtotta tan\u00edtv\u00e1nyainak, s ezzel \u00e1ldozat\u00e1nak r\u00e9szeseiv\u00e9 is tette \u0151ket. A mai szentmis\u00e9ben k\u00fcl\u00f6n\u00f6s odaad\u00e1ssal kapcsol\u00f3djunk bele mi is Krisztus \u00e1ldozat\u00e1ba.<\/p>\n<p><strong>\u00a0<\/strong><strong>R\u00d6VID FOH\u00c1SZOK<\/strong><\/p>\n<p>Add, Urunk, hogy Egyh\u00e1zad egy legyen a keny\u00e9rt\u00f6r\u00e9s k\u00f6z\u00f6ss\u00e9g\u00e9ben! * Szenteld meg papjainkat, hogy szentek legyenek \u00e9s szent\u00fcl szolg\u00e1ltass\u00e1k ki szents\u00e9geidet! * \u00dagy nevelj minket az Olt\u00e1riszents\u00e9g gyakori v\u00e9tele \u00e1ltal, hogy mindenn\u00e9l t\u00f6bbre becs\u00fclj\u00fck lelk\u00fcnk kegyelmi \u00e1llapot\u00e1t! * Add, Urunk, hogy szeretetlakom\u00e1dra, a szentmis\u00e9re sz\u00f3l\u00f3 h\u00edv\u00e1snak mindig \u00f6r\u00f6mmel \u00e9s \u00e1ldozatk\u00e9sz l\u00e9lekkel engedelmeskedj\u00fcnk! * Ne engedd, Urunk, hogy a Szent \u00datraval\u00f3 n\u00e9lk\u00fcl t\u00e1vozzunk a f\u00f6ldi \u00e9letb\u0151l!<\/p>\n<p><strong>\u00a0<\/strong><strong>AZ EUKARISZTI\u00c1HOZ<\/strong><\/p>\n<p>A mai \u00fcnnep nagy \u00f6r\u00f6me \u00e9s boldogs\u00e1ga, hogy J\u00e9zus val\u00f3ban itt van k\u00f6z\u00f6tt\u00fcnk az Olt\u00e1riszents\u00e9gben. T\u00f6rekedj\u00fcnk arra, hogy szeretetben is k\u00f6zelebb ker\u00fclj\u00fcnk egym\u00e1shoz.<\/p>\n<p><strong>\u00a0<\/strong><strong>\u00c1LDOZ\u00c1SI \u00c9NEK<\/strong>\u00a0\u00a0\u00a0\u00a0\u00a0\u00a0\u00a0\u00a0\u00a0\u00a0\u00a0\u00a0\u00a0\u00a0\u00a0\u00a0\u00a0\u00a0\u00a0\u00a0\u00a0\u00a0\u00a0\u00a0\u00a0\u00a0\u00a0\u00a0\u00a0\u00a0\u00a0\u00a0\u00a0\u00a0\u00a0\u00a0\u00a0\u00a0\u00a0\u00a0\u00a0\u00a0\u00a0\u00a0\u00a0\u00a0\u00a0\u00a0\u00a0\u00a0\u00a0\u00a0\u00a0\u00a0\u00a0\u00a0\u00a0 <em>Jn 6, 57<\/em>\u00a0\u00a0\u00a0\u00a0\u00a0\u00a0\u00a0\u00a0\u00a0\u00a0 <em>\u00a0<\/em><\/p>\n<p>Aki eszi az \u00e9n testemet \u00e9s issza az \u00e9n v\u00e9remet, az bennem marad, \u00e9n meg benne \u2013 mondja az \u00dar.<\/p>\n<p><strong>IM\u00c1DS\u00c1G AZ OLT\u00c1RISZENTS\u00c9G EL\u0150TT<\/strong><\/p>\n<p>\u00dcdv\u00f6zl\u00e9gy, \u00f6r\u00f6kk\u00e9 \u00e1ldott l\u00e9gy az Olt\u00e1riszents\u00e9gben jelenl\u00e9v\u0151 isteni F\u00f6ls\u00e9g! Isten \u00e9s ember, Krisztus J\u00e9zus, minden \u00e1ld\u00e1s \u00e9s \u00e9let k\u00fatfeje, menny \u00e9s f\u00f6ld Ura, Istene! Akit az angyalok \u00e9s szentek im\u00e1dnak az \u00e9gben, mi is im\u00e1dunk t\u00e9ged az Olt\u00e1riszents\u00e9gben. H\u00e1l\u00e1t adunk neked, Istennek fia, aki emberr\u00e9 lett\u00e9l, aki \u00fcdv\u00f6ss\u00e9g\u00fcnk\u00e9rt \u00e1ldozatul adtad \u00f6nmagadat a kereszt olt\u00e1r\u00e1n, \u00e9s minden szentmis\u00e9ben r\u00e9szes\u00edtesz minket e megv\u00e1lt\u00f3 \u00e1ldozatban. Hittel valljuk, hogy aki e keny\u00e9rb\u0151l eszik, \u00f6r\u00f6kk\u00e9 \u00e9l, hiszen ez\u00e9rt adtad magadat lelk\u00fcnk eledel\u00e9\u00fcl a szent\u00e1ldoz\u00e1sban. Engedd, Urunk, hogy sohase vegy\u00fcnk t\u00e9ged \u00edt\u00e9let\u00fcnkre, hanem a szeretet e szents\u00e9ge v\u00e1lj\u00e9k lelk\u00fcnk \u00fcdv\u00f6ss\u00e9g\u00e9re. Amen.<\/p>\n<p>&nbsp;<\/p>\n<p><strong>P\u00fcnk\u00f6sd m\u00e1sodik vas\u00e1rnapja ut\u00e1ni p\u00e9ntek: j\u00fanius 8.<\/strong><\/p>\n<p><strong>J\u00c9ZUS SZENT SZ\u00cdVE<\/strong><\/p>\n<p>A f\u0151\u00fcnnepen felid\u00e9zz\u00fck azt a szeretetet, amely J\u00e9zus istenemberi sz\u00edv\u00e9b\u0151l \u00e1radt \u00e9s \u00e1rad ma is a vil\u00e1gba. Megeml\u00e9kez\u00fcnk mindenr\u0151l, amit J\u00e9zus \u00e9rt\u00fcnk szeretetb\u0151l tett: ki\u00fcres\u00edtette \u00f6nmag\u00e1t, szolgai alakot \u00f6lt\u00f6tt, a f\u00e1jdalmak f\u00e9rfia lett, \u00e9s a kereszten f\u00fcgg\u0151 test\u00e9t \u00e1tj\u00e1rta a katona l\u00e1ndzs\u00e1ja. Mi is szeress\u00fck \u0151t teljes sz\u00edv\u00fcnkb\u0151l, \u00e9s legy\u00fcnk \u00e9rte k\u00e9szek minden \u00e1ldozatra.<\/p>\n<p>J\u00e9zus \u00e1tsz\u00fart Sz\u00edv\u00e9b\u0151l j\u00f6ttek l\u00e9tre a szents\u00e9gek, amelyek \u00e1ltal \u00e9ltet minket. K\u00fcl\u00f6n\u00f6sen is vonatkozik ez az Eukariszti\u00e1ra, amelyben J\u00e9zus saj\u00e1t test\u00e9t adja nek\u00fcnk lelk\u00fcnk t\u00e1pl\u00e1l\u00e1s\u00e1ra.Tragikus dolog, hogy mai \u00e9let\u00fcnk igen \u00fcres lelkiekben, viszont tele van l\u00e9lektani p\u00f3tl\u00e9kokkal. Mindenfel\u00e9 az ember mag\u00e1nyoss\u00e1g\u00e1r\u00f3l \u00e9s az \u00e9let \u00fcress\u00e9g\u00e9r\u0151l besz\u00e9lnek. S sz\u00edvtelens\u00e9gr\u0151l&#8230; J\u00e9zus szem\u00e9ly\u00e9t \u00e9s szeretet\u00e9t, amely benn\u00fcnk \u00e9l, l\u00e1that\u00f3v\u00e1 \u00e9s \u00e9rezhet\u0151v\u00e9 kell tenn\u00fcnk a vil\u00e1gban. * Szel\u00edd \u00e9s al\u00e1zatos sz\u00edv\u0171 J\u00e9zus, alak\u00edtsd sz\u00edv\u00fcnket a te Sz\u00edved szerint.<\/p>\n<p><strong>FOH\u00c1SZOK M\u00c1RIA SZEPL\u0150TELEN SZ\u00cdV\u00c9HEZ<\/strong><\/p>\n<p>M\u00e1ria Szepl\u0151telen Sz\u00edve, esdd ki sz\u00e1momra, hogy mindig \u00e9s mindenben Isten akarat\u00e1t teljes\u00edtsem!<\/p>\n<p>M\u00e1ria Szepl\u0151telen Sz\u00edve, esdd ki sz\u00e1momra a t\u00e9ged k\u00f6vet\u0151 igazi al\u00e1zatoss\u00e1got, megal\u00e1ztat\u00e1st, \u00e9s sohase keressem az emberek dics\u00e9ret\u00e9t!<\/p>\n<p>M\u00e1ria Szepl\u0151telen Sz\u00edve, tedd, hogy minden neh\u00e9zs\u00e9gben, kellemetlens\u00e9gben \u00e9s bajban megnyugv\u00e1ssal \u00e9s hittel tudjam mondani: \u201eLegyen meg a te akaratod!\u201d<\/p>\n<p>M\u00e1ria Szepl\u0151telen Sz\u00edve, add, hogy soha ne tagadjam meg senkit\u0151l seg\u00edts\u00e9gemet, im\u00e1imat, tan\u00e1csaimat!<\/p>\n<p>&nbsp;<\/p>\n","protected":false},"excerpt":{"rendered":"<p>j\u00fanius 3. Szenth\u00e1roms\u00e1g vas\u00e1rnapja ut\u00e1ni vas\u00e1rnap KRISZTUS SZENT TESTE \u00c9S V\u00c9RE: \u00daRNAPJA Az Eukarisztia azt jelenti sz\u00e1munkra, hogy Krisztus \u00fajra f\u00f6ldre sz\u00e1llt, \u00e9s v\u00e1ndorl\u00e1sunk t\u00e1rsa\u00a0 lett. A k\u00f6zt\u00fcnk jelenlev\u0151 J\u00e9zus az Egyh\u00e1z legnagyobb kincse. Az olt\u00e1rszekr\u00e9nyben \u0151rizz\u00fck, \u00darnapj\u00e1n azonban megmutatjuk a vil\u00e1gnak is. Az \u00farnapi k\u00f6rmenetben nagy tisztelettel vegy\u00fck k\u00f6r\u00fcl \u0151t. Ezzel mutassuk meg hit\u00fcnket, h\u00e1l\u00e1nkat \u00e9s szeretet\u00fcnket. \u00a0KEZD\u0150\u00c9NEK\u00a0\u00a0\u00a0\u00a0\u00a0\u00a0\u00a0\u00a0\u00a0\u00a0\u00a0\u00a0\u00a0\u00a0\u00a0\u00a0\u00a0\u00a0\u00a0\u00a0\u00a0\u00a0\u00a0\u00a0\u00a0\u00a0\u00a0\u00a0\u00a0\u00a0\u00a0\u00a0\u00a0\u00a0\u00a0\u00a0\u00a0\u00a0\u00a0\u00a0\u00a0\u00a0\u00a0\u00a0\u00a0\u00a0\u00a0\u00a0\u00a0\u00a0 Zsolt 80, 17 A gabona jav\u00e1val t\u00e1pl\u00e1lta \u0151ket az \u00dar, \u00e9s j\u00f3llakatta m\u00e9zzel a szikl\u00e1b\u00f3l. \u00a0OLVASM\u00c1NY\u00a0\u00a0\u00a0\u00a0\u00a0\u00a0\u00a0\u00a0\u00a0\u00a0\u00a0\u00a0\u00a0\u00a0\u00a0\u00a0\u00a0\u00a0\u00a0\u00a0\u00a0\u00a0\u00a0\u00a0\u00a0\u00a0\u00a0\u00a0\u00a0\u00a0\u00a0\u00a0\u00a0\u00a0\u00a0\u00a0\u00a0\u00a0\u00a0\u00a0\u00a0\u00a0\u00a0\u00a0\u00a0\u00a0\u00a0\u00a0\u00a0\u00a0\u00a0\u00a0\u00a0\u00a0\u00a0\u00a0 Kiv 24, 3\u20138 Az \u00d3sz\u00f6vets\u00e9get az \u00e1ldozati \u00e1llatok v\u00e9r\u00e9vel val\u00f3 meghint\u00e9s pecs\u00e9telte meg. Az \u00faj \u00e9s \u00f6r\u00f6k sz\u00f6vets\u00e9g pedig J\u00e9zus v\u00e9re \u00e1ltal k\u00f6ttetett meg. Krisztus v\u00e9re b\u0171neink v\u00e1lts\u00e1gd\u00edja \u00e9s megszentel\u0151d\u00e9s\u00fcnk z\u00e1loga. V\u00c1LASZOS ZSOLT\u00c1R \u00a0\u00a0\u00a0\u00a0\u00a0\u00a0\u00a0\u00a0\u00a0\u00a0\u00a0\u00a0\u00a0\u00a0\u00a0\u00a0\u00a0\u00a0\u00a0\u00a0\u00a0\u00a0\u00a0\u00a0\u00a0\u00a0\u00a0\u00a0\u00a0\u00a0\u00a0\u00a0\u00a0\u00a0\u00a0115. Zsolt\u00e1r V\u00e1lasz: Veszem az \u00fcdv\u00f6ss\u00e9g kelyh\u00e9t, * \u00e9s az \u00dar nev\u00e9t h\u00edvom seg\u00edts\u00e9g\u00fcl. SZENTLECKE\u00a0 \u00a0\u00a0\u00a0\u00a0\u00a0\u00a0\u00a0\u00a0\u00a0\u00a0\u00a0\u00a0\u00a0\u00a0\u00a0\u00a0\u00a0\u00a0\u00a0\u00a0\u00a0\u00a0\u00a0\u00a0\u00a0\u00a0\u00a0\u00a0\u00a0\u00a0\u00a0\u00a0\u00a0\u00a0\u00a0\u00a0\u00a0\u00a0\u00a0\u00a0\u00a0\u00a0\u00a0\u00a0\u00a0\u00a0Zsid 9, 11\u201315 Krisztus \u00e9let\u00e9nek egyed\u00fcl\u00e1ll\u00f3 saj\u00e1toss\u00e1ga, hogy egy szem\u00e9lyben f\u0151pap \u00e9s \u00e1ldozat. \u00c1ldozata a b\u0171nbocs\u00e1nat forr\u00e1sa. Fel\u00e1ldozott test\u00e9nek \u00e9s v\u00e9r\u00e9nek v\u00e9tele az \u00f6r\u00f6k \u00e9let z\u00e1loga. \u00a0SZEKVENCIA \u00a0\u00a0\u00a0\u00a0\u00a0\u00a0\u00a0\u00a0\u00a0\u00a0\u00a0\u00a0\u00a0\u00a0\u00a0\u00a0\u00a0\u00a0\u00a0\u00a0\u00a0\u00a0\u00a0\u00a0\u00a0\u00a0\u00a0\u00a0\u00a0\u00a0\u00a0\u00a0\u00a0\u00a0\u00a0\u00a0\u00a0\u00a0\u00a0\u00a0\u00a0\u00a0\u00a0\u00a0\u00a0\u00a0\u00a0\u00a0\u00a0SZVU 107. \u00e9nek Dics\u00e9rd, Sion, \u00dcdv\u00f6z\u00edt\u0151d: j\u00f3 P\u00e1sztorod, h\u0171 seg\u00edt\u0151d \u00e1ldja hangos \u00e9neked! \u00a0ALLELUJA\u00a0\u00a0\u00a0\u00a0\u00a0\u00a0\u00a0\u00a0\u00a0\u00a0\u00a0\u00a0\u00a0\u00a0\u00a0\u00a0\u00a0\u00a0\u00a0\u00a0\u00a0\u00a0\u00a0\u00a0\u00a0\u00a0\u00a0\u00a0\u00a0\u00a0\u00a0\u00a0\u00a0\u00a0\u00a0\u00a0\u00a0\u00a0\u00a0\u00a0\u00a0\u00a0\u00a0\u00a0\u00a0\u00a0\u00a0\u00a0\u00a0\u00a0\u00a0\u00a0\u00a0\u00a0\u00a0\u00a0\u00a0\u00a0\u00a0\u00a0\u00a0\u00a0\u00a0\u00a0\u00a0 \u00a0\u00a0\u00a0\u00a0Jn 6, 51 J\u00e9zus mondja: \u201e\u00c9n vagyok az \u00e9gb\u0151l sz\u00e1llott \u00e9l\u0151 keny\u00e9r. * Aki eszik ebb\u0151l a keny\u00e9rb\u0151l, \u00f6r\u00f6kk\u00e9 \u00e9lni fog.\u201d \u00a0EVANG\u00c9LIUM\u00a0\u00a0\u00a0\u00a0\u00a0\u00a0\u00a0\u00a0\u00a0\u00a0\u00a0\u00a0\u00a0\u00a0\u00a0\u00a0\u00a0\u00a0\u00a0\u00a0\u00a0\u00a0\u00a0\u00a0\u00a0\u00a0\u00a0\u00a0\u00a0\u00a0\u00a0\u00a0\u00a0 Mt 14, 12\u201316. 22\u201326 J\u00e9zus az utols\u00f3 vacsor\u00e1n el\u0151v\u00e9telezte a kereszt\u00e1ldozatot. A keny\u00e9r \u00e9s a bor sz\u00edne alatt \u00e1ldozati test\u00e9t \u00e9s v\u00e9r\u00e9t ny\u00fajtotta tan\u00edtv\u00e1nyainak, s ezzel \u00e1ldozat\u00e1nak r\u00e9szeseiv\u00e9 is tette \u0151ket. A mai szentmis\u00e9ben k\u00fcl\u00f6n\u00f6s odaad\u00e1ssal kapcsol\u00f3djunk bele mi is Krisztus \u00e1ldozat\u00e1ba. \u00a0R\u00d6VID FOH\u00c1SZOK Add, Urunk, hogy Egyh\u00e1zad egy legyen a keny\u00e9rt\u00f6r\u00e9s k\u00f6z\u00f6ss\u00e9g\u00e9ben! * Szenteld meg papjainkat, hogy szentek legyenek \u00e9s szent\u00fcl szolg\u00e1ltass\u00e1k ki szents\u00e9geidet! * \u00dagy nevelj minket az Olt\u00e1riszents\u00e9g gyakori v\u00e9tele \u00e1ltal, hogy mindenn\u00e9l t\u00f6bbre becs\u00fclj\u00fck lelk\u00fcnk kegyelmi \u00e1llapot\u00e1t! * Add, Urunk, hogy szeretetlakom\u00e1dra, a szentmis\u00e9re sz\u00f3l\u00f3 h\u00edv\u00e1snak mindig \u00f6r\u00f6mmel \u00e9s \u00e1ldozatk\u00e9sz l\u00e9lekkel engedelmeskedj\u00fcnk! * Ne engedd, Urunk, hogy a Szent \u00datraval\u00f3 n\u00e9lk\u00fcl t\u00e1vozzunk a f\u00f6ldi \u00e9letb\u0151l! \u00a0AZ EUKARISZTI\u00c1HOZ A mai \u00fcnnep&#8230; <\/p>\n<p><a class=\"readmore\" href=\"https:\/\/stuttgarti-katolikusok.de\/index.php\/urnapjara\/\">R\u00e9szletek<\/a><\/p>\n","protected":false},"author":3,"featured_media":0,"comment_status":"closed","ping_status":"closed","sticky":false,"template":"","format":"standard","meta":{"footnotes":""},"categories":[63],"tags":[],"class_list":["post-14538","post","type-post","status-publish","format-standard","hentry","category-vasarnapi-gondolatok"],"yoast_head":"<!-- This site is optimized with the Yoast SEO plugin v27.3 - https:\/\/yoast.com\/product\/yoast-seo-wordpress\/ -->\n<title>\u00darnapj\u00e1ra - Stuttgarti Katolikusok<\/title>\n<meta name=\"robots\" content=\"index, follow, max-snippet:-1, max-image-preview:large, max-video-preview:-1\" \/>\n<link rel=\"canonical\" href=\"https:\/\/stuttgarti-katolikusok.de\/index.php\/urnapjara\/\" \/>\n<meta property=\"og:locale\" content=\"hu_HU\" \/>\n<meta property=\"og:type\" content=\"article\" \/>\n<meta property=\"og:title\" content=\"\u00darnapj\u00e1ra - Stuttgarti Katolikusok\" \/>\n<meta property=\"og:description\" content=\"j\u00fanius 3. Szenth\u00e1roms\u00e1g vas\u00e1rnapja ut\u00e1ni vas\u00e1rnap KRISZTUS SZENT TESTE \u00c9S V\u00c9RE: \u00daRNAPJA Az Eukarisztia azt jelenti sz\u00e1munkra, hogy Krisztus \u00fajra f\u00f6ldre sz\u00e1llt, \u00e9s v\u00e1ndorl\u00e1sunk t\u00e1rsa\u00a0 lett. A k\u00f6zt\u00fcnk jelenlev\u0151 J\u00e9zus az Egyh\u00e1z legnagyobb kincse. Az olt\u00e1rszekr\u00e9nyben \u0151rizz\u00fck, \u00darnapj\u00e1n azonban megmutatjuk a vil\u00e1gnak is. Az \u00farnapi k\u00f6rmenetben nagy tisztelettel vegy\u00fck k\u00f6r\u00fcl \u0151t. Ezzel mutassuk meg hit\u00fcnket, h\u00e1l\u00e1nkat \u00e9s szeretet\u00fcnket. \u00a0KEZD\u0150\u00c9NEK\u00a0\u00a0\u00a0\u00a0\u00a0\u00a0\u00a0\u00a0\u00a0\u00a0\u00a0\u00a0\u00a0\u00a0\u00a0\u00a0\u00a0\u00a0\u00a0\u00a0\u00a0\u00a0\u00a0\u00a0\u00a0\u00a0\u00a0\u00a0\u00a0\u00a0\u00a0\u00a0\u00a0\u00a0\u00a0\u00a0\u00a0\u00a0\u00a0\u00a0\u00a0\u00a0\u00a0\u00a0\u00a0\u00a0\u00a0\u00a0\u00a0\u00a0 Zsolt 80, 17 A gabona jav\u00e1val t\u00e1pl\u00e1lta \u0151ket az \u00dar, \u00e9s j\u00f3llakatta m\u00e9zzel a szikl\u00e1b\u00f3l. \u00a0OLVASM\u00c1NY\u00a0\u00a0\u00a0\u00a0\u00a0\u00a0\u00a0\u00a0\u00a0\u00a0\u00a0\u00a0\u00a0\u00a0\u00a0\u00a0\u00a0\u00a0\u00a0\u00a0\u00a0\u00a0\u00a0\u00a0\u00a0\u00a0\u00a0\u00a0\u00a0\u00a0\u00a0\u00a0\u00a0\u00a0\u00a0\u00a0\u00a0\u00a0\u00a0\u00a0\u00a0\u00a0\u00a0\u00a0\u00a0\u00a0\u00a0\u00a0\u00a0\u00a0\u00a0\u00a0\u00a0\u00a0\u00a0\u00a0 Kiv 24, 3\u20138 Az \u00d3sz\u00f6vets\u00e9get az \u00e1ldozati \u00e1llatok v\u00e9r\u00e9vel val\u00f3 meghint\u00e9s pecs\u00e9telte meg. Az \u00faj \u00e9s \u00f6r\u00f6k sz\u00f6vets\u00e9g pedig J\u00e9zus v\u00e9re \u00e1ltal k\u00f6ttetett meg. Krisztus v\u00e9re b\u0171neink v\u00e1lts\u00e1gd\u00edja \u00e9s megszentel\u0151d\u00e9s\u00fcnk z\u00e1loga. V\u00c1LASZOS ZSOLT\u00c1R \u00a0\u00a0\u00a0\u00a0\u00a0\u00a0\u00a0\u00a0\u00a0\u00a0\u00a0\u00a0\u00a0\u00a0\u00a0\u00a0\u00a0\u00a0\u00a0\u00a0\u00a0\u00a0\u00a0\u00a0\u00a0\u00a0\u00a0\u00a0\u00a0\u00a0\u00a0\u00a0\u00a0\u00a0\u00a0115. Zsolt\u00e1r V\u00e1lasz: Veszem az \u00fcdv\u00f6ss\u00e9g kelyh\u00e9t, * \u00e9s az \u00dar nev\u00e9t h\u00edvom seg\u00edts\u00e9g\u00fcl. SZENTLECKE\u00a0 \u00a0\u00a0\u00a0\u00a0\u00a0\u00a0\u00a0\u00a0\u00a0\u00a0\u00a0\u00a0\u00a0\u00a0\u00a0\u00a0\u00a0\u00a0\u00a0\u00a0\u00a0\u00a0\u00a0\u00a0\u00a0\u00a0\u00a0\u00a0\u00a0\u00a0\u00a0\u00a0\u00a0\u00a0\u00a0\u00a0\u00a0\u00a0\u00a0\u00a0\u00a0\u00a0\u00a0\u00a0\u00a0\u00a0Zsid 9, 11\u201315 Krisztus \u00e9let\u00e9nek egyed\u00fcl\u00e1ll\u00f3 saj\u00e1toss\u00e1ga, hogy egy szem\u00e9lyben f\u0151pap \u00e9s \u00e1ldozat. \u00c1ldozata a b\u0171nbocs\u00e1nat forr\u00e1sa. Fel\u00e1ldozott test\u00e9nek \u00e9s v\u00e9r\u00e9nek v\u00e9tele az \u00f6r\u00f6k \u00e9let z\u00e1loga. \u00a0SZEKVENCIA \u00a0\u00a0\u00a0\u00a0\u00a0\u00a0\u00a0\u00a0\u00a0\u00a0\u00a0\u00a0\u00a0\u00a0\u00a0\u00a0\u00a0\u00a0\u00a0\u00a0\u00a0\u00a0\u00a0\u00a0\u00a0\u00a0\u00a0\u00a0\u00a0\u00a0\u00a0\u00a0\u00a0\u00a0\u00a0\u00a0\u00a0\u00a0\u00a0\u00a0\u00a0\u00a0\u00a0\u00a0\u00a0\u00a0\u00a0\u00a0\u00a0SZVU 107. \u00e9nek Dics\u00e9rd, Sion, \u00dcdv\u00f6z\u00edt\u0151d: j\u00f3 P\u00e1sztorod, h\u0171 seg\u00edt\u0151d \u00e1ldja hangos \u00e9neked! \u00a0ALLELUJA\u00a0\u00a0\u00a0\u00a0\u00a0\u00a0\u00a0\u00a0\u00a0\u00a0\u00a0\u00a0\u00a0\u00a0\u00a0\u00a0\u00a0\u00a0\u00a0\u00a0\u00a0\u00a0\u00a0\u00a0\u00a0\u00a0\u00a0\u00a0\u00a0\u00a0\u00a0\u00a0\u00a0\u00a0\u00a0\u00a0\u00a0\u00a0\u00a0\u00a0\u00a0\u00a0\u00a0\u00a0\u00a0\u00a0\u00a0\u00a0\u00a0\u00a0\u00a0\u00a0\u00a0\u00a0\u00a0\u00a0\u00a0\u00a0\u00a0\u00a0\u00a0\u00a0\u00a0\u00a0\u00a0 \u00a0\u00a0\u00a0\u00a0Jn 6, 51 J\u00e9zus mondja: \u201e\u00c9n vagyok az \u00e9gb\u0151l sz\u00e1llott \u00e9l\u0151 keny\u00e9r. * Aki eszik ebb\u0151l a keny\u00e9rb\u0151l, \u00f6r\u00f6kk\u00e9 \u00e9lni fog.\u201d \u00a0EVANG\u00c9LIUM\u00a0\u00a0\u00a0\u00a0\u00a0\u00a0\u00a0\u00a0\u00a0\u00a0\u00a0\u00a0\u00a0\u00a0\u00a0\u00a0\u00a0\u00a0\u00a0\u00a0\u00a0\u00a0\u00a0\u00a0\u00a0\u00a0\u00a0\u00a0\u00a0\u00a0\u00a0\u00a0\u00a0 Mt 14, 12\u201316. 22\u201326 J\u00e9zus az utols\u00f3 vacsor\u00e1n el\u0151v\u00e9telezte a kereszt\u00e1ldozatot. A keny\u00e9r \u00e9s a bor sz\u00edne alatt \u00e1ldozati test\u00e9t \u00e9s v\u00e9r\u00e9t ny\u00fajtotta tan\u00edtv\u00e1nyainak, s ezzel \u00e1ldozat\u00e1nak r\u00e9szeseiv\u00e9 is tette \u0151ket. A mai szentmis\u00e9ben k\u00fcl\u00f6n\u00f6s odaad\u00e1ssal kapcsol\u00f3djunk bele mi is Krisztus \u00e1ldozat\u00e1ba. \u00a0R\u00d6VID FOH\u00c1SZOK Add, Urunk, hogy Egyh\u00e1zad egy legyen a keny\u00e9rt\u00f6r\u00e9s k\u00f6z\u00f6ss\u00e9g\u00e9ben! * Szenteld meg papjainkat, hogy szentek legyenek \u00e9s szent\u00fcl szolg\u00e1ltass\u00e1k ki szents\u00e9geidet! * \u00dagy nevelj minket az Olt\u00e1riszents\u00e9g gyakori v\u00e9tele \u00e1ltal, hogy mindenn\u00e9l t\u00f6bbre becs\u00fclj\u00fck lelk\u00fcnk kegyelmi \u00e1llapot\u00e1t! * Add, Urunk, hogy szeretetlakom\u00e1dra, a szentmis\u00e9re sz\u00f3l\u00f3 h\u00edv\u00e1snak mindig \u00f6r\u00f6mmel \u00e9s \u00e1ldozatk\u00e9sz l\u00e9lekkel engedelmeskedj\u00fcnk! * Ne engedd, Urunk, hogy a Szent \u00datraval\u00f3 n\u00e9lk\u00fcl t\u00e1vozzunk a f\u00f6ldi \u00e9letb\u0151l! \u00a0AZ EUKARISZTI\u00c1HOZ A mai \u00fcnnep... R\u00e9szletek\" \/>\n<meta property=\"og:url\" content=\"https:\/\/stuttgarti-katolikusok.de\/index.php\/urnapjara\/\" \/>\n<meta property=\"og:site_name\" content=\"Stuttgarti Katolikusok\" \/>\n<meta property=\"article:published_time\" content=\"2018-05-28T14:48:58+00:00\" \/>\n<meta name=\"author\" content=\"Tibor atya\" \/>\n<meta name=\"twitter:card\" content=\"summary_large_image\" \/>\n<meta name=\"twitter:label1\" content=\"Szerz\u0151:\" \/>\n\t<meta name=\"twitter:data1\" content=\"Tibor atya\" \/>\n\t<meta name=\"twitter:label2\" content=\"Becs\u00fclt olvas\u00e1si id\u0151\" \/>\n\t<meta name=\"twitter:data2\" content=\"5 perc\" \/>\n<script type=\"application\/ld+json\" class=\"yoast-schema-graph\">{\"@context\":\"https:\\\/\\\/schema.org\",\"@graph\":[{\"@type\":\"Article\",\"@id\":\"https:\\\/\\\/stuttgarti-katolikusok.de\\\/index.php\\\/urnapjara\\\/#article\",\"isPartOf\":{\"@id\":\"https:\\\/\\\/stuttgarti-katolikusok.de\\\/index.php\\\/urnapjara\\\/\"},\"author\":{\"name\":\"Tibor atya\",\"@id\":\"https:\\\/\\\/stuttgarti-katolikusok.de\\\/#\\\/schema\\\/person\\\/75908d6f8fdc03a57889d27209df7795\"},\"headline\":\"\u00darnapj\u00e1ra\",\"datePublished\":\"2018-05-28T14:48:58+00:00\",\"mainEntityOfPage\":{\"@id\":\"https:\\\/\\\/stuttgarti-katolikusok.de\\\/index.php\\\/urnapjara\\\/\"},\"wordCount\":999,\"articleSection\":[\"Vas\u00e1rnapi gondolatok\"],\"inLanguage\":\"hu\"},{\"@type\":\"WebPage\",\"@id\":\"https:\\\/\\\/stuttgarti-katolikusok.de\\\/index.php\\\/urnapjara\\\/\",\"url\":\"https:\\\/\\\/stuttgarti-katolikusok.de\\\/index.php\\\/urnapjara\\\/\",\"name\":\"\u00darnapj\u00e1ra - Stuttgarti Katolikusok\",\"isPartOf\":{\"@id\":\"https:\\\/\\\/stuttgarti-katolikusok.de\\\/#website\"},\"datePublished\":\"2018-05-28T14:48:58+00:00\",\"author\":{\"@id\":\"https:\\\/\\\/stuttgarti-katolikusok.de\\\/#\\\/schema\\\/person\\\/75908d6f8fdc03a57889d27209df7795\"},\"breadcrumb\":{\"@id\":\"https:\\\/\\\/stuttgarti-katolikusok.de\\\/index.php\\\/urnapjara\\\/#breadcrumb\"},\"inLanguage\":\"hu\",\"potentialAction\":[{\"@type\":\"ReadAction\",\"target\":[\"https:\\\/\\\/stuttgarti-katolikusok.de\\\/index.php\\\/urnapjara\\\/\"]}]},{\"@type\":\"BreadcrumbList\",\"@id\":\"https:\\\/\\\/stuttgarti-katolikusok.de\\\/index.php\\\/urnapjara\\\/#breadcrumb\",\"itemListElement\":[{\"@type\":\"ListItem\",\"position\":1,\"name\":\"Kezd\u0151lap\",\"item\":\"https:\\\/\\\/stuttgarti-katolikusok.de\\\/\"},{\"@type\":\"ListItem\",\"position\":2,\"name\":\"\u00darnapj\u00e1ra\"}]},{\"@type\":\"WebSite\",\"@id\":\"https:\\\/\\\/stuttgarti-katolikusok.de\\\/#website\",\"url\":\"https:\\\/\\\/stuttgarti-katolikusok.de\\\/\",\"name\":\"Stuttgarti Katolikusok\",\"description\":\"\",\"potentialAction\":[{\"@type\":\"SearchAction\",\"target\":{\"@type\":\"EntryPoint\",\"urlTemplate\":\"https:\\\/\\\/stuttgarti-katolikusok.de\\\/?s={search_term_string}\"},\"query-input\":{\"@type\":\"PropertyValueSpecification\",\"valueRequired\":true,\"valueName\":\"search_term_string\"}}],\"inLanguage\":\"hu\"},{\"@type\":\"Person\",\"@id\":\"https:\\\/\\\/stuttgarti-katolikusok.de\\\/#\\\/schema\\\/person\\\/75908d6f8fdc03a57889d27209df7795\",\"name\":\"Tibor atya\",\"image\":{\"@type\":\"ImageObject\",\"inLanguage\":\"hu\",\"@id\":\"https:\\\/\\\/secure.gravatar.com\\\/avatar\\\/61d268e57d1f4525b111222e29d2d5a7f8c420fdbf231ba5566a8ceac74fa960?s=96&d=mm&r=g\",\"url\":\"https:\\\/\\\/secure.gravatar.com\\\/avatar\\\/61d268e57d1f4525b111222e29d2d5a7f8c420fdbf231ba5566a8ceac74fa960?s=96&d=mm&r=g\",\"contentUrl\":\"https:\\\/\\\/secure.gravatar.com\\\/avatar\\\/61d268e57d1f4525b111222e29d2d5a7f8c420fdbf231ba5566a8ceac74fa960?s=96&d=mm&r=g\",\"caption\":\"Tibor atya\"},\"url\":\"https:\\\/\\\/stuttgarti-katolikusok.de\\\/index.php\\\/author\\\/tibor-atya\\\/\"}]}<\/script>\n<!-- \/ Yoast SEO plugin. -->","yoast_head_json":{"title":"\u00darnapj\u00e1ra - Stuttgarti Katolikusok","robots":{"index":"index","follow":"follow","max-snippet":"max-snippet:-1","max-image-preview":"max-image-preview:large","max-video-preview":"max-video-preview:-1"},"canonical":"https:\/\/stuttgarti-katolikusok.de\/index.php\/urnapjara\/","og_locale":"hu_HU","og_type":"article","og_title":"\u00darnapj\u00e1ra - Stuttgarti Katolikusok","og_description":"j\u00fanius 3. Szenth\u00e1roms\u00e1g vas\u00e1rnapja ut\u00e1ni vas\u00e1rnap KRISZTUS SZENT TESTE \u00c9S V\u00c9RE: \u00daRNAPJA Az Eukarisztia azt jelenti sz\u00e1munkra, hogy Krisztus \u00fajra f\u00f6ldre sz\u00e1llt, \u00e9s v\u00e1ndorl\u00e1sunk t\u00e1rsa\u00a0 lett. A k\u00f6zt\u00fcnk jelenlev\u0151 J\u00e9zus az Egyh\u00e1z legnagyobb kincse. Az olt\u00e1rszekr\u00e9nyben \u0151rizz\u00fck, \u00darnapj\u00e1n azonban megmutatjuk a vil\u00e1gnak is. Az \u00farnapi k\u00f6rmenetben nagy tisztelettel vegy\u00fck k\u00f6r\u00fcl \u0151t. Ezzel mutassuk meg hit\u00fcnket, h\u00e1l\u00e1nkat \u00e9s szeretet\u00fcnket. \u00a0KEZD\u0150\u00c9NEK\u00a0\u00a0\u00a0\u00a0\u00a0\u00a0\u00a0\u00a0\u00a0\u00a0\u00a0\u00a0\u00a0\u00a0\u00a0\u00a0\u00a0\u00a0\u00a0\u00a0\u00a0\u00a0\u00a0\u00a0\u00a0\u00a0\u00a0\u00a0\u00a0\u00a0\u00a0\u00a0\u00a0\u00a0\u00a0\u00a0\u00a0\u00a0\u00a0\u00a0\u00a0\u00a0\u00a0\u00a0\u00a0\u00a0\u00a0\u00a0\u00a0\u00a0 Zsolt 80, 17 A gabona jav\u00e1val t\u00e1pl\u00e1lta \u0151ket az \u00dar, \u00e9s j\u00f3llakatta m\u00e9zzel a szikl\u00e1b\u00f3l. \u00a0OLVASM\u00c1NY\u00a0\u00a0\u00a0\u00a0\u00a0\u00a0\u00a0\u00a0\u00a0\u00a0\u00a0\u00a0\u00a0\u00a0\u00a0\u00a0\u00a0\u00a0\u00a0\u00a0\u00a0\u00a0\u00a0\u00a0\u00a0\u00a0\u00a0\u00a0\u00a0\u00a0\u00a0\u00a0\u00a0\u00a0\u00a0\u00a0\u00a0\u00a0\u00a0\u00a0\u00a0\u00a0\u00a0\u00a0\u00a0\u00a0\u00a0\u00a0\u00a0\u00a0\u00a0\u00a0\u00a0\u00a0\u00a0\u00a0 Kiv 24, 3\u20138 Az \u00d3sz\u00f6vets\u00e9get az \u00e1ldozati \u00e1llatok v\u00e9r\u00e9vel val\u00f3 meghint\u00e9s pecs\u00e9telte meg. Az \u00faj \u00e9s \u00f6r\u00f6k sz\u00f6vets\u00e9g pedig J\u00e9zus v\u00e9re \u00e1ltal k\u00f6ttetett meg. Krisztus v\u00e9re b\u0171neink v\u00e1lts\u00e1gd\u00edja \u00e9s megszentel\u0151d\u00e9s\u00fcnk z\u00e1loga. V\u00c1LASZOS ZSOLT\u00c1R \u00a0\u00a0\u00a0\u00a0\u00a0\u00a0\u00a0\u00a0\u00a0\u00a0\u00a0\u00a0\u00a0\u00a0\u00a0\u00a0\u00a0\u00a0\u00a0\u00a0\u00a0\u00a0\u00a0\u00a0\u00a0\u00a0\u00a0\u00a0\u00a0\u00a0\u00a0\u00a0\u00a0\u00a0\u00a0115. Zsolt\u00e1r V\u00e1lasz: Veszem az \u00fcdv\u00f6ss\u00e9g kelyh\u00e9t, * \u00e9s az \u00dar nev\u00e9t h\u00edvom seg\u00edts\u00e9g\u00fcl. SZENTLECKE\u00a0 \u00a0\u00a0\u00a0\u00a0\u00a0\u00a0\u00a0\u00a0\u00a0\u00a0\u00a0\u00a0\u00a0\u00a0\u00a0\u00a0\u00a0\u00a0\u00a0\u00a0\u00a0\u00a0\u00a0\u00a0\u00a0\u00a0\u00a0\u00a0\u00a0\u00a0\u00a0\u00a0\u00a0\u00a0\u00a0\u00a0\u00a0\u00a0\u00a0\u00a0\u00a0\u00a0\u00a0\u00a0\u00a0\u00a0Zsid 9, 11\u201315 Krisztus \u00e9let\u00e9nek egyed\u00fcl\u00e1ll\u00f3 saj\u00e1toss\u00e1ga, hogy egy szem\u00e9lyben f\u0151pap \u00e9s \u00e1ldozat. \u00c1ldozata a b\u0171nbocs\u00e1nat forr\u00e1sa. Fel\u00e1ldozott test\u00e9nek \u00e9s v\u00e9r\u00e9nek v\u00e9tele az \u00f6r\u00f6k \u00e9let z\u00e1loga. \u00a0SZEKVENCIA \u00a0\u00a0\u00a0\u00a0\u00a0\u00a0\u00a0\u00a0\u00a0\u00a0\u00a0\u00a0\u00a0\u00a0\u00a0\u00a0\u00a0\u00a0\u00a0\u00a0\u00a0\u00a0\u00a0\u00a0\u00a0\u00a0\u00a0\u00a0\u00a0\u00a0\u00a0\u00a0\u00a0\u00a0\u00a0\u00a0\u00a0\u00a0\u00a0\u00a0\u00a0\u00a0\u00a0\u00a0\u00a0\u00a0\u00a0\u00a0\u00a0SZVU 107. \u00e9nek Dics\u00e9rd, Sion, \u00dcdv\u00f6z\u00edt\u0151d: j\u00f3 P\u00e1sztorod, h\u0171 seg\u00edt\u0151d \u00e1ldja hangos \u00e9neked! \u00a0ALLELUJA\u00a0\u00a0\u00a0\u00a0\u00a0\u00a0\u00a0\u00a0\u00a0\u00a0\u00a0\u00a0\u00a0\u00a0\u00a0\u00a0\u00a0\u00a0\u00a0\u00a0\u00a0\u00a0\u00a0\u00a0\u00a0\u00a0\u00a0\u00a0\u00a0\u00a0\u00a0\u00a0\u00a0\u00a0\u00a0\u00a0\u00a0\u00a0\u00a0\u00a0\u00a0\u00a0\u00a0\u00a0\u00a0\u00a0\u00a0\u00a0\u00a0\u00a0\u00a0\u00a0\u00a0\u00a0\u00a0\u00a0\u00a0\u00a0\u00a0\u00a0\u00a0\u00a0\u00a0\u00a0\u00a0 \u00a0\u00a0\u00a0\u00a0Jn 6, 51 J\u00e9zus mondja: \u201e\u00c9n vagyok az \u00e9gb\u0151l sz\u00e1llott \u00e9l\u0151 keny\u00e9r. * Aki eszik ebb\u0151l a keny\u00e9rb\u0151l, \u00f6r\u00f6kk\u00e9 \u00e9lni fog.\u201d \u00a0EVANG\u00c9LIUM\u00a0\u00a0\u00a0\u00a0\u00a0\u00a0\u00a0\u00a0\u00a0\u00a0\u00a0\u00a0\u00a0\u00a0\u00a0\u00a0\u00a0\u00a0\u00a0\u00a0\u00a0\u00a0\u00a0\u00a0\u00a0\u00a0\u00a0\u00a0\u00a0\u00a0\u00a0\u00a0\u00a0 Mt 14, 12\u201316. 22\u201326 J\u00e9zus az utols\u00f3 vacsor\u00e1n el\u0151v\u00e9telezte a kereszt\u00e1ldozatot. A keny\u00e9r \u00e9s a bor sz\u00edne alatt \u00e1ldozati test\u00e9t \u00e9s v\u00e9r\u00e9t ny\u00fajtotta tan\u00edtv\u00e1nyainak, s ezzel \u00e1ldozat\u00e1nak r\u00e9szeseiv\u00e9 is tette \u0151ket. A mai szentmis\u00e9ben k\u00fcl\u00f6n\u00f6s odaad\u00e1ssal kapcsol\u00f3djunk bele mi is Krisztus \u00e1ldozat\u00e1ba. \u00a0R\u00d6VID FOH\u00c1SZOK Add, Urunk, hogy Egyh\u00e1zad egy legyen a keny\u00e9rt\u00f6r\u00e9s k\u00f6z\u00f6ss\u00e9g\u00e9ben! * Szenteld meg papjainkat, hogy szentek legyenek \u00e9s szent\u00fcl szolg\u00e1ltass\u00e1k ki szents\u00e9geidet! * \u00dagy nevelj minket az Olt\u00e1riszents\u00e9g gyakori v\u00e9tele \u00e1ltal, hogy mindenn\u00e9l t\u00f6bbre becs\u00fclj\u00fck lelk\u00fcnk kegyelmi \u00e1llapot\u00e1t! * Add, Urunk, hogy szeretetlakom\u00e1dra, a szentmis\u00e9re sz\u00f3l\u00f3 h\u00edv\u00e1snak mindig \u00f6r\u00f6mmel \u00e9s \u00e1ldozatk\u00e9sz l\u00e9lekkel engedelmeskedj\u00fcnk! * Ne engedd, Urunk, hogy a Szent \u00datraval\u00f3 n\u00e9lk\u00fcl t\u00e1vozzunk a f\u00f6ldi \u00e9letb\u0151l! \u00a0AZ EUKARISZTI\u00c1HOZ A mai \u00fcnnep... R\u00e9szletek","og_url":"https:\/\/stuttgarti-katolikusok.de\/index.php\/urnapjara\/","og_site_name":"Stuttgarti Katolikusok","article_published_time":"2018-05-28T14:48:58+00:00","author":"Tibor atya","twitter_card":"summary_large_image","twitter_misc":{"Szerz\u0151:":"Tibor atya","Becs\u00fclt olvas\u00e1si id\u0151":"5 perc"},"schema":{"@context":"https:\/\/schema.org","@graph":[{"@type":"Article","@id":"https:\/\/stuttgarti-katolikusok.de\/index.php\/urnapjara\/#article","isPartOf":{"@id":"https:\/\/stuttgarti-katolikusok.de\/index.php\/urnapjara\/"},"author":{"name":"Tibor atya","@id":"https:\/\/stuttgarti-katolikusok.de\/#\/schema\/person\/75908d6f8fdc03a57889d27209df7795"},"headline":"\u00darnapj\u00e1ra","datePublished":"2018-05-28T14:48:58+00:00","mainEntityOfPage":{"@id":"https:\/\/stuttgarti-katolikusok.de\/index.php\/urnapjara\/"},"wordCount":999,"articleSection":["Vas\u00e1rnapi gondolatok"],"inLanguage":"hu"},{"@type":"WebPage","@id":"https:\/\/stuttgarti-katolikusok.de\/index.php\/urnapjara\/","url":"https:\/\/stuttgarti-katolikusok.de\/index.php\/urnapjara\/","name":"\u00darnapj\u00e1ra - Stuttgarti Katolikusok","isPartOf":{"@id":"https:\/\/stuttgarti-katolikusok.de\/#website"},"datePublished":"2018-05-28T14:48:58+00:00","author":{"@id":"https:\/\/stuttgarti-katolikusok.de\/#\/schema\/person\/75908d6f8fdc03a57889d27209df7795"},"breadcrumb":{"@id":"https:\/\/stuttgarti-katolikusok.de\/index.php\/urnapjara\/#breadcrumb"},"inLanguage":"hu","potentialAction":[{"@type":"ReadAction","target":["https:\/\/stuttgarti-katolikusok.de\/index.php\/urnapjara\/"]}]},{"@type":"BreadcrumbList","@id":"https:\/\/stuttgarti-katolikusok.de\/index.php\/urnapjara\/#breadcrumb","itemListElement":[{"@type":"ListItem","position":1,"name":"Kezd\u0151lap","item":"https:\/\/stuttgarti-katolikusok.de\/"},{"@type":"ListItem","position":2,"name":"\u00darnapj\u00e1ra"}]},{"@type":"WebSite","@id":"https:\/\/stuttgarti-katolikusok.de\/#website","url":"https:\/\/stuttgarti-katolikusok.de\/","name":"Stuttgarti Katolikusok","description":"","potentialAction":[{"@type":"SearchAction","target":{"@type":"EntryPoint","urlTemplate":"https:\/\/stuttgarti-katolikusok.de\/?s={search_term_string}"},"query-input":{"@type":"PropertyValueSpecification","valueRequired":true,"valueName":"search_term_string"}}],"inLanguage":"hu"},{"@type":"Person","@id":"https:\/\/stuttgarti-katolikusok.de\/#\/schema\/person\/75908d6f8fdc03a57889d27209df7795","name":"Tibor atya","image":{"@type":"ImageObject","inLanguage":"hu","@id":"https:\/\/secure.gravatar.com\/avatar\/61d268e57d1f4525b111222e29d2d5a7f8c420fdbf231ba5566a8ceac74fa960?s=96&d=mm&r=g","url":"https:\/\/secure.gravatar.com\/avatar\/61d268e57d1f4525b111222e29d2d5a7f8c420fdbf231ba5566a8ceac74fa960?s=96&d=mm&r=g","contentUrl":"https:\/\/secure.gravatar.com\/avatar\/61d268e57d1f4525b111222e29d2d5a7f8c420fdbf231ba5566a8ceac74fa960?s=96&d=mm&r=g","caption":"Tibor atya"},"url":"https:\/\/stuttgarti-katolikusok.de\/index.php\/author\/tibor-atya\/"}]}},"_links":{"self":[{"href":"https:\/\/stuttgarti-katolikusok.de\/index.php\/wp-json\/wp\/v2\/posts\/14538","targetHints":{"allow":["GET"]}}],"collection":[{"href":"https:\/\/stuttgarti-katolikusok.de\/index.php\/wp-json\/wp\/v2\/posts"}],"about":[{"href":"https:\/\/stuttgarti-katolikusok.de\/index.php\/wp-json\/wp\/v2\/types\/post"}],"author":[{"embeddable":true,"href":"https:\/\/stuttgarti-katolikusok.de\/index.php\/wp-json\/wp\/v2\/users\/3"}],"replies":[{"embeddable":true,"href":"https:\/\/stuttgarti-katolikusok.de\/index.php\/wp-json\/wp\/v2\/comments?post=14538"}],"version-history":[{"count":2,"href":"https:\/\/stuttgarti-katolikusok.de\/index.php\/wp-json\/wp\/v2\/posts\/14538\/revisions"}],"predecessor-version":[{"id":14577,"href":"https:\/\/stuttgarti-katolikusok.de\/index.php\/wp-json\/wp\/v2\/posts\/14538\/revisions\/14577"}],"wp:attachment":[{"href":"https:\/\/stuttgarti-katolikusok.de\/index.php\/wp-json\/wp\/v2\/media?parent=14538"}],"wp:term":[{"taxonomy":"category","embeddable":true,"href":"https:\/\/stuttgarti-katolikusok.de\/index.php\/wp-json\/wp\/v2\/categories?post=14538"},{"taxonomy":"post_tag","embeddable":true,"href":"https:\/\/stuttgarti-katolikusok.de\/index.php\/wp-json\/wp\/v2\/tags?post=14538"}],"curies":[{"name":"wp","href":"https:\/\/api.w.org\/{rel}","templated":true}]}}