{"id":14467,"date":"2018-05-16T10:02:14","date_gmt":"2018-05-16T10:02:14","guid":{"rendered":"https:\/\/gracious-dewdney.138-201-221-2.plesk.page\/?p=14467"},"modified":"2018-05-16T10:14:06","modified_gmt":"2018-05-16T10:14:06","slug":"punkosdvasarnapra","status":"publish","type":"post","link":"https:\/\/stuttgarti-katolikusok.de\/index.php\/punkosdvasarnapra\/","title":{"rendered":"P\u00fcnk\u00f6sdvas\u00e1rnapra"},"content":{"rendered":"<p>2018. m\u00e1jus 20.<\/p>\n<p>P\u00dcNK\u00d6SDVAS\u00c1RNAP<\/p>\n<p><strong>P\u00fcnk\u00f6sd a Szentl\u00e9lek elj\u00f6vetel\u00e9nek <\/strong><strong>\u00e9s az Egyh\u00e1z sz\u00fclet\u00e9s\u00e9nek \u00fcnnepe<\/strong><\/p>\n<p>&nbsp;<\/p>\n<p>Az apostoloknak nagy sz\u00fcks\u00e9g\u00fck volt arra, hogy a Szentl\u00e9lek meger\u0151s\u00edtse \u0151ket. Az Egyh\u00e1znak is a Szentl\u00e9lek az er\u0151forr\u00e1sa. Az\u00e9rt tudott a t\u00f6rt\u00e9nelem folyam\u00e1n \u00e9s az\u00e9rt tud ma is meg\u00fajulni.<\/p>\n<p>Az embereket mostan\u00e1ban rendk\u00edv\u00fcli m\u00f3don foglalkoz-tatja a Szentl\u00e9lek elj\u00f6vetl\u00e9nek k\u00fcls\u0151 jele; ugyan\u00edgy a vil\u00e1g v\u00e9g\u00e9t k\u00eds\u00e9r\u0151 jelens\u00e9gek. Pedig azzal kellene ink\u00e1bb foglalkoznunk, hogy egy\u00fcttm\u0171k\u00f6dj\u00fcnk a Szentl\u00e9lekkel; \u00e9s azzal t\u00f6r\u0151dn\u00fcnk, hogy mindig k\u00e9szen \u00e1lljunk az Istennel val\u00f3 tal\u00e1lkoz\u00e1sra. J\u00f6jj el, Szentl\u00e9lek \u00daristen, hiszen csak te vagy k\u00e9pes meg\u00faj\u00edtani a vil\u00e1got!<\/p>\n<p><strong>KEZD\u0150\u00c9NEK<\/strong>\u00a0\u00a0 <em>B\u00f6lcs 1, 7<\/em><\/p>\n<p>Az \u00darnak lelke bet\u00f6lti a f\u00f6ldkereks\u00e9get, \u00e9s aki egybefogja a mindens\u00e9get, tud minden sz\u00f3r\u00f3l, alleluja.<\/p>\n<p><strong>Vagy:<\/strong>\u00a0\u00a0 <em>R\u00f3m 5, 5; 10, 11<\/em><\/p>\n<p>Isten szeretete ki\u00e1radt sz\u00edv\u00fcnkbe a benn\u00fcnk lak\u00f3 Szent-l\u00e9lek \u00e1ltal, alleluja.<\/p>\n<p><strong>OLVASM\u00c1NY<\/strong>\u00a0\u00a0 <em>ApCsel 2, 1\u201311<\/em><\/p>\n<p>J\u00f3 volna, ha mindig\u00a0 \u00fagy besz\u00e9ln\u00e9nk, \u201eahogyan a L\u00e9lek a sz\u00f3t ajkunkra adja! J\u00f3 volna, ha a kegyelem ind\u00edt\u00e1sait mindig meghallan\u00e1nk \u00e9s megfogadn\u00e1nk!<\/p>\n<p><strong>V\u00c1LASZOS ZSOLT\u00c1R<\/strong>\u00a0 <em>103. Zsolt\u00e1r<\/em><\/p>\n<p><strong>V\u00e1lasz: \u00c1raszd r\u00e1nk Lelkedet, <u>I<\/u>sten\u00fcnk: * \u00faj\u00edtsd <\/strong><strong>m<u>e<\/u>g a f\u00f6ld sz\u00edn\u00e9t.\u00a0 \u2013 Vagy: Alleluja.<\/strong><\/p>\n<p><strong>SZENTLECKE\u00a0 <\/strong><em>1 Kor 12, 3b\u20137. 12\u201313<\/em><\/p>\n<p>A m\u0171v\u00e9sz apr\u00f3 mozaikk\u00f6vekb\u0151l rakja ki csod\u00e1latos m\u0171v\u00e9t. Isten k\u00fcl\u00f6nf\u00e9le szolg\u00e1latokat, feladatokat oszt ki Egyh\u00e1z\u00e1ban, \u00e9s \u00edgy form\u00e1lja a t\u00f6rt\u00e9nelmet. \u00c9p\u00edts\u00fck az Isten orsz\u00e1g\u00e1t ott, ahov\u00e1 Isten \u00e1ll\u00edt benn\u00fcnket. Tegy\u00fck meg azt, amit \u0151 szabott ki feladatul nek\u00fcnk.<\/p>\n<p><strong>Vagy: <\/strong><em>Gal 5, 16\u201325<\/em><\/p>\n<p>P\u00e1l apostol a megv\u00e1lt\u00e1s \u00e9s a megigazul\u00e1s hat\u00e1s\u00e1t t\u00f6bbf\u00e9le k\u00e9ppel \u00e9s kifejez\u00e9ssel \u00e9rz\u00e9kelteti. A legvil\u00e1gosabb a testi ember \u00e9s a lelki ember szembe\u00e1ll\u00edt\u00e1sa. Testi embe-ren azt \u00e9rti, aki \u00f6szt\u00f6neinek \u00e9s v\u00e1gyainak szolgas\u00e1g\u00e1ban van, s aki a test cselekedeteit hajtja v\u00e9gre. Lelki ember az, akit az Isten Lelke vez\u00e9rel, az\u00e9rt megteszi az atya akarat\u00e1t, s \u00e9let\u00e9t a L\u00e9lek gy\u00fcm\u00f6lcsei k\u00eds\u00e9rik: szeretet, \u00f6r\u00f6m, b\u00e9kess\u00e9g, t\u00fcrelem, kedvess\u00e9g, j\u00f3s\u00e1g \u00e9s szabads\u00e1g.<\/p>\n<p><strong>SZEKVENCIA<\/strong>\u00a0 <em>SZVU 97.<\/em><\/p>\n<p>J\u00f6jj, Szentl\u00e9lek Isten\u00fcnk, add a mennyb\u0151l \u00e9rzen\u00fcnk f\u00e9nyess\u00e9ged sugar\u00e1t! J\u00f6jj el, j\u00f6jj el, j\u00f6jj el, j\u00f6jj el\u2026<\/p>\n<p><strong>ALLELUJA\u00a0\u00a0\u00a0\u00a0\u00a0\u00a0\u00a0\u00a0\u00a0\u00a0\u00a0\u00a0\u00a0\u00a0\u00a0\u00a0\u00a0\u00a0\u00a0\u00a0\u00a0\u00a0\u00a0\u00a0\u00a0\u00a0\u00a0\u00a0\u00a0\u00a0\u00a0\u00a0\u00a0 <\/strong><\/p>\n<p>J\u00f6jj el, Szentl\u00e9lek Isten, t\u00f6ltsd el h\u00edveid sz\u00edv\u00e9t, * \u00e9s szereteted t\u00fcz\u00e9t gyullaszd f\u00f6l benn\u00fcnk!<\/p>\n<p><strong>EVANG\u00c9LIUM<\/strong>\u00a0 <em>Jn 20, 19\u201323<\/em><\/p>\n<p>\u201eA L\u00e9lek gy\u00fcm\u00f6lcsei: szeretet, \u00f6r\u00f6m, b\u00e9kess\u00e9g, t\u00fcrelem, kedvess\u00e9g, j\u00f3s\u00e1g, h\u0171s\u00e9g, szel\u00edds\u00e9g, \u00f6nmegtart\u00f3ztat\u00e1s\u201d (Gal 5, 22\u201323). K\u00e9rj\u00fck a Szentlelket, hogy t\u00f6ltse be lelk\u00fcnket aj\u00e1nd\u00e9kaival. Ezek adj\u00e1k meg \u00e9let\u00fcnk igazi \u00edz\u00e9t.<\/p>\n<p><strong>Vagy:<\/strong>\u00a0<em> Jn 15, 26\u201327; 16, 12\u201315<\/em><\/p>\n<p>Krisztus istenfi\u00fas\u00e1g\u00e1nak egyik legnagyobb megnyilatkoz\u00e1sa volt a Szentl\u00e9lek meg\u00edg\u00e9r\u00e9se. \u0150 tudta, hogy f\u00f6ldi p\u00e9ld\u00e1ja \u00e9s szavai nem elegend\u0151k az emberek \u00e1talak\u00edt\u00e1s\u00e1hoz. Ahhoz isteni er\u0151re van sz\u00fcks\u00e9g, hogy az ember eg\u00e9szen kit\u00e1ruljon az igazs\u00e1g el\u0151tt, hogy az \u00fcdv\u00f6ss\u00e9g\u00e9rt fel\u00e1ldozza f\u00f6ldi v\u00e1gyait, \u00e9s hogy j\u00f3tetteivel tan\u00faskodj\u00e9k Isten mellett. A Szentl\u00e9lek \u00e9ppen ezt adja meg az Egyh\u00e1znak. R\u00e1nyomja a szellemis\u00e9g b\u00e9lyeg\u00e9t, s \u00edgy Krisztus meghatalmazott tan\u00faj\u00e1v\u00e1 teszi.<\/p>\n<p><strong>K\u00c9R\u00c9SEK<\/strong><\/p>\n<p>K\u00e9rj\u00fck a Szentlelket, a h\u00e9t aj\u00e1nd\u00e9k Isten\u00e9t, hogy \u00e1rassza kegyelmi aj\u00e1nd\u00e9kait az Egyh\u00e1zra. Urunk, vil\u00e1gos\u00edtsd meg \u00e9rtelm\u00fcnket, \u00e9s er\u0151s\u00edtsd meg akaratunkat Szent-lelked \u00e1ltal! Urunk, vezesd el a f\u00f6ldkereks\u00e9g n\u00e9peit a testv\u00e9ri egys\u00e9gre Szentlelked \u00e1ltal! Urunk, adj lelki er\u0151t a szenved\u0151knek, vigasztal\u00e1st az \u00e1rv\u00e1knak \u00e9s az \u00f6zvegyeknek, tan\u00e1csot a bajbajutottaknak Szentlelked \u00e1ltal!<\/p>\n<p><strong>AZ EUCHARISZTI\u00c1HOZ<\/strong><\/p>\n<p>\u201eFel tudod t\u00e1n fogni Istennek m\u00e9lys\u00e9g\u00e9t, mindenhat\u00f3 Urad t\u00f6k\u00e9letess\u00e9g\u00e9t?\u201d (J\u00f3b 11, 7) Fel tudjuk fogni, hogy mit jelent a b\u0171nbocs\u00e1nat? Fel tudjuk fogni, hogy mit jelent a szentmise? Fel tudjuk fogni, hogy mit jelent, amikor a Szentl\u00e9lek megszenteli kenyer\u00fcnket \u00e9s borunkat? Ha nem is tudjuk felfogni, t\u00f6rekedj\u00fcnk arra, hogy a Szentl\u00e9lek seg\u00edts\u00e9g\u00e9vel min\u00e9l m\u00e9lyebben hatoljunk be hit\u00fcnk titkaiba.<\/p>\n<p><strong>\u00c1LDOZ\u00c1SI \u00c9NEK<\/strong>\u00a0 <em>ApCsel 4, 4. 11<\/em><\/p>\n<p>Mindannyiukat elt\u00f6lt\u00f6tte a Szentl\u00e9lek, \u00e9s hirdett\u00e9k Isten nagy tetteit, alleluja.<\/p>\n<p>IM\u00c1DS\u00c1G BOLDOG APOR VILMOS P\u00dcSP\u00d6K V\u00c9RTAN\u00da K\u00d6ZBENJ\u00c1R\u00c1S\u00c1\u00c9RT<\/p>\n<p><strong>Eml\u00e9knap: m\u00e1jus 23.<\/strong><\/p>\n<p>Mindenhat\u00f3 \u00f6r\u00f6k Isten, a Te szolg\u00e1d Boldog Vilmos \u00e9let\u00e9ben szeretettel hajolt le a szeg\u00e9nyekhez. B\u00e1tran ki\u00e1llt az igazs\u00e1gtalans\u00e1g \u00e1ldozatainak v\u00e9delm\u00e9ben. \u00c9let\u00e9nek h\u0151sies fel\u00e1ldoz\u00e1s\u00e1val v\u00e9dte meg a r\u00e1b\u00edzottakat a testi-lelki veszedelemt\u0151l \u00e9s elnyerte a v\u00e9rtan\u00fas\u00e1g koron\u00e1j\u00e1t. K\u00e9r\u00fcnk, Isten\u00fcnk, hogy hathat\u00f3s k\u00f6zbenj\u00e1r\u00e1s\u00e1ra legy\u00fcnk \u00e9l\u0151 tagjai Egyh\u00e1zadnak, tartsuk dr\u00e1ga kincsnek a papi hivat\u00e1st, a szents\u00e9gi h\u00e1zass\u00e1got \u00e9s a tiszta \u00e9letet. Add, hogy az igazs\u00e1g v\u00e9delm\u00e9ben b\u00e1tran ki\u00e1lljunk, embert\u00e1rsainkat pedig odaad\u00f3 szeretettel szeress\u00fck \u00e9s \u00edgy mi is eljussunk egykor orsz\u00e1godba, ahol Boldog Vilmos p\u00fcsp\u00f6k v\u00e9rtan\u00faval egy\u00fctt \u00f6r\u00f6kk\u00e9 \u00e1ldunk \u00e9s im\u00e1dunk T\u00e9ged, aki \u00e9lsz \u00e9s uralkodol mind\u00f6r\u00f6kk\u00e9. Amen.<\/p>\n<p>ELM\u00c9LKED\u00c9S<\/p>\n<p>Mondd, mit \u00e9r az \u00e9let anya n\u00e9lk\u00fcl?<\/p>\n<p>Mondd, mit \u00e9r az \u00e9let testv\u00e9r n\u00e9lk\u00fcl?<\/p>\n<p>Mondd, mit \u00e9r az \u00e9let szeretet n\u00e9lk\u00fcl?<\/p>\n<p>Mondd, mit \u00e9r az \u00e9let hit n\u00e9lk\u00fcl?<\/p>\n<p>Mondd, mit \u00e9r az \u00e9let J\u00e9zus n\u00e9lk\u00fcl?<\/p>\n<p><em>Ismeretlen szerz\u0151 nyom\u00e1n<\/em><\/p>\n","protected":false},"excerpt":{"rendered":"<p>2018. m\u00e1jus 20. P\u00dcNK\u00d6SDVAS\u00c1RNAP P\u00fcnk\u00f6sd a Szentl\u00e9lek elj\u00f6vetel\u00e9nek \u00e9s az Egyh\u00e1z sz\u00fclet\u00e9s\u00e9nek \u00fcnnepe &nbsp; Az apostoloknak nagy sz\u00fcks\u00e9g\u00fck volt arra, hogy a Szentl\u00e9lek meger\u0151s\u00edtse \u0151ket. Az Egyh\u00e1znak is a Szentl\u00e9lek az er\u0151forr\u00e1sa. Az\u00e9rt tudott a t\u00f6rt\u00e9nelem folyam\u00e1n \u00e9s az\u00e9rt tud ma is meg\u00fajulni. Az embereket mostan\u00e1ban rendk\u00edv\u00fcli m\u00f3don foglalkoz-tatja a Szentl\u00e9lek elj\u00f6vetl\u00e9nek k\u00fcls\u0151 jele; ugyan\u00edgy a vil\u00e1g v\u00e9g\u00e9t k\u00eds\u00e9r\u0151 jelens\u00e9gek. Pedig azzal kellene ink\u00e1bb foglalkoznunk, hogy egy\u00fcttm\u0171k\u00f6dj\u00fcnk a Szentl\u00e9lekkel; \u00e9s azzal t\u00f6r\u0151dn\u00fcnk, hogy mindig k\u00e9szen \u00e1lljunk az Istennel val\u00f3 tal\u00e1lkoz\u00e1sra. J\u00f6jj el, Szentl\u00e9lek \u00daristen, hiszen csak te vagy k\u00e9pes meg\u00faj\u00edtani a vil\u00e1got! KEZD\u0150\u00c9NEK\u00a0\u00a0 B\u00f6lcs 1, 7 Az \u00darnak lelke bet\u00f6lti a f\u00f6ldkereks\u00e9get, \u00e9s aki egybefogja a mindens\u00e9get, tud minden sz\u00f3r\u00f3l, alleluja. Vagy:\u00a0\u00a0 R\u00f3m 5, 5; 10, 11 Isten szeretete ki\u00e1radt sz\u00edv\u00fcnkbe a benn\u00fcnk lak\u00f3 Szent-l\u00e9lek \u00e1ltal, alleluja. OLVASM\u00c1NY\u00a0\u00a0 ApCsel 2, 1\u201311 J\u00f3 volna, ha mindig\u00a0 \u00fagy besz\u00e9ln\u00e9nk, \u201eahogyan a L\u00e9lek a sz\u00f3t ajkunkra adja! J\u00f3 volna, ha a kegyelem ind\u00edt\u00e1sait mindig meghallan\u00e1nk \u00e9s megfogadn\u00e1nk! V\u00c1LASZOS ZSOLT\u00c1R\u00a0 103. Zsolt\u00e1r V\u00e1lasz: \u00c1raszd r\u00e1nk Lelkedet, Isten\u00fcnk: * \u00faj\u00edtsd meg a f\u00f6ld sz\u00edn\u00e9t.\u00a0 \u2013 Vagy: Alleluja. SZENTLECKE\u00a0 1 Kor 12, 3b\u20137. 12\u201313 A m\u0171v\u00e9sz apr\u00f3 mozaikk\u00f6vekb\u0151l rakja ki csod\u00e1latos m\u0171v\u00e9t. Isten k\u00fcl\u00f6nf\u00e9le szolg\u00e1latokat, feladatokat oszt ki Egyh\u00e1z\u00e1ban, \u00e9s \u00edgy form\u00e1lja a t\u00f6rt\u00e9nelmet. \u00c9p\u00edts\u00fck az Isten orsz\u00e1g\u00e1t ott, ahov\u00e1 Isten \u00e1ll\u00edt benn\u00fcnket. Tegy\u00fck meg azt, amit \u0151 szabott ki feladatul nek\u00fcnk. Vagy: Gal 5, 16\u201325 P\u00e1l apostol a megv\u00e1lt\u00e1s \u00e9s a megigazul\u00e1s hat\u00e1s\u00e1t t\u00f6bbf\u00e9le k\u00e9ppel \u00e9s kifejez\u00e9ssel \u00e9rz\u00e9kelteti. A legvil\u00e1gosabb a testi ember \u00e9s a lelki ember szembe\u00e1ll\u00edt\u00e1sa. Testi embe-ren azt \u00e9rti, aki \u00f6szt\u00f6neinek \u00e9s v\u00e1gyainak szolgas\u00e1g\u00e1ban van, s aki a test cselekedeteit hajtja v\u00e9gre. Lelki ember az, akit az Isten Lelke vez\u00e9rel, az\u00e9rt megteszi az atya akarat\u00e1t, s \u00e9let\u00e9t a L\u00e9lek gy\u00fcm\u00f6lcsei k\u00eds\u00e9rik: szeretet, \u00f6r\u00f6m, b\u00e9kess\u00e9g, t\u00fcrelem, kedvess\u00e9g, j\u00f3s\u00e1g \u00e9s szabads\u00e1g. SZEKVENCIA\u00a0 SZVU 97. J\u00f6jj, Szentl\u00e9lek Isten\u00fcnk, add a mennyb\u0151l \u00e9rzen\u00fcnk f\u00e9nyess\u00e9ged sugar\u00e1t! J\u00f6jj&#8230; <\/p>\n<p><a class=\"readmore\" href=\"https:\/\/stuttgarti-katolikusok.de\/index.php\/punkosdvasarnapra\/\">R\u00e9szletek<\/a><\/p>\n","protected":false},"author":3,"featured_media":0,"comment_status":"closed","ping_status":"closed","sticky":false,"template":"","format":"standard","meta":{"footnotes":""},"categories":[63],"tags":[],"class_list":["post-14467","post","type-post","status-publish","format-standard","hentry","category-vasarnapi-gondolatok"],"yoast_head":"<!-- This site is optimized with the Yoast SEO plugin v27.3 - https:\/\/yoast.com\/product\/yoast-seo-wordpress\/ -->\n<title>P\u00fcnk\u00f6sdvas\u00e1rnapra - Stuttgarti Katolikusok<\/title>\n<meta name=\"robots\" content=\"index, follow, max-snippet:-1, max-image-preview:large, max-video-preview:-1\" \/>\n<link rel=\"canonical\" href=\"https:\/\/stuttgarti-katolikusok.de\/index.php\/punkosdvasarnapra\/\" \/>\n<meta property=\"og:locale\" content=\"hu_HU\" \/>\n<meta property=\"og:type\" content=\"article\" \/>\n<meta property=\"og:title\" content=\"P\u00fcnk\u00f6sdvas\u00e1rnapra - Stuttgarti Katolikusok\" \/>\n<meta property=\"og:description\" content=\"2018. m\u00e1jus 20. P\u00dcNK\u00d6SDVAS\u00c1RNAP P\u00fcnk\u00f6sd a Szentl\u00e9lek elj\u00f6vetel\u00e9nek \u00e9s az Egyh\u00e1z sz\u00fclet\u00e9s\u00e9nek \u00fcnnepe &nbsp; Az apostoloknak nagy sz\u00fcks\u00e9g\u00fck volt arra, hogy a Szentl\u00e9lek meger\u0151s\u00edtse \u0151ket. Az Egyh\u00e1znak is a Szentl\u00e9lek az er\u0151forr\u00e1sa. Az\u00e9rt tudott a t\u00f6rt\u00e9nelem folyam\u00e1n \u00e9s az\u00e9rt tud ma is meg\u00fajulni. Az embereket mostan\u00e1ban rendk\u00edv\u00fcli m\u00f3don foglalkoz-tatja a Szentl\u00e9lek elj\u00f6vetl\u00e9nek k\u00fcls\u0151 jele; ugyan\u00edgy a vil\u00e1g v\u00e9g\u00e9t k\u00eds\u00e9r\u0151 jelens\u00e9gek. Pedig azzal kellene ink\u00e1bb foglalkoznunk, hogy egy\u00fcttm\u0171k\u00f6dj\u00fcnk a Szentl\u00e9lekkel; \u00e9s azzal t\u00f6r\u0151dn\u00fcnk, hogy mindig k\u00e9szen \u00e1lljunk az Istennel val\u00f3 tal\u00e1lkoz\u00e1sra. J\u00f6jj el, Szentl\u00e9lek \u00daristen, hiszen csak te vagy k\u00e9pes meg\u00faj\u00edtani a vil\u00e1got! KEZD\u0150\u00c9NEK\u00a0\u00a0 B\u00f6lcs 1, 7 Az \u00darnak lelke bet\u00f6lti a f\u00f6ldkereks\u00e9get, \u00e9s aki egybefogja a mindens\u00e9get, tud minden sz\u00f3r\u00f3l, alleluja. Vagy:\u00a0\u00a0 R\u00f3m 5, 5; 10, 11 Isten szeretete ki\u00e1radt sz\u00edv\u00fcnkbe a benn\u00fcnk lak\u00f3 Szent-l\u00e9lek \u00e1ltal, alleluja. OLVASM\u00c1NY\u00a0\u00a0 ApCsel 2, 1\u201311 J\u00f3 volna, ha mindig\u00a0 \u00fagy besz\u00e9ln\u00e9nk, \u201eahogyan a L\u00e9lek a sz\u00f3t ajkunkra adja! J\u00f3 volna, ha a kegyelem ind\u00edt\u00e1sait mindig meghallan\u00e1nk \u00e9s megfogadn\u00e1nk! V\u00c1LASZOS ZSOLT\u00c1R\u00a0 103. Zsolt\u00e1r V\u00e1lasz: \u00c1raszd r\u00e1nk Lelkedet, Isten\u00fcnk: * \u00faj\u00edtsd meg a f\u00f6ld sz\u00edn\u00e9t.\u00a0 \u2013 Vagy: Alleluja. SZENTLECKE\u00a0 1 Kor 12, 3b\u20137. 12\u201313 A m\u0171v\u00e9sz apr\u00f3 mozaikk\u00f6vekb\u0151l rakja ki csod\u00e1latos m\u0171v\u00e9t. Isten k\u00fcl\u00f6nf\u00e9le szolg\u00e1latokat, feladatokat oszt ki Egyh\u00e1z\u00e1ban, \u00e9s \u00edgy form\u00e1lja a t\u00f6rt\u00e9nelmet. \u00c9p\u00edts\u00fck az Isten orsz\u00e1g\u00e1t ott, ahov\u00e1 Isten \u00e1ll\u00edt benn\u00fcnket. Tegy\u00fck meg azt, amit \u0151 szabott ki feladatul nek\u00fcnk. Vagy: Gal 5, 16\u201325 P\u00e1l apostol a megv\u00e1lt\u00e1s \u00e9s a megigazul\u00e1s hat\u00e1s\u00e1t t\u00f6bbf\u00e9le k\u00e9ppel \u00e9s kifejez\u00e9ssel \u00e9rz\u00e9kelteti. A legvil\u00e1gosabb a testi ember \u00e9s a lelki ember szembe\u00e1ll\u00edt\u00e1sa. Testi embe-ren azt \u00e9rti, aki \u00f6szt\u00f6neinek \u00e9s v\u00e1gyainak szolgas\u00e1g\u00e1ban van, s aki a test cselekedeteit hajtja v\u00e9gre. Lelki ember az, akit az Isten Lelke vez\u00e9rel, az\u00e9rt megteszi az atya akarat\u00e1t, s \u00e9let\u00e9t a L\u00e9lek gy\u00fcm\u00f6lcsei k\u00eds\u00e9rik: szeretet, \u00f6r\u00f6m, b\u00e9kess\u00e9g, t\u00fcrelem, kedvess\u00e9g, j\u00f3s\u00e1g \u00e9s szabads\u00e1g. SZEKVENCIA\u00a0 SZVU 97. J\u00f6jj, Szentl\u00e9lek Isten\u00fcnk, add a mennyb\u0151l \u00e9rzen\u00fcnk f\u00e9nyess\u00e9ged sugar\u00e1t! J\u00f6jj... R\u00e9szletek\" \/>\n<meta property=\"og:url\" content=\"https:\/\/stuttgarti-katolikusok.de\/index.php\/punkosdvasarnapra\/\" \/>\n<meta property=\"og:site_name\" content=\"Stuttgarti Katolikusok\" \/>\n<meta property=\"article:published_time\" content=\"2018-05-16T10:02:14+00:00\" \/>\n<meta property=\"article:modified_time\" content=\"2018-05-16T10:14:06+00:00\" \/>\n<meta name=\"author\" content=\"Tibor atya\" \/>\n<meta name=\"twitter:card\" content=\"summary_large_image\" \/>\n<meta name=\"twitter:label1\" content=\"Szerz\u0151:\" \/>\n\t<meta name=\"twitter:data1\" content=\"Tibor atya\" \/>\n\t<meta name=\"twitter:label2\" content=\"Becs\u00fclt olvas\u00e1si id\u0151\" \/>\n\t<meta name=\"twitter:data2\" content=\"5 perc\" \/>\n<script type=\"application\/ld+json\" class=\"yoast-schema-graph\">{\"@context\":\"https:\\\/\\\/schema.org\",\"@graph\":[{\"@type\":\"Article\",\"@id\":\"https:\\\/\\\/stuttgarti-katolikusok.de\\\/index.php\\\/punkosdvasarnapra\\\/#article\",\"isPartOf\":{\"@id\":\"https:\\\/\\\/stuttgarti-katolikusok.de\\\/index.php\\\/punkosdvasarnapra\\\/\"},\"author\":{\"name\":\"Tibor atya\",\"@id\":\"https:\\\/\\\/stuttgarti-katolikusok.de\\\/#\\\/schema\\\/person\\\/75908d6f8fdc03a57889d27209df7795\"},\"headline\":\"P\u00fcnk\u00f6sdvas\u00e1rnapra\",\"datePublished\":\"2018-05-16T10:02:14+00:00\",\"dateModified\":\"2018-05-16T10:14:06+00:00\",\"mainEntityOfPage\":{\"@id\":\"https:\\\/\\\/stuttgarti-katolikusok.de\\\/index.php\\\/punkosdvasarnapra\\\/\"},\"wordCount\":1044,\"articleSection\":[\"Vas\u00e1rnapi gondolatok\"],\"inLanguage\":\"hu\"},{\"@type\":\"WebPage\",\"@id\":\"https:\\\/\\\/stuttgarti-katolikusok.de\\\/index.php\\\/punkosdvasarnapra\\\/\",\"url\":\"https:\\\/\\\/stuttgarti-katolikusok.de\\\/index.php\\\/punkosdvasarnapra\\\/\",\"name\":\"P\u00fcnk\u00f6sdvas\u00e1rnapra - Stuttgarti Katolikusok\",\"isPartOf\":{\"@id\":\"https:\\\/\\\/stuttgarti-katolikusok.de\\\/#website\"},\"datePublished\":\"2018-05-16T10:02:14+00:00\",\"dateModified\":\"2018-05-16T10:14:06+00:00\",\"author\":{\"@id\":\"https:\\\/\\\/stuttgarti-katolikusok.de\\\/#\\\/schema\\\/person\\\/75908d6f8fdc03a57889d27209df7795\"},\"breadcrumb\":{\"@id\":\"https:\\\/\\\/stuttgarti-katolikusok.de\\\/index.php\\\/punkosdvasarnapra\\\/#breadcrumb\"},\"inLanguage\":\"hu\",\"potentialAction\":[{\"@type\":\"ReadAction\",\"target\":[\"https:\\\/\\\/stuttgarti-katolikusok.de\\\/index.php\\\/punkosdvasarnapra\\\/\"]}]},{\"@type\":\"BreadcrumbList\",\"@id\":\"https:\\\/\\\/stuttgarti-katolikusok.de\\\/index.php\\\/punkosdvasarnapra\\\/#breadcrumb\",\"itemListElement\":[{\"@type\":\"ListItem\",\"position\":1,\"name\":\"Kezd\u0151lap\",\"item\":\"https:\\\/\\\/stuttgarti-katolikusok.de\\\/\"},{\"@type\":\"ListItem\",\"position\":2,\"name\":\"P\u00fcnk\u00f6sdvas\u00e1rnapra\"}]},{\"@type\":\"WebSite\",\"@id\":\"https:\\\/\\\/stuttgarti-katolikusok.de\\\/#website\",\"url\":\"https:\\\/\\\/stuttgarti-katolikusok.de\\\/\",\"name\":\"Stuttgarti Katolikusok\",\"description\":\"\",\"potentialAction\":[{\"@type\":\"SearchAction\",\"target\":{\"@type\":\"EntryPoint\",\"urlTemplate\":\"https:\\\/\\\/stuttgarti-katolikusok.de\\\/?s={search_term_string}\"},\"query-input\":{\"@type\":\"PropertyValueSpecification\",\"valueRequired\":true,\"valueName\":\"search_term_string\"}}],\"inLanguage\":\"hu\"},{\"@type\":\"Person\",\"@id\":\"https:\\\/\\\/stuttgarti-katolikusok.de\\\/#\\\/schema\\\/person\\\/75908d6f8fdc03a57889d27209df7795\",\"name\":\"Tibor atya\",\"image\":{\"@type\":\"ImageObject\",\"inLanguage\":\"hu\",\"@id\":\"https:\\\/\\\/secure.gravatar.com\\\/avatar\\\/61d268e57d1f4525b111222e29d2d5a7f8c420fdbf231ba5566a8ceac74fa960?s=96&d=mm&r=g\",\"url\":\"https:\\\/\\\/secure.gravatar.com\\\/avatar\\\/61d268e57d1f4525b111222e29d2d5a7f8c420fdbf231ba5566a8ceac74fa960?s=96&d=mm&r=g\",\"contentUrl\":\"https:\\\/\\\/secure.gravatar.com\\\/avatar\\\/61d268e57d1f4525b111222e29d2d5a7f8c420fdbf231ba5566a8ceac74fa960?s=96&d=mm&r=g\",\"caption\":\"Tibor atya\"},\"url\":\"https:\\\/\\\/stuttgarti-katolikusok.de\\\/index.php\\\/author\\\/tibor-atya\\\/\"}]}<\/script>\n<!-- \/ Yoast SEO plugin. -->","yoast_head_json":{"title":"P\u00fcnk\u00f6sdvas\u00e1rnapra - Stuttgarti Katolikusok","robots":{"index":"index","follow":"follow","max-snippet":"max-snippet:-1","max-image-preview":"max-image-preview:large","max-video-preview":"max-video-preview:-1"},"canonical":"https:\/\/stuttgarti-katolikusok.de\/index.php\/punkosdvasarnapra\/","og_locale":"hu_HU","og_type":"article","og_title":"P\u00fcnk\u00f6sdvas\u00e1rnapra - Stuttgarti Katolikusok","og_description":"2018. m\u00e1jus 20. P\u00dcNK\u00d6SDVAS\u00c1RNAP P\u00fcnk\u00f6sd a Szentl\u00e9lek elj\u00f6vetel\u00e9nek \u00e9s az Egyh\u00e1z sz\u00fclet\u00e9s\u00e9nek \u00fcnnepe &nbsp; Az apostoloknak nagy sz\u00fcks\u00e9g\u00fck volt arra, hogy a Szentl\u00e9lek meger\u0151s\u00edtse \u0151ket. Az Egyh\u00e1znak is a Szentl\u00e9lek az er\u0151forr\u00e1sa. Az\u00e9rt tudott a t\u00f6rt\u00e9nelem folyam\u00e1n \u00e9s az\u00e9rt tud ma is meg\u00fajulni. Az embereket mostan\u00e1ban rendk\u00edv\u00fcli m\u00f3don foglalkoz-tatja a Szentl\u00e9lek elj\u00f6vetl\u00e9nek k\u00fcls\u0151 jele; ugyan\u00edgy a vil\u00e1g v\u00e9g\u00e9t k\u00eds\u00e9r\u0151 jelens\u00e9gek. Pedig azzal kellene ink\u00e1bb foglalkoznunk, hogy egy\u00fcttm\u0171k\u00f6dj\u00fcnk a Szentl\u00e9lekkel; \u00e9s azzal t\u00f6r\u0151dn\u00fcnk, hogy mindig k\u00e9szen \u00e1lljunk az Istennel val\u00f3 tal\u00e1lkoz\u00e1sra. J\u00f6jj el, Szentl\u00e9lek \u00daristen, hiszen csak te vagy k\u00e9pes meg\u00faj\u00edtani a vil\u00e1got! KEZD\u0150\u00c9NEK\u00a0\u00a0 B\u00f6lcs 1, 7 Az \u00darnak lelke bet\u00f6lti a f\u00f6ldkereks\u00e9get, \u00e9s aki egybefogja a mindens\u00e9get, tud minden sz\u00f3r\u00f3l, alleluja. Vagy:\u00a0\u00a0 R\u00f3m 5, 5; 10, 11 Isten szeretete ki\u00e1radt sz\u00edv\u00fcnkbe a benn\u00fcnk lak\u00f3 Szent-l\u00e9lek \u00e1ltal, alleluja. OLVASM\u00c1NY\u00a0\u00a0 ApCsel 2, 1\u201311 J\u00f3 volna, ha mindig\u00a0 \u00fagy besz\u00e9ln\u00e9nk, \u201eahogyan a L\u00e9lek a sz\u00f3t ajkunkra adja! J\u00f3 volna, ha a kegyelem ind\u00edt\u00e1sait mindig meghallan\u00e1nk \u00e9s megfogadn\u00e1nk! V\u00c1LASZOS ZSOLT\u00c1R\u00a0 103. Zsolt\u00e1r V\u00e1lasz: \u00c1raszd r\u00e1nk Lelkedet, Isten\u00fcnk: * \u00faj\u00edtsd meg a f\u00f6ld sz\u00edn\u00e9t.\u00a0 \u2013 Vagy: Alleluja. SZENTLECKE\u00a0 1 Kor 12, 3b\u20137. 12\u201313 A m\u0171v\u00e9sz apr\u00f3 mozaikk\u00f6vekb\u0151l rakja ki csod\u00e1latos m\u0171v\u00e9t. Isten k\u00fcl\u00f6nf\u00e9le szolg\u00e1latokat, feladatokat oszt ki Egyh\u00e1z\u00e1ban, \u00e9s \u00edgy form\u00e1lja a t\u00f6rt\u00e9nelmet. \u00c9p\u00edts\u00fck az Isten orsz\u00e1g\u00e1t ott, ahov\u00e1 Isten \u00e1ll\u00edt benn\u00fcnket. Tegy\u00fck meg azt, amit \u0151 szabott ki feladatul nek\u00fcnk. Vagy: Gal 5, 16\u201325 P\u00e1l apostol a megv\u00e1lt\u00e1s \u00e9s a megigazul\u00e1s hat\u00e1s\u00e1t t\u00f6bbf\u00e9le k\u00e9ppel \u00e9s kifejez\u00e9ssel \u00e9rz\u00e9kelteti. A legvil\u00e1gosabb a testi ember \u00e9s a lelki ember szembe\u00e1ll\u00edt\u00e1sa. Testi embe-ren azt \u00e9rti, aki \u00f6szt\u00f6neinek \u00e9s v\u00e1gyainak szolgas\u00e1g\u00e1ban van, s aki a test cselekedeteit hajtja v\u00e9gre. Lelki ember az, akit az Isten Lelke vez\u00e9rel, az\u00e9rt megteszi az atya akarat\u00e1t, s \u00e9let\u00e9t a L\u00e9lek gy\u00fcm\u00f6lcsei k\u00eds\u00e9rik: szeretet, \u00f6r\u00f6m, b\u00e9kess\u00e9g, t\u00fcrelem, kedvess\u00e9g, j\u00f3s\u00e1g \u00e9s szabads\u00e1g. SZEKVENCIA\u00a0 SZVU 97. J\u00f6jj, Szentl\u00e9lek Isten\u00fcnk, add a mennyb\u0151l \u00e9rzen\u00fcnk f\u00e9nyess\u00e9ged sugar\u00e1t! J\u00f6jj... R\u00e9szletek","og_url":"https:\/\/stuttgarti-katolikusok.de\/index.php\/punkosdvasarnapra\/","og_site_name":"Stuttgarti Katolikusok","article_published_time":"2018-05-16T10:02:14+00:00","article_modified_time":"2018-05-16T10:14:06+00:00","author":"Tibor atya","twitter_card":"summary_large_image","twitter_misc":{"Szerz\u0151:":"Tibor atya","Becs\u00fclt olvas\u00e1si id\u0151":"5 perc"},"schema":{"@context":"https:\/\/schema.org","@graph":[{"@type":"Article","@id":"https:\/\/stuttgarti-katolikusok.de\/index.php\/punkosdvasarnapra\/#article","isPartOf":{"@id":"https:\/\/stuttgarti-katolikusok.de\/index.php\/punkosdvasarnapra\/"},"author":{"name":"Tibor atya","@id":"https:\/\/stuttgarti-katolikusok.de\/#\/schema\/person\/75908d6f8fdc03a57889d27209df7795"},"headline":"P\u00fcnk\u00f6sdvas\u00e1rnapra","datePublished":"2018-05-16T10:02:14+00:00","dateModified":"2018-05-16T10:14:06+00:00","mainEntityOfPage":{"@id":"https:\/\/stuttgarti-katolikusok.de\/index.php\/punkosdvasarnapra\/"},"wordCount":1044,"articleSection":["Vas\u00e1rnapi gondolatok"],"inLanguage":"hu"},{"@type":"WebPage","@id":"https:\/\/stuttgarti-katolikusok.de\/index.php\/punkosdvasarnapra\/","url":"https:\/\/stuttgarti-katolikusok.de\/index.php\/punkosdvasarnapra\/","name":"P\u00fcnk\u00f6sdvas\u00e1rnapra - Stuttgarti Katolikusok","isPartOf":{"@id":"https:\/\/stuttgarti-katolikusok.de\/#website"},"datePublished":"2018-05-16T10:02:14+00:00","dateModified":"2018-05-16T10:14:06+00:00","author":{"@id":"https:\/\/stuttgarti-katolikusok.de\/#\/schema\/person\/75908d6f8fdc03a57889d27209df7795"},"breadcrumb":{"@id":"https:\/\/stuttgarti-katolikusok.de\/index.php\/punkosdvasarnapra\/#breadcrumb"},"inLanguage":"hu","potentialAction":[{"@type":"ReadAction","target":["https:\/\/stuttgarti-katolikusok.de\/index.php\/punkosdvasarnapra\/"]}]},{"@type":"BreadcrumbList","@id":"https:\/\/stuttgarti-katolikusok.de\/index.php\/punkosdvasarnapra\/#breadcrumb","itemListElement":[{"@type":"ListItem","position":1,"name":"Kezd\u0151lap","item":"https:\/\/stuttgarti-katolikusok.de\/"},{"@type":"ListItem","position":2,"name":"P\u00fcnk\u00f6sdvas\u00e1rnapra"}]},{"@type":"WebSite","@id":"https:\/\/stuttgarti-katolikusok.de\/#website","url":"https:\/\/stuttgarti-katolikusok.de\/","name":"Stuttgarti Katolikusok","description":"","potentialAction":[{"@type":"SearchAction","target":{"@type":"EntryPoint","urlTemplate":"https:\/\/stuttgarti-katolikusok.de\/?s={search_term_string}"},"query-input":{"@type":"PropertyValueSpecification","valueRequired":true,"valueName":"search_term_string"}}],"inLanguage":"hu"},{"@type":"Person","@id":"https:\/\/stuttgarti-katolikusok.de\/#\/schema\/person\/75908d6f8fdc03a57889d27209df7795","name":"Tibor atya","image":{"@type":"ImageObject","inLanguage":"hu","@id":"https:\/\/secure.gravatar.com\/avatar\/61d268e57d1f4525b111222e29d2d5a7f8c420fdbf231ba5566a8ceac74fa960?s=96&d=mm&r=g","url":"https:\/\/secure.gravatar.com\/avatar\/61d268e57d1f4525b111222e29d2d5a7f8c420fdbf231ba5566a8ceac74fa960?s=96&d=mm&r=g","contentUrl":"https:\/\/secure.gravatar.com\/avatar\/61d268e57d1f4525b111222e29d2d5a7f8c420fdbf231ba5566a8ceac74fa960?s=96&d=mm&r=g","caption":"Tibor atya"},"url":"https:\/\/stuttgarti-katolikusok.de\/index.php\/author\/tibor-atya\/"}]}},"_links":{"self":[{"href":"https:\/\/stuttgarti-katolikusok.de\/index.php\/wp-json\/wp\/v2\/posts\/14467","targetHints":{"allow":["GET"]}}],"collection":[{"href":"https:\/\/stuttgarti-katolikusok.de\/index.php\/wp-json\/wp\/v2\/posts"}],"about":[{"href":"https:\/\/stuttgarti-katolikusok.de\/index.php\/wp-json\/wp\/v2\/types\/post"}],"author":[{"embeddable":true,"href":"https:\/\/stuttgarti-katolikusok.de\/index.php\/wp-json\/wp\/v2\/users\/3"}],"replies":[{"embeddable":true,"href":"https:\/\/stuttgarti-katolikusok.de\/index.php\/wp-json\/wp\/v2\/comments?post=14467"}],"version-history":[{"count":7,"href":"https:\/\/stuttgarti-katolikusok.de\/index.php\/wp-json\/wp\/v2\/posts\/14467\/revisions"}],"predecessor-version":[{"id":14520,"href":"https:\/\/stuttgarti-katolikusok.de\/index.php\/wp-json\/wp\/v2\/posts\/14467\/revisions\/14520"}],"wp:attachment":[{"href":"https:\/\/stuttgarti-katolikusok.de\/index.php\/wp-json\/wp\/v2\/media?parent=14467"}],"wp:term":[{"taxonomy":"category","embeddable":true,"href":"https:\/\/stuttgarti-katolikusok.de\/index.php\/wp-json\/wp\/v2\/categories?post=14467"},{"taxonomy":"post_tag","embeddable":true,"href":"https:\/\/stuttgarti-katolikusok.de\/index.php\/wp-json\/wp\/v2\/tags?post=14467"}],"curies":[{"name":"wp","href":"https:\/\/api.w.org\/{rel}","templated":true}]}}