{"id":14393,"date":"2018-05-11T12:27:13","date_gmt":"2018-05-11T12:27:13","guid":{"rendered":"https:\/\/gracious-dewdney.138-201-221-2.plesk.page\/?p=14393"},"modified":"2018-05-11T12:40:11","modified_gmt":"2018-05-11T12:40:11","slug":"jakab-tunde-elsoaldozas-schwabisch-gmundben","status":"publish","type":"post","link":"https:\/\/stuttgarti-katolikusok.de\/index.php\/jakab-tunde-elsoaldozas-schwabisch-gmundben\/","title":{"rendered":"Jakab T\u00fcnde: Els\u0151\u00e1ldoz\u00e1s Schw\u00e4bisch Gm\u00fcndben"},"content":{"rendered":"<p>Jakab T\u00fcnde: Els\u0151\u00e1ldoz\u00e1s Schw\u00e4bisch Gm\u00fcndben<\/p>\n<p>S\u00edk S\u00e1ndor: Feh\u00e9r nap<br \/>\n\u00dcdv\u00f6z\u00f6lt l\u00e9gy kedves \u00fcnnep<br \/>\nTiszta sz\u00edvek \u00fcnnepe!<br \/>\nRagyogjon be feh\u00e9r f\u00e9nyed<br \/>\nSz\u00edv\u00fcnk-lelk\u00fcnk m\u00e9ly\u00e9be.<\/p>\n<p>M\u00e1jus 6-\u00e1n ker\u00fclt sor a Schw\u00e4bisch Gm\u00fcnd-i magyar egyh\u00e1zk\u00f6z\u00f6ss\u00e9g v\u00e9d\u0151szentj\u00e9nek B\u00facs\u00fa \u00fcnnep\u00e9re. Szent Gizella \u00e9letp\u00e9ld\u00e1j\u00e1r\u00f3l, hivat\u00e1studat\u00e1r\u00f3l, a magyars\u00e1g mellett val\u00f3 elk\u00f6telezetts\u00e9g\u00e9r\u0151l, valamint sz\u00fcl\u0151i nevel\u00e9si p\u00e9ld\u00e1j\u00e1r\u00f3l eml\u00e9kezt\u00fcnk meg a szent besz\u00e9d alatt. <\/p>\n<p>A szentmise keret\u00e9n bel\u00fcl k\u00e9t els\u0151\u00e1ldoz\u00f3nk j\u00e1rult el\u0151sz\u0151r az \u00dar asztal\u00e1hoz. Jakab  D\u00f3ra \u00e9s V\u00e1ndor Zs\u00f3fia sz\u00fcleikkel egy\u00fctt \u00faj\u00edtott\u00e1k meg kereszts\u00e9gi fogadalmaikat \u00e9s k\u00e9rt\u00e9k az \u00dar \u00e1ld\u00e1s\u00e1t \u00e9s kegyelm\u00e9t tov\u00e1bbi \u00e9let\u00fatjukra.<\/p>\n<p>A szentmise alatt felemel\u0151 zenei \u00e9lm\u00e9nyben volt r\u00e9sze a magyar k\u00f6z\u00f6ss\u00e9gnek. Tim\u00e1r Kinga (\u00e9nek), Kocsis Judit (zongora) \u00e9s Horv\u00e1th Ott\u00f3 (klarin\u00e9t) m\u0171v\u00e9szek egyh\u00e1zi komolyzene m\u0171vekkel tett\u00e9 \u00fcnnep\u00e9lyesebb\u00e9 a szertart\u00e1st . Az els\u0151\u00e1ldoz\u00f3k sz\u00fcleikkel \u00e9s bar\u00e1taikkal egy\u00fctt \u00e9nekeltek ifj\u00fas\u00e1gi \u00e9nekeket. A szentmise v\u00e9g\u00e9n pedig Gyermekbibli\u00e1t kaptak aj\u00e1nd\u00e9kba az Egyh\u00e1zk\u00f6zs\u00e9gt\u0151l.<br \/>\nAz \u00fcnnep agap\u00e9val z\u00e1rult, ahol kellemes egy\u00fcttl\u00e9t keret\u00e9ben fogyasztottuk el a k\u00f6z\u00f6sen k\u00e9sz\u00edtett eledeleket.<\/p>\n<p>Visszatekintve, h\u00e1l\u00e1t adunk a Mennyei Aty\u00e1nak, hogy kegyelmeiben r\u00e9szes\u00edtett. K\u00f6sz\u00f6nj\u00fck sz\u00e9pen Imre Aty\u00e1nak a lelkes munk\u00e1t \u00e9s t\u00e1mogat\u00e1st a k\u00f6z\u00f6ss\u00e9g \u00e9s az els\u0151\u00e1ldoz\u00f3k nev\u00e9ben. Nem utols\u00f3 sorban h\u00e1l\u00e1val tartozunk k\u00f6z\u00f6ss\u00e9g\u00fcnk azon lelkes tagjaink az odaad\u00f3 munk\u00e1j\u00e1\u00e9rt, akik lehet\u0151v\u00e9 tett\u00e9k a szentmise ut\u00e1ni k\u00f6z\u00f6s \u00fcnnepl\u00e9st.<\/p>\n<p>Jakab T\u00fcnde, Schw\u00e4bisch Gm\u00fcnd<br \/>\n2018-05-11.<\/p>\n","protected":false},"excerpt":{"rendered":"<p>Jakab T\u00fcnde: Els\u0151\u00e1ldoz\u00e1s Schw\u00e4bisch Gm\u00fcndben S\u00edk S\u00e1ndor: Feh\u00e9r nap \u00dcdv\u00f6z\u00f6lt l\u00e9gy kedves \u00fcnnep Tiszta sz\u00edvek \u00fcnnepe! Ragyogjon be feh\u00e9r f\u00e9nyed Sz\u00edv\u00fcnk-lelk\u00fcnk m\u00e9ly\u00e9be. M\u00e1jus 6-\u00e1n ker\u00fclt sor a Schw\u00e4bisch Gm\u00fcnd-i magyar egyh\u00e1zk\u00f6z\u00f6ss\u00e9g v\u00e9d\u0151szentj\u00e9nek B\u00facs\u00fa \u00fcnnep\u00e9re. Szent Gizella \u00e9letp\u00e9ld\u00e1j\u00e1r\u00f3l, hivat\u00e1studat\u00e1r\u00f3l, a magyars\u00e1g mellett val\u00f3 elk\u00f6telezetts\u00e9g\u00e9r\u0151l, valamint sz\u00fcl\u0151i nevel\u00e9si p\u00e9ld\u00e1j\u00e1r\u00f3l eml\u00e9kezt\u00fcnk meg a szent besz\u00e9d alatt. A szentmise keret\u00e9n bel\u00fcl k\u00e9t els\u0151\u00e1ldoz\u00f3nk j\u00e1rult el\u0151sz\u0151r az \u00dar asztal\u00e1hoz. Jakab D\u00f3ra \u00e9s V\u00e1ndor Zs\u00f3fia sz\u00fcleikkel egy\u00fctt \u00faj\u00edtott\u00e1k meg kereszts\u00e9gi fogadalmaikat \u00e9s k\u00e9rt\u00e9k az \u00dar \u00e1ld\u00e1s\u00e1t \u00e9s kegyelm\u00e9t tov\u00e1bbi \u00e9let\u00fatjukra. A szentmise alatt felemel\u0151 zenei \u00e9lm\u00e9nyben volt r\u00e9sze a magyar k\u00f6z\u00f6ss\u00e9gnek. Tim\u00e1r Kinga (\u00e9nek), Kocsis Judit (zongora) \u00e9s Horv\u00e1th Ott\u00f3 (klarin\u00e9t) m\u0171v\u00e9szek egyh\u00e1zi komolyzene m\u0171vekkel tett\u00e9 \u00fcnnep\u00e9lyesebb\u00e9 a szertart\u00e1st . Az els\u0151\u00e1ldoz\u00f3k sz\u00fcleikkel \u00e9s bar\u00e1taikkal egy\u00fctt \u00e9nekeltek ifj\u00fas\u00e1gi \u00e9nekeket. A szentmise v\u00e9g\u00e9n pedig Gyermekbibli\u00e1t kaptak aj\u00e1nd\u00e9kba az Egyh\u00e1zk\u00f6zs\u00e9gt\u0151l. Az \u00fcnnep agap\u00e9val z\u00e1rult, ahol kellemes egy\u00fcttl\u00e9t keret\u00e9ben fogyasztottuk el a k\u00f6z\u00f6sen k\u00e9sz\u00edtett eledeleket. Visszatekintve, h\u00e1l\u00e1t adunk a Mennyei Aty\u00e1nak, hogy kegyelmeiben r\u00e9szes\u00edtett. K\u00f6sz\u00f6nj\u00fck sz\u00e9pen Imre Aty\u00e1nak a lelkes munk\u00e1t \u00e9s t\u00e1mogat\u00e1st a k\u00f6z\u00f6ss\u00e9g \u00e9s az els\u0151\u00e1ldoz\u00f3k nev\u00e9ben. Nem utols\u00f3 sorban h\u00e1l\u00e1val tartozunk k\u00f6z\u00f6ss\u00e9g\u00fcnk azon lelkes tagjaink az odaad\u00f3 munk\u00e1j\u00e1\u00e9rt, akik lehet\u0151v\u00e9 tett\u00e9k a szentmise ut\u00e1ni k\u00f6z\u00f6s \u00fcnnepl\u00e9st. Jakab T\u00fcnde, Schw\u00e4bisch Gm\u00fcnd 2018-05-11.<\/p>\n","protected":false},"author":3,"featured_media":14395,"comment_status":"closed","ping_status":"closed","sticky":false,"template":"","format":"standard","meta":{"footnotes":""},"categories":[28],"tags":[],"class_list":["post-14393","post","type-post","status-publish","format-standard","has-post-thumbnail","hentry","category-olvasoink-irjak"],"yoast_head":"<!-- This site is optimized with the Yoast SEO plugin v27.3 - https:\/\/yoast.com\/product\/yoast-seo-wordpress\/ -->\n<title>Jakab T\u00fcnde: Els\u0151\u00e1ldoz\u00e1s Schw\u00e4bisch Gm\u00fcndben - Stuttgarti Katolikusok<\/title>\n<meta name=\"robots\" content=\"index, follow, max-snippet:-1, max-image-preview:large, max-video-preview:-1\" \/>\n<link rel=\"canonical\" href=\"https:\/\/stuttgarti-katolikusok.de\/index.php\/jakab-tunde-elsoaldozas-schwabisch-gmundben\/\" \/>\n<meta property=\"og:locale\" content=\"hu_HU\" \/>\n<meta property=\"og:type\" content=\"article\" \/>\n<meta property=\"og:title\" content=\"Jakab T\u00fcnde: Els\u0151\u00e1ldoz\u00e1s Schw\u00e4bisch Gm\u00fcndben - Stuttgarti Katolikusok\" \/>\n<meta property=\"og:description\" content=\"Jakab T\u00fcnde: Els\u0151\u00e1ldoz\u00e1s Schw\u00e4bisch Gm\u00fcndben S\u00edk S\u00e1ndor: Feh\u00e9r nap \u00dcdv\u00f6z\u00f6lt l\u00e9gy kedves \u00fcnnep Tiszta sz\u00edvek \u00fcnnepe! Ragyogjon be feh\u00e9r f\u00e9nyed Sz\u00edv\u00fcnk-lelk\u00fcnk m\u00e9ly\u00e9be. M\u00e1jus 6-\u00e1n ker\u00fclt sor a Schw\u00e4bisch Gm\u00fcnd-i magyar egyh\u00e1zk\u00f6z\u00f6ss\u00e9g v\u00e9d\u0151szentj\u00e9nek B\u00facs\u00fa \u00fcnnep\u00e9re. Szent Gizella \u00e9letp\u00e9ld\u00e1j\u00e1r\u00f3l, hivat\u00e1studat\u00e1r\u00f3l, a magyars\u00e1g mellett val\u00f3 elk\u00f6telezetts\u00e9g\u00e9r\u0151l, valamint sz\u00fcl\u0151i nevel\u00e9si p\u00e9ld\u00e1j\u00e1r\u00f3l eml\u00e9kezt\u00fcnk meg a szent besz\u00e9d alatt. A szentmise keret\u00e9n bel\u00fcl k\u00e9t els\u0151\u00e1ldoz\u00f3nk j\u00e1rult el\u0151sz\u0151r az \u00dar asztal\u00e1hoz. Jakab D\u00f3ra \u00e9s V\u00e1ndor Zs\u00f3fia sz\u00fcleikkel egy\u00fctt \u00faj\u00edtott\u00e1k meg kereszts\u00e9gi fogadalmaikat \u00e9s k\u00e9rt\u00e9k az \u00dar \u00e1ld\u00e1s\u00e1t \u00e9s kegyelm\u00e9t tov\u00e1bbi \u00e9let\u00fatjukra. A szentmise alatt felemel\u0151 zenei \u00e9lm\u00e9nyben volt r\u00e9sze a magyar k\u00f6z\u00f6ss\u00e9gnek. Tim\u00e1r Kinga (\u00e9nek), Kocsis Judit (zongora) \u00e9s Horv\u00e1th Ott\u00f3 (klarin\u00e9t) m\u0171v\u00e9szek egyh\u00e1zi komolyzene m\u0171vekkel tett\u00e9 \u00fcnnep\u00e9lyesebb\u00e9 a szertart\u00e1st . Az els\u0151\u00e1ldoz\u00f3k sz\u00fcleikkel \u00e9s bar\u00e1taikkal egy\u00fctt \u00e9nekeltek ifj\u00fas\u00e1gi \u00e9nekeket. A szentmise v\u00e9g\u00e9n pedig Gyermekbibli\u00e1t kaptak aj\u00e1nd\u00e9kba az Egyh\u00e1zk\u00f6zs\u00e9gt\u0151l. Az \u00fcnnep agap\u00e9val z\u00e1rult, ahol kellemes egy\u00fcttl\u00e9t keret\u00e9ben fogyasztottuk el a k\u00f6z\u00f6sen k\u00e9sz\u00edtett eledeleket. Visszatekintve, h\u00e1l\u00e1t adunk a Mennyei Aty\u00e1nak, hogy kegyelmeiben r\u00e9szes\u00edtett. K\u00f6sz\u00f6nj\u00fck sz\u00e9pen Imre Aty\u00e1nak a lelkes munk\u00e1t \u00e9s t\u00e1mogat\u00e1st a k\u00f6z\u00f6ss\u00e9g \u00e9s az els\u0151\u00e1ldoz\u00f3k nev\u00e9ben. Nem utols\u00f3 sorban h\u00e1l\u00e1val tartozunk k\u00f6z\u00f6ss\u00e9g\u00fcnk azon lelkes tagjaink az odaad\u00f3 munk\u00e1j\u00e1\u00e9rt, akik lehet\u0151v\u00e9 tett\u00e9k a szentmise ut\u00e1ni k\u00f6z\u00f6s \u00fcnnepl\u00e9st. Jakab T\u00fcnde, Schw\u00e4bisch Gm\u00fcnd 2018-05-11.\" \/>\n<meta property=\"og:url\" content=\"https:\/\/stuttgarti-katolikusok.de\/index.php\/jakab-tunde-elsoaldozas-schwabisch-gmundben\/\" \/>\n<meta property=\"og:site_name\" content=\"Stuttgarti Katolikusok\" \/>\n<meta property=\"article:published_time\" content=\"2018-05-11T12:27:13+00:00\" \/>\n<meta property=\"article:modified_time\" content=\"2018-05-11T12:40:11+00:00\" \/>\n<meta property=\"og:image\" content=\"https:\/\/stuttgarti-katolikusok.de\/wp-content\/uploads\/2018\/05\/gmundi3.jpg\" \/>\n\t<meta property=\"og:image:width\" content=\"1032\" \/>\n\t<meta property=\"og:image:height\" content=\"774\" \/>\n\t<meta property=\"og:image:type\" content=\"image\/jpeg\" \/>\n<meta name=\"author\" content=\"Tibor atya\" \/>\n<meta name=\"twitter:card\" content=\"summary_large_image\" \/>\n<meta name=\"twitter:label1\" content=\"Szerz\u0151:\" \/>\n\t<meta name=\"twitter:data1\" content=\"Tibor atya\" \/>\n\t<meta name=\"twitter:label2\" content=\"Becs\u00fclt olvas\u00e1si id\u0151\" \/>\n\t<meta name=\"twitter:data2\" content=\"2 perc\" \/>\n<script type=\"application\/ld+json\" class=\"yoast-schema-graph\">{\"@context\":\"https:\\\/\\\/schema.org\",\"@graph\":[{\"@type\":\"Article\",\"@id\":\"https:\\\/\\\/stuttgarti-katolikusok.de\\\/index.php\\\/jakab-tunde-elsoaldozas-schwabisch-gmundben\\\/#article\",\"isPartOf\":{\"@id\":\"https:\\\/\\\/stuttgarti-katolikusok.de\\\/index.php\\\/jakab-tunde-elsoaldozas-schwabisch-gmundben\\\/\"},\"author\":{\"name\":\"Tibor atya\",\"@id\":\"https:\\\/\\\/stuttgarti-katolikusok.de\\\/#\\\/schema\\\/person\\\/75908d6f8fdc03a57889d27209df7795\"},\"headline\":\"Jakab T\u00fcnde: Els\u0151\u00e1ldoz\u00e1s Schw\u00e4bisch Gm\u00fcndben\",\"datePublished\":\"2018-05-11T12:27:13+00:00\",\"dateModified\":\"2018-05-11T12:40:11+00:00\",\"mainEntityOfPage\":{\"@id\":\"https:\\\/\\\/stuttgarti-katolikusok.de\\\/index.php\\\/jakab-tunde-elsoaldozas-schwabisch-gmundben\\\/\"},\"wordCount\":359,\"image\":{\"@id\":\"https:\\\/\\\/stuttgarti-katolikusok.de\\\/index.php\\\/jakab-tunde-elsoaldozas-schwabisch-gmundben\\\/#primaryimage\"},\"thumbnailUrl\":\"https:\\\/\\\/stuttgarti-katolikusok.de\\\/wp-content\\\/uploads\\\/2018\\\/05\\\/gmundi3.jpg\",\"articleSection\":[\"Olvas\u00f3ink \u00edrj\u00e1k\"],\"inLanguage\":\"hu\"},{\"@type\":\"WebPage\",\"@id\":\"https:\\\/\\\/stuttgarti-katolikusok.de\\\/index.php\\\/jakab-tunde-elsoaldozas-schwabisch-gmundben\\\/\",\"url\":\"https:\\\/\\\/stuttgarti-katolikusok.de\\\/index.php\\\/jakab-tunde-elsoaldozas-schwabisch-gmundben\\\/\",\"name\":\"Jakab T\u00fcnde: Els\u0151\u00e1ldoz\u00e1s Schw\u00e4bisch Gm\u00fcndben - Stuttgarti Katolikusok\",\"isPartOf\":{\"@id\":\"https:\\\/\\\/stuttgarti-katolikusok.de\\\/#website\"},\"primaryImageOfPage\":{\"@id\":\"https:\\\/\\\/stuttgarti-katolikusok.de\\\/index.php\\\/jakab-tunde-elsoaldozas-schwabisch-gmundben\\\/#primaryimage\"},\"image\":{\"@id\":\"https:\\\/\\\/stuttgarti-katolikusok.de\\\/index.php\\\/jakab-tunde-elsoaldozas-schwabisch-gmundben\\\/#primaryimage\"},\"thumbnailUrl\":\"https:\\\/\\\/stuttgarti-katolikusok.de\\\/wp-content\\\/uploads\\\/2018\\\/05\\\/gmundi3.jpg\",\"datePublished\":\"2018-05-11T12:27:13+00:00\",\"dateModified\":\"2018-05-11T12:40:11+00:00\",\"author\":{\"@id\":\"https:\\\/\\\/stuttgarti-katolikusok.de\\\/#\\\/schema\\\/person\\\/75908d6f8fdc03a57889d27209df7795\"},\"breadcrumb\":{\"@id\":\"https:\\\/\\\/stuttgarti-katolikusok.de\\\/index.php\\\/jakab-tunde-elsoaldozas-schwabisch-gmundben\\\/#breadcrumb\"},\"inLanguage\":\"hu\",\"potentialAction\":[{\"@type\":\"ReadAction\",\"target\":[\"https:\\\/\\\/stuttgarti-katolikusok.de\\\/index.php\\\/jakab-tunde-elsoaldozas-schwabisch-gmundben\\\/\"]}]},{\"@type\":\"ImageObject\",\"inLanguage\":\"hu\",\"@id\":\"https:\\\/\\\/stuttgarti-katolikusok.de\\\/index.php\\\/jakab-tunde-elsoaldozas-schwabisch-gmundben\\\/#primaryimage\",\"url\":\"https:\\\/\\\/stuttgarti-katolikusok.de\\\/wp-content\\\/uploads\\\/2018\\\/05\\\/gmundi3.jpg\",\"contentUrl\":\"https:\\\/\\\/stuttgarti-katolikusok.de\\\/wp-content\\\/uploads\\\/2018\\\/05\\\/gmundi3.jpg\",\"width\":1032,\"height\":774},{\"@type\":\"BreadcrumbList\",\"@id\":\"https:\\\/\\\/stuttgarti-katolikusok.de\\\/index.php\\\/jakab-tunde-elsoaldozas-schwabisch-gmundben\\\/#breadcrumb\",\"itemListElement\":[{\"@type\":\"ListItem\",\"position\":1,\"name\":\"Kezd\u0151lap\",\"item\":\"https:\\\/\\\/stuttgarti-katolikusok.de\\\/\"},{\"@type\":\"ListItem\",\"position\":2,\"name\":\"Jakab T\u00fcnde: Els\u0151\u00e1ldoz\u00e1s Schw\u00e4bisch Gm\u00fcndben\"}]},{\"@type\":\"WebSite\",\"@id\":\"https:\\\/\\\/stuttgarti-katolikusok.de\\\/#website\",\"url\":\"https:\\\/\\\/stuttgarti-katolikusok.de\\\/\",\"name\":\"Stuttgarti Katolikusok\",\"description\":\"\",\"potentialAction\":[{\"@type\":\"SearchAction\",\"target\":{\"@type\":\"EntryPoint\",\"urlTemplate\":\"https:\\\/\\\/stuttgarti-katolikusok.de\\\/?s={search_term_string}\"},\"query-input\":{\"@type\":\"PropertyValueSpecification\",\"valueRequired\":true,\"valueName\":\"search_term_string\"}}],\"inLanguage\":\"hu\"},{\"@type\":\"Person\",\"@id\":\"https:\\\/\\\/stuttgarti-katolikusok.de\\\/#\\\/schema\\\/person\\\/75908d6f8fdc03a57889d27209df7795\",\"name\":\"Tibor atya\",\"image\":{\"@type\":\"ImageObject\",\"inLanguage\":\"hu\",\"@id\":\"https:\\\/\\\/secure.gravatar.com\\\/avatar\\\/61d268e57d1f4525b111222e29d2d5a7f8c420fdbf231ba5566a8ceac74fa960?s=96&d=mm&r=g\",\"url\":\"https:\\\/\\\/secure.gravatar.com\\\/avatar\\\/61d268e57d1f4525b111222e29d2d5a7f8c420fdbf231ba5566a8ceac74fa960?s=96&d=mm&r=g\",\"contentUrl\":\"https:\\\/\\\/secure.gravatar.com\\\/avatar\\\/61d268e57d1f4525b111222e29d2d5a7f8c420fdbf231ba5566a8ceac74fa960?s=96&d=mm&r=g\",\"caption\":\"Tibor atya\"},\"url\":\"https:\\\/\\\/stuttgarti-katolikusok.de\\\/index.php\\\/author\\\/tibor-atya\\\/\"}]}<\/script>\n<!-- \/ Yoast SEO plugin. -->","yoast_head_json":{"title":"Jakab T\u00fcnde: Els\u0151\u00e1ldoz\u00e1s Schw\u00e4bisch Gm\u00fcndben - Stuttgarti Katolikusok","robots":{"index":"index","follow":"follow","max-snippet":"max-snippet:-1","max-image-preview":"max-image-preview:large","max-video-preview":"max-video-preview:-1"},"canonical":"https:\/\/stuttgarti-katolikusok.de\/index.php\/jakab-tunde-elsoaldozas-schwabisch-gmundben\/","og_locale":"hu_HU","og_type":"article","og_title":"Jakab T\u00fcnde: Els\u0151\u00e1ldoz\u00e1s Schw\u00e4bisch Gm\u00fcndben - Stuttgarti Katolikusok","og_description":"Jakab T\u00fcnde: Els\u0151\u00e1ldoz\u00e1s Schw\u00e4bisch Gm\u00fcndben S\u00edk S\u00e1ndor: Feh\u00e9r nap \u00dcdv\u00f6z\u00f6lt l\u00e9gy kedves \u00fcnnep Tiszta sz\u00edvek \u00fcnnepe! Ragyogjon be feh\u00e9r f\u00e9nyed Sz\u00edv\u00fcnk-lelk\u00fcnk m\u00e9ly\u00e9be. M\u00e1jus 6-\u00e1n ker\u00fclt sor a Schw\u00e4bisch Gm\u00fcnd-i magyar egyh\u00e1zk\u00f6z\u00f6ss\u00e9g v\u00e9d\u0151szentj\u00e9nek B\u00facs\u00fa \u00fcnnep\u00e9re. Szent Gizella \u00e9letp\u00e9ld\u00e1j\u00e1r\u00f3l, hivat\u00e1studat\u00e1r\u00f3l, a magyars\u00e1g mellett val\u00f3 elk\u00f6telezetts\u00e9g\u00e9r\u0151l, valamint sz\u00fcl\u0151i nevel\u00e9si p\u00e9ld\u00e1j\u00e1r\u00f3l eml\u00e9kezt\u00fcnk meg a szent besz\u00e9d alatt. A szentmise keret\u00e9n bel\u00fcl k\u00e9t els\u0151\u00e1ldoz\u00f3nk j\u00e1rult el\u0151sz\u0151r az \u00dar asztal\u00e1hoz. Jakab D\u00f3ra \u00e9s V\u00e1ndor Zs\u00f3fia sz\u00fcleikkel egy\u00fctt \u00faj\u00edtott\u00e1k meg kereszts\u00e9gi fogadalmaikat \u00e9s k\u00e9rt\u00e9k az \u00dar \u00e1ld\u00e1s\u00e1t \u00e9s kegyelm\u00e9t tov\u00e1bbi \u00e9let\u00fatjukra. A szentmise alatt felemel\u0151 zenei \u00e9lm\u00e9nyben volt r\u00e9sze a magyar k\u00f6z\u00f6ss\u00e9gnek. Tim\u00e1r Kinga (\u00e9nek), Kocsis Judit (zongora) \u00e9s Horv\u00e1th Ott\u00f3 (klarin\u00e9t) m\u0171v\u00e9szek egyh\u00e1zi komolyzene m\u0171vekkel tett\u00e9 \u00fcnnep\u00e9lyesebb\u00e9 a szertart\u00e1st . Az els\u0151\u00e1ldoz\u00f3k sz\u00fcleikkel \u00e9s bar\u00e1taikkal egy\u00fctt \u00e9nekeltek ifj\u00fas\u00e1gi \u00e9nekeket. A szentmise v\u00e9g\u00e9n pedig Gyermekbibli\u00e1t kaptak aj\u00e1nd\u00e9kba az Egyh\u00e1zk\u00f6zs\u00e9gt\u0151l. Az \u00fcnnep agap\u00e9val z\u00e1rult, ahol kellemes egy\u00fcttl\u00e9t keret\u00e9ben fogyasztottuk el a k\u00f6z\u00f6sen k\u00e9sz\u00edtett eledeleket. Visszatekintve, h\u00e1l\u00e1t adunk a Mennyei Aty\u00e1nak, hogy kegyelmeiben r\u00e9szes\u00edtett. K\u00f6sz\u00f6nj\u00fck sz\u00e9pen Imre Aty\u00e1nak a lelkes munk\u00e1t \u00e9s t\u00e1mogat\u00e1st a k\u00f6z\u00f6ss\u00e9g \u00e9s az els\u0151\u00e1ldoz\u00f3k nev\u00e9ben. Nem utols\u00f3 sorban h\u00e1l\u00e1val tartozunk k\u00f6z\u00f6ss\u00e9g\u00fcnk azon lelkes tagjaink az odaad\u00f3 munk\u00e1j\u00e1\u00e9rt, akik lehet\u0151v\u00e9 tett\u00e9k a szentmise ut\u00e1ni k\u00f6z\u00f6s \u00fcnnepl\u00e9st. Jakab T\u00fcnde, Schw\u00e4bisch Gm\u00fcnd 2018-05-11.","og_url":"https:\/\/stuttgarti-katolikusok.de\/index.php\/jakab-tunde-elsoaldozas-schwabisch-gmundben\/","og_site_name":"Stuttgarti Katolikusok","article_published_time":"2018-05-11T12:27:13+00:00","article_modified_time":"2018-05-11T12:40:11+00:00","og_image":[{"width":1032,"height":774,"url":"https:\/\/stuttgarti-katolikusok.de\/wp-content\/uploads\/2018\/05\/gmundi3.jpg","type":"image\/jpeg"}],"author":"Tibor atya","twitter_card":"summary_large_image","twitter_misc":{"Szerz\u0151:":"Tibor atya","Becs\u00fclt olvas\u00e1si id\u0151":"2 perc"},"schema":{"@context":"https:\/\/schema.org","@graph":[{"@type":"Article","@id":"https:\/\/stuttgarti-katolikusok.de\/index.php\/jakab-tunde-elsoaldozas-schwabisch-gmundben\/#article","isPartOf":{"@id":"https:\/\/stuttgarti-katolikusok.de\/index.php\/jakab-tunde-elsoaldozas-schwabisch-gmundben\/"},"author":{"name":"Tibor atya","@id":"https:\/\/stuttgarti-katolikusok.de\/#\/schema\/person\/75908d6f8fdc03a57889d27209df7795"},"headline":"Jakab T\u00fcnde: Els\u0151\u00e1ldoz\u00e1s Schw\u00e4bisch Gm\u00fcndben","datePublished":"2018-05-11T12:27:13+00:00","dateModified":"2018-05-11T12:40:11+00:00","mainEntityOfPage":{"@id":"https:\/\/stuttgarti-katolikusok.de\/index.php\/jakab-tunde-elsoaldozas-schwabisch-gmundben\/"},"wordCount":359,"image":{"@id":"https:\/\/stuttgarti-katolikusok.de\/index.php\/jakab-tunde-elsoaldozas-schwabisch-gmundben\/#primaryimage"},"thumbnailUrl":"https:\/\/stuttgarti-katolikusok.de\/wp-content\/uploads\/2018\/05\/gmundi3.jpg","articleSection":["Olvas\u00f3ink \u00edrj\u00e1k"],"inLanguage":"hu"},{"@type":"WebPage","@id":"https:\/\/stuttgarti-katolikusok.de\/index.php\/jakab-tunde-elsoaldozas-schwabisch-gmundben\/","url":"https:\/\/stuttgarti-katolikusok.de\/index.php\/jakab-tunde-elsoaldozas-schwabisch-gmundben\/","name":"Jakab T\u00fcnde: Els\u0151\u00e1ldoz\u00e1s Schw\u00e4bisch Gm\u00fcndben - Stuttgarti Katolikusok","isPartOf":{"@id":"https:\/\/stuttgarti-katolikusok.de\/#website"},"primaryImageOfPage":{"@id":"https:\/\/stuttgarti-katolikusok.de\/index.php\/jakab-tunde-elsoaldozas-schwabisch-gmundben\/#primaryimage"},"image":{"@id":"https:\/\/stuttgarti-katolikusok.de\/index.php\/jakab-tunde-elsoaldozas-schwabisch-gmundben\/#primaryimage"},"thumbnailUrl":"https:\/\/stuttgarti-katolikusok.de\/wp-content\/uploads\/2018\/05\/gmundi3.jpg","datePublished":"2018-05-11T12:27:13+00:00","dateModified":"2018-05-11T12:40:11+00:00","author":{"@id":"https:\/\/stuttgarti-katolikusok.de\/#\/schema\/person\/75908d6f8fdc03a57889d27209df7795"},"breadcrumb":{"@id":"https:\/\/stuttgarti-katolikusok.de\/index.php\/jakab-tunde-elsoaldozas-schwabisch-gmundben\/#breadcrumb"},"inLanguage":"hu","potentialAction":[{"@type":"ReadAction","target":["https:\/\/stuttgarti-katolikusok.de\/index.php\/jakab-tunde-elsoaldozas-schwabisch-gmundben\/"]}]},{"@type":"ImageObject","inLanguage":"hu","@id":"https:\/\/stuttgarti-katolikusok.de\/index.php\/jakab-tunde-elsoaldozas-schwabisch-gmundben\/#primaryimage","url":"https:\/\/stuttgarti-katolikusok.de\/wp-content\/uploads\/2018\/05\/gmundi3.jpg","contentUrl":"https:\/\/stuttgarti-katolikusok.de\/wp-content\/uploads\/2018\/05\/gmundi3.jpg","width":1032,"height":774},{"@type":"BreadcrumbList","@id":"https:\/\/stuttgarti-katolikusok.de\/index.php\/jakab-tunde-elsoaldozas-schwabisch-gmundben\/#breadcrumb","itemListElement":[{"@type":"ListItem","position":1,"name":"Kezd\u0151lap","item":"https:\/\/stuttgarti-katolikusok.de\/"},{"@type":"ListItem","position":2,"name":"Jakab T\u00fcnde: Els\u0151\u00e1ldoz\u00e1s Schw\u00e4bisch Gm\u00fcndben"}]},{"@type":"WebSite","@id":"https:\/\/stuttgarti-katolikusok.de\/#website","url":"https:\/\/stuttgarti-katolikusok.de\/","name":"Stuttgarti Katolikusok","description":"","potentialAction":[{"@type":"SearchAction","target":{"@type":"EntryPoint","urlTemplate":"https:\/\/stuttgarti-katolikusok.de\/?s={search_term_string}"},"query-input":{"@type":"PropertyValueSpecification","valueRequired":true,"valueName":"search_term_string"}}],"inLanguage":"hu"},{"@type":"Person","@id":"https:\/\/stuttgarti-katolikusok.de\/#\/schema\/person\/75908d6f8fdc03a57889d27209df7795","name":"Tibor atya","image":{"@type":"ImageObject","inLanguage":"hu","@id":"https:\/\/secure.gravatar.com\/avatar\/61d268e57d1f4525b111222e29d2d5a7f8c420fdbf231ba5566a8ceac74fa960?s=96&d=mm&r=g","url":"https:\/\/secure.gravatar.com\/avatar\/61d268e57d1f4525b111222e29d2d5a7f8c420fdbf231ba5566a8ceac74fa960?s=96&d=mm&r=g","contentUrl":"https:\/\/secure.gravatar.com\/avatar\/61d268e57d1f4525b111222e29d2d5a7f8c420fdbf231ba5566a8ceac74fa960?s=96&d=mm&r=g","caption":"Tibor atya"},"url":"https:\/\/stuttgarti-katolikusok.de\/index.php\/author\/tibor-atya\/"}]}},"_links":{"self":[{"href":"https:\/\/stuttgarti-katolikusok.de\/index.php\/wp-json\/wp\/v2\/posts\/14393","targetHints":{"allow":["GET"]}}],"collection":[{"href":"https:\/\/stuttgarti-katolikusok.de\/index.php\/wp-json\/wp\/v2\/posts"}],"about":[{"href":"https:\/\/stuttgarti-katolikusok.de\/index.php\/wp-json\/wp\/v2\/types\/post"}],"author":[{"embeddable":true,"href":"https:\/\/stuttgarti-katolikusok.de\/index.php\/wp-json\/wp\/v2\/users\/3"}],"replies":[{"embeddable":true,"href":"https:\/\/stuttgarti-katolikusok.de\/index.php\/wp-json\/wp\/v2\/comments?post=14393"}],"version-history":[{"count":3,"href":"https:\/\/stuttgarti-katolikusok.de\/index.php\/wp-json\/wp\/v2\/posts\/14393\/revisions"}],"predecessor-version":[{"id":14398,"href":"https:\/\/stuttgarti-katolikusok.de\/index.php\/wp-json\/wp\/v2\/posts\/14393\/revisions\/14398"}],"wp:featuredmedia":[{"embeddable":true,"href":"https:\/\/stuttgarti-katolikusok.de\/index.php\/wp-json\/wp\/v2\/media\/14395"}],"wp:attachment":[{"href":"https:\/\/stuttgarti-katolikusok.de\/index.php\/wp-json\/wp\/v2\/media?parent=14393"}],"wp:term":[{"taxonomy":"category","embeddable":true,"href":"https:\/\/stuttgarti-katolikusok.de\/index.php\/wp-json\/wp\/v2\/categories?post=14393"},{"taxonomy":"post_tag","embeddable":true,"href":"https:\/\/stuttgarti-katolikusok.de\/index.php\/wp-json\/wp\/v2\/tags?post=14393"}],"curies":[{"name":"wp","href":"https:\/\/api.w.org\/{rel}","templated":true}]}}