{"id":14321,"date":"2018-04-27T05:43:12","date_gmt":"2018-04-27T05:43:12","guid":{"rendered":"https:\/\/gracious-dewdney.138-201-221-2.plesk.page\/?p=14321"},"modified":"2018-04-27T05:43:12","modified_gmt":"2018-04-27T05:43:12","slug":"benedek-anniko-bevandorlok-egy-csoportja-templomunkban-es-egyhazkozsegunkben","status":"publish","type":"post","link":"https:\/\/stuttgarti-katolikusok.de\/index.php\/benedek-anniko-bevandorlok-egy-csoportja-templomunkban-es-egyhazkozsegunkben\/","title":{"rendered":"Benedek Annik\u00f3: Bev\u00e1ndorl\u00f3k egy csoportja templomunkban \u00e9s egyh\u00e1zk\u00f6zs\u00e9g\u00fcnkben"},"content":{"rendered":"<p>Bev\u00e1ndorl\u00f3k egy csoportja templomunkban \u00e9s egyh\u00e1zk\u00f6zs\u00e9g\u00fcnkben<\/p>\n<p>\tEgy \u00faj orsz\u00e1gba j\u00f6v\u0151knek az els\u0151 \u00e9s legfontosabb l\u00e9p\u00e9s a nyelvet megtanulni \u00e9s az orsz\u00e1g hagyom\u00e1ny\u00e1t, illetve kult\u00far\u00e1lis \u00e9rt\u00e9keit elsaj\u00e1t\u00edtani. N\u00e9metorsz\u00e1gba az ut\u00f3bbi \u00e9vekben sokan \u00e9rkeznek m\u00e1s orsz\u00e1gokb\u00f3l. A n\u00e9met \u00e1llam k\u00fcl\u00f6nb\u00f6z\u00f6 \u2013 nyelvi \u00e9s integr\u00e1ci\u00f3s \u2013 kurzusokkal t\u00e1mogatja azokat, akik min\u00e9l hamarabb szeretn\u00e9nek beilleszkedni.  Tudja ugyanis, hogy a  nyelv \u00e9s a kult\u00fara ismerete k\u00fcl\u00f6n\u00f6sen n\u00e9lk\u00fcl\u00f6zhetetlen a munka keres\u00e9sn\u00e9l, valamint a t\u00e1rsadalomban val\u00f3 beilleszked\u00e9sn\u00e9l.<br \/>\n\tIlyen t\u00edpus\u00fa kurzusokat a stuttgarti Karitasz is szervez.<br \/>\n\t\u00c1prilis 19-\u00e9n egy 20 szem\u00e9lyes csoport l\u00e1togatta meg egyh\u00e1zk\u00f6zs\u00e9g\u00fcnket. Tagjai egy j\u00f3 ideje N\u00e9metorsz\u00e1g t\u00f6rt\u00e9nelm\u00e9r\u0151l, kult\u00far\u00e1j\u00e1r\u00f3l \u00e9s alkotm\u00e1ny\u00e1r\u00f3l tanulnak. Az \u00e1ltal\u00e1nos ismeretekhez, amiket meg kell ismerni\u00fck, a kereszt\u00e9ny vall\u00e1s \u00e9s hagyom\u00e1nyok is hozz\u00e1 tartoznak. Imre atya megnyitotta nekik templomunkat, hogy meg mutassa \u00e9s megmagyar\u00e1zza a katolikus templom illetve a liturgia r\u00e9szeit, \u00e9s id\u0151t sz\u00e1nt r\u00e1, hogy ismertesse nekik a katolikus hit fontosabb elemeit. Fontos volt az is, hogy lehet\u0151s\u00e9get  adott a nyelvtanul\u00f3knak, k\u00e9rd\u00e9sek feltev\u00e9s\u00e9re. Ilyen \u00e9s ehhez hasonl\u00f3 k\u00e9rd\u00e9sek hangzottak el: Mi\u00e9rt \u00e9s h\u00e1nyszor harangoznak? Mi\u00e9rt van az olt\u00e1r mindig a templom k\u00f6zep\u00e9ben? Melyik a legfontosabb katolikus \u00fcnnep?<br \/>\n\tA templom-bemutat\u00f3 ut\u00e1n k\u00e1v\u00e9val, te\u00e1val \u00e9s s\u00fctivel kedveskedt\u00fcnk vend\u00e9geinknek.<br \/>\n\tA csoportban voltak Irakb\u00f3l, K\u00edn\u00e1b\u00f3l, Indi\u00e1b\u00f3l, Dominikai K\u00f6zt\u00e1rsas\u00e1gb\u00f3l, G\u00f6r\u00f6gorsz\u00e1gb\u00f3l, Marokk\u00f3b\u00f3l \u00e9s m\u00e9g sok m\u00e1s orsz\u00e1gb\u00f3l. A csoport tagjait k\u00fcl\u00f6nb\u00f6z\u0151 okok hozt\u00e1k ide  N\u00e9metorsz\u00e1gba: h\u00e1bor\u00fa, munkakeres\u00e9s, h\u00e1zass\u00e1g, vagy egyszer\u0171en egy jobb \u00e9let ut\u00e1ni v\u00e1gy.<br \/>\n\tK\u00f6sz\u00f6net Imre aty\u00e1nak, hogy bevezetett benn\u00fcnket  a kereszt\u00e9nys\u00e9g vil\u00e1g\u00e1ba. \u00c9s k\u00f6sz\u00f6net az egyh\u00e1zk\u00f6z\u00f6ss\u00e9g azon seg\u00edt\u0151 tagjainak, akik lehet\u0151s\u00e9get nyujtottak a l\u00e1togat\u00e1sra, a k\u00f6zvetlen besz\u00e9lget\u00e9sre, \u00e9s a vend\u00e9gl\u00e1t\u00e1s gyakorl\u00e1s\u00e1ra.<\/p>\n<p>Stuttgart, 2018-04-26.<\/p>\n<p>Benedek Annik\u00f3<br \/>\nKaritasz munkat\u00e1rs<\/p>\n","protected":false},"excerpt":{"rendered":"<p>Bev\u00e1ndorl\u00f3k egy csoportja templomunkban \u00e9s egyh\u00e1zk\u00f6zs\u00e9g\u00fcnkben Egy \u00faj orsz\u00e1gba j\u00f6v\u0151knek az els\u0151 \u00e9s legfontosabb l\u00e9p\u00e9s a nyelvet megtanulni \u00e9s az orsz\u00e1g hagyom\u00e1ny\u00e1t, illetve kult\u00far\u00e1lis \u00e9rt\u00e9keit elsaj\u00e1t\u00edtani. N\u00e9metorsz\u00e1gba az ut\u00f3bbi \u00e9vekben sokan \u00e9rkeznek m\u00e1s orsz\u00e1gokb\u00f3l. A n\u00e9met \u00e1llam k\u00fcl\u00f6nb\u00f6z\u00f6 \u2013 nyelvi \u00e9s integr\u00e1ci\u00f3s \u2013 kurzusokkal t\u00e1mogatja azokat, akik min\u00e9l hamarabb szeretn\u00e9nek beilleszkedni. Tudja ugyanis, hogy a nyelv \u00e9s a kult\u00fara ismerete k\u00fcl\u00f6n\u00f6sen n\u00e9lk\u00fcl\u00f6zhetetlen a munka keres\u00e9sn\u00e9l, valamint a t\u00e1rsadalomban val\u00f3 beilleszked\u00e9sn\u00e9l. Ilyen t\u00edpus\u00fa kurzusokat a stuttgarti Karitasz is szervez. \u00c1prilis 19-\u00e9n egy 20 szem\u00e9lyes csoport l\u00e1togatta meg egyh\u00e1zk\u00f6zs\u00e9g\u00fcnket. Tagjai egy j\u00f3 ideje N\u00e9metorsz\u00e1g t\u00f6rt\u00e9nelm\u00e9r\u0151l, kult\u00far\u00e1j\u00e1r\u00f3l \u00e9s alkotm\u00e1ny\u00e1r\u00f3l tanulnak. Az \u00e1ltal\u00e1nos ismeretekhez, amiket meg kell ismerni\u00fck, a kereszt\u00e9ny vall\u00e1s \u00e9s hagyom\u00e1nyok is hozz\u00e1 tartoznak. Imre atya megnyitotta nekik templomunkat, hogy meg mutassa \u00e9s megmagyar\u00e1zza a katolikus templom illetve a liturgia r\u00e9szeit, \u00e9s id\u0151t sz\u00e1nt r\u00e1, hogy ismertesse nekik a katolikus hit fontosabb elemeit. Fontos volt az is, hogy lehet\u0151s\u00e9get adott a nyelvtanul\u00f3knak, k\u00e9rd\u00e9sek feltev\u00e9s\u00e9re. Ilyen \u00e9s ehhez hasonl\u00f3 k\u00e9rd\u00e9sek hangzottak el: Mi\u00e9rt \u00e9s h\u00e1nyszor harangoznak? Mi\u00e9rt van az olt\u00e1r mindig a templom k\u00f6zep\u00e9ben? Melyik a legfontosabb katolikus \u00fcnnep? A templom-bemutat\u00f3 ut\u00e1n k\u00e1v\u00e9val, te\u00e1val \u00e9s s\u00fctivel kedveskedt\u00fcnk vend\u00e9geinknek. A csoportban voltak Irakb\u00f3l, K\u00edn\u00e1b\u00f3l, Indi\u00e1b\u00f3l, Dominikai K\u00f6zt\u00e1rsas\u00e1gb\u00f3l, G\u00f6r\u00f6gorsz\u00e1gb\u00f3l, Marokk\u00f3b\u00f3l \u00e9s m\u00e9g sok m\u00e1s orsz\u00e1gb\u00f3l. A csoport tagjait k\u00fcl\u00f6nb\u00f6z\u0151 okok hozt\u00e1k ide N\u00e9metorsz\u00e1gba: h\u00e1bor\u00fa, munkakeres\u00e9s, h\u00e1zass\u00e1g, vagy egyszer\u0171en egy jobb \u00e9let ut\u00e1ni v\u00e1gy. K\u00f6sz\u00f6net Imre aty\u00e1nak, hogy bevezetett benn\u00fcnket a kereszt\u00e9nys\u00e9g vil\u00e1g\u00e1ba. \u00c9s k\u00f6sz\u00f6net az egyh\u00e1zk\u00f6z\u00f6ss\u00e9g azon seg\u00edt\u0151 tagjainak, akik lehet\u0151s\u00e9get nyujtottak a l\u00e1togat\u00e1sra, a k\u00f6zvetlen besz\u00e9lget\u00e9sre, \u00e9s a vend\u00e9gl\u00e1t\u00e1s gyakorl\u00e1s\u00e1ra. Stuttgart, 2018-04-26. Benedek Annik\u00f3 Karitasz munkat\u00e1rs<\/p>\n","protected":false},"author":3,"featured_media":14322,"comment_status":"closed","ping_status":"closed","sticky":false,"template":"","format":"standard","meta":{"footnotes":""},"categories":[28],"tags":[],"class_list":["post-14321","post","type-post","status-publish","format-standard","has-post-thumbnail","hentry","category-olvasoink-irjak"],"yoast_head":"<!-- This site is optimized with the Yoast SEO plugin v27.3 - https:\/\/yoast.com\/product\/yoast-seo-wordpress\/ -->\n<title>Benedek Annik\u00f3: Bev\u00e1ndorl\u00f3k egy csoportja templomunkban \u00e9s egyh\u00e1zk\u00f6zs\u00e9g\u00fcnkben - Stuttgarti Katolikusok<\/title>\n<meta name=\"robots\" content=\"index, follow, max-snippet:-1, max-image-preview:large, max-video-preview:-1\" \/>\n<link rel=\"canonical\" href=\"https:\/\/stuttgarti-katolikusok.de\/index.php\/benedek-anniko-bevandorlok-egy-csoportja-templomunkban-es-egyhazkozsegunkben\/\" \/>\n<meta property=\"og:locale\" content=\"hu_HU\" \/>\n<meta property=\"og:type\" content=\"article\" \/>\n<meta property=\"og:title\" content=\"Benedek Annik\u00f3: Bev\u00e1ndorl\u00f3k egy csoportja templomunkban \u00e9s egyh\u00e1zk\u00f6zs\u00e9g\u00fcnkben - Stuttgarti Katolikusok\" \/>\n<meta property=\"og:description\" content=\"Bev\u00e1ndorl\u00f3k egy csoportja templomunkban \u00e9s egyh\u00e1zk\u00f6zs\u00e9g\u00fcnkben Egy \u00faj orsz\u00e1gba j\u00f6v\u0151knek az els\u0151 \u00e9s legfontosabb l\u00e9p\u00e9s a nyelvet megtanulni \u00e9s az orsz\u00e1g hagyom\u00e1ny\u00e1t, illetve kult\u00far\u00e1lis \u00e9rt\u00e9keit elsaj\u00e1t\u00edtani. N\u00e9metorsz\u00e1gba az ut\u00f3bbi \u00e9vekben sokan \u00e9rkeznek m\u00e1s orsz\u00e1gokb\u00f3l. A n\u00e9met \u00e1llam k\u00fcl\u00f6nb\u00f6z\u00f6 \u2013 nyelvi \u00e9s integr\u00e1ci\u00f3s \u2013 kurzusokkal t\u00e1mogatja azokat, akik min\u00e9l hamarabb szeretn\u00e9nek beilleszkedni. Tudja ugyanis, hogy a nyelv \u00e9s a kult\u00fara ismerete k\u00fcl\u00f6n\u00f6sen n\u00e9lk\u00fcl\u00f6zhetetlen a munka keres\u00e9sn\u00e9l, valamint a t\u00e1rsadalomban val\u00f3 beilleszked\u00e9sn\u00e9l. Ilyen t\u00edpus\u00fa kurzusokat a stuttgarti Karitasz is szervez. \u00c1prilis 19-\u00e9n egy 20 szem\u00e9lyes csoport l\u00e1togatta meg egyh\u00e1zk\u00f6zs\u00e9g\u00fcnket. Tagjai egy j\u00f3 ideje N\u00e9metorsz\u00e1g t\u00f6rt\u00e9nelm\u00e9r\u0151l, kult\u00far\u00e1j\u00e1r\u00f3l \u00e9s alkotm\u00e1ny\u00e1r\u00f3l tanulnak. Az \u00e1ltal\u00e1nos ismeretekhez, amiket meg kell ismerni\u00fck, a kereszt\u00e9ny vall\u00e1s \u00e9s hagyom\u00e1nyok is hozz\u00e1 tartoznak. Imre atya megnyitotta nekik templomunkat, hogy meg mutassa \u00e9s megmagyar\u00e1zza a katolikus templom illetve a liturgia r\u00e9szeit, \u00e9s id\u0151t sz\u00e1nt r\u00e1, hogy ismertesse nekik a katolikus hit fontosabb elemeit. Fontos volt az is, hogy lehet\u0151s\u00e9get adott a nyelvtanul\u00f3knak, k\u00e9rd\u00e9sek feltev\u00e9s\u00e9re. Ilyen \u00e9s ehhez hasonl\u00f3 k\u00e9rd\u00e9sek hangzottak el: Mi\u00e9rt \u00e9s h\u00e1nyszor harangoznak? Mi\u00e9rt van az olt\u00e1r mindig a templom k\u00f6zep\u00e9ben? Melyik a legfontosabb katolikus \u00fcnnep? A templom-bemutat\u00f3 ut\u00e1n k\u00e1v\u00e9val, te\u00e1val \u00e9s s\u00fctivel kedveskedt\u00fcnk vend\u00e9geinknek. A csoportban voltak Irakb\u00f3l, K\u00edn\u00e1b\u00f3l, Indi\u00e1b\u00f3l, Dominikai K\u00f6zt\u00e1rsas\u00e1gb\u00f3l, G\u00f6r\u00f6gorsz\u00e1gb\u00f3l, Marokk\u00f3b\u00f3l \u00e9s m\u00e9g sok m\u00e1s orsz\u00e1gb\u00f3l. A csoport tagjait k\u00fcl\u00f6nb\u00f6z\u0151 okok hozt\u00e1k ide N\u00e9metorsz\u00e1gba: h\u00e1bor\u00fa, munkakeres\u00e9s, h\u00e1zass\u00e1g, vagy egyszer\u0171en egy jobb \u00e9let ut\u00e1ni v\u00e1gy. K\u00f6sz\u00f6net Imre aty\u00e1nak, hogy bevezetett benn\u00fcnket a kereszt\u00e9nys\u00e9g vil\u00e1g\u00e1ba. \u00c9s k\u00f6sz\u00f6net az egyh\u00e1zk\u00f6z\u00f6ss\u00e9g azon seg\u00edt\u0151 tagjainak, akik lehet\u0151s\u00e9get nyujtottak a l\u00e1togat\u00e1sra, a k\u00f6zvetlen besz\u00e9lget\u00e9sre, \u00e9s a vend\u00e9gl\u00e1t\u00e1s gyakorl\u00e1s\u00e1ra. Stuttgart, 2018-04-26. Benedek Annik\u00f3 Karitasz munkat\u00e1rs\" \/>\n<meta property=\"og:url\" content=\"https:\/\/stuttgarti-katolikusok.de\/index.php\/benedek-anniko-bevandorlok-egy-csoportja-templomunkban-es-egyhazkozsegunkben\/\" \/>\n<meta property=\"og:site_name\" content=\"Stuttgarti Katolikusok\" \/>\n<meta property=\"article:published_time\" content=\"2018-04-27T05:43:12+00:00\" \/>\n<meta property=\"og:image\" content=\"https:\/\/stuttgarti-katolikusok.de\/wp-content\/uploads\/2018\/04\/thumbnail.jpg\" \/>\n\t<meta property=\"og:image:width\" content=\"1080\" \/>\n\t<meta property=\"og:image:height\" content=\"810\" \/>\n\t<meta property=\"og:image:type\" content=\"image\/jpeg\" \/>\n<meta name=\"author\" content=\"Tibor atya\" \/>\n<meta name=\"twitter:card\" content=\"summary_large_image\" \/>\n<meta name=\"twitter:label1\" content=\"Szerz\u0151:\" \/>\n\t<meta name=\"twitter:data1\" content=\"Tibor atya\" \/>\n\t<meta name=\"twitter:label2\" content=\"Becs\u00fclt olvas\u00e1si id\u0151\" \/>\n\t<meta name=\"twitter:data2\" content=\"2 perc\" \/>\n<script type=\"application\/ld+json\" class=\"yoast-schema-graph\">{\"@context\":\"https:\\\/\\\/schema.org\",\"@graph\":[{\"@type\":\"Article\",\"@id\":\"https:\\\/\\\/stuttgarti-katolikusok.de\\\/index.php\\\/benedek-anniko-bevandorlok-egy-csoportja-templomunkban-es-egyhazkozsegunkben\\\/#article\",\"isPartOf\":{\"@id\":\"https:\\\/\\\/stuttgarti-katolikusok.de\\\/index.php\\\/benedek-anniko-bevandorlok-egy-csoportja-templomunkban-es-egyhazkozsegunkben\\\/\"},\"author\":{\"name\":\"Tibor atya\",\"@id\":\"https:\\\/\\\/stuttgarti-katolikusok.de\\\/#\\\/schema\\\/person\\\/75908d6f8fdc03a57889d27209df7795\"},\"headline\":\"Benedek Annik\u00f3: Bev\u00e1ndorl\u00f3k egy csoportja templomunkban \u00e9s egyh\u00e1zk\u00f6zs\u00e9g\u00fcnkben\",\"datePublished\":\"2018-04-27T05:43:12+00:00\",\"mainEntityOfPage\":{\"@id\":\"https:\\\/\\\/stuttgarti-katolikusok.de\\\/index.php\\\/benedek-anniko-bevandorlok-egy-csoportja-templomunkban-es-egyhazkozsegunkben\\\/\"},\"wordCount\":423,\"image\":{\"@id\":\"https:\\\/\\\/stuttgarti-katolikusok.de\\\/index.php\\\/benedek-anniko-bevandorlok-egy-csoportja-templomunkban-es-egyhazkozsegunkben\\\/#primaryimage\"},\"thumbnailUrl\":\"https:\\\/\\\/stuttgarti-katolikusok.de\\\/wp-content\\\/uploads\\\/2018\\\/04\\\/thumbnail.jpg\",\"articleSection\":[\"Olvas\u00f3ink \u00edrj\u00e1k\"],\"inLanguage\":\"hu\"},{\"@type\":\"WebPage\",\"@id\":\"https:\\\/\\\/stuttgarti-katolikusok.de\\\/index.php\\\/benedek-anniko-bevandorlok-egy-csoportja-templomunkban-es-egyhazkozsegunkben\\\/\",\"url\":\"https:\\\/\\\/stuttgarti-katolikusok.de\\\/index.php\\\/benedek-anniko-bevandorlok-egy-csoportja-templomunkban-es-egyhazkozsegunkben\\\/\",\"name\":\"Benedek Annik\u00f3: Bev\u00e1ndorl\u00f3k egy csoportja templomunkban \u00e9s egyh\u00e1zk\u00f6zs\u00e9g\u00fcnkben - Stuttgarti Katolikusok\",\"isPartOf\":{\"@id\":\"https:\\\/\\\/stuttgarti-katolikusok.de\\\/#website\"},\"primaryImageOfPage\":{\"@id\":\"https:\\\/\\\/stuttgarti-katolikusok.de\\\/index.php\\\/benedek-anniko-bevandorlok-egy-csoportja-templomunkban-es-egyhazkozsegunkben\\\/#primaryimage\"},\"image\":{\"@id\":\"https:\\\/\\\/stuttgarti-katolikusok.de\\\/index.php\\\/benedek-anniko-bevandorlok-egy-csoportja-templomunkban-es-egyhazkozsegunkben\\\/#primaryimage\"},\"thumbnailUrl\":\"https:\\\/\\\/stuttgarti-katolikusok.de\\\/wp-content\\\/uploads\\\/2018\\\/04\\\/thumbnail.jpg\",\"datePublished\":\"2018-04-27T05:43:12+00:00\",\"author\":{\"@id\":\"https:\\\/\\\/stuttgarti-katolikusok.de\\\/#\\\/schema\\\/person\\\/75908d6f8fdc03a57889d27209df7795\"},\"breadcrumb\":{\"@id\":\"https:\\\/\\\/stuttgarti-katolikusok.de\\\/index.php\\\/benedek-anniko-bevandorlok-egy-csoportja-templomunkban-es-egyhazkozsegunkben\\\/#breadcrumb\"},\"inLanguage\":\"hu\",\"potentialAction\":[{\"@type\":\"ReadAction\",\"target\":[\"https:\\\/\\\/stuttgarti-katolikusok.de\\\/index.php\\\/benedek-anniko-bevandorlok-egy-csoportja-templomunkban-es-egyhazkozsegunkben\\\/\"]}]},{\"@type\":\"ImageObject\",\"inLanguage\":\"hu\",\"@id\":\"https:\\\/\\\/stuttgarti-katolikusok.de\\\/index.php\\\/benedek-anniko-bevandorlok-egy-csoportja-templomunkban-es-egyhazkozsegunkben\\\/#primaryimage\",\"url\":\"https:\\\/\\\/stuttgarti-katolikusok.de\\\/wp-content\\\/uploads\\\/2018\\\/04\\\/thumbnail.jpg\",\"contentUrl\":\"https:\\\/\\\/stuttgarti-katolikusok.de\\\/wp-content\\\/uploads\\\/2018\\\/04\\\/thumbnail.jpg\",\"width\":1080,\"height\":810},{\"@type\":\"BreadcrumbList\",\"@id\":\"https:\\\/\\\/stuttgarti-katolikusok.de\\\/index.php\\\/benedek-anniko-bevandorlok-egy-csoportja-templomunkban-es-egyhazkozsegunkben\\\/#breadcrumb\",\"itemListElement\":[{\"@type\":\"ListItem\",\"position\":1,\"name\":\"Kezd\u0151lap\",\"item\":\"https:\\\/\\\/stuttgarti-katolikusok.de\\\/\"},{\"@type\":\"ListItem\",\"position\":2,\"name\":\"Benedek Annik\u00f3: Bev\u00e1ndorl\u00f3k egy csoportja templomunkban \u00e9s egyh\u00e1zk\u00f6zs\u00e9g\u00fcnkben\"}]},{\"@type\":\"WebSite\",\"@id\":\"https:\\\/\\\/stuttgarti-katolikusok.de\\\/#website\",\"url\":\"https:\\\/\\\/stuttgarti-katolikusok.de\\\/\",\"name\":\"Stuttgarti Katolikusok\",\"description\":\"\",\"potentialAction\":[{\"@type\":\"SearchAction\",\"target\":{\"@type\":\"EntryPoint\",\"urlTemplate\":\"https:\\\/\\\/stuttgarti-katolikusok.de\\\/?s={search_term_string}\"},\"query-input\":{\"@type\":\"PropertyValueSpecification\",\"valueRequired\":true,\"valueName\":\"search_term_string\"}}],\"inLanguage\":\"hu\"},{\"@type\":\"Person\",\"@id\":\"https:\\\/\\\/stuttgarti-katolikusok.de\\\/#\\\/schema\\\/person\\\/75908d6f8fdc03a57889d27209df7795\",\"name\":\"Tibor atya\",\"image\":{\"@type\":\"ImageObject\",\"inLanguage\":\"hu\",\"@id\":\"https:\\\/\\\/secure.gravatar.com\\\/avatar\\\/61d268e57d1f4525b111222e29d2d5a7f8c420fdbf231ba5566a8ceac74fa960?s=96&d=mm&r=g\",\"url\":\"https:\\\/\\\/secure.gravatar.com\\\/avatar\\\/61d268e57d1f4525b111222e29d2d5a7f8c420fdbf231ba5566a8ceac74fa960?s=96&d=mm&r=g\",\"contentUrl\":\"https:\\\/\\\/secure.gravatar.com\\\/avatar\\\/61d268e57d1f4525b111222e29d2d5a7f8c420fdbf231ba5566a8ceac74fa960?s=96&d=mm&r=g\",\"caption\":\"Tibor atya\"},\"url\":\"https:\\\/\\\/stuttgarti-katolikusok.de\\\/index.php\\\/author\\\/tibor-atya\\\/\"}]}<\/script>\n<!-- \/ Yoast SEO plugin. -->","yoast_head_json":{"title":"Benedek Annik\u00f3: Bev\u00e1ndorl\u00f3k egy csoportja templomunkban \u00e9s egyh\u00e1zk\u00f6zs\u00e9g\u00fcnkben - Stuttgarti Katolikusok","robots":{"index":"index","follow":"follow","max-snippet":"max-snippet:-1","max-image-preview":"max-image-preview:large","max-video-preview":"max-video-preview:-1"},"canonical":"https:\/\/stuttgarti-katolikusok.de\/index.php\/benedek-anniko-bevandorlok-egy-csoportja-templomunkban-es-egyhazkozsegunkben\/","og_locale":"hu_HU","og_type":"article","og_title":"Benedek Annik\u00f3: Bev\u00e1ndorl\u00f3k egy csoportja templomunkban \u00e9s egyh\u00e1zk\u00f6zs\u00e9g\u00fcnkben - Stuttgarti Katolikusok","og_description":"Bev\u00e1ndorl\u00f3k egy csoportja templomunkban \u00e9s egyh\u00e1zk\u00f6zs\u00e9g\u00fcnkben Egy \u00faj orsz\u00e1gba j\u00f6v\u0151knek az els\u0151 \u00e9s legfontosabb l\u00e9p\u00e9s a nyelvet megtanulni \u00e9s az orsz\u00e1g hagyom\u00e1ny\u00e1t, illetve kult\u00far\u00e1lis \u00e9rt\u00e9keit elsaj\u00e1t\u00edtani. N\u00e9metorsz\u00e1gba az ut\u00f3bbi \u00e9vekben sokan \u00e9rkeznek m\u00e1s orsz\u00e1gokb\u00f3l. A n\u00e9met \u00e1llam k\u00fcl\u00f6nb\u00f6z\u00f6 \u2013 nyelvi \u00e9s integr\u00e1ci\u00f3s \u2013 kurzusokkal t\u00e1mogatja azokat, akik min\u00e9l hamarabb szeretn\u00e9nek beilleszkedni. Tudja ugyanis, hogy a nyelv \u00e9s a kult\u00fara ismerete k\u00fcl\u00f6n\u00f6sen n\u00e9lk\u00fcl\u00f6zhetetlen a munka keres\u00e9sn\u00e9l, valamint a t\u00e1rsadalomban val\u00f3 beilleszked\u00e9sn\u00e9l. Ilyen t\u00edpus\u00fa kurzusokat a stuttgarti Karitasz is szervez. \u00c1prilis 19-\u00e9n egy 20 szem\u00e9lyes csoport l\u00e1togatta meg egyh\u00e1zk\u00f6zs\u00e9g\u00fcnket. Tagjai egy j\u00f3 ideje N\u00e9metorsz\u00e1g t\u00f6rt\u00e9nelm\u00e9r\u0151l, kult\u00far\u00e1j\u00e1r\u00f3l \u00e9s alkotm\u00e1ny\u00e1r\u00f3l tanulnak. Az \u00e1ltal\u00e1nos ismeretekhez, amiket meg kell ismerni\u00fck, a kereszt\u00e9ny vall\u00e1s \u00e9s hagyom\u00e1nyok is hozz\u00e1 tartoznak. Imre atya megnyitotta nekik templomunkat, hogy meg mutassa \u00e9s megmagyar\u00e1zza a katolikus templom illetve a liturgia r\u00e9szeit, \u00e9s id\u0151t sz\u00e1nt r\u00e1, hogy ismertesse nekik a katolikus hit fontosabb elemeit. Fontos volt az is, hogy lehet\u0151s\u00e9get adott a nyelvtanul\u00f3knak, k\u00e9rd\u00e9sek feltev\u00e9s\u00e9re. Ilyen \u00e9s ehhez hasonl\u00f3 k\u00e9rd\u00e9sek hangzottak el: Mi\u00e9rt \u00e9s h\u00e1nyszor harangoznak? Mi\u00e9rt van az olt\u00e1r mindig a templom k\u00f6zep\u00e9ben? Melyik a legfontosabb katolikus \u00fcnnep? A templom-bemutat\u00f3 ut\u00e1n k\u00e1v\u00e9val, te\u00e1val \u00e9s s\u00fctivel kedveskedt\u00fcnk vend\u00e9geinknek. A csoportban voltak Irakb\u00f3l, K\u00edn\u00e1b\u00f3l, Indi\u00e1b\u00f3l, Dominikai K\u00f6zt\u00e1rsas\u00e1gb\u00f3l, G\u00f6r\u00f6gorsz\u00e1gb\u00f3l, Marokk\u00f3b\u00f3l \u00e9s m\u00e9g sok m\u00e1s orsz\u00e1gb\u00f3l. A csoport tagjait k\u00fcl\u00f6nb\u00f6z\u0151 okok hozt\u00e1k ide N\u00e9metorsz\u00e1gba: h\u00e1bor\u00fa, munkakeres\u00e9s, h\u00e1zass\u00e1g, vagy egyszer\u0171en egy jobb \u00e9let ut\u00e1ni v\u00e1gy. K\u00f6sz\u00f6net Imre aty\u00e1nak, hogy bevezetett benn\u00fcnket a kereszt\u00e9nys\u00e9g vil\u00e1g\u00e1ba. \u00c9s k\u00f6sz\u00f6net az egyh\u00e1zk\u00f6z\u00f6ss\u00e9g azon seg\u00edt\u0151 tagjainak, akik lehet\u0151s\u00e9get nyujtottak a l\u00e1togat\u00e1sra, a k\u00f6zvetlen besz\u00e9lget\u00e9sre, \u00e9s a vend\u00e9gl\u00e1t\u00e1s gyakorl\u00e1s\u00e1ra. Stuttgart, 2018-04-26. Benedek Annik\u00f3 Karitasz munkat\u00e1rs","og_url":"https:\/\/stuttgarti-katolikusok.de\/index.php\/benedek-anniko-bevandorlok-egy-csoportja-templomunkban-es-egyhazkozsegunkben\/","og_site_name":"Stuttgarti Katolikusok","article_published_time":"2018-04-27T05:43:12+00:00","og_image":[{"width":1080,"height":810,"url":"https:\/\/stuttgarti-katolikusok.de\/wp-content\/uploads\/2018\/04\/thumbnail.jpg","type":"image\/jpeg"}],"author":"Tibor atya","twitter_card":"summary_large_image","twitter_misc":{"Szerz\u0151:":"Tibor atya","Becs\u00fclt olvas\u00e1si id\u0151":"2 perc"},"schema":{"@context":"https:\/\/schema.org","@graph":[{"@type":"Article","@id":"https:\/\/stuttgarti-katolikusok.de\/index.php\/benedek-anniko-bevandorlok-egy-csoportja-templomunkban-es-egyhazkozsegunkben\/#article","isPartOf":{"@id":"https:\/\/stuttgarti-katolikusok.de\/index.php\/benedek-anniko-bevandorlok-egy-csoportja-templomunkban-es-egyhazkozsegunkben\/"},"author":{"name":"Tibor atya","@id":"https:\/\/stuttgarti-katolikusok.de\/#\/schema\/person\/75908d6f8fdc03a57889d27209df7795"},"headline":"Benedek Annik\u00f3: Bev\u00e1ndorl\u00f3k egy csoportja templomunkban \u00e9s egyh\u00e1zk\u00f6zs\u00e9g\u00fcnkben","datePublished":"2018-04-27T05:43:12+00:00","mainEntityOfPage":{"@id":"https:\/\/stuttgarti-katolikusok.de\/index.php\/benedek-anniko-bevandorlok-egy-csoportja-templomunkban-es-egyhazkozsegunkben\/"},"wordCount":423,"image":{"@id":"https:\/\/stuttgarti-katolikusok.de\/index.php\/benedek-anniko-bevandorlok-egy-csoportja-templomunkban-es-egyhazkozsegunkben\/#primaryimage"},"thumbnailUrl":"https:\/\/stuttgarti-katolikusok.de\/wp-content\/uploads\/2018\/04\/thumbnail.jpg","articleSection":["Olvas\u00f3ink \u00edrj\u00e1k"],"inLanguage":"hu"},{"@type":"WebPage","@id":"https:\/\/stuttgarti-katolikusok.de\/index.php\/benedek-anniko-bevandorlok-egy-csoportja-templomunkban-es-egyhazkozsegunkben\/","url":"https:\/\/stuttgarti-katolikusok.de\/index.php\/benedek-anniko-bevandorlok-egy-csoportja-templomunkban-es-egyhazkozsegunkben\/","name":"Benedek Annik\u00f3: Bev\u00e1ndorl\u00f3k egy csoportja templomunkban \u00e9s egyh\u00e1zk\u00f6zs\u00e9g\u00fcnkben - Stuttgarti Katolikusok","isPartOf":{"@id":"https:\/\/stuttgarti-katolikusok.de\/#website"},"primaryImageOfPage":{"@id":"https:\/\/stuttgarti-katolikusok.de\/index.php\/benedek-anniko-bevandorlok-egy-csoportja-templomunkban-es-egyhazkozsegunkben\/#primaryimage"},"image":{"@id":"https:\/\/stuttgarti-katolikusok.de\/index.php\/benedek-anniko-bevandorlok-egy-csoportja-templomunkban-es-egyhazkozsegunkben\/#primaryimage"},"thumbnailUrl":"https:\/\/stuttgarti-katolikusok.de\/wp-content\/uploads\/2018\/04\/thumbnail.jpg","datePublished":"2018-04-27T05:43:12+00:00","author":{"@id":"https:\/\/stuttgarti-katolikusok.de\/#\/schema\/person\/75908d6f8fdc03a57889d27209df7795"},"breadcrumb":{"@id":"https:\/\/stuttgarti-katolikusok.de\/index.php\/benedek-anniko-bevandorlok-egy-csoportja-templomunkban-es-egyhazkozsegunkben\/#breadcrumb"},"inLanguage":"hu","potentialAction":[{"@type":"ReadAction","target":["https:\/\/stuttgarti-katolikusok.de\/index.php\/benedek-anniko-bevandorlok-egy-csoportja-templomunkban-es-egyhazkozsegunkben\/"]}]},{"@type":"ImageObject","inLanguage":"hu","@id":"https:\/\/stuttgarti-katolikusok.de\/index.php\/benedek-anniko-bevandorlok-egy-csoportja-templomunkban-es-egyhazkozsegunkben\/#primaryimage","url":"https:\/\/stuttgarti-katolikusok.de\/wp-content\/uploads\/2018\/04\/thumbnail.jpg","contentUrl":"https:\/\/stuttgarti-katolikusok.de\/wp-content\/uploads\/2018\/04\/thumbnail.jpg","width":1080,"height":810},{"@type":"BreadcrumbList","@id":"https:\/\/stuttgarti-katolikusok.de\/index.php\/benedek-anniko-bevandorlok-egy-csoportja-templomunkban-es-egyhazkozsegunkben\/#breadcrumb","itemListElement":[{"@type":"ListItem","position":1,"name":"Kezd\u0151lap","item":"https:\/\/stuttgarti-katolikusok.de\/"},{"@type":"ListItem","position":2,"name":"Benedek Annik\u00f3: Bev\u00e1ndorl\u00f3k egy csoportja templomunkban \u00e9s egyh\u00e1zk\u00f6zs\u00e9g\u00fcnkben"}]},{"@type":"WebSite","@id":"https:\/\/stuttgarti-katolikusok.de\/#website","url":"https:\/\/stuttgarti-katolikusok.de\/","name":"Stuttgarti Katolikusok","description":"","potentialAction":[{"@type":"SearchAction","target":{"@type":"EntryPoint","urlTemplate":"https:\/\/stuttgarti-katolikusok.de\/?s={search_term_string}"},"query-input":{"@type":"PropertyValueSpecification","valueRequired":true,"valueName":"search_term_string"}}],"inLanguage":"hu"},{"@type":"Person","@id":"https:\/\/stuttgarti-katolikusok.de\/#\/schema\/person\/75908d6f8fdc03a57889d27209df7795","name":"Tibor atya","image":{"@type":"ImageObject","inLanguage":"hu","@id":"https:\/\/secure.gravatar.com\/avatar\/61d268e57d1f4525b111222e29d2d5a7f8c420fdbf231ba5566a8ceac74fa960?s=96&d=mm&r=g","url":"https:\/\/secure.gravatar.com\/avatar\/61d268e57d1f4525b111222e29d2d5a7f8c420fdbf231ba5566a8ceac74fa960?s=96&d=mm&r=g","contentUrl":"https:\/\/secure.gravatar.com\/avatar\/61d268e57d1f4525b111222e29d2d5a7f8c420fdbf231ba5566a8ceac74fa960?s=96&d=mm&r=g","caption":"Tibor atya"},"url":"https:\/\/stuttgarti-katolikusok.de\/index.php\/author\/tibor-atya\/"}]}},"_links":{"self":[{"href":"https:\/\/stuttgarti-katolikusok.de\/index.php\/wp-json\/wp\/v2\/posts\/14321","targetHints":{"allow":["GET"]}}],"collection":[{"href":"https:\/\/stuttgarti-katolikusok.de\/index.php\/wp-json\/wp\/v2\/posts"}],"about":[{"href":"https:\/\/stuttgarti-katolikusok.de\/index.php\/wp-json\/wp\/v2\/types\/post"}],"author":[{"embeddable":true,"href":"https:\/\/stuttgarti-katolikusok.de\/index.php\/wp-json\/wp\/v2\/users\/3"}],"replies":[{"embeddable":true,"href":"https:\/\/stuttgarti-katolikusok.de\/index.php\/wp-json\/wp\/v2\/comments?post=14321"}],"version-history":[{"count":2,"href":"https:\/\/stuttgarti-katolikusok.de\/index.php\/wp-json\/wp\/v2\/posts\/14321\/revisions"}],"predecessor-version":[{"id":14326,"href":"https:\/\/stuttgarti-katolikusok.de\/index.php\/wp-json\/wp\/v2\/posts\/14321\/revisions\/14326"}],"wp:featuredmedia":[{"embeddable":true,"href":"https:\/\/stuttgarti-katolikusok.de\/index.php\/wp-json\/wp\/v2\/media\/14322"}],"wp:attachment":[{"href":"https:\/\/stuttgarti-katolikusok.de\/index.php\/wp-json\/wp\/v2\/media?parent=14321"}],"wp:term":[{"taxonomy":"category","embeddable":true,"href":"https:\/\/stuttgarti-katolikusok.de\/index.php\/wp-json\/wp\/v2\/categories?post=14321"},{"taxonomy":"post_tag","embeddable":true,"href":"https:\/\/stuttgarti-katolikusok.de\/index.php\/wp-json\/wp\/v2\/tags?post=14321"}],"curies":[{"name":"wp","href":"https:\/\/api.w.org\/{rel}","templated":true}]}}