{"id":14267,"date":"2018-04-23T05:36:04","date_gmt":"2018-04-23T05:36:04","guid":{"rendered":"https:\/\/gracious-dewdney.138-201-221-2.plesk.page\/?p=14267"},"modified":"2020-04-27T16:19:51","modified_gmt":"2020-04-27T16:19:51","slug":"programelozetes-aprilis-23-es-majus-7-kozott","status":"publish","type":"post","link":"https:\/\/stuttgarti-katolikusok.de\/index.php\/programelozetes-aprilis-23-es-majus-7-kozott\/","title":{"rendered":"Programel\u0151zetes \u00e1prilis 23 \u00e9s m\u00e1jus 7 k\u00f6z\u00f6tt"},"content":{"rendered":"<p><em><strong>Programel\u0151zetes<\/strong><\/em><\/p>\n<p><em><strong>\u00c1prilis 27-\u00e9n, p\u00e9nteken,<\/strong><\/em><br \/>\n16.00 \u00f3rakor Stuttgartban Bar\u00e1ts\u00e1gklub. 17.50 \u00f3rakor r\u00f3zsaf\u00fcz\u00e9r \u00e1jtatoss\u00e1g. Ut\u00e1na szentmise, keret\u00e9ben P\u00e9nteki Egyetem (Besz\u00e9lget\u00e9sek a Katekizmusr\u00f3l). Majd bar\u00e1ti egy\u00fcttl\u00e9t a Pl\u00e9b\u00e1ni\u00e1n.<br \/>\nWeingarteni d\u00e9lut\u00e1n a 14 Nothelfer Kapelle-ben 18.30-kor r\u00f3zsaf\u00fcz\u00e9r im\u00e1ds\u00e1g, 19.00 \u00f3rakor szentmise, azut\u00e1n Besz\u00e9lget\u00e9sek a Bibli\u00e1r\u00f3l.<\/p>\n<p style=\"text-align: center;\">*<\/p>\n<p><em><strong>\u00c1prilis 29-\u00e9n, vas\u00e1rnap,<\/strong><\/em><br \/>\nTuttingenben 15.00 \u00f3rakor szentmise. El\u0151tte gy\u00f3ntat\u00e1s, ut\u00e1na \u00e1g\u00e1p\u00e9.<\/p>\n<p style=\"text-align: center;\">*<\/p>\n<p><em><strong>M\u00e1jus 2-\u00e1n, szerd\u00e1n,<\/strong><\/em><br \/>\nStuttgartban 10.15 \u00f3rakor n\u00e9met nyelv\u0171 szentmise.<\/p>\n<p style=\"text-align: center;\">*<\/p>\n<p><em><strong>M\u00e1jus 4-\u00e9n, p\u00e9nteken,<\/strong><\/em><br \/>\nStuttgartban, 16.00 \u00f3rakor a Bar\u00e1ts\u00e1gklub. 18.00 \u00f3rakor szentmise. Ut\u00e1na Imak\u00f6r. Keret\u00e9ben m\u00e1jusi \u00e1jtatoss\u00e1g, illetve szents\u00e9gim\u00e1d\u00e1s.<br \/>\n<em><strong>M\u00e1jus 5-\u00e9n, szombaton,<\/strong><\/em><br \/>\nBalingenben, 17.00 \u00f3rakor szentmise. Ut\u00e1na \u00e1g\u00e1p\u00e9. Keret\u00e9ben Any\u00e1k Napi m\u0171sor.<\/p>\n<p style=\"text-align: center;\">*<\/p>\n<p><em><strong>M\u00e1jus 6-\u00e1n, h\u00fasv\u00e9t 6. vas\u00e1rnapja,<\/strong><\/em><br \/>\nMunderkingenben 9.00 \u00f3rakor szentmise. Ut\u00e1na Any\u00e1k Napi m\u0171sor.<br \/>\nSchw\u00e4bisch-Gm\u00fcndben templomb\u00facs\u00fa: Boldog Gizella \u00fcnnepe. 9.30 \u00f3rakor szentmise. Ut\u00e1na az \u00e9desany\u00e1k k\u00f6sz\u00f6nt\u00e9se, majd \u00e1g\u00e1p\u00e9.<br \/>\nStuttgartban 15.00 \u00f3rakor szentmise. Ut\u00e1na a Mindszenty-szobor megkoszor\u00faz\u00e1sa, majd \u00e1g\u00e1p\u00e9.<\/p>\n<p style=\"text-align: center;\">*<\/p>\n<p>Minden helyen mindenkit szeretettel v\u00e1r a k\u00f6z\u00f6ss\u00e9g, Imre atya \u00e9s Tibor atya!<\/p>\n<p><strong><em>\u201eA boldogs\u00e1g mindig apr\u00f3 dolgokb\u00f3l tev\u0151dik \u00f6ssze. A boldogtalans\u00e1g pedig legt\u00f6bbsz\u00f6r az apr\u00f3 dolgok elhanyagol\u00e1s\u00e1b\u00f3l sz\u00e1rmazik\u201d.<\/em> <\/strong><em>(K\u00ednai k\u00f6zmond\u00e1s)<\/em><\/p>\n<p>Kegyelemteljes h\u00fasv\u00e9ti napokat, j\u00f3 munk\u00e1t, tartalmas besz\u00e9lget\u00e9seket \u00e9s \u00f6r\u00f6mteli tal\u00e1lkoz\u00e1sokat k\u00edv\u00e1nunk minden Kedves H\u00edv\u00fcnknek!<\/p>\n","protected":false},"excerpt":{"rendered":"<p>Programel\u0151zetes \u00c1prilis 27-\u00e9n, p\u00e9nteken, 16.00 \u00f3rakor Stuttgartban Bar\u00e1ts\u00e1gklub. 17.50 \u00f3rakor r\u00f3zsaf\u00fcz\u00e9r \u00e1jtatoss\u00e1g. Ut\u00e1na szentmise, keret\u00e9ben P\u00e9nteki Egyetem (Besz\u00e9lget\u00e9sek a Katekizmusr\u00f3l). Majd bar\u00e1ti egy\u00fcttl\u00e9t a Pl\u00e9b\u00e1ni\u00e1n. Weingarteni d\u00e9lut\u00e1n a 14 Nothelfer Kapelle-ben 18.30-kor r\u00f3zsaf\u00fcz\u00e9r im\u00e1ds\u00e1g, 19.00 \u00f3rakor szentmise, azut\u00e1n Besz\u00e9lget\u00e9sek a Bibli\u00e1r\u00f3l. * \u00c1prilis 29-\u00e9n, vas\u00e1rnap, Tuttingenben 15.00 \u00f3rakor szentmise. El\u0151tte gy\u00f3ntat\u00e1s, ut\u00e1na \u00e1g\u00e1p\u00e9. * M\u00e1jus 2-\u00e1n, szerd\u00e1n, Stuttgartban 10.15 \u00f3rakor n\u00e9met nyelv\u0171 szentmise. * M\u00e1jus 4-\u00e9n, p\u00e9nteken, Stuttgartban, 16.00 \u00f3rakor a Bar\u00e1ts\u00e1gklub. 18.00 \u00f3rakor szentmise. Ut\u00e1na Imak\u00f6r. Keret\u00e9ben m\u00e1jusi \u00e1jtatoss\u00e1g, illetve szents\u00e9gim\u00e1d\u00e1s. M\u00e1jus 5-\u00e9n, szombaton, Balingenben, 17.00 \u00f3rakor szentmise. Ut\u00e1na \u00e1g\u00e1p\u00e9. Keret\u00e9ben Any\u00e1k Napi m\u0171sor. * M\u00e1jus 6-\u00e1n, h\u00fasv\u00e9t 6. vas\u00e1rnapja, Munderkingenben 9.00 \u00f3rakor szentmise. Ut\u00e1na Any\u00e1k Napi m\u0171sor. Schw\u00e4bisch-Gm\u00fcndben templomb\u00facs\u00fa: Boldog Gizella \u00fcnnepe. 9.30 \u00f3rakor szentmise. Ut\u00e1na az \u00e9desany\u00e1k k\u00f6sz\u00f6nt\u00e9se, majd \u00e1g\u00e1p\u00e9. Stuttgartban 15.00 \u00f3rakor szentmise. Ut\u00e1na a Mindszenty-szobor megkoszor\u00faz\u00e1sa, majd \u00e1g\u00e1p\u00e9. * Minden helyen mindenkit szeretettel v\u00e1r a k\u00f6z\u00f6ss\u00e9g, Imre atya \u00e9s Tibor atya! \u201eA boldogs\u00e1g mindig apr\u00f3 dolgokb\u00f3l tev\u0151dik \u00f6ssze. A boldogtalans\u00e1g pedig legt\u00f6bbsz\u00f6r az apr\u00f3 dolgok elhanyagol\u00e1s\u00e1b\u00f3l sz\u00e1rmazik\u201d. (K\u00ednai k\u00f6zmond\u00e1s) Kegyelemteljes h\u00fasv\u00e9ti napokat, j\u00f3 munk\u00e1t, tartalmas besz\u00e9lget\u00e9seket \u00e9s \u00f6r\u00f6mteli tal\u00e1lkoz\u00e1sokat k\u00edv\u00e1nunk minden Kedves H\u00edv\u00fcnknek!<\/p>\n","protected":false},"author":3,"featured_media":0,"comment_status":"closed","ping_status":"closed","sticky":false,"template":"","format":"standard","meta":{"footnotes":""},"categories":[37],"tags":[],"class_list":["post-14267","post","type-post","status-publish","format-standard","hentry","category-progamelozetes"],"yoast_head":"<!-- This site is optimized with the Yoast SEO plugin v27.3 - https:\/\/yoast.com\/product\/yoast-seo-wordpress\/ -->\n<title>Programel\u0151zetes \u00e1prilis 23 \u00e9s m\u00e1jus 7 k\u00f6z\u00f6tt - Stuttgarti Katolikusok<\/title>\n<meta name=\"robots\" content=\"index, follow, max-snippet:-1, max-image-preview:large, max-video-preview:-1\" \/>\n<link rel=\"canonical\" href=\"https:\/\/stuttgarti-katolikusok.de\/index.php\/programelozetes-aprilis-23-es-majus-7-kozott\/\" \/>\n<meta property=\"og:locale\" content=\"hu_HU\" \/>\n<meta property=\"og:type\" content=\"article\" \/>\n<meta property=\"og:title\" content=\"Programel\u0151zetes \u00e1prilis 23 \u00e9s m\u00e1jus 7 k\u00f6z\u00f6tt - Stuttgarti Katolikusok\" \/>\n<meta property=\"og:description\" content=\"Programel\u0151zetes \u00c1prilis 27-\u00e9n, p\u00e9nteken, 16.00 \u00f3rakor Stuttgartban Bar\u00e1ts\u00e1gklub. 17.50 \u00f3rakor r\u00f3zsaf\u00fcz\u00e9r \u00e1jtatoss\u00e1g. Ut\u00e1na szentmise, keret\u00e9ben P\u00e9nteki Egyetem (Besz\u00e9lget\u00e9sek a Katekizmusr\u00f3l). Majd bar\u00e1ti egy\u00fcttl\u00e9t a Pl\u00e9b\u00e1ni\u00e1n. Weingarteni d\u00e9lut\u00e1n a 14 Nothelfer Kapelle-ben 18.30-kor r\u00f3zsaf\u00fcz\u00e9r im\u00e1ds\u00e1g, 19.00 \u00f3rakor szentmise, azut\u00e1n Besz\u00e9lget\u00e9sek a Bibli\u00e1r\u00f3l. * \u00c1prilis 29-\u00e9n, vas\u00e1rnap, Tuttingenben 15.00 \u00f3rakor szentmise. El\u0151tte gy\u00f3ntat\u00e1s, ut\u00e1na \u00e1g\u00e1p\u00e9. * M\u00e1jus 2-\u00e1n, szerd\u00e1n, Stuttgartban 10.15 \u00f3rakor n\u00e9met nyelv\u0171 szentmise. * M\u00e1jus 4-\u00e9n, p\u00e9nteken, Stuttgartban, 16.00 \u00f3rakor a Bar\u00e1ts\u00e1gklub. 18.00 \u00f3rakor szentmise. Ut\u00e1na Imak\u00f6r. Keret\u00e9ben m\u00e1jusi \u00e1jtatoss\u00e1g, illetve szents\u00e9gim\u00e1d\u00e1s. M\u00e1jus 5-\u00e9n, szombaton, Balingenben, 17.00 \u00f3rakor szentmise. Ut\u00e1na \u00e1g\u00e1p\u00e9. Keret\u00e9ben Any\u00e1k Napi m\u0171sor. * M\u00e1jus 6-\u00e1n, h\u00fasv\u00e9t 6. vas\u00e1rnapja, Munderkingenben 9.00 \u00f3rakor szentmise. Ut\u00e1na Any\u00e1k Napi m\u0171sor. Schw\u00e4bisch-Gm\u00fcndben templomb\u00facs\u00fa: Boldog Gizella \u00fcnnepe. 9.30 \u00f3rakor szentmise. Ut\u00e1na az \u00e9desany\u00e1k k\u00f6sz\u00f6nt\u00e9se, majd \u00e1g\u00e1p\u00e9. Stuttgartban 15.00 \u00f3rakor szentmise. Ut\u00e1na a Mindszenty-szobor megkoszor\u00faz\u00e1sa, majd \u00e1g\u00e1p\u00e9. * Minden helyen mindenkit szeretettel v\u00e1r a k\u00f6z\u00f6ss\u00e9g, Imre atya \u00e9s Tibor atya! \u201eA boldogs\u00e1g mindig apr\u00f3 dolgokb\u00f3l tev\u0151dik \u00f6ssze. A boldogtalans\u00e1g pedig legt\u00f6bbsz\u00f6r az apr\u00f3 dolgok elhanyagol\u00e1s\u00e1b\u00f3l sz\u00e1rmazik\u201d. (K\u00ednai k\u00f6zmond\u00e1s) Kegyelemteljes h\u00fasv\u00e9ti napokat, j\u00f3 munk\u00e1t, tartalmas besz\u00e9lget\u00e9seket \u00e9s \u00f6r\u00f6mteli tal\u00e1lkoz\u00e1sokat k\u00edv\u00e1nunk minden Kedves H\u00edv\u00fcnknek!\" \/>\n<meta property=\"og:url\" content=\"https:\/\/stuttgarti-katolikusok.de\/index.php\/programelozetes-aprilis-23-es-majus-7-kozott\/\" \/>\n<meta property=\"og:site_name\" content=\"Stuttgarti Katolikusok\" \/>\n<meta property=\"article:published_time\" content=\"2018-04-23T05:36:04+00:00\" \/>\n<meta property=\"article:modified_time\" content=\"2020-04-27T16:19:51+00:00\" \/>\n<meta name=\"author\" content=\"Tibor atya\" \/>\n<meta name=\"twitter:card\" content=\"summary_large_image\" \/>\n<meta name=\"twitter:label1\" content=\"Szerz\u0151:\" \/>\n\t<meta name=\"twitter:data1\" content=\"Tibor atya\" \/>\n\t<meta name=\"twitter:label2\" content=\"Becs\u00fclt olvas\u00e1si id\u0151\" \/>\n\t<meta name=\"twitter:data2\" content=\"1 perc\" \/>\n<script type=\"application\/ld+json\" class=\"yoast-schema-graph\">{\"@context\":\"https:\\\/\\\/schema.org\",\"@graph\":[{\"@type\":\"Article\",\"@id\":\"https:\\\/\\\/stuttgarti-katolikusok.de\\\/index.php\\\/programelozetes-aprilis-23-es-majus-7-kozott\\\/#article\",\"isPartOf\":{\"@id\":\"https:\\\/\\\/stuttgarti-katolikusok.de\\\/index.php\\\/programelozetes-aprilis-23-es-majus-7-kozott\\\/\"},\"author\":{\"name\":\"Tibor atya\",\"@id\":\"https:\\\/\\\/stuttgarti-katolikusok.de\\\/#\\\/schema\\\/person\\\/75908d6f8fdc03a57889d27209df7795\"},\"headline\":\"Programel\u0151zetes \u00e1prilis 23 \u00e9s m\u00e1jus 7 k\u00f6z\u00f6tt\",\"datePublished\":\"2018-04-23T05:36:04+00:00\",\"dateModified\":\"2020-04-27T16:19:51+00:00\",\"mainEntityOfPage\":{\"@id\":\"https:\\\/\\\/stuttgarti-katolikusok.de\\\/index.php\\\/programelozetes-aprilis-23-es-majus-7-kozott\\\/\"},\"wordCount\":283,\"articleSection\":[\"Progamel\u0151zetes\"],\"inLanguage\":\"hu\"},{\"@type\":\"WebPage\",\"@id\":\"https:\\\/\\\/stuttgarti-katolikusok.de\\\/index.php\\\/programelozetes-aprilis-23-es-majus-7-kozott\\\/\",\"url\":\"https:\\\/\\\/stuttgarti-katolikusok.de\\\/index.php\\\/programelozetes-aprilis-23-es-majus-7-kozott\\\/\",\"name\":\"Programel\u0151zetes \u00e1prilis 23 \u00e9s m\u00e1jus 7 k\u00f6z\u00f6tt - Stuttgarti Katolikusok\",\"isPartOf\":{\"@id\":\"https:\\\/\\\/stuttgarti-katolikusok.de\\\/#website\"},\"datePublished\":\"2018-04-23T05:36:04+00:00\",\"dateModified\":\"2020-04-27T16:19:51+00:00\",\"author\":{\"@id\":\"https:\\\/\\\/stuttgarti-katolikusok.de\\\/#\\\/schema\\\/person\\\/75908d6f8fdc03a57889d27209df7795\"},\"breadcrumb\":{\"@id\":\"https:\\\/\\\/stuttgarti-katolikusok.de\\\/index.php\\\/programelozetes-aprilis-23-es-majus-7-kozott\\\/#breadcrumb\"},\"inLanguage\":\"hu\",\"potentialAction\":[{\"@type\":\"ReadAction\",\"target\":[\"https:\\\/\\\/stuttgarti-katolikusok.de\\\/index.php\\\/programelozetes-aprilis-23-es-majus-7-kozott\\\/\"]}]},{\"@type\":\"BreadcrumbList\",\"@id\":\"https:\\\/\\\/stuttgarti-katolikusok.de\\\/index.php\\\/programelozetes-aprilis-23-es-majus-7-kozott\\\/#breadcrumb\",\"itemListElement\":[{\"@type\":\"ListItem\",\"position\":1,\"name\":\"Kezd\u0151lap\",\"item\":\"https:\\\/\\\/stuttgarti-katolikusok.de\\\/\"},{\"@type\":\"ListItem\",\"position\":2,\"name\":\"Programel\u0151zetes \u00e1prilis 23 \u00e9s m\u00e1jus 7 k\u00f6z\u00f6tt\"}]},{\"@type\":\"WebSite\",\"@id\":\"https:\\\/\\\/stuttgarti-katolikusok.de\\\/#website\",\"url\":\"https:\\\/\\\/stuttgarti-katolikusok.de\\\/\",\"name\":\"Stuttgarti Katolikusok\",\"description\":\"\",\"potentialAction\":[{\"@type\":\"SearchAction\",\"target\":{\"@type\":\"EntryPoint\",\"urlTemplate\":\"https:\\\/\\\/stuttgarti-katolikusok.de\\\/?s={search_term_string}\"},\"query-input\":{\"@type\":\"PropertyValueSpecification\",\"valueRequired\":true,\"valueName\":\"search_term_string\"}}],\"inLanguage\":\"hu\"},{\"@type\":\"Person\",\"@id\":\"https:\\\/\\\/stuttgarti-katolikusok.de\\\/#\\\/schema\\\/person\\\/75908d6f8fdc03a57889d27209df7795\",\"name\":\"Tibor atya\",\"image\":{\"@type\":\"ImageObject\",\"inLanguage\":\"hu\",\"@id\":\"https:\\\/\\\/secure.gravatar.com\\\/avatar\\\/61d268e57d1f4525b111222e29d2d5a7f8c420fdbf231ba5566a8ceac74fa960?s=96&d=mm&r=g\",\"url\":\"https:\\\/\\\/secure.gravatar.com\\\/avatar\\\/61d268e57d1f4525b111222e29d2d5a7f8c420fdbf231ba5566a8ceac74fa960?s=96&d=mm&r=g\",\"contentUrl\":\"https:\\\/\\\/secure.gravatar.com\\\/avatar\\\/61d268e57d1f4525b111222e29d2d5a7f8c420fdbf231ba5566a8ceac74fa960?s=96&d=mm&r=g\",\"caption\":\"Tibor atya\"},\"url\":\"https:\\\/\\\/stuttgarti-katolikusok.de\\\/index.php\\\/author\\\/tibor-atya\\\/\"}]}<\/script>\n<!-- \/ Yoast SEO plugin. -->","yoast_head_json":{"title":"Programel\u0151zetes \u00e1prilis 23 \u00e9s m\u00e1jus 7 k\u00f6z\u00f6tt - Stuttgarti Katolikusok","robots":{"index":"index","follow":"follow","max-snippet":"max-snippet:-1","max-image-preview":"max-image-preview:large","max-video-preview":"max-video-preview:-1"},"canonical":"https:\/\/stuttgarti-katolikusok.de\/index.php\/programelozetes-aprilis-23-es-majus-7-kozott\/","og_locale":"hu_HU","og_type":"article","og_title":"Programel\u0151zetes \u00e1prilis 23 \u00e9s m\u00e1jus 7 k\u00f6z\u00f6tt - Stuttgarti Katolikusok","og_description":"Programel\u0151zetes \u00c1prilis 27-\u00e9n, p\u00e9nteken, 16.00 \u00f3rakor Stuttgartban Bar\u00e1ts\u00e1gklub. 17.50 \u00f3rakor r\u00f3zsaf\u00fcz\u00e9r \u00e1jtatoss\u00e1g. Ut\u00e1na szentmise, keret\u00e9ben P\u00e9nteki Egyetem (Besz\u00e9lget\u00e9sek a Katekizmusr\u00f3l). Majd bar\u00e1ti egy\u00fcttl\u00e9t a Pl\u00e9b\u00e1ni\u00e1n. Weingarteni d\u00e9lut\u00e1n a 14 Nothelfer Kapelle-ben 18.30-kor r\u00f3zsaf\u00fcz\u00e9r im\u00e1ds\u00e1g, 19.00 \u00f3rakor szentmise, azut\u00e1n Besz\u00e9lget\u00e9sek a Bibli\u00e1r\u00f3l. * \u00c1prilis 29-\u00e9n, vas\u00e1rnap, Tuttingenben 15.00 \u00f3rakor szentmise. El\u0151tte gy\u00f3ntat\u00e1s, ut\u00e1na \u00e1g\u00e1p\u00e9. * M\u00e1jus 2-\u00e1n, szerd\u00e1n, Stuttgartban 10.15 \u00f3rakor n\u00e9met nyelv\u0171 szentmise. * M\u00e1jus 4-\u00e9n, p\u00e9nteken, Stuttgartban, 16.00 \u00f3rakor a Bar\u00e1ts\u00e1gklub. 18.00 \u00f3rakor szentmise. Ut\u00e1na Imak\u00f6r. Keret\u00e9ben m\u00e1jusi \u00e1jtatoss\u00e1g, illetve szents\u00e9gim\u00e1d\u00e1s. M\u00e1jus 5-\u00e9n, szombaton, Balingenben, 17.00 \u00f3rakor szentmise. Ut\u00e1na \u00e1g\u00e1p\u00e9. Keret\u00e9ben Any\u00e1k Napi m\u0171sor. * M\u00e1jus 6-\u00e1n, h\u00fasv\u00e9t 6. vas\u00e1rnapja, Munderkingenben 9.00 \u00f3rakor szentmise. Ut\u00e1na Any\u00e1k Napi m\u0171sor. Schw\u00e4bisch-Gm\u00fcndben templomb\u00facs\u00fa: Boldog Gizella \u00fcnnepe. 9.30 \u00f3rakor szentmise. Ut\u00e1na az \u00e9desany\u00e1k k\u00f6sz\u00f6nt\u00e9se, majd \u00e1g\u00e1p\u00e9. Stuttgartban 15.00 \u00f3rakor szentmise. Ut\u00e1na a Mindszenty-szobor megkoszor\u00faz\u00e1sa, majd \u00e1g\u00e1p\u00e9. * Minden helyen mindenkit szeretettel v\u00e1r a k\u00f6z\u00f6ss\u00e9g, Imre atya \u00e9s Tibor atya! \u201eA boldogs\u00e1g mindig apr\u00f3 dolgokb\u00f3l tev\u0151dik \u00f6ssze. A boldogtalans\u00e1g pedig legt\u00f6bbsz\u00f6r az apr\u00f3 dolgok elhanyagol\u00e1s\u00e1b\u00f3l sz\u00e1rmazik\u201d. (K\u00ednai k\u00f6zmond\u00e1s) Kegyelemteljes h\u00fasv\u00e9ti napokat, j\u00f3 munk\u00e1t, tartalmas besz\u00e9lget\u00e9seket \u00e9s \u00f6r\u00f6mteli tal\u00e1lkoz\u00e1sokat k\u00edv\u00e1nunk minden Kedves H\u00edv\u00fcnknek!","og_url":"https:\/\/stuttgarti-katolikusok.de\/index.php\/programelozetes-aprilis-23-es-majus-7-kozott\/","og_site_name":"Stuttgarti Katolikusok","article_published_time":"2018-04-23T05:36:04+00:00","article_modified_time":"2020-04-27T16:19:51+00:00","author":"Tibor atya","twitter_card":"summary_large_image","twitter_misc":{"Szerz\u0151:":"Tibor atya","Becs\u00fclt olvas\u00e1si id\u0151":"1 perc"},"schema":{"@context":"https:\/\/schema.org","@graph":[{"@type":"Article","@id":"https:\/\/stuttgarti-katolikusok.de\/index.php\/programelozetes-aprilis-23-es-majus-7-kozott\/#article","isPartOf":{"@id":"https:\/\/stuttgarti-katolikusok.de\/index.php\/programelozetes-aprilis-23-es-majus-7-kozott\/"},"author":{"name":"Tibor atya","@id":"https:\/\/stuttgarti-katolikusok.de\/#\/schema\/person\/75908d6f8fdc03a57889d27209df7795"},"headline":"Programel\u0151zetes \u00e1prilis 23 \u00e9s m\u00e1jus 7 k\u00f6z\u00f6tt","datePublished":"2018-04-23T05:36:04+00:00","dateModified":"2020-04-27T16:19:51+00:00","mainEntityOfPage":{"@id":"https:\/\/stuttgarti-katolikusok.de\/index.php\/programelozetes-aprilis-23-es-majus-7-kozott\/"},"wordCount":283,"articleSection":["Progamel\u0151zetes"],"inLanguage":"hu"},{"@type":"WebPage","@id":"https:\/\/stuttgarti-katolikusok.de\/index.php\/programelozetes-aprilis-23-es-majus-7-kozott\/","url":"https:\/\/stuttgarti-katolikusok.de\/index.php\/programelozetes-aprilis-23-es-majus-7-kozott\/","name":"Programel\u0151zetes \u00e1prilis 23 \u00e9s m\u00e1jus 7 k\u00f6z\u00f6tt - Stuttgarti Katolikusok","isPartOf":{"@id":"https:\/\/stuttgarti-katolikusok.de\/#website"},"datePublished":"2018-04-23T05:36:04+00:00","dateModified":"2020-04-27T16:19:51+00:00","author":{"@id":"https:\/\/stuttgarti-katolikusok.de\/#\/schema\/person\/75908d6f8fdc03a57889d27209df7795"},"breadcrumb":{"@id":"https:\/\/stuttgarti-katolikusok.de\/index.php\/programelozetes-aprilis-23-es-majus-7-kozott\/#breadcrumb"},"inLanguage":"hu","potentialAction":[{"@type":"ReadAction","target":["https:\/\/stuttgarti-katolikusok.de\/index.php\/programelozetes-aprilis-23-es-majus-7-kozott\/"]}]},{"@type":"BreadcrumbList","@id":"https:\/\/stuttgarti-katolikusok.de\/index.php\/programelozetes-aprilis-23-es-majus-7-kozott\/#breadcrumb","itemListElement":[{"@type":"ListItem","position":1,"name":"Kezd\u0151lap","item":"https:\/\/stuttgarti-katolikusok.de\/"},{"@type":"ListItem","position":2,"name":"Programel\u0151zetes \u00e1prilis 23 \u00e9s m\u00e1jus 7 k\u00f6z\u00f6tt"}]},{"@type":"WebSite","@id":"https:\/\/stuttgarti-katolikusok.de\/#website","url":"https:\/\/stuttgarti-katolikusok.de\/","name":"Stuttgarti Katolikusok","description":"","potentialAction":[{"@type":"SearchAction","target":{"@type":"EntryPoint","urlTemplate":"https:\/\/stuttgarti-katolikusok.de\/?s={search_term_string}"},"query-input":{"@type":"PropertyValueSpecification","valueRequired":true,"valueName":"search_term_string"}}],"inLanguage":"hu"},{"@type":"Person","@id":"https:\/\/stuttgarti-katolikusok.de\/#\/schema\/person\/75908d6f8fdc03a57889d27209df7795","name":"Tibor atya","image":{"@type":"ImageObject","inLanguage":"hu","@id":"https:\/\/secure.gravatar.com\/avatar\/61d268e57d1f4525b111222e29d2d5a7f8c420fdbf231ba5566a8ceac74fa960?s=96&d=mm&r=g","url":"https:\/\/secure.gravatar.com\/avatar\/61d268e57d1f4525b111222e29d2d5a7f8c420fdbf231ba5566a8ceac74fa960?s=96&d=mm&r=g","contentUrl":"https:\/\/secure.gravatar.com\/avatar\/61d268e57d1f4525b111222e29d2d5a7f8c420fdbf231ba5566a8ceac74fa960?s=96&d=mm&r=g","caption":"Tibor atya"},"url":"https:\/\/stuttgarti-katolikusok.de\/index.php\/author\/tibor-atya\/"}]}},"_links":{"self":[{"href":"https:\/\/stuttgarti-katolikusok.de\/index.php\/wp-json\/wp\/v2\/posts\/14267","targetHints":{"allow":["GET"]}}],"collection":[{"href":"https:\/\/stuttgarti-katolikusok.de\/index.php\/wp-json\/wp\/v2\/posts"}],"about":[{"href":"https:\/\/stuttgarti-katolikusok.de\/index.php\/wp-json\/wp\/v2\/types\/post"}],"author":[{"embeddable":true,"href":"https:\/\/stuttgarti-katolikusok.de\/index.php\/wp-json\/wp\/v2\/users\/3"}],"replies":[{"embeddable":true,"href":"https:\/\/stuttgarti-katolikusok.de\/index.php\/wp-json\/wp\/v2\/comments?post=14267"}],"version-history":[{"count":6,"href":"https:\/\/stuttgarti-katolikusok.de\/index.php\/wp-json\/wp\/v2\/posts\/14267\/revisions"}],"predecessor-version":[{"id":14327,"href":"https:\/\/stuttgarti-katolikusok.de\/index.php\/wp-json\/wp\/v2\/posts\/14267\/revisions\/14327"}],"wp:attachment":[{"href":"https:\/\/stuttgarti-katolikusok.de\/index.php\/wp-json\/wp\/v2\/media?parent=14267"}],"wp:term":[{"taxonomy":"category","embeddable":true,"href":"https:\/\/stuttgarti-katolikusok.de\/index.php\/wp-json\/wp\/v2\/categories?post=14267"},{"taxonomy":"post_tag","embeddable":true,"href":"https:\/\/stuttgarti-katolikusok.de\/index.php\/wp-json\/wp\/v2\/tags?post=14267"}],"curies":[{"name":"wp","href":"https:\/\/api.w.org\/{rel}","templated":true}]}}