{"id":14197,"date":"2018-04-16T14:33:36","date_gmt":"2018-04-16T14:33:36","guid":{"rendered":"https:\/\/gracious-dewdney.138-201-221-2.plesk.page\/?p=14197"},"modified":"2020-04-27T16:19:37","modified_gmt":"2020-04-27T16:19:37","slug":"programelozetes-aprilis-16-es-22-kozott","status":"publish","type":"post","link":"https:\/\/stuttgarti-katolikusok.de\/index.php\/programelozetes-aprilis-16-es-22-kozott\/","title":{"rendered":"Programel\u0151zetes \u00e1prilis 16 \u00e9s 22 k\u00f6z\u00f6tt"},"content":{"rendered":"<p>Programel\u0151zetes<\/p>\n<p style=\"text-align: left;\">\u00c1prilis 19-\u00e9n, cs\u00fct\u00f6rt\u00f6k\u00f6n,<br \/>\nUlmi d\u00e9lut\u00e1n. 17.30 \u00f3rakor szentmise. El\u0151tte gy\u00f3ntat\u00e1s \u00e9s r\u00f3zsaf\u00fcz\u00e9r \u00e1jtatoss\u00e1g, ut\u00e1na Besz\u00e9lget\u00e9sek a Bibli\u00e1r\u00f3l.<\/p>\n<p style=\"text-align: center;\">*<\/p>\n<p style=\"text-align: left;\">\u00c1prilis 20-\u00e1n, p\u00e9nteken,<br \/>\nStuttgartban 16.00 \u00f3rakor Bar\u00e1ts\u00e1gklub. 17.50 \u00f3rakor r\u00f3zsaf\u00fcz\u00e9r \u00e1jtatoss\u00e1g, ut\u00e1na szentmise, keret\u00e9ben P\u00e9nteki Egyetem, azaz: Besz\u00e9lget\u00e9sek a katekizmusr\u00f3l. 19.00 \u00f3rakor Bibliak\u00f6r.<br \/>\nWeingarteni d\u00e9lut\u00e1n a Marien Kirche-ben. 18.30 \u00f3rakor r\u00f3zsaf\u00fcz\u00e9r \u00e1jtatoss\u00e1g, 19.00 \u00f3rakor szentmise, azt k\u00f6vet\u0151en pedig Besz\u00e9lget\u00e9sek a Bibli\u00e1r\u00f3l.<\/p>\n<p style=\"text-align: center;\">*<\/p>\n<p style=\"text-align: left;\">\u00c1prilis 21-\u00e9n, szombaton,<br \/>\nHeidenheimban 15.30 \u00f3rakor szentmise. Ut\u00e1na \u00e1g\u00e1p\u00e9.<br \/>\nReutlingenben 16.30 \u00f3rakor szentmise. Ut\u00e1na \u00e1g\u00e1p\u00e9.<\/p>\n<p style=\"text-align: center;\">*<\/p>\n<p style=\"text-align: left;\">\u00c1prilis 22-\u00e9n, h\u00fasv\u00e9t 4. vas\u00e1rnapj\u00e1n,<br \/>\nBiberachban 8.45 \u00f3rakor szentmise. Ut\u00e1na \u00e1g\u00e1p\u00e9.<br \/>\nB\u00f6blingenben 9.30 \u00f3rakor szentmise. Ut\u00e1na \u00e1g\u00e1p\u00e9.<br \/>\nEislingenben 15.00 \u00f3rakor szentmise. Ut\u00e1na \u00e1g\u00e1p\u00e9.<br \/>\nHeilbronnban 15.30 \u00f3rakor szentmise. Ut\u00e1na \u00e1g\u00e1p\u00e9.<\/p>\n<p style=\"text-align: center;\">*<\/p>\n<p style=\"text-align: left;\">\u201eLegnagyobb dics\u0151s\u00e9g\u00fcnk nem abban \u00e1ll, hogy soha nem bukunk el, hanem hogy valah\u00e1nyszor kudarcot vallunk, mindig fel\u00e1llunk.\u201d (Konfutius \u2013 Kr.e. 551 \u2013 479 \u2013 k\u00ednai filoz\u00f3fus)<\/p>\n<p>Kegyelemteljes h\u00fasv\u00e9ti napokat, j\u00f3 munk\u00e1t, tartalmas besz\u00e9lget\u00e9seket \u00e9s \u00f6r\u00f6mteli tal\u00e1lkoz\u00e1sokat k\u00edv\u00e1nunk minden Kedves H\u00edv\u00fcnknek!<\/p>\n","protected":false},"excerpt":{"rendered":"<p>Programel\u0151zetes \u00c1prilis 19-\u00e9n, cs\u00fct\u00f6rt\u00f6k\u00f6n, Ulmi d\u00e9lut\u00e1n. 17.30 \u00f3rakor szentmise. El\u0151tte gy\u00f3ntat\u00e1s \u00e9s r\u00f3zsaf\u00fcz\u00e9r \u00e1jtatoss\u00e1g, ut\u00e1na Besz\u00e9lget\u00e9sek a Bibli\u00e1r\u00f3l. * \u00c1prilis 20-\u00e1n, p\u00e9nteken, Stuttgartban 16.00 \u00f3rakor Bar\u00e1ts\u00e1gklub. 17.50 \u00f3rakor r\u00f3zsaf\u00fcz\u00e9r \u00e1jtatoss\u00e1g, ut\u00e1na szentmise, keret\u00e9ben P\u00e9nteki Egyetem, azaz: Besz\u00e9lget\u00e9sek a katekizmusr\u00f3l. 19.00 \u00f3rakor Bibliak\u00f6r. Weingarteni d\u00e9lut\u00e1n a Marien Kirche-ben. 18.30 \u00f3rakor r\u00f3zsaf\u00fcz\u00e9r \u00e1jtatoss\u00e1g, 19.00 \u00f3rakor szentmise, azt k\u00f6vet\u0151en pedig Besz\u00e9lget\u00e9sek a Bibli\u00e1r\u00f3l. * \u00c1prilis 21-\u00e9n, szombaton, Heidenheimban 15.30 \u00f3rakor szentmise. Ut\u00e1na \u00e1g\u00e1p\u00e9. Reutlingenben 16.30 \u00f3rakor szentmise. Ut\u00e1na \u00e1g\u00e1p\u00e9. * \u00c1prilis 22-\u00e9n, h\u00fasv\u00e9t 4. vas\u00e1rnapj\u00e1n, Biberachban 8.45 \u00f3rakor szentmise. Ut\u00e1na \u00e1g\u00e1p\u00e9. B\u00f6blingenben 9.30 \u00f3rakor szentmise. Ut\u00e1na \u00e1g\u00e1p\u00e9. Eislingenben 15.00 \u00f3rakor szentmise. Ut\u00e1na \u00e1g\u00e1p\u00e9. Heilbronnban 15.30 \u00f3rakor szentmise. Ut\u00e1na \u00e1g\u00e1p\u00e9. * \u201eLegnagyobb dics\u0151s\u00e9g\u00fcnk nem abban \u00e1ll, hogy soha nem bukunk el, hanem hogy valah\u00e1nyszor kudarcot vallunk, mindig fel\u00e1llunk.\u201d (Konfutius \u2013 Kr.e. 551 \u2013 479 \u2013 k\u00ednai filoz\u00f3fus) Kegyelemteljes h\u00fasv\u00e9ti napokat, j\u00f3 munk\u00e1t, tartalmas besz\u00e9lget\u00e9seket \u00e9s \u00f6r\u00f6mteli tal\u00e1lkoz\u00e1sokat k\u00edv\u00e1nunk minden Kedves H\u00edv\u00fcnknek!<\/p>\n","protected":false},"author":3,"featured_media":0,"comment_status":"closed","ping_status":"closed","sticky":false,"template":"","format":"standard","meta":{"footnotes":""},"categories":[37],"tags":[],"class_list":["post-14197","post","type-post","status-publish","format-standard","hentry","category-progamelozetes"],"yoast_head":"<!-- This site is optimized with the Yoast SEO plugin v27.3 - https:\/\/yoast.com\/product\/yoast-seo-wordpress\/ -->\n<title>Programel\u0151zetes \u00e1prilis 16 \u00e9s 22 k\u00f6z\u00f6tt - Stuttgarti Katolikusok<\/title>\n<meta name=\"robots\" content=\"index, follow, max-snippet:-1, max-image-preview:large, max-video-preview:-1\" \/>\n<link rel=\"canonical\" href=\"https:\/\/stuttgarti-katolikusok.de\/index.php\/programelozetes-aprilis-16-es-22-kozott\/\" \/>\n<meta property=\"og:locale\" content=\"hu_HU\" \/>\n<meta property=\"og:type\" content=\"article\" \/>\n<meta property=\"og:title\" content=\"Programel\u0151zetes \u00e1prilis 16 \u00e9s 22 k\u00f6z\u00f6tt - Stuttgarti Katolikusok\" \/>\n<meta property=\"og:description\" content=\"Programel\u0151zetes \u00c1prilis 19-\u00e9n, cs\u00fct\u00f6rt\u00f6k\u00f6n, Ulmi d\u00e9lut\u00e1n. 17.30 \u00f3rakor szentmise. El\u0151tte gy\u00f3ntat\u00e1s \u00e9s r\u00f3zsaf\u00fcz\u00e9r \u00e1jtatoss\u00e1g, ut\u00e1na Besz\u00e9lget\u00e9sek a Bibli\u00e1r\u00f3l. * \u00c1prilis 20-\u00e1n, p\u00e9nteken, Stuttgartban 16.00 \u00f3rakor Bar\u00e1ts\u00e1gklub. 17.50 \u00f3rakor r\u00f3zsaf\u00fcz\u00e9r \u00e1jtatoss\u00e1g, ut\u00e1na szentmise, keret\u00e9ben P\u00e9nteki Egyetem, azaz: Besz\u00e9lget\u00e9sek a katekizmusr\u00f3l. 19.00 \u00f3rakor Bibliak\u00f6r. Weingarteni d\u00e9lut\u00e1n a Marien Kirche-ben. 18.30 \u00f3rakor r\u00f3zsaf\u00fcz\u00e9r \u00e1jtatoss\u00e1g, 19.00 \u00f3rakor szentmise, azt k\u00f6vet\u0151en pedig Besz\u00e9lget\u00e9sek a Bibli\u00e1r\u00f3l. * \u00c1prilis 21-\u00e9n, szombaton, Heidenheimban 15.30 \u00f3rakor szentmise. Ut\u00e1na \u00e1g\u00e1p\u00e9. Reutlingenben 16.30 \u00f3rakor szentmise. Ut\u00e1na \u00e1g\u00e1p\u00e9. * \u00c1prilis 22-\u00e9n, h\u00fasv\u00e9t 4. vas\u00e1rnapj\u00e1n, Biberachban 8.45 \u00f3rakor szentmise. Ut\u00e1na \u00e1g\u00e1p\u00e9. B\u00f6blingenben 9.30 \u00f3rakor szentmise. Ut\u00e1na \u00e1g\u00e1p\u00e9. Eislingenben 15.00 \u00f3rakor szentmise. Ut\u00e1na \u00e1g\u00e1p\u00e9. Heilbronnban 15.30 \u00f3rakor szentmise. Ut\u00e1na \u00e1g\u00e1p\u00e9. * \u201eLegnagyobb dics\u0151s\u00e9g\u00fcnk nem abban \u00e1ll, hogy soha nem bukunk el, hanem hogy valah\u00e1nyszor kudarcot vallunk, mindig fel\u00e1llunk.\u201d (Konfutius \u2013 Kr.e. 551 \u2013 479 \u2013 k\u00ednai filoz\u00f3fus) Kegyelemteljes h\u00fasv\u00e9ti napokat, j\u00f3 munk\u00e1t, tartalmas besz\u00e9lget\u00e9seket \u00e9s \u00f6r\u00f6mteli tal\u00e1lkoz\u00e1sokat k\u00edv\u00e1nunk minden Kedves H\u00edv\u00fcnknek!\" \/>\n<meta property=\"og:url\" content=\"https:\/\/stuttgarti-katolikusok.de\/index.php\/programelozetes-aprilis-16-es-22-kozott\/\" \/>\n<meta property=\"og:site_name\" content=\"Stuttgarti Katolikusok\" \/>\n<meta property=\"article:published_time\" content=\"2018-04-16T14:33:36+00:00\" \/>\n<meta property=\"article:modified_time\" content=\"2020-04-27T16:19:37+00:00\" \/>\n<meta name=\"author\" content=\"Tibor atya\" \/>\n<meta name=\"twitter:card\" content=\"summary_large_image\" \/>\n<meta name=\"twitter:label1\" content=\"Szerz\u0151:\" \/>\n\t<meta name=\"twitter:data1\" content=\"Tibor atya\" \/>\n\t<meta name=\"twitter:label2\" content=\"Becs\u00fclt olvas\u00e1si id\u0151\" \/>\n\t<meta name=\"twitter:data2\" content=\"1 perc\" \/>\n<script type=\"application\/ld+json\" class=\"yoast-schema-graph\">{\"@context\":\"https:\\\/\\\/schema.org\",\"@graph\":[{\"@type\":\"Article\",\"@id\":\"https:\\\/\\\/stuttgarti-katolikusok.de\\\/index.php\\\/programelozetes-aprilis-16-es-22-kozott\\\/#article\",\"isPartOf\":{\"@id\":\"https:\\\/\\\/stuttgarti-katolikusok.de\\\/index.php\\\/programelozetes-aprilis-16-es-22-kozott\\\/\"},\"author\":{\"name\":\"Tibor atya\",\"@id\":\"https:\\\/\\\/stuttgarti-katolikusok.de\\\/#\\\/schema\\\/person\\\/75908d6f8fdc03a57889d27209df7795\"},\"headline\":\"Programel\u0151zetes \u00e1prilis 16 \u00e9s 22 k\u00f6z\u00f6tt\",\"datePublished\":\"2018-04-16T14:33:36+00:00\",\"dateModified\":\"2020-04-27T16:19:37+00:00\",\"mainEntityOfPage\":{\"@id\":\"https:\\\/\\\/stuttgarti-katolikusok.de\\\/index.php\\\/programelozetes-aprilis-16-es-22-kozott\\\/\"},\"wordCount\":218,\"articleSection\":[\"Progamel\u0151zetes\"],\"inLanguage\":\"hu\"},{\"@type\":\"WebPage\",\"@id\":\"https:\\\/\\\/stuttgarti-katolikusok.de\\\/index.php\\\/programelozetes-aprilis-16-es-22-kozott\\\/\",\"url\":\"https:\\\/\\\/stuttgarti-katolikusok.de\\\/index.php\\\/programelozetes-aprilis-16-es-22-kozott\\\/\",\"name\":\"Programel\u0151zetes \u00e1prilis 16 \u00e9s 22 k\u00f6z\u00f6tt - Stuttgarti Katolikusok\",\"isPartOf\":{\"@id\":\"https:\\\/\\\/stuttgarti-katolikusok.de\\\/#website\"},\"datePublished\":\"2018-04-16T14:33:36+00:00\",\"dateModified\":\"2020-04-27T16:19:37+00:00\",\"author\":{\"@id\":\"https:\\\/\\\/stuttgarti-katolikusok.de\\\/#\\\/schema\\\/person\\\/75908d6f8fdc03a57889d27209df7795\"},\"breadcrumb\":{\"@id\":\"https:\\\/\\\/stuttgarti-katolikusok.de\\\/index.php\\\/programelozetes-aprilis-16-es-22-kozott\\\/#breadcrumb\"},\"inLanguage\":\"hu\",\"potentialAction\":[{\"@type\":\"ReadAction\",\"target\":[\"https:\\\/\\\/stuttgarti-katolikusok.de\\\/index.php\\\/programelozetes-aprilis-16-es-22-kozott\\\/\"]}]},{\"@type\":\"BreadcrumbList\",\"@id\":\"https:\\\/\\\/stuttgarti-katolikusok.de\\\/index.php\\\/programelozetes-aprilis-16-es-22-kozott\\\/#breadcrumb\",\"itemListElement\":[{\"@type\":\"ListItem\",\"position\":1,\"name\":\"Kezd\u0151lap\",\"item\":\"https:\\\/\\\/stuttgarti-katolikusok.de\\\/\"},{\"@type\":\"ListItem\",\"position\":2,\"name\":\"Programel\u0151zetes \u00e1prilis 16 \u00e9s 22 k\u00f6z\u00f6tt\"}]},{\"@type\":\"WebSite\",\"@id\":\"https:\\\/\\\/stuttgarti-katolikusok.de\\\/#website\",\"url\":\"https:\\\/\\\/stuttgarti-katolikusok.de\\\/\",\"name\":\"Stuttgarti Katolikusok\",\"description\":\"\",\"potentialAction\":[{\"@type\":\"SearchAction\",\"target\":{\"@type\":\"EntryPoint\",\"urlTemplate\":\"https:\\\/\\\/stuttgarti-katolikusok.de\\\/?s={search_term_string}\"},\"query-input\":{\"@type\":\"PropertyValueSpecification\",\"valueRequired\":true,\"valueName\":\"search_term_string\"}}],\"inLanguage\":\"hu\"},{\"@type\":\"Person\",\"@id\":\"https:\\\/\\\/stuttgarti-katolikusok.de\\\/#\\\/schema\\\/person\\\/75908d6f8fdc03a57889d27209df7795\",\"name\":\"Tibor atya\",\"image\":{\"@type\":\"ImageObject\",\"inLanguage\":\"hu\",\"@id\":\"https:\\\/\\\/secure.gravatar.com\\\/avatar\\\/61d268e57d1f4525b111222e29d2d5a7f8c420fdbf231ba5566a8ceac74fa960?s=96&d=mm&r=g\",\"url\":\"https:\\\/\\\/secure.gravatar.com\\\/avatar\\\/61d268e57d1f4525b111222e29d2d5a7f8c420fdbf231ba5566a8ceac74fa960?s=96&d=mm&r=g\",\"contentUrl\":\"https:\\\/\\\/secure.gravatar.com\\\/avatar\\\/61d268e57d1f4525b111222e29d2d5a7f8c420fdbf231ba5566a8ceac74fa960?s=96&d=mm&r=g\",\"caption\":\"Tibor atya\"},\"url\":\"https:\\\/\\\/stuttgarti-katolikusok.de\\\/index.php\\\/author\\\/tibor-atya\\\/\"}]}<\/script>\n<!-- \/ Yoast SEO plugin. -->","yoast_head_json":{"title":"Programel\u0151zetes \u00e1prilis 16 \u00e9s 22 k\u00f6z\u00f6tt - Stuttgarti Katolikusok","robots":{"index":"index","follow":"follow","max-snippet":"max-snippet:-1","max-image-preview":"max-image-preview:large","max-video-preview":"max-video-preview:-1"},"canonical":"https:\/\/stuttgarti-katolikusok.de\/index.php\/programelozetes-aprilis-16-es-22-kozott\/","og_locale":"hu_HU","og_type":"article","og_title":"Programel\u0151zetes \u00e1prilis 16 \u00e9s 22 k\u00f6z\u00f6tt - Stuttgarti Katolikusok","og_description":"Programel\u0151zetes \u00c1prilis 19-\u00e9n, cs\u00fct\u00f6rt\u00f6k\u00f6n, Ulmi d\u00e9lut\u00e1n. 17.30 \u00f3rakor szentmise. El\u0151tte gy\u00f3ntat\u00e1s \u00e9s r\u00f3zsaf\u00fcz\u00e9r \u00e1jtatoss\u00e1g, ut\u00e1na Besz\u00e9lget\u00e9sek a Bibli\u00e1r\u00f3l. * \u00c1prilis 20-\u00e1n, p\u00e9nteken, Stuttgartban 16.00 \u00f3rakor Bar\u00e1ts\u00e1gklub. 17.50 \u00f3rakor r\u00f3zsaf\u00fcz\u00e9r \u00e1jtatoss\u00e1g, ut\u00e1na szentmise, keret\u00e9ben P\u00e9nteki Egyetem, azaz: Besz\u00e9lget\u00e9sek a katekizmusr\u00f3l. 19.00 \u00f3rakor Bibliak\u00f6r. Weingarteni d\u00e9lut\u00e1n a Marien Kirche-ben. 18.30 \u00f3rakor r\u00f3zsaf\u00fcz\u00e9r \u00e1jtatoss\u00e1g, 19.00 \u00f3rakor szentmise, azt k\u00f6vet\u0151en pedig Besz\u00e9lget\u00e9sek a Bibli\u00e1r\u00f3l. * \u00c1prilis 21-\u00e9n, szombaton, Heidenheimban 15.30 \u00f3rakor szentmise. Ut\u00e1na \u00e1g\u00e1p\u00e9. Reutlingenben 16.30 \u00f3rakor szentmise. Ut\u00e1na \u00e1g\u00e1p\u00e9. * \u00c1prilis 22-\u00e9n, h\u00fasv\u00e9t 4. vas\u00e1rnapj\u00e1n, Biberachban 8.45 \u00f3rakor szentmise. Ut\u00e1na \u00e1g\u00e1p\u00e9. B\u00f6blingenben 9.30 \u00f3rakor szentmise. Ut\u00e1na \u00e1g\u00e1p\u00e9. Eislingenben 15.00 \u00f3rakor szentmise. Ut\u00e1na \u00e1g\u00e1p\u00e9. Heilbronnban 15.30 \u00f3rakor szentmise. Ut\u00e1na \u00e1g\u00e1p\u00e9. * \u201eLegnagyobb dics\u0151s\u00e9g\u00fcnk nem abban \u00e1ll, hogy soha nem bukunk el, hanem hogy valah\u00e1nyszor kudarcot vallunk, mindig fel\u00e1llunk.\u201d (Konfutius \u2013 Kr.e. 551 \u2013 479 \u2013 k\u00ednai filoz\u00f3fus) Kegyelemteljes h\u00fasv\u00e9ti napokat, j\u00f3 munk\u00e1t, tartalmas besz\u00e9lget\u00e9seket \u00e9s \u00f6r\u00f6mteli tal\u00e1lkoz\u00e1sokat k\u00edv\u00e1nunk minden Kedves H\u00edv\u00fcnknek!","og_url":"https:\/\/stuttgarti-katolikusok.de\/index.php\/programelozetes-aprilis-16-es-22-kozott\/","og_site_name":"Stuttgarti Katolikusok","article_published_time":"2018-04-16T14:33:36+00:00","article_modified_time":"2020-04-27T16:19:37+00:00","author":"Tibor atya","twitter_card":"summary_large_image","twitter_misc":{"Szerz\u0151:":"Tibor atya","Becs\u00fclt olvas\u00e1si id\u0151":"1 perc"},"schema":{"@context":"https:\/\/schema.org","@graph":[{"@type":"Article","@id":"https:\/\/stuttgarti-katolikusok.de\/index.php\/programelozetes-aprilis-16-es-22-kozott\/#article","isPartOf":{"@id":"https:\/\/stuttgarti-katolikusok.de\/index.php\/programelozetes-aprilis-16-es-22-kozott\/"},"author":{"name":"Tibor atya","@id":"https:\/\/stuttgarti-katolikusok.de\/#\/schema\/person\/75908d6f8fdc03a57889d27209df7795"},"headline":"Programel\u0151zetes \u00e1prilis 16 \u00e9s 22 k\u00f6z\u00f6tt","datePublished":"2018-04-16T14:33:36+00:00","dateModified":"2020-04-27T16:19:37+00:00","mainEntityOfPage":{"@id":"https:\/\/stuttgarti-katolikusok.de\/index.php\/programelozetes-aprilis-16-es-22-kozott\/"},"wordCount":218,"articleSection":["Progamel\u0151zetes"],"inLanguage":"hu"},{"@type":"WebPage","@id":"https:\/\/stuttgarti-katolikusok.de\/index.php\/programelozetes-aprilis-16-es-22-kozott\/","url":"https:\/\/stuttgarti-katolikusok.de\/index.php\/programelozetes-aprilis-16-es-22-kozott\/","name":"Programel\u0151zetes \u00e1prilis 16 \u00e9s 22 k\u00f6z\u00f6tt - Stuttgarti Katolikusok","isPartOf":{"@id":"https:\/\/stuttgarti-katolikusok.de\/#website"},"datePublished":"2018-04-16T14:33:36+00:00","dateModified":"2020-04-27T16:19:37+00:00","author":{"@id":"https:\/\/stuttgarti-katolikusok.de\/#\/schema\/person\/75908d6f8fdc03a57889d27209df7795"},"breadcrumb":{"@id":"https:\/\/stuttgarti-katolikusok.de\/index.php\/programelozetes-aprilis-16-es-22-kozott\/#breadcrumb"},"inLanguage":"hu","potentialAction":[{"@type":"ReadAction","target":["https:\/\/stuttgarti-katolikusok.de\/index.php\/programelozetes-aprilis-16-es-22-kozott\/"]}]},{"@type":"BreadcrumbList","@id":"https:\/\/stuttgarti-katolikusok.de\/index.php\/programelozetes-aprilis-16-es-22-kozott\/#breadcrumb","itemListElement":[{"@type":"ListItem","position":1,"name":"Kezd\u0151lap","item":"https:\/\/stuttgarti-katolikusok.de\/"},{"@type":"ListItem","position":2,"name":"Programel\u0151zetes \u00e1prilis 16 \u00e9s 22 k\u00f6z\u00f6tt"}]},{"@type":"WebSite","@id":"https:\/\/stuttgarti-katolikusok.de\/#website","url":"https:\/\/stuttgarti-katolikusok.de\/","name":"Stuttgarti Katolikusok","description":"","potentialAction":[{"@type":"SearchAction","target":{"@type":"EntryPoint","urlTemplate":"https:\/\/stuttgarti-katolikusok.de\/?s={search_term_string}"},"query-input":{"@type":"PropertyValueSpecification","valueRequired":true,"valueName":"search_term_string"}}],"inLanguage":"hu"},{"@type":"Person","@id":"https:\/\/stuttgarti-katolikusok.de\/#\/schema\/person\/75908d6f8fdc03a57889d27209df7795","name":"Tibor atya","image":{"@type":"ImageObject","inLanguage":"hu","@id":"https:\/\/secure.gravatar.com\/avatar\/61d268e57d1f4525b111222e29d2d5a7f8c420fdbf231ba5566a8ceac74fa960?s=96&d=mm&r=g","url":"https:\/\/secure.gravatar.com\/avatar\/61d268e57d1f4525b111222e29d2d5a7f8c420fdbf231ba5566a8ceac74fa960?s=96&d=mm&r=g","contentUrl":"https:\/\/secure.gravatar.com\/avatar\/61d268e57d1f4525b111222e29d2d5a7f8c420fdbf231ba5566a8ceac74fa960?s=96&d=mm&r=g","caption":"Tibor atya"},"url":"https:\/\/stuttgarti-katolikusok.de\/index.php\/author\/tibor-atya\/"}]}},"_links":{"self":[{"href":"https:\/\/stuttgarti-katolikusok.de\/index.php\/wp-json\/wp\/v2\/posts\/14197","targetHints":{"allow":["GET"]}}],"collection":[{"href":"https:\/\/stuttgarti-katolikusok.de\/index.php\/wp-json\/wp\/v2\/posts"}],"about":[{"href":"https:\/\/stuttgarti-katolikusok.de\/index.php\/wp-json\/wp\/v2\/types\/post"}],"author":[{"embeddable":true,"href":"https:\/\/stuttgarti-katolikusok.de\/index.php\/wp-json\/wp\/v2\/users\/3"}],"replies":[{"embeddable":true,"href":"https:\/\/stuttgarti-katolikusok.de\/index.php\/wp-json\/wp\/v2\/comments?post=14197"}],"version-history":[{"count":5,"href":"https:\/\/stuttgarti-katolikusok.de\/index.php\/wp-json\/wp\/v2\/posts\/14197\/revisions"}],"predecessor-version":[{"id":14237,"href":"https:\/\/stuttgarti-katolikusok.de\/index.php\/wp-json\/wp\/v2\/posts\/14197\/revisions\/14237"}],"wp:attachment":[{"href":"https:\/\/stuttgarti-katolikusok.de\/index.php\/wp-json\/wp\/v2\/media?parent=14197"}],"wp:term":[{"taxonomy":"category","embeddable":true,"href":"https:\/\/stuttgarti-katolikusok.de\/index.php\/wp-json\/wp\/v2\/categories?post=14197"},{"taxonomy":"post_tag","embeddable":true,"href":"https:\/\/stuttgarti-katolikusok.de\/index.php\/wp-json\/wp\/v2\/tags?post=14197"}],"curies":[{"name":"wp","href":"https:\/\/api.w.org\/{rel}","templated":true}]}}