{"id":14154,"date":"2018-04-09T14:00:46","date_gmt":"2018-04-09T14:00:46","guid":{"rendered":"https:\/\/gracious-dewdney.138-201-221-2.plesk.page\/?p=14154"},"modified":"2018-04-09T17:43:49","modified_gmt":"2018-04-09T17:43:49","slug":"programelozetes-aprilis-9-es-15-kozott","status":"publish","type":"post","link":"https:\/\/stuttgarti-katolikusok.de\/index.php\/programelozetes-aprilis-9-es-15-kozott\/","title":{"rendered":"Programel\u0151zetes \u00e1prilis 9 \u00e9s 15 k\u00f6z\u00f6tt"},"content":{"rendered":"<p>Programel\u0151zetes<\/p>\n<p style=\"text-align: left;\">\u00c1prilis 11-\u00e9n, szerd\u00e1n,<br \/>\nStuttgartban 10.15 \u00f3rakor n\u00e9met nyelv\u0171 szentmise.<\/p>\n<p style=\"text-align: center;\">*<\/p>\n<p style=\"text-align: left;\">\u00c1prilis 12-\u00e9n, cs\u00fct\u00f6rt\u00f6k\u00f6n,<br \/>\nUlmi d\u00e9lut\u00e1n, 17.30 \u00f3rakor szentmise. El\u0151tte gy\u00f3ntat\u00e1s, ut\u00e1na Besz\u00e9lget\u00e9sek a Bibli\u00e1r\u00f3l.<\/p>\n<p style=\"text-align: center;\">*<\/p>\n<p style=\"text-align: left;\">\u00c1prilis 13-\u00e1n, p\u00e9nteken,<br \/>\nStuttgartban 16.00 \u00f3rakor Bar\u00e1ts\u00e1gklub. 17.50 \u00f3rakor r\u00f3zsaf\u00fcz\u00e9r, majd szentmise. 19.00 \u00f3r\u00e1t\u00f3l Hegyi G\u00e1bor fest\u0151 vall\u00e1sos t\u00e9m\u00e1j\u00fa k\u00e9pei ki\u00e1ll\u00edt\u00e1s\u00e1nak megnyit\u00f3ja.<br \/>\nWeingarteni d\u00e9lut\u00e1n a Marien Kirche-ben. 18.30 \u00f3rakor r\u00f3zsaf\u00fcz\u00e9r, 19.00 \u00f3rakor szentmise, azt k\u00f6vet\u0151en pedig Besz\u00e9lget\u00e9sek a Bibli\u00e1r\u00f3l.<\/p>\n<p style=\"text-align: center;\">*<\/p>\n<p style=\"text-align: left;\">\u00c1prilis 14, szombaton,<br \/>\nFriedrichshafenben 17.00 \u00f3rakor szentmise, ut\u00e1na \u00e1g\u00e1p\u00e9.<\/p>\n<p style=\"text-align: center;\">*<\/p>\n<p>\u00c1prilis 15-\u00e9n, h\u00fasv\u00e9t 3. vas\u00e1rnapja,<br \/>\nLudwigsburgban 9.30 \u00f3rakor szentmise. Ut\u00e1na \u00e1g\u00e1p\u00e9.<br \/>\nStuttgartban 12.00 \u00f3rakor szentmise.<\/p>\n<p style=\"text-align: center;\">*<\/p>\n<p>Minden helyen mindenkit szeretettel v\u00e1r a k\u00f6z\u00f6ss\u00e9g, Imre atya \u00e9s Tibor atya!<\/p>\n<p>\u201eA felt\u00e1mad\u00e1s nem csak a h\u00edv\u0151k \u00fcnnepe, hanem minden ember\u00e9. A ti\u00e9d is. R\u00e1d\u00f6bbenhetsz, hogy er\u0151sebb vagy, mint a hal\u00e1l, \u00e9s arra is, amit az eredeti g\u00f6r\u00f6g sz\u00f3, az an\u00e1stasis jelent: &#8222;\u00fajra l\u00e1bra \u00e1llni&#8221;. Benned van az er\u0151, az \u00c9let ereje, hogy \u00fajra l\u00e1bra \u00e1llj. \u00c9l\u0151 l\u00e9lek van benned, nem lehet t\u00e9ged legy\u0151zni.\u201c (M\u00fcller P\u00e9ter \u2013 *1936 \u2013 \u00edr\u00f3, dramaturg)<\/p>\n<p>Kegyelemteljes h\u00fasv\u00e9ti napokat, j\u00f3 munk\u00e1t, tartalmas besz\u00e9lget\u00e9seket \u00e9s \u00f6r\u00f6mteli tal\u00e1lkoz\u00e1sokat k\u00edv\u00e1nunk minden Kedves H\u00edv\u00fcnknek!<\/p>\n","protected":false},"excerpt":{"rendered":"<p>Programel\u0151zetes \u00c1prilis 11-\u00e9n, szerd\u00e1n, Stuttgartban 10.15 \u00f3rakor n\u00e9met nyelv\u0171 szentmise. * \u00c1prilis 12-\u00e9n, cs\u00fct\u00f6rt\u00f6k\u00f6n, Ulmi d\u00e9lut\u00e1n, 17.30 \u00f3rakor szentmise. El\u0151tte gy\u00f3ntat\u00e1s, ut\u00e1na Besz\u00e9lget\u00e9sek a Bibli\u00e1r\u00f3l. * \u00c1prilis 13-\u00e1n, p\u00e9nteken, Stuttgartban 16.00 \u00f3rakor Bar\u00e1ts\u00e1gklub. 17.50 \u00f3rakor r\u00f3zsaf\u00fcz\u00e9r, majd szentmise. 19.00 \u00f3r\u00e1t\u00f3l Hegyi G\u00e1bor fest\u0151 vall\u00e1sos t\u00e9m\u00e1j\u00fa k\u00e9pei ki\u00e1ll\u00edt\u00e1s\u00e1nak megnyit\u00f3ja. Weingarteni d\u00e9lut\u00e1n a Marien Kirche-ben. 18.30 \u00f3rakor r\u00f3zsaf\u00fcz\u00e9r, 19.00 \u00f3rakor szentmise, azt k\u00f6vet\u0151en pedig Besz\u00e9lget\u00e9sek a Bibli\u00e1r\u00f3l. * \u00c1prilis 14, szombaton, Friedrichshafenben 17.00 \u00f3rakor szentmise, ut\u00e1na \u00e1g\u00e1p\u00e9. * \u00c1prilis 15-\u00e9n, h\u00fasv\u00e9t 3. vas\u00e1rnapja, Ludwigsburgban 9.30 \u00f3rakor szentmise. Ut\u00e1na \u00e1g\u00e1p\u00e9. Stuttgartban 12.00 \u00f3rakor szentmise. * Minden helyen mindenkit szeretettel v\u00e1r a k\u00f6z\u00f6ss\u00e9g, Imre atya \u00e9s Tibor atya! \u201eA felt\u00e1mad\u00e1s nem csak a h\u00edv\u0151k \u00fcnnepe, hanem minden ember\u00e9. A ti\u00e9d is. R\u00e1d\u00f6bbenhetsz, hogy er\u0151sebb vagy, mint a hal\u00e1l, \u00e9s arra is, amit az eredeti g\u00f6r\u00f6g sz\u00f3, az an\u00e1stasis jelent: &#8222;\u00fajra l\u00e1bra \u00e1llni&#8221;. Benned van az er\u0151, az \u00c9let ereje, hogy \u00fajra l\u00e1bra \u00e1llj. \u00c9l\u0151 l\u00e9lek van benned, nem lehet t\u00e9ged legy\u0151zni.\u201c (M\u00fcller P\u00e9ter \u2013 *1936 \u2013 \u00edr\u00f3, dramaturg) Kegyelemteljes h\u00fasv\u00e9ti napokat, j\u00f3 munk\u00e1t, tartalmas besz\u00e9lget\u00e9seket \u00e9s \u00f6r\u00f6mteli tal\u00e1lkoz\u00e1sokat k\u00edv\u00e1nunk minden Kedves H\u00edv\u00fcnknek!<\/p>\n","protected":false},"author":3,"featured_media":14155,"comment_status":"closed","ping_status":"closed","sticky":false,"template":"","format":"standard","meta":{"footnotes":""},"categories":[37],"tags":[],"class_list":["post-14154","post","type-post","status-publish","format-standard","has-post-thumbnail","hentry","category-progamelozetes"],"yoast_head":"<!-- This site is optimized with the Yoast SEO plugin v27.3 - https:\/\/yoast.com\/product\/yoast-seo-wordpress\/ -->\n<title>Programel\u0151zetes \u00e1prilis 9 \u00e9s 15 k\u00f6z\u00f6tt - Stuttgarti Katolikusok<\/title>\n<meta name=\"robots\" content=\"index, follow, max-snippet:-1, max-image-preview:large, max-video-preview:-1\" \/>\n<link rel=\"canonical\" href=\"https:\/\/stuttgarti-katolikusok.de\/index.php\/programelozetes-aprilis-9-es-15-kozott\/\" \/>\n<meta property=\"og:locale\" content=\"hu_HU\" \/>\n<meta property=\"og:type\" content=\"article\" \/>\n<meta property=\"og:title\" content=\"Programel\u0151zetes \u00e1prilis 9 \u00e9s 15 k\u00f6z\u00f6tt - Stuttgarti Katolikusok\" \/>\n<meta property=\"og:description\" content=\"Programel\u0151zetes \u00c1prilis 11-\u00e9n, szerd\u00e1n, Stuttgartban 10.15 \u00f3rakor n\u00e9met nyelv\u0171 szentmise. * \u00c1prilis 12-\u00e9n, cs\u00fct\u00f6rt\u00f6k\u00f6n, Ulmi d\u00e9lut\u00e1n, 17.30 \u00f3rakor szentmise. El\u0151tte gy\u00f3ntat\u00e1s, ut\u00e1na Besz\u00e9lget\u00e9sek a Bibli\u00e1r\u00f3l. * \u00c1prilis 13-\u00e1n, p\u00e9nteken, Stuttgartban 16.00 \u00f3rakor Bar\u00e1ts\u00e1gklub. 17.50 \u00f3rakor r\u00f3zsaf\u00fcz\u00e9r, majd szentmise. 19.00 \u00f3r\u00e1t\u00f3l Hegyi G\u00e1bor fest\u0151 vall\u00e1sos t\u00e9m\u00e1j\u00fa k\u00e9pei ki\u00e1ll\u00edt\u00e1s\u00e1nak megnyit\u00f3ja. Weingarteni d\u00e9lut\u00e1n a Marien Kirche-ben. 18.30 \u00f3rakor r\u00f3zsaf\u00fcz\u00e9r, 19.00 \u00f3rakor szentmise, azt k\u00f6vet\u0151en pedig Besz\u00e9lget\u00e9sek a Bibli\u00e1r\u00f3l. * \u00c1prilis 14, szombaton, Friedrichshafenben 17.00 \u00f3rakor szentmise, ut\u00e1na \u00e1g\u00e1p\u00e9. * \u00c1prilis 15-\u00e9n, h\u00fasv\u00e9t 3. vas\u00e1rnapja, Ludwigsburgban 9.30 \u00f3rakor szentmise. Ut\u00e1na \u00e1g\u00e1p\u00e9. Stuttgartban 12.00 \u00f3rakor szentmise. * Minden helyen mindenkit szeretettel v\u00e1r a k\u00f6z\u00f6ss\u00e9g, Imre atya \u00e9s Tibor atya! \u201eA felt\u00e1mad\u00e1s nem csak a h\u00edv\u0151k \u00fcnnepe, hanem minden ember\u00e9. A ti\u00e9d is. R\u00e1d\u00f6bbenhetsz, hogy er\u0151sebb vagy, mint a hal\u00e1l, \u00e9s arra is, amit az eredeti g\u00f6r\u00f6g sz\u00f3, az an\u00e1stasis jelent: &#8222;\u00fajra l\u00e1bra \u00e1llni&#8221;. Benned van az er\u0151, az \u00c9let ereje, hogy \u00fajra l\u00e1bra \u00e1llj. \u00c9l\u0151 l\u00e9lek van benned, nem lehet t\u00e9ged legy\u0151zni.\u201c (M\u00fcller P\u00e9ter \u2013 *1936 \u2013 \u00edr\u00f3, dramaturg) Kegyelemteljes h\u00fasv\u00e9ti napokat, j\u00f3 munk\u00e1t, tartalmas besz\u00e9lget\u00e9seket \u00e9s \u00f6r\u00f6mteli tal\u00e1lkoz\u00e1sokat k\u00edv\u00e1nunk minden Kedves H\u00edv\u00fcnknek!\" \/>\n<meta property=\"og:url\" content=\"https:\/\/stuttgarti-katolikusok.de\/index.php\/programelozetes-aprilis-9-es-15-kozott\/\" \/>\n<meta property=\"og:site_name\" content=\"Stuttgarti Katolikusok\" \/>\n<meta property=\"article:published_time\" content=\"2018-04-09T14:00:46+00:00\" \/>\n<meta property=\"article:modified_time\" content=\"2018-04-09T17:43:49+00:00\" \/>\n<meta property=\"og:image\" content=\"https:\/\/stuttgarti-katolikusok.de\/wp-content\/uploads\/2018\/04\/feltamadunk.jpg\" \/>\n\t<meta property=\"og:image:width\" content=\"580\" \/>\n\t<meta property=\"og:image:height\" content=\"595\" \/>\n\t<meta property=\"og:image:type\" content=\"image\/jpeg\" \/>\n<meta name=\"author\" content=\"Tibor atya\" \/>\n<meta name=\"twitter:card\" content=\"summary_large_image\" \/>\n<meta name=\"twitter:label1\" content=\"Szerz\u0151:\" \/>\n\t<meta name=\"twitter:data1\" content=\"Tibor atya\" \/>\n\t<meta name=\"twitter:label2\" content=\"Becs\u00fclt olvas\u00e1si id\u0151\" \/>\n\t<meta name=\"twitter:data2\" content=\"1 perc\" \/>\n<script type=\"application\/ld+json\" class=\"yoast-schema-graph\">{\"@context\":\"https:\\\/\\\/schema.org\",\"@graph\":[{\"@type\":\"Article\",\"@id\":\"https:\\\/\\\/stuttgarti-katolikusok.de\\\/index.php\\\/programelozetes-aprilis-9-es-15-kozott\\\/#article\",\"isPartOf\":{\"@id\":\"https:\\\/\\\/stuttgarti-katolikusok.de\\\/index.php\\\/programelozetes-aprilis-9-es-15-kozott\\\/\"},\"author\":{\"name\":\"Tibor atya\",\"@id\":\"https:\\\/\\\/stuttgarti-katolikusok.de\\\/#\\\/schema\\\/person\\\/75908d6f8fdc03a57889d27209df7795\"},\"headline\":\"Programel\u0151zetes \u00e1prilis 9 \u00e9s 15 k\u00f6z\u00f6tt\",\"datePublished\":\"2018-04-09T14:00:46+00:00\",\"dateModified\":\"2018-04-09T17:43:49+00:00\",\"mainEntityOfPage\":{\"@id\":\"https:\\\/\\\/stuttgarti-katolikusok.de\\\/index.php\\\/programelozetes-aprilis-9-es-15-kozott\\\/\"},\"wordCount\":257,\"image\":{\"@id\":\"https:\\\/\\\/stuttgarti-katolikusok.de\\\/index.php\\\/programelozetes-aprilis-9-es-15-kozott\\\/#primaryimage\"},\"thumbnailUrl\":\"https:\\\/\\\/stuttgarti-katolikusok.de\\\/wp-content\\\/uploads\\\/2018\\\/04\\\/feltamadunk.jpg\",\"articleSection\":[\"Progamel\u0151zetes\"],\"inLanguage\":\"hu\"},{\"@type\":\"WebPage\",\"@id\":\"https:\\\/\\\/stuttgarti-katolikusok.de\\\/index.php\\\/programelozetes-aprilis-9-es-15-kozott\\\/\",\"url\":\"https:\\\/\\\/stuttgarti-katolikusok.de\\\/index.php\\\/programelozetes-aprilis-9-es-15-kozott\\\/\",\"name\":\"Programel\u0151zetes \u00e1prilis 9 \u00e9s 15 k\u00f6z\u00f6tt - Stuttgarti Katolikusok\",\"isPartOf\":{\"@id\":\"https:\\\/\\\/stuttgarti-katolikusok.de\\\/#website\"},\"primaryImageOfPage\":{\"@id\":\"https:\\\/\\\/stuttgarti-katolikusok.de\\\/index.php\\\/programelozetes-aprilis-9-es-15-kozott\\\/#primaryimage\"},\"image\":{\"@id\":\"https:\\\/\\\/stuttgarti-katolikusok.de\\\/index.php\\\/programelozetes-aprilis-9-es-15-kozott\\\/#primaryimage\"},\"thumbnailUrl\":\"https:\\\/\\\/stuttgarti-katolikusok.de\\\/wp-content\\\/uploads\\\/2018\\\/04\\\/feltamadunk.jpg\",\"datePublished\":\"2018-04-09T14:00:46+00:00\",\"dateModified\":\"2018-04-09T17:43:49+00:00\",\"author\":{\"@id\":\"https:\\\/\\\/stuttgarti-katolikusok.de\\\/#\\\/schema\\\/person\\\/75908d6f8fdc03a57889d27209df7795\"},\"breadcrumb\":{\"@id\":\"https:\\\/\\\/stuttgarti-katolikusok.de\\\/index.php\\\/programelozetes-aprilis-9-es-15-kozott\\\/#breadcrumb\"},\"inLanguage\":\"hu\",\"potentialAction\":[{\"@type\":\"ReadAction\",\"target\":[\"https:\\\/\\\/stuttgarti-katolikusok.de\\\/index.php\\\/programelozetes-aprilis-9-es-15-kozott\\\/\"]}]},{\"@type\":\"ImageObject\",\"inLanguage\":\"hu\",\"@id\":\"https:\\\/\\\/stuttgarti-katolikusok.de\\\/index.php\\\/programelozetes-aprilis-9-es-15-kozott\\\/#primaryimage\",\"url\":\"https:\\\/\\\/stuttgarti-katolikusok.de\\\/wp-content\\\/uploads\\\/2018\\\/04\\\/feltamadunk.jpg\",\"contentUrl\":\"https:\\\/\\\/stuttgarti-katolikusok.de\\\/wp-content\\\/uploads\\\/2018\\\/04\\\/feltamadunk.jpg\",\"width\":580,\"height\":595},{\"@type\":\"BreadcrumbList\",\"@id\":\"https:\\\/\\\/stuttgarti-katolikusok.de\\\/index.php\\\/programelozetes-aprilis-9-es-15-kozott\\\/#breadcrumb\",\"itemListElement\":[{\"@type\":\"ListItem\",\"position\":1,\"name\":\"Kezd\u0151lap\",\"item\":\"https:\\\/\\\/stuttgarti-katolikusok.de\\\/\"},{\"@type\":\"ListItem\",\"position\":2,\"name\":\"Programel\u0151zetes \u00e1prilis 9 \u00e9s 15 k\u00f6z\u00f6tt\"}]},{\"@type\":\"WebSite\",\"@id\":\"https:\\\/\\\/stuttgarti-katolikusok.de\\\/#website\",\"url\":\"https:\\\/\\\/stuttgarti-katolikusok.de\\\/\",\"name\":\"Stuttgarti Katolikusok\",\"description\":\"\",\"potentialAction\":[{\"@type\":\"SearchAction\",\"target\":{\"@type\":\"EntryPoint\",\"urlTemplate\":\"https:\\\/\\\/stuttgarti-katolikusok.de\\\/?s={search_term_string}\"},\"query-input\":{\"@type\":\"PropertyValueSpecification\",\"valueRequired\":true,\"valueName\":\"search_term_string\"}}],\"inLanguage\":\"hu\"},{\"@type\":\"Person\",\"@id\":\"https:\\\/\\\/stuttgarti-katolikusok.de\\\/#\\\/schema\\\/person\\\/75908d6f8fdc03a57889d27209df7795\",\"name\":\"Tibor atya\",\"image\":{\"@type\":\"ImageObject\",\"inLanguage\":\"hu\",\"@id\":\"https:\\\/\\\/secure.gravatar.com\\\/avatar\\\/61d268e57d1f4525b111222e29d2d5a7f8c420fdbf231ba5566a8ceac74fa960?s=96&d=mm&r=g\",\"url\":\"https:\\\/\\\/secure.gravatar.com\\\/avatar\\\/61d268e57d1f4525b111222e29d2d5a7f8c420fdbf231ba5566a8ceac74fa960?s=96&d=mm&r=g\",\"contentUrl\":\"https:\\\/\\\/secure.gravatar.com\\\/avatar\\\/61d268e57d1f4525b111222e29d2d5a7f8c420fdbf231ba5566a8ceac74fa960?s=96&d=mm&r=g\",\"caption\":\"Tibor atya\"},\"url\":\"https:\\\/\\\/stuttgarti-katolikusok.de\\\/index.php\\\/author\\\/tibor-atya\\\/\"}]}<\/script>\n<!-- \/ Yoast SEO plugin. -->","yoast_head_json":{"title":"Programel\u0151zetes \u00e1prilis 9 \u00e9s 15 k\u00f6z\u00f6tt - Stuttgarti Katolikusok","robots":{"index":"index","follow":"follow","max-snippet":"max-snippet:-1","max-image-preview":"max-image-preview:large","max-video-preview":"max-video-preview:-1"},"canonical":"https:\/\/stuttgarti-katolikusok.de\/index.php\/programelozetes-aprilis-9-es-15-kozott\/","og_locale":"hu_HU","og_type":"article","og_title":"Programel\u0151zetes \u00e1prilis 9 \u00e9s 15 k\u00f6z\u00f6tt - Stuttgarti Katolikusok","og_description":"Programel\u0151zetes \u00c1prilis 11-\u00e9n, szerd\u00e1n, Stuttgartban 10.15 \u00f3rakor n\u00e9met nyelv\u0171 szentmise. * \u00c1prilis 12-\u00e9n, cs\u00fct\u00f6rt\u00f6k\u00f6n, Ulmi d\u00e9lut\u00e1n, 17.30 \u00f3rakor szentmise. El\u0151tte gy\u00f3ntat\u00e1s, ut\u00e1na Besz\u00e9lget\u00e9sek a Bibli\u00e1r\u00f3l. * \u00c1prilis 13-\u00e1n, p\u00e9nteken, Stuttgartban 16.00 \u00f3rakor Bar\u00e1ts\u00e1gklub. 17.50 \u00f3rakor r\u00f3zsaf\u00fcz\u00e9r, majd szentmise. 19.00 \u00f3r\u00e1t\u00f3l Hegyi G\u00e1bor fest\u0151 vall\u00e1sos t\u00e9m\u00e1j\u00fa k\u00e9pei ki\u00e1ll\u00edt\u00e1s\u00e1nak megnyit\u00f3ja. Weingarteni d\u00e9lut\u00e1n a Marien Kirche-ben. 18.30 \u00f3rakor r\u00f3zsaf\u00fcz\u00e9r, 19.00 \u00f3rakor szentmise, azt k\u00f6vet\u0151en pedig Besz\u00e9lget\u00e9sek a Bibli\u00e1r\u00f3l. * \u00c1prilis 14, szombaton, Friedrichshafenben 17.00 \u00f3rakor szentmise, ut\u00e1na \u00e1g\u00e1p\u00e9. * \u00c1prilis 15-\u00e9n, h\u00fasv\u00e9t 3. vas\u00e1rnapja, Ludwigsburgban 9.30 \u00f3rakor szentmise. Ut\u00e1na \u00e1g\u00e1p\u00e9. Stuttgartban 12.00 \u00f3rakor szentmise. * Minden helyen mindenkit szeretettel v\u00e1r a k\u00f6z\u00f6ss\u00e9g, Imre atya \u00e9s Tibor atya! \u201eA felt\u00e1mad\u00e1s nem csak a h\u00edv\u0151k \u00fcnnepe, hanem minden ember\u00e9. A ti\u00e9d is. R\u00e1d\u00f6bbenhetsz, hogy er\u0151sebb vagy, mint a hal\u00e1l, \u00e9s arra is, amit az eredeti g\u00f6r\u00f6g sz\u00f3, az an\u00e1stasis jelent: &#8222;\u00fajra l\u00e1bra \u00e1llni&#8221;. Benned van az er\u0151, az \u00c9let ereje, hogy \u00fajra l\u00e1bra \u00e1llj. \u00c9l\u0151 l\u00e9lek van benned, nem lehet t\u00e9ged legy\u0151zni.\u201c (M\u00fcller P\u00e9ter \u2013 *1936 \u2013 \u00edr\u00f3, dramaturg) Kegyelemteljes h\u00fasv\u00e9ti napokat, j\u00f3 munk\u00e1t, tartalmas besz\u00e9lget\u00e9seket \u00e9s \u00f6r\u00f6mteli tal\u00e1lkoz\u00e1sokat k\u00edv\u00e1nunk minden Kedves H\u00edv\u00fcnknek!","og_url":"https:\/\/stuttgarti-katolikusok.de\/index.php\/programelozetes-aprilis-9-es-15-kozott\/","og_site_name":"Stuttgarti Katolikusok","article_published_time":"2018-04-09T14:00:46+00:00","article_modified_time":"2018-04-09T17:43:49+00:00","og_image":[{"width":580,"height":595,"url":"https:\/\/stuttgarti-katolikusok.de\/wp-content\/uploads\/2018\/04\/feltamadunk.jpg","type":"image\/jpeg"}],"author":"Tibor atya","twitter_card":"summary_large_image","twitter_misc":{"Szerz\u0151:":"Tibor atya","Becs\u00fclt olvas\u00e1si id\u0151":"1 perc"},"schema":{"@context":"https:\/\/schema.org","@graph":[{"@type":"Article","@id":"https:\/\/stuttgarti-katolikusok.de\/index.php\/programelozetes-aprilis-9-es-15-kozott\/#article","isPartOf":{"@id":"https:\/\/stuttgarti-katolikusok.de\/index.php\/programelozetes-aprilis-9-es-15-kozott\/"},"author":{"name":"Tibor atya","@id":"https:\/\/stuttgarti-katolikusok.de\/#\/schema\/person\/75908d6f8fdc03a57889d27209df7795"},"headline":"Programel\u0151zetes \u00e1prilis 9 \u00e9s 15 k\u00f6z\u00f6tt","datePublished":"2018-04-09T14:00:46+00:00","dateModified":"2018-04-09T17:43:49+00:00","mainEntityOfPage":{"@id":"https:\/\/stuttgarti-katolikusok.de\/index.php\/programelozetes-aprilis-9-es-15-kozott\/"},"wordCount":257,"image":{"@id":"https:\/\/stuttgarti-katolikusok.de\/index.php\/programelozetes-aprilis-9-es-15-kozott\/#primaryimage"},"thumbnailUrl":"https:\/\/stuttgarti-katolikusok.de\/wp-content\/uploads\/2018\/04\/feltamadunk.jpg","articleSection":["Progamel\u0151zetes"],"inLanguage":"hu"},{"@type":"WebPage","@id":"https:\/\/stuttgarti-katolikusok.de\/index.php\/programelozetes-aprilis-9-es-15-kozott\/","url":"https:\/\/stuttgarti-katolikusok.de\/index.php\/programelozetes-aprilis-9-es-15-kozott\/","name":"Programel\u0151zetes \u00e1prilis 9 \u00e9s 15 k\u00f6z\u00f6tt - Stuttgarti Katolikusok","isPartOf":{"@id":"https:\/\/stuttgarti-katolikusok.de\/#website"},"primaryImageOfPage":{"@id":"https:\/\/stuttgarti-katolikusok.de\/index.php\/programelozetes-aprilis-9-es-15-kozott\/#primaryimage"},"image":{"@id":"https:\/\/stuttgarti-katolikusok.de\/index.php\/programelozetes-aprilis-9-es-15-kozott\/#primaryimage"},"thumbnailUrl":"https:\/\/stuttgarti-katolikusok.de\/wp-content\/uploads\/2018\/04\/feltamadunk.jpg","datePublished":"2018-04-09T14:00:46+00:00","dateModified":"2018-04-09T17:43:49+00:00","author":{"@id":"https:\/\/stuttgarti-katolikusok.de\/#\/schema\/person\/75908d6f8fdc03a57889d27209df7795"},"breadcrumb":{"@id":"https:\/\/stuttgarti-katolikusok.de\/index.php\/programelozetes-aprilis-9-es-15-kozott\/#breadcrumb"},"inLanguage":"hu","potentialAction":[{"@type":"ReadAction","target":["https:\/\/stuttgarti-katolikusok.de\/index.php\/programelozetes-aprilis-9-es-15-kozott\/"]}]},{"@type":"ImageObject","inLanguage":"hu","@id":"https:\/\/stuttgarti-katolikusok.de\/index.php\/programelozetes-aprilis-9-es-15-kozott\/#primaryimage","url":"https:\/\/stuttgarti-katolikusok.de\/wp-content\/uploads\/2018\/04\/feltamadunk.jpg","contentUrl":"https:\/\/stuttgarti-katolikusok.de\/wp-content\/uploads\/2018\/04\/feltamadunk.jpg","width":580,"height":595},{"@type":"BreadcrumbList","@id":"https:\/\/stuttgarti-katolikusok.de\/index.php\/programelozetes-aprilis-9-es-15-kozott\/#breadcrumb","itemListElement":[{"@type":"ListItem","position":1,"name":"Kezd\u0151lap","item":"https:\/\/stuttgarti-katolikusok.de\/"},{"@type":"ListItem","position":2,"name":"Programel\u0151zetes \u00e1prilis 9 \u00e9s 15 k\u00f6z\u00f6tt"}]},{"@type":"WebSite","@id":"https:\/\/stuttgarti-katolikusok.de\/#website","url":"https:\/\/stuttgarti-katolikusok.de\/","name":"Stuttgarti Katolikusok","description":"","potentialAction":[{"@type":"SearchAction","target":{"@type":"EntryPoint","urlTemplate":"https:\/\/stuttgarti-katolikusok.de\/?s={search_term_string}"},"query-input":{"@type":"PropertyValueSpecification","valueRequired":true,"valueName":"search_term_string"}}],"inLanguage":"hu"},{"@type":"Person","@id":"https:\/\/stuttgarti-katolikusok.de\/#\/schema\/person\/75908d6f8fdc03a57889d27209df7795","name":"Tibor atya","image":{"@type":"ImageObject","inLanguage":"hu","@id":"https:\/\/secure.gravatar.com\/avatar\/61d268e57d1f4525b111222e29d2d5a7f8c420fdbf231ba5566a8ceac74fa960?s=96&d=mm&r=g","url":"https:\/\/secure.gravatar.com\/avatar\/61d268e57d1f4525b111222e29d2d5a7f8c420fdbf231ba5566a8ceac74fa960?s=96&d=mm&r=g","contentUrl":"https:\/\/secure.gravatar.com\/avatar\/61d268e57d1f4525b111222e29d2d5a7f8c420fdbf231ba5566a8ceac74fa960?s=96&d=mm&r=g","caption":"Tibor atya"},"url":"https:\/\/stuttgarti-katolikusok.de\/index.php\/author\/tibor-atya\/"}]}},"_links":{"self":[{"href":"https:\/\/stuttgarti-katolikusok.de\/index.php\/wp-json\/wp\/v2\/posts\/14154","targetHints":{"allow":["GET"]}}],"collection":[{"href":"https:\/\/stuttgarti-katolikusok.de\/index.php\/wp-json\/wp\/v2\/posts"}],"about":[{"href":"https:\/\/stuttgarti-katolikusok.de\/index.php\/wp-json\/wp\/v2\/types\/post"}],"author":[{"embeddable":true,"href":"https:\/\/stuttgarti-katolikusok.de\/index.php\/wp-json\/wp\/v2\/users\/3"}],"replies":[{"embeddable":true,"href":"https:\/\/stuttgarti-katolikusok.de\/index.php\/wp-json\/wp\/v2\/comments?post=14154"}],"version-history":[{"count":3,"href":"https:\/\/stuttgarti-katolikusok.de\/index.php\/wp-json\/wp\/v2\/posts\/14154\/revisions"}],"predecessor-version":[{"id":14159,"href":"https:\/\/stuttgarti-katolikusok.de\/index.php\/wp-json\/wp\/v2\/posts\/14154\/revisions\/14159"}],"wp:featuredmedia":[{"embeddable":true,"href":"https:\/\/stuttgarti-katolikusok.de\/index.php\/wp-json\/wp\/v2\/media\/14155"}],"wp:attachment":[{"href":"https:\/\/stuttgarti-katolikusok.de\/index.php\/wp-json\/wp\/v2\/media?parent=14154"}],"wp:term":[{"taxonomy":"category","embeddable":true,"href":"https:\/\/stuttgarti-katolikusok.de\/index.php\/wp-json\/wp\/v2\/categories?post=14154"},{"taxonomy":"post_tag","embeddable":true,"href":"https:\/\/stuttgarti-katolikusok.de\/index.php\/wp-json\/wp\/v2\/tags?post=14154"}],"curies":[{"name":"wp","href":"https:\/\/api.w.org\/{rel}","templated":true}]}}