{"id":14072,"date":"2018-03-29T11:33:03","date_gmt":"2018-03-29T11:33:03","guid":{"rendered":"https:\/\/gracious-dewdney.138-201-221-2.plesk.page\/?p=14072"},"modified":"2018-03-29T20:35:47","modified_gmt":"2018-03-29T20:35:47","slug":"programelozetes-marcius-26-es-aprilis-8-kozott-2","status":"publish","type":"post","link":"https:\/\/stuttgarti-katolikusok.de\/index.php\/programelozetes-marcius-26-es-aprilis-8-kozott-2\/","title":{"rendered":"Programel\u0151zetes m\u00e1rcius 26 \u00e9s \u00e1prilis 8 k\u00f6z\u00f6tt"},"content":{"rendered":"<p>Programel\u0151zetes<\/p>\n<p style=\"text-align: left;\">M\u00e1rcius 28-\u00e1n, Nagyszerd\u00e1n,<br \/>\nStuttgartban 10.15 \u00f3rakor n\u00e9met nyelv\u0171 szentmise.<\/p>\n<p style=\"text-align: center;\">*<\/p>\n<p style=\"text-align: left;\">M\u00e1rcius 29-\u00e9n, Nagycs\u00fct\u00f6rt\u00f6k\u00f6n,<br \/>\nStuttgartban 19.00 \u00f3rakor szentmise az Utols\u00f3 Vacsora eml\u00e9k\u00e9re.<br \/>\nWeingartenben 19.00 \u00f3rakor szentmise az Utols\u00f3 Vacsora eml\u00e9k\u00e9re.<\/p>\n<p style=\"text-align: center;\">*<\/p>\n<p style=\"text-align: left;\">M\u00e1rcius 30-\u00e1n, Nagyp\u00e9nteken,<br \/>\nWeingartenben 15.00 \u00f3rakor passi\u00f3, nagyp\u00e9nteki szertart\u00e1s.<br \/>\nStuttgartban 18.00 \u00f3rakor passi\u00f3, nagyp\u00e9nteki szertart\u00e1s.<\/p>\n<p style=\"text-align: center;\">*<\/p>\n<p style=\"text-align: left;\">M\u00e1rcius 31-\u00e9n, Nagyszombaton,<br \/>\nStuttgartban 20.00 \u00f3rakor H\u00fasv\u00e9ti vigilia, felt\u00e1mad\u00e1si szertart\u00e1s. Ut\u00e1na \u00e9telszentel\u00e9s.<br \/>\nWeingartenben 20.00 \u00f3rakor H\u00fasv\u00e9t vigilia, felt\u00e1mad\u00e1si szertart\u00e1s. Ut\u00e1na \u00e9telszentel\u00e9s.<\/p>\n<p style=\"text-align: center;\">*<\/p>\n<p style=\"text-align: left;\">\u00c1prilis 1-j\u00e9n, H\u00fasv\u00e9tvas\u00e1rnap,<br \/>\nSchw\u00e4bisch-Gm\u00fcndben 9.00 \u00f3rakor n\u00e9met-magyar nyelv\u0171 \u00fcnnep\u00e9lyes nagymise.<br \/>\nWeingartenben 10.00 \u00f3rakor \u00fcnnep\u00e9lyes nagymise. Ut\u00e1na \u00e9telszentel\u00e9s.<br \/>\nStuttgartban 12.00 \u00f3rakor \u00fcnnep\u00e9lyes nagymise. Ut\u00e1na \u00e9telszentel\u00e9s.<br \/>\nUlmban 15.00 \u00f3rakor \u00fcnnep\u00e9lyes nagymise. Ut\u00e1na \u00e9telszentel\u00e9s.<\/p>\n<p style=\"text-align: center;\">*<\/p>\n<p style=\"text-align: left;\">\u00c1prilis 2-\u00e1n, H\u00fasv\u00e9th\u00e9tf\u0151n,<br \/>\nStuttgartban 9.30 \u00f3rakor n\u00f3emet-magyar nyelv\u0171 szentmise, majd locsolkod\u00e1s.<br \/>\nWeingartenben 10.00 \u00f3rakor szentmise.<\/p>\n<p style=\"text-align: center;\">*<\/p>\n<p style=\"text-align: left;\">\u00c1prilis 7-\u00e9n, szombaton,<br \/>\nBalingenben 17.00 \u00f3rakor szentmise. Ut\u00e1na \u00e1g\u00e1p\u00e9.<\/p>\n<p style=\"text-align: center;\">*<\/p>\n<p style=\"text-align: left;\">\u00c1prilis 8-\u00e1n, H\u00fasv\u00e9t 2. vas\u00e1rnapj\u00e1n,<br \/>\nWeingartenben 10.00 \u00f3rakor szentmise, ut\u00e1na \u00e1g\u00e1p\u00e9.<br \/>\nUlmban 15.00 \u00f3rakor szentmise, ut\u00e1na \u00e1g\u00e1p\u00e9.<\/p>\n<p style=\"text-align: center;\">*<\/p>\n<p style=\"text-align: left;\">Minden helyen mindenkit szeretettel v\u00e1r a k\u00f6z\u00f6ss\u00e9g, Imre atya \u00e9s Tibor atya!<\/p>\n<p>\u201eA h\u00fasv\u00e9t a vall\u00e1s \u00fcnnepe. A vall\u00e1s ad h\u00edveinek megnyugv\u00e1st, hitet, f\u00f6lt\u00e1mad\u00e1st \u00e9s mennyb\u00e9li \u00fcdv\u00f6ss\u00e9get, nagyp\u00e9ntek pedig adja az emberi dokumentumok dokumentum\u00e1t, a keresztrefesz\u00edt\u00e9s igazs\u00e1g\u00e1t, az apostols\u00e1g tanuls\u00e1gait&#8230; Oh, boldogok a h\u00edv\u0151k, kik ma s\u00edrnak, zokognak, de tudj\u00e1k, hogy m\u00e1r holnap este halleluj\u00e1zni fognak.\u201d (Ady Endre \u2013 1877-1919 &#8211; k\u00f6lt\u0151)<\/p>\n<p>Bens\u0151s\u00e9ges Nagyhetet \u00e9s kegyelemteljes H\u00fasv\u00e9tot k\u00edv\u00e1nunk minden Kedves H\u00edv\u00fcnknek!<\/p>\n","protected":false},"excerpt":{"rendered":"<p>Programel\u0151zetes M\u00e1rcius 28-\u00e1n, Nagyszerd\u00e1n, Stuttgartban 10.15 \u00f3rakor n\u00e9met nyelv\u0171 szentmise. * M\u00e1rcius 29-\u00e9n, Nagycs\u00fct\u00f6rt\u00f6k\u00f6n, Stuttgartban 19.00 \u00f3rakor szentmise az Utols\u00f3 Vacsora eml\u00e9k\u00e9re. Weingartenben 19.00 \u00f3rakor szentmise az Utols\u00f3 Vacsora eml\u00e9k\u00e9re. * M\u00e1rcius 30-\u00e1n, Nagyp\u00e9nteken, Weingartenben 15.00 \u00f3rakor passi\u00f3, nagyp\u00e9nteki szertart\u00e1s. Stuttgartban 18.00 \u00f3rakor passi\u00f3, nagyp\u00e9nteki szertart\u00e1s. * M\u00e1rcius 31-\u00e9n, Nagyszombaton, Stuttgartban 20.00 \u00f3rakor H\u00fasv\u00e9ti vigilia, felt\u00e1mad\u00e1si szertart\u00e1s. Ut\u00e1na \u00e9telszentel\u00e9s. Weingartenben 20.00 \u00f3rakor H\u00fasv\u00e9t vigilia, felt\u00e1mad\u00e1si szertart\u00e1s. Ut\u00e1na \u00e9telszentel\u00e9s. * \u00c1prilis 1-j\u00e9n, H\u00fasv\u00e9tvas\u00e1rnap, Schw\u00e4bisch-Gm\u00fcndben 9.00 \u00f3rakor n\u00e9met-magyar nyelv\u0171 \u00fcnnep\u00e9lyes nagymise. Weingartenben 10.00 \u00f3rakor \u00fcnnep\u00e9lyes nagymise. Ut\u00e1na \u00e9telszentel\u00e9s. Stuttgartban 12.00 \u00f3rakor \u00fcnnep\u00e9lyes nagymise. Ut\u00e1na \u00e9telszentel\u00e9s. Ulmban 15.00 \u00f3rakor \u00fcnnep\u00e9lyes nagymise. Ut\u00e1na \u00e9telszentel\u00e9s. * \u00c1prilis 2-\u00e1n, H\u00fasv\u00e9th\u00e9tf\u0151n, Stuttgartban 9.30 \u00f3rakor n\u00f3emet-magyar nyelv\u0171 szentmise, majd locsolkod\u00e1s. Weingartenben 10.00 \u00f3rakor szentmise. * \u00c1prilis 7-\u00e9n, szombaton, Balingenben 17.00 \u00f3rakor szentmise. Ut\u00e1na \u00e1g\u00e1p\u00e9. * \u00c1prilis 8-\u00e1n, H\u00fasv\u00e9t 2. vas\u00e1rnapj\u00e1n, Weingartenben 10.00 \u00f3rakor szentmise, ut\u00e1na \u00e1g\u00e1p\u00e9. Ulmban 15.00 \u00f3rakor szentmise, ut\u00e1na \u00e1g\u00e1p\u00e9. * Minden helyen mindenkit szeretettel v\u00e1r a k\u00f6z\u00f6ss\u00e9g, Imre atya \u00e9s Tibor atya! \u201eA h\u00fasv\u00e9t a vall\u00e1s \u00fcnnepe. A vall\u00e1s ad h\u00edveinek megnyugv\u00e1st, hitet, f\u00f6lt\u00e1mad\u00e1st \u00e9s mennyb\u00e9li \u00fcdv\u00f6ss\u00e9get, nagyp\u00e9ntek pedig adja az emberi dokumentumok dokumentum\u00e1t, a keresztrefesz\u00edt\u00e9s igazs\u00e1g\u00e1t, az apostols\u00e1g tanuls\u00e1gait&#8230; Oh, boldogok a h\u00edv\u0151k, kik ma s\u00edrnak, zokognak, de tudj\u00e1k, hogy m\u00e1r holnap este halleluj\u00e1zni fognak.\u201d (Ady Endre \u2013 1877-1919 &#8211; k\u00f6lt\u0151) Bens\u0151s\u00e9ges Nagyhetet \u00e9s kegyelemteljes H\u00fasv\u00e9tot k\u00edv\u00e1nunk minden Kedves H\u00edv\u00fcnknek!<\/p>\n","protected":false},"author":3,"featured_media":0,"comment_status":"closed","ping_status":"closed","sticky":false,"template":"","format":"standard","meta":{"footnotes":""},"categories":[37],"tags":[],"class_list":["post-14072","post","type-post","status-publish","format-standard","hentry","category-progamelozetes"],"yoast_head":"<!-- This site is optimized with the Yoast SEO plugin v27.3 - https:\/\/yoast.com\/product\/yoast-seo-wordpress\/ -->\n<title>Programel\u0151zetes m\u00e1rcius 26 \u00e9s \u00e1prilis 8 k\u00f6z\u00f6tt - Stuttgarti Katolikusok<\/title>\n<meta name=\"robots\" content=\"index, follow, max-snippet:-1, max-image-preview:large, max-video-preview:-1\" \/>\n<link rel=\"canonical\" href=\"https:\/\/stuttgarti-katolikusok.de\/index.php\/programelozetes-marcius-26-es-aprilis-8-kozott-2\/\" \/>\n<meta property=\"og:locale\" content=\"hu_HU\" \/>\n<meta property=\"og:type\" content=\"article\" \/>\n<meta property=\"og:title\" content=\"Programel\u0151zetes m\u00e1rcius 26 \u00e9s \u00e1prilis 8 k\u00f6z\u00f6tt - Stuttgarti Katolikusok\" \/>\n<meta property=\"og:description\" content=\"Programel\u0151zetes M\u00e1rcius 28-\u00e1n, Nagyszerd\u00e1n, Stuttgartban 10.15 \u00f3rakor n\u00e9met nyelv\u0171 szentmise. * M\u00e1rcius 29-\u00e9n, Nagycs\u00fct\u00f6rt\u00f6k\u00f6n, Stuttgartban 19.00 \u00f3rakor szentmise az Utols\u00f3 Vacsora eml\u00e9k\u00e9re. Weingartenben 19.00 \u00f3rakor szentmise az Utols\u00f3 Vacsora eml\u00e9k\u00e9re. * M\u00e1rcius 30-\u00e1n, Nagyp\u00e9nteken, Weingartenben 15.00 \u00f3rakor passi\u00f3, nagyp\u00e9nteki szertart\u00e1s. Stuttgartban 18.00 \u00f3rakor passi\u00f3, nagyp\u00e9nteki szertart\u00e1s. * M\u00e1rcius 31-\u00e9n, Nagyszombaton, Stuttgartban 20.00 \u00f3rakor H\u00fasv\u00e9ti vigilia, felt\u00e1mad\u00e1si szertart\u00e1s. Ut\u00e1na \u00e9telszentel\u00e9s. Weingartenben 20.00 \u00f3rakor H\u00fasv\u00e9t vigilia, felt\u00e1mad\u00e1si szertart\u00e1s. Ut\u00e1na \u00e9telszentel\u00e9s. * \u00c1prilis 1-j\u00e9n, H\u00fasv\u00e9tvas\u00e1rnap, Schw\u00e4bisch-Gm\u00fcndben 9.00 \u00f3rakor n\u00e9met-magyar nyelv\u0171 \u00fcnnep\u00e9lyes nagymise. Weingartenben 10.00 \u00f3rakor \u00fcnnep\u00e9lyes nagymise. Ut\u00e1na \u00e9telszentel\u00e9s. Stuttgartban 12.00 \u00f3rakor \u00fcnnep\u00e9lyes nagymise. Ut\u00e1na \u00e9telszentel\u00e9s. Ulmban 15.00 \u00f3rakor \u00fcnnep\u00e9lyes nagymise. Ut\u00e1na \u00e9telszentel\u00e9s. * \u00c1prilis 2-\u00e1n, H\u00fasv\u00e9th\u00e9tf\u0151n, Stuttgartban 9.30 \u00f3rakor n\u00f3emet-magyar nyelv\u0171 szentmise, majd locsolkod\u00e1s. Weingartenben 10.00 \u00f3rakor szentmise. * \u00c1prilis 7-\u00e9n, szombaton, Balingenben 17.00 \u00f3rakor szentmise. Ut\u00e1na \u00e1g\u00e1p\u00e9. * \u00c1prilis 8-\u00e1n, H\u00fasv\u00e9t 2. vas\u00e1rnapj\u00e1n, Weingartenben 10.00 \u00f3rakor szentmise, ut\u00e1na \u00e1g\u00e1p\u00e9. Ulmban 15.00 \u00f3rakor szentmise, ut\u00e1na \u00e1g\u00e1p\u00e9. * Minden helyen mindenkit szeretettel v\u00e1r a k\u00f6z\u00f6ss\u00e9g, Imre atya \u00e9s Tibor atya! \u201eA h\u00fasv\u00e9t a vall\u00e1s \u00fcnnepe. A vall\u00e1s ad h\u00edveinek megnyugv\u00e1st, hitet, f\u00f6lt\u00e1mad\u00e1st \u00e9s mennyb\u00e9li \u00fcdv\u00f6ss\u00e9get, nagyp\u00e9ntek pedig adja az emberi dokumentumok dokumentum\u00e1t, a keresztrefesz\u00edt\u00e9s igazs\u00e1g\u00e1t, az apostols\u00e1g tanuls\u00e1gait&#8230; Oh, boldogok a h\u00edv\u0151k, kik ma s\u00edrnak, zokognak, de tudj\u00e1k, hogy m\u00e1r holnap este halleluj\u00e1zni fognak.\u201d (Ady Endre \u2013 1877-1919 &#8211; k\u00f6lt\u0151) Bens\u0151s\u00e9ges Nagyhetet \u00e9s kegyelemteljes H\u00fasv\u00e9tot k\u00edv\u00e1nunk minden Kedves H\u00edv\u00fcnknek!\" \/>\n<meta property=\"og:url\" content=\"https:\/\/stuttgarti-katolikusok.de\/index.php\/programelozetes-marcius-26-es-aprilis-8-kozott-2\/\" \/>\n<meta property=\"og:site_name\" content=\"Stuttgarti Katolikusok\" \/>\n<meta property=\"article:published_time\" content=\"2018-03-29T11:33:03+00:00\" \/>\n<meta property=\"article:modified_time\" content=\"2018-03-29T20:35:47+00:00\" \/>\n<meta name=\"author\" content=\"Tibor atya\" \/>\n<meta name=\"twitter:card\" content=\"summary_large_image\" \/>\n<meta name=\"twitter:label1\" content=\"Szerz\u0151:\" \/>\n\t<meta name=\"twitter:data1\" content=\"Tibor atya\" \/>\n\t<meta name=\"twitter:label2\" content=\"Becs\u00fclt olvas\u00e1si id\u0151\" \/>\n\t<meta name=\"twitter:data2\" content=\"2 perc\" \/>\n<script type=\"application\/ld+json\" class=\"yoast-schema-graph\">{\"@context\":\"https:\\\/\\\/schema.org\",\"@graph\":[{\"@type\":\"Article\",\"@id\":\"https:\\\/\\\/stuttgarti-katolikusok.de\\\/index.php\\\/programelozetes-marcius-26-es-aprilis-8-kozott-2\\\/#article\",\"isPartOf\":{\"@id\":\"https:\\\/\\\/stuttgarti-katolikusok.de\\\/index.php\\\/programelozetes-marcius-26-es-aprilis-8-kozott-2\\\/\"},\"author\":{\"name\":\"Tibor atya\",\"@id\":\"https:\\\/\\\/stuttgarti-katolikusok.de\\\/#\\\/schema\\\/person\\\/75908d6f8fdc03a57889d27209df7795\"},\"headline\":\"Programel\u0151zetes m\u00e1rcius 26 \u00e9s \u00e1prilis 8 k\u00f6z\u00f6tt\",\"datePublished\":\"2018-03-29T11:33:03+00:00\",\"dateModified\":\"2018-03-29T20:35:47+00:00\",\"mainEntityOfPage\":{\"@id\":\"https:\\\/\\\/stuttgarti-katolikusok.de\\\/index.php\\\/programelozetes-marcius-26-es-aprilis-8-kozott-2\\\/\"},\"wordCount\":312,\"articleSection\":[\"Progamel\u0151zetes\"],\"inLanguage\":\"hu\"},{\"@type\":\"WebPage\",\"@id\":\"https:\\\/\\\/stuttgarti-katolikusok.de\\\/index.php\\\/programelozetes-marcius-26-es-aprilis-8-kozott-2\\\/\",\"url\":\"https:\\\/\\\/stuttgarti-katolikusok.de\\\/index.php\\\/programelozetes-marcius-26-es-aprilis-8-kozott-2\\\/\",\"name\":\"Programel\u0151zetes m\u00e1rcius 26 \u00e9s \u00e1prilis 8 k\u00f6z\u00f6tt - Stuttgarti Katolikusok\",\"isPartOf\":{\"@id\":\"https:\\\/\\\/stuttgarti-katolikusok.de\\\/#website\"},\"datePublished\":\"2018-03-29T11:33:03+00:00\",\"dateModified\":\"2018-03-29T20:35:47+00:00\",\"author\":{\"@id\":\"https:\\\/\\\/stuttgarti-katolikusok.de\\\/#\\\/schema\\\/person\\\/75908d6f8fdc03a57889d27209df7795\"},\"breadcrumb\":{\"@id\":\"https:\\\/\\\/stuttgarti-katolikusok.de\\\/index.php\\\/programelozetes-marcius-26-es-aprilis-8-kozott-2\\\/#breadcrumb\"},\"inLanguage\":\"hu\",\"potentialAction\":[{\"@type\":\"ReadAction\",\"target\":[\"https:\\\/\\\/stuttgarti-katolikusok.de\\\/index.php\\\/programelozetes-marcius-26-es-aprilis-8-kozott-2\\\/\"]}]},{\"@type\":\"BreadcrumbList\",\"@id\":\"https:\\\/\\\/stuttgarti-katolikusok.de\\\/index.php\\\/programelozetes-marcius-26-es-aprilis-8-kozott-2\\\/#breadcrumb\",\"itemListElement\":[{\"@type\":\"ListItem\",\"position\":1,\"name\":\"Kezd\u0151lap\",\"item\":\"https:\\\/\\\/stuttgarti-katolikusok.de\\\/\"},{\"@type\":\"ListItem\",\"position\":2,\"name\":\"Programel\u0151zetes m\u00e1rcius 26 \u00e9s \u00e1prilis 8 k\u00f6z\u00f6tt\"}]},{\"@type\":\"WebSite\",\"@id\":\"https:\\\/\\\/stuttgarti-katolikusok.de\\\/#website\",\"url\":\"https:\\\/\\\/stuttgarti-katolikusok.de\\\/\",\"name\":\"Stuttgarti Katolikusok\",\"description\":\"\",\"potentialAction\":[{\"@type\":\"SearchAction\",\"target\":{\"@type\":\"EntryPoint\",\"urlTemplate\":\"https:\\\/\\\/stuttgarti-katolikusok.de\\\/?s={search_term_string}\"},\"query-input\":{\"@type\":\"PropertyValueSpecification\",\"valueRequired\":true,\"valueName\":\"search_term_string\"}}],\"inLanguage\":\"hu\"},{\"@type\":\"Person\",\"@id\":\"https:\\\/\\\/stuttgarti-katolikusok.de\\\/#\\\/schema\\\/person\\\/75908d6f8fdc03a57889d27209df7795\",\"name\":\"Tibor atya\",\"image\":{\"@type\":\"ImageObject\",\"inLanguage\":\"hu\",\"@id\":\"https:\\\/\\\/secure.gravatar.com\\\/avatar\\\/61d268e57d1f4525b111222e29d2d5a7f8c420fdbf231ba5566a8ceac74fa960?s=96&d=mm&r=g\",\"url\":\"https:\\\/\\\/secure.gravatar.com\\\/avatar\\\/61d268e57d1f4525b111222e29d2d5a7f8c420fdbf231ba5566a8ceac74fa960?s=96&d=mm&r=g\",\"contentUrl\":\"https:\\\/\\\/secure.gravatar.com\\\/avatar\\\/61d268e57d1f4525b111222e29d2d5a7f8c420fdbf231ba5566a8ceac74fa960?s=96&d=mm&r=g\",\"caption\":\"Tibor atya\"},\"url\":\"https:\\\/\\\/stuttgarti-katolikusok.de\\\/index.php\\\/author\\\/tibor-atya\\\/\"}]}<\/script>\n<!-- \/ Yoast SEO plugin. -->","yoast_head_json":{"title":"Programel\u0151zetes m\u00e1rcius 26 \u00e9s \u00e1prilis 8 k\u00f6z\u00f6tt - Stuttgarti Katolikusok","robots":{"index":"index","follow":"follow","max-snippet":"max-snippet:-1","max-image-preview":"max-image-preview:large","max-video-preview":"max-video-preview:-1"},"canonical":"https:\/\/stuttgarti-katolikusok.de\/index.php\/programelozetes-marcius-26-es-aprilis-8-kozott-2\/","og_locale":"hu_HU","og_type":"article","og_title":"Programel\u0151zetes m\u00e1rcius 26 \u00e9s \u00e1prilis 8 k\u00f6z\u00f6tt - Stuttgarti Katolikusok","og_description":"Programel\u0151zetes M\u00e1rcius 28-\u00e1n, Nagyszerd\u00e1n, Stuttgartban 10.15 \u00f3rakor n\u00e9met nyelv\u0171 szentmise. * M\u00e1rcius 29-\u00e9n, Nagycs\u00fct\u00f6rt\u00f6k\u00f6n, Stuttgartban 19.00 \u00f3rakor szentmise az Utols\u00f3 Vacsora eml\u00e9k\u00e9re. Weingartenben 19.00 \u00f3rakor szentmise az Utols\u00f3 Vacsora eml\u00e9k\u00e9re. * M\u00e1rcius 30-\u00e1n, Nagyp\u00e9nteken, Weingartenben 15.00 \u00f3rakor passi\u00f3, nagyp\u00e9nteki szertart\u00e1s. Stuttgartban 18.00 \u00f3rakor passi\u00f3, nagyp\u00e9nteki szertart\u00e1s. * M\u00e1rcius 31-\u00e9n, Nagyszombaton, Stuttgartban 20.00 \u00f3rakor H\u00fasv\u00e9ti vigilia, felt\u00e1mad\u00e1si szertart\u00e1s. Ut\u00e1na \u00e9telszentel\u00e9s. Weingartenben 20.00 \u00f3rakor H\u00fasv\u00e9t vigilia, felt\u00e1mad\u00e1si szertart\u00e1s. Ut\u00e1na \u00e9telszentel\u00e9s. * \u00c1prilis 1-j\u00e9n, H\u00fasv\u00e9tvas\u00e1rnap, Schw\u00e4bisch-Gm\u00fcndben 9.00 \u00f3rakor n\u00e9met-magyar nyelv\u0171 \u00fcnnep\u00e9lyes nagymise. Weingartenben 10.00 \u00f3rakor \u00fcnnep\u00e9lyes nagymise. Ut\u00e1na \u00e9telszentel\u00e9s. Stuttgartban 12.00 \u00f3rakor \u00fcnnep\u00e9lyes nagymise. Ut\u00e1na \u00e9telszentel\u00e9s. Ulmban 15.00 \u00f3rakor \u00fcnnep\u00e9lyes nagymise. Ut\u00e1na \u00e9telszentel\u00e9s. * \u00c1prilis 2-\u00e1n, H\u00fasv\u00e9th\u00e9tf\u0151n, Stuttgartban 9.30 \u00f3rakor n\u00f3emet-magyar nyelv\u0171 szentmise, majd locsolkod\u00e1s. Weingartenben 10.00 \u00f3rakor szentmise. * \u00c1prilis 7-\u00e9n, szombaton, Balingenben 17.00 \u00f3rakor szentmise. Ut\u00e1na \u00e1g\u00e1p\u00e9. * \u00c1prilis 8-\u00e1n, H\u00fasv\u00e9t 2. vas\u00e1rnapj\u00e1n, Weingartenben 10.00 \u00f3rakor szentmise, ut\u00e1na \u00e1g\u00e1p\u00e9. Ulmban 15.00 \u00f3rakor szentmise, ut\u00e1na \u00e1g\u00e1p\u00e9. * Minden helyen mindenkit szeretettel v\u00e1r a k\u00f6z\u00f6ss\u00e9g, Imre atya \u00e9s Tibor atya! \u201eA h\u00fasv\u00e9t a vall\u00e1s \u00fcnnepe. A vall\u00e1s ad h\u00edveinek megnyugv\u00e1st, hitet, f\u00f6lt\u00e1mad\u00e1st \u00e9s mennyb\u00e9li \u00fcdv\u00f6ss\u00e9get, nagyp\u00e9ntek pedig adja az emberi dokumentumok dokumentum\u00e1t, a keresztrefesz\u00edt\u00e9s igazs\u00e1g\u00e1t, az apostols\u00e1g tanuls\u00e1gait&#8230; Oh, boldogok a h\u00edv\u0151k, kik ma s\u00edrnak, zokognak, de tudj\u00e1k, hogy m\u00e1r holnap este halleluj\u00e1zni fognak.\u201d (Ady Endre \u2013 1877-1919 &#8211; k\u00f6lt\u0151) Bens\u0151s\u00e9ges Nagyhetet \u00e9s kegyelemteljes H\u00fasv\u00e9tot k\u00edv\u00e1nunk minden Kedves H\u00edv\u00fcnknek!","og_url":"https:\/\/stuttgarti-katolikusok.de\/index.php\/programelozetes-marcius-26-es-aprilis-8-kozott-2\/","og_site_name":"Stuttgarti Katolikusok","article_published_time":"2018-03-29T11:33:03+00:00","article_modified_time":"2018-03-29T20:35:47+00:00","author":"Tibor atya","twitter_card":"summary_large_image","twitter_misc":{"Szerz\u0151:":"Tibor atya","Becs\u00fclt olvas\u00e1si id\u0151":"2 perc"},"schema":{"@context":"https:\/\/schema.org","@graph":[{"@type":"Article","@id":"https:\/\/stuttgarti-katolikusok.de\/index.php\/programelozetes-marcius-26-es-aprilis-8-kozott-2\/#article","isPartOf":{"@id":"https:\/\/stuttgarti-katolikusok.de\/index.php\/programelozetes-marcius-26-es-aprilis-8-kozott-2\/"},"author":{"name":"Tibor atya","@id":"https:\/\/stuttgarti-katolikusok.de\/#\/schema\/person\/75908d6f8fdc03a57889d27209df7795"},"headline":"Programel\u0151zetes m\u00e1rcius 26 \u00e9s \u00e1prilis 8 k\u00f6z\u00f6tt","datePublished":"2018-03-29T11:33:03+00:00","dateModified":"2018-03-29T20:35:47+00:00","mainEntityOfPage":{"@id":"https:\/\/stuttgarti-katolikusok.de\/index.php\/programelozetes-marcius-26-es-aprilis-8-kozott-2\/"},"wordCount":312,"articleSection":["Progamel\u0151zetes"],"inLanguage":"hu"},{"@type":"WebPage","@id":"https:\/\/stuttgarti-katolikusok.de\/index.php\/programelozetes-marcius-26-es-aprilis-8-kozott-2\/","url":"https:\/\/stuttgarti-katolikusok.de\/index.php\/programelozetes-marcius-26-es-aprilis-8-kozott-2\/","name":"Programel\u0151zetes m\u00e1rcius 26 \u00e9s \u00e1prilis 8 k\u00f6z\u00f6tt - Stuttgarti Katolikusok","isPartOf":{"@id":"https:\/\/stuttgarti-katolikusok.de\/#website"},"datePublished":"2018-03-29T11:33:03+00:00","dateModified":"2018-03-29T20:35:47+00:00","author":{"@id":"https:\/\/stuttgarti-katolikusok.de\/#\/schema\/person\/75908d6f8fdc03a57889d27209df7795"},"breadcrumb":{"@id":"https:\/\/stuttgarti-katolikusok.de\/index.php\/programelozetes-marcius-26-es-aprilis-8-kozott-2\/#breadcrumb"},"inLanguage":"hu","potentialAction":[{"@type":"ReadAction","target":["https:\/\/stuttgarti-katolikusok.de\/index.php\/programelozetes-marcius-26-es-aprilis-8-kozott-2\/"]}]},{"@type":"BreadcrumbList","@id":"https:\/\/stuttgarti-katolikusok.de\/index.php\/programelozetes-marcius-26-es-aprilis-8-kozott-2\/#breadcrumb","itemListElement":[{"@type":"ListItem","position":1,"name":"Kezd\u0151lap","item":"https:\/\/stuttgarti-katolikusok.de\/"},{"@type":"ListItem","position":2,"name":"Programel\u0151zetes m\u00e1rcius 26 \u00e9s \u00e1prilis 8 k\u00f6z\u00f6tt"}]},{"@type":"WebSite","@id":"https:\/\/stuttgarti-katolikusok.de\/#website","url":"https:\/\/stuttgarti-katolikusok.de\/","name":"Stuttgarti Katolikusok","description":"","potentialAction":[{"@type":"SearchAction","target":{"@type":"EntryPoint","urlTemplate":"https:\/\/stuttgarti-katolikusok.de\/?s={search_term_string}"},"query-input":{"@type":"PropertyValueSpecification","valueRequired":true,"valueName":"search_term_string"}}],"inLanguage":"hu"},{"@type":"Person","@id":"https:\/\/stuttgarti-katolikusok.de\/#\/schema\/person\/75908d6f8fdc03a57889d27209df7795","name":"Tibor atya","image":{"@type":"ImageObject","inLanguage":"hu","@id":"https:\/\/secure.gravatar.com\/avatar\/61d268e57d1f4525b111222e29d2d5a7f8c420fdbf231ba5566a8ceac74fa960?s=96&d=mm&r=g","url":"https:\/\/secure.gravatar.com\/avatar\/61d268e57d1f4525b111222e29d2d5a7f8c420fdbf231ba5566a8ceac74fa960?s=96&d=mm&r=g","contentUrl":"https:\/\/secure.gravatar.com\/avatar\/61d268e57d1f4525b111222e29d2d5a7f8c420fdbf231ba5566a8ceac74fa960?s=96&d=mm&r=g","caption":"Tibor atya"},"url":"https:\/\/stuttgarti-katolikusok.de\/index.php\/author\/tibor-atya\/"}]}},"_links":{"self":[{"href":"https:\/\/stuttgarti-katolikusok.de\/index.php\/wp-json\/wp\/v2\/posts\/14072","targetHints":{"allow":["GET"]}}],"collection":[{"href":"https:\/\/stuttgarti-katolikusok.de\/index.php\/wp-json\/wp\/v2\/posts"}],"about":[{"href":"https:\/\/stuttgarti-katolikusok.de\/index.php\/wp-json\/wp\/v2\/types\/post"}],"author":[{"embeddable":true,"href":"https:\/\/stuttgarti-katolikusok.de\/index.php\/wp-json\/wp\/v2\/users\/3"}],"replies":[{"embeddable":true,"href":"https:\/\/stuttgarti-katolikusok.de\/index.php\/wp-json\/wp\/v2\/comments?post=14072"}],"version-history":[{"count":2,"href":"https:\/\/stuttgarti-katolikusok.de\/index.php\/wp-json\/wp\/v2\/posts\/14072\/revisions"}],"predecessor-version":[{"id":14077,"href":"https:\/\/stuttgarti-katolikusok.de\/index.php\/wp-json\/wp\/v2\/posts\/14072\/revisions\/14077"}],"wp:attachment":[{"href":"https:\/\/stuttgarti-katolikusok.de\/index.php\/wp-json\/wp\/v2\/media?parent=14072"}],"wp:term":[{"taxonomy":"category","embeddable":true,"href":"https:\/\/stuttgarti-katolikusok.de\/index.php\/wp-json\/wp\/v2\/categories?post=14072"},{"taxonomy":"post_tag","embeddable":true,"href":"https:\/\/stuttgarti-katolikusok.de\/index.php\/wp-json\/wp\/v2\/tags?post=14072"}],"curies":[{"name":"wp","href":"https:\/\/api.w.org\/{rel}","templated":true}]}}