{"id":14054,"date":"2018-03-27T10:40:15","date_gmt":"2018-03-27T10:40:15","guid":{"rendered":"https:\/\/gracious-dewdney.138-201-221-2.plesk.page\/?p=14054"},"modified":"2018-03-28T19:19:07","modified_gmt":"2018-03-28T19:19:07","slug":"2018-aprilis","status":"publish","type":"post","link":"https:\/\/stuttgarti-katolikusok.de\/index.php\/2018-aprilis\/","title":{"rendered":"Bar\u00e1tom &#8211; 2018 \u00e1prilis"},"content":{"rendered":"<a href=\"https:\/\/stuttgarti-katolikusok.de\/wp-content\/uploads\/2018\/03\/baratom_2018.4-honlapra.pdf\" class=\"pdfemb-viewer\" style=\"\" data-width=\"max\" data-height=\"max\" data-toolbar=\"bottom\" data-toolbar-fixed=\"off\">baratom_2018.4 - honlapra<\/a>\n","protected":false},"excerpt":{"rendered":"baratom_2018.4 - honlapra","protected":false},"author":7,"featured_media":0,"comment_status":"closed","ping_status":"closed","sticky":false,"template":"","format":"standard","meta":{"footnotes":""},"categories":[29],"tags":[],"class_list":["post-14054","post","type-post","status-publish","format-standard","hentry","category-baratom"],"yoast_head":"<!-- This site is optimized with the Yoast SEO plugin v27.3 - https:\/\/yoast.com\/product\/yoast-seo-wordpress\/ -->\n<title>Bar\u00e1tom - 2018 \u00e1prilis - Stuttgarti Katolikusok<\/title>\n<meta name=\"robots\" content=\"index, follow, max-snippet:-1, max-image-preview:large, max-video-preview:-1\" \/>\n<link rel=\"canonical\" href=\"https:\/\/stuttgarti-katolikusok.de\/index.php\/2018-aprilis\/\" \/>\n<meta property=\"og:locale\" content=\"hu_HU\" \/>\n<meta property=\"og:type\" content=\"article\" \/>\n<meta property=\"og:title\" content=\"Bar\u00e1tom - 2018 \u00e1prilis - Stuttgarti Katolikusok\" \/>\n<meta property=\"og:url\" content=\"https:\/\/stuttgarti-katolikusok.de\/index.php\/2018-aprilis\/\" \/>\n<meta property=\"og:site_name\" content=\"Stuttgarti Katolikusok\" \/>\n<meta property=\"article:published_time\" content=\"2018-03-27T10:40:15+00:00\" \/>\n<meta property=\"article:modified_time\" content=\"2018-03-28T19:19:07+00:00\" \/>\n<meta name=\"author\" content=\"Pap L\u00f3r\u00e1nt\" \/>\n<meta name=\"twitter:card\" content=\"summary_large_image\" \/>\n<meta name=\"twitter:label1\" content=\"Szerz\u0151:\" \/>\n\t<meta name=\"twitter:data1\" content=\"Pap L\u00f3r\u00e1nt\" \/>\n<script type=\"application\/ld+json\" class=\"yoast-schema-graph\">{\"@context\":\"https:\\\/\\\/schema.org\",\"@graph\":[{\"@type\":\"Article\",\"@id\":\"https:\\\/\\\/stuttgarti-katolikusok.de\\\/index.php\\\/2018-aprilis\\\/#article\",\"isPartOf\":{\"@id\":\"https:\\\/\\\/stuttgarti-katolikusok.de\\\/index.php\\\/2018-aprilis\\\/\"},\"author\":{\"name\":\"Pap L\u00f3r\u00e1nt\",\"@id\":\"https:\\\/\\\/stuttgarti-katolikusok.de\\\/#\\\/schema\\\/person\\\/e4b8974603e18bea0e1dd451fdf95466\"},\"headline\":\"Bar\u00e1tom &#8211; 2018 \u00e1prilis\",\"datePublished\":\"2018-03-27T10:40:15+00:00\",\"dateModified\":\"2018-03-28T19:19:07+00:00\",\"mainEntityOfPage\":{\"@id\":\"https:\\\/\\\/stuttgarti-katolikusok.de\\\/index.php\\\/2018-aprilis\\\/\"},\"wordCount\":18,\"articleSection\":[\"Bar\u00e1tom\"],\"inLanguage\":\"hu\"},{\"@type\":\"WebPage\",\"@id\":\"https:\\\/\\\/stuttgarti-katolikusok.de\\\/index.php\\\/2018-aprilis\\\/\",\"url\":\"https:\\\/\\\/stuttgarti-katolikusok.de\\\/index.php\\\/2018-aprilis\\\/\",\"name\":\"Bar\u00e1tom - 2018 \u00e1prilis - Stuttgarti Katolikusok\",\"isPartOf\":{\"@id\":\"https:\\\/\\\/stuttgarti-katolikusok.de\\\/#website\"},\"datePublished\":\"2018-03-27T10:40:15+00:00\",\"dateModified\":\"2018-03-28T19:19:07+00:00\",\"author\":{\"@id\":\"https:\\\/\\\/stuttgarti-katolikusok.de\\\/#\\\/schema\\\/person\\\/e4b8974603e18bea0e1dd451fdf95466\"},\"breadcrumb\":{\"@id\":\"https:\\\/\\\/stuttgarti-katolikusok.de\\\/index.php\\\/2018-aprilis\\\/#breadcrumb\"},\"inLanguage\":\"hu\",\"potentialAction\":[{\"@type\":\"ReadAction\",\"target\":[\"https:\\\/\\\/stuttgarti-katolikusok.de\\\/index.php\\\/2018-aprilis\\\/\"]}]},{\"@type\":\"BreadcrumbList\",\"@id\":\"https:\\\/\\\/stuttgarti-katolikusok.de\\\/index.php\\\/2018-aprilis\\\/#breadcrumb\",\"itemListElement\":[{\"@type\":\"ListItem\",\"position\":1,\"name\":\"Kezd\u0151lap\",\"item\":\"https:\\\/\\\/stuttgarti-katolikusok.de\\\/\"},{\"@type\":\"ListItem\",\"position\":2,\"name\":\"Bar\u00e1tom &#8211; 2018 \u00e1prilis\"}]},{\"@type\":\"WebSite\",\"@id\":\"https:\\\/\\\/stuttgarti-katolikusok.de\\\/#website\",\"url\":\"https:\\\/\\\/stuttgarti-katolikusok.de\\\/\",\"name\":\"Stuttgarti Katolikusok\",\"description\":\"\",\"potentialAction\":[{\"@type\":\"SearchAction\",\"target\":{\"@type\":\"EntryPoint\",\"urlTemplate\":\"https:\\\/\\\/stuttgarti-katolikusok.de\\\/?s={search_term_string}\"},\"query-input\":{\"@type\":\"PropertyValueSpecification\",\"valueRequired\":true,\"valueName\":\"search_term_string\"}}],\"inLanguage\":\"hu\"},{\"@type\":\"Person\",\"@id\":\"https:\\\/\\\/stuttgarti-katolikusok.de\\\/#\\\/schema\\\/person\\\/e4b8974603e18bea0e1dd451fdf95466\",\"name\":\"Pap L\u00f3r\u00e1nt\",\"image\":{\"@type\":\"ImageObject\",\"inLanguage\":\"hu\",\"@id\":\"https:\\\/\\\/secure.gravatar.com\\\/avatar\\\/fab210c46214d43b54ee6a8cbddf404c7571dad536b6c8e007a4db3c0dfa1abe?s=96&d=mm&r=g\",\"url\":\"https:\\\/\\\/secure.gravatar.com\\\/avatar\\\/fab210c46214d43b54ee6a8cbddf404c7571dad536b6c8e007a4db3c0dfa1abe?s=96&d=mm&r=g\",\"contentUrl\":\"https:\\\/\\\/secure.gravatar.com\\\/avatar\\\/fab210c46214d43b54ee6a8cbddf404c7571dad536b6c8e007a4db3c0dfa1abe?s=96&d=mm&r=g\",\"caption\":\"Pap L\u00f3r\u00e1nt\"},\"url\":\"https:\\\/\\\/stuttgarti-katolikusok.de\\\/index.php\\\/author\\\/lorant-pap\\\/\"}]}<\/script>\n<!-- \/ Yoast SEO plugin. -->","yoast_head_json":{"title":"Bar\u00e1tom - 2018 \u00e1prilis - Stuttgarti Katolikusok","robots":{"index":"index","follow":"follow","max-snippet":"max-snippet:-1","max-image-preview":"max-image-preview:large","max-video-preview":"max-video-preview:-1"},"canonical":"https:\/\/stuttgarti-katolikusok.de\/index.php\/2018-aprilis\/","og_locale":"hu_HU","og_type":"article","og_title":"Bar\u00e1tom - 2018 \u00e1prilis - Stuttgarti Katolikusok","og_url":"https:\/\/stuttgarti-katolikusok.de\/index.php\/2018-aprilis\/","og_site_name":"Stuttgarti Katolikusok","article_published_time":"2018-03-27T10:40:15+00:00","article_modified_time":"2018-03-28T19:19:07+00:00","author":"Pap L\u00f3r\u00e1nt","twitter_card":"summary_large_image","twitter_misc":{"Szerz\u0151:":"Pap L\u00f3r\u00e1nt"},"schema":{"@context":"https:\/\/schema.org","@graph":[{"@type":"Article","@id":"https:\/\/stuttgarti-katolikusok.de\/index.php\/2018-aprilis\/#article","isPartOf":{"@id":"https:\/\/stuttgarti-katolikusok.de\/index.php\/2018-aprilis\/"},"author":{"name":"Pap L\u00f3r\u00e1nt","@id":"https:\/\/stuttgarti-katolikusok.de\/#\/schema\/person\/e4b8974603e18bea0e1dd451fdf95466"},"headline":"Bar\u00e1tom &#8211; 2018 \u00e1prilis","datePublished":"2018-03-27T10:40:15+00:00","dateModified":"2018-03-28T19:19:07+00:00","mainEntityOfPage":{"@id":"https:\/\/stuttgarti-katolikusok.de\/index.php\/2018-aprilis\/"},"wordCount":18,"articleSection":["Bar\u00e1tom"],"inLanguage":"hu"},{"@type":"WebPage","@id":"https:\/\/stuttgarti-katolikusok.de\/index.php\/2018-aprilis\/","url":"https:\/\/stuttgarti-katolikusok.de\/index.php\/2018-aprilis\/","name":"Bar\u00e1tom - 2018 \u00e1prilis - Stuttgarti Katolikusok","isPartOf":{"@id":"https:\/\/stuttgarti-katolikusok.de\/#website"},"datePublished":"2018-03-27T10:40:15+00:00","dateModified":"2018-03-28T19:19:07+00:00","author":{"@id":"https:\/\/stuttgarti-katolikusok.de\/#\/schema\/person\/e4b8974603e18bea0e1dd451fdf95466"},"breadcrumb":{"@id":"https:\/\/stuttgarti-katolikusok.de\/index.php\/2018-aprilis\/#breadcrumb"},"inLanguage":"hu","potentialAction":[{"@type":"ReadAction","target":["https:\/\/stuttgarti-katolikusok.de\/index.php\/2018-aprilis\/"]}]},{"@type":"BreadcrumbList","@id":"https:\/\/stuttgarti-katolikusok.de\/index.php\/2018-aprilis\/#breadcrumb","itemListElement":[{"@type":"ListItem","position":1,"name":"Kezd\u0151lap","item":"https:\/\/stuttgarti-katolikusok.de\/"},{"@type":"ListItem","position":2,"name":"Bar\u00e1tom &#8211; 2018 \u00e1prilis"}]},{"@type":"WebSite","@id":"https:\/\/stuttgarti-katolikusok.de\/#website","url":"https:\/\/stuttgarti-katolikusok.de\/","name":"Stuttgarti Katolikusok","description":"","potentialAction":[{"@type":"SearchAction","target":{"@type":"EntryPoint","urlTemplate":"https:\/\/stuttgarti-katolikusok.de\/?s={search_term_string}"},"query-input":{"@type":"PropertyValueSpecification","valueRequired":true,"valueName":"search_term_string"}}],"inLanguage":"hu"},{"@type":"Person","@id":"https:\/\/stuttgarti-katolikusok.de\/#\/schema\/person\/e4b8974603e18bea0e1dd451fdf95466","name":"Pap L\u00f3r\u00e1nt","image":{"@type":"ImageObject","inLanguage":"hu","@id":"https:\/\/secure.gravatar.com\/avatar\/fab210c46214d43b54ee6a8cbddf404c7571dad536b6c8e007a4db3c0dfa1abe?s=96&d=mm&r=g","url":"https:\/\/secure.gravatar.com\/avatar\/fab210c46214d43b54ee6a8cbddf404c7571dad536b6c8e007a4db3c0dfa1abe?s=96&d=mm&r=g","contentUrl":"https:\/\/secure.gravatar.com\/avatar\/fab210c46214d43b54ee6a8cbddf404c7571dad536b6c8e007a4db3c0dfa1abe?s=96&d=mm&r=g","caption":"Pap L\u00f3r\u00e1nt"},"url":"https:\/\/stuttgarti-katolikusok.de\/index.php\/author\/lorant-pap\/"}]}},"_links":{"self":[{"href":"https:\/\/stuttgarti-katolikusok.de\/index.php\/wp-json\/wp\/v2\/posts\/14054","targetHints":{"allow":["GET"]}}],"collection":[{"href":"https:\/\/stuttgarti-katolikusok.de\/index.php\/wp-json\/wp\/v2\/posts"}],"about":[{"href":"https:\/\/stuttgarti-katolikusok.de\/index.php\/wp-json\/wp\/v2\/types\/post"}],"author":[{"embeddable":true,"href":"https:\/\/stuttgarti-katolikusok.de\/index.php\/wp-json\/wp\/v2\/users\/7"}],"replies":[{"embeddable":true,"href":"https:\/\/stuttgarti-katolikusok.de\/index.php\/wp-json\/wp\/v2\/comments?post=14054"}],"version-history":[{"count":5,"href":"https:\/\/stuttgarti-katolikusok.de\/index.php\/wp-json\/wp\/v2\/posts\/14054\/revisions"}],"predecessor-version":[{"id":14068,"href":"https:\/\/stuttgarti-katolikusok.de\/index.php\/wp-json\/wp\/v2\/posts\/14054\/revisions\/14068"}],"wp:attachment":[{"href":"https:\/\/stuttgarti-katolikusok.de\/index.php\/wp-json\/wp\/v2\/media?parent=14054"}],"wp:term":[{"taxonomy":"category","embeddable":true,"href":"https:\/\/stuttgarti-katolikusok.de\/index.php\/wp-json\/wp\/v2\/categories?post=14054"},{"taxonomy":"post_tag","embeddable":true,"href":"https:\/\/stuttgarti-katolikusok.de\/index.php\/wp-json\/wp\/v2\/tags?post=14054"}],"curies":[{"name":"wp","href":"https:\/\/api.w.org\/{rel}","templated":true}]}}