{"id":13879,"date":"2018-03-09T13:21:12","date_gmt":"2018-03-09T13:21:12","guid":{"rendered":"https:\/\/gracious-dewdney.138-201-221-2.plesk.page\/?p=13879"},"modified":"2018-03-09T13:21:12","modified_gmt":"2018-03-09T13:21:12","slug":"stuttgarti-csendes-napok","status":"publish","type":"post","link":"https:\/\/stuttgarti-katolikusok.de\/index.php\/stuttgarti-csendes-napok\/","title":{"rendered":"Stuttgarti Csendes Napok"},"content":{"rendered":"<p>LELKIGYAKORLATOS PROGRAM<br \/>\nStuttgart, 2018. m\u00e1rcius 16 \u2013 18.<\/p>\n<p>FT. SZAK\u00c1CS TIBOR MAJSAI K\u00c1PL\u00c1N ATYA<\/p>\n<p>TAN\u00cdTV\u00c1NY\u00daS\u00c1G M\u00c1T\u00c9 EVANG\u00c9LIUM\u00c1BAN <\/p>\n<p>P \u00c9 N T E K<br \/>\n18.00 \tKereszt\u00fati \u00e1jtatoss\u00e1g, szentmise \u00e9s bevezet\u0151 elm\u00e9lked\u00e9s (ut\u00e1na gy\u00f3ntat\u00e1s)<\/p>\n<p>S Z O M B A T<br \/>\n9.00\t\tGy\u00fclekez\u0151 \u00e9s k\u00f6z\u00f6s reggeli<br \/>\n9.30 \t\tI. elm\u00e9lked\u00e9s: A megh\u00edv\u00e1s Mt 5,13-16 (ut\u00e1na gy\u00f3ntat\u00e1s)<br \/>\n10.30 \t\tII. elm\u00e9lked\u00e9s: A tan\u00edtv\u00e1nys\u00e1g, mint J\u00e9zus csal\u00e1dja Mt 12,46-50 (ut\u00e1na gy\u00f3ntat\u00e1s)<\/p>\n<p>12.30 \tK\u00d6Z\u00d6S EB\u00c9D<\/p>\n<p>13.30 \t\tKereszt\u00fati \u00e1jtatoss\u00e1g  (alatta gy\u00f3ntat\u00e1s)<br \/>\n14.30 \t\tIII. elm\u00e9lked\u00e9s: A misszi\u00f3 Mt 10,5-15<br \/>\n15.30 \t\tIV. elm\u00e9lked\u00e9s (szentmise keret\u00e9ben): A nagy \u00e9s kis hit k\u00f6z\u00f6tt Mt 14,22-33<\/p>\n<p>V A S \u00c1 R N A P<br \/>\n9.30\tLudwigsburg szentmise \u00e9s z\u00e1r\u00f3elm\u00e9lked\u00e9s<br \/>\n12.00\tStuttgart szentmise \u00e9s z\u00e1r\u00f3elm\u00e9lked\u00e9s<\/p>\n","protected":false},"excerpt":{"rendered":"<p>LELKIGYAKORLATOS PROGRAM Stuttgart, 2018. m\u00e1rcius 16 \u2013 18. FT. SZAK\u00c1CS TIBOR MAJSAI K\u00c1PL\u00c1N ATYA TAN\u00cdTV\u00c1NY\u00daS\u00c1G M\u00c1T\u00c9 EVANG\u00c9LIUM\u00c1BAN P \u00c9 N T E K 18.00 Kereszt\u00fati \u00e1jtatoss\u00e1g, szentmise \u00e9s bevezet\u0151 elm\u00e9lked\u00e9s (ut\u00e1na gy\u00f3ntat\u00e1s) S Z O M B A T 9.00 Gy\u00fclekez\u0151 \u00e9s k\u00f6z\u00f6s reggeli 9.30 I. elm\u00e9lked\u00e9s: A megh\u00edv\u00e1s Mt 5,13-16 (ut\u00e1na gy\u00f3ntat\u00e1s) 10.30 II. elm\u00e9lked\u00e9s: A tan\u00edtv\u00e1nys\u00e1g, mint J\u00e9zus csal\u00e1dja Mt 12,46-50 (ut\u00e1na gy\u00f3ntat\u00e1s) 12.30 K\u00d6Z\u00d6S EB\u00c9D 13.30 Kereszt\u00fati \u00e1jtatoss\u00e1g (alatta gy\u00f3ntat\u00e1s) 14.30 III. elm\u00e9lked\u00e9s: A misszi\u00f3 Mt 10,5-15 15.30 IV. elm\u00e9lked\u00e9s (szentmise keret\u00e9ben): A nagy \u00e9s kis hit k\u00f6z\u00f6tt Mt 14,22-33 V A S \u00c1 R N A P 9.30 Ludwigsburg szentmise \u00e9s z\u00e1r\u00f3elm\u00e9lked\u00e9s 12.00 Stuttgart szentmise \u00e9s z\u00e1r\u00f3elm\u00e9lked\u00e9s<\/p>\n","protected":false},"author":3,"featured_media":0,"comment_status":"closed","ping_status":"closed","sticky":false,"template":"","format":"standard","meta":{"footnotes":""},"categories":[37],"tags":[],"class_list":["post-13879","post","type-post","status-publish","format-standard","hentry","category-progamelozetes"],"yoast_head":"<!-- This site is optimized with the Yoast SEO plugin v27.3 - https:\/\/yoast.com\/product\/yoast-seo-wordpress\/ -->\n<title>Stuttgarti Csendes Napok - Stuttgarti Katolikusok<\/title>\n<meta name=\"robots\" content=\"index, follow, max-snippet:-1, max-image-preview:large, max-video-preview:-1\" \/>\n<link rel=\"canonical\" href=\"https:\/\/stuttgarti-katolikusok.de\/index.php\/stuttgarti-csendes-napok\/\" \/>\n<meta property=\"og:locale\" content=\"hu_HU\" \/>\n<meta property=\"og:type\" content=\"article\" \/>\n<meta property=\"og:title\" content=\"Stuttgarti Csendes Napok - Stuttgarti Katolikusok\" \/>\n<meta property=\"og:description\" content=\"LELKIGYAKORLATOS PROGRAM Stuttgart, 2018. m\u00e1rcius 16 \u2013 18. FT. SZAK\u00c1CS TIBOR MAJSAI K\u00c1PL\u00c1N ATYA TAN\u00cdTV\u00c1NY\u00daS\u00c1G M\u00c1T\u00c9 EVANG\u00c9LIUM\u00c1BAN P \u00c9 N T E K 18.00 Kereszt\u00fati \u00e1jtatoss\u00e1g, szentmise \u00e9s bevezet\u0151 elm\u00e9lked\u00e9s (ut\u00e1na gy\u00f3ntat\u00e1s) S Z O M B A T 9.00 Gy\u00fclekez\u0151 \u00e9s k\u00f6z\u00f6s reggeli 9.30 I. elm\u00e9lked\u00e9s: A megh\u00edv\u00e1s Mt 5,13-16 (ut\u00e1na gy\u00f3ntat\u00e1s) 10.30 II. elm\u00e9lked\u00e9s: A tan\u00edtv\u00e1nys\u00e1g, mint J\u00e9zus csal\u00e1dja Mt 12,46-50 (ut\u00e1na gy\u00f3ntat\u00e1s) 12.30 K\u00d6Z\u00d6S EB\u00c9D 13.30 Kereszt\u00fati \u00e1jtatoss\u00e1g (alatta gy\u00f3ntat\u00e1s) 14.30 III. elm\u00e9lked\u00e9s: A misszi\u00f3 Mt 10,5-15 15.30 IV. elm\u00e9lked\u00e9s (szentmise keret\u00e9ben): A nagy \u00e9s kis hit k\u00f6z\u00f6tt Mt 14,22-33 V A S \u00c1 R N A P 9.30 Ludwigsburg szentmise \u00e9s z\u00e1r\u00f3elm\u00e9lked\u00e9s 12.00 Stuttgart szentmise \u00e9s z\u00e1r\u00f3elm\u00e9lked\u00e9s\" \/>\n<meta property=\"og:url\" content=\"https:\/\/stuttgarti-katolikusok.de\/index.php\/stuttgarti-csendes-napok\/\" \/>\n<meta property=\"og:site_name\" content=\"Stuttgarti Katolikusok\" \/>\n<meta property=\"article:published_time\" content=\"2018-03-09T13:21:12+00:00\" \/>\n<meta name=\"author\" content=\"Tibor atya\" \/>\n<meta name=\"twitter:card\" content=\"summary_large_image\" \/>\n<meta name=\"twitter:label1\" content=\"Szerz\u0151:\" \/>\n\t<meta name=\"twitter:data1\" content=\"Tibor atya\" \/>\n\t<meta name=\"twitter:label2\" content=\"Becs\u00fclt olvas\u00e1si id\u0151\" \/>\n\t<meta name=\"twitter:data2\" content=\"1 perc\" \/>\n<script type=\"application\/ld+json\" class=\"yoast-schema-graph\">{\"@context\":\"https:\\\/\\\/schema.org\",\"@graph\":[{\"@type\":\"Article\",\"@id\":\"https:\\\/\\\/stuttgarti-katolikusok.de\\\/index.php\\\/stuttgarti-csendes-napok\\\/#article\",\"isPartOf\":{\"@id\":\"https:\\\/\\\/stuttgarti-katolikusok.de\\\/index.php\\\/stuttgarti-csendes-napok\\\/\"},\"author\":{\"name\":\"Tibor atya\",\"@id\":\"https:\\\/\\\/stuttgarti-katolikusok.de\\\/#\\\/schema\\\/person\\\/75908d6f8fdc03a57889d27209df7795\"},\"headline\":\"Stuttgarti Csendes Napok\",\"datePublished\":\"2018-03-09T13:21:12+00:00\",\"mainEntityOfPage\":{\"@id\":\"https:\\\/\\\/stuttgarti-katolikusok.de\\\/index.php\\\/stuttgarti-csendes-napok\\\/\"},\"wordCount\":158,\"articleSection\":[\"Progamel\u0151zetes\"],\"inLanguage\":\"hu\"},{\"@type\":\"WebPage\",\"@id\":\"https:\\\/\\\/stuttgarti-katolikusok.de\\\/index.php\\\/stuttgarti-csendes-napok\\\/\",\"url\":\"https:\\\/\\\/stuttgarti-katolikusok.de\\\/index.php\\\/stuttgarti-csendes-napok\\\/\",\"name\":\"Stuttgarti Csendes Napok - Stuttgarti Katolikusok\",\"isPartOf\":{\"@id\":\"https:\\\/\\\/stuttgarti-katolikusok.de\\\/#website\"},\"datePublished\":\"2018-03-09T13:21:12+00:00\",\"author\":{\"@id\":\"https:\\\/\\\/stuttgarti-katolikusok.de\\\/#\\\/schema\\\/person\\\/75908d6f8fdc03a57889d27209df7795\"},\"breadcrumb\":{\"@id\":\"https:\\\/\\\/stuttgarti-katolikusok.de\\\/index.php\\\/stuttgarti-csendes-napok\\\/#breadcrumb\"},\"inLanguage\":\"hu\",\"potentialAction\":[{\"@type\":\"ReadAction\",\"target\":[\"https:\\\/\\\/stuttgarti-katolikusok.de\\\/index.php\\\/stuttgarti-csendes-napok\\\/\"]}]},{\"@type\":\"BreadcrumbList\",\"@id\":\"https:\\\/\\\/stuttgarti-katolikusok.de\\\/index.php\\\/stuttgarti-csendes-napok\\\/#breadcrumb\",\"itemListElement\":[{\"@type\":\"ListItem\",\"position\":1,\"name\":\"Kezd\u0151lap\",\"item\":\"https:\\\/\\\/stuttgarti-katolikusok.de\\\/\"},{\"@type\":\"ListItem\",\"position\":2,\"name\":\"Stuttgarti Csendes Napok\"}]},{\"@type\":\"WebSite\",\"@id\":\"https:\\\/\\\/stuttgarti-katolikusok.de\\\/#website\",\"url\":\"https:\\\/\\\/stuttgarti-katolikusok.de\\\/\",\"name\":\"Stuttgarti Katolikusok\",\"description\":\"\",\"potentialAction\":[{\"@type\":\"SearchAction\",\"target\":{\"@type\":\"EntryPoint\",\"urlTemplate\":\"https:\\\/\\\/stuttgarti-katolikusok.de\\\/?s={search_term_string}\"},\"query-input\":{\"@type\":\"PropertyValueSpecification\",\"valueRequired\":true,\"valueName\":\"search_term_string\"}}],\"inLanguage\":\"hu\"},{\"@type\":\"Person\",\"@id\":\"https:\\\/\\\/stuttgarti-katolikusok.de\\\/#\\\/schema\\\/person\\\/75908d6f8fdc03a57889d27209df7795\",\"name\":\"Tibor atya\",\"image\":{\"@type\":\"ImageObject\",\"inLanguage\":\"hu\",\"@id\":\"https:\\\/\\\/secure.gravatar.com\\\/avatar\\\/61d268e57d1f4525b111222e29d2d5a7f8c420fdbf231ba5566a8ceac74fa960?s=96&d=mm&r=g\",\"url\":\"https:\\\/\\\/secure.gravatar.com\\\/avatar\\\/61d268e57d1f4525b111222e29d2d5a7f8c420fdbf231ba5566a8ceac74fa960?s=96&d=mm&r=g\",\"contentUrl\":\"https:\\\/\\\/secure.gravatar.com\\\/avatar\\\/61d268e57d1f4525b111222e29d2d5a7f8c420fdbf231ba5566a8ceac74fa960?s=96&d=mm&r=g\",\"caption\":\"Tibor atya\"},\"url\":\"https:\\\/\\\/stuttgarti-katolikusok.de\\\/index.php\\\/author\\\/tibor-atya\\\/\"}]}<\/script>\n<!-- \/ Yoast SEO plugin. -->","yoast_head_json":{"title":"Stuttgarti Csendes Napok - Stuttgarti Katolikusok","robots":{"index":"index","follow":"follow","max-snippet":"max-snippet:-1","max-image-preview":"max-image-preview:large","max-video-preview":"max-video-preview:-1"},"canonical":"https:\/\/stuttgarti-katolikusok.de\/index.php\/stuttgarti-csendes-napok\/","og_locale":"hu_HU","og_type":"article","og_title":"Stuttgarti Csendes Napok - Stuttgarti Katolikusok","og_description":"LELKIGYAKORLATOS PROGRAM Stuttgart, 2018. m\u00e1rcius 16 \u2013 18. FT. SZAK\u00c1CS TIBOR MAJSAI K\u00c1PL\u00c1N ATYA TAN\u00cdTV\u00c1NY\u00daS\u00c1G M\u00c1T\u00c9 EVANG\u00c9LIUM\u00c1BAN P \u00c9 N T E K 18.00 Kereszt\u00fati \u00e1jtatoss\u00e1g, szentmise \u00e9s bevezet\u0151 elm\u00e9lked\u00e9s (ut\u00e1na gy\u00f3ntat\u00e1s) S Z O M B A T 9.00 Gy\u00fclekez\u0151 \u00e9s k\u00f6z\u00f6s reggeli 9.30 I. elm\u00e9lked\u00e9s: A megh\u00edv\u00e1s Mt 5,13-16 (ut\u00e1na gy\u00f3ntat\u00e1s) 10.30 II. elm\u00e9lked\u00e9s: A tan\u00edtv\u00e1nys\u00e1g, mint J\u00e9zus csal\u00e1dja Mt 12,46-50 (ut\u00e1na gy\u00f3ntat\u00e1s) 12.30 K\u00d6Z\u00d6S EB\u00c9D 13.30 Kereszt\u00fati \u00e1jtatoss\u00e1g (alatta gy\u00f3ntat\u00e1s) 14.30 III. elm\u00e9lked\u00e9s: A misszi\u00f3 Mt 10,5-15 15.30 IV. elm\u00e9lked\u00e9s (szentmise keret\u00e9ben): A nagy \u00e9s kis hit k\u00f6z\u00f6tt Mt 14,22-33 V A S \u00c1 R N A P 9.30 Ludwigsburg szentmise \u00e9s z\u00e1r\u00f3elm\u00e9lked\u00e9s 12.00 Stuttgart szentmise \u00e9s z\u00e1r\u00f3elm\u00e9lked\u00e9s","og_url":"https:\/\/stuttgarti-katolikusok.de\/index.php\/stuttgarti-csendes-napok\/","og_site_name":"Stuttgarti Katolikusok","article_published_time":"2018-03-09T13:21:12+00:00","author":"Tibor atya","twitter_card":"summary_large_image","twitter_misc":{"Szerz\u0151:":"Tibor atya","Becs\u00fclt olvas\u00e1si id\u0151":"1 perc"},"schema":{"@context":"https:\/\/schema.org","@graph":[{"@type":"Article","@id":"https:\/\/stuttgarti-katolikusok.de\/index.php\/stuttgarti-csendes-napok\/#article","isPartOf":{"@id":"https:\/\/stuttgarti-katolikusok.de\/index.php\/stuttgarti-csendes-napok\/"},"author":{"name":"Tibor atya","@id":"https:\/\/stuttgarti-katolikusok.de\/#\/schema\/person\/75908d6f8fdc03a57889d27209df7795"},"headline":"Stuttgarti Csendes Napok","datePublished":"2018-03-09T13:21:12+00:00","mainEntityOfPage":{"@id":"https:\/\/stuttgarti-katolikusok.de\/index.php\/stuttgarti-csendes-napok\/"},"wordCount":158,"articleSection":["Progamel\u0151zetes"],"inLanguage":"hu"},{"@type":"WebPage","@id":"https:\/\/stuttgarti-katolikusok.de\/index.php\/stuttgarti-csendes-napok\/","url":"https:\/\/stuttgarti-katolikusok.de\/index.php\/stuttgarti-csendes-napok\/","name":"Stuttgarti Csendes Napok - Stuttgarti Katolikusok","isPartOf":{"@id":"https:\/\/stuttgarti-katolikusok.de\/#website"},"datePublished":"2018-03-09T13:21:12+00:00","author":{"@id":"https:\/\/stuttgarti-katolikusok.de\/#\/schema\/person\/75908d6f8fdc03a57889d27209df7795"},"breadcrumb":{"@id":"https:\/\/stuttgarti-katolikusok.de\/index.php\/stuttgarti-csendes-napok\/#breadcrumb"},"inLanguage":"hu","potentialAction":[{"@type":"ReadAction","target":["https:\/\/stuttgarti-katolikusok.de\/index.php\/stuttgarti-csendes-napok\/"]}]},{"@type":"BreadcrumbList","@id":"https:\/\/stuttgarti-katolikusok.de\/index.php\/stuttgarti-csendes-napok\/#breadcrumb","itemListElement":[{"@type":"ListItem","position":1,"name":"Kezd\u0151lap","item":"https:\/\/stuttgarti-katolikusok.de\/"},{"@type":"ListItem","position":2,"name":"Stuttgarti Csendes Napok"}]},{"@type":"WebSite","@id":"https:\/\/stuttgarti-katolikusok.de\/#website","url":"https:\/\/stuttgarti-katolikusok.de\/","name":"Stuttgarti Katolikusok","description":"","potentialAction":[{"@type":"SearchAction","target":{"@type":"EntryPoint","urlTemplate":"https:\/\/stuttgarti-katolikusok.de\/?s={search_term_string}"},"query-input":{"@type":"PropertyValueSpecification","valueRequired":true,"valueName":"search_term_string"}}],"inLanguage":"hu"},{"@type":"Person","@id":"https:\/\/stuttgarti-katolikusok.de\/#\/schema\/person\/75908d6f8fdc03a57889d27209df7795","name":"Tibor atya","image":{"@type":"ImageObject","inLanguage":"hu","@id":"https:\/\/secure.gravatar.com\/avatar\/61d268e57d1f4525b111222e29d2d5a7f8c420fdbf231ba5566a8ceac74fa960?s=96&d=mm&r=g","url":"https:\/\/secure.gravatar.com\/avatar\/61d268e57d1f4525b111222e29d2d5a7f8c420fdbf231ba5566a8ceac74fa960?s=96&d=mm&r=g","contentUrl":"https:\/\/secure.gravatar.com\/avatar\/61d268e57d1f4525b111222e29d2d5a7f8c420fdbf231ba5566a8ceac74fa960?s=96&d=mm&r=g","caption":"Tibor atya"},"url":"https:\/\/stuttgarti-katolikusok.de\/index.php\/author\/tibor-atya\/"}]}},"_links":{"self":[{"href":"https:\/\/stuttgarti-katolikusok.de\/index.php\/wp-json\/wp\/v2\/posts\/13879","targetHints":{"allow":["GET"]}}],"collection":[{"href":"https:\/\/stuttgarti-katolikusok.de\/index.php\/wp-json\/wp\/v2\/posts"}],"about":[{"href":"https:\/\/stuttgarti-katolikusok.de\/index.php\/wp-json\/wp\/v2\/types\/post"}],"author":[{"embeddable":true,"href":"https:\/\/stuttgarti-katolikusok.de\/index.php\/wp-json\/wp\/v2\/users\/3"}],"replies":[{"embeddable":true,"href":"https:\/\/stuttgarti-katolikusok.de\/index.php\/wp-json\/wp\/v2\/comments?post=13879"}],"version-history":[{"count":1,"href":"https:\/\/stuttgarti-katolikusok.de\/index.php\/wp-json\/wp\/v2\/posts\/13879\/revisions"}],"predecessor-version":[{"id":13881,"href":"https:\/\/stuttgarti-katolikusok.de\/index.php\/wp-json\/wp\/v2\/posts\/13879\/revisions\/13881"}],"wp:attachment":[{"href":"https:\/\/stuttgarti-katolikusok.de\/index.php\/wp-json\/wp\/v2\/media?parent=13879"}],"wp:term":[{"taxonomy":"category","embeddable":true,"href":"https:\/\/stuttgarti-katolikusok.de\/index.php\/wp-json\/wp\/v2\/categories?post=13879"},{"taxonomy":"post_tag","embeddable":true,"href":"https:\/\/stuttgarti-katolikusok.de\/index.php\/wp-json\/wp\/v2\/tags?post=13879"}],"curies":[{"name":"wp","href":"https:\/\/api.w.org\/{rel}","templated":true}]}}