{"id":13786,"date":"2018-02-26T14:39:51","date_gmt":"2018-02-26T14:39:51","guid":{"rendered":"https:\/\/gracious-dewdney.138-201-221-2.plesk.page\/?p=13786"},"modified":"2018-02-27T19:51:09","modified_gmt":"2018-02-27T19:51:09","slug":"nagybojti-zenes-ahitat","status":"publish","type":"post","link":"https:\/\/stuttgarti-katolikusok.de\/index.php\/nagybojti-zenes-ahitat\/","title":{"rendered":"Nagyb\u00f6jti zen\u00e9s \u00e1h\u00edtat"},"content":{"rendered":"<p><em>Kedves H\u00edveink,<\/em><\/p>\n<p>szeretetettel h\u00edvlak Benneteket m\u00e1rcius 4-\u00e9n a d\u00e9lut\u00e1n 15.00 \u00f3rakor kezd\u0151d\u0151 szentmis\u00e9nk ut\u00e1ni <em>nagyb\u00f6jti zen\u00e9s \u00e1h\u00edtatra,<\/em> amellyel B\u00e1lint Nat\u00e1Lia \u00e9s Evgeny Alexeev m\u0171v\u00e9szbar\u00e1taink \u00e9s h\u00edveink aj\u00e1nd\u00e9koznak meg benn\u00fcnket. Kit\u0171n\u0151 seg\u00edts\u00e9g lesz ez a nemr\u00e9g kezd\u0151d\u0151 nagyb\u00f6jti id\u0151szakra val\u00f3 m\u00e9lt\u00f3 lelki el\u0151k\u00e9sz\u00fclet\u00fcnkh\u00f6z.<\/p>\n<p><em>Imre atya<\/em><\/p>\n","protected":false},"excerpt":{"rendered":"<p>Kedves H\u00edveink, szeretetettel h\u00edvlak Benneteket m\u00e1rcius 4-\u00e9n a d\u00e9lut\u00e1n 15.00 \u00f3rakor kezd\u0151d\u0151 szentmis\u00e9nk ut\u00e1ni nagyb\u00f6jti zen\u00e9s \u00e1h\u00edtatra, amellyel B\u00e1lint Nat\u00e1Lia \u00e9s Evgeny Alexeev m\u0171v\u00e9szbar\u00e1taink \u00e9s h\u00edveink aj\u00e1nd\u00e9koznak meg benn\u00fcnket. Kit\u0171n\u0151 seg\u00edts\u00e9g lesz ez a nemr\u00e9g kezd\u0151d\u0151 nagyb\u00f6jti id\u0151szakra val\u00f3 m\u00e9lt\u00f3 lelki el\u0151k\u00e9sz\u00fclet\u00fcnkh\u00f6z. Imre atya<\/p>\n","protected":false},"author":3,"featured_media":13787,"comment_status":"closed","ping_status":"closed","sticky":false,"template":"","format":"standard","meta":{"footnotes":""},"categories":[37],"tags":[],"class_list":["post-13786","post","type-post","status-publish","format-standard","has-post-thumbnail","hentry","category-progamelozetes"],"yoast_head":"<!-- This site is optimized with the Yoast SEO plugin v27.3 - https:\/\/yoast.com\/product\/yoast-seo-wordpress\/ -->\n<title>Nagyb\u00f6jti zen\u00e9s \u00e1h\u00edtat - Stuttgarti Katolikusok<\/title>\n<meta name=\"robots\" content=\"index, follow, max-snippet:-1, max-image-preview:large, max-video-preview:-1\" \/>\n<link rel=\"canonical\" href=\"https:\/\/stuttgarti-katolikusok.de\/index.php\/nagybojti-zenes-ahitat\/\" \/>\n<meta property=\"og:locale\" content=\"hu_HU\" \/>\n<meta property=\"og:type\" content=\"article\" \/>\n<meta property=\"og:title\" content=\"Nagyb\u00f6jti zen\u00e9s \u00e1h\u00edtat - Stuttgarti Katolikusok\" \/>\n<meta property=\"og:description\" content=\"Kedves H\u00edveink, szeretetettel h\u00edvlak Benneteket m\u00e1rcius 4-\u00e9n a d\u00e9lut\u00e1n 15.00 \u00f3rakor kezd\u0151d\u0151 szentmis\u00e9nk ut\u00e1ni nagyb\u00f6jti zen\u00e9s \u00e1h\u00edtatra, amellyel B\u00e1lint Nat\u00e1Lia \u00e9s Evgeny Alexeev m\u0171v\u00e9szbar\u00e1taink \u00e9s h\u00edveink aj\u00e1nd\u00e9koznak meg benn\u00fcnket. Kit\u0171n\u0151 seg\u00edts\u00e9g lesz ez a nemr\u00e9g kezd\u0151d\u0151 nagyb\u00f6jti id\u0151szakra val\u00f3 m\u00e9lt\u00f3 lelki el\u0151k\u00e9sz\u00fclet\u00fcnkh\u00f6z. Imre atya\" \/>\n<meta property=\"og:url\" content=\"https:\/\/stuttgarti-katolikusok.de\/index.php\/nagybojti-zenes-ahitat\/\" \/>\n<meta property=\"og:site_name\" content=\"Stuttgarti Katolikusok\" \/>\n<meta property=\"article:published_time\" content=\"2018-02-26T14:39:51+00:00\" \/>\n<meta property=\"article:modified_time\" content=\"2018-02-27T19:51:09+00:00\" \/>\n<meta property=\"og:image\" content=\"https:\/\/stuttgarti-katolikusok.de\/wp-content\/uploads\/2018\/02\/plakat_passionskonzert_jav.jpg\" \/>\n\t<meta property=\"og:image:width\" content=\"1191\" \/>\n\t<meta property=\"og:image:height\" content=\"842\" \/>\n\t<meta property=\"og:image:type\" content=\"image\/jpeg\" \/>\n<meta name=\"author\" content=\"Tibor atya\" \/>\n<meta name=\"twitter:card\" content=\"summary_large_image\" \/>\n<meta name=\"twitter:label1\" content=\"Szerz\u0151:\" \/>\n\t<meta name=\"twitter:data1\" content=\"Tibor atya\" \/>\n<script type=\"application\/ld+json\" class=\"yoast-schema-graph\">{\"@context\":\"https:\\\/\\\/schema.org\",\"@graph\":[{\"@type\":\"Article\",\"@id\":\"https:\\\/\\\/stuttgarti-katolikusok.de\\\/index.php\\\/nagybojti-zenes-ahitat\\\/#article\",\"isPartOf\":{\"@id\":\"https:\\\/\\\/stuttgarti-katolikusok.de\\\/index.php\\\/nagybojti-zenes-ahitat\\\/\"},\"author\":{\"name\":\"Tibor atya\",\"@id\":\"https:\\\/\\\/stuttgarti-katolikusok.de\\\/#\\\/schema\\\/person\\\/75908d6f8fdc03a57889d27209df7795\"},\"headline\":\"Nagyb\u00f6jti zen\u00e9s \u00e1h\u00edtat\",\"datePublished\":\"2018-02-26T14:39:51+00:00\",\"dateModified\":\"2018-02-27T19:51:09+00:00\",\"mainEntityOfPage\":{\"@id\":\"https:\\\/\\\/stuttgarti-katolikusok.de\\\/index.php\\\/nagybojti-zenes-ahitat\\\/\"},\"wordCount\":83,\"image\":{\"@id\":\"https:\\\/\\\/stuttgarti-katolikusok.de\\\/index.php\\\/nagybojti-zenes-ahitat\\\/#primaryimage\"},\"thumbnailUrl\":\"https:\\\/\\\/stuttgarti-katolikusok.de\\\/wp-content\\\/uploads\\\/2018\\\/02\\\/plakat_passionskonzert_jav.jpg\",\"articleSection\":[\"Progamel\u0151zetes\"],\"inLanguage\":\"hu\"},{\"@type\":\"WebPage\",\"@id\":\"https:\\\/\\\/stuttgarti-katolikusok.de\\\/index.php\\\/nagybojti-zenes-ahitat\\\/\",\"url\":\"https:\\\/\\\/stuttgarti-katolikusok.de\\\/index.php\\\/nagybojti-zenes-ahitat\\\/\",\"name\":\"Nagyb\u00f6jti zen\u00e9s \u00e1h\u00edtat - Stuttgarti Katolikusok\",\"isPartOf\":{\"@id\":\"https:\\\/\\\/stuttgarti-katolikusok.de\\\/#website\"},\"primaryImageOfPage\":{\"@id\":\"https:\\\/\\\/stuttgarti-katolikusok.de\\\/index.php\\\/nagybojti-zenes-ahitat\\\/#primaryimage\"},\"image\":{\"@id\":\"https:\\\/\\\/stuttgarti-katolikusok.de\\\/index.php\\\/nagybojti-zenes-ahitat\\\/#primaryimage\"},\"thumbnailUrl\":\"https:\\\/\\\/stuttgarti-katolikusok.de\\\/wp-content\\\/uploads\\\/2018\\\/02\\\/plakat_passionskonzert_jav.jpg\",\"datePublished\":\"2018-02-26T14:39:51+00:00\",\"dateModified\":\"2018-02-27T19:51:09+00:00\",\"author\":{\"@id\":\"https:\\\/\\\/stuttgarti-katolikusok.de\\\/#\\\/schema\\\/person\\\/75908d6f8fdc03a57889d27209df7795\"},\"breadcrumb\":{\"@id\":\"https:\\\/\\\/stuttgarti-katolikusok.de\\\/index.php\\\/nagybojti-zenes-ahitat\\\/#breadcrumb\"},\"inLanguage\":\"hu\",\"potentialAction\":[{\"@type\":\"ReadAction\",\"target\":[\"https:\\\/\\\/stuttgarti-katolikusok.de\\\/index.php\\\/nagybojti-zenes-ahitat\\\/\"]}]},{\"@type\":\"ImageObject\",\"inLanguage\":\"hu\",\"@id\":\"https:\\\/\\\/stuttgarti-katolikusok.de\\\/index.php\\\/nagybojti-zenes-ahitat\\\/#primaryimage\",\"url\":\"https:\\\/\\\/stuttgarti-katolikusok.de\\\/wp-content\\\/uploads\\\/2018\\\/02\\\/plakat_passionskonzert_jav.jpg\",\"contentUrl\":\"https:\\\/\\\/stuttgarti-katolikusok.de\\\/wp-content\\\/uploads\\\/2018\\\/02\\\/plakat_passionskonzert_jav.jpg\",\"width\":1191,\"height\":842},{\"@type\":\"BreadcrumbList\",\"@id\":\"https:\\\/\\\/stuttgarti-katolikusok.de\\\/index.php\\\/nagybojti-zenes-ahitat\\\/#breadcrumb\",\"itemListElement\":[{\"@type\":\"ListItem\",\"position\":1,\"name\":\"Kezd\u0151lap\",\"item\":\"https:\\\/\\\/stuttgarti-katolikusok.de\\\/\"},{\"@type\":\"ListItem\",\"position\":2,\"name\":\"Nagyb\u00f6jti zen\u00e9s \u00e1h\u00edtat\"}]},{\"@type\":\"WebSite\",\"@id\":\"https:\\\/\\\/stuttgarti-katolikusok.de\\\/#website\",\"url\":\"https:\\\/\\\/stuttgarti-katolikusok.de\\\/\",\"name\":\"Stuttgarti Katolikusok\",\"description\":\"\",\"potentialAction\":[{\"@type\":\"SearchAction\",\"target\":{\"@type\":\"EntryPoint\",\"urlTemplate\":\"https:\\\/\\\/stuttgarti-katolikusok.de\\\/?s={search_term_string}\"},\"query-input\":{\"@type\":\"PropertyValueSpecification\",\"valueRequired\":true,\"valueName\":\"search_term_string\"}}],\"inLanguage\":\"hu\"},{\"@type\":\"Person\",\"@id\":\"https:\\\/\\\/stuttgarti-katolikusok.de\\\/#\\\/schema\\\/person\\\/75908d6f8fdc03a57889d27209df7795\",\"name\":\"Tibor atya\",\"image\":{\"@type\":\"ImageObject\",\"inLanguage\":\"hu\",\"@id\":\"https:\\\/\\\/secure.gravatar.com\\\/avatar\\\/61d268e57d1f4525b111222e29d2d5a7f8c420fdbf231ba5566a8ceac74fa960?s=96&d=mm&r=g\",\"url\":\"https:\\\/\\\/secure.gravatar.com\\\/avatar\\\/61d268e57d1f4525b111222e29d2d5a7f8c420fdbf231ba5566a8ceac74fa960?s=96&d=mm&r=g\",\"contentUrl\":\"https:\\\/\\\/secure.gravatar.com\\\/avatar\\\/61d268e57d1f4525b111222e29d2d5a7f8c420fdbf231ba5566a8ceac74fa960?s=96&d=mm&r=g\",\"caption\":\"Tibor atya\"},\"url\":\"https:\\\/\\\/stuttgarti-katolikusok.de\\\/index.php\\\/author\\\/tibor-atya\\\/\"}]}<\/script>\n<!-- \/ Yoast SEO plugin. -->","yoast_head_json":{"title":"Nagyb\u00f6jti zen\u00e9s \u00e1h\u00edtat - Stuttgarti Katolikusok","robots":{"index":"index","follow":"follow","max-snippet":"max-snippet:-1","max-image-preview":"max-image-preview:large","max-video-preview":"max-video-preview:-1"},"canonical":"https:\/\/stuttgarti-katolikusok.de\/index.php\/nagybojti-zenes-ahitat\/","og_locale":"hu_HU","og_type":"article","og_title":"Nagyb\u00f6jti zen\u00e9s \u00e1h\u00edtat - Stuttgarti Katolikusok","og_description":"Kedves H\u00edveink, szeretetettel h\u00edvlak Benneteket m\u00e1rcius 4-\u00e9n a d\u00e9lut\u00e1n 15.00 \u00f3rakor kezd\u0151d\u0151 szentmis\u00e9nk ut\u00e1ni nagyb\u00f6jti zen\u00e9s \u00e1h\u00edtatra, amellyel B\u00e1lint Nat\u00e1Lia \u00e9s Evgeny Alexeev m\u0171v\u00e9szbar\u00e1taink \u00e9s h\u00edveink aj\u00e1nd\u00e9koznak meg benn\u00fcnket. Kit\u0171n\u0151 seg\u00edts\u00e9g lesz ez a nemr\u00e9g kezd\u0151d\u0151 nagyb\u00f6jti id\u0151szakra val\u00f3 m\u00e9lt\u00f3 lelki el\u0151k\u00e9sz\u00fclet\u00fcnkh\u00f6z. Imre atya","og_url":"https:\/\/stuttgarti-katolikusok.de\/index.php\/nagybojti-zenes-ahitat\/","og_site_name":"Stuttgarti Katolikusok","article_published_time":"2018-02-26T14:39:51+00:00","article_modified_time":"2018-02-27T19:51:09+00:00","og_image":[{"width":1191,"height":842,"url":"https:\/\/stuttgarti-katolikusok.de\/wp-content\/uploads\/2018\/02\/plakat_passionskonzert_jav.jpg","type":"image\/jpeg"}],"author":"Tibor atya","twitter_card":"summary_large_image","twitter_misc":{"Szerz\u0151:":"Tibor atya"},"schema":{"@context":"https:\/\/schema.org","@graph":[{"@type":"Article","@id":"https:\/\/stuttgarti-katolikusok.de\/index.php\/nagybojti-zenes-ahitat\/#article","isPartOf":{"@id":"https:\/\/stuttgarti-katolikusok.de\/index.php\/nagybojti-zenes-ahitat\/"},"author":{"name":"Tibor atya","@id":"https:\/\/stuttgarti-katolikusok.de\/#\/schema\/person\/75908d6f8fdc03a57889d27209df7795"},"headline":"Nagyb\u00f6jti zen\u00e9s \u00e1h\u00edtat","datePublished":"2018-02-26T14:39:51+00:00","dateModified":"2018-02-27T19:51:09+00:00","mainEntityOfPage":{"@id":"https:\/\/stuttgarti-katolikusok.de\/index.php\/nagybojti-zenes-ahitat\/"},"wordCount":83,"image":{"@id":"https:\/\/stuttgarti-katolikusok.de\/index.php\/nagybojti-zenes-ahitat\/#primaryimage"},"thumbnailUrl":"https:\/\/stuttgarti-katolikusok.de\/wp-content\/uploads\/2018\/02\/plakat_passionskonzert_jav.jpg","articleSection":["Progamel\u0151zetes"],"inLanguage":"hu"},{"@type":"WebPage","@id":"https:\/\/stuttgarti-katolikusok.de\/index.php\/nagybojti-zenes-ahitat\/","url":"https:\/\/stuttgarti-katolikusok.de\/index.php\/nagybojti-zenes-ahitat\/","name":"Nagyb\u00f6jti zen\u00e9s \u00e1h\u00edtat - Stuttgarti Katolikusok","isPartOf":{"@id":"https:\/\/stuttgarti-katolikusok.de\/#website"},"primaryImageOfPage":{"@id":"https:\/\/stuttgarti-katolikusok.de\/index.php\/nagybojti-zenes-ahitat\/#primaryimage"},"image":{"@id":"https:\/\/stuttgarti-katolikusok.de\/index.php\/nagybojti-zenes-ahitat\/#primaryimage"},"thumbnailUrl":"https:\/\/stuttgarti-katolikusok.de\/wp-content\/uploads\/2018\/02\/plakat_passionskonzert_jav.jpg","datePublished":"2018-02-26T14:39:51+00:00","dateModified":"2018-02-27T19:51:09+00:00","author":{"@id":"https:\/\/stuttgarti-katolikusok.de\/#\/schema\/person\/75908d6f8fdc03a57889d27209df7795"},"breadcrumb":{"@id":"https:\/\/stuttgarti-katolikusok.de\/index.php\/nagybojti-zenes-ahitat\/#breadcrumb"},"inLanguage":"hu","potentialAction":[{"@type":"ReadAction","target":["https:\/\/stuttgarti-katolikusok.de\/index.php\/nagybojti-zenes-ahitat\/"]}]},{"@type":"ImageObject","inLanguage":"hu","@id":"https:\/\/stuttgarti-katolikusok.de\/index.php\/nagybojti-zenes-ahitat\/#primaryimage","url":"https:\/\/stuttgarti-katolikusok.de\/wp-content\/uploads\/2018\/02\/plakat_passionskonzert_jav.jpg","contentUrl":"https:\/\/stuttgarti-katolikusok.de\/wp-content\/uploads\/2018\/02\/plakat_passionskonzert_jav.jpg","width":1191,"height":842},{"@type":"BreadcrumbList","@id":"https:\/\/stuttgarti-katolikusok.de\/index.php\/nagybojti-zenes-ahitat\/#breadcrumb","itemListElement":[{"@type":"ListItem","position":1,"name":"Kezd\u0151lap","item":"https:\/\/stuttgarti-katolikusok.de\/"},{"@type":"ListItem","position":2,"name":"Nagyb\u00f6jti zen\u00e9s \u00e1h\u00edtat"}]},{"@type":"WebSite","@id":"https:\/\/stuttgarti-katolikusok.de\/#website","url":"https:\/\/stuttgarti-katolikusok.de\/","name":"Stuttgarti Katolikusok","description":"","potentialAction":[{"@type":"SearchAction","target":{"@type":"EntryPoint","urlTemplate":"https:\/\/stuttgarti-katolikusok.de\/?s={search_term_string}"},"query-input":{"@type":"PropertyValueSpecification","valueRequired":true,"valueName":"search_term_string"}}],"inLanguage":"hu"},{"@type":"Person","@id":"https:\/\/stuttgarti-katolikusok.de\/#\/schema\/person\/75908d6f8fdc03a57889d27209df7795","name":"Tibor atya","image":{"@type":"ImageObject","inLanguage":"hu","@id":"https:\/\/secure.gravatar.com\/avatar\/61d268e57d1f4525b111222e29d2d5a7f8c420fdbf231ba5566a8ceac74fa960?s=96&d=mm&r=g","url":"https:\/\/secure.gravatar.com\/avatar\/61d268e57d1f4525b111222e29d2d5a7f8c420fdbf231ba5566a8ceac74fa960?s=96&d=mm&r=g","contentUrl":"https:\/\/secure.gravatar.com\/avatar\/61d268e57d1f4525b111222e29d2d5a7f8c420fdbf231ba5566a8ceac74fa960?s=96&d=mm&r=g","caption":"Tibor atya"},"url":"https:\/\/stuttgarti-katolikusok.de\/index.php\/author\/tibor-atya\/"}]}},"_links":{"self":[{"href":"https:\/\/stuttgarti-katolikusok.de\/index.php\/wp-json\/wp\/v2\/posts\/13786","targetHints":{"allow":["GET"]}}],"collection":[{"href":"https:\/\/stuttgarti-katolikusok.de\/index.php\/wp-json\/wp\/v2\/posts"}],"about":[{"href":"https:\/\/stuttgarti-katolikusok.de\/index.php\/wp-json\/wp\/v2\/types\/post"}],"author":[{"embeddable":true,"href":"https:\/\/stuttgarti-katolikusok.de\/index.php\/wp-json\/wp\/v2\/users\/3"}],"replies":[{"embeddable":true,"href":"https:\/\/stuttgarti-katolikusok.de\/index.php\/wp-json\/wp\/v2\/comments?post=13786"}],"version-history":[{"count":1,"href":"https:\/\/stuttgarti-katolikusok.de\/index.php\/wp-json\/wp\/v2\/posts\/13786\/revisions"}],"predecessor-version":[{"id":13788,"href":"https:\/\/stuttgarti-katolikusok.de\/index.php\/wp-json\/wp\/v2\/posts\/13786\/revisions\/13788"}],"wp:featuredmedia":[{"embeddable":true,"href":"https:\/\/stuttgarti-katolikusok.de\/index.php\/wp-json\/wp\/v2\/media\/13787"}],"wp:attachment":[{"href":"https:\/\/stuttgarti-katolikusok.de\/index.php\/wp-json\/wp\/v2\/media?parent=13786"}],"wp:term":[{"taxonomy":"category","embeddable":true,"href":"https:\/\/stuttgarti-katolikusok.de\/index.php\/wp-json\/wp\/v2\/categories?post=13786"},{"taxonomy":"post_tag","embeddable":true,"href":"https:\/\/stuttgarti-katolikusok.de\/index.php\/wp-json\/wp\/v2\/tags?post=13786"}],"curies":[{"name":"wp","href":"https:\/\/api.w.org\/{rel}","templated":true}]}}