{"id":13780,"date":"2018-02-22T15:16:00","date_gmt":"2018-02-22T15:16:00","guid":{"rendered":"https:\/\/gracious-dewdney.138-201-221-2.plesk.page\/?p=13780"},"modified":"2018-02-22T15:16:00","modified_gmt":"2018-02-22T15:16:00","slug":"weingarteni-csendes-napok-2018-nagybojtje","status":"publish","type":"post","link":"https:\/\/stuttgarti-katolikusok.de\/index.php\/weingarteni-csendes-napok-2018-nagybojtje\/","title":{"rendered":"Weingarteni Csendes Napok &#8211; 2018 Nagyb\u00f6jtje"},"content":{"rendered":"<p>Az idei esztend\u0151ben Hamvaz\u00f3szerd\u00e1t k\u00f6vet\u0151 h\u00e9tv\u00e9g\u00e9n, azaz febru\u00e1r 16 \u00e9s 18-a k\u00f6z\u00f6tt ker\u00fclt sor a Weingarteni Csendes Napokra.<\/p>\n<p>A p\u00e9ntek esti szentmis\u00e9t \u00e9s nyit\u00f3 elm\u00e9lked\u00e9st a szombati nap k\u00f6vette.<\/p>\n<p>A szombati k\u00e9t d\u00e9lel\u0151tti elm\u00e9lked\u00e9st eb\u00e9d k\u00f6vette, azt\u00e1n pedig a harmadik elm\u00e9lked\u00e9s. Ut\u00e1na a M\u00e1ria templom k\u00f6z\u00f6ss\u00e9gi term\u00e9b\u0151l \u00e1tvonultunk a templomba, ahol el\u0151sz\u00f6r kereszt\u00fati \u00e1jtatoss\u00e1got v\u00e9gezt\u00fcnk, majd szentmise \u00e9s r\u00f6vid elm\u00e9lked\u00e9s z\u00e1rta napunkat.<\/p>\n<p>Vas\u00e1rnap a 14 Nothelfer Kapelle-ben k\u00f6z\u00f6ss\u00e9gi szentmise keret\u00e9ben fejezt\u00fck be a Weingarteni Csendes Napokat.<\/p>\n<p>K\u00f6sz\u00f6net Ft. Reszler Mih\u00e1ly, m\u00e1ramarosszigeti f\u0151esperes aty\u00e1nak, jelenl\u00e9t\u00e9\u00e9rt, elm\u00e9lked\u00e9sei\u00e9rt. Term\u00e9szetesen az elm\u00e9lked\u00e9seket k\u00f6vet\u0151en lehet\u0151s\u00e9g volt besz\u00e9lget\u00e9sre, gondolatok megoszt\u00e1s\u00e1ra, szentgy\u00f3n\u00e1s elv\u00e9gz\u00e9s\u00e9re.<\/p>\n<p>T\u00f6bbek k\u00e9r\u00e9s\u00e9nek tesz\u00fcnk eleget azzal, hogy az elhangzott elm\u00e9lked\u00e9sek hanganyag\u00e1t az al\u00e1bbi linkeken kereszt\u00fcl el\u00e9rhet\u0151v\u00e9 tessz\u00fck:<\/p>\n<p><a href=\"https:\/\/drive.google.com\/open?id=191IIxzMdqZKtM2N4vPekco351QhlRO-b\">Bevezet\u0151 elm\u00e9lked\u00e9s<\/a><\/p>\n<p><a href=\"https:\/\/drive.google.com\/open?id=1HqQUynPb2REigbgV-60sxIZjGNU2EyWi\">Els\u0151 elm\u00e9lked\u00e9s<\/a><\/p>\n<p><a href=\"https:\/\/drive.google.com\/open?id=1fN6kZAypMGOgMcQmdH6BT-onEeUCULBC\">M\u00e1sodik elm\u00e9lked\u00e9s<\/a><\/p>\n<p><a href=\"https:\/\/drive.google.com\/open?id=19WpTt2NVVIUYq8V-UnU_DMzZ8OG48sKO\">Harmadik elm\u00e9lked\u00e9s<\/a><\/p>\n<p><a href=\"https:\/\/drive.google.com\/open?id=1Bo7Lr1w83l5VP4lzHStXFOreli1_-U2Z\">Negyedik elm\u00e9lked\u00e9s<\/a><\/p>\n<p><a href=\"https:\/\/drive.google.com\/open?id=1AUFyxr_O9ehnOfykrVK2g0MFKv51TpMU\">Befejez\u0151 elm\u00e9lked\u00e9s<\/a><\/p>\n<p>&nbsp;<\/p>\n","protected":false},"excerpt":{"rendered":"<p>Az idei esztend\u0151ben Hamvaz\u00f3szerd\u00e1t k\u00f6vet\u0151 h\u00e9tv\u00e9g\u00e9n, azaz febru\u00e1r 16 \u00e9s 18-a k\u00f6z\u00f6tt ker\u00fclt sor a Weingarteni Csendes Napokra. A p\u00e9ntek esti szentmis\u00e9t \u00e9s nyit\u00f3 elm\u00e9lked\u00e9st a szombati nap k\u00f6vette. A szombati k\u00e9t d\u00e9lel\u0151tti elm\u00e9lked\u00e9st eb\u00e9d k\u00f6vette, azt\u00e1n pedig a harmadik elm\u00e9lked\u00e9s. Ut\u00e1na a M\u00e1ria templom k\u00f6z\u00f6ss\u00e9gi term\u00e9b\u0151l \u00e1tvonultunk a templomba, ahol el\u0151sz\u00f6r kereszt\u00fati \u00e1jtatoss\u00e1got v\u00e9gezt\u00fcnk, majd szentmise \u00e9s r\u00f6vid elm\u00e9lked\u00e9s z\u00e1rta napunkat. Vas\u00e1rnap a 14 Nothelfer Kapelle-ben k\u00f6z\u00f6ss\u00e9gi szentmise keret\u00e9ben fejezt\u00fck be a Weingarteni Csendes Napokat. K\u00f6sz\u00f6net Ft. Reszler Mih\u00e1ly, m\u00e1ramarosszigeti f\u0151esperes aty\u00e1nak, jelenl\u00e9t\u00e9\u00e9rt, elm\u00e9lked\u00e9sei\u00e9rt. Term\u00e9szetesen az elm\u00e9lked\u00e9seket k\u00f6vet\u0151en lehet\u0151s\u00e9g volt besz\u00e9lget\u00e9sre, gondolatok megoszt\u00e1s\u00e1ra, szentgy\u00f3n\u00e1s elv\u00e9gz\u00e9s\u00e9re. T\u00f6bbek k\u00e9r\u00e9s\u00e9nek tesz\u00fcnk eleget azzal, hogy az elhangzott elm\u00e9lked\u00e9sek hanganyag\u00e1t az al\u00e1bbi linkeken kereszt\u00fcl el\u00e9rhet\u0151v\u00e9 tessz\u00fck: Bevezet\u0151 elm\u00e9lked\u00e9s Els\u0151 elm\u00e9lked\u00e9s M\u00e1sodik elm\u00e9lked\u00e9s Harmadik elm\u00e9lked\u00e9s Negyedik elm\u00e9lked\u00e9s Befejez\u0151 elm\u00e9lked\u00e9s &nbsp;<\/p>\n","protected":false},"author":3,"featured_media":0,"comment_status":"closed","ping_status":"closed","sticky":false,"template":"","format":"standard","meta":{"footnotes":""},"categories":[5],"tags":[],"class_list":["post-13780","post","type-post","status-publish","format-standard","hentry","category-hirek"],"yoast_head":"<!-- This site is optimized with the Yoast SEO plugin v27.3 - https:\/\/yoast.com\/product\/yoast-seo-wordpress\/ -->\n<title>Weingarteni Csendes Napok - 2018 Nagyb\u00f6jtje - Stuttgarti Katolikusok<\/title>\n<meta name=\"robots\" content=\"index, follow, max-snippet:-1, max-image-preview:large, max-video-preview:-1\" \/>\n<link rel=\"canonical\" href=\"https:\/\/stuttgarti-katolikusok.de\/index.php\/weingarteni-csendes-napok-2018-nagybojtje\/\" \/>\n<meta property=\"og:locale\" content=\"hu_HU\" \/>\n<meta property=\"og:type\" content=\"article\" \/>\n<meta property=\"og:title\" content=\"Weingarteni Csendes Napok - 2018 Nagyb\u00f6jtje - Stuttgarti Katolikusok\" \/>\n<meta property=\"og:description\" content=\"Az idei esztend\u0151ben Hamvaz\u00f3szerd\u00e1t k\u00f6vet\u0151 h\u00e9tv\u00e9g\u00e9n, azaz febru\u00e1r 16 \u00e9s 18-a k\u00f6z\u00f6tt ker\u00fclt sor a Weingarteni Csendes Napokra. A p\u00e9ntek esti szentmis\u00e9t \u00e9s nyit\u00f3 elm\u00e9lked\u00e9st a szombati nap k\u00f6vette. A szombati k\u00e9t d\u00e9lel\u0151tti elm\u00e9lked\u00e9st eb\u00e9d k\u00f6vette, azt\u00e1n pedig a harmadik elm\u00e9lked\u00e9s. Ut\u00e1na a M\u00e1ria templom k\u00f6z\u00f6ss\u00e9gi term\u00e9b\u0151l \u00e1tvonultunk a templomba, ahol el\u0151sz\u00f6r kereszt\u00fati \u00e1jtatoss\u00e1got v\u00e9gezt\u00fcnk, majd szentmise \u00e9s r\u00f6vid elm\u00e9lked\u00e9s z\u00e1rta napunkat. Vas\u00e1rnap a 14 Nothelfer Kapelle-ben k\u00f6z\u00f6ss\u00e9gi szentmise keret\u00e9ben fejezt\u00fck be a Weingarteni Csendes Napokat. K\u00f6sz\u00f6net Ft. Reszler Mih\u00e1ly, m\u00e1ramarosszigeti f\u0151esperes aty\u00e1nak, jelenl\u00e9t\u00e9\u00e9rt, elm\u00e9lked\u00e9sei\u00e9rt. Term\u00e9szetesen az elm\u00e9lked\u00e9seket k\u00f6vet\u0151en lehet\u0151s\u00e9g volt besz\u00e9lget\u00e9sre, gondolatok megoszt\u00e1s\u00e1ra, szentgy\u00f3n\u00e1s elv\u00e9gz\u00e9s\u00e9re. T\u00f6bbek k\u00e9r\u00e9s\u00e9nek tesz\u00fcnk eleget azzal, hogy az elhangzott elm\u00e9lked\u00e9sek hanganyag\u00e1t az al\u00e1bbi linkeken kereszt\u00fcl el\u00e9rhet\u0151v\u00e9 tessz\u00fck: Bevezet\u0151 elm\u00e9lked\u00e9s Els\u0151 elm\u00e9lked\u00e9s M\u00e1sodik elm\u00e9lked\u00e9s Harmadik elm\u00e9lked\u00e9s Negyedik elm\u00e9lked\u00e9s Befejez\u0151 elm\u00e9lked\u00e9s &nbsp;\" \/>\n<meta property=\"og:url\" content=\"https:\/\/stuttgarti-katolikusok.de\/index.php\/weingarteni-csendes-napok-2018-nagybojtje\/\" \/>\n<meta property=\"og:site_name\" content=\"Stuttgarti Katolikusok\" \/>\n<meta property=\"article:published_time\" content=\"2018-02-22T15:16:00+00:00\" \/>\n<meta name=\"author\" content=\"Tibor atya\" \/>\n<meta name=\"twitter:card\" content=\"summary_large_image\" \/>\n<meta name=\"twitter:label1\" content=\"Szerz\u0151:\" \/>\n\t<meta name=\"twitter:data1\" content=\"Tibor atya\" \/>\n\t<meta name=\"twitter:label2\" content=\"Becs\u00fclt olvas\u00e1si id\u0151\" \/>\n\t<meta name=\"twitter:data2\" content=\"1 perc\" \/>\n<script type=\"application\/ld+json\" class=\"yoast-schema-graph\">{\"@context\":\"https:\\\/\\\/schema.org\",\"@graph\":[{\"@type\":\"Article\",\"@id\":\"https:\\\/\\\/stuttgarti-katolikusok.de\\\/index.php\\\/weingarteni-csendes-napok-2018-nagybojtje\\\/#article\",\"isPartOf\":{\"@id\":\"https:\\\/\\\/stuttgarti-katolikusok.de\\\/index.php\\\/weingarteni-csendes-napok-2018-nagybojtje\\\/\"},\"author\":{\"name\":\"Tibor atya\",\"@id\":\"https:\\\/\\\/stuttgarti-katolikusok.de\\\/#\\\/schema\\\/person\\\/75908d6f8fdc03a57889d27209df7795\"},\"headline\":\"Weingarteni Csendes Napok &#8211; 2018 Nagyb\u00f6jtje\",\"datePublished\":\"2018-02-22T15:16:00+00:00\",\"mainEntityOfPage\":{\"@id\":\"https:\\\/\\\/stuttgarti-katolikusok.de\\\/index.php\\\/weingarteni-csendes-napok-2018-nagybojtje\\\/\"},\"wordCount\":231,\"articleSection\":[\"H\u00edrek\"],\"inLanguage\":\"hu\"},{\"@type\":\"WebPage\",\"@id\":\"https:\\\/\\\/stuttgarti-katolikusok.de\\\/index.php\\\/weingarteni-csendes-napok-2018-nagybojtje\\\/\",\"url\":\"https:\\\/\\\/stuttgarti-katolikusok.de\\\/index.php\\\/weingarteni-csendes-napok-2018-nagybojtje\\\/\",\"name\":\"Weingarteni Csendes Napok - 2018 Nagyb\u00f6jtje - Stuttgarti Katolikusok\",\"isPartOf\":{\"@id\":\"https:\\\/\\\/stuttgarti-katolikusok.de\\\/#website\"},\"datePublished\":\"2018-02-22T15:16:00+00:00\",\"author\":{\"@id\":\"https:\\\/\\\/stuttgarti-katolikusok.de\\\/#\\\/schema\\\/person\\\/75908d6f8fdc03a57889d27209df7795\"},\"breadcrumb\":{\"@id\":\"https:\\\/\\\/stuttgarti-katolikusok.de\\\/index.php\\\/weingarteni-csendes-napok-2018-nagybojtje\\\/#breadcrumb\"},\"inLanguage\":\"hu\",\"potentialAction\":[{\"@type\":\"ReadAction\",\"target\":[\"https:\\\/\\\/stuttgarti-katolikusok.de\\\/index.php\\\/weingarteni-csendes-napok-2018-nagybojtje\\\/\"]}]},{\"@type\":\"BreadcrumbList\",\"@id\":\"https:\\\/\\\/stuttgarti-katolikusok.de\\\/index.php\\\/weingarteni-csendes-napok-2018-nagybojtje\\\/#breadcrumb\",\"itemListElement\":[{\"@type\":\"ListItem\",\"position\":1,\"name\":\"Kezd\u0151lap\",\"item\":\"https:\\\/\\\/stuttgarti-katolikusok.de\\\/\"},{\"@type\":\"ListItem\",\"position\":2,\"name\":\"Weingarteni Csendes Napok &#8211; 2018 Nagyb\u00f6jtje\"}]},{\"@type\":\"WebSite\",\"@id\":\"https:\\\/\\\/stuttgarti-katolikusok.de\\\/#website\",\"url\":\"https:\\\/\\\/stuttgarti-katolikusok.de\\\/\",\"name\":\"Stuttgarti Katolikusok\",\"description\":\"\",\"potentialAction\":[{\"@type\":\"SearchAction\",\"target\":{\"@type\":\"EntryPoint\",\"urlTemplate\":\"https:\\\/\\\/stuttgarti-katolikusok.de\\\/?s={search_term_string}\"},\"query-input\":{\"@type\":\"PropertyValueSpecification\",\"valueRequired\":true,\"valueName\":\"search_term_string\"}}],\"inLanguage\":\"hu\"},{\"@type\":\"Person\",\"@id\":\"https:\\\/\\\/stuttgarti-katolikusok.de\\\/#\\\/schema\\\/person\\\/75908d6f8fdc03a57889d27209df7795\",\"name\":\"Tibor atya\",\"image\":{\"@type\":\"ImageObject\",\"inLanguage\":\"hu\",\"@id\":\"https:\\\/\\\/secure.gravatar.com\\\/avatar\\\/61d268e57d1f4525b111222e29d2d5a7f8c420fdbf231ba5566a8ceac74fa960?s=96&d=mm&r=g\",\"url\":\"https:\\\/\\\/secure.gravatar.com\\\/avatar\\\/61d268e57d1f4525b111222e29d2d5a7f8c420fdbf231ba5566a8ceac74fa960?s=96&d=mm&r=g\",\"contentUrl\":\"https:\\\/\\\/secure.gravatar.com\\\/avatar\\\/61d268e57d1f4525b111222e29d2d5a7f8c420fdbf231ba5566a8ceac74fa960?s=96&d=mm&r=g\",\"caption\":\"Tibor atya\"},\"url\":\"https:\\\/\\\/stuttgarti-katolikusok.de\\\/index.php\\\/author\\\/tibor-atya\\\/\"}]}<\/script>\n<!-- \/ Yoast SEO plugin. -->","yoast_head_json":{"title":"Weingarteni Csendes Napok - 2018 Nagyb\u00f6jtje - Stuttgarti Katolikusok","robots":{"index":"index","follow":"follow","max-snippet":"max-snippet:-1","max-image-preview":"max-image-preview:large","max-video-preview":"max-video-preview:-1"},"canonical":"https:\/\/stuttgarti-katolikusok.de\/index.php\/weingarteni-csendes-napok-2018-nagybojtje\/","og_locale":"hu_HU","og_type":"article","og_title":"Weingarteni Csendes Napok - 2018 Nagyb\u00f6jtje - Stuttgarti Katolikusok","og_description":"Az idei esztend\u0151ben Hamvaz\u00f3szerd\u00e1t k\u00f6vet\u0151 h\u00e9tv\u00e9g\u00e9n, azaz febru\u00e1r 16 \u00e9s 18-a k\u00f6z\u00f6tt ker\u00fclt sor a Weingarteni Csendes Napokra. A p\u00e9ntek esti szentmis\u00e9t \u00e9s nyit\u00f3 elm\u00e9lked\u00e9st a szombati nap k\u00f6vette. A szombati k\u00e9t d\u00e9lel\u0151tti elm\u00e9lked\u00e9st eb\u00e9d k\u00f6vette, azt\u00e1n pedig a harmadik elm\u00e9lked\u00e9s. Ut\u00e1na a M\u00e1ria templom k\u00f6z\u00f6ss\u00e9gi term\u00e9b\u0151l \u00e1tvonultunk a templomba, ahol el\u0151sz\u00f6r kereszt\u00fati \u00e1jtatoss\u00e1got v\u00e9gezt\u00fcnk, majd szentmise \u00e9s r\u00f6vid elm\u00e9lked\u00e9s z\u00e1rta napunkat. Vas\u00e1rnap a 14 Nothelfer Kapelle-ben k\u00f6z\u00f6ss\u00e9gi szentmise keret\u00e9ben fejezt\u00fck be a Weingarteni Csendes Napokat. K\u00f6sz\u00f6net Ft. Reszler Mih\u00e1ly, m\u00e1ramarosszigeti f\u0151esperes aty\u00e1nak, jelenl\u00e9t\u00e9\u00e9rt, elm\u00e9lked\u00e9sei\u00e9rt. Term\u00e9szetesen az elm\u00e9lked\u00e9seket k\u00f6vet\u0151en lehet\u0151s\u00e9g volt besz\u00e9lget\u00e9sre, gondolatok megoszt\u00e1s\u00e1ra, szentgy\u00f3n\u00e1s elv\u00e9gz\u00e9s\u00e9re. T\u00f6bbek k\u00e9r\u00e9s\u00e9nek tesz\u00fcnk eleget azzal, hogy az elhangzott elm\u00e9lked\u00e9sek hanganyag\u00e1t az al\u00e1bbi linkeken kereszt\u00fcl el\u00e9rhet\u0151v\u00e9 tessz\u00fck: Bevezet\u0151 elm\u00e9lked\u00e9s Els\u0151 elm\u00e9lked\u00e9s M\u00e1sodik elm\u00e9lked\u00e9s Harmadik elm\u00e9lked\u00e9s Negyedik elm\u00e9lked\u00e9s Befejez\u0151 elm\u00e9lked\u00e9s &nbsp;","og_url":"https:\/\/stuttgarti-katolikusok.de\/index.php\/weingarteni-csendes-napok-2018-nagybojtje\/","og_site_name":"Stuttgarti Katolikusok","article_published_time":"2018-02-22T15:16:00+00:00","author":"Tibor atya","twitter_card":"summary_large_image","twitter_misc":{"Szerz\u0151:":"Tibor atya","Becs\u00fclt olvas\u00e1si id\u0151":"1 perc"},"schema":{"@context":"https:\/\/schema.org","@graph":[{"@type":"Article","@id":"https:\/\/stuttgarti-katolikusok.de\/index.php\/weingarteni-csendes-napok-2018-nagybojtje\/#article","isPartOf":{"@id":"https:\/\/stuttgarti-katolikusok.de\/index.php\/weingarteni-csendes-napok-2018-nagybojtje\/"},"author":{"name":"Tibor atya","@id":"https:\/\/stuttgarti-katolikusok.de\/#\/schema\/person\/75908d6f8fdc03a57889d27209df7795"},"headline":"Weingarteni Csendes Napok &#8211; 2018 Nagyb\u00f6jtje","datePublished":"2018-02-22T15:16:00+00:00","mainEntityOfPage":{"@id":"https:\/\/stuttgarti-katolikusok.de\/index.php\/weingarteni-csendes-napok-2018-nagybojtje\/"},"wordCount":231,"articleSection":["H\u00edrek"],"inLanguage":"hu"},{"@type":"WebPage","@id":"https:\/\/stuttgarti-katolikusok.de\/index.php\/weingarteni-csendes-napok-2018-nagybojtje\/","url":"https:\/\/stuttgarti-katolikusok.de\/index.php\/weingarteni-csendes-napok-2018-nagybojtje\/","name":"Weingarteni Csendes Napok - 2018 Nagyb\u00f6jtje - Stuttgarti Katolikusok","isPartOf":{"@id":"https:\/\/stuttgarti-katolikusok.de\/#website"},"datePublished":"2018-02-22T15:16:00+00:00","author":{"@id":"https:\/\/stuttgarti-katolikusok.de\/#\/schema\/person\/75908d6f8fdc03a57889d27209df7795"},"breadcrumb":{"@id":"https:\/\/stuttgarti-katolikusok.de\/index.php\/weingarteni-csendes-napok-2018-nagybojtje\/#breadcrumb"},"inLanguage":"hu","potentialAction":[{"@type":"ReadAction","target":["https:\/\/stuttgarti-katolikusok.de\/index.php\/weingarteni-csendes-napok-2018-nagybojtje\/"]}]},{"@type":"BreadcrumbList","@id":"https:\/\/stuttgarti-katolikusok.de\/index.php\/weingarteni-csendes-napok-2018-nagybojtje\/#breadcrumb","itemListElement":[{"@type":"ListItem","position":1,"name":"Kezd\u0151lap","item":"https:\/\/stuttgarti-katolikusok.de\/"},{"@type":"ListItem","position":2,"name":"Weingarteni Csendes Napok &#8211; 2018 Nagyb\u00f6jtje"}]},{"@type":"WebSite","@id":"https:\/\/stuttgarti-katolikusok.de\/#website","url":"https:\/\/stuttgarti-katolikusok.de\/","name":"Stuttgarti Katolikusok","description":"","potentialAction":[{"@type":"SearchAction","target":{"@type":"EntryPoint","urlTemplate":"https:\/\/stuttgarti-katolikusok.de\/?s={search_term_string}"},"query-input":{"@type":"PropertyValueSpecification","valueRequired":true,"valueName":"search_term_string"}}],"inLanguage":"hu"},{"@type":"Person","@id":"https:\/\/stuttgarti-katolikusok.de\/#\/schema\/person\/75908d6f8fdc03a57889d27209df7795","name":"Tibor atya","image":{"@type":"ImageObject","inLanguage":"hu","@id":"https:\/\/secure.gravatar.com\/avatar\/61d268e57d1f4525b111222e29d2d5a7f8c420fdbf231ba5566a8ceac74fa960?s=96&d=mm&r=g","url":"https:\/\/secure.gravatar.com\/avatar\/61d268e57d1f4525b111222e29d2d5a7f8c420fdbf231ba5566a8ceac74fa960?s=96&d=mm&r=g","contentUrl":"https:\/\/secure.gravatar.com\/avatar\/61d268e57d1f4525b111222e29d2d5a7f8c420fdbf231ba5566a8ceac74fa960?s=96&d=mm&r=g","caption":"Tibor atya"},"url":"https:\/\/stuttgarti-katolikusok.de\/index.php\/author\/tibor-atya\/"}]}},"_links":{"self":[{"href":"https:\/\/stuttgarti-katolikusok.de\/index.php\/wp-json\/wp\/v2\/posts\/13780","targetHints":{"allow":["GET"]}}],"collection":[{"href":"https:\/\/stuttgarti-katolikusok.de\/index.php\/wp-json\/wp\/v2\/posts"}],"about":[{"href":"https:\/\/stuttgarti-katolikusok.de\/index.php\/wp-json\/wp\/v2\/types\/post"}],"author":[{"embeddable":true,"href":"https:\/\/stuttgarti-katolikusok.de\/index.php\/wp-json\/wp\/v2\/users\/3"}],"replies":[{"embeddable":true,"href":"https:\/\/stuttgarti-katolikusok.de\/index.php\/wp-json\/wp\/v2\/comments?post=13780"}],"version-history":[{"count":1,"href":"https:\/\/stuttgarti-katolikusok.de\/index.php\/wp-json\/wp\/v2\/posts\/13780\/revisions"}],"predecessor-version":[{"id":13781,"href":"https:\/\/stuttgarti-katolikusok.de\/index.php\/wp-json\/wp\/v2\/posts\/13780\/revisions\/13781"}],"wp:attachment":[{"href":"https:\/\/stuttgarti-katolikusok.de\/index.php\/wp-json\/wp\/v2\/media?parent=13780"}],"wp:term":[{"taxonomy":"category","embeddable":true,"href":"https:\/\/stuttgarti-katolikusok.de\/index.php\/wp-json\/wp\/v2\/categories?post=13780"},{"taxonomy":"post_tag","embeddable":true,"href":"https:\/\/stuttgarti-katolikusok.de\/index.php\/wp-json\/wp\/v2\/tags?post=13780"}],"curies":[{"name":"wp","href":"https:\/\/api.w.org\/{rel}","templated":true}]}}