{"id":13735,"date":"2018-02-19T18:59:33","date_gmt":"2018-02-19T18:59:33","guid":{"rendered":"https:\/\/gracious-dewdney.138-201-221-2.plesk.page\/?p=13735"},"modified":"2018-02-19T22:07:41","modified_gmt":"2018-02-19T22:07:41","slug":"programelozetes-februar-19-es-25-kozott","status":"publish","type":"post","link":"https:\/\/stuttgarti-katolikusok.de\/index.php\/programelozetes-februar-19-es-25-kozott\/","title":{"rendered":"Programel\u0151zetes febru\u00e1r 19 \u00e9s 25 k\u00f6z\u00f6tt"},"content":{"rendered":"<p><strong>Programel\u0151zetes<\/strong><\/p>\n<p><strong>Febru\u00e1r 22-\u00e9n,<\/strong> cs\u00fct\u00f6rt\u00f6k\u00f6n,<\/p>\n<p><strong>Ulmi <\/strong>d\u00e9lut\u00e1n. 17.30 \u00f3rakor <em>kereszt\u00fati \u00e1jtatoss\u00e1g, szentmise.<\/em> Ut\u00e1na <em>Besz\u00e9lget\u00e9sek a Bibli\u00e1r\u00f3l.<\/em><\/p>\n<p style=\"text-align: center;\">*<\/p>\n<p><strong>Febru\u00e1r 23-\u00e1n, <\/strong>p\u00e9nteken,<\/p>\n<p><strong>Stuttgartban<\/strong> 16.00 \u00f3rakor <em>Bar\u00e1ts\u00e1gklub<\/em>. 18.00 \u00f3rakor <em>kereszt\u00fati \u00e1jtatoss\u00e1g, <\/em>majd <em>szentmise. <\/em>19.00 \u00f3rakor pedig <em>Sportklub<\/em>.<\/p>\n<p><strong>Weingarteni d\u00e9lut\u00e1n<\/strong> a Marien Kirche-ben. 17.30 \u00f3rakor <em>kereszt\u00fati \u00e1jtatoss\u00e1g<\/em>, 18.00 \u00f3rakor <em>szentmise<\/em>, azt k\u00f6vet\u0151en pedig <em>Besz\u00e9lget\u00e9sek a Bibli\u00e1r\u00f3l<\/em>.<\/p>\n<p style=\"text-align: center;\">*<\/p>\n<p><strong>Febru\u00e1r 24-\u00e1n<\/strong>, szombaton,<\/p>\n<p><strong>Heidenheimban <\/strong>15.30 \u00f3rakor <em>szentmise, hamvaz\u00e1s. <\/em>Ut\u00e1na <em>\u00e1g\u00e1p\u00e9.<\/em><\/p>\n<p style=\"text-align: center;\">*<\/p>\n<p><strong>Febru\u00e1r 25-\u00e9n, <\/strong>nagyb\u00f6jt 2. vas\u00e1rnapja,<\/p>\n<p><strong>Biberachban \u00a0<\/strong>8.45 \u00f3rakor <em>szentmise.<\/em> Keret\u00e9ben <em>hamvaz\u00e1s<\/em>. Ut\u00e1na <em>\u00e1g\u00e1p\u00e9.<\/em><\/p>\n<p><strong>B\u00f6blingenben <\/strong>9.30 \u00f3rakor <em>szentmise<\/em>. Keret\u00e9ben <em>hamvaz\u00e1s<\/em>. Ut\u00e1na <em>\u00e1g\u00e1p\u00e9.<\/em><strong> \u00a0\u00a0\u00a0\u00a0\u00a0 <\/strong><\/p>\n<p><strong>Ulmban <\/strong>12.00 \u00f3rakor <em>szentmise.<\/em> Keret\u00e9ben <em>hamvaz\u00e1s<\/em>.<\/p>\n<p><strong>Eislingenben <\/strong>15.00 \u00f3rakor <em>szentmise<\/em>. Keret\u00e9ben <em>hamvaz\u00e1s<\/em>. Ut\u00e1na <em>\u00e1g\u00e1p\u00e9.<\/em><\/p>\n<p><strong>Heilbronnban <\/strong>15.30 \u00f3rakor <em>szentmise<\/em>. Keret\u00e9ben <em>hamvaz\u00e1s<\/em>. Ut\u00e1na <em>\u00e1g\u00e1p\u00e9<\/em>.<\/p>\n<p style=\"text-align: center;\">*<em>\u00a0<\/em><\/p>\n<p><em>\u201e A k\u00e9pmutat\u00f3 az\u00e9rt b\u00f6jt\u00f6l, hogy dics\u00e9rj\u00e9k. A fukari, hogy t\u00f6mje a zseb\u00e9t. Az igaz ember az\u00e9rt b\u00f6jt\u00f6l, hogy Isten tetsz\u00e9s\u00e9t elnyerje.\u201d <\/em><strong>(P\u00e1duai Szent Antal \u2013 1195-1231 \u2013 egyh\u00e1ztan\u00edt\u00f3)<\/strong><\/p>\n<p><strong><em>Kegyelemteljes nagyb\u00f6jti napokat, j\u00f3 munk\u00e1t, tartalmas besz\u00e9lget\u00e9seket \u00e9s \u00f6r\u00f6mteli tal\u00e1lkoz\u00e1sokat k\u00edv\u00e1nunk minden Kedves H\u00edv\u00fcnknek!<\/em><\/strong><\/p>\n","protected":false},"excerpt":{"rendered":"<p>Programel\u0151zetes Febru\u00e1r 22-\u00e9n, cs\u00fct\u00f6rt\u00f6k\u00f6n, Ulmi d\u00e9lut\u00e1n. 17.30 \u00f3rakor kereszt\u00fati \u00e1jtatoss\u00e1g, szentmise. Ut\u00e1na Besz\u00e9lget\u00e9sek a Bibli\u00e1r\u00f3l. * Febru\u00e1r 23-\u00e1n, p\u00e9nteken, Stuttgartban 16.00 \u00f3rakor Bar\u00e1ts\u00e1gklub. 18.00 \u00f3rakor kereszt\u00fati \u00e1jtatoss\u00e1g, majd szentmise. 19.00 \u00f3rakor pedig Sportklub. Weingarteni d\u00e9lut\u00e1n a Marien Kirche-ben. 17.30 \u00f3rakor kereszt\u00fati \u00e1jtatoss\u00e1g, 18.00 \u00f3rakor szentmise, azt k\u00f6vet\u0151en pedig Besz\u00e9lget\u00e9sek a Bibli\u00e1r\u00f3l. * Febru\u00e1r 24-\u00e1n, szombaton, Heidenheimban 15.30 \u00f3rakor szentmise, hamvaz\u00e1s. Ut\u00e1na \u00e1g\u00e1p\u00e9. * Febru\u00e1r 25-\u00e9n, nagyb\u00f6jt 2. vas\u00e1rnapja, Biberachban \u00a08.45 \u00f3rakor szentmise. Keret\u00e9ben hamvaz\u00e1s. Ut\u00e1na \u00e1g\u00e1p\u00e9. B\u00f6blingenben 9.30 \u00f3rakor szentmise. Keret\u00e9ben hamvaz\u00e1s. Ut\u00e1na \u00e1g\u00e1p\u00e9. \u00a0\u00a0\u00a0\u00a0\u00a0 Ulmban 12.00 \u00f3rakor szentmise. Keret\u00e9ben hamvaz\u00e1s. Eislingenben 15.00 \u00f3rakor szentmise. Keret\u00e9ben hamvaz\u00e1s. Ut\u00e1na \u00e1g\u00e1p\u00e9. Heilbronnban 15.30 \u00f3rakor szentmise. Keret\u00e9ben hamvaz\u00e1s. Ut\u00e1na \u00e1g\u00e1p\u00e9. *\u00a0 \u201e A k\u00e9pmutat\u00f3 az\u00e9rt b\u00f6jt\u00f6l, hogy dics\u00e9rj\u00e9k. A fukari, hogy t\u00f6mje a zseb\u00e9t. Az igaz ember az\u00e9rt b\u00f6jt\u00f6l, hogy Isten tetsz\u00e9s\u00e9t elnyerje.\u201d (P\u00e1duai Szent Antal \u2013 1195-1231 \u2013 egyh\u00e1ztan\u00edt\u00f3) Kegyelemteljes nagyb\u00f6jti napokat, j\u00f3 munk\u00e1t, tartalmas besz\u00e9lget\u00e9seket \u00e9s \u00f6r\u00f6mteli tal\u00e1lkoz\u00e1sokat k\u00edv\u00e1nunk minden Kedves H\u00edv\u00fcnknek!<\/p>\n","protected":false},"author":3,"featured_media":0,"comment_status":"closed","ping_status":"closed","sticky":false,"template":"","format":"standard","meta":{"footnotes":""},"categories":[37],"tags":[],"class_list":["post-13735","post","type-post","status-publish","format-standard","hentry","category-progamelozetes"],"yoast_head":"<!-- This site is optimized with the Yoast SEO plugin v27.3 - https:\/\/yoast.com\/product\/yoast-seo-wordpress\/ -->\n<title>Programel\u0151zetes febru\u00e1r 19 \u00e9s 25 k\u00f6z\u00f6tt - Stuttgarti Katolikusok<\/title>\n<meta name=\"robots\" content=\"index, follow, max-snippet:-1, max-image-preview:large, max-video-preview:-1\" \/>\n<link rel=\"canonical\" href=\"https:\/\/stuttgarti-katolikusok.de\/index.php\/programelozetes-februar-19-es-25-kozott\/\" \/>\n<meta property=\"og:locale\" content=\"hu_HU\" \/>\n<meta property=\"og:type\" content=\"article\" \/>\n<meta property=\"og:title\" content=\"Programel\u0151zetes febru\u00e1r 19 \u00e9s 25 k\u00f6z\u00f6tt - Stuttgarti Katolikusok\" \/>\n<meta property=\"og:description\" content=\"Programel\u0151zetes Febru\u00e1r 22-\u00e9n, cs\u00fct\u00f6rt\u00f6k\u00f6n, Ulmi d\u00e9lut\u00e1n. 17.30 \u00f3rakor kereszt\u00fati \u00e1jtatoss\u00e1g, szentmise. Ut\u00e1na Besz\u00e9lget\u00e9sek a Bibli\u00e1r\u00f3l. * Febru\u00e1r 23-\u00e1n, p\u00e9nteken, Stuttgartban 16.00 \u00f3rakor Bar\u00e1ts\u00e1gklub. 18.00 \u00f3rakor kereszt\u00fati \u00e1jtatoss\u00e1g, majd szentmise. 19.00 \u00f3rakor pedig Sportklub. Weingarteni d\u00e9lut\u00e1n a Marien Kirche-ben. 17.30 \u00f3rakor kereszt\u00fati \u00e1jtatoss\u00e1g, 18.00 \u00f3rakor szentmise, azt k\u00f6vet\u0151en pedig Besz\u00e9lget\u00e9sek a Bibli\u00e1r\u00f3l. * Febru\u00e1r 24-\u00e1n, szombaton, Heidenheimban 15.30 \u00f3rakor szentmise, hamvaz\u00e1s. Ut\u00e1na \u00e1g\u00e1p\u00e9. * Febru\u00e1r 25-\u00e9n, nagyb\u00f6jt 2. vas\u00e1rnapja, Biberachban \u00a08.45 \u00f3rakor szentmise. Keret\u00e9ben hamvaz\u00e1s. Ut\u00e1na \u00e1g\u00e1p\u00e9. B\u00f6blingenben 9.30 \u00f3rakor szentmise. Keret\u00e9ben hamvaz\u00e1s. Ut\u00e1na \u00e1g\u00e1p\u00e9. \u00a0\u00a0\u00a0\u00a0\u00a0 Ulmban 12.00 \u00f3rakor szentmise. Keret\u00e9ben hamvaz\u00e1s. Eislingenben 15.00 \u00f3rakor szentmise. Keret\u00e9ben hamvaz\u00e1s. Ut\u00e1na \u00e1g\u00e1p\u00e9. Heilbronnban 15.30 \u00f3rakor szentmise. Keret\u00e9ben hamvaz\u00e1s. Ut\u00e1na \u00e1g\u00e1p\u00e9. *\u00a0 \u201e A k\u00e9pmutat\u00f3 az\u00e9rt b\u00f6jt\u00f6l, hogy dics\u00e9rj\u00e9k. A fukari, hogy t\u00f6mje a zseb\u00e9t. Az igaz ember az\u00e9rt b\u00f6jt\u00f6l, hogy Isten tetsz\u00e9s\u00e9t elnyerje.\u201d (P\u00e1duai Szent Antal \u2013 1195-1231 \u2013 egyh\u00e1ztan\u00edt\u00f3) Kegyelemteljes nagyb\u00f6jti napokat, j\u00f3 munk\u00e1t, tartalmas besz\u00e9lget\u00e9seket \u00e9s \u00f6r\u00f6mteli tal\u00e1lkoz\u00e1sokat k\u00edv\u00e1nunk minden Kedves H\u00edv\u00fcnknek!\" \/>\n<meta property=\"og:url\" content=\"https:\/\/stuttgarti-katolikusok.de\/index.php\/programelozetes-februar-19-es-25-kozott\/\" \/>\n<meta property=\"og:site_name\" content=\"Stuttgarti Katolikusok\" \/>\n<meta property=\"article:published_time\" content=\"2018-02-19T18:59:33+00:00\" \/>\n<meta property=\"article:modified_time\" content=\"2018-02-19T22:07:41+00:00\" \/>\n<meta name=\"author\" content=\"Tibor atya\" \/>\n<meta name=\"twitter:card\" content=\"summary_large_image\" \/>\n<meta name=\"twitter:label1\" content=\"Szerz\u0151:\" \/>\n\t<meta name=\"twitter:data1\" content=\"Tibor atya\" \/>\n\t<meta name=\"twitter:label2\" content=\"Becs\u00fclt olvas\u00e1si id\u0151\" \/>\n\t<meta name=\"twitter:data2\" content=\"1 perc\" \/>\n<script type=\"application\/ld+json\" class=\"yoast-schema-graph\">{\"@context\":\"https:\\\/\\\/schema.org\",\"@graph\":[{\"@type\":\"Article\",\"@id\":\"https:\\\/\\\/stuttgarti-katolikusok.de\\\/index.php\\\/programelozetes-februar-19-es-25-kozott\\\/#article\",\"isPartOf\":{\"@id\":\"https:\\\/\\\/stuttgarti-katolikusok.de\\\/index.php\\\/programelozetes-februar-19-es-25-kozott\\\/\"},\"author\":{\"name\":\"Tibor atya\",\"@id\":\"https:\\\/\\\/stuttgarti-katolikusok.de\\\/#\\\/schema\\\/person\\\/75908d6f8fdc03a57889d27209df7795\"},\"headline\":\"Programel\u0151zetes febru\u00e1r 19 \u00e9s 25 k\u00f6z\u00f6tt\",\"datePublished\":\"2018-02-19T18:59:33+00:00\",\"dateModified\":\"2018-02-19T22:07:41+00:00\",\"mainEntityOfPage\":{\"@id\":\"https:\\\/\\\/stuttgarti-katolikusok.de\\\/index.php\\\/programelozetes-februar-19-es-25-kozott\\\/\"},\"wordCount\":226,\"articleSection\":[\"Progamel\u0151zetes\"],\"inLanguage\":\"hu\"},{\"@type\":\"WebPage\",\"@id\":\"https:\\\/\\\/stuttgarti-katolikusok.de\\\/index.php\\\/programelozetes-februar-19-es-25-kozott\\\/\",\"url\":\"https:\\\/\\\/stuttgarti-katolikusok.de\\\/index.php\\\/programelozetes-februar-19-es-25-kozott\\\/\",\"name\":\"Programel\u0151zetes febru\u00e1r 19 \u00e9s 25 k\u00f6z\u00f6tt - Stuttgarti Katolikusok\",\"isPartOf\":{\"@id\":\"https:\\\/\\\/stuttgarti-katolikusok.de\\\/#website\"},\"datePublished\":\"2018-02-19T18:59:33+00:00\",\"dateModified\":\"2018-02-19T22:07:41+00:00\",\"author\":{\"@id\":\"https:\\\/\\\/stuttgarti-katolikusok.de\\\/#\\\/schema\\\/person\\\/75908d6f8fdc03a57889d27209df7795\"},\"breadcrumb\":{\"@id\":\"https:\\\/\\\/stuttgarti-katolikusok.de\\\/index.php\\\/programelozetes-februar-19-es-25-kozott\\\/#breadcrumb\"},\"inLanguage\":\"hu\",\"potentialAction\":[{\"@type\":\"ReadAction\",\"target\":[\"https:\\\/\\\/stuttgarti-katolikusok.de\\\/index.php\\\/programelozetes-februar-19-es-25-kozott\\\/\"]}]},{\"@type\":\"BreadcrumbList\",\"@id\":\"https:\\\/\\\/stuttgarti-katolikusok.de\\\/index.php\\\/programelozetes-februar-19-es-25-kozott\\\/#breadcrumb\",\"itemListElement\":[{\"@type\":\"ListItem\",\"position\":1,\"name\":\"Kezd\u0151lap\",\"item\":\"https:\\\/\\\/stuttgarti-katolikusok.de\\\/\"},{\"@type\":\"ListItem\",\"position\":2,\"name\":\"Programel\u0151zetes febru\u00e1r 19 \u00e9s 25 k\u00f6z\u00f6tt\"}]},{\"@type\":\"WebSite\",\"@id\":\"https:\\\/\\\/stuttgarti-katolikusok.de\\\/#website\",\"url\":\"https:\\\/\\\/stuttgarti-katolikusok.de\\\/\",\"name\":\"Stuttgarti Katolikusok\",\"description\":\"\",\"potentialAction\":[{\"@type\":\"SearchAction\",\"target\":{\"@type\":\"EntryPoint\",\"urlTemplate\":\"https:\\\/\\\/stuttgarti-katolikusok.de\\\/?s={search_term_string}\"},\"query-input\":{\"@type\":\"PropertyValueSpecification\",\"valueRequired\":true,\"valueName\":\"search_term_string\"}}],\"inLanguage\":\"hu\"},{\"@type\":\"Person\",\"@id\":\"https:\\\/\\\/stuttgarti-katolikusok.de\\\/#\\\/schema\\\/person\\\/75908d6f8fdc03a57889d27209df7795\",\"name\":\"Tibor atya\",\"image\":{\"@type\":\"ImageObject\",\"inLanguage\":\"hu\",\"@id\":\"https:\\\/\\\/secure.gravatar.com\\\/avatar\\\/61d268e57d1f4525b111222e29d2d5a7f8c420fdbf231ba5566a8ceac74fa960?s=96&d=mm&r=g\",\"url\":\"https:\\\/\\\/secure.gravatar.com\\\/avatar\\\/61d268e57d1f4525b111222e29d2d5a7f8c420fdbf231ba5566a8ceac74fa960?s=96&d=mm&r=g\",\"contentUrl\":\"https:\\\/\\\/secure.gravatar.com\\\/avatar\\\/61d268e57d1f4525b111222e29d2d5a7f8c420fdbf231ba5566a8ceac74fa960?s=96&d=mm&r=g\",\"caption\":\"Tibor atya\"},\"url\":\"https:\\\/\\\/stuttgarti-katolikusok.de\\\/index.php\\\/author\\\/tibor-atya\\\/\"}]}<\/script>\n<!-- \/ Yoast SEO plugin. -->","yoast_head_json":{"title":"Programel\u0151zetes febru\u00e1r 19 \u00e9s 25 k\u00f6z\u00f6tt - Stuttgarti Katolikusok","robots":{"index":"index","follow":"follow","max-snippet":"max-snippet:-1","max-image-preview":"max-image-preview:large","max-video-preview":"max-video-preview:-1"},"canonical":"https:\/\/stuttgarti-katolikusok.de\/index.php\/programelozetes-februar-19-es-25-kozott\/","og_locale":"hu_HU","og_type":"article","og_title":"Programel\u0151zetes febru\u00e1r 19 \u00e9s 25 k\u00f6z\u00f6tt - Stuttgarti Katolikusok","og_description":"Programel\u0151zetes Febru\u00e1r 22-\u00e9n, cs\u00fct\u00f6rt\u00f6k\u00f6n, Ulmi d\u00e9lut\u00e1n. 17.30 \u00f3rakor kereszt\u00fati \u00e1jtatoss\u00e1g, szentmise. Ut\u00e1na Besz\u00e9lget\u00e9sek a Bibli\u00e1r\u00f3l. * Febru\u00e1r 23-\u00e1n, p\u00e9nteken, Stuttgartban 16.00 \u00f3rakor Bar\u00e1ts\u00e1gklub. 18.00 \u00f3rakor kereszt\u00fati \u00e1jtatoss\u00e1g, majd szentmise. 19.00 \u00f3rakor pedig Sportklub. Weingarteni d\u00e9lut\u00e1n a Marien Kirche-ben. 17.30 \u00f3rakor kereszt\u00fati \u00e1jtatoss\u00e1g, 18.00 \u00f3rakor szentmise, azt k\u00f6vet\u0151en pedig Besz\u00e9lget\u00e9sek a Bibli\u00e1r\u00f3l. * Febru\u00e1r 24-\u00e1n, szombaton, Heidenheimban 15.30 \u00f3rakor szentmise, hamvaz\u00e1s. Ut\u00e1na \u00e1g\u00e1p\u00e9. * Febru\u00e1r 25-\u00e9n, nagyb\u00f6jt 2. vas\u00e1rnapja, Biberachban \u00a08.45 \u00f3rakor szentmise. Keret\u00e9ben hamvaz\u00e1s. Ut\u00e1na \u00e1g\u00e1p\u00e9. B\u00f6blingenben 9.30 \u00f3rakor szentmise. Keret\u00e9ben hamvaz\u00e1s. Ut\u00e1na \u00e1g\u00e1p\u00e9. \u00a0\u00a0\u00a0\u00a0\u00a0 Ulmban 12.00 \u00f3rakor szentmise. Keret\u00e9ben hamvaz\u00e1s. Eislingenben 15.00 \u00f3rakor szentmise. Keret\u00e9ben hamvaz\u00e1s. Ut\u00e1na \u00e1g\u00e1p\u00e9. Heilbronnban 15.30 \u00f3rakor szentmise. Keret\u00e9ben hamvaz\u00e1s. Ut\u00e1na \u00e1g\u00e1p\u00e9. *\u00a0 \u201e A k\u00e9pmutat\u00f3 az\u00e9rt b\u00f6jt\u00f6l, hogy dics\u00e9rj\u00e9k. A fukari, hogy t\u00f6mje a zseb\u00e9t. Az igaz ember az\u00e9rt b\u00f6jt\u00f6l, hogy Isten tetsz\u00e9s\u00e9t elnyerje.\u201d (P\u00e1duai Szent Antal \u2013 1195-1231 \u2013 egyh\u00e1ztan\u00edt\u00f3) Kegyelemteljes nagyb\u00f6jti napokat, j\u00f3 munk\u00e1t, tartalmas besz\u00e9lget\u00e9seket \u00e9s \u00f6r\u00f6mteli tal\u00e1lkoz\u00e1sokat k\u00edv\u00e1nunk minden Kedves H\u00edv\u00fcnknek!","og_url":"https:\/\/stuttgarti-katolikusok.de\/index.php\/programelozetes-februar-19-es-25-kozott\/","og_site_name":"Stuttgarti Katolikusok","article_published_time":"2018-02-19T18:59:33+00:00","article_modified_time":"2018-02-19T22:07:41+00:00","author":"Tibor atya","twitter_card":"summary_large_image","twitter_misc":{"Szerz\u0151:":"Tibor atya","Becs\u00fclt olvas\u00e1si id\u0151":"1 perc"},"schema":{"@context":"https:\/\/schema.org","@graph":[{"@type":"Article","@id":"https:\/\/stuttgarti-katolikusok.de\/index.php\/programelozetes-februar-19-es-25-kozott\/#article","isPartOf":{"@id":"https:\/\/stuttgarti-katolikusok.de\/index.php\/programelozetes-februar-19-es-25-kozott\/"},"author":{"name":"Tibor atya","@id":"https:\/\/stuttgarti-katolikusok.de\/#\/schema\/person\/75908d6f8fdc03a57889d27209df7795"},"headline":"Programel\u0151zetes febru\u00e1r 19 \u00e9s 25 k\u00f6z\u00f6tt","datePublished":"2018-02-19T18:59:33+00:00","dateModified":"2018-02-19T22:07:41+00:00","mainEntityOfPage":{"@id":"https:\/\/stuttgarti-katolikusok.de\/index.php\/programelozetes-februar-19-es-25-kozott\/"},"wordCount":226,"articleSection":["Progamel\u0151zetes"],"inLanguage":"hu"},{"@type":"WebPage","@id":"https:\/\/stuttgarti-katolikusok.de\/index.php\/programelozetes-februar-19-es-25-kozott\/","url":"https:\/\/stuttgarti-katolikusok.de\/index.php\/programelozetes-februar-19-es-25-kozott\/","name":"Programel\u0151zetes febru\u00e1r 19 \u00e9s 25 k\u00f6z\u00f6tt - Stuttgarti Katolikusok","isPartOf":{"@id":"https:\/\/stuttgarti-katolikusok.de\/#website"},"datePublished":"2018-02-19T18:59:33+00:00","dateModified":"2018-02-19T22:07:41+00:00","author":{"@id":"https:\/\/stuttgarti-katolikusok.de\/#\/schema\/person\/75908d6f8fdc03a57889d27209df7795"},"breadcrumb":{"@id":"https:\/\/stuttgarti-katolikusok.de\/index.php\/programelozetes-februar-19-es-25-kozott\/#breadcrumb"},"inLanguage":"hu","potentialAction":[{"@type":"ReadAction","target":["https:\/\/stuttgarti-katolikusok.de\/index.php\/programelozetes-februar-19-es-25-kozott\/"]}]},{"@type":"BreadcrumbList","@id":"https:\/\/stuttgarti-katolikusok.de\/index.php\/programelozetes-februar-19-es-25-kozott\/#breadcrumb","itemListElement":[{"@type":"ListItem","position":1,"name":"Kezd\u0151lap","item":"https:\/\/stuttgarti-katolikusok.de\/"},{"@type":"ListItem","position":2,"name":"Programel\u0151zetes febru\u00e1r 19 \u00e9s 25 k\u00f6z\u00f6tt"}]},{"@type":"WebSite","@id":"https:\/\/stuttgarti-katolikusok.de\/#website","url":"https:\/\/stuttgarti-katolikusok.de\/","name":"Stuttgarti Katolikusok","description":"","potentialAction":[{"@type":"SearchAction","target":{"@type":"EntryPoint","urlTemplate":"https:\/\/stuttgarti-katolikusok.de\/?s={search_term_string}"},"query-input":{"@type":"PropertyValueSpecification","valueRequired":true,"valueName":"search_term_string"}}],"inLanguage":"hu"},{"@type":"Person","@id":"https:\/\/stuttgarti-katolikusok.de\/#\/schema\/person\/75908d6f8fdc03a57889d27209df7795","name":"Tibor atya","image":{"@type":"ImageObject","inLanguage":"hu","@id":"https:\/\/secure.gravatar.com\/avatar\/61d268e57d1f4525b111222e29d2d5a7f8c420fdbf231ba5566a8ceac74fa960?s=96&d=mm&r=g","url":"https:\/\/secure.gravatar.com\/avatar\/61d268e57d1f4525b111222e29d2d5a7f8c420fdbf231ba5566a8ceac74fa960?s=96&d=mm&r=g","contentUrl":"https:\/\/secure.gravatar.com\/avatar\/61d268e57d1f4525b111222e29d2d5a7f8c420fdbf231ba5566a8ceac74fa960?s=96&d=mm&r=g","caption":"Tibor atya"},"url":"https:\/\/stuttgarti-katolikusok.de\/index.php\/author\/tibor-atya\/"}]}},"_links":{"self":[{"href":"https:\/\/stuttgarti-katolikusok.de\/index.php\/wp-json\/wp\/v2\/posts\/13735","targetHints":{"allow":["GET"]}}],"collection":[{"href":"https:\/\/stuttgarti-katolikusok.de\/index.php\/wp-json\/wp\/v2\/posts"}],"about":[{"href":"https:\/\/stuttgarti-katolikusok.de\/index.php\/wp-json\/wp\/v2\/types\/post"}],"author":[{"embeddable":true,"href":"https:\/\/stuttgarti-katolikusok.de\/index.php\/wp-json\/wp\/v2\/users\/3"}],"replies":[{"embeddable":true,"href":"https:\/\/stuttgarti-katolikusok.de\/index.php\/wp-json\/wp\/v2\/comments?post=13735"}],"version-history":[{"count":2,"href":"https:\/\/stuttgarti-katolikusok.de\/index.php\/wp-json\/wp\/v2\/posts\/13735\/revisions"}],"predecessor-version":[{"id":13739,"href":"https:\/\/stuttgarti-katolikusok.de\/index.php\/wp-json\/wp\/v2\/posts\/13735\/revisions\/13739"}],"wp:attachment":[{"href":"https:\/\/stuttgarti-katolikusok.de\/index.php\/wp-json\/wp\/v2\/media?parent=13735"}],"wp:term":[{"taxonomy":"category","embeddable":true,"href":"https:\/\/stuttgarti-katolikusok.de\/index.php\/wp-json\/wp\/v2\/categories?post=13735"},{"taxonomy":"post_tag","embeddable":true,"href":"https:\/\/stuttgarti-katolikusok.de\/index.php\/wp-json\/wp\/v2\/tags?post=13735"}],"curies":[{"name":"wp","href":"https:\/\/api.w.org\/{rel}","templated":true}]}}