{"id":13723,"date":"2018-02-17T12:15:01","date_gmt":"2018-02-17T12:15:01","guid":{"rendered":"https:\/\/gracious-dewdney.138-201-221-2.plesk.page\/?p=13723"},"modified":"2018-02-17T12:15:01","modified_gmt":"2018-02-17T12:15:01","slug":"az-irgalmassag-tettei","status":"publish","type":"post","link":"https:\/\/stuttgarti-katolikusok.de\/index.php\/az-irgalmassag-tettei\/","title":{"rendered":"Az irgalmass\u00e1g tettei&#8230;"},"content":{"rendered":"<h4><em>\u201e&#8230; most buzg\u00f3bban gyakorolj\u00e1k az irgalmass\u00e1g tetteit\u201d<\/em><\/h4>\n<p>Ez a fenti mondatt\u00f6red\u00e9k egyik nagyb\u00f6jti <em>pref\u00e1ci\u00f3nkb\u00f3l <\/em>(az eukarisztikus ima bevezet\u0151je) sz\u00e1rmazik. Az els\u0151 k\u00e9rd\u00e9s, ami vele kapcsolatban f\u00f6lmer\u00fcl: Milyen cselekedeteket nevez\u00fcnk <em>\u201eaz irgalmass\u00e1g tetteinek\u201d?<\/em><\/p>\n<p>Hogy jobban meg\u00e9rts\u00fck a v\u00e1laszt, kezdj\u00fck a j\u00f3l ismert evang\u00e9liumi t\u00f6rt\u00e9nettel az utols\u00f3 \u00edt\u00e9letr\u0151l (Mt 25,31-46), amelynek egyik legszebb \u00e9s legdr\u00e1maibb m\u0171v\u00e9szeti lecsap\u00f3d\u00e1sa Michelangelo Buonarotti (1475-1564) <em>\u201eUtols\u00f3 \u00edt\u00e9lete\u201d<\/em> a Sixtina-k\u00e1poln\u00e1ban.<\/p>\n<p>Krisztus megjelenik dics\u0151s\u00e9g\u00e9ben \u00e9s sz\u00e1mad\u00e1st tart minden ember f\u00f6l\u00f6tt. A j\u00f3kat \u2013 szavai szerint \u2013 jobbj\u00e1ra, a rosszakat pedig a balj\u00e1ra \u00e1ll\u00edtja. De nem csak int, hanem elmondja azt is, hogy minek alapj\u00e1n fog majd \u00edgy cselekedni.<\/p>\n<p>Mit kell tenni\u00fck tan\u00edtv\u00e1nyainak, hogy majd az \u00edt\u00e9letkor jobbj\u00e1ra \u00e1llhassanak? J\u00e9zus azt mondja: az \u00e9hez\u0151ket, a szeg\u00e9nyeket, a ruh\u00e1tlanokat, a betegeket \u00fagy kell gondozniuk, mintha \u0150t gondozn\u00e1k: <em>\u201eBizony mondom nektek, amit a legkisebbek valamelyik\u00e9vel nem tettetek, velem nem tett\u00e9tek\u201d<\/em> (v\u00f6. Mt 25,45). Azok, akik \u00edgy cselekszenek, azokat az \u00edt\u00e9letkor Krisztus megjutalmazza, azaz beengedi dics\u0151s\u00e9ge orsz\u00e1g\u00e1ba. Azokat viszont, akik nem ezek szerint a tettek szerint \u00e9ltek, Krisztus az \u00edt\u00e9letkor balj\u00e1ra \u00e1ll\u00edtja, azaz nem l\u00e9phetnek be oda.<\/p>\n<p>Az evang\u00e9liumi r\u00e9sz \u00f6sszefoglal\u00e1sa teh\u00e1t \u00edgy hangzik: Hogy hogyan sz\u00f3l majd a fejedre olvasott \u00edt\u00e9let, az majd att\u00f3l f\u00fcgg, hogy gyakoroltad-e az irgalmass\u00e1g tetteit vagy sem?<\/p>\n<p>M\u00e1t\u00e9 evang\u00e9liuma a fenti r\u00e9szben <em>7 irgalmasss\u00e1gi cselekedetet<\/em> sorol fel: \u00e9hez\u0151knek \u00e9telt adni, szomjaz\u00f3knak italt adni, mez\u00edteleneket felruh\u00e1zni, utasoknak sz\u00e1ll\u00e1st adni, foglyokat kiv\u00e1ltani, betegeket l\u00e1togatni, halottakat eltemetni. Ezeket h\u00edvjuk <em>az irgalmass\u00e1g<\/em> <em>testi cselekedetei<\/em>nek.<\/p>\n<p>A kereszt\u00e9ny hagyom\u00e1ny az id\u0151k folyam\u00e1n <em>m\u00e9g 7-et<\/em> f\u0171z\u00f6tt hozz\u00e1juk. Ezek a k\u00f6vetkez\u0151k: b\u0171n\u00f6s\u00f6ket meginteni, tudatlanokat tan\u00edtani, k\u00e9telked\u0151knek j\u00f3tan\u00e1csot adni, szomor\u00faakat vigasztalni, b\u00e1ntalmakat b\u00e9k\u00e9vel t\u0171rni, az ellen\u00fcnk v\u00e9t\u0151knek megbocs\u00e1tani, \u00e9l\u0151k\u00e9rt \u00e9s holtak\u00e9rt im\u00e1dkozni. Ezeket h\u00edvjuk <em>az irgalmass\u00e1g lelki cselekedeteinek. <\/em>Az irgalmass\u00e1g testi \u00e9s lelki cselekedetei az az <em>\u201eedz\u0151p\u00e1lya\u201d,<\/em> amelyen embert\u00e1rsaink sz\u00fcks\u00e9geihez kereszt\u00e9ny m\u00f3don viszonyulhatunk.<\/p>\n<p>El\u0151sz\u00f6r is sz\u00fcks\u00e9get szenved\u0151 embert\u00e1rsainkon csakis akkor seg\u00edthet\u00fcnk hat\u00e9konyan, <em>ha el\u0151bb felismerj\u00fck, hogy miben szenvednek hi\u00e1nyt.<\/em> Ehhez azonban bels\u0151 l\u00e1t\u00f3 szemre van sz\u00fcks\u00e9g. Ezt kell el\u0151bb megszerezn\u00fcnk! Egy fiatalember a templomban olyan Isten-\u00e9lm\u00e9nyben r\u00e9szes\u00fclt, hogy lelke t\u00falcsordult. Amikor kij\u00f6tt\u00e9ben \u00e9szrevette a templom k\u00fcsz\u00f6b\u00e9n \u00fcl\u0151 koldust, odament hozz\u00e1 \u00e9s azt mondta neki: <em>\u201eTestv\u00e9r, szeretlek. Mondd, mire van sz\u00fcks\u00e9ged?<\/em>\u201d A b\u00f6lcs koldus r\u00e1n\u00e9zett \u00e9s ezt v\u00e1laszolta neki: <em>\u201eHa val\u00f3ban testv\u00e9red lenn\u00e9k, akkor tudn\u00e1d, mire van sz\u00fcks\u00e9gem!\u201d<\/em><\/p>\n<p>M\u00e1sodszor: sz\u00fcks\u00e9get szenved\u0151 embert\u00e1rsainkon akkor tudunk az irgalmass\u00e1g tettei szellem\u00e9ben seg\u00edteni, <em>ha helyzet\u00fckbe k\u00e9pzelj\u00fck magunkat.<\/em> Mindannyian tudjuk, hogy vannak olyan kil\u00e1t\u00e1stalan helyzetek, amelyekb\u0151l az ember saj\u00e1t mag\u00e1t nem tudja kiszabad\u00edtani. Egy nagybeteg nem k\u00e9pes mag\u00e1t meggy\u00f3gy\u00edtani, orvosra van sz\u00fcks\u00e9ge. Egy mez\u00edtelen nem tudja mag\u00e1t felruh\u00e1zni, sz\u00fcks\u00e9ge van valakire, aki \u0151t fel\u00f6lt\u00f6zteti. Egy halott nem tudja mag\u00e1t eltemetni. Egy b\u0171n\u00f6s nem k\u00e9pes mag\u00e1t meginteni, egy szomor\u00fa nem tudja\u00a0 mag\u00e1t megvigasztalni. Vannak teh\u00e1t olyan kil\u00e1t\u00e1stalan helyzetek, \u00e9s az \u00e9n \u00e9letemben sem ritk\u00e1k, amelyekb\u0151l csakis az embert\u00e1rs tud benn\u00fcnket kiszabad\u00edtani. Az az embert\u00e1rs, akinek a sz\u00edv\u00e9t meg\u00e9rintette m\u00e1sok nyomora, szeg\u00e9nys\u00e9ge, szomor\u00fas\u00e1ga.<\/p>\n<p>V\u00e9g\u00fcl, de nem utols\u00f3sorban: sz\u00fcks\u00e9get szenved\u0151 embert\u00e1rsainkon akkor tudunk az irgalmass\u00e1g cselekedeteinek szellem\u00e9ben seg\u00edteni, ha <em>p\u00e9ldak\u00e9p\u00fcl vessz\u00fck a szenteket.<\/em><\/p>\n<p>Ha most azokra a szentekre gondolok, akik az Egyh\u00e1z t\u00f6rt\u00e9nelme folyam\u00e1n az irgalmass\u00e1g testi vagy lelki cselekedeit gyakorolt\u00e1k, akkor egy sereg n\u00e9v jut eszembe. Viszont csak kett\u0151t hadd eml\u00edtsek meg, mindkett\u0151t szoros sz\u00e1lak f\u0171znek hozz\u00e1nk.<\/p>\n<p>M\u00e9g legkisebbjeink el\u0151tt is ismeretes Toursi Szent M\u00e1rton p\u00fcsp\u00f6k (316-397) neve. B\u00e1r \u0151k csak annyit tudnak, hogy M\u00e1rton p\u00fcsp\u00f6k \u2013 m\u00e9g katona kor\u00e1ban &#8211; egy koldusnak odaadta fele k\u00f6peny\u00e9t, a legfontosabbat m\u00e9gis tudj\u00e1k, amit nek\u00fcnk, feln\u0151tteknek is egy \u00e9letre meg kell jegyezn\u00fcnk: Krisztus igazi k\u00f6vet\u0151je megosztja, amije van.<\/p>\n<p>Vagy n\u00e9zz\u00fck a mi sz\u00e1munkra szint\u00e9n ismer\u0151s \u00e9s nagyrabecs\u00fclt \u00c1rp\u00e1dh\u00e1zi Szent Erzs\u00e9betet (1207-1231). J\u00f3llehet T\u00fcringia gr\u00f3fj\u00e1nak a feles\u00e9ge volt, m\u00e9gsem sz\u00e9gyellte a betegeket, a lepr\u00e1sokat, a szeg\u00e9nyeket gondozni, \u00e1polni \u00e9s ruh\u00e1zni. Miut\u00e1n f\u00e9rje a keresztes h\u00e1bor\u00faban meghalt, arra ford\u00edtotta megmaradt vagyon\u00e1t, hogy Marburgban k\u00f3rh\u00e1zat \u00e9p\u00edtsen a betegek sz\u00e1m\u00e1ra.<\/p>\n<p>Szent M\u00e1rton, Szent Erzs\u00e9bet \u00e9s m\u00e9g sokan m\u00e1sok sarkallnak benn\u00fcnket arra, hogy k\u00f6vess\u00fck \u0151ket <em>az irgalmass\u00e1g testi \u00e9s lelki cselekedeteinek<\/em> gyakorl\u00e1sa \u00fatj\u00e1n.<\/p>\n<p>Mert am\u00edg \u00e9rz\u00e9keny lelki szemmel keress\u00fck, hogy embert\u00e1rsaink miben szenvednek hi\u00e1nyt; am\u00edg helyzet\u00fckbe tudjuk k\u00e9pzelni magunkat; s am\u00edg \u2013 a szentek p\u00e9ld\u00e1ja szerint \u2013 seg\u00edt\u00fcnk rajtuk, addig, hiszem, nem fog benn\u00fcnket balj\u00e1ra \u00e1ll\u00edtani Krisztus!<\/p>\n<p>Ezt k\u00edv\u00e1nja minden H\u00edv\u00e9nek \u00e9s Olvas\u00f3j\u00e1nak<\/p>\n<p><em>Imre atya<\/em><\/p>\n<p><em>Stuttgart, 2018. nagyb\u00f6jtj\u00e9n.<\/em><\/p>\n<p>&nbsp;<\/p>\n","protected":false},"excerpt":{"rendered":"<p>\u201e&#8230; most buzg\u00f3bban gyakorolj\u00e1k az irgalmass\u00e1g tetteit\u201d Ez a fenti mondatt\u00f6red\u00e9k egyik nagyb\u00f6jti pref\u00e1ci\u00f3nkb\u00f3l (az eukarisztikus ima bevezet\u0151je) sz\u00e1rmazik. Az els\u0151 k\u00e9rd\u00e9s, ami vele kapcsolatban f\u00f6lmer\u00fcl: Milyen cselekedeteket nevez\u00fcnk \u201eaz irgalmass\u00e1g tetteinek\u201d? Hogy jobban meg\u00e9rts\u00fck a v\u00e1laszt, kezdj\u00fck a j\u00f3l ismert evang\u00e9liumi t\u00f6rt\u00e9nettel az utols\u00f3 \u00edt\u00e9letr\u0151l (Mt 25,31-46), amelynek egyik legszebb \u00e9s legdr\u00e1maibb m\u0171v\u00e9szeti lecsap\u00f3d\u00e1sa Michelangelo Buonarotti (1475-1564) \u201eUtols\u00f3 \u00edt\u00e9lete\u201d a Sixtina-k\u00e1poln\u00e1ban. Krisztus megjelenik dics\u0151s\u00e9g\u00e9ben \u00e9s sz\u00e1mad\u00e1st tart minden ember f\u00f6l\u00f6tt. A j\u00f3kat \u2013 szavai szerint \u2013 jobbj\u00e1ra, a rosszakat pedig a balj\u00e1ra \u00e1ll\u00edtja. De nem csak int, hanem elmondja azt is, hogy minek alapj\u00e1n fog majd \u00edgy cselekedni. Mit kell tenni\u00fck tan\u00edtv\u00e1nyainak, hogy majd az \u00edt\u00e9letkor jobbj\u00e1ra \u00e1llhassanak? J\u00e9zus azt mondja: az \u00e9hez\u0151ket, a szeg\u00e9nyeket, a ruh\u00e1tlanokat, a betegeket \u00fagy kell gondozniuk, mintha \u0150t gondozn\u00e1k: \u201eBizony mondom nektek, amit a legkisebbek valamelyik\u00e9vel nem tettetek, velem nem tett\u00e9tek\u201d (v\u00f6. Mt 25,45). Azok, akik \u00edgy cselekszenek, azokat az \u00edt\u00e9letkor Krisztus megjutalmazza, azaz beengedi dics\u0151s\u00e9ge orsz\u00e1g\u00e1ba. Azokat viszont, akik nem ezek szerint a tettek szerint \u00e9ltek, Krisztus az \u00edt\u00e9letkor balj\u00e1ra \u00e1ll\u00edtja, azaz nem l\u00e9phetnek be oda. Az evang\u00e9liumi r\u00e9sz \u00f6sszefoglal\u00e1sa teh\u00e1t \u00edgy hangzik: Hogy hogyan sz\u00f3l majd a fejedre olvasott \u00edt\u00e9let, az majd att\u00f3l f\u00fcgg, hogy gyakoroltad-e az irgalmass\u00e1g tetteit vagy sem? M\u00e1t\u00e9 evang\u00e9liuma a fenti r\u00e9szben 7 irgalmasss\u00e1gi cselekedetet sorol fel: \u00e9hez\u0151knek \u00e9telt adni, szomjaz\u00f3knak italt adni, mez\u00edteleneket felruh\u00e1zni, utasoknak sz\u00e1ll\u00e1st adni, foglyokat kiv\u00e1ltani, betegeket l\u00e1togatni, halottakat eltemetni. Ezeket h\u00edvjuk az irgalmass\u00e1g testi cselekedeteinek. A kereszt\u00e9ny hagyom\u00e1ny az id\u0151k folyam\u00e1n m\u00e9g 7-et f\u0171z\u00f6tt hozz\u00e1juk. Ezek a k\u00f6vetkez\u0151k: b\u0171n\u00f6s\u00f6ket meginteni, tudatlanokat tan\u00edtani, k\u00e9telked\u0151knek j\u00f3tan\u00e1csot adni, szomor\u00faakat vigasztalni, b\u00e1ntalmakat b\u00e9k\u00e9vel t\u0171rni, az ellen\u00fcnk v\u00e9t\u0151knek megbocs\u00e1tani, \u00e9l\u0151k\u00e9rt \u00e9s holtak\u00e9rt im\u00e1dkozni. Ezeket h\u00edvjuk az irgalmass\u00e1g lelki cselekedeteinek. Az irgalmass\u00e1g testi \u00e9s lelki cselekedetei az az \u201eedz\u0151p\u00e1lya\u201d, amelyen embert\u00e1rsaink sz\u00fcks\u00e9geihez kereszt\u00e9ny m\u00f3don viszonyulhatunk. El\u0151sz\u00f6r is sz\u00fcks\u00e9get szenved\u0151 embert\u00e1rsainkon csakis akkor seg\u00edthet\u00fcnk hat\u00e9konyan, ha el\u0151bb felismerj\u00fck, hogy&#8230; <\/p>\n<p><a class=\"readmore\" href=\"https:\/\/stuttgarti-katolikusok.de\/index.php\/az-irgalmassag-tettei\/\">R\u00e9szletek<\/a><\/p>\n","protected":false},"author":3,"featured_media":0,"comment_status":"closed","ping_status":"closed","sticky":false,"template":"","format":"standard","meta":{"footnotes":""},"categories":[24],"tags":[],"class_list":["post-13723","post","type-post","status-publish","format-standard","hentry","category-gondolatok"],"yoast_head":"<!-- This site is optimized with the Yoast SEO plugin v27.3 - https:\/\/yoast.com\/product\/yoast-seo-wordpress\/ -->\n<title>Az irgalmass\u00e1g tettei... - Stuttgarti Katolikusok<\/title>\n<meta name=\"robots\" content=\"index, follow, max-snippet:-1, max-image-preview:large, max-video-preview:-1\" \/>\n<link rel=\"canonical\" href=\"https:\/\/stuttgarti-katolikusok.de\/index.php\/az-irgalmassag-tettei\/\" \/>\n<meta property=\"og:locale\" content=\"hu_HU\" \/>\n<meta property=\"og:type\" content=\"article\" \/>\n<meta property=\"og:title\" content=\"Az irgalmass\u00e1g tettei... - Stuttgarti Katolikusok\" \/>\n<meta property=\"og:description\" content=\"\u201e&#8230; most buzg\u00f3bban gyakorolj\u00e1k az irgalmass\u00e1g tetteit\u201d Ez a fenti mondatt\u00f6red\u00e9k egyik nagyb\u00f6jti pref\u00e1ci\u00f3nkb\u00f3l (az eukarisztikus ima bevezet\u0151je) sz\u00e1rmazik. Az els\u0151 k\u00e9rd\u00e9s, ami vele kapcsolatban f\u00f6lmer\u00fcl: Milyen cselekedeteket nevez\u00fcnk \u201eaz irgalmass\u00e1g tetteinek\u201d? Hogy jobban meg\u00e9rts\u00fck a v\u00e1laszt, kezdj\u00fck a j\u00f3l ismert evang\u00e9liumi t\u00f6rt\u00e9nettel az utols\u00f3 \u00edt\u00e9letr\u0151l (Mt 25,31-46), amelynek egyik legszebb \u00e9s legdr\u00e1maibb m\u0171v\u00e9szeti lecsap\u00f3d\u00e1sa Michelangelo Buonarotti (1475-1564) \u201eUtols\u00f3 \u00edt\u00e9lete\u201d a Sixtina-k\u00e1poln\u00e1ban. Krisztus megjelenik dics\u0151s\u00e9g\u00e9ben \u00e9s sz\u00e1mad\u00e1st tart minden ember f\u00f6l\u00f6tt. A j\u00f3kat \u2013 szavai szerint \u2013 jobbj\u00e1ra, a rosszakat pedig a balj\u00e1ra \u00e1ll\u00edtja. De nem csak int, hanem elmondja azt is, hogy minek alapj\u00e1n fog majd \u00edgy cselekedni. Mit kell tenni\u00fck tan\u00edtv\u00e1nyainak, hogy majd az \u00edt\u00e9letkor jobbj\u00e1ra \u00e1llhassanak? J\u00e9zus azt mondja: az \u00e9hez\u0151ket, a szeg\u00e9nyeket, a ruh\u00e1tlanokat, a betegeket \u00fagy kell gondozniuk, mintha \u0150t gondozn\u00e1k: \u201eBizony mondom nektek, amit a legkisebbek valamelyik\u00e9vel nem tettetek, velem nem tett\u00e9tek\u201d (v\u00f6. Mt 25,45). Azok, akik \u00edgy cselekszenek, azokat az \u00edt\u00e9letkor Krisztus megjutalmazza, azaz beengedi dics\u0151s\u00e9ge orsz\u00e1g\u00e1ba. Azokat viszont, akik nem ezek szerint a tettek szerint \u00e9ltek, Krisztus az \u00edt\u00e9letkor balj\u00e1ra \u00e1ll\u00edtja, azaz nem l\u00e9phetnek be oda. Az evang\u00e9liumi r\u00e9sz \u00f6sszefoglal\u00e1sa teh\u00e1t \u00edgy hangzik: Hogy hogyan sz\u00f3l majd a fejedre olvasott \u00edt\u00e9let, az majd att\u00f3l f\u00fcgg, hogy gyakoroltad-e az irgalmass\u00e1g tetteit vagy sem? M\u00e1t\u00e9 evang\u00e9liuma a fenti r\u00e9szben 7 irgalmasss\u00e1gi cselekedetet sorol fel: \u00e9hez\u0151knek \u00e9telt adni, szomjaz\u00f3knak italt adni, mez\u00edteleneket felruh\u00e1zni, utasoknak sz\u00e1ll\u00e1st adni, foglyokat kiv\u00e1ltani, betegeket l\u00e1togatni, halottakat eltemetni. Ezeket h\u00edvjuk az irgalmass\u00e1g testi cselekedeteinek. A kereszt\u00e9ny hagyom\u00e1ny az id\u0151k folyam\u00e1n m\u00e9g 7-et f\u0171z\u00f6tt hozz\u00e1juk. Ezek a k\u00f6vetkez\u0151k: b\u0171n\u00f6s\u00f6ket meginteni, tudatlanokat tan\u00edtani, k\u00e9telked\u0151knek j\u00f3tan\u00e1csot adni, szomor\u00faakat vigasztalni, b\u00e1ntalmakat b\u00e9k\u00e9vel t\u0171rni, az ellen\u00fcnk v\u00e9t\u0151knek megbocs\u00e1tani, \u00e9l\u0151k\u00e9rt \u00e9s holtak\u00e9rt im\u00e1dkozni. Ezeket h\u00edvjuk az irgalmass\u00e1g lelki cselekedeteinek. Az irgalmass\u00e1g testi \u00e9s lelki cselekedetei az az \u201eedz\u0151p\u00e1lya\u201d, amelyen embert\u00e1rsaink sz\u00fcks\u00e9geihez kereszt\u00e9ny m\u00f3don viszonyulhatunk. El\u0151sz\u00f6r is sz\u00fcks\u00e9get szenved\u0151 embert\u00e1rsainkon csakis akkor seg\u00edthet\u00fcnk hat\u00e9konyan, ha el\u0151bb felismerj\u00fck, hogy... R\u00e9szletek\" \/>\n<meta property=\"og:url\" content=\"https:\/\/stuttgarti-katolikusok.de\/index.php\/az-irgalmassag-tettei\/\" \/>\n<meta property=\"og:site_name\" content=\"Stuttgarti Katolikusok\" \/>\n<meta property=\"article:published_time\" content=\"2018-02-17T12:15:01+00:00\" \/>\n<meta name=\"author\" content=\"Tibor atya\" \/>\n<meta name=\"twitter:card\" content=\"summary_large_image\" \/>\n<meta name=\"twitter:label1\" content=\"Szerz\u0151:\" \/>\n\t<meta name=\"twitter:data1\" content=\"Tibor atya\" \/>\n\t<meta name=\"twitter:label2\" content=\"Becs\u00fclt olvas\u00e1si id\u0151\" \/>\n\t<meta name=\"twitter:data2\" content=\"5 perc\" \/>\n<script type=\"application\/ld+json\" class=\"yoast-schema-graph\">{\"@context\":\"https:\\\/\\\/schema.org\",\"@graph\":[{\"@type\":\"Article\",\"@id\":\"https:\\\/\\\/stuttgarti-katolikusok.de\\\/index.php\\\/az-irgalmassag-tettei\\\/#article\",\"isPartOf\":{\"@id\":\"https:\\\/\\\/stuttgarti-katolikusok.de\\\/index.php\\\/az-irgalmassag-tettei\\\/\"},\"author\":{\"name\":\"Tibor atya\",\"@id\":\"https:\\\/\\\/stuttgarti-katolikusok.de\\\/#\\\/schema\\\/person\\\/75908d6f8fdc03a57889d27209df7795\"},\"headline\":\"Az irgalmass\u00e1g tettei&#8230;\",\"datePublished\":\"2018-02-17T12:15:01+00:00\",\"mainEntityOfPage\":{\"@id\":\"https:\\\/\\\/stuttgarti-katolikusok.de\\\/index.php\\\/az-irgalmassag-tettei\\\/\"},\"wordCount\":1005,\"articleSection\":[\"Gondolatok\"],\"inLanguage\":\"hu\"},{\"@type\":\"WebPage\",\"@id\":\"https:\\\/\\\/stuttgarti-katolikusok.de\\\/index.php\\\/az-irgalmassag-tettei\\\/\",\"url\":\"https:\\\/\\\/stuttgarti-katolikusok.de\\\/index.php\\\/az-irgalmassag-tettei\\\/\",\"name\":\"Az irgalmass\u00e1g tettei... - Stuttgarti Katolikusok\",\"isPartOf\":{\"@id\":\"https:\\\/\\\/stuttgarti-katolikusok.de\\\/#website\"},\"datePublished\":\"2018-02-17T12:15:01+00:00\",\"author\":{\"@id\":\"https:\\\/\\\/stuttgarti-katolikusok.de\\\/#\\\/schema\\\/person\\\/75908d6f8fdc03a57889d27209df7795\"},\"breadcrumb\":{\"@id\":\"https:\\\/\\\/stuttgarti-katolikusok.de\\\/index.php\\\/az-irgalmassag-tettei\\\/#breadcrumb\"},\"inLanguage\":\"hu\",\"potentialAction\":[{\"@type\":\"ReadAction\",\"target\":[\"https:\\\/\\\/stuttgarti-katolikusok.de\\\/index.php\\\/az-irgalmassag-tettei\\\/\"]}]},{\"@type\":\"BreadcrumbList\",\"@id\":\"https:\\\/\\\/stuttgarti-katolikusok.de\\\/index.php\\\/az-irgalmassag-tettei\\\/#breadcrumb\",\"itemListElement\":[{\"@type\":\"ListItem\",\"position\":1,\"name\":\"Kezd\u0151lap\",\"item\":\"https:\\\/\\\/stuttgarti-katolikusok.de\\\/\"},{\"@type\":\"ListItem\",\"position\":2,\"name\":\"Az irgalmass\u00e1g tettei&#8230;\"}]},{\"@type\":\"WebSite\",\"@id\":\"https:\\\/\\\/stuttgarti-katolikusok.de\\\/#website\",\"url\":\"https:\\\/\\\/stuttgarti-katolikusok.de\\\/\",\"name\":\"Stuttgarti Katolikusok\",\"description\":\"\",\"potentialAction\":[{\"@type\":\"SearchAction\",\"target\":{\"@type\":\"EntryPoint\",\"urlTemplate\":\"https:\\\/\\\/stuttgarti-katolikusok.de\\\/?s={search_term_string}\"},\"query-input\":{\"@type\":\"PropertyValueSpecification\",\"valueRequired\":true,\"valueName\":\"search_term_string\"}}],\"inLanguage\":\"hu\"},{\"@type\":\"Person\",\"@id\":\"https:\\\/\\\/stuttgarti-katolikusok.de\\\/#\\\/schema\\\/person\\\/75908d6f8fdc03a57889d27209df7795\",\"name\":\"Tibor atya\",\"image\":{\"@type\":\"ImageObject\",\"inLanguage\":\"hu\",\"@id\":\"https:\\\/\\\/secure.gravatar.com\\\/avatar\\\/61d268e57d1f4525b111222e29d2d5a7f8c420fdbf231ba5566a8ceac74fa960?s=96&d=mm&r=g\",\"url\":\"https:\\\/\\\/secure.gravatar.com\\\/avatar\\\/61d268e57d1f4525b111222e29d2d5a7f8c420fdbf231ba5566a8ceac74fa960?s=96&d=mm&r=g\",\"contentUrl\":\"https:\\\/\\\/secure.gravatar.com\\\/avatar\\\/61d268e57d1f4525b111222e29d2d5a7f8c420fdbf231ba5566a8ceac74fa960?s=96&d=mm&r=g\",\"caption\":\"Tibor atya\"},\"url\":\"https:\\\/\\\/stuttgarti-katolikusok.de\\\/index.php\\\/author\\\/tibor-atya\\\/\"}]}<\/script>\n<!-- \/ Yoast SEO plugin. -->","yoast_head_json":{"title":"Az irgalmass\u00e1g tettei... - Stuttgarti Katolikusok","robots":{"index":"index","follow":"follow","max-snippet":"max-snippet:-1","max-image-preview":"max-image-preview:large","max-video-preview":"max-video-preview:-1"},"canonical":"https:\/\/stuttgarti-katolikusok.de\/index.php\/az-irgalmassag-tettei\/","og_locale":"hu_HU","og_type":"article","og_title":"Az irgalmass\u00e1g tettei... - Stuttgarti Katolikusok","og_description":"\u201e&#8230; most buzg\u00f3bban gyakorolj\u00e1k az irgalmass\u00e1g tetteit\u201d Ez a fenti mondatt\u00f6red\u00e9k egyik nagyb\u00f6jti pref\u00e1ci\u00f3nkb\u00f3l (az eukarisztikus ima bevezet\u0151je) sz\u00e1rmazik. Az els\u0151 k\u00e9rd\u00e9s, ami vele kapcsolatban f\u00f6lmer\u00fcl: Milyen cselekedeteket nevez\u00fcnk \u201eaz irgalmass\u00e1g tetteinek\u201d? Hogy jobban meg\u00e9rts\u00fck a v\u00e1laszt, kezdj\u00fck a j\u00f3l ismert evang\u00e9liumi t\u00f6rt\u00e9nettel az utols\u00f3 \u00edt\u00e9letr\u0151l (Mt 25,31-46), amelynek egyik legszebb \u00e9s legdr\u00e1maibb m\u0171v\u00e9szeti lecsap\u00f3d\u00e1sa Michelangelo Buonarotti (1475-1564) \u201eUtols\u00f3 \u00edt\u00e9lete\u201d a Sixtina-k\u00e1poln\u00e1ban. Krisztus megjelenik dics\u0151s\u00e9g\u00e9ben \u00e9s sz\u00e1mad\u00e1st tart minden ember f\u00f6l\u00f6tt. A j\u00f3kat \u2013 szavai szerint \u2013 jobbj\u00e1ra, a rosszakat pedig a balj\u00e1ra \u00e1ll\u00edtja. De nem csak int, hanem elmondja azt is, hogy minek alapj\u00e1n fog majd \u00edgy cselekedni. Mit kell tenni\u00fck tan\u00edtv\u00e1nyainak, hogy majd az \u00edt\u00e9letkor jobbj\u00e1ra \u00e1llhassanak? J\u00e9zus azt mondja: az \u00e9hez\u0151ket, a szeg\u00e9nyeket, a ruh\u00e1tlanokat, a betegeket \u00fagy kell gondozniuk, mintha \u0150t gondozn\u00e1k: \u201eBizony mondom nektek, amit a legkisebbek valamelyik\u00e9vel nem tettetek, velem nem tett\u00e9tek\u201d (v\u00f6. Mt 25,45). Azok, akik \u00edgy cselekszenek, azokat az \u00edt\u00e9letkor Krisztus megjutalmazza, azaz beengedi dics\u0151s\u00e9ge orsz\u00e1g\u00e1ba. Azokat viszont, akik nem ezek szerint a tettek szerint \u00e9ltek, Krisztus az \u00edt\u00e9letkor balj\u00e1ra \u00e1ll\u00edtja, azaz nem l\u00e9phetnek be oda. Az evang\u00e9liumi r\u00e9sz \u00f6sszefoglal\u00e1sa teh\u00e1t \u00edgy hangzik: Hogy hogyan sz\u00f3l majd a fejedre olvasott \u00edt\u00e9let, az majd att\u00f3l f\u00fcgg, hogy gyakoroltad-e az irgalmass\u00e1g tetteit vagy sem? M\u00e1t\u00e9 evang\u00e9liuma a fenti r\u00e9szben 7 irgalmasss\u00e1gi cselekedetet sorol fel: \u00e9hez\u0151knek \u00e9telt adni, szomjaz\u00f3knak italt adni, mez\u00edteleneket felruh\u00e1zni, utasoknak sz\u00e1ll\u00e1st adni, foglyokat kiv\u00e1ltani, betegeket l\u00e1togatni, halottakat eltemetni. Ezeket h\u00edvjuk az irgalmass\u00e1g testi cselekedeteinek. A kereszt\u00e9ny hagyom\u00e1ny az id\u0151k folyam\u00e1n m\u00e9g 7-et f\u0171z\u00f6tt hozz\u00e1juk. Ezek a k\u00f6vetkez\u0151k: b\u0171n\u00f6s\u00f6ket meginteni, tudatlanokat tan\u00edtani, k\u00e9telked\u0151knek j\u00f3tan\u00e1csot adni, szomor\u00faakat vigasztalni, b\u00e1ntalmakat b\u00e9k\u00e9vel t\u0171rni, az ellen\u00fcnk v\u00e9t\u0151knek megbocs\u00e1tani, \u00e9l\u0151k\u00e9rt \u00e9s holtak\u00e9rt im\u00e1dkozni. Ezeket h\u00edvjuk az irgalmass\u00e1g lelki cselekedeteinek. Az irgalmass\u00e1g testi \u00e9s lelki cselekedetei az az \u201eedz\u0151p\u00e1lya\u201d, amelyen embert\u00e1rsaink sz\u00fcks\u00e9geihez kereszt\u00e9ny m\u00f3don viszonyulhatunk. El\u0151sz\u00f6r is sz\u00fcks\u00e9get szenved\u0151 embert\u00e1rsainkon csakis akkor seg\u00edthet\u00fcnk hat\u00e9konyan, ha el\u0151bb felismerj\u00fck, hogy... R\u00e9szletek","og_url":"https:\/\/stuttgarti-katolikusok.de\/index.php\/az-irgalmassag-tettei\/","og_site_name":"Stuttgarti Katolikusok","article_published_time":"2018-02-17T12:15:01+00:00","author":"Tibor atya","twitter_card":"summary_large_image","twitter_misc":{"Szerz\u0151:":"Tibor atya","Becs\u00fclt olvas\u00e1si id\u0151":"5 perc"},"schema":{"@context":"https:\/\/schema.org","@graph":[{"@type":"Article","@id":"https:\/\/stuttgarti-katolikusok.de\/index.php\/az-irgalmassag-tettei\/#article","isPartOf":{"@id":"https:\/\/stuttgarti-katolikusok.de\/index.php\/az-irgalmassag-tettei\/"},"author":{"name":"Tibor atya","@id":"https:\/\/stuttgarti-katolikusok.de\/#\/schema\/person\/75908d6f8fdc03a57889d27209df7795"},"headline":"Az irgalmass\u00e1g tettei&#8230;","datePublished":"2018-02-17T12:15:01+00:00","mainEntityOfPage":{"@id":"https:\/\/stuttgarti-katolikusok.de\/index.php\/az-irgalmassag-tettei\/"},"wordCount":1005,"articleSection":["Gondolatok"],"inLanguage":"hu"},{"@type":"WebPage","@id":"https:\/\/stuttgarti-katolikusok.de\/index.php\/az-irgalmassag-tettei\/","url":"https:\/\/stuttgarti-katolikusok.de\/index.php\/az-irgalmassag-tettei\/","name":"Az irgalmass\u00e1g tettei... - Stuttgarti Katolikusok","isPartOf":{"@id":"https:\/\/stuttgarti-katolikusok.de\/#website"},"datePublished":"2018-02-17T12:15:01+00:00","author":{"@id":"https:\/\/stuttgarti-katolikusok.de\/#\/schema\/person\/75908d6f8fdc03a57889d27209df7795"},"breadcrumb":{"@id":"https:\/\/stuttgarti-katolikusok.de\/index.php\/az-irgalmassag-tettei\/#breadcrumb"},"inLanguage":"hu","potentialAction":[{"@type":"ReadAction","target":["https:\/\/stuttgarti-katolikusok.de\/index.php\/az-irgalmassag-tettei\/"]}]},{"@type":"BreadcrumbList","@id":"https:\/\/stuttgarti-katolikusok.de\/index.php\/az-irgalmassag-tettei\/#breadcrumb","itemListElement":[{"@type":"ListItem","position":1,"name":"Kezd\u0151lap","item":"https:\/\/stuttgarti-katolikusok.de\/"},{"@type":"ListItem","position":2,"name":"Az irgalmass\u00e1g tettei&#8230;"}]},{"@type":"WebSite","@id":"https:\/\/stuttgarti-katolikusok.de\/#website","url":"https:\/\/stuttgarti-katolikusok.de\/","name":"Stuttgarti Katolikusok","description":"","potentialAction":[{"@type":"SearchAction","target":{"@type":"EntryPoint","urlTemplate":"https:\/\/stuttgarti-katolikusok.de\/?s={search_term_string}"},"query-input":{"@type":"PropertyValueSpecification","valueRequired":true,"valueName":"search_term_string"}}],"inLanguage":"hu"},{"@type":"Person","@id":"https:\/\/stuttgarti-katolikusok.de\/#\/schema\/person\/75908d6f8fdc03a57889d27209df7795","name":"Tibor atya","image":{"@type":"ImageObject","inLanguage":"hu","@id":"https:\/\/secure.gravatar.com\/avatar\/61d268e57d1f4525b111222e29d2d5a7f8c420fdbf231ba5566a8ceac74fa960?s=96&d=mm&r=g","url":"https:\/\/secure.gravatar.com\/avatar\/61d268e57d1f4525b111222e29d2d5a7f8c420fdbf231ba5566a8ceac74fa960?s=96&d=mm&r=g","contentUrl":"https:\/\/secure.gravatar.com\/avatar\/61d268e57d1f4525b111222e29d2d5a7f8c420fdbf231ba5566a8ceac74fa960?s=96&d=mm&r=g","caption":"Tibor atya"},"url":"https:\/\/stuttgarti-katolikusok.de\/index.php\/author\/tibor-atya\/"}]}},"_links":{"self":[{"href":"https:\/\/stuttgarti-katolikusok.de\/index.php\/wp-json\/wp\/v2\/posts\/13723","targetHints":{"allow":["GET"]}}],"collection":[{"href":"https:\/\/stuttgarti-katolikusok.de\/index.php\/wp-json\/wp\/v2\/posts"}],"about":[{"href":"https:\/\/stuttgarti-katolikusok.de\/index.php\/wp-json\/wp\/v2\/types\/post"}],"author":[{"embeddable":true,"href":"https:\/\/stuttgarti-katolikusok.de\/index.php\/wp-json\/wp\/v2\/users\/3"}],"replies":[{"embeddable":true,"href":"https:\/\/stuttgarti-katolikusok.de\/index.php\/wp-json\/wp\/v2\/comments?post=13723"}],"version-history":[{"count":1,"href":"https:\/\/stuttgarti-katolikusok.de\/index.php\/wp-json\/wp\/v2\/posts\/13723\/revisions"}],"predecessor-version":[{"id":13725,"href":"https:\/\/stuttgarti-katolikusok.de\/index.php\/wp-json\/wp\/v2\/posts\/13723\/revisions\/13725"}],"wp:attachment":[{"href":"https:\/\/stuttgarti-katolikusok.de\/index.php\/wp-json\/wp\/v2\/media?parent=13723"}],"wp:term":[{"taxonomy":"category","embeddable":true,"href":"https:\/\/stuttgarti-katolikusok.de\/index.php\/wp-json\/wp\/v2\/categories?post=13723"},{"taxonomy":"post_tag","embeddable":true,"href":"https:\/\/stuttgarti-katolikusok.de\/index.php\/wp-json\/wp\/v2\/tags?post=13723"}],"curies":[{"name":"wp","href":"https:\/\/api.w.org\/{rel}","templated":true}]}}