{"id":13710,"date":"2018-02-12T20:57:52","date_gmt":"2018-02-12T20:57:52","guid":{"rendered":"https:\/\/gracious-dewdney.138-201-221-2.plesk.page\/?p=13710"},"modified":"2018-02-12T21:14:07","modified_gmt":"2018-02-12T21:14:07","slug":"weingarteni-csendes-napok","status":"publish","type":"post","link":"https:\/\/stuttgarti-katolikusok.de\/index.php\/weingarteni-csendes-napok\/","title":{"rendered":"Weingarteni Csendes Napok"},"content":{"rendered":"<p style=\"text-align: center;\"><strong><em>Weingarteni Csendes Napok \u2013 2018. febru\u00e1r 16 \u2013 18.<\/em><\/strong><\/p>\n<p>&nbsp;<\/p>\n<p style=\"text-align: center;\"><strong>Program:<\/strong><\/p>\n<p style=\"text-align: center;\"><em><strong>I.nap: 2018. febru\u00e1r 16. \u2013 p\u00e9ntek \u2013 Sankt Maria Kirche<\/strong><\/em><\/p>\n<p>17.30 \u00f3rakor r\u00f3zsaf\u0171z\u00e9r im\u00e1ds\u00e1g,<\/p>\n<p>18.00 \u00f3rakor szentmise \u00e9s\u00a0 bevezet\u0151 elm\u00e9lked\u00e9s<\/p>\n<p>&nbsp;<\/p>\n<p style=\"text-align: center;\"><em><strong>II. nap: 2018. febru\u00e1r 17. \u2013 szombat \u2013 Sankt Maria Kirche<\/strong><\/em><\/p>\n<p>9.00 \u00f3rakor gy\u00fclekez\u0151<\/p>\n<p>9.30 \u00f3rakor I. elm\u00e9lked\u00e9s<\/p>\n<p>11.00 \u00f3rakor II. elm\u00e9lked\u00e9s<\/p>\n<p>12.30 \u00f3rakor eb\u00e9d<\/p>\n<p>14.00 \u00f3rakor III. elm\u00e9lked\u00e9s<\/p>\n<p>16.00 \u00f3rakor kereszt\u00fati \u00e1jtatoss\u00e1g<\/p>\n<p>17.00 \u00f3rakor szentmise &#8211; IV. elm\u00e9lked\u00e9s<\/p>\n<p>&nbsp;<\/p>\n<p style=\"text-align: center;\"><em><strong>III. nap: 2018. febru\u00e1r 18. \u2013 vas\u00e1rnap \u2013 14 Nothelfer Kapelle<\/strong><\/em><\/p>\n<p>10.00 \u00f3rakor szentmise \u2013 z\u00e1r\u00f3elm\u00e9lked\u00e9s &#8211; hamvaz\u00e1s<\/p>\n<p><strong>Jelentkez\u00e9s:<\/strong><\/p>\n<p><em><strong>Fontos, hogy telefonon kereszt\u00fcl jelezz\u00fck r\u00e9szv\u00e9teli sz\u00e1nd\u00e9kunkat.<\/strong><\/em> Szombaton ugyanis az eb\u00e9det megrendelj\u00fck, \u00e9s ehhez kellene tudni a r\u00e9sztvev\u0151k sz\u00e1m\u00e1t. \u00d6r\u00f6mmel fogadunk benneteket, ha csak szombatra tudtok elj\u00f6nni. Itt els\u0151sorban a t\u00e1volabbr\u00f3l \u00e9rkez\u0151kre gondolunk.<\/p>\n<p>A jelentkez\u00e9si sz\u00e1nd\u00e9kot az al\u00e1bbi vezet\u00e9kes \u00fczenetr\u00f6gz\u00edt\u0151s telefonra: <em><strong>0731-399-663-06<\/strong><\/em>, illetve maroktelefonra: <em><strong>01575-370-1412<\/strong><\/em> v\u00e1rjuk.<\/p>\n<p>&nbsp;<\/p>\n","protected":false},"excerpt":{"rendered":"<p>Weingarteni Csendes Napok \u2013 2018. febru\u00e1r 16 \u2013 18. &nbsp; Program: I.nap: 2018. febru\u00e1r 16. \u2013 p\u00e9ntek \u2013 Sankt Maria Kirche 17.30 \u00f3rakor r\u00f3zsaf\u0171z\u00e9r im\u00e1ds\u00e1g, 18.00 \u00f3rakor szentmise \u00e9s\u00a0 bevezet\u0151 elm\u00e9lked\u00e9s &nbsp; II. nap: 2018. febru\u00e1r 17. \u2013 szombat \u2013 Sankt Maria Kirche 9.00 \u00f3rakor gy\u00fclekez\u0151 9.30 \u00f3rakor I. elm\u00e9lked\u00e9s 11.00 \u00f3rakor II. elm\u00e9lked\u00e9s 12.30 \u00f3rakor eb\u00e9d 14.00 \u00f3rakor III. elm\u00e9lked\u00e9s 16.00 \u00f3rakor kereszt\u00fati \u00e1jtatoss\u00e1g 17.00 \u00f3rakor szentmise &#8211; IV. elm\u00e9lked\u00e9s &nbsp; III. nap: 2018. febru\u00e1r 18. \u2013 vas\u00e1rnap \u2013 14 Nothelfer Kapelle 10.00 \u00f3rakor szentmise \u2013 z\u00e1r\u00f3elm\u00e9lked\u00e9s &#8211; hamvaz\u00e1s Jelentkez\u00e9s: Fontos, hogy telefonon kereszt\u00fcl jelezz\u00fck r\u00e9szv\u00e9teli sz\u00e1nd\u00e9kunkat. Szombaton ugyanis az eb\u00e9det megrendelj\u00fck, \u00e9s ehhez kellene tudni a r\u00e9sztvev\u0151k sz\u00e1m\u00e1t. \u00d6r\u00f6mmel fogadunk benneteket, ha csak szombatra tudtok elj\u00f6nni. Itt els\u0151sorban a t\u00e1volabbr\u00f3l \u00e9rkez\u0151kre gondolunk. A jelentkez\u00e9si sz\u00e1nd\u00e9kot az al\u00e1bbi vezet\u00e9kes \u00fczenetr\u00f6gz\u00edt\u0151s telefonra: 0731-399-663-06, illetve maroktelefonra: 01575-370-1412 v\u00e1rjuk. &nbsp;<\/p>\n","protected":false},"author":3,"featured_media":0,"comment_status":"closed","ping_status":"closed","sticky":false,"template":"","format":"standard","meta":{"footnotes":""},"categories":[5],"tags":[],"class_list":["post-13710","post","type-post","status-publish","format-standard","hentry","category-hirek"],"yoast_head":"<!-- This site is optimized with the Yoast SEO plugin v27.3 - https:\/\/yoast.com\/product\/yoast-seo-wordpress\/ -->\n<title>Weingarteni Csendes Napok - Stuttgarti Katolikusok<\/title>\n<meta name=\"robots\" content=\"index, follow, max-snippet:-1, max-image-preview:large, max-video-preview:-1\" \/>\n<link rel=\"canonical\" href=\"https:\/\/stuttgarti-katolikusok.de\/index.php\/weingarteni-csendes-napok\/\" \/>\n<meta property=\"og:locale\" content=\"hu_HU\" \/>\n<meta property=\"og:type\" content=\"article\" \/>\n<meta property=\"og:title\" content=\"Weingarteni Csendes Napok - Stuttgarti Katolikusok\" \/>\n<meta property=\"og:description\" content=\"Weingarteni Csendes Napok \u2013 2018. febru\u00e1r 16 \u2013 18. &nbsp; Program: I.nap: 2018. febru\u00e1r 16. \u2013 p\u00e9ntek \u2013 Sankt Maria Kirche 17.30 \u00f3rakor r\u00f3zsaf\u0171z\u00e9r im\u00e1ds\u00e1g, 18.00 \u00f3rakor szentmise \u00e9s\u00a0 bevezet\u0151 elm\u00e9lked\u00e9s &nbsp; II. nap: 2018. febru\u00e1r 17. \u2013 szombat \u2013 Sankt Maria Kirche 9.00 \u00f3rakor gy\u00fclekez\u0151 9.30 \u00f3rakor I. elm\u00e9lked\u00e9s 11.00 \u00f3rakor II. elm\u00e9lked\u00e9s 12.30 \u00f3rakor eb\u00e9d 14.00 \u00f3rakor III. elm\u00e9lked\u00e9s 16.00 \u00f3rakor kereszt\u00fati \u00e1jtatoss\u00e1g 17.00 \u00f3rakor szentmise &#8211; IV. elm\u00e9lked\u00e9s &nbsp; III. nap: 2018. febru\u00e1r 18. \u2013 vas\u00e1rnap \u2013 14 Nothelfer Kapelle 10.00 \u00f3rakor szentmise \u2013 z\u00e1r\u00f3elm\u00e9lked\u00e9s &#8211; hamvaz\u00e1s Jelentkez\u00e9s: Fontos, hogy telefonon kereszt\u00fcl jelezz\u00fck r\u00e9szv\u00e9teli sz\u00e1nd\u00e9kunkat. Szombaton ugyanis az eb\u00e9det megrendelj\u00fck, \u00e9s ehhez kellene tudni a r\u00e9sztvev\u0151k sz\u00e1m\u00e1t. \u00d6r\u00f6mmel fogadunk benneteket, ha csak szombatra tudtok elj\u00f6nni. Itt els\u0151sorban a t\u00e1volabbr\u00f3l \u00e9rkez\u0151kre gondolunk. A jelentkez\u00e9si sz\u00e1nd\u00e9kot az al\u00e1bbi vezet\u00e9kes \u00fczenetr\u00f6gz\u00edt\u0151s telefonra: 0731-399-663-06, illetve maroktelefonra: 01575-370-1412 v\u00e1rjuk. &nbsp;\" \/>\n<meta property=\"og:url\" content=\"https:\/\/stuttgarti-katolikusok.de\/index.php\/weingarteni-csendes-napok\/\" \/>\n<meta property=\"og:site_name\" content=\"Stuttgarti Katolikusok\" \/>\n<meta property=\"article:published_time\" content=\"2018-02-12T20:57:52+00:00\" \/>\n<meta property=\"article:modified_time\" content=\"2018-02-12T21:14:07+00:00\" \/>\n<meta name=\"author\" content=\"Tibor atya\" \/>\n<meta name=\"twitter:card\" content=\"summary_large_image\" \/>\n<meta name=\"twitter:label1\" content=\"Szerz\u0151:\" \/>\n\t<meta name=\"twitter:data1\" content=\"Tibor atya\" \/>\n\t<meta name=\"twitter:label2\" content=\"Becs\u00fclt olvas\u00e1si id\u0151\" \/>\n\t<meta name=\"twitter:data2\" content=\"1 perc\" \/>\n<script type=\"application\/ld+json\" class=\"yoast-schema-graph\">{\"@context\":\"https:\\\/\\\/schema.org\",\"@graph\":[{\"@type\":\"Article\",\"@id\":\"https:\\\/\\\/stuttgarti-katolikusok.de\\\/index.php\\\/weingarteni-csendes-napok\\\/#article\",\"isPartOf\":{\"@id\":\"https:\\\/\\\/stuttgarti-katolikusok.de\\\/index.php\\\/weingarteni-csendes-napok\\\/\"},\"author\":{\"name\":\"Tibor atya\",\"@id\":\"https:\\\/\\\/stuttgarti-katolikusok.de\\\/#\\\/schema\\\/person\\\/75908d6f8fdc03a57889d27209df7795\"},\"headline\":\"Weingarteni Csendes Napok\",\"datePublished\":\"2018-02-12T20:57:52+00:00\",\"dateModified\":\"2018-02-12T21:14:07+00:00\",\"mainEntityOfPage\":{\"@id\":\"https:\\\/\\\/stuttgarti-katolikusok.de\\\/index.php\\\/weingarteni-csendes-napok\\\/\"},\"wordCount\":174,\"articleSection\":[\"H\u00edrek\"],\"inLanguage\":\"hu\"},{\"@type\":\"WebPage\",\"@id\":\"https:\\\/\\\/stuttgarti-katolikusok.de\\\/index.php\\\/weingarteni-csendes-napok\\\/\",\"url\":\"https:\\\/\\\/stuttgarti-katolikusok.de\\\/index.php\\\/weingarteni-csendes-napok\\\/\",\"name\":\"Weingarteni Csendes Napok - Stuttgarti Katolikusok\",\"isPartOf\":{\"@id\":\"https:\\\/\\\/stuttgarti-katolikusok.de\\\/#website\"},\"datePublished\":\"2018-02-12T20:57:52+00:00\",\"dateModified\":\"2018-02-12T21:14:07+00:00\",\"author\":{\"@id\":\"https:\\\/\\\/stuttgarti-katolikusok.de\\\/#\\\/schema\\\/person\\\/75908d6f8fdc03a57889d27209df7795\"},\"breadcrumb\":{\"@id\":\"https:\\\/\\\/stuttgarti-katolikusok.de\\\/index.php\\\/weingarteni-csendes-napok\\\/#breadcrumb\"},\"inLanguage\":\"hu\",\"potentialAction\":[{\"@type\":\"ReadAction\",\"target\":[\"https:\\\/\\\/stuttgarti-katolikusok.de\\\/index.php\\\/weingarteni-csendes-napok\\\/\"]}]},{\"@type\":\"BreadcrumbList\",\"@id\":\"https:\\\/\\\/stuttgarti-katolikusok.de\\\/index.php\\\/weingarteni-csendes-napok\\\/#breadcrumb\",\"itemListElement\":[{\"@type\":\"ListItem\",\"position\":1,\"name\":\"Kezd\u0151lap\",\"item\":\"https:\\\/\\\/stuttgarti-katolikusok.de\\\/\"},{\"@type\":\"ListItem\",\"position\":2,\"name\":\"Weingarteni Csendes Napok\"}]},{\"@type\":\"WebSite\",\"@id\":\"https:\\\/\\\/stuttgarti-katolikusok.de\\\/#website\",\"url\":\"https:\\\/\\\/stuttgarti-katolikusok.de\\\/\",\"name\":\"Stuttgarti Katolikusok\",\"description\":\"\",\"potentialAction\":[{\"@type\":\"SearchAction\",\"target\":{\"@type\":\"EntryPoint\",\"urlTemplate\":\"https:\\\/\\\/stuttgarti-katolikusok.de\\\/?s={search_term_string}\"},\"query-input\":{\"@type\":\"PropertyValueSpecification\",\"valueRequired\":true,\"valueName\":\"search_term_string\"}}],\"inLanguage\":\"hu\"},{\"@type\":\"Person\",\"@id\":\"https:\\\/\\\/stuttgarti-katolikusok.de\\\/#\\\/schema\\\/person\\\/75908d6f8fdc03a57889d27209df7795\",\"name\":\"Tibor atya\",\"image\":{\"@type\":\"ImageObject\",\"inLanguage\":\"hu\",\"@id\":\"https:\\\/\\\/secure.gravatar.com\\\/avatar\\\/61d268e57d1f4525b111222e29d2d5a7f8c420fdbf231ba5566a8ceac74fa960?s=96&d=mm&r=g\",\"url\":\"https:\\\/\\\/secure.gravatar.com\\\/avatar\\\/61d268e57d1f4525b111222e29d2d5a7f8c420fdbf231ba5566a8ceac74fa960?s=96&d=mm&r=g\",\"contentUrl\":\"https:\\\/\\\/secure.gravatar.com\\\/avatar\\\/61d268e57d1f4525b111222e29d2d5a7f8c420fdbf231ba5566a8ceac74fa960?s=96&d=mm&r=g\",\"caption\":\"Tibor atya\"},\"url\":\"https:\\\/\\\/stuttgarti-katolikusok.de\\\/index.php\\\/author\\\/tibor-atya\\\/\"}]}<\/script>\n<!-- \/ Yoast SEO plugin. -->","yoast_head_json":{"title":"Weingarteni Csendes Napok - Stuttgarti Katolikusok","robots":{"index":"index","follow":"follow","max-snippet":"max-snippet:-1","max-image-preview":"max-image-preview:large","max-video-preview":"max-video-preview:-1"},"canonical":"https:\/\/stuttgarti-katolikusok.de\/index.php\/weingarteni-csendes-napok\/","og_locale":"hu_HU","og_type":"article","og_title":"Weingarteni Csendes Napok - Stuttgarti Katolikusok","og_description":"Weingarteni Csendes Napok \u2013 2018. febru\u00e1r 16 \u2013 18. &nbsp; Program: I.nap: 2018. febru\u00e1r 16. \u2013 p\u00e9ntek \u2013 Sankt Maria Kirche 17.30 \u00f3rakor r\u00f3zsaf\u0171z\u00e9r im\u00e1ds\u00e1g, 18.00 \u00f3rakor szentmise \u00e9s\u00a0 bevezet\u0151 elm\u00e9lked\u00e9s &nbsp; II. nap: 2018. febru\u00e1r 17. \u2013 szombat \u2013 Sankt Maria Kirche 9.00 \u00f3rakor gy\u00fclekez\u0151 9.30 \u00f3rakor I. elm\u00e9lked\u00e9s 11.00 \u00f3rakor II. elm\u00e9lked\u00e9s 12.30 \u00f3rakor eb\u00e9d 14.00 \u00f3rakor III. elm\u00e9lked\u00e9s 16.00 \u00f3rakor kereszt\u00fati \u00e1jtatoss\u00e1g 17.00 \u00f3rakor szentmise &#8211; IV. elm\u00e9lked\u00e9s &nbsp; III. nap: 2018. febru\u00e1r 18. \u2013 vas\u00e1rnap \u2013 14 Nothelfer Kapelle 10.00 \u00f3rakor szentmise \u2013 z\u00e1r\u00f3elm\u00e9lked\u00e9s &#8211; hamvaz\u00e1s Jelentkez\u00e9s: Fontos, hogy telefonon kereszt\u00fcl jelezz\u00fck r\u00e9szv\u00e9teli sz\u00e1nd\u00e9kunkat. Szombaton ugyanis az eb\u00e9det megrendelj\u00fck, \u00e9s ehhez kellene tudni a r\u00e9sztvev\u0151k sz\u00e1m\u00e1t. \u00d6r\u00f6mmel fogadunk benneteket, ha csak szombatra tudtok elj\u00f6nni. Itt els\u0151sorban a t\u00e1volabbr\u00f3l \u00e9rkez\u0151kre gondolunk. A jelentkez\u00e9si sz\u00e1nd\u00e9kot az al\u00e1bbi vezet\u00e9kes \u00fczenetr\u00f6gz\u00edt\u0151s telefonra: 0731-399-663-06, illetve maroktelefonra: 01575-370-1412 v\u00e1rjuk. &nbsp;","og_url":"https:\/\/stuttgarti-katolikusok.de\/index.php\/weingarteni-csendes-napok\/","og_site_name":"Stuttgarti Katolikusok","article_published_time":"2018-02-12T20:57:52+00:00","article_modified_time":"2018-02-12T21:14:07+00:00","author":"Tibor atya","twitter_card":"summary_large_image","twitter_misc":{"Szerz\u0151:":"Tibor atya","Becs\u00fclt olvas\u00e1si id\u0151":"1 perc"},"schema":{"@context":"https:\/\/schema.org","@graph":[{"@type":"Article","@id":"https:\/\/stuttgarti-katolikusok.de\/index.php\/weingarteni-csendes-napok\/#article","isPartOf":{"@id":"https:\/\/stuttgarti-katolikusok.de\/index.php\/weingarteni-csendes-napok\/"},"author":{"name":"Tibor atya","@id":"https:\/\/stuttgarti-katolikusok.de\/#\/schema\/person\/75908d6f8fdc03a57889d27209df7795"},"headline":"Weingarteni Csendes Napok","datePublished":"2018-02-12T20:57:52+00:00","dateModified":"2018-02-12T21:14:07+00:00","mainEntityOfPage":{"@id":"https:\/\/stuttgarti-katolikusok.de\/index.php\/weingarteni-csendes-napok\/"},"wordCount":174,"articleSection":["H\u00edrek"],"inLanguage":"hu"},{"@type":"WebPage","@id":"https:\/\/stuttgarti-katolikusok.de\/index.php\/weingarteni-csendes-napok\/","url":"https:\/\/stuttgarti-katolikusok.de\/index.php\/weingarteni-csendes-napok\/","name":"Weingarteni Csendes Napok - Stuttgarti Katolikusok","isPartOf":{"@id":"https:\/\/stuttgarti-katolikusok.de\/#website"},"datePublished":"2018-02-12T20:57:52+00:00","dateModified":"2018-02-12T21:14:07+00:00","author":{"@id":"https:\/\/stuttgarti-katolikusok.de\/#\/schema\/person\/75908d6f8fdc03a57889d27209df7795"},"breadcrumb":{"@id":"https:\/\/stuttgarti-katolikusok.de\/index.php\/weingarteni-csendes-napok\/#breadcrumb"},"inLanguage":"hu","potentialAction":[{"@type":"ReadAction","target":["https:\/\/stuttgarti-katolikusok.de\/index.php\/weingarteni-csendes-napok\/"]}]},{"@type":"BreadcrumbList","@id":"https:\/\/stuttgarti-katolikusok.de\/index.php\/weingarteni-csendes-napok\/#breadcrumb","itemListElement":[{"@type":"ListItem","position":1,"name":"Kezd\u0151lap","item":"https:\/\/stuttgarti-katolikusok.de\/"},{"@type":"ListItem","position":2,"name":"Weingarteni Csendes Napok"}]},{"@type":"WebSite","@id":"https:\/\/stuttgarti-katolikusok.de\/#website","url":"https:\/\/stuttgarti-katolikusok.de\/","name":"Stuttgarti Katolikusok","description":"","potentialAction":[{"@type":"SearchAction","target":{"@type":"EntryPoint","urlTemplate":"https:\/\/stuttgarti-katolikusok.de\/?s={search_term_string}"},"query-input":{"@type":"PropertyValueSpecification","valueRequired":true,"valueName":"search_term_string"}}],"inLanguage":"hu"},{"@type":"Person","@id":"https:\/\/stuttgarti-katolikusok.de\/#\/schema\/person\/75908d6f8fdc03a57889d27209df7795","name":"Tibor atya","image":{"@type":"ImageObject","inLanguage":"hu","@id":"https:\/\/secure.gravatar.com\/avatar\/61d268e57d1f4525b111222e29d2d5a7f8c420fdbf231ba5566a8ceac74fa960?s=96&d=mm&r=g","url":"https:\/\/secure.gravatar.com\/avatar\/61d268e57d1f4525b111222e29d2d5a7f8c420fdbf231ba5566a8ceac74fa960?s=96&d=mm&r=g","contentUrl":"https:\/\/secure.gravatar.com\/avatar\/61d268e57d1f4525b111222e29d2d5a7f8c420fdbf231ba5566a8ceac74fa960?s=96&d=mm&r=g","caption":"Tibor atya"},"url":"https:\/\/stuttgarti-katolikusok.de\/index.php\/author\/tibor-atya\/"}]}},"_links":{"self":[{"href":"https:\/\/stuttgarti-katolikusok.de\/index.php\/wp-json\/wp\/v2\/posts\/13710","targetHints":{"allow":["GET"]}}],"collection":[{"href":"https:\/\/stuttgarti-katolikusok.de\/index.php\/wp-json\/wp\/v2\/posts"}],"about":[{"href":"https:\/\/stuttgarti-katolikusok.de\/index.php\/wp-json\/wp\/v2\/types\/post"}],"author":[{"embeddable":true,"href":"https:\/\/stuttgarti-katolikusok.de\/index.php\/wp-json\/wp\/v2\/users\/3"}],"replies":[{"embeddable":true,"href":"https:\/\/stuttgarti-katolikusok.de\/index.php\/wp-json\/wp\/v2\/comments?post=13710"}],"version-history":[{"count":2,"href":"https:\/\/stuttgarti-katolikusok.de\/index.php\/wp-json\/wp\/v2\/posts\/13710\/revisions"}],"predecessor-version":[{"id":13715,"href":"https:\/\/stuttgarti-katolikusok.de\/index.php\/wp-json\/wp\/v2\/posts\/13710\/revisions\/13715"}],"wp:attachment":[{"href":"https:\/\/stuttgarti-katolikusok.de\/index.php\/wp-json\/wp\/v2\/media?parent=13710"}],"wp:term":[{"taxonomy":"category","embeddable":true,"href":"https:\/\/stuttgarti-katolikusok.de\/index.php\/wp-json\/wp\/v2\/categories?post=13710"},{"taxonomy":"post_tag","embeddable":true,"href":"https:\/\/stuttgarti-katolikusok.de\/index.php\/wp-json\/wp\/v2\/tags?post=13710"}],"curies":[{"name":"wp","href":"https:\/\/api.w.org\/{rel}","templated":true}]}}