{"id":13585,"date":"2018-01-31T12:45:54","date_gmt":"2018-01-31T12:45:54","guid":{"rendered":"https:\/\/gracious-dewdney.138-201-221-2.plesk.page\/?p=13585"},"modified":"2018-01-31T12:54:39","modified_gmt":"2018-01-31T12:54:39","slug":"programelozetes-januar-29-es-februar-4-kozott","status":"publish","type":"post","link":"https:\/\/stuttgarti-katolikusok.de\/index.php\/programelozetes-januar-29-es-februar-4-kozott\/","title":{"rendered":"Programel\u0151zetes janu\u00e1r 29 \u00e9s febru\u00e1r 4 k\u00f6z\u00f6tt"},"content":{"rendered":"<p><strong>Programel\u0151zetes<\/strong><\/p>\n<p><strong>Janu\u00e1r 31-\u00e9n,<\/strong> szerd\u00e1n,<\/p>\n<p><strong>Stuttgartban <\/strong>10.15 \u00f3rakor <em>n\u00e9metnyelv\u0171 szentmise.<\/em><\/p>\n<p style=\"text-align: center;\">*<\/p>\n<p><strong>Febru\u00e1r 1-j\u00e9n,<\/strong> cs\u00fct\u00f6rt\u00f6k\u00f6n,<\/p>\n<p><strong>Ulmi<\/strong> d\u00e9lut\u00e1n. 17.30 \u00f3rakor <em>r\u00f3zsaf\u00fcz\u00e9r, gy\u00f3ntat\u00e1s,<\/em> <em>szentmise<\/em>. Ut\u00e1na <em>Besz\u00e9lget\u00e9sek a Bibli\u00e1r\u00f3l<strong>.<\/strong><\/em><\/p>\n<p style=\"text-align: center;\">*<\/p>\n<p><strong>Febru\u00e1r 2-\u00e1n,<\/strong> p\u00e9nteken,<\/p>\n<p><strong>Stuttgartban<\/strong> 16.00 \u00f3rakor <em>Bar\u00e1ts\u00e1gklub, <\/em>18.00 \u00f3rakor <em>szentmise<\/em>. 19.00 \u00f3rakor <em>Imak\u00f6r: szents\u00e9gim\u00e1d\u00e1s<\/em>.<\/p>\n<p><strong>Weingartenben<\/strong> 17.30 \u00f3rakor a Marienkirche-ben <em>r\u00f3zsaf\u00fcz\u00e9r<\/em>, 18.00 \u00f3rakor <em>szentmise<\/em>, ut\u00e1na <em>Besz\u00e9lget\u00e9sek a Bibli\u00e1r\u00f3l. <\/em><\/p>\n<p style=\"text-align: center;\">*<\/p>\n<p><strong>Febru\u00e1r 3-\u00e1n, <\/strong>szombaton, Magyar Szent P\u00e1l \u00fcnnepe,<\/p>\n<p><strong>Balingenben<\/strong> <strong>templomb\u00facs\u00fa<\/strong>, 17.00 \u00f3rakor <em>szentmise<\/em>. El\u0151tte <em>gy\u00f3ntat\u00e1s<\/em>, ut\u00e1na <em>\u00e1g\u00e1p\u00e9<\/em>.<\/p>\n<p style=\"text-align: center;\">*<\/p>\n<p><strong>Febru\u00e1r 4-\u00e9n, <\/strong>vas\u00e1rnap,<\/p>\n<p><strong>Munderkingenben<\/strong> 9.00 \u00f3rakor <em>szentmise<\/em>. Keret\u00e9ben <em>gyertyaszentel\u00e9s \u00e9s bal\u00e1zs\u00e1ld\u00e1s<\/em>.<\/p>\n<p><strong>Schw\u00e4bisch-Gm\u00fcndben <\/strong>9.30 \u00f3rakor <em>szentmise. <\/em>Keret\u00e9ben <em>gyertyaszentel\u00e9s \u00e9s bal\u00e1zs\u00e1ld\u00e1s<\/em>. <em>\u00a0<\/em>Ut\u00e1na <em>\u00e1g\u00e1p\u00e9<\/em>.<\/p>\n<p><strong>Stuttgartban <\/strong>15.00 \u00f3rakor <em>szentmise<\/em>. Keret\u00e9ben <em>gyertyaszentel\u00e9s \u00e9s bal\u00e1zs\u00e1ld\u00e1s<\/em>. Ut\u00e1na, 16.00 \u00f3r\u00e1t\u00f3l <em>farsangi m\u0171sor.<\/em><\/p>\n<p style=\"text-align: center;\">*<\/p>\n<p>Minden helyen mindenkit szeretettel v\u00e1r a k\u00f6z\u00f6ss\u00e9g, Imre atya \u00e9s Tibor atya!<\/p>\n<p><em>\u201eIsten mindent k\u00e9szre teremtett, csak az embert teremtette\u00a0 rem\u00e9nyre, hogy t\u00faln\u0151jj\u00f6n \u00f6nmag\u00e1n, \u00e9s soha ne adja fel!\u201d <\/em><strong>(ismeretlen)<\/strong><\/p>\n<p><strong><em>Sz\u00e9p napokat, j\u00f3 munk\u00e1t, tartalmas besz\u00e9lget\u00e9seket \u00e9s \u00f6r\u00f6mteli tal\u00e1lkoz\u00e1sokat k\u00edv\u00e1nunk minden Kedves H\u00edv\u00fcnknek!<\/em><\/strong><\/p>\n<p>&nbsp;<\/p>\n","protected":false},"excerpt":{"rendered":"<p>Programel\u0151zetes Janu\u00e1r 31-\u00e9n, szerd\u00e1n, Stuttgartban 10.15 \u00f3rakor n\u00e9metnyelv\u0171 szentmise. * Febru\u00e1r 1-j\u00e9n, cs\u00fct\u00f6rt\u00f6k\u00f6n, Ulmi d\u00e9lut\u00e1n. 17.30 \u00f3rakor r\u00f3zsaf\u00fcz\u00e9r, gy\u00f3ntat\u00e1s, szentmise. Ut\u00e1na Besz\u00e9lget\u00e9sek a Bibli\u00e1r\u00f3l. * Febru\u00e1r 2-\u00e1n, p\u00e9nteken, Stuttgartban 16.00 \u00f3rakor Bar\u00e1ts\u00e1gklub, 18.00 \u00f3rakor szentmise. 19.00 \u00f3rakor Imak\u00f6r: szents\u00e9gim\u00e1d\u00e1s. Weingartenben 17.30 \u00f3rakor a Marienkirche-ben r\u00f3zsaf\u00fcz\u00e9r, 18.00 \u00f3rakor szentmise, ut\u00e1na Besz\u00e9lget\u00e9sek a Bibli\u00e1r\u00f3l. * Febru\u00e1r 3-\u00e1n, szombaton, Magyar Szent P\u00e1l \u00fcnnepe, Balingenben templomb\u00facs\u00fa, 17.00 \u00f3rakor szentmise. El\u0151tte gy\u00f3ntat\u00e1s, ut\u00e1na \u00e1g\u00e1p\u00e9. * Febru\u00e1r 4-\u00e9n, vas\u00e1rnap, Munderkingenben 9.00 \u00f3rakor szentmise. Keret\u00e9ben gyertyaszentel\u00e9s \u00e9s bal\u00e1zs\u00e1ld\u00e1s. Schw\u00e4bisch-Gm\u00fcndben 9.30 \u00f3rakor szentmise. Keret\u00e9ben gyertyaszentel\u00e9s \u00e9s bal\u00e1zs\u00e1ld\u00e1s. \u00a0Ut\u00e1na \u00e1g\u00e1p\u00e9. Stuttgartban 15.00 \u00f3rakor szentmise. Keret\u00e9ben gyertyaszentel\u00e9s \u00e9s bal\u00e1zs\u00e1ld\u00e1s. Ut\u00e1na, 16.00 \u00f3r\u00e1t\u00f3l farsangi m\u0171sor. * Minden helyen mindenkit szeretettel v\u00e1r a k\u00f6z\u00f6ss\u00e9g, Imre atya \u00e9s Tibor atya! \u201eIsten mindent k\u00e9szre teremtett, csak az embert teremtette\u00a0 rem\u00e9nyre, hogy t\u00faln\u0151jj\u00f6n \u00f6nmag\u00e1n, \u00e9s soha ne adja fel!\u201d (ismeretlen) Sz\u00e9p napokat, j\u00f3 munk\u00e1t, tartalmas besz\u00e9lget\u00e9seket \u00e9s \u00f6r\u00f6mteli tal\u00e1lkoz\u00e1sokat k\u00edv\u00e1nunk minden Kedves H\u00edv\u00fcnknek! &nbsp;<\/p>\n","protected":false},"author":3,"featured_media":0,"comment_status":"closed","ping_status":"closed","sticky":false,"template":"","format":"standard","meta":{"footnotes":""},"categories":[37],"tags":[],"class_list":["post-13585","post","type-post","status-publish","format-standard","hentry","category-progamelozetes"],"yoast_head":"<!-- This site is optimized with the Yoast SEO plugin v27.3 - https:\/\/yoast.com\/product\/yoast-seo-wordpress\/ -->\n<title>Programel\u0151zetes janu\u00e1r 29 \u00e9s febru\u00e1r 4 k\u00f6z\u00f6tt - Stuttgarti Katolikusok<\/title>\n<meta name=\"robots\" content=\"index, follow, max-snippet:-1, max-image-preview:large, max-video-preview:-1\" \/>\n<link rel=\"canonical\" href=\"https:\/\/stuttgarti-katolikusok.de\/index.php\/programelozetes-januar-29-es-februar-4-kozott\/\" \/>\n<meta property=\"og:locale\" content=\"hu_HU\" \/>\n<meta property=\"og:type\" content=\"article\" \/>\n<meta property=\"og:title\" content=\"Programel\u0151zetes janu\u00e1r 29 \u00e9s febru\u00e1r 4 k\u00f6z\u00f6tt - Stuttgarti Katolikusok\" \/>\n<meta property=\"og:description\" content=\"Programel\u0151zetes Janu\u00e1r 31-\u00e9n, szerd\u00e1n, Stuttgartban 10.15 \u00f3rakor n\u00e9metnyelv\u0171 szentmise. * Febru\u00e1r 1-j\u00e9n, cs\u00fct\u00f6rt\u00f6k\u00f6n, Ulmi d\u00e9lut\u00e1n. 17.30 \u00f3rakor r\u00f3zsaf\u00fcz\u00e9r, gy\u00f3ntat\u00e1s, szentmise. Ut\u00e1na Besz\u00e9lget\u00e9sek a Bibli\u00e1r\u00f3l. * Febru\u00e1r 2-\u00e1n, p\u00e9nteken, Stuttgartban 16.00 \u00f3rakor Bar\u00e1ts\u00e1gklub, 18.00 \u00f3rakor szentmise. 19.00 \u00f3rakor Imak\u00f6r: szents\u00e9gim\u00e1d\u00e1s. Weingartenben 17.30 \u00f3rakor a Marienkirche-ben r\u00f3zsaf\u00fcz\u00e9r, 18.00 \u00f3rakor szentmise, ut\u00e1na Besz\u00e9lget\u00e9sek a Bibli\u00e1r\u00f3l. * Febru\u00e1r 3-\u00e1n, szombaton, Magyar Szent P\u00e1l \u00fcnnepe, Balingenben templomb\u00facs\u00fa, 17.00 \u00f3rakor szentmise. El\u0151tte gy\u00f3ntat\u00e1s, ut\u00e1na \u00e1g\u00e1p\u00e9. * Febru\u00e1r 4-\u00e9n, vas\u00e1rnap, Munderkingenben 9.00 \u00f3rakor szentmise. Keret\u00e9ben gyertyaszentel\u00e9s \u00e9s bal\u00e1zs\u00e1ld\u00e1s. Schw\u00e4bisch-Gm\u00fcndben 9.30 \u00f3rakor szentmise. Keret\u00e9ben gyertyaszentel\u00e9s \u00e9s bal\u00e1zs\u00e1ld\u00e1s. \u00a0Ut\u00e1na \u00e1g\u00e1p\u00e9. Stuttgartban 15.00 \u00f3rakor szentmise. Keret\u00e9ben gyertyaszentel\u00e9s \u00e9s bal\u00e1zs\u00e1ld\u00e1s. Ut\u00e1na, 16.00 \u00f3r\u00e1t\u00f3l farsangi m\u0171sor. * Minden helyen mindenkit szeretettel v\u00e1r a k\u00f6z\u00f6ss\u00e9g, Imre atya \u00e9s Tibor atya! \u201eIsten mindent k\u00e9szre teremtett, csak az embert teremtette\u00a0 rem\u00e9nyre, hogy t\u00faln\u0151jj\u00f6n \u00f6nmag\u00e1n, \u00e9s soha ne adja fel!\u201d (ismeretlen) Sz\u00e9p napokat, j\u00f3 munk\u00e1t, tartalmas besz\u00e9lget\u00e9seket \u00e9s \u00f6r\u00f6mteli tal\u00e1lkoz\u00e1sokat k\u00edv\u00e1nunk minden Kedves H\u00edv\u00fcnknek! &nbsp;\" \/>\n<meta property=\"og:url\" content=\"https:\/\/stuttgarti-katolikusok.de\/index.php\/programelozetes-januar-29-es-februar-4-kozott\/\" \/>\n<meta property=\"og:site_name\" content=\"Stuttgarti Katolikusok\" \/>\n<meta property=\"article:published_time\" content=\"2018-01-31T12:45:54+00:00\" \/>\n<meta property=\"article:modified_time\" content=\"2018-01-31T12:54:39+00:00\" \/>\n<meta name=\"author\" content=\"Tibor atya\" \/>\n<meta name=\"twitter:card\" content=\"summary_large_image\" \/>\n<meta name=\"twitter:label1\" content=\"Szerz\u0151:\" \/>\n\t<meta name=\"twitter:data1\" content=\"Tibor atya\" \/>\n\t<meta name=\"twitter:label2\" content=\"Becs\u00fclt olvas\u00e1si id\u0151\" \/>\n\t<meta name=\"twitter:data2\" content=\"1 perc\" \/>\n<script type=\"application\/ld+json\" class=\"yoast-schema-graph\">{\"@context\":\"https:\\\/\\\/schema.org\",\"@graph\":[{\"@type\":\"Article\",\"@id\":\"https:\\\/\\\/stuttgarti-katolikusok.de\\\/index.php\\\/programelozetes-januar-29-es-februar-4-kozott\\\/#article\",\"isPartOf\":{\"@id\":\"https:\\\/\\\/stuttgarti-katolikusok.de\\\/index.php\\\/programelozetes-januar-29-es-februar-4-kozott\\\/\"},\"author\":{\"name\":\"Tibor atya\",\"@id\":\"https:\\\/\\\/stuttgarti-katolikusok.de\\\/#\\\/schema\\\/person\\\/75908d6f8fdc03a57889d27209df7795\"},\"headline\":\"Programel\u0151zetes janu\u00e1r 29 \u00e9s febru\u00e1r 4 k\u00f6z\u00f6tt\",\"datePublished\":\"2018-01-31T12:45:54+00:00\",\"dateModified\":\"2018-01-31T12:54:39+00:00\",\"mainEntityOfPage\":{\"@id\":\"https:\\\/\\\/stuttgarti-katolikusok.de\\\/index.php\\\/programelozetes-januar-29-es-februar-4-kozott\\\/\"},\"wordCount\":238,\"articleSection\":[\"Progamel\u0151zetes\"],\"inLanguage\":\"hu\"},{\"@type\":\"WebPage\",\"@id\":\"https:\\\/\\\/stuttgarti-katolikusok.de\\\/index.php\\\/programelozetes-januar-29-es-februar-4-kozott\\\/\",\"url\":\"https:\\\/\\\/stuttgarti-katolikusok.de\\\/index.php\\\/programelozetes-januar-29-es-februar-4-kozott\\\/\",\"name\":\"Programel\u0151zetes janu\u00e1r 29 \u00e9s febru\u00e1r 4 k\u00f6z\u00f6tt - Stuttgarti Katolikusok\",\"isPartOf\":{\"@id\":\"https:\\\/\\\/stuttgarti-katolikusok.de\\\/#website\"},\"datePublished\":\"2018-01-31T12:45:54+00:00\",\"dateModified\":\"2018-01-31T12:54:39+00:00\",\"author\":{\"@id\":\"https:\\\/\\\/stuttgarti-katolikusok.de\\\/#\\\/schema\\\/person\\\/75908d6f8fdc03a57889d27209df7795\"},\"breadcrumb\":{\"@id\":\"https:\\\/\\\/stuttgarti-katolikusok.de\\\/index.php\\\/programelozetes-januar-29-es-februar-4-kozott\\\/#breadcrumb\"},\"inLanguage\":\"hu\",\"potentialAction\":[{\"@type\":\"ReadAction\",\"target\":[\"https:\\\/\\\/stuttgarti-katolikusok.de\\\/index.php\\\/programelozetes-januar-29-es-februar-4-kozott\\\/\"]}]},{\"@type\":\"BreadcrumbList\",\"@id\":\"https:\\\/\\\/stuttgarti-katolikusok.de\\\/index.php\\\/programelozetes-januar-29-es-februar-4-kozott\\\/#breadcrumb\",\"itemListElement\":[{\"@type\":\"ListItem\",\"position\":1,\"name\":\"Kezd\u0151lap\",\"item\":\"https:\\\/\\\/stuttgarti-katolikusok.de\\\/\"},{\"@type\":\"ListItem\",\"position\":2,\"name\":\"Programel\u0151zetes janu\u00e1r 29 \u00e9s febru\u00e1r 4 k\u00f6z\u00f6tt\"}]},{\"@type\":\"WebSite\",\"@id\":\"https:\\\/\\\/stuttgarti-katolikusok.de\\\/#website\",\"url\":\"https:\\\/\\\/stuttgarti-katolikusok.de\\\/\",\"name\":\"Stuttgarti Katolikusok\",\"description\":\"\",\"potentialAction\":[{\"@type\":\"SearchAction\",\"target\":{\"@type\":\"EntryPoint\",\"urlTemplate\":\"https:\\\/\\\/stuttgarti-katolikusok.de\\\/?s={search_term_string}\"},\"query-input\":{\"@type\":\"PropertyValueSpecification\",\"valueRequired\":true,\"valueName\":\"search_term_string\"}}],\"inLanguage\":\"hu\"},{\"@type\":\"Person\",\"@id\":\"https:\\\/\\\/stuttgarti-katolikusok.de\\\/#\\\/schema\\\/person\\\/75908d6f8fdc03a57889d27209df7795\",\"name\":\"Tibor atya\",\"image\":{\"@type\":\"ImageObject\",\"inLanguage\":\"hu\",\"@id\":\"https:\\\/\\\/secure.gravatar.com\\\/avatar\\\/61d268e57d1f4525b111222e29d2d5a7f8c420fdbf231ba5566a8ceac74fa960?s=96&d=mm&r=g\",\"url\":\"https:\\\/\\\/secure.gravatar.com\\\/avatar\\\/61d268e57d1f4525b111222e29d2d5a7f8c420fdbf231ba5566a8ceac74fa960?s=96&d=mm&r=g\",\"contentUrl\":\"https:\\\/\\\/secure.gravatar.com\\\/avatar\\\/61d268e57d1f4525b111222e29d2d5a7f8c420fdbf231ba5566a8ceac74fa960?s=96&d=mm&r=g\",\"caption\":\"Tibor atya\"},\"url\":\"https:\\\/\\\/stuttgarti-katolikusok.de\\\/index.php\\\/author\\\/tibor-atya\\\/\"}]}<\/script>\n<!-- \/ Yoast SEO plugin. -->","yoast_head_json":{"title":"Programel\u0151zetes janu\u00e1r 29 \u00e9s febru\u00e1r 4 k\u00f6z\u00f6tt - Stuttgarti Katolikusok","robots":{"index":"index","follow":"follow","max-snippet":"max-snippet:-1","max-image-preview":"max-image-preview:large","max-video-preview":"max-video-preview:-1"},"canonical":"https:\/\/stuttgarti-katolikusok.de\/index.php\/programelozetes-januar-29-es-februar-4-kozott\/","og_locale":"hu_HU","og_type":"article","og_title":"Programel\u0151zetes janu\u00e1r 29 \u00e9s febru\u00e1r 4 k\u00f6z\u00f6tt - Stuttgarti Katolikusok","og_description":"Programel\u0151zetes Janu\u00e1r 31-\u00e9n, szerd\u00e1n, Stuttgartban 10.15 \u00f3rakor n\u00e9metnyelv\u0171 szentmise. * Febru\u00e1r 1-j\u00e9n, cs\u00fct\u00f6rt\u00f6k\u00f6n, Ulmi d\u00e9lut\u00e1n. 17.30 \u00f3rakor r\u00f3zsaf\u00fcz\u00e9r, gy\u00f3ntat\u00e1s, szentmise. Ut\u00e1na Besz\u00e9lget\u00e9sek a Bibli\u00e1r\u00f3l. * Febru\u00e1r 2-\u00e1n, p\u00e9nteken, Stuttgartban 16.00 \u00f3rakor Bar\u00e1ts\u00e1gklub, 18.00 \u00f3rakor szentmise. 19.00 \u00f3rakor Imak\u00f6r: szents\u00e9gim\u00e1d\u00e1s. Weingartenben 17.30 \u00f3rakor a Marienkirche-ben r\u00f3zsaf\u00fcz\u00e9r, 18.00 \u00f3rakor szentmise, ut\u00e1na Besz\u00e9lget\u00e9sek a Bibli\u00e1r\u00f3l. * Febru\u00e1r 3-\u00e1n, szombaton, Magyar Szent P\u00e1l \u00fcnnepe, Balingenben templomb\u00facs\u00fa, 17.00 \u00f3rakor szentmise. El\u0151tte gy\u00f3ntat\u00e1s, ut\u00e1na \u00e1g\u00e1p\u00e9. * Febru\u00e1r 4-\u00e9n, vas\u00e1rnap, Munderkingenben 9.00 \u00f3rakor szentmise. Keret\u00e9ben gyertyaszentel\u00e9s \u00e9s bal\u00e1zs\u00e1ld\u00e1s. Schw\u00e4bisch-Gm\u00fcndben 9.30 \u00f3rakor szentmise. Keret\u00e9ben gyertyaszentel\u00e9s \u00e9s bal\u00e1zs\u00e1ld\u00e1s. \u00a0Ut\u00e1na \u00e1g\u00e1p\u00e9. Stuttgartban 15.00 \u00f3rakor szentmise. Keret\u00e9ben gyertyaszentel\u00e9s \u00e9s bal\u00e1zs\u00e1ld\u00e1s. Ut\u00e1na, 16.00 \u00f3r\u00e1t\u00f3l farsangi m\u0171sor. * Minden helyen mindenkit szeretettel v\u00e1r a k\u00f6z\u00f6ss\u00e9g, Imre atya \u00e9s Tibor atya! \u201eIsten mindent k\u00e9szre teremtett, csak az embert teremtette\u00a0 rem\u00e9nyre, hogy t\u00faln\u0151jj\u00f6n \u00f6nmag\u00e1n, \u00e9s soha ne adja fel!\u201d (ismeretlen) Sz\u00e9p napokat, j\u00f3 munk\u00e1t, tartalmas besz\u00e9lget\u00e9seket \u00e9s \u00f6r\u00f6mteli tal\u00e1lkoz\u00e1sokat k\u00edv\u00e1nunk minden Kedves H\u00edv\u00fcnknek! &nbsp;","og_url":"https:\/\/stuttgarti-katolikusok.de\/index.php\/programelozetes-januar-29-es-februar-4-kozott\/","og_site_name":"Stuttgarti Katolikusok","article_published_time":"2018-01-31T12:45:54+00:00","article_modified_time":"2018-01-31T12:54:39+00:00","author":"Tibor atya","twitter_card":"summary_large_image","twitter_misc":{"Szerz\u0151:":"Tibor atya","Becs\u00fclt olvas\u00e1si id\u0151":"1 perc"},"schema":{"@context":"https:\/\/schema.org","@graph":[{"@type":"Article","@id":"https:\/\/stuttgarti-katolikusok.de\/index.php\/programelozetes-januar-29-es-februar-4-kozott\/#article","isPartOf":{"@id":"https:\/\/stuttgarti-katolikusok.de\/index.php\/programelozetes-januar-29-es-februar-4-kozott\/"},"author":{"name":"Tibor atya","@id":"https:\/\/stuttgarti-katolikusok.de\/#\/schema\/person\/75908d6f8fdc03a57889d27209df7795"},"headline":"Programel\u0151zetes janu\u00e1r 29 \u00e9s febru\u00e1r 4 k\u00f6z\u00f6tt","datePublished":"2018-01-31T12:45:54+00:00","dateModified":"2018-01-31T12:54:39+00:00","mainEntityOfPage":{"@id":"https:\/\/stuttgarti-katolikusok.de\/index.php\/programelozetes-januar-29-es-februar-4-kozott\/"},"wordCount":238,"articleSection":["Progamel\u0151zetes"],"inLanguage":"hu"},{"@type":"WebPage","@id":"https:\/\/stuttgarti-katolikusok.de\/index.php\/programelozetes-januar-29-es-februar-4-kozott\/","url":"https:\/\/stuttgarti-katolikusok.de\/index.php\/programelozetes-januar-29-es-februar-4-kozott\/","name":"Programel\u0151zetes janu\u00e1r 29 \u00e9s febru\u00e1r 4 k\u00f6z\u00f6tt - Stuttgarti Katolikusok","isPartOf":{"@id":"https:\/\/stuttgarti-katolikusok.de\/#website"},"datePublished":"2018-01-31T12:45:54+00:00","dateModified":"2018-01-31T12:54:39+00:00","author":{"@id":"https:\/\/stuttgarti-katolikusok.de\/#\/schema\/person\/75908d6f8fdc03a57889d27209df7795"},"breadcrumb":{"@id":"https:\/\/stuttgarti-katolikusok.de\/index.php\/programelozetes-januar-29-es-februar-4-kozott\/#breadcrumb"},"inLanguage":"hu","potentialAction":[{"@type":"ReadAction","target":["https:\/\/stuttgarti-katolikusok.de\/index.php\/programelozetes-januar-29-es-februar-4-kozott\/"]}]},{"@type":"BreadcrumbList","@id":"https:\/\/stuttgarti-katolikusok.de\/index.php\/programelozetes-januar-29-es-februar-4-kozott\/#breadcrumb","itemListElement":[{"@type":"ListItem","position":1,"name":"Kezd\u0151lap","item":"https:\/\/stuttgarti-katolikusok.de\/"},{"@type":"ListItem","position":2,"name":"Programel\u0151zetes janu\u00e1r 29 \u00e9s febru\u00e1r 4 k\u00f6z\u00f6tt"}]},{"@type":"WebSite","@id":"https:\/\/stuttgarti-katolikusok.de\/#website","url":"https:\/\/stuttgarti-katolikusok.de\/","name":"Stuttgarti Katolikusok","description":"","potentialAction":[{"@type":"SearchAction","target":{"@type":"EntryPoint","urlTemplate":"https:\/\/stuttgarti-katolikusok.de\/?s={search_term_string}"},"query-input":{"@type":"PropertyValueSpecification","valueRequired":true,"valueName":"search_term_string"}}],"inLanguage":"hu"},{"@type":"Person","@id":"https:\/\/stuttgarti-katolikusok.de\/#\/schema\/person\/75908d6f8fdc03a57889d27209df7795","name":"Tibor atya","image":{"@type":"ImageObject","inLanguage":"hu","@id":"https:\/\/secure.gravatar.com\/avatar\/61d268e57d1f4525b111222e29d2d5a7f8c420fdbf231ba5566a8ceac74fa960?s=96&d=mm&r=g","url":"https:\/\/secure.gravatar.com\/avatar\/61d268e57d1f4525b111222e29d2d5a7f8c420fdbf231ba5566a8ceac74fa960?s=96&d=mm&r=g","contentUrl":"https:\/\/secure.gravatar.com\/avatar\/61d268e57d1f4525b111222e29d2d5a7f8c420fdbf231ba5566a8ceac74fa960?s=96&d=mm&r=g","caption":"Tibor atya"},"url":"https:\/\/stuttgarti-katolikusok.de\/index.php\/author\/tibor-atya\/"}]}},"_links":{"self":[{"href":"https:\/\/stuttgarti-katolikusok.de\/index.php\/wp-json\/wp\/v2\/posts\/13585","targetHints":{"allow":["GET"]}}],"collection":[{"href":"https:\/\/stuttgarti-katolikusok.de\/index.php\/wp-json\/wp\/v2\/posts"}],"about":[{"href":"https:\/\/stuttgarti-katolikusok.de\/index.php\/wp-json\/wp\/v2\/types\/post"}],"author":[{"embeddable":true,"href":"https:\/\/stuttgarti-katolikusok.de\/index.php\/wp-json\/wp\/v2\/users\/3"}],"replies":[{"embeddable":true,"href":"https:\/\/stuttgarti-katolikusok.de\/index.php\/wp-json\/wp\/v2\/comments?post=13585"}],"version-history":[{"count":2,"href":"https:\/\/stuttgarti-katolikusok.de\/index.php\/wp-json\/wp\/v2\/posts\/13585\/revisions"}],"predecessor-version":[{"id":13588,"href":"https:\/\/stuttgarti-katolikusok.de\/index.php\/wp-json\/wp\/v2\/posts\/13585\/revisions\/13588"}],"wp:attachment":[{"href":"https:\/\/stuttgarti-katolikusok.de\/index.php\/wp-json\/wp\/v2\/media?parent=13585"}],"wp:term":[{"taxonomy":"category","embeddable":true,"href":"https:\/\/stuttgarti-katolikusok.de\/index.php\/wp-json\/wp\/v2\/categories?post=13585"},{"taxonomy":"post_tag","embeddable":true,"href":"https:\/\/stuttgarti-katolikusok.de\/index.php\/wp-json\/wp\/v2\/tags?post=13585"}],"curies":[{"name":"wp","href":"https:\/\/api.w.org\/{rel}","templated":true}]}}