{"id":13398,"date":"2018-01-02T09:09:47","date_gmt":"2018-01-02T09:09:47","guid":{"rendered":"https:\/\/gracious-dewdney.138-201-221-2.plesk.page\/?p=13398"},"modified":"2018-01-02T14:36:17","modified_gmt":"2018-01-02T14:36:17","slug":"baratom-2018-januarja","status":"publish","type":"post","link":"https:\/\/stuttgarti-katolikusok.de\/index.php\/baratom-2018-januarja\/","title":{"rendered":"Bar\u00e1tom &#8211; 2018 janu\u00e1rja"},"content":{"rendered":"<table style=\"height: 3625px;\" width=\"884\">\n<tbody>\n<tr>\n<td width=\"465\"><strong>B a r \u00e1 t o m<\/strong><\/p>\n<h3>A Szent Gell\u00e9rt Magyar Katolikus Egyh\u00e1zk\u00f6zs\u00e9g Havilapja<\/h3>\n<p>Szerkeszt\u0151: Ft. Merl\u00e1s Tibor \u00e9s Ft. Dr. Tempfli Imre. Kiad\u00f3: Szent Gell\u00e9rt Magyar Katolikus Egyh\u00e1zk\u00f6zs\u00e9g. Postac\u00edm: Albert-Sch\u00e4ffle-Str. 30, 70186-Stuttgart. Tel: 0711-236 91 90, Fax: 0711-236 73 93, E-mail: <a href=\"mailto:mis-sion@gracious-dewdney.138-201-221-2.plesk.page\">mission@gracious-dewdney.138-201-221-2.plesk.page<\/a> Honlap: <a href=\"https:\/\/stuttgarti-katolikusok.de\/\">www. stuttgarti-katolikusok.de<\/a> Facebook: Stuttgarti.Katolikusok Sz\u00e1mla: Postbank Stuttgart, IBAN: DE80 600 100 700 002 190 704,\u00a0 BIC: PBNKDEFF<\/p>\n<p><strong>2 0 1 8\u00a0\u00a0 J A N U \u00c1 R<\/strong><\/p>\n<h5><em>\u201eBetlehemi csillag <\/em><br \/>\n<em> Szel\u00edd f\u00e9nye mellett <\/em><br \/>\n<em> Ma az \u00e9gen \u00e9s a f\u00f6ld\u00f6n <\/em><br \/>\n<em> Angyalok lebegnek. <\/em><br \/>\n<em> Isten h\u00edrviv\u0151i <\/em><br \/>\n<em> K\u00f6nnyezve dalolnak <\/em><br \/>\n<em> B\u00e9kess\u00e9get, boldogs\u00e1got <\/em><br \/>\n<em> F\u00f6ldi v\u00e1ndoroknak.\u201d<\/em><\/h5>\n<h4>(M\u00e1t\u00e9 evang\u00e9liuma 2,1.11)<\/h4>\n<h2>BETLEHEMI KIR\u00c1LYOK<\/h2>\n<p><em>J\u00f3zsef Attila<\/em><\/p>\n<p>Adjonisten, J\u00e9zusunk, J\u00e9zusunk!<br \/>\nH\u00e1rom kir\u00e1ly mi vagyunk.<br \/>\nL\u00e1ngos csillag \u00e1llt felett\u00fcnk,<br \/>\ngyalog j\u00f6tt\u00fcnk, mert siett\u00fcnk,<br \/>\nkis juhocska mondta &#8211; biztos<br \/>\nitt lakik a J\u00e9zus Krisztus.<br \/>\nMenyh\u00e1rt kir\u00e1ly a nevem.<br \/>\nSeg\u00edts, \u00e9des Istenem!<\/p>\n<p>Istenfia, j\u00f3napot, j\u00f3napot!<br \/>\nNem vagyunk mi v\u00e9n papok.<br \/>\n\u016fgy hallottuk, megsz\u00fclett\u00e9l,<br \/>\nszeg\u00e9nyek kir\u00e1lya lett\u00e9l.<br \/>\nBen\u00e9zt\u00fcnk h\u00e1t kicsit hozz\u00e1d,<br \/>\n\u00dcdv\u00f6ss\u00e9g\u00fcnk, \u00e9gi orsz\u00e1g!<br \/>\nG\u00e1sp\u00e1r voln\u00e9k, aff\u00e9le<br \/>\nf\u00f6ldi kir\u00e1ly szem\u00e9lye.<\/p>\n<p>Adjonisten, Megv\u00e1lt\u00f3, Megv\u00e1lt\u00f3!<br \/>\nJ\u00f6tt\u00fcnk meleg orsz\u00e1gb\u00f3l.<br \/>\nF\u0151tt kolb\u00e1szunk mind elfogyott,<br \/>\nf\u00e9nyes csizm\u00e1nk is megrogyott,<br \/>\nhoztunk aranyat hat mar\u00e9kkal,<br \/>\nt\u00f6mj\u00e9nt eg\u00e9sz vasfaz\u00e9kkal.<br \/>\n\u00c9n vagyok a Boldizs\u00e1r,<br \/>\naki szerecseny kir\u00e1ly.<\/p>\n<p>Irul-pirul M\u00e1ria, M\u00e1ria,<br \/>\nboldogs\u00e1gos kis mama.<br \/>\nHull\u00f3 k\u00f6nnye z\u00e1por\u00e1n \u00e1t<br \/>\nalig l\u00e1tja J\u00e9zusk\u00e1j\u00e1t.<br \/>\nA sok p\u00e1sztor mind muzsik\u00e1l.<br \/>\nMeg is k\u00e9ne szoptatni m\u00e1r.<br \/>\nKedves h\u00e1rom kir\u00e1lyok,<br \/>\nj\u00f3\u00e9jszak\u00e1t k\u00edv\u00e1nok!<\/p>\n<p><strong>K\u00d6ZLEM\u00c9NYEK \u2013 RENDEZV\u00c9NYEK<\/strong><\/p>\n<p>Stuttgartban <strong>p\u00e9ntekenk\u00e9nt <\/strong>17.45 \u00f3rakor <em>r\u00f3zsaf\u00fcz\u00e9r-\u00e1jtatoss\u00e1g,<\/em> majd<strong> szentmise, <\/strong>keret\u00e9ben <em>besz\u00e9lget\u00e9s a katekizmusr\u00f3l<\/em>. Az \u00e9rdekl\u0151d\u0151ket <strong>janu\u00e1r<\/strong> 12-\u00e9n, 19-\u00e9n \u00e9s 26-\u00e1n v\u00e1rjuk. A <strong>Bar\u00e1ts\u00e1gklub <\/strong>tagjai is <strong>janu\u00e1r<\/strong> 12-\u00e9n, 19-\u00e9n \u00e9s 26-\u00e1n tal\u00e1lkoznak, 15.30 \u00f3rakor, a K\u00f6z\u00f6ss\u00e9gi Teremben. Mindenkit szeretettel v\u00e1rnak!<\/p>\n<p style=\"text-align: center;\">*<\/p>\n<p><strong>Ulmban<\/strong> cs\u00fct\u00f6rt\u00f6k\u00f6nk\u00e9nt, azaz<strong> janu\u00e1r<\/strong> 11-\u00e9n, 18-\u00e1n \u00e9s 25-\u00e9n <strong>17.30 <\/strong>\u00f3r\u00e1t\u00f3l, <strong>Weingartenben <\/strong>pedig p\u00e9ntekenk\u00e9nt, azaz <strong>janu\u00e1r<\/strong> 12-\u00e9n, 19-\u00e9n \u00e9s 26-\u00e1n\u00a0 <strong>18.00<\/strong> \u00f3r\u00e1t\u00f3l <strong>szentmise<\/strong>, ut\u00e1na <em>Besz\u00e9lget\u00e9sek a Bibli\u00e1r\u00f3l. <\/em><\/p>\n<p style=\"text-align: center;\"><strong>*<\/strong><\/p>\n<p>Stuttgartban<strong> janu\u00e1r <\/strong>12-\u00e9n \u00e9s 26-\u00e1n <strong>Sportklub <\/strong>\u00e9s <strong>K\u00f3rus. Janu\u00e1r 19-\u00e9n <\/strong>pedig<strong>, <\/strong>19.00 \u00f3rakor <strong>Bibliak\u00f6r<\/strong>. <strong>\u00a0<\/strong><\/p>\n<p style=\"text-align: center;\">*<\/p>\n<p>A<strong> Magyar B\u00e1l 2018. janu\u00e1r 27-\u00e9n <\/strong>este 18.00 \u00f3rakor kezd\u0151dik Fellbachban a Schwabenlandhalleban (70734 Fellbach, Tainer Strasse 7). Minden t\u00e1ncosl\u00e1b\u00fa \u00e9rdekl\u0151d\u0151t szeretettel v\u00e1runk! <strong>Jegyv\u00e1s\u00e1rl\u00e1s<\/strong>\/rendel\u00e9s 2018. janu\u00e1r 2-t\u00f3l <strong>az<\/strong> <strong>Irod\u00e1n<\/strong>.<\/p>\n<p style=\"text-align: center;\"><strong>*<\/strong><\/p>\n<p><strong>Nevess vel\u00fcnk<\/strong> <em>\u2013 Egy sz\u0151ke \u00e9s egy barna csaj besz\u00e9lget. K\u00e9rdi a barna: &#8211; Te, elj\u00f6ssz a szilveszteri bulimra? &#8211; Jaj de j\u00f3, persze hogy elmegyek! Mikor lesz?<br \/>\n<\/em><br \/>\n<strong>\u00daJ\u00c9VRE<\/strong><\/p>\n<h5><em>Adjon Isten minden sz\u00e9pet, irigyeknek b\u00e9kess\u00e9get,<\/em><\/h5>\n<h5><em>Adjon Isten minden j\u00f3t, hazug sz\u00e1jba igaz sz\u00f3t.<\/em><\/h5>\n<h5><em>Hontalannak mened\u00e9ket, \u00e9hez\u0151knek eles\u00e9get,<\/em><\/h5>\n<h5><em>Tollat \u00edr\u00f3 kez\u00e9be, puly\u00e1t asszony \u00f6l\u00e9be.<\/em><\/h5>\n<h5><em>Leg\u00e9nyeknek feles\u00e9get, szeg\u00e9nyeknek nyeres\u00e9get,<\/em><\/h5>\n<h5><em>\u00c1fony\u00e1t a havasra, pisztr\u00e1ngot a patakba.<\/em><\/h5>\n<h5><em>Istenhitet a pog\u00e1nynak, h\u0171 szeret\u0151t a le\u00e1nynak,<\/em><\/h5>\n<h5><em>Sz\u00e9p id\u0151ben j\u00f3 vet\u00e9st, szomor\u00faknak feled\u00e9st.<\/em><\/h5>\n<h5><em>Sarkvid\u00e9kre hideg telet, az \u00e1rv\u00e1knak j\u00f3 kenyeret,<\/em><\/h5>\n<h5><em>Fegyvereknek nyugalmat, szel\u00edd sz\u00f3nak hatalmat.<\/em><\/h5>\n<h5><em>Betegeknek eg\u00e9szs\u00e9get, fuldokl\u00f3knak rem\u00e9nys\u00e9get,<\/em><\/h5>\n<h5><em>Vitorl\u00e1nak j\u00f3 szelet, napf\u00e9nyb\u0151l is \u00f6leget.<\/em><\/h5>\n<h5><em>J\u00f3 l\u00f6v\u00e9st az ordasokra, ny\u00edl\u00f3 ajt\u00f3t vaskapukra,<\/em><\/h5>\n<h5><em>V\u00e1ndoroknak fogad\u00f3t &#8211; Isten adjon minden j\u00f3t!<\/em><\/h5>\n<h5>(Sz\u00e9kely \u00faj\u00e9vi k\u00f6sz\u00f6nt\u0151)<\/h5>\n<p>&nbsp;<\/p>\n<p><strong>S Z E N T M I S \u00c9 I N K<\/strong><\/p>\n<p><em>Balingen\u00a0 \u00a0 \u00a0 \u00a0 \u00a0 \u00a0 \u00a0 \u00a0 \u00a0 \u00a0 \u00a0 \u00a0 \u00a0<\/em>janu\u00e1r 6 szombat\u00a0\u00a0\u00a0\u00a0\u00a0\u00a0\u00a0 17.00 \u00f3ra<\/p>\n<p><em>Munderkingen\u00a0 \u00a0 \u00a0 \u00a0 \u00a0 \u00a0 \u00a0\u00a0 <\/em>janu\u00e1r 7 vas\u00e1rnap\u00a0\u00a0\u00a0\u00a0\u00a0\u00a0 09.00 \u00f3ra<\/p>\n<p><em>Schw\u00e4bisch Gm\u00fcnd\u00a0 \u00a0\u00a0 <\/em>janu\u00e1r 7 vas\u00e1rnap\u00a0\u00a0\u00a0\u00a0\u00a0\u00a0 09.30 \u00f3ra<\/p>\n<p><em>Stuttgart\u00a0 \u00a0 \u00a0 \u00a0 \u00a0 \u00a0 \u00a0 \u00a0 \u00a0 \u00a0 \u00a0\u00a0 <\/em>janu\u00e1r 7 vas\u00e1rnap\u00a0\u00a0\u00a0\u00a0\u00a0\u00a0 15.00 \u00f3ra<\/p>\n<p><em>Friedrichshafen-Berg \u00a0 <\/em>janu\u00e1r 13 szombat\u00a0\u00a0\u00a0\u00a0 \u00a0 17.00 \u00f3ra<\/p>\n<p><em>Weingarten\u00a0 \u00a0 \u00a0 \u00a0 \u00a0 \u00a0 \u00a0 \u00a0 \u00a0 \u00a0 <\/em>janu\u00e1r 14 vas\u00e1rnap \u00a0\u00a0\u00a0\u00a0\u00a0 10.00 \u00f3ra<\/p>\n<p><em>Ulm\u00a0 \u00a0 \u00a0 \u00a0 \u00a0 \u00a0 \u00a0 \u00a0 \u00a0 \u00a0 \u00a0 \u00a0 \u00a0 \u00a0 \u00a0 \u00a0 \u00a0<\/em>janu\u00e1r 14 vas\u00e1rnap \u00a0\u00a0\u00a0\u00a0\u00a0 15.00 \u00f3ra<\/p>\n<p><em>Ludwigsburg\u00a0\u00a0\u00a0\u00a0\u00a0\u00a0\u00a0\u00a0\u00a0\u00a0\u00a0\u00a0\u00a0\u00a0\u00a0\u00a0 <\/em>janu\u00e1r 21 vas\u00e1rnap\u00a0\u00a0\u00a0\u00a0\u00a0 \u00a009.30 \u00f3ra<\/p>\n<p><em>Stuttgart\u00a0 \u00a0 \u00a0 \u00a0 \u00a0 \u00a0 \u00a0 \u00a0 \u00a0 \u00a0 \u00a0 \u00a0<\/em>janu\u00e1r 21 vas\u00e1rnap \u00a0\u00a0\u00a0\u00a0 12.00 \u00f3ra<\/p>\n<p><em>Heidenheim\u00a0\u00a0\u00a0\u00a0\u00a0\u00a0\u00a0\u00a0\u00a0\u00a0\u00a0\u00a0\u00a0\u00a0\u00a0\u00a0\u00a0 <\/em>janu\u00e1r 27 szombat\u00a0\u00a0\u00a0\u00a0\u00a0\u00a0 15.30 \u00f3ra<\/p>\n<p><em>Reutlingen\u00a0\u00a0\u00a0\u00a0\u00a0\u00a0\u00a0\u00a0\u00a0\u00a0\u00a0\u00a0\u00a0\u00a0\u00a0\u00a0\u00a0\u00a0\u00a0 <\/em>janu\u00e1r 27 szombat\u00a0\u00a0\u00a0\u00a0\u00a0\u00a0 \u00a016.30 \u00f3ra<\/p>\n<p><em>Biberach\u00a0 \u00a0 \u00a0 \u00a0 \u00a0 \u00a0 \u00a0 \u00a0 \u00a0 \u00a0 \u00a0 \u00a0<\/em>janu\u00e1r 28 vas\u00e1rnap\u00a0\u00a0\u00a0\u00a0\u00a0 08.45 \u00f3ra<\/p>\n<p><em>B\u00f6blingen\u00a0\u00a0\u00a0\u00a0\u00a0\u00a0\u00a0\u00a0\u00a0\u00a0\u00a0\u00a0\u00a0\u00a0\u00a0\u00a0\u00a0\u00a0\u00a0\u00a0 <\/em>janu\u00e1r 28 vas\u00e1rnap\u00a0\u00a0\u00a0\u00a0\u00a0 09.30 \u00f3ra<\/p>\n<p><em>Ulm\u00a0 \u00a0 \u00a0 \u00a0 \u00a0 \u00a0 \u00a0 \u00a0 \u00a0 \u00a0 \u00a0 \u00a0 \u00a0 \u00a0 \u00a0 \u00a0\u00a0<\/em>janu\u00e1r\u00a0 28 vas\u00e1rnap \u00a0\u00a0\u00a0\u00a0 12.00 \u00f3ra<\/p>\n<p><em>Eislingen\u00a0 \u00a0 \u00a0 \u00a0 \u00a0 \u00a0 \u00a0 \u00a0 \u00a0 \u00a0 \u00a0\u00a0<\/em>janu\u00e1r 28 vas\u00e1rnap\u00a0\u00a0\u00a0\u00a0\u00a0 15.00 \u00f3ra<\/p>\n<p><em>Heilbronn\u00a0\u00a0\u00a0\u00a0\u00a0\u00a0\u00a0\u00a0\u00a0\u00a0\u00a0\u00a0\u00a0\u00a0\u00a0\u00a0\u00a0\u00a0\u00a0\u00a0 <\/em>janu\u00e1r 28 vas\u00e1rnap\u00a0\u00a0\u00a0\u00a0\u00a0 15.30 \u00f3ra<\/p>\n<p>&nbsp;<\/p>\n<p><em>\u201eNe a h\u00f3ban, csillagokban, ne \u00fcnnepi foszl\u00f3s kal\u00e1cson, ne d\u00edsz\u00edtett f\u00e1kon, hanem a sz\u00edvekben legye<\/em><em>n Kar\u00e1csony!\u201c<\/em><\/p>\n<p><strong>Szil\u00e1gyi Domokos (1938-1976)<\/strong><\/p>\n<p><strong><em>\u00a0<\/em><\/strong><\/p>\n<p><strong><em>Kegyelemteljes Kar\u00e1csonyi \u00fcnnepk\u00f6rt, <\/em><\/strong><strong><em>\u00e9s \u00e1ld\u00e1sos, b\u00e9k\u00e9s, boldog, \u00f6r\u00f6mteli \u00faj esztend<\/em><\/strong><strong><em>\u0151<\/em><\/strong><strong><em>t k\u00edv\u00e1nunk minden kedves H\u00edv\u00fcnknek!<\/em><\/strong><\/td>\n<\/tr>\n<\/tbody>\n<\/table>\n","protected":false},"excerpt":{"rendered":"<p>B a r \u00e1 t o m A Szent Gell\u00e9rt Magyar Katolikus Egyh\u00e1zk\u00f6zs\u00e9g Havilapja Szerkeszt\u0151: Ft. Merl\u00e1s Tibor \u00e9s Ft. Dr. Tempfli Imre. Kiad\u00f3: Szent Gell\u00e9rt Magyar Katolikus Egyh\u00e1zk\u00f6zs\u00e9g. Postac\u00edm: Albert-Sch\u00e4ffle-Str. 30, 70186-Stuttgart. Tel: 0711-236 91 90, Fax: 0711-236 73 93, E-mail: mission@gracious-dewdney.138-201-221-2.plesk.page Honlap: www. stuttgarti-katolikusok.de Facebook: Stuttgarti.Katolikusok Sz\u00e1mla: Postbank Stuttgart, IBAN: DE80 600 100 700 002 190 704,\u00a0 BIC: PBNKDEFF 2 0 1 8\u00a0\u00a0 J A N U \u00c1 R \u201eBetlehemi csillag Szel\u00edd f\u00e9nye mellett Ma az \u00e9gen \u00e9s a f\u00f6ld\u00f6n Angyalok lebegnek. Isten h\u00edrviv\u0151i K\u00f6nnyezve dalolnak B\u00e9kess\u00e9get, boldogs\u00e1got F\u00f6ldi v\u00e1ndoroknak.\u201d (M\u00e1t\u00e9 evang\u00e9liuma 2,1.11) BETLEHEMI KIR\u00c1LYOK J\u00f3zsef Attila Adjonisten, J\u00e9zusunk, J\u00e9zusunk! H\u00e1rom kir\u00e1ly mi vagyunk. L\u00e1ngos csillag \u00e1llt felett\u00fcnk, gyalog j\u00f6tt\u00fcnk, mert siett\u00fcnk, kis juhocska mondta &#8211; biztos itt lakik a J\u00e9zus Krisztus. Menyh\u00e1rt kir\u00e1ly a nevem. Seg\u00edts, \u00e9des Istenem! Istenfia, j\u00f3napot, j\u00f3napot! Nem vagyunk mi v\u00e9n papok. \u016fgy hallottuk, megsz\u00fclett\u00e9l, szeg\u00e9nyek kir\u00e1lya lett\u00e9l. Ben\u00e9zt\u00fcnk h\u00e1t kicsit hozz\u00e1d, \u00dcdv\u00f6ss\u00e9g\u00fcnk, \u00e9gi orsz\u00e1g! G\u00e1sp\u00e1r voln\u00e9k, aff\u00e9le f\u00f6ldi kir\u00e1ly szem\u00e9lye. Adjonisten, Megv\u00e1lt\u00f3, Megv\u00e1lt\u00f3! J\u00f6tt\u00fcnk meleg orsz\u00e1gb\u00f3l. F\u0151tt kolb\u00e1szunk mind elfogyott, f\u00e9nyes csizm\u00e1nk is megrogyott, hoztunk aranyat hat mar\u00e9kkal, t\u00f6mj\u00e9nt eg\u00e9sz vasfaz\u00e9kkal. \u00c9n vagyok a Boldizs\u00e1r, aki szerecseny kir\u00e1ly. Irul-pirul M\u00e1ria, M\u00e1ria, boldogs\u00e1gos kis mama. Hull\u00f3 k\u00f6nnye z\u00e1por\u00e1n \u00e1t alig l\u00e1tja J\u00e9zusk\u00e1j\u00e1t. A sok p\u00e1sztor mind muzsik\u00e1l. Meg is k\u00e9ne szoptatni m\u00e1r. Kedves h\u00e1rom kir\u00e1lyok, j\u00f3\u00e9jszak\u00e1t k\u00edv\u00e1nok! K\u00d6ZLEM\u00c9NYEK \u2013 RENDEZV\u00c9NYEK Stuttgartban p\u00e9ntekenk\u00e9nt 17.45 \u00f3rakor r\u00f3zsaf\u00fcz\u00e9r-\u00e1jtatoss\u00e1g, majd szentmise, keret\u00e9ben besz\u00e9lget\u00e9s a katekizmusr\u00f3l. Az \u00e9rdekl\u0151d\u0151ket janu\u00e1r 12-\u00e9n, 19-\u00e9n \u00e9s 26-\u00e1n v\u00e1rjuk. A Bar\u00e1ts\u00e1gklub tagjai is janu\u00e1r 12-\u00e9n, 19-\u00e9n \u00e9s 26-\u00e1n tal\u00e1lkoznak, 15.30 \u00f3rakor, a K\u00f6z\u00f6ss\u00e9gi Teremben. Mindenkit szeretettel v\u00e1rnak! * Ulmban cs\u00fct\u00f6rt\u00f6k\u00f6nk\u00e9nt, azaz janu\u00e1r 11-\u00e9n, 18-\u00e1n \u00e9s 25-\u00e9n 17.30 \u00f3r\u00e1t\u00f3l, Weingartenben pedig p\u00e9ntekenk\u00e9nt, azaz janu\u00e1r 12-\u00e9n, 19-\u00e9n \u00e9s 26-\u00e1n\u00a0 18.00 \u00f3r\u00e1t\u00f3l szentmise, ut\u00e1na Besz\u00e9lget\u00e9sek a Bibli\u00e1r\u00f3l. * Stuttgartban janu\u00e1r 12-\u00e9n \u00e9s 26-\u00e1n Sportklub \u00e9s K\u00f3rus. Janu\u00e1r 19-\u00e9n pedig, 19.00 \u00f3rakor Bibliak\u00f6r. \u00a0 * A Magyar&#8230; <\/p>\n<p><a class=\"readmore\" href=\"https:\/\/stuttgarti-katolikusok.de\/index.php\/baratom-2018-januarja\/\">R\u00e9szletek<\/a><\/p>\n","protected":false},"author":3,"featured_media":0,"comment_status":"closed","ping_status":"closed","sticky":false,"template":"","format":"standard","meta":{"footnotes":""},"categories":[29],"tags":[],"class_list":["post-13398","post","type-post","status-publish","format-standard","hentry","category-baratom"],"yoast_head":"<!-- This site is optimized with the Yoast SEO plugin v27.3 - https:\/\/yoast.com\/product\/yoast-seo-wordpress\/ -->\n<title>Bar\u00e1tom - 2018 janu\u00e1rja - Stuttgarti Katolikusok<\/title>\n<meta name=\"robots\" content=\"index, follow, max-snippet:-1, max-image-preview:large, max-video-preview:-1\" \/>\n<link rel=\"canonical\" href=\"https:\/\/stuttgarti-katolikusok.de\/index.php\/baratom-2018-januarja\/\" \/>\n<meta property=\"og:locale\" content=\"hu_HU\" \/>\n<meta property=\"og:type\" content=\"article\" \/>\n<meta property=\"og:title\" content=\"Bar\u00e1tom - 2018 janu\u00e1rja - Stuttgarti Katolikusok\" \/>\n<meta property=\"og:description\" content=\"B a r \u00e1 t o m A Szent Gell\u00e9rt Magyar Katolikus Egyh\u00e1zk\u00f6zs\u00e9g Havilapja Szerkeszt\u0151: Ft. Merl\u00e1s Tibor \u00e9s Ft. Dr. Tempfli Imre. Kiad\u00f3: Szent Gell\u00e9rt Magyar Katolikus Egyh\u00e1zk\u00f6zs\u00e9g. Postac\u00edm: Albert-Sch\u00e4ffle-Str. 30, 70186-Stuttgart. Tel: 0711-236 91 90, Fax: 0711-236 73 93, E-mail: mission@gracious-dewdney.138-201-221-2.plesk.page Honlap: www. stuttgarti-katolikusok.de Facebook: Stuttgarti.Katolikusok Sz\u00e1mla: Postbank Stuttgart, IBAN: DE80 600 100 700 002 190 704,\u00a0 BIC: PBNKDEFF 2 0 1 8\u00a0\u00a0 J A N U \u00c1 R \u201eBetlehemi csillag Szel\u00edd f\u00e9nye mellett Ma az \u00e9gen \u00e9s a f\u00f6ld\u00f6n Angyalok lebegnek. Isten h\u00edrviv\u0151i K\u00f6nnyezve dalolnak B\u00e9kess\u00e9get, boldogs\u00e1got F\u00f6ldi v\u00e1ndoroknak.\u201d (M\u00e1t\u00e9 evang\u00e9liuma 2,1.11) BETLEHEMI KIR\u00c1LYOK J\u00f3zsef Attila Adjonisten, J\u00e9zusunk, J\u00e9zusunk! H\u00e1rom kir\u00e1ly mi vagyunk. L\u00e1ngos csillag \u00e1llt felett\u00fcnk, gyalog j\u00f6tt\u00fcnk, mert siett\u00fcnk, kis juhocska mondta &#8211; biztos itt lakik a J\u00e9zus Krisztus. Menyh\u00e1rt kir\u00e1ly a nevem. Seg\u00edts, \u00e9des Istenem! Istenfia, j\u00f3napot, j\u00f3napot! Nem vagyunk mi v\u00e9n papok. \u016fgy hallottuk, megsz\u00fclett\u00e9l, szeg\u00e9nyek kir\u00e1lya lett\u00e9l. Ben\u00e9zt\u00fcnk h\u00e1t kicsit hozz\u00e1d, \u00dcdv\u00f6ss\u00e9g\u00fcnk, \u00e9gi orsz\u00e1g! G\u00e1sp\u00e1r voln\u00e9k, aff\u00e9le f\u00f6ldi kir\u00e1ly szem\u00e9lye. Adjonisten, Megv\u00e1lt\u00f3, Megv\u00e1lt\u00f3! J\u00f6tt\u00fcnk meleg orsz\u00e1gb\u00f3l. F\u0151tt kolb\u00e1szunk mind elfogyott, f\u00e9nyes csizm\u00e1nk is megrogyott, hoztunk aranyat hat mar\u00e9kkal, t\u00f6mj\u00e9nt eg\u00e9sz vasfaz\u00e9kkal. \u00c9n vagyok a Boldizs\u00e1r, aki szerecseny kir\u00e1ly. Irul-pirul M\u00e1ria, M\u00e1ria, boldogs\u00e1gos kis mama. Hull\u00f3 k\u00f6nnye z\u00e1por\u00e1n \u00e1t alig l\u00e1tja J\u00e9zusk\u00e1j\u00e1t. A sok p\u00e1sztor mind muzsik\u00e1l. Meg is k\u00e9ne szoptatni m\u00e1r. Kedves h\u00e1rom kir\u00e1lyok, j\u00f3\u00e9jszak\u00e1t k\u00edv\u00e1nok! K\u00d6ZLEM\u00c9NYEK \u2013 RENDEZV\u00c9NYEK Stuttgartban p\u00e9ntekenk\u00e9nt 17.45 \u00f3rakor r\u00f3zsaf\u00fcz\u00e9r-\u00e1jtatoss\u00e1g, majd szentmise, keret\u00e9ben besz\u00e9lget\u00e9s a katekizmusr\u00f3l. Az \u00e9rdekl\u0151d\u0151ket janu\u00e1r 12-\u00e9n, 19-\u00e9n \u00e9s 26-\u00e1n v\u00e1rjuk. A Bar\u00e1ts\u00e1gklub tagjai is janu\u00e1r 12-\u00e9n, 19-\u00e9n \u00e9s 26-\u00e1n tal\u00e1lkoznak, 15.30 \u00f3rakor, a K\u00f6z\u00f6ss\u00e9gi Teremben. Mindenkit szeretettel v\u00e1rnak! * Ulmban cs\u00fct\u00f6rt\u00f6k\u00f6nk\u00e9nt, azaz janu\u00e1r 11-\u00e9n, 18-\u00e1n \u00e9s 25-\u00e9n 17.30 \u00f3r\u00e1t\u00f3l, Weingartenben pedig p\u00e9ntekenk\u00e9nt, azaz janu\u00e1r 12-\u00e9n, 19-\u00e9n \u00e9s 26-\u00e1n\u00a0 18.00 \u00f3r\u00e1t\u00f3l szentmise, ut\u00e1na Besz\u00e9lget\u00e9sek a Bibli\u00e1r\u00f3l. * Stuttgartban janu\u00e1r 12-\u00e9n \u00e9s 26-\u00e1n Sportklub \u00e9s K\u00f3rus. Janu\u00e1r 19-\u00e9n pedig, 19.00 \u00f3rakor Bibliak\u00f6r. \u00a0 * A Magyar... R\u00e9szletek\" \/>\n<meta property=\"og:url\" content=\"https:\/\/stuttgarti-katolikusok.de\/index.php\/baratom-2018-januarja\/\" \/>\n<meta property=\"og:site_name\" content=\"Stuttgarti Katolikusok\" \/>\n<meta property=\"article:published_time\" content=\"2018-01-02T09:09:47+00:00\" \/>\n<meta property=\"article:modified_time\" content=\"2018-01-02T14:36:17+00:00\" \/>\n<meta name=\"author\" content=\"Tibor atya\" \/>\n<meta name=\"twitter:card\" content=\"summary_large_image\" \/>\n<meta name=\"twitter:label1\" content=\"Szerz\u0151:\" \/>\n\t<meta name=\"twitter:data1\" content=\"Tibor atya\" \/>\n\t<meta name=\"twitter:label2\" content=\"Becs\u00fclt olvas\u00e1si id\u0151\" \/>\n\t<meta name=\"twitter:data2\" content=\"4 perc\" \/>\n<script type=\"application\/ld+json\" class=\"yoast-schema-graph\">{\"@context\":\"https:\\\/\\\/schema.org\",\"@graph\":[{\"@type\":\"Article\",\"@id\":\"https:\\\/\\\/stuttgarti-katolikusok.de\\\/index.php\\\/baratom-2018-januarja\\\/#article\",\"isPartOf\":{\"@id\":\"https:\\\/\\\/stuttgarti-katolikusok.de\\\/index.php\\\/baratom-2018-januarja\\\/\"},\"author\":{\"name\":\"Tibor atya\",\"@id\":\"https:\\\/\\\/stuttgarti-katolikusok.de\\\/#\\\/schema\\\/person\\\/75908d6f8fdc03a57889d27209df7795\"},\"headline\":\"Bar\u00e1tom &#8211; 2018 janu\u00e1rja\",\"datePublished\":\"2018-01-02T09:09:47+00:00\",\"dateModified\":\"2018-01-02T14:36:17+00:00\",\"mainEntityOfPage\":{\"@id\":\"https:\\\/\\\/stuttgarti-katolikusok.de\\\/index.php\\\/baratom-2018-januarja\\\/\"},\"wordCount\":820,\"articleSection\":[\"Bar\u00e1tom\"],\"inLanguage\":\"hu\"},{\"@type\":\"WebPage\",\"@id\":\"https:\\\/\\\/stuttgarti-katolikusok.de\\\/index.php\\\/baratom-2018-januarja\\\/\",\"url\":\"https:\\\/\\\/stuttgarti-katolikusok.de\\\/index.php\\\/baratom-2018-januarja\\\/\",\"name\":\"Bar\u00e1tom - 2018 janu\u00e1rja - Stuttgarti Katolikusok\",\"isPartOf\":{\"@id\":\"https:\\\/\\\/stuttgarti-katolikusok.de\\\/#website\"},\"datePublished\":\"2018-01-02T09:09:47+00:00\",\"dateModified\":\"2018-01-02T14:36:17+00:00\",\"author\":{\"@id\":\"https:\\\/\\\/stuttgarti-katolikusok.de\\\/#\\\/schema\\\/person\\\/75908d6f8fdc03a57889d27209df7795\"},\"breadcrumb\":{\"@id\":\"https:\\\/\\\/stuttgarti-katolikusok.de\\\/index.php\\\/baratom-2018-januarja\\\/#breadcrumb\"},\"inLanguage\":\"hu\",\"potentialAction\":[{\"@type\":\"ReadAction\",\"target\":[\"https:\\\/\\\/stuttgarti-katolikusok.de\\\/index.php\\\/baratom-2018-januarja\\\/\"]}]},{\"@type\":\"BreadcrumbList\",\"@id\":\"https:\\\/\\\/stuttgarti-katolikusok.de\\\/index.php\\\/baratom-2018-januarja\\\/#breadcrumb\",\"itemListElement\":[{\"@type\":\"ListItem\",\"position\":1,\"name\":\"Kezd\u0151lap\",\"item\":\"https:\\\/\\\/stuttgarti-katolikusok.de\\\/\"},{\"@type\":\"ListItem\",\"position\":2,\"name\":\"Bar\u00e1tom &#8211; 2018 janu\u00e1rja\"}]},{\"@type\":\"WebSite\",\"@id\":\"https:\\\/\\\/stuttgarti-katolikusok.de\\\/#website\",\"url\":\"https:\\\/\\\/stuttgarti-katolikusok.de\\\/\",\"name\":\"Stuttgarti Katolikusok\",\"description\":\"\",\"potentialAction\":[{\"@type\":\"SearchAction\",\"target\":{\"@type\":\"EntryPoint\",\"urlTemplate\":\"https:\\\/\\\/stuttgarti-katolikusok.de\\\/?s={search_term_string}\"},\"query-input\":{\"@type\":\"PropertyValueSpecification\",\"valueRequired\":true,\"valueName\":\"search_term_string\"}}],\"inLanguage\":\"hu\"},{\"@type\":\"Person\",\"@id\":\"https:\\\/\\\/stuttgarti-katolikusok.de\\\/#\\\/schema\\\/person\\\/75908d6f8fdc03a57889d27209df7795\",\"name\":\"Tibor atya\",\"image\":{\"@type\":\"ImageObject\",\"inLanguage\":\"hu\",\"@id\":\"https:\\\/\\\/secure.gravatar.com\\\/avatar\\\/61d268e57d1f4525b111222e29d2d5a7f8c420fdbf231ba5566a8ceac74fa960?s=96&d=mm&r=g\",\"url\":\"https:\\\/\\\/secure.gravatar.com\\\/avatar\\\/61d268e57d1f4525b111222e29d2d5a7f8c420fdbf231ba5566a8ceac74fa960?s=96&d=mm&r=g\",\"contentUrl\":\"https:\\\/\\\/secure.gravatar.com\\\/avatar\\\/61d268e57d1f4525b111222e29d2d5a7f8c420fdbf231ba5566a8ceac74fa960?s=96&d=mm&r=g\",\"caption\":\"Tibor atya\"},\"url\":\"https:\\\/\\\/stuttgarti-katolikusok.de\\\/index.php\\\/author\\\/tibor-atya\\\/\"}]}<\/script>\n<!-- \/ Yoast SEO plugin. -->","yoast_head_json":{"title":"Bar\u00e1tom - 2018 janu\u00e1rja - Stuttgarti Katolikusok","robots":{"index":"index","follow":"follow","max-snippet":"max-snippet:-1","max-image-preview":"max-image-preview:large","max-video-preview":"max-video-preview:-1"},"canonical":"https:\/\/stuttgarti-katolikusok.de\/index.php\/baratom-2018-januarja\/","og_locale":"hu_HU","og_type":"article","og_title":"Bar\u00e1tom - 2018 janu\u00e1rja - Stuttgarti Katolikusok","og_description":"B a r \u00e1 t o m A Szent Gell\u00e9rt Magyar Katolikus Egyh\u00e1zk\u00f6zs\u00e9g Havilapja Szerkeszt\u0151: Ft. Merl\u00e1s Tibor \u00e9s Ft. Dr. Tempfli Imre. Kiad\u00f3: Szent Gell\u00e9rt Magyar Katolikus Egyh\u00e1zk\u00f6zs\u00e9g. Postac\u00edm: Albert-Sch\u00e4ffle-Str. 30, 70186-Stuttgart. Tel: 0711-236 91 90, Fax: 0711-236 73 93, E-mail: mission@gracious-dewdney.138-201-221-2.plesk.page Honlap: www. stuttgarti-katolikusok.de Facebook: Stuttgarti.Katolikusok Sz\u00e1mla: Postbank Stuttgart, IBAN: DE80 600 100 700 002 190 704,\u00a0 BIC: PBNKDEFF 2 0 1 8\u00a0\u00a0 J A N U \u00c1 R \u201eBetlehemi csillag Szel\u00edd f\u00e9nye mellett Ma az \u00e9gen \u00e9s a f\u00f6ld\u00f6n Angyalok lebegnek. Isten h\u00edrviv\u0151i K\u00f6nnyezve dalolnak B\u00e9kess\u00e9get, boldogs\u00e1got F\u00f6ldi v\u00e1ndoroknak.\u201d (M\u00e1t\u00e9 evang\u00e9liuma 2,1.11) BETLEHEMI KIR\u00c1LYOK J\u00f3zsef Attila Adjonisten, J\u00e9zusunk, J\u00e9zusunk! H\u00e1rom kir\u00e1ly mi vagyunk. L\u00e1ngos csillag \u00e1llt felett\u00fcnk, gyalog j\u00f6tt\u00fcnk, mert siett\u00fcnk, kis juhocska mondta &#8211; biztos itt lakik a J\u00e9zus Krisztus. Menyh\u00e1rt kir\u00e1ly a nevem. Seg\u00edts, \u00e9des Istenem! Istenfia, j\u00f3napot, j\u00f3napot! Nem vagyunk mi v\u00e9n papok. \u016fgy hallottuk, megsz\u00fclett\u00e9l, szeg\u00e9nyek kir\u00e1lya lett\u00e9l. Ben\u00e9zt\u00fcnk h\u00e1t kicsit hozz\u00e1d, \u00dcdv\u00f6ss\u00e9g\u00fcnk, \u00e9gi orsz\u00e1g! G\u00e1sp\u00e1r voln\u00e9k, aff\u00e9le f\u00f6ldi kir\u00e1ly szem\u00e9lye. Adjonisten, Megv\u00e1lt\u00f3, Megv\u00e1lt\u00f3! J\u00f6tt\u00fcnk meleg orsz\u00e1gb\u00f3l. F\u0151tt kolb\u00e1szunk mind elfogyott, f\u00e9nyes csizm\u00e1nk is megrogyott, hoztunk aranyat hat mar\u00e9kkal, t\u00f6mj\u00e9nt eg\u00e9sz vasfaz\u00e9kkal. \u00c9n vagyok a Boldizs\u00e1r, aki szerecseny kir\u00e1ly. Irul-pirul M\u00e1ria, M\u00e1ria, boldogs\u00e1gos kis mama. Hull\u00f3 k\u00f6nnye z\u00e1por\u00e1n \u00e1t alig l\u00e1tja J\u00e9zusk\u00e1j\u00e1t. A sok p\u00e1sztor mind muzsik\u00e1l. Meg is k\u00e9ne szoptatni m\u00e1r. Kedves h\u00e1rom kir\u00e1lyok, j\u00f3\u00e9jszak\u00e1t k\u00edv\u00e1nok! K\u00d6ZLEM\u00c9NYEK \u2013 RENDEZV\u00c9NYEK Stuttgartban p\u00e9ntekenk\u00e9nt 17.45 \u00f3rakor r\u00f3zsaf\u00fcz\u00e9r-\u00e1jtatoss\u00e1g, majd szentmise, keret\u00e9ben besz\u00e9lget\u00e9s a katekizmusr\u00f3l. Az \u00e9rdekl\u0151d\u0151ket janu\u00e1r 12-\u00e9n, 19-\u00e9n \u00e9s 26-\u00e1n v\u00e1rjuk. A Bar\u00e1ts\u00e1gklub tagjai is janu\u00e1r 12-\u00e9n, 19-\u00e9n \u00e9s 26-\u00e1n tal\u00e1lkoznak, 15.30 \u00f3rakor, a K\u00f6z\u00f6ss\u00e9gi Teremben. Mindenkit szeretettel v\u00e1rnak! * Ulmban cs\u00fct\u00f6rt\u00f6k\u00f6nk\u00e9nt, azaz janu\u00e1r 11-\u00e9n, 18-\u00e1n \u00e9s 25-\u00e9n 17.30 \u00f3r\u00e1t\u00f3l, Weingartenben pedig p\u00e9ntekenk\u00e9nt, azaz janu\u00e1r 12-\u00e9n, 19-\u00e9n \u00e9s 26-\u00e1n\u00a0 18.00 \u00f3r\u00e1t\u00f3l szentmise, ut\u00e1na Besz\u00e9lget\u00e9sek a Bibli\u00e1r\u00f3l. * Stuttgartban janu\u00e1r 12-\u00e9n \u00e9s 26-\u00e1n Sportklub \u00e9s K\u00f3rus. Janu\u00e1r 19-\u00e9n pedig, 19.00 \u00f3rakor Bibliak\u00f6r. \u00a0 * A Magyar... R\u00e9szletek","og_url":"https:\/\/stuttgarti-katolikusok.de\/index.php\/baratom-2018-januarja\/","og_site_name":"Stuttgarti Katolikusok","article_published_time":"2018-01-02T09:09:47+00:00","article_modified_time":"2018-01-02T14:36:17+00:00","author":"Tibor atya","twitter_card":"summary_large_image","twitter_misc":{"Szerz\u0151:":"Tibor atya","Becs\u00fclt olvas\u00e1si id\u0151":"4 perc"},"schema":{"@context":"https:\/\/schema.org","@graph":[{"@type":"Article","@id":"https:\/\/stuttgarti-katolikusok.de\/index.php\/baratom-2018-januarja\/#article","isPartOf":{"@id":"https:\/\/stuttgarti-katolikusok.de\/index.php\/baratom-2018-januarja\/"},"author":{"name":"Tibor atya","@id":"https:\/\/stuttgarti-katolikusok.de\/#\/schema\/person\/75908d6f8fdc03a57889d27209df7795"},"headline":"Bar\u00e1tom &#8211; 2018 janu\u00e1rja","datePublished":"2018-01-02T09:09:47+00:00","dateModified":"2018-01-02T14:36:17+00:00","mainEntityOfPage":{"@id":"https:\/\/stuttgarti-katolikusok.de\/index.php\/baratom-2018-januarja\/"},"wordCount":820,"articleSection":["Bar\u00e1tom"],"inLanguage":"hu"},{"@type":"WebPage","@id":"https:\/\/stuttgarti-katolikusok.de\/index.php\/baratom-2018-januarja\/","url":"https:\/\/stuttgarti-katolikusok.de\/index.php\/baratom-2018-januarja\/","name":"Bar\u00e1tom - 2018 janu\u00e1rja - Stuttgarti Katolikusok","isPartOf":{"@id":"https:\/\/stuttgarti-katolikusok.de\/#website"},"datePublished":"2018-01-02T09:09:47+00:00","dateModified":"2018-01-02T14:36:17+00:00","author":{"@id":"https:\/\/stuttgarti-katolikusok.de\/#\/schema\/person\/75908d6f8fdc03a57889d27209df7795"},"breadcrumb":{"@id":"https:\/\/stuttgarti-katolikusok.de\/index.php\/baratom-2018-januarja\/#breadcrumb"},"inLanguage":"hu","potentialAction":[{"@type":"ReadAction","target":["https:\/\/stuttgarti-katolikusok.de\/index.php\/baratom-2018-januarja\/"]}]},{"@type":"BreadcrumbList","@id":"https:\/\/stuttgarti-katolikusok.de\/index.php\/baratom-2018-januarja\/#breadcrumb","itemListElement":[{"@type":"ListItem","position":1,"name":"Kezd\u0151lap","item":"https:\/\/stuttgarti-katolikusok.de\/"},{"@type":"ListItem","position":2,"name":"Bar\u00e1tom &#8211; 2018 janu\u00e1rja"}]},{"@type":"WebSite","@id":"https:\/\/stuttgarti-katolikusok.de\/#website","url":"https:\/\/stuttgarti-katolikusok.de\/","name":"Stuttgarti Katolikusok","description":"","potentialAction":[{"@type":"SearchAction","target":{"@type":"EntryPoint","urlTemplate":"https:\/\/stuttgarti-katolikusok.de\/?s={search_term_string}"},"query-input":{"@type":"PropertyValueSpecification","valueRequired":true,"valueName":"search_term_string"}}],"inLanguage":"hu"},{"@type":"Person","@id":"https:\/\/stuttgarti-katolikusok.de\/#\/schema\/person\/75908d6f8fdc03a57889d27209df7795","name":"Tibor atya","image":{"@type":"ImageObject","inLanguage":"hu","@id":"https:\/\/secure.gravatar.com\/avatar\/61d268e57d1f4525b111222e29d2d5a7f8c420fdbf231ba5566a8ceac74fa960?s=96&d=mm&r=g","url":"https:\/\/secure.gravatar.com\/avatar\/61d268e57d1f4525b111222e29d2d5a7f8c420fdbf231ba5566a8ceac74fa960?s=96&d=mm&r=g","contentUrl":"https:\/\/secure.gravatar.com\/avatar\/61d268e57d1f4525b111222e29d2d5a7f8c420fdbf231ba5566a8ceac74fa960?s=96&d=mm&r=g","caption":"Tibor atya"},"url":"https:\/\/stuttgarti-katolikusok.de\/index.php\/author\/tibor-atya\/"}]}},"_links":{"self":[{"href":"https:\/\/stuttgarti-katolikusok.de\/index.php\/wp-json\/wp\/v2\/posts\/13398","targetHints":{"allow":["GET"]}}],"collection":[{"href":"https:\/\/stuttgarti-katolikusok.de\/index.php\/wp-json\/wp\/v2\/posts"}],"about":[{"href":"https:\/\/stuttgarti-katolikusok.de\/index.php\/wp-json\/wp\/v2\/types\/post"}],"author":[{"embeddable":true,"href":"https:\/\/stuttgarti-katolikusok.de\/index.php\/wp-json\/wp\/v2\/users\/3"}],"replies":[{"embeddable":true,"href":"https:\/\/stuttgarti-katolikusok.de\/index.php\/wp-json\/wp\/v2\/comments?post=13398"}],"version-history":[{"count":10,"href":"https:\/\/stuttgarti-katolikusok.de\/index.php\/wp-json\/wp\/v2\/posts\/13398\/revisions"}],"predecessor-version":[{"id":13409,"href":"https:\/\/stuttgarti-katolikusok.de\/index.php\/wp-json\/wp\/v2\/posts\/13398\/revisions\/13409"}],"wp:attachment":[{"href":"https:\/\/stuttgarti-katolikusok.de\/index.php\/wp-json\/wp\/v2\/media?parent=13398"}],"wp:term":[{"taxonomy":"category","embeddable":true,"href":"https:\/\/stuttgarti-katolikusok.de\/index.php\/wp-json\/wp\/v2\/categories?post=13398"},{"taxonomy":"post_tag","embeddable":true,"href":"https:\/\/stuttgarti-katolikusok.de\/index.php\/wp-json\/wp\/v2\/tags?post=13398"}],"curies":[{"name":"wp","href":"https:\/\/api.w.org\/{rel}","templated":true}]}}