{"id":13369,"date":"2017-12-24T13:28:42","date_gmt":"2017-12-24T13:28:42","guid":{"rendered":"https:\/\/gracious-dewdney.138-201-221-2.plesk.page\/?p=13369"},"modified":"2019-10-23T10:37:22","modified_gmt":"2019-10-23T10:37:22","slug":"a-karacsonyi-csomag","status":"publish","type":"post","link":"https:\/\/stuttgarti-katolikusok.de\/index.php\/a-karacsonyi-csomag\/","title":{"rendered":"A kar\u00e1csonyi csomag&#8230;"},"content":{"rendered":"<p><strong>A kar\u00e1csonyi csomag<\/strong><\/p>\n<p>R\u00f6viddel kar\u00e1csony el\u0151tt t\u00f6rt\u00e9nt, m\u00e9g k\u00e1pl\u00e1nkoromban.<\/p>\n<p>Mint minden nagyobb \u00fcnnep el\u0151tt, ezuttal is megl\u00e1togattam a betegeket.<\/p>\n<p>Az egyik \u00f6regotthonba is elmentem. Az ajt\u00f3ban a post\u00e1ssal futottam \u00f6ssze, akit a szentmis\u00e9r\u0151l ismertem. <em>\u201eNa, J\u00e1nos, \u00f6r\u00fcltek mag\u00e1nak?\u201d<\/em> \u2013 k\u00e9rdeztem t\u0151le. <em>\u201eMeghiszem azt\u201d<\/em> &#8211; v\u00e1laszolta, &#8211; <em>\u201emajdnem mindenkinek hoztam valami sz\u00e9pet. Levelet vagy csomagot. Na, Isten \u00e1ldja, tisztelend\u0151 \u00far!\u201d<\/em> \u2013 mondta mosolyogva, \u00e9s ker\u00e9kp\u00e1rj\u00e1ra pattanva elhajtott. \u00c9n is felszaladtam a nagy l\u00e9pcs\u0151n \u00e9s vettem sorba a szob\u00e1kat.<\/p>\n<p>M\u00e1r valamennyi \u00f6reget \u00e9s beteget v\u00e9gigj\u00e1rtam, csak Kov\u00e1csn\u00e9 maradt m\u00e9g h\u00e1tra. \u00d6t gyermeket nevelt. Mind kitanult. Az egyikre k\u00fcl\u00f6n\u00f6sen b\u00fcszke volt. A kisebbik l\u00e1nya igen magasra vitte a kommunista rangl\u00e9tr\u00e1n. Kopogtattam. Semmi v\u00e1lasz. M\u00e1r rosszat sejtettem, mert b\u00e1r tudtam, hogy eg\u00e9szs\u00e9ges, de milyen eg\u00e9szs\u00e9ges lehet egy 76 \u00e9ves id\u0151sebb n\u0151&#8230; Miel\u0151tt azonban az \u00fcgyeletes orvoshoz rohantam volna, gondoltam, hogy m\u00e9g egyszer megpr\u00f3b\u00e1lom. Az er\u0151sebb kopog\u00e1sra v\u00e9g\u00fcl is egy halk hang v\u00e1laszolt: <em>\u201eTess\u00e9k!\u201d<\/em> Hallottam szip\u00e1kol\u00f3 hangj\u00e1n, hogy s\u00edr\u00e1s\u00e1t pr\u00f3b\u00e1lja pal\u00e1stolni. Amikor bel\u00e9ptem \u00e9s r\u00e1n\u00e9ztem, akkor m\u00e1r l\u00e1ttam, hogy val\u00f3ban s\u00edrt&#8230;<\/p>\n<p>El\u0151tte az asztalon egy nagy csomag fek\u00fcdt \u2013 kibontva. Igen gazdag tartalm\u00fa csomag volt. Minden volt benne: k\u00e1v\u00e9, szal\u00e1mi, d\u00e9li gy\u00fcm\u00f6lcs\u00f6k, csokol\u00e1d\u00e9, hajszesz, k\u00f6lni v\u00edz, egy h\u00e1zicip\u0151, meleg holmik, kar\u00e1csonyfad\u00edszek, minden, amit az ember el tudott k\u00e9pzelni.<\/p>\n<p>Kov\u00e1cs n\u00e9nit azonban ezek egyike sem vid\u00edtotta fel. Arc\u00e1n hi\u00e1ba kerestem a boldogs\u00e1gnak vagy az \u00f6r\u00f6mnek a leghalv\u00e1nyabb jel\u00e9t is. S\u0151t! <em>\u201eKov\u00e1cs n\u00e9ni!\u201d<\/em> \u2013 sz\u00f3l\u00edtottam meg vid\u00e1man, <em>\u201ehogyan v\u00e1ghat ehhez a sz\u00e9p kar\u00e1csonyi csomaghoz ilyen szomor\u00fa arcot? Hisz n\u00e9zze, mennyi minden van benne!\u201d<\/em><\/p>\n<p>Kov\u00e1cs n\u00e9ni erre szomor\u00faan r\u00e1m n\u00e9zett, \u00e9s csak ennyit mondott: <em>\u201eDe hi\u00e1nyzik bel\u0151le a szeretet!\u201d<\/em><\/p>\n<p>Majd keser\u0171en elkezdett a csal\u00e1dj\u00e1r\u00f3l besz\u00e9lni. Elmondta, amit azel\u0151tt olyan szem\u00e9rmesen \u00e9s sz\u00e9gyell\u0151sen elhallgatott, hogy mennyit takar\u00e9koskodtak fiatal h\u00e1zas korukban a f\u00e9rj\u00e9vel, hogy a gyermekeiket kitan\u00edthass\u00e1k. \u00c9veken kereszt\u00fcl nem engedhett\u00e9k meg maguknak, hogy valami dr\u00e1ga dolgot vegyenek, nem is besz\u00e9lve arr\u00f3l, hogy szabads\u00e1gra, a Fekete-tengerre menjenek, mint annyian m\u00e1sok. F\u00e9rje h\u00e1rom v\u00e1lt\u00e1sban dolgozott, \u0151 kett\u0151ben: nappal a t\u00e9eszben, \u00e9jjel pedig el\u0151bb l\u00e1mpaf\u00e9nyn\u00e9l, majd miut\u00e1n a 60-as \u00e9vek k\u00f6zep\u00e9n bevezett\u00e9k falujukba is az \u00e1ramot, villanyn\u00e1l varrt, hogy az \u00f6t gyermeke semmiben se szenvedjen hi\u00e1nyt. A legnagyobb fi\u00fa orvos lett, a f\u0151v\u00e1rosba k\u00f6lt\u00f6z\u00f6tt. P\u00e9nzt k\u00fcld ugyan neki, de \u00e9vente csak egyszer l\u00e1togatja meg \u0151t. A m\u00e1sodik gyerek, egy l\u00e1ny Temesv\u00e1ron \u00e9l, az egyik gy\u00e1r f\u0151k\u00f6nyvel\u0151n\u0151je. \u00cdrogat n\u00e9ha, de azt mondja, nagyon elfoglalt, nem tud j\u00f6nni. Ugyan\u00edgy a m\u00e1sik k\u00e9t fi\u00fa is a Reg\u00e1tban. <em>\u201eAz egyik mintha teljesen megfeledkezett volna r\u00f3lam\u201d <\/em>\u2013 szakadt fel bel\u0151le keser\u0171en. Ezt a csomagot a legkisebb l\u00e1nya k\u00fcldte a Kolozsv\u00e1rr\u00f3l, \u0151, a magas beoszt\u00e1s\u00fa p\u00e1rttag, akire nekem olyan nagyon b\u00fcszke volt&#8230; <em>\u201eA b\u00fcszkes\u00e9g azonban csak l\u00e1tszat\u201d<\/em> \u2013 mondja szipogva. Tudja \u0151, hogy a csomagot a titk\u00e1rn\u0151j\u00e9vel csomagoltatta be, a kar\u00e1csonyi \u00fcdv\u00f6zl\u0151lap egy giccses semmitmond\u00f3 k\u00e1rtya, h\u00e1tlapj\u00e1n csak ennyi \u00e1ll: <em>\u201eL\u00e1nyod, Ilonka \u00e9s vejed Feri.\u201d<\/em> Semmi t\u00f6bb. Semmi szem\u00e9lyes, semmi arr\u00f3l, hogy <em>hi\u00e1nyzik nekik<\/em>, vagy hogy <em>szeretn\u00e9k megl\u00e1togatni<\/em>, mint ahogyan arr\u00f3l sem esik egyetlen egy sz\u00f3 sem, hogy <em>j\u00f6jj\u00f6n \u0151 fel Kolozsv\u00e1rra, \u00e9s\u00a0 t\u00f6lts\u00e9k egy\u00fctt a kar\u00e1csonyi \u00fcnnepeket<\/em>&#8230;<\/p>\n<p>Befejezte. Most m\u00e1r s\u0171r\u0171n peregtek arc\u00e1r\u00f3l a k\u00f6nnyek. Kezem fej\u00e9vel l\u00e1gyan let\u00f6r\u00f6ltem. Nem is vette \u00e9szre&#8230;<\/p>\n<p>Miel\u0151tt \u2013 a szent\u00e1ldoz\u00e1st k\u00f6vet\u0151en \u2013 egy p\u00e1r suta vigasztal\u00f3 sz\u00f3 ut\u00e1n halkan t\u00e1voztam volna, a szemem ism\u00e9t a csomagra t\u00e9vedt. M\u00e9g ott volt az aj\u00e1nd\u00e9kok mindegyik\u00e9n a c\u00edmke, hogy <em>\u201eanyuka\u201d<\/em> l\u00e1ssa, mennyit adott ki \u00e9rte a l\u00e1nya. Kov\u00e1cs n\u00e9ninek igaza volt: <em>\u201eDe hi\u00e1nyzott bel\u0151l\u00fck a szeretet!\u201d <\/em><\/p>\n<p>Most \u00e9rtettem meg p\u00e9ld\u00e1b\u00f3l is, hogy a legszebb \u00e9s legdr\u00e1g\u00e1bb aj\u00e1nd\u00e9kok semmit nem \u00e9rnek \u00e9s semmi \u00f6r\u00f6met nem okoznak, ha nincs mell\u00e9j\u00fck a szeretet is becsomagolva. \u00c9s, hogy a legszebb aj\u00e1nd\u00e9k egym\u00e1snak \u2013 J\u00e9zusunk sz\u00fclet\u00e9se \u00f3ta \u2013 mi lehetn\u00e9nk!<\/p>\n<p>Ezt kellene nek\u00fcnk is v\u00e9gre \u2013 \u00e9s nem csak ma \u2013 \u00a0megsz\u00edvleln\u00fcnk!<\/p>\n<p>Vagy nem?<\/p>\n<p><em>Ezekkel a gondolatokkal k\u00edv\u00e1n minden kedves H\u00edv\u00e9nek \u00e9s Olvas\u00f3j\u00e1nak kegyelem- \u00e9s szeretetteljes Kar\u00e1csonyt, valamint \u00e1ld\u00e1sos, b\u00e9k\u00e9s, boldog \u00dajesztend\u0151t,<\/em><\/p>\n<p><em>Imre atya<\/em><\/p>\n<p><em>Stuttgart, 2017 Kar\u00e1csony\u00e1n.<\/em><\/p>\n<p><em>\u00a0<\/em><\/p>\n<p>&nbsp;<\/p>\n","protected":false},"excerpt":{"rendered":"<p>A kar\u00e1csonyi csomag R\u00f6viddel kar\u00e1csony el\u0151tt t\u00f6rt\u00e9nt, m\u00e9g k\u00e1pl\u00e1nkoromban. Mint minden nagyobb \u00fcnnep el\u0151tt, ezuttal is megl\u00e1togattam a betegeket. Az egyik \u00f6regotthonba is elmentem. Az ajt\u00f3ban a post\u00e1ssal futottam \u00f6ssze, akit a szentmis\u00e9r\u0151l ismertem. \u201eNa, J\u00e1nos, \u00f6r\u00fcltek mag\u00e1nak?\u201d \u2013 k\u00e9rdeztem t\u0151le. \u201eMeghiszem azt\u201d &#8211; v\u00e1laszolta, &#8211; \u201emajdnem mindenkinek hoztam valami sz\u00e9pet. Levelet vagy csomagot. Na, Isten \u00e1ldja, tisztelend\u0151 \u00far!\u201d \u2013 mondta mosolyogva, \u00e9s ker\u00e9kp\u00e1rj\u00e1ra pattanva elhajtott. \u00c9n is felszaladtam a nagy l\u00e9pcs\u0151n \u00e9s vettem sorba a szob\u00e1kat. M\u00e1r valamennyi \u00f6reget \u00e9s beteget v\u00e9gigj\u00e1rtam, csak Kov\u00e1csn\u00e9 maradt m\u00e9g h\u00e1tra. \u00d6t gyermeket nevelt. Mind kitanult. Az egyikre k\u00fcl\u00f6n\u00f6sen b\u00fcszke volt. A kisebbik l\u00e1nya igen magasra vitte a kommunista rangl\u00e9tr\u00e1n. Kopogtattam. Semmi v\u00e1lasz. M\u00e1r rosszat sejtettem, mert b\u00e1r tudtam, hogy eg\u00e9szs\u00e9ges, de milyen eg\u00e9szs\u00e9ges lehet egy 76 \u00e9ves id\u0151sebb n\u0151&#8230; Miel\u0151tt azonban az \u00fcgyeletes orvoshoz rohantam volna, gondoltam, hogy m\u00e9g egyszer megpr\u00f3b\u00e1lom. Az er\u0151sebb kopog\u00e1sra v\u00e9g\u00fcl is egy halk hang v\u00e1laszolt: \u201eTess\u00e9k!\u201d Hallottam szip\u00e1kol\u00f3 hangj\u00e1n, hogy s\u00edr\u00e1s\u00e1t pr\u00f3b\u00e1lja pal\u00e1stolni. Amikor bel\u00e9ptem \u00e9s r\u00e1n\u00e9ztem, akkor m\u00e1r l\u00e1ttam, hogy val\u00f3ban s\u00edrt&#8230; El\u0151tte az asztalon egy nagy csomag fek\u00fcdt \u2013 kibontva. Igen gazdag tartalm\u00fa csomag volt. Minden volt benne: k\u00e1v\u00e9, szal\u00e1mi, d\u00e9li gy\u00fcm\u00f6lcs\u00f6k, csokol\u00e1d\u00e9, hajszesz, k\u00f6lni v\u00edz, egy h\u00e1zicip\u0151, meleg holmik, kar\u00e1csonyfad\u00edszek, minden, amit az ember el tudott k\u00e9pzelni. Kov\u00e1cs n\u00e9nit azonban ezek egyike sem vid\u00edtotta fel. Arc\u00e1n hi\u00e1ba kerestem a boldogs\u00e1gnak vagy az \u00f6r\u00f6mnek a leghalv\u00e1nyabb jel\u00e9t is. S\u0151t! \u201eKov\u00e1cs n\u00e9ni!\u201d \u2013 sz\u00f3l\u00edtottam meg vid\u00e1man, \u201ehogyan v\u00e1ghat ehhez a sz\u00e9p kar\u00e1csonyi csomaghoz ilyen szomor\u00fa arcot? Hisz n\u00e9zze, mennyi minden van benne!\u201d Kov\u00e1cs n\u00e9ni erre szomor\u00faan r\u00e1m n\u00e9zett, \u00e9s csak ennyit mondott: \u201eDe hi\u00e1nyzik bel\u0151le a szeretet!\u201d Majd keser\u0171en elkezdett a csal\u00e1dj\u00e1r\u00f3l besz\u00e9lni. Elmondta, amit azel\u0151tt olyan szem\u00e9rmesen \u00e9s sz\u00e9gyell\u0151sen elhallgatott, hogy mennyit takar\u00e9koskodtak fiatal h\u00e1zas korukban a f\u00e9rj\u00e9vel, hogy a gyermekeiket kitan\u00edthass\u00e1k. \u00c9veken kereszt\u00fcl nem engedhett\u00e9k meg maguknak, hogy valami dr\u00e1ga dolgot vegyenek, nem is&#8230; <\/p>\n<p><a class=\"readmore\" href=\"https:\/\/stuttgarti-katolikusok.de\/index.php\/a-karacsonyi-csomag\/\">R\u00e9szletek<\/a><\/p>\n","protected":false},"author":3,"featured_media":0,"comment_status":"closed","ping_status":"closed","sticky":false,"template":"","format":"standard","meta":{"footnotes":""},"categories":[24],"tags":[],"class_list":["post-13369","post","type-post","status-publish","format-standard","hentry","category-gondolatok"],"yoast_head":"<!-- This site is optimized with the Yoast SEO plugin v27.3 - https:\/\/yoast.com\/product\/yoast-seo-wordpress\/ -->\n<title>A kar\u00e1csonyi csomag... - Stuttgarti Katolikusok<\/title>\n<meta name=\"robots\" content=\"index, follow, max-snippet:-1, max-image-preview:large, max-video-preview:-1\" \/>\n<link rel=\"canonical\" href=\"https:\/\/stuttgarti-katolikusok.de\/index.php\/a-karacsonyi-csomag\/\" \/>\n<meta property=\"og:locale\" content=\"hu_HU\" \/>\n<meta property=\"og:type\" content=\"article\" \/>\n<meta property=\"og:title\" content=\"A kar\u00e1csonyi csomag... - Stuttgarti Katolikusok\" \/>\n<meta property=\"og:description\" content=\"A kar\u00e1csonyi csomag R\u00f6viddel kar\u00e1csony el\u0151tt t\u00f6rt\u00e9nt, m\u00e9g k\u00e1pl\u00e1nkoromban. Mint minden nagyobb \u00fcnnep el\u0151tt, ezuttal is megl\u00e1togattam a betegeket. Az egyik \u00f6regotthonba is elmentem. Az ajt\u00f3ban a post\u00e1ssal futottam \u00f6ssze, akit a szentmis\u00e9r\u0151l ismertem. \u201eNa, J\u00e1nos, \u00f6r\u00fcltek mag\u00e1nak?\u201d \u2013 k\u00e9rdeztem t\u0151le. \u201eMeghiszem azt\u201d &#8211; v\u00e1laszolta, &#8211; \u201emajdnem mindenkinek hoztam valami sz\u00e9pet. Levelet vagy csomagot. Na, Isten \u00e1ldja, tisztelend\u0151 \u00far!\u201d \u2013 mondta mosolyogva, \u00e9s ker\u00e9kp\u00e1rj\u00e1ra pattanva elhajtott. \u00c9n is felszaladtam a nagy l\u00e9pcs\u0151n \u00e9s vettem sorba a szob\u00e1kat. M\u00e1r valamennyi \u00f6reget \u00e9s beteget v\u00e9gigj\u00e1rtam, csak Kov\u00e1csn\u00e9 maradt m\u00e9g h\u00e1tra. \u00d6t gyermeket nevelt. Mind kitanult. Az egyikre k\u00fcl\u00f6n\u00f6sen b\u00fcszke volt. A kisebbik l\u00e1nya igen magasra vitte a kommunista rangl\u00e9tr\u00e1n. Kopogtattam. Semmi v\u00e1lasz. M\u00e1r rosszat sejtettem, mert b\u00e1r tudtam, hogy eg\u00e9szs\u00e9ges, de milyen eg\u00e9szs\u00e9ges lehet egy 76 \u00e9ves id\u0151sebb n\u0151&#8230; Miel\u0151tt azonban az \u00fcgyeletes orvoshoz rohantam volna, gondoltam, hogy m\u00e9g egyszer megpr\u00f3b\u00e1lom. Az er\u0151sebb kopog\u00e1sra v\u00e9g\u00fcl is egy halk hang v\u00e1laszolt: \u201eTess\u00e9k!\u201d Hallottam szip\u00e1kol\u00f3 hangj\u00e1n, hogy s\u00edr\u00e1s\u00e1t pr\u00f3b\u00e1lja pal\u00e1stolni. Amikor bel\u00e9ptem \u00e9s r\u00e1n\u00e9ztem, akkor m\u00e1r l\u00e1ttam, hogy val\u00f3ban s\u00edrt&#8230; El\u0151tte az asztalon egy nagy csomag fek\u00fcdt \u2013 kibontva. Igen gazdag tartalm\u00fa csomag volt. Minden volt benne: k\u00e1v\u00e9, szal\u00e1mi, d\u00e9li gy\u00fcm\u00f6lcs\u00f6k, csokol\u00e1d\u00e9, hajszesz, k\u00f6lni v\u00edz, egy h\u00e1zicip\u0151, meleg holmik, kar\u00e1csonyfad\u00edszek, minden, amit az ember el tudott k\u00e9pzelni. Kov\u00e1cs n\u00e9nit azonban ezek egyike sem vid\u00edtotta fel. Arc\u00e1n hi\u00e1ba kerestem a boldogs\u00e1gnak vagy az \u00f6r\u00f6mnek a leghalv\u00e1nyabb jel\u00e9t is. S\u0151t! \u201eKov\u00e1cs n\u00e9ni!\u201d \u2013 sz\u00f3l\u00edtottam meg vid\u00e1man, \u201ehogyan v\u00e1ghat ehhez a sz\u00e9p kar\u00e1csonyi csomaghoz ilyen szomor\u00fa arcot? Hisz n\u00e9zze, mennyi minden van benne!\u201d Kov\u00e1cs n\u00e9ni erre szomor\u00faan r\u00e1m n\u00e9zett, \u00e9s csak ennyit mondott: \u201eDe hi\u00e1nyzik bel\u0151le a szeretet!\u201d Majd keser\u0171en elkezdett a csal\u00e1dj\u00e1r\u00f3l besz\u00e9lni. Elmondta, amit azel\u0151tt olyan szem\u00e9rmesen \u00e9s sz\u00e9gyell\u0151sen elhallgatott, hogy mennyit takar\u00e9koskodtak fiatal h\u00e1zas korukban a f\u00e9rj\u00e9vel, hogy a gyermekeiket kitan\u00edthass\u00e1k. \u00c9veken kereszt\u00fcl nem engedhett\u00e9k meg maguknak, hogy valami dr\u00e1ga dolgot vegyenek, nem is... R\u00e9szletek\" \/>\n<meta property=\"og:url\" content=\"https:\/\/stuttgarti-katolikusok.de\/index.php\/a-karacsonyi-csomag\/\" \/>\n<meta property=\"og:site_name\" content=\"Stuttgarti Katolikusok\" \/>\n<meta property=\"article:published_time\" content=\"2017-12-24T13:28:42+00:00\" \/>\n<meta property=\"article:modified_time\" content=\"2019-10-23T10:37:22+00:00\" \/>\n<meta name=\"author\" content=\"Tibor atya\" \/>\n<meta name=\"twitter:card\" content=\"summary_large_image\" \/>\n<meta name=\"twitter:label1\" content=\"Szerz\u0151:\" \/>\n\t<meta name=\"twitter:data1\" content=\"Tibor atya\" \/>\n\t<meta name=\"twitter:label2\" content=\"Becs\u00fclt olvas\u00e1si id\u0151\" \/>\n\t<meta name=\"twitter:data2\" content=\"4 perc\" \/>\n<script type=\"application\/ld+json\" class=\"yoast-schema-graph\">{\"@context\":\"https:\\\/\\\/schema.org\",\"@graph\":[{\"@type\":\"Article\",\"@id\":\"https:\\\/\\\/stuttgarti-katolikusok.de\\\/index.php\\\/a-karacsonyi-csomag\\\/#article\",\"isPartOf\":{\"@id\":\"https:\\\/\\\/stuttgarti-katolikusok.de\\\/index.php\\\/a-karacsonyi-csomag\\\/\"},\"author\":{\"name\":\"Tibor atya\",\"@id\":\"https:\\\/\\\/stuttgarti-katolikusok.de\\\/#\\\/schema\\\/person\\\/75908d6f8fdc03a57889d27209df7795\"},\"headline\":\"A kar\u00e1csonyi csomag&#8230;\",\"datePublished\":\"2017-12-24T13:28:42+00:00\",\"dateModified\":\"2019-10-23T10:37:22+00:00\",\"mainEntityOfPage\":{\"@id\":\"https:\\\/\\\/stuttgarti-katolikusok.de\\\/index.php\\\/a-karacsonyi-csomag\\\/\"},\"wordCount\":894,\"articleSection\":[\"Gondolatok\"],\"inLanguage\":\"hu\"},{\"@type\":\"WebPage\",\"@id\":\"https:\\\/\\\/stuttgarti-katolikusok.de\\\/index.php\\\/a-karacsonyi-csomag\\\/\",\"url\":\"https:\\\/\\\/stuttgarti-katolikusok.de\\\/index.php\\\/a-karacsonyi-csomag\\\/\",\"name\":\"A kar\u00e1csonyi csomag... - Stuttgarti Katolikusok\",\"isPartOf\":{\"@id\":\"https:\\\/\\\/stuttgarti-katolikusok.de\\\/#website\"},\"datePublished\":\"2017-12-24T13:28:42+00:00\",\"dateModified\":\"2019-10-23T10:37:22+00:00\",\"author\":{\"@id\":\"https:\\\/\\\/stuttgarti-katolikusok.de\\\/#\\\/schema\\\/person\\\/75908d6f8fdc03a57889d27209df7795\"},\"breadcrumb\":{\"@id\":\"https:\\\/\\\/stuttgarti-katolikusok.de\\\/index.php\\\/a-karacsonyi-csomag\\\/#breadcrumb\"},\"inLanguage\":\"hu\",\"potentialAction\":[{\"@type\":\"ReadAction\",\"target\":[\"https:\\\/\\\/stuttgarti-katolikusok.de\\\/index.php\\\/a-karacsonyi-csomag\\\/\"]}]},{\"@type\":\"BreadcrumbList\",\"@id\":\"https:\\\/\\\/stuttgarti-katolikusok.de\\\/index.php\\\/a-karacsonyi-csomag\\\/#breadcrumb\",\"itemListElement\":[{\"@type\":\"ListItem\",\"position\":1,\"name\":\"Kezd\u0151lap\",\"item\":\"https:\\\/\\\/stuttgarti-katolikusok.de\\\/\"},{\"@type\":\"ListItem\",\"position\":2,\"name\":\"A kar\u00e1csonyi csomag&#8230;\"}]},{\"@type\":\"WebSite\",\"@id\":\"https:\\\/\\\/stuttgarti-katolikusok.de\\\/#website\",\"url\":\"https:\\\/\\\/stuttgarti-katolikusok.de\\\/\",\"name\":\"Stuttgarti Katolikusok\",\"description\":\"\",\"potentialAction\":[{\"@type\":\"SearchAction\",\"target\":{\"@type\":\"EntryPoint\",\"urlTemplate\":\"https:\\\/\\\/stuttgarti-katolikusok.de\\\/?s={search_term_string}\"},\"query-input\":{\"@type\":\"PropertyValueSpecification\",\"valueRequired\":true,\"valueName\":\"search_term_string\"}}],\"inLanguage\":\"hu\"},{\"@type\":\"Person\",\"@id\":\"https:\\\/\\\/stuttgarti-katolikusok.de\\\/#\\\/schema\\\/person\\\/75908d6f8fdc03a57889d27209df7795\",\"name\":\"Tibor atya\",\"image\":{\"@type\":\"ImageObject\",\"inLanguage\":\"hu\",\"@id\":\"https:\\\/\\\/secure.gravatar.com\\\/avatar\\\/61d268e57d1f4525b111222e29d2d5a7f8c420fdbf231ba5566a8ceac74fa960?s=96&d=mm&r=g\",\"url\":\"https:\\\/\\\/secure.gravatar.com\\\/avatar\\\/61d268e57d1f4525b111222e29d2d5a7f8c420fdbf231ba5566a8ceac74fa960?s=96&d=mm&r=g\",\"contentUrl\":\"https:\\\/\\\/secure.gravatar.com\\\/avatar\\\/61d268e57d1f4525b111222e29d2d5a7f8c420fdbf231ba5566a8ceac74fa960?s=96&d=mm&r=g\",\"caption\":\"Tibor atya\"},\"url\":\"https:\\\/\\\/stuttgarti-katolikusok.de\\\/index.php\\\/author\\\/tibor-atya\\\/\"}]}<\/script>\n<!-- \/ Yoast SEO plugin. -->","yoast_head_json":{"title":"A kar\u00e1csonyi csomag... - Stuttgarti Katolikusok","robots":{"index":"index","follow":"follow","max-snippet":"max-snippet:-1","max-image-preview":"max-image-preview:large","max-video-preview":"max-video-preview:-1"},"canonical":"https:\/\/stuttgarti-katolikusok.de\/index.php\/a-karacsonyi-csomag\/","og_locale":"hu_HU","og_type":"article","og_title":"A kar\u00e1csonyi csomag... - Stuttgarti Katolikusok","og_description":"A kar\u00e1csonyi csomag R\u00f6viddel kar\u00e1csony el\u0151tt t\u00f6rt\u00e9nt, m\u00e9g k\u00e1pl\u00e1nkoromban. Mint minden nagyobb \u00fcnnep el\u0151tt, ezuttal is megl\u00e1togattam a betegeket. Az egyik \u00f6regotthonba is elmentem. Az ajt\u00f3ban a post\u00e1ssal futottam \u00f6ssze, akit a szentmis\u00e9r\u0151l ismertem. \u201eNa, J\u00e1nos, \u00f6r\u00fcltek mag\u00e1nak?\u201d \u2013 k\u00e9rdeztem t\u0151le. \u201eMeghiszem azt\u201d &#8211; v\u00e1laszolta, &#8211; \u201emajdnem mindenkinek hoztam valami sz\u00e9pet. Levelet vagy csomagot. Na, Isten \u00e1ldja, tisztelend\u0151 \u00far!\u201d \u2013 mondta mosolyogva, \u00e9s ker\u00e9kp\u00e1rj\u00e1ra pattanva elhajtott. \u00c9n is felszaladtam a nagy l\u00e9pcs\u0151n \u00e9s vettem sorba a szob\u00e1kat. M\u00e1r valamennyi \u00f6reget \u00e9s beteget v\u00e9gigj\u00e1rtam, csak Kov\u00e1csn\u00e9 maradt m\u00e9g h\u00e1tra. \u00d6t gyermeket nevelt. Mind kitanult. Az egyikre k\u00fcl\u00f6n\u00f6sen b\u00fcszke volt. A kisebbik l\u00e1nya igen magasra vitte a kommunista rangl\u00e9tr\u00e1n. Kopogtattam. Semmi v\u00e1lasz. M\u00e1r rosszat sejtettem, mert b\u00e1r tudtam, hogy eg\u00e9szs\u00e9ges, de milyen eg\u00e9szs\u00e9ges lehet egy 76 \u00e9ves id\u0151sebb n\u0151&#8230; Miel\u0151tt azonban az \u00fcgyeletes orvoshoz rohantam volna, gondoltam, hogy m\u00e9g egyszer megpr\u00f3b\u00e1lom. Az er\u0151sebb kopog\u00e1sra v\u00e9g\u00fcl is egy halk hang v\u00e1laszolt: \u201eTess\u00e9k!\u201d Hallottam szip\u00e1kol\u00f3 hangj\u00e1n, hogy s\u00edr\u00e1s\u00e1t pr\u00f3b\u00e1lja pal\u00e1stolni. Amikor bel\u00e9ptem \u00e9s r\u00e1n\u00e9ztem, akkor m\u00e1r l\u00e1ttam, hogy val\u00f3ban s\u00edrt&#8230; El\u0151tte az asztalon egy nagy csomag fek\u00fcdt \u2013 kibontva. Igen gazdag tartalm\u00fa csomag volt. Minden volt benne: k\u00e1v\u00e9, szal\u00e1mi, d\u00e9li gy\u00fcm\u00f6lcs\u00f6k, csokol\u00e1d\u00e9, hajszesz, k\u00f6lni v\u00edz, egy h\u00e1zicip\u0151, meleg holmik, kar\u00e1csonyfad\u00edszek, minden, amit az ember el tudott k\u00e9pzelni. Kov\u00e1cs n\u00e9nit azonban ezek egyike sem vid\u00edtotta fel. Arc\u00e1n hi\u00e1ba kerestem a boldogs\u00e1gnak vagy az \u00f6r\u00f6mnek a leghalv\u00e1nyabb jel\u00e9t is. S\u0151t! \u201eKov\u00e1cs n\u00e9ni!\u201d \u2013 sz\u00f3l\u00edtottam meg vid\u00e1man, \u201ehogyan v\u00e1ghat ehhez a sz\u00e9p kar\u00e1csonyi csomaghoz ilyen szomor\u00fa arcot? Hisz n\u00e9zze, mennyi minden van benne!\u201d Kov\u00e1cs n\u00e9ni erre szomor\u00faan r\u00e1m n\u00e9zett, \u00e9s csak ennyit mondott: \u201eDe hi\u00e1nyzik bel\u0151le a szeretet!\u201d Majd keser\u0171en elkezdett a csal\u00e1dj\u00e1r\u00f3l besz\u00e9lni. Elmondta, amit azel\u0151tt olyan szem\u00e9rmesen \u00e9s sz\u00e9gyell\u0151sen elhallgatott, hogy mennyit takar\u00e9koskodtak fiatal h\u00e1zas korukban a f\u00e9rj\u00e9vel, hogy a gyermekeiket kitan\u00edthass\u00e1k. \u00c9veken kereszt\u00fcl nem engedhett\u00e9k meg maguknak, hogy valami dr\u00e1ga dolgot vegyenek, nem is... R\u00e9szletek","og_url":"https:\/\/stuttgarti-katolikusok.de\/index.php\/a-karacsonyi-csomag\/","og_site_name":"Stuttgarti Katolikusok","article_published_time":"2017-12-24T13:28:42+00:00","article_modified_time":"2019-10-23T10:37:22+00:00","author":"Tibor atya","twitter_card":"summary_large_image","twitter_misc":{"Szerz\u0151:":"Tibor atya","Becs\u00fclt olvas\u00e1si id\u0151":"4 perc"},"schema":{"@context":"https:\/\/schema.org","@graph":[{"@type":"Article","@id":"https:\/\/stuttgarti-katolikusok.de\/index.php\/a-karacsonyi-csomag\/#article","isPartOf":{"@id":"https:\/\/stuttgarti-katolikusok.de\/index.php\/a-karacsonyi-csomag\/"},"author":{"name":"Tibor atya","@id":"https:\/\/stuttgarti-katolikusok.de\/#\/schema\/person\/75908d6f8fdc03a57889d27209df7795"},"headline":"A kar\u00e1csonyi csomag&#8230;","datePublished":"2017-12-24T13:28:42+00:00","dateModified":"2019-10-23T10:37:22+00:00","mainEntityOfPage":{"@id":"https:\/\/stuttgarti-katolikusok.de\/index.php\/a-karacsonyi-csomag\/"},"wordCount":894,"articleSection":["Gondolatok"],"inLanguage":"hu"},{"@type":"WebPage","@id":"https:\/\/stuttgarti-katolikusok.de\/index.php\/a-karacsonyi-csomag\/","url":"https:\/\/stuttgarti-katolikusok.de\/index.php\/a-karacsonyi-csomag\/","name":"A kar\u00e1csonyi csomag... - Stuttgarti Katolikusok","isPartOf":{"@id":"https:\/\/stuttgarti-katolikusok.de\/#website"},"datePublished":"2017-12-24T13:28:42+00:00","dateModified":"2019-10-23T10:37:22+00:00","author":{"@id":"https:\/\/stuttgarti-katolikusok.de\/#\/schema\/person\/75908d6f8fdc03a57889d27209df7795"},"breadcrumb":{"@id":"https:\/\/stuttgarti-katolikusok.de\/index.php\/a-karacsonyi-csomag\/#breadcrumb"},"inLanguage":"hu","potentialAction":[{"@type":"ReadAction","target":["https:\/\/stuttgarti-katolikusok.de\/index.php\/a-karacsonyi-csomag\/"]}]},{"@type":"BreadcrumbList","@id":"https:\/\/stuttgarti-katolikusok.de\/index.php\/a-karacsonyi-csomag\/#breadcrumb","itemListElement":[{"@type":"ListItem","position":1,"name":"Kezd\u0151lap","item":"https:\/\/stuttgarti-katolikusok.de\/"},{"@type":"ListItem","position":2,"name":"A kar\u00e1csonyi csomag&#8230;"}]},{"@type":"WebSite","@id":"https:\/\/stuttgarti-katolikusok.de\/#website","url":"https:\/\/stuttgarti-katolikusok.de\/","name":"Stuttgarti Katolikusok","description":"","potentialAction":[{"@type":"SearchAction","target":{"@type":"EntryPoint","urlTemplate":"https:\/\/stuttgarti-katolikusok.de\/?s={search_term_string}"},"query-input":{"@type":"PropertyValueSpecification","valueRequired":true,"valueName":"search_term_string"}}],"inLanguage":"hu"},{"@type":"Person","@id":"https:\/\/stuttgarti-katolikusok.de\/#\/schema\/person\/75908d6f8fdc03a57889d27209df7795","name":"Tibor atya","image":{"@type":"ImageObject","inLanguage":"hu","@id":"https:\/\/secure.gravatar.com\/avatar\/61d268e57d1f4525b111222e29d2d5a7f8c420fdbf231ba5566a8ceac74fa960?s=96&d=mm&r=g","url":"https:\/\/secure.gravatar.com\/avatar\/61d268e57d1f4525b111222e29d2d5a7f8c420fdbf231ba5566a8ceac74fa960?s=96&d=mm&r=g","contentUrl":"https:\/\/secure.gravatar.com\/avatar\/61d268e57d1f4525b111222e29d2d5a7f8c420fdbf231ba5566a8ceac74fa960?s=96&d=mm&r=g","caption":"Tibor atya"},"url":"https:\/\/stuttgarti-katolikusok.de\/index.php\/author\/tibor-atya\/"}]}},"_links":{"self":[{"href":"https:\/\/stuttgarti-katolikusok.de\/index.php\/wp-json\/wp\/v2\/posts\/13369","targetHints":{"allow":["GET"]}}],"collection":[{"href":"https:\/\/stuttgarti-katolikusok.de\/index.php\/wp-json\/wp\/v2\/posts"}],"about":[{"href":"https:\/\/stuttgarti-katolikusok.de\/index.php\/wp-json\/wp\/v2\/types\/post"}],"author":[{"embeddable":true,"href":"https:\/\/stuttgarti-katolikusok.de\/index.php\/wp-json\/wp\/v2\/users\/3"}],"replies":[{"embeddable":true,"href":"https:\/\/stuttgarti-katolikusok.de\/index.php\/wp-json\/wp\/v2\/comments?post=13369"}],"version-history":[{"count":1,"href":"https:\/\/stuttgarti-katolikusok.de\/index.php\/wp-json\/wp\/v2\/posts\/13369\/revisions"}],"predecessor-version":[{"id":13371,"href":"https:\/\/stuttgarti-katolikusok.de\/index.php\/wp-json\/wp\/v2\/posts\/13369\/revisions\/13371"}],"wp:attachment":[{"href":"https:\/\/stuttgarti-katolikusok.de\/index.php\/wp-json\/wp\/v2\/media?parent=13369"}],"wp:term":[{"taxonomy":"category","embeddable":true,"href":"https:\/\/stuttgarti-katolikusok.de\/index.php\/wp-json\/wp\/v2\/categories?post=13369"},{"taxonomy":"post_tag","embeddable":true,"href":"https:\/\/stuttgarti-katolikusok.de\/index.php\/wp-json\/wp\/v2\/tags?post=13369"}],"curies":[{"name":"wp","href":"https:\/\/api.w.org\/{rel}","templated":true}]}}