{"id":13307,"date":"2017-12-23T13:09:04","date_gmt":"2017-12-23T13:09:04","guid":{"rendered":"https:\/\/gracious-dewdney.138-201-221-2.plesk.page\/?p=13307"},"modified":"2020-04-27T16:16:45","modified_gmt":"2020-04-27T16:16:45","slug":"programelozetes-december-24-es-januar-7-kozott","status":"publish","type":"post","link":"https:\/\/stuttgarti-katolikusok.de\/index.php\/programelozetes-december-24-es-januar-7-kozott\/","title":{"rendered":"Programel\u0151zetes december 24 \u00e9s janu\u00e1r 7 k\u00f6z\u00f6tt"},"content":{"rendered":"<p><strong>Programel\u0151zetes<\/strong><\/p>\n<p><strong>December 24-\u00e9n, <\/strong>Kar\u00e1csony \u00fcnnepe,<\/p>\n<p><strong>\u00a0 \u00a0 \u00a0 \u00a0 \u00a0 \u00a0Stuttgartban <\/strong>19.00 \u00f3rakor <em>Kar\u00e1csony-\u00e9jf\u00e9li szentmise.<\/em><\/p>\n<p><strong>\u00a0 \u00a0 \u00a0 \u00a0 \u00a0 \u00a0Weingartenben<\/strong> 20.00 \u00f3rakor <em>Kar\u00e1csony-\u00e9jf\u00e9li szentmise.<\/em><\/p>\n<p style=\"text-align: center;\">*<\/p>\n<p><strong>December 25-\u00e9n,<\/strong> \u00a0h\u00e9tf\u0151n, Kar\u00e1csony \u00fcnnepe,<\/p>\n<p><strong>\u00a0 \u00a0 \u00a0 \u00a0 \u00a0 \u00a0Weingartenben<\/strong> 10.00 \u00f3rakor <em>\u00fcnnepi nagymise.<\/em><\/p>\n<p><strong>\u00a0 \u00a0 \u00a0 \u00a0 \u00a0 \u00a0Stuttgartban<\/strong> 12.00 \u00f3rakor <em>\u00fcnnepi nagymise.<\/em><\/p>\n<p><strong>\u00a0 \u00a0 \u00a0 \u00a0 \u00a0 \u00a0Ulmban<\/strong> 15.00 \u00f3rakor <em>\u00fcnnepi nagymise.<\/em><\/p>\n<p><strong>\u00a0 \u00a0 \u00a0 \u00a0 \u00a0 \u00a0Heilbronnban<\/strong> 15.30 \u00f3rakor <em>\u00fcnnepi nagymise.<\/em><\/p>\n<p style=\"text-align: center;\">*<\/p>\n<p><strong>December 26-\u00e1n,<\/strong> kedden, Kar\u00e1csony 2. napja,<\/p>\n<p><strong>\u00a0 \u00a0 \u00a0 \u00a0 \u00a0 \u00a0Biberachban<\/strong>\u00a0 8.45 \u00f3rakor <em>szentmise<\/em>.<\/p>\n<p><strong>\u00a0 \u00a0 \u00a0 \u00a0 \u00a0 \u00a0Schw\u00e4bisch-Gm\u00fcndben<\/strong><em>\u00a0 <\/em>9.30 \u00f3rakor <em>szentmise<\/em>.<\/p>\n<p><strong>\u00a0 \u00a0 \u00a0 \u00a0 \u00a0 \u00a0Stuttgartban<\/strong> 12.00 \u00f3rakor <em>szentmise<\/em>.<\/p>\n<p><strong>\u00a0 \u00a0 \u00a0 \u00a0 \u00a0 \u00a0Eislingenben<\/strong> 15.00 \u00f3rakor <em>szentmise<\/em>.<\/p>\n<p style=\"text-align: center;\">*<\/p>\n<p><strong>December 27-\u00e9n, <\/strong>szerd\u00e1n, Kar\u00e1csony 3. napja,<\/p>\n<p><strong>\u00a0 \u00a0 \u00a0 \u00a0 \u00a0 \u00a0B\u00f6blingenben <\/strong>9.30 \u00f3rakor <em>szentmise<\/em>.<\/p>\n<p><strong>\u00a0 \u00a0 \u00a0 \u00a0 \u00a0 \u00a0Heidenheimban<\/strong> 10.00 \u00f3rakor <em>szentmise<\/em>.<\/p>\n<p style=\"text-align: center;\">*<\/p>\n<p><strong>December 31-\u00e9n,<\/strong> vas\u00e1rnap, Szilveszter este,<\/p>\n<p><strong>Weingartenben<\/strong> 17.00 \u00f3rakor \u00e9vv\u00e9gi h\u00e1laad\u00f3 <em>szentmise<\/em>.<\/p>\n<p><strong>Stuttgartban<\/strong> 18.00 \u00f3rakor \u00e9vv\u00e9gi h\u00e1laad\u00f3 <em>szentmise<\/em>.<\/p>\n<p style=\"text-align: center;\">*<\/p>\n<p><strong>Janu\u00e1r 6-\u00e1n, <\/strong>V\u00edzkereszt \u00fcnnepe,<\/p>\n<p><strong>\u00a0 \u00a0 \u00a0 \u00a0 \u00a0 \u00a0Balingenben<\/strong> 17.00 \u00f3rakor szentmise, ut\u00e1na \u00e1g\u00e1p\u00e9.<\/p>\n<p style=\"text-align: center;\">*<\/p>\n<p><strong>Janu\u00e1r 7-\u00e9n, <\/strong>Urunk megkeresztelked\u00e9s\u00e9nek \u00fcnnepe,<\/p>\n<p><strong>\u00a0 \u00a0 \u00a0 \u00a0 \u00a0 \u00a0Munderkingenben <\/strong>9.00 \u00f3rakor <em>szentmise<\/em>.<\/p>\n<p><strong>\u00a0 \u00a0 \u00a0 \u00a0 \u00a0 \u00a0Schw\u00e4bisch-Gm\u00fcndben <\/strong>9.30 \u00f3rakor <em>szentmise<\/em>, keret\u00e9ben T\u00edm\u00e1r Kinga opera\u00e9nekesn\u0151 \u00e9s Kocsis Judit orgonista <em>\u00faj\u00e9vi koncertje. <\/em>Befejezt\u00e9vel <em>\u00e1g\u00e1p\u00e9.<\/em><\/p>\n<p><strong>\u00a0 \u00a0 \u00a0 \u00a0 \u00a0 \u00a0Stuttgartban <\/strong>15.00 \u00f3rakor <em>szentmise<\/em>. Ut\u00e1na a K\u00f6z\u00f6ss\u00e9gi Teremben <em>zar\u00e1ndok-tal\u00e1lkoz\u00f3 <\/em>\u00e9s szer\u00e9ny <em>\u00e1g\u00e1p\u00e9.<\/em><\/p>\n<p style=\"text-align: left;\">Minden helyen mindenkit szeretettel v\u00e1r a k\u00f6z\u00f6ss\u00e9g, Imre atya \u00e9s Tibor atya!<\/p>\n<p style=\"text-align: center;\">*<\/p>\n<p><strong>Juh\u00e1sz Gyula<br \/>\n<em>Betlehemes \u00e9nek<\/em><\/strong><\/p>\n<p>\u00d3, emberek, gondoljatok ma r\u00e1,<br \/>\nKi Betlehemben sz\u00fcletett ez este<br \/>\nA j\u00e1szol alm\u00e1n, kis hajl\u00e9ktalan,<br \/>\nSzel\u00edd barmok k\u00f6zt, kedves bambin\u00f3.<\/p>\n<p>\u00d3, emberek, gondoljatok ma r\u00e1:<br \/>\nHogy anyja az \u00dar szolg\u00e1l\u00f3 le\u00e1nya<br \/>\n\u00c9s apja \u00e1cs volt, dolgoz\u00f3 szeg\u00e9ny,<br \/>\nS az ist\u00e1ll\u00f3ban v\u00e1rt f\u00f6d\u00e9l re\u00e1juk.<\/p>\n<p>\u00d3, emberek, gondoljatok ma r\u00e1,<br \/>\nA betlehemi kisded j\u00e1szol\u00e1ra,<br \/>\nAmely f\u00f6l\u00f6tt nagyobb f\u00e9ny t\u00fcnd\u00f6k\u00f6lt,<br \/>\nMint minden v\u00e1rak s kast\u00e9lyok f\u00f6l\u00f6tt.<\/p>\n<p>\u00d3, emberek, gondoljatok ma r\u00e1,<br \/>\nKi r\u00f3maihoz, barb\u00e1rhoz, zsid\u00f3hoz,<br \/>\nA kerek f\u00f6ld mindegyik gyermek\u00e9hez<br \/>\nEgy \u00fczenettel j\u00f6tt: Szeressetek!<\/p>\n<p>\u00d3, emberek, gondoljatok ma r\u00e1!<\/p>\n<p style=\"text-align: center;\"><em>\u00a0*<\/em><\/p>\n<p><em>\u201eA betlehemi gyermek egyetlen k\u00edv\u00e1ns\u00e1ga, hogy mindazok otthon\u00e1ba bet\u00e9rjen, akik s\u00edrnak, \u00e1lmatlanul forgol\u00f3dnak \u00e9s c\u00e9ltalanul \u0151d\u00f6ngenek e f\u00f6ldi \u00e9let zar\u00e1ndok \u00fatj\u00e1n\u201d <\/em><strong>(Friedrich von Bodelschwingh \u2013 1831-1910 \u2013 n\u00e9met lelk\u00e9sz)<\/strong><\/p>\n<p><strong><em>Kegyelemteljes Kar\u00e1csonyi \u00dcnnepeket, \u00e9s \u00e1ldott, b\u00e9k\u00e9s, \u00f6r\u00f6mteli \u00fajesztend\u0151t k\u00edv\u00e1nunk minden Kedves H\u00edv\u00fcnknek!<\/em><\/strong><\/p>\n<p><strong>\u00a0<\/strong><\/p>\n","protected":false},"excerpt":{"rendered":"<p>Programel\u0151zetes December 24-\u00e9n, Kar\u00e1csony \u00fcnnepe, \u00a0 \u00a0 \u00a0 \u00a0 \u00a0 \u00a0Stuttgartban 19.00 \u00f3rakor Kar\u00e1csony-\u00e9jf\u00e9li szentmise. \u00a0 \u00a0 \u00a0 \u00a0 \u00a0 \u00a0Weingartenben 20.00 \u00f3rakor Kar\u00e1csony-\u00e9jf\u00e9li szentmise. * December 25-\u00e9n, \u00a0h\u00e9tf\u0151n, Kar\u00e1csony \u00fcnnepe, \u00a0 \u00a0 \u00a0 \u00a0 \u00a0 \u00a0Weingartenben 10.00 \u00f3rakor \u00fcnnepi nagymise. \u00a0 \u00a0 \u00a0 \u00a0 \u00a0 \u00a0Stuttgartban 12.00 \u00f3rakor \u00fcnnepi nagymise. \u00a0 \u00a0 \u00a0 \u00a0 \u00a0 \u00a0Ulmban 15.00 \u00f3rakor \u00fcnnepi nagymise. \u00a0 \u00a0 \u00a0 \u00a0 \u00a0 \u00a0Heilbronnban 15.30 \u00f3rakor \u00fcnnepi nagymise. * December 26-\u00e1n, kedden, Kar\u00e1csony 2. napja, \u00a0 \u00a0 \u00a0 \u00a0 \u00a0 \u00a0Biberachban\u00a0 8.45 \u00f3rakor szentmise. \u00a0 \u00a0 \u00a0 \u00a0 \u00a0 \u00a0Schw\u00e4bisch-Gm\u00fcndben\u00a0 9.30 \u00f3rakor szentmise. \u00a0 \u00a0 \u00a0 \u00a0 \u00a0 \u00a0Stuttgartban 12.00 \u00f3rakor szentmise. \u00a0 \u00a0 \u00a0 \u00a0 \u00a0 \u00a0Eislingenben 15.00 \u00f3rakor szentmise. * December 27-\u00e9n, szerd\u00e1n, Kar\u00e1csony 3. napja, \u00a0 \u00a0 \u00a0 \u00a0 \u00a0 \u00a0B\u00f6blingenben 9.30 \u00f3rakor szentmise. \u00a0 \u00a0 \u00a0 \u00a0 \u00a0 \u00a0Heidenheimban 10.00 \u00f3rakor szentmise. * December 31-\u00e9n, vas\u00e1rnap, Szilveszter este, Weingartenben 17.00 \u00f3rakor \u00e9vv\u00e9gi h\u00e1laad\u00f3 szentmise. Stuttgartban 18.00 \u00f3rakor \u00e9vv\u00e9gi h\u00e1laad\u00f3 szentmise. * Janu\u00e1r 6-\u00e1n, V\u00edzkereszt \u00fcnnepe, \u00a0 \u00a0 \u00a0 \u00a0 \u00a0 \u00a0Balingenben 17.00 \u00f3rakor szentmise, ut\u00e1na \u00e1g\u00e1p\u00e9. * Janu\u00e1r 7-\u00e9n, Urunk megkeresztelked\u00e9s\u00e9nek \u00fcnnepe, \u00a0 \u00a0 \u00a0 \u00a0 \u00a0 \u00a0Munderkingenben 9.00 \u00f3rakor szentmise. \u00a0 \u00a0 \u00a0 \u00a0 \u00a0 \u00a0Schw\u00e4bisch-Gm\u00fcndben 9.30 \u00f3rakor szentmise, keret\u00e9ben T\u00edm\u00e1r Kinga opera\u00e9nekesn\u0151 \u00e9s Kocsis Judit orgonista \u00faj\u00e9vi koncertje. Befejezt\u00e9vel \u00e1g\u00e1p\u00e9. \u00a0 \u00a0 \u00a0 \u00a0 \u00a0 \u00a0Stuttgartban 15.00 \u00f3rakor szentmise. Ut\u00e1na a K\u00f6z\u00f6ss\u00e9gi Teremben zar\u00e1ndok-tal\u00e1lkoz\u00f3 \u00e9s szer\u00e9ny \u00e1g\u00e1p\u00e9. Minden helyen mindenkit szeretettel v\u00e1r a k\u00f6z\u00f6ss\u00e9g, Imre atya \u00e9s Tibor atya! * Juh\u00e1sz Gyula Betlehemes \u00e9nek \u00d3, emberek, gondoljatok ma r\u00e1, Ki Betlehemben sz\u00fcletett ez este A j\u00e1szol alm\u00e1n, kis hajl\u00e9ktalan, Szel\u00edd barmok k\u00f6zt, kedves bambin\u00f3. \u00d3, emberek, gondoljatok ma r\u00e1: Hogy anyja az \u00dar szolg\u00e1l\u00f3 le\u00e1nya \u00c9s apja \u00e1cs volt, dolgoz\u00f3 szeg\u00e9ny, S az ist\u00e1ll\u00f3ban v\u00e1rt f\u00f6d\u00e9l re\u00e1juk. \u00d3, emberek, gondoljatok ma r\u00e1, A betlehemi kisded j\u00e1szol\u00e1ra, Amely f\u00f6l\u00f6tt nagyobb f\u00e9ny t\u00fcnd\u00f6k\u00f6lt,&#8230; <\/p>\n<p><a class=\"readmore\" href=\"https:\/\/stuttgarti-katolikusok.de\/index.php\/programelozetes-december-24-es-januar-7-kozott\/\">R\u00e9szletek<\/a><\/p>\n","protected":false},"author":3,"featured_media":0,"comment_status":"closed","ping_status":"closed","sticky":false,"template":"","format":"standard","meta":{"footnotes":""},"categories":[37],"tags":[],"class_list":["post-13307","post","type-post","status-publish","format-standard","hentry","category-progamelozetes"],"yoast_head":"<!-- This site is optimized with the Yoast SEO plugin v27.3 - https:\/\/yoast.com\/product\/yoast-seo-wordpress\/ -->\n<title>Programel\u0151zetes december 24 \u00e9s janu\u00e1r 7 k\u00f6z\u00f6tt - Stuttgarti Katolikusok<\/title>\n<meta name=\"robots\" content=\"index, follow, max-snippet:-1, max-image-preview:large, max-video-preview:-1\" \/>\n<link rel=\"canonical\" href=\"https:\/\/stuttgarti-katolikusok.de\/index.php\/programelozetes-december-24-es-januar-7-kozott\/\" \/>\n<meta property=\"og:locale\" content=\"hu_HU\" \/>\n<meta property=\"og:type\" content=\"article\" \/>\n<meta property=\"og:title\" content=\"Programel\u0151zetes december 24 \u00e9s janu\u00e1r 7 k\u00f6z\u00f6tt - Stuttgarti Katolikusok\" \/>\n<meta property=\"og:description\" content=\"Programel\u0151zetes December 24-\u00e9n, Kar\u00e1csony \u00fcnnepe, \u00a0 \u00a0 \u00a0 \u00a0 \u00a0 \u00a0Stuttgartban 19.00 \u00f3rakor Kar\u00e1csony-\u00e9jf\u00e9li szentmise. \u00a0 \u00a0 \u00a0 \u00a0 \u00a0 \u00a0Weingartenben 20.00 \u00f3rakor Kar\u00e1csony-\u00e9jf\u00e9li szentmise. * December 25-\u00e9n, \u00a0h\u00e9tf\u0151n, Kar\u00e1csony \u00fcnnepe, \u00a0 \u00a0 \u00a0 \u00a0 \u00a0 \u00a0Weingartenben 10.00 \u00f3rakor \u00fcnnepi nagymise. \u00a0 \u00a0 \u00a0 \u00a0 \u00a0 \u00a0Stuttgartban 12.00 \u00f3rakor \u00fcnnepi nagymise. \u00a0 \u00a0 \u00a0 \u00a0 \u00a0 \u00a0Ulmban 15.00 \u00f3rakor \u00fcnnepi nagymise. \u00a0 \u00a0 \u00a0 \u00a0 \u00a0 \u00a0Heilbronnban 15.30 \u00f3rakor \u00fcnnepi nagymise. * December 26-\u00e1n, kedden, Kar\u00e1csony 2. napja, \u00a0 \u00a0 \u00a0 \u00a0 \u00a0 \u00a0Biberachban\u00a0 8.45 \u00f3rakor szentmise. \u00a0 \u00a0 \u00a0 \u00a0 \u00a0 \u00a0Schw\u00e4bisch-Gm\u00fcndben\u00a0 9.30 \u00f3rakor szentmise. \u00a0 \u00a0 \u00a0 \u00a0 \u00a0 \u00a0Stuttgartban 12.00 \u00f3rakor szentmise. \u00a0 \u00a0 \u00a0 \u00a0 \u00a0 \u00a0Eislingenben 15.00 \u00f3rakor szentmise. * December 27-\u00e9n, szerd\u00e1n, Kar\u00e1csony 3. napja, \u00a0 \u00a0 \u00a0 \u00a0 \u00a0 \u00a0B\u00f6blingenben 9.30 \u00f3rakor szentmise. \u00a0 \u00a0 \u00a0 \u00a0 \u00a0 \u00a0Heidenheimban 10.00 \u00f3rakor szentmise. * December 31-\u00e9n, vas\u00e1rnap, Szilveszter este, Weingartenben 17.00 \u00f3rakor \u00e9vv\u00e9gi h\u00e1laad\u00f3 szentmise. Stuttgartban 18.00 \u00f3rakor \u00e9vv\u00e9gi h\u00e1laad\u00f3 szentmise. * Janu\u00e1r 6-\u00e1n, V\u00edzkereszt \u00fcnnepe, \u00a0 \u00a0 \u00a0 \u00a0 \u00a0 \u00a0Balingenben 17.00 \u00f3rakor szentmise, ut\u00e1na \u00e1g\u00e1p\u00e9. * Janu\u00e1r 7-\u00e9n, Urunk megkeresztelked\u00e9s\u00e9nek \u00fcnnepe, \u00a0 \u00a0 \u00a0 \u00a0 \u00a0 \u00a0Munderkingenben 9.00 \u00f3rakor szentmise. \u00a0 \u00a0 \u00a0 \u00a0 \u00a0 \u00a0Schw\u00e4bisch-Gm\u00fcndben 9.30 \u00f3rakor szentmise, keret\u00e9ben T\u00edm\u00e1r Kinga opera\u00e9nekesn\u0151 \u00e9s Kocsis Judit orgonista \u00faj\u00e9vi koncertje. Befejezt\u00e9vel \u00e1g\u00e1p\u00e9. \u00a0 \u00a0 \u00a0 \u00a0 \u00a0 \u00a0Stuttgartban 15.00 \u00f3rakor szentmise. Ut\u00e1na a K\u00f6z\u00f6ss\u00e9gi Teremben zar\u00e1ndok-tal\u00e1lkoz\u00f3 \u00e9s szer\u00e9ny \u00e1g\u00e1p\u00e9. Minden helyen mindenkit szeretettel v\u00e1r a k\u00f6z\u00f6ss\u00e9g, Imre atya \u00e9s Tibor atya! * Juh\u00e1sz Gyula Betlehemes \u00e9nek \u00d3, emberek, gondoljatok ma r\u00e1, Ki Betlehemben sz\u00fcletett ez este A j\u00e1szol alm\u00e1n, kis hajl\u00e9ktalan, Szel\u00edd barmok k\u00f6zt, kedves bambin\u00f3. \u00d3, emberek, gondoljatok ma r\u00e1: Hogy anyja az \u00dar szolg\u00e1l\u00f3 le\u00e1nya \u00c9s apja \u00e1cs volt, dolgoz\u00f3 szeg\u00e9ny, S az ist\u00e1ll\u00f3ban v\u00e1rt f\u00f6d\u00e9l re\u00e1juk. \u00d3, emberek, gondoljatok ma r\u00e1, A betlehemi kisded j\u00e1szol\u00e1ra, Amely f\u00f6l\u00f6tt nagyobb f\u00e9ny t\u00fcnd\u00f6k\u00f6lt,... R\u00e9szletek\" \/>\n<meta property=\"og:url\" content=\"https:\/\/stuttgarti-katolikusok.de\/index.php\/programelozetes-december-24-es-januar-7-kozott\/\" \/>\n<meta property=\"og:site_name\" content=\"Stuttgarti Katolikusok\" \/>\n<meta property=\"article:published_time\" content=\"2017-12-23T13:09:04+00:00\" \/>\n<meta property=\"article:modified_time\" content=\"2020-04-27T16:16:45+00:00\" \/>\n<meta name=\"author\" content=\"Tibor atya\" \/>\n<meta name=\"twitter:card\" content=\"summary_large_image\" \/>\n<meta name=\"twitter:label1\" content=\"Szerz\u0151:\" \/>\n\t<meta name=\"twitter:data1\" content=\"Tibor atya\" \/>\n\t<meta name=\"twitter:label2\" content=\"Becs\u00fclt olvas\u00e1si id\u0151\" \/>\n\t<meta name=\"twitter:data2\" content=\"2 perc\" \/>\n<script type=\"application\/ld+json\" class=\"yoast-schema-graph\">{\"@context\":\"https:\\\/\\\/schema.org\",\"@graph\":[{\"@type\":\"Article\",\"@id\":\"https:\\\/\\\/stuttgarti-katolikusok.de\\\/index.php\\\/programelozetes-december-24-es-januar-7-kozott\\\/#article\",\"isPartOf\":{\"@id\":\"https:\\\/\\\/stuttgarti-katolikusok.de\\\/index.php\\\/programelozetes-december-24-es-januar-7-kozott\\\/\"},\"author\":{\"name\":\"Tibor atya\",\"@id\":\"https:\\\/\\\/stuttgarti-katolikusok.de\\\/#\\\/schema\\\/person\\\/75908d6f8fdc03a57889d27209df7795\"},\"headline\":\"Programel\u0151zetes december 24 \u00e9s janu\u00e1r 7 k\u00f6z\u00f6tt\",\"datePublished\":\"2017-12-23T13:09:04+00:00\",\"dateModified\":\"2020-04-27T16:16:45+00:00\",\"mainEntityOfPage\":{\"@id\":\"https:\\\/\\\/stuttgarti-katolikusok.de\\\/index.php\\\/programelozetes-december-24-es-januar-7-kozott\\\/\"},\"wordCount\":379,\"articleSection\":[\"Progamel\u0151zetes\"],\"inLanguage\":\"hu\"},{\"@type\":\"WebPage\",\"@id\":\"https:\\\/\\\/stuttgarti-katolikusok.de\\\/index.php\\\/programelozetes-december-24-es-januar-7-kozott\\\/\",\"url\":\"https:\\\/\\\/stuttgarti-katolikusok.de\\\/index.php\\\/programelozetes-december-24-es-januar-7-kozott\\\/\",\"name\":\"Programel\u0151zetes december 24 \u00e9s janu\u00e1r 7 k\u00f6z\u00f6tt - Stuttgarti Katolikusok\",\"isPartOf\":{\"@id\":\"https:\\\/\\\/stuttgarti-katolikusok.de\\\/#website\"},\"datePublished\":\"2017-12-23T13:09:04+00:00\",\"dateModified\":\"2020-04-27T16:16:45+00:00\",\"author\":{\"@id\":\"https:\\\/\\\/stuttgarti-katolikusok.de\\\/#\\\/schema\\\/person\\\/75908d6f8fdc03a57889d27209df7795\"},\"breadcrumb\":{\"@id\":\"https:\\\/\\\/stuttgarti-katolikusok.de\\\/index.php\\\/programelozetes-december-24-es-januar-7-kozott\\\/#breadcrumb\"},\"inLanguage\":\"hu\",\"potentialAction\":[{\"@type\":\"ReadAction\",\"target\":[\"https:\\\/\\\/stuttgarti-katolikusok.de\\\/index.php\\\/programelozetes-december-24-es-januar-7-kozott\\\/\"]}]},{\"@type\":\"BreadcrumbList\",\"@id\":\"https:\\\/\\\/stuttgarti-katolikusok.de\\\/index.php\\\/programelozetes-december-24-es-januar-7-kozott\\\/#breadcrumb\",\"itemListElement\":[{\"@type\":\"ListItem\",\"position\":1,\"name\":\"Kezd\u0151lap\",\"item\":\"https:\\\/\\\/stuttgarti-katolikusok.de\\\/\"},{\"@type\":\"ListItem\",\"position\":2,\"name\":\"Programel\u0151zetes december 24 \u00e9s janu\u00e1r 7 k\u00f6z\u00f6tt\"}]},{\"@type\":\"WebSite\",\"@id\":\"https:\\\/\\\/stuttgarti-katolikusok.de\\\/#website\",\"url\":\"https:\\\/\\\/stuttgarti-katolikusok.de\\\/\",\"name\":\"Stuttgarti Katolikusok\",\"description\":\"\",\"potentialAction\":[{\"@type\":\"SearchAction\",\"target\":{\"@type\":\"EntryPoint\",\"urlTemplate\":\"https:\\\/\\\/stuttgarti-katolikusok.de\\\/?s={search_term_string}\"},\"query-input\":{\"@type\":\"PropertyValueSpecification\",\"valueRequired\":true,\"valueName\":\"search_term_string\"}}],\"inLanguage\":\"hu\"},{\"@type\":\"Person\",\"@id\":\"https:\\\/\\\/stuttgarti-katolikusok.de\\\/#\\\/schema\\\/person\\\/75908d6f8fdc03a57889d27209df7795\",\"name\":\"Tibor atya\",\"image\":{\"@type\":\"ImageObject\",\"inLanguage\":\"hu\",\"@id\":\"https:\\\/\\\/secure.gravatar.com\\\/avatar\\\/61d268e57d1f4525b111222e29d2d5a7f8c420fdbf231ba5566a8ceac74fa960?s=96&d=mm&r=g\",\"url\":\"https:\\\/\\\/secure.gravatar.com\\\/avatar\\\/61d268e57d1f4525b111222e29d2d5a7f8c420fdbf231ba5566a8ceac74fa960?s=96&d=mm&r=g\",\"contentUrl\":\"https:\\\/\\\/secure.gravatar.com\\\/avatar\\\/61d268e57d1f4525b111222e29d2d5a7f8c420fdbf231ba5566a8ceac74fa960?s=96&d=mm&r=g\",\"caption\":\"Tibor atya\"},\"url\":\"https:\\\/\\\/stuttgarti-katolikusok.de\\\/index.php\\\/author\\\/tibor-atya\\\/\"}]}<\/script>\n<!-- \/ Yoast SEO plugin. -->","yoast_head_json":{"title":"Programel\u0151zetes december 24 \u00e9s janu\u00e1r 7 k\u00f6z\u00f6tt - Stuttgarti Katolikusok","robots":{"index":"index","follow":"follow","max-snippet":"max-snippet:-1","max-image-preview":"max-image-preview:large","max-video-preview":"max-video-preview:-1"},"canonical":"https:\/\/stuttgarti-katolikusok.de\/index.php\/programelozetes-december-24-es-januar-7-kozott\/","og_locale":"hu_HU","og_type":"article","og_title":"Programel\u0151zetes december 24 \u00e9s janu\u00e1r 7 k\u00f6z\u00f6tt - Stuttgarti Katolikusok","og_description":"Programel\u0151zetes December 24-\u00e9n, Kar\u00e1csony \u00fcnnepe, \u00a0 \u00a0 \u00a0 \u00a0 \u00a0 \u00a0Stuttgartban 19.00 \u00f3rakor Kar\u00e1csony-\u00e9jf\u00e9li szentmise. \u00a0 \u00a0 \u00a0 \u00a0 \u00a0 \u00a0Weingartenben 20.00 \u00f3rakor Kar\u00e1csony-\u00e9jf\u00e9li szentmise. * December 25-\u00e9n, \u00a0h\u00e9tf\u0151n, Kar\u00e1csony \u00fcnnepe, \u00a0 \u00a0 \u00a0 \u00a0 \u00a0 \u00a0Weingartenben 10.00 \u00f3rakor \u00fcnnepi nagymise. \u00a0 \u00a0 \u00a0 \u00a0 \u00a0 \u00a0Stuttgartban 12.00 \u00f3rakor \u00fcnnepi nagymise. \u00a0 \u00a0 \u00a0 \u00a0 \u00a0 \u00a0Ulmban 15.00 \u00f3rakor \u00fcnnepi nagymise. \u00a0 \u00a0 \u00a0 \u00a0 \u00a0 \u00a0Heilbronnban 15.30 \u00f3rakor \u00fcnnepi nagymise. * December 26-\u00e1n, kedden, Kar\u00e1csony 2. napja, \u00a0 \u00a0 \u00a0 \u00a0 \u00a0 \u00a0Biberachban\u00a0 8.45 \u00f3rakor szentmise. \u00a0 \u00a0 \u00a0 \u00a0 \u00a0 \u00a0Schw\u00e4bisch-Gm\u00fcndben\u00a0 9.30 \u00f3rakor szentmise. \u00a0 \u00a0 \u00a0 \u00a0 \u00a0 \u00a0Stuttgartban 12.00 \u00f3rakor szentmise. \u00a0 \u00a0 \u00a0 \u00a0 \u00a0 \u00a0Eislingenben 15.00 \u00f3rakor szentmise. * December 27-\u00e9n, szerd\u00e1n, Kar\u00e1csony 3. napja, \u00a0 \u00a0 \u00a0 \u00a0 \u00a0 \u00a0B\u00f6blingenben 9.30 \u00f3rakor szentmise. \u00a0 \u00a0 \u00a0 \u00a0 \u00a0 \u00a0Heidenheimban 10.00 \u00f3rakor szentmise. * December 31-\u00e9n, vas\u00e1rnap, Szilveszter este, Weingartenben 17.00 \u00f3rakor \u00e9vv\u00e9gi h\u00e1laad\u00f3 szentmise. Stuttgartban 18.00 \u00f3rakor \u00e9vv\u00e9gi h\u00e1laad\u00f3 szentmise. * Janu\u00e1r 6-\u00e1n, V\u00edzkereszt \u00fcnnepe, \u00a0 \u00a0 \u00a0 \u00a0 \u00a0 \u00a0Balingenben 17.00 \u00f3rakor szentmise, ut\u00e1na \u00e1g\u00e1p\u00e9. * Janu\u00e1r 7-\u00e9n, Urunk megkeresztelked\u00e9s\u00e9nek \u00fcnnepe, \u00a0 \u00a0 \u00a0 \u00a0 \u00a0 \u00a0Munderkingenben 9.00 \u00f3rakor szentmise. \u00a0 \u00a0 \u00a0 \u00a0 \u00a0 \u00a0Schw\u00e4bisch-Gm\u00fcndben 9.30 \u00f3rakor szentmise, keret\u00e9ben T\u00edm\u00e1r Kinga opera\u00e9nekesn\u0151 \u00e9s Kocsis Judit orgonista \u00faj\u00e9vi koncertje. Befejezt\u00e9vel \u00e1g\u00e1p\u00e9. \u00a0 \u00a0 \u00a0 \u00a0 \u00a0 \u00a0Stuttgartban 15.00 \u00f3rakor szentmise. Ut\u00e1na a K\u00f6z\u00f6ss\u00e9gi Teremben zar\u00e1ndok-tal\u00e1lkoz\u00f3 \u00e9s szer\u00e9ny \u00e1g\u00e1p\u00e9. Minden helyen mindenkit szeretettel v\u00e1r a k\u00f6z\u00f6ss\u00e9g, Imre atya \u00e9s Tibor atya! * Juh\u00e1sz Gyula Betlehemes \u00e9nek \u00d3, emberek, gondoljatok ma r\u00e1, Ki Betlehemben sz\u00fcletett ez este A j\u00e1szol alm\u00e1n, kis hajl\u00e9ktalan, Szel\u00edd barmok k\u00f6zt, kedves bambin\u00f3. \u00d3, emberek, gondoljatok ma r\u00e1: Hogy anyja az \u00dar szolg\u00e1l\u00f3 le\u00e1nya \u00c9s apja \u00e1cs volt, dolgoz\u00f3 szeg\u00e9ny, S az ist\u00e1ll\u00f3ban v\u00e1rt f\u00f6d\u00e9l re\u00e1juk. \u00d3, emberek, gondoljatok ma r\u00e1, A betlehemi kisded j\u00e1szol\u00e1ra, Amely f\u00f6l\u00f6tt nagyobb f\u00e9ny t\u00fcnd\u00f6k\u00f6lt,... R\u00e9szletek","og_url":"https:\/\/stuttgarti-katolikusok.de\/index.php\/programelozetes-december-24-es-januar-7-kozott\/","og_site_name":"Stuttgarti Katolikusok","article_published_time":"2017-12-23T13:09:04+00:00","article_modified_time":"2020-04-27T16:16:45+00:00","author":"Tibor atya","twitter_card":"summary_large_image","twitter_misc":{"Szerz\u0151:":"Tibor atya","Becs\u00fclt olvas\u00e1si id\u0151":"2 perc"},"schema":{"@context":"https:\/\/schema.org","@graph":[{"@type":"Article","@id":"https:\/\/stuttgarti-katolikusok.de\/index.php\/programelozetes-december-24-es-januar-7-kozott\/#article","isPartOf":{"@id":"https:\/\/stuttgarti-katolikusok.de\/index.php\/programelozetes-december-24-es-januar-7-kozott\/"},"author":{"name":"Tibor atya","@id":"https:\/\/stuttgarti-katolikusok.de\/#\/schema\/person\/75908d6f8fdc03a57889d27209df7795"},"headline":"Programel\u0151zetes december 24 \u00e9s janu\u00e1r 7 k\u00f6z\u00f6tt","datePublished":"2017-12-23T13:09:04+00:00","dateModified":"2020-04-27T16:16:45+00:00","mainEntityOfPage":{"@id":"https:\/\/stuttgarti-katolikusok.de\/index.php\/programelozetes-december-24-es-januar-7-kozott\/"},"wordCount":379,"articleSection":["Progamel\u0151zetes"],"inLanguage":"hu"},{"@type":"WebPage","@id":"https:\/\/stuttgarti-katolikusok.de\/index.php\/programelozetes-december-24-es-januar-7-kozott\/","url":"https:\/\/stuttgarti-katolikusok.de\/index.php\/programelozetes-december-24-es-januar-7-kozott\/","name":"Programel\u0151zetes december 24 \u00e9s janu\u00e1r 7 k\u00f6z\u00f6tt - Stuttgarti Katolikusok","isPartOf":{"@id":"https:\/\/stuttgarti-katolikusok.de\/#website"},"datePublished":"2017-12-23T13:09:04+00:00","dateModified":"2020-04-27T16:16:45+00:00","author":{"@id":"https:\/\/stuttgarti-katolikusok.de\/#\/schema\/person\/75908d6f8fdc03a57889d27209df7795"},"breadcrumb":{"@id":"https:\/\/stuttgarti-katolikusok.de\/index.php\/programelozetes-december-24-es-januar-7-kozott\/#breadcrumb"},"inLanguage":"hu","potentialAction":[{"@type":"ReadAction","target":["https:\/\/stuttgarti-katolikusok.de\/index.php\/programelozetes-december-24-es-januar-7-kozott\/"]}]},{"@type":"BreadcrumbList","@id":"https:\/\/stuttgarti-katolikusok.de\/index.php\/programelozetes-december-24-es-januar-7-kozott\/#breadcrumb","itemListElement":[{"@type":"ListItem","position":1,"name":"Kezd\u0151lap","item":"https:\/\/stuttgarti-katolikusok.de\/"},{"@type":"ListItem","position":2,"name":"Programel\u0151zetes december 24 \u00e9s janu\u00e1r 7 k\u00f6z\u00f6tt"}]},{"@type":"WebSite","@id":"https:\/\/stuttgarti-katolikusok.de\/#website","url":"https:\/\/stuttgarti-katolikusok.de\/","name":"Stuttgarti Katolikusok","description":"","potentialAction":[{"@type":"SearchAction","target":{"@type":"EntryPoint","urlTemplate":"https:\/\/stuttgarti-katolikusok.de\/?s={search_term_string}"},"query-input":{"@type":"PropertyValueSpecification","valueRequired":true,"valueName":"search_term_string"}}],"inLanguage":"hu"},{"@type":"Person","@id":"https:\/\/stuttgarti-katolikusok.de\/#\/schema\/person\/75908d6f8fdc03a57889d27209df7795","name":"Tibor atya","image":{"@type":"ImageObject","inLanguage":"hu","@id":"https:\/\/secure.gravatar.com\/avatar\/61d268e57d1f4525b111222e29d2d5a7f8c420fdbf231ba5566a8ceac74fa960?s=96&d=mm&r=g","url":"https:\/\/secure.gravatar.com\/avatar\/61d268e57d1f4525b111222e29d2d5a7f8c420fdbf231ba5566a8ceac74fa960?s=96&d=mm&r=g","contentUrl":"https:\/\/secure.gravatar.com\/avatar\/61d268e57d1f4525b111222e29d2d5a7f8c420fdbf231ba5566a8ceac74fa960?s=96&d=mm&r=g","caption":"Tibor atya"},"url":"https:\/\/stuttgarti-katolikusok.de\/index.php\/author\/tibor-atya\/"}]}},"_links":{"self":[{"href":"https:\/\/stuttgarti-katolikusok.de\/index.php\/wp-json\/wp\/v2\/posts\/13307","targetHints":{"allow":["GET"]}}],"collection":[{"href":"https:\/\/stuttgarti-katolikusok.de\/index.php\/wp-json\/wp\/v2\/posts"}],"about":[{"href":"https:\/\/stuttgarti-katolikusok.de\/index.php\/wp-json\/wp\/v2\/types\/post"}],"author":[{"embeddable":true,"href":"https:\/\/stuttgarti-katolikusok.de\/index.php\/wp-json\/wp\/v2\/users\/3"}],"replies":[{"embeddable":true,"href":"https:\/\/stuttgarti-katolikusok.de\/index.php\/wp-json\/wp\/v2\/comments?post=13307"}],"version-history":[{"count":4,"href":"https:\/\/stuttgarti-katolikusok.de\/index.php\/wp-json\/wp\/v2\/posts\/13307\/revisions"}],"predecessor-version":[{"id":13314,"href":"https:\/\/stuttgarti-katolikusok.de\/index.php\/wp-json\/wp\/v2\/posts\/13307\/revisions\/13314"}],"wp:attachment":[{"href":"https:\/\/stuttgarti-katolikusok.de\/index.php\/wp-json\/wp\/v2\/media?parent=13307"}],"wp:term":[{"taxonomy":"category","embeddable":true,"href":"https:\/\/stuttgarti-katolikusok.de\/index.php\/wp-json\/wp\/v2\/categories?post=13307"},{"taxonomy":"post_tag","embeddable":true,"href":"https:\/\/stuttgarti-katolikusok.de\/index.php\/wp-json\/wp\/v2\/tags?post=13307"}],"curies":[{"name":"wp","href":"https:\/\/api.w.org\/{rel}","templated":true}]}}