{"id":13303,"date":"2017-12-21T07:35:12","date_gmt":"2017-12-21T07:35:12","guid":{"rendered":"https:\/\/gracious-dewdney.138-201-221-2.plesk.page\/?p=13303"},"modified":"2017-12-21T07:35:43","modified_gmt":"2017-12-21T07:35:43","slug":"benedek-anniko-karacsonyra-keszulodve","status":"publish","type":"post","link":"https:\/\/stuttgarti-katolikusok.de\/index.php\/benedek-anniko-karacsonyra-keszulodve\/","title":{"rendered":"Benedek Annik\u00f3: Kar\u00e1csonyra k\u00e9sz\u00fcl\u0151dve&#8230;"},"content":{"rendered":"<p><strong>Kar\u00e1csonyra k\u00e9sz\u00fcl\u0151dve\u2026<\/strong><\/p>\n<p>Messze idegenben mindannyian keres\u00fcnk egy olyan k\u00f6z\u00f6ss\u00e9get, ahol j\u00f3l \u00e9rezz\u00fck magunkat, ahol hit\u00fcnket, szok\u00e1sainkat \u00e9s anyanyelv\u00fcnket gyakorolni \u00e9s meg\u00e9lni tudjuk.<\/p>\n<p>Otthon, a csal\u00e1dban a kar\u00e1csonyfa d\u00edsz\u00edt\u00e9se volt az egyik legszebb szok\u00e1s, amit egy\u00fctt v\u00e9gzett \u00a0a csal\u00e1d.<\/p>\n<p>Igy t\u00f6rt\u00e9nt ez az id\u00e9n a stuttgarti \u201ecsal\u00e1dunkban\u201c is, mert az egyh\u00e1zk\u00f6zs\u00e9g olyan sz\u00e1munkra, mint egy nagy csal\u00e1d&#8230;<\/p>\n<p>A Bibliak\u00f6r \u00e9s a Sportklub tagjai december 15-\u00e9n el\u0151sz\u00f6r a templomi kar\u00e1csonyf\u00e1t d\u00edsz\u00edtett\u00e9k fel, majd egy\u00fctt t\u00f6lt\u00f6ttek egy nagyon sz\u00e9p \u00e9s nagyon kellemes est\u00e9t. Schultheis \u00c9va egy tartalmas programot \u00e1ll\u00edtott \u00f6ssze. Keret\u00e9ben a jelenl\u00e9v\u0151k adventi verseket \u00e9s t\u00f6rt\u00e9neteket olvastak fel, k\u00f6zben-k\u00f6zben pedig adventi \u00e9s kar\u00e1csonyi \u00e9nekeket \u00e9nekeltek.<\/p>\n<p>Ut\u00e1na a f\u00e9rfiak gondoskodtak\u00a0\u00a0a k\u00fcl\u00f6nb\u00f6z\u0151 szomjolt\u00f3kr\u00f3l, a h\u00e1ziasszonyok pedig a jobbn\u00e1l-jobb harapnival\u00f3kr\u00f3l&#8230;<\/p>\n<p>Az egy\u00fctt t\u00f6lt\u00f6tt id\u0151, a tartalmas besz\u00e9lget\u00e9sek, a pingpongoz\u00e1s, olyan volt mind r\u00e9gen: csal\u00e1dias, kellemes, vid\u00e1m, er\u0151t ad\u00f3 az elk\u00f6vetkez\u0151 napokra&#8230;<\/p>\n<p>H\u00e1l\u00e1s k\u00f6sz\u00f6net a szervez\u0151knek, az ott lev\u0151knek.<\/p>\n<p>Tov\u00e1bbi szeretetben \u00e9s b\u00e9kess\u00e9gben \u00e1ldott adventi id\u0151szakot!<\/p>\n<p><em>Benedek Annik\u00f3<\/em><\/p>\n<p><em>Stuttgart, 18.12.2017<\/em><\/p>\n<p><em>\u00a0<\/em><\/p>\n<p><em>PS: Fogadjatok szeretettel egy p\u00e1r k\u00e9pet Horv\u00e1th Dian\u00e1t\u00f3l<\/em><\/p>\n","protected":false},"excerpt":{"rendered":"<p>Kar\u00e1csonyra k\u00e9sz\u00fcl\u0151dve\u2026 Messze idegenben mindannyian keres\u00fcnk egy olyan k\u00f6z\u00f6ss\u00e9get, ahol j\u00f3l \u00e9rezz\u00fck magunkat, ahol hit\u00fcnket, szok\u00e1sainkat \u00e9s anyanyelv\u00fcnket gyakorolni \u00e9s meg\u00e9lni tudjuk. Otthon, a csal\u00e1dban a kar\u00e1csonyfa d\u00edsz\u00edt\u00e9se volt az egyik legszebb szok\u00e1s, amit egy\u00fctt v\u00e9gzett \u00a0a csal\u00e1d. Igy t\u00f6rt\u00e9nt ez az id\u00e9n a stuttgarti \u201ecsal\u00e1dunkban\u201c is, mert az egyh\u00e1zk\u00f6zs\u00e9g olyan sz\u00e1munkra, mint egy nagy csal\u00e1d&#8230; A Bibliak\u00f6r \u00e9s a Sportklub tagjai december 15-\u00e9n el\u0151sz\u00f6r a templomi kar\u00e1csonyf\u00e1t d\u00edsz\u00edtett\u00e9k fel, majd egy\u00fctt t\u00f6lt\u00f6ttek egy nagyon sz\u00e9p \u00e9s nagyon kellemes est\u00e9t. Schultheis \u00c9va egy tartalmas programot \u00e1ll\u00edtott \u00f6ssze. Keret\u00e9ben a jelenl\u00e9v\u0151k adventi verseket \u00e9s t\u00f6rt\u00e9neteket olvastak fel, k\u00f6zben-k\u00f6zben pedig adventi \u00e9s kar\u00e1csonyi \u00e9nekeket \u00e9nekeltek. Ut\u00e1na a f\u00e9rfiak gondoskodtak\u00a0\u00a0a k\u00fcl\u00f6nb\u00f6z\u0151 szomjolt\u00f3kr\u00f3l, a h\u00e1ziasszonyok pedig a jobbn\u00e1l-jobb harapnival\u00f3kr\u00f3l&#8230; Az egy\u00fctt t\u00f6lt\u00f6tt id\u0151, a tartalmas besz\u00e9lget\u00e9sek, a pingpongoz\u00e1s, olyan volt mind r\u00e9gen: csal\u00e1dias, kellemes, vid\u00e1m, er\u0151t ad\u00f3 az elk\u00f6vetkez\u0151 napokra&#8230; H\u00e1l\u00e1s k\u00f6sz\u00f6net a szervez\u0151knek, az ott lev\u0151knek. Tov\u00e1bbi szeretetben \u00e9s b\u00e9kess\u00e9gben \u00e1ldott adventi id\u0151szakot! Benedek Annik\u00f3 Stuttgart, 18.12.2017 \u00a0 PS: Fogadjatok szeretettel egy p\u00e1r k\u00e9pet Horv\u00e1th Dian\u00e1t\u00f3l<\/p>\n","protected":false},"author":3,"featured_media":0,"comment_status":"closed","ping_status":"closed","sticky":false,"template":"","format":"standard","meta":{"footnotes":""},"categories":[28],"tags":[],"class_list":["post-13303","post","type-post","status-publish","format-standard","hentry","category-olvasoink-irjak"],"yoast_head":"<!-- This site is optimized with the Yoast SEO plugin v27.3 - https:\/\/yoast.com\/product\/yoast-seo-wordpress\/ -->\n<title>Benedek Annik\u00f3: Kar\u00e1csonyra k\u00e9sz\u00fcl\u0151dve... - Stuttgarti Katolikusok<\/title>\n<meta name=\"robots\" content=\"index, follow, max-snippet:-1, max-image-preview:large, max-video-preview:-1\" \/>\n<link rel=\"canonical\" href=\"https:\/\/stuttgarti-katolikusok.de\/index.php\/benedek-anniko-karacsonyra-keszulodve\/\" \/>\n<meta property=\"og:locale\" content=\"hu_HU\" \/>\n<meta property=\"og:type\" content=\"article\" \/>\n<meta property=\"og:title\" content=\"Benedek Annik\u00f3: Kar\u00e1csonyra k\u00e9sz\u00fcl\u0151dve... - Stuttgarti Katolikusok\" \/>\n<meta property=\"og:description\" content=\"Kar\u00e1csonyra k\u00e9sz\u00fcl\u0151dve\u2026 Messze idegenben mindannyian keres\u00fcnk egy olyan k\u00f6z\u00f6ss\u00e9get, ahol j\u00f3l \u00e9rezz\u00fck magunkat, ahol hit\u00fcnket, szok\u00e1sainkat \u00e9s anyanyelv\u00fcnket gyakorolni \u00e9s meg\u00e9lni tudjuk. Otthon, a csal\u00e1dban a kar\u00e1csonyfa d\u00edsz\u00edt\u00e9se volt az egyik legszebb szok\u00e1s, amit egy\u00fctt v\u00e9gzett \u00a0a csal\u00e1d. Igy t\u00f6rt\u00e9nt ez az id\u00e9n a stuttgarti \u201ecsal\u00e1dunkban\u201c is, mert az egyh\u00e1zk\u00f6zs\u00e9g olyan sz\u00e1munkra, mint egy nagy csal\u00e1d&#8230; A Bibliak\u00f6r \u00e9s a Sportklub tagjai december 15-\u00e9n el\u0151sz\u00f6r a templomi kar\u00e1csonyf\u00e1t d\u00edsz\u00edtett\u00e9k fel, majd egy\u00fctt t\u00f6lt\u00f6ttek egy nagyon sz\u00e9p \u00e9s nagyon kellemes est\u00e9t. Schultheis \u00c9va egy tartalmas programot \u00e1ll\u00edtott \u00f6ssze. Keret\u00e9ben a jelenl\u00e9v\u0151k adventi verseket \u00e9s t\u00f6rt\u00e9neteket olvastak fel, k\u00f6zben-k\u00f6zben pedig adventi \u00e9s kar\u00e1csonyi \u00e9nekeket \u00e9nekeltek. Ut\u00e1na a f\u00e9rfiak gondoskodtak\u00a0\u00a0a k\u00fcl\u00f6nb\u00f6z\u0151 szomjolt\u00f3kr\u00f3l, a h\u00e1ziasszonyok pedig a jobbn\u00e1l-jobb harapnival\u00f3kr\u00f3l&#8230; Az egy\u00fctt t\u00f6lt\u00f6tt id\u0151, a tartalmas besz\u00e9lget\u00e9sek, a pingpongoz\u00e1s, olyan volt mind r\u00e9gen: csal\u00e1dias, kellemes, vid\u00e1m, er\u0151t ad\u00f3 az elk\u00f6vetkez\u0151 napokra&#8230; H\u00e1l\u00e1s k\u00f6sz\u00f6net a szervez\u0151knek, az ott lev\u0151knek. Tov\u00e1bbi szeretetben \u00e9s b\u00e9kess\u00e9gben \u00e1ldott adventi id\u0151szakot! Benedek Annik\u00f3 Stuttgart, 18.12.2017 \u00a0 PS: Fogadjatok szeretettel egy p\u00e1r k\u00e9pet Horv\u00e1th Dian\u00e1t\u00f3l\" \/>\n<meta property=\"og:url\" content=\"https:\/\/stuttgarti-katolikusok.de\/index.php\/benedek-anniko-karacsonyra-keszulodve\/\" \/>\n<meta property=\"og:site_name\" content=\"Stuttgarti Katolikusok\" \/>\n<meta property=\"article:published_time\" content=\"2017-12-21T07:35:12+00:00\" \/>\n<meta property=\"article:modified_time\" content=\"2017-12-21T07:35:43+00:00\" \/>\n<meta name=\"author\" content=\"Tibor atya\" \/>\n<meta name=\"twitter:card\" content=\"summary_large_image\" \/>\n<meta name=\"twitter:label1\" content=\"Szerz\u0151:\" \/>\n\t<meta name=\"twitter:data1\" content=\"Tibor atya\" \/>\n\t<meta name=\"twitter:label2\" content=\"Becs\u00fclt olvas\u00e1si id\u0151\" \/>\n\t<meta name=\"twitter:data2\" content=\"1 perc\" \/>\n<script type=\"application\/ld+json\" class=\"yoast-schema-graph\">{\"@context\":\"https:\\\/\\\/schema.org\",\"@graph\":[{\"@type\":\"Article\",\"@id\":\"https:\\\/\\\/stuttgarti-katolikusok.de\\\/index.php\\\/benedek-anniko-karacsonyra-keszulodve\\\/#article\",\"isPartOf\":{\"@id\":\"https:\\\/\\\/stuttgarti-katolikusok.de\\\/index.php\\\/benedek-anniko-karacsonyra-keszulodve\\\/\"},\"author\":{\"name\":\"Tibor atya\",\"@id\":\"https:\\\/\\\/stuttgarti-katolikusok.de\\\/#\\\/schema\\\/person\\\/75908d6f8fdc03a57889d27209df7795\"},\"headline\":\"Benedek Annik\u00f3: Kar\u00e1csonyra k\u00e9sz\u00fcl\u0151dve&#8230;\",\"datePublished\":\"2017-12-21T07:35:12+00:00\",\"dateModified\":\"2017-12-21T07:35:43+00:00\",\"mainEntityOfPage\":{\"@id\":\"https:\\\/\\\/stuttgarti-katolikusok.de\\\/index.php\\\/benedek-anniko-karacsonyra-keszulodve\\\/\"},\"wordCount\":262,\"articleSection\":[\"Olvas\u00f3ink \u00edrj\u00e1k\"],\"inLanguage\":\"hu\"},{\"@type\":\"WebPage\",\"@id\":\"https:\\\/\\\/stuttgarti-katolikusok.de\\\/index.php\\\/benedek-anniko-karacsonyra-keszulodve\\\/\",\"url\":\"https:\\\/\\\/stuttgarti-katolikusok.de\\\/index.php\\\/benedek-anniko-karacsonyra-keszulodve\\\/\",\"name\":\"Benedek Annik\u00f3: Kar\u00e1csonyra k\u00e9sz\u00fcl\u0151dve... - Stuttgarti Katolikusok\",\"isPartOf\":{\"@id\":\"https:\\\/\\\/stuttgarti-katolikusok.de\\\/#website\"},\"datePublished\":\"2017-12-21T07:35:12+00:00\",\"dateModified\":\"2017-12-21T07:35:43+00:00\",\"author\":{\"@id\":\"https:\\\/\\\/stuttgarti-katolikusok.de\\\/#\\\/schema\\\/person\\\/75908d6f8fdc03a57889d27209df7795\"},\"breadcrumb\":{\"@id\":\"https:\\\/\\\/stuttgarti-katolikusok.de\\\/index.php\\\/benedek-anniko-karacsonyra-keszulodve\\\/#breadcrumb\"},\"inLanguage\":\"hu\",\"potentialAction\":[{\"@type\":\"ReadAction\",\"target\":[\"https:\\\/\\\/stuttgarti-katolikusok.de\\\/index.php\\\/benedek-anniko-karacsonyra-keszulodve\\\/\"]}]},{\"@type\":\"BreadcrumbList\",\"@id\":\"https:\\\/\\\/stuttgarti-katolikusok.de\\\/index.php\\\/benedek-anniko-karacsonyra-keszulodve\\\/#breadcrumb\",\"itemListElement\":[{\"@type\":\"ListItem\",\"position\":1,\"name\":\"Kezd\u0151lap\",\"item\":\"https:\\\/\\\/stuttgarti-katolikusok.de\\\/\"},{\"@type\":\"ListItem\",\"position\":2,\"name\":\"Benedek Annik\u00f3: Kar\u00e1csonyra k\u00e9sz\u00fcl\u0151dve&#8230;\"}]},{\"@type\":\"WebSite\",\"@id\":\"https:\\\/\\\/stuttgarti-katolikusok.de\\\/#website\",\"url\":\"https:\\\/\\\/stuttgarti-katolikusok.de\\\/\",\"name\":\"Stuttgarti Katolikusok\",\"description\":\"\",\"potentialAction\":[{\"@type\":\"SearchAction\",\"target\":{\"@type\":\"EntryPoint\",\"urlTemplate\":\"https:\\\/\\\/stuttgarti-katolikusok.de\\\/?s={search_term_string}\"},\"query-input\":{\"@type\":\"PropertyValueSpecification\",\"valueRequired\":true,\"valueName\":\"search_term_string\"}}],\"inLanguage\":\"hu\"},{\"@type\":\"Person\",\"@id\":\"https:\\\/\\\/stuttgarti-katolikusok.de\\\/#\\\/schema\\\/person\\\/75908d6f8fdc03a57889d27209df7795\",\"name\":\"Tibor atya\",\"image\":{\"@type\":\"ImageObject\",\"inLanguage\":\"hu\",\"@id\":\"https:\\\/\\\/secure.gravatar.com\\\/avatar\\\/61d268e57d1f4525b111222e29d2d5a7f8c420fdbf231ba5566a8ceac74fa960?s=96&d=mm&r=g\",\"url\":\"https:\\\/\\\/secure.gravatar.com\\\/avatar\\\/61d268e57d1f4525b111222e29d2d5a7f8c420fdbf231ba5566a8ceac74fa960?s=96&d=mm&r=g\",\"contentUrl\":\"https:\\\/\\\/secure.gravatar.com\\\/avatar\\\/61d268e57d1f4525b111222e29d2d5a7f8c420fdbf231ba5566a8ceac74fa960?s=96&d=mm&r=g\",\"caption\":\"Tibor atya\"},\"url\":\"https:\\\/\\\/stuttgarti-katolikusok.de\\\/index.php\\\/author\\\/tibor-atya\\\/\"}]}<\/script>\n<!-- \/ Yoast SEO plugin. -->","yoast_head_json":{"title":"Benedek Annik\u00f3: Kar\u00e1csonyra k\u00e9sz\u00fcl\u0151dve... - Stuttgarti Katolikusok","robots":{"index":"index","follow":"follow","max-snippet":"max-snippet:-1","max-image-preview":"max-image-preview:large","max-video-preview":"max-video-preview:-1"},"canonical":"https:\/\/stuttgarti-katolikusok.de\/index.php\/benedek-anniko-karacsonyra-keszulodve\/","og_locale":"hu_HU","og_type":"article","og_title":"Benedek Annik\u00f3: Kar\u00e1csonyra k\u00e9sz\u00fcl\u0151dve... - Stuttgarti Katolikusok","og_description":"Kar\u00e1csonyra k\u00e9sz\u00fcl\u0151dve\u2026 Messze idegenben mindannyian keres\u00fcnk egy olyan k\u00f6z\u00f6ss\u00e9get, ahol j\u00f3l \u00e9rezz\u00fck magunkat, ahol hit\u00fcnket, szok\u00e1sainkat \u00e9s anyanyelv\u00fcnket gyakorolni \u00e9s meg\u00e9lni tudjuk. Otthon, a csal\u00e1dban a kar\u00e1csonyfa d\u00edsz\u00edt\u00e9se volt az egyik legszebb szok\u00e1s, amit egy\u00fctt v\u00e9gzett \u00a0a csal\u00e1d. Igy t\u00f6rt\u00e9nt ez az id\u00e9n a stuttgarti \u201ecsal\u00e1dunkban\u201c is, mert az egyh\u00e1zk\u00f6zs\u00e9g olyan sz\u00e1munkra, mint egy nagy csal\u00e1d&#8230; A Bibliak\u00f6r \u00e9s a Sportklub tagjai december 15-\u00e9n el\u0151sz\u00f6r a templomi kar\u00e1csonyf\u00e1t d\u00edsz\u00edtett\u00e9k fel, majd egy\u00fctt t\u00f6lt\u00f6ttek egy nagyon sz\u00e9p \u00e9s nagyon kellemes est\u00e9t. Schultheis \u00c9va egy tartalmas programot \u00e1ll\u00edtott \u00f6ssze. Keret\u00e9ben a jelenl\u00e9v\u0151k adventi verseket \u00e9s t\u00f6rt\u00e9neteket olvastak fel, k\u00f6zben-k\u00f6zben pedig adventi \u00e9s kar\u00e1csonyi \u00e9nekeket \u00e9nekeltek. Ut\u00e1na a f\u00e9rfiak gondoskodtak\u00a0\u00a0a k\u00fcl\u00f6nb\u00f6z\u0151 szomjolt\u00f3kr\u00f3l, a h\u00e1ziasszonyok pedig a jobbn\u00e1l-jobb harapnival\u00f3kr\u00f3l&#8230; Az egy\u00fctt t\u00f6lt\u00f6tt id\u0151, a tartalmas besz\u00e9lget\u00e9sek, a pingpongoz\u00e1s, olyan volt mind r\u00e9gen: csal\u00e1dias, kellemes, vid\u00e1m, er\u0151t ad\u00f3 az elk\u00f6vetkez\u0151 napokra&#8230; H\u00e1l\u00e1s k\u00f6sz\u00f6net a szervez\u0151knek, az ott lev\u0151knek. Tov\u00e1bbi szeretetben \u00e9s b\u00e9kess\u00e9gben \u00e1ldott adventi id\u0151szakot! Benedek Annik\u00f3 Stuttgart, 18.12.2017 \u00a0 PS: Fogadjatok szeretettel egy p\u00e1r k\u00e9pet Horv\u00e1th Dian\u00e1t\u00f3l","og_url":"https:\/\/stuttgarti-katolikusok.de\/index.php\/benedek-anniko-karacsonyra-keszulodve\/","og_site_name":"Stuttgarti Katolikusok","article_published_time":"2017-12-21T07:35:12+00:00","article_modified_time":"2017-12-21T07:35:43+00:00","author":"Tibor atya","twitter_card":"summary_large_image","twitter_misc":{"Szerz\u0151:":"Tibor atya","Becs\u00fclt olvas\u00e1si id\u0151":"1 perc"},"schema":{"@context":"https:\/\/schema.org","@graph":[{"@type":"Article","@id":"https:\/\/stuttgarti-katolikusok.de\/index.php\/benedek-anniko-karacsonyra-keszulodve\/#article","isPartOf":{"@id":"https:\/\/stuttgarti-katolikusok.de\/index.php\/benedek-anniko-karacsonyra-keszulodve\/"},"author":{"name":"Tibor atya","@id":"https:\/\/stuttgarti-katolikusok.de\/#\/schema\/person\/75908d6f8fdc03a57889d27209df7795"},"headline":"Benedek Annik\u00f3: Kar\u00e1csonyra k\u00e9sz\u00fcl\u0151dve&#8230;","datePublished":"2017-12-21T07:35:12+00:00","dateModified":"2017-12-21T07:35:43+00:00","mainEntityOfPage":{"@id":"https:\/\/stuttgarti-katolikusok.de\/index.php\/benedek-anniko-karacsonyra-keszulodve\/"},"wordCount":262,"articleSection":["Olvas\u00f3ink \u00edrj\u00e1k"],"inLanguage":"hu"},{"@type":"WebPage","@id":"https:\/\/stuttgarti-katolikusok.de\/index.php\/benedek-anniko-karacsonyra-keszulodve\/","url":"https:\/\/stuttgarti-katolikusok.de\/index.php\/benedek-anniko-karacsonyra-keszulodve\/","name":"Benedek Annik\u00f3: Kar\u00e1csonyra k\u00e9sz\u00fcl\u0151dve... - Stuttgarti Katolikusok","isPartOf":{"@id":"https:\/\/stuttgarti-katolikusok.de\/#website"},"datePublished":"2017-12-21T07:35:12+00:00","dateModified":"2017-12-21T07:35:43+00:00","author":{"@id":"https:\/\/stuttgarti-katolikusok.de\/#\/schema\/person\/75908d6f8fdc03a57889d27209df7795"},"breadcrumb":{"@id":"https:\/\/stuttgarti-katolikusok.de\/index.php\/benedek-anniko-karacsonyra-keszulodve\/#breadcrumb"},"inLanguage":"hu","potentialAction":[{"@type":"ReadAction","target":["https:\/\/stuttgarti-katolikusok.de\/index.php\/benedek-anniko-karacsonyra-keszulodve\/"]}]},{"@type":"BreadcrumbList","@id":"https:\/\/stuttgarti-katolikusok.de\/index.php\/benedek-anniko-karacsonyra-keszulodve\/#breadcrumb","itemListElement":[{"@type":"ListItem","position":1,"name":"Kezd\u0151lap","item":"https:\/\/stuttgarti-katolikusok.de\/"},{"@type":"ListItem","position":2,"name":"Benedek Annik\u00f3: Kar\u00e1csonyra k\u00e9sz\u00fcl\u0151dve&#8230;"}]},{"@type":"WebSite","@id":"https:\/\/stuttgarti-katolikusok.de\/#website","url":"https:\/\/stuttgarti-katolikusok.de\/","name":"Stuttgarti Katolikusok","description":"","potentialAction":[{"@type":"SearchAction","target":{"@type":"EntryPoint","urlTemplate":"https:\/\/stuttgarti-katolikusok.de\/?s={search_term_string}"},"query-input":{"@type":"PropertyValueSpecification","valueRequired":true,"valueName":"search_term_string"}}],"inLanguage":"hu"},{"@type":"Person","@id":"https:\/\/stuttgarti-katolikusok.de\/#\/schema\/person\/75908d6f8fdc03a57889d27209df7795","name":"Tibor atya","image":{"@type":"ImageObject","inLanguage":"hu","@id":"https:\/\/secure.gravatar.com\/avatar\/61d268e57d1f4525b111222e29d2d5a7f8c420fdbf231ba5566a8ceac74fa960?s=96&d=mm&r=g","url":"https:\/\/secure.gravatar.com\/avatar\/61d268e57d1f4525b111222e29d2d5a7f8c420fdbf231ba5566a8ceac74fa960?s=96&d=mm&r=g","contentUrl":"https:\/\/secure.gravatar.com\/avatar\/61d268e57d1f4525b111222e29d2d5a7f8c420fdbf231ba5566a8ceac74fa960?s=96&d=mm&r=g","caption":"Tibor atya"},"url":"https:\/\/stuttgarti-katolikusok.de\/index.php\/author\/tibor-atya\/"}]}},"_links":{"self":[{"href":"https:\/\/stuttgarti-katolikusok.de\/index.php\/wp-json\/wp\/v2\/posts\/13303","targetHints":{"allow":["GET"]}}],"collection":[{"href":"https:\/\/stuttgarti-katolikusok.de\/index.php\/wp-json\/wp\/v2\/posts"}],"about":[{"href":"https:\/\/stuttgarti-katolikusok.de\/index.php\/wp-json\/wp\/v2\/types\/post"}],"author":[{"embeddable":true,"href":"https:\/\/stuttgarti-katolikusok.de\/index.php\/wp-json\/wp\/v2\/users\/3"}],"replies":[{"embeddable":true,"href":"https:\/\/stuttgarti-katolikusok.de\/index.php\/wp-json\/wp\/v2\/comments?post=13303"}],"version-history":[{"count":3,"href":"https:\/\/stuttgarti-katolikusok.de\/index.php\/wp-json\/wp\/v2\/posts\/13303\/revisions"}],"predecessor-version":[{"id":13311,"href":"https:\/\/stuttgarti-katolikusok.de\/index.php\/wp-json\/wp\/v2\/posts\/13303\/revisions\/13311"}],"wp:attachment":[{"href":"https:\/\/stuttgarti-katolikusok.de\/index.php\/wp-json\/wp\/v2\/media?parent=13303"}],"wp:term":[{"taxonomy":"category","embeddable":true,"href":"https:\/\/stuttgarti-katolikusok.de\/index.php\/wp-json\/wp\/v2\/categories?post=13303"},{"taxonomy":"post_tag","embeddable":true,"href":"https:\/\/stuttgarti-katolikusok.de\/index.php\/wp-json\/wp\/v2\/tags?post=13303"}],"curies":[{"name":"wp","href":"https:\/\/api.w.org\/{rel}","templated":true}]}}