{"id":13261,"date":"2017-12-18T15:47:57","date_gmt":"2017-12-18T15:47:57","guid":{"rendered":"https:\/\/gracious-dewdney.138-201-221-2.plesk.page\/?p=13261"},"modified":"2017-12-18T15:54:32","modified_gmt":"2017-12-18T15:54:32","slug":"benedek-anniko-noemi-adni-jo","status":"publish","type":"post","link":"https:\/\/stuttgarti-katolikusok.de\/index.php\/benedek-anniko-noemi-adni-jo\/","title":{"rendered":"Benedek Annik\u00f3 No\u00e9mi: Adni j\u00f3&#8230;"},"content":{"rendered":"<p><strong>Adni j\u00f3&#8230;<\/strong><\/p>\n<p>Azt hiszem, mindenkinek felt\u0171nt m\u00e1r Stuttgartban vagy azokban a nagyobb v\u00e1rosokban, amelyekben az ut\u00f3bbi id\u0151ben megfordult, hogy sajnos napr\u00f3l-napra n\u0151 a szeg\u00e9nyek sz\u00e1ma, k\u00f6zt\u00fck sokan v\u00e1lnak hajl\u00e9ktalann\u00e1. Hirtelen \u00a0betegs\u00e9g, k\u00f3r, szem\u00e9lyi trag\u00e9dia k\u00f6vetkezt\u00e9ben napr\u00f3l-napra k\u00fczdenek a hossz\u00fa t\u00e1v\u00fa munkan\u00e9lk\u00fclis\u00e9ggel, a munkav\u00e9gz\u00e9si k\u00e9pess\u00e9gek besz\u0171k\u00fcl\u00e9s\u00e9v\u00e9l, a t\u00falzott alkoholfogyaszt\u00e1ssal, a lak\u00e1s elveszt\u00e9s\u00e9vel&#8230;<\/p>\n<p>A Stuttgarti Caritas \u00e9ppen ezeken az embereken akar seg\u00edteni. Szolg\u00e1ltat\u00e1sa nem csak abban \u00e1ll, hogy a r\u00e1szorultaknak tiszt\u00e1lkod\u00e1si lehet\u0151s\u00e9get biztos\u00edt, ruh\u00e1kat oszt ki, reggelit \u00e9s eb\u00e9det ny\u00fajt, hanem a r\u00e1szorul\u00f3k mindenf\u00e9le szoci\u00e1lis k\u00e9rd\u00e9sben fordulhatnak hozz\u00e1.<\/p>\n<p>A hajl\u00e9ktalanok k\u00f6z\u00f6tt sokan vannak magyarok, rom\u00e1nok \u00e9s m\u00e1s EU tag \u00e1llampolg\u00e1rai, akik sok rem\u00e9nnyel \u00e9s jobb \u00e9letre v\u00e1gyva, \u00faj otthont keresnek Stuttgartban. Sajnos nem mindig j\u00f6n be nekik a tervezett v\u00e1ltoz\u00e1s&#8230; Sorsuk nem egyszer az utc\u00e1n v\u00e9gz\u0151dik\u2026<\/p>\n<p>Ez\u00e9rt Imre atya novemberben ruhagy\u0171jt\u00e9st hirdetett, a stuttgarti r\u00e1szorul\u00f3k r\u00e9sz\u00e9re. Nagyon meg\u00f6rvendtem ennek az <em>\u201eakci\u00f3nak\u201c,<\/em> mert \u00edgy \u2013 az Egyh\u00e1zk\u00f6zs\u00e9g keret\u00e9ben is \u2013 val\u00f3di lehet\u0151s\u00e9g\u00fcnk ad\u00f3dott a t\u00e9nyleg bajba jutott emberekkel j\u00f3t tenni. \u00c9s adni \u2013 az \u00dar J\u00e9zus szavai szerint is \u2013 mindig j\u00f3!<\/p>\n<p>Ugyanakkor n\u00f6veli a r\u00e1szorul\u00f3k es\u00e9lyeit arra, hogy emberhez m\u00e9lt\u00f3an tudjanak \u00e9lni. A t\u00e9l bek\u00f6vetkezt\u00e9vel\u00a0 ugyanis a mindennapi neh\u00e9zs\u00e9geken k\u00edv\u00fcl (ev\u00e9s-iv\u00e1s, tiszt\u00e1lkod\u00e1s), a hideggel is meg kell k\u00fczdeni\u00fck. Ez\u00e9rt els\u0151sorban takar\u00f3kat \u00e9s meleg ruh\u00e1kat gy\u0171jt\u00f6tt\u00fcnk&#8230;<\/p>\n<p>Boldogan jelentem, hogy a gy\u00fcjt\u00e9s v\u00e9g\u00e9n egy kiskocsira val\u00f3 ruhanem\u0171 gy\u00fclt \u00f6ssze!<\/p>\n<p>El\u0151sz\u00f6r is szeretn\u00e9m megk\u00f6sz\u00f6nni mindazoknak akik\u00a0 adom\u00e1nyoztak, \u00e9s \u00edgy a r\u00e1szorultaknak \u00f6r\u00f6met szereztek, valamint a Caritas munkat\u00e1rsainak egy kicsit megk\u00f6nny\u00edtett\u00e9k a munk\u00e1jukat.<\/p>\n<p>A J\u00f3isten fizesse meg mindannyi\u00f3toknak a j\u00f3sz\u00edv\u0171 seg\u00edts\u00e9g\u00e9t!<\/p>\n<p>M\u00e1sodszor pedig k\u00edv\u00e1nok mindannyi\u00f3toknak \u00e9s csal\u00e1djaitoknak \u00e1ldott b\u00e9k\u00e9s kar\u00e1csonyi \u00fcnnepeket, \u00f6r\u00f6mteljes boldog \u00faj \u00e9vet!<\/p>\n<p><em>Benedek Annik\u00f3 No\u00e9mi<br \/>\n<\/em><\/p>\n<p><em>Egyh\u00e1ztan\u00e1csos, a Stuttgarti Caritas munkat\u00e1rsa <\/em><\/p>\n","protected":false},"excerpt":{"rendered":"<p>Adni j\u00f3&#8230; Azt hiszem, mindenkinek felt\u0171nt m\u00e1r Stuttgartban vagy azokban a nagyobb v\u00e1rosokban, amelyekben az ut\u00f3bbi id\u0151ben megfordult, hogy sajnos napr\u00f3l-napra n\u0151 a szeg\u00e9nyek sz\u00e1ma, k\u00f6zt\u00fck sokan v\u00e1lnak hajl\u00e9ktalann\u00e1. Hirtelen \u00a0betegs\u00e9g, k\u00f3r, szem\u00e9lyi trag\u00e9dia k\u00f6vetkezt\u00e9ben napr\u00f3l-napra k\u00fczdenek a hossz\u00fa t\u00e1v\u00fa munkan\u00e9lk\u00fclis\u00e9ggel, a munkav\u00e9gz\u00e9si k\u00e9pess\u00e9gek besz\u0171k\u00fcl\u00e9s\u00e9v\u00e9l, a t\u00falzott alkoholfogyaszt\u00e1ssal, a lak\u00e1s elveszt\u00e9s\u00e9vel&#8230; A Stuttgarti Caritas \u00e9ppen ezeken az embereken akar seg\u00edteni. Szolg\u00e1ltat\u00e1sa nem csak abban \u00e1ll, hogy a r\u00e1szorultaknak tiszt\u00e1lkod\u00e1si lehet\u0151s\u00e9get biztos\u00edt, ruh\u00e1kat oszt ki, reggelit \u00e9s eb\u00e9det ny\u00fajt, hanem a r\u00e1szorul\u00f3k mindenf\u00e9le szoci\u00e1lis k\u00e9rd\u00e9sben fordulhatnak hozz\u00e1. A hajl\u00e9ktalanok k\u00f6z\u00f6tt sokan vannak magyarok, rom\u00e1nok \u00e9s m\u00e1s EU tag \u00e1llampolg\u00e1rai, akik sok rem\u00e9nnyel \u00e9s jobb \u00e9letre v\u00e1gyva, \u00faj otthont keresnek Stuttgartban. Sajnos nem mindig j\u00f6n be nekik a tervezett v\u00e1ltoz\u00e1s&#8230; Sorsuk nem egyszer az utc\u00e1n v\u00e9gz\u0151dik\u2026 Ez\u00e9rt Imre atya novemberben ruhagy\u0171jt\u00e9st hirdetett, a stuttgarti r\u00e1szorul\u00f3k r\u00e9sz\u00e9re. Nagyon meg\u00f6rvendtem ennek az \u201eakci\u00f3nak\u201c, mert \u00edgy \u2013 az Egyh\u00e1zk\u00f6zs\u00e9g keret\u00e9ben is \u2013 val\u00f3di lehet\u0151s\u00e9g\u00fcnk ad\u00f3dott a t\u00e9nyleg bajba jutott emberekkel j\u00f3t tenni. \u00c9s adni \u2013 az \u00dar J\u00e9zus szavai szerint is \u2013 mindig j\u00f3! Ugyanakkor n\u00f6veli a r\u00e1szorul\u00f3k es\u00e9lyeit arra, hogy emberhez m\u00e9lt\u00f3an tudjanak \u00e9lni. A t\u00e9l bek\u00f6vetkezt\u00e9vel\u00a0 ugyanis a mindennapi neh\u00e9zs\u00e9geken k\u00edv\u00fcl (ev\u00e9s-iv\u00e1s, tiszt\u00e1lkod\u00e1s), a hideggel is meg kell k\u00fczdeni\u00fck. Ez\u00e9rt els\u0151sorban takar\u00f3kat \u00e9s meleg ruh\u00e1kat gy\u0171jt\u00f6tt\u00fcnk&#8230; Boldogan jelentem, hogy a gy\u00fcjt\u00e9s v\u00e9g\u00e9n egy kiskocsira val\u00f3 ruhanem\u0171 gy\u00fclt \u00f6ssze! El\u0151sz\u00f6r is szeretn\u00e9m megk\u00f6sz\u00f6nni mindazoknak akik\u00a0 adom\u00e1nyoztak, \u00e9s \u00edgy a r\u00e1szorultaknak \u00f6r\u00f6met szereztek, valamint a Caritas munkat\u00e1rsainak egy kicsit megk\u00f6nny\u00edtett\u00e9k a munk\u00e1jukat. A J\u00f3isten fizesse meg mindannyi\u00f3toknak a j\u00f3sz\u00edv\u0171 seg\u00edts\u00e9g\u00e9t! M\u00e1sodszor pedig k\u00edv\u00e1nok mindannyi\u00f3toknak \u00e9s csal\u00e1djaitoknak \u00e1ldott b\u00e9k\u00e9s kar\u00e1csonyi \u00fcnnepeket, \u00f6r\u00f6mteljes boldog \u00faj \u00e9vet! Benedek Annik\u00f3 No\u00e9mi Egyh\u00e1ztan\u00e1csos, a Stuttgarti Caritas munkat\u00e1rsa<\/p>\n","protected":false},"author":3,"featured_media":0,"comment_status":"closed","ping_status":"closed","sticky":false,"template":"","format":"standard","meta":{"footnotes":""},"categories":[28],"tags":[],"class_list":["post-13261","post","type-post","status-publish","format-standard","hentry","category-olvasoink-irjak"],"yoast_head":"<!-- This site is optimized with the Yoast SEO plugin v27.3 - https:\/\/yoast.com\/product\/yoast-seo-wordpress\/ -->\n<title>Benedek Annik\u00f3 No\u00e9mi: Adni j\u00f3... - Stuttgarti Katolikusok<\/title>\n<meta name=\"robots\" content=\"index, follow, max-snippet:-1, max-image-preview:large, max-video-preview:-1\" \/>\n<link rel=\"canonical\" href=\"https:\/\/stuttgarti-katolikusok.de\/index.php\/benedek-anniko-noemi-adni-jo\/\" \/>\n<meta property=\"og:locale\" content=\"hu_HU\" \/>\n<meta property=\"og:type\" content=\"article\" \/>\n<meta property=\"og:title\" content=\"Benedek Annik\u00f3 No\u00e9mi: Adni j\u00f3... - Stuttgarti Katolikusok\" \/>\n<meta property=\"og:description\" content=\"Adni j\u00f3&#8230; Azt hiszem, mindenkinek felt\u0171nt m\u00e1r Stuttgartban vagy azokban a nagyobb v\u00e1rosokban, amelyekben az ut\u00f3bbi id\u0151ben megfordult, hogy sajnos napr\u00f3l-napra n\u0151 a szeg\u00e9nyek sz\u00e1ma, k\u00f6zt\u00fck sokan v\u00e1lnak hajl\u00e9ktalann\u00e1. Hirtelen \u00a0betegs\u00e9g, k\u00f3r, szem\u00e9lyi trag\u00e9dia k\u00f6vetkezt\u00e9ben napr\u00f3l-napra k\u00fczdenek a hossz\u00fa t\u00e1v\u00fa munkan\u00e9lk\u00fclis\u00e9ggel, a munkav\u00e9gz\u00e9si k\u00e9pess\u00e9gek besz\u0171k\u00fcl\u00e9s\u00e9v\u00e9l, a t\u00falzott alkoholfogyaszt\u00e1ssal, a lak\u00e1s elveszt\u00e9s\u00e9vel&#8230; A Stuttgarti Caritas \u00e9ppen ezeken az embereken akar seg\u00edteni. Szolg\u00e1ltat\u00e1sa nem csak abban \u00e1ll, hogy a r\u00e1szorultaknak tiszt\u00e1lkod\u00e1si lehet\u0151s\u00e9get biztos\u00edt, ruh\u00e1kat oszt ki, reggelit \u00e9s eb\u00e9det ny\u00fajt, hanem a r\u00e1szorul\u00f3k mindenf\u00e9le szoci\u00e1lis k\u00e9rd\u00e9sben fordulhatnak hozz\u00e1. A hajl\u00e9ktalanok k\u00f6z\u00f6tt sokan vannak magyarok, rom\u00e1nok \u00e9s m\u00e1s EU tag \u00e1llampolg\u00e1rai, akik sok rem\u00e9nnyel \u00e9s jobb \u00e9letre v\u00e1gyva, \u00faj otthont keresnek Stuttgartban. Sajnos nem mindig j\u00f6n be nekik a tervezett v\u00e1ltoz\u00e1s&#8230; Sorsuk nem egyszer az utc\u00e1n v\u00e9gz\u0151dik\u2026 Ez\u00e9rt Imre atya novemberben ruhagy\u0171jt\u00e9st hirdetett, a stuttgarti r\u00e1szorul\u00f3k r\u00e9sz\u00e9re. Nagyon meg\u00f6rvendtem ennek az \u201eakci\u00f3nak\u201c, mert \u00edgy \u2013 az Egyh\u00e1zk\u00f6zs\u00e9g keret\u00e9ben is \u2013 val\u00f3di lehet\u0151s\u00e9g\u00fcnk ad\u00f3dott a t\u00e9nyleg bajba jutott emberekkel j\u00f3t tenni. \u00c9s adni \u2013 az \u00dar J\u00e9zus szavai szerint is \u2013 mindig j\u00f3! Ugyanakkor n\u00f6veli a r\u00e1szorul\u00f3k es\u00e9lyeit arra, hogy emberhez m\u00e9lt\u00f3an tudjanak \u00e9lni. A t\u00e9l bek\u00f6vetkezt\u00e9vel\u00a0 ugyanis a mindennapi neh\u00e9zs\u00e9geken k\u00edv\u00fcl (ev\u00e9s-iv\u00e1s, tiszt\u00e1lkod\u00e1s), a hideggel is meg kell k\u00fczdeni\u00fck. Ez\u00e9rt els\u0151sorban takar\u00f3kat \u00e9s meleg ruh\u00e1kat gy\u0171jt\u00f6tt\u00fcnk&#8230; Boldogan jelentem, hogy a gy\u00fcjt\u00e9s v\u00e9g\u00e9n egy kiskocsira val\u00f3 ruhanem\u0171 gy\u00fclt \u00f6ssze! El\u0151sz\u00f6r is szeretn\u00e9m megk\u00f6sz\u00f6nni mindazoknak akik\u00a0 adom\u00e1nyoztak, \u00e9s \u00edgy a r\u00e1szorultaknak \u00f6r\u00f6met szereztek, valamint a Caritas munkat\u00e1rsainak egy kicsit megk\u00f6nny\u00edtett\u00e9k a munk\u00e1jukat. A J\u00f3isten fizesse meg mindannyi\u00f3toknak a j\u00f3sz\u00edv\u0171 seg\u00edts\u00e9g\u00e9t! M\u00e1sodszor pedig k\u00edv\u00e1nok mindannyi\u00f3toknak \u00e9s csal\u00e1djaitoknak \u00e1ldott b\u00e9k\u00e9s kar\u00e1csonyi \u00fcnnepeket, \u00f6r\u00f6mteljes boldog \u00faj \u00e9vet! Benedek Annik\u00f3 No\u00e9mi Egyh\u00e1ztan\u00e1csos, a Stuttgarti Caritas munkat\u00e1rsa\" \/>\n<meta property=\"og:url\" content=\"https:\/\/stuttgarti-katolikusok.de\/index.php\/benedek-anniko-noemi-adni-jo\/\" \/>\n<meta property=\"og:site_name\" content=\"Stuttgarti Katolikusok\" \/>\n<meta property=\"article:published_time\" content=\"2017-12-18T15:47:57+00:00\" \/>\n<meta property=\"article:modified_time\" content=\"2017-12-18T15:54:32+00:00\" \/>\n<meta name=\"author\" content=\"Tibor atya\" \/>\n<meta name=\"twitter:card\" content=\"summary_large_image\" \/>\n<meta name=\"twitter:label1\" content=\"Szerz\u0151:\" \/>\n\t<meta name=\"twitter:data1\" content=\"Tibor atya\" \/>\n\t<meta name=\"twitter:label2\" content=\"Becs\u00fclt olvas\u00e1si id\u0151\" \/>\n\t<meta name=\"twitter:data2\" content=\"2 perc\" \/>\n<script type=\"application\/ld+json\" class=\"yoast-schema-graph\">{\"@context\":\"https:\\\/\\\/schema.org\",\"@graph\":[{\"@type\":\"Article\",\"@id\":\"https:\\\/\\\/stuttgarti-katolikusok.de\\\/index.php\\\/benedek-anniko-noemi-adni-jo\\\/#article\",\"isPartOf\":{\"@id\":\"https:\\\/\\\/stuttgarti-katolikusok.de\\\/index.php\\\/benedek-anniko-noemi-adni-jo\\\/\"},\"author\":{\"name\":\"Tibor atya\",\"@id\":\"https:\\\/\\\/stuttgarti-katolikusok.de\\\/#\\\/schema\\\/person\\\/75908d6f8fdc03a57889d27209df7795\"},\"headline\":\"Benedek Annik\u00f3 No\u00e9mi: Adni j\u00f3&#8230;\",\"datePublished\":\"2017-12-18T15:47:57+00:00\",\"dateModified\":\"2017-12-18T15:54:32+00:00\",\"mainEntityOfPage\":{\"@id\":\"https:\\\/\\\/stuttgarti-katolikusok.de\\\/index.php\\\/benedek-anniko-noemi-adni-jo\\\/\"},\"wordCount\":424,\"articleSection\":[\"Olvas\u00f3ink \u00edrj\u00e1k\"],\"inLanguage\":\"hu\"},{\"@type\":\"WebPage\",\"@id\":\"https:\\\/\\\/stuttgarti-katolikusok.de\\\/index.php\\\/benedek-anniko-noemi-adni-jo\\\/\",\"url\":\"https:\\\/\\\/stuttgarti-katolikusok.de\\\/index.php\\\/benedek-anniko-noemi-adni-jo\\\/\",\"name\":\"Benedek Annik\u00f3 No\u00e9mi: Adni j\u00f3... - Stuttgarti Katolikusok\",\"isPartOf\":{\"@id\":\"https:\\\/\\\/stuttgarti-katolikusok.de\\\/#website\"},\"datePublished\":\"2017-12-18T15:47:57+00:00\",\"dateModified\":\"2017-12-18T15:54:32+00:00\",\"author\":{\"@id\":\"https:\\\/\\\/stuttgarti-katolikusok.de\\\/#\\\/schema\\\/person\\\/75908d6f8fdc03a57889d27209df7795\"},\"breadcrumb\":{\"@id\":\"https:\\\/\\\/stuttgarti-katolikusok.de\\\/index.php\\\/benedek-anniko-noemi-adni-jo\\\/#breadcrumb\"},\"inLanguage\":\"hu\",\"potentialAction\":[{\"@type\":\"ReadAction\",\"target\":[\"https:\\\/\\\/stuttgarti-katolikusok.de\\\/index.php\\\/benedek-anniko-noemi-adni-jo\\\/\"]}]},{\"@type\":\"BreadcrumbList\",\"@id\":\"https:\\\/\\\/stuttgarti-katolikusok.de\\\/index.php\\\/benedek-anniko-noemi-adni-jo\\\/#breadcrumb\",\"itemListElement\":[{\"@type\":\"ListItem\",\"position\":1,\"name\":\"Kezd\u0151lap\",\"item\":\"https:\\\/\\\/stuttgarti-katolikusok.de\\\/\"},{\"@type\":\"ListItem\",\"position\":2,\"name\":\"Benedek Annik\u00f3 No\u00e9mi: Adni j\u00f3&#8230;\"}]},{\"@type\":\"WebSite\",\"@id\":\"https:\\\/\\\/stuttgarti-katolikusok.de\\\/#website\",\"url\":\"https:\\\/\\\/stuttgarti-katolikusok.de\\\/\",\"name\":\"Stuttgarti Katolikusok\",\"description\":\"\",\"potentialAction\":[{\"@type\":\"SearchAction\",\"target\":{\"@type\":\"EntryPoint\",\"urlTemplate\":\"https:\\\/\\\/stuttgarti-katolikusok.de\\\/?s={search_term_string}\"},\"query-input\":{\"@type\":\"PropertyValueSpecification\",\"valueRequired\":true,\"valueName\":\"search_term_string\"}}],\"inLanguage\":\"hu\"},{\"@type\":\"Person\",\"@id\":\"https:\\\/\\\/stuttgarti-katolikusok.de\\\/#\\\/schema\\\/person\\\/75908d6f8fdc03a57889d27209df7795\",\"name\":\"Tibor atya\",\"image\":{\"@type\":\"ImageObject\",\"inLanguage\":\"hu\",\"@id\":\"https:\\\/\\\/secure.gravatar.com\\\/avatar\\\/61d268e57d1f4525b111222e29d2d5a7f8c420fdbf231ba5566a8ceac74fa960?s=96&d=mm&r=g\",\"url\":\"https:\\\/\\\/secure.gravatar.com\\\/avatar\\\/61d268e57d1f4525b111222e29d2d5a7f8c420fdbf231ba5566a8ceac74fa960?s=96&d=mm&r=g\",\"contentUrl\":\"https:\\\/\\\/secure.gravatar.com\\\/avatar\\\/61d268e57d1f4525b111222e29d2d5a7f8c420fdbf231ba5566a8ceac74fa960?s=96&d=mm&r=g\",\"caption\":\"Tibor atya\"},\"url\":\"https:\\\/\\\/stuttgarti-katolikusok.de\\\/index.php\\\/author\\\/tibor-atya\\\/\"}]}<\/script>\n<!-- \/ Yoast SEO plugin. -->","yoast_head_json":{"title":"Benedek Annik\u00f3 No\u00e9mi: Adni j\u00f3... - Stuttgarti Katolikusok","robots":{"index":"index","follow":"follow","max-snippet":"max-snippet:-1","max-image-preview":"max-image-preview:large","max-video-preview":"max-video-preview:-1"},"canonical":"https:\/\/stuttgarti-katolikusok.de\/index.php\/benedek-anniko-noemi-adni-jo\/","og_locale":"hu_HU","og_type":"article","og_title":"Benedek Annik\u00f3 No\u00e9mi: Adni j\u00f3... - Stuttgarti Katolikusok","og_description":"Adni j\u00f3&#8230; Azt hiszem, mindenkinek felt\u0171nt m\u00e1r Stuttgartban vagy azokban a nagyobb v\u00e1rosokban, amelyekben az ut\u00f3bbi id\u0151ben megfordult, hogy sajnos napr\u00f3l-napra n\u0151 a szeg\u00e9nyek sz\u00e1ma, k\u00f6zt\u00fck sokan v\u00e1lnak hajl\u00e9ktalann\u00e1. Hirtelen \u00a0betegs\u00e9g, k\u00f3r, szem\u00e9lyi trag\u00e9dia k\u00f6vetkezt\u00e9ben napr\u00f3l-napra k\u00fczdenek a hossz\u00fa t\u00e1v\u00fa munkan\u00e9lk\u00fclis\u00e9ggel, a munkav\u00e9gz\u00e9si k\u00e9pess\u00e9gek besz\u0171k\u00fcl\u00e9s\u00e9v\u00e9l, a t\u00falzott alkoholfogyaszt\u00e1ssal, a lak\u00e1s elveszt\u00e9s\u00e9vel&#8230; A Stuttgarti Caritas \u00e9ppen ezeken az embereken akar seg\u00edteni. Szolg\u00e1ltat\u00e1sa nem csak abban \u00e1ll, hogy a r\u00e1szorultaknak tiszt\u00e1lkod\u00e1si lehet\u0151s\u00e9get biztos\u00edt, ruh\u00e1kat oszt ki, reggelit \u00e9s eb\u00e9det ny\u00fajt, hanem a r\u00e1szorul\u00f3k mindenf\u00e9le szoci\u00e1lis k\u00e9rd\u00e9sben fordulhatnak hozz\u00e1. A hajl\u00e9ktalanok k\u00f6z\u00f6tt sokan vannak magyarok, rom\u00e1nok \u00e9s m\u00e1s EU tag \u00e1llampolg\u00e1rai, akik sok rem\u00e9nnyel \u00e9s jobb \u00e9letre v\u00e1gyva, \u00faj otthont keresnek Stuttgartban. Sajnos nem mindig j\u00f6n be nekik a tervezett v\u00e1ltoz\u00e1s&#8230; Sorsuk nem egyszer az utc\u00e1n v\u00e9gz\u0151dik\u2026 Ez\u00e9rt Imre atya novemberben ruhagy\u0171jt\u00e9st hirdetett, a stuttgarti r\u00e1szorul\u00f3k r\u00e9sz\u00e9re. Nagyon meg\u00f6rvendtem ennek az \u201eakci\u00f3nak\u201c, mert \u00edgy \u2013 az Egyh\u00e1zk\u00f6zs\u00e9g keret\u00e9ben is \u2013 val\u00f3di lehet\u0151s\u00e9g\u00fcnk ad\u00f3dott a t\u00e9nyleg bajba jutott emberekkel j\u00f3t tenni. \u00c9s adni \u2013 az \u00dar J\u00e9zus szavai szerint is \u2013 mindig j\u00f3! Ugyanakkor n\u00f6veli a r\u00e1szorul\u00f3k es\u00e9lyeit arra, hogy emberhez m\u00e9lt\u00f3an tudjanak \u00e9lni. A t\u00e9l bek\u00f6vetkezt\u00e9vel\u00a0 ugyanis a mindennapi neh\u00e9zs\u00e9geken k\u00edv\u00fcl (ev\u00e9s-iv\u00e1s, tiszt\u00e1lkod\u00e1s), a hideggel is meg kell k\u00fczdeni\u00fck. Ez\u00e9rt els\u0151sorban takar\u00f3kat \u00e9s meleg ruh\u00e1kat gy\u0171jt\u00f6tt\u00fcnk&#8230; Boldogan jelentem, hogy a gy\u00fcjt\u00e9s v\u00e9g\u00e9n egy kiskocsira val\u00f3 ruhanem\u0171 gy\u00fclt \u00f6ssze! El\u0151sz\u00f6r is szeretn\u00e9m megk\u00f6sz\u00f6nni mindazoknak akik\u00a0 adom\u00e1nyoztak, \u00e9s \u00edgy a r\u00e1szorultaknak \u00f6r\u00f6met szereztek, valamint a Caritas munkat\u00e1rsainak egy kicsit megk\u00f6nny\u00edtett\u00e9k a munk\u00e1jukat. A J\u00f3isten fizesse meg mindannyi\u00f3toknak a j\u00f3sz\u00edv\u0171 seg\u00edts\u00e9g\u00e9t! M\u00e1sodszor pedig k\u00edv\u00e1nok mindannyi\u00f3toknak \u00e9s csal\u00e1djaitoknak \u00e1ldott b\u00e9k\u00e9s kar\u00e1csonyi \u00fcnnepeket, \u00f6r\u00f6mteljes boldog \u00faj \u00e9vet! Benedek Annik\u00f3 No\u00e9mi Egyh\u00e1ztan\u00e1csos, a Stuttgarti Caritas munkat\u00e1rsa","og_url":"https:\/\/stuttgarti-katolikusok.de\/index.php\/benedek-anniko-noemi-adni-jo\/","og_site_name":"Stuttgarti Katolikusok","article_published_time":"2017-12-18T15:47:57+00:00","article_modified_time":"2017-12-18T15:54:32+00:00","author":"Tibor atya","twitter_card":"summary_large_image","twitter_misc":{"Szerz\u0151:":"Tibor atya","Becs\u00fclt olvas\u00e1si id\u0151":"2 perc"},"schema":{"@context":"https:\/\/schema.org","@graph":[{"@type":"Article","@id":"https:\/\/stuttgarti-katolikusok.de\/index.php\/benedek-anniko-noemi-adni-jo\/#article","isPartOf":{"@id":"https:\/\/stuttgarti-katolikusok.de\/index.php\/benedek-anniko-noemi-adni-jo\/"},"author":{"name":"Tibor atya","@id":"https:\/\/stuttgarti-katolikusok.de\/#\/schema\/person\/75908d6f8fdc03a57889d27209df7795"},"headline":"Benedek Annik\u00f3 No\u00e9mi: Adni j\u00f3&#8230;","datePublished":"2017-12-18T15:47:57+00:00","dateModified":"2017-12-18T15:54:32+00:00","mainEntityOfPage":{"@id":"https:\/\/stuttgarti-katolikusok.de\/index.php\/benedek-anniko-noemi-adni-jo\/"},"wordCount":424,"articleSection":["Olvas\u00f3ink \u00edrj\u00e1k"],"inLanguage":"hu"},{"@type":"WebPage","@id":"https:\/\/stuttgarti-katolikusok.de\/index.php\/benedek-anniko-noemi-adni-jo\/","url":"https:\/\/stuttgarti-katolikusok.de\/index.php\/benedek-anniko-noemi-adni-jo\/","name":"Benedek Annik\u00f3 No\u00e9mi: Adni j\u00f3... - Stuttgarti Katolikusok","isPartOf":{"@id":"https:\/\/stuttgarti-katolikusok.de\/#website"},"datePublished":"2017-12-18T15:47:57+00:00","dateModified":"2017-12-18T15:54:32+00:00","author":{"@id":"https:\/\/stuttgarti-katolikusok.de\/#\/schema\/person\/75908d6f8fdc03a57889d27209df7795"},"breadcrumb":{"@id":"https:\/\/stuttgarti-katolikusok.de\/index.php\/benedek-anniko-noemi-adni-jo\/#breadcrumb"},"inLanguage":"hu","potentialAction":[{"@type":"ReadAction","target":["https:\/\/stuttgarti-katolikusok.de\/index.php\/benedek-anniko-noemi-adni-jo\/"]}]},{"@type":"BreadcrumbList","@id":"https:\/\/stuttgarti-katolikusok.de\/index.php\/benedek-anniko-noemi-adni-jo\/#breadcrumb","itemListElement":[{"@type":"ListItem","position":1,"name":"Kezd\u0151lap","item":"https:\/\/stuttgarti-katolikusok.de\/"},{"@type":"ListItem","position":2,"name":"Benedek Annik\u00f3 No\u00e9mi: Adni j\u00f3&#8230;"}]},{"@type":"WebSite","@id":"https:\/\/stuttgarti-katolikusok.de\/#website","url":"https:\/\/stuttgarti-katolikusok.de\/","name":"Stuttgarti Katolikusok","description":"","potentialAction":[{"@type":"SearchAction","target":{"@type":"EntryPoint","urlTemplate":"https:\/\/stuttgarti-katolikusok.de\/?s={search_term_string}"},"query-input":{"@type":"PropertyValueSpecification","valueRequired":true,"valueName":"search_term_string"}}],"inLanguage":"hu"},{"@type":"Person","@id":"https:\/\/stuttgarti-katolikusok.de\/#\/schema\/person\/75908d6f8fdc03a57889d27209df7795","name":"Tibor atya","image":{"@type":"ImageObject","inLanguage":"hu","@id":"https:\/\/secure.gravatar.com\/avatar\/61d268e57d1f4525b111222e29d2d5a7f8c420fdbf231ba5566a8ceac74fa960?s=96&d=mm&r=g","url":"https:\/\/secure.gravatar.com\/avatar\/61d268e57d1f4525b111222e29d2d5a7f8c420fdbf231ba5566a8ceac74fa960?s=96&d=mm&r=g","contentUrl":"https:\/\/secure.gravatar.com\/avatar\/61d268e57d1f4525b111222e29d2d5a7f8c420fdbf231ba5566a8ceac74fa960?s=96&d=mm&r=g","caption":"Tibor atya"},"url":"https:\/\/stuttgarti-katolikusok.de\/index.php\/author\/tibor-atya\/"}]}},"_links":{"self":[{"href":"https:\/\/stuttgarti-katolikusok.de\/index.php\/wp-json\/wp\/v2\/posts\/13261","targetHints":{"allow":["GET"]}}],"collection":[{"href":"https:\/\/stuttgarti-katolikusok.de\/index.php\/wp-json\/wp\/v2\/posts"}],"about":[{"href":"https:\/\/stuttgarti-katolikusok.de\/index.php\/wp-json\/wp\/v2\/types\/post"}],"author":[{"embeddable":true,"href":"https:\/\/stuttgarti-katolikusok.de\/index.php\/wp-json\/wp\/v2\/users\/3"}],"replies":[{"embeddable":true,"href":"https:\/\/stuttgarti-katolikusok.de\/index.php\/wp-json\/wp\/v2\/comments?post=13261"}],"version-history":[{"count":3,"href":"https:\/\/stuttgarti-katolikusok.de\/index.php\/wp-json\/wp\/v2\/posts\/13261\/revisions"}],"predecessor-version":[{"id":13271,"href":"https:\/\/stuttgarti-katolikusok.de\/index.php\/wp-json\/wp\/v2\/posts\/13261\/revisions\/13271"}],"wp:attachment":[{"href":"https:\/\/stuttgarti-katolikusok.de\/index.php\/wp-json\/wp\/v2\/media?parent=13261"}],"wp:term":[{"taxonomy":"category","embeddable":true,"href":"https:\/\/stuttgarti-katolikusok.de\/index.php\/wp-json\/wp\/v2\/categories?post=13261"},{"taxonomy":"post_tag","embeddable":true,"href":"https:\/\/stuttgarti-katolikusok.de\/index.php\/wp-json\/wp\/v2\/tags?post=13261"}],"curies":[{"name":"wp","href":"https:\/\/api.w.org\/{rel}","templated":true}]}}