{"id":13204,"date":"2017-12-11T13:03:39","date_gmt":"2017-12-11T13:03:39","guid":{"rendered":"https:\/\/gracious-dewdney.138-201-221-2.plesk.page\/?p=13204"},"modified":"2017-12-11T13:03:39","modified_gmt":"2017-12-11T13:03:39","slug":"schultheis-eva-a-latogato","status":"publish","type":"post","link":"https:\/\/stuttgarti-katolikusok.de\/index.php\/schultheis-eva-a-latogato\/","title":{"rendered":"Schultheis \u00c9va: A l\u00e1togat\u00f3"},"content":{"rendered":"<p><strong>A l\u00e1togat\u00f3<\/strong><\/p>\n<p>Odakint hull a h\u00f3. V\u00e1rakoz\u00e1ssal vegyes boldogs\u00e1g ker\u00edt hatalm\u00e1ba. Nemsok\u00e1ra lej\u00e1r a munkaid\u0151m \u00e9s holnap, az els\u0151 adventet megel\u0151z\u0151 szombaton, szinte hihetetlen, de \u00e9vek \u00f3ta el\u0151sz\u00f3r\u00a0h\u00f3feh\u00e9rben k\u00f6sz\u00f6nt r\u00e1nk december&#8230;..<\/p>\n<p>A rendel\u0151 ajtaja akadozottan ny\u00edlik. A n\u00e9nit egy fiatal f\u00e9rfi k\u00eds\u00e9ri be. Egyik kez\u00e9vel tehetetlen\u00fcl t\u00e1maszkodik a j\u00e1r\u00f3k\u00e1ra, a m\u00e1sikkal a f\u00e9rfiba csimpaszkodik. Hagyja, hogy az idegen gy\u00e1mkodjon f\u00f6l\u00f6tte. P\u00e9ntek d\u00e9lut\u00e1n k\u00e9t \u00f3ra t\u00e1jban, nincs orvosi rendel\u0151, amely ilyenkor nyitva tartana, jegyzi meg enyhe cinizmussal a fess j\u00e1r\u00f3kel\u0151, k\u00f6zben az \u00f6regasszonyra sand\u00edt. Az utc\u00e1n t\u00e1molygott szeg\u00e9nyke, azt mondja rosszul van, a gyomr\u00e1val vagy az em\u00e9szt\u00e9ssel lehet baja. Ma m\u00e9g semmit sem tudott mag\u00e1ban tartani. Megsajn\u00e1lta, \u00e9s elk\u00eds\u00e9rte. Maradhat? Neki sietnie kell tov\u00e1bb, ugyanis megbesz\u00e9l\u00e9se van.<\/p>\n<p>Mondom, j\u00f3, menjen csak, majd \u00e9n elboldogulok a h\u00f6lggyel. A f\u00e9rfi m\u00e1r rohan az ajt\u00f3 fel\u00e9.<\/p>\n<p>\u00c9n an\u00e9lk\u00fcl, hogy k\u00fcl\u00f6n\u00f6sebben feltekinten\u00e9k, elk\u00e9rem a n\u00e9nike eg\u00e9szs\u00e9g\u00fcgyi k\u00e1rty\u00e1j\u00e1t, k\u00f6zben leveleket jav\u00edtok, teszem a dolgom. Hallom a pap\u00edrcs\u00f6rtet\u00e9st, a pakol\u00e1st, de mivel el vagyok foglalva, nem k\u00fcl\u00f6n\u00f6sebben foglalkoztat, mi\u00e9rt tart ennyi ideig egy egyszer\u0171 k\u00e1rtya el\u0151keres\u00e9se. A c\u00f3km\u00f3kj\u00e1ban val\u00f3 kutat\u00e1s tov\u00e1bb folyik, kis id\u0151 m\u00falva viszont m\u00e1r \u00e9n unom meg, kezd gyan\u00fass\u00e1 v\u00e1lni a t\u00e9tova matat\u00e1s. Felkelek a helyemr\u0151l, \u00e1tl\u00e9pek hozz\u00e1 a pult m\u00f6g\u00fcl. Az \u00f6regasszony l\u00e1zr\u00f3zs\u00e1s homlok\u00e1r\u00f3l horgolt kend\u0151je hanyagul lecs\u00faszik, ideges kapkod\u00e1s, k\u00e9ts\u00e9gbees\u00e9s t\u00fckr\u00f6z\u0151dik a szem\u00e9b\u0151l. Seg\u00edtek, jelentem ki hat\u00e1rozottan. Meg sem v\u00e1rva b\u00f3lint\u00f3 beleegyez\u00e9s\u00e9t, odal\u00e9pek a j\u00e1r\u00f3k\u00e1hoz, egyetlen mozdulattal kiemelem\u00a0egy m\u00e1sik v\u00edzhatlan szatyorb\u00f3l\u00a0a k\u00e9zit\u00e1sk\u00e1j\u00e1t, amelyben m\u00e1r ott sorakozik egy halom id\u0151k\u00f6zben \u00e1tlapozott lev\u00e9lk\u00f6teg.<\/p>\n<p>Meglep\u0151d\u00f6m, csak nem szokta ezeket az iratokat mag\u00e1val cipelni?\u00a0 Dehogy, csak \u00e9pp most \u00fcr\u00edtette ki a postal\u00e1d\u00e1j\u00e1t november \u00f3ta el\u0151sz\u00f6r. Az\u00f3ta nem j\u00e1rt kinn? K\u00e9rdezem magamban, de nem mondom hangosan. M\u00e1r nem is csod\u00e1lkozom.<\/p>\n<p>A t\u00e1ska szinte \u00fcres, egy mell\u00e9krekeszben v\u00e9gre el\u0151bukkan a p\u00e9nzt\u00e1rca \u00e9s egy kulcs. \u00c9rzem a\u00a0 zavart tehetetlens\u00e9get, a fesz\u00fclts\u00e9get. Ekkor m\u00e1r r\u00e1d\u00f6bbenek a n\u00e9nike gy\u00e1moltalan, kiszolg\u00e1ltatott helyzet\u00e9re. Pr\u00f3b\u00e1lom vigasztalni, semmi baj, dikt\u00e1lja csak le nekem az adatait, be\u00fct\u00f6m \u00e9n a g\u00e9pbe azonnal. A sz\u00fclet\u00e9si adatok ut\u00e1n, automatikusan megjelenik a kora. Nyolcvan \u00e9v, nem felt\u00e9tlen\u00fcl sok, persze, nem is kev\u00e9s. Tudakoz\u00f3dom a h\u00e1ziorvosa kil\u00e9t\u00e9r\u0151l, erre azt\u00e1n m\u00e9g izgatottabban csattan f\u00f6l. Miatta t\u00f6rt\u00e9nt mindez, az\u00e9rt ker\u00fclt most ilyen \u00e1llapotba, mert az valami sz\u00f6rny\u0171s\u00e9ggel megm\u00e9rgezhette. Egyre hangosabb, egyre idegesebb.<\/p>\n<p>A k\u00fcl\u00f6n\u00f6s p\u00e1rbesz\u00e9d hallat\u00e1ra a doktorn\u0151 is kidugja fej\u00e9t a szob\u00e1j\u00e1b\u00f3l. L\u00e1tszatra \u00e9lvezi a szokatlan id\u0151ben\u00a0 betoppant l\u00e1togat\u00f3\u00a0 felbukkan\u00e1s\u00e1t, \u00e9l\u00e9nk \u00e9rdekl\u0151d\u00e9be kezd, de sajnos az \u0151 faggat\u00f3z\u00e1sa sem j\u00e1r sok eredm\u00e9nnyel.\u00a0A l\u00e9nyeg sajnos nem der\u00fcl ki, gyerekei vannak ugyan, de messze \u00e9lnek, a telefonsz\u00e1mra sem eml\u00e9kszik a n\u00e9ni, a holmik k\u00f6z\u00f6tt nem fellelhet\u0151. \u00c1ll\u00edt\u00f3lag holnapra v\u00e1rja mindkett\u0151t, azt a bizonyos m\u00e1sik l\u00e1nyt is, aki Oroszorsz\u00e1gban \u00e9l. A sz\u00e1mokra val\u00f3 eml\u00e9kez\u00e9s er\u0151tlen k\u00eds\u00e9rlet csup\u00e1n, helyette els\u0151 zavart t\u00f6rt\u00e9net\u00e9be kezd a h\u00e1zmesterr\u0151l. Nyilv\u00e1nval\u00f3an a t\u00f6mbh\u00e1z gondnokak\u00e9nt, az egyetlen olyan szem\u00e9ly, akivel n\u00e9mi kapcsolata lehet.<\/p>\n<p>M\u00e1r legifjabb koll\u00e9gan\u0151met is odacsalja a k\u00edv\u00e1ncsis\u00e1g. Kezdetben lebiggyedt ajakkal, kicsit megvet\u0151en, k\u00e9s\u0151bb viszont ann\u00e1l komolyabban hallgatja. K\u00e9rd\u0151n n\u00e9z\u00fcnk \u00f6ssze. Az orosz \u00e9s a n\u00e9met egy k\u00fcl\u00f6n\u00f6s t\u00e1jsz\u00f3l\u00e1sa, messzi vil\u00e1gb\u00f3l hozott, archaikus cseng\u00e9s keveredik a n\u00e9ni monol\u00f3gj\u00e1ban. Ek\u00f6zben a vil\u00e1gh\u00e1l\u00f3n val\u00f3 kutat\u00e1s, a telefonk\u00f6nyv n\u00e9vt\u00e1r\u00e1nak \u00e1tb\u00f6ng\u00e9sz\u00e9se sem j\u00e1r eredm\u00e9nnyel. Egyre bizonytalanabb, egyre t\u00e1volabb a val\u00f3s\u00e1gt\u00f3l, m\u00e1r az orvosi szob\u00e1b\u00f3l hallom, m\u00e9g mindig mormolja kiss\u00e9 eszel\u0151s, kiss\u00e9 izgatott hangon a m\u00falt t\u00f6rt\u00e9n\u00e9seit.<\/p>\n<p>A v\u00e9rnyom\u00e1sa 220\/110 Hgmm, nagyon magas, gyomorhurutnak azonban semmi nyoma, EKG-ra sincs sz\u00fcks\u00e9g, m\u00e1sfel\u0151l f\u00faj a sz\u00e9l, \u00e1llap\u00edtja meg a doktorn\u0151.<\/p>\n<p>A mag\u00e1ny \u00e9s az elhagyatotts\u00e1g minden k\u00e9ts\u00e9get kiz\u00e1r\u00f3, \u00fajabb \u00e1ldozat\u00e1r\u00f3l van sz\u00f3. Rafin\u00e1lt, alattomos, l\u00e9lekrombol\u00f3 gy\u0151zelem egy \u00f6reged\u00e9st\u0151l elcsig\u00e1zott test f\u00f6l\u00f6tt. A v\u00e9rnyom\u00e1scs\u00f6kkent\u0151 tabletta, a p\u00e1r korty v\u00edz szemmel l\u00e1that\u00f3an j\u00f3 hat\u00e1ssal van az id\u0151k\u00f6zben m\u00e1r \u00fclve mes\u00e9l\u0151 \u00f6regasszonyra. Hol a doktorn\u0151 k\u00f6peny\u00e9nek szeg\u00e9ly\u00e9t, hol pedig a k\u00edv\u00e1ncsi tanul\u00f3l\u00e1ny karj\u00e1t simogatja h\u00e1l\u00e1san. A l\u00e1ny mell\u00e9szeg\u0151dik mint egy \u00e1rny\u00e9k, felseg\u00edti a ruh\u00e1it. A jelen \u00e9s a m\u00falt \u00f6sszes\u0171r\u00edtett k\u00e9nyszerk\u00e9pzete \u00e9lni kezd. Az egyed\u00fcll\u00e9t okozta f\u00e1jdalom most t\u00f6r csak igaz\u00e1n felsz\u00ednre&#8230;..<\/p>\n<p>R\u00e9g\u00f3ta \u00e9l \u00edgy, a f\u00e9rje is elhagyta, elv\u00e1ltak, hihetetlen a t\u00f6rt\u00e9net, tal\u00e1n m\u00e1sk\u00e9nt esett meg, ha megesett, mert a t\u00e1rsa m\u00e9gsem bocs\u00e1thatta \u0151t \u00e1ruba p\u00e1r rubel\u00e9rt&#8230;.. ma sem \u00e9rti, mi\u00e9rt nem j\u00e1rhatott a messzi Oroszorsz\u00e1gban n\u00e9met iskol\u00e1ba, k\u00eds\u00e9rtik a r\u00e9gi id\u0151k, a h\u00e1bor\u00fa \u00e9s az \u00e9hez\u00e9s, a k\u00e9ts\u00e9gbees\u00e9s, amikor gyermekk\u00e9nt a kutya sz\u00e1j\u00e1b\u00f3l t\u00e9pte ki az utols\u00f3 falatot, az pedig veszett\u00fcl harapott&#8230;. \u00c9s az \u0151t mindig elk\u00eds\u00e9r\u0151 isteni gondvisel\u00e9s. Az egyetlen k\u00e9zzelfoghat\u00f3 t\u00e1masza&#8230;. ha ma \u00e9gi sugallatra nem indult volna el, mindegy hov\u00e1, csak el hazulr\u00f3l, tal\u00e1n m\u00e1r nem is \u00e9lne.\u00a0 A gyermekei is elhagyt\u00e1k, de Lili, a l\u00e1nya holnap biztosan megl\u00e1togatja, hogy mi\u00e9rt is haragudott meg r\u00e1 ennyire, de holnap \u00faj nap kezd\u0151dik el, holnap biztosan elj\u00f6n hozz\u00e1, \u00e9s h\u00e1t az a m\u00e1sik l\u00e1ny Oroszorsz\u00e1gb\u00f3l. Ism\u00e9t csak tan\u00e1cstalans\u00e1g, hogyan is l\u00e1togatn\u00e1 meg holnap valaki orosz f\u00f6ldr\u0151l? K\u00e9rd\u0151 \u00f6sszen\u00e9z\u00e9s, r\u00e9szv\u00e9t, f\u00e9lt\u00e9s, mi t\u00e9v\u0151k legy\u00fcnk.<\/p>\n<p>A v\u00e9rnyom\u00e1sa id\u0151k\u00f6zben norm\u00e1lis \u00e9rt\u00e9ket mutat, de egyed\u00fcl akkor sem indulhat \u00fatnak.\u00a0 A taxira m\u00e9g j\u00f3 h\u00fasz percet v\u00e1rni kell, addig is a fiatal koll\u00e9gan\u0151 gondoskod\u00f3 szeretete veszi k\u00f6r\u00fcl. Az \u00f6regasszony \u00e9rzi, tal\u00e1n hossz\u00fa id\u0151 \u00f3ta el\u0151sz\u00f6r valaki csak r\u00e1 figyel. S m\u00edg a l\u00e1ny \u00f3vatosan indul el vele a l\u00e9pcs\u0151h\u00e1z ir\u00e1ny\u00e1ba, \u0151 csak sorolja tov\u00e1bb. M\u00e9g ut\u00e1nasz\u00f3lok, mintegy nyomat\u00e9kos\u00edtom a l\u00e9nyeget. Ha rosszul \u00e9rezn\u00e9 mag\u00e1t, azonnal csengessen a szomsz\u00e9dn\u00e1l, vagy a h\u00e1zmestern\u00e9l, semmi esetre\u00a0 ne maradjon egyed\u00fcl.\u00a0 Semmi esetre!\u00a0 M\u00e9g visszan\u00e9z, a nevemet tudakolja&#8230;. Kinn v\u00e1ltozatlanul\u00a0hull a h\u00f3&#8230;.. v\u00e9g\u00e9rv\u00e9nyesen kifel\u00e9 tart, de ism\u00e9tli, mes\u00e9l szakadatlanul,\u00a0h\u00e1borg\u00f3 sz\u00edvvel\u00a0k\u00e1rhoztatja a sz\u00e1munkra ismeretlen\u00fcl is h\u0171tlenn\u00e9 v\u00e1lt, feln\u0151tt gyermekeit.<\/p>\n<p>A l\u00e1ny mindek\u00f6zben \u00f6nzetlen\u00fcl saj\u00e1t zsebb\u0151l kifizeti a taxit, m\u00e9g p\u00e1r eur\u00f3t belenyom az \u00f6regasszony zseb\u00e9be, \u00e9s \u00e9szrev\u00e9tlen\u00fcl hozz\u00e1tanul valami nagyon fontosat az \u00e9lethez&#8230;.<\/p>\n<p><em>Schultheis \u00c9va<\/em><\/p>\n<p><em>2017 adventje.<\/em><\/p>\n<p>&nbsp;<\/p>\n<p><em>A k\u00e9pen Mersits Piroska- \u00d6regasszony macsk\u00e1val c\u00edm\u0171 alkot\u00e1sa l\u00e1that\u00f3.<\/em><\/p>\n<p>&nbsp;<\/p>\n","protected":false},"excerpt":{"rendered":"<p>A l\u00e1togat\u00f3 Odakint hull a h\u00f3. V\u00e1rakoz\u00e1ssal vegyes boldogs\u00e1g ker\u00edt hatalm\u00e1ba. Nemsok\u00e1ra lej\u00e1r a munkaid\u0151m \u00e9s holnap, az els\u0151 adventet megel\u0151z\u0151 szombaton, szinte hihetetlen, de \u00e9vek \u00f3ta el\u0151sz\u00f3r\u00a0h\u00f3feh\u00e9rben k\u00f6sz\u00f6nt r\u00e1nk december&#8230;.. A rendel\u0151 ajtaja akadozottan ny\u00edlik. A n\u00e9nit egy fiatal f\u00e9rfi k\u00eds\u00e9ri be. Egyik kez\u00e9vel tehetetlen\u00fcl t\u00e1maszkodik a j\u00e1r\u00f3k\u00e1ra, a m\u00e1sikkal a f\u00e9rfiba csimpaszkodik. Hagyja, hogy az idegen gy\u00e1mkodjon f\u00f6l\u00f6tte. P\u00e9ntek d\u00e9lut\u00e1n k\u00e9t \u00f3ra t\u00e1jban, nincs orvosi rendel\u0151, amely ilyenkor nyitva tartana, jegyzi meg enyhe cinizmussal a fess j\u00e1r\u00f3kel\u0151, k\u00f6zben az \u00f6regasszonyra sand\u00edt. Az utc\u00e1n t\u00e1molygott szeg\u00e9nyke, azt mondja rosszul van, a gyomr\u00e1val vagy az em\u00e9szt\u00e9ssel lehet baja. Ma m\u00e9g semmit sem tudott mag\u00e1ban tartani. Megsajn\u00e1lta, \u00e9s elk\u00eds\u00e9rte. Maradhat? Neki sietnie kell tov\u00e1bb, ugyanis megbesz\u00e9l\u00e9se van. Mondom, j\u00f3, menjen csak, majd \u00e9n elboldogulok a h\u00f6lggyel. A f\u00e9rfi m\u00e1r rohan az ajt\u00f3 fel\u00e9. \u00c9n an\u00e9lk\u00fcl, hogy k\u00fcl\u00f6n\u00f6sebben feltekinten\u00e9k, elk\u00e9rem a n\u00e9nike eg\u00e9szs\u00e9g\u00fcgyi k\u00e1rty\u00e1j\u00e1t, k\u00f6zben leveleket jav\u00edtok, teszem a dolgom. Hallom a pap\u00edrcs\u00f6rtet\u00e9st, a pakol\u00e1st, de mivel el vagyok foglalva, nem k\u00fcl\u00f6n\u00f6sebben foglalkoztat, mi\u00e9rt tart ennyi ideig egy egyszer\u0171 k\u00e1rtya el\u0151keres\u00e9se. A c\u00f3km\u00f3kj\u00e1ban val\u00f3 kutat\u00e1s tov\u00e1bb folyik, kis id\u0151 m\u00falva viszont m\u00e1r \u00e9n unom meg, kezd gyan\u00fass\u00e1 v\u00e1lni a t\u00e9tova matat\u00e1s. Felkelek a helyemr\u0151l, \u00e1tl\u00e9pek hozz\u00e1 a pult m\u00f6g\u00fcl. Az \u00f6regasszony l\u00e1zr\u00f3zs\u00e1s homlok\u00e1r\u00f3l horgolt kend\u0151je hanyagul lecs\u00faszik, ideges kapkod\u00e1s, k\u00e9ts\u00e9gbees\u00e9s t\u00fckr\u00f6z\u0151dik a szem\u00e9b\u0151l. Seg\u00edtek, jelentem ki hat\u00e1rozottan. Meg sem v\u00e1rva b\u00f3lint\u00f3 beleegyez\u00e9s\u00e9t, odal\u00e9pek a j\u00e1r\u00f3k\u00e1hoz, egyetlen mozdulattal kiemelem\u00a0egy m\u00e1sik v\u00edzhatlan szatyorb\u00f3l\u00a0a k\u00e9zit\u00e1sk\u00e1j\u00e1t, amelyben m\u00e1r ott sorakozik egy halom id\u0151k\u00f6zben \u00e1tlapozott lev\u00e9lk\u00f6teg. Meglep\u0151d\u00f6m, csak nem szokta ezeket az iratokat mag\u00e1val cipelni?\u00a0 Dehogy, csak \u00e9pp most \u00fcr\u00edtette ki a postal\u00e1d\u00e1j\u00e1t november \u00f3ta el\u0151sz\u00f6r. Az\u00f3ta nem j\u00e1rt kinn? K\u00e9rdezem magamban, de nem mondom hangosan. M\u00e1r nem is csod\u00e1lkozom. A t\u00e1ska szinte \u00fcres, egy mell\u00e9krekeszben v\u00e9gre el\u0151bukkan a p\u00e9nzt\u00e1rca \u00e9s egy kulcs. \u00c9rzem a\u00a0 zavart tehetetlens\u00e9get, a fesz\u00fclts\u00e9get. Ekkor m\u00e1r r\u00e1d\u00f6bbenek a n\u00e9nike gy\u00e1moltalan, kiszolg\u00e1ltatott helyzet\u00e9re&#8230;. <\/p>\n<p><a class=\"readmore\" href=\"https:\/\/stuttgarti-katolikusok.de\/index.php\/schultheis-eva-a-latogato\/\">R\u00e9szletek<\/a><\/p>\n","protected":false},"author":3,"featured_media":0,"comment_status":"closed","ping_status":"closed","sticky":false,"template":"","format":"standard","meta":{"footnotes":""},"categories":[28],"tags":[],"class_list":["post-13204","post","type-post","status-publish","format-standard","hentry","category-olvasoink-irjak"],"yoast_head":"<!-- This site is optimized with the Yoast SEO plugin v27.3 - https:\/\/yoast.com\/product\/yoast-seo-wordpress\/ -->\n<title>Schultheis \u00c9va: A l\u00e1togat\u00f3 - Stuttgarti Katolikusok<\/title>\n<meta name=\"robots\" content=\"index, follow, max-snippet:-1, max-image-preview:large, max-video-preview:-1\" \/>\n<link rel=\"canonical\" href=\"https:\/\/stuttgarti-katolikusok.de\/index.php\/schultheis-eva-a-latogato\/\" \/>\n<meta property=\"og:locale\" content=\"hu_HU\" \/>\n<meta property=\"og:type\" content=\"article\" \/>\n<meta property=\"og:title\" content=\"Schultheis \u00c9va: A l\u00e1togat\u00f3 - Stuttgarti Katolikusok\" \/>\n<meta property=\"og:description\" content=\"A l\u00e1togat\u00f3 Odakint hull a h\u00f3. V\u00e1rakoz\u00e1ssal vegyes boldogs\u00e1g ker\u00edt hatalm\u00e1ba. Nemsok\u00e1ra lej\u00e1r a munkaid\u0151m \u00e9s holnap, az els\u0151 adventet megel\u0151z\u0151 szombaton, szinte hihetetlen, de \u00e9vek \u00f3ta el\u0151sz\u00f3r\u00a0h\u00f3feh\u00e9rben k\u00f6sz\u00f6nt r\u00e1nk december&#8230;.. A rendel\u0151 ajtaja akadozottan ny\u00edlik. A n\u00e9nit egy fiatal f\u00e9rfi k\u00eds\u00e9ri be. Egyik kez\u00e9vel tehetetlen\u00fcl t\u00e1maszkodik a j\u00e1r\u00f3k\u00e1ra, a m\u00e1sikkal a f\u00e9rfiba csimpaszkodik. Hagyja, hogy az idegen gy\u00e1mkodjon f\u00f6l\u00f6tte. P\u00e9ntek d\u00e9lut\u00e1n k\u00e9t \u00f3ra t\u00e1jban, nincs orvosi rendel\u0151, amely ilyenkor nyitva tartana, jegyzi meg enyhe cinizmussal a fess j\u00e1r\u00f3kel\u0151, k\u00f6zben az \u00f6regasszonyra sand\u00edt. Az utc\u00e1n t\u00e1molygott szeg\u00e9nyke, azt mondja rosszul van, a gyomr\u00e1val vagy az em\u00e9szt\u00e9ssel lehet baja. Ma m\u00e9g semmit sem tudott mag\u00e1ban tartani. Megsajn\u00e1lta, \u00e9s elk\u00eds\u00e9rte. Maradhat? Neki sietnie kell tov\u00e1bb, ugyanis megbesz\u00e9l\u00e9se van. Mondom, j\u00f3, menjen csak, majd \u00e9n elboldogulok a h\u00f6lggyel. A f\u00e9rfi m\u00e1r rohan az ajt\u00f3 fel\u00e9. \u00c9n an\u00e9lk\u00fcl, hogy k\u00fcl\u00f6n\u00f6sebben feltekinten\u00e9k, elk\u00e9rem a n\u00e9nike eg\u00e9szs\u00e9g\u00fcgyi k\u00e1rty\u00e1j\u00e1t, k\u00f6zben leveleket jav\u00edtok, teszem a dolgom. Hallom a pap\u00edrcs\u00f6rtet\u00e9st, a pakol\u00e1st, de mivel el vagyok foglalva, nem k\u00fcl\u00f6n\u00f6sebben foglalkoztat, mi\u00e9rt tart ennyi ideig egy egyszer\u0171 k\u00e1rtya el\u0151keres\u00e9se. A c\u00f3km\u00f3kj\u00e1ban val\u00f3 kutat\u00e1s tov\u00e1bb folyik, kis id\u0151 m\u00falva viszont m\u00e1r \u00e9n unom meg, kezd gyan\u00fass\u00e1 v\u00e1lni a t\u00e9tova matat\u00e1s. Felkelek a helyemr\u0151l, \u00e1tl\u00e9pek hozz\u00e1 a pult m\u00f6g\u00fcl. Az \u00f6regasszony l\u00e1zr\u00f3zs\u00e1s homlok\u00e1r\u00f3l horgolt kend\u0151je hanyagul lecs\u00faszik, ideges kapkod\u00e1s, k\u00e9ts\u00e9gbees\u00e9s t\u00fckr\u00f6z\u0151dik a szem\u00e9b\u0151l. Seg\u00edtek, jelentem ki hat\u00e1rozottan. Meg sem v\u00e1rva b\u00f3lint\u00f3 beleegyez\u00e9s\u00e9t, odal\u00e9pek a j\u00e1r\u00f3k\u00e1hoz, egyetlen mozdulattal kiemelem\u00a0egy m\u00e1sik v\u00edzhatlan szatyorb\u00f3l\u00a0a k\u00e9zit\u00e1sk\u00e1j\u00e1t, amelyben m\u00e1r ott sorakozik egy halom id\u0151k\u00f6zben \u00e1tlapozott lev\u00e9lk\u00f6teg. Meglep\u0151d\u00f6m, csak nem szokta ezeket az iratokat mag\u00e1val cipelni?\u00a0 Dehogy, csak \u00e9pp most \u00fcr\u00edtette ki a postal\u00e1d\u00e1j\u00e1t november \u00f3ta el\u0151sz\u00f6r. Az\u00f3ta nem j\u00e1rt kinn? K\u00e9rdezem magamban, de nem mondom hangosan. M\u00e1r nem is csod\u00e1lkozom. A t\u00e1ska szinte \u00fcres, egy mell\u00e9krekeszben v\u00e9gre el\u0151bukkan a p\u00e9nzt\u00e1rca \u00e9s egy kulcs. \u00c9rzem a\u00a0 zavart tehetetlens\u00e9get, a fesz\u00fclts\u00e9get. Ekkor m\u00e1r r\u00e1d\u00f6bbenek a n\u00e9nike gy\u00e1moltalan, kiszolg\u00e1ltatott helyzet\u00e9re.... R\u00e9szletek\" \/>\n<meta property=\"og:url\" content=\"https:\/\/stuttgarti-katolikusok.de\/index.php\/schultheis-eva-a-latogato\/\" \/>\n<meta property=\"og:site_name\" content=\"Stuttgarti Katolikusok\" \/>\n<meta property=\"article:published_time\" content=\"2017-12-11T13:03:39+00:00\" \/>\n<meta name=\"author\" content=\"Tibor atya\" \/>\n<meta name=\"twitter:card\" content=\"summary_large_image\" \/>\n<meta name=\"twitter:label1\" content=\"Szerz\u0151:\" \/>\n\t<meta name=\"twitter:data1\" content=\"Tibor atya\" \/>\n\t<meta name=\"twitter:label2\" content=\"Becs\u00fclt olvas\u00e1si id\u0151\" \/>\n\t<meta name=\"twitter:data2\" content=\"7 perc\" \/>\n<script type=\"application\/ld+json\" class=\"yoast-schema-graph\">{\"@context\":\"https:\\\/\\\/schema.org\",\"@graph\":[{\"@type\":\"Article\",\"@id\":\"https:\\\/\\\/stuttgarti-katolikusok.de\\\/index.php\\\/schultheis-eva-a-latogato\\\/#article\",\"isPartOf\":{\"@id\":\"https:\\\/\\\/stuttgarti-katolikusok.de\\\/index.php\\\/schultheis-eva-a-latogato\\\/\"},\"author\":{\"name\":\"Tibor atya\",\"@id\":\"https:\\\/\\\/stuttgarti-katolikusok.de\\\/#\\\/schema\\\/person\\\/75908d6f8fdc03a57889d27209df7795\"},\"headline\":\"Schultheis \u00c9va: A l\u00e1togat\u00f3\",\"datePublished\":\"2017-12-11T13:03:39+00:00\",\"mainEntityOfPage\":{\"@id\":\"https:\\\/\\\/stuttgarti-katolikusok.de\\\/index.php\\\/schultheis-eva-a-latogato\\\/\"},\"wordCount\":1426,\"articleSection\":[\"Olvas\u00f3ink \u00edrj\u00e1k\"],\"inLanguage\":\"hu\"},{\"@type\":\"WebPage\",\"@id\":\"https:\\\/\\\/stuttgarti-katolikusok.de\\\/index.php\\\/schultheis-eva-a-latogato\\\/\",\"url\":\"https:\\\/\\\/stuttgarti-katolikusok.de\\\/index.php\\\/schultheis-eva-a-latogato\\\/\",\"name\":\"Schultheis \u00c9va: A l\u00e1togat\u00f3 - Stuttgarti Katolikusok\",\"isPartOf\":{\"@id\":\"https:\\\/\\\/stuttgarti-katolikusok.de\\\/#website\"},\"datePublished\":\"2017-12-11T13:03:39+00:00\",\"author\":{\"@id\":\"https:\\\/\\\/stuttgarti-katolikusok.de\\\/#\\\/schema\\\/person\\\/75908d6f8fdc03a57889d27209df7795\"},\"breadcrumb\":{\"@id\":\"https:\\\/\\\/stuttgarti-katolikusok.de\\\/index.php\\\/schultheis-eva-a-latogato\\\/#breadcrumb\"},\"inLanguage\":\"hu\",\"potentialAction\":[{\"@type\":\"ReadAction\",\"target\":[\"https:\\\/\\\/stuttgarti-katolikusok.de\\\/index.php\\\/schultheis-eva-a-latogato\\\/\"]}]},{\"@type\":\"BreadcrumbList\",\"@id\":\"https:\\\/\\\/stuttgarti-katolikusok.de\\\/index.php\\\/schultheis-eva-a-latogato\\\/#breadcrumb\",\"itemListElement\":[{\"@type\":\"ListItem\",\"position\":1,\"name\":\"Kezd\u0151lap\",\"item\":\"https:\\\/\\\/stuttgarti-katolikusok.de\\\/\"},{\"@type\":\"ListItem\",\"position\":2,\"name\":\"Schultheis \u00c9va: A l\u00e1togat\u00f3\"}]},{\"@type\":\"WebSite\",\"@id\":\"https:\\\/\\\/stuttgarti-katolikusok.de\\\/#website\",\"url\":\"https:\\\/\\\/stuttgarti-katolikusok.de\\\/\",\"name\":\"Stuttgarti Katolikusok\",\"description\":\"\",\"potentialAction\":[{\"@type\":\"SearchAction\",\"target\":{\"@type\":\"EntryPoint\",\"urlTemplate\":\"https:\\\/\\\/stuttgarti-katolikusok.de\\\/?s={search_term_string}\"},\"query-input\":{\"@type\":\"PropertyValueSpecification\",\"valueRequired\":true,\"valueName\":\"search_term_string\"}}],\"inLanguage\":\"hu\"},{\"@type\":\"Person\",\"@id\":\"https:\\\/\\\/stuttgarti-katolikusok.de\\\/#\\\/schema\\\/person\\\/75908d6f8fdc03a57889d27209df7795\",\"name\":\"Tibor atya\",\"image\":{\"@type\":\"ImageObject\",\"inLanguage\":\"hu\",\"@id\":\"https:\\\/\\\/secure.gravatar.com\\\/avatar\\\/61d268e57d1f4525b111222e29d2d5a7f8c420fdbf231ba5566a8ceac74fa960?s=96&d=mm&r=g\",\"url\":\"https:\\\/\\\/secure.gravatar.com\\\/avatar\\\/61d268e57d1f4525b111222e29d2d5a7f8c420fdbf231ba5566a8ceac74fa960?s=96&d=mm&r=g\",\"contentUrl\":\"https:\\\/\\\/secure.gravatar.com\\\/avatar\\\/61d268e57d1f4525b111222e29d2d5a7f8c420fdbf231ba5566a8ceac74fa960?s=96&d=mm&r=g\",\"caption\":\"Tibor atya\"},\"url\":\"https:\\\/\\\/stuttgarti-katolikusok.de\\\/index.php\\\/author\\\/tibor-atya\\\/\"}]}<\/script>\n<!-- \/ Yoast SEO plugin. -->","yoast_head_json":{"title":"Schultheis \u00c9va: A l\u00e1togat\u00f3 - Stuttgarti Katolikusok","robots":{"index":"index","follow":"follow","max-snippet":"max-snippet:-1","max-image-preview":"max-image-preview:large","max-video-preview":"max-video-preview:-1"},"canonical":"https:\/\/stuttgarti-katolikusok.de\/index.php\/schultheis-eva-a-latogato\/","og_locale":"hu_HU","og_type":"article","og_title":"Schultheis \u00c9va: A l\u00e1togat\u00f3 - Stuttgarti Katolikusok","og_description":"A l\u00e1togat\u00f3 Odakint hull a h\u00f3. V\u00e1rakoz\u00e1ssal vegyes boldogs\u00e1g ker\u00edt hatalm\u00e1ba. Nemsok\u00e1ra lej\u00e1r a munkaid\u0151m \u00e9s holnap, az els\u0151 adventet megel\u0151z\u0151 szombaton, szinte hihetetlen, de \u00e9vek \u00f3ta el\u0151sz\u00f3r\u00a0h\u00f3feh\u00e9rben k\u00f6sz\u00f6nt r\u00e1nk december&#8230;.. A rendel\u0151 ajtaja akadozottan ny\u00edlik. A n\u00e9nit egy fiatal f\u00e9rfi k\u00eds\u00e9ri be. Egyik kez\u00e9vel tehetetlen\u00fcl t\u00e1maszkodik a j\u00e1r\u00f3k\u00e1ra, a m\u00e1sikkal a f\u00e9rfiba csimpaszkodik. Hagyja, hogy az idegen gy\u00e1mkodjon f\u00f6l\u00f6tte. P\u00e9ntek d\u00e9lut\u00e1n k\u00e9t \u00f3ra t\u00e1jban, nincs orvosi rendel\u0151, amely ilyenkor nyitva tartana, jegyzi meg enyhe cinizmussal a fess j\u00e1r\u00f3kel\u0151, k\u00f6zben az \u00f6regasszonyra sand\u00edt. Az utc\u00e1n t\u00e1molygott szeg\u00e9nyke, azt mondja rosszul van, a gyomr\u00e1val vagy az em\u00e9szt\u00e9ssel lehet baja. Ma m\u00e9g semmit sem tudott mag\u00e1ban tartani. Megsajn\u00e1lta, \u00e9s elk\u00eds\u00e9rte. Maradhat? Neki sietnie kell tov\u00e1bb, ugyanis megbesz\u00e9l\u00e9se van. Mondom, j\u00f3, menjen csak, majd \u00e9n elboldogulok a h\u00f6lggyel. A f\u00e9rfi m\u00e1r rohan az ajt\u00f3 fel\u00e9. \u00c9n an\u00e9lk\u00fcl, hogy k\u00fcl\u00f6n\u00f6sebben feltekinten\u00e9k, elk\u00e9rem a n\u00e9nike eg\u00e9szs\u00e9g\u00fcgyi k\u00e1rty\u00e1j\u00e1t, k\u00f6zben leveleket jav\u00edtok, teszem a dolgom. Hallom a pap\u00edrcs\u00f6rtet\u00e9st, a pakol\u00e1st, de mivel el vagyok foglalva, nem k\u00fcl\u00f6n\u00f6sebben foglalkoztat, mi\u00e9rt tart ennyi ideig egy egyszer\u0171 k\u00e1rtya el\u0151keres\u00e9se. A c\u00f3km\u00f3kj\u00e1ban val\u00f3 kutat\u00e1s tov\u00e1bb folyik, kis id\u0151 m\u00falva viszont m\u00e1r \u00e9n unom meg, kezd gyan\u00fass\u00e1 v\u00e1lni a t\u00e9tova matat\u00e1s. Felkelek a helyemr\u0151l, \u00e1tl\u00e9pek hozz\u00e1 a pult m\u00f6g\u00fcl. Az \u00f6regasszony l\u00e1zr\u00f3zs\u00e1s homlok\u00e1r\u00f3l horgolt kend\u0151je hanyagul lecs\u00faszik, ideges kapkod\u00e1s, k\u00e9ts\u00e9gbees\u00e9s t\u00fckr\u00f6z\u0151dik a szem\u00e9b\u0151l. Seg\u00edtek, jelentem ki hat\u00e1rozottan. Meg sem v\u00e1rva b\u00f3lint\u00f3 beleegyez\u00e9s\u00e9t, odal\u00e9pek a j\u00e1r\u00f3k\u00e1hoz, egyetlen mozdulattal kiemelem\u00a0egy m\u00e1sik v\u00edzhatlan szatyorb\u00f3l\u00a0a k\u00e9zit\u00e1sk\u00e1j\u00e1t, amelyben m\u00e1r ott sorakozik egy halom id\u0151k\u00f6zben \u00e1tlapozott lev\u00e9lk\u00f6teg. Meglep\u0151d\u00f6m, csak nem szokta ezeket az iratokat mag\u00e1val cipelni?\u00a0 Dehogy, csak \u00e9pp most \u00fcr\u00edtette ki a postal\u00e1d\u00e1j\u00e1t november \u00f3ta el\u0151sz\u00f6r. Az\u00f3ta nem j\u00e1rt kinn? K\u00e9rdezem magamban, de nem mondom hangosan. M\u00e1r nem is csod\u00e1lkozom. A t\u00e1ska szinte \u00fcres, egy mell\u00e9krekeszben v\u00e9gre el\u0151bukkan a p\u00e9nzt\u00e1rca \u00e9s egy kulcs. \u00c9rzem a\u00a0 zavart tehetetlens\u00e9get, a fesz\u00fclts\u00e9get. Ekkor m\u00e1r r\u00e1d\u00f6bbenek a n\u00e9nike gy\u00e1moltalan, kiszolg\u00e1ltatott helyzet\u00e9re.... R\u00e9szletek","og_url":"https:\/\/stuttgarti-katolikusok.de\/index.php\/schultheis-eva-a-latogato\/","og_site_name":"Stuttgarti Katolikusok","article_published_time":"2017-12-11T13:03:39+00:00","author":"Tibor atya","twitter_card":"summary_large_image","twitter_misc":{"Szerz\u0151:":"Tibor atya","Becs\u00fclt olvas\u00e1si id\u0151":"7 perc"},"schema":{"@context":"https:\/\/schema.org","@graph":[{"@type":"Article","@id":"https:\/\/stuttgarti-katolikusok.de\/index.php\/schultheis-eva-a-latogato\/#article","isPartOf":{"@id":"https:\/\/stuttgarti-katolikusok.de\/index.php\/schultheis-eva-a-latogato\/"},"author":{"name":"Tibor atya","@id":"https:\/\/stuttgarti-katolikusok.de\/#\/schema\/person\/75908d6f8fdc03a57889d27209df7795"},"headline":"Schultheis \u00c9va: A l\u00e1togat\u00f3","datePublished":"2017-12-11T13:03:39+00:00","mainEntityOfPage":{"@id":"https:\/\/stuttgarti-katolikusok.de\/index.php\/schultheis-eva-a-latogato\/"},"wordCount":1426,"articleSection":["Olvas\u00f3ink \u00edrj\u00e1k"],"inLanguage":"hu"},{"@type":"WebPage","@id":"https:\/\/stuttgarti-katolikusok.de\/index.php\/schultheis-eva-a-latogato\/","url":"https:\/\/stuttgarti-katolikusok.de\/index.php\/schultheis-eva-a-latogato\/","name":"Schultheis \u00c9va: A l\u00e1togat\u00f3 - Stuttgarti Katolikusok","isPartOf":{"@id":"https:\/\/stuttgarti-katolikusok.de\/#website"},"datePublished":"2017-12-11T13:03:39+00:00","author":{"@id":"https:\/\/stuttgarti-katolikusok.de\/#\/schema\/person\/75908d6f8fdc03a57889d27209df7795"},"breadcrumb":{"@id":"https:\/\/stuttgarti-katolikusok.de\/index.php\/schultheis-eva-a-latogato\/#breadcrumb"},"inLanguage":"hu","potentialAction":[{"@type":"ReadAction","target":["https:\/\/stuttgarti-katolikusok.de\/index.php\/schultheis-eva-a-latogato\/"]}]},{"@type":"BreadcrumbList","@id":"https:\/\/stuttgarti-katolikusok.de\/index.php\/schultheis-eva-a-latogato\/#breadcrumb","itemListElement":[{"@type":"ListItem","position":1,"name":"Kezd\u0151lap","item":"https:\/\/stuttgarti-katolikusok.de\/"},{"@type":"ListItem","position":2,"name":"Schultheis \u00c9va: A l\u00e1togat\u00f3"}]},{"@type":"WebSite","@id":"https:\/\/stuttgarti-katolikusok.de\/#website","url":"https:\/\/stuttgarti-katolikusok.de\/","name":"Stuttgarti Katolikusok","description":"","potentialAction":[{"@type":"SearchAction","target":{"@type":"EntryPoint","urlTemplate":"https:\/\/stuttgarti-katolikusok.de\/?s={search_term_string}"},"query-input":{"@type":"PropertyValueSpecification","valueRequired":true,"valueName":"search_term_string"}}],"inLanguage":"hu"},{"@type":"Person","@id":"https:\/\/stuttgarti-katolikusok.de\/#\/schema\/person\/75908d6f8fdc03a57889d27209df7795","name":"Tibor atya","image":{"@type":"ImageObject","inLanguage":"hu","@id":"https:\/\/secure.gravatar.com\/avatar\/61d268e57d1f4525b111222e29d2d5a7f8c420fdbf231ba5566a8ceac74fa960?s=96&d=mm&r=g","url":"https:\/\/secure.gravatar.com\/avatar\/61d268e57d1f4525b111222e29d2d5a7f8c420fdbf231ba5566a8ceac74fa960?s=96&d=mm&r=g","contentUrl":"https:\/\/secure.gravatar.com\/avatar\/61d268e57d1f4525b111222e29d2d5a7f8c420fdbf231ba5566a8ceac74fa960?s=96&d=mm&r=g","caption":"Tibor atya"},"url":"https:\/\/stuttgarti-katolikusok.de\/index.php\/author\/tibor-atya\/"}]}},"_links":{"self":[{"href":"https:\/\/stuttgarti-katolikusok.de\/index.php\/wp-json\/wp\/v2\/posts\/13204","targetHints":{"allow":["GET"]}}],"collection":[{"href":"https:\/\/stuttgarti-katolikusok.de\/index.php\/wp-json\/wp\/v2\/posts"}],"about":[{"href":"https:\/\/stuttgarti-katolikusok.de\/index.php\/wp-json\/wp\/v2\/types\/post"}],"author":[{"embeddable":true,"href":"https:\/\/stuttgarti-katolikusok.de\/index.php\/wp-json\/wp\/v2\/users\/3"}],"replies":[{"embeddable":true,"href":"https:\/\/stuttgarti-katolikusok.de\/index.php\/wp-json\/wp\/v2\/comments?post=13204"}],"version-history":[{"count":1,"href":"https:\/\/stuttgarti-katolikusok.de\/index.php\/wp-json\/wp\/v2\/posts\/13204\/revisions"}],"predecessor-version":[{"id":13206,"href":"https:\/\/stuttgarti-katolikusok.de\/index.php\/wp-json\/wp\/v2\/posts\/13204\/revisions\/13206"}],"wp:attachment":[{"href":"https:\/\/stuttgarti-katolikusok.de\/index.php\/wp-json\/wp\/v2\/media?parent=13204"}],"wp:term":[{"taxonomy":"category","embeddable":true,"href":"https:\/\/stuttgarti-katolikusok.de\/index.php\/wp-json\/wp\/v2\/categories?post=13204"},{"taxonomy":"post_tag","embeddable":true,"href":"https:\/\/stuttgarti-katolikusok.de\/index.php\/wp-json\/wp\/v2\/tags?post=13204"}],"curies":[{"name":"wp","href":"https:\/\/api.w.org\/{rel}","templated":true}]}}