{"id":13127,"date":"2017-12-04T09:46:18","date_gmt":"2017-12-04T09:46:18","guid":{"rendered":"https:\/\/gracious-dewdney.138-201-221-2.plesk.page\/?p=13127"},"modified":"2017-12-04T18:26:55","modified_gmt":"2017-12-04T18:26:55","slug":"programelozetes-december-4-es-10-kozott","status":"publish","type":"post","link":"https:\/\/stuttgarti-katolikusok.de\/index.php\/programelozetes-december-4-es-10-kozott\/","title":{"rendered":"Programel\u0151zetes december 4 \u00e9s 10 k\u00f6z\u00f6tt"},"content":{"rendered":"<p><strong>Programel\u0151zetes<\/strong><\/p>\n<p><strong>December 6-\u00e1n, <\/strong>szerd\u00e1n,<\/p>\n<p><strong>\u00a0 \u00a0 \u00a0 \u00a0 \u00a0 \u00a0Stuttgartban<\/strong> 10.15 \u00f3rakor n\u00e9met nyelv\u0171 szentmise a Bruder-Klaus templomban.<\/p>\n<p style=\"text-align: center;\">*<\/p>\n<p><strong>December 7-\u00e9n, <\/strong><strong>cs\u00fct\u00f6rt\u00f6k\u00f6n,<\/strong><\/p>\n<p><strong>\u00a0\u00a0\u00a0\u00a0\u00a0\u00a0\u00a0\u00a0\u00a0\u00a0\u00a0 <\/strong><strong>Ulmban<\/strong> 17.30 \u00f3r\u00e1t\u00f3l <em>szentmise<\/em>. El\u0151tte <em>r\u00f3zsaf\u00fcz\u00e9r <\/em>\u00e9s<em> gy\u00f3ntat\u00e1s<\/em>, ut\u00e1na <em>Besz\u00e9lget\u00e9sek a Bibli\u00e1r\u00f3l. <\/em><\/p>\n<p style=\"text-align: center;\">*<\/p>\n<p><strong>December 8-\u00e1n, <\/strong>p\u00e9nteken, Szepl\u0151telen fogantat\u00e1s \u00fcnnep\u00e9n,<\/p>\n<p><strong>\u00a0 \u00a0 \u00a0 \u00a0 \u00a0 \u00a0 Stuttgartban<\/strong> 8.00 \u00f3rakor <em>ror\u00e1t\u00e9<\/em>. Ut\u00e1na az Irod\u00e1n <em>k\u00f6z\u00f6s adventi reggeli.<\/em><\/p>\n<p>16.00 \u00f3rakor <em>Bar\u00e1ts\u00e1gklub<\/em>. Keret\u00e9ben <em>Adventi \u00fcnneps\u00e9g.<\/em><\/p>\n<p>19.00 \u00f3rakor <em>Sportklub<\/em>.<\/p>\n<p><strong>\u00a0 \u00a0 \u00a0 \u00a0 \u00a0 \u00a0Weingarteni d\u00e9lut\u00e1n<\/strong> a Marien Kirche-ben. 17.30 \u00f3rakor <em>r\u00f3zsaf\u00fcz\u00e9r im\u00e1ds\u00e1g<\/em>, 18.00 \u00f3rakor <em>szentmise<\/em>, azt k\u00f6vet\u0151en pedig <em>Besz\u00e9lget\u00e9sek a Bibli\u00e1r\u00f3l<\/em>.<\/p>\n<p style=\"text-align: center;\">*<\/p>\n<p><strong>December 9-\u00e9n<\/strong>, szombaton,<\/p>\n<p><strong>\u00a0 \u00a0 \u00a0 \u00a0 \u00a0 \u00a0Weingartenben<\/strong> 6.30 \u00f3rakor <em>ror\u00e1t\u00e9.<\/em><\/p>\n<p><strong>\u00a0 \u00a0 \u00a0 \u00a0 \u00a0 \u00a0Friedrichshafenben<\/strong> 17.00 \u00f3rakor <em>szentmise<\/em>. Ut\u00e1na <em>\u00e1g\u00e1p\u00e9<\/em>.<\/p>\n<p style=\"text-align: center;\">*<\/p>\n<p><strong>December 10-\u00e9n, <\/strong>vas\u00e1rnap, Advent 2. vas\u00e1rnapja,<\/p>\n<p><strong>\u00a0\u00a0\u00a0\u00a0\u00a0\u00a0\u00a0\u00a0\u00a0\u00a0\u00a0 Weingartenben <\/strong>10.00 \u00f3rakor <em>szentmise<\/em>, ut\u00e1na <em>\u00e1g\u00e1p\u00e9<\/em>.<\/p>\n<p><strong>\u00a0\u00a0\u00a0\u00a0\u00a0\u00a0\u00a0\u00a0\u00a0\u00a0\u00a0 <\/strong><strong>Ulmban<\/strong> 15.00 \u00f3rakor <em>szentmise<\/em>, ut\u00e1na <em>\u00e1g\u00e1p\u00e9<\/em>.<\/p>\n<p><strong>\u00a0 \u00a0 \u00a0 \u00a0 \u00a0 \u00a0 Pforzheimban <\/strong>15.00 \u00f3rakor <em>szentmise<\/em>, ut\u00e1na <em>\u00e1g\u00e1p\u00e9<\/em>.<\/p>\n<p style=\"text-align: center;\">*<\/p>\n<p>Minden helyen mindenkit szeretettel v\u00e1r a k\u00f6z\u00f6ss\u00e9g, Imre atya \u00e9s Tibor atya!<\/p>\n<p><em>\u201eAdvent \u00e9s Kar\u00e1csony olyan, mint a kulcslyuk, amelyen kereszt\u00fcl f\u00f6ldi \u2013 n\u00e9ha s\u00f6t\u00e9t \u2013 \u00e9let\u00fatjainkra a mennyei haz\u00e1b\u00f3l egy-egy f\u00e9nysug\u00e1r hull\u201c <\/em><strong>(Friedrich von Bodelschwingh \u2013 1831-1910 \u2013 n\u00e9met lelk\u00e9sz)<\/strong><\/p>\n<p><strong><em>Sz\u00e9p adventi napokat, j\u00f3 munk\u00e1t, tartalmas besz\u00e9lget\u00e9seket \u00e9s \u00f6r\u00f6mteli tal\u00e1lkoz\u00e1sokat k\u00edv\u00e1nunk minden Kedves H\u00edv\u00fcnknek!<\/em><\/strong><\/p>\n","protected":false},"excerpt":{"rendered":"<p>Programel\u0151zetes December 6-\u00e1n, szerd\u00e1n, \u00a0 \u00a0 \u00a0 \u00a0 \u00a0 \u00a0Stuttgartban 10.15 \u00f3rakor n\u00e9met nyelv\u0171 szentmise a Bruder-Klaus templomban. * December 7-\u00e9n, cs\u00fct\u00f6rt\u00f6k\u00f6n, \u00a0\u00a0\u00a0\u00a0\u00a0\u00a0\u00a0\u00a0\u00a0\u00a0\u00a0 Ulmban 17.30 \u00f3r\u00e1t\u00f3l szentmise. El\u0151tte r\u00f3zsaf\u00fcz\u00e9r \u00e9s gy\u00f3ntat\u00e1s, ut\u00e1na Besz\u00e9lget\u00e9sek a Bibli\u00e1r\u00f3l. * December 8-\u00e1n, p\u00e9nteken, Szepl\u0151telen fogantat\u00e1s \u00fcnnep\u00e9n, \u00a0 \u00a0 \u00a0 \u00a0 \u00a0 \u00a0 Stuttgartban 8.00 \u00f3rakor ror\u00e1t\u00e9. Ut\u00e1na az Irod\u00e1n k\u00f6z\u00f6s adventi reggeli. 16.00 \u00f3rakor Bar\u00e1ts\u00e1gklub. Keret\u00e9ben Adventi \u00fcnneps\u00e9g. 19.00 \u00f3rakor Sportklub. \u00a0 \u00a0 \u00a0 \u00a0 \u00a0 \u00a0Weingarteni d\u00e9lut\u00e1n a Marien Kirche-ben. 17.30 \u00f3rakor r\u00f3zsaf\u00fcz\u00e9r im\u00e1ds\u00e1g, 18.00 \u00f3rakor szentmise, azt k\u00f6vet\u0151en pedig Besz\u00e9lget\u00e9sek a Bibli\u00e1r\u00f3l. * December 9-\u00e9n, szombaton, \u00a0 \u00a0 \u00a0 \u00a0 \u00a0 \u00a0Weingartenben 6.30 \u00f3rakor ror\u00e1t\u00e9. \u00a0 \u00a0 \u00a0 \u00a0 \u00a0 \u00a0Friedrichshafenben 17.00 \u00f3rakor szentmise. Ut\u00e1na \u00e1g\u00e1p\u00e9. * December 10-\u00e9n, vas\u00e1rnap, Advent 2. vas\u00e1rnapja, \u00a0\u00a0\u00a0\u00a0\u00a0\u00a0\u00a0\u00a0\u00a0\u00a0\u00a0 Weingartenben 10.00 \u00f3rakor szentmise, ut\u00e1na \u00e1g\u00e1p\u00e9. \u00a0\u00a0\u00a0\u00a0\u00a0\u00a0\u00a0\u00a0\u00a0\u00a0\u00a0 Ulmban 15.00 \u00f3rakor szentmise, ut\u00e1na \u00e1g\u00e1p\u00e9. \u00a0 \u00a0 \u00a0 \u00a0 \u00a0 \u00a0 Pforzheimban 15.00 \u00f3rakor szentmise, ut\u00e1na \u00e1g\u00e1p\u00e9. * Minden helyen mindenkit szeretettel v\u00e1r a k\u00f6z\u00f6ss\u00e9g, Imre atya \u00e9s Tibor atya! \u201eAdvent \u00e9s Kar\u00e1csony olyan, mint a kulcslyuk, amelyen kereszt\u00fcl f\u00f6ldi \u2013 n\u00e9ha s\u00f6t\u00e9t \u2013 \u00e9let\u00fatjainkra a mennyei haz\u00e1b\u00f3l egy-egy f\u00e9nysug\u00e1r hull\u201c (Friedrich von Bodelschwingh \u2013 1831-1910 \u2013 n\u00e9met lelk\u00e9sz) Sz\u00e9p adventi napokat, j\u00f3 munk\u00e1t, tartalmas besz\u00e9lget\u00e9seket \u00e9s \u00f6r\u00f6mteli tal\u00e1lkoz\u00e1sokat k\u00edv\u00e1nunk minden Kedves H\u00edv\u00fcnknek!<\/p>\n","protected":false},"author":3,"featured_media":0,"comment_status":"closed","ping_status":"closed","sticky":false,"template":"","format":"standard","meta":{"footnotes":""},"categories":[37],"tags":[],"class_list":["post-13127","post","type-post","status-publish","format-standard","hentry","category-progamelozetes"],"yoast_head":"<!-- This site is optimized with the Yoast SEO plugin v27.3 - https:\/\/yoast.com\/product\/yoast-seo-wordpress\/ -->\n<title>Programel\u0151zetes december 4 \u00e9s 10 k\u00f6z\u00f6tt - Stuttgarti Katolikusok<\/title>\n<meta name=\"robots\" content=\"index, follow, max-snippet:-1, max-image-preview:large, max-video-preview:-1\" \/>\n<link rel=\"canonical\" href=\"https:\/\/stuttgarti-katolikusok.de\/index.php\/programelozetes-december-4-es-10-kozott\/\" \/>\n<meta property=\"og:locale\" content=\"hu_HU\" \/>\n<meta property=\"og:type\" content=\"article\" \/>\n<meta property=\"og:title\" content=\"Programel\u0151zetes december 4 \u00e9s 10 k\u00f6z\u00f6tt - Stuttgarti Katolikusok\" \/>\n<meta property=\"og:description\" content=\"Programel\u0151zetes December 6-\u00e1n, szerd\u00e1n, \u00a0 \u00a0 \u00a0 \u00a0 \u00a0 \u00a0Stuttgartban 10.15 \u00f3rakor n\u00e9met nyelv\u0171 szentmise a Bruder-Klaus templomban. * December 7-\u00e9n, cs\u00fct\u00f6rt\u00f6k\u00f6n, \u00a0\u00a0\u00a0\u00a0\u00a0\u00a0\u00a0\u00a0\u00a0\u00a0\u00a0 Ulmban 17.30 \u00f3r\u00e1t\u00f3l szentmise. El\u0151tte r\u00f3zsaf\u00fcz\u00e9r \u00e9s gy\u00f3ntat\u00e1s, ut\u00e1na Besz\u00e9lget\u00e9sek a Bibli\u00e1r\u00f3l. * December 8-\u00e1n, p\u00e9nteken, Szepl\u0151telen fogantat\u00e1s \u00fcnnep\u00e9n, \u00a0 \u00a0 \u00a0 \u00a0 \u00a0 \u00a0 Stuttgartban 8.00 \u00f3rakor ror\u00e1t\u00e9. Ut\u00e1na az Irod\u00e1n k\u00f6z\u00f6s adventi reggeli. 16.00 \u00f3rakor Bar\u00e1ts\u00e1gklub. Keret\u00e9ben Adventi \u00fcnneps\u00e9g. 19.00 \u00f3rakor Sportklub. \u00a0 \u00a0 \u00a0 \u00a0 \u00a0 \u00a0Weingarteni d\u00e9lut\u00e1n a Marien Kirche-ben. 17.30 \u00f3rakor r\u00f3zsaf\u00fcz\u00e9r im\u00e1ds\u00e1g, 18.00 \u00f3rakor szentmise, azt k\u00f6vet\u0151en pedig Besz\u00e9lget\u00e9sek a Bibli\u00e1r\u00f3l. * December 9-\u00e9n, szombaton, \u00a0 \u00a0 \u00a0 \u00a0 \u00a0 \u00a0Weingartenben 6.30 \u00f3rakor ror\u00e1t\u00e9. \u00a0 \u00a0 \u00a0 \u00a0 \u00a0 \u00a0Friedrichshafenben 17.00 \u00f3rakor szentmise. Ut\u00e1na \u00e1g\u00e1p\u00e9. * December 10-\u00e9n, vas\u00e1rnap, Advent 2. vas\u00e1rnapja, \u00a0\u00a0\u00a0\u00a0\u00a0\u00a0\u00a0\u00a0\u00a0\u00a0\u00a0 Weingartenben 10.00 \u00f3rakor szentmise, ut\u00e1na \u00e1g\u00e1p\u00e9. \u00a0\u00a0\u00a0\u00a0\u00a0\u00a0\u00a0\u00a0\u00a0\u00a0\u00a0 Ulmban 15.00 \u00f3rakor szentmise, ut\u00e1na \u00e1g\u00e1p\u00e9. \u00a0 \u00a0 \u00a0 \u00a0 \u00a0 \u00a0 Pforzheimban 15.00 \u00f3rakor szentmise, ut\u00e1na \u00e1g\u00e1p\u00e9. * Minden helyen mindenkit szeretettel v\u00e1r a k\u00f6z\u00f6ss\u00e9g, Imre atya \u00e9s Tibor atya! \u201eAdvent \u00e9s Kar\u00e1csony olyan, mint a kulcslyuk, amelyen kereszt\u00fcl f\u00f6ldi \u2013 n\u00e9ha s\u00f6t\u00e9t \u2013 \u00e9let\u00fatjainkra a mennyei haz\u00e1b\u00f3l egy-egy f\u00e9nysug\u00e1r hull\u201c (Friedrich von Bodelschwingh \u2013 1831-1910 \u2013 n\u00e9met lelk\u00e9sz) Sz\u00e9p adventi napokat, j\u00f3 munk\u00e1t, tartalmas besz\u00e9lget\u00e9seket \u00e9s \u00f6r\u00f6mteli tal\u00e1lkoz\u00e1sokat k\u00edv\u00e1nunk minden Kedves H\u00edv\u00fcnknek!\" \/>\n<meta property=\"og:url\" content=\"https:\/\/stuttgarti-katolikusok.de\/index.php\/programelozetes-december-4-es-10-kozott\/\" \/>\n<meta property=\"og:site_name\" content=\"Stuttgarti Katolikusok\" \/>\n<meta property=\"article:published_time\" content=\"2017-12-04T09:46:18+00:00\" \/>\n<meta property=\"article:modified_time\" content=\"2017-12-04T18:26:55+00:00\" \/>\n<meta name=\"author\" content=\"Tibor atya\" \/>\n<meta name=\"twitter:card\" content=\"summary_large_image\" \/>\n<meta name=\"twitter:label1\" content=\"Szerz\u0151:\" \/>\n\t<meta name=\"twitter:data1\" content=\"Tibor atya\" \/>\n\t<meta name=\"twitter:label2\" content=\"Becs\u00fclt olvas\u00e1si id\u0151\" \/>\n\t<meta name=\"twitter:data2\" content=\"1 perc\" \/>\n<script type=\"application\/ld+json\" class=\"yoast-schema-graph\">{\"@context\":\"https:\\\/\\\/schema.org\",\"@graph\":[{\"@type\":\"Article\",\"@id\":\"https:\\\/\\\/stuttgarti-katolikusok.de\\\/index.php\\\/programelozetes-december-4-es-10-kozott\\\/#article\",\"isPartOf\":{\"@id\":\"https:\\\/\\\/stuttgarti-katolikusok.de\\\/index.php\\\/programelozetes-december-4-es-10-kozott\\\/\"},\"author\":{\"name\":\"Tibor atya\",\"@id\":\"https:\\\/\\\/stuttgarti-katolikusok.de\\\/#\\\/schema\\\/person\\\/75908d6f8fdc03a57889d27209df7795\"},\"headline\":\"Programel\u0151zetes december 4 \u00e9s 10 k\u00f6z\u00f6tt\",\"datePublished\":\"2017-12-04T09:46:18+00:00\",\"dateModified\":\"2017-12-04T18:26:55+00:00\",\"mainEntityOfPage\":{\"@id\":\"https:\\\/\\\/stuttgarti-katolikusok.de\\\/index.php\\\/programelozetes-december-4-es-10-kozott\\\/\"},\"wordCount\":243,\"articleSection\":[\"Progamel\u0151zetes\"],\"inLanguage\":\"hu\"},{\"@type\":\"WebPage\",\"@id\":\"https:\\\/\\\/stuttgarti-katolikusok.de\\\/index.php\\\/programelozetes-december-4-es-10-kozott\\\/\",\"url\":\"https:\\\/\\\/stuttgarti-katolikusok.de\\\/index.php\\\/programelozetes-december-4-es-10-kozott\\\/\",\"name\":\"Programel\u0151zetes december 4 \u00e9s 10 k\u00f6z\u00f6tt - Stuttgarti Katolikusok\",\"isPartOf\":{\"@id\":\"https:\\\/\\\/stuttgarti-katolikusok.de\\\/#website\"},\"datePublished\":\"2017-12-04T09:46:18+00:00\",\"dateModified\":\"2017-12-04T18:26:55+00:00\",\"author\":{\"@id\":\"https:\\\/\\\/stuttgarti-katolikusok.de\\\/#\\\/schema\\\/person\\\/75908d6f8fdc03a57889d27209df7795\"},\"breadcrumb\":{\"@id\":\"https:\\\/\\\/stuttgarti-katolikusok.de\\\/index.php\\\/programelozetes-december-4-es-10-kozott\\\/#breadcrumb\"},\"inLanguage\":\"hu\",\"potentialAction\":[{\"@type\":\"ReadAction\",\"target\":[\"https:\\\/\\\/stuttgarti-katolikusok.de\\\/index.php\\\/programelozetes-december-4-es-10-kozott\\\/\"]}]},{\"@type\":\"BreadcrumbList\",\"@id\":\"https:\\\/\\\/stuttgarti-katolikusok.de\\\/index.php\\\/programelozetes-december-4-es-10-kozott\\\/#breadcrumb\",\"itemListElement\":[{\"@type\":\"ListItem\",\"position\":1,\"name\":\"Kezd\u0151lap\",\"item\":\"https:\\\/\\\/stuttgarti-katolikusok.de\\\/\"},{\"@type\":\"ListItem\",\"position\":2,\"name\":\"Programel\u0151zetes december 4 \u00e9s 10 k\u00f6z\u00f6tt\"}]},{\"@type\":\"WebSite\",\"@id\":\"https:\\\/\\\/stuttgarti-katolikusok.de\\\/#website\",\"url\":\"https:\\\/\\\/stuttgarti-katolikusok.de\\\/\",\"name\":\"Stuttgarti Katolikusok\",\"description\":\"\",\"potentialAction\":[{\"@type\":\"SearchAction\",\"target\":{\"@type\":\"EntryPoint\",\"urlTemplate\":\"https:\\\/\\\/stuttgarti-katolikusok.de\\\/?s={search_term_string}\"},\"query-input\":{\"@type\":\"PropertyValueSpecification\",\"valueRequired\":true,\"valueName\":\"search_term_string\"}}],\"inLanguage\":\"hu\"},{\"@type\":\"Person\",\"@id\":\"https:\\\/\\\/stuttgarti-katolikusok.de\\\/#\\\/schema\\\/person\\\/75908d6f8fdc03a57889d27209df7795\",\"name\":\"Tibor atya\",\"image\":{\"@type\":\"ImageObject\",\"inLanguage\":\"hu\",\"@id\":\"https:\\\/\\\/secure.gravatar.com\\\/avatar\\\/61d268e57d1f4525b111222e29d2d5a7f8c420fdbf231ba5566a8ceac74fa960?s=96&d=mm&r=g\",\"url\":\"https:\\\/\\\/secure.gravatar.com\\\/avatar\\\/61d268e57d1f4525b111222e29d2d5a7f8c420fdbf231ba5566a8ceac74fa960?s=96&d=mm&r=g\",\"contentUrl\":\"https:\\\/\\\/secure.gravatar.com\\\/avatar\\\/61d268e57d1f4525b111222e29d2d5a7f8c420fdbf231ba5566a8ceac74fa960?s=96&d=mm&r=g\",\"caption\":\"Tibor atya\"},\"url\":\"https:\\\/\\\/stuttgarti-katolikusok.de\\\/index.php\\\/author\\\/tibor-atya\\\/\"}]}<\/script>\n<!-- \/ Yoast SEO plugin. -->","yoast_head_json":{"title":"Programel\u0151zetes december 4 \u00e9s 10 k\u00f6z\u00f6tt - Stuttgarti Katolikusok","robots":{"index":"index","follow":"follow","max-snippet":"max-snippet:-1","max-image-preview":"max-image-preview:large","max-video-preview":"max-video-preview:-1"},"canonical":"https:\/\/stuttgarti-katolikusok.de\/index.php\/programelozetes-december-4-es-10-kozott\/","og_locale":"hu_HU","og_type":"article","og_title":"Programel\u0151zetes december 4 \u00e9s 10 k\u00f6z\u00f6tt - Stuttgarti Katolikusok","og_description":"Programel\u0151zetes December 6-\u00e1n, szerd\u00e1n, \u00a0 \u00a0 \u00a0 \u00a0 \u00a0 \u00a0Stuttgartban 10.15 \u00f3rakor n\u00e9met nyelv\u0171 szentmise a Bruder-Klaus templomban. * December 7-\u00e9n, cs\u00fct\u00f6rt\u00f6k\u00f6n, \u00a0\u00a0\u00a0\u00a0\u00a0\u00a0\u00a0\u00a0\u00a0\u00a0\u00a0 Ulmban 17.30 \u00f3r\u00e1t\u00f3l szentmise. El\u0151tte r\u00f3zsaf\u00fcz\u00e9r \u00e9s gy\u00f3ntat\u00e1s, ut\u00e1na Besz\u00e9lget\u00e9sek a Bibli\u00e1r\u00f3l. * December 8-\u00e1n, p\u00e9nteken, Szepl\u0151telen fogantat\u00e1s \u00fcnnep\u00e9n, \u00a0 \u00a0 \u00a0 \u00a0 \u00a0 \u00a0 Stuttgartban 8.00 \u00f3rakor ror\u00e1t\u00e9. Ut\u00e1na az Irod\u00e1n k\u00f6z\u00f6s adventi reggeli. 16.00 \u00f3rakor Bar\u00e1ts\u00e1gklub. Keret\u00e9ben Adventi \u00fcnneps\u00e9g. 19.00 \u00f3rakor Sportklub. \u00a0 \u00a0 \u00a0 \u00a0 \u00a0 \u00a0Weingarteni d\u00e9lut\u00e1n a Marien Kirche-ben. 17.30 \u00f3rakor r\u00f3zsaf\u00fcz\u00e9r im\u00e1ds\u00e1g, 18.00 \u00f3rakor szentmise, azt k\u00f6vet\u0151en pedig Besz\u00e9lget\u00e9sek a Bibli\u00e1r\u00f3l. * December 9-\u00e9n, szombaton, \u00a0 \u00a0 \u00a0 \u00a0 \u00a0 \u00a0Weingartenben 6.30 \u00f3rakor ror\u00e1t\u00e9. \u00a0 \u00a0 \u00a0 \u00a0 \u00a0 \u00a0Friedrichshafenben 17.00 \u00f3rakor szentmise. Ut\u00e1na \u00e1g\u00e1p\u00e9. * December 10-\u00e9n, vas\u00e1rnap, Advent 2. vas\u00e1rnapja, \u00a0\u00a0\u00a0\u00a0\u00a0\u00a0\u00a0\u00a0\u00a0\u00a0\u00a0 Weingartenben 10.00 \u00f3rakor szentmise, ut\u00e1na \u00e1g\u00e1p\u00e9. \u00a0\u00a0\u00a0\u00a0\u00a0\u00a0\u00a0\u00a0\u00a0\u00a0\u00a0 Ulmban 15.00 \u00f3rakor szentmise, ut\u00e1na \u00e1g\u00e1p\u00e9. \u00a0 \u00a0 \u00a0 \u00a0 \u00a0 \u00a0 Pforzheimban 15.00 \u00f3rakor szentmise, ut\u00e1na \u00e1g\u00e1p\u00e9. * Minden helyen mindenkit szeretettel v\u00e1r a k\u00f6z\u00f6ss\u00e9g, Imre atya \u00e9s Tibor atya! \u201eAdvent \u00e9s Kar\u00e1csony olyan, mint a kulcslyuk, amelyen kereszt\u00fcl f\u00f6ldi \u2013 n\u00e9ha s\u00f6t\u00e9t \u2013 \u00e9let\u00fatjainkra a mennyei haz\u00e1b\u00f3l egy-egy f\u00e9nysug\u00e1r hull\u201c (Friedrich von Bodelschwingh \u2013 1831-1910 \u2013 n\u00e9met lelk\u00e9sz) Sz\u00e9p adventi napokat, j\u00f3 munk\u00e1t, tartalmas besz\u00e9lget\u00e9seket \u00e9s \u00f6r\u00f6mteli tal\u00e1lkoz\u00e1sokat k\u00edv\u00e1nunk minden Kedves H\u00edv\u00fcnknek!","og_url":"https:\/\/stuttgarti-katolikusok.de\/index.php\/programelozetes-december-4-es-10-kozott\/","og_site_name":"Stuttgarti Katolikusok","article_published_time":"2017-12-04T09:46:18+00:00","article_modified_time":"2017-12-04T18:26:55+00:00","author":"Tibor atya","twitter_card":"summary_large_image","twitter_misc":{"Szerz\u0151:":"Tibor atya","Becs\u00fclt olvas\u00e1si id\u0151":"1 perc"},"schema":{"@context":"https:\/\/schema.org","@graph":[{"@type":"Article","@id":"https:\/\/stuttgarti-katolikusok.de\/index.php\/programelozetes-december-4-es-10-kozott\/#article","isPartOf":{"@id":"https:\/\/stuttgarti-katolikusok.de\/index.php\/programelozetes-december-4-es-10-kozott\/"},"author":{"name":"Tibor atya","@id":"https:\/\/stuttgarti-katolikusok.de\/#\/schema\/person\/75908d6f8fdc03a57889d27209df7795"},"headline":"Programel\u0151zetes december 4 \u00e9s 10 k\u00f6z\u00f6tt","datePublished":"2017-12-04T09:46:18+00:00","dateModified":"2017-12-04T18:26:55+00:00","mainEntityOfPage":{"@id":"https:\/\/stuttgarti-katolikusok.de\/index.php\/programelozetes-december-4-es-10-kozott\/"},"wordCount":243,"articleSection":["Progamel\u0151zetes"],"inLanguage":"hu"},{"@type":"WebPage","@id":"https:\/\/stuttgarti-katolikusok.de\/index.php\/programelozetes-december-4-es-10-kozott\/","url":"https:\/\/stuttgarti-katolikusok.de\/index.php\/programelozetes-december-4-es-10-kozott\/","name":"Programel\u0151zetes december 4 \u00e9s 10 k\u00f6z\u00f6tt - Stuttgarti Katolikusok","isPartOf":{"@id":"https:\/\/stuttgarti-katolikusok.de\/#website"},"datePublished":"2017-12-04T09:46:18+00:00","dateModified":"2017-12-04T18:26:55+00:00","author":{"@id":"https:\/\/stuttgarti-katolikusok.de\/#\/schema\/person\/75908d6f8fdc03a57889d27209df7795"},"breadcrumb":{"@id":"https:\/\/stuttgarti-katolikusok.de\/index.php\/programelozetes-december-4-es-10-kozott\/#breadcrumb"},"inLanguage":"hu","potentialAction":[{"@type":"ReadAction","target":["https:\/\/stuttgarti-katolikusok.de\/index.php\/programelozetes-december-4-es-10-kozott\/"]}]},{"@type":"BreadcrumbList","@id":"https:\/\/stuttgarti-katolikusok.de\/index.php\/programelozetes-december-4-es-10-kozott\/#breadcrumb","itemListElement":[{"@type":"ListItem","position":1,"name":"Kezd\u0151lap","item":"https:\/\/stuttgarti-katolikusok.de\/"},{"@type":"ListItem","position":2,"name":"Programel\u0151zetes december 4 \u00e9s 10 k\u00f6z\u00f6tt"}]},{"@type":"WebSite","@id":"https:\/\/stuttgarti-katolikusok.de\/#website","url":"https:\/\/stuttgarti-katolikusok.de\/","name":"Stuttgarti Katolikusok","description":"","potentialAction":[{"@type":"SearchAction","target":{"@type":"EntryPoint","urlTemplate":"https:\/\/stuttgarti-katolikusok.de\/?s={search_term_string}"},"query-input":{"@type":"PropertyValueSpecification","valueRequired":true,"valueName":"search_term_string"}}],"inLanguage":"hu"},{"@type":"Person","@id":"https:\/\/stuttgarti-katolikusok.de\/#\/schema\/person\/75908d6f8fdc03a57889d27209df7795","name":"Tibor atya","image":{"@type":"ImageObject","inLanguage":"hu","@id":"https:\/\/secure.gravatar.com\/avatar\/61d268e57d1f4525b111222e29d2d5a7f8c420fdbf231ba5566a8ceac74fa960?s=96&d=mm&r=g","url":"https:\/\/secure.gravatar.com\/avatar\/61d268e57d1f4525b111222e29d2d5a7f8c420fdbf231ba5566a8ceac74fa960?s=96&d=mm&r=g","contentUrl":"https:\/\/secure.gravatar.com\/avatar\/61d268e57d1f4525b111222e29d2d5a7f8c420fdbf231ba5566a8ceac74fa960?s=96&d=mm&r=g","caption":"Tibor atya"},"url":"https:\/\/stuttgarti-katolikusok.de\/index.php\/author\/tibor-atya\/"}]}},"_links":{"self":[{"href":"https:\/\/stuttgarti-katolikusok.de\/index.php\/wp-json\/wp\/v2\/posts\/13127","targetHints":{"allow":["GET"]}}],"collection":[{"href":"https:\/\/stuttgarti-katolikusok.de\/index.php\/wp-json\/wp\/v2\/posts"}],"about":[{"href":"https:\/\/stuttgarti-katolikusok.de\/index.php\/wp-json\/wp\/v2\/types\/post"}],"author":[{"embeddable":true,"href":"https:\/\/stuttgarti-katolikusok.de\/index.php\/wp-json\/wp\/v2\/users\/3"}],"replies":[{"embeddable":true,"href":"https:\/\/stuttgarti-katolikusok.de\/index.php\/wp-json\/wp\/v2\/comments?post=13127"}],"version-history":[{"count":3,"href":"https:\/\/stuttgarti-katolikusok.de\/index.php\/wp-json\/wp\/v2\/posts\/13127\/revisions"}],"predecessor-version":[{"id":13135,"href":"https:\/\/stuttgarti-katolikusok.de\/index.php\/wp-json\/wp\/v2\/posts\/13127\/revisions\/13135"}],"wp:attachment":[{"href":"https:\/\/stuttgarti-katolikusok.de\/index.php\/wp-json\/wp\/v2\/media?parent=13127"}],"wp:term":[{"taxonomy":"category","embeddable":true,"href":"https:\/\/stuttgarti-katolikusok.de\/index.php\/wp-json\/wp\/v2\/categories?post=13127"},{"taxonomy":"post_tag","embeddable":true,"href":"https:\/\/stuttgarti-katolikusok.de\/index.php\/wp-json\/wp\/v2\/tags?post=13127"}],"curies":[{"name":"wp","href":"https:\/\/api.w.org\/{rel}","templated":true}]}}