{"id":12938,"date":"2017-11-11T10:55:01","date_gmt":"2017-11-11T10:55:01","guid":{"rendered":"https:\/\/gracious-dewdney.138-201-221-2.plesk.page\/?p=12938"},"modified":"2017-11-13T06:26:50","modified_gmt":"2017-11-13T06:26:50","slug":"toth-marta-aacheni-zarandoklat-egy-nap-a-hit-szarnyan","status":"publish","type":"post","link":"https:\/\/stuttgarti-katolikusok.de\/index.php\/toth-marta-aacheni-zarandoklat-egy-nap-a-hit-szarnyan\/","title":{"rendered":"T\u00f3th M\u00e1rta: Aacheni zar\u00e1ndoklat &#8211; Egy nap a hit sz\u00e1rny\u00e1n&#8230;"},"content":{"rendered":"<p><strong>Egy nap a hit sz\u00e1rny\u00e1n, a m\u0171v\u00e9szet, a kult\u00fara \u00e9s a t\u00f6rt\u00e9nelem jegy\u00e9ben\u00a0<\/strong><\/p>\n<p>Reggel 7 \u00f3rakor tal\u00e1lkoz\u00f3 a Bruder Klaus templom el\u0151tt Stuttgartban. Sok sok ismer\u0151s, mosolyg\u00f3s arc. Az indul\u00e1snak meghitt, \u00fcnnep\u00e9lyes keretet adott a templomi \u00e9nek \u00e9s a zar\u00e1ndok-\u00e1ld\u00e1s a szerencs\u00e9s visszat\u00e9r\u00e9shez.<\/p>\n<p>Elfoglaltuk helyeinket a buszon, \u00e9s ir\u00e1ny a hozz\u00e1vet\u0151legesen 420 km-re fekv\u0151 aacheni\u00a0 Magyar K\u00e1poln\u00e1hoz.<\/p>\n<p>A hossz\u00fa \u00fat sor\u00e1n volt id\u0151nk l\u00e9lekben sz\u00e9pen felk\u00e9sz\u00fclni az im\u00e1ds\u00e1gok, \u00e9nekek, elm\u00e9lked\u00e9sek sor\u00e1n a zar\u00e1ndoklatra. Imre atya ejtett sz\u00f3t els\u0151k\u00e9nt a zar\u00e1ndoklat fogalm\u00e1r\u00f3l. Majd a &#8222;sz\u00edv k\u00fcldi sz\u00edvnek sz\u00edvesen&#8221; elnevez\u00e9s\u0171 bemutatkoz\u00f3 \u00e9s \u00f6nismereti besz\u00e9lget\u00e9s sor\u00e1n felt\u00e1rult el\u0151tt\u00fcnk, hogy ki kicsoda \u00e9s milyen m\u00f3don ker\u00fclt kapcsolatba a k\u00f6z\u00f6ss\u00e9ggel, \u00e9s megfogalmazta, hogy\u00a0 zar\u00e1ndoklat\u00e1nak mi a c\u00e9lja. Csod\u00e1latos, hogy ah\u00e1ny ember, annyif\u00e9le \u00e9lett\u00f6rt\u00e9net, sors, megpr\u00f3b\u00e1ltat\u00e1s, \u00e9let\u00f6r\u00f6m rajzol\u00f3dott ki el\u0151tt\u00fcnk. Mennyivel k\u00f6nnyebb a sebeket begy\u00f3gy\u00edtani, ha van kivel megosztani az \u00e9let \u00e1ltal r\u00e1nk m\u00e9rt keresztet. Egy k\u00f6z\u00f6ss\u00e9gben megosztott b\u00e1nat , \u00e9lettapasztalat \u00f6sszehozza a sz\u00edveket. A seg\u00edts\u00e9g pedig\u00a0 a legv\u00e1ratlanabb helyzetben \u00e9rkezhet. A zar\u00e1ndoklati sz\u00e1nd\u00e9kok\u00a0 v\u00e9gtelen sz\u00e9les sk\u00e1l\u00e1n mozogtak, az egy\u00e9ni k\u00e9r\u00e9sekt\u0151l a nemzet\u00e9rt val\u00f3 felaj\u00e1nl\u00e1sig. Felemel\u0151 volt hallgatni \u0151ket&#8230;<\/p>\n<p>Schultheis \u00c9va az aacheni d\u00f3mot helyezte el t\u00e9rben \u00e9s id\u0151ben. Nagy K\u00e1roly frank kir\u00e1ly,\u00a0 Aachent tette meg birodalma k\u00f6zpontj\u00e1nak. A d\u00f3m oktogon r\u00e9sz\u00e9t is \u0151 \u00e9p\u00edtette, biz\u00e1nci st\u00edlusban.\u00a0 R\u00f3mai telep\u00fcl\u00e9sekr\u0151l sz\u00e1rmazik a m\u00e1rv\u00e1nypadl\u00f3 \u00e9s\u00a0 az oszlopok (kev\u00e9s l\u00e1that\u00f3 ma bel\u0151l\u00fck, mert a Rajna-vid\u00e9k francia megsz\u00e1ll\u00e1sa alatt nagy r\u00e9sz\u00e9t P\u00e1rizsba hurcolt\u00e1k).\u00a0Az id\u0151k folyam\u00e1n a d\u00f3mot b\u0151v\u00edtett\u00e9k, jav\u00edtott\u00e1k, \u00fajj\u00e1 \u00e9p\u00edtett\u00e9k, \u00edgy a g\u00f3tikus\u00a0\u00a0r\u00e9szekt\u0151l a barokkig minden st\u00edlus k\u00e9pviselteti mag\u00e1t. 1367-ben Nagy Lajos magyar kir\u00e1lyunk \u00e9p\u00edttette g\u00f3tikus st\u00edlusban a Magyar K\u00e1poln\u00e1t. Azon kegyess\u00e9gi vagy vezekl\u0151 zar\u00e1ndokok r\u00e9sz\u00e9re, akik a Magyarorsz\u00e1gr\u00f3l meg\u00e9rkezve ig\u00e9nyelt\u00e9k a szentgy\u00f3n\u00e1st \u00e9s a szent\u00e1ldoz\u00e1st, illetve az igehirdet\u00e9st saj\u00e1t anyanyelv\u00fck\u00f6n.<\/p>\n<p>A k\u00f6vetkez\u0151kben a k\u00f6z\u00e9pkori magyar zar\u00e1ndoklatok n\u00e9gy t\u00edpus\u00e1r\u00f3l \u00e9n tartottam ismertet\u0151t. A kegyess\u00e9gi \u00e9s vezekl\u0151 zar\u00e1ndoklatokon k\u00edv\u00fcl sz\u00f3ba ker\u00fclt a lovagi, valamint a t\u00f6r\u00f6k\u00f6k \u00e1ltal elrabolt magyarok kiszabad\u00edt\u00e1s\u00e1ra ir\u00e1nyul\u00f3 Szentf\u00f6ldi\u00a0 zar\u00e1ndoklat is. Megismerkedt\u00fcnk t\u00f6bb h\u00edres magyar zar\u00e1ndokkal: Krizsaf\u00e1n fia Gy\u00f6rggyel, aki Szent Patrik purgat\u00f3rium\u00e1ban j\u00e1rt, Tari L\u0151rinccel, aki eg\u00e9sz h\u00e1zan\u00e9p\u00e9vel utazott Compostell\u00e1ba \u00e9s \u00cdrorsz\u00e1gba, egy szepesi illet\u0151s\u00e9g\u0171 emberrel, akit ember\u00f6l\u00e9s b\u0171ne miatt k\u00fcldtek Bariba, R\u00f3m\u00e1ba, Compostell\u00e1ba \u00e9s v\u00e9g\u00fcl Aachen v\u00e1ros\u00e1ba, vezekl\u00e9s\u00fcl hozz\u00e1vet\u0151legesen 7000 km-t tett meg, valamint Himfi Benedek bolg\u00e1r b\u00e1n l\u00e1ny\u00e1nak, Margitnak a t\u00f6rt\u00e9net\u00e9vel.<\/p>\n<p>R\u00f6vid pihen\u0151ket beiktatva f\u00e9l kett\u0151 k\u00f6r\u00fcl \u00e9rkezt\u00fcnk meg a d\u00f3m t\u00e9rre, ahol Luk\u00e1cs J\u00f3zsef atya fogadott benn\u00fcnket nagy-nagy szeretettel. A bej\u00e1rat fel\u0151l a d\u00f3m oktogon r\u00e9sz\u00e9be \u00e9rkezt\u00fcnk. Szab\u00e1lyos nyolcsz\u00f6g, magas k\u00f6z\u00e9pter\u00e9t tizenhatsz\u00f6g\u0171, k\u00e9tszintes k\u00f6r\u00fclj\u00e1r\u00f3 \u00f6vezi. Az oktogon d\u00edsze, a mennyezetr\u0151l bel\u00f3g\u00f3 hatalmas bronz csill\u00e1r Barbarossa Frigyes cs\u00e1sz\u00e1r aj\u00e1nd\u00e9ka. A k\u00e9s\u0151 rom\u00e1n st\u00edlus\u00fa csill\u00e1r 12 tornya a mennyei Jeruzs\u00e1lemet id\u00e9zi. A bels\u0151 fel\u00fcleteket m\u00e1rv\u00e1nyburkolat \u00e9s figur\u00e1lis mozaikok d\u00edsz\u00edtik.\u00a0 A kupola d\u00edsz\u00edt\u00e9se\u00a0 mag\u00e1val ragad\u00f3!<\/p>\n<p>A 14 \u00f3rakor kezd\u0151d\u0151 szentmis\u00e9t Karl Reger emeritus p\u00fcsp\u00f6k, Imre atya \u00e9s Luk\u00e1cs J\u00f3zsef k\u00f6lni pl\u00e9b\u00e1nos\u00a0 mutatta be.\u00a0 A szentbesz\u00e9d alatt a H\u00e1rom kir\u00e1lyok J\u00e9zus keres\u00e9s\u00e9r\u0151l elm\u00e9lkedt\u00fcnk. P\u00e1rhuzamba \u00e1ll\u00edtva a zar\u00e1ndokok Isten keres\u00e9s\u00e9vel. A kir\u00e1lyok elindultak az \u00fajsz\u00fcl\u00f6tt Messi\u00e1s keres\u00e9s\u00e9re, kitartottak minden viszontags\u00e1g k\u00f6z\u00f6tt, \u00e9s v\u00e9g\u00fcl k\u00e9pesek voltak a cs\u00f6pp gyermek szem\u00e9ly\u00e9ben felfedezni a Messi\u00e1st. A mi zar\u00e1ndok \u00e9let\u00fcnknek is ez a c\u00e9lja. Megtal\u00e1lni, befel\u00e9 figyelve Istent, majd a m\u00e1sik emberben is megl\u00e1tni \u0150t. A szentmise m\u00e1r a facebookon is megtekinthet\u0151, ahol meghallhatj\u00e1tok, milyen szavakkal le nem \u00edrhat\u00f3 zenei \u00e9lm\u00e9nyben volt r\u00e9sz\u00fcnk az \u00c1cs J\u00f3zsef k\u00f3rus \u00e9s Palatinus Violetta m\u0171v\u00e9szn\u0151 j\u00f3volt\u00e1b\u00f3l.<\/p>\n<p>A mise, \u00e9s Imre atya 650 \u00e9ves Magyar K\u00e1poln\u00e1r\u00f3l sz\u00f3l\u00f3 besz\u00e1mol\u00f3ja k\u00f6z\u00f6tt \u00c9v\u00e1nak volt egy kis ideje, hogy a l\u00e1that\u00f3 kincsekre r\u00e1ir\u00e1ny\u00edtsa a figyelmet.<\/p>\n<p>J\u00f3l l\u00e1tszik a d\u00f3m n\u00e9gy fontos kincse: a M\u00e1ria ereklytart\u00f3 (Marienschrein), melyben a 4 nagy erekly\u00e9t \u0151rzik: Krisztus p\u00f3ly\u00e1j\u00e1t \u00e9s a keresztrefesz\u00edt\u00e9skor r\u00e1ker\u00fclt \u00e1gy\u00e9kk\u00f6t\u0151t, M\u00e1ria feh\u00e9r ruh\u00e1j\u00e1t \u00e9s Keresztel\u0151 Szent J\u00e1nos lefejez\u00e9sekor haszn\u00e1lt kend\u0151t. Ezen erekly\u00e9ket lehetett megtekinteni a h\u00e9t\u00e9venk\u00e9nti nagy b\u00facs\u00fa alkalm\u00e1val.<\/p>\n<p>Itt eml\u00edten\u00e9m meg, hogy\u00a0 Nagy Lajos kir\u00e1ly anyja, Erzs\u00e9bet kir\u00e1lyn\u00e9 aacheni zar\u00e1ndoklatra (1357) kb. 700 f\u0151s k\u00eds\u00e9rettel \u00e9rkezett, mely az erekly\u00e9k k\u00f6r\u00fcl hordoz\u00e1sa ut\u00e1n a legfelemel\u0151bb mozzanata volt a nagy b\u00facs\u00fanak. K\u00e9pzelj\u00e9tek el 700 ember gyerty\u00e1val a kez\u00e9ben \u00e9nekelve \u00e9rkezik a v\u00e1rosba!<\/p>\n<p>A k\u00f6vetkez\u0151 nagybecs\u0171 kincs, a Nagy K\u00e1roly ereklytart\u00f3 (Karlsschrein), el\u0151tte a sas alak\u00fa g\u00f3tikus felolvas\u00f3 pult. Fent pedig a M\u00e1ria k\u00e9pe, a &#8222;Napba \u00f6lt\u00f6z\u00f6tt asszony&#8221;.<\/p>\n<p>A d\u00f3m sz\u00f3sz\u00e9k\u00e9t Szent II. Henrik cs\u00e1sz\u00e1r, Szent Istv\u00e1n magyar kir\u00e1ly s\u00f3gora aj\u00e1nd\u00e9kozta.\u00a0 A d\u00f3m Magyar K\u00e1poln\u00e1j\u00e1t \u2013 mint l\u00e1ttuk \u2013 Nagy Lajos kir\u00e1ly \u00e9p\u00edttette fel 1367-ben. A k\u00e1polna barokk st\u00edlusban \u00e1t\u00e9p\u00edtve ma is l\u00e9tezik. Itt l\u00e1that\u00f3 Szent Istv\u00e1n, Szent Imre, Szent L\u00e1szl\u00f3 koron\u00e1s kir\u00e1lyaink illetve Szent Gell\u00e9rt p\u00fcsp\u00f6k szobra.<\/p>\n<p>Az aacheni magyar testv\u00e9reink szervez\u00e9s\u00e9nek k\u00f6sz\u00f6nhet\u0151en a\u00a0 d\u00f3m kincst\u00e1r\u00e1ban t\u00f6bb csod\u00e1latosan finoman megmunk\u00e1lt magyar vonatkoz\u00e1s\u00fa kincset is l\u00e1thattunk, melyek nagy hasonl\u00f3s\u00e1got mutatnak az Esztergomi Bazilika Kincst\u00e1r\u00e1nak gy\u0171jtem\u00e9ny\u00e9vel.<\/p>\n<p>17 \u00f3ra magass\u00e1g\u00e1ban \u00fajra buszra \u00fclt\u00fcnk. \u00c9va most m\u00e1r mindenkivel megosztotta a d\u00f3m, a\u00a0 kincst\u00e1r \u00e9s a Magyar K\u00e1polna m\u0171v\u00e9szett\u00f6rt\u00e9neti \u00e9rt\u00e9keit.\u00a0 \u00c9n pedig sz\u00f3t ejtettem m\u00e9g\u00a0 Erzs\u00e9bet kir\u00e1lyn\u00e9 \u00e9s fia, Nagy Lajos gazdag adom\u00e1nyoz\u00e1sair\u00f3l. Term\u00e9szetesen a megtapasztalt \u00e9lm\u00e9nyekr\u0151l is besz\u00e9lt\u00fcnk.\u00a0Az \u00fat hazafel\u00e9 is nagyon kellemesen, vid\u00e1man telt. Tal\u00e1n 22 \u00f3ra 30 k\u00f6r\u00fcl \u00e9rkezt\u00fcnk\u00a0vissza Stuttgartba.<\/p>\n<p>Sz\u00edvb\u0151l k\u00f6sz\u00f6nj\u00fck a szervez\u00e9st \u00e9s a tev\u00e9keny r\u00e9szv\u00e9telt mindenkinek. Csod\u00e1s \u00e9lm\u00e9ny volt nagy kir\u00e1lyaink, egyh\u00e1zi m\u00e9lt\u00f3s\u00e1gok, m\u00e9lyen h\u00edv\u0151 katolikusok nyom\u00e1ban j\u00e1rni.<\/p>\n<p><em>T\u00f3th M\u00e1rta<\/em><\/p>\n<p><em>Stuttgart &#8211; Aachen, okt\u00f3ber 29.<\/em><\/p>\n<p><em>\u00a0<\/em><\/p>\n","protected":false},"excerpt":{"rendered":"<p>Egy nap a hit sz\u00e1rny\u00e1n, a m\u0171v\u00e9szet, a kult\u00fara \u00e9s a t\u00f6rt\u00e9nelem jegy\u00e9ben\u00a0 Reggel 7 \u00f3rakor tal\u00e1lkoz\u00f3 a Bruder Klaus templom el\u0151tt Stuttgartban. Sok sok ismer\u0151s, mosolyg\u00f3s arc. Az indul\u00e1snak meghitt, \u00fcnnep\u00e9lyes keretet adott a templomi \u00e9nek \u00e9s a zar\u00e1ndok-\u00e1ld\u00e1s a szerencs\u00e9s visszat\u00e9r\u00e9shez. Elfoglaltuk helyeinket a buszon, \u00e9s ir\u00e1ny a hozz\u00e1vet\u0151legesen 420 km-re fekv\u0151 aacheni\u00a0 Magyar K\u00e1poln\u00e1hoz. A hossz\u00fa \u00fat sor\u00e1n volt id\u0151nk l\u00e9lekben sz\u00e9pen felk\u00e9sz\u00fclni az im\u00e1ds\u00e1gok, \u00e9nekek, elm\u00e9lked\u00e9sek sor\u00e1n a zar\u00e1ndoklatra. Imre atya ejtett sz\u00f3t els\u0151k\u00e9nt a zar\u00e1ndoklat fogalm\u00e1r\u00f3l. Majd a &#8222;sz\u00edv k\u00fcldi sz\u00edvnek sz\u00edvesen&#8221; elnevez\u00e9s\u0171 bemutatkoz\u00f3 \u00e9s \u00f6nismereti besz\u00e9lget\u00e9s sor\u00e1n felt\u00e1rult el\u0151tt\u00fcnk, hogy ki kicsoda \u00e9s milyen m\u00f3don ker\u00fclt kapcsolatba a k\u00f6z\u00f6ss\u00e9ggel, \u00e9s megfogalmazta, hogy\u00a0 zar\u00e1ndoklat\u00e1nak mi a c\u00e9lja. Csod\u00e1latos, hogy ah\u00e1ny ember, annyif\u00e9le \u00e9lett\u00f6rt\u00e9net, sors, megpr\u00f3b\u00e1ltat\u00e1s, \u00e9let\u00f6r\u00f6m rajzol\u00f3dott ki el\u0151tt\u00fcnk. Mennyivel k\u00f6nnyebb a sebeket begy\u00f3gy\u00edtani, ha van kivel megosztani az \u00e9let \u00e1ltal r\u00e1nk m\u00e9rt keresztet. Egy k\u00f6z\u00f6ss\u00e9gben megosztott b\u00e1nat , \u00e9lettapasztalat \u00f6sszehozza a sz\u00edveket. A seg\u00edts\u00e9g pedig\u00a0 a legv\u00e1ratlanabb helyzetben \u00e9rkezhet. A zar\u00e1ndoklati sz\u00e1nd\u00e9kok\u00a0 v\u00e9gtelen sz\u00e9les sk\u00e1l\u00e1n mozogtak, az egy\u00e9ni k\u00e9r\u00e9sekt\u0151l a nemzet\u00e9rt val\u00f3 felaj\u00e1nl\u00e1sig. Felemel\u0151 volt hallgatni \u0151ket&#8230; Schultheis \u00c9va az aacheni d\u00f3mot helyezte el t\u00e9rben \u00e9s id\u0151ben. Nagy K\u00e1roly frank kir\u00e1ly,\u00a0 Aachent tette meg birodalma k\u00f6zpontj\u00e1nak. A d\u00f3m oktogon r\u00e9sz\u00e9t is \u0151 \u00e9p\u00edtette, biz\u00e1nci st\u00edlusban.\u00a0 R\u00f3mai telep\u00fcl\u00e9sekr\u0151l sz\u00e1rmazik a m\u00e1rv\u00e1nypadl\u00f3 \u00e9s\u00a0 az oszlopok (kev\u00e9s l\u00e1that\u00f3 ma bel\u0151l\u00fck, mert a Rajna-vid\u00e9k francia megsz\u00e1ll\u00e1sa alatt nagy r\u00e9sz\u00e9t P\u00e1rizsba hurcolt\u00e1k).\u00a0Az id\u0151k folyam\u00e1n a d\u00f3mot b\u0151v\u00edtett\u00e9k, jav\u00edtott\u00e1k, \u00fajj\u00e1 \u00e9p\u00edtett\u00e9k, \u00edgy a g\u00f3tikus\u00a0\u00a0r\u00e9szekt\u0151l a barokkig minden st\u00edlus k\u00e9pviselteti mag\u00e1t. 1367-ben Nagy Lajos magyar kir\u00e1lyunk \u00e9p\u00edttette g\u00f3tikus st\u00edlusban a Magyar K\u00e1poln\u00e1t. Azon kegyess\u00e9gi vagy vezekl\u0151 zar\u00e1ndokok r\u00e9sz\u00e9re, akik a Magyarorsz\u00e1gr\u00f3l meg\u00e9rkezve ig\u00e9nyelt\u00e9k a szentgy\u00f3n\u00e1st \u00e9s a szent\u00e1ldoz\u00e1st, illetve az igehirdet\u00e9st saj\u00e1t anyanyelv\u00fck\u00f6n. A k\u00f6vetkez\u0151kben a k\u00f6z\u00e9pkori magyar zar\u00e1ndoklatok n\u00e9gy t\u00edpus\u00e1r\u00f3l \u00e9n tartottam ismertet\u0151t. A kegyess\u00e9gi \u00e9s vezekl\u0151 zar\u00e1ndoklatokon k\u00edv\u00fcl sz\u00f3ba ker\u00fclt a lovagi, valamint a t\u00f6r\u00f6k\u00f6k \u00e1ltal elrabolt magyarok kiszabad\u00edt\u00e1s\u00e1ra&#8230; <\/p>\n<p><a class=\"readmore\" href=\"https:\/\/stuttgarti-katolikusok.de\/index.php\/toth-marta-aacheni-zarandoklat-egy-nap-a-hit-szarnyan\/\">R\u00e9szletek<\/a><\/p>\n","protected":false},"author":3,"featured_media":12939,"comment_status":"closed","ping_status":"closed","sticky":false,"template":"","format":"standard","meta":{"footnotes":""},"categories":[28],"tags":[],"class_list":["post-12938","post","type-post","status-publish","format-standard","has-post-thumbnail","hentry","category-olvasoink-irjak"],"yoast_head":"<!-- This site is optimized with the Yoast SEO plugin v27.3 - https:\/\/yoast.com\/product\/yoast-seo-wordpress\/ -->\n<title>T\u00f3th M\u00e1rta: Aacheni zar\u00e1ndoklat - Egy nap a hit sz\u00e1rny\u00e1n... - Stuttgarti Katolikusok<\/title>\n<meta name=\"robots\" content=\"index, follow, max-snippet:-1, max-image-preview:large, max-video-preview:-1\" \/>\n<link rel=\"canonical\" href=\"https:\/\/stuttgarti-katolikusok.de\/index.php\/toth-marta-aacheni-zarandoklat-egy-nap-a-hit-szarnyan\/\" \/>\n<meta property=\"og:locale\" content=\"hu_HU\" \/>\n<meta property=\"og:type\" content=\"article\" \/>\n<meta property=\"og:title\" content=\"T\u00f3th M\u00e1rta: Aacheni zar\u00e1ndoklat - Egy nap a hit sz\u00e1rny\u00e1n... - Stuttgarti Katolikusok\" \/>\n<meta property=\"og:description\" content=\"Egy nap a hit sz\u00e1rny\u00e1n, a m\u0171v\u00e9szet, a kult\u00fara \u00e9s a t\u00f6rt\u00e9nelem jegy\u00e9ben\u00a0 Reggel 7 \u00f3rakor tal\u00e1lkoz\u00f3 a Bruder Klaus templom el\u0151tt Stuttgartban. Sok sok ismer\u0151s, mosolyg\u00f3s arc. Az indul\u00e1snak meghitt, \u00fcnnep\u00e9lyes keretet adott a templomi \u00e9nek \u00e9s a zar\u00e1ndok-\u00e1ld\u00e1s a szerencs\u00e9s visszat\u00e9r\u00e9shez. Elfoglaltuk helyeinket a buszon, \u00e9s ir\u00e1ny a hozz\u00e1vet\u0151legesen 420 km-re fekv\u0151 aacheni\u00a0 Magyar K\u00e1poln\u00e1hoz. A hossz\u00fa \u00fat sor\u00e1n volt id\u0151nk l\u00e9lekben sz\u00e9pen felk\u00e9sz\u00fclni az im\u00e1ds\u00e1gok, \u00e9nekek, elm\u00e9lked\u00e9sek sor\u00e1n a zar\u00e1ndoklatra. Imre atya ejtett sz\u00f3t els\u0151k\u00e9nt a zar\u00e1ndoklat fogalm\u00e1r\u00f3l. Majd a &#8222;sz\u00edv k\u00fcldi sz\u00edvnek sz\u00edvesen&#8221; elnevez\u00e9s\u0171 bemutatkoz\u00f3 \u00e9s \u00f6nismereti besz\u00e9lget\u00e9s sor\u00e1n felt\u00e1rult el\u0151tt\u00fcnk, hogy ki kicsoda \u00e9s milyen m\u00f3don ker\u00fclt kapcsolatba a k\u00f6z\u00f6ss\u00e9ggel, \u00e9s megfogalmazta, hogy\u00a0 zar\u00e1ndoklat\u00e1nak mi a c\u00e9lja. Csod\u00e1latos, hogy ah\u00e1ny ember, annyif\u00e9le \u00e9lett\u00f6rt\u00e9net, sors, megpr\u00f3b\u00e1ltat\u00e1s, \u00e9let\u00f6r\u00f6m rajzol\u00f3dott ki el\u0151tt\u00fcnk. Mennyivel k\u00f6nnyebb a sebeket begy\u00f3gy\u00edtani, ha van kivel megosztani az \u00e9let \u00e1ltal r\u00e1nk m\u00e9rt keresztet. Egy k\u00f6z\u00f6ss\u00e9gben megosztott b\u00e1nat , \u00e9lettapasztalat \u00f6sszehozza a sz\u00edveket. A seg\u00edts\u00e9g pedig\u00a0 a legv\u00e1ratlanabb helyzetben \u00e9rkezhet. A zar\u00e1ndoklati sz\u00e1nd\u00e9kok\u00a0 v\u00e9gtelen sz\u00e9les sk\u00e1l\u00e1n mozogtak, az egy\u00e9ni k\u00e9r\u00e9sekt\u0151l a nemzet\u00e9rt val\u00f3 felaj\u00e1nl\u00e1sig. Felemel\u0151 volt hallgatni \u0151ket&#8230; Schultheis \u00c9va az aacheni d\u00f3mot helyezte el t\u00e9rben \u00e9s id\u0151ben. Nagy K\u00e1roly frank kir\u00e1ly,\u00a0 Aachent tette meg birodalma k\u00f6zpontj\u00e1nak. A d\u00f3m oktogon r\u00e9sz\u00e9t is \u0151 \u00e9p\u00edtette, biz\u00e1nci st\u00edlusban.\u00a0 R\u00f3mai telep\u00fcl\u00e9sekr\u0151l sz\u00e1rmazik a m\u00e1rv\u00e1nypadl\u00f3 \u00e9s\u00a0 az oszlopok (kev\u00e9s l\u00e1that\u00f3 ma bel\u0151l\u00fck, mert a Rajna-vid\u00e9k francia megsz\u00e1ll\u00e1sa alatt nagy r\u00e9sz\u00e9t P\u00e1rizsba hurcolt\u00e1k).\u00a0Az id\u0151k folyam\u00e1n a d\u00f3mot b\u0151v\u00edtett\u00e9k, jav\u00edtott\u00e1k, \u00fajj\u00e1 \u00e9p\u00edtett\u00e9k, \u00edgy a g\u00f3tikus\u00a0\u00a0r\u00e9szekt\u0151l a barokkig minden st\u00edlus k\u00e9pviselteti mag\u00e1t. 1367-ben Nagy Lajos magyar kir\u00e1lyunk \u00e9p\u00edttette g\u00f3tikus st\u00edlusban a Magyar K\u00e1poln\u00e1t. Azon kegyess\u00e9gi vagy vezekl\u0151 zar\u00e1ndokok r\u00e9sz\u00e9re, akik a Magyarorsz\u00e1gr\u00f3l meg\u00e9rkezve ig\u00e9nyelt\u00e9k a szentgy\u00f3n\u00e1st \u00e9s a szent\u00e1ldoz\u00e1st, illetve az igehirdet\u00e9st saj\u00e1t anyanyelv\u00fck\u00f6n. A k\u00f6vetkez\u0151kben a k\u00f6z\u00e9pkori magyar zar\u00e1ndoklatok n\u00e9gy t\u00edpus\u00e1r\u00f3l \u00e9n tartottam ismertet\u0151t. A kegyess\u00e9gi \u00e9s vezekl\u0151 zar\u00e1ndoklatokon k\u00edv\u00fcl sz\u00f3ba ker\u00fclt a lovagi, valamint a t\u00f6r\u00f6k\u00f6k \u00e1ltal elrabolt magyarok kiszabad\u00edt\u00e1s\u00e1ra... R\u00e9szletek\" \/>\n<meta property=\"og:url\" content=\"https:\/\/stuttgarti-katolikusok.de\/index.php\/toth-marta-aacheni-zarandoklat-egy-nap-a-hit-szarnyan\/\" \/>\n<meta property=\"og:site_name\" content=\"Stuttgarti Katolikusok\" \/>\n<meta property=\"article:published_time\" content=\"2017-11-11T10:55:01+00:00\" \/>\n<meta property=\"article:modified_time\" content=\"2017-11-13T06:26:50+00:00\" \/>\n<meta property=\"og:image\" content=\"https:\/\/stuttgarti-katolikusok.de\/wp-content\/uploads\/2017\/11\/aachen.jpg\" \/>\n\t<meta property=\"og:image:width\" content=\"700\" \/>\n\t<meta property=\"og:image:height\" content=\"394\" \/>\n\t<meta property=\"og:image:type\" content=\"image\/jpeg\" \/>\n<meta name=\"author\" content=\"Tibor atya\" \/>\n<meta name=\"twitter:card\" content=\"summary_large_image\" \/>\n<meta name=\"twitter:label1\" content=\"Szerz\u0151:\" \/>\n\t<meta name=\"twitter:data1\" content=\"Tibor atya\" \/>\n\t<meta name=\"twitter:label2\" content=\"Becs\u00fclt olvas\u00e1si id\u0151\" \/>\n\t<meta name=\"twitter:data2\" content=\"7 perc\" \/>\n<script type=\"application\/ld+json\" class=\"yoast-schema-graph\">{\"@context\":\"https:\\\/\\\/schema.org\",\"@graph\":[{\"@type\":\"Article\",\"@id\":\"https:\\\/\\\/stuttgarti-katolikusok.de\\\/index.php\\\/toth-marta-aacheni-zarandoklat-egy-nap-a-hit-szarnyan\\\/#article\",\"isPartOf\":{\"@id\":\"https:\\\/\\\/stuttgarti-katolikusok.de\\\/index.php\\\/toth-marta-aacheni-zarandoklat-egy-nap-a-hit-szarnyan\\\/\"},\"author\":{\"name\":\"Tibor atya\",\"@id\":\"https:\\\/\\\/stuttgarti-katolikusok.de\\\/#\\\/schema\\\/person\\\/75908d6f8fdc03a57889d27209df7795\"},\"headline\":\"T\u00f3th M\u00e1rta: Aacheni zar\u00e1ndoklat &#8211; Egy nap a hit sz\u00e1rny\u00e1n&#8230;\",\"datePublished\":\"2017-11-11T10:55:01+00:00\",\"dateModified\":\"2017-11-13T06:26:50+00:00\",\"mainEntityOfPage\":{\"@id\":\"https:\\\/\\\/stuttgarti-katolikusok.de\\\/index.php\\\/toth-marta-aacheni-zarandoklat-egy-nap-a-hit-szarnyan\\\/\"},\"wordCount\":1346,\"image\":{\"@id\":\"https:\\\/\\\/stuttgarti-katolikusok.de\\\/index.php\\\/toth-marta-aacheni-zarandoklat-egy-nap-a-hit-szarnyan\\\/#primaryimage\"},\"thumbnailUrl\":\"https:\\\/\\\/stuttgarti-katolikusok.de\\\/wp-content\\\/uploads\\\/2017\\\/11\\\/aachen.jpg\",\"articleSection\":[\"Olvas\u00f3ink \u00edrj\u00e1k\"],\"inLanguage\":\"hu\"},{\"@type\":\"WebPage\",\"@id\":\"https:\\\/\\\/stuttgarti-katolikusok.de\\\/index.php\\\/toth-marta-aacheni-zarandoklat-egy-nap-a-hit-szarnyan\\\/\",\"url\":\"https:\\\/\\\/stuttgarti-katolikusok.de\\\/index.php\\\/toth-marta-aacheni-zarandoklat-egy-nap-a-hit-szarnyan\\\/\",\"name\":\"T\u00f3th M\u00e1rta: Aacheni zar\u00e1ndoklat - Egy nap a hit sz\u00e1rny\u00e1n... - Stuttgarti Katolikusok\",\"isPartOf\":{\"@id\":\"https:\\\/\\\/stuttgarti-katolikusok.de\\\/#website\"},\"primaryImageOfPage\":{\"@id\":\"https:\\\/\\\/stuttgarti-katolikusok.de\\\/index.php\\\/toth-marta-aacheni-zarandoklat-egy-nap-a-hit-szarnyan\\\/#primaryimage\"},\"image\":{\"@id\":\"https:\\\/\\\/stuttgarti-katolikusok.de\\\/index.php\\\/toth-marta-aacheni-zarandoklat-egy-nap-a-hit-szarnyan\\\/#primaryimage\"},\"thumbnailUrl\":\"https:\\\/\\\/stuttgarti-katolikusok.de\\\/wp-content\\\/uploads\\\/2017\\\/11\\\/aachen.jpg\",\"datePublished\":\"2017-11-11T10:55:01+00:00\",\"dateModified\":\"2017-11-13T06:26:50+00:00\",\"author\":{\"@id\":\"https:\\\/\\\/stuttgarti-katolikusok.de\\\/#\\\/schema\\\/person\\\/75908d6f8fdc03a57889d27209df7795\"},\"breadcrumb\":{\"@id\":\"https:\\\/\\\/stuttgarti-katolikusok.de\\\/index.php\\\/toth-marta-aacheni-zarandoklat-egy-nap-a-hit-szarnyan\\\/#breadcrumb\"},\"inLanguage\":\"hu\",\"potentialAction\":[{\"@type\":\"ReadAction\",\"target\":[\"https:\\\/\\\/stuttgarti-katolikusok.de\\\/index.php\\\/toth-marta-aacheni-zarandoklat-egy-nap-a-hit-szarnyan\\\/\"]}]},{\"@type\":\"ImageObject\",\"inLanguage\":\"hu\",\"@id\":\"https:\\\/\\\/stuttgarti-katolikusok.de\\\/index.php\\\/toth-marta-aacheni-zarandoklat-egy-nap-a-hit-szarnyan\\\/#primaryimage\",\"url\":\"https:\\\/\\\/stuttgarti-katolikusok.de\\\/wp-content\\\/uploads\\\/2017\\\/11\\\/aachen.jpg\",\"contentUrl\":\"https:\\\/\\\/stuttgarti-katolikusok.de\\\/wp-content\\\/uploads\\\/2017\\\/11\\\/aachen.jpg\",\"width\":700,\"height\":394},{\"@type\":\"BreadcrumbList\",\"@id\":\"https:\\\/\\\/stuttgarti-katolikusok.de\\\/index.php\\\/toth-marta-aacheni-zarandoklat-egy-nap-a-hit-szarnyan\\\/#breadcrumb\",\"itemListElement\":[{\"@type\":\"ListItem\",\"position\":1,\"name\":\"Kezd\u0151lap\",\"item\":\"https:\\\/\\\/stuttgarti-katolikusok.de\\\/\"},{\"@type\":\"ListItem\",\"position\":2,\"name\":\"T\u00f3th M\u00e1rta: Aacheni zar\u00e1ndoklat &#8211; Egy nap a hit sz\u00e1rny\u00e1n&#8230;\"}]},{\"@type\":\"WebSite\",\"@id\":\"https:\\\/\\\/stuttgarti-katolikusok.de\\\/#website\",\"url\":\"https:\\\/\\\/stuttgarti-katolikusok.de\\\/\",\"name\":\"Stuttgarti Katolikusok\",\"description\":\"\",\"potentialAction\":[{\"@type\":\"SearchAction\",\"target\":{\"@type\":\"EntryPoint\",\"urlTemplate\":\"https:\\\/\\\/stuttgarti-katolikusok.de\\\/?s={search_term_string}\"},\"query-input\":{\"@type\":\"PropertyValueSpecification\",\"valueRequired\":true,\"valueName\":\"search_term_string\"}}],\"inLanguage\":\"hu\"},{\"@type\":\"Person\",\"@id\":\"https:\\\/\\\/stuttgarti-katolikusok.de\\\/#\\\/schema\\\/person\\\/75908d6f8fdc03a57889d27209df7795\",\"name\":\"Tibor atya\",\"image\":{\"@type\":\"ImageObject\",\"inLanguage\":\"hu\",\"@id\":\"https:\\\/\\\/secure.gravatar.com\\\/avatar\\\/61d268e57d1f4525b111222e29d2d5a7f8c420fdbf231ba5566a8ceac74fa960?s=96&d=mm&r=g\",\"url\":\"https:\\\/\\\/secure.gravatar.com\\\/avatar\\\/61d268e57d1f4525b111222e29d2d5a7f8c420fdbf231ba5566a8ceac74fa960?s=96&d=mm&r=g\",\"contentUrl\":\"https:\\\/\\\/secure.gravatar.com\\\/avatar\\\/61d268e57d1f4525b111222e29d2d5a7f8c420fdbf231ba5566a8ceac74fa960?s=96&d=mm&r=g\",\"caption\":\"Tibor atya\"},\"url\":\"https:\\\/\\\/stuttgarti-katolikusok.de\\\/index.php\\\/author\\\/tibor-atya\\\/\"}]}<\/script>\n<!-- \/ Yoast SEO plugin. -->","yoast_head_json":{"title":"T\u00f3th M\u00e1rta: Aacheni zar\u00e1ndoklat - Egy nap a hit sz\u00e1rny\u00e1n... - Stuttgarti Katolikusok","robots":{"index":"index","follow":"follow","max-snippet":"max-snippet:-1","max-image-preview":"max-image-preview:large","max-video-preview":"max-video-preview:-1"},"canonical":"https:\/\/stuttgarti-katolikusok.de\/index.php\/toth-marta-aacheni-zarandoklat-egy-nap-a-hit-szarnyan\/","og_locale":"hu_HU","og_type":"article","og_title":"T\u00f3th M\u00e1rta: Aacheni zar\u00e1ndoklat - Egy nap a hit sz\u00e1rny\u00e1n... - Stuttgarti Katolikusok","og_description":"Egy nap a hit sz\u00e1rny\u00e1n, a m\u0171v\u00e9szet, a kult\u00fara \u00e9s a t\u00f6rt\u00e9nelem jegy\u00e9ben\u00a0 Reggel 7 \u00f3rakor tal\u00e1lkoz\u00f3 a Bruder Klaus templom el\u0151tt Stuttgartban. Sok sok ismer\u0151s, mosolyg\u00f3s arc. Az indul\u00e1snak meghitt, \u00fcnnep\u00e9lyes keretet adott a templomi \u00e9nek \u00e9s a zar\u00e1ndok-\u00e1ld\u00e1s a szerencs\u00e9s visszat\u00e9r\u00e9shez. Elfoglaltuk helyeinket a buszon, \u00e9s ir\u00e1ny a hozz\u00e1vet\u0151legesen 420 km-re fekv\u0151 aacheni\u00a0 Magyar K\u00e1poln\u00e1hoz. A hossz\u00fa \u00fat sor\u00e1n volt id\u0151nk l\u00e9lekben sz\u00e9pen felk\u00e9sz\u00fclni az im\u00e1ds\u00e1gok, \u00e9nekek, elm\u00e9lked\u00e9sek sor\u00e1n a zar\u00e1ndoklatra. Imre atya ejtett sz\u00f3t els\u0151k\u00e9nt a zar\u00e1ndoklat fogalm\u00e1r\u00f3l. Majd a &#8222;sz\u00edv k\u00fcldi sz\u00edvnek sz\u00edvesen&#8221; elnevez\u00e9s\u0171 bemutatkoz\u00f3 \u00e9s \u00f6nismereti besz\u00e9lget\u00e9s sor\u00e1n felt\u00e1rult el\u0151tt\u00fcnk, hogy ki kicsoda \u00e9s milyen m\u00f3don ker\u00fclt kapcsolatba a k\u00f6z\u00f6ss\u00e9ggel, \u00e9s megfogalmazta, hogy\u00a0 zar\u00e1ndoklat\u00e1nak mi a c\u00e9lja. Csod\u00e1latos, hogy ah\u00e1ny ember, annyif\u00e9le \u00e9lett\u00f6rt\u00e9net, sors, megpr\u00f3b\u00e1ltat\u00e1s, \u00e9let\u00f6r\u00f6m rajzol\u00f3dott ki el\u0151tt\u00fcnk. Mennyivel k\u00f6nnyebb a sebeket begy\u00f3gy\u00edtani, ha van kivel megosztani az \u00e9let \u00e1ltal r\u00e1nk m\u00e9rt keresztet. Egy k\u00f6z\u00f6ss\u00e9gben megosztott b\u00e1nat , \u00e9lettapasztalat \u00f6sszehozza a sz\u00edveket. A seg\u00edts\u00e9g pedig\u00a0 a legv\u00e1ratlanabb helyzetben \u00e9rkezhet. A zar\u00e1ndoklati sz\u00e1nd\u00e9kok\u00a0 v\u00e9gtelen sz\u00e9les sk\u00e1l\u00e1n mozogtak, az egy\u00e9ni k\u00e9r\u00e9sekt\u0151l a nemzet\u00e9rt val\u00f3 felaj\u00e1nl\u00e1sig. Felemel\u0151 volt hallgatni \u0151ket&#8230; Schultheis \u00c9va az aacheni d\u00f3mot helyezte el t\u00e9rben \u00e9s id\u0151ben. Nagy K\u00e1roly frank kir\u00e1ly,\u00a0 Aachent tette meg birodalma k\u00f6zpontj\u00e1nak. A d\u00f3m oktogon r\u00e9sz\u00e9t is \u0151 \u00e9p\u00edtette, biz\u00e1nci st\u00edlusban.\u00a0 R\u00f3mai telep\u00fcl\u00e9sekr\u0151l sz\u00e1rmazik a m\u00e1rv\u00e1nypadl\u00f3 \u00e9s\u00a0 az oszlopok (kev\u00e9s l\u00e1that\u00f3 ma bel\u0151l\u00fck, mert a Rajna-vid\u00e9k francia megsz\u00e1ll\u00e1sa alatt nagy r\u00e9sz\u00e9t P\u00e1rizsba hurcolt\u00e1k).\u00a0Az id\u0151k folyam\u00e1n a d\u00f3mot b\u0151v\u00edtett\u00e9k, jav\u00edtott\u00e1k, \u00fajj\u00e1 \u00e9p\u00edtett\u00e9k, \u00edgy a g\u00f3tikus\u00a0\u00a0r\u00e9szekt\u0151l a barokkig minden st\u00edlus k\u00e9pviselteti mag\u00e1t. 1367-ben Nagy Lajos magyar kir\u00e1lyunk \u00e9p\u00edttette g\u00f3tikus st\u00edlusban a Magyar K\u00e1poln\u00e1t. Azon kegyess\u00e9gi vagy vezekl\u0151 zar\u00e1ndokok r\u00e9sz\u00e9re, akik a Magyarorsz\u00e1gr\u00f3l meg\u00e9rkezve ig\u00e9nyelt\u00e9k a szentgy\u00f3n\u00e1st \u00e9s a szent\u00e1ldoz\u00e1st, illetve az igehirdet\u00e9st saj\u00e1t anyanyelv\u00fck\u00f6n. A k\u00f6vetkez\u0151kben a k\u00f6z\u00e9pkori magyar zar\u00e1ndoklatok n\u00e9gy t\u00edpus\u00e1r\u00f3l \u00e9n tartottam ismertet\u0151t. A kegyess\u00e9gi \u00e9s vezekl\u0151 zar\u00e1ndoklatokon k\u00edv\u00fcl sz\u00f3ba ker\u00fclt a lovagi, valamint a t\u00f6r\u00f6k\u00f6k \u00e1ltal elrabolt magyarok kiszabad\u00edt\u00e1s\u00e1ra... R\u00e9szletek","og_url":"https:\/\/stuttgarti-katolikusok.de\/index.php\/toth-marta-aacheni-zarandoklat-egy-nap-a-hit-szarnyan\/","og_site_name":"Stuttgarti Katolikusok","article_published_time":"2017-11-11T10:55:01+00:00","article_modified_time":"2017-11-13T06:26:50+00:00","og_image":[{"width":700,"height":394,"url":"https:\/\/stuttgarti-katolikusok.de\/wp-content\/uploads\/2017\/11\/aachen.jpg","type":"image\/jpeg"}],"author":"Tibor atya","twitter_card":"summary_large_image","twitter_misc":{"Szerz\u0151:":"Tibor atya","Becs\u00fclt olvas\u00e1si id\u0151":"7 perc"},"schema":{"@context":"https:\/\/schema.org","@graph":[{"@type":"Article","@id":"https:\/\/stuttgarti-katolikusok.de\/index.php\/toth-marta-aacheni-zarandoklat-egy-nap-a-hit-szarnyan\/#article","isPartOf":{"@id":"https:\/\/stuttgarti-katolikusok.de\/index.php\/toth-marta-aacheni-zarandoklat-egy-nap-a-hit-szarnyan\/"},"author":{"name":"Tibor atya","@id":"https:\/\/stuttgarti-katolikusok.de\/#\/schema\/person\/75908d6f8fdc03a57889d27209df7795"},"headline":"T\u00f3th M\u00e1rta: Aacheni zar\u00e1ndoklat &#8211; Egy nap a hit sz\u00e1rny\u00e1n&#8230;","datePublished":"2017-11-11T10:55:01+00:00","dateModified":"2017-11-13T06:26:50+00:00","mainEntityOfPage":{"@id":"https:\/\/stuttgarti-katolikusok.de\/index.php\/toth-marta-aacheni-zarandoklat-egy-nap-a-hit-szarnyan\/"},"wordCount":1346,"image":{"@id":"https:\/\/stuttgarti-katolikusok.de\/index.php\/toth-marta-aacheni-zarandoklat-egy-nap-a-hit-szarnyan\/#primaryimage"},"thumbnailUrl":"https:\/\/stuttgarti-katolikusok.de\/wp-content\/uploads\/2017\/11\/aachen.jpg","articleSection":["Olvas\u00f3ink \u00edrj\u00e1k"],"inLanguage":"hu"},{"@type":"WebPage","@id":"https:\/\/stuttgarti-katolikusok.de\/index.php\/toth-marta-aacheni-zarandoklat-egy-nap-a-hit-szarnyan\/","url":"https:\/\/stuttgarti-katolikusok.de\/index.php\/toth-marta-aacheni-zarandoklat-egy-nap-a-hit-szarnyan\/","name":"T\u00f3th M\u00e1rta: Aacheni zar\u00e1ndoklat - Egy nap a hit sz\u00e1rny\u00e1n... - Stuttgarti Katolikusok","isPartOf":{"@id":"https:\/\/stuttgarti-katolikusok.de\/#website"},"primaryImageOfPage":{"@id":"https:\/\/stuttgarti-katolikusok.de\/index.php\/toth-marta-aacheni-zarandoklat-egy-nap-a-hit-szarnyan\/#primaryimage"},"image":{"@id":"https:\/\/stuttgarti-katolikusok.de\/index.php\/toth-marta-aacheni-zarandoklat-egy-nap-a-hit-szarnyan\/#primaryimage"},"thumbnailUrl":"https:\/\/stuttgarti-katolikusok.de\/wp-content\/uploads\/2017\/11\/aachen.jpg","datePublished":"2017-11-11T10:55:01+00:00","dateModified":"2017-11-13T06:26:50+00:00","author":{"@id":"https:\/\/stuttgarti-katolikusok.de\/#\/schema\/person\/75908d6f8fdc03a57889d27209df7795"},"breadcrumb":{"@id":"https:\/\/stuttgarti-katolikusok.de\/index.php\/toth-marta-aacheni-zarandoklat-egy-nap-a-hit-szarnyan\/#breadcrumb"},"inLanguage":"hu","potentialAction":[{"@type":"ReadAction","target":["https:\/\/stuttgarti-katolikusok.de\/index.php\/toth-marta-aacheni-zarandoklat-egy-nap-a-hit-szarnyan\/"]}]},{"@type":"ImageObject","inLanguage":"hu","@id":"https:\/\/stuttgarti-katolikusok.de\/index.php\/toth-marta-aacheni-zarandoklat-egy-nap-a-hit-szarnyan\/#primaryimage","url":"https:\/\/stuttgarti-katolikusok.de\/wp-content\/uploads\/2017\/11\/aachen.jpg","contentUrl":"https:\/\/stuttgarti-katolikusok.de\/wp-content\/uploads\/2017\/11\/aachen.jpg","width":700,"height":394},{"@type":"BreadcrumbList","@id":"https:\/\/stuttgarti-katolikusok.de\/index.php\/toth-marta-aacheni-zarandoklat-egy-nap-a-hit-szarnyan\/#breadcrumb","itemListElement":[{"@type":"ListItem","position":1,"name":"Kezd\u0151lap","item":"https:\/\/stuttgarti-katolikusok.de\/"},{"@type":"ListItem","position":2,"name":"T\u00f3th M\u00e1rta: Aacheni zar\u00e1ndoklat &#8211; Egy nap a hit sz\u00e1rny\u00e1n&#8230;"}]},{"@type":"WebSite","@id":"https:\/\/stuttgarti-katolikusok.de\/#website","url":"https:\/\/stuttgarti-katolikusok.de\/","name":"Stuttgarti Katolikusok","description":"","potentialAction":[{"@type":"SearchAction","target":{"@type":"EntryPoint","urlTemplate":"https:\/\/stuttgarti-katolikusok.de\/?s={search_term_string}"},"query-input":{"@type":"PropertyValueSpecification","valueRequired":true,"valueName":"search_term_string"}}],"inLanguage":"hu"},{"@type":"Person","@id":"https:\/\/stuttgarti-katolikusok.de\/#\/schema\/person\/75908d6f8fdc03a57889d27209df7795","name":"Tibor atya","image":{"@type":"ImageObject","inLanguage":"hu","@id":"https:\/\/secure.gravatar.com\/avatar\/61d268e57d1f4525b111222e29d2d5a7f8c420fdbf231ba5566a8ceac74fa960?s=96&d=mm&r=g","url":"https:\/\/secure.gravatar.com\/avatar\/61d268e57d1f4525b111222e29d2d5a7f8c420fdbf231ba5566a8ceac74fa960?s=96&d=mm&r=g","contentUrl":"https:\/\/secure.gravatar.com\/avatar\/61d268e57d1f4525b111222e29d2d5a7f8c420fdbf231ba5566a8ceac74fa960?s=96&d=mm&r=g","caption":"Tibor atya"},"url":"https:\/\/stuttgarti-katolikusok.de\/index.php\/author\/tibor-atya\/"}]}},"_links":{"self":[{"href":"https:\/\/stuttgarti-katolikusok.de\/index.php\/wp-json\/wp\/v2\/posts\/12938","targetHints":{"allow":["GET"]}}],"collection":[{"href":"https:\/\/stuttgarti-katolikusok.de\/index.php\/wp-json\/wp\/v2\/posts"}],"about":[{"href":"https:\/\/stuttgarti-katolikusok.de\/index.php\/wp-json\/wp\/v2\/types\/post"}],"author":[{"embeddable":true,"href":"https:\/\/stuttgarti-katolikusok.de\/index.php\/wp-json\/wp\/v2\/users\/3"}],"replies":[{"embeddable":true,"href":"https:\/\/stuttgarti-katolikusok.de\/index.php\/wp-json\/wp\/v2\/comments?post=12938"}],"version-history":[{"count":2,"href":"https:\/\/stuttgarti-katolikusok.de\/index.php\/wp-json\/wp\/v2\/posts\/12938\/revisions"}],"predecessor-version":[{"id":12951,"href":"https:\/\/stuttgarti-katolikusok.de\/index.php\/wp-json\/wp\/v2\/posts\/12938\/revisions\/12951"}],"wp:featuredmedia":[{"embeddable":true,"href":"https:\/\/stuttgarti-katolikusok.de\/index.php\/wp-json\/wp\/v2\/media\/12939"}],"wp:attachment":[{"href":"https:\/\/stuttgarti-katolikusok.de\/index.php\/wp-json\/wp\/v2\/media?parent=12938"}],"wp:term":[{"taxonomy":"category","embeddable":true,"href":"https:\/\/stuttgarti-katolikusok.de\/index.php\/wp-json\/wp\/v2\/categories?post=12938"},{"taxonomy":"post_tag","embeddable":true,"href":"https:\/\/stuttgarti-katolikusok.de\/index.php\/wp-json\/wp\/v2\/tags?post=12938"}],"curies":[{"name":"wp","href":"https:\/\/api.w.org\/{rel}","templated":true}]}}