{"id":12930,"date":"2017-11-07T12:21:52","date_gmt":"2017-11-07T12:21:52","guid":{"rendered":"https:\/\/gracious-dewdney.138-201-221-2.plesk.page\/?p=12930"},"modified":"2017-11-07T12:49:53","modified_gmt":"2017-11-07T12:49:53","slug":"osszmagyar-zarandoklat-aachenben","status":"publish","type":"post","link":"https:\/\/stuttgarti-katolikusok.de\/index.php\/osszmagyar-zarandoklat-aachenben\/","title":{"rendered":"\u00d6sszmagyar zar\u00e1ndoklat Aachenben"},"content":{"rendered":"<p>Kedves H\u00edveim \u00e9s Bar\u00e1taim!<\/p>\n<p>Mivel Egyh\u00e1zk\u00f6zs\u00e9g\u00fcnk is r\u00e9sztvett az \u00f6sszmagyar zar\u00e1ndoklaton Aachenben az ottani Magyar K\u00e1polna alap\u00edt\u00e1s\u00e1nak 650 \u00e9vfordul\u00f3j\u00e1n, hadd osszam meg Veletek a szentmis\u00e9r\u0151l k\u00e9sz\u00fclt vide\u00f3 \u00f6ssze\u00e1ll\u00edt\u00e1st.<br \/>\nLelkip\u00e1sztori szeretettel, Imre atya<\/p>\n<div class=\"brlbs-cmpnt-container brlbs-cmpnt-content-blocker brlbs-cmpnt-with-individual-styles\" data-borlabs-cookie-content-blocker-id=\"youtube-content-blocker\" data-borlabs-cookie-content=\"PGlmcmFtZSB3aWR0aD0iOTQwIiBoZWlnaHQ9IjUyOSIgc3JjPSJodHRwczovL3d3dy55b3V0dWJlLW5vY29va2llLmNvbS9lbWJlZC9BQTJLLXRscmdLTT9mZWF0dXJlPW9lbWJlZCIgZnJhbWVib3JkZXI9IjAiIGdlc3R1cmU9Im1lZGlhIiBhbGxvd2Z1bGxzY3JlZW4+PC9pZnJhbWU+\">\n<div class=\"brlbs-cmpnt-cb-preset-c brlbs-cmpnt-cb-youtube\">\n<div class=\"brlbs-cmpnt-cb-thumbnail\" style=\"background-image: url('https:\/\/stuttgarti-katolikusok.de\/wp-content\/uploads\/borlabs-cookie\/1\/yt_AA2K-tlrgKM_hqdefault.jpg')\"><\/div>\n<div class=\"brlbs-cmpnt-cb-main\">\n<div class=\"brlbs-cmpnt-cb-play-button\"><\/div>\n<div class=\"brlbs-cmpnt-cb-content\">\n<p class=\"brlbs-cmpnt-cb-description\">You are currently viewing a placeholder content from <strong>YouTube<\/strong>. To access the actual content, click the button below. Please note that doing so will share data with third-party providers.<\/p>\n<p> <a class=\"brlbs-cmpnt-cb-provider-toggle\" href=\"#\" data-borlabs-cookie-show-provider-information role=\"button\">More Information<\/a> <\/div>\n<div class=\"brlbs-cmpnt-cb-buttons\"> <a class=\"brlbs-cmpnt-cb-btn\" href=\"#\" data-borlabs-cookie-unblock role=\"button\">Unblock content<\/a> <a class=\"brlbs-cmpnt-cb-btn\" href=\"#\" data-borlabs-cookie-accept-service role=\"button\" style=\"display: inherit\">Accept required service and unblock content<\/a> <\/div><\/div><\/div>\n<\/div>\n","protected":false},"excerpt":{"rendered":"<p>Kedves H\u00edveim \u00e9s Bar\u00e1taim! Mivel Egyh\u00e1zk\u00f6zs\u00e9g\u00fcnk is r\u00e9sztvett az \u00f6sszmagyar zar\u00e1ndoklaton Aachenben az ottani Magyar K\u00e1polna alap\u00edt\u00e1s\u00e1nak 650 \u00e9vfordul\u00f3j\u00e1n, hadd osszam meg Veletek a szentmis\u00e9r\u0151l k\u00e9sz\u00fclt vide\u00f3 \u00f6ssze\u00e1ll\u00edt\u00e1st. Lelkip\u00e1sztori szeretettel, Imre atya<\/p>\n","protected":false},"author":3,"featured_media":12931,"comment_status":"closed","ping_status":"closed","sticky":false,"template":"","format":"video","meta":{"footnotes":""},"categories":[46],"tags":[],"class_list":["post-12930","post","type-post","status-publish","format-video","has-post-thumbnail","hentry","category-zarandoklat","post_format-post-format-video"],"yoast_head":"<!-- This site is optimized with the Yoast SEO plugin v27.3 - https:\/\/yoast.com\/product\/yoast-seo-wordpress\/ -->\n<title>\u00d6sszmagyar zar\u00e1ndoklat Aachenben - Stuttgarti Katolikusok<\/title>\n<meta name=\"robots\" content=\"index, follow, max-snippet:-1, max-image-preview:large, max-video-preview:-1\" \/>\n<link rel=\"canonical\" href=\"https:\/\/stuttgarti-katolikusok.de\/index.php\/osszmagyar-zarandoklat-aachenben\/\" \/>\n<meta property=\"og:locale\" content=\"hu_HU\" \/>\n<meta property=\"og:type\" content=\"article\" \/>\n<meta property=\"og:title\" content=\"\u00d6sszmagyar zar\u00e1ndoklat Aachenben - Stuttgarti Katolikusok\" \/>\n<meta property=\"og:description\" content=\"Kedves H\u00edveim \u00e9s Bar\u00e1taim! Mivel Egyh\u00e1zk\u00f6zs\u00e9g\u00fcnk is r\u00e9sztvett az \u00f6sszmagyar zar\u00e1ndoklaton Aachenben az ottani Magyar K\u00e1polna alap\u00edt\u00e1s\u00e1nak 650 \u00e9vfordul\u00f3j\u00e1n, hadd osszam meg Veletek a szentmis\u00e9r\u0151l k\u00e9sz\u00fclt vide\u00f3 \u00f6ssze\u00e1ll\u00edt\u00e1st. Lelkip\u00e1sztori szeretettel, Imre atya\" \/>\n<meta property=\"og:url\" content=\"https:\/\/stuttgarti-katolikusok.de\/index.php\/osszmagyar-zarandoklat-aachenben\/\" \/>\n<meta property=\"og:site_name\" content=\"Stuttgarti Katolikusok\" \/>\n<meta property=\"article:published_time\" content=\"2017-11-07T12:21:52+00:00\" \/>\n<meta property=\"article:modified_time\" content=\"2017-11-07T12:49:53+00:00\" \/>\n<meta property=\"og:image\" content=\"https:\/\/stuttgarti-katolikusok.de\/wp-content\/uploads\/2017\/11\/clipboard01.jpg\" \/>\n\t<meta property=\"og:image:width\" content=\"1702\" \/>\n\t<meta property=\"og:image:height\" content=\"957\" \/>\n\t<meta property=\"og:image:type\" content=\"image\/jpeg\" \/>\n<meta name=\"author\" content=\"Tibor atya\" \/>\n<meta name=\"twitter:card\" content=\"summary_large_image\" \/>\n<meta name=\"twitter:label1\" content=\"Szerz\u0151:\" \/>\n\t<meta name=\"twitter:data1\" content=\"Tibor atya\" \/>\n<script type=\"application\/ld+json\" class=\"yoast-schema-graph\">{\"@context\":\"https:\\\/\\\/schema.org\",\"@graph\":[{\"@type\":\"Article\",\"@id\":\"https:\\\/\\\/stuttgarti-katolikusok.de\\\/index.php\\\/osszmagyar-zarandoklat-aachenben\\\/#article\",\"isPartOf\":{\"@id\":\"https:\\\/\\\/stuttgarti-katolikusok.de\\\/index.php\\\/osszmagyar-zarandoklat-aachenben\\\/\"},\"author\":{\"name\":\"Tibor atya\",\"@id\":\"https:\\\/\\\/stuttgarti-katolikusok.de\\\/#\\\/schema\\\/person\\\/75908d6f8fdc03a57889d27209df7795\"},\"headline\":\"\u00d6sszmagyar zar\u00e1ndoklat Aachenben\",\"datePublished\":\"2017-11-07T12:21:52+00:00\",\"dateModified\":\"2017-11-07T12:49:53+00:00\",\"mainEntityOfPage\":{\"@id\":\"https:\\\/\\\/stuttgarti-katolikusok.de\\\/index.php\\\/osszmagyar-zarandoklat-aachenben\\\/\"},\"wordCount\":70,\"image\":{\"@id\":\"https:\\\/\\\/stuttgarti-katolikusok.de\\\/index.php\\\/osszmagyar-zarandoklat-aachenben\\\/#primaryimage\"},\"thumbnailUrl\":\"https:\\\/\\\/stuttgarti-katolikusok.de\\\/wp-content\\\/uploads\\\/2017\\\/11\\\/clipboard01.jpg\",\"articleSection\":[\"Zar\u00e1ndoklat\"],\"inLanguage\":\"hu\"},{\"@type\":\"WebPage\",\"@id\":\"https:\\\/\\\/stuttgarti-katolikusok.de\\\/index.php\\\/osszmagyar-zarandoklat-aachenben\\\/\",\"url\":\"https:\\\/\\\/stuttgarti-katolikusok.de\\\/index.php\\\/osszmagyar-zarandoklat-aachenben\\\/\",\"name\":\"\u00d6sszmagyar zar\u00e1ndoklat Aachenben - Stuttgarti Katolikusok\",\"isPartOf\":{\"@id\":\"https:\\\/\\\/stuttgarti-katolikusok.de\\\/#website\"},\"primaryImageOfPage\":{\"@id\":\"https:\\\/\\\/stuttgarti-katolikusok.de\\\/index.php\\\/osszmagyar-zarandoklat-aachenben\\\/#primaryimage\"},\"image\":{\"@id\":\"https:\\\/\\\/stuttgarti-katolikusok.de\\\/index.php\\\/osszmagyar-zarandoklat-aachenben\\\/#primaryimage\"},\"thumbnailUrl\":\"https:\\\/\\\/stuttgarti-katolikusok.de\\\/wp-content\\\/uploads\\\/2017\\\/11\\\/clipboard01.jpg\",\"datePublished\":\"2017-11-07T12:21:52+00:00\",\"dateModified\":\"2017-11-07T12:49:53+00:00\",\"author\":{\"@id\":\"https:\\\/\\\/stuttgarti-katolikusok.de\\\/#\\\/schema\\\/person\\\/75908d6f8fdc03a57889d27209df7795\"},\"breadcrumb\":{\"@id\":\"https:\\\/\\\/stuttgarti-katolikusok.de\\\/index.php\\\/osszmagyar-zarandoklat-aachenben\\\/#breadcrumb\"},\"inLanguage\":\"hu\",\"potentialAction\":[{\"@type\":\"ReadAction\",\"target\":[\"https:\\\/\\\/stuttgarti-katolikusok.de\\\/index.php\\\/osszmagyar-zarandoklat-aachenben\\\/\"]}]},{\"@type\":\"ImageObject\",\"inLanguage\":\"hu\",\"@id\":\"https:\\\/\\\/stuttgarti-katolikusok.de\\\/index.php\\\/osszmagyar-zarandoklat-aachenben\\\/#primaryimage\",\"url\":\"https:\\\/\\\/stuttgarti-katolikusok.de\\\/wp-content\\\/uploads\\\/2017\\\/11\\\/clipboard01.jpg\",\"contentUrl\":\"https:\\\/\\\/stuttgarti-katolikusok.de\\\/wp-content\\\/uploads\\\/2017\\\/11\\\/clipboard01.jpg\",\"width\":1702,\"height\":957},{\"@type\":\"BreadcrumbList\",\"@id\":\"https:\\\/\\\/stuttgarti-katolikusok.de\\\/index.php\\\/osszmagyar-zarandoklat-aachenben\\\/#breadcrumb\",\"itemListElement\":[{\"@type\":\"ListItem\",\"position\":1,\"name\":\"Kezd\u0151lap\",\"item\":\"https:\\\/\\\/stuttgarti-katolikusok.de\\\/\"},{\"@type\":\"ListItem\",\"position\":2,\"name\":\"\u00d6sszmagyar zar\u00e1ndoklat Aachenben\"}]},{\"@type\":\"WebSite\",\"@id\":\"https:\\\/\\\/stuttgarti-katolikusok.de\\\/#website\",\"url\":\"https:\\\/\\\/stuttgarti-katolikusok.de\\\/\",\"name\":\"Stuttgarti Katolikusok\",\"description\":\"\",\"potentialAction\":[{\"@type\":\"SearchAction\",\"target\":{\"@type\":\"EntryPoint\",\"urlTemplate\":\"https:\\\/\\\/stuttgarti-katolikusok.de\\\/?s={search_term_string}\"},\"query-input\":{\"@type\":\"PropertyValueSpecification\",\"valueRequired\":true,\"valueName\":\"search_term_string\"}}],\"inLanguage\":\"hu\"},{\"@type\":\"Person\",\"@id\":\"https:\\\/\\\/stuttgarti-katolikusok.de\\\/#\\\/schema\\\/person\\\/75908d6f8fdc03a57889d27209df7795\",\"name\":\"Tibor atya\",\"image\":{\"@type\":\"ImageObject\",\"inLanguage\":\"hu\",\"@id\":\"https:\\\/\\\/secure.gravatar.com\\\/avatar\\\/61d268e57d1f4525b111222e29d2d5a7f8c420fdbf231ba5566a8ceac74fa960?s=96&d=mm&r=g\",\"url\":\"https:\\\/\\\/secure.gravatar.com\\\/avatar\\\/61d268e57d1f4525b111222e29d2d5a7f8c420fdbf231ba5566a8ceac74fa960?s=96&d=mm&r=g\",\"contentUrl\":\"https:\\\/\\\/secure.gravatar.com\\\/avatar\\\/61d268e57d1f4525b111222e29d2d5a7f8c420fdbf231ba5566a8ceac74fa960?s=96&d=mm&r=g\",\"caption\":\"Tibor atya\"},\"url\":\"https:\\\/\\\/stuttgarti-katolikusok.de\\\/index.php\\\/author\\\/tibor-atya\\\/\"}]}<\/script>\n<!-- \/ Yoast SEO plugin. -->","yoast_head_json":{"title":"\u00d6sszmagyar zar\u00e1ndoklat Aachenben - Stuttgarti Katolikusok","robots":{"index":"index","follow":"follow","max-snippet":"max-snippet:-1","max-image-preview":"max-image-preview:large","max-video-preview":"max-video-preview:-1"},"canonical":"https:\/\/stuttgarti-katolikusok.de\/index.php\/osszmagyar-zarandoklat-aachenben\/","og_locale":"hu_HU","og_type":"article","og_title":"\u00d6sszmagyar zar\u00e1ndoklat Aachenben - Stuttgarti Katolikusok","og_description":"Kedves H\u00edveim \u00e9s Bar\u00e1taim! Mivel Egyh\u00e1zk\u00f6zs\u00e9g\u00fcnk is r\u00e9sztvett az \u00f6sszmagyar zar\u00e1ndoklaton Aachenben az ottani Magyar K\u00e1polna alap\u00edt\u00e1s\u00e1nak 650 \u00e9vfordul\u00f3j\u00e1n, hadd osszam meg Veletek a szentmis\u00e9r\u0151l k\u00e9sz\u00fclt vide\u00f3 \u00f6ssze\u00e1ll\u00edt\u00e1st. Lelkip\u00e1sztori szeretettel, Imre atya","og_url":"https:\/\/stuttgarti-katolikusok.de\/index.php\/osszmagyar-zarandoklat-aachenben\/","og_site_name":"Stuttgarti Katolikusok","article_published_time":"2017-11-07T12:21:52+00:00","article_modified_time":"2017-11-07T12:49:53+00:00","og_image":[{"width":1702,"height":957,"url":"https:\/\/stuttgarti-katolikusok.de\/wp-content\/uploads\/2017\/11\/clipboard01.jpg","type":"image\/jpeg"}],"author":"Tibor atya","twitter_card":"summary_large_image","twitter_misc":{"Szerz\u0151:":"Tibor atya"},"schema":{"@context":"https:\/\/schema.org","@graph":[{"@type":"Article","@id":"https:\/\/stuttgarti-katolikusok.de\/index.php\/osszmagyar-zarandoklat-aachenben\/#article","isPartOf":{"@id":"https:\/\/stuttgarti-katolikusok.de\/index.php\/osszmagyar-zarandoklat-aachenben\/"},"author":{"name":"Tibor atya","@id":"https:\/\/stuttgarti-katolikusok.de\/#\/schema\/person\/75908d6f8fdc03a57889d27209df7795"},"headline":"\u00d6sszmagyar zar\u00e1ndoklat Aachenben","datePublished":"2017-11-07T12:21:52+00:00","dateModified":"2017-11-07T12:49:53+00:00","mainEntityOfPage":{"@id":"https:\/\/stuttgarti-katolikusok.de\/index.php\/osszmagyar-zarandoklat-aachenben\/"},"wordCount":70,"image":{"@id":"https:\/\/stuttgarti-katolikusok.de\/index.php\/osszmagyar-zarandoklat-aachenben\/#primaryimage"},"thumbnailUrl":"https:\/\/stuttgarti-katolikusok.de\/wp-content\/uploads\/2017\/11\/clipboard01.jpg","articleSection":["Zar\u00e1ndoklat"],"inLanguage":"hu"},{"@type":"WebPage","@id":"https:\/\/stuttgarti-katolikusok.de\/index.php\/osszmagyar-zarandoklat-aachenben\/","url":"https:\/\/stuttgarti-katolikusok.de\/index.php\/osszmagyar-zarandoklat-aachenben\/","name":"\u00d6sszmagyar zar\u00e1ndoklat Aachenben - Stuttgarti Katolikusok","isPartOf":{"@id":"https:\/\/stuttgarti-katolikusok.de\/#website"},"primaryImageOfPage":{"@id":"https:\/\/stuttgarti-katolikusok.de\/index.php\/osszmagyar-zarandoklat-aachenben\/#primaryimage"},"image":{"@id":"https:\/\/stuttgarti-katolikusok.de\/index.php\/osszmagyar-zarandoklat-aachenben\/#primaryimage"},"thumbnailUrl":"https:\/\/stuttgarti-katolikusok.de\/wp-content\/uploads\/2017\/11\/clipboard01.jpg","datePublished":"2017-11-07T12:21:52+00:00","dateModified":"2017-11-07T12:49:53+00:00","author":{"@id":"https:\/\/stuttgarti-katolikusok.de\/#\/schema\/person\/75908d6f8fdc03a57889d27209df7795"},"breadcrumb":{"@id":"https:\/\/stuttgarti-katolikusok.de\/index.php\/osszmagyar-zarandoklat-aachenben\/#breadcrumb"},"inLanguage":"hu","potentialAction":[{"@type":"ReadAction","target":["https:\/\/stuttgarti-katolikusok.de\/index.php\/osszmagyar-zarandoklat-aachenben\/"]}]},{"@type":"ImageObject","inLanguage":"hu","@id":"https:\/\/stuttgarti-katolikusok.de\/index.php\/osszmagyar-zarandoklat-aachenben\/#primaryimage","url":"https:\/\/stuttgarti-katolikusok.de\/wp-content\/uploads\/2017\/11\/clipboard01.jpg","contentUrl":"https:\/\/stuttgarti-katolikusok.de\/wp-content\/uploads\/2017\/11\/clipboard01.jpg","width":1702,"height":957},{"@type":"BreadcrumbList","@id":"https:\/\/stuttgarti-katolikusok.de\/index.php\/osszmagyar-zarandoklat-aachenben\/#breadcrumb","itemListElement":[{"@type":"ListItem","position":1,"name":"Kezd\u0151lap","item":"https:\/\/stuttgarti-katolikusok.de\/"},{"@type":"ListItem","position":2,"name":"\u00d6sszmagyar zar\u00e1ndoklat Aachenben"}]},{"@type":"WebSite","@id":"https:\/\/stuttgarti-katolikusok.de\/#website","url":"https:\/\/stuttgarti-katolikusok.de\/","name":"Stuttgarti Katolikusok","description":"","potentialAction":[{"@type":"SearchAction","target":{"@type":"EntryPoint","urlTemplate":"https:\/\/stuttgarti-katolikusok.de\/?s={search_term_string}"},"query-input":{"@type":"PropertyValueSpecification","valueRequired":true,"valueName":"search_term_string"}}],"inLanguage":"hu"},{"@type":"Person","@id":"https:\/\/stuttgarti-katolikusok.de\/#\/schema\/person\/75908d6f8fdc03a57889d27209df7795","name":"Tibor atya","image":{"@type":"ImageObject","inLanguage":"hu","@id":"https:\/\/secure.gravatar.com\/avatar\/61d268e57d1f4525b111222e29d2d5a7f8c420fdbf231ba5566a8ceac74fa960?s=96&d=mm&r=g","url":"https:\/\/secure.gravatar.com\/avatar\/61d268e57d1f4525b111222e29d2d5a7f8c420fdbf231ba5566a8ceac74fa960?s=96&d=mm&r=g","contentUrl":"https:\/\/secure.gravatar.com\/avatar\/61d268e57d1f4525b111222e29d2d5a7f8c420fdbf231ba5566a8ceac74fa960?s=96&d=mm&r=g","caption":"Tibor atya"},"url":"https:\/\/stuttgarti-katolikusok.de\/index.php\/author\/tibor-atya\/"}]}},"_links":{"self":[{"href":"https:\/\/stuttgarti-katolikusok.de\/index.php\/wp-json\/wp\/v2\/posts\/12930","targetHints":{"allow":["GET"]}}],"collection":[{"href":"https:\/\/stuttgarti-katolikusok.de\/index.php\/wp-json\/wp\/v2\/posts"}],"about":[{"href":"https:\/\/stuttgarti-katolikusok.de\/index.php\/wp-json\/wp\/v2\/types\/post"}],"author":[{"embeddable":true,"href":"https:\/\/stuttgarti-katolikusok.de\/index.php\/wp-json\/wp\/v2\/users\/3"}],"replies":[{"embeddable":true,"href":"https:\/\/stuttgarti-katolikusok.de\/index.php\/wp-json\/wp\/v2\/comments?post=12930"}],"version-history":[{"count":2,"href":"https:\/\/stuttgarti-katolikusok.de\/index.php\/wp-json\/wp\/v2\/posts\/12930\/revisions"}],"predecessor-version":[{"id":12937,"href":"https:\/\/stuttgarti-katolikusok.de\/index.php\/wp-json\/wp\/v2\/posts\/12930\/revisions\/12937"}],"wp:featuredmedia":[{"embeddable":true,"href":"https:\/\/stuttgarti-katolikusok.de\/index.php\/wp-json\/wp\/v2\/media\/12931"}],"wp:attachment":[{"href":"https:\/\/stuttgarti-katolikusok.de\/index.php\/wp-json\/wp\/v2\/media?parent=12930"}],"wp:term":[{"taxonomy":"category","embeddable":true,"href":"https:\/\/stuttgarti-katolikusok.de\/index.php\/wp-json\/wp\/v2\/categories?post=12930"},{"taxonomy":"post_tag","embeddable":true,"href":"https:\/\/stuttgarti-katolikusok.de\/index.php\/wp-json\/wp\/v2\/tags?post=12930"}],"curies":[{"name":"wp","href":"https:\/\/api.w.org\/{rel}","templated":true}]}}