{"id":12866,"date":"2017-10-30T07:24:26","date_gmt":"2017-10-30T07:24:26","guid":{"rendered":"https:\/\/gracious-dewdney.138-201-221-2.plesk.page\/?p=12866"},"modified":"2020-04-27T16:15:28","modified_gmt":"2020-04-27T16:15:28","slug":"programelozetes-oktober-30-es-november-5-kozott","status":"publish","type":"post","link":"https:\/\/stuttgarti-katolikusok.de\/index.php\/programelozetes-oktober-30-es-november-5-kozott\/","title":{"rendered":"Programel\u0151zetes okt\u00f3ber 30 \u00e9s november 5 k\u00f6z\u00f6tt"},"content":{"rendered":"<p><strong>Programel\u0151zetes<\/strong><\/p>\n<p><em>Tibor atya viszonylagos meggy\u00f3gyul\u00e1sa ut\u00e1n mind a h\u00e9tk\u00f6znapi, mind pedig a vas\u00e1rnapi szentmis\u00e9inket minden\u00fctt \u00fajra meg\u00fcnnepelhetj\u00fck!<\/em><\/p>\n<p><strong>November 1-j\u00e9n, <\/strong><strong>szerd\u00e1n, Mindenszentek \u00fcnnepe, <\/strong><\/p>\n<p><strong>Stuttgartban<\/strong><strong> 18.00 \u00f3rakor <em>szentmise<\/em> halottaink\u00e9rt, majd ut\u00e1na <em>temet\u0151j\u00e1r\u00e1s<\/em>.<\/strong><\/p>\n<p><strong>Weingartenben<\/strong> 18.00 \u00f3rakor <em>szentmise<\/em> a <em>14 Nothelfer Kapelle<\/em>-ben, ut\u00e1na pedig <em>a M\u00e1ria templom temet\u0151j\u00e9be<\/em> mennek ki a h\u00edvek.<\/p>\n<p style=\"text-align: center;\">*<\/p>\n<p><strong>November 2-\u00e1n, <\/strong>cs\u00fct\u00f6rt\u00f6k\u00f6n, Halottak napja,<\/p>\n<p><strong>Ulmban<\/strong> 17.30 \u00f3r\u00e1t\u00f3l <em>szentmise<\/em>, el\u0151tte <em>r\u00f3zsaf\u00fcz\u00e9r<\/em>, ut\u00e1na <em>temet\u0151j\u00e1r\u00e1s <\/em>a <em>Sankt Georg <\/em>templom melletti temt\u0151ben<em>. <\/em><\/p>\n<p style=\"text-align: center;\">*<\/p>\n<p><strong>November 3-\u00e1n, <\/strong>p\u00e9nteken,<\/p>\n<p><strong>Stuttgartban<\/strong> 16.00 \u00f3rakor <em>Bar\u00e1ts\u00e1gklub<\/em>. 17.50 \u00f3rakor <em>r\u00f3zsaf\u00fcz\u00e9r \u00e1jtatoss\u00e1g<\/em>. Ut\u00e1na <em>szentmise, <\/em>keret\u00e9ben <em>P\u00e9nteki Egyetem (Besz\u00e9lget\u00e9sek a Katekizmusr\u00f3l). <\/em>Majd <em>Imak\u00f6r \u2013 szents\u00e9gim\u00e1d\u00e1s \u2013 <\/em>k\u00e9r\u00e9seink felaj\u00e1nl\u00e1sa az Olt\u00e1riszents\u00e9gben jelenl\u00e9v\u0151 Krisztusnak.<\/p>\n<p><strong>Weingarteni d\u00e9lut\u00e1n<\/strong> a Marien Kirche-ben. 17.30 \u00f3rakor <em>r\u00f3zsaf\u00fcz\u00e9r im\u00e1ds\u00e1g<\/em>, 18.00 \u00f3rakor <em>szentmise<\/em>, azt k\u00f6vet\u0151en pedig <em>Besz\u00e9lget\u00e9sek a Bibli\u00e1r\u00f3l<\/em>. Els\u0151p\u00e9ntekes betegeket is felkeresem d\u00e9lut\u00e1n folyam\u00e1n.<\/p>\n<p style=\"text-align: center;\">*<\/p>\n<p><strong>November 4-\u00e9n, <\/strong>szombaton,<\/p>\n<p><strong>Balingenben<\/strong> 17.00 \u00f3rakor <em>szentmise<\/em>. El\u0151tte <em>gy\u00f3ntat\u00e1s<\/em>, ut\u00e1na <em>\u00e1g\u00e1p\u00e9<\/em>.<\/p>\n<p style=\"text-align: center;\">*<\/p>\n<p><strong>November 5-\u00e9n, <\/strong>vas\u00e1rnap,<\/p>\n<p><strong>Munderkingenben<\/strong> 9.00 \u00f3rakor szentmise.<\/p>\n<p><strong>Schw\u00e4bisch-Gm\u00fcndben <\/strong>9.30 \u00f3rakor <em>szentmise. <\/em>Ut\u00e1na <em>\u00e1g\u00e1p\u00e9<\/em>.<\/p>\n<p><strong>Stuttgartban <\/strong>15.00 \u00f3rakor <em>szentmise, <\/em>szolg\u00e1ltatj\u00e1k a <em>cs\u00edksomly\u00f3i zar\u00e1ndokaink<\/em>. Ut\u00e1na, 16.00 \u00f3r\u00e1t\u00f3l el\u0151bb r\u00f6vid <em>zar\u00e1ndok-tal\u00e1lkoz\u00f3<\/em>, majd <em>F\u0151konzuli Nap<\/em>: a Stuttgarti Magyar F\u0151konzul\u00e1tus munkat\u00e1rsai fontos gyakorlati k\u00e9rd\u00e9sekr\u0151l sz\u00e1molnak be nek\u00fcnk.<\/p>\n<p style=\"text-align: center;\">*<\/p>\n<p>Minden helyen mindenkit szeretettel v\u00e1r a k\u00f6z\u00f6ss\u00e9g, Imre atya \u00e9s Tibor atya!<\/p>\n<p>&nbsp;<\/p>\n<p><em>\u201eAz ember eltemeti halottjait, s\u00edrjuk f\u00f6l\u00e9 keresztet \u00e1csol, jelnek, hogy van valami, ami t\u00f6bb, mint az \u00e9let.\u201d (<\/em><em><a href=\"http:\/\/www.citatum.hu\/szerzo\/Wass_Albert\">Wass Albert<\/a><\/em><em> &#8211; <\/em><em>1909-1998 &#8211; \u00edr\u00f3)<\/em><\/p>\n<p><strong><em>Sz\u00e9p \u0151szi napokat, j\u00f3 munk\u00e1t, tartalmas besz\u00e9lget\u00e9seket \u00e9s \u00f6r\u00f6mteli tal\u00e1lkoz\u00e1sokat k\u00edv\u00e1nunk minden Kedves H\u00edv\u00fcnknek!<\/em><\/strong><\/p>\n","protected":false},"excerpt":{"rendered":"<p>Programel\u0151zetes Tibor atya viszonylagos meggy\u00f3gyul\u00e1sa ut\u00e1n mind a h\u00e9tk\u00f6znapi, mind pedig a vas\u00e1rnapi szentmis\u00e9inket minden\u00fctt \u00fajra meg\u00fcnnepelhetj\u00fck! November 1-j\u00e9n, szerd\u00e1n, Mindenszentek \u00fcnnepe, Stuttgartban 18.00 \u00f3rakor szentmise halottaink\u00e9rt, majd ut\u00e1na temet\u0151j\u00e1r\u00e1s. Weingartenben 18.00 \u00f3rakor szentmise a 14 Nothelfer Kapelle-ben, ut\u00e1na pedig a M\u00e1ria templom temet\u0151j\u00e9be mennek ki a h\u00edvek. * November 2-\u00e1n, cs\u00fct\u00f6rt\u00f6k\u00f6n, Halottak napja, Ulmban 17.30 \u00f3r\u00e1t\u00f3l szentmise, el\u0151tte r\u00f3zsaf\u00fcz\u00e9r, ut\u00e1na temet\u0151j\u00e1r\u00e1s a Sankt Georg templom melletti temt\u0151ben. * November 3-\u00e1n, p\u00e9nteken, Stuttgartban 16.00 \u00f3rakor Bar\u00e1ts\u00e1gklub. 17.50 \u00f3rakor r\u00f3zsaf\u00fcz\u00e9r \u00e1jtatoss\u00e1g. Ut\u00e1na szentmise, keret\u00e9ben P\u00e9nteki Egyetem (Besz\u00e9lget\u00e9sek a Katekizmusr\u00f3l). Majd Imak\u00f6r \u2013 szents\u00e9gim\u00e1d\u00e1s \u2013 k\u00e9r\u00e9seink felaj\u00e1nl\u00e1sa az Olt\u00e1riszents\u00e9gben jelenl\u00e9v\u0151 Krisztusnak. Weingarteni d\u00e9lut\u00e1n a Marien Kirche-ben. 17.30 \u00f3rakor r\u00f3zsaf\u00fcz\u00e9r im\u00e1ds\u00e1g, 18.00 \u00f3rakor szentmise, azt k\u00f6vet\u0151en pedig Besz\u00e9lget\u00e9sek a Bibli\u00e1r\u00f3l. Els\u0151p\u00e9ntekes betegeket is felkeresem d\u00e9lut\u00e1n folyam\u00e1n. * November 4-\u00e9n, szombaton, Balingenben 17.00 \u00f3rakor szentmise. El\u0151tte gy\u00f3ntat\u00e1s, ut\u00e1na \u00e1g\u00e1p\u00e9. * November 5-\u00e9n, vas\u00e1rnap, Munderkingenben 9.00 \u00f3rakor szentmise. Schw\u00e4bisch-Gm\u00fcndben 9.30 \u00f3rakor szentmise. Ut\u00e1na \u00e1g\u00e1p\u00e9. Stuttgartban 15.00 \u00f3rakor szentmise, szolg\u00e1ltatj\u00e1k a cs\u00edksomly\u00f3i zar\u00e1ndokaink. Ut\u00e1na, 16.00 \u00f3r\u00e1t\u00f3l el\u0151bb r\u00f6vid zar\u00e1ndok-tal\u00e1lkoz\u00f3, majd F\u0151konzuli Nap: a Stuttgarti Magyar F\u0151konzul\u00e1tus munkat\u00e1rsai fontos gyakorlati k\u00e9rd\u00e9sekr\u0151l sz\u00e1molnak be nek\u00fcnk. * Minden helyen mindenkit szeretettel v\u00e1r a k\u00f6z\u00f6ss\u00e9g, Imre atya \u00e9s Tibor atya! &nbsp; \u201eAz ember eltemeti halottjait, s\u00edrjuk f\u00f6l\u00e9 keresztet \u00e1csol, jelnek, hogy van valami, ami t\u00f6bb, mint az \u00e9let.\u201d (Wass Albert &#8211; 1909-1998 &#8211; \u00edr\u00f3) Sz\u00e9p \u0151szi napokat, j\u00f3 munk\u00e1t, tartalmas besz\u00e9lget\u00e9seket \u00e9s \u00f6r\u00f6mteli tal\u00e1lkoz\u00e1sokat k\u00edv\u00e1nunk minden Kedves H\u00edv\u00fcnknek!<\/p>\n","protected":false},"author":3,"featured_media":0,"comment_status":"closed","ping_status":"closed","sticky":false,"template":"","format":"standard","meta":{"footnotes":""},"categories":[37],"tags":[],"class_list":["post-12866","post","type-post","status-publish","format-standard","hentry","category-progamelozetes"],"yoast_head":"<!-- This site is optimized with the Yoast SEO plugin v27.3 - https:\/\/yoast.com\/product\/yoast-seo-wordpress\/ -->\n<title>Programel\u0151zetes okt\u00f3ber 30 \u00e9s november 5 k\u00f6z\u00f6tt - Stuttgarti Katolikusok<\/title>\n<meta name=\"robots\" content=\"index, follow, max-snippet:-1, max-image-preview:large, max-video-preview:-1\" \/>\n<link rel=\"canonical\" href=\"https:\/\/stuttgarti-katolikusok.de\/index.php\/programelozetes-oktober-30-es-november-5-kozott\/\" \/>\n<meta property=\"og:locale\" content=\"hu_HU\" \/>\n<meta property=\"og:type\" content=\"article\" \/>\n<meta property=\"og:title\" content=\"Programel\u0151zetes okt\u00f3ber 30 \u00e9s november 5 k\u00f6z\u00f6tt - Stuttgarti Katolikusok\" \/>\n<meta property=\"og:description\" content=\"Programel\u0151zetes Tibor atya viszonylagos meggy\u00f3gyul\u00e1sa ut\u00e1n mind a h\u00e9tk\u00f6znapi, mind pedig a vas\u00e1rnapi szentmis\u00e9inket minden\u00fctt \u00fajra meg\u00fcnnepelhetj\u00fck! November 1-j\u00e9n, szerd\u00e1n, Mindenszentek \u00fcnnepe, Stuttgartban 18.00 \u00f3rakor szentmise halottaink\u00e9rt, majd ut\u00e1na temet\u0151j\u00e1r\u00e1s. Weingartenben 18.00 \u00f3rakor szentmise a 14 Nothelfer Kapelle-ben, ut\u00e1na pedig a M\u00e1ria templom temet\u0151j\u00e9be mennek ki a h\u00edvek. * November 2-\u00e1n, cs\u00fct\u00f6rt\u00f6k\u00f6n, Halottak napja, Ulmban 17.30 \u00f3r\u00e1t\u00f3l szentmise, el\u0151tte r\u00f3zsaf\u00fcz\u00e9r, ut\u00e1na temet\u0151j\u00e1r\u00e1s a Sankt Georg templom melletti temt\u0151ben. * November 3-\u00e1n, p\u00e9nteken, Stuttgartban 16.00 \u00f3rakor Bar\u00e1ts\u00e1gklub. 17.50 \u00f3rakor r\u00f3zsaf\u00fcz\u00e9r \u00e1jtatoss\u00e1g. Ut\u00e1na szentmise, keret\u00e9ben P\u00e9nteki Egyetem (Besz\u00e9lget\u00e9sek a Katekizmusr\u00f3l). Majd Imak\u00f6r \u2013 szents\u00e9gim\u00e1d\u00e1s \u2013 k\u00e9r\u00e9seink felaj\u00e1nl\u00e1sa az Olt\u00e1riszents\u00e9gben jelenl\u00e9v\u0151 Krisztusnak. Weingarteni d\u00e9lut\u00e1n a Marien Kirche-ben. 17.30 \u00f3rakor r\u00f3zsaf\u00fcz\u00e9r im\u00e1ds\u00e1g, 18.00 \u00f3rakor szentmise, azt k\u00f6vet\u0151en pedig Besz\u00e9lget\u00e9sek a Bibli\u00e1r\u00f3l. Els\u0151p\u00e9ntekes betegeket is felkeresem d\u00e9lut\u00e1n folyam\u00e1n. * November 4-\u00e9n, szombaton, Balingenben 17.00 \u00f3rakor szentmise. El\u0151tte gy\u00f3ntat\u00e1s, ut\u00e1na \u00e1g\u00e1p\u00e9. * November 5-\u00e9n, vas\u00e1rnap, Munderkingenben 9.00 \u00f3rakor szentmise. Schw\u00e4bisch-Gm\u00fcndben 9.30 \u00f3rakor szentmise. Ut\u00e1na \u00e1g\u00e1p\u00e9. Stuttgartban 15.00 \u00f3rakor szentmise, szolg\u00e1ltatj\u00e1k a cs\u00edksomly\u00f3i zar\u00e1ndokaink. Ut\u00e1na, 16.00 \u00f3r\u00e1t\u00f3l el\u0151bb r\u00f6vid zar\u00e1ndok-tal\u00e1lkoz\u00f3, majd F\u0151konzuli Nap: a Stuttgarti Magyar F\u0151konzul\u00e1tus munkat\u00e1rsai fontos gyakorlati k\u00e9rd\u00e9sekr\u0151l sz\u00e1molnak be nek\u00fcnk. * Minden helyen mindenkit szeretettel v\u00e1r a k\u00f6z\u00f6ss\u00e9g, Imre atya \u00e9s Tibor atya! &nbsp; \u201eAz ember eltemeti halottjait, s\u00edrjuk f\u00f6l\u00e9 keresztet \u00e1csol, jelnek, hogy van valami, ami t\u00f6bb, mint az \u00e9let.\u201d (Wass Albert &#8211; 1909-1998 &#8211; \u00edr\u00f3) Sz\u00e9p \u0151szi napokat, j\u00f3 munk\u00e1t, tartalmas besz\u00e9lget\u00e9seket \u00e9s \u00f6r\u00f6mteli tal\u00e1lkoz\u00e1sokat k\u00edv\u00e1nunk minden Kedves H\u00edv\u00fcnknek!\" \/>\n<meta property=\"og:url\" content=\"https:\/\/stuttgarti-katolikusok.de\/index.php\/programelozetes-oktober-30-es-november-5-kozott\/\" \/>\n<meta property=\"og:site_name\" content=\"Stuttgarti Katolikusok\" \/>\n<meta property=\"article:published_time\" content=\"2017-10-30T07:24:26+00:00\" \/>\n<meta property=\"article:modified_time\" content=\"2020-04-27T16:15:28+00:00\" \/>\n<meta name=\"author\" content=\"Tibor atya\" \/>\n<meta name=\"twitter:card\" content=\"summary_large_image\" \/>\n<meta name=\"twitter:label1\" content=\"Szerz\u0151:\" \/>\n\t<meta name=\"twitter:data1\" content=\"Tibor atya\" \/>\n\t<meta name=\"twitter:label2\" content=\"Becs\u00fclt olvas\u00e1si id\u0151\" \/>\n\t<meta name=\"twitter:data2\" content=\"2 perc\" \/>\n<script type=\"application\/ld+json\" class=\"yoast-schema-graph\">{\"@context\":\"https:\\\/\\\/schema.org\",\"@graph\":[{\"@type\":\"Article\",\"@id\":\"https:\\\/\\\/stuttgarti-katolikusok.de\\\/index.php\\\/programelozetes-oktober-30-es-november-5-kozott\\\/#article\",\"isPartOf\":{\"@id\":\"https:\\\/\\\/stuttgarti-katolikusok.de\\\/index.php\\\/programelozetes-oktober-30-es-november-5-kozott\\\/\"},\"author\":{\"name\":\"Tibor atya\",\"@id\":\"https:\\\/\\\/stuttgarti-katolikusok.de\\\/#\\\/schema\\\/person\\\/75908d6f8fdc03a57889d27209df7795\"},\"headline\":\"Programel\u0151zetes okt\u00f3ber 30 \u00e9s november 5 k\u00f6z\u00f6tt\",\"datePublished\":\"2017-10-30T07:24:26+00:00\",\"dateModified\":\"2020-04-27T16:15:28+00:00\",\"mainEntityOfPage\":{\"@id\":\"https:\\\/\\\/stuttgarti-katolikusok.de\\\/index.php\\\/programelozetes-oktober-30-es-november-5-kozott\\\/\"},\"wordCount\":350,\"articleSection\":[\"Progamel\u0151zetes\"],\"inLanguage\":\"hu\"},{\"@type\":\"WebPage\",\"@id\":\"https:\\\/\\\/stuttgarti-katolikusok.de\\\/index.php\\\/programelozetes-oktober-30-es-november-5-kozott\\\/\",\"url\":\"https:\\\/\\\/stuttgarti-katolikusok.de\\\/index.php\\\/programelozetes-oktober-30-es-november-5-kozott\\\/\",\"name\":\"Programel\u0151zetes okt\u00f3ber 30 \u00e9s november 5 k\u00f6z\u00f6tt - Stuttgarti Katolikusok\",\"isPartOf\":{\"@id\":\"https:\\\/\\\/stuttgarti-katolikusok.de\\\/#website\"},\"datePublished\":\"2017-10-30T07:24:26+00:00\",\"dateModified\":\"2020-04-27T16:15:28+00:00\",\"author\":{\"@id\":\"https:\\\/\\\/stuttgarti-katolikusok.de\\\/#\\\/schema\\\/person\\\/75908d6f8fdc03a57889d27209df7795\"},\"breadcrumb\":{\"@id\":\"https:\\\/\\\/stuttgarti-katolikusok.de\\\/index.php\\\/programelozetes-oktober-30-es-november-5-kozott\\\/#breadcrumb\"},\"inLanguage\":\"hu\",\"potentialAction\":[{\"@type\":\"ReadAction\",\"target\":[\"https:\\\/\\\/stuttgarti-katolikusok.de\\\/index.php\\\/programelozetes-oktober-30-es-november-5-kozott\\\/\"]}]},{\"@type\":\"BreadcrumbList\",\"@id\":\"https:\\\/\\\/stuttgarti-katolikusok.de\\\/index.php\\\/programelozetes-oktober-30-es-november-5-kozott\\\/#breadcrumb\",\"itemListElement\":[{\"@type\":\"ListItem\",\"position\":1,\"name\":\"Kezd\u0151lap\",\"item\":\"https:\\\/\\\/stuttgarti-katolikusok.de\\\/\"},{\"@type\":\"ListItem\",\"position\":2,\"name\":\"Programel\u0151zetes okt\u00f3ber 30 \u00e9s november 5 k\u00f6z\u00f6tt\"}]},{\"@type\":\"WebSite\",\"@id\":\"https:\\\/\\\/stuttgarti-katolikusok.de\\\/#website\",\"url\":\"https:\\\/\\\/stuttgarti-katolikusok.de\\\/\",\"name\":\"Stuttgarti Katolikusok\",\"description\":\"\",\"potentialAction\":[{\"@type\":\"SearchAction\",\"target\":{\"@type\":\"EntryPoint\",\"urlTemplate\":\"https:\\\/\\\/stuttgarti-katolikusok.de\\\/?s={search_term_string}\"},\"query-input\":{\"@type\":\"PropertyValueSpecification\",\"valueRequired\":true,\"valueName\":\"search_term_string\"}}],\"inLanguage\":\"hu\"},{\"@type\":\"Person\",\"@id\":\"https:\\\/\\\/stuttgarti-katolikusok.de\\\/#\\\/schema\\\/person\\\/75908d6f8fdc03a57889d27209df7795\",\"name\":\"Tibor atya\",\"image\":{\"@type\":\"ImageObject\",\"inLanguage\":\"hu\",\"@id\":\"https:\\\/\\\/secure.gravatar.com\\\/avatar\\\/61d268e57d1f4525b111222e29d2d5a7f8c420fdbf231ba5566a8ceac74fa960?s=96&d=mm&r=g\",\"url\":\"https:\\\/\\\/secure.gravatar.com\\\/avatar\\\/61d268e57d1f4525b111222e29d2d5a7f8c420fdbf231ba5566a8ceac74fa960?s=96&d=mm&r=g\",\"contentUrl\":\"https:\\\/\\\/secure.gravatar.com\\\/avatar\\\/61d268e57d1f4525b111222e29d2d5a7f8c420fdbf231ba5566a8ceac74fa960?s=96&d=mm&r=g\",\"caption\":\"Tibor atya\"},\"url\":\"https:\\\/\\\/stuttgarti-katolikusok.de\\\/index.php\\\/author\\\/tibor-atya\\\/\"}]}<\/script>\n<!-- \/ Yoast SEO plugin. -->","yoast_head_json":{"title":"Programel\u0151zetes okt\u00f3ber 30 \u00e9s november 5 k\u00f6z\u00f6tt - Stuttgarti Katolikusok","robots":{"index":"index","follow":"follow","max-snippet":"max-snippet:-1","max-image-preview":"max-image-preview:large","max-video-preview":"max-video-preview:-1"},"canonical":"https:\/\/stuttgarti-katolikusok.de\/index.php\/programelozetes-oktober-30-es-november-5-kozott\/","og_locale":"hu_HU","og_type":"article","og_title":"Programel\u0151zetes okt\u00f3ber 30 \u00e9s november 5 k\u00f6z\u00f6tt - Stuttgarti Katolikusok","og_description":"Programel\u0151zetes Tibor atya viszonylagos meggy\u00f3gyul\u00e1sa ut\u00e1n mind a h\u00e9tk\u00f6znapi, mind pedig a vas\u00e1rnapi szentmis\u00e9inket minden\u00fctt \u00fajra meg\u00fcnnepelhetj\u00fck! November 1-j\u00e9n, szerd\u00e1n, Mindenszentek \u00fcnnepe, Stuttgartban 18.00 \u00f3rakor szentmise halottaink\u00e9rt, majd ut\u00e1na temet\u0151j\u00e1r\u00e1s. Weingartenben 18.00 \u00f3rakor szentmise a 14 Nothelfer Kapelle-ben, ut\u00e1na pedig a M\u00e1ria templom temet\u0151j\u00e9be mennek ki a h\u00edvek. * November 2-\u00e1n, cs\u00fct\u00f6rt\u00f6k\u00f6n, Halottak napja, Ulmban 17.30 \u00f3r\u00e1t\u00f3l szentmise, el\u0151tte r\u00f3zsaf\u00fcz\u00e9r, ut\u00e1na temet\u0151j\u00e1r\u00e1s a Sankt Georg templom melletti temt\u0151ben. * November 3-\u00e1n, p\u00e9nteken, Stuttgartban 16.00 \u00f3rakor Bar\u00e1ts\u00e1gklub. 17.50 \u00f3rakor r\u00f3zsaf\u00fcz\u00e9r \u00e1jtatoss\u00e1g. Ut\u00e1na szentmise, keret\u00e9ben P\u00e9nteki Egyetem (Besz\u00e9lget\u00e9sek a Katekizmusr\u00f3l). Majd Imak\u00f6r \u2013 szents\u00e9gim\u00e1d\u00e1s \u2013 k\u00e9r\u00e9seink felaj\u00e1nl\u00e1sa az Olt\u00e1riszents\u00e9gben jelenl\u00e9v\u0151 Krisztusnak. Weingarteni d\u00e9lut\u00e1n a Marien Kirche-ben. 17.30 \u00f3rakor r\u00f3zsaf\u00fcz\u00e9r im\u00e1ds\u00e1g, 18.00 \u00f3rakor szentmise, azt k\u00f6vet\u0151en pedig Besz\u00e9lget\u00e9sek a Bibli\u00e1r\u00f3l. Els\u0151p\u00e9ntekes betegeket is felkeresem d\u00e9lut\u00e1n folyam\u00e1n. * November 4-\u00e9n, szombaton, Balingenben 17.00 \u00f3rakor szentmise. El\u0151tte gy\u00f3ntat\u00e1s, ut\u00e1na \u00e1g\u00e1p\u00e9. * November 5-\u00e9n, vas\u00e1rnap, Munderkingenben 9.00 \u00f3rakor szentmise. Schw\u00e4bisch-Gm\u00fcndben 9.30 \u00f3rakor szentmise. Ut\u00e1na \u00e1g\u00e1p\u00e9. Stuttgartban 15.00 \u00f3rakor szentmise, szolg\u00e1ltatj\u00e1k a cs\u00edksomly\u00f3i zar\u00e1ndokaink. Ut\u00e1na, 16.00 \u00f3r\u00e1t\u00f3l el\u0151bb r\u00f6vid zar\u00e1ndok-tal\u00e1lkoz\u00f3, majd F\u0151konzuli Nap: a Stuttgarti Magyar F\u0151konzul\u00e1tus munkat\u00e1rsai fontos gyakorlati k\u00e9rd\u00e9sekr\u0151l sz\u00e1molnak be nek\u00fcnk. * Minden helyen mindenkit szeretettel v\u00e1r a k\u00f6z\u00f6ss\u00e9g, Imre atya \u00e9s Tibor atya! &nbsp; \u201eAz ember eltemeti halottjait, s\u00edrjuk f\u00f6l\u00e9 keresztet \u00e1csol, jelnek, hogy van valami, ami t\u00f6bb, mint az \u00e9let.\u201d (Wass Albert &#8211; 1909-1998 &#8211; \u00edr\u00f3) Sz\u00e9p \u0151szi napokat, j\u00f3 munk\u00e1t, tartalmas besz\u00e9lget\u00e9seket \u00e9s \u00f6r\u00f6mteli tal\u00e1lkoz\u00e1sokat k\u00edv\u00e1nunk minden Kedves H\u00edv\u00fcnknek!","og_url":"https:\/\/stuttgarti-katolikusok.de\/index.php\/programelozetes-oktober-30-es-november-5-kozott\/","og_site_name":"Stuttgarti Katolikusok","article_published_time":"2017-10-30T07:24:26+00:00","article_modified_time":"2020-04-27T16:15:28+00:00","author":"Tibor atya","twitter_card":"summary_large_image","twitter_misc":{"Szerz\u0151:":"Tibor atya","Becs\u00fclt olvas\u00e1si id\u0151":"2 perc"},"schema":{"@context":"https:\/\/schema.org","@graph":[{"@type":"Article","@id":"https:\/\/stuttgarti-katolikusok.de\/index.php\/programelozetes-oktober-30-es-november-5-kozott\/#article","isPartOf":{"@id":"https:\/\/stuttgarti-katolikusok.de\/index.php\/programelozetes-oktober-30-es-november-5-kozott\/"},"author":{"name":"Tibor atya","@id":"https:\/\/stuttgarti-katolikusok.de\/#\/schema\/person\/75908d6f8fdc03a57889d27209df7795"},"headline":"Programel\u0151zetes okt\u00f3ber 30 \u00e9s november 5 k\u00f6z\u00f6tt","datePublished":"2017-10-30T07:24:26+00:00","dateModified":"2020-04-27T16:15:28+00:00","mainEntityOfPage":{"@id":"https:\/\/stuttgarti-katolikusok.de\/index.php\/programelozetes-oktober-30-es-november-5-kozott\/"},"wordCount":350,"articleSection":["Progamel\u0151zetes"],"inLanguage":"hu"},{"@type":"WebPage","@id":"https:\/\/stuttgarti-katolikusok.de\/index.php\/programelozetes-oktober-30-es-november-5-kozott\/","url":"https:\/\/stuttgarti-katolikusok.de\/index.php\/programelozetes-oktober-30-es-november-5-kozott\/","name":"Programel\u0151zetes okt\u00f3ber 30 \u00e9s november 5 k\u00f6z\u00f6tt - Stuttgarti Katolikusok","isPartOf":{"@id":"https:\/\/stuttgarti-katolikusok.de\/#website"},"datePublished":"2017-10-30T07:24:26+00:00","dateModified":"2020-04-27T16:15:28+00:00","author":{"@id":"https:\/\/stuttgarti-katolikusok.de\/#\/schema\/person\/75908d6f8fdc03a57889d27209df7795"},"breadcrumb":{"@id":"https:\/\/stuttgarti-katolikusok.de\/index.php\/programelozetes-oktober-30-es-november-5-kozott\/#breadcrumb"},"inLanguage":"hu","potentialAction":[{"@type":"ReadAction","target":["https:\/\/stuttgarti-katolikusok.de\/index.php\/programelozetes-oktober-30-es-november-5-kozott\/"]}]},{"@type":"BreadcrumbList","@id":"https:\/\/stuttgarti-katolikusok.de\/index.php\/programelozetes-oktober-30-es-november-5-kozott\/#breadcrumb","itemListElement":[{"@type":"ListItem","position":1,"name":"Kezd\u0151lap","item":"https:\/\/stuttgarti-katolikusok.de\/"},{"@type":"ListItem","position":2,"name":"Programel\u0151zetes okt\u00f3ber 30 \u00e9s november 5 k\u00f6z\u00f6tt"}]},{"@type":"WebSite","@id":"https:\/\/stuttgarti-katolikusok.de\/#website","url":"https:\/\/stuttgarti-katolikusok.de\/","name":"Stuttgarti Katolikusok","description":"","potentialAction":[{"@type":"SearchAction","target":{"@type":"EntryPoint","urlTemplate":"https:\/\/stuttgarti-katolikusok.de\/?s={search_term_string}"},"query-input":{"@type":"PropertyValueSpecification","valueRequired":true,"valueName":"search_term_string"}}],"inLanguage":"hu"},{"@type":"Person","@id":"https:\/\/stuttgarti-katolikusok.de\/#\/schema\/person\/75908d6f8fdc03a57889d27209df7795","name":"Tibor atya","image":{"@type":"ImageObject","inLanguage":"hu","@id":"https:\/\/secure.gravatar.com\/avatar\/61d268e57d1f4525b111222e29d2d5a7f8c420fdbf231ba5566a8ceac74fa960?s=96&d=mm&r=g","url":"https:\/\/secure.gravatar.com\/avatar\/61d268e57d1f4525b111222e29d2d5a7f8c420fdbf231ba5566a8ceac74fa960?s=96&d=mm&r=g","contentUrl":"https:\/\/secure.gravatar.com\/avatar\/61d268e57d1f4525b111222e29d2d5a7f8c420fdbf231ba5566a8ceac74fa960?s=96&d=mm&r=g","caption":"Tibor atya"},"url":"https:\/\/stuttgarti-katolikusok.de\/index.php\/author\/tibor-atya\/"}]}},"_links":{"self":[{"href":"https:\/\/stuttgarti-katolikusok.de\/index.php\/wp-json\/wp\/v2\/posts\/12866","targetHints":{"allow":["GET"]}}],"collection":[{"href":"https:\/\/stuttgarti-katolikusok.de\/index.php\/wp-json\/wp\/v2\/posts"}],"about":[{"href":"https:\/\/stuttgarti-katolikusok.de\/index.php\/wp-json\/wp\/v2\/types\/post"}],"author":[{"embeddable":true,"href":"https:\/\/stuttgarti-katolikusok.de\/index.php\/wp-json\/wp\/v2\/users\/3"}],"replies":[{"embeddable":true,"href":"https:\/\/stuttgarti-katolikusok.de\/index.php\/wp-json\/wp\/v2\/comments?post=12866"}],"version-history":[{"count":3,"href":"https:\/\/stuttgarti-katolikusok.de\/index.php\/wp-json\/wp\/v2\/posts\/12866\/revisions"}],"predecessor-version":[{"id":12888,"href":"https:\/\/stuttgarti-katolikusok.de\/index.php\/wp-json\/wp\/v2\/posts\/12866\/revisions\/12888"}],"wp:attachment":[{"href":"https:\/\/stuttgarti-katolikusok.de\/index.php\/wp-json\/wp\/v2\/media?parent=12866"}],"wp:term":[{"taxonomy":"category","embeddable":true,"href":"https:\/\/stuttgarti-katolikusok.de\/index.php\/wp-json\/wp\/v2\/categories?post=12866"},{"taxonomy":"post_tag","embeddable":true,"href":"https:\/\/stuttgarti-katolikusok.de\/index.php\/wp-json\/wp\/v2\/tags?post=12866"}],"curies":[{"name":"wp","href":"https:\/\/api.w.org\/{rel}","templated":true}]}}