{"id":12863,"date":"2017-10-30T07:18:40","date_gmt":"2017-10-30T07:18:40","guid":{"rendered":"https:\/\/gracious-dewdney.138-201-221-2.plesk.page\/?p=12863"},"modified":"2017-11-07T11:28:03","modified_gmt":"2017-11-07T11:28:03","slug":"baratom-2017-novembere","status":"publish","type":"post","link":"https:\/\/stuttgarti-katolikusok.de\/index.php\/baratom-2017-novembere\/","title":{"rendered":"Bar\u00e1tom &#8211; 2017 novembere"},"content":{"rendered":"<h3>B a r \u00e1 t o m<\/h3>\n<h3>A\u00a0 Szent Gell\u00e9rt Magyar Katolikus Egyh\u00e1zk\u00f6zs\u00e9g Havilapja<\/h3>\n<p>Szerkeszt\u0151k: Ft. Merl\u00e1s Tibor \u00e9s Ft. Dr. Tempfli Imre. Kiad\u00f3: Szent Gell\u00e9rt Magyar Katolikus Egyh\u00e1zk\u00f6zs\u00e9g. Postac\u00edm: Albert-Sch\u00e4ffle-Str. 30, 70186-Stuttgart. Tel: 0711-2369190, Fax: 0711-2367393, E-mail: <a href=\"mailto:mis-sion@gracious-dewdney.138-201-221-2.plesk.page\">mission@gracious-dewdney.138-201-221-2.plesk.page<\/a> Honlap: <a href=\"https:\/\/stuttgarti-katolikusok.de\/\">www.stuttgarti-katolikusok.de<\/a> Sz\u00e1mla: Postbank Stuttgart, IBAN: DE80600100700002190704, \u00a0BIC: PBNKDEFF<\/p>\n<p><strong>2\u00a00\u00a01 7\u00a0 \u00a0N\u00a0 O V E M B E R <\/strong><\/p>\n<p><strong>HALOTTAK NAPJA<\/strong><\/p>\n<p>A katolikus egyh\u00e1zban a <em>Mindenszentek<\/em> ut\u00e1ni nap (november 2., ha az vas\u00e1rnap, akkor november 3.) a tiszt\u00edt\u00f3t\u0171zben szenved\u0151 lelkek eml\u00e9knapja, azaz <em>Halottak Napja<\/em>. Az \u00fcnnepet Szent Odil\u00f3 benc\u00e9s ap\u00e1t kezdem\u00e9nyez\u00e9s\u00e9re 998-ban kezdt\u00e9k el megtartani. Ezen a napon mi, a <em>k\u00fczd\u0151<\/em> vagy <em>zar\u00e1ndok egyh\u00e1z<\/em> k\u00e9rj\u00fck a <em>megdics\u0151\u00fclt egyh\u00e1z<\/em> (mennybe jutott testv\u00e9reink) p\u00e1rtfog\u00e1s\u00e1t, ugyanakkor a (tiszt\u00edt\u00f3 t\u0171zben) <em>szenved\u0151 egyh\u00e1zr\u00f3l<\/em> sem feledkez\u00fcnk meg. Im\u00e1inkkal, felaj\u00e1nlott szeretet-szolg\u00e1latainkkal \u00e9s bemutatott szentmise-\u00e1ldozatainkkal seg\u00edtj\u00fck \u0151ket. De nem csak im\u00e1dkozunk az elhunytak lelki \u00fcdv\u00f6ss\u00e9g\u00e9\u00e9rt \u00e9s a p\u00e1pa sz\u00e1nd\u00e9k\u00e1ra, hanem gy\u00f3nunk \u00e9s \u00e1ldozunk is. Ezzel teljes b\u00facs\u00fat nyerhet\u00fcnk a tiszt\u00edt\u00f3helyen szenved\u0151k jav\u00e1ra. \u00c1ltal\u00e1nos szok\u00e1s szerint az el\u0151tte val\u00f3 nap d\u00e9lut\u00e1nj\u00e1n, a <em>\u201ehalottak est\u00e9j\u00e9n\u201d<\/em> rendbe hozzuk a s\u00edrokat; vir\u00e1gokkal, koszor\u00fakkal feld\u00edsz\u00edtj\u00fck, \u00e9s az este k\u00f6zeledt\u00e9vel gyerty\u00e1kkal, m\u00e9csesekkel kivil\u00e1g\u00edtjuk, <em>\u201ehogy az \u00f6r\u00f6k vil\u00e1goss\u00e1g f\u00e9nyeskedj\u00e9k\u201d<\/em> az elhunytak lelk\u00e9nek. Idegenben elhunyt, ismeretlen f\u00f6ldben nyugv\u00f3k eml\u00e9k\u00e9nek a temet\u0151kereszt vagy m\u00e1s k\u00f6z\u00f6ss\u00e9gi temet\u0151jel k\u00f6r\u00fcl gy\u00fajtunk gyerty\u00e1t. Elterjedt szok\u00e1s szerint ezen az est\u00e9n otthon is \u00e9gett a gyertya, m\u00e9gpedig annyi sz\u00e1l, ah\u00e1ny halottja volt a csal\u00e1dnak&#8230;<\/p>\n<p>Mi, h\u00edv\u0151 emberek a hal\u00e1l \u00e9s az elm\u00fal\u00e1s gondolat\u00e1val nem vagyunk egyed\u00fcl. Az \u00e9let nagy k\u00e9rd\u00e9sei mindenkit foglalkoztatnak: <em>Mi\u00e9rt sz\u00fclett\u00fcnk? Mi\u00e9rt vagyunk ezen a f\u00f6ld\u00f6n? Mi lesz vel\u00fcnk, ha a mi \u00e9let\u00fcnk is elm\u00falik? \u00c9rdemes volt j\u00f3nak, becs\u00fcletesnek, tisztess\u00e9gesnek \u00e9s vall\u00e1sosnak lenni? <\/em>L\u00e1ssuk, hogyan gondolkoztak az emberis\u00e9g nagyjai ezekr\u0151l a veretes igazs\u00e1gokr\u00f3l&#8230;<\/p>\n<p style=\"text-align: center;\">*<\/p>\n<p>\u201eLehetetlen, hogy a vil\u00e1gmindens\u00e9g ura csak az\u00e9rt adott volna \u00e9letet, hogy megint megsemmis\u00edtse. Minden, ami van, van valami\u00e9rt. Hogy a form\u00e1k v\u00e1ltoznak folytonosan, azt is l\u00e1tjuk. Teh\u00e1t mink is valami\u00e9rt vagyunk a vil\u00e1gon, s v\u00e1ltozton v\u00e1ltozunk. Mi\u00e9rt ne lehetne a hal\u00e1l is csak v\u00e1ltoz\u00e1s, utols\u00f3 e f\u00f6ld\u00f6n, de nem utols\u00f3 a nagy mindens\u00e9gben?\u201d (<a href=\"https:\/\/www.citatum.hu\/szerzo\/Gardonyi_Geza\">G\u00e1rdonyi G\u00e9za<\/a> \u00edr\u00f3 &#8211; 1863-1922)<\/p>\n<p style=\"text-align: center;\">*<\/p>\n<p>\u201eEmberk\u00e9nt boldogan, kiegyens\u00falyozottan, mosolyogva \u00e9lni csak azok tudnak, akik elfogadj\u00e1k, hogy meg fognak halni.\u201d (<a href=\"https:\/\/www.citatum.hu\/szerzo\/Csernus_Imre\">Csernus Imre<\/a> pszihi\u00e1ter \u2013 sz.1966)<\/p>\n<p style=\"text-align: center;\">*<\/p>\n<p>\u201eEgy gyermek sz\u00fclet\u00e9sekor l\u00e1tjuk, hogy kiharcolja mag\u00e1t az anya\u00f6lb\u0151l, de hogy honnan j\u00f6tt, nem tudjuk. Ma m\u00e1r ezt nem is k\u00e9rdezz\u00fck. Meggy\u0151z\u00f6tt minket a tudom\u00e1ny, hogy k\u00e9t \u00f6ntudatlan sejt addig oszt\u00f3dott, m\u00edg egy ember lett bel\u0151l\u00fck. Amikor pedig meghal, l\u00e1tjuk, hogy itt hagyja a sz\u00e1nalmasan elaggott test\u00e9t &#8211; de hogy hov\u00e1 ment, nem tudjuk. A mai ember \u00fagy n\u00e9z a halottra, mint egy aut\u00f3ra, mely nem m\u0171k\u00f6dik m\u00e1r; a nagypapa olyan, mint egy \u00f6reg Trabant: le\u00e1llt, mert nem lehet m\u00e1r hozz\u00e1 alkatr\u00e9szt kapni. Csod\u00e1lkozol, hogy ilyen szeml\u00e9lettel az \u00e9let\u00fcnk \u00e9rtelmetlen, a lelk\u00fcnk szorong\u00f3 \u00e9s a sz\u00edv\u00fcnk boldogtalan?\u201d (<a href=\"https:\/\/www.citatum.hu\/szerzo\/Muller_Peter\">M\u00fcller P\u00e9ter<\/a> \u00edr\u00f3 \u2013 sz.1936)<\/p>\n<p style=\"text-align: center;\">*<\/p>\n<p>\u201eA \u2019meghal\u2019 nem annak ellent\u00e9te, hogy \u2019\u00e9l\u2019, hanem annak, hogy \u2019sz\u00fcletik\u2019. R\u00f6vid t\u00f6rt\u00e9n\u00e9s mind a kett\u0151, a k\u00e9t ellentett sz\u00f3 k\u00e9t ellent\u00e9tes vil\u00e1gba l\u00e9ptet \u00e1t.\u201d (Balla D. K\u00e1roly \u00edr\u00f3 &#8211; 1956)<\/p>\n<p style=\"text-align: center;\">*<\/p>\n<p><em>\u00a0\u201eAhogyan Isten kibocs\u00e1tott erre a vil\u00e1gra, \u00e9pp\u00fagy vissza is sz\u00f3l\u00edt!\u201d (<a href=\"https:\/\/www.citatum.hu\/szerzo\/Gardonyi_Geza\">G\u00e1rdonyi G\u00e9za<\/a> \u00edr\u00f3 \u2013 1863-1922)<\/em><\/p>\n<p>*<\/p>\n<p>\u201eA hal\u00e1l nem az \u00e9let ellent\u00e9te. Az \u00e9letnek nincs ellent\u00e9te. A hal\u00e1l ellent\u00e9te a sz\u00fclet\u00e9s. Az \u00e9let \u00f6r\u00f6k.\u201d (<a href=\"https:\/\/www.citatum.hu\/szerzo\/Eckhart_Tolle\">Eckhart Tolle<\/a> \u00edr\u00f3 \u2013 sz.1948)<\/p>\n<p><em>\u00a0\u201eA hal\u00e1l legnagyobb baja, hogy ha egy embert\u00e1rsunk meghalt, nem tehetj\u00fck t\u00f6bb\u00e9 j\u00f3v\u00e1 a rajta elk\u00f6vetett rosszat. Azt szok\u00e1s mondani: \u2019\u00c9lj \u00fagy, hogy minden \u00f3r\u00e1ban k\u00e9sz l\u00e9gy a hal\u00e1lra.\u2019 \u00c9n ink\u00e1bb azt mondan\u00e1m: \u2019\u00c9lj \u00fagy, hogy mindenki meghalhasson an\u00e9lk\u00fcl, hogy teneked ezt a b<\/em><em>\u0171<\/em><em>nb\u00e1natot kelljen \u00e9rezned.\u2019&#8221; (<a href=\"https:\/\/www.citatum.hu\/szerzo\/Lev_Tolsztoj\">Lev Tolsztoj<\/a> \u00edr\u00f3 \u2013 1828-1910)<\/em><\/p>\n<p style=\"text-align: center;\">*<\/p>\n<p>\u201eMinden ember \u00e9lete ugyan\u00fagy \u00e9r v\u00e9get. Csak hogy hogyan \u00e9lt, \u00e9s hogyan halt meg, az, ami megk\u00fcl\u00f6nb\u00f6zteti egyik embert a m\u00e1sikt\u00f3l.\u201d (<a href=\"https:\/\/www.citatum.hu\/szerzo\/Ernest_Hemingway\">Ernest Hemingway<\/a> \u00edr\u00f3 \u2013 1899-1961)<\/p>\n<p style=\"text-align: center;\">*<\/p>\n<p>\u201eNe keress olyasmit, amit Isten elrejtett a szemed el\u0151l. Az ember mindent megtud idej\u00e9ben, \u00e9s senki sem hal meg kor\u00e1bban egy perccel, avagy k\u00e9s\u0151bben egy perccel, mint ahogy az ideje sz\u00f3l. Eredj haza, v\u00e9gezd a dolgodat, s igyekezz tiszta lenni \u00e9s becs\u00fcletes, mert azoknak k\u00f6nnyebb a hal\u00e1l.\u201d <strong>(<\/strong><strong><a href=\"http:\/\/www.citatum.hu\/szerzo\/Wass_Albert\">Wass Albert<\/a><\/strong><strong> \u00edr\u00f3, 1908-1998)<\/strong><\/p>\n<p style=\"text-align: center;\">*<\/p>\n<p><em>\u201eJ\u00e9zus \u00edgy folytatta: &#8222;\u00c9n vagyok a felt\u00e1mad\u00e1s \u00e9s az \u00e9let. Aki hisz bennem, m\u00e9g ha meghal is, \u00e9lni fog.\u201d<\/em> (J\u00e9zus &#8211; Jn 11,25)<\/p>\n<p style=\"text-align: center;\">*<\/p>\n<p><em>\u201eM\u00edg \u00e9l\u00fcnk, Istennek \u00e9l\u00fcnk, s ha meghalunk, Istennek halunk meg. Teh\u00e1t ak\u00e1r \u00e9l\u00fcnk, ak\u00e1r meghalunk, az \u00dar\u00e9i vagyunk.\u201d<\/em> (Szent P\u00e1l &#8211; R\u00f3m 14,8)<\/p>\n<p style=\"text-align: center;\">*<\/p>\n<p><em>\u201eHa J\u00e9zus, mint ahogy hissz\u00fck, meghalt \u00e9s felt\u00e1madt, akkor Isten vele egy\u00fctt felt\u00e1masztja azokat is, akik J\u00e9zusban hunytak el.\u201d<\/em> (Szent P\u00e1l &#8211; 1Tessz 4,14)<\/p>\n<p><strong>K\u00d6ZLEM\u00c9NYEK \u2013 RENDEZV\u00c9NYEK<\/strong><\/p>\n<p>Stuttgartban <strong>p\u00e9ntekenk\u00e9nt <\/strong>17.45 \u00f3rakor <em>r\u00f3zsaf\u00fcz\u00e9r-\u00e1jtatoss\u00e1g,<\/em> majd<strong> szentmise, <\/strong>keret\u00e9ben <em>besz\u00e9lget\u00e9s a katekizmusr\u00f3l<\/em>. Az \u00e9rdekl\u0151d\u0151ket <strong>november<\/strong> 3-\u00e1n, 10-\u00e9n,\u00a0 17-\u00e9n \u00e9s 24-\u00e9n v\u00e1rjuk. A <strong>Bar\u00e1ts\u00e1gklub <\/strong>tagjai ugyancsak ezeken a napokon tal\u00e1lkoznak, 16.00 \u00f3rakor, a K\u00f6z\u00f6ss\u00e9gi Teremben. Mindenkit szeretettel v\u00e1rnak!<\/p>\n<p style=\"text-align: center;\">*<\/p>\n<p><strong>Ulmban<\/strong> cs\u00fct\u00f6rt\u00f6k\u00f6nk\u00e9nt, azaz<strong> november<\/strong> 2-\u00e1n, 9-\u00e9n, 16-\u00e1n, 23-\u00e1n \u00e9s 30-\u00e1n <strong>17.30 <\/strong>\u00f3r\u00e1t\u00f3l, <strong>Weingarten<\/strong>ben a <strong>Marien-Kirche<\/strong>ben pedig p\u00e9ntekenk\u00e9nt, azaz <strong>november<\/strong> 3-\u00e1n <strong>19.00<\/strong> \u00f3r\u00e1t\u00f3l, 10-\u00e9n, 17-\u00e9n \u00e9s 24-\u00e9n 18.30 \u00f3r\u00e1t\u00f3l szentmise, el\u0151tte <em>r\u00f3zsaf\u00fcz\u00e9r<\/em>, ut\u00e1na <em>Besz\u00e9lget\u00e9sek a Bibli\u00e1r\u00f3l. <\/em><\/p>\n<p style=\"text-align: center;\">*<\/p>\n<p><strong>November 1-j\u00e9n<\/strong>, szerd\u00e1n, <strong><em>Mindenszentek \u00fcnnepe.<\/em><\/strong> <strong>Stuttgartban<\/strong> 18.00 \u00f3rakor <em>szentmise<\/em>, ut\u00e1na temet\u0151j\u00e1r\u00e1 <strong>Weingartenben<\/strong> november 1-j\u00e9n, Mindenszentek \u00fcnnep\u00e9n 18.00 \u00f3rakor <em>szentmise<\/em> a 14 Nothelfer Kapelle-ben, ut\u00e1na pedig <em>a M\u00e1ria templom temet\u0151j\u00e9be<\/em> megy\u00fcnk ki.<\/p>\n<p style=\"text-align: center;\"><strong>*<\/strong><\/p>\n<p>Stuttgartban<strong> november 3-\u00e1n<\/strong> 19.00 \u00f3rakor <strong>Imak\u00f6r. <\/strong>November 10-\u00e9n \u00e9s 24-\u00e9n <strong>Sportklub <\/strong>\u00e9s <strong>K\u00f3rus. November 17-\u00e9n, <\/strong>p\u00e9nteken pedig 19.00 \u00f3rakor <strong>Bibliak\u00f6r<\/strong>. Mindenkit szeretettel v\u00e1runk!<\/p>\n<p style=\"text-align: center;\">*<\/p>\n<p><strong>November 5-\u00e9n<\/strong>, vas\u00e1rnap, Stuttgartban a szentmise ut\u00e1n el\u0151bb <em>a cs\u00edksomly\u00f3i zar\u00e1ndokok tal\u00e1lkoznak<\/em>, majd <em>Konzul\u00e1tusi ny\u00edlt nap.<\/em> Mindenkit szeretettel v\u00e1runk, aki a konzul\u00e1tus tev\u00e9kenys\u00e9g\u00e9t k\u00f6zelebbr\u0151l is meg akarja ismerni!<\/p>\n<p style=\"text-align: center;\">*<\/p>\n<p><strong>November 18-\u00e1n<\/strong>, szombaton, <strong>w<\/strong><strong>eingarteni templomb\u00facs\u00fa,<\/strong> Szent Imre \u00fcnnepe. A <strong>16.00<\/strong> \u00f3rakor kezd\u0151d\u0151 <em>szentmise<\/em> ut\u00e1n \u2013 Heilige Geist Kirche &#8211; <em>\u00e1g\u00e1p\u00e9<\/em> \u00e9s bar\u00e1ti egy\u00fcttl\u00e9t! Mindenkit szeretettel v\u00e1runk! A b\u00facs\u00fara <em>aut\u00f3busz<\/em> indul Stuttgartb\u00f3l. A zar\u00e1ndokcsoporthoz csatlakozni lehet <em>Ulmban<\/em> \u00e9s <em>Biberachban <\/em>is. Jelentkez\u00e9s az Irod\u00e1n.<\/p>\n<p style=\"text-align: center;\">*<\/p>\n<p><strong>November 19-\u00e9n, <\/strong>vas\u00e1rnap, <strong>Stuttgartban<\/strong> a 12.00 \u00f3rakor kezd\u0151d\u0151 <em>szentmise<\/em> ut\u00e1n <em>megeml\u00e9kez\u00e9s Szent L\u00e1szl\u00f3 kir\u00e1lyr\u00f3l.<\/em> Mindenkit szeretettel v\u00e1runk!<\/p>\n<p style=\"text-align: center;\"><strong>*<\/strong><\/p>\n<p><strong>November 25-\u00e9n,<\/strong> szombaton,<strong> reutlingeni templomb\u00facs\u00fa, <\/strong><em>\u00c1rp\u00e1dh\u00e1zi Szt. Erzs\u00e9bet<\/em> \u00fcnnepe. A <em>szentmise<\/em> 16.30 \u00f3rakor kezd\u0151dik. Ut\u00e1na <em>\u00e1g\u00e1p\u00e9<\/em> \u00e9s <em>bar\u00e1ti egy\u00fcttl\u00e9t<\/em>. Mindenkit szeretettel v\u00e1runk!<\/p>\n<p style=\"text-align: center;\">*<\/p>\n<p><strong>November 26-\u00e1n,<\/strong> vas\u00e1rnap, <strong>eislingeni templomb\u00facs\u00fa, <\/strong><em>Sk\u00f3ciai Szent Margit<\/em> \u00fcnnepe. Az \u00fcnnepi <em>szentmise<\/em> du. 15.00 \u00f3rakor kezd\u0151dik. Ut\u00e1na <em>\u00e1g\u00e1p\u00e9<\/em> \u00e9s <em>bar\u00e1ti egy\u00fcttl\u00e9t.<\/em> Mindenkit szeretettel v\u00e1runk!<\/p>\n<p style=\"text-align: center;\">*<\/p>\n<p><strong>Nevess vel\u00fcnk:<\/strong> <em>Egy \u00fcgyv\u00e9d meghal, \u00e9s Szent P\u00e9ter el\u00e9 ker\u00fcl. K\u00e9rdezi t\u0151le: <\/em><\/p>\n<p><em>&#8211; Mi\u00e9rt kellett ilyen fiatalon meghalnom? <\/em><\/p>\n<p><em>&#8211; Fiatalon? &#8211; csod\u00e1lkozik Szent P\u00e9ter <\/em><\/p>\n<p><em>&#8211; Hiszen az \u00fcgyfeleidnek felsz\u00e1molt munka\u00f3r\u00e1k szerint m\u00e1r legal\u00e1bb 168 \u00e9ves vagy!<\/em><\/p>\n<p><em>\u00a0<\/em><\/p>\n<h3>S Z E N T M I S \u00c9 I N K<\/h3>\n<p>&nbsp;<\/p>\n<p><em>Balingen\u00a0 \u00a0 \u00a0 \u00a0 \u00a0 \u00a0 \u00a0 \u00a0 \u00a0 \u00a0 \u00a0 \u00a0 \u00a0 \u00a0 \u00a0 \u00a0 \u00a0 \u00a0 <\/em>november 04 szombat\u00a0 17.00 \u00f3ra<\/p>\n<p><em>Munderkingen\u00a0\u00a0\u00a0\u00a0\u00a0\u00a0\u00a0\u00a0\u00a0\u00a0\u00a0\u00a0\u00a0\u00a0\u00a0\u00a0\u00a0\u00a0\u00a0\u00a0\u00a0\u00a0\u00a0\u00a0\u00a0 <\/em>november 05 vas\u00e1rnap 09.00 \u00f3ra<\/p>\n<p><em>Schw\u00e4bisch Gm\u00fcnd \u00a0\u00a0\u00a0\u00a0\u00a0\u00a0\u00a0\u00a0\u00a0\u00a0\u00a0\u00a0\u00a0\u00a0\u00a0 <\/em>november 05 vas\u00e1rnap 09.30 \u00f3ra<\/p>\n<p><em>Stuttgart\u00a0 \u00a0 \u00a0 \u00a0 \u00a0 \u00a0 \u00a0 \u00a0 \u00a0 \u00a0 \u00a0 \u00a0 \u00a0 \u00a0 \u00a0 \u00a0 \u00a0 \u00a0 <\/em>november 05 vas\u00e1rnap 15.00 \u00f3ra <strong>!!!<\/strong><\/p>\n<p><em>Friedrichshafen-Berg<\/em>\u00a0 \u00a0 \u00a0 \u00a0 \u00a0 \u00a0 \u00a0 november 11 szombat\u00a0 17.00 \u00f3ra<\/p>\n<p><em>Ulm\u00a0 \u00a0 \u00a0 \u00a0 \u00a0 \u00a0 \u00a0 \u00a0 \u00a0 \u00a0 \u00a0 \u00a0 \u00a0 \u00a0 \u00a0 \u00a0 \u00a0 \u00a0 \u00a0 \u00a0 \u00a0 \u00a0 \u00a0<\/em>november 12 vas\u00e1rnap 15.00 \u00f3ra<\/p>\n<p><em>Weingarten\u00a0 \u00a0 \u00a0 \u00a0 \u00a0 \u00a0 \u00a0 \u00a0 \u00a0 \u00a0 \u00a0 \u00a0 \u00a0 \u00a0 \u00a0 \u00a0<\/em>november 18 szombat\u00a0 16.00 \u00f3ra !!!<\/p>\n<p><em>Ludwigsburg\u00a0 \u00a0 \u00a0 \u00a0 \u00a0 \u00a0 \u00a0 \u00a0 \u00a0 \u00a0 \u00a0 \u00a0 \u00a0 \u00a0 <\/em>november 19 vas\u00e1rnap 09.30 \u00f3ra<\/p>\n<p><em>Stuttgart\u00a0 \u00a0 \u00a0 \u00a0 \u00a0 \u00a0 \u00a0 \u00a0 \u00a0 \u00a0 \u00a0 \u00a0 \u00a0 \u00a0 \u00a0 \u00a0 \u00a0 \u00a0<\/em>november 19 vas\u00e1rnap 12.00 \u00f3ra<\/p>\n<p><em>Heidenheim\u00a0\u00a0\u00a0\u00a0\u00a0\u00a0\u00a0\u00a0\u00a0\u00a0\u00a0\u00a0\u00a0\u00a0\u00a0\u00a0\u00a0\u00a0\u00a0\u00a0\u00a0\u00a0\u00a0\u00a0\u00a0\u00a0\u00a0\u00a0\u00a0 <\/em>november 25 szombat\u00a0 15.30 \u00f3ra<\/p>\n<p><em>Reutlingen<\/em>\u00a0 \u00a0 \u00a0 \u00a0 \u00a0 \u00a0 \u00a0 \u00a0 \u00a0 \u00a0 \u00a0 \u00a0 \u00a0 \u00a0 \u00a0 \u00a0 november 25 szombat\u00a0 16.30 \u00f3ra !!!<\/p>\n<p><em>Biberach\u00a0 \u00a0 \u00a0 \u00a0 \u00a0 \u00a0 \u00a0 \u00a0 \u00a0 \u00a0 \u00a0 \u00a0 \u00a0 \u00a0 \u00a0 \u00a0 \u00a0 \u00a0<\/em>november 26 vas\u00e1rnap 08.45 \u00f3ra<\/p>\n<p><em>B\u00f6blingen<\/em><em>\u00a0\u00a0\u00a0\u00a0\u00a0\u00a0\u00a0\u00a0\u00a0\u00a0\u00a0\u00a0\u00a0\u00a0\u00a0\u00a0\u00a0\u00a0\u00a0\u00a0\u00a0\u00a0\u00a0\u00a0\u00a0\u00a0\u00a0\u00a0\u00a0\u00a0\u00a0\u00a0 <\/em>november 26 vas\u00e1rnap 09.30 \u00f3ra<\/p>\n<p><em>Ulm\u00a0 \u00a0 \u00a0 \u00a0 \u00a0 \u00a0 \u00a0 \u00a0 \u00a0 \u00a0 \u00a0 \u00a0 \u00a0 \u00a0 \u00a0 \u00a0 \u00a0 \u00a0 \u00a0 \u00a0 \u00a0 \u00a0<\/em>november 26 vas\u00e1rnap 12.00 \u00f3ra<\/p>\n<p><em>Eislingen\u00a0 \u00a0 \u00a0 \u00a0 \u00a0 \u00a0 \u00a0 \u00a0 \u00a0 \u00a0 \u00a0 \u00a0 \u00a0 \u00a0 \u00a0 \u00a0 \u00a0 \u00a0<\/em>november 26 vas\u00e1rnap 15.00 \u00f3ra !!!<em>\u00a0\u00a0\u00a0\u00a0\u00a0 <\/em><\/p>\n<p><em>Heilbronn\u00a0\u00a0\u00a0\u00a0\u00a0\u00a0\u00a0\u00a0\u00a0\u00a0\u00a0\u00a0\u00a0\u00a0\u00a0\u00a0\u00a0\u00a0\u00a0\u00a0\u00a0\u00a0\u00a0\u00a0\u00a0\u00a0\u00a0\u00a0\u00a0\u00a0\u00a0\u00a0 <\/em>november 26 vas\u00e1rnap 15.30 \u00f3ra<\/p>\n","protected":false},"excerpt":{"rendered":"<p>B a r \u00e1 t o m A\u00a0 Szent Gell\u00e9rt Magyar Katolikus Egyh\u00e1zk\u00f6zs\u00e9g Havilapja Szerkeszt\u0151k: Ft. Merl\u00e1s Tibor \u00e9s Ft. Dr. Tempfli Imre. Kiad\u00f3: Szent Gell\u00e9rt Magyar Katolikus Egyh\u00e1zk\u00f6zs\u00e9g. Postac\u00edm: Albert-Sch\u00e4ffle-Str. 30, 70186-Stuttgart. Tel: 0711-2369190, Fax: 0711-2367393, E-mail: mission@gracious-dewdney.138-201-221-2.plesk.page Honlap: www.stuttgarti-katolikusok.de Sz\u00e1mla: Postbank Stuttgart, IBAN: DE80600100700002190704, \u00a0BIC: PBNKDEFF 2\u00a00\u00a01 7\u00a0 \u00a0N\u00a0 O V E M B E R HALOTTAK NAPJA A katolikus egyh\u00e1zban a Mindenszentek ut\u00e1ni nap (november 2., ha az vas\u00e1rnap, akkor november 3.) a tiszt\u00edt\u00f3t\u0171zben szenved\u0151 lelkek eml\u00e9knapja, azaz Halottak Napja. Az \u00fcnnepet Szent Odil\u00f3 benc\u00e9s ap\u00e1t kezdem\u00e9nyez\u00e9s\u00e9re 998-ban kezdt\u00e9k el megtartani. Ezen a napon mi, a k\u00fczd\u0151 vagy zar\u00e1ndok egyh\u00e1z k\u00e9rj\u00fck a megdics\u0151\u00fclt egyh\u00e1z (mennybe jutott testv\u00e9reink) p\u00e1rtfog\u00e1s\u00e1t, ugyanakkor a (tiszt\u00edt\u00f3 t\u0171zben) szenved\u0151 egyh\u00e1zr\u00f3l sem feledkez\u00fcnk meg. Im\u00e1inkkal, felaj\u00e1nlott szeretet-szolg\u00e1latainkkal \u00e9s bemutatott szentmise-\u00e1ldozatainkkal seg\u00edtj\u00fck \u0151ket. De nem csak im\u00e1dkozunk az elhunytak lelki \u00fcdv\u00f6ss\u00e9g\u00e9\u00e9rt \u00e9s a p\u00e1pa sz\u00e1nd\u00e9k\u00e1ra, hanem gy\u00f3nunk \u00e9s \u00e1ldozunk is. Ezzel teljes b\u00facs\u00fat nyerhet\u00fcnk a tiszt\u00edt\u00f3helyen szenved\u0151k jav\u00e1ra. \u00c1ltal\u00e1nos szok\u00e1s szerint az el\u0151tte val\u00f3 nap d\u00e9lut\u00e1nj\u00e1n, a \u201ehalottak est\u00e9j\u00e9n\u201d rendbe hozzuk a s\u00edrokat; vir\u00e1gokkal, koszor\u00fakkal feld\u00edsz\u00edtj\u00fck, \u00e9s az este k\u00f6zeledt\u00e9vel gyerty\u00e1kkal, m\u00e9csesekkel kivil\u00e1g\u00edtjuk, \u201ehogy az \u00f6r\u00f6k vil\u00e1goss\u00e1g f\u00e9nyeskedj\u00e9k\u201d az elhunytak lelk\u00e9nek. Idegenben elhunyt, ismeretlen f\u00f6ldben nyugv\u00f3k eml\u00e9k\u00e9nek a temet\u0151kereszt vagy m\u00e1s k\u00f6z\u00f6ss\u00e9gi temet\u0151jel k\u00f6r\u00fcl gy\u00fajtunk gyerty\u00e1t. Elterjedt szok\u00e1s szerint ezen az est\u00e9n otthon is \u00e9gett a gyertya, m\u00e9gpedig annyi sz\u00e1l, ah\u00e1ny halottja volt a csal\u00e1dnak&#8230; Mi, h\u00edv\u0151 emberek a hal\u00e1l \u00e9s az elm\u00fal\u00e1s gondolat\u00e1val nem vagyunk egyed\u00fcl. Az \u00e9let nagy k\u00e9rd\u00e9sei mindenkit foglalkoztatnak: Mi\u00e9rt sz\u00fclett\u00fcnk? Mi\u00e9rt vagyunk ezen a f\u00f6ld\u00f6n? Mi lesz vel\u00fcnk, ha a mi \u00e9let\u00fcnk is elm\u00falik? \u00c9rdemes volt j\u00f3nak, becs\u00fcletesnek, tisztess\u00e9gesnek \u00e9s vall\u00e1sosnak lenni? L\u00e1ssuk, hogyan gondolkoztak az emberis\u00e9g nagyjai ezekr\u0151l a veretes igazs\u00e1gokr\u00f3l&#8230; * \u201eLehetetlen, hogy a vil\u00e1gmindens\u00e9g ura csak az\u00e9rt adott volna \u00e9letet, hogy megint megsemmis\u00edtse. Minden, ami van, van valami\u00e9rt. Hogy a form\u00e1k v\u00e1ltoznak folytonosan, azt is l\u00e1tjuk. Teh\u00e1t&#8230; <\/p>\n<p><a class=\"readmore\" href=\"https:\/\/stuttgarti-katolikusok.de\/index.php\/baratom-2017-novembere\/\">R\u00e9szletek<\/a><\/p>\n","protected":false},"author":3,"featured_media":0,"comment_status":"closed","ping_status":"closed","sticky":false,"template":"","format":"standard","meta":{"footnotes":""},"categories":[29],"tags":[],"class_list":["post-12863","post","type-post","status-publish","format-standard","hentry","category-baratom"],"yoast_head":"<!-- This site is optimized with the Yoast SEO plugin v27.3 - https:\/\/yoast.com\/product\/yoast-seo-wordpress\/ -->\n<title>Bar\u00e1tom - 2017 novembere - Stuttgarti Katolikusok<\/title>\n<meta name=\"robots\" content=\"index, follow, max-snippet:-1, max-image-preview:large, max-video-preview:-1\" \/>\n<link rel=\"canonical\" href=\"https:\/\/stuttgarti-katolikusok.de\/index.php\/baratom-2017-novembere\/\" \/>\n<meta property=\"og:locale\" content=\"hu_HU\" \/>\n<meta property=\"og:type\" content=\"article\" \/>\n<meta property=\"og:title\" content=\"Bar\u00e1tom - 2017 novembere - Stuttgarti Katolikusok\" \/>\n<meta property=\"og:description\" content=\"B a r \u00e1 t o m A\u00a0 Szent Gell\u00e9rt Magyar Katolikus Egyh\u00e1zk\u00f6zs\u00e9g Havilapja Szerkeszt\u0151k: Ft. Merl\u00e1s Tibor \u00e9s Ft. Dr. Tempfli Imre. Kiad\u00f3: Szent Gell\u00e9rt Magyar Katolikus Egyh\u00e1zk\u00f6zs\u00e9g. Postac\u00edm: Albert-Sch\u00e4ffle-Str. 30, 70186-Stuttgart. Tel: 0711-2369190, Fax: 0711-2367393, E-mail: mission@gracious-dewdney.138-201-221-2.plesk.page Honlap: www.stuttgarti-katolikusok.de Sz\u00e1mla: Postbank Stuttgart, IBAN: DE80600100700002190704, \u00a0BIC: PBNKDEFF 2\u00a00\u00a01 7\u00a0 \u00a0N\u00a0 O V E M B E R HALOTTAK NAPJA A katolikus egyh\u00e1zban a Mindenszentek ut\u00e1ni nap (november 2., ha az vas\u00e1rnap, akkor november 3.) a tiszt\u00edt\u00f3t\u0171zben szenved\u0151 lelkek eml\u00e9knapja, azaz Halottak Napja. Az \u00fcnnepet Szent Odil\u00f3 benc\u00e9s ap\u00e1t kezdem\u00e9nyez\u00e9s\u00e9re 998-ban kezdt\u00e9k el megtartani. Ezen a napon mi, a k\u00fczd\u0151 vagy zar\u00e1ndok egyh\u00e1z k\u00e9rj\u00fck a megdics\u0151\u00fclt egyh\u00e1z (mennybe jutott testv\u00e9reink) p\u00e1rtfog\u00e1s\u00e1t, ugyanakkor a (tiszt\u00edt\u00f3 t\u0171zben) szenved\u0151 egyh\u00e1zr\u00f3l sem feledkez\u00fcnk meg. Im\u00e1inkkal, felaj\u00e1nlott szeretet-szolg\u00e1latainkkal \u00e9s bemutatott szentmise-\u00e1ldozatainkkal seg\u00edtj\u00fck \u0151ket. De nem csak im\u00e1dkozunk az elhunytak lelki \u00fcdv\u00f6ss\u00e9g\u00e9\u00e9rt \u00e9s a p\u00e1pa sz\u00e1nd\u00e9k\u00e1ra, hanem gy\u00f3nunk \u00e9s \u00e1ldozunk is. Ezzel teljes b\u00facs\u00fat nyerhet\u00fcnk a tiszt\u00edt\u00f3helyen szenved\u0151k jav\u00e1ra. \u00c1ltal\u00e1nos szok\u00e1s szerint az el\u0151tte val\u00f3 nap d\u00e9lut\u00e1nj\u00e1n, a \u201ehalottak est\u00e9j\u00e9n\u201d rendbe hozzuk a s\u00edrokat; vir\u00e1gokkal, koszor\u00fakkal feld\u00edsz\u00edtj\u00fck, \u00e9s az este k\u00f6zeledt\u00e9vel gyerty\u00e1kkal, m\u00e9csesekkel kivil\u00e1g\u00edtjuk, \u201ehogy az \u00f6r\u00f6k vil\u00e1goss\u00e1g f\u00e9nyeskedj\u00e9k\u201d az elhunytak lelk\u00e9nek. Idegenben elhunyt, ismeretlen f\u00f6ldben nyugv\u00f3k eml\u00e9k\u00e9nek a temet\u0151kereszt vagy m\u00e1s k\u00f6z\u00f6ss\u00e9gi temet\u0151jel k\u00f6r\u00fcl gy\u00fajtunk gyerty\u00e1t. Elterjedt szok\u00e1s szerint ezen az est\u00e9n otthon is \u00e9gett a gyertya, m\u00e9gpedig annyi sz\u00e1l, ah\u00e1ny halottja volt a csal\u00e1dnak&#8230; Mi, h\u00edv\u0151 emberek a hal\u00e1l \u00e9s az elm\u00fal\u00e1s gondolat\u00e1val nem vagyunk egyed\u00fcl. Az \u00e9let nagy k\u00e9rd\u00e9sei mindenkit foglalkoztatnak: Mi\u00e9rt sz\u00fclett\u00fcnk? Mi\u00e9rt vagyunk ezen a f\u00f6ld\u00f6n? Mi lesz vel\u00fcnk, ha a mi \u00e9let\u00fcnk is elm\u00falik? \u00c9rdemes volt j\u00f3nak, becs\u00fcletesnek, tisztess\u00e9gesnek \u00e9s vall\u00e1sosnak lenni? L\u00e1ssuk, hogyan gondolkoztak az emberis\u00e9g nagyjai ezekr\u0151l a veretes igazs\u00e1gokr\u00f3l&#8230; * \u201eLehetetlen, hogy a vil\u00e1gmindens\u00e9g ura csak az\u00e9rt adott volna \u00e9letet, hogy megint megsemmis\u00edtse. Minden, ami van, van valami\u00e9rt. Hogy a form\u00e1k v\u00e1ltoznak folytonosan, azt is l\u00e1tjuk. Teh\u00e1t... R\u00e9szletek\" \/>\n<meta property=\"og:url\" content=\"https:\/\/stuttgarti-katolikusok.de\/index.php\/baratom-2017-novembere\/\" \/>\n<meta property=\"og:site_name\" content=\"Stuttgarti Katolikusok\" \/>\n<meta property=\"article:published_time\" content=\"2017-10-30T07:18:40+00:00\" \/>\n<meta property=\"article:modified_time\" content=\"2017-11-07T11:28:03+00:00\" \/>\n<meta name=\"author\" content=\"Tibor atya\" \/>\n<meta name=\"twitter:card\" content=\"summary_large_image\" \/>\n<meta name=\"twitter:label1\" content=\"Szerz\u0151:\" \/>\n\t<meta name=\"twitter:data1\" content=\"Tibor atya\" \/>\n\t<meta name=\"twitter:label2\" content=\"Becs\u00fclt olvas\u00e1si id\u0151\" \/>\n\t<meta name=\"twitter:data2\" content=\"8 perc\" \/>\n<script type=\"application\/ld+json\" class=\"yoast-schema-graph\">{\"@context\":\"https:\\\/\\\/schema.org\",\"@graph\":[{\"@type\":\"Article\",\"@id\":\"https:\\\/\\\/stuttgarti-katolikusok.de\\\/index.php\\\/baratom-2017-novembere\\\/#article\",\"isPartOf\":{\"@id\":\"https:\\\/\\\/stuttgarti-katolikusok.de\\\/index.php\\\/baratom-2017-novembere\\\/\"},\"author\":{\"name\":\"Tibor atya\",\"@id\":\"https:\\\/\\\/stuttgarti-katolikusok.de\\\/#\\\/schema\\\/person\\\/75908d6f8fdc03a57889d27209df7795\"},\"headline\":\"Bar\u00e1tom &#8211; 2017 novembere\",\"datePublished\":\"2017-10-30T07:18:40+00:00\",\"dateModified\":\"2017-11-07T11:28:03+00:00\",\"mainEntityOfPage\":{\"@id\":\"https:\\\/\\\/stuttgarti-katolikusok.de\\\/index.php\\\/baratom-2017-novembere\\\/\"},\"wordCount\":1528,\"articleSection\":[\"Bar\u00e1tom\"],\"inLanguage\":\"hu\"},{\"@type\":\"WebPage\",\"@id\":\"https:\\\/\\\/stuttgarti-katolikusok.de\\\/index.php\\\/baratom-2017-novembere\\\/\",\"url\":\"https:\\\/\\\/stuttgarti-katolikusok.de\\\/index.php\\\/baratom-2017-novembere\\\/\",\"name\":\"Bar\u00e1tom - 2017 novembere - Stuttgarti Katolikusok\",\"isPartOf\":{\"@id\":\"https:\\\/\\\/stuttgarti-katolikusok.de\\\/#website\"},\"datePublished\":\"2017-10-30T07:18:40+00:00\",\"dateModified\":\"2017-11-07T11:28:03+00:00\",\"author\":{\"@id\":\"https:\\\/\\\/stuttgarti-katolikusok.de\\\/#\\\/schema\\\/person\\\/75908d6f8fdc03a57889d27209df7795\"},\"breadcrumb\":{\"@id\":\"https:\\\/\\\/stuttgarti-katolikusok.de\\\/index.php\\\/baratom-2017-novembere\\\/#breadcrumb\"},\"inLanguage\":\"hu\",\"potentialAction\":[{\"@type\":\"ReadAction\",\"target\":[\"https:\\\/\\\/stuttgarti-katolikusok.de\\\/index.php\\\/baratom-2017-novembere\\\/\"]}]},{\"@type\":\"BreadcrumbList\",\"@id\":\"https:\\\/\\\/stuttgarti-katolikusok.de\\\/index.php\\\/baratom-2017-novembere\\\/#breadcrumb\",\"itemListElement\":[{\"@type\":\"ListItem\",\"position\":1,\"name\":\"Kezd\u0151lap\",\"item\":\"https:\\\/\\\/stuttgarti-katolikusok.de\\\/\"},{\"@type\":\"ListItem\",\"position\":2,\"name\":\"Bar\u00e1tom &#8211; 2017 novembere\"}]},{\"@type\":\"WebSite\",\"@id\":\"https:\\\/\\\/stuttgarti-katolikusok.de\\\/#website\",\"url\":\"https:\\\/\\\/stuttgarti-katolikusok.de\\\/\",\"name\":\"Stuttgarti Katolikusok\",\"description\":\"\",\"potentialAction\":[{\"@type\":\"SearchAction\",\"target\":{\"@type\":\"EntryPoint\",\"urlTemplate\":\"https:\\\/\\\/stuttgarti-katolikusok.de\\\/?s={search_term_string}\"},\"query-input\":{\"@type\":\"PropertyValueSpecification\",\"valueRequired\":true,\"valueName\":\"search_term_string\"}}],\"inLanguage\":\"hu\"},{\"@type\":\"Person\",\"@id\":\"https:\\\/\\\/stuttgarti-katolikusok.de\\\/#\\\/schema\\\/person\\\/75908d6f8fdc03a57889d27209df7795\",\"name\":\"Tibor atya\",\"image\":{\"@type\":\"ImageObject\",\"inLanguage\":\"hu\",\"@id\":\"https:\\\/\\\/secure.gravatar.com\\\/avatar\\\/61d268e57d1f4525b111222e29d2d5a7f8c420fdbf231ba5566a8ceac74fa960?s=96&d=mm&r=g\",\"url\":\"https:\\\/\\\/secure.gravatar.com\\\/avatar\\\/61d268e57d1f4525b111222e29d2d5a7f8c420fdbf231ba5566a8ceac74fa960?s=96&d=mm&r=g\",\"contentUrl\":\"https:\\\/\\\/secure.gravatar.com\\\/avatar\\\/61d268e57d1f4525b111222e29d2d5a7f8c420fdbf231ba5566a8ceac74fa960?s=96&d=mm&r=g\",\"caption\":\"Tibor atya\"},\"url\":\"https:\\\/\\\/stuttgarti-katolikusok.de\\\/index.php\\\/author\\\/tibor-atya\\\/\"}]}<\/script>\n<!-- \/ Yoast SEO plugin. -->","yoast_head_json":{"title":"Bar\u00e1tom - 2017 novembere - Stuttgarti Katolikusok","robots":{"index":"index","follow":"follow","max-snippet":"max-snippet:-1","max-image-preview":"max-image-preview:large","max-video-preview":"max-video-preview:-1"},"canonical":"https:\/\/stuttgarti-katolikusok.de\/index.php\/baratom-2017-novembere\/","og_locale":"hu_HU","og_type":"article","og_title":"Bar\u00e1tom - 2017 novembere - Stuttgarti Katolikusok","og_description":"B a r \u00e1 t o m A\u00a0 Szent Gell\u00e9rt Magyar Katolikus Egyh\u00e1zk\u00f6zs\u00e9g Havilapja Szerkeszt\u0151k: Ft. Merl\u00e1s Tibor \u00e9s Ft. Dr. Tempfli Imre. Kiad\u00f3: Szent Gell\u00e9rt Magyar Katolikus Egyh\u00e1zk\u00f6zs\u00e9g. Postac\u00edm: Albert-Sch\u00e4ffle-Str. 30, 70186-Stuttgart. Tel: 0711-2369190, Fax: 0711-2367393, E-mail: mission@gracious-dewdney.138-201-221-2.plesk.page Honlap: www.stuttgarti-katolikusok.de Sz\u00e1mla: Postbank Stuttgart, IBAN: DE80600100700002190704, \u00a0BIC: PBNKDEFF 2\u00a00\u00a01 7\u00a0 \u00a0N\u00a0 O V E M B E R HALOTTAK NAPJA A katolikus egyh\u00e1zban a Mindenszentek ut\u00e1ni nap (november 2., ha az vas\u00e1rnap, akkor november 3.) a tiszt\u00edt\u00f3t\u0171zben szenved\u0151 lelkek eml\u00e9knapja, azaz Halottak Napja. Az \u00fcnnepet Szent Odil\u00f3 benc\u00e9s ap\u00e1t kezdem\u00e9nyez\u00e9s\u00e9re 998-ban kezdt\u00e9k el megtartani. Ezen a napon mi, a k\u00fczd\u0151 vagy zar\u00e1ndok egyh\u00e1z k\u00e9rj\u00fck a megdics\u0151\u00fclt egyh\u00e1z (mennybe jutott testv\u00e9reink) p\u00e1rtfog\u00e1s\u00e1t, ugyanakkor a (tiszt\u00edt\u00f3 t\u0171zben) szenved\u0151 egyh\u00e1zr\u00f3l sem feledkez\u00fcnk meg. Im\u00e1inkkal, felaj\u00e1nlott szeretet-szolg\u00e1latainkkal \u00e9s bemutatott szentmise-\u00e1ldozatainkkal seg\u00edtj\u00fck \u0151ket. De nem csak im\u00e1dkozunk az elhunytak lelki \u00fcdv\u00f6ss\u00e9g\u00e9\u00e9rt \u00e9s a p\u00e1pa sz\u00e1nd\u00e9k\u00e1ra, hanem gy\u00f3nunk \u00e9s \u00e1ldozunk is. Ezzel teljes b\u00facs\u00fat nyerhet\u00fcnk a tiszt\u00edt\u00f3helyen szenved\u0151k jav\u00e1ra. \u00c1ltal\u00e1nos szok\u00e1s szerint az el\u0151tte val\u00f3 nap d\u00e9lut\u00e1nj\u00e1n, a \u201ehalottak est\u00e9j\u00e9n\u201d rendbe hozzuk a s\u00edrokat; vir\u00e1gokkal, koszor\u00fakkal feld\u00edsz\u00edtj\u00fck, \u00e9s az este k\u00f6zeledt\u00e9vel gyerty\u00e1kkal, m\u00e9csesekkel kivil\u00e1g\u00edtjuk, \u201ehogy az \u00f6r\u00f6k vil\u00e1goss\u00e1g f\u00e9nyeskedj\u00e9k\u201d az elhunytak lelk\u00e9nek. Idegenben elhunyt, ismeretlen f\u00f6ldben nyugv\u00f3k eml\u00e9k\u00e9nek a temet\u0151kereszt vagy m\u00e1s k\u00f6z\u00f6ss\u00e9gi temet\u0151jel k\u00f6r\u00fcl gy\u00fajtunk gyerty\u00e1t. Elterjedt szok\u00e1s szerint ezen az est\u00e9n otthon is \u00e9gett a gyertya, m\u00e9gpedig annyi sz\u00e1l, ah\u00e1ny halottja volt a csal\u00e1dnak&#8230; Mi, h\u00edv\u0151 emberek a hal\u00e1l \u00e9s az elm\u00fal\u00e1s gondolat\u00e1val nem vagyunk egyed\u00fcl. Az \u00e9let nagy k\u00e9rd\u00e9sei mindenkit foglalkoztatnak: Mi\u00e9rt sz\u00fclett\u00fcnk? Mi\u00e9rt vagyunk ezen a f\u00f6ld\u00f6n? Mi lesz vel\u00fcnk, ha a mi \u00e9let\u00fcnk is elm\u00falik? \u00c9rdemes volt j\u00f3nak, becs\u00fcletesnek, tisztess\u00e9gesnek \u00e9s vall\u00e1sosnak lenni? L\u00e1ssuk, hogyan gondolkoztak az emberis\u00e9g nagyjai ezekr\u0151l a veretes igazs\u00e1gokr\u00f3l&#8230; * \u201eLehetetlen, hogy a vil\u00e1gmindens\u00e9g ura csak az\u00e9rt adott volna \u00e9letet, hogy megint megsemmis\u00edtse. Minden, ami van, van valami\u00e9rt. Hogy a form\u00e1k v\u00e1ltoznak folytonosan, azt is l\u00e1tjuk. Teh\u00e1t... R\u00e9szletek","og_url":"https:\/\/stuttgarti-katolikusok.de\/index.php\/baratom-2017-novembere\/","og_site_name":"Stuttgarti Katolikusok","article_published_time":"2017-10-30T07:18:40+00:00","article_modified_time":"2017-11-07T11:28:03+00:00","author":"Tibor atya","twitter_card":"summary_large_image","twitter_misc":{"Szerz\u0151:":"Tibor atya","Becs\u00fclt olvas\u00e1si id\u0151":"8 perc"},"schema":{"@context":"https:\/\/schema.org","@graph":[{"@type":"Article","@id":"https:\/\/stuttgarti-katolikusok.de\/index.php\/baratom-2017-novembere\/#article","isPartOf":{"@id":"https:\/\/stuttgarti-katolikusok.de\/index.php\/baratom-2017-novembere\/"},"author":{"name":"Tibor atya","@id":"https:\/\/stuttgarti-katolikusok.de\/#\/schema\/person\/75908d6f8fdc03a57889d27209df7795"},"headline":"Bar\u00e1tom &#8211; 2017 novembere","datePublished":"2017-10-30T07:18:40+00:00","dateModified":"2017-11-07T11:28:03+00:00","mainEntityOfPage":{"@id":"https:\/\/stuttgarti-katolikusok.de\/index.php\/baratom-2017-novembere\/"},"wordCount":1528,"articleSection":["Bar\u00e1tom"],"inLanguage":"hu"},{"@type":"WebPage","@id":"https:\/\/stuttgarti-katolikusok.de\/index.php\/baratom-2017-novembere\/","url":"https:\/\/stuttgarti-katolikusok.de\/index.php\/baratom-2017-novembere\/","name":"Bar\u00e1tom - 2017 novembere - Stuttgarti Katolikusok","isPartOf":{"@id":"https:\/\/stuttgarti-katolikusok.de\/#website"},"datePublished":"2017-10-30T07:18:40+00:00","dateModified":"2017-11-07T11:28:03+00:00","author":{"@id":"https:\/\/stuttgarti-katolikusok.de\/#\/schema\/person\/75908d6f8fdc03a57889d27209df7795"},"breadcrumb":{"@id":"https:\/\/stuttgarti-katolikusok.de\/index.php\/baratom-2017-novembere\/#breadcrumb"},"inLanguage":"hu","potentialAction":[{"@type":"ReadAction","target":["https:\/\/stuttgarti-katolikusok.de\/index.php\/baratom-2017-novembere\/"]}]},{"@type":"BreadcrumbList","@id":"https:\/\/stuttgarti-katolikusok.de\/index.php\/baratom-2017-novembere\/#breadcrumb","itemListElement":[{"@type":"ListItem","position":1,"name":"Kezd\u0151lap","item":"https:\/\/stuttgarti-katolikusok.de\/"},{"@type":"ListItem","position":2,"name":"Bar\u00e1tom &#8211; 2017 novembere"}]},{"@type":"WebSite","@id":"https:\/\/stuttgarti-katolikusok.de\/#website","url":"https:\/\/stuttgarti-katolikusok.de\/","name":"Stuttgarti Katolikusok","description":"","potentialAction":[{"@type":"SearchAction","target":{"@type":"EntryPoint","urlTemplate":"https:\/\/stuttgarti-katolikusok.de\/?s={search_term_string}"},"query-input":{"@type":"PropertyValueSpecification","valueRequired":true,"valueName":"search_term_string"}}],"inLanguage":"hu"},{"@type":"Person","@id":"https:\/\/stuttgarti-katolikusok.de\/#\/schema\/person\/75908d6f8fdc03a57889d27209df7795","name":"Tibor atya","image":{"@type":"ImageObject","inLanguage":"hu","@id":"https:\/\/secure.gravatar.com\/avatar\/61d268e57d1f4525b111222e29d2d5a7f8c420fdbf231ba5566a8ceac74fa960?s=96&d=mm&r=g","url":"https:\/\/secure.gravatar.com\/avatar\/61d268e57d1f4525b111222e29d2d5a7f8c420fdbf231ba5566a8ceac74fa960?s=96&d=mm&r=g","contentUrl":"https:\/\/secure.gravatar.com\/avatar\/61d268e57d1f4525b111222e29d2d5a7f8c420fdbf231ba5566a8ceac74fa960?s=96&d=mm&r=g","caption":"Tibor atya"},"url":"https:\/\/stuttgarti-katolikusok.de\/index.php\/author\/tibor-atya\/"}]}},"_links":{"self":[{"href":"https:\/\/stuttgarti-katolikusok.de\/index.php\/wp-json\/wp\/v2\/posts\/12863","targetHints":{"allow":["GET"]}}],"collection":[{"href":"https:\/\/stuttgarti-katolikusok.de\/index.php\/wp-json\/wp\/v2\/posts"}],"about":[{"href":"https:\/\/stuttgarti-katolikusok.de\/index.php\/wp-json\/wp\/v2\/types\/post"}],"author":[{"embeddable":true,"href":"https:\/\/stuttgarti-katolikusok.de\/index.php\/wp-json\/wp\/v2\/users\/3"}],"replies":[{"embeddable":true,"href":"https:\/\/stuttgarti-katolikusok.de\/index.php\/wp-json\/wp\/v2\/comments?post=12863"}],"version-history":[{"count":4,"href":"https:\/\/stuttgarti-katolikusok.de\/index.php\/wp-json\/wp\/v2\/posts\/12863\/revisions"}],"predecessor-version":[{"id":12926,"href":"https:\/\/stuttgarti-katolikusok.de\/index.php\/wp-json\/wp\/v2\/posts\/12863\/revisions\/12926"}],"wp:attachment":[{"href":"https:\/\/stuttgarti-katolikusok.de\/index.php\/wp-json\/wp\/v2\/media?parent=12863"}],"wp:term":[{"taxonomy":"category","embeddable":true,"href":"https:\/\/stuttgarti-katolikusok.de\/index.php\/wp-json\/wp\/v2\/categories?post=12863"},{"taxonomy":"post_tag","embeddable":true,"href":"https:\/\/stuttgarti-katolikusok.de\/index.php\/wp-json\/wp\/v2\/tags?post=12863"}],"curies":[{"name":"wp","href":"https:\/\/api.w.org\/{rel}","templated":true}]}}