{"id":12837,"date":"2017-10-27T12:50:27","date_gmt":"2017-10-27T12:50:27","guid":{"rendered":"https:\/\/gracious-dewdney.138-201-221-2.plesk.page\/?p=12837"},"modified":"2017-10-27T12:52:39","modified_gmt":"2017-10-27T12:52:39","slug":"a-bizalom","status":"publish","type":"post","link":"https:\/\/stuttgarti-katolikusok.de\/index.php\/a-bizalom\/","title":{"rendered":"A bizalom&#8230;"},"content":{"rendered":"<p><strong>A hit l\u00e9nyege a bizalom\u2026<\/strong><\/p>\n<p>Nagy \u00fcnnepnap van. A megh\u00edvottak mosolyogva k\u00f6sz\u00f6ntik egym\u00e1st, majd besz\u00e9dbe elegyednek. Te ott \u00e1llsz kicsit f\u00e9lreh\u00faz\u00f3dva. Nem ismerlek, ez\u00e9rt odamegyek hozz\u00e1d, bemutatkozom \u00e9s k\u00f6sz\u00f6ntelek. K\u00e9rdezem, honnan j\u00f6sz? Mondod, hogy \u00faj vagy \u00e9s csak p\u00e1r h\u00f3napig maradsz itt, Stuttgartban. Udvariasan k\u00e9rdezel Te is a munk\u00e1m fel\u0151l. Nagyvonalakban ecsetelem, hogy a \u201elelk\u00e9szi\u201c hivat\u00e1s mennyi sz\u00e9ps\u00e9get rejt mag\u00e1ban. K\u00fcl\u00f6n\u00f6sen az emberekkel val\u00f3 t\u00f6r\u0151d\u00e9s az, mondom, ami \u00e9rtelmet ad papi \u00e9letemnek\u2026<\/p>\n<p>\u201e\u00c9s mit aj\u00e1nlana a \u201alelk\u00e9sz \u00far\u2019 annak, aki most ismerkedne a vall\u00e1ssal? Mi a vall\u00e1s legl\u00e9nyegesebb \u00e9s az \u00e9let sz\u00e1m\u00e1ra leghasznosabb von\u00e1sa?\u201c \u2013 k\u00e9rdezed.<\/p>\n<p>\u201eA bizalom gyakorl\u00e1sa.\u201c \u2013 felelem gondolkod\u00e1s n\u00e9lk\u00fcl.<\/p>\n<p>\u201e\u00c9s azt hogyan kell?\u201c \u2013 k\u00e9rdezel vissza kiv\u00e1ncsian.<\/p>\n<p>\u201eK\u00e9t pillanatfelv\u00e9tel jut eszembe, amit soha nem fogok elfelejteni \u2013 a tengeren.\u201c \u2013 mondom, majd mes\u00e9lni kezdek.<\/p>\n<p>\u201eAz anyuka \u00e9lvezi a hull\u00e1mokat. Bele-beleveti mag\u00e1t a habokba \u00e9s nevet a boldogs\u00e1gt\u00f3l. Kisfia, tal\u00e1n m\u00e1sf\u00e9l\u00e9ves, kis lap\u00e1tk\u00e1j\u00e1val a homokban j\u00e1tszik. Hirtelen feln\u00e9z, \u00e9szreveszi az anyuk\u00e1j\u00e1t \u00e9s fel\u00e9je tipeg. Az els\u0151 kis hull\u00e1mok k\u00f6r\u00fclnyaldoss\u00e1k a l\u00e1b\u00e1t. \u0150 kiss\u00e9 meginog , de talpon marad. Ism\u00e9t feln\u00e9z, s amikor \u00fajfent megpillantja anyuk\u00e1ja nevet\u0151 arc\u00e1t, tov\u00e1bb indul, addig, m\u00edg az els\u0151 nagyobb hull\u00e1m led\u00f6nti a l\u00e1b\u00e1r\u00f3l. Fel\u00e1ll, majd anyuk\u00e1ja nevet\u0151 arc\u00e1ba n\u00e9z, \u00e9s f\u00e9lelem n\u00e9lk\u00fcl tov\u00e1bb indul, m\u00edg az anyuk\u00e1ja er\u0151s karjai f\u00f6l nem fogj\u00e1k.<\/p>\n<p>Egy m\u00e1sik k\u00e9p.<\/p>\n<p>Egy t\u00edz \u00e9v k\u00f6r\u00fcli fi\u00facska a tengerparti homokban v\u00e1rat \u00e9p\u00edt tacsk\u00f3 kuty\u00e1ja k\u00f6r\u00e9. Az \u00fclve marad, semmi f\u00e9lelem nem l\u00e1tszik a viselked\u00e9s\u00e9n, j\u00f3llehet az \u0151t k\u00f6r\u00fclvev\u0151 magas falak m\u00e1r majdnem eg\u00e9szen k\u00e9szen vannak. Nyugodt, hisz gazdija minduntalan r\u00e1n\u00e9z, \u00e9s meleg, megnyugtat\u00f3 hangon besz\u00e9l hozz\u00e1&#8230;<\/p>\n<p>Nek\u00fcnk, embereknek, sz\u00fcks\u00e9g\u00fcnk van valakire vagy valamire, akire vagy amire feln\u00e9zhet\u00fcnk, akiben vagy amiben megb\u00edzhatunk, ha az \u00e9let hull\u00e1mai elbor\u00edtanak, vagy a falak, amelyeket nem akarunk, k\u00f6r\u00fcl\u00f6tt\u00fcnk bez\u00e1rulnak.<\/p>\n<p>Mi, emberek, mert \u00edgy vagyunk teremtve, mindent el tudunk viselni, csod\u00e1kra vagyunk k\u00e9pesek, ha valaki vagy valami nagyobbat ismer\u00fcnk meg, mint a f\u00e9lelm\u00fcnk.<\/p>\n<p>Hogy ki vagy mi ez a nagyobb? Mindenki maga d\u00f6nti el.<\/p>\n<p>Mi, h\u00edv\u0151k, azt mondjuk, hogy Isten.<\/p>\n<p>Ha benne b\u00edzunk, akkor minden f\u00e9lelm\u00fcnket le tudjuk gy\u0151zni.<\/p>\n<p>Ugyanis egyed\u00fcl \u0150 nagyobb a f\u00e9lelm\u00fcnkn\u00e9l!\u201c<\/p>\n<p>Elgondolkodva b\u00f3logatsz\u2026<\/p>\n<p>A rendez\u0151k lassan jelzik, hogy kezd\u0151dik az \u00fcnneps\u00e9g\u2026<\/p>\n<p>Elk\u00f6sz\u00f6n\u00fcnk h\u00e1t egym\u00e1st\u00f3l, \u00e9s bemegy\u00fcnk&#8230;<\/p>\n<p>Vajon siker\u00fclt-e Veled meg\u00e9rtetnem, hogy mi az Istenbe vetett hit l\u00e9nyege?<\/p>\n<p>Nem tudom, de im\u00e1dkozom az\u00e9rt, hogy Te is legy\u0151zhesd f\u00e9lelmeidet\u2026<\/p>\n<p>Ezt k\u00edv\u00e1nja minden kedves H\u00edv\u00e9nek \u00e9s Olvas\u00f3j\u00e1nak is,<\/p>\n<p>szeretettel,<\/p>\n<p><em>Imre atya<\/em><\/p>\n<p><em>Stuttgart, 2017-10-27.<\/em><\/p>\n","protected":false},"excerpt":{"rendered":"<p>A hit l\u00e9nyege a bizalom\u2026 Nagy \u00fcnnepnap van. A megh\u00edvottak mosolyogva k\u00f6sz\u00f6ntik egym\u00e1st, majd besz\u00e9dbe elegyednek. Te ott \u00e1llsz kicsit f\u00e9lreh\u00faz\u00f3dva. Nem ismerlek, ez\u00e9rt odamegyek hozz\u00e1d, bemutatkozom \u00e9s k\u00f6sz\u00f6ntelek. K\u00e9rdezem, honnan j\u00f6sz? Mondod, hogy \u00faj vagy \u00e9s csak p\u00e1r h\u00f3napig maradsz itt, Stuttgartban. Udvariasan k\u00e9rdezel Te is a munk\u00e1m fel\u0151l. Nagyvonalakban ecsetelem, hogy a \u201elelk\u00e9szi\u201c hivat\u00e1s mennyi sz\u00e9ps\u00e9get rejt mag\u00e1ban. K\u00fcl\u00f6n\u00f6sen az emberekkel val\u00f3 t\u00f6r\u0151d\u00e9s az, mondom, ami \u00e9rtelmet ad papi \u00e9letemnek\u2026 \u201e\u00c9s mit aj\u00e1nlana a \u201alelk\u00e9sz \u00far\u2019 annak, aki most ismerkedne a vall\u00e1ssal? Mi a vall\u00e1s legl\u00e9nyegesebb \u00e9s az \u00e9let sz\u00e1m\u00e1ra leghasznosabb von\u00e1sa?\u201c \u2013 k\u00e9rdezed. \u201eA bizalom gyakorl\u00e1sa.\u201c \u2013 felelem gondolkod\u00e1s n\u00e9lk\u00fcl. \u201e\u00c9s azt hogyan kell?\u201c \u2013 k\u00e9rdezel vissza kiv\u00e1ncsian. \u201eK\u00e9t pillanatfelv\u00e9tel jut eszembe, amit soha nem fogok elfelejteni \u2013 a tengeren.\u201c \u2013 mondom, majd mes\u00e9lni kezdek. \u201eAz anyuka \u00e9lvezi a hull\u00e1mokat. Bele-beleveti mag\u00e1t a habokba \u00e9s nevet a boldogs\u00e1gt\u00f3l. Kisfia, tal\u00e1n m\u00e1sf\u00e9l\u00e9ves, kis lap\u00e1tk\u00e1j\u00e1val a homokban j\u00e1tszik. Hirtelen feln\u00e9z, \u00e9szreveszi az anyuk\u00e1j\u00e1t \u00e9s fel\u00e9je tipeg. Az els\u0151 kis hull\u00e1mok k\u00f6r\u00fclnyaldoss\u00e1k a l\u00e1b\u00e1t. \u0150 kiss\u00e9 meginog , de talpon marad. Ism\u00e9t feln\u00e9z, s amikor \u00fajfent megpillantja anyuk\u00e1ja nevet\u0151 arc\u00e1t, tov\u00e1bb indul, addig, m\u00edg az els\u0151 nagyobb hull\u00e1m led\u00f6nti a l\u00e1b\u00e1r\u00f3l. Fel\u00e1ll, majd anyuk\u00e1ja nevet\u0151 arc\u00e1ba n\u00e9z, \u00e9s f\u00e9lelem n\u00e9lk\u00fcl tov\u00e1bb indul, m\u00edg az anyuk\u00e1ja er\u0151s karjai f\u00f6l nem fogj\u00e1k. Egy m\u00e1sik k\u00e9p. Egy t\u00edz \u00e9v k\u00f6r\u00fcli fi\u00facska a tengerparti homokban v\u00e1rat \u00e9p\u00edt tacsk\u00f3 kuty\u00e1ja k\u00f6r\u00e9. Az \u00fclve marad, semmi f\u00e9lelem nem l\u00e1tszik a viselked\u00e9s\u00e9n, j\u00f3llehet az \u0151t k\u00f6r\u00fclvev\u0151 magas falak m\u00e1r majdnem eg\u00e9szen k\u00e9szen vannak. Nyugodt, hisz gazdija minduntalan r\u00e1n\u00e9z, \u00e9s meleg, megnyugtat\u00f3 hangon besz\u00e9l hozz\u00e1&#8230; Nek\u00fcnk, embereknek, sz\u00fcks\u00e9g\u00fcnk van valakire vagy valamire, akire vagy amire feln\u00e9zhet\u00fcnk, akiben vagy amiben megb\u00edzhatunk, ha az \u00e9let hull\u00e1mai elbor\u00edtanak, vagy a falak, amelyeket nem akarunk, k\u00f6r\u00fcl\u00f6tt\u00fcnk bez\u00e1rulnak. Mi, emberek, mert \u00edgy vagyunk teremtve, mindent el tudunk viselni, csod\u00e1kra vagyunk k\u00e9pesek, ha valaki&#8230; <\/p>\n<p><a class=\"readmore\" href=\"https:\/\/stuttgarti-katolikusok.de\/index.php\/a-bizalom\/\">R\u00e9szletek<\/a><\/p>\n","protected":false},"author":3,"featured_media":0,"comment_status":"closed","ping_status":"closed","sticky":false,"template":"","format":"standard","meta":{"footnotes":""},"categories":[24],"tags":[],"class_list":["post-12837","post","type-post","status-publish","format-standard","hentry","category-gondolatok"],"yoast_head":"<!-- This site is optimized with the Yoast SEO plugin v27.3 - https:\/\/yoast.com\/product\/yoast-seo-wordpress\/ -->\n<title>A bizalom... - Stuttgarti Katolikusok<\/title>\n<meta name=\"robots\" content=\"index, follow, max-snippet:-1, max-image-preview:large, max-video-preview:-1\" \/>\n<link rel=\"canonical\" href=\"https:\/\/stuttgarti-katolikusok.de\/index.php\/a-bizalom\/\" \/>\n<meta property=\"og:locale\" content=\"hu_HU\" \/>\n<meta property=\"og:type\" content=\"article\" \/>\n<meta property=\"og:title\" content=\"A bizalom... - Stuttgarti Katolikusok\" \/>\n<meta property=\"og:description\" content=\"A hit l\u00e9nyege a bizalom\u2026 Nagy \u00fcnnepnap van. A megh\u00edvottak mosolyogva k\u00f6sz\u00f6ntik egym\u00e1st, majd besz\u00e9dbe elegyednek. Te ott \u00e1llsz kicsit f\u00e9lreh\u00faz\u00f3dva. Nem ismerlek, ez\u00e9rt odamegyek hozz\u00e1d, bemutatkozom \u00e9s k\u00f6sz\u00f6ntelek. K\u00e9rdezem, honnan j\u00f6sz? Mondod, hogy \u00faj vagy \u00e9s csak p\u00e1r h\u00f3napig maradsz itt, Stuttgartban. Udvariasan k\u00e9rdezel Te is a munk\u00e1m fel\u0151l. Nagyvonalakban ecsetelem, hogy a \u201elelk\u00e9szi\u201c hivat\u00e1s mennyi sz\u00e9ps\u00e9get rejt mag\u00e1ban. K\u00fcl\u00f6n\u00f6sen az emberekkel val\u00f3 t\u00f6r\u0151d\u00e9s az, mondom, ami \u00e9rtelmet ad papi \u00e9letemnek\u2026 \u201e\u00c9s mit aj\u00e1nlana a \u201alelk\u00e9sz \u00far\u2019 annak, aki most ismerkedne a vall\u00e1ssal? Mi a vall\u00e1s legl\u00e9nyegesebb \u00e9s az \u00e9let sz\u00e1m\u00e1ra leghasznosabb von\u00e1sa?\u201c \u2013 k\u00e9rdezed. \u201eA bizalom gyakorl\u00e1sa.\u201c \u2013 felelem gondolkod\u00e1s n\u00e9lk\u00fcl. \u201e\u00c9s azt hogyan kell?\u201c \u2013 k\u00e9rdezel vissza kiv\u00e1ncsian. \u201eK\u00e9t pillanatfelv\u00e9tel jut eszembe, amit soha nem fogok elfelejteni \u2013 a tengeren.\u201c \u2013 mondom, majd mes\u00e9lni kezdek. \u201eAz anyuka \u00e9lvezi a hull\u00e1mokat. Bele-beleveti mag\u00e1t a habokba \u00e9s nevet a boldogs\u00e1gt\u00f3l. Kisfia, tal\u00e1n m\u00e1sf\u00e9l\u00e9ves, kis lap\u00e1tk\u00e1j\u00e1val a homokban j\u00e1tszik. Hirtelen feln\u00e9z, \u00e9szreveszi az anyuk\u00e1j\u00e1t \u00e9s fel\u00e9je tipeg. Az els\u0151 kis hull\u00e1mok k\u00f6r\u00fclnyaldoss\u00e1k a l\u00e1b\u00e1t. \u0150 kiss\u00e9 meginog , de talpon marad. Ism\u00e9t feln\u00e9z, s amikor \u00fajfent megpillantja anyuk\u00e1ja nevet\u0151 arc\u00e1t, tov\u00e1bb indul, addig, m\u00edg az els\u0151 nagyobb hull\u00e1m led\u00f6nti a l\u00e1b\u00e1r\u00f3l. Fel\u00e1ll, majd anyuk\u00e1ja nevet\u0151 arc\u00e1ba n\u00e9z, \u00e9s f\u00e9lelem n\u00e9lk\u00fcl tov\u00e1bb indul, m\u00edg az anyuk\u00e1ja er\u0151s karjai f\u00f6l nem fogj\u00e1k. Egy m\u00e1sik k\u00e9p. Egy t\u00edz \u00e9v k\u00f6r\u00fcli fi\u00facska a tengerparti homokban v\u00e1rat \u00e9p\u00edt tacsk\u00f3 kuty\u00e1ja k\u00f6r\u00e9. Az \u00fclve marad, semmi f\u00e9lelem nem l\u00e1tszik a viselked\u00e9s\u00e9n, j\u00f3llehet az \u0151t k\u00f6r\u00fclvev\u0151 magas falak m\u00e1r majdnem eg\u00e9szen k\u00e9szen vannak. Nyugodt, hisz gazdija minduntalan r\u00e1n\u00e9z, \u00e9s meleg, megnyugtat\u00f3 hangon besz\u00e9l hozz\u00e1&#8230; Nek\u00fcnk, embereknek, sz\u00fcks\u00e9g\u00fcnk van valakire vagy valamire, akire vagy amire feln\u00e9zhet\u00fcnk, akiben vagy amiben megb\u00edzhatunk, ha az \u00e9let hull\u00e1mai elbor\u00edtanak, vagy a falak, amelyeket nem akarunk, k\u00f6r\u00fcl\u00f6tt\u00fcnk bez\u00e1rulnak. Mi, emberek, mert \u00edgy vagyunk teremtve, mindent el tudunk viselni, csod\u00e1kra vagyunk k\u00e9pesek, ha valaki... R\u00e9szletek\" \/>\n<meta property=\"og:url\" content=\"https:\/\/stuttgarti-katolikusok.de\/index.php\/a-bizalom\/\" \/>\n<meta property=\"og:site_name\" content=\"Stuttgarti Katolikusok\" \/>\n<meta property=\"article:published_time\" content=\"2017-10-27T12:50:27+00:00\" \/>\n<meta property=\"article:modified_time\" content=\"2017-10-27T12:52:39+00:00\" \/>\n<meta name=\"author\" content=\"Tibor atya\" \/>\n<meta name=\"twitter:card\" content=\"summary_large_image\" \/>\n<meta name=\"twitter:label1\" content=\"Szerz\u0151:\" \/>\n\t<meta name=\"twitter:data1\" content=\"Tibor atya\" \/>\n\t<meta name=\"twitter:label2\" content=\"Becs\u00fclt olvas\u00e1si id\u0151\" \/>\n\t<meta name=\"twitter:data2\" content=\"3 perc\" \/>\n<script type=\"application\/ld+json\" class=\"yoast-schema-graph\">{\"@context\":\"https:\\\/\\\/schema.org\",\"@graph\":[{\"@type\":\"Article\",\"@id\":\"https:\\\/\\\/stuttgarti-katolikusok.de\\\/index.php\\\/a-bizalom\\\/#article\",\"isPartOf\":{\"@id\":\"https:\\\/\\\/stuttgarti-katolikusok.de\\\/index.php\\\/a-bizalom\\\/\"},\"author\":{\"name\":\"Tibor atya\",\"@id\":\"https:\\\/\\\/stuttgarti-katolikusok.de\\\/#\\\/schema\\\/person\\\/75908d6f8fdc03a57889d27209df7795\"},\"headline\":\"A bizalom&#8230;\",\"datePublished\":\"2017-10-27T12:50:27+00:00\",\"dateModified\":\"2017-10-27T12:52:39+00:00\",\"mainEntityOfPage\":{\"@id\":\"https:\\\/\\\/stuttgarti-katolikusok.de\\\/index.php\\\/a-bizalom\\\/\"},\"wordCount\":556,\"articleSection\":[\"Gondolatok\"],\"inLanguage\":\"hu\"},{\"@type\":\"WebPage\",\"@id\":\"https:\\\/\\\/stuttgarti-katolikusok.de\\\/index.php\\\/a-bizalom\\\/\",\"url\":\"https:\\\/\\\/stuttgarti-katolikusok.de\\\/index.php\\\/a-bizalom\\\/\",\"name\":\"A bizalom... - Stuttgarti Katolikusok\",\"isPartOf\":{\"@id\":\"https:\\\/\\\/stuttgarti-katolikusok.de\\\/#website\"},\"datePublished\":\"2017-10-27T12:50:27+00:00\",\"dateModified\":\"2017-10-27T12:52:39+00:00\",\"author\":{\"@id\":\"https:\\\/\\\/stuttgarti-katolikusok.de\\\/#\\\/schema\\\/person\\\/75908d6f8fdc03a57889d27209df7795\"},\"breadcrumb\":{\"@id\":\"https:\\\/\\\/stuttgarti-katolikusok.de\\\/index.php\\\/a-bizalom\\\/#breadcrumb\"},\"inLanguage\":\"hu\",\"potentialAction\":[{\"@type\":\"ReadAction\",\"target\":[\"https:\\\/\\\/stuttgarti-katolikusok.de\\\/index.php\\\/a-bizalom\\\/\"]}]},{\"@type\":\"BreadcrumbList\",\"@id\":\"https:\\\/\\\/stuttgarti-katolikusok.de\\\/index.php\\\/a-bizalom\\\/#breadcrumb\",\"itemListElement\":[{\"@type\":\"ListItem\",\"position\":1,\"name\":\"Kezd\u0151lap\",\"item\":\"https:\\\/\\\/stuttgarti-katolikusok.de\\\/\"},{\"@type\":\"ListItem\",\"position\":2,\"name\":\"A bizalom&#8230;\"}]},{\"@type\":\"WebSite\",\"@id\":\"https:\\\/\\\/stuttgarti-katolikusok.de\\\/#website\",\"url\":\"https:\\\/\\\/stuttgarti-katolikusok.de\\\/\",\"name\":\"Stuttgarti Katolikusok\",\"description\":\"\",\"potentialAction\":[{\"@type\":\"SearchAction\",\"target\":{\"@type\":\"EntryPoint\",\"urlTemplate\":\"https:\\\/\\\/stuttgarti-katolikusok.de\\\/?s={search_term_string}\"},\"query-input\":{\"@type\":\"PropertyValueSpecification\",\"valueRequired\":true,\"valueName\":\"search_term_string\"}}],\"inLanguage\":\"hu\"},{\"@type\":\"Person\",\"@id\":\"https:\\\/\\\/stuttgarti-katolikusok.de\\\/#\\\/schema\\\/person\\\/75908d6f8fdc03a57889d27209df7795\",\"name\":\"Tibor atya\",\"image\":{\"@type\":\"ImageObject\",\"inLanguage\":\"hu\",\"@id\":\"https:\\\/\\\/secure.gravatar.com\\\/avatar\\\/61d268e57d1f4525b111222e29d2d5a7f8c420fdbf231ba5566a8ceac74fa960?s=96&d=mm&r=g\",\"url\":\"https:\\\/\\\/secure.gravatar.com\\\/avatar\\\/61d268e57d1f4525b111222e29d2d5a7f8c420fdbf231ba5566a8ceac74fa960?s=96&d=mm&r=g\",\"contentUrl\":\"https:\\\/\\\/secure.gravatar.com\\\/avatar\\\/61d268e57d1f4525b111222e29d2d5a7f8c420fdbf231ba5566a8ceac74fa960?s=96&d=mm&r=g\",\"caption\":\"Tibor atya\"},\"url\":\"https:\\\/\\\/stuttgarti-katolikusok.de\\\/index.php\\\/author\\\/tibor-atya\\\/\"}]}<\/script>\n<!-- \/ Yoast SEO plugin. -->","yoast_head_json":{"title":"A bizalom... - Stuttgarti Katolikusok","robots":{"index":"index","follow":"follow","max-snippet":"max-snippet:-1","max-image-preview":"max-image-preview:large","max-video-preview":"max-video-preview:-1"},"canonical":"https:\/\/stuttgarti-katolikusok.de\/index.php\/a-bizalom\/","og_locale":"hu_HU","og_type":"article","og_title":"A bizalom... - Stuttgarti Katolikusok","og_description":"A hit l\u00e9nyege a bizalom\u2026 Nagy \u00fcnnepnap van. A megh\u00edvottak mosolyogva k\u00f6sz\u00f6ntik egym\u00e1st, majd besz\u00e9dbe elegyednek. Te ott \u00e1llsz kicsit f\u00e9lreh\u00faz\u00f3dva. Nem ismerlek, ez\u00e9rt odamegyek hozz\u00e1d, bemutatkozom \u00e9s k\u00f6sz\u00f6ntelek. K\u00e9rdezem, honnan j\u00f6sz? Mondod, hogy \u00faj vagy \u00e9s csak p\u00e1r h\u00f3napig maradsz itt, Stuttgartban. Udvariasan k\u00e9rdezel Te is a munk\u00e1m fel\u0151l. Nagyvonalakban ecsetelem, hogy a \u201elelk\u00e9szi\u201c hivat\u00e1s mennyi sz\u00e9ps\u00e9get rejt mag\u00e1ban. K\u00fcl\u00f6n\u00f6sen az emberekkel val\u00f3 t\u00f6r\u0151d\u00e9s az, mondom, ami \u00e9rtelmet ad papi \u00e9letemnek\u2026 \u201e\u00c9s mit aj\u00e1nlana a \u201alelk\u00e9sz \u00far\u2019 annak, aki most ismerkedne a vall\u00e1ssal? Mi a vall\u00e1s legl\u00e9nyegesebb \u00e9s az \u00e9let sz\u00e1m\u00e1ra leghasznosabb von\u00e1sa?\u201c \u2013 k\u00e9rdezed. \u201eA bizalom gyakorl\u00e1sa.\u201c \u2013 felelem gondolkod\u00e1s n\u00e9lk\u00fcl. \u201e\u00c9s azt hogyan kell?\u201c \u2013 k\u00e9rdezel vissza kiv\u00e1ncsian. \u201eK\u00e9t pillanatfelv\u00e9tel jut eszembe, amit soha nem fogok elfelejteni \u2013 a tengeren.\u201c \u2013 mondom, majd mes\u00e9lni kezdek. \u201eAz anyuka \u00e9lvezi a hull\u00e1mokat. Bele-beleveti mag\u00e1t a habokba \u00e9s nevet a boldogs\u00e1gt\u00f3l. Kisfia, tal\u00e1n m\u00e1sf\u00e9l\u00e9ves, kis lap\u00e1tk\u00e1j\u00e1val a homokban j\u00e1tszik. Hirtelen feln\u00e9z, \u00e9szreveszi az anyuk\u00e1j\u00e1t \u00e9s fel\u00e9je tipeg. Az els\u0151 kis hull\u00e1mok k\u00f6r\u00fclnyaldoss\u00e1k a l\u00e1b\u00e1t. \u0150 kiss\u00e9 meginog , de talpon marad. Ism\u00e9t feln\u00e9z, s amikor \u00fajfent megpillantja anyuk\u00e1ja nevet\u0151 arc\u00e1t, tov\u00e1bb indul, addig, m\u00edg az els\u0151 nagyobb hull\u00e1m led\u00f6nti a l\u00e1b\u00e1r\u00f3l. Fel\u00e1ll, majd anyuk\u00e1ja nevet\u0151 arc\u00e1ba n\u00e9z, \u00e9s f\u00e9lelem n\u00e9lk\u00fcl tov\u00e1bb indul, m\u00edg az anyuk\u00e1ja er\u0151s karjai f\u00f6l nem fogj\u00e1k. Egy m\u00e1sik k\u00e9p. Egy t\u00edz \u00e9v k\u00f6r\u00fcli fi\u00facska a tengerparti homokban v\u00e1rat \u00e9p\u00edt tacsk\u00f3 kuty\u00e1ja k\u00f6r\u00e9. Az \u00fclve marad, semmi f\u00e9lelem nem l\u00e1tszik a viselked\u00e9s\u00e9n, j\u00f3llehet az \u0151t k\u00f6r\u00fclvev\u0151 magas falak m\u00e1r majdnem eg\u00e9szen k\u00e9szen vannak. Nyugodt, hisz gazdija minduntalan r\u00e1n\u00e9z, \u00e9s meleg, megnyugtat\u00f3 hangon besz\u00e9l hozz\u00e1&#8230; Nek\u00fcnk, embereknek, sz\u00fcks\u00e9g\u00fcnk van valakire vagy valamire, akire vagy amire feln\u00e9zhet\u00fcnk, akiben vagy amiben megb\u00edzhatunk, ha az \u00e9let hull\u00e1mai elbor\u00edtanak, vagy a falak, amelyeket nem akarunk, k\u00f6r\u00fcl\u00f6tt\u00fcnk bez\u00e1rulnak. Mi, emberek, mert \u00edgy vagyunk teremtve, mindent el tudunk viselni, csod\u00e1kra vagyunk k\u00e9pesek, ha valaki... R\u00e9szletek","og_url":"https:\/\/stuttgarti-katolikusok.de\/index.php\/a-bizalom\/","og_site_name":"Stuttgarti Katolikusok","article_published_time":"2017-10-27T12:50:27+00:00","article_modified_time":"2017-10-27T12:52:39+00:00","author":"Tibor atya","twitter_card":"summary_large_image","twitter_misc":{"Szerz\u0151:":"Tibor atya","Becs\u00fclt olvas\u00e1si id\u0151":"3 perc"},"schema":{"@context":"https:\/\/schema.org","@graph":[{"@type":"Article","@id":"https:\/\/stuttgarti-katolikusok.de\/index.php\/a-bizalom\/#article","isPartOf":{"@id":"https:\/\/stuttgarti-katolikusok.de\/index.php\/a-bizalom\/"},"author":{"name":"Tibor atya","@id":"https:\/\/stuttgarti-katolikusok.de\/#\/schema\/person\/75908d6f8fdc03a57889d27209df7795"},"headline":"A bizalom&#8230;","datePublished":"2017-10-27T12:50:27+00:00","dateModified":"2017-10-27T12:52:39+00:00","mainEntityOfPage":{"@id":"https:\/\/stuttgarti-katolikusok.de\/index.php\/a-bizalom\/"},"wordCount":556,"articleSection":["Gondolatok"],"inLanguage":"hu"},{"@type":"WebPage","@id":"https:\/\/stuttgarti-katolikusok.de\/index.php\/a-bizalom\/","url":"https:\/\/stuttgarti-katolikusok.de\/index.php\/a-bizalom\/","name":"A bizalom... - Stuttgarti Katolikusok","isPartOf":{"@id":"https:\/\/stuttgarti-katolikusok.de\/#website"},"datePublished":"2017-10-27T12:50:27+00:00","dateModified":"2017-10-27T12:52:39+00:00","author":{"@id":"https:\/\/stuttgarti-katolikusok.de\/#\/schema\/person\/75908d6f8fdc03a57889d27209df7795"},"breadcrumb":{"@id":"https:\/\/stuttgarti-katolikusok.de\/index.php\/a-bizalom\/#breadcrumb"},"inLanguage":"hu","potentialAction":[{"@type":"ReadAction","target":["https:\/\/stuttgarti-katolikusok.de\/index.php\/a-bizalom\/"]}]},{"@type":"BreadcrumbList","@id":"https:\/\/stuttgarti-katolikusok.de\/index.php\/a-bizalom\/#breadcrumb","itemListElement":[{"@type":"ListItem","position":1,"name":"Kezd\u0151lap","item":"https:\/\/stuttgarti-katolikusok.de\/"},{"@type":"ListItem","position":2,"name":"A bizalom&#8230;"}]},{"@type":"WebSite","@id":"https:\/\/stuttgarti-katolikusok.de\/#website","url":"https:\/\/stuttgarti-katolikusok.de\/","name":"Stuttgarti Katolikusok","description":"","potentialAction":[{"@type":"SearchAction","target":{"@type":"EntryPoint","urlTemplate":"https:\/\/stuttgarti-katolikusok.de\/?s={search_term_string}"},"query-input":{"@type":"PropertyValueSpecification","valueRequired":true,"valueName":"search_term_string"}}],"inLanguage":"hu"},{"@type":"Person","@id":"https:\/\/stuttgarti-katolikusok.de\/#\/schema\/person\/75908d6f8fdc03a57889d27209df7795","name":"Tibor atya","image":{"@type":"ImageObject","inLanguage":"hu","@id":"https:\/\/secure.gravatar.com\/avatar\/61d268e57d1f4525b111222e29d2d5a7f8c420fdbf231ba5566a8ceac74fa960?s=96&d=mm&r=g","url":"https:\/\/secure.gravatar.com\/avatar\/61d268e57d1f4525b111222e29d2d5a7f8c420fdbf231ba5566a8ceac74fa960?s=96&d=mm&r=g","contentUrl":"https:\/\/secure.gravatar.com\/avatar\/61d268e57d1f4525b111222e29d2d5a7f8c420fdbf231ba5566a8ceac74fa960?s=96&d=mm&r=g","caption":"Tibor atya"},"url":"https:\/\/stuttgarti-katolikusok.de\/index.php\/author\/tibor-atya\/"}]}},"_links":{"self":[{"href":"https:\/\/stuttgarti-katolikusok.de\/index.php\/wp-json\/wp\/v2\/posts\/12837","targetHints":{"allow":["GET"]}}],"collection":[{"href":"https:\/\/stuttgarti-katolikusok.de\/index.php\/wp-json\/wp\/v2\/posts"}],"about":[{"href":"https:\/\/stuttgarti-katolikusok.de\/index.php\/wp-json\/wp\/v2\/types\/post"}],"author":[{"embeddable":true,"href":"https:\/\/stuttgarti-katolikusok.de\/index.php\/wp-json\/wp\/v2\/users\/3"}],"replies":[{"embeddable":true,"href":"https:\/\/stuttgarti-katolikusok.de\/index.php\/wp-json\/wp\/v2\/comments?post=12837"}],"version-history":[{"count":2,"href":"https:\/\/stuttgarti-katolikusok.de\/index.php\/wp-json\/wp\/v2\/posts\/12837\/revisions"}],"predecessor-version":[{"id":12841,"href":"https:\/\/stuttgarti-katolikusok.de\/index.php\/wp-json\/wp\/v2\/posts\/12837\/revisions\/12841"}],"wp:attachment":[{"href":"https:\/\/stuttgarti-katolikusok.de\/index.php\/wp-json\/wp\/v2\/media?parent=12837"}],"wp:term":[{"taxonomy":"category","embeddable":true,"href":"https:\/\/stuttgarti-katolikusok.de\/index.php\/wp-json\/wp\/v2\/categories?post=12837"},{"taxonomy":"post_tag","embeddable":true,"href":"https:\/\/stuttgarti-katolikusok.de\/index.php\/wp-json\/wp\/v2\/tags?post=12837"}],"curies":[{"name":"wp","href":"https:\/\/api.w.org\/{rel}","templated":true}]}}