{"id":12800,"date":"2017-10-20T05:42:26","date_gmt":"2017-10-20T05:42:26","guid":{"rendered":"https:\/\/gracious-dewdney.138-201-221-2.plesk.page\/?p=12800"},"modified":"2017-10-21T06:43:31","modified_gmt":"2017-10-21T06:43:31","slug":"gyalogos-zarandoklat-a-hohenzollern-varhoz","status":"publish","type":"post","link":"https:\/\/stuttgarti-katolikusok.de\/index.php\/gyalogos-zarandoklat-a-hohenzollern-varhoz\/","title":{"rendered":"T\u00f3th M\u00e1rta: Gyalogos zar\u00e1ndoklat a Hohenzollern v\u00e1rhoz"},"content":{"rendered":"<p>Tal\u00e1lkoz\u00f3 d\u00e9lel\u0151tt 10 \u00f3rakor Brielhof vend\u00e9gl\u0151 parkol\u00f3j\u00e1n\u00e1l. Mosolyogva, egym\u00e1st meg\u00f6lelve k\u00f6sz\u00f6ntj\u00fck egym\u00e1st. Mindannyian nagy lelkesed\u00e9ssel \u00e9rkezt\u00fcnk. 21-en vagyunk.<\/p>\n<p>A fenti parkol\u00f3ban hagyhattuk aut\u00f3inkat, \u00edgy a t\u00far\u00e1z\u00e1s nagyban ler\u00f6vid\u00fclt, de a legink\u00e1bb meger\u0151ltet\u0151 r\u00e9sze megmaradt. Csod\u00e1latosan sz\u00e9p naps\u00fct\u00e9sben szeml\u00e9lhett\u00fck meg a\u00a0 fest\u0151i sz\u00e9ps\u00e9g\u0171 t\u00e1jat. Ezernyi sz\u00edn\u00e9vel k\u00e1pr\u00e1ztatott el benn\u00fcnket az \u0151sz.<\/p>\n<p>Az els\u0151 pihen\u0151n\u00e9l Imre atya k\u00f6sz\u00f6nt\u00f6tte zar\u00e1ndok testv\u00e9reit. R\u00f6viden \u00f6sszefoglalta a napirendi pontokat. Zar\u00e1ndoklatunk napja egybe esett a lengyel egyh\u00e1z \u00e1ltal t\u00e1mogatott &#8222;R\u00f3zsaf\u00fcz\u00e9r eg\u00e9szen a hat\u00e1rokig&#8221; nev\u0171 civil\u00a0 kezdem\u00e9nyez\u00e9ssel. Teszik ezt a lengyelek haz\u00e1juk\u00e9rt \u00e9s a vil\u00e1g b\u00e9k\u00e9j\u00e9\u00e9rt. Mi is bekapcsol\u00f3dunk. Fel\u00e9rve a v\u00e1rhoz f\u00e9lreh\u00faz\u00f3dunk egy csendes naps\u00fct\u00f6tte, hajat lobogtat\u00f3 szegletbe \u00e9s k\u00e9pzeletben sz\u00fcl\u0151falunkt\u00f3l-v\u00e1rosunkt\u00f3l a legk\u00f6zelebbi hat\u00e1r\u00e1tkel\u0151ig megy\u00fcnk. Ki Erd\u00e9lyb\u0151l, ki a Vajdas\u00e1gb\u00f3l, ki pedig az anyaorsz\u00e1gb\u00f3l indul a Szepl\u0151telen Sz\u0171z dics\u0151\u00edt\u00e9s\u00e9re.<\/p>\n<p>A Fatimai Szent Sz\u0171z pontosan 100 \u00e9ve jelent meg hat alkalommal h\u00e1rom portug\u00e1l\u00a0 p\u00e1sztorgyermeknek. Rajtuk kereszt\u00fcl \u00fczent a vil\u00e1gnak, hogy a r\u00f3zsaf\u00fcz\u00e9rt im\u00e1dkozva k\u00e9rj\u00e9k az \u0151 seg\u00edts\u00e9g\u00e9t. Vezekl\u00e9sre, im\u00e1ds\u00e1gra buzd\u00edtja a h\u00edveket a b\u0171n\u00f6s\u00f6k megt\u00e9r\u00e9s\u00e9\u00e9rt, az \u00dar irgalm\u00e1t k\u00e9rve ezzel a vil\u00e1gra.<\/p>\n<p>Az olvas\u00f3 befejezt\u00e9vel n\u00e9met nyelv\u0171 vezet\u00e9sen vett\u00fcnk r\u00e9szt a Hohenzollern hegy tetej\u00e9n \u00e1ll\u00f3 neog\u00f3tikus st\u00edlusban \u00e9p\u00edtett v\u00e1rban.<\/p>\n<p>A k\u00f6z\u00e9pkorb\u00f3l csup\u00e1n a k\u00e1polna maradt meg, a jelenleg l\u00e1that\u00f3 v\u00e1rat IV.\u00a0 Frigyes Vilmos porosz kir\u00e1ly \u00e9p\u00edttette \u00fajj\u00e1 1846-t\u00f3l. Az \u00e9p\u00fcletbe l\u00e9pve egy a 11. sz\u00e1zadig visszamen\u0151, k\u00fcl\u00f6nb\u00f6z\u0151 sz\u00ednekkel jel\u00f6lt csal\u00e1df\u00e1t l\u00e1thattunk. Az egyes sz\u00ednek a csal\u00e1d katolikus\u00a0 sv\u00e1b, \u00e9s a protest\u00e1ns frankf\u00f6ldi \u00e1g\u00e1t jelzik. A nagyteremb\u0151l a r\u00e9gi k\u00f6nyvt\u00e1rba l\u00e9pt\u00fcnk, ahol a Hohenzollern csal\u00e1d t\u00f6rt\u00e9net\u00e9r\u0151l is l\u00e1thattunk festm\u00e9nyeket, ezt k\u00f6vette a dolgoz\u00f3szoba, melynek \u00edr\u00f3asztal\u00e1n m\u00e1r f\u00e9nyk\u00e9pek vannak a ma is \u00e9l\u0151 lesz\u00e1rmazottakr\u00f3l. A h\u00e1l\u00f3szob\u00e1ban csup\u00e1n 5 h\u00f3napig lakott Vilmos, a porosz koronaherceg. Nagyon s\u00falyos t\u00fcd\u0151gyullad\u00e1ssal t\u00e1vozott a kast\u00e9lyb\u00f3l.\u00a0 Az \u00e9p\u00fclet nem felf\u0171thet\u0151, ugyanis az eg\u00e9sz kast\u00e9lyban csup\u00e1n egy kandall\u00f3 van. A k\u00e9k szalonban csal\u00e1dtagok festm\u00e9nyeit l\u00e1thattuk. A fal fest\u00e9se tap\u00e9t\u00e1ra eml\u00e9keztetett. A mennyezet k\u00fcl\u00f6nleges ig\u00e9nyess\u00e9ggel k\u00e9sz\u00fclt.<\/p>\n<p>Az udvarr\u00f3l k\u00f6zel\u00edtett\u00fck meg a hajdani konyh\u00e1b\u00f3l kialak\u00edtott kincst\u00e1rat. Az itt \u0151rz\u00f6tt kincsek k\u00f6z\u00f6tt l\u00e1thatjuk &#8222;nagy&#8221; Frigyes doh\u00e1nytart\u00f3it, a mell\u00e9n\u00e9l megl\u0151tt katonai egyenruh\u00e1j\u00e1t, Luise porosz kir\u00e1lyn\u0151\u00a0 ez\u00fcst sz\u00e1llal kivarrt udvari ruh\u00e1j\u00e1t, mely kb. 20 kg s\u00faly\u00fa. Tov\u00e1bb\u00e1 porcel\u00e1n \u00e9tk\u00e9szleteket, arany serlegeket \u00e9s a porosz koron\u00e1t.<\/p>\n<p>A kincst\u00e1rat elhagyva egy r\u00f6vidke id\u0151re \u00e9s im\u00e1ra bekukkantottunk a k\u00e1poln\u00e1ba, majd a v\u00e1rudvarban csoportk\u00e9pek k\u00e9sz\u00fcltek.<\/p>\n<p>Azut\u00e1n a parkol\u00f3 fel\u00e9 vett\u00fck az ir\u00e1nyt,\u00a0 j\u00f3 n\u00e9h\u00e1ny meredek kis \u00faton \u00e9s 266 l\u00e9pcs\u0151fokon kereszt\u00fcl. A parkol\u00f3b\u00f3l egy\u00e9bk\u00e9nt kisbusszal is fel lehet a v\u00e1rhoz jutni, csoportunkb\u00f3l is megtett\u00e9k ezt n\u00e9h\u00e1nyan, akiknek eg\u00e9szs\u00e9g\u00fcgyi \u00e1llapota nem engedte meg a meger\u0151ltet\u0151 s\u00e9t\u00e1t. Lent a parkol\u00f3ban aj\u00e1nd\u00e9kbolt m\u0171k\u00f6dik. P\u00e1ran eml\u00e9keket is v\u00e1s\u00e1roltunk.<\/p>\n<p>A\u00a0 csoport a tov\u00e1bbiakban a hegy l\u00e1b\u00e1n\u00e1l egy kellemesen naps\u00fct\u00f6tte vend\u00e9gl\u0151ben fogyasztotta el eb\u00e9dj\u00e9t, majd Balingenbe indult, ahol az ottani magyar k\u00f6z\u00f6ss\u00e9g\u00fcnk szok\u00e1sos els\u0151szombati szentmis\u00e9j\u00e9n vett r\u00e9szt.<\/p>\n<p>A szentmise ut\u00e1n m\u00e9g elbesz\u00e9lgett\u00fcnk a helyi testv\u00e9rekkel, majd nagy \u00f6r\u00f6mmel a sz\u00edv\u00fcnkben indultunk haza.<\/p>\n<p>Mindannyiunk meggy\u0151z\u0151d\u00e9se \u00edgy fogalmazhat\u00f3 meg: egy gy\u00f6ny\u00f6r\u0171, lelkileg tartalmas nap volt. Ezt majd a k\u00e9sz\u00fclt f\u00e9nyk\u00e9pekr\u0151l is mindenki l\u00e1thatja&#8230;<\/p>\n<p>M\u00e9g sok ilyen \u201egyalogos-zarit\u201d adjon nek\u00fcnk a mi mennyei Aty\u00e1nk!<\/p>\n<p><em>T\u00f3th M\u00e1rta<\/em><em>\u00a0 <\/em><\/p>\n<ol start=\"2017\">\n<li><em> okt\u00f3ber 17.\u00a0 \u00a0<\/em><\/li>\n<\/ol>\n","protected":false},"excerpt":{"rendered":"<p>Tal\u00e1lkoz\u00f3 d\u00e9lel\u0151tt 10 \u00f3rakor Brielhof vend\u00e9gl\u0151 parkol\u00f3j\u00e1n\u00e1l. Mosolyogva, egym\u00e1st meg\u00f6lelve k\u00f6sz\u00f6ntj\u00fck egym\u00e1st. Mindannyian nagy lelkesed\u00e9ssel \u00e9rkezt\u00fcnk. 21-en vagyunk. A fenti parkol\u00f3ban hagyhattuk aut\u00f3inkat, \u00edgy a t\u00far\u00e1z\u00e1s nagyban ler\u00f6vid\u00fclt, de a legink\u00e1bb meger\u0151ltet\u0151 r\u00e9sze megmaradt. Csod\u00e1latosan sz\u00e9p naps\u00fct\u00e9sben szeml\u00e9lhett\u00fck meg a\u00a0 fest\u0151i sz\u00e9ps\u00e9g\u0171 t\u00e1jat. Ezernyi sz\u00edn\u00e9vel k\u00e1pr\u00e1ztatott el benn\u00fcnket az \u0151sz. Az els\u0151 pihen\u0151n\u00e9l Imre atya k\u00f6sz\u00f6nt\u00f6tte zar\u00e1ndok testv\u00e9reit. R\u00f6viden \u00f6sszefoglalta a napirendi pontokat. Zar\u00e1ndoklatunk napja egybe esett a lengyel egyh\u00e1z \u00e1ltal t\u00e1mogatott &#8222;R\u00f3zsaf\u00fcz\u00e9r eg\u00e9szen a hat\u00e1rokig&#8221; nev\u0171 civil\u00a0 kezdem\u00e9nyez\u00e9ssel. Teszik ezt a lengyelek haz\u00e1juk\u00e9rt \u00e9s a vil\u00e1g b\u00e9k\u00e9j\u00e9\u00e9rt. Mi is bekapcsol\u00f3dunk. Fel\u00e9rve a v\u00e1rhoz f\u00e9lreh\u00faz\u00f3dunk egy csendes naps\u00fct\u00f6tte, hajat lobogtat\u00f3 szegletbe \u00e9s k\u00e9pzeletben sz\u00fcl\u0151falunkt\u00f3l-v\u00e1rosunkt\u00f3l a legk\u00f6zelebbi hat\u00e1r\u00e1tkel\u0151ig megy\u00fcnk. Ki Erd\u00e9lyb\u0151l, ki a Vajdas\u00e1gb\u00f3l, ki pedig az anyaorsz\u00e1gb\u00f3l indul a Szepl\u0151telen Sz\u0171z dics\u0151\u00edt\u00e9s\u00e9re. A Fatimai Szent Sz\u0171z pontosan 100 \u00e9ve jelent meg hat alkalommal h\u00e1rom portug\u00e1l\u00a0 p\u00e1sztorgyermeknek. Rajtuk kereszt\u00fcl \u00fczent a vil\u00e1gnak, hogy a r\u00f3zsaf\u00fcz\u00e9rt im\u00e1dkozva k\u00e9rj\u00e9k az \u0151 seg\u00edts\u00e9g\u00e9t. Vezekl\u00e9sre, im\u00e1ds\u00e1gra buzd\u00edtja a h\u00edveket a b\u0171n\u00f6s\u00f6k megt\u00e9r\u00e9s\u00e9\u00e9rt, az \u00dar irgalm\u00e1t k\u00e9rve ezzel a vil\u00e1gra. Az olvas\u00f3 befejezt\u00e9vel n\u00e9met nyelv\u0171 vezet\u00e9sen vett\u00fcnk r\u00e9szt a Hohenzollern hegy tetej\u00e9n \u00e1ll\u00f3 neog\u00f3tikus st\u00edlusban \u00e9p\u00edtett v\u00e1rban. A k\u00f6z\u00e9pkorb\u00f3l csup\u00e1n a k\u00e1polna maradt meg, a jelenleg l\u00e1that\u00f3 v\u00e1rat IV.\u00a0 Frigyes Vilmos porosz kir\u00e1ly \u00e9p\u00edttette \u00fajj\u00e1 1846-t\u00f3l. Az \u00e9p\u00fcletbe l\u00e9pve egy a 11. sz\u00e1zadig visszamen\u0151, k\u00fcl\u00f6nb\u00f6z\u0151 sz\u00ednekkel jel\u00f6lt csal\u00e1df\u00e1t l\u00e1thattunk. Az egyes sz\u00ednek a csal\u00e1d katolikus\u00a0 sv\u00e1b, \u00e9s a protest\u00e1ns frankf\u00f6ldi \u00e1g\u00e1t jelzik. A nagyteremb\u0151l a r\u00e9gi k\u00f6nyvt\u00e1rba l\u00e9pt\u00fcnk, ahol a Hohenzollern csal\u00e1d t\u00f6rt\u00e9net\u00e9r\u0151l is l\u00e1thattunk festm\u00e9nyeket, ezt k\u00f6vette a dolgoz\u00f3szoba, melynek \u00edr\u00f3asztal\u00e1n m\u00e1r f\u00e9nyk\u00e9pek vannak a ma is \u00e9l\u0151 lesz\u00e1rmazottakr\u00f3l. A h\u00e1l\u00f3szob\u00e1ban csup\u00e1n 5 h\u00f3napig lakott Vilmos, a porosz koronaherceg. Nagyon s\u00falyos t\u00fcd\u0151gyullad\u00e1ssal t\u00e1vozott a kast\u00e9lyb\u00f3l.\u00a0 Az \u00e9p\u00fclet nem felf\u0171thet\u0151, ugyanis az eg\u00e9sz kast\u00e9lyban csup\u00e1n egy kandall\u00f3 van. A k\u00e9k szalonban csal\u00e1dtagok festm\u00e9nyeit l\u00e1thattuk. A fal fest\u00e9se tap\u00e9t\u00e1ra eml\u00e9keztetett. A mennyezet k\u00fcl\u00f6nleges ig\u00e9nyess\u00e9ggel k\u00e9sz\u00fclt. Az udvarr\u00f3l&#8230; <\/p>\n<p><a class=\"readmore\" href=\"https:\/\/stuttgarti-katolikusok.de\/index.php\/gyalogos-zarandoklat-a-hohenzollern-varhoz\/\">R\u00e9szletek<\/a><\/p>\n","protected":false},"author":3,"featured_media":12801,"comment_status":"closed","ping_status":"closed","sticky":false,"template":"","format":"standard","meta":{"footnotes":""},"categories":[28],"tags":[],"class_list":["post-12800","post","type-post","status-publish","format-standard","has-post-thumbnail","hentry","category-olvasoink-irjak"],"yoast_head":"<!-- This site is optimized with the Yoast SEO plugin v27.3 - https:\/\/yoast.com\/product\/yoast-seo-wordpress\/ -->\n<title>T\u00f3th M\u00e1rta: Gyalogos zar\u00e1ndoklat a Hohenzollern v\u00e1rhoz - Stuttgarti Katolikusok<\/title>\n<meta name=\"robots\" content=\"index, follow, max-snippet:-1, max-image-preview:large, max-video-preview:-1\" \/>\n<link rel=\"canonical\" href=\"https:\/\/stuttgarti-katolikusok.de\/index.php\/gyalogos-zarandoklat-a-hohenzollern-varhoz\/\" \/>\n<meta property=\"og:locale\" content=\"hu_HU\" \/>\n<meta property=\"og:type\" content=\"article\" \/>\n<meta property=\"og:title\" content=\"T\u00f3th M\u00e1rta: Gyalogos zar\u00e1ndoklat a Hohenzollern v\u00e1rhoz - Stuttgarti Katolikusok\" \/>\n<meta property=\"og:description\" content=\"Tal\u00e1lkoz\u00f3 d\u00e9lel\u0151tt 10 \u00f3rakor Brielhof vend\u00e9gl\u0151 parkol\u00f3j\u00e1n\u00e1l. Mosolyogva, egym\u00e1st meg\u00f6lelve k\u00f6sz\u00f6ntj\u00fck egym\u00e1st. Mindannyian nagy lelkesed\u00e9ssel \u00e9rkezt\u00fcnk. 21-en vagyunk. A fenti parkol\u00f3ban hagyhattuk aut\u00f3inkat, \u00edgy a t\u00far\u00e1z\u00e1s nagyban ler\u00f6vid\u00fclt, de a legink\u00e1bb meger\u0151ltet\u0151 r\u00e9sze megmaradt. Csod\u00e1latosan sz\u00e9p naps\u00fct\u00e9sben szeml\u00e9lhett\u00fck meg a\u00a0 fest\u0151i sz\u00e9ps\u00e9g\u0171 t\u00e1jat. Ezernyi sz\u00edn\u00e9vel k\u00e1pr\u00e1ztatott el benn\u00fcnket az \u0151sz. Az els\u0151 pihen\u0151n\u00e9l Imre atya k\u00f6sz\u00f6nt\u00f6tte zar\u00e1ndok testv\u00e9reit. R\u00f6viden \u00f6sszefoglalta a napirendi pontokat. Zar\u00e1ndoklatunk napja egybe esett a lengyel egyh\u00e1z \u00e1ltal t\u00e1mogatott &#8222;R\u00f3zsaf\u00fcz\u00e9r eg\u00e9szen a hat\u00e1rokig&#8221; nev\u0171 civil\u00a0 kezdem\u00e9nyez\u00e9ssel. Teszik ezt a lengyelek haz\u00e1juk\u00e9rt \u00e9s a vil\u00e1g b\u00e9k\u00e9j\u00e9\u00e9rt. Mi is bekapcsol\u00f3dunk. Fel\u00e9rve a v\u00e1rhoz f\u00e9lreh\u00faz\u00f3dunk egy csendes naps\u00fct\u00f6tte, hajat lobogtat\u00f3 szegletbe \u00e9s k\u00e9pzeletben sz\u00fcl\u0151falunkt\u00f3l-v\u00e1rosunkt\u00f3l a legk\u00f6zelebbi hat\u00e1r\u00e1tkel\u0151ig megy\u00fcnk. Ki Erd\u00e9lyb\u0151l, ki a Vajdas\u00e1gb\u00f3l, ki pedig az anyaorsz\u00e1gb\u00f3l indul a Szepl\u0151telen Sz\u0171z dics\u0151\u00edt\u00e9s\u00e9re. A Fatimai Szent Sz\u0171z pontosan 100 \u00e9ve jelent meg hat alkalommal h\u00e1rom portug\u00e1l\u00a0 p\u00e1sztorgyermeknek. Rajtuk kereszt\u00fcl \u00fczent a vil\u00e1gnak, hogy a r\u00f3zsaf\u00fcz\u00e9rt im\u00e1dkozva k\u00e9rj\u00e9k az \u0151 seg\u00edts\u00e9g\u00e9t. Vezekl\u00e9sre, im\u00e1ds\u00e1gra buzd\u00edtja a h\u00edveket a b\u0171n\u00f6s\u00f6k megt\u00e9r\u00e9s\u00e9\u00e9rt, az \u00dar irgalm\u00e1t k\u00e9rve ezzel a vil\u00e1gra. Az olvas\u00f3 befejezt\u00e9vel n\u00e9met nyelv\u0171 vezet\u00e9sen vett\u00fcnk r\u00e9szt a Hohenzollern hegy tetej\u00e9n \u00e1ll\u00f3 neog\u00f3tikus st\u00edlusban \u00e9p\u00edtett v\u00e1rban. A k\u00f6z\u00e9pkorb\u00f3l csup\u00e1n a k\u00e1polna maradt meg, a jelenleg l\u00e1that\u00f3 v\u00e1rat IV.\u00a0 Frigyes Vilmos porosz kir\u00e1ly \u00e9p\u00edttette \u00fajj\u00e1 1846-t\u00f3l. Az \u00e9p\u00fcletbe l\u00e9pve egy a 11. sz\u00e1zadig visszamen\u0151, k\u00fcl\u00f6nb\u00f6z\u0151 sz\u00ednekkel jel\u00f6lt csal\u00e1df\u00e1t l\u00e1thattunk. Az egyes sz\u00ednek a csal\u00e1d katolikus\u00a0 sv\u00e1b, \u00e9s a protest\u00e1ns frankf\u00f6ldi \u00e1g\u00e1t jelzik. A nagyteremb\u0151l a r\u00e9gi k\u00f6nyvt\u00e1rba l\u00e9pt\u00fcnk, ahol a Hohenzollern csal\u00e1d t\u00f6rt\u00e9net\u00e9r\u0151l is l\u00e1thattunk festm\u00e9nyeket, ezt k\u00f6vette a dolgoz\u00f3szoba, melynek \u00edr\u00f3asztal\u00e1n m\u00e1r f\u00e9nyk\u00e9pek vannak a ma is \u00e9l\u0151 lesz\u00e1rmazottakr\u00f3l. A h\u00e1l\u00f3szob\u00e1ban csup\u00e1n 5 h\u00f3napig lakott Vilmos, a porosz koronaherceg. Nagyon s\u00falyos t\u00fcd\u0151gyullad\u00e1ssal t\u00e1vozott a kast\u00e9lyb\u00f3l.\u00a0 Az \u00e9p\u00fclet nem felf\u0171thet\u0151, ugyanis az eg\u00e9sz kast\u00e9lyban csup\u00e1n egy kandall\u00f3 van. A k\u00e9k szalonban csal\u00e1dtagok festm\u00e9nyeit l\u00e1thattuk. A fal fest\u00e9se tap\u00e9t\u00e1ra eml\u00e9keztetett. A mennyezet k\u00fcl\u00f6nleges ig\u00e9nyess\u00e9ggel k\u00e9sz\u00fclt. Az udvarr\u00f3l... R\u00e9szletek\" \/>\n<meta property=\"og:url\" content=\"https:\/\/stuttgarti-katolikusok.de\/index.php\/gyalogos-zarandoklat-a-hohenzollern-varhoz\/\" \/>\n<meta property=\"og:site_name\" content=\"Stuttgarti Katolikusok\" \/>\n<meta property=\"article:published_time\" content=\"2017-10-20T05:42:26+00:00\" \/>\n<meta property=\"article:modified_time\" content=\"2017-10-21T06:43:31+00:00\" \/>\n<meta property=\"og:image\" content=\"https:\/\/stuttgarti-katolikusok.de\/wp-content\/uploads\/2017\/10\/gyalogzari.jpg\" \/>\n\t<meta property=\"og:image:width\" content=\"800\" \/>\n\t<meta property=\"og:image:height\" content=\"533\" \/>\n\t<meta property=\"og:image:type\" content=\"image\/jpeg\" \/>\n<meta name=\"author\" content=\"Tibor atya\" \/>\n<meta name=\"twitter:card\" content=\"summary_large_image\" \/>\n<meta name=\"twitter:label1\" content=\"Szerz\u0151:\" \/>\n\t<meta name=\"twitter:data1\" content=\"Tibor atya\" \/>\n\t<meta name=\"twitter:label2\" content=\"Becs\u00fclt olvas\u00e1si id\u0151\" \/>\n\t<meta name=\"twitter:data2\" content=\"4 perc\" \/>\n<script type=\"application\/ld+json\" class=\"yoast-schema-graph\">{\"@context\":\"https:\\\/\\\/schema.org\",\"@graph\":[{\"@type\":\"Article\",\"@id\":\"https:\\\/\\\/stuttgarti-katolikusok.de\\\/index.php\\\/gyalogos-zarandoklat-a-hohenzollern-varhoz\\\/#article\",\"isPartOf\":{\"@id\":\"https:\\\/\\\/stuttgarti-katolikusok.de\\\/index.php\\\/gyalogos-zarandoklat-a-hohenzollern-varhoz\\\/\"},\"author\":{\"name\":\"Tibor atya\",\"@id\":\"https:\\\/\\\/stuttgarti-katolikusok.de\\\/#\\\/schema\\\/person\\\/75908d6f8fdc03a57889d27209df7795\"},\"headline\":\"T\u00f3th M\u00e1rta: Gyalogos zar\u00e1ndoklat a Hohenzollern v\u00e1rhoz\",\"datePublished\":\"2017-10-20T05:42:26+00:00\",\"dateModified\":\"2017-10-21T06:43:31+00:00\",\"mainEntityOfPage\":{\"@id\":\"https:\\\/\\\/stuttgarti-katolikusok.de\\\/index.php\\\/gyalogos-zarandoklat-a-hohenzollern-varhoz\\\/\"},\"wordCount\":814,\"image\":{\"@id\":\"https:\\\/\\\/stuttgarti-katolikusok.de\\\/index.php\\\/gyalogos-zarandoklat-a-hohenzollern-varhoz\\\/#primaryimage\"},\"thumbnailUrl\":\"https:\\\/\\\/stuttgarti-katolikusok.de\\\/wp-content\\\/uploads\\\/2017\\\/10\\\/gyalogzari.jpg\",\"articleSection\":[\"Olvas\u00f3ink \u00edrj\u00e1k\"],\"inLanguage\":\"hu\"},{\"@type\":\"WebPage\",\"@id\":\"https:\\\/\\\/stuttgarti-katolikusok.de\\\/index.php\\\/gyalogos-zarandoklat-a-hohenzollern-varhoz\\\/\",\"url\":\"https:\\\/\\\/stuttgarti-katolikusok.de\\\/index.php\\\/gyalogos-zarandoklat-a-hohenzollern-varhoz\\\/\",\"name\":\"T\u00f3th M\u00e1rta: Gyalogos zar\u00e1ndoklat a Hohenzollern v\u00e1rhoz - Stuttgarti Katolikusok\",\"isPartOf\":{\"@id\":\"https:\\\/\\\/stuttgarti-katolikusok.de\\\/#website\"},\"primaryImageOfPage\":{\"@id\":\"https:\\\/\\\/stuttgarti-katolikusok.de\\\/index.php\\\/gyalogos-zarandoklat-a-hohenzollern-varhoz\\\/#primaryimage\"},\"image\":{\"@id\":\"https:\\\/\\\/stuttgarti-katolikusok.de\\\/index.php\\\/gyalogos-zarandoklat-a-hohenzollern-varhoz\\\/#primaryimage\"},\"thumbnailUrl\":\"https:\\\/\\\/stuttgarti-katolikusok.de\\\/wp-content\\\/uploads\\\/2017\\\/10\\\/gyalogzari.jpg\",\"datePublished\":\"2017-10-20T05:42:26+00:00\",\"dateModified\":\"2017-10-21T06:43:31+00:00\",\"author\":{\"@id\":\"https:\\\/\\\/stuttgarti-katolikusok.de\\\/#\\\/schema\\\/person\\\/75908d6f8fdc03a57889d27209df7795\"},\"breadcrumb\":{\"@id\":\"https:\\\/\\\/stuttgarti-katolikusok.de\\\/index.php\\\/gyalogos-zarandoklat-a-hohenzollern-varhoz\\\/#breadcrumb\"},\"inLanguage\":\"hu\",\"potentialAction\":[{\"@type\":\"ReadAction\",\"target\":[\"https:\\\/\\\/stuttgarti-katolikusok.de\\\/index.php\\\/gyalogos-zarandoklat-a-hohenzollern-varhoz\\\/\"]}]},{\"@type\":\"ImageObject\",\"inLanguage\":\"hu\",\"@id\":\"https:\\\/\\\/stuttgarti-katolikusok.de\\\/index.php\\\/gyalogos-zarandoklat-a-hohenzollern-varhoz\\\/#primaryimage\",\"url\":\"https:\\\/\\\/stuttgarti-katolikusok.de\\\/wp-content\\\/uploads\\\/2017\\\/10\\\/gyalogzari.jpg\",\"contentUrl\":\"https:\\\/\\\/stuttgarti-katolikusok.de\\\/wp-content\\\/uploads\\\/2017\\\/10\\\/gyalogzari.jpg\",\"width\":800,\"height\":533},{\"@type\":\"BreadcrumbList\",\"@id\":\"https:\\\/\\\/stuttgarti-katolikusok.de\\\/index.php\\\/gyalogos-zarandoklat-a-hohenzollern-varhoz\\\/#breadcrumb\",\"itemListElement\":[{\"@type\":\"ListItem\",\"position\":1,\"name\":\"Kezd\u0151lap\",\"item\":\"https:\\\/\\\/stuttgarti-katolikusok.de\\\/\"},{\"@type\":\"ListItem\",\"position\":2,\"name\":\"T\u00f3th M\u00e1rta: Gyalogos zar\u00e1ndoklat a Hohenzollern v\u00e1rhoz\"}]},{\"@type\":\"WebSite\",\"@id\":\"https:\\\/\\\/stuttgarti-katolikusok.de\\\/#website\",\"url\":\"https:\\\/\\\/stuttgarti-katolikusok.de\\\/\",\"name\":\"Stuttgarti Katolikusok\",\"description\":\"\",\"potentialAction\":[{\"@type\":\"SearchAction\",\"target\":{\"@type\":\"EntryPoint\",\"urlTemplate\":\"https:\\\/\\\/stuttgarti-katolikusok.de\\\/?s={search_term_string}\"},\"query-input\":{\"@type\":\"PropertyValueSpecification\",\"valueRequired\":true,\"valueName\":\"search_term_string\"}}],\"inLanguage\":\"hu\"},{\"@type\":\"Person\",\"@id\":\"https:\\\/\\\/stuttgarti-katolikusok.de\\\/#\\\/schema\\\/person\\\/75908d6f8fdc03a57889d27209df7795\",\"name\":\"Tibor atya\",\"image\":{\"@type\":\"ImageObject\",\"inLanguage\":\"hu\",\"@id\":\"https:\\\/\\\/secure.gravatar.com\\\/avatar\\\/61d268e57d1f4525b111222e29d2d5a7f8c420fdbf231ba5566a8ceac74fa960?s=96&d=mm&r=g\",\"url\":\"https:\\\/\\\/secure.gravatar.com\\\/avatar\\\/61d268e57d1f4525b111222e29d2d5a7f8c420fdbf231ba5566a8ceac74fa960?s=96&d=mm&r=g\",\"contentUrl\":\"https:\\\/\\\/secure.gravatar.com\\\/avatar\\\/61d268e57d1f4525b111222e29d2d5a7f8c420fdbf231ba5566a8ceac74fa960?s=96&d=mm&r=g\",\"caption\":\"Tibor atya\"},\"url\":\"https:\\\/\\\/stuttgarti-katolikusok.de\\\/index.php\\\/author\\\/tibor-atya\\\/\"}]}<\/script>\n<!-- \/ Yoast SEO plugin. -->","yoast_head_json":{"title":"T\u00f3th M\u00e1rta: Gyalogos zar\u00e1ndoklat a Hohenzollern v\u00e1rhoz - Stuttgarti Katolikusok","robots":{"index":"index","follow":"follow","max-snippet":"max-snippet:-1","max-image-preview":"max-image-preview:large","max-video-preview":"max-video-preview:-1"},"canonical":"https:\/\/stuttgarti-katolikusok.de\/index.php\/gyalogos-zarandoklat-a-hohenzollern-varhoz\/","og_locale":"hu_HU","og_type":"article","og_title":"T\u00f3th M\u00e1rta: Gyalogos zar\u00e1ndoklat a Hohenzollern v\u00e1rhoz - Stuttgarti Katolikusok","og_description":"Tal\u00e1lkoz\u00f3 d\u00e9lel\u0151tt 10 \u00f3rakor Brielhof vend\u00e9gl\u0151 parkol\u00f3j\u00e1n\u00e1l. Mosolyogva, egym\u00e1st meg\u00f6lelve k\u00f6sz\u00f6ntj\u00fck egym\u00e1st. Mindannyian nagy lelkesed\u00e9ssel \u00e9rkezt\u00fcnk. 21-en vagyunk. A fenti parkol\u00f3ban hagyhattuk aut\u00f3inkat, \u00edgy a t\u00far\u00e1z\u00e1s nagyban ler\u00f6vid\u00fclt, de a legink\u00e1bb meger\u0151ltet\u0151 r\u00e9sze megmaradt. Csod\u00e1latosan sz\u00e9p naps\u00fct\u00e9sben szeml\u00e9lhett\u00fck meg a\u00a0 fest\u0151i sz\u00e9ps\u00e9g\u0171 t\u00e1jat. Ezernyi sz\u00edn\u00e9vel k\u00e1pr\u00e1ztatott el benn\u00fcnket az \u0151sz. Az els\u0151 pihen\u0151n\u00e9l Imre atya k\u00f6sz\u00f6nt\u00f6tte zar\u00e1ndok testv\u00e9reit. R\u00f6viden \u00f6sszefoglalta a napirendi pontokat. Zar\u00e1ndoklatunk napja egybe esett a lengyel egyh\u00e1z \u00e1ltal t\u00e1mogatott &#8222;R\u00f3zsaf\u00fcz\u00e9r eg\u00e9szen a hat\u00e1rokig&#8221; nev\u0171 civil\u00a0 kezdem\u00e9nyez\u00e9ssel. Teszik ezt a lengyelek haz\u00e1juk\u00e9rt \u00e9s a vil\u00e1g b\u00e9k\u00e9j\u00e9\u00e9rt. Mi is bekapcsol\u00f3dunk. Fel\u00e9rve a v\u00e1rhoz f\u00e9lreh\u00faz\u00f3dunk egy csendes naps\u00fct\u00f6tte, hajat lobogtat\u00f3 szegletbe \u00e9s k\u00e9pzeletben sz\u00fcl\u0151falunkt\u00f3l-v\u00e1rosunkt\u00f3l a legk\u00f6zelebbi hat\u00e1r\u00e1tkel\u0151ig megy\u00fcnk. Ki Erd\u00e9lyb\u0151l, ki a Vajdas\u00e1gb\u00f3l, ki pedig az anyaorsz\u00e1gb\u00f3l indul a Szepl\u0151telen Sz\u0171z dics\u0151\u00edt\u00e9s\u00e9re. A Fatimai Szent Sz\u0171z pontosan 100 \u00e9ve jelent meg hat alkalommal h\u00e1rom portug\u00e1l\u00a0 p\u00e1sztorgyermeknek. Rajtuk kereszt\u00fcl \u00fczent a vil\u00e1gnak, hogy a r\u00f3zsaf\u00fcz\u00e9rt im\u00e1dkozva k\u00e9rj\u00e9k az \u0151 seg\u00edts\u00e9g\u00e9t. Vezekl\u00e9sre, im\u00e1ds\u00e1gra buzd\u00edtja a h\u00edveket a b\u0171n\u00f6s\u00f6k megt\u00e9r\u00e9s\u00e9\u00e9rt, az \u00dar irgalm\u00e1t k\u00e9rve ezzel a vil\u00e1gra. Az olvas\u00f3 befejezt\u00e9vel n\u00e9met nyelv\u0171 vezet\u00e9sen vett\u00fcnk r\u00e9szt a Hohenzollern hegy tetej\u00e9n \u00e1ll\u00f3 neog\u00f3tikus st\u00edlusban \u00e9p\u00edtett v\u00e1rban. A k\u00f6z\u00e9pkorb\u00f3l csup\u00e1n a k\u00e1polna maradt meg, a jelenleg l\u00e1that\u00f3 v\u00e1rat IV.\u00a0 Frigyes Vilmos porosz kir\u00e1ly \u00e9p\u00edttette \u00fajj\u00e1 1846-t\u00f3l. Az \u00e9p\u00fcletbe l\u00e9pve egy a 11. sz\u00e1zadig visszamen\u0151, k\u00fcl\u00f6nb\u00f6z\u0151 sz\u00ednekkel jel\u00f6lt csal\u00e1df\u00e1t l\u00e1thattunk. Az egyes sz\u00ednek a csal\u00e1d katolikus\u00a0 sv\u00e1b, \u00e9s a protest\u00e1ns frankf\u00f6ldi \u00e1g\u00e1t jelzik. A nagyteremb\u0151l a r\u00e9gi k\u00f6nyvt\u00e1rba l\u00e9pt\u00fcnk, ahol a Hohenzollern csal\u00e1d t\u00f6rt\u00e9net\u00e9r\u0151l is l\u00e1thattunk festm\u00e9nyeket, ezt k\u00f6vette a dolgoz\u00f3szoba, melynek \u00edr\u00f3asztal\u00e1n m\u00e1r f\u00e9nyk\u00e9pek vannak a ma is \u00e9l\u0151 lesz\u00e1rmazottakr\u00f3l. A h\u00e1l\u00f3szob\u00e1ban csup\u00e1n 5 h\u00f3napig lakott Vilmos, a porosz koronaherceg. Nagyon s\u00falyos t\u00fcd\u0151gyullad\u00e1ssal t\u00e1vozott a kast\u00e9lyb\u00f3l.\u00a0 Az \u00e9p\u00fclet nem felf\u0171thet\u0151, ugyanis az eg\u00e9sz kast\u00e9lyban csup\u00e1n egy kandall\u00f3 van. A k\u00e9k szalonban csal\u00e1dtagok festm\u00e9nyeit l\u00e1thattuk. A fal fest\u00e9se tap\u00e9t\u00e1ra eml\u00e9keztetett. A mennyezet k\u00fcl\u00f6nleges ig\u00e9nyess\u00e9ggel k\u00e9sz\u00fclt. Az udvarr\u00f3l... R\u00e9szletek","og_url":"https:\/\/stuttgarti-katolikusok.de\/index.php\/gyalogos-zarandoklat-a-hohenzollern-varhoz\/","og_site_name":"Stuttgarti Katolikusok","article_published_time":"2017-10-20T05:42:26+00:00","article_modified_time":"2017-10-21T06:43:31+00:00","og_image":[{"width":800,"height":533,"url":"https:\/\/stuttgarti-katolikusok.de\/wp-content\/uploads\/2017\/10\/gyalogzari.jpg","type":"image\/jpeg"}],"author":"Tibor atya","twitter_card":"summary_large_image","twitter_misc":{"Szerz\u0151:":"Tibor atya","Becs\u00fclt olvas\u00e1si id\u0151":"4 perc"},"schema":{"@context":"https:\/\/schema.org","@graph":[{"@type":"Article","@id":"https:\/\/stuttgarti-katolikusok.de\/index.php\/gyalogos-zarandoklat-a-hohenzollern-varhoz\/#article","isPartOf":{"@id":"https:\/\/stuttgarti-katolikusok.de\/index.php\/gyalogos-zarandoklat-a-hohenzollern-varhoz\/"},"author":{"name":"Tibor atya","@id":"https:\/\/stuttgarti-katolikusok.de\/#\/schema\/person\/75908d6f8fdc03a57889d27209df7795"},"headline":"T\u00f3th M\u00e1rta: Gyalogos zar\u00e1ndoklat a Hohenzollern v\u00e1rhoz","datePublished":"2017-10-20T05:42:26+00:00","dateModified":"2017-10-21T06:43:31+00:00","mainEntityOfPage":{"@id":"https:\/\/stuttgarti-katolikusok.de\/index.php\/gyalogos-zarandoklat-a-hohenzollern-varhoz\/"},"wordCount":814,"image":{"@id":"https:\/\/stuttgarti-katolikusok.de\/index.php\/gyalogos-zarandoklat-a-hohenzollern-varhoz\/#primaryimage"},"thumbnailUrl":"https:\/\/stuttgarti-katolikusok.de\/wp-content\/uploads\/2017\/10\/gyalogzari.jpg","articleSection":["Olvas\u00f3ink \u00edrj\u00e1k"],"inLanguage":"hu"},{"@type":"WebPage","@id":"https:\/\/stuttgarti-katolikusok.de\/index.php\/gyalogos-zarandoklat-a-hohenzollern-varhoz\/","url":"https:\/\/stuttgarti-katolikusok.de\/index.php\/gyalogos-zarandoklat-a-hohenzollern-varhoz\/","name":"T\u00f3th M\u00e1rta: Gyalogos zar\u00e1ndoklat a Hohenzollern v\u00e1rhoz - Stuttgarti Katolikusok","isPartOf":{"@id":"https:\/\/stuttgarti-katolikusok.de\/#website"},"primaryImageOfPage":{"@id":"https:\/\/stuttgarti-katolikusok.de\/index.php\/gyalogos-zarandoklat-a-hohenzollern-varhoz\/#primaryimage"},"image":{"@id":"https:\/\/stuttgarti-katolikusok.de\/index.php\/gyalogos-zarandoklat-a-hohenzollern-varhoz\/#primaryimage"},"thumbnailUrl":"https:\/\/stuttgarti-katolikusok.de\/wp-content\/uploads\/2017\/10\/gyalogzari.jpg","datePublished":"2017-10-20T05:42:26+00:00","dateModified":"2017-10-21T06:43:31+00:00","author":{"@id":"https:\/\/stuttgarti-katolikusok.de\/#\/schema\/person\/75908d6f8fdc03a57889d27209df7795"},"breadcrumb":{"@id":"https:\/\/stuttgarti-katolikusok.de\/index.php\/gyalogos-zarandoklat-a-hohenzollern-varhoz\/#breadcrumb"},"inLanguage":"hu","potentialAction":[{"@type":"ReadAction","target":["https:\/\/stuttgarti-katolikusok.de\/index.php\/gyalogos-zarandoklat-a-hohenzollern-varhoz\/"]}]},{"@type":"ImageObject","inLanguage":"hu","@id":"https:\/\/stuttgarti-katolikusok.de\/index.php\/gyalogos-zarandoklat-a-hohenzollern-varhoz\/#primaryimage","url":"https:\/\/stuttgarti-katolikusok.de\/wp-content\/uploads\/2017\/10\/gyalogzari.jpg","contentUrl":"https:\/\/stuttgarti-katolikusok.de\/wp-content\/uploads\/2017\/10\/gyalogzari.jpg","width":800,"height":533},{"@type":"BreadcrumbList","@id":"https:\/\/stuttgarti-katolikusok.de\/index.php\/gyalogos-zarandoklat-a-hohenzollern-varhoz\/#breadcrumb","itemListElement":[{"@type":"ListItem","position":1,"name":"Kezd\u0151lap","item":"https:\/\/stuttgarti-katolikusok.de\/"},{"@type":"ListItem","position":2,"name":"T\u00f3th M\u00e1rta: Gyalogos zar\u00e1ndoklat a Hohenzollern v\u00e1rhoz"}]},{"@type":"WebSite","@id":"https:\/\/stuttgarti-katolikusok.de\/#website","url":"https:\/\/stuttgarti-katolikusok.de\/","name":"Stuttgarti Katolikusok","description":"","potentialAction":[{"@type":"SearchAction","target":{"@type":"EntryPoint","urlTemplate":"https:\/\/stuttgarti-katolikusok.de\/?s={search_term_string}"},"query-input":{"@type":"PropertyValueSpecification","valueRequired":true,"valueName":"search_term_string"}}],"inLanguage":"hu"},{"@type":"Person","@id":"https:\/\/stuttgarti-katolikusok.de\/#\/schema\/person\/75908d6f8fdc03a57889d27209df7795","name":"Tibor atya","image":{"@type":"ImageObject","inLanguage":"hu","@id":"https:\/\/secure.gravatar.com\/avatar\/61d268e57d1f4525b111222e29d2d5a7f8c420fdbf231ba5566a8ceac74fa960?s=96&d=mm&r=g","url":"https:\/\/secure.gravatar.com\/avatar\/61d268e57d1f4525b111222e29d2d5a7f8c420fdbf231ba5566a8ceac74fa960?s=96&d=mm&r=g","contentUrl":"https:\/\/secure.gravatar.com\/avatar\/61d268e57d1f4525b111222e29d2d5a7f8c420fdbf231ba5566a8ceac74fa960?s=96&d=mm&r=g","caption":"Tibor atya"},"url":"https:\/\/stuttgarti-katolikusok.de\/index.php\/author\/tibor-atya\/"}]}},"_links":{"self":[{"href":"https:\/\/stuttgarti-katolikusok.de\/index.php\/wp-json\/wp\/v2\/posts\/12800","targetHints":{"allow":["GET"]}}],"collection":[{"href":"https:\/\/stuttgarti-katolikusok.de\/index.php\/wp-json\/wp\/v2\/posts"}],"about":[{"href":"https:\/\/stuttgarti-katolikusok.de\/index.php\/wp-json\/wp\/v2\/types\/post"}],"author":[{"embeddable":true,"href":"https:\/\/stuttgarti-katolikusok.de\/index.php\/wp-json\/wp\/v2\/users\/3"}],"replies":[{"embeddable":true,"href":"https:\/\/stuttgarti-katolikusok.de\/index.php\/wp-json\/wp\/v2\/comments?post=12800"}],"version-history":[{"count":3,"href":"https:\/\/stuttgarti-katolikusok.de\/index.php\/wp-json\/wp\/v2\/posts\/12800\/revisions"}],"predecessor-version":[{"id":12808,"href":"https:\/\/stuttgarti-katolikusok.de\/index.php\/wp-json\/wp\/v2\/posts\/12800\/revisions\/12808"}],"wp:featuredmedia":[{"embeddable":true,"href":"https:\/\/stuttgarti-katolikusok.de\/index.php\/wp-json\/wp\/v2\/media\/12801"}],"wp:attachment":[{"href":"https:\/\/stuttgarti-katolikusok.de\/index.php\/wp-json\/wp\/v2\/media?parent=12800"}],"wp:term":[{"taxonomy":"category","embeddable":true,"href":"https:\/\/stuttgarti-katolikusok.de\/index.php\/wp-json\/wp\/v2\/categories?post=12800"},{"taxonomy":"post_tag","embeddable":true,"href":"https:\/\/stuttgarti-katolikusok.de\/index.php\/wp-json\/wp\/v2\/tags?post=12800"}],"curies":[{"name":"wp","href":"https:\/\/api.w.org\/{rel}","templated":true}]}}