{"id":12692,"date":"2017-10-07T09:56:33","date_gmt":"2017-10-07T09:56:33","guid":{"rendered":"https:\/\/gracious-dewdney.138-201-221-2.plesk.page\/?p=12692"},"modified":"2017-10-07T09:59:37","modified_gmt":"2017-10-07T09:59:37","slug":"magyarok-nagyasszonya-bucsu-ulmban-2","status":"publish","type":"post","link":"https:\/\/stuttgarti-katolikusok.de\/index.php\/magyarok-nagyasszonya-bucsu-ulmban-2\/","title":{"rendered":"Magyarok Nagyasszonya b\u00facs\u00fa Ulmban"},"content":{"rendered":"<div id=\"js_23\" class=\"_5pbx userContent _3576\" data-ft=\"{&quot;tn&quot;:&quot;K&quot;}\">\n<div id=\"id_59d89ef2e016a1853455771\" class=\"text_exposed_root text_exposed\">\n<p>Kedves H\u00edveim, b\u00facs\u00fas Zar\u00e1ndokok!<\/p>\n<p>2017. okt\u00f3ber 8-\u00e1n, vas\u00e1rnap, 15.00 \u00f3rakor, Magyarok Nagyasszonya egyh\u00e1zk\u00f6zs\u00e9gi b\u00facs\u00fat tartunk Ulmban. K\u00edv\u00e1l\u00f3 alkalom, hogy ne csup\u00e1n a k\u00f6z\u00f6ss\u00e9g tagjai, hanem a t\u00f6bbi k\u00f6z\u00f6ss\u00e9g tagjai is tal\u00e1lkozzanak.<br \/>\nK\u00edn\u00e1lkoz\u00f3 lehet\u0151s\u00e9g, hogy Szent Istv\u00e1n kir\u00e1lyunk p\u00e9ld\u00e1ja szerint \u00f6nmagunkat \u00e9s szeretteinket Nagyasszonyunk szeret\u0151 \u00e9s gondoskod\u00f3 oltalm\u00e1ba aj\u00e1nljuk.<br \/>\nTerm\u00e9szetesen, mint minden b\u00facs\u00fa alkalm\u00e1val, most itt is a b\u00facs\u00fa elnyerhet\u0151 kegyelmi kincseit k\u00fcl\u00f6nb\u00f6z\u0151, sz\u00e1munkra fontos c\u00e9lokr<span class=\"text_exposed_show\">a aj\u00e1nlhatjuk fel. Szentmise el\u0151tt lehet\u0151s\u00e9g lesz a szentgy\u00f3n\u00e1s elv\u00e9gz\u00e9s\u00e9re, r\u00f3zsaf\u00fcz\u00e9rt im\u00e1dkozunk, a k\u00f6z\u00f6s \u00fcnnepi \u00e9s h\u00e1laad\u00f3 szentmis\u00e9t pedig \u00e1g\u00e1p\u00e9 k\u00f6veti.<br \/>\nH\u00edvunk \u00e9s v\u00e1runk, hogy ezt a d\u00e9lut\u00e1nt k\u00f6z\u00f6sen t\u00f6lthess\u00fck el!<\/span><\/p>\n<div class=\"text_exposed_show\">\n<p>Szeretettel \u00e9s bar\u00e1ts\u00e1ggal,<br \/>\nTibor atya<\/p>\n<p>Ulm, 2017. okt\u00f3ber 6.<\/p>\n<\/div>\n<\/div>\n<\/div>\n<div class=\"_3x-2\"><\/div>\n","protected":false},"excerpt":{"rendered":"<p>Kedves H\u00edveim, b\u00facs\u00fas Zar\u00e1ndokok! 2017. okt\u00f3ber 8-\u00e1n, vas\u00e1rnap, 15.00 \u00f3rakor, Magyarok Nagyasszonya egyh\u00e1zk\u00f6zs\u00e9gi b\u00facs\u00fat tartunk Ulmban. K\u00edv\u00e1l\u00f3 alkalom, hogy ne csup\u00e1n a k\u00f6z\u00f6ss\u00e9g tagjai, hanem a t\u00f6bbi k\u00f6z\u00f6ss\u00e9g tagjai is tal\u00e1lkozzanak. K\u00edn\u00e1lkoz\u00f3 lehet\u0151s\u00e9g, hogy Szent Istv\u00e1n kir\u00e1lyunk p\u00e9ld\u00e1ja szerint \u00f6nmagunkat \u00e9s szeretteinket Nagyasszonyunk szeret\u0151 \u00e9s gondoskod\u00f3 oltalm\u00e1ba aj\u00e1nljuk. Term\u00e9szetesen, mint minden b\u00facs\u00fa alkalm\u00e1val, most itt is a b\u00facs\u00fa elnyerhet\u0151 kegyelmi kincseit k\u00fcl\u00f6nb\u00f6z\u0151, sz\u00e1munkra fontos c\u00e9lokra aj\u00e1nlhatjuk fel. Szentmise el\u0151tt lehet\u0151s\u00e9g lesz a szentgy\u00f3n\u00e1s elv\u00e9gz\u00e9s\u00e9re, r\u00f3zsaf\u00fcz\u00e9rt im\u00e1dkozunk, a k\u00f6z\u00f6s \u00fcnnepi \u00e9s h\u00e1laad\u00f3 szentmis\u00e9t pedig \u00e1g\u00e1p\u00e9 k\u00f6veti. H\u00edvunk \u00e9s v\u00e1runk, hogy ezt a d\u00e9lut\u00e1nt k\u00f6z\u00f6sen t\u00f6lthess\u00fck el! Szeretettel \u00e9s bar\u00e1ts\u00e1ggal, Tibor atya Ulm, 2017. okt\u00f3ber 6.<\/p>\n","protected":false},"author":3,"featured_media":12693,"comment_status":"closed","ping_status":"closed","sticky":false,"template":"","format":"standard","meta":{"footnotes":""},"categories":[37],"tags":[],"class_list":["post-12692","post","type-post","status-publish","format-standard","has-post-thumbnail","hentry","category-progamelozetes"],"yoast_head":"<!-- This site is optimized with the Yoast SEO plugin v27.3 - https:\/\/yoast.com\/product\/yoast-seo-wordpress\/ -->\n<title>Magyarok Nagyasszonya b\u00facs\u00fa Ulmban - Stuttgarti Katolikusok<\/title>\n<meta name=\"robots\" content=\"index, follow, max-snippet:-1, max-image-preview:large, max-video-preview:-1\" \/>\n<link rel=\"canonical\" href=\"https:\/\/stuttgarti-katolikusok.de\/index.php\/magyarok-nagyasszonya-bucsu-ulmban-2\/\" \/>\n<meta property=\"og:locale\" content=\"hu_HU\" \/>\n<meta property=\"og:type\" content=\"article\" \/>\n<meta property=\"og:title\" content=\"Magyarok Nagyasszonya b\u00facs\u00fa Ulmban - Stuttgarti Katolikusok\" \/>\n<meta property=\"og:description\" content=\"Kedves H\u00edveim, b\u00facs\u00fas Zar\u00e1ndokok! 2017. okt\u00f3ber 8-\u00e1n, vas\u00e1rnap, 15.00 \u00f3rakor, Magyarok Nagyasszonya egyh\u00e1zk\u00f6zs\u00e9gi b\u00facs\u00fat tartunk Ulmban. K\u00edv\u00e1l\u00f3 alkalom, hogy ne csup\u00e1n a k\u00f6z\u00f6ss\u00e9g tagjai, hanem a t\u00f6bbi k\u00f6z\u00f6ss\u00e9g tagjai is tal\u00e1lkozzanak. K\u00edn\u00e1lkoz\u00f3 lehet\u0151s\u00e9g, hogy Szent Istv\u00e1n kir\u00e1lyunk p\u00e9ld\u00e1ja szerint \u00f6nmagunkat \u00e9s szeretteinket Nagyasszonyunk szeret\u0151 \u00e9s gondoskod\u00f3 oltalm\u00e1ba aj\u00e1nljuk. Term\u00e9szetesen, mint minden b\u00facs\u00fa alkalm\u00e1val, most itt is a b\u00facs\u00fa elnyerhet\u0151 kegyelmi kincseit k\u00fcl\u00f6nb\u00f6z\u0151, sz\u00e1munkra fontos c\u00e9lokra aj\u00e1nlhatjuk fel. Szentmise el\u0151tt lehet\u0151s\u00e9g lesz a szentgy\u00f3n\u00e1s elv\u00e9gz\u00e9s\u00e9re, r\u00f3zsaf\u00fcz\u00e9rt im\u00e1dkozunk, a k\u00f6z\u00f6s \u00fcnnepi \u00e9s h\u00e1laad\u00f3 szentmis\u00e9t pedig \u00e1g\u00e1p\u00e9 k\u00f6veti. H\u00edvunk \u00e9s v\u00e1runk, hogy ezt a d\u00e9lut\u00e1nt k\u00f6z\u00f6sen t\u00f6lthess\u00fck el! Szeretettel \u00e9s bar\u00e1ts\u00e1ggal, Tibor atya Ulm, 2017. okt\u00f3ber 6.\" \/>\n<meta property=\"og:url\" content=\"https:\/\/stuttgarti-katolikusok.de\/index.php\/magyarok-nagyasszonya-bucsu-ulmban-2\/\" \/>\n<meta property=\"og:site_name\" content=\"Stuttgarti Katolikusok\" \/>\n<meta property=\"article:published_time\" content=\"2017-10-07T09:56:33+00:00\" \/>\n<meta property=\"article:modified_time\" content=\"2017-10-07T09:59:37+00:00\" \/>\n<meta property=\"og:image\" content=\"https:\/\/stuttgarti-katolikusok.de\/wp-content\/uploads\/2017\/10\/ulmi-bucsu.jpg\" \/>\n\t<meta property=\"og:image:width\" content=\"1024\" \/>\n\t<meta property=\"og:image:height\" content=\"768\" \/>\n\t<meta property=\"og:image:type\" content=\"image\/jpeg\" \/>\n<meta name=\"author\" content=\"Tibor atya\" \/>\n<meta name=\"twitter:card\" content=\"summary_large_image\" \/>\n<meta name=\"twitter:label1\" content=\"Szerz\u0151:\" \/>\n\t<meta name=\"twitter:data1\" content=\"Tibor atya\" \/>\n\t<meta name=\"twitter:label2\" content=\"Becs\u00fclt olvas\u00e1si id\u0151\" \/>\n\t<meta name=\"twitter:data2\" content=\"1 perc\" \/>\n<script type=\"application\/ld+json\" class=\"yoast-schema-graph\">{\"@context\":\"https:\\\/\\\/schema.org\",\"@graph\":[{\"@type\":\"Article\",\"@id\":\"https:\\\/\\\/stuttgarti-katolikusok.de\\\/index.php\\\/magyarok-nagyasszonya-bucsu-ulmban-2\\\/#article\",\"isPartOf\":{\"@id\":\"https:\\\/\\\/stuttgarti-katolikusok.de\\\/index.php\\\/magyarok-nagyasszonya-bucsu-ulmban-2\\\/\"},\"author\":{\"name\":\"Tibor atya\",\"@id\":\"https:\\\/\\\/stuttgarti-katolikusok.de\\\/#\\\/schema\\\/person\\\/75908d6f8fdc03a57889d27209df7795\"},\"headline\":\"Magyarok Nagyasszonya b\u00facs\u00fa Ulmban\",\"datePublished\":\"2017-10-07T09:56:33+00:00\",\"dateModified\":\"2017-10-07T09:59:37+00:00\",\"mainEntityOfPage\":{\"@id\":\"https:\\\/\\\/stuttgarti-katolikusok.de\\\/index.php\\\/magyarok-nagyasszonya-bucsu-ulmban-2\\\/\"},\"wordCount\":177,\"image\":{\"@id\":\"https:\\\/\\\/stuttgarti-katolikusok.de\\\/index.php\\\/magyarok-nagyasszonya-bucsu-ulmban-2\\\/#primaryimage\"},\"thumbnailUrl\":\"https:\\\/\\\/stuttgarti-katolikusok.de\\\/wp-content\\\/uploads\\\/2017\\\/10\\\/ulmi-bucsu.jpg\",\"articleSection\":[\"Progamel\u0151zetes\"],\"inLanguage\":\"hu\"},{\"@type\":\"WebPage\",\"@id\":\"https:\\\/\\\/stuttgarti-katolikusok.de\\\/index.php\\\/magyarok-nagyasszonya-bucsu-ulmban-2\\\/\",\"url\":\"https:\\\/\\\/stuttgarti-katolikusok.de\\\/index.php\\\/magyarok-nagyasszonya-bucsu-ulmban-2\\\/\",\"name\":\"Magyarok Nagyasszonya b\u00facs\u00fa Ulmban - Stuttgarti Katolikusok\",\"isPartOf\":{\"@id\":\"https:\\\/\\\/stuttgarti-katolikusok.de\\\/#website\"},\"primaryImageOfPage\":{\"@id\":\"https:\\\/\\\/stuttgarti-katolikusok.de\\\/index.php\\\/magyarok-nagyasszonya-bucsu-ulmban-2\\\/#primaryimage\"},\"image\":{\"@id\":\"https:\\\/\\\/stuttgarti-katolikusok.de\\\/index.php\\\/magyarok-nagyasszonya-bucsu-ulmban-2\\\/#primaryimage\"},\"thumbnailUrl\":\"https:\\\/\\\/stuttgarti-katolikusok.de\\\/wp-content\\\/uploads\\\/2017\\\/10\\\/ulmi-bucsu.jpg\",\"datePublished\":\"2017-10-07T09:56:33+00:00\",\"dateModified\":\"2017-10-07T09:59:37+00:00\",\"author\":{\"@id\":\"https:\\\/\\\/stuttgarti-katolikusok.de\\\/#\\\/schema\\\/person\\\/75908d6f8fdc03a57889d27209df7795\"},\"breadcrumb\":{\"@id\":\"https:\\\/\\\/stuttgarti-katolikusok.de\\\/index.php\\\/magyarok-nagyasszonya-bucsu-ulmban-2\\\/#breadcrumb\"},\"inLanguage\":\"hu\",\"potentialAction\":[{\"@type\":\"ReadAction\",\"target\":[\"https:\\\/\\\/stuttgarti-katolikusok.de\\\/index.php\\\/magyarok-nagyasszonya-bucsu-ulmban-2\\\/\"]}]},{\"@type\":\"ImageObject\",\"inLanguage\":\"hu\",\"@id\":\"https:\\\/\\\/stuttgarti-katolikusok.de\\\/index.php\\\/magyarok-nagyasszonya-bucsu-ulmban-2\\\/#primaryimage\",\"url\":\"https:\\\/\\\/stuttgarti-katolikusok.de\\\/wp-content\\\/uploads\\\/2017\\\/10\\\/ulmi-bucsu.jpg\",\"contentUrl\":\"https:\\\/\\\/stuttgarti-katolikusok.de\\\/wp-content\\\/uploads\\\/2017\\\/10\\\/ulmi-bucsu.jpg\",\"width\":1024,\"height\":768},{\"@type\":\"BreadcrumbList\",\"@id\":\"https:\\\/\\\/stuttgarti-katolikusok.de\\\/index.php\\\/magyarok-nagyasszonya-bucsu-ulmban-2\\\/#breadcrumb\",\"itemListElement\":[{\"@type\":\"ListItem\",\"position\":1,\"name\":\"Kezd\u0151lap\",\"item\":\"https:\\\/\\\/stuttgarti-katolikusok.de\\\/\"},{\"@type\":\"ListItem\",\"position\":2,\"name\":\"Magyarok Nagyasszonya b\u00facs\u00fa Ulmban\"}]},{\"@type\":\"WebSite\",\"@id\":\"https:\\\/\\\/stuttgarti-katolikusok.de\\\/#website\",\"url\":\"https:\\\/\\\/stuttgarti-katolikusok.de\\\/\",\"name\":\"Stuttgarti Katolikusok\",\"description\":\"\",\"potentialAction\":[{\"@type\":\"SearchAction\",\"target\":{\"@type\":\"EntryPoint\",\"urlTemplate\":\"https:\\\/\\\/stuttgarti-katolikusok.de\\\/?s={search_term_string}\"},\"query-input\":{\"@type\":\"PropertyValueSpecification\",\"valueRequired\":true,\"valueName\":\"search_term_string\"}}],\"inLanguage\":\"hu\"},{\"@type\":\"Person\",\"@id\":\"https:\\\/\\\/stuttgarti-katolikusok.de\\\/#\\\/schema\\\/person\\\/75908d6f8fdc03a57889d27209df7795\",\"name\":\"Tibor atya\",\"image\":{\"@type\":\"ImageObject\",\"inLanguage\":\"hu\",\"@id\":\"https:\\\/\\\/secure.gravatar.com\\\/avatar\\\/61d268e57d1f4525b111222e29d2d5a7f8c420fdbf231ba5566a8ceac74fa960?s=96&d=mm&r=g\",\"url\":\"https:\\\/\\\/secure.gravatar.com\\\/avatar\\\/61d268e57d1f4525b111222e29d2d5a7f8c420fdbf231ba5566a8ceac74fa960?s=96&d=mm&r=g\",\"contentUrl\":\"https:\\\/\\\/secure.gravatar.com\\\/avatar\\\/61d268e57d1f4525b111222e29d2d5a7f8c420fdbf231ba5566a8ceac74fa960?s=96&d=mm&r=g\",\"caption\":\"Tibor atya\"},\"url\":\"https:\\\/\\\/stuttgarti-katolikusok.de\\\/index.php\\\/author\\\/tibor-atya\\\/\"}]}<\/script>\n<!-- \/ Yoast SEO plugin. -->","yoast_head_json":{"title":"Magyarok Nagyasszonya b\u00facs\u00fa Ulmban - Stuttgarti Katolikusok","robots":{"index":"index","follow":"follow","max-snippet":"max-snippet:-1","max-image-preview":"max-image-preview:large","max-video-preview":"max-video-preview:-1"},"canonical":"https:\/\/stuttgarti-katolikusok.de\/index.php\/magyarok-nagyasszonya-bucsu-ulmban-2\/","og_locale":"hu_HU","og_type":"article","og_title":"Magyarok Nagyasszonya b\u00facs\u00fa Ulmban - Stuttgarti Katolikusok","og_description":"Kedves H\u00edveim, b\u00facs\u00fas Zar\u00e1ndokok! 2017. okt\u00f3ber 8-\u00e1n, vas\u00e1rnap, 15.00 \u00f3rakor, Magyarok Nagyasszonya egyh\u00e1zk\u00f6zs\u00e9gi b\u00facs\u00fat tartunk Ulmban. K\u00edv\u00e1l\u00f3 alkalom, hogy ne csup\u00e1n a k\u00f6z\u00f6ss\u00e9g tagjai, hanem a t\u00f6bbi k\u00f6z\u00f6ss\u00e9g tagjai is tal\u00e1lkozzanak. K\u00edn\u00e1lkoz\u00f3 lehet\u0151s\u00e9g, hogy Szent Istv\u00e1n kir\u00e1lyunk p\u00e9ld\u00e1ja szerint \u00f6nmagunkat \u00e9s szeretteinket Nagyasszonyunk szeret\u0151 \u00e9s gondoskod\u00f3 oltalm\u00e1ba aj\u00e1nljuk. Term\u00e9szetesen, mint minden b\u00facs\u00fa alkalm\u00e1val, most itt is a b\u00facs\u00fa elnyerhet\u0151 kegyelmi kincseit k\u00fcl\u00f6nb\u00f6z\u0151, sz\u00e1munkra fontos c\u00e9lokra aj\u00e1nlhatjuk fel. Szentmise el\u0151tt lehet\u0151s\u00e9g lesz a szentgy\u00f3n\u00e1s elv\u00e9gz\u00e9s\u00e9re, r\u00f3zsaf\u00fcz\u00e9rt im\u00e1dkozunk, a k\u00f6z\u00f6s \u00fcnnepi \u00e9s h\u00e1laad\u00f3 szentmis\u00e9t pedig \u00e1g\u00e1p\u00e9 k\u00f6veti. H\u00edvunk \u00e9s v\u00e1runk, hogy ezt a d\u00e9lut\u00e1nt k\u00f6z\u00f6sen t\u00f6lthess\u00fck el! Szeretettel \u00e9s bar\u00e1ts\u00e1ggal, Tibor atya Ulm, 2017. okt\u00f3ber 6.","og_url":"https:\/\/stuttgarti-katolikusok.de\/index.php\/magyarok-nagyasszonya-bucsu-ulmban-2\/","og_site_name":"Stuttgarti Katolikusok","article_published_time":"2017-10-07T09:56:33+00:00","article_modified_time":"2017-10-07T09:59:37+00:00","og_image":[{"width":1024,"height":768,"url":"https:\/\/stuttgarti-katolikusok.de\/wp-content\/uploads\/2017\/10\/ulmi-bucsu.jpg","type":"image\/jpeg"}],"author":"Tibor atya","twitter_card":"summary_large_image","twitter_misc":{"Szerz\u0151:":"Tibor atya","Becs\u00fclt olvas\u00e1si id\u0151":"1 perc"},"schema":{"@context":"https:\/\/schema.org","@graph":[{"@type":"Article","@id":"https:\/\/stuttgarti-katolikusok.de\/index.php\/magyarok-nagyasszonya-bucsu-ulmban-2\/#article","isPartOf":{"@id":"https:\/\/stuttgarti-katolikusok.de\/index.php\/magyarok-nagyasszonya-bucsu-ulmban-2\/"},"author":{"name":"Tibor atya","@id":"https:\/\/stuttgarti-katolikusok.de\/#\/schema\/person\/75908d6f8fdc03a57889d27209df7795"},"headline":"Magyarok Nagyasszonya b\u00facs\u00fa Ulmban","datePublished":"2017-10-07T09:56:33+00:00","dateModified":"2017-10-07T09:59:37+00:00","mainEntityOfPage":{"@id":"https:\/\/stuttgarti-katolikusok.de\/index.php\/magyarok-nagyasszonya-bucsu-ulmban-2\/"},"wordCount":177,"image":{"@id":"https:\/\/stuttgarti-katolikusok.de\/index.php\/magyarok-nagyasszonya-bucsu-ulmban-2\/#primaryimage"},"thumbnailUrl":"https:\/\/stuttgarti-katolikusok.de\/wp-content\/uploads\/2017\/10\/ulmi-bucsu.jpg","articleSection":["Progamel\u0151zetes"],"inLanguage":"hu"},{"@type":"WebPage","@id":"https:\/\/stuttgarti-katolikusok.de\/index.php\/magyarok-nagyasszonya-bucsu-ulmban-2\/","url":"https:\/\/stuttgarti-katolikusok.de\/index.php\/magyarok-nagyasszonya-bucsu-ulmban-2\/","name":"Magyarok Nagyasszonya b\u00facs\u00fa Ulmban - Stuttgarti Katolikusok","isPartOf":{"@id":"https:\/\/stuttgarti-katolikusok.de\/#website"},"primaryImageOfPage":{"@id":"https:\/\/stuttgarti-katolikusok.de\/index.php\/magyarok-nagyasszonya-bucsu-ulmban-2\/#primaryimage"},"image":{"@id":"https:\/\/stuttgarti-katolikusok.de\/index.php\/magyarok-nagyasszonya-bucsu-ulmban-2\/#primaryimage"},"thumbnailUrl":"https:\/\/stuttgarti-katolikusok.de\/wp-content\/uploads\/2017\/10\/ulmi-bucsu.jpg","datePublished":"2017-10-07T09:56:33+00:00","dateModified":"2017-10-07T09:59:37+00:00","author":{"@id":"https:\/\/stuttgarti-katolikusok.de\/#\/schema\/person\/75908d6f8fdc03a57889d27209df7795"},"breadcrumb":{"@id":"https:\/\/stuttgarti-katolikusok.de\/index.php\/magyarok-nagyasszonya-bucsu-ulmban-2\/#breadcrumb"},"inLanguage":"hu","potentialAction":[{"@type":"ReadAction","target":["https:\/\/stuttgarti-katolikusok.de\/index.php\/magyarok-nagyasszonya-bucsu-ulmban-2\/"]}]},{"@type":"ImageObject","inLanguage":"hu","@id":"https:\/\/stuttgarti-katolikusok.de\/index.php\/magyarok-nagyasszonya-bucsu-ulmban-2\/#primaryimage","url":"https:\/\/stuttgarti-katolikusok.de\/wp-content\/uploads\/2017\/10\/ulmi-bucsu.jpg","contentUrl":"https:\/\/stuttgarti-katolikusok.de\/wp-content\/uploads\/2017\/10\/ulmi-bucsu.jpg","width":1024,"height":768},{"@type":"BreadcrumbList","@id":"https:\/\/stuttgarti-katolikusok.de\/index.php\/magyarok-nagyasszonya-bucsu-ulmban-2\/#breadcrumb","itemListElement":[{"@type":"ListItem","position":1,"name":"Kezd\u0151lap","item":"https:\/\/stuttgarti-katolikusok.de\/"},{"@type":"ListItem","position":2,"name":"Magyarok Nagyasszonya b\u00facs\u00fa Ulmban"}]},{"@type":"WebSite","@id":"https:\/\/stuttgarti-katolikusok.de\/#website","url":"https:\/\/stuttgarti-katolikusok.de\/","name":"Stuttgarti Katolikusok","description":"","potentialAction":[{"@type":"SearchAction","target":{"@type":"EntryPoint","urlTemplate":"https:\/\/stuttgarti-katolikusok.de\/?s={search_term_string}"},"query-input":{"@type":"PropertyValueSpecification","valueRequired":true,"valueName":"search_term_string"}}],"inLanguage":"hu"},{"@type":"Person","@id":"https:\/\/stuttgarti-katolikusok.de\/#\/schema\/person\/75908d6f8fdc03a57889d27209df7795","name":"Tibor atya","image":{"@type":"ImageObject","inLanguage":"hu","@id":"https:\/\/secure.gravatar.com\/avatar\/61d268e57d1f4525b111222e29d2d5a7f8c420fdbf231ba5566a8ceac74fa960?s=96&d=mm&r=g","url":"https:\/\/secure.gravatar.com\/avatar\/61d268e57d1f4525b111222e29d2d5a7f8c420fdbf231ba5566a8ceac74fa960?s=96&d=mm&r=g","contentUrl":"https:\/\/secure.gravatar.com\/avatar\/61d268e57d1f4525b111222e29d2d5a7f8c420fdbf231ba5566a8ceac74fa960?s=96&d=mm&r=g","caption":"Tibor atya"},"url":"https:\/\/stuttgarti-katolikusok.de\/index.php\/author\/tibor-atya\/"}]}},"_links":{"self":[{"href":"https:\/\/stuttgarti-katolikusok.de\/index.php\/wp-json\/wp\/v2\/posts\/12692","targetHints":{"allow":["GET"]}}],"collection":[{"href":"https:\/\/stuttgarti-katolikusok.de\/index.php\/wp-json\/wp\/v2\/posts"}],"about":[{"href":"https:\/\/stuttgarti-katolikusok.de\/index.php\/wp-json\/wp\/v2\/types\/post"}],"author":[{"embeddable":true,"href":"https:\/\/stuttgarti-katolikusok.de\/index.php\/wp-json\/wp\/v2\/users\/3"}],"replies":[{"embeddable":true,"href":"https:\/\/stuttgarti-katolikusok.de\/index.php\/wp-json\/wp\/v2\/comments?post=12692"}],"version-history":[{"count":2,"href":"https:\/\/stuttgarti-katolikusok.de\/index.php\/wp-json\/wp\/v2\/posts\/12692\/revisions"}],"predecessor-version":[{"id":12697,"href":"https:\/\/stuttgarti-katolikusok.de\/index.php\/wp-json\/wp\/v2\/posts\/12692\/revisions\/12697"}],"wp:featuredmedia":[{"embeddable":true,"href":"https:\/\/stuttgarti-katolikusok.de\/index.php\/wp-json\/wp\/v2\/media\/12693"}],"wp:attachment":[{"href":"https:\/\/stuttgarti-katolikusok.de\/index.php\/wp-json\/wp\/v2\/media?parent=12692"}],"wp:term":[{"taxonomy":"category","embeddable":true,"href":"https:\/\/stuttgarti-katolikusok.de\/index.php\/wp-json\/wp\/v2\/categories?post=12692"},{"taxonomy":"post_tag","embeddable":true,"href":"https:\/\/stuttgarti-katolikusok.de\/index.php\/wp-json\/wp\/v2\/tags?post=12692"}],"curies":[{"name":"wp","href":"https:\/\/api.w.org\/{rel}","templated":true}]}}