{"id":12683,"date":"2017-10-06T06:39:57","date_gmt":"2017-10-06T06:39:57","guid":{"rendered":"https:\/\/gracious-dewdney.138-201-221-2.plesk.page\/?p=12683"},"modified":"2017-10-07T09:28:54","modified_gmt":"2017-10-07T09:28:54","slug":"rozsafuzer-a-hazaert-es-nepunkert","status":"publish","type":"post","link":"https:\/\/stuttgarti-katolikusok.de\/index.php\/rozsafuzer-a-hazaert-es-nepunkert\/","title":{"rendered":"R\u00f3zsaf\u00fcz\u00e9r a haz\u00e1\u00e9rt \u00e9s n\u00e9p\u00fcnk\u00e9rt!"},"content":{"rendered":"<p>Kedves H\u00edveim \u00e9s Bar\u00e1taim!<\/p>\n<p>Lengyelorsz\u00e1gban a 100 \u00e9ves Fatimai jelen\u00e9s \u00e9vfordul\u00f3j\u00e1n k\u00f6vetni akarj\u00e1k a Sz\u0171zanya felh\u00edv\u00e1s\u00e1t a r\u00f3zsaf\u00fcz\u00e9r im\u00e1ds\u00e1gra, amivel megmenthetik az eg\u00e9sz vil\u00e1got.\u200b \u200b<\/p>\n<p>Ez\u00e9rt\u00a0 2017. okt\u00f3ber 7-\u00e9n\u00a0sok sz\u00e1zezer lengyel katolikus fog a lengyel hat\u00e1ron r\u00f3zsaf\u00fcz\u00e9rt im\u00e1dkozni Lengyelorsz\u00e1g \u00e9ps\u00e9g\u00e9\u00e9rt, az eg\u00e9sz vil\u00e1g megmenek\u00fcl\u00e9s\u00e9\u00e9rt, b\u00e9k\u00e9j\u00e9\u00e9rt, de a sz\u00edvb\u00e9li b\u00e9k\u00e9\u00e9rt is.<\/p>\n<p>K\u00e9rik, hogy csatlakozzunk im\u00e1inkkal ehhez a kezdem\u00e9nyez\u00e9shez.<\/p>\n<p>Mi, akik nem otthon \u00e9l\u00fcnk, \u00e9s \u00faj haz\u00e1nkban is sz\u00e9tsz\u00f3rva, szeretn\u00e9nk csatlakozni lengyel testv\u00e9reink felh\u00edv\u00e1s\u00e1hoz. Nek\u00fcnk is van mi\u00e9rt im\u00e1dkozni!<\/p>\n<p>Ez\u00e9rt arra k\u00e9rek minden kedves H\u00edv\u00fcnket, hogy szombaton, mindegy, hogy a nap melyik \u00f3r\u00e1j\u00e1ban, \u00e9s mindegy, hogy hol, de egyed\u00fcl \u2013 vagy ak\u00e1r a csal\u00e1ddal illetve bar\u00e1tokkal k\u00f6z\u00f6sen \u2013 mondja el a r\u00f3zsaf\u00fcz\u00e9rt a fenti sz\u00e1nd\u00e9kokra.<\/p>\n<p>\u00c9s \u2013 gondolatban sz\u00e1lljon haza, oda, ahol sz\u00fcl\u0151f\u00f6ldj\u00e9hez legk\u00f6zelebb az orsz\u00e1ghat\u00e1r&#8230;<\/p>\n<p>\u00c9n is \u00edgy teszek \u2013 11 \u00e9s 12 \u00f3ra k\u00f6z\u00f6tt \u2013 a gyalog-zar\u00e1ndoklat tagjaival!<\/p>\n<p>R\u00f3zsaf\u00fcz\u00e9r Kir\u00e1lyn\u0151je, k\u00f6ny\u00f6r\u00f6gj \u00e9rett\u00fcnk!<\/p>\n<p><em>Szeretettel,<\/em><\/p>\n<p><em>Imre atya<\/em><\/p>\n<p><em>Stuttgart, 2017. okt\u00f3ber 6.<\/em><\/p>\n","protected":false},"excerpt":{"rendered":"<p>Kedves H\u00edveim \u00e9s Bar\u00e1taim! Lengyelorsz\u00e1gban a 100 \u00e9ves Fatimai jelen\u00e9s \u00e9vfordul\u00f3j\u00e1n k\u00f6vetni akarj\u00e1k a Sz\u0171zanya felh\u00edv\u00e1s\u00e1t a r\u00f3zsaf\u00fcz\u00e9r im\u00e1ds\u00e1gra, amivel megmenthetik az eg\u00e9sz vil\u00e1got.\u200b \u200b Ez\u00e9rt\u00a0 2017. okt\u00f3ber 7-\u00e9n\u00a0sok sz\u00e1zezer lengyel katolikus fog a lengyel hat\u00e1ron r\u00f3zsaf\u00fcz\u00e9rt im\u00e1dkozni Lengyelorsz\u00e1g \u00e9ps\u00e9g\u00e9\u00e9rt, az eg\u00e9sz vil\u00e1g megmenek\u00fcl\u00e9s\u00e9\u00e9rt, b\u00e9k\u00e9j\u00e9\u00e9rt, de a sz\u00edvb\u00e9li b\u00e9k\u00e9\u00e9rt is. K\u00e9rik, hogy csatlakozzunk im\u00e1inkkal ehhez a kezdem\u00e9nyez\u00e9shez. Mi, akik nem otthon \u00e9l\u00fcnk, \u00e9s \u00faj haz\u00e1nkban is sz\u00e9tsz\u00f3rva, szeretn\u00e9nk csatlakozni lengyel testv\u00e9reink felh\u00edv\u00e1s\u00e1hoz. Nek\u00fcnk is van mi\u00e9rt im\u00e1dkozni! Ez\u00e9rt arra k\u00e9rek minden kedves H\u00edv\u00fcnket, hogy szombaton, mindegy, hogy a nap melyik \u00f3r\u00e1j\u00e1ban, \u00e9s mindegy, hogy hol, de egyed\u00fcl \u2013 vagy ak\u00e1r a csal\u00e1ddal illetve bar\u00e1tokkal k\u00f6z\u00f6sen \u2013 mondja el a r\u00f3zsaf\u00fcz\u00e9rt a fenti sz\u00e1nd\u00e9kokra. \u00c9s \u2013 gondolatban sz\u00e1lljon haza, oda, ahol sz\u00fcl\u0151f\u00f6ldj\u00e9hez legk\u00f6zelebb az orsz\u00e1ghat\u00e1r&#8230; \u00c9n is \u00edgy teszek \u2013 11 \u00e9s 12 \u00f3ra k\u00f6z\u00f6tt \u2013 a gyalog-zar\u00e1ndoklat tagjaival! R\u00f3zsaf\u00fcz\u00e9r Kir\u00e1lyn\u0151je, k\u00f6ny\u00f6r\u00f6gj \u00e9rett\u00fcnk! Szeretettel, Imre atya Stuttgart, 2017. okt\u00f3ber 6.<\/p>\n","protected":false},"author":3,"featured_media":0,"comment_status":"closed","ping_status":"closed","sticky":false,"template":"","format":"standard","meta":{"footnotes":""},"categories":[37],"tags":[],"class_list":["post-12683","post","type-post","status-publish","format-standard","hentry","category-progamelozetes"],"yoast_head":"<!-- This site is optimized with the Yoast SEO plugin v27.3 - https:\/\/yoast.com\/product\/yoast-seo-wordpress\/ -->\n<title>R\u00f3zsaf\u00fcz\u00e9r a haz\u00e1\u00e9rt \u00e9s n\u00e9p\u00fcnk\u00e9rt! - Stuttgarti Katolikusok<\/title>\n<meta name=\"robots\" content=\"index, follow, max-snippet:-1, max-image-preview:large, max-video-preview:-1\" \/>\n<link rel=\"canonical\" href=\"https:\/\/stuttgarti-katolikusok.de\/index.php\/rozsafuzer-a-hazaert-es-nepunkert\/\" \/>\n<meta property=\"og:locale\" content=\"hu_HU\" \/>\n<meta property=\"og:type\" content=\"article\" \/>\n<meta property=\"og:title\" content=\"R\u00f3zsaf\u00fcz\u00e9r a haz\u00e1\u00e9rt \u00e9s n\u00e9p\u00fcnk\u00e9rt! - Stuttgarti Katolikusok\" \/>\n<meta property=\"og:description\" content=\"Kedves H\u00edveim \u00e9s Bar\u00e1taim! Lengyelorsz\u00e1gban a 100 \u00e9ves Fatimai jelen\u00e9s \u00e9vfordul\u00f3j\u00e1n k\u00f6vetni akarj\u00e1k a Sz\u0171zanya felh\u00edv\u00e1s\u00e1t a r\u00f3zsaf\u00fcz\u00e9r im\u00e1ds\u00e1gra, amivel megmenthetik az eg\u00e9sz vil\u00e1got.\u200b \u200b Ez\u00e9rt\u00a0 2017. okt\u00f3ber 7-\u00e9n\u00a0sok sz\u00e1zezer lengyel katolikus fog a lengyel hat\u00e1ron r\u00f3zsaf\u00fcz\u00e9rt im\u00e1dkozni Lengyelorsz\u00e1g \u00e9ps\u00e9g\u00e9\u00e9rt, az eg\u00e9sz vil\u00e1g megmenek\u00fcl\u00e9s\u00e9\u00e9rt, b\u00e9k\u00e9j\u00e9\u00e9rt, de a sz\u00edvb\u00e9li b\u00e9k\u00e9\u00e9rt is. K\u00e9rik, hogy csatlakozzunk im\u00e1inkkal ehhez a kezdem\u00e9nyez\u00e9shez. Mi, akik nem otthon \u00e9l\u00fcnk, \u00e9s \u00faj haz\u00e1nkban is sz\u00e9tsz\u00f3rva, szeretn\u00e9nk csatlakozni lengyel testv\u00e9reink felh\u00edv\u00e1s\u00e1hoz. Nek\u00fcnk is van mi\u00e9rt im\u00e1dkozni! Ez\u00e9rt arra k\u00e9rek minden kedves H\u00edv\u00fcnket, hogy szombaton, mindegy, hogy a nap melyik \u00f3r\u00e1j\u00e1ban, \u00e9s mindegy, hogy hol, de egyed\u00fcl \u2013 vagy ak\u00e1r a csal\u00e1ddal illetve bar\u00e1tokkal k\u00f6z\u00f6sen \u2013 mondja el a r\u00f3zsaf\u00fcz\u00e9rt a fenti sz\u00e1nd\u00e9kokra. \u00c9s \u2013 gondolatban sz\u00e1lljon haza, oda, ahol sz\u00fcl\u0151f\u00f6ldj\u00e9hez legk\u00f6zelebb az orsz\u00e1ghat\u00e1r&#8230; \u00c9n is \u00edgy teszek \u2013 11 \u00e9s 12 \u00f3ra k\u00f6z\u00f6tt \u2013 a gyalog-zar\u00e1ndoklat tagjaival! R\u00f3zsaf\u00fcz\u00e9r Kir\u00e1lyn\u0151je, k\u00f6ny\u00f6r\u00f6gj \u00e9rett\u00fcnk! Szeretettel, Imre atya Stuttgart, 2017. okt\u00f3ber 6.\" \/>\n<meta property=\"og:url\" content=\"https:\/\/stuttgarti-katolikusok.de\/index.php\/rozsafuzer-a-hazaert-es-nepunkert\/\" \/>\n<meta property=\"og:site_name\" content=\"Stuttgarti Katolikusok\" \/>\n<meta property=\"article:published_time\" content=\"2017-10-06T06:39:57+00:00\" \/>\n<meta property=\"article:modified_time\" content=\"2017-10-07T09:28:54+00:00\" \/>\n<meta name=\"author\" content=\"Tibor atya\" \/>\n<meta name=\"twitter:card\" content=\"summary_large_image\" \/>\n<meta name=\"twitter:label1\" content=\"Szerz\u0151:\" \/>\n\t<meta name=\"twitter:data1\" content=\"Tibor atya\" \/>\n\t<meta name=\"twitter:label2\" content=\"Becs\u00fclt olvas\u00e1si id\u0151\" \/>\n\t<meta name=\"twitter:data2\" content=\"1 perc\" \/>\n<script type=\"application\/ld+json\" class=\"yoast-schema-graph\">{\"@context\":\"https:\\\/\\\/schema.org\",\"@graph\":[{\"@type\":\"Article\",\"@id\":\"https:\\\/\\\/stuttgarti-katolikusok.de\\\/index.php\\\/rozsafuzer-a-hazaert-es-nepunkert\\\/#article\",\"isPartOf\":{\"@id\":\"https:\\\/\\\/stuttgarti-katolikusok.de\\\/index.php\\\/rozsafuzer-a-hazaert-es-nepunkert\\\/\"},\"author\":{\"name\":\"Tibor atya\",\"@id\":\"https:\\\/\\\/stuttgarti-katolikusok.de\\\/#\\\/schema\\\/person\\\/75908d6f8fdc03a57889d27209df7795\"},\"headline\":\"R\u00f3zsaf\u00fcz\u00e9r a haz\u00e1\u00e9rt \u00e9s n\u00e9p\u00fcnk\u00e9rt!\",\"datePublished\":\"2017-10-06T06:39:57+00:00\",\"dateModified\":\"2017-10-07T09:28:54+00:00\",\"mainEntityOfPage\":{\"@id\":\"https:\\\/\\\/stuttgarti-katolikusok.de\\\/index.php\\\/rozsafuzer-a-hazaert-es-nepunkert\\\/\"},\"wordCount\":247,\"articleSection\":[\"Progamel\u0151zetes\"],\"inLanguage\":\"hu\"},{\"@type\":\"WebPage\",\"@id\":\"https:\\\/\\\/stuttgarti-katolikusok.de\\\/index.php\\\/rozsafuzer-a-hazaert-es-nepunkert\\\/\",\"url\":\"https:\\\/\\\/stuttgarti-katolikusok.de\\\/index.php\\\/rozsafuzer-a-hazaert-es-nepunkert\\\/\",\"name\":\"R\u00f3zsaf\u00fcz\u00e9r a haz\u00e1\u00e9rt \u00e9s n\u00e9p\u00fcnk\u00e9rt! - Stuttgarti Katolikusok\",\"isPartOf\":{\"@id\":\"https:\\\/\\\/stuttgarti-katolikusok.de\\\/#website\"},\"datePublished\":\"2017-10-06T06:39:57+00:00\",\"dateModified\":\"2017-10-07T09:28:54+00:00\",\"author\":{\"@id\":\"https:\\\/\\\/stuttgarti-katolikusok.de\\\/#\\\/schema\\\/person\\\/75908d6f8fdc03a57889d27209df7795\"},\"breadcrumb\":{\"@id\":\"https:\\\/\\\/stuttgarti-katolikusok.de\\\/index.php\\\/rozsafuzer-a-hazaert-es-nepunkert\\\/#breadcrumb\"},\"inLanguage\":\"hu\",\"potentialAction\":[{\"@type\":\"ReadAction\",\"target\":[\"https:\\\/\\\/stuttgarti-katolikusok.de\\\/index.php\\\/rozsafuzer-a-hazaert-es-nepunkert\\\/\"]}]},{\"@type\":\"BreadcrumbList\",\"@id\":\"https:\\\/\\\/stuttgarti-katolikusok.de\\\/index.php\\\/rozsafuzer-a-hazaert-es-nepunkert\\\/#breadcrumb\",\"itemListElement\":[{\"@type\":\"ListItem\",\"position\":1,\"name\":\"Kezd\u0151lap\",\"item\":\"https:\\\/\\\/stuttgarti-katolikusok.de\\\/\"},{\"@type\":\"ListItem\",\"position\":2,\"name\":\"R\u00f3zsaf\u00fcz\u00e9r a haz\u00e1\u00e9rt \u00e9s n\u00e9p\u00fcnk\u00e9rt!\"}]},{\"@type\":\"WebSite\",\"@id\":\"https:\\\/\\\/stuttgarti-katolikusok.de\\\/#website\",\"url\":\"https:\\\/\\\/stuttgarti-katolikusok.de\\\/\",\"name\":\"Stuttgarti Katolikusok\",\"description\":\"\",\"potentialAction\":[{\"@type\":\"SearchAction\",\"target\":{\"@type\":\"EntryPoint\",\"urlTemplate\":\"https:\\\/\\\/stuttgarti-katolikusok.de\\\/?s={search_term_string}\"},\"query-input\":{\"@type\":\"PropertyValueSpecification\",\"valueRequired\":true,\"valueName\":\"search_term_string\"}}],\"inLanguage\":\"hu\"},{\"@type\":\"Person\",\"@id\":\"https:\\\/\\\/stuttgarti-katolikusok.de\\\/#\\\/schema\\\/person\\\/75908d6f8fdc03a57889d27209df7795\",\"name\":\"Tibor atya\",\"image\":{\"@type\":\"ImageObject\",\"inLanguage\":\"hu\",\"@id\":\"https:\\\/\\\/secure.gravatar.com\\\/avatar\\\/61d268e57d1f4525b111222e29d2d5a7f8c420fdbf231ba5566a8ceac74fa960?s=96&d=mm&r=g\",\"url\":\"https:\\\/\\\/secure.gravatar.com\\\/avatar\\\/61d268e57d1f4525b111222e29d2d5a7f8c420fdbf231ba5566a8ceac74fa960?s=96&d=mm&r=g\",\"contentUrl\":\"https:\\\/\\\/secure.gravatar.com\\\/avatar\\\/61d268e57d1f4525b111222e29d2d5a7f8c420fdbf231ba5566a8ceac74fa960?s=96&d=mm&r=g\",\"caption\":\"Tibor atya\"},\"url\":\"https:\\\/\\\/stuttgarti-katolikusok.de\\\/index.php\\\/author\\\/tibor-atya\\\/\"}]}<\/script>\n<!-- \/ Yoast SEO plugin. -->","yoast_head_json":{"title":"R\u00f3zsaf\u00fcz\u00e9r a haz\u00e1\u00e9rt \u00e9s n\u00e9p\u00fcnk\u00e9rt! - Stuttgarti Katolikusok","robots":{"index":"index","follow":"follow","max-snippet":"max-snippet:-1","max-image-preview":"max-image-preview:large","max-video-preview":"max-video-preview:-1"},"canonical":"https:\/\/stuttgarti-katolikusok.de\/index.php\/rozsafuzer-a-hazaert-es-nepunkert\/","og_locale":"hu_HU","og_type":"article","og_title":"R\u00f3zsaf\u00fcz\u00e9r a haz\u00e1\u00e9rt \u00e9s n\u00e9p\u00fcnk\u00e9rt! - Stuttgarti Katolikusok","og_description":"Kedves H\u00edveim \u00e9s Bar\u00e1taim! Lengyelorsz\u00e1gban a 100 \u00e9ves Fatimai jelen\u00e9s \u00e9vfordul\u00f3j\u00e1n k\u00f6vetni akarj\u00e1k a Sz\u0171zanya felh\u00edv\u00e1s\u00e1t a r\u00f3zsaf\u00fcz\u00e9r im\u00e1ds\u00e1gra, amivel megmenthetik az eg\u00e9sz vil\u00e1got.\u200b \u200b Ez\u00e9rt\u00a0 2017. okt\u00f3ber 7-\u00e9n\u00a0sok sz\u00e1zezer lengyel katolikus fog a lengyel hat\u00e1ron r\u00f3zsaf\u00fcz\u00e9rt im\u00e1dkozni Lengyelorsz\u00e1g \u00e9ps\u00e9g\u00e9\u00e9rt, az eg\u00e9sz vil\u00e1g megmenek\u00fcl\u00e9s\u00e9\u00e9rt, b\u00e9k\u00e9j\u00e9\u00e9rt, de a sz\u00edvb\u00e9li b\u00e9k\u00e9\u00e9rt is. K\u00e9rik, hogy csatlakozzunk im\u00e1inkkal ehhez a kezdem\u00e9nyez\u00e9shez. Mi, akik nem otthon \u00e9l\u00fcnk, \u00e9s \u00faj haz\u00e1nkban is sz\u00e9tsz\u00f3rva, szeretn\u00e9nk csatlakozni lengyel testv\u00e9reink felh\u00edv\u00e1s\u00e1hoz. Nek\u00fcnk is van mi\u00e9rt im\u00e1dkozni! Ez\u00e9rt arra k\u00e9rek minden kedves H\u00edv\u00fcnket, hogy szombaton, mindegy, hogy a nap melyik \u00f3r\u00e1j\u00e1ban, \u00e9s mindegy, hogy hol, de egyed\u00fcl \u2013 vagy ak\u00e1r a csal\u00e1ddal illetve bar\u00e1tokkal k\u00f6z\u00f6sen \u2013 mondja el a r\u00f3zsaf\u00fcz\u00e9rt a fenti sz\u00e1nd\u00e9kokra. \u00c9s \u2013 gondolatban sz\u00e1lljon haza, oda, ahol sz\u00fcl\u0151f\u00f6ldj\u00e9hez legk\u00f6zelebb az orsz\u00e1ghat\u00e1r&#8230; \u00c9n is \u00edgy teszek \u2013 11 \u00e9s 12 \u00f3ra k\u00f6z\u00f6tt \u2013 a gyalog-zar\u00e1ndoklat tagjaival! R\u00f3zsaf\u00fcz\u00e9r Kir\u00e1lyn\u0151je, k\u00f6ny\u00f6r\u00f6gj \u00e9rett\u00fcnk! Szeretettel, Imre atya Stuttgart, 2017. okt\u00f3ber 6.","og_url":"https:\/\/stuttgarti-katolikusok.de\/index.php\/rozsafuzer-a-hazaert-es-nepunkert\/","og_site_name":"Stuttgarti Katolikusok","article_published_time":"2017-10-06T06:39:57+00:00","article_modified_time":"2017-10-07T09:28:54+00:00","author":"Tibor atya","twitter_card":"summary_large_image","twitter_misc":{"Szerz\u0151:":"Tibor atya","Becs\u00fclt olvas\u00e1si id\u0151":"1 perc"},"schema":{"@context":"https:\/\/schema.org","@graph":[{"@type":"Article","@id":"https:\/\/stuttgarti-katolikusok.de\/index.php\/rozsafuzer-a-hazaert-es-nepunkert\/#article","isPartOf":{"@id":"https:\/\/stuttgarti-katolikusok.de\/index.php\/rozsafuzer-a-hazaert-es-nepunkert\/"},"author":{"name":"Tibor atya","@id":"https:\/\/stuttgarti-katolikusok.de\/#\/schema\/person\/75908d6f8fdc03a57889d27209df7795"},"headline":"R\u00f3zsaf\u00fcz\u00e9r a haz\u00e1\u00e9rt \u00e9s n\u00e9p\u00fcnk\u00e9rt!","datePublished":"2017-10-06T06:39:57+00:00","dateModified":"2017-10-07T09:28:54+00:00","mainEntityOfPage":{"@id":"https:\/\/stuttgarti-katolikusok.de\/index.php\/rozsafuzer-a-hazaert-es-nepunkert\/"},"wordCount":247,"articleSection":["Progamel\u0151zetes"],"inLanguage":"hu"},{"@type":"WebPage","@id":"https:\/\/stuttgarti-katolikusok.de\/index.php\/rozsafuzer-a-hazaert-es-nepunkert\/","url":"https:\/\/stuttgarti-katolikusok.de\/index.php\/rozsafuzer-a-hazaert-es-nepunkert\/","name":"R\u00f3zsaf\u00fcz\u00e9r a haz\u00e1\u00e9rt \u00e9s n\u00e9p\u00fcnk\u00e9rt! - Stuttgarti Katolikusok","isPartOf":{"@id":"https:\/\/stuttgarti-katolikusok.de\/#website"},"datePublished":"2017-10-06T06:39:57+00:00","dateModified":"2017-10-07T09:28:54+00:00","author":{"@id":"https:\/\/stuttgarti-katolikusok.de\/#\/schema\/person\/75908d6f8fdc03a57889d27209df7795"},"breadcrumb":{"@id":"https:\/\/stuttgarti-katolikusok.de\/index.php\/rozsafuzer-a-hazaert-es-nepunkert\/#breadcrumb"},"inLanguage":"hu","potentialAction":[{"@type":"ReadAction","target":["https:\/\/stuttgarti-katolikusok.de\/index.php\/rozsafuzer-a-hazaert-es-nepunkert\/"]}]},{"@type":"BreadcrumbList","@id":"https:\/\/stuttgarti-katolikusok.de\/index.php\/rozsafuzer-a-hazaert-es-nepunkert\/#breadcrumb","itemListElement":[{"@type":"ListItem","position":1,"name":"Kezd\u0151lap","item":"https:\/\/stuttgarti-katolikusok.de\/"},{"@type":"ListItem","position":2,"name":"R\u00f3zsaf\u00fcz\u00e9r a haz\u00e1\u00e9rt \u00e9s n\u00e9p\u00fcnk\u00e9rt!"}]},{"@type":"WebSite","@id":"https:\/\/stuttgarti-katolikusok.de\/#website","url":"https:\/\/stuttgarti-katolikusok.de\/","name":"Stuttgarti Katolikusok","description":"","potentialAction":[{"@type":"SearchAction","target":{"@type":"EntryPoint","urlTemplate":"https:\/\/stuttgarti-katolikusok.de\/?s={search_term_string}"},"query-input":{"@type":"PropertyValueSpecification","valueRequired":true,"valueName":"search_term_string"}}],"inLanguage":"hu"},{"@type":"Person","@id":"https:\/\/stuttgarti-katolikusok.de\/#\/schema\/person\/75908d6f8fdc03a57889d27209df7795","name":"Tibor atya","image":{"@type":"ImageObject","inLanguage":"hu","@id":"https:\/\/secure.gravatar.com\/avatar\/61d268e57d1f4525b111222e29d2d5a7f8c420fdbf231ba5566a8ceac74fa960?s=96&d=mm&r=g","url":"https:\/\/secure.gravatar.com\/avatar\/61d268e57d1f4525b111222e29d2d5a7f8c420fdbf231ba5566a8ceac74fa960?s=96&d=mm&r=g","contentUrl":"https:\/\/secure.gravatar.com\/avatar\/61d268e57d1f4525b111222e29d2d5a7f8c420fdbf231ba5566a8ceac74fa960?s=96&d=mm&r=g","caption":"Tibor atya"},"url":"https:\/\/stuttgarti-katolikusok.de\/index.php\/author\/tibor-atya\/"}]}},"_links":{"self":[{"href":"https:\/\/stuttgarti-katolikusok.de\/index.php\/wp-json\/wp\/v2\/posts\/12683","targetHints":{"allow":["GET"]}}],"collection":[{"href":"https:\/\/stuttgarti-katolikusok.de\/index.php\/wp-json\/wp\/v2\/posts"}],"about":[{"href":"https:\/\/stuttgarti-katolikusok.de\/index.php\/wp-json\/wp\/v2\/types\/post"}],"author":[{"embeddable":true,"href":"https:\/\/stuttgarti-katolikusok.de\/index.php\/wp-json\/wp\/v2\/users\/3"}],"replies":[{"embeddable":true,"href":"https:\/\/stuttgarti-katolikusok.de\/index.php\/wp-json\/wp\/v2\/comments?post=12683"}],"version-history":[{"count":2,"href":"https:\/\/stuttgarti-katolikusok.de\/index.php\/wp-json\/wp\/v2\/posts\/12683\/revisions"}],"predecessor-version":[{"id":12691,"href":"https:\/\/stuttgarti-katolikusok.de\/index.php\/wp-json\/wp\/v2\/posts\/12683\/revisions\/12691"}],"wp:attachment":[{"href":"https:\/\/stuttgarti-katolikusok.de\/index.php\/wp-json\/wp\/v2\/media?parent=12683"}],"wp:term":[{"taxonomy":"category","embeddable":true,"href":"https:\/\/stuttgarti-katolikusok.de\/index.php\/wp-json\/wp\/v2\/categories?post=12683"},{"taxonomy":"post_tag","embeddable":true,"href":"https:\/\/stuttgarti-katolikusok.de\/index.php\/wp-json\/wp\/v2\/tags?post=12683"}],"curies":[{"name":"wp","href":"https:\/\/api.w.org\/{rel}","templated":true}]}}