{"id":12629,"date":"2017-10-02T05:57:56","date_gmt":"2017-10-02T05:57:56","guid":{"rendered":"https:\/\/gracious-dewdney.138-201-221-2.plesk.page\/?p=12629"},"modified":"2020-04-27T16:14:42","modified_gmt":"2020-04-27T16:14:42","slug":"programelozetes-oktober-4-es-8-kozott","status":"publish","type":"post","link":"https:\/\/stuttgarti-katolikusok.de\/index.php\/programelozetes-oktober-4-es-8-kozott\/","title":{"rendered":"Programel\u0151zetes okt\u00f3ber 4 \u00e9s 8 k\u00f6z\u00f6tt"},"content":{"rendered":"<p><strong>Programel\u0151zetes<\/strong><\/p>\n<p><strong>Okt\u00f3ber 6-\u00e1n, <\/strong>p\u00e9nteken,<\/p>\n<p><strong>Stuttgartban<\/strong> 16.00 \u00f3rakor <em>Bar\u00e1ts\u00e1gklub<\/em>. 17.50 \u00f3rakor <em>r\u00f3zsaf\u00fcz\u00e9r \u00e1jtatoss\u00e1g<\/em>. Ut\u00e1na <em>szentmise, <\/em>keret\u00e9ben <em>P\u00e9nteki Egyetem (Besz\u00e9lget\u00e9sek a Katekizmusr\u00f3l). <\/em>Majd <em>jubileumi Imak\u00f6r<\/em>: h\u00e1l\u00e1nk \u00e9s k\u00e9r\u00e9seink felaj\u00e1nl\u00e1sa a szents\u00e9gi sz\u00ednek alatt jelenl\u00e9v\u0151 Krisztusnak.<\/p>\n<p style=\"text-align: center;\">*<\/p>\n<p><strong>Okt\u00f3ber 7-\u00e9n<\/strong>, szombaton,<\/p>\n<p><strong>Balingenben<\/strong> 17.00 \u00f3rakor <em>szentmise<\/em>. Ut\u00e1na <em>\u00e1g\u00e1p\u00e9<\/em>.<\/p>\n<p><strong>Ulmban <\/strong>18.30 \u00f3rakor <em>\u201eNemzetek szentmis\u00e9je\u201d<\/em> (Wengenkirche, Wengengasse 8, 89073 Ulm). A minket befogad\u00f3 n\u00e9met nyelv\u0171 egyh\u00e1zk\u00f6zs\u00e9g az eritreai, az olasz, a horv\u00e1t, a lengyel, a portug\u00e1l, a szlov\u00e9n \u00e9s a mi, magyar nyelv\u0171 r\u00e9szegyh\u00e1zk\u00f6zs\u00e9g\u00fcnkkel egy\u00fctt <em>k\u00f6z\u00f6s szentmis\u00e9t<\/em> \u00fcnnepel <em>\u201eA hit sz\u00ednes gy\u00f6ngyszemei\u201d<\/em> mott\u00f3val. Mindenkit szeretettel v\u00e1rnak, j\u00f6jj\u00fcnk el min\u00e9l t\u00f6bben! A szentmise ut\u00e1n <em>bar\u00e1ti egy\u00fcttl\u00e9t.<\/em><\/p>\n<p style=\"text-align: center;\">*<\/p>\n<p><strong>Okt\u00f3ber 8-\u00e1n, <\/strong>vas\u00e1rnap, Magyarok Nagyasszonya \u00fcnnepe,<\/p>\n<p><strong>Weingartenben<\/strong> 10.00 \u00f3rakor szentmise. Ut\u00e1na <em>\u00e1g\u00e1p\u00e9.<\/em><\/p>\n<p><strong>Ulmi templomb\u00facs\u00fa,<\/strong> 15.00 \u00f3rakor <em>szentmise<\/em>, ut\u00e1na <em>\u00e1g\u00e1p\u00e9<\/em>.<\/p>\n<p style=\"text-align: center;\">*<\/p>\n<p>Minden helyen mindenkit szeretettel v\u00e1r a k\u00f6z\u00f6ss\u00e9g, Imre atya \u00e9s Tibor atya!<\/p>\n<p>&nbsp;<\/p>\n<p><strong><em>\u201eM\u00e1ri\u00e1t,&#8230; aki \u00e1ldott az asszonyok k\u00f6z\u00f6tt, sohase l\u00e1tjuk t\u00e9tlennek. Megvan helye az Istennel val\u00f3 kiengesztel\u0151d\u00e9s\u00fcnkben. Mert ha sz\u00fcks\u00e9g\u00fcnk van k\u00f6zbenj\u00e1r\u00f3ra J\u00e9zusn\u00e1l, nem tal\u00e1lhatunk erre alkalmasabbat M\u00e1ri\u00e1n\u00e1l.\u201c <\/em><\/strong><strong>(Szent Bern\u00e1t)<\/strong><\/p>\n<p><em>\u00a0<\/em><\/p>\n<p><strong><em>Sz\u00e9p \u0151szi napokat, j\u00f3 munk\u00e1t, tartalmas besz\u00e9lget\u00e9seket \u00e9s \u00f6r\u00f6mteli tal\u00e1lkoz\u00e1sokat k\u00edv\u00e1nunk minden Kedves H\u00edv\u00fcnknek!<\/em><\/strong><\/p>\n","protected":false},"excerpt":{"rendered":"<p>Programel\u0151zetes Okt\u00f3ber 6-\u00e1n, p\u00e9nteken, Stuttgartban 16.00 \u00f3rakor Bar\u00e1ts\u00e1gklub. 17.50 \u00f3rakor r\u00f3zsaf\u00fcz\u00e9r \u00e1jtatoss\u00e1g. Ut\u00e1na szentmise, keret\u00e9ben P\u00e9nteki Egyetem (Besz\u00e9lget\u00e9sek a Katekizmusr\u00f3l). Majd jubileumi Imak\u00f6r: h\u00e1l\u00e1nk \u00e9s k\u00e9r\u00e9seink felaj\u00e1nl\u00e1sa a szents\u00e9gi sz\u00ednek alatt jelenl\u00e9v\u0151 Krisztusnak. * Okt\u00f3ber 7-\u00e9n, szombaton, Balingenben 17.00 \u00f3rakor szentmise. Ut\u00e1na \u00e1g\u00e1p\u00e9. Ulmban 18.30 \u00f3rakor \u201eNemzetek szentmis\u00e9je\u201d (Wengenkirche, Wengengasse 8, 89073 Ulm). A minket befogad\u00f3 n\u00e9met nyelv\u0171 egyh\u00e1zk\u00f6zs\u00e9g az eritreai, az olasz, a horv\u00e1t, a lengyel, a portug\u00e1l, a szlov\u00e9n \u00e9s a mi, magyar nyelv\u0171 r\u00e9szegyh\u00e1zk\u00f6zs\u00e9g\u00fcnkkel egy\u00fctt k\u00f6z\u00f6s szentmis\u00e9t \u00fcnnepel \u201eA hit sz\u00ednes gy\u00f6ngyszemei\u201d mott\u00f3val. Mindenkit szeretettel v\u00e1rnak, j\u00f6jj\u00fcnk el min\u00e9l t\u00f6bben! A szentmise ut\u00e1n bar\u00e1ti egy\u00fcttl\u00e9t. * Okt\u00f3ber 8-\u00e1n, vas\u00e1rnap, Magyarok Nagyasszonya \u00fcnnepe, Weingartenben 10.00 \u00f3rakor szentmise. Ut\u00e1na \u00e1g\u00e1p\u00e9. Ulmi templomb\u00facs\u00fa, 15.00 \u00f3rakor szentmise, ut\u00e1na \u00e1g\u00e1p\u00e9. * Minden helyen mindenkit szeretettel v\u00e1r a k\u00f6z\u00f6ss\u00e9g, Imre atya \u00e9s Tibor atya! &nbsp; \u201eM\u00e1ri\u00e1t,&#8230; aki \u00e1ldott az asszonyok k\u00f6z\u00f6tt, sohase l\u00e1tjuk t\u00e9tlennek. Megvan helye az Istennel val\u00f3 kiengesztel\u0151d\u00e9s\u00fcnkben. Mert ha sz\u00fcks\u00e9g\u00fcnk van k\u00f6zbenj\u00e1r\u00f3ra J\u00e9zusn\u00e1l, nem tal\u00e1lhatunk erre alkalmasabbat M\u00e1ri\u00e1n\u00e1l.\u201c (Szent Bern\u00e1t) \u00a0 Sz\u00e9p \u0151szi napokat, j\u00f3 munk\u00e1t, tartalmas besz\u00e9lget\u00e9seket \u00e9s \u00f6r\u00f6mteli tal\u00e1lkoz\u00e1sokat k\u00edv\u00e1nunk minden Kedves H\u00edv\u00fcnknek!<\/p>\n","protected":false},"author":3,"featured_media":0,"comment_status":"closed","ping_status":"closed","sticky":false,"template":"","format":"standard","meta":{"footnotes":""},"categories":[37],"tags":[],"class_list":["post-12629","post","type-post","status-publish","format-standard","hentry","category-progamelozetes"],"yoast_head":"<!-- This site is optimized with the Yoast SEO plugin v27.3 - https:\/\/yoast.com\/product\/yoast-seo-wordpress\/ -->\n<title>Programel\u0151zetes okt\u00f3ber 4 \u00e9s 8 k\u00f6z\u00f6tt - Stuttgarti Katolikusok<\/title>\n<meta name=\"robots\" content=\"index, follow, max-snippet:-1, max-image-preview:large, max-video-preview:-1\" \/>\n<link rel=\"canonical\" href=\"https:\/\/stuttgarti-katolikusok.de\/index.php\/programelozetes-oktober-4-es-8-kozott\/\" \/>\n<meta property=\"og:locale\" content=\"hu_HU\" \/>\n<meta property=\"og:type\" content=\"article\" \/>\n<meta property=\"og:title\" content=\"Programel\u0151zetes okt\u00f3ber 4 \u00e9s 8 k\u00f6z\u00f6tt - Stuttgarti Katolikusok\" \/>\n<meta property=\"og:description\" content=\"Programel\u0151zetes Okt\u00f3ber 6-\u00e1n, p\u00e9nteken, Stuttgartban 16.00 \u00f3rakor Bar\u00e1ts\u00e1gklub. 17.50 \u00f3rakor r\u00f3zsaf\u00fcz\u00e9r \u00e1jtatoss\u00e1g. Ut\u00e1na szentmise, keret\u00e9ben P\u00e9nteki Egyetem (Besz\u00e9lget\u00e9sek a Katekizmusr\u00f3l). Majd jubileumi Imak\u00f6r: h\u00e1l\u00e1nk \u00e9s k\u00e9r\u00e9seink felaj\u00e1nl\u00e1sa a szents\u00e9gi sz\u00ednek alatt jelenl\u00e9v\u0151 Krisztusnak. * Okt\u00f3ber 7-\u00e9n, szombaton, Balingenben 17.00 \u00f3rakor szentmise. Ut\u00e1na \u00e1g\u00e1p\u00e9. Ulmban 18.30 \u00f3rakor \u201eNemzetek szentmis\u00e9je\u201d (Wengenkirche, Wengengasse 8, 89073 Ulm). A minket befogad\u00f3 n\u00e9met nyelv\u0171 egyh\u00e1zk\u00f6zs\u00e9g az eritreai, az olasz, a horv\u00e1t, a lengyel, a portug\u00e1l, a szlov\u00e9n \u00e9s a mi, magyar nyelv\u0171 r\u00e9szegyh\u00e1zk\u00f6zs\u00e9g\u00fcnkkel egy\u00fctt k\u00f6z\u00f6s szentmis\u00e9t \u00fcnnepel \u201eA hit sz\u00ednes gy\u00f6ngyszemei\u201d mott\u00f3val. Mindenkit szeretettel v\u00e1rnak, j\u00f6jj\u00fcnk el min\u00e9l t\u00f6bben! A szentmise ut\u00e1n bar\u00e1ti egy\u00fcttl\u00e9t. * Okt\u00f3ber 8-\u00e1n, vas\u00e1rnap, Magyarok Nagyasszonya \u00fcnnepe, Weingartenben 10.00 \u00f3rakor szentmise. Ut\u00e1na \u00e1g\u00e1p\u00e9. Ulmi templomb\u00facs\u00fa, 15.00 \u00f3rakor szentmise, ut\u00e1na \u00e1g\u00e1p\u00e9. * Minden helyen mindenkit szeretettel v\u00e1r a k\u00f6z\u00f6ss\u00e9g, Imre atya \u00e9s Tibor atya! &nbsp; \u201eM\u00e1ri\u00e1t,&#8230; aki \u00e1ldott az asszonyok k\u00f6z\u00f6tt, sohase l\u00e1tjuk t\u00e9tlennek. Megvan helye az Istennel val\u00f3 kiengesztel\u0151d\u00e9s\u00fcnkben. Mert ha sz\u00fcks\u00e9g\u00fcnk van k\u00f6zbenj\u00e1r\u00f3ra J\u00e9zusn\u00e1l, nem tal\u00e1lhatunk erre alkalmasabbat M\u00e1ri\u00e1n\u00e1l.\u201c (Szent Bern\u00e1t) \u00a0 Sz\u00e9p \u0151szi napokat, j\u00f3 munk\u00e1t, tartalmas besz\u00e9lget\u00e9seket \u00e9s \u00f6r\u00f6mteli tal\u00e1lkoz\u00e1sokat k\u00edv\u00e1nunk minden Kedves H\u00edv\u00fcnknek!\" \/>\n<meta property=\"og:url\" content=\"https:\/\/stuttgarti-katolikusok.de\/index.php\/programelozetes-oktober-4-es-8-kozott\/\" \/>\n<meta property=\"og:site_name\" content=\"Stuttgarti Katolikusok\" \/>\n<meta property=\"article:published_time\" content=\"2017-10-02T05:57:56+00:00\" \/>\n<meta property=\"article:modified_time\" content=\"2020-04-27T16:14:42+00:00\" \/>\n<meta name=\"author\" content=\"Tibor atya\" \/>\n<meta name=\"twitter:card\" content=\"summary_large_image\" \/>\n<meta name=\"twitter:label1\" content=\"Szerz\u0151:\" \/>\n\t<meta name=\"twitter:data1\" content=\"Tibor atya\" \/>\n\t<meta name=\"twitter:label2\" content=\"Becs\u00fclt olvas\u00e1si id\u0151\" \/>\n\t<meta name=\"twitter:data2\" content=\"1 perc\" \/>\n<script type=\"application\/ld+json\" class=\"yoast-schema-graph\">{\"@context\":\"https:\\\/\\\/schema.org\",\"@graph\":[{\"@type\":\"Article\",\"@id\":\"https:\\\/\\\/stuttgarti-katolikusok.de\\\/index.php\\\/programelozetes-oktober-4-es-8-kozott\\\/#article\",\"isPartOf\":{\"@id\":\"https:\\\/\\\/stuttgarti-katolikusok.de\\\/index.php\\\/programelozetes-oktober-4-es-8-kozott\\\/\"},\"author\":{\"name\":\"Tibor atya\",\"@id\":\"https:\\\/\\\/stuttgarti-katolikusok.de\\\/#\\\/schema\\\/person\\\/75908d6f8fdc03a57889d27209df7795\"},\"headline\":\"Programel\u0151zetes okt\u00f3ber 4 \u00e9s 8 k\u00f6z\u00f6tt\",\"datePublished\":\"2017-10-02T05:57:56+00:00\",\"dateModified\":\"2020-04-27T16:14:42+00:00\",\"mainEntityOfPage\":{\"@id\":\"https:\\\/\\\/stuttgarti-katolikusok.de\\\/index.php\\\/programelozetes-oktober-4-es-8-kozott\\\/\"},\"wordCount\":275,\"articleSection\":[\"Progamel\u0151zetes\"],\"inLanguage\":\"hu\"},{\"@type\":\"WebPage\",\"@id\":\"https:\\\/\\\/stuttgarti-katolikusok.de\\\/index.php\\\/programelozetes-oktober-4-es-8-kozott\\\/\",\"url\":\"https:\\\/\\\/stuttgarti-katolikusok.de\\\/index.php\\\/programelozetes-oktober-4-es-8-kozott\\\/\",\"name\":\"Programel\u0151zetes okt\u00f3ber 4 \u00e9s 8 k\u00f6z\u00f6tt - Stuttgarti Katolikusok\",\"isPartOf\":{\"@id\":\"https:\\\/\\\/stuttgarti-katolikusok.de\\\/#website\"},\"datePublished\":\"2017-10-02T05:57:56+00:00\",\"dateModified\":\"2020-04-27T16:14:42+00:00\",\"author\":{\"@id\":\"https:\\\/\\\/stuttgarti-katolikusok.de\\\/#\\\/schema\\\/person\\\/75908d6f8fdc03a57889d27209df7795\"},\"breadcrumb\":{\"@id\":\"https:\\\/\\\/stuttgarti-katolikusok.de\\\/index.php\\\/programelozetes-oktober-4-es-8-kozott\\\/#breadcrumb\"},\"inLanguage\":\"hu\",\"potentialAction\":[{\"@type\":\"ReadAction\",\"target\":[\"https:\\\/\\\/stuttgarti-katolikusok.de\\\/index.php\\\/programelozetes-oktober-4-es-8-kozott\\\/\"]}]},{\"@type\":\"BreadcrumbList\",\"@id\":\"https:\\\/\\\/stuttgarti-katolikusok.de\\\/index.php\\\/programelozetes-oktober-4-es-8-kozott\\\/#breadcrumb\",\"itemListElement\":[{\"@type\":\"ListItem\",\"position\":1,\"name\":\"Kezd\u0151lap\",\"item\":\"https:\\\/\\\/stuttgarti-katolikusok.de\\\/\"},{\"@type\":\"ListItem\",\"position\":2,\"name\":\"Programel\u0151zetes okt\u00f3ber 4 \u00e9s 8 k\u00f6z\u00f6tt\"}]},{\"@type\":\"WebSite\",\"@id\":\"https:\\\/\\\/stuttgarti-katolikusok.de\\\/#website\",\"url\":\"https:\\\/\\\/stuttgarti-katolikusok.de\\\/\",\"name\":\"Stuttgarti Katolikusok\",\"description\":\"\",\"potentialAction\":[{\"@type\":\"SearchAction\",\"target\":{\"@type\":\"EntryPoint\",\"urlTemplate\":\"https:\\\/\\\/stuttgarti-katolikusok.de\\\/?s={search_term_string}\"},\"query-input\":{\"@type\":\"PropertyValueSpecification\",\"valueRequired\":true,\"valueName\":\"search_term_string\"}}],\"inLanguage\":\"hu\"},{\"@type\":\"Person\",\"@id\":\"https:\\\/\\\/stuttgarti-katolikusok.de\\\/#\\\/schema\\\/person\\\/75908d6f8fdc03a57889d27209df7795\",\"name\":\"Tibor atya\",\"image\":{\"@type\":\"ImageObject\",\"inLanguage\":\"hu\",\"@id\":\"https:\\\/\\\/secure.gravatar.com\\\/avatar\\\/61d268e57d1f4525b111222e29d2d5a7f8c420fdbf231ba5566a8ceac74fa960?s=96&d=mm&r=g\",\"url\":\"https:\\\/\\\/secure.gravatar.com\\\/avatar\\\/61d268e57d1f4525b111222e29d2d5a7f8c420fdbf231ba5566a8ceac74fa960?s=96&d=mm&r=g\",\"contentUrl\":\"https:\\\/\\\/secure.gravatar.com\\\/avatar\\\/61d268e57d1f4525b111222e29d2d5a7f8c420fdbf231ba5566a8ceac74fa960?s=96&d=mm&r=g\",\"caption\":\"Tibor atya\"},\"url\":\"https:\\\/\\\/stuttgarti-katolikusok.de\\\/index.php\\\/author\\\/tibor-atya\\\/\"}]}<\/script>\n<!-- \/ Yoast SEO plugin. -->","yoast_head_json":{"title":"Programel\u0151zetes okt\u00f3ber 4 \u00e9s 8 k\u00f6z\u00f6tt - Stuttgarti Katolikusok","robots":{"index":"index","follow":"follow","max-snippet":"max-snippet:-1","max-image-preview":"max-image-preview:large","max-video-preview":"max-video-preview:-1"},"canonical":"https:\/\/stuttgarti-katolikusok.de\/index.php\/programelozetes-oktober-4-es-8-kozott\/","og_locale":"hu_HU","og_type":"article","og_title":"Programel\u0151zetes okt\u00f3ber 4 \u00e9s 8 k\u00f6z\u00f6tt - Stuttgarti Katolikusok","og_description":"Programel\u0151zetes Okt\u00f3ber 6-\u00e1n, p\u00e9nteken, Stuttgartban 16.00 \u00f3rakor Bar\u00e1ts\u00e1gklub. 17.50 \u00f3rakor r\u00f3zsaf\u00fcz\u00e9r \u00e1jtatoss\u00e1g. Ut\u00e1na szentmise, keret\u00e9ben P\u00e9nteki Egyetem (Besz\u00e9lget\u00e9sek a Katekizmusr\u00f3l). Majd jubileumi Imak\u00f6r: h\u00e1l\u00e1nk \u00e9s k\u00e9r\u00e9seink felaj\u00e1nl\u00e1sa a szents\u00e9gi sz\u00ednek alatt jelenl\u00e9v\u0151 Krisztusnak. * Okt\u00f3ber 7-\u00e9n, szombaton, Balingenben 17.00 \u00f3rakor szentmise. Ut\u00e1na \u00e1g\u00e1p\u00e9. Ulmban 18.30 \u00f3rakor \u201eNemzetek szentmis\u00e9je\u201d (Wengenkirche, Wengengasse 8, 89073 Ulm). A minket befogad\u00f3 n\u00e9met nyelv\u0171 egyh\u00e1zk\u00f6zs\u00e9g az eritreai, az olasz, a horv\u00e1t, a lengyel, a portug\u00e1l, a szlov\u00e9n \u00e9s a mi, magyar nyelv\u0171 r\u00e9szegyh\u00e1zk\u00f6zs\u00e9g\u00fcnkkel egy\u00fctt k\u00f6z\u00f6s szentmis\u00e9t \u00fcnnepel \u201eA hit sz\u00ednes gy\u00f6ngyszemei\u201d mott\u00f3val. Mindenkit szeretettel v\u00e1rnak, j\u00f6jj\u00fcnk el min\u00e9l t\u00f6bben! A szentmise ut\u00e1n bar\u00e1ti egy\u00fcttl\u00e9t. * Okt\u00f3ber 8-\u00e1n, vas\u00e1rnap, Magyarok Nagyasszonya \u00fcnnepe, Weingartenben 10.00 \u00f3rakor szentmise. Ut\u00e1na \u00e1g\u00e1p\u00e9. Ulmi templomb\u00facs\u00fa, 15.00 \u00f3rakor szentmise, ut\u00e1na \u00e1g\u00e1p\u00e9. * Minden helyen mindenkit szeretettel v\u00e1r a k\u00f6z\u00f6ss\u00e9g, Imre atya \u00e9s Tibor atya! &nbsp; \u201eM\u00e1ri\u00e1t,&#8230; aki \u00e1ldott az asszonyok k\u00f6z\u00f6tt, sohase l\u00e1tjuk t\u00e9tlennek. Megvan helye az Istennel val\u00f3 kiengesztel\u0151d\u00e9s\u00fcnkben. Mert ha sz\u00fcks\u00e9g\u00fcnk van k\u00f6zbenj\u00e1r\u00f3ra J\u00e9zusn\u00e1l, nem tal\u00e1lhatunk erre alkalmasabbat M\u00e1ri\u00e1n\u00e1l.\u201c (Szent Bern\u00e1t) \u00a0 Sz\u00e9p \u0151szi napokat, j\u00f3 munk\u00e1t, tartalmas besz\u00e9lget\u00e9seket \u00e9s \u00f6r\u00f6mteli tal\u00e1lkoz\u00e1sokat k\u00edv\u00e1nunk minden Kedves H\u00edv\u00fcnknek!","og_url":"https:\/\/stuttgarti-katolikusok.de\/index.php\/programelozetes-oktober-4-es-8-kozott\/","og_site_name":"Stuttgarti Katolikusok","article_published_time":"2017-10-02T05:57:56+00:00","article_modified_time":"2020-04-27T16:14:42+00:00","author":"Tibor atya","twitter_card":"summary_large_image","twitter_misc":{"Szerz\u0151:":"Tibor atya","Becs\u00fclt olvas\u00e1si id\u0151":"1 perc"},"schema":{"@context":"https:\/\/schema.org","@graph":[{"@type":"Article","@id":"https:\/\/stuttgarti-katolikusok.de\/index.php\/programelozetes-oktober-4-es-8-kozott\/#article","isPartOf":{"@id":"https:\/\/stuttgarti-katolikusok.de\/index.php\/programelozetes-oktober-4-es-8-kozott\/"},"author":{"name":"Tibor atya","@id":"https:\/\/stuttgarti-katolikusok.de\/#\/schema\/person\/75908d6f8fdc03a57889d27209df7795"},"headline":"Programel\u0151zetes okt\u00f3ber 4 \u00e9s 8 k\u00f6z\u00f6tt","datePublished":"2017-10-02T05:57:56+00:00","dateModified":"2020-04-27T16:14:42+00:00","mainEntityOfPage":{"@id":"https:\/\/stuttgarti-katolikusok.de\/index.php\/programelozetes-oktober-4-es-8-kozott\/"},"wordCount":275,"articleSection":["Progamel\u0151zetes"],"inLanguage":"hu"},{"@type":"WebPage","@id":"https:\/\/stuttgarti-katolikusok.de\/index.php\/programelozetes-oktober-4-es-8-kozott\/","url":"https:\/\/stuttgarti-katolikusok.de\/index.php\/programelozetes-oktober-4-es-8-kozott\/","name":"Programel\u0151zetes okt\u00f3ber 4 \u00e9s 8 k\u00f6z\u00f6tt - Stuttgarti Katolikusok","isPartOf":{"@id":"https:\/\/stuttgarti-katolikusok.de\/#website"},"datePublished":"2017-10-02T05:57:56+00:00","dateModified":"2020-04-27T16:14:42+00:00","author":{"@id":"https:\/\/stuttgarti-katolikusok.de\/#\/schema\/person\/75908d6f8fdc03a57889d27209df7795"},"breadcrumb":{"@id":"https:\/\/stuttgarti-katolikusok.de\/index.php\/programelozetes-oktober-4-es-8-kozott\/#breadcrumb"},"inLanguage":"hu","potentialAction":[{"@type":"ReadAction","target":["https:\/\/stuttgarti-katolikusok.de\/index.php\/programelozetes-oktober-4-es-8-kozott\/"]}]},{"@type":"BreadcrumbList","@id":"https:\/\/stuttgarti-katolikusok.de\/index.php\/programelozetes-oktober-4-es-8-kozott\/#breadcrumb","itemListElement":[{"@type":"ListItem","position":1,"name":"Kezd\u0151lap","item":"https:\/\/stuttgarti-katolikusok.de\/"},{"@type":"ListItem","position":2,"name":"Programel\u0151zetes okt\u00f3ber 4 \u00e9s 8 k\u00f6z\u00f6tt"}]},{"@type":"WebSite","@id":"https:\/\/stuttgarti-katolikusok.de\/#website","url":"https:\/\/stuttgarti-katolikusok.de\/","name":"Stuttgarti Katolikusok","description":"","potentialAction":[{"@type":"SearchAction","target":{"@type":"EntryPoint","urlTemplate":"https:\/\/stuttgarti-katolikusok.de\/?s={search_term_string}"},"query-input":{"@type":"PropertyValueSpecification","valueRequired":true,"valueName":"search_term_string"}}],"inLanguage":"hu"},{"@type":"Person","@id":"https:\/\/stuttgarti-katolikusok.de\/#\/schema\/person\/75908d6f8fdc03a57889d27209df7795","name":"Tibor atya","image":{"@type":"ImageObject","inLanguage":"hu","@id":"https:\/\/secure.gravatar.com\/avatar\/61d268e57d1f4525b111222e29d2d5a7f8c420fdbf231ba5566a8ceac74fa960?s=96&d=mm&r=g","url":"https:\/\/secure.gravatar.com\/avatar\/61d268e57d1f4525b111222e29d2d5a7f8c420fdbf231ba5566a8ceac74fa960?s=96&d=mm&r=g","contentUrl":"https:\/\/secure.gravatar.com\/avatar\/61d268e57d1f4525b111222e29d2d5a7f8c420fdbf231ba5566a8ceac74fa960?s=96&d=mm&r=g","caption":"Tibor atya"},"url":"https:\/\/stuttgarti-katolikusok.de\/index.php\/author\/tibor-atya\/"}]}},"_links":{"self":[{"href":"https:\/\/stuttgarti-katolikusok.de\/index.php\/wp-json\/wp\/v2\/posts\/12629","targetHints":{"allow":["GET"]}}],"collection":[{"href":"https:\/\/stuttgarti-katolikusok.de\/index.php\/wp-json\/wp\/v2\/posts"}],"about":[{"href":"https:\/\/stuttgarti-katolikusok.de\/index.php\/wp-json\/wp\/v2\/types\/post"}],"author":[{"embeddable":true,"href":"https:\/\/stuttgarti-katolikusok.de\/index.php\/wp-json\/wp\/v2\/users\/3"}],"replies":[{"embeddable":true,"href":"https:\/\/stuttgarti-katolikusok.de\/index.php\/wp-json\/wp\/v2\/comments?post=12629"}],"version-history":[{"count":2,"href":"https:\/\/stuttgarti-katolikusok.de\/index.php\/wp-json\/wp\/v2\/posts\/12629\/revisions"}],"predecessor-version":[{"id":12637,"href":"https:\/\/stuttgarti-katolikusok.de\/index.php\/wp-json\/wp\/v2\/posts\/12629\/revisions\/12637"}],"wp:attachment":[{"href":"https:\/\/stuttgarti-katolikusok.de\/index.php\/wp-json\/wp\/v2\/media?parent=12629"}],"wp:term":[{"taxonomy":"category","embeddable":true,"href":"https:\/\/stuttgarti-katolikusok.de\/index.php\/wp-json\/wp\/v2\/categories?post=12629"},{"taxonomy":"post_tag","embeddable":true,"href":"https:\/\/stuttgarti-katolikusok.de\/index.php\/wp-json\/wp\/v2\/tags?post=12629"}],"curies":[{"name":"wp","href":"https:\/\/api.w.org\/{rel}","templated":true}]}}