{"id":12625,"date":"2017-10-02T05:51:54","date_gmt":"2017-10-02T05:51:54","guid":{"rendered":"https:\/\/gracious-dewdney.138-201-221-2.plesk.page\/?p=12625"},"modified":"2017-10-02T12:12:26","modified_gmt":"2017-10-02T12:12:26","slug":"baratom-2017-oktobere","status":"publish","type":"post","link":"https:\/\/stuttgarti-katolikusok.de\/index.php\/baratom-2017-oktobere\/","title":{"rendered":"Bar\u00e1tom &#8211; 2017 okt\u00f3bere"},"content":{"rendered":"<p><strong>2 0 1 7\u00a0\u00a0\u00a0 O\u00a0 K\u00a0 T\u00a0 \u00d3\u00a0 B\u00a0 E\u00a0 R <\/strong><\/p>\n<p><strong>\u00a0<em>\u201e<\/em><\/strong><em>Az im\u00e1ds\u00e1gnak nincs \u2019tudom\u00e1nyos\u2019 \u00e9rtelme. <\/em><em>De ez a tudom\u00e1ny szeg\u00e9nys\u00e9ge, nem az im\u00e1\u00e9. Az igaz\u00e1n nagy tud\u00f3sok j\u00f3l ismerik az ima jelent\u0151s\u00e9g\u00e9t.\u201d (M\u00fcller P\u00e9ter)<\/em><\/p>\n<table>\n<tbody>\n<tr>\n<td width=\"900\"><\/td>\n<\/tr>\n<\/tbody>\n<\/table>\n<p><strong>A\u00a0 R\u00d3ZSAF\u00dcZ\u00c9R EREDETE<\/strong><\/p>\n<p>A r\u00f3zsaf\u00fcz\u00e9r eredet\u00e9t sokan tanulm\u00e1nyozt\u00e1k. Most csak r\u00f6viden utalunk az eredet\u00e9re, amelyet tulajdonk\u00e9ppen n\u00e9gy im\u00e1ds\u00e1gban tal\u00e1lunk meg: a zsolt\u00e1roz\u00e1sban, a Miaty\u00e1nkban, az \u00dcdv\u00f6zl\u00e9gyben \u00e9s az imal\u00e1ncokban. Ezekb\u0151l ad\u00f3dott \u00f6ssze hossz\u00fa\u00a0 sz\u00e1zadok sor\u00e1n a ma ismert r\u00f3zsaf\u00fcz\u00e9r.<\/p>\n<p>A 13. sz\u00e1zadban a szerzetesek (benc\u00e9sek, ferencesek, domonkosok stb.) k\u00f3rusban im\u00e1dkozt\u00e1k a zsolt\u00e1rokat, n\u00e9h\u00e1ny helyen mind a 150 zsolt\u00e1rt. Azok a bar\u00e1tok, akik nem tudtak olvasni, 150 Miaty\u00e1nkot mondtak a zsolt\u00e1rok helyett.<\/p>\n<p>Val\u00f3sz\u00edn\u0171leg mag\u00e1njelen\u00e9s form\u00e1j\u00e1ban Szent Domonkos kapta az \u00fczenetet, hogy a Miaty\u00e1nk helyett az \u00dcdv\u00f6zl\u00e9gyet im\u00e1dkozz\u00e1k 150-szer.<\/p>\n<p>Akkoriban teh\u00e1t a r\u00f3zsaf\u00fcz\u00e9r 150 \u00dcdv\u00f6zl\u00e9gyb\u0151l \u00e1llt, de az \u00dcdv\u00f6zl\u00e9gynek m\u00e9g\u00a0 csak az els\u0151, szent\u00edr\u00e1si r\u00e9sz\u00e9t mondt\u00e1k (a m\u00e1sodik r\u00e9sz: Asszonyunk Sz\u0171z M\u00e1ria\u2026 majd csak a 17. sz\u00e1zadban ker\u00fclt az \u00dcdv\u00f6zl\u00e9gyhez). IV. Orb\u00e1n p\u00e1pa 1263-ban hozz\u00e1adta az \u00dcdv\u00f6zl\u00e9gyhez a &#8222;J\u00e9zus&#8221; nevet.<\/p>\n<p>Ez alkalmat adott a 15. sz\u00e1zadban a rajnav\u00f6lgyi karthauzi szerzeteseknek arra, hogy minden egyes \u00dcdv\u00f6zl\u00e9gyhez hozz\u00e1adjanak egy titkot J\u00e9zus \u00e9let\u00e9b\u0151l, amin azt\u00e1n elm\u00e9lkedni, szeml\u00e9l\u0151dni tudtak. Mivel t\u00f6bbnyire csak 50 \u00dcdv\u00f6zl\u00e9gyet mondtak, ez\u00e9rt\u00a0 50 titkot soroltak fel. Vannak viszont olyan list\u00e1k is, amelyek 150 \u00dcdv\u00f6zl\u00e9gyet, \u00e9s term\u00e9szetszer\u0171leg ugyanennyi titkot tartalmaznak.<\/p>\n<p>A karthauzi szerzetesek egy\u00e9bk\u00e9nt a r\u00f3zsaf\u00fcz\u00e9rrel az \u0151skereszt\u00e9ny pusztai remet\u00e9k szok\u00e1s\u00e1t k\u00f6vett\u00e9k, akik egy-egy zsolt\u00e1rt egy\u00fctt elmondtak, majd csendben t\u00e9rdelve vagy leborulva azon hosszasan elm\u00e9lkedtek, \u00e9s a v\u00e9g\u00e9n az el\u00f6lj\u00e1r\u00f3 \u00f6sszefoglalta az egy\u00e9ni im\u00e1kat a &#8222;zsolt\u00e1rkollekt\u00e1val&#8221;. A karthauziak elmondt\u00e1k az \u00dcdv\u00f6zl\u00e9gy els\u0151 r\u00e9sz\u00e9t k\u00f6z\u00f6sen, majd J\u00e9zus nev\u00e9hez hozz\u00e1f\u0171zt\u00e9k a megfelel\u0151 titkot, v\u00e9g\u00fcl azon hosszasan egy\u00e9nileg elm\u00e9lkedtek.<\/p>\n<p>\u00dagy t\u0171nik, hogy a titkoknak els\u0151 ilyen sorozata a karthauzi Esseni Adolf (+1439), valamint tan\u00edtv\u00e1nya, Porosz Domonkos (+1460) m\u0171ve, aki val\u00f3sz\u00edn\u0171leg t\u00f6bb ilyen sorozatnak a szerz\u0151je.<\/p>\n<p>Valamivel k\u00e9s\u0151bb (1470) Alanus de Rupe (+1475), domonkos szerzetes Douaiban, Jakob Sprenger domonkos atya pedig K\u00f6lnben (1475) megalap\u00edtott\u00e1k az els\u0151 R\u00f3zsaf\u00fcz\u00e9r T\u00e1rsas\u00e1got, amely nagyban hozz\u00e1j\u00e1rult ennek az \u00e1jtatoss\u00e1gnak az elterjed\u00e9s\u00e9hez.<\/p>\n<p>A r\u00f3zsaf\u00fcz\u00e9r im\u00e1dkoz\u00e1s\u00e1t V. Szent Piusz p\u00e1pa szorgalmazta, aki maga is domonkos volt. \u0150 volt az, aki hivatalosan j\u00f3v\u00e1hagyta a r\u00f3zsaf\u00fcz\u00e9rt (1568). \u00c9s ugyancsak \u0151 volt az, aki k\u00fcl\u00f6n \u00fcnnepet rendelt el R\u00f3zsaf\u00fcz\u00e9r Kir\u00e1lyn\u00e9ja,\u00a0 &#8222;Gy\u0151zedelmes Nagyasszonyunk&#8221; tisztelet\u00e9re 1572. okt\u00f3ber 7-\u00e9n, mivel \u00e9ppen egy \u00e9vvel azel\u0151tt (1571. okt\u00f3ber 7) ezen a napon gy\u0151zte a t\u00f6r\u00f6k haj\u00f3hadat Lepant\u00f3n\u00e1l a kereszt\u00e9ny had &#8211; a r\u00f3zsaf\u00fcz\u00e9r-imahadj\u00e1rat eredm\u00e9nyek\u00e9nt.<\/p>\n<p>Az \u00fcnnep nev\u00e9t azt\u00e1n XIII. Gergely p\u00e1pa 1573-ban a &#8222;R\u00f3zsaf\u00fcz\u00e9r Kir\u00e1lyn\u0151je&#8221; c\u00edm\u00e9re v\u00e1ltoztatta.<\/p>\n<p>A dics\u0151s\u00e9g \u00e9s az apostoli hitvall\u00e1s, valamint az 5 tizedet megel\u0151z\u0151 3 \u00dcdv\u00f6zl\u00e9gy az isteni er\u00e9nyekkel \u2013 hit, rem\u00e9ny, szeretet \u2013 kapcsolatban, a tridenti zsinat ut\u00e1n, a 16. sz\u00e1zadban ker\u00fclt hozz\u00e1 Montforti Grignion Szent Lajos atya (1673-1716) j\u00f3volt\u00e1b\u00f3l. A r\u00f3zsaf\u00fcz\u00e9r titkainak sz\u00e1m\u00e1t is ebben az id\u0151ben cs\u00f6kkentett\u00e9k 15-re, vagyis ezut\u00e1n az \u00f6rvendetes, a f\u00e1jdalmas \u00e9s a dics\u0151s\u00e9ges r\u00f3zsaf\u00fcz\u00e9r minden egyes tized\u00e9nek csak egyetlen titka volt.<\/p>\n<p>1884-ben <em>XIII. Le\u00f3<\/em> p\u00e1pa az okt\u00f3beri h\u00f3napot a r\u00f3zsaf\u00fcz\u00e9r h\u00f3napj\u00e1nak jelentette ki.<\/p>\n<p>Amikor 1917. j\u00falius 13\u00e1n a Sz\u0171zanya megjelent Fatim\u00e1ban a h\u00e1rom l\u00e1tnoknak, azt k\u00e9rte t\u0151l\u00fck, hogy minden titok befejez\u00e9sek\u00e9ppen m\u00e9g im\u00e1dkozz\u00e1k el az: <em>\u201e\u00d3, J\u00e9zusom, bocs\u00e1sd meg b\u0171neinket, ments meg minket a pokol t\u00fcz\u00e9t\u0151l, vidd a mennybe a lelkeket, k\u00fcl\u00f6n\u00f6sen azokat, akik legjobban r\u00e1szorulnak irgalmadra.\u201c\u00a0 <\/em>im\u00e1ds\u00e1got.<\/p>\n<p>1974-ben <em>VI. P\u00e1l p\u00e1pa<\/em> a <em>\u201eMarialis cultus\u201c<\/em> kezdet\u0171 apostoli \u00edr\u00e1s\u00e1ban a r\u00f3zsaf\u00fcz\u00e9rt a csal\u00e1dok im\u00e1ds\u00e1gak\u00e9nt aj\u00e1nlotta.<\/p>\n<p>V\u00e9g\u00fcl <em>Szent II. J\u00e1nos P\u00e1l<\/em> p\u00e1pa 2002 okt\u00f3ber\u00e9t\u0151l 2003 okt\u00f3ber\u00e9ig egy k\u00fcl\u00f6n M\u00e1ria-\u00e9vet ki\u00e1ltott ki, \u00e9s \u00edr\u00e1s\u00e1ban 5 \u00faj titkot a \u201evil\u00e1goss\u00e1g r\u00f3zsaf\u00fcz\u00e9re\u201c.<\/p>\n<p>Hogyan im\u00e1dkozzuk a r\u00f3zsaf\u00fcz\u00e9rt?<\/p>\n<p>A r\u00f3zsaf\u00fcz\u00e9r k\u00f6z\u00f6ss\u00e9gben val\u00f3 im\u00e1dkoz\u00e1s\u00e1nak t\u00f6bbf\u00e9le v\u00e1ltozata lehets\u00e9ges. Megfelel\u0151nek l\u00e1tszik, ha egy el\u0151im\u00e1dkoz\u00f3 vezeti az im\u00e1ds\u00e1got, a h\u00edvek pedig folytatj\u00e1k az \u00e1ltala elkezdett im\u00e1t. A n\u00e9gy r\u00f3zsaf\u00fcz\u00e9rt a k\u00f6vetkez\u0151k\u00e9ppen im\u00e1dkozhatjuk: h\u00e9tf\u0151n \u00e9s szombaton az \u00f6rvendetes r\u00f3zsaf\u00fcz\u00e9rt, cs\u00fct\u00f6rt\u00f6k\u00f6n a vil\u00e1goss\u00e1g titkait, kedden \u00e9s p\u00e9nteken a f\u00e1jdalmasat \u00e9s szerd\u00e1n, valamint vas\u00e1rnap a dics\u0151s\u00e9geset. Ett\u0151l azonban el is lehet t\u00e9rni.<\/p>\n<p>A r\u00f3zsaf\u00fcz\u00e9rt keresztvet\u00e9ssel kezdj\u00fck, majd elmondjuk az Apostoli hitvall\u00e1st. Az els\u0151 szemekre elmondjuk a bevezet\u0151 im\u00e1kat: Mi Aty\u00e1nk\u2026, h\u00e1rom \u00dcdv\u00f6zl\u00e9gy M\u00e1ria a megfelel\u0151 titkokkal \u00e9s Dics\u0151s\u00e9g. Ezt k\u00f6vet\u0151en kezdj\u00fck az els\u0151 tizedet a Miaty\u00e1nkkal \u00e9s a t\u00edz \u00dcdv\u00f6zl\u00e9ggyel. A tizedek v\u00e9g\u00e9n a Dics\u0151s\u00e9get im\u00e1dkozzuk. Sok helyen szok\u00e1sban van, hogy elim\u00e1dkozz\u00e1k a k\u00f6vetkez\u0151 im\u00e1ds\u00e1got.<\/p>\n<p><em>\u00a0Forr\u00e1s: <\/em><em><a href=\"http:\/\/uj.katolikus.hu\/lelkiseg.php?h=14\">http:\/\/uj.katolikus.hu\/lelkiseg.php?h=14<\/a><\/em><\/p>\n<p>&nbsp;<\/p>\n<p><em>\u00a0<\/em><strong>S Z E N T M I S \u00c9 I N K<\/strong><\/p>\n<p><strong>\u00a0<\/strong><em>Munderkingen\u00a0\u00a0\u00a0\u00a0\u00a0\u00a0\u00a0\u00a0\u00a0\u00a0\u00a0\u00a0\u00a0 <\/em>okt\u00f3ber 01 vas\u00e1rnap\u00a0\u00a0\u00a0\u00a0\u00a0\u00a0\u00a0\u00a0\u00a0\u00a0\u00a0\u00a0\u00a0\u00a0\u00a0\u00a0 09.00 \u00f3ra<\/p>\n<p><em>Schw\u00e4bisch Gm\u00fcnd \u00a0\u00a0\u00a0\u00a0 <\/em>okt\u00f3ber 01 vas\u00e1rnap\u00a0\u00a0\u00a0\u00a0\u00a0\u00a0\u00a0\u00a0\u00a0\u00a0\u00a0\u00a0\u00a0\u00a0\u00a0\u00a0 09.30 \u00f3ra<\/p>\n<p><em>Stuttgart\u00a0\u00a0\u00a0\u00a0\u00a0\u00a0\u00a0\u00a0\u00a0\u00a0\u00a0\u00a0\u00a0\u00a0\u00a0\u00a0\u00a0\u00a0\u00a0\u00a0\u00a0\u00a0 <\/em>okt\u00f3ber 01 vas\u00e1rnap\u00a0\u00a0\u00a0\u00a0\u00a0\u00a0\u00a0\u00a0\u00a0\u00a0\u00a0\u00a0\u00a0\u00a0\u00a0\u00a0 15.00 \u00f3ra<\/p>\n<p><em>Balingen\u00a0\u00a0\u00a0\u00a0\u00a0\u00a0\u00a0\u00a0\u00a0\u00a0\u00a0\u00a0\u00a0\u00a0\u00a0\u00a0\u00a0\u00a0\u00a0\u00a0\u00a0\u00a0 <\/em>okt\u00f3ber 07 szombat\u00a0\u00a0\u00a0\u00a0\u00a0\u00a0\u00a0\u00a0\u00a0\u00a0\u00a0\u00a0\u00a0\u00a0\u00a0\u00a0\u00a0 17.00 \u00f3ra <strong>!!!<\/strong><\/p>\n<p><em>Weingarten<\/em> \u00a0\u00a0\u00a0\u00a0\u00a0\u00a0\u00a0\u00a0\u00a0\u00a0\u00a0\u00a0\u00a0\u00a0\u00a0\u00a0 okt\u00f3ber 08 vas\u00e1rnap \u00a0\u00a0\u00a0\u00a0\u00a0\u00a0\u00a0\u00a0\u00a0\u00a0\u00a0\u00a0\u00a0\u00a0\u00a0 10.00 \u00f3ra<\/p>\n<p><em>Ulm<\/em> \u00a0\u00a0\u00a0\u00a0\u00a0\u00a0\u00a0\u00a0\u00a0\u00a0\u00a0\u00a0\u00a0\u00a0\u00a0\u00a0\u00a0\u00a0\u00a0\u00a0\u00a0\u00a0\u00a0\u00a0\u00a0\u00a0\u00a0 okt\u00f3ber 08 vas\u00e1rnap \u00a0\u00a0\u00a0\u00a0\u00a0\u00a0\u00a0\u00a0\u00a0\u00a0\u00a0\u00a0\u00a0\u00a0\u00a0 15.00 \u00f3ra <strong>!!!<\/strong><\/p>\n<p><em>Friedrichshafen-Berg\u00a0\u00a0\u00a0 <\/em>okt\u00f3ber 14 szombat\u00a0\u00a0\u00a0\u00a0\u00a0\u00a0\u00a0\u00a0\u00a0\u00a0\u00a0\u00a0\u00a0\u00a0\u00a0\u00a0\u00a0 17.00 \u00f3ra<\/p>\n<p><em>Ludwigsburg\u00a0\u00a0\u00a0\u00a0\u00a0\u00a0\u00a0\u00a0\u00a0\u00a0\u00a0\u00a0\u00a0\u00a0\u00a0\u00a0 <\/em>okt\u00f3ber 15 vas\u00e1rnap\u00a0\u00a0\u00a0\u00a0\u00a0\u00a0\u00a0\u00a0\u00a0\u00a0\u00a0\u00a0\u00a0\u00a0\u00a0\u00a0 09.30 \u00f3ra<\/p>\n<p><em>Stuttgart\u00a0\u00a0\u00a0\u00a0\u00a0\u00a0\u00a0\u00a0\u00a0\u00a0\u00a0\u00a0\u00a0\u00a0\u00a0\u00a0\u00a0\u00a0\u00a0\u00a0\u00a0\u00a0 <\/em>okt\u00f3ber 15 vas\u00e1rnap\u00a0\u00a0\u00a0\u00a0\u00a0\u00a0\u00a0 \u00a0\u00a0\u00a0\u00a0\u00a0\u00a0\u00a0\u00a0 15.00 \u00f3ra <strong>!!!<\/strong><\/p>\n<p><em>Heidenheim\u00a0\u00a0\u00a0\u00a0\u00a0\u00a0\u00a0\u00a0\u00a0\u00a0\u00a0\u00a0\u00a0\u00a0\u00a0\u00a0\u00a0 <\/em>okt\u00f3ber 21 szombat\u00a0\u00a0\u00a0\u00a0\u00a0\u00a0\u00a0\u00a0\u00a0\u00a0\u00a0\u00a0\u00a0\u00a0\u00a0\u00a0\u00a0 15.30 \u00f3ra<\/p>\n<p><em>Biberach\u00a0\u00a0\u00a0\u00a0\u00a0\u00a0\u00a0\u00a0\u00a0\u00a0\u00a0\u00a0\u00a0\u00a0\u00a0\u00a0\u00a0\u00a0\u00a0\u00a0\u00a0 <\/em>okt\u00f3ber 22 vas\u00e1rnap\u00a0\u00a0\u00a0\u00a0\u00a0\u00a0\u00a0\u00a0\u00a0\u00a0\u00a0\u00a0\u00a0\u00a0\u00a0\u00a0 08.45 \u00f3ra<\/p>\n<p><em>B\u00f6blingen\u00a0\u00a0\u00a0\u00a0\u00a0\u00a0\u00a0\u00a0\u00a0\u00a0\u00a0\u00a0\u00a0\u00a0\u00a0\u00a0\u00a0\u00a0\u00a0\u00a0 <\/em>okt\u00f3ber 22 vas\u00e1rnap\u00a0\u00a0\u00a0\u00a0\u00a0\u00a0\u00a0\u00a0\u00a0\u00a0\u00a0\u00a0\u00a0\u00a0\u00a0\u00a0 09.30 \u00f3ra<\/p>\n<p><em>Ulm\u00a0\u00a0\u00a0\u00a0\u00a0\u00a0\u00a0\u00a0\u00a0\u00a0\u00a0\u00a0\u00a0\u00a0\u00a0\u00a0\u00a0\u00a0\u00a0\u00a0\u00a0\u00a0\u00a0\u00a0\u00a0\u00a0\u00a0\u00a0 <\/em>okt\u00f3ber 22 vas\u00e1rnap\u00a0\u00a0\u00a0\u00a0\u00a0\u00a0\u00a0\u00a0\u00a0\u00a0\u00a0\u00a0\u00a0\u00a0\u00a0\u00a0 12.00 \u00f3ra<\/p>\n<p><em>Eislingen\u00a0\u00a0\u00a0\u00a0\u00a0\u00a0\u00a0\u00a0\u00a0\u00a0\u00a0\u00a0\u00a0\u00a0\u00a0\u00a0\u00a0\u00a0\u00a0\u00a0\u00a0 <\/em>okt\u00f3ber 22 vas\u00e1rnap\u00a0\u00a0\u00a0\u00a0\u00a0\u00a0\u00a0\u00a0\u00a0\u00a0\u00a0\u00a0\u00a0\u00a0\u00a0\u00a0 15.00 \u00f3ra<\/p>\n<p><em>Heilbronn\u00a0\u00a0\u00a0\u00a0\u00a0\u00a0\u00a0\u00a0\u00a0\u00a0\u00a0\u00a0\u00a0\u00a0\u00a0\u00a0\u00a0\u00a0\u00a0\u00a0 <\/em>okt\u00f3ber 22 vas\u00e1rnap\u00a0\u00a0\u00a0\u00a0\u00a0\u00a0\u00a0\u00a0\u00a0\u00a0\u00a0\u00a0\u00a0\u00a0\u00a0\u00a0 15.30 \u00f3ra<\/p>\n<p><em>Tuttlingen\u00a0\u00a0\u00a0\u00a0\u00a0\u00a0\u00a0\u00a0\u00a0\u00a0\u00a0\u00a0\u00a0\u00a0\u00a0\u00a0\u00a0\u00a0\u00a0\u00a0 <\/em>okt\u00f3ber 29 vas\u00e1rnap\u00a0\u00a0\u00a0\u00a0\u00a0\u00a0\u00a0\u00a0\u00a0\u00a0\u00a0\u00a0\u00a0\u00a0\u00a0\u00a0 15.00 \u00f3ra<\/p>\n<p>&nbsp;<\/p>\n<p><strong>K\u00d6ZLEM\u00c9NYEK \u2013 RENDEZV\u00c9NYEK<\/strong><\/p>\n<p><strong>Stuttgart<\/strong>ban p\u00e9ntekenk\u00e9nt 17.50 \u00f3rakor <em>r\u00f3zsaf\u00fcz\u00e9r,<\/em> majd <em>szentmise<\/em>. H\u00edveinket <strong>okt\u00f3ber<\/strong> 6-\u00e1n, 13-\u00e1n, 20-\u00e1n \u00e9s 27-\u00e9n v\u00e1rjuk. A <strong>Bar\u00e1ts\u00e1gklub <\/strong>tagjai is ugyanezeken a napokon tal\u00e1lkoznak, 16.00 \u00f3rakor, a <em>K\u00f6z\u00f6ss\u00e9gi Teremben<\/em>. Mindenkit szeretettel v\u00e1rnak!<\/p>\n<p><strong>*<\/strong><\/p>\n<p><strong>Ulmban<\/strong> cs\u00fct\u00f6rt\u00f6k\u00f6nk\u00e9nt, <strong>Weingarten<\/strong>ben pedig p\u00e9ntekenk\u00e9nt <em>a h\u00e9tk\u00f6znapi szentmis\u00e9k<\/em> \u2013 Tibor atya betegs\u00e9ge miatt \u2013 egyel\u0151re sz\u00fcnetelnek.<\/p>\n<p style=\"text-align: center;\"><strong>*<\/strong><\/p>\n<p><strong>Okt\u00f3ber 1-j\u00e9n<\/strong>, vas\u00e1rnap, <strong>Stuttgart<\/strong>ban a 15.00 \u00f3rakor kezd\u0151d\u0151<em> szentmise<\/em> ut\u00e1n &#8211; <em>Mindszenty J\u00f3zsef sz\u00fclet\u00e9s\u00e9nek 125. \u00e9ve<\/em> alkalm\u00e1b\u00f3l &#8211; <strong>Dr. Baumgartner Bernadette<\/strong> tart el\u0151ad\u00e1st. El\u0151ad\u00e1s\u00e1nak c\u00edme: <em>P\u00e1rhuzamos \u00e9letrajzok. Mindszenty J\u00f3zsef \u00e9s M\u00e1rton \u00c1ron.<\/em> Mindenkit szeretettel v\u00e1runk!<\/p>\n<p style=\"text-align: center;\"><strong>*<\/strong><\/p>\n<p><strong>Okt\u00f3ber 7-\u00e9n, <\/strong>szombaton, <strong><em>gyalog-zari. <\/em>\u00a0<\/strong>\u00datir\u00e1ny: a<strong> Hohenzollern-v\u00e1r. <\/strong>Tal\u00e1lkozunk a l\u00e1b\u00e1n\u00e1l fekv\u0151 vend\u00e9gl\u0151n\u00e9l (Brielhof) 10 \u00f3rakor. Onnan felmegy\u00fcnk gyalog a v\u00e1rhoz, majd lej\u00f6v\u00fcnk, \u00e9s ut\u00e1na r\u00e9szt vesz\u00fcnk <em>a balingeni egyh\u00e1zk\u00f6zs\u00e9g\u00fcnk szentmis\u00e9j\u00e9n<\/em> \u00e9s \u00e1g\u00e1p\u00e9j\u00e1n. Aki vel\u00fcnk akar tartani, jelentkezzen az Irod\u00e1n!<\/p>\n<p style=\"text-align: center;\">*<\/p>\n<p><strong>Okt\u00f3ber 8-\u00e1n<\/strong>, vas\u00e1rnap <strong><em>Magyarok Nagyasszonya<\/em><\/strong><em>, <\/em>az <strong><em>ulmi<\/em><\/strong> egyh\u00e1zk\u00f6zs\u00e9g <strong><em>b\u00facs\u00faja<\/em>.<\/strong> A 15.00 \u00f3rakor kezd\u0151d\u0151 <em>szentmis\u00e9t<\/em> <em>\u00e1g\u00e1p\u00e9<\/em> k\u00f6veti. Mindenkit szeretettel v\u00e1runk!<\/p>\n<p style=\"text-align: center;\">*<\/p>\n<p><strong>Okt\u00f3ber 15-\u00e9n<\/strong>, vas\u00e1rnap, Stuttgartban <strong><em>Nemzeti \u00dcnnep.<\/em> <\/strong>15.00 \u00f3rakor <em>\u00f6kumenikus istentisztelet<\/em>\u00a0 a Bruder Klaus templomban. Ut\u00e1na <em>kult\u00farm\u0171sor<\/em>, keret\u00e9ben <em>ki\u00e1ll\u00edt\u00e1s-megnyit\u00f3<\/em>, majd <em>\u00e1ll\u00f3fogad\u00e1s<\/em>! Minden H\u00edv\u00fcnket \u00e9s minden j\u00f3sz\u00e1nd\u00e9k\u00fa magyart szeretettel v\u00e1runk!<\/p>\n<p style=\"text-align: center;\">*<\/p>\n<p>Az idei esztend\u0151ben \u00fcnnepelj\u00fck az <strong>aacheni magyar k\u00e1polna 650 \u00e9ves jubileum\u00e1<\/strong>t. A megeml\u00e9kez\u00e9s <strong>okt\u00f3ber 29-\u00e9n, <\/strong>vas\u00e1rnap lesz. A szentmise 14.00 \u00f3rakor kezd\u0151dik. A <em>szentbesz\u00e9dre<\/em> \u00e9s az ut\u00e1na k\u00f6vetkez\u0151 <em>el\u0151ad\u00e1sra<\/em> engem k\u00e9rtek fel. Egyh\u00e1zk\u00f6zs\u00e9g\u00fcnk <em>zar\u00e1ndoklatot<\/em> ind\u00edt, amelyre iratkozni az Irod\u00e1nkon lehet.<\/p>\n<p style=\"text-align: center;\">*<\/p>\n<p><strong>Stuttgartban, <\/strong>p\u00e9nteken, <strong>okt\u00f3ber 6-\u00e1n<\/strong> 19.00 \u00f3rakor <em>Imak\u00f6r, <\/em><strong>13-\u00e1n <\/strong>\u00e9s <strong>27-\u00e9n<\/strong> 19.00 \u00f3rakor <em>Sportklub, <\/em><strong>20-\u00e1n pedig<\/strong> 19.00 \u00f3rakor <em>Bibliak\u00f6r. <\/em>Mindenkit szeretettel v\u00e1runk! <strong>\u00a0<\/strong><\/p>\n<p style=\"text-align: center;\">*<\/p>\n<p><strong>Nevess vel\u00fcnk \u2013 <\/strong><em>Egy archeol\u00f3gus \u00e9ppen a Negev-sivatagban v\u00e9gez \u00e1sat\u00e1sokat Izraelben, amikor egy kopors\u00f3t tal\u00e1l, benne m\u00fami\u00e1val. Azonnal h\u00edvja a m\u00fazeum tud\u00f3s\u00e1t, \u00e9s k\u00f6zli vele, hogy egy sz\u00edvinfarktusban elpusztult, 3000 \u00e9ves f\u00e9rfi m\u00fami\u00e1ra tal\u00e1lt. A tud\u00f3s megk\u00e9ri, hozz\u00e1k be a leletet, hogy pontosabban megvizsg\u00e1lhassa. Egy h\u00e9ttel k\u00e9s\u0151bb telefonon h\u00edvj\u00e1k az archeol\u00f3gust, \u00e9s d\u00f6bbenten k\u00f6zlik vele: &#8211; Uram, \u00f6nnek igaza volt! Hogyan tudott ilyen pontosan meg\u00e1llap\u00edtani? &#8211; Egyszer\u0171en. A m\u00famia egy cetlit tartott a kez\u00e9ben, a k\u00f6vetkez\u0151 felirattal: &#8222;10.000 sh\u00e9kel G\u00f3li\u00e1tra&#8221;.<\/em><\/p>\n","protected":false},"excerpt":{"rendered":"<p>2 0 1 7\u00a0\u00a0\u00a0 O\u00a0 K\u00a0 T\u00a0 \u00d3\u00a0 B\u00a0 E\u00a0 R \u00a0\u201eAz im\u00e1ds\u00e1gnak nincs \u2019tudom\u00e1nyos\u2019 \u00e9rtelme. De ez a tudom\u00e1ny szeg\u00e9nys\u00e9ge, nem az im\u00e1\u00e9. Az igaz\u00e1n nagy tud\u00f3sok j\u00f3l ismerik az ima jelent\u0151s\u00e9g\u00e9t.\u201d (M\u00fcller P\u00e9ter) A\u00a0 R\u00d3ZSAF\u00dcZ\u00c9R EREDETE A r\u00f3zsaf\u00fcz\u00e9r eredet\u00e9t sokan tanulm\u00e1nyozt\u00e1k. Most csak r\u00f6viden utalunk az eredet\u00e9re, amelyet tulajdonk\u00e9ppen n\u00e9gy im\u00e1ds\u00e1gban tal\u00e1lunk meg: a zsolt\u00e1roz\u00e1sban, a Miaty\u00e1nkban, az \u00dcdv\u00f6zl\u00e9gyben \u00e9s az imal\u00e1ncokban. Ezekb\u0151l ad\u00f3dott \u00f6ssze hossz\u00fa\u00a0 sz\u00e1zadok sor\u00e1n a ma ismert r\u00f3zsaf\u00fcz\u00e9r. A 13. sz\u00e1zadban a szerzetesek (benc\u00e9sek, ferencesek, domonkosok stb.) k\u00f3rusban im\u00e1dkozt\u00e1k a zsolt\u00e1rokat, n\u00e9h\u00e1ny helyen mind a 150 zsolt\u00e1rt. Azok a bar\u00e1tok, akik nem tudtak olvasni, 150 Miaty\u00e1nkot mondtak a zsolt\u00e1rok helyett. Val\u00f3sz\u00edn\u0171leg mag\u00e1njelen\u00e9s form\u00e1j\u00e1ban Szent Domonkos kapta az \u00fczenetet, hogy a Miaty\u00e1nk helyett az \u00dcdv\u00f6zl\u00e9gyet im\u00e1dkozz\u00e1k 150-szer. Akkoriban teh\u00e1t a r\u00f3zsaf\u00fcz\u00e9r 150 \u00dcdv\u00f6zl\u00e9gyb\u0151l \u00e1llt, de az \u00dcdv\u00f6zl\u00e9gynek m\u00e9g\u00a0 csak az els\u0151, szent\u00edr\u00e1si r\u00e9sz\u00e9t mondt\u00e1k (a m\u00e1sodik r\u00e9sz: Asszonyunk Sz\u0171z M\u00e1ria\u2026 majd csak a 17. sz\u00e1zadban ker\u00fclt az \u00dcdv\u00f6zl\u00e9gyhez). IV. Orb\u00e1n p\u00e1pa 1263-ban hozz\u00e1adta az \u00dcdv\u00f6zl\u00e9gyhez a &#8222;J\u00e9zus&#8221; nevet. Ez alkalmat adott a 15. sz\u00e1zadban a rajnav\u00f6lgyi karthauzi szerzeteseknek arra, hogy minden egyes \u00dcdv\u00f6zl\u00e9gyhez hozz\u00e1adjanak egy titkot J\u00e9zus \u00e9let\u00e9b\u0151l, amin azt\u00e1n elm\u00e9lkedni, szeml\u00e9l\u0151dni tudtak. Mivel t\u00f6bbnyire csak 50 \u00dcdv\u00f6zl\u00e9gyet mondtak, ez\u00e9rt\u00a0 50 titkot soroltak fel. Vannak viszont olyan list\u00e1k is, amelyek 150 \u00dcdv\u00f6zl\u00e9gyet, \u00e9s term\u00e9szetszer\u0171leg ugyanennyi titkot tartalmaznak. A karthauzi szerzetesek egy\u00e9bk\u00e9nt a r\u00f3zsaf\u00fcz\u00e9rrel az \u0151skereszt\u00e9ny pusztai remet\u00e9k szok\u00e1s\u00e1t k\u00f6vett\u00e9k, akik egy-egy zsolt\u00e1rt egy\u00fctt elmondtak, majd csendben t\u00e9rdelve vagy leborulva azon hosszasan elm\u00e9lkedtek, \u00e9s a v\u00e9g\u00e9n az el\u00f6lj\u00e1r\u00f3 \u00f6sszefoglalta az egy\u00e9ni im\u00e1kat a &#8222;zsolt\u00e1rkollekt\u00e1val&#8221;. A karthauziak elmondt\u00e1k az \u00dcdv\u00f6zl\u00e9gy els\u0151 r\u00e9sz\u00e9t k\u00f6z\u00f6sen, majd J\u00e9zus nev\u00e9hez hozz\u00e1f\u0171zt\u00e9k a megfelel\u0151 titkot, v\u00e9g\u00fcl azon hosszasan egy\u00e9nileg elm\u00e9lkedtek. \u00dagy t\u0171nik, hogy a titkoknak els\u0151 ilyen sorozata a karthauzi Esseni Adolf (+1439), valamint tan\u00edtv\u00e1nya, Porosz Domonkos (+1460) m\u0171ve, aki val\u00f3sz\u00edn\u0171leg t\u00f6bb ilyen sorozatnak a szerz\u0151je. Valamivel k\u00e9s\u0151bb (1470) Alanus de Rupe&#8230; <\/p>\n<p><a class=\"readmore\" href=\"https:\/\/stuttgarti-katolikusok.de\/index.php\/baratom-2017-oktobere\/\">R\u00e9szletek<\/a><\/p>\n","protected":false},"author":3,"featured_media":0,"comment_status":"closed","ping_status":"closed","sticky":false,"template":"","format":"standard","meta":{"footnotes":""},"categories":[29],"tags":[],"class_list":["post-12625","post","type-post","status-publish","format-standard","hentry","category-baratom"],"yoast_head":"<!-- This site is optimized with the Yoast SEO plugin v27.3 - https:\/\/yoast.com\/product\/yoast-seo-wordpress\/ -->\n<title>Bar\u00e1tom - 2017 okt\u00f3bere - Stuttgarti Katolikusok<\/title>\n<meta name=\"robots\" content=\"index, follow, max-snippet:-1, max-image-preview:large, max-video-preview:-1\" \/>\n<link rel=\"canonical\" href=\"https:\/\/stuttgarti-katolikusok.de\/index.php\/baratom-2017-oktobere\/\" \/>\n<meta property=\"og:locale\" content=\"hu_HU\" \/>\n<meta property=\"og:type\" content=\"article\" \/>\n<meta property=\"og:title\" content=\"Bar\u00e1tom - 2017 okt\u00f3bere - Stuttgarti Katolikusok\" \/>\n<meta property=\"og:description\" content=\"2 0 1 7\u00a0\u00a0\u00a0 O\u00a0 K\u00a0 T\u00a0 \u00d3\u00a0 B\u00a0 E\u00a0 R \u00a0\u201eAz im\u00e1ds\u00e1gnak nincs \u2019tudom\u00e1nyos\u2019 \u00e9rtelme. De ez a tudom\u00e1ny szeg\u00e9nys\u00e9ge, nem az im\u00e1\u00e9. Az igaz\u00e1n nagy tud\u00f3sok j\u00f3l ismerik az ima jelent\u0151s\u00e9g\u00e9t.\u201d (M\u00fcller P\u00e9ter) A\u00a0 R\u00d3ZSAF\u00dcZ\u00c9R EREDETE A r\u00f3zsaf\u00fcz\u00e9r eredet\u00e9t sokan tanulm\u00e1nyozt\u00e1k. Most csak r\u00f6viden utalunk az eredet\u00e9re, amelyet tulajdonk\u00e9ppen n\u00e9gy im\u00e1ds\u00e1gban tal\u00e1lunk meg: a zsolt\u00e1roz\u00e1sban, a Miaty\u00e1nkban, az \u00dcdv\u00f6zl\u00e9gyben \u00e9s az imal\u00e1ncokban. Ezekb\u0151l ad\u00f3dott \u00f6ssze hossz\u00fa\u00a0 sz\u00e1zadok sor\u00e1n a ma ismert r\u00f3zsaf\u00fcz\u00e9r. A 13. sz\u00e1zadban a szerzetesek (benc\u00e9sek, ferencesek, domonkosok stb.) k\u00f3rusban im\u00e1dkozt\u00e1k a zsolt\u00e1rokat, n\u00e9h\u00e1ny helyen mind a 150 zsolt\u00e1rt. Azok a bar\u00e1tok, akik nem tudtak olvasni, 150 Miaty\u00e1nkot mondtak a zsolt\u00e1rok helyett. Val\u00f3sz\u00edn\u0171leg mag\u00e1njelen\u00e9s form\u00e1j\u00e1ban Szent Domonkos kapta az \u00fczenetet, hogy a Miaty\u00e1nk helyett az \u00dcdv\u00f6zl\u00e9gyet im\u00e1dkozz\u00e1k 150-szer. Akkoriban teh\u00e1t a r\u00f3zsaf\u00fcz\u00e9r 150 \u00dcdv\u00f6zl\u00e9gyb\u0151l \u00e1llt, de az \u00dcdv\u00f6zl\u00e9gynek m\u00e9g\u00a0 csak az els\u0151, szent\u00edr\u00e1si r\u00e9sz\u00e9t mondt\u00e1k (a m\u00e1sodik r\u00e9sz: Asszonyunk Sz\u0171z M\u00e1ria\u2026 majd csak a 17. sz\u00e1zadban ker\u00fclt az \u00dcdv\u00f6zl\u00e9gyhez). IV. Orb\u00e1n p\u00e1pa 1263-ban hozz\u00e1adta az \u00dcdv\u00f6zl\u00e9gyhez a &#8222;J\u00e9zus&#8221; nevet. Ez alkalmat adott a 15. sz\u00e1zadban a rajnav\u00f6lgyi karthauzi szerzeteseknek arra, hogy minden egyes \u00dcdv\u00f6zl\u00e9gyhez hozz\u00e1adjanak egy titkot J\u00e9zus \u00e9let\u00e9b\u0151l, amin azt\u00e1n elm\u00e9lkedni, szeml\u00e9l\u0151dni tudtak. Mivel t\u00f6bbnyire csak 50 \u00dcdv\u00f6zl\u00e9gyet mondtak, ez\u00e9rt\u00a0 50 titkot soroltak fel. Vannak viszont olyan list\u00e1k is, amelyek 150 \u00dcdv\u00f6zl\u00e9gyet, \u00e9s term\u00e9szetszer\u0171leg ugyanennyi titkot tartalmaznak. A karthauzi szerzetesek egy\u00e9bk\u00e9nt a r\u00f3zsaf\u00fcz\u00e9rrel az \u0151skereszt\u00e9ny pusztai remet\u00e9k szok\u00e1s\u00e1t k\u00f6vett\u00e9k, akik egy-egy zsolt\u00e1rt egy\u00fctt elmondtak, majd csendben t\u00e9rdelve vagy leborulva azon hosszasan elm\u00e9lkedtek, \u00e9s a v\u00e9g\u00e9n az el\u00f6lj\u00e1r\u00f3 \u00f6sszefoglalta az egy\u00e9ni im\u00e1kat a &#8222;zsolt\u00e1rkollekt\u00e1val&#8221;. A karthauziak elmondt\u00e1k az \u00dcdv\u00f6zl\u00e9gy els\u0151 r\u00e9sz\u00e9t k\u00f6z\u00f6sen, majd J\u00e9zus nev\u00e9hez hozz\u00e1f\u0171zt\u00e9k a megfelel\u0151 titkot, v\u00e9g\u00fcl azon hosszasan egy\u00e9nileg elm\u00e9lkedtek. \u00dagy t\u0171nik, hogy a titkoknak els\u0151 ilyen sorozata a karthauzi Esseni Adolf (+1439), valamint tan\u00edtv\u00e1nya, Porosz Domonkos (+1460) m\u0171ve, aki val\u00f3sz\u00edn\u0171leg t\u00f6bb ilyen sorozatnak a szerz\u0151je. Valamivel k\u00e9s\u0151bb (1470) Alanus de Rupe... R\u00e9szletek\" \/>\n<meta property=\"og:url\" content=\"https:\/\/stuttgarti-katolikusok.de\/index.php\/baratom-2017-oktobere\/\" \/>\n<meta property=\"og:site_name\" content=\"Stuttgarti Katolikusok\" \/>\n<meta property=\"article:published_time\" content=\"2017-10-02T05:51:54+00:00\" \/>\n<meta property=\"article:modified_time\" content=\"2017-10-02T12:12:26+00:00\" \/>\n<meta name=\"author\" content=\"Tibor atya\" \/>\n<meta name=\"twitter:card\" content=\"summary_large_image\" \/>\n<meta name=\"twitter:label1\" content=\"Szerz\u0151:\" \/>\n\t<meta name=\"twitter:data1\" content=\"Tibor atya\" \/>\n\t<meta name=\"twitter:label2\" content=\"Becs\u00fclt olvas\u00e1si id\u0151\" \/>\n\t<meta name=\"twitter:data2\" content=\"8 perc\" \/>\n<script type=\"application\/ld+json\" class=\"yoast-schema-graph\">{\"@context\":\"https:\\\/\\\/schema.org\",\"@graph\":[{\"@type\":\"Article\",\"@id\":\"https:\\\/\\\/stuttgarti-katolikusok.de\\\/index.php\\\/baratom-2017-oktobere\\\/#article\",\"isPartOf\":{\"@id\":\"https:\\\/\\\/stuttgarti-katolikusok.de\\\/index.php\\\/baratom-2017-oktobere\\\/\"},\"author\":{\"name\":\"Tibor atya\",\"@id\":\"https:\\\/\\\/stuttgarti-katolikusok.de\\\/#\\\/schema\\\/person\\\/75908d6f8fdc03a57889d27209df7795\"},\"headline\":\"Bar\u00e1tom &#8211; 2017 okt\u00f3bere\",\"datePublished\":\"2017-10-02T05:51:54+00:00\",\"dateModified\":\"2017-10-02T12:12:26+00:00\",\"mainEntityOfPage\":{\"@id\":\"https:\\\/\\\/stuttgarti-katolikusok.de\\\/index.php\\\/baratom-2017-oktobere\\\/\"},\"wordCount\":1656,\"articleSection\":[\"Bar\u00e1tom\"],\"inLanguage\":\"hu\"},{\"@type\":\"WebPage\",\"@id\":\"https:\\\/\\\/stuttgarti-katolikusok.de\\\/index.php\\\/baratom-2017-oktobere\\\/\",\"url\":\"https:\\\/\\\/stuttgarti-katolikusok.de\\\/index.php\\\/baratom-2017-oktobere\\\/\",\"name\":\"Bar\u00e1tom - 2017 okt\u00f3bere - Stuttgarti Katolikusok\",\"isPartOf\":{\"@id\":\"https:\\\/\\\/stuttgarti-katolikusok.de\\\/#website\"},\"datePublished\":\"2017-10-02T05:51:54+00:00\",\"dateModified\":\"2017-10-02T12:12:26+00:00\",\"author\":{\"@id\":\"https:\\\/\\\/stuttgarti-katolikusok.de\\\/#\\\/schema\\\/person\\\/75908d6f8fdc03a57889d27209df7795\"},\"breadcrumb\":{\"@id\":\"https:\\\/\\\/stuttgarti-katolikusok.de\\\/index.php\\\/baratom-2017-oktobere\\\/#breadcrumb\"},\"inLanguage\":\"hu\",\"potentialAction\":[{\"@type\":\"ReadAction\",\"target\":[\"https:\\\/\\\/stuttgarti-katolikusok.de\\\/index.php\\\/baratom-2017-oktobere\\\/\"]}]},{\"@type\":\"BreadcrumbList\",\"@id\":\"https:\\\/\\\/stuttgarti-katolikusok.de\\\/index.php\\\/baratom-2017-oktobere\\\/#breadcrumb\",\"itemListElement\":[{\"@type\":\"ListItem\",\"position\":1,\"name\":\"Kezd\u0151lap\",\"item\":\"https:\\\/\\\/stuttgarti-katolikusok.de\\\/\"},{\"@type\":\"ListItem\",\"position\":2,\"name\":\"Bar\u00e1tom &#8211; 2017 okt\u00f3bere\"}]},{\"@type\":\"WebSite\",\"@id\":\"https:\\\/\\\/stuttgarti-katolikusok.de\\\/#website\",\"url\":\"https:\\\/\\\/stuttgarti-katolikusok.de\\\/\",\"name\":\"Stuttgarti Katolikusok\",\"description\":\"\",\"potentialAction\":[{\"@type\":\"SearchAction\",\"target\":{\"@type\":\"EntryPoint\",\"urlTemplate\":\"https:\\\/\\\/stuttgarti-katolikusok.de\\\/?s={search_term_string}\"},\"query-input\":{\"@type\":\"PropertyValueSpecification\",\"valueRequired\":true,\"valueName\":\"search_term_string\"}}],\"inLanguage\":\"hu\"},{\"@type\":\"Person\",\"@id\":\"https:\\\/\\\/stuttgarti-katolikusok.de\\\/#\\\/schema\\\/person\\\/75908d6f8fdc03a57889d27209df7795\",\"name\":\"Tibor atya\",\"image\":{\"@type\":\"ImageObject\",\"inLanguage\":\"hu\",\"@id\":\"https:\\\/\\\/secure.gravatar.com\\\/avatar\\\/61d268e57d1f4525b111222e29d2d5a7f8c420fdbf231ba5566a8ceac74fa960?s=96&d=mm&r=g\",\"url\":\"https:\\\/\\\/secure.gravatar.com\\\/avatar\\\/61d268e57d1f4525b111222e29d2d5a7f8c420fdbf231ba5566a8ceac74fa960?s=96&d=mm&r=g\",\"contentUrl\":\"https:\\\/\\\/secure.gravatar.com\\\/avatar\\\/61d268e57d1f4525b111222e29d2d5a7f8c420fdbf231ba5566a8ceac74fa960?s=96&d=mm&r=g\",\"caption\":\"Tibor atya\"},\"url\":\"https:\\\/\\\/stuttgarti-katolikusok.de\\\/index.php\\\/author\\\/tibor-atya\\\/\"}]}<\/script>\n<!-- \/ Yoast SEO plugin. -->","yoast_head_json":{"title":"Bar\u00e1tom - 2017 okt\u00f3bere - Stuttgarti Katolikusok","robots":{"index":"index","follow":"follow","max-snippet":"max-snippet:-1","max-image-preview":"max-image-preview:large","max-video-preview":"max-video-preview:-1"},"canonical":"https:\/\/stuttgarti-katolikusok.de\/index.php\/baratom-2017-oktobere\/","og_locale":"hu_HU","og_type":"article","og_title":"Bar\u00e1tom - 2017 okt\u00f3bere - Stuttgarti Katolikusok","og_description":"2 0 1 7\u00a0\u00a0\u00a0 O\u00a0 K\u00a0 T\u00a0 \u00d3\u00a0 B\u00a0 E\u00a0 R \u00a0\u201eAz im\u00e1ds\u00e1gnak nincs \u2019tudom\u00e1nyos\u2019 \u00e9rtelme. De ez a tudom\u00e1ny szeg\u00e9nys\u00e9ge, nem az im\u00e1\u00e9. Az igaz\u00e1n nagy tud\u00f3sok j\u00f3l ismerik az ima jelent\u0151s\u00e9g\u00e9t.\u201d (M\u00fcller P\u00e9ter) A\u00a0 R\u00d3ZSAF\u00dcZ\u00c9R EREDETE A r\u00f3zsaf\u00fcz\u00e9r eredet\u00e9t sokan tanulm\u00e1nyozt\u00e1k. Most csak r\u00f6viden utalunk az eredet\u00e9re, amelyet tulajdonk\u00e9ppen n\u00e9gy im\u00e1ds\u00e1gban tal\u00e1lunk meg: a zsolt\u00e1roz\u00e1sban, a Miaty\u00e1nkban, az \u00dcdv\u00f6zl\u00e9gyben \u00e9s az imal\u00e1ncokban. Ezekb\u0151l ad\u00f3dott \u00f6ssze hossz\u00fa\u00a0 sz\u00e1zadok sor\u00e1n a ma ismert r\u00f3zsaf\u00fcz\u00e9r. A 13. sz\u00e1zadban a szerzetesek (benc\u00e9sek, ferencesek, domonkosok stb.) k\u00f3rusban im\u00e1dkozt\u00e1k a zsolt\u00e1rokat, n\u00e9h\u00e1ny helyen mind a 150 zsolt\u00e1rt. Azok a bar\u00e1tok, akik nem tudtak olvasni, 150 Miaty\u00e1nkot mondtak a zsolt\u00e1rok helyett. Val\u00f3sz\u00edn\u0171leg mag\u00e1njelen\u00e9s form\u00e1j\u00e1ban Szent Domonkos kapta az \u00fczenetet, hogy a Miaty\u00e1nk helyett az \u00dcdv\u00f6zl\u00e9gyet im\u00e1dkozz\u00e1k 150-szer. Akkoriban teh\u00e1t a r\u00f3zsaf\u00fcz\u00e9r 150 \u00dcdv\u00f6zl\u00e9gyb\u0151l \u00e1llt, de az \u00dcdv\u00f6zl\u00e9gynek m\u00e9g\u00a0 csak az els\u0151, szent\u00edr\u00e1si r\u00e9sz\u00e9t mondt\u00e1k (a m\u00e1sodik r\u00e9sz: Asszonyunk Sz\u0171z M\u00e1ria\u2026 majd csak a 17. sz\u00e1zadban ker\u00fclt az \u00dcdv\u00f6zl\u00e9gyhez). IV. Orb\u00e1n p\u00e1pa 1263-ban hozz\u00e1adta az \u00dcdv\u00f6zl\u00e9gyhez a &#8222;J\u00e9zus&#8221; nevet. Ez alkalmat adott a 15. sz\u00e1zadban a rajnav\u00f6lgyi karthauzi szerzeteseknek arra, hogy minden egyes \u00dcdv\u00f6zl\u00e9gyhez hozz\u00e1adjanak egy titkot J\u00e9zus \u00e9let\u00e9b\u0151l, amin azt\u00e1n elm\u00e9lkedni, szeml\u00e9l\u0151dni tudtak. Mivel t\u00f6bbnyire csak 50 \u00dcdv\u00f6zl\u00e9gyet mondtak, ez\u00e9rt\u00a0 50 titkot soroltak fel. Vannak viszont olyan list\u00e1k is, amelyek 150 \u00dcdv\u00f6zl\u00e9gyet, \u00e9s term\u00e9szetszer\u0171leg ugyanennyi titkot tartalmaznak. A karthauzi szerzetesek egy\u00e9bk\u00e9nt a r\u00f3zsaf\u00fcz\u00e9rrel az \u0151skereszt\u00e9ny pusztai remet\u00e9k szok\u00e1s\u00e1t k\u00f6vett\u00e9k, akik egy-egy zsolt\u00e1rt egy\u00fctt elmondtak, majd csendben t\u00e9rdelve vagy leborulva azon hosszasan elm\u00e9lkedtek, \u00e9s a v\u00e9g\u00e9n az el\u00f6lj\u00e1r\u00f3 \u00f6sszefoglalta az egy\u00e9ni im\u00e1kat a &#8222;zsolt\u00e1rkollekt\u00e1val&#8221;. A karthauziak elmondt\u00e1k az \u00dcdv\u00f6zl\u00e9gy els\u0151 r\u00e9sz\u00e9t k\u00f6z\u00f6sen, majd J\u00e9zus nev\u00e9hez hozz\u00e1f\u0171zt\u00e9k a megfelel\u0151 titkot, v\u00e9g\u00fcl azon hosszasan egy\u00e9nileg elm\u00e9lkedtek. \u00dagy t\u0171nik, hogy a titkoknak els\u0151 ilyen sorozata a karthauzi Esseni Adolf (+1439), valamint tan\u00edtv\u00e1nya, Porosz Domonkos (+1460) m\u0171ve, aki val\u00f3sz\u00edn\u0171leg t\u00f6bb ilyen sorozatnak a szerz\u0151je. Valamivel k\u00e9s\u0151bb (1470) Alanus de Rupe... R\u00e9szletek","og_url":"https:\/\/stuttgarti-katolikusok.de\/index.php\/baratom-2017-oktobere\/","og_site_name":"Stuttgarti Katolikusok","article_published_time":"2017-10-02T05:51:54+00:00","article_modified_time":"2017-10-02T12:12:26+00:00","author":"Tibor atya","twitter_card":"summary_large_image","twitter_misc":{"Szerz\u0151:":"Tibor atya","Becs\u00fclt olvas\u00e1si id\u0151":"8 perc"},"schema":{"@context":"https:\/\/schema.org","@graph":[{"@type":"Article","@id":"https:\/\/stuttgarti-katolikusok.de\/index.php\/baratom-2017-oktobere\/#article","isPartOf":{"@id":"https:\/\/stuttgarti-katolikusok.de\/index.php\/baratom-2017-oktobere\/"},"author":{"name":"Tibor atya","@id":"https:\/\/stuttgarti-katolikusok.de\/#\/schema\/person\/75908d6f8fdc03a57889d27209df7795"},"headline":"Bar\u00e1tom &#8211; 2017 okt\u00f3bere","datePublished":"2017-10-02T05:51:54+00:00","dateModified":"2017-10-02T12:12:26+00:00","mainEntityOfPage":{"@id":"https:\/\/stuttgarti-katolikusok.de\/index.php\/baratom-2017-oktobere\/"},"wordCount":1656,"articleSection":["Bar\u00e1tom"],"inLanguage":"hu"},{"@type":"WebPage","@id":"https:\/\/stuttgarti-katolikusok.de\/index.php\/baratom-2017-oktobere\/","url":"https:\/\/stuttgarti-katolikusok.de\/index.php\/baratom-2017-oktobere\/","name":"Bar\u00e1tom - 2017 okt\u00f3bere - Stuttgarti Katolikusok","isPartOf":{"@id":"https:\/\/stuttgarti-katolikusok.de\/#website"},"datePublished":"2017-10-02T05:51:54+00:00","dateModified":"2017-10-02T12:12:26+00:00","author":{"@id":"https:\/\/stuttgarti-katolikusok.de\/#\/schema\/person\/75908d6f8fdc03a57889d27209df7795"},"breadcrumb":{"@id":"https:\/\/stuttgarti-katolikusok.de\/index.php\/baratom-2017-oktobere\/#breadcrumb"},"inLanguage":"hu","potentialAction":[{"@type":"ReadAction","target":["https:\/\/stuttgarti-katolikusok.de\/index.php\/baratom-2017-oktobere\/"]}]},{"@type":"BreadcrumbList","@id":"https:\/\/stuttgarti-katolikusok.de\/index.php\/baratom-2017-oktobere\/#breadcrumb","itemListElement":[{"@type":"ListItem","position":1,"name":"Kezd\u0151lap","item":"https:\/\/stuttgarti-katolikusok.de\/"},{"@type":"ListItem","position":2,"name":"Bar\u00e1tom &#8211; 2017 okt\u00f3bere"}]},{"@type":"WebSite","@id":"https:\/\/stuttgarti-katolikusok.de\/#website","url":"https:\/\/stuttgarti-katolikusok.de\/","name":"Stuttgarti Katolikusok","description":"","potentialAction":[{"@type":"SearchAction","target":{"@type":"EntryPoint","urlTemplate":"https:\/\/stuttgarti-katolikusok.de\/?s={search_term_string}"},"query-input":{"@type":"PropertyValueSpecification","valueRequired":true,"valueName":"search_term_string"}}],"inLanguage":"hu"},{"@type":"Person","@id":"https:\/\/stuttgarti-katolikusok.de\/#\/schema\/person\/75908d6f8fdc03a57889d27209df7795","name":"Tibor atya","image":{"@type":"ImageObject","inLanguage":"hu","@id":"https:\/\/secure.gravatar.com\/avatar\/61d268e57d1f4525b111222e29d2d5a7f8c420fdbf231ba5566a8ceac74fa960?s=96&d=mm&r=g","url":"https:\/\/secure.gravatar.com\/avatar\/61d268e57d1f4525b111222e29d2d5a7f8c420fdbf231ba5566a8ceac74fa960?s=96&d=mm&r=g","contentUrl":"https:\/\/secure.gravatar.com\/avatar\/61d268e57d1f4525b111222e29d2d5a7f8c420fdbf231ba5566a8ceac74fa960?s=96&d=mm&r=g","caption":"Tibor atya"},"url":"https:\/\/stuttgarti-katolikusok.de\/index.php\/author\/tibor-atya\/"}]}},"_links":{"self":[{"href":"https:\/\/stuttgarti-katolikusok.de\/index.php\/wp-json\/wp\/v2\/posts\/12625","targetHints":{"allow":["GET"]}}],"collection":[{"href":"https:\/\/stuttgarti-katolikusok.de\/index.php\/wp-json\/wp\/v2\/posts"}],"about":[{"href":"https:\/\/stuttgarti-katolikusok.de\/index.php\/wp-json\/wp\/v2\/types\/post"}],"author":[{"embeddable":true,"href":"https:\/\/stuttgarti-katolikusok.de\/index.php\/wp-json\/wp\/v2\/users\/3"}],"replies":[{"embeddable":true,"href":"https:\/\/stuttgarti-katolikusok.de\/index.php\/wp-json\/wp\/v2\/comments?post=12625"}],"version-history":[{"count":3,"href":"https:\/\/stuttgarti-katolikusok.de\/index.php\/wp-json\/wp\/v2\/posts\/12625\/revisions"}],"predecessor-version":[{"id":12680,"href":"https:\/\/stuttgarti-katolikusok.de\/index.php\/wp-json\/wp\/v2\/posts\/12625\/revisions\/12680"}],"wp:attachment":[{"href":"https:\/\/stuttgarti-katolikusok.de\/index.php\/wp-json\/wp\/v2\/media?parent=12625"}],"wp:term":[{"taxonomy":"category","embeddable":true,"href":"https:\/\/stuttgarti-katolikusok.de\/index.php\/wp-json\/wp\/v2\/categories?post=12625"},{"taxonomy":"post_tag","embeddable":true,"href":"https:\/\/stuttgarti-katolikusok.de\/index.php\/wp-json\/wp\/v2\/tags?post=12625"}],"curies":[{"name":"wp","href":"https:\/\/api.w.org\/{rel}","templated":true}]}}