{"id":12588,"date":"2017-09-25T07:17:04","date_gmt":"2017-09-25T07:17:04","guid":{"rendered":"https:\/\/gracious-dewdney.138-201-221-2.plesk.page\/?p=12588"},"modified":"2017-09-25T10:27:52","modified_gmt":"2017-09-25T10:27:52","slug":"programelozetes-szeptember-25-es-oktober-1-kozott","status":"publish","type":"post","link":"https:\/\/stuttgarti-katolikusok.de\/index.php\/programelozetes-szeptember-25-es-oktober-1-kozott\/","title":{"rendered":"Programel\u0151zetes szeptember 25 \u00e9s okt\u00f3ber 1 k\u00f6z\u00f6tt"},"content":{"rendered":"<p><strong>Programel\u0151zetes<\/strong><\/p>\n<p>Tibor atya betegs\u00e9ge miatt az <em>ulmi<\/em> \u00e9s <em>weingarteni<\/em> h\u00e9tk\u00f6znapi-, illetve a <em>munderkingeni<\/em> vas\u00e1rnapi szentmise ez\u00fattal elmarad!<\/p>\n<p><strong>\u00a0Szeptember 27-\u00e9n, <\/strong><strong>szerd\u00e1n,<\/strong><\/p>\n<p><strong>\u00a0\u00a0\u00a0\u00a0\u00a0\u00a0\u00a0\u00a0\u00a0\u00a0\u00a0 <\/strong><strong>Stuttgartban<\/strong><strong> a Bruder Klaus nagyterm\u00e9ben, 19.00 \u00f3rakor &#8211; az ERAK \u00e9gisze alatt &#8211; <\/strong>az \u00e9rdi F\u00f6ldrajzi M\u00fazeum igazgat\u00f3ja,<strong> Dr. Kubassek J\u00e1nos tart el\u0151ad\u00e1st:<\/strong> <em>Alm\u00e1sy L\u00e1szl\u00f3, a Szahara felfedez\u0151 utaz\u00f3ja, Az angol beteg c\u00edm\u0171 film h\u0151se <\/em>c\u00edmmel.<\/p>\n<p style=\"text-align: center;\">*<\/p>\n<p><strong>Szeptember 29-\u00e9n, <\/strong>p\u00e9nteken,<\/p>\n<p><strong>Stuttgartban<\/strong> 17.50 \u00f3rakor <em>r\u00f3zsaf\u00fcz\u00e9r \u00e1jtatoss\u00e1g<\/em>, majd <em>szentmise, <\/em>keret\u00e9ben <em>P\u00e9nteki Egyetem: Besz\u00e9lget\u00e9sek a Katekizmusr\u00f3l<\/em>. Ut\u00e1na <em>Imak\u00f6r \u2013 szents\u00e9gim\u00e1d\u00e1s: <\/em>h\u00e1l\u00e1nk \u00e9s k\u00e9r\u00e9seink felaj\u00e1nl\u00e1sa az Olt\u00e1riszents\u00e9gben jelenl\u00e9v\u0151 J\u00e9zus Urunknak.<\/p>\n<p style=\"text-align: center;\">*<\/p>\n<p><strong>Okt\u00f3ber 1-j\u00e9n, <\/strong>vas\u00e1rnap,<\/p>\n<p><strong>Schw\u00e4bisch-Gm\u00fcndben <\/strong>9.30 \u00f3rakor <em>szentmise. <\/em>Ut\u00e1na <em>\u00e1g\u00e1p\u00e9<\/em>.<\/p>\n<p><em>\u00a0\u00a0\u00a0\u00a0\u00a0\u00a0\u00a0\u00a0\u00a0\u00a0\u00a0 <\/em><strong>Stuttgartban <\/strong>15.00 \u00f3rakor <em>szentmise, <\/em>amelyet \u2013 sz\u00fclet\u00e9s\u00e9nek 125. \u00e9ve alkalm\u00e1b\u00f3l \u2013 Isten Szolg\u00e1ja, Mindszenty J\u00f3zsef b\u00edboros-hercegpr\u00edm\u00e1s tisztelet\u00e9re aj\u00e1nljuk fel. Ut\u00e1na, 16.00 \u00f3r\u00e1t\u00f3l, Dr. Baumgartner Bernadette tart <em>el\u0151ad\u00e1st<\/em> r\u00f3la \u00e9s Erd\u00e9ly nagy f\u0151p\u00e1sztor\u00e1r\u00f3l M\u00e1rton \u00c1ronr\u00f3l: <em>P\u00e1rhuzamos \u00e9letrajzok<\/em> c\u00edmmel. Alatta <em>\u00e1g\u00e1p\u00e9.<\/em><\/p>\n<p style=\"text-align: center;\">*<\/p>\n<p>Minden helyen mindenkit szeretettel v\u00e1r a k\u00f6z\u00f6ss\u00e9g, Imre atya \u00e9s Tibor atya!<\/p>\n<p><strong><em>\u00a0<\/em><\/strong><\/p>\n<p><em>\u201eA hajsz\u00e1lgy\u00f6k\u00e9r nem h\u00faz\u00f3dik vissza, ha szikl\u00e1ra tapint, hanem r\u00e9st keres \u00e9s repeszt; a f\u00f6ldbe vetett mag \u00e1tt\u00f6ri a r\u00f6g\u00f6t; az akad\u00e1ly el\u00e9 jutott hangya megk\u00eds\u00e9rli a sz\u00e1zszoros s\u00falyt f\u00e9lretenni, s ha nem siker\u00fcl, ker\u00fcl\u0151vel folytatja az \u00fatj\u00e1t c\u00e9lja fel\u00e9. S ha \u00e9lni akarunk, mi is csak ezt a p\u00e9ld\u00e1t k\u00f6vethetj\u00fck<\/em><em>.\u201d <\/em><strong>(M\u00e1rton \u00c1ron Erd\u00e9ly p\u00fcsp\u00f6ke \u2013 1896-1980)<\/strong><\/p>\n<p><strong><em>Kellemes napokat, j\u00f3 munk\u00e1t, tartalmas besz\u00e9lget\u00e9seket \u00e9s \u00f6r\u00f6mteli tal\u00e1lkoz\u00e1sokat k\u00edv\u00e1nunk minden Kedves H\u00edv\u00fcnknek!<\/em><\/strong><\/p>\n<p><strong>\u00a0<\/strong><\/p>\n","protected":false},"excerpt":{"rendered":"<p>Programel\u0151zetes Tibor atya betegs\u00e9ge miatt az ulmi \u00e9s weingarteni h\u00e9tk\u00f6znapi-, illetve a munderkingeni vas\u00e1rnapi szentmise ez\u00fattal elmarad! \u00a0Szeptember 27-\u00e9n, szerd\u00e1n, \u00a0\u00a0\u00a0\u00a0\u00a0\u00a0\u00a0\u00a0\u00a0\u00a0\u00a0 Stuttgartban a Bruder Klaus nagyterm\u00e9ben, 19.00 \u00f3rakor &#8211; az ERAK \u00e9gisze alatt &#8211; az \u00e9rdi F\u00f6ldrajzi M\u00fazeum igazgat\u00f3ja, Dr. Kubassek J\u00e1nos tart el\u0151ad\u00e1st: Alm\u00e1sy L\u00e1szl\u00f3, a Szahara felfedez\u0151 utaz\u00f3ja, Az angol beteg c\u00edm\u0171 film h\u0151se c\u00edmmel. * Szeptember 29-\u00e9n, p\u00e9nteken, Stuttgartban 17.50 \u00f3rakor r\u00f3zsaf\u00fcz\u00e9r \u00e1jtatoss\u00e1g, majd szentmise, keret\u00e9ben P\u00e9nteki Egyetem: Besz\u00e9lget\u00e9sek a Katekizmusr\u00f3l. Ut\u00e1na Imak\u00f6r \u2013 szents\u00e9gim\u00e1d\u00e1s: h\u00e1l\u00e1nk \u00e9s k\u00e9r\u00e9seink felaj\u00e1nl\u00e1sa az Olt\u00e1riszents\u00e9gben jelenl\u00e9v\u0151 J\u00e9zus Urunknak. * Okt\u00f3ber 1-j\u00e9n, vas\u00e1rnap, Schw\u00e4bisch-Gm\u00fcndben 9.30 \u00f3rakor szentmise. Ut\u00e1na \u00e1g\u00e1p\u00e9. \u00a0\u00a0\u00a0\u00a0\u00a0\u00a0\u00a0\u00a0\u00a0\u00a0\u00a0 Stuttgartban 15.00 \u00f3rakor szentmise, amelyet \u2013 sz\u00fclet\u00e9s\u00e9nek 125. \u00e9ve alkalm\u00e1b\u00f3l \u2013 Isten Szolg\u00e1ja, Mindszenty J\u00f3zsef b\u00edboros-hercegpr\u00edm\u00e1s tisztelet\u00e9re aj\u00e1nljuk fel. Ut\u00e1na, 16.00 \u00f3r\u00e1t\u00f3l, Dr. Baumgartner Bernadette tart el\u0151ad\u00e1st r\u00f3la \u00e9s Erd\u00e9ly nagy f\u0151p\u00e1sztor\u00e1r\u00f3l M\u00e1rton \u00c1ronr\u00f3l: P\u00e1rhuzamos \u00e9letrajzok c\u00edmmel. Alatta \u00e1g\u00e1p\u00e9. * Minden helyen mindenkit szeretettel v\u00e1r a k\u00f6z\u00f6ss\u00e9g, Imre atya \u00e9s Tibor atya! \u00a0 \u201eA hajsz\u00e1lgy\u00f6k\u00e9r nem h\u00faz\u00f3dik vissza, ha szikl\u00e1ra tapint, hanem r\u00e9st keres \u00e9s repeszt; a f\u00f6ldbe vetett mag \u00e1tt\u00f6ri a r\u00f6g\u00f6t; az akad\u00e1ly el\u00e9 jutott hangya megk\u00eds\u00e9rli a sz\u00e1zszoros s\u00falyt f\u00e9lretenni, s ha nem siker\u00fcl, ker\u00fcl\u0151vel folytatja az \u00fatj\u00e1t c\u00e9lja fel\u00e9. S ha \u00e9lni akarunk, mi is csak ezt a p\u00e9ld\u00e1t k\u00f6vethetj\u00fck.\u201d (M\u00e1rton \u00c1ron Erd\u00e9ly p\u00fcsp\u00f6ke \u2013 1896-1980) Kellemes napokat, j\u00f3 munk\u00e1t, tartalmas besz\u00e9lget\u00e9seket \u00e9s \u00f6r\u00f6mteli tal\u00e1lkoz\u00e1sokat k\u00edv\u00e1nunk minden Kedves H\u00edv\u00fcnknek! \u00a0<\/p>\n","protected":false},"author":3,"featured_media":0,"comment_status":"closed","ping_status":"closed","sticky":false,"template":"","format":"standard","meta":{"footnotes":""},"categories":[37],"tags":[],"class_list":["post-12588","post","type-post","status-publish","format-standard","hentry","category-progamelozetes"],"yoast_head":"<!-- This site is optimized with the Yoast SEO plugin v27.3 - https:\/\/yoast.com\/product\/yoast-seo-wordpress\/ -->\n<title>Programel\u0151zetes szeptember 25 \u00e9s okt\u00f3ber 1 k\u00f6z\u00f6tt - Stuttgarti Katolikusok<\/title>\n<meta name=\"robots\" content=\"index, follow, max-snippet:-1, max-image-preview:large, max-video-preview:-1\" \/>\n<link rel=\"canonical\" href=\"https:\/\/stuttgarti-katolikusok.de\/index.php\/programelozetes-szeptember-25-es-oktober-1-kozott\/\" \/>\n<meta property=\"og:locale\" content=\"hu_HU\" \/>\n<meta property=\"og:type\" content=\"article\" \/>\n<meta property=\"og:title\" content=\"Programel\u0151zetes szeptember 25 \u00e9s okt\u00f3ber 1 k\u00f6z\u00f6tt - Stuttgarti Katolikusok\" \/>\n<meta property=\"og:description\" content=\"Programel\u0151zetes Tibor atya betegs\u00e9ge miatt az ulmi \u00e9s weingarteni h\u00e9tk\u00f6znapi-, illetve a munderkingeni vas\u00e1rnapi szentmise ez\u00fattal elmarad! \u00a0Szeptember 27-\u00e9n, szerd\u00e1n, \u00a0\u00a0\u00a0\u00a0\u00a0\u00a0\u00a0\u00a0\u00a0\u00a0\u00a0 Stuttgartban a Bruder Klaus nagyterm\u00e9ben, 19.00 \u00f3rakor &#8211; az ERAK \u00e9gisze alatt &#8211; az \u00e9rdi F\u00f6ldrajzi M\u00fazeum igazgat\u00f3ja, Dr. Kubassek J\u00e1nos tart el\u0151ad\u00e1st: Alm\u00e1sy L\u00e1szl\u00f3, a Szahara felfedez\u0151 utaz\u00f3ja, Az angol beteg c\u00edm\u0171 film h\u0151se c\u00edmmel. * Szeptember 29-\u00e9n, p\u00e9nteken, Stuttgartban 17.50 \u00f3rakor r\u00f3zsaf\u00fcz\u00e9r \u00e1jtatoss\u00e1g, majd szentmise, keret\u00e9ben P\u00e9nteki Egyetem: Besz\u00e9lget\u00e9sek a Katekizmusr\u00f3l. Ut\u00e1na Imak\u00f6r \u2013 szents\u00e9gim\u00e1d\u00e1s: h\u00e1l\u00e1nk \u00e9s k\u00e9r\u00e9seink felaj\u00e1nl\u00e1sa az Olt\u00e1riszents\u00e9gben jelenl\u00e9v\u0151 J\u00e9zus Urunknak. * Okt\u00f3ber 1-j\u00e9n, vas\u00e1rnap, Schw\u00e4bisch-Gm\u00fcndben 9.30 \u00f3rakor szentmise. Ut\u00e1na \u00e1g\u00e1p\u00e9. \u00a0\u00a0\u00a0\u00a0\u00a0\u00a0\u00a0\u00a0\u00a0\u00a0\u00a0 Stuttgartban 15.00 \u00f3rakor szentmise, amelyet \u2013 sz\u00fclet\u00e9s\u00e9nek 125. \u00e9ve alkalm\u00e1b\u00f3l \u2013 Isten Szolg\u00e1ja, Mindszenty J\u00f3zsef b\u00edboros-hercegpr\u00edm\u00e1s tisztelet\u00e9re aj\u00e1nljuk fel. Ut\u00e1na, 16.00 \u00f3r\u00e1t\u00f3l, Dr. Baumgartner Bernadette tart el\u0151ad\u00e1st r\u00f3la \u00e9s Erd\u00e9ly nagy f\u0151p\u00e1sztor\u00e1r\u00f3l M\u00e1rton \u00c1ronr\u00f3l: P\u00e1rhuzamos \u00e9letrajzok c\u00edmmel. Alatta \u00e1g\u00e1p\u00e9. * Minden helyen mindenkit szeretettel v\u00e1r a k\u00f6z\u00f6ss\u00e9g, Imre atya \u00e9s Tibor atya! \u00a0 \u201eA hajsz\u00e1lgy\u00f6k\u00e9r nem h\u00faz\u00f3dik vissza, ha szikl\u00e1ra tapint, hanem r\u00e9st keres \u00e9s repeszt; a f\u00f6ldbe vetett mag \u00e1tt\u00f6ri a r\u00f6g\u00f6t; az akad\u00e1ly el\u00e9 jutott hangya megk\u00eds\u00e9rli a sz\u00e1zszoros s\u00falyt f\u00e9lretenni, s ha nem siker\u00fcl, ker\u00fcl\u0151vel folytatja az \u00fatj\u00e1t c\u00e9lja fel\u00e9. S ha \u00e9lni akarunk, mi is csak ezt a p\u00e9ld\u00e1t k\u00f6vethetj\u00fck.\u201d (M\u00e1rton \u00c1ron Erd\u00e9ly p\u00fcsp\u00f6ke \u2013 1896-1980) Kellemes napokat, j\u00f3 munk\u00e1t, tartalmas besz\u00e9lget\u00e9seket \u00e9s \u00f6r\u00f6mteli tal\u00e1lkoz\u00e1sokat k\u00edv\u00e1nunk minden Kedves H\u00edv\u00fcnknek! \u00a0\" \/>\n<meta property=\"og:url\" content=\"https:\/\/stuttgarti-katolikusok.de\/index.php\/programelozetes-szeptember-25-es-oktober-1-kozott\/\" \/>\n<meta property=\"og:site_name\" content=\"Stuttgarti Katolikusok\" \/>\n<meta property=\"article:published_time\" content=\"2017-09-25T07:17:04+00:00\" \/>\n<meta property=\"article:modified_time\" content=\"2017-09-25T10:27:52+00:00\" \/>\n<meta name=\"author\" content=\"Tibor atya\" \/>\n<meta name=\"twitter:card\" content=\"summary_large_image\" \/>\n<meta name=\"twitter:label1\" content=\"Szerz\u0151:\" \/>\n\t<meta name=\"twitter:data1\" content=\"Tibor atya\" \/>\n\t<meta name=\"twitter:label2\" content=\"Becs\u00fclt olvas\u00e1si id\u0151\" \/>\n\t<meta name=\"twitter:data2\" content=\"2 perc\" \/>\n<script type=\"application\/ld+json\" class=\"yoast-schema-graph\">{\"@context\":\"https:\\\/\\\/schema.org\",\"@graph\":[{\"@type\":\"Article\",\"@id\":\"https:\\\/\\\/stuttgarti-katolikusok.de\\\/index.php\\\/programelozetes-szeptember-25-es-oktober-1-kozott\\\/#article\",\"isPartOf\":{\"@id\":\"https:\\\/\\\/stuttgarti-katolikusok.de\\\/index.php\\\/programelozetes-szeptember-25-es-oktober-1-kozott\\\/\"},\"author\":{\"name\":\"Tibor atya\",\"@id\":\"https:\\\/\\\/stuttgarti-katolikusok.de\\\/#\\\/schema\\\/person\\\/75908d6f8fdc03a57889d27209df7795\"},\"headline\":\"Programel\u0151zetes szeptember 25 \u00e9s okt\u00f3ber 1 k\u00f6z\u00f6tt\",\"datePublished\":\"2017-09-25T07:17:04+00:00\",\"dateModified\":\"2017-09-25T10:27:52+00:00\",\"mainEntityOfPage\":{\"@id\":\"https:\\\/\\\/stuttgarti-katolikusok.de\\\/index.php\\\/programelozetes-szeptember-25-es-oktober-1-kozott\\\/\"},\"wordCount\":340,\"articleSection\":[\"Progamel\u0151zetes\"],\"inLanguage\":\"hu\"},{\"@type\":\"WebPage\",\"@id\":\"https:\\\/\\\/stuttgarti-katolikusok.de\\\/index.php\\\/programelozetes-szeptember-25-es-oktober-1-kozott\\\/\",\"url\":\"https:\\\/\\\/stuttgarti-katolikusok.de\\\/index.php\\\/programelozetes-szeptember-25-es-oktober-1-kozott\\\/\",\"name\":\"Programel\u0151zetes szeptember 25 \u00e9s okt\u00f3ber 1 k\u00f6z\u00f6tt - Stuttgarti Katolikusok\",\"isPartOf\":{\"@id\":\"https:\\\/\\\/stuttgarti-katolikusok.de\\\/#website\"},\"datePublished\":\"2017-09-25T07:17:04+00:00\",\"dateModified\":\"2017-09-25T10:27:52+00:00\",\"author\":{\"@id\":\"https:\\\/\\\/stuttgarti-katolikusok.de\\\/#\\\/schema\\\/person\\\/75908d6f8fdc03a57889d27209df7795\"},\"breadcrumb\":{\"@id\":\"https:\\\/\\\/stuttgarti-katolikusok.de\\\/index.php\\\/programelozetes-szeptember-25-es-oktober-1-kozott\\\/#breadcrumb\"},\"inLanguage\":\"hu\",\"potentialAction\":[{\"@type\":\"ReadAction\",\"target\":[\"https:\\\/\\\/stuttgarti-katolikusok.de\\\/index.php\\\/programelozetes-szeptember-25-es-oktober-1-kozott\\\/\"]}]},{\"@type\":\"BreadcrumbList\",\"@id\":\"https:\\\/\\\/stuttgarti-katolikusok.de\\\/index.php\\\/programelozetes-szeptember-25-es-oktober-1-kozott\\\/#breadcrumb\",\"itemListElement\":[{\"@type\":\"ListItem\",\"position\":1,\"name\":\"Kezd\u0151lap\",\"item\":\"https:\\\/\\\/stuttgarti-katolikusok.de\\\/\"},{\"@type\":\"ListItem\",\"position\":2,\"name\":\"Programel\u0151zetes szeptember 25 \u00e9s okt\u00f3ber 1 k\u00f6z\u00f6tt\"}]},{\"@type\":\"WebSite\",\"@id\":\"https:\\\/\\\/stuttgarti-katolikusok.de\\\/#website\",\"url\":\"https:\\\/\\\/stuttgarti-katolikusok.de\\\/\",\"name\":\"Stuttgarti Katolikusok\",\"description\":\"\",\"potentialAction\":[{\"@type\":\"SearchAction\",\"target\":{\"@type\":\"EntryPoint\",\"urlTemplate\":\"https:\\\/\\\/stuttgarti-katolikusok.de\\\/?s={search_term_string}\"},\"query-input\":{\"@type\":\"PropertyValueSpecification\",\"valueRequired\":true,\"valueName\":\"search_term_string\"}}],\"inLanguage\":\"hu\"},{\"@type\":\"Person\",\"@id\":\"https:\\\/\\\/stuttgarti-katolikusok.de\\\/#\\\/schema\\\/person\\\/75908d6f8fdc03a57889d27209df7795\",\"name\":\"Tibor atya\",\"image\":{\"@type\":\"ImageObject\",\"inLanguage\":\"hu\",\"@id\":\"https:\\\/\\\/secure.gravatar.com\\\/avatar\\\/61d268e57d1f4525b111222e29d2d5a7f8c420fdbf231ba5566a8ceac74fa960?s=96&d=mm&r=g\",\"url\":\"https:\\\/\\\/secure.gravatar.com\\\/avatar\\\/61d268e57d1f4525b111222e29d2d5a7f8c420fdbf231ba5566a8ceac74fa960?s=96&d=mm&r=g\",\"contentUrl\":\"https:\\\/\\\/secure.gravatar.com\\\/avatar\\\/61d268e57d1f4525b111222e29d2d5a7f8c420fdbf231ba5566a8ceac74fa960?s=96&d=mm&r=g\",\"caption\":\"Tibor atya\"},\"url\":\"https:\\\/\\\/stuttgarti-katolikusok.de\\\/index.php\\\/author\\\/tibor-atya\\\/\"}]}<\/script>\n<!-- \/ Yoast SEO plugin. -->","yoast_head_json":{"title":"Programel\u0151zetes szeptember 25 \u00e9s okt\u00f3ber 1 k\u00f6z\u00f6tt - Stuttgarti Katolikusok","robots":{"index":"index","follow":"follow","max-snippet":"max-snippet:-1","max-image-preview":"max-image-preview:large","max-video-preview":"max-video-preview:-1"},"canonical":"https:\/\/stuttgarti-katolikusok.de\/index.php\/programelozetes-szeptember-25-es-oktober-1-kozott\/","og_locale":"hu_HU","og_type":"article","og_title":"Programel\u0151zetes szeptember 25 \u00e9s okt\u00f3ber 1 k\u00f6z\u00f6tt - Stuttgarti Katolikusok","og_description":"Programel\u0151zetes Tibor atya betegs\u00e9ge miatt az ulmi \u00e9s weingarteni h\u00e9tk\u00f6znapi-, illetve a munderkingeni vas\u00e1rnapi szentmise ez\u00fattal elmarad! \u00a0Szeptember 27-\u00e9n, szerd\u00e1n, \u00a0\u00a0\u00a0\u00a0\u00a0\u00a0\u00a0\u00a0\u00a0\u00a0\u00a0 Stuttgartban a Bruder Klaus nagyterm\u00e9ben, 19.00 \u00f3rakor &#8211; az ERAK \u00e9gisze alatt &#8211; az \u00e9rdi F\u00f6ldrajzi M\u00fazeum igazgat\u00f3ja, Dr. Kubassek J\u00e1nos tart el\u0151ad\u00e1st: Alm\u00e1sy L\u00e1szl\u00f3, a Szahara felfedez\u0151 utaz\u00f3ja, Az angol beteg c\u00edm\u0171 film h\u0151se c\u00edmmel. * Szeptember 29-\u00e9n, p\u00e9nteken, Stuttgartban 17.50 \u00f3rakor r\u00f3zsaf\u00fcz\u00e9r \u00e1jtatoss\u00e1g, majd szentmise, keret\u00e9ben P\u00e9nteki Egyetem: Besz\u00e9lget\u00e9sek a Katekizmusr\u00f3l. Ut\u00e1na Imak\u00f6r \u2013 szents\u00e9gim\u00e1d\u00e1s: h\u00e1l\u00e1nk \u00e9s k\u00e9r\u00e9seink felaj\u00e1nl\u00e1sa az Olt\u00e1riszents\u00e9gben jelenl\u00e9v\u0151 J\u00e9zus Urunknak. * Okt\u00f3ber 1-j\u00e9n, vas\u00e1rnap, Schw\u00e4bisch-Gm\u00fcndben 9.30 \u00f3rakor szentmise. Ut\u00e1na \u00e1g\u00e1p\u00e9. \u00a0\u00a0\u00a0\u00a0\u00a0\u00a0\u00a0\u00a0\u00a0\u00a0\u00a0 Stuttgartban 15.00 \u00f3rakor szentmise, amelyet \u2013 sz\u00fclet\u00e9s\u00e9nek 125. \u00e9ve alkalm\u00e1b\u00f3l \u2013 Isten Szolg\u00e1ja, Mindszenty J\u00f3zsef b\u00edboros-hercegpr\u00edm\u00e1s tisztelet\u00e9re aj\u00e1nljuk fel. Ut\u00e1na, 16.00 \u00f3r\u00e1t\u00f3l, Dr. Baumgartner Bernadette tart el\u0151ad\u00e1st r\u00f3la \u00e9s Erd\u00e9ly nagy f\u0151p\u00e1sztor\u00e1r\u00f3l M\u00e1rton \u00c1ronr\u00f3l: P\u00e1rhuzamos \u00e9letrajzok c\u00edmmel. Alatta \u00e1g\u00e1p\u00e9. * Minden helyen mindenkit szeretettel v\u00e1r a k\u00f6z\u00f6ss\u00e9g, Imre atya \u00e9s Tibor atya! \u00a0 \u201eA hajsz\u00e1lgy\u00f6k\u00e9r nem h\u00faz\u00f3dik vissza, ha szikl\u00e1ra tapint, hanem r\u00e9st keres \u00e9s repeszt; a f\u00f6ldbe vetett mag \u00e1tt\u00f6ri a r\u00f6g\u00f6t; az akad\u00e1ly el\u00e9 jutott hangya megk\u00eds\u00e9rli a sz\u00e1zszoros s\u00falyt f\u00e9lretenni, s ha nem siker\u00fcl, ker\u00fcl\u0151vel folytatja az \u00fatj\u00e1t c\u00e9lja fel\u00e9. S ha \u00e9lni akarunk, mi is csak ezt a p\u00e9ld\u00e1t k\u00f6vethetj\u00fck.\u201d (M\u00e1rton \u00c1ron Erd\u00e9ly p\u00fcsp\u00f6ke \u2013 1896-1980) Kellemes napokat, j\u00f3 munk\u00e1t, tartalmas besz\u00e9lget\u00e9seket \u00e9s \u00f6r\u00f6mteli tal\u00e1lkoz\u00e1sokat k\u00edv\u00e1nunk minden Kedves H\u00edv\u00fcnknek! \u00a0","og_url":"https:\/\/stuttgarti-katolikusok.de\/index.php\/programelozetes-szeptember-25-es-oktober-1-kozott\/","og_site_name":"Stuttgarti Katolikusok","article_published_time":"2017-09-25T07:17:04+00:00","article_modified_time":"2017-09-25T10:27:52+00:00","author":"Tibor atya","twitter_card":"summary_large_image","twitter_misc":{"Szerz\u0151:":"Tibor atya","Becs\u00fclt olvas\u00e1si id\u0151":"2 perc"},"schema":{"@context":"https:\/\/schema.org","@graph":[{"@type":"Article","@id":"https:\/\/stuttgarti-katolikusok.de\/index.php\/programelozetes-szeptember-25-es-oktober-1-kozott\/#article","isPartOf":{"@id":"https:\/\/stuttgarti-katolikusok.de\/index.php\/programelozetes-szeptember-25-es-oktober-1-kozott\/"},"author":{"name":"Tibor atya","@id":"https:\/\/stuttgarti-katolikusok.de\/#\/schema\/person\/75908d6f8fdc03a57889d27209df7795"},"headline":"Programel\u0151zetes szeptember 25 \u00e9s okt\u00f3ber 1 k\u00f6z\u00f6tt","datePublished":"2017-09-25T07:17:04+00:00","dateModified":"2017-09-25T10:27:52+00:00","mainEntityOfPage":{"@id":"https:\/\/stuttgarti-katolikusok.de\/index.php\/programelozetes-szeptember-25-es-oktober-1-kozott\/"},"wordCount":340,"articleSection":["Progamel\u0151zetes"],"inLanguage":"hu"},{"@type":"WebPage","@id":"https:\/\/stuttgarti-katolikusok.de\/index.php\/programelozetes-szeptember-25-es-oktober-1-kozott\/","url":"https:\/\/stuttgarti-katolikusok.de\/index.php\/programelozetes-szeptember-25-es-oktober-1-kozott\/","name":"Programel\u0151zetes szeptember 25 \u00e9s okt\u00f3ber 1 k\u00f6z\u00f6tt - Stuttgarti Katolikusok","isPartOf":{"@id":"https:\/\/stuttgarti-katolikusok.de\/#website"},"datePublished":"2017-09-25T07:17:04+00:00","dateModified":"2017-09-25T10:27:52+00:00","author":{"@id":"https:\/\/stuttgarti-katolikusok.de\/#\/schema\/person\/75908d6f8fdc03a57889d27209df7795"},"breadcrumb":{"@id":"https:\/\/stuttgarti-katolikusok.de\/index.php\/programelozetes-szeptember-25-es-oktober-1-kozott\/#breadcrumb"},"inLanguage":"hu","potentialAction":[{"@type":"ReadAction","target":["https:\/\/stuttgarti-katolikusok.de\/index.php\/programelozetes-szeptember-25-es-oktober-1-kozott\/"]}]},{"@type":"BreadcrumbList","@id":"https:\/\/stuttgarti-katolikusok.de\/index.php\/programelozetes-szeptember-25-es-oktober-1-kozott\/#breadcrumb","itemListElement":[{"@type":"ListItem","position":1,"name":"Kezd\u0151lap","item":"https:\/\/stuttgarti-katolikusok.de\/"},{"@type":"ListItem","position":2,"name":"Programel\u0151zetes szeptember 25 \u00e9s okt\u00f3ber 1 k\u00f6z\u00f6tt"}]},{"@type":"WebSite","@id":"https:\/\/stuttgarti-katolikusok.de\/#website","url":"https:\/\/stuttgarti-katolikusok.de\/","name":"Stuttgarti Katolikusok","description":"","potentialAction":[{"@type":"SearchAction","target":{"@type":"EntryPoint","urlTemplate":"https:\/\/stuttgarti-katolikusok.de\/?s={search_term_string}"},"query-input":{"@type":"PropertyValueSpecification","valueRequired":true,"valueName":"search_term_string"}}],"inLanguage":"hu"},{"@type":"Person","@id":"https:\/\/stuttgarti-katolikusok.de\/#\/schema\/person\/75908d6f8fdc03a57889d27209df7795","name":"Tibor atya","image":{"@type":"ImageObject","inLanguage":"hu","@id":"https:\/\/secure.gravatar.com\/avatar\/61d268e57d1f4525b111222e29d2d5a7f8c420fdbf231ba5566a8ceac74fa960?s=96&d=mm&r=g","url":"https:\/\/secure.gravatar.com\/avatar\/61d268e57d1f4525b111222e29d2d5a7f8c420fdbf231ba5566a8ceac74fa960?s=96&d=mm&r=g","contentUrl":"https:\/\/secure.gravatar.com\/avatar\/61d268e57d1f4525b111222e29d2d5a7f8c420fdbf231ba5566a8ceac74fa960?s=96&d=mm&r=g","caption":"Tibor atya"},"url":"https:\/\/stuttgarti-katolikusok.de\/index.php\/author\/tibor-atya\/"}]}},"_links":{"self":[{"href":"https:\/\/stuttgarti-katolikusok.de\/index.php\/wp-json\/wp\/v2\/posts\/12588","targetHints":{"allow":["GET"]}}],"collection":[{"href":"https:\/\/stuttgarti-katolikusok.de\/index.php\/wp-json\/wp\/v2\/posts"}],"about":[{"href":"https:\/\/stuttgarti-katolikusok.de\/index.php\/wp-json\/wp\/v2\/types\/post"}],"author":[{"embeddable":true,"href":"https:\/\/stuttgarti-katolikusok.de\/index.php\/wp-json\/wp\/v2\/users\/3"}],"replies":[{"embeddable":true,"href":"https:\/\/stuttgarti-katolikusok.de\/index.php\/wp-json\/wp\/v2\/comments?post=12588"}],"version-history":[{"count":2,"href":"https:\/\/stuttgarti-katolikusok.de\/index.php\/wp-json\/wp\/v2\/posts\/12588\/revisions"}],"predecessor-version":[{"id":12591,"href":"https:\/\/stuttgarti-katolikusok.de\/index.php\/wp-json\/wp\/v2\/posts\/12588\/revisions\/12591"}],"wp:attachment":[{"href":"https:\/\/stuttgarti-katolikusok.de\/index.php\/wp-json\/wp\/v2\/media?parent=12588"}],"wp:term":[{"taxonomy":"category","embeddable":true,"href":"https:\/\/stuttgarti-katolikusok.de\/index.php\/wp-json\/wp\/v2\/categories?post=12588"},{"taxonomy":"post_tag","embeddable":true,"href":"https:\/\/stuttgarti-katolikusok.de\/index.php\/wp-json\/wp\/v2\/tags?post=12588"}],"curies":[{"name":"wp","href":"https:\/\/api.w.org\/{rel}","templated":true}]}}