{"id":12551,"date":"2017-09-19T17:15:46","date_gmt":"2017-09-19T17:15:46","guid":{"rendered":"https:\/\/gracious-dewdney.138-201-221-2.plesk.page\/?p=12551"},"modified":"2017-09-28T09:04:23","modified_gmt":"2017-09-28T09:04:23","slug":"szent-gellert-bucsuunnep-stuttgartban","status":"publish","type":"post","link":"https:\/\/stuttgarti-katolikusok.de\/index.php\/szent-gellert-bucsuunnep-stuttgartban\/","title":{"rendered":"Szent Gell\u00e9rt b\u00facs\u00fa\u00fcnnep Stuttgartban"},"content":{"rendered":"<p style=\"text-align: center;\"><a href=\"https:\/\/stuttgarti-katolikusok.de\/wp-content\/uploads\/2017\/09\/img_2515.jpg\"><img loading=\"lazy\" decoding=\"async\" class=\"alignnone size-medium wp-image-12552\" src=\"https:\/\/stuttgarti-katolikusok.de\/wp-content\/uploads\/2017\/09\/img_2515-300x224.jpg\" alt=\"\" width=\"300\" height=\"224\" srcset=\"https:\/\/stuttgarti-katolikusok.de\/wp-content\/uploads\/2017\/09\/img_2515-300x224.jpg 300w, https:\/\/stuttgarti-katolikusok.de\/wp-content\/uploads\/2017\/09\/img_2515-1024x765.jpg 1024w\" sizes=\"auto, (max-width: 300px) 100vw, 300px\" \/><\/a><\/p>\n<p style=\"text-align: left;\">2017. szeptember 17-\u00e9n a Stuttgarti Magyar Katolikus Egyh\u00e1zk\u00f6zs\u00e9g temploma v\u00e9d\u0151szentj\u00e9nek &#8211; Szent Gell\u00e9rt p\u00fcsp\u00f6k \u00e9s v\u00e9rtan\u00fa &#8211; \u00fcnnep\u00e9t \u00fclte. A n\u00e9gynapos jubileumi \u00fcnneps\u00e9g cs\u00facspontja volt a h\u00e1laad\u00f3 szentmise. Benne k\u00f6sz\u00f6netet \u00e9s h\u00e1l\u00e1t adtunk a hetven esztend\u0151\u00e9rt.<\/p>\n<p style=\"text-align: left;\">Ez alkalommal az \u00fcnnepi szentmise celebr\u00e1nsa \u00e9s igehirdet\u0151je Ft. Urb\u00e1n Erik, ferences atya, a Cs\u00edksomly\u00f3-i kegytemplom igazgat\u00f3ja, \u00e9rseki helyn\u00f6k volt.<\/p>\n<p style=\"text-align: left;\">Az al\u00e1bbi helyen az \u00fcnnepi szentmise elm\u00e9lked\u00e9se hallhat\u00f3. Fogadj\u00e1tok szeretettel!<\/p>\n<audio class=\"wp-audio-shortcode\" id=\"audio-12551-1\" preload=\"none\" style=\"width: 100%;\" controls=\"controls\"><source type=\"audio\/mpeg\" src=\"https:\/\/stuttgarti-katolikusok.de\/wp-content\/uploads\/2017\/09\/Erik1.mp3?_=1\" \/><a href=\"https:\/\/stuttgarti-katolikusok.de\/wp-content\/uploads\/2017\/09\/Erik1.mp3\">https:\/\/stuttgarti-katolikusok.de\/wp-content\/uploads\/2017\/09\/Erik1.mp3<\/a><\/audio>\n<p><em><strong>Itt olvashat\u00f3 az \u00edrott v\u00e1ltozata is az elhangzott elm\u00e9lked\u00e9snek:<\/strong><\/em><\/p>\n<p><strong><em><\/em><\/strong><em><\/em>Kedves Imre \u00e9s Tibor atya, Krisztusban szeretett \u00fcnnepl\u0151 testv\u00e9reim!<\/p>\n<p>Tal\u00e1n nem mondok \u00fajdons\u00e1got azzal, ha kijelentem, hogy a ma embere egyre ink\u00e1bb hajlamos arra, hogy sz\u00e9tv\u00e1lassza az \u00e9let\u00e9ben a szakr\u00e1list \u00e9s a prof\u00e1nt, az istenit \u00e9s az emberit; \u00e9s a kett\u0151t k\u00fcl\u00f6n is kezelje\u2026<\/p>\n<p>A h\u00edv\u0151 ember e kett\u0151t, a kett\u0151ss\u00e9geket egy\u00fctt \u00e9li meg; az isteni \u00e9s az emberi \u00f6sszefon\u00f3dik az \u0151 \u00e9let\u00e9ben \u00fagy, ahogy a sz\u00f6vetsz\u00e1lak fon\u00f3dnak \u00f6ssze anyagg\u00e1. A kett\u0151 k\u00fcl\u00f6n\u00f6s k\u00f6lcs\u00f6nhat\u00e1sban van egym\u00e1ssal: az isteni kihat az emberire, az emberi az istenire, \u00e9s \u00edgy \u00e9li egyens\u00falyban az \u00e9let\u00e9t, \u00fcnnepeli a hit\u00e9t \u2013 \u00e9s az \u00fcnnepelt hit\u00e9t a gyakorlatban is meg\u00e9li, a h\u00e9tk\u00f6znapokban. Ilyen szempontb\u00f3l nem kell csod\u00e1lkoznunk a szenteken, nem kell azt gondolnunk, hogy a szentek k\u00fcl\u00f6nleges csodabogarak, akik el\u00e9rhetetlen messzes\u00e9gben vannak t\u0151l\u00fcnk, hiszen \u0151k val\u00f3ban \u00e9lt\u00e9k azt, amit tanultak Krisztusr\u00f3l, amire Krisztus ig\u00e9je, a J\u00f3istennek az \u00fczenete hivat\u00e1sk\u00e9nt meghat\u00e1rozta az \u0151 \u00e9let\u00fcket. \u00c9s teljes \u00e9letet \u00e9ltek, az egyh\u00e1z pedig szentk\u00e9nt, p\u00e9ldak\u00e9pk\u00e9nt, k\u00f6zbenj\u00e1r\u00f3k\u00e9nt gondol r\u00e1juk \u00e9s tiszteli \u0151ket. Ha v\u00e9giggondolunk a csal\u00e1di, bar\u00e1ti k\u00f6r\u00fcnk\u00f6n, akkor bizony\u00e1ra ott is tal\u00e1lunk olyan embereket, akik val\u00f3ban b\u00e9k\u00e9ben, \u00f6r\u00f6mben \u00e9s \u00f6r\u00f6mmel, szeretettel tudt\u00e1k \u00e9lni az \u00e9let\u00fcket \u2013 az egyh\u00e1z r\u00f3luk nem mondja ki, hogy szentek, azonban \u00e9rezz\u00fck, hogy ott vannak a J\u00f3istenn\u00e9l \u00e9s k\u00f6zbenj\u00e1rnak \u00e9rt\u00fcnk.<\/p>\n<p>V\u00e9rtan\u00fas\u00e1ga eml\u00e9knapj\u00e1n Szent Gell\u00e9rtre, az egyh\u00e1zk\u00f6zs\u00e9g v\u00e9d\u0151szentj\u00e9re eml\u00e9kez\u00fcnk, \u00e9s az \u0151 k\u00f6zbenj\u00e1r\u00e1s\u00e1t k\u00e9rj\u00fck. Feleleven\u00edtve \u00e9letrajz\u00e1nak ismert r\u00e9szleteit, tal\u00e1n sok mindent ki tudunk emelni bel\u0151le. Nem magyar f\u00f6ld\u00f6n sz\u00fcletett, Velenc\u00e9ben l\u00e1tta meg a napvil\u00e1got, azonban magyar f\u00f6ld\u00f6n lett \u201eszent\u201d. Mondhatjuk r\u00f3la, hogy kiv\u00e1l\u00f3 ember lehetett, hiszen m\u00e1r eg\u00e9sz fiatalon el\u00f6lj\u00e1r\u00f3i tiszts\u00e9get kap, k\u00e9s\u0151bb elmegy \u00e9s tov\u00e1bbtanul, misszi\u00f3ba k\u00e9sz\u00fcl, \u00e9s Magyarorsz\u00e1gon meg\u00e1llva feladattal b\u00edzz\u00e1k meg. Miut\u00e1n elv\u00e9gezte az \u0151 tan\u00edt\u00f3i feladat\u00e1t \u2013 Imre herceget tan\u00edtv\u00e1n \u2013, Bakonyb\u00e9lbe vonul remetes\u00e9gbe, majd p\u00fcsp\u00f6ks\u00e9get b\u00edznak r\u00e1, \u00e9s gyakorolja nagy szeretettel, szolg\u00e1lattal azt, amit az el\u00f6lj\u00e1r\u00f3in kereszt\u00fcl a J\u00f3isten maga b\u00edzott r\u00e1; hit\u00e9\u00e9rt v\u00e9r\u00e9t adta.<\/p>\n<p>Szeretn\u00e9m, ha v\u00e9gigelm\u00e9lkedn\u00e9nk a mai \u00fcnnepen, tudva azt, hogy amikor Gell\u00e9rtre p\u00fcsp\u00f6ks\u00e9get b\u00edztak r\u00e1, akkor \u0151 megkapta a mai \u00e9rtelemben vett <em>megszentel\u0151i feladattal egy\u00fctt a tan\u00edt\u00f3i \u00e9s a korm\u00e1nyz\u00f3i hatalmat. <\/em>\u00c9s amikor err\u0151l olvasunk, akaratlanul is k\u00f6zelebb hozzuk a mi \u00e9let\u00fcnkh\u00f6z, t\u00e1rsadalmunkhoz annak hasonl\u00f3vonatkoz\u00e1sait. Arra gondoltam, hogy a nagy egyh\u00e1z \u00fagy kezeli a t\u00e1rsadalom legkisebb sejtj\u00e9t, a csal\u00e1dot, mint kis egyh\u00e1zat, \u00e9s akkor mindannyian ezt a h\u00e1rmas k\u00fcldet\u00e9st a saj\u00e1t term\u00e9szet\u00fcnknek, hivat\u00e1sunknak, \u00e9letp\u00e1ly\u00e1nknak megfelel\u0151en gyakorolhatjuk. Legy\u00fcnk megszentel\u0151 emberek, \u00f6nmagunk \u00e9s k\u00f6rnyezet\u00fcnknek a megszentel\u0151i, vagyis legy\u00fcnk az im\u00e1ds\u00e1gnak az emberei. Az egyh\u00e1z megszentel benn\u00fcnket \u00e9s f\u00f6lk\u00edn\u00e1l sz\u00e1munkra h\u00e9t utat, h\u00e9t aj\u00e1nd\u00e9kot, a h\u00e9t szents\u00e9get, amelyeket az\u00e9rt ad, hogy seg\u00edtsen benn\u00fcnket a szentt\u00e9 v\u00e1l\u00e1s \u00fatj\u00e1n, hogyha haszn\u00e1ljuk azokat. Ha b\u00e1rmelyik szents\u00e9get is figyelmen k\u00edv\u00fcl hagyjuk, ha nem haszn\u00e1ljuk, akkor olyann\u00e1 lesz\u00fcnk, mint az, akinek f\u00fcrd\u0151szob\u00e1j\u00e1ban ott a szappan, vagy k\u00fcl\u00f6nb\u00f6z\u0151 tiszt\u00e1lkod\u00e1si szerek, de azokat nem akarja haszn\u00e1lni \u2013 term\u00e9szetes, hogy nem v\u00e1lik eg\u00e9szen tiszt\u00e1v\u00e1, nem lesz olyann\u00e1, amilyenn\u00e9 szeretne lenni. A szents\u00e9geket az\u00e9rt adta a J\u00f3isten, az egyh\u00e1z, hogy haszn\u00e1ljuk azokat \u201eszentt\u00e9 v\u00e1l\u00e1sunkra\u201d. Ugyanakkor azt is figyelembe kell venn\u00fcnk, hogy ennek a m\u00e1sik \u00fatja az im\u00e1dkoz\u00e1s, hogy intenz\u00edv kapcsolatban vagyunk a J\u00f3istennel \u2013 az im\u00e1ds\u00e1gnak az embereiv\u00e9 akar(j)unk v\u00e1lni.<\/p>\n<p style=\"text-align: center;\">*<\/p>\n<p>Amikor felv\u00e9telemet k\u00e9rtem a ferences rendbe, \u00e9s ott egy-k\u00e9t \u00e9vet elt\u00f6lt\u00f6ttem, akkor megk\u00e9rdeztem az el\u00f6lj\u00e1r\u00f3imat, azokat a szerzetes testv\u00e9reket, akikkel bizalmasabb kapcsolatba ker\u00fcltem, hogy mit kell tennem, hogy m\u00e9g jobban tudjak im\u00e1dkozni. \u00c9s eml\u00e9kszem, mennyire m\u00e9lyen megmaradtak bennem a testv\u00e9rnek a szavai, aki egy r\u00f6vid id\u0151 ut\u00e1n \u00edgy v\u00e1laszolt nekem: \u201eAz im\u00e1ds\u00e1g nem azt jelenti, hogy valamit teszek, hanem im\u00e1dkozni, megszentel\u0151dni annyit jelent, hogy valakivel vagyok.\u201d<\/p>\n<p>Valakivel vagyok, \u00e9s nagy k\u00e9rd\u00e9s, hogy tudunk-e id\u0151t sz\u00e1nni arra, hogy a J\u00f3istennel legy\u00fcnk\u2026<em>Lehet-e lelki \u00e9letr\u0151l besz\u00e9lni a mai vil\u00e1gban?<\/em> Amikor ak\u00e1r a csal\u00e1dban, vagy \u00e9ppen papk\u00e9nt, szerzetesk\u00e9nt helyt kell \u00e1llnunk, amikor a saj\u00e1t \u00e9lethivat\u00e1sunknak megfelel\u0151en kell viselkedn\u00fcnk, l\u00e9tezn\u00fcnk \u00e9s \u00e9ln\u00fcnk a munkahelyen, amikor a meg\u00e9lhet\u00e9s\u00e9rt val\u00f3 k\u00fczdelem, a csal\u00e1dr\u00f3l val\u00f3 gondoskod\u00e1s, a k\u00fcl\u00f6nf\u00e9le betegs\u00e9gek keresztjeinek az elvisel\u00e9se kit\u00f6lti az id\u0151nket, akkor hol van a lelki \u00e9let? Mindannyiunknak az \u00e9let\u00e9ben vannak sivatagi id\u0151szakok, olyan id\u0151szakok, amikor \u00fagy \u00e9rezz\u00fck, hogy az Isten elhagyott benn\u00fcnket, pedig igaz\u00e1b\u00f3l a J\u00f3isten ott van mindig, csak mi t\u00e1volodunk el t\u0151le \u2013 \u00e9s ilyenkor j\u00f6nnek a k\u00eds\u00e9rt\u00e9sek, \u00e9s a biztos kapaszkod\u00f3k az \u00e9let\u00fcnkben bizonytalann\u00e1 v\u00e1lnak; nyugtalans\u00e1g, f\u00e9lelem vesz er\u0151t rajtunk, s tal\u00e1n meg is bomlik az egys\u00e9g. A csal\u00e1di egys\u00e9g, a lelki egyens\u00falyunk, megingunk a hivat\u00e1sunkban, a k\u00fcldet\u00e9s\u00fcnkben, megromlik a munkahelyi l\u00e9gk\u00f6r, csal\u00f3dunk a szeretett szem\u00e9lyben, vagy az id\u0151s kornak a nyomaszt\u00f3terhe nehezedik r\u00e1nk, \u00e9s ezek mind olyan pillanatok, amikor t\u00e1madni lehet(ne) benn\u00fcnket. \u00c9s bizony nem egyszer kem\u00e9nyek ezek a harcok, \u00e9s nyomot hagynak benn\u00fcnk \u2013gy\u0151ztesk\u00e9nt csak az er\u0151s hit\u0171, Istenben b\u00edz\u00f3 ker\u00fcl ki e harcb\u00f3l. Van, hogy elhat\u00e1rozzuk, hogy val\u00f3di lelki \u00e9letet akarunk \u00e9lni, a J\u00f3istennel min\u0151s\u00e9gi id\u0151t akarunk t\u00f6lteni, meg akarunk szentel\u0151dni, \u00e9s a k\u00f6rnyezet\u00fcnket is meg akarjuk szentelni \u2013 \u00e9s ha \u0151szint\u00e9n magunkba n\u00e9z\u00fcnk, nemegyszer azon kapjuk magunkat, hogy a nagy lelkesed\u00e9s, a t\u0171zbizony al\u00e1bbhagy, megf\u00e1rad a sz\u00edv\u00fcnk t\u00fcze, \u00e9s bizony sz\u00fcks\u00e9g van nemegyszer arra, hogy \u00fajra felsz\u00edtsuk a parazsat, hogy az \u00faj l\u00e1ngra kapjon.<\/p>\n<p>Nem szabad megel\u00e9gednie a kereszt\u00e9ny embernek a l\u00e1tszatmegold\u00e1sokkal, k\u00fcls\u0151 csillog\u00e1sokkal, ugyanis nek\u00fcnk bel\u00fclr\u0151l kell vil\u00e1g\u00edtanunk, apr\u00f3 csillagocsk\u00e1kk\u00e1 kell v\u00e1lnunk, vil\u00e1g\u00edt\u00f3 l\u00e1mp\u00e1s-emberekk\u00e9. \u00c1m ahhoz hogy az \u00f6r\u00f6m saj\u00e1tunkk\u00e1 v\u00e1ljon, valamit tenn\u00fcnk kell. Ehhez be kell engedn\u00fcnk a sz\u00edv\u00fcnkbe a vil\u00e1g vil\u00e1goss\u00e1g\u00e1t, ki\u0171zve a k\u00e9telked\u00e9snek a hom\u00e1ly\u00e1t, hogy \u00e9let\u00fcnk sug\u00e1rz\u00f3v\u00e1 v\u00e1ljon, olyann\u00e1, amilyen a mai napnak a szentje, v\u00e9d\u0151szent\u00fcnk, Szent Gell\u00e9rt.<\/p>\n<p>Egy \u00e9desanya mes\u00e9lte el, hogy amikor m\u00e1r \u0151 sokat szenvedett \u00e9s \u00fagy \u00e9rezte, hogy az \u00e9let nagyon is megpr\u00f3b\u00e1lta \u0151t, bet\u00e9rt egy templomba, im\u00e1dkozni pr\u00f3b\u00e1lt, azonban \u00fagy \u00e9rezte, hogy neki nem megy m\u00e1r az im\u00e1ds\u00e1g \u2013 \u00e9s \u0151 csak ennyit mondott a h\u00e1ts\u00f3 sorban lehajtott fejjel, t\u00e9rdre rogyva: \u201eIstenem, l\u00e1tod itt vagyok!\u201d \u00c9s ebben a pillanatban az \u0151 vallom\u00e1sa szerint azt \u00e9rezte, hogy az Isten megsimogatta a sz\u00edv\u00e9t. Pilinszkynek a gondolat\u00e1val \u00e9lve, ez az \u00e9desanya a megtestes\u00fclt Isten szeretet\u00e9nek a nyelv\u00e9t besz\u00e9lte. Ennek az \u00e9desany\u00e1nak a sz\u00edv\u00e9be \u00fcnnep k\u00f6lt\u00f6z\u00f6tt, \u00e9s ezt az \u00fcnnepet, ezt a szeretetet, b\u00e9k\u00e9t, amit megtapasztalt az \u0151 sz\u00edv\u00e9ben, tov\u00e1bb tudta adni a csal\u00e1dj\u00e1nak is. Nem ez a hivat\u00e1sunk? Hogy a megtestes\u00fclt Isten szeretet\u00e9nek a nyelv\u00e9t besz\u00e9lj\u00fck, \u00e9s az \u00f6r\u00f6m\u00f6t, az egy\u00fcttl\u00e9tnek az \u00f6r\u00f6m\u00e9t, az \u00fcnnepnek az \u00f6r\u00f6m\u00e9t, a h\u00e1laad\u00e1snak a lelk\u00fclet\u00e9t megosszuk m\u00e1sokkal. Legy\u00fcnk \u201el\u00e1mp\u00e1s-emberek\u2026<\/p>\n<p style=\"text-align: center;\">*<\/p>\n<p>A m\u00e1sodik pont, amir\u0151l ma sz\u00f3 esett, a tan\u00edt\u00e1s. A p\u00fcsp\u00f6k tan\u00edt, azonban mindannyiunknak \u2013 hivat\u00e1sunknak, \u00e9letform\u00e1nknak megfelel\u0151en \u2013 tan\u00edtani kell. Tan\u00edtani azokat, akiket a J\u00f3isten r\u00e1nk b\u00edzott. Hiszen mindannyian a csal\u00e1dban n\u0151tt\u00fcnk fel, mindannyian a csal\u00e1dban tanultuk meg a legalapvet\u0151bb kapcsolatteremt\u00e9st, a besz\u00e9lget\u00e9st, a kommunik\u00e1ci\u00f3t, a viselked\u00e9si form\u00e1kat, azt, hogy hogyan l\u00e9pj\u00fcnk kapcsolatba az emberekkel. A sz\u00fcl\u00f6k \u00e9s a testv\u00e9rek k\u00f6z\u00f6ss\u00e9g\u00e9ben tanulja meg a gyermek szeretni az embereket, mert nagy aj\u00e1nd\u00e9k a gyermek sz\u00e1m\u00e1ra, hogyha j\u00f3 p\u00e9ld\u00e1t l\u00e1t. P\u00e9ld\u00e1t els\u0151 sorban arra, hogy a sz\u00fcl\u0151k hogyan szeretik egym\u00e1st, hogyan viselkednek a csal\u00e1dban, hogyan viselkednek a rokonokkal szemben, a szomsz\u00e9dokkal, vagy \u00e9ppens\u00e9ggel hogyan \u00e9lik meg a munkahelyi kapcsolataikat. Merthogy a J\u00f3isten milyen csal\u00e1dot akar? Olyan csal\u00e1dot, ahol a h\u0171s\u00e9g az \u00e9rt\u00e9k, alapvet\u0151 \u00e9rt\u00e9k, ahol a gyermek mind a k\u00e9t sz\u00fcl\u0151t\u0151l szeretve van, ahol az apa \u00e9s az anya egyszerre tekint r\u00e1 a gyermek\u00e9re felel\u0151ss\u00e9gteljes sz\u00fcl\u0151i szeretettel. Isten olyan csal\u00e1dot akar, ahol a gyermekek nemcsak t\u00e1rgyiasult dolgokban kapnak meg mindent. Olyant akar, ahol \u0151r\u00f3la is sz\u00f3 esik, ahol a legsz\u00fcks\u00e9gesebbek mellett mindent bet\u00f6lt a mennyei atya jelenl\u00e9te, ahol besz\u00e9lnek Istenr\u0151l \u00e9s besz\u00e9lnek az Istennel, vagyis k\u00f6z\u00f6sen im\u00e1dkoznak. Isten nem olyan csal\u00e1dot akar, ahol a sz\u00fcl\u0151k egy\u00e1ltal\u00e1n, vagy ritk\u00e1n besz\u00e9lnek egym\u00e1ssal \u00e9s gyermekeikkel, vagy a gyermekeik a sz\u00fcleikkel, mert Isten szeret besz\u00e9lgetni vel\u00fcnk, \u00e9s szereti, ha az emberek is besz\u00e9lgetnek egym\u00e1ssal. Olyan csal\u00e1dot akar, ahol a megpr\u00f3b\u00e1ltat\u00e1sokat \u00fagy fogadj\u00e1k, mint Istennek a pr\u00f3bak\u00f6v\u00e9t \u2013 minden k\u0151, amelyben megbotlunk \u00e9let\u00fcnk \u00fatj\u00e1n (ak\u00e1r egy\u00e9nileg, ak\u00e1r k\u00f6z\u00f6ss\u00e9gileg j\u00e1rjuk azt), az nem v\u00e9letlen, hanem a mi lelki fejl\u0151d\u00e9s\u00fcnket \u00e9s a kiteljesed\u00e9s\u00fcnket szolg\u00e1lja. Merthogy az ilyen t\u00e1rsadalomban, az ilyen egyh\u00e1zk\u00f6zs\u00e9gben, az ilyen csal\u00e1dokban helye van a szeretetnek, a b\u00e9k\u00e9nek, a meg\u00e9rt\u00e9snek, helye van a gyermeknek, helye van a hiteles t\u00e1rsi szeretetnek, helye van az id\u0151snek, a betegnek, a szenved\u0151nek. Ahogy az \u00dar J\u00e9zus mondja: \u201eBizony mondom nektek, amit e legkisebb testv\u00e9reim k\u00f6z\u00fcl eggyel is tettetek, velem tett\u00e9tek.\u201d \/Mt 25,31\u201346\/.<\/p>\n<p>De nem mehet\u00fcnk el sz\u00f3tlanul amellett sem, hogy els\u0151sorban a csal\u00e1dban tanulja meg a gyermek a hitet, ott lesi el, fogja fel, hogy hit a J\u00f3istennek az aj\u00e1nd\u00e9ka, azonban rajtunk kereszt\u00fcl is a J\u00f3isten tov\u00e1bbadja a hitet. Gondoljunk csak egy egyszer\u0171 p\u00e9ld\u00e1ra: a gyermek l\u00e1tja a keresztet a falon, vagy \u00e9ppen itt a templomban, \u00e9s megk\u00e9rdezi: \u201e\u00c9desany\u00e1m, \u00e9desap\u00e1m, ki az a b\u00e1csi ott a kereszten? Mi\u00e9rt van \u0151 a csal\u00e1di h\u00e1znak a fal\u00e1n, a szob\u00e1nknak a fal\u00e1n, mi\u00e9rt van a templomban, mi\u00e9rt van ott a kereszt?\u201d \u00c9s egyszer\u0171 szavakkal el lehet mondani, hogy az emberek meg\u00f6lt\u00e9k Krisztust, az Isten fi\u00e1t, aki \u00e9rt\u00fcnk szeretetb\u0151l megtestes\u00fclt, emberr\u00e9 lett, osztozott a mi sorsunkban, de harmadnapra felt\u00e1madt, hiszen ilyenkor Szent P\u00e1l szavait id\u00e9zz\u00fck egyszer\u0171bben: \u201eEls\u0151sorban azt hagyom r\u00e1tok, amit magam is kaptam: Krisztus meghalt b\u0171neink\u00e9rt amint az \u00edr\u00e1s mondja. Eltemett\u00e9k \u00e9s harmadnapra felt\u00e1madt. (\u2026) ugyanezt hirdetj\u00fck, \u00e9s ez\u00e9rt lettetek h\u00edv\u0151kk\u00e9.\u201d \/1Kor, 15,3\u20134,11\/<\/p>\n<p>Hit\u00fcnknek a gy\u00f6kere a h\u00fasv\u00e9ti titok, ez\u00e9rt besz\u00e9ljetek gyermekeiteknek az Istenr\u0151l, besz\u00e9ljetek nagyon sokat Istennel, J\u00e9zus Krisztussal, a Boldogs\u00e1gos Sz\u0171zany\u00e1val J\u00e9zus Krisztusr\u00f3l, a Boldogs\u00e1gos Sz\u0171zany\u00e1r\u00f3l, mert mindannyian \u00e9rezz\u00fck, hogy mit kell tenni, \u00e9s ezt a hitet majd az egyh\u00e1zk\u00f6zs\u00e9gnek a pl\u00e9b\u00e1nosa tov\u00e1bbvezeti.<\/p>\n<p>Maguk a sz\u00fcl\u0151k mondt\u00e1k el, hogy milyen sz\u00e9p az, hogy amit \u0151k otthon m\u00e1r nem tudnak megtan\u00edtani, azt r\u00e1b\u00edzz\u00e1k az egyh\u00e1zk\u00f6zs\u00e9g vezet\u0151j\u00e9re, a pl\u00e9b\u00e1nosra, hogy \u0151 tan\u00edtsa tov\u00e1bb a hitben \u2013 besz\u00e9ljen nekik a J\u00f3istenr\u0151l, \u00e9s besz\u00e9lgessenek egy\u00fctt \u0151k is a J\u00f3istennel.<\/p>\n<p style=\"text-align: center;\">*<\/p>\n<p>A harmadik pont, amir\u0151l sz\u00f3t k\u00edv\u00e1nok ejteni, a korm\u00e1nyz\u00e1snak a hatalma. Mindannyian ezt is a saj\u00e1t \u00e9let\u00e1llapotunknak megfelel\u0151en tudjuk haszn\u00e1lni. A J\u00f3isten feladatot b\u00edzott r\u00e1nk, felel\u0151ss\u00e9get b\u00edzott r\u00e1nk, kinek-kinek a term\u00e9szete szerint, \u00e9s megvagyok gy\u0151z\u0151dve arr\u00f3l, hogy \u00e9let\u00fcnk akkor fog kiteljesedni, ha ezt a feladatot, amivel a J\u00f3isten megb\u00edz, felel\u0151ss\u00e9gteljesen be is teljes\u00edtj\u00fck. Lehet, hogy valaki elv\u00e9gezi majd a feladatot helyettem, de \u00fagy gondolom, hogy akkor valahol a l\u00e1ncszemben cs\u00f3rva ker\u00fcl, mert hogy valami midig elmarad, ha nem \u00e9n teszem meg azt, ami az \u00e9n k\u00fcldet\u00e9sem. \u00c9s megtenni a J\u00f3istennek az akarat\u00e1t, \u00fagy kapjuk meg a lelki b\u00e9kess\u00e9get.<\/p>\n<p>A J\u00f3isten hatalmat ad, aj\u00e1nd\u00e9kk\u00e9nt kell elfogadnunk \u00e9s a j\u00f3ra kell haszn\u00e1lnunk. Szabad \u00f6r\u00fcln\u00fcnk annak, amivel a J\u00f3isten megb\u00edz, \u00e9s kell is \u00f6r\u00fcln\u00fcnk, de ezt, amit kapunk, azt a k\u00f6zj\u00f3nak a szolg\u00e1lat\u00e1ra kell haszn\u00e1lnunk. \u00c9s ha siker\u00fcl j\u00f3t tenni, akkor azt meg kell k\u00f6sz\u00f6nni. Hiszen a hatalmat Istent\u0151l k\u00f6lcs\u00f6n kapjuk, \u00e9s minden hatalom \u00e9s annak er\u0151forr\u00e1sa az ember sz\u00e1m\u00e1ra az\u00e9rt kell, hogy a k\u00f6zj\u00f3t szolg\u00e1lja, \u00e9s megk\u00f6sz\u00f6nje a J\u00f3istennek azokat a lehet\u0151s\u00e9geket, amikor val\u00f3ban felel\u0151ss\u00e9gteljesen tudja tenni \u00e9s bet\u00f6lteni az \u0151 hivat\u00e1s\u00e1t.<\/p>\n<p>K\u00f6teless\u00e9gteljes\u00edt\u00e9s, megb\u00edzhat\u00f3s\u00e1g, rend \u2013 tal\u00e1n sokszor elfelejtett szavak, elfelejtett er\u00e9nyek, m\u00e9gis maradand\u00f3 \u00e9rt\u00e9keknek a hordoz\u00f3i. Ak\u00e1r sz\u00fcl\u0151k\u00e9nt, ak\u00e1r pl\u00e9b\u00e1nosk\u00e9nt, ak\u00e1r a munkahelyen bet\u00f6lt\u00f6tt k\u00fcl\u00f6nb\u00f6z\u0151 szolg\u00e1latok, de mindannyiunknak ott van a felel\u0151ss\u00e9ge, amellyel a J\u00f3isten megb\u00edzott benn\u00fcnket. Stefan Kiechle jezsuita atya gondolatmenete alapj\u00e1n vallom: \u201eAzok az int\u00e9zm\u00e9nyek \u00e9s \u00e1llamok, amelyekben a hatalom gyakorl\u00e1s\u00e1t vil\u00e1gos \u00e9s igazs\u00e1gos szab\u00e1lyok alapj\u00e1n fektetik le, tov\u00e1bb\u00e1 biztos\u00edtj\u00e1k ezek korrupci\u00f3mentes betart\u00e1s\u00e1t, jobb \u00e9letteret biztos\u00edtanak nemcsak a hatalommal nem rendelkez\u0151k sz\u00e1m\u00e1ra, hanem mindenkinek. \u00cdgy m\u00e1r itt, a f\u00f6ld\u00f6n meg\u00e9lhetj\u00fck a mennyorsz\u00e1got, amikor a k\u00f6r\u00fcl\u00f6tt\u00fcnk \u00e9l\u0151kkel siker\u00fcl egys\u00e9gben \u00e9lni \u00e9s egy\u00fcttm\u0171k\u00f6dni, a szabads\u00e1gnak a l\u00e9gk\u00f6r\u00e9t el\u0151mozd\u00edtani.\u201d \u00c9s ha ez igaz az int\u00e9zm\u00e9nyre, igaz a t\u00e1rsadalomra, igaz az \u00e1llamra, akkor igaz ez egy egyh\u00e1zk\u00f6zs\u00e9gre, \u00e9s igaz a t\u00e1rsadalom legkisebb sejt\u00e9re, a csal\u00e1dra is.<\/p>\n<p>M\u00e9g nem \u00e9rkezett el a mennyorsz\u00e1g, erre figyelmeztetnek a hi\u00e1nyoss\u00e1gok, ez\u00e9rt f\u00e1j\u00f3, ha tal\u00e1lkozunk az igazs\u00e1gtalans\u00e1ggal, a jogh\u00e9zaggal vagy rosszul megfogalmazott t\u00f6rv\u00e9nyekkel, a hatalmi vissza\u00e9l\u00e9sekkel, \u00e9s \u00e9rezz\u00fck a kiszolg\u00e1ltatotts\u00e1got. \u00cdgy csak t\u00f6red\u00e9kesen \u00e9lj\u00fck meg a j\u00f3t, az igazat, a sz\u00e9pet, de e t\u00f6red\u00e9k\u00e9ben felsejlik sz\u00e1munkra m\u00e1r a mennyorsz\u00e1gnak az el\u0151\u00edze itt, a f\u00f6ld\u00f6n.<\/p>\n<p style=\"text-align: center;\">*<\/p>\n<p>Kedves \u00fcnnepl\u0151 testv\u00e9rek, h\u00e1l\u00e1t adunk a 70 \u00e9v\u00e9rt. \u00c9rdemes v\u00e9gign\u00e9zni az \u00e9veken, elm\u00e9lkedni az \u00e9vtizedekr\u0151l, egy-egy \u00e9vsz\u00e1m ut\u00e1n k\u00f6sz\u00f6netet mondani a J\u00f3istennek, hogy meg\u0151rz\u00f6tt benn\u00fcnket, hogy itt vagyunk, egy\u00fctt vagyunk, meg\u00e1llunk, \u00fcnnepl\u00fcnk, \u00e9s k\u00e9rj\u00fck az \u0150 seg\u00edts\u00e9g\u00e9t az\u00e9rt is, hogy legyen nek\u00fcnk j\u00f6v\u0151nk, tudjunk mi \u00f6sszetart\u00f3 csillagokk\u00e1 v\u00e1lni.<\/p>\n<p>Mit k\u00e9rj\u00fcnk Szent Gell\u00e9rtt\u0151l? A k\u00f6zbenj\u00e1r\u00e1s\u00e1t, hogy esdje ki sz\u00e1munkra az \u00dar J\u00e9zust\u00f3l azt a kegyelmet, hogy az \u0151 p\u00e9ld\u00e1j\u00e1t, lelk\u00fclet\u00e9t k\u00f6vetni tudjuk, be tudjuk teljes\u00edteni a mi feladatunkat, hivat\u00e1sunkat, \u00e9s \u00edgy hirdess\u00fck az evang\u00e9liumot. Seg\u00edtsen benn\u00fcnket, hogy a szents\u00e9geknek a gy\u00f3gy\u00edt\u00f3 erej\u00e9t \u00e9s a hitet \u2013 amelyet t\u00f6r\u00e9keny cser\u00e9ped\u00e9nyben \u0151rz\u00fcnk \u2013 tov\u00e1bb tudjuk adni, a t\u0151le kapott tan\u00edt\u00e1st megtudjuk osztani m\u00e1sokkal, \u00e9s seg\u00edtsen benn\u00fcnket, hogy a napnak bizonyos szakasz\u00e1ban tudjunk a J\u00f3istennel min\u0151s\u00e9gi id\u0151ben besz\u00e9lgetni. Figyelmes sz\u00edvvel, k\u00e9szs\u00e9ges l\u00e9lekkel vegy\u00fcnk r\u00e9szt a Szentmis\u00e9ken a k\u00f6z\u00f6ss\u00e9gi \u00fcnnepeken, hogy val\u00f3ban felel\u0151ss\u00e9gteljesen hirdess\u00fck az evang\u00e9liumot \u00e9s \u00e9lj\u00fck meg k\u00fcldet\u00e9sk\u00e9nt hivat\u00e1sunkat. \u00c1men.<\/p>\n","protected":false},"excerpt":{"rendered":"<p>2017. szeptember 17-\u00e9n a Stuttgarti Magyar Katolikus Egyh\u00e1zk\u00f6zs\u00e9g temploma v\u00e9d\u0151szentj\u00e9nek &#8211; Szent Gell\u00e9rt p\u00fcsp\u00f6k \u00e9s v\u00e9rtan\u00fa &#8211; \u00fcnnep\u00e9t \u00fclte. A n\u00e9gynapos jubileumi \u00fcnneps\u00e9g cs\u00facspontja volt a h\u00e1laad\u00f3 szentmise. Benne k\u00f6sz\u00f6netet \u00e9s h\u00e1l\u00e1t adtunk a hetven esztend\u0151\u00e9rt. Ez alkalommal az \u00fcnnepi szentmise celebr\u00e1nsa \u00e9s igehirdet\u0151je Ft. Urb\u00e1n Erik, ferences atya, a Cs\u00edksomly\u00f3-i kegytemplom igazgat\u00f3ja, \u00e9rseki helyn\u00f6k volt. Az al\u00e1bbi helyen az \u00fcnnepi szentmise elm\u00e9lked\u00e9se hallhat\u00f3. Fogadj\u00e1tok szeretettel! Itt olvashat\u00f3 az \u00edrott v\u00e1ltozata is az elhangzott elm\u00e9lked\u00e9snek: Kedves Imre \u00e9s Tibor atya, Krisztusban szeretett \u00fcnnepl\u0151 testv\u00e9reim! Tal\u00e1n nem mondok \u00fajdons\u00e1got azzal, ha kijelentem, hogy a ma embere egyre ink\u00e1bb hajlamos arra, hogy sz\u00e9tv\u00e1lassza az \u00e9let\u00e9ben a szakr\u00e1list \u00e9s a prof\u00e1nt, az istenit \u00e9s az emberit; \u00e9s a kett\u0151t k\u00fcl\u00f6n is kezelje\u2026 A h\u00edv\u0151 ember e kett\u0151t, a kett\u0151ss\u00e9geket egy\u00fctt \u00e9li meg; az isteni \u00e9s az emberi \u00f6sszefon\u00f3dik az \u0151 \u00e9let\u00e9ben \u00fagy, ahogy a sz\u00f6vetsz\u00e1lak fon\u00f3dnak \u00f6ssze anyagg\u00e1. A kett\u0151 k\u00fcl\u00f6n\u00f6s k\u00f6lcs\u00f6nhat\u00e1sban van egym\u00e1ssal: az isteni kihat az emberire, az emberi az istenire, \u00e9s \u00edgy \u00e9li egyens\u00falyban az \u00e9let\u00e9t, \u00fcnnepeli a hit\u00e9t \u2013 \u00e9s az \u00fcnnepelt hit\u00e9t a gyakorlatban is meg\u00e9li, a h\u00e9tk\u00f6znapokban. Ilyen szempontb\u00f3l nem kell csod\u00e1lkoznunk a szenteken, nem kell azt gondolnunk, hogy a szentek k\u00fcl\u00f6nleges csodabogarak, akik el\u00e9rhetetlen messzes\u00e9gben vannak t\u0151l\u00fcnk, hiszen \u0151k val\u00f3ban \u00e9lt\u00e9k azt, amit tanultak Krisztusr\u00f3l, amire Krisztus ig\u00e9je, a J\u00f3istennek az \u00fczenete hivat\u00e1sk\u00e9nt meghat\u00e1rozta az \u0151 \u00e9let\u00fcket. \u00c9s teljes \u00e9letet \u00e9ltek, az egyh\u00e1z pedig szentk\u00e9nt, p\u00e9ldak\u00e9pk\u00e9nt, k\u00f6zbenj\u00e1r\u00f3k\u00e9nt gondol r\u00e1juk \u00e9s tiszteli \u0151ket. Ha v\u00e9giggondolunk a csal\u00e1di, bar\u00e1ti k\u00f6r\u00fcnk\u00f6n, akkor bizony\u00e1ra ott is tal\u00e1lunk olyan embereket, akik val\u00f3ban b\u00e9k\u00e9ben, \u00f6r\u00f6mben \u00e9s \u00f6r\u00f6mmel, szeretettel tudt\u00e1k \u00e9lni az \u00e9let\u00fcket \u2013 az egyh\u00e1z r\u00f3luk nem mondja ki, hogy szentek, azonban \u00e9rezz\u00fck, hogy ott vannak a J\u00f3istenn\u00e9l \u00e9s k\u00f6zbenj\u00e1rnak \u00e9rt\u00fcnk. V\u00e9rtan\u00fas\u00e1ga eml\u00e9knapj\u00e1n Szent Gell\u00e9rtre, az egyh\u00e1zk\u00f6zs\u00e9g v\u00e9d\u0151szentj\u00e9re eml\u00e9kez\u00fcnk, \u00e9s az \u0151 k\u00f6zbenj\u00e1r\u00e1s\u00e1t k\u00e9rj\u00fck. Feleleven\u00edtve \u00e9letrajz\u00e1nak ismert r\u00e9szleteit, tal\u00e1n sok mindent ki&#8230; <\/p>\n<p><a class=\"readmore\" href=\"https:\/\/stuttgarti-katolikusok.de\/index.php\/szent-gellert-bucsuunnep-stuttgartban\/\">R\u00e9szletek<\/a><\/p>\n","protected":false},"author":3,"featured_media":12549,"comment_status":"closed","ping_status":"closed","sticky":false,"template":"","format":"standard","meta":{"footnotes":""},"categories":[5],"tags":[],"class_list":["post-12551","post","type-post","status-publish","format-standard","has-post-thumbnail","hentry","category-hirek"],"yoast_head":"<!-- This site is optimized with the Yoast SEO plugin v27.3 - https:\/\/yoast.com\/product\/yoast-seo-wordpress\/ -->\n<title>Szent Gell\u00e9rt b\u00facs\u00fa\u00fcnnep Stuttgartban - Stuttgarti Katolikusok<\/title>\n<meta name=\"robots\" content=\"index, follow, max-snippet:-1, max-image-preview:large, max-video-preview:-1\" \/>\n<link rel=\"canonical\" href=\"https:\/\/stuttgarti-katolikusok.de\/index.php\/szent-gellert-bucsuunnep-stuttgartban\/\" \/>\n<meta property=\"og:locale\" content=\"hu_HU\" \/>\n<meta property=\"og:type\" content=\"article\" \/>\n<meta property=\"og:title\" content=\"Szent Gell\u00e9rt b\u00facs\u00fa\u00fcnnep Stuttgartban - Stuttgarti Katolikusok\" \/>\n<meta property=\"og:description\" content=\"2017. szeptember 17-\u00e9n a Stuttgarti Magyar Katolikus Egyh\u00e1zk\u00f6zs\u00e9g temploma v\u00e9d\u0151szentj\u00e9nek &#8211; Szent Gell\u00e9rt p\u00fcsp\u00f6k \u00e9s v\u00e9rtan\u00fa &#8211; \u00fcnnep\u00e9t \u00fclte. A n\u00e9gynapos jubileumi \u00fcnneps\u00e9g cs\u00facspontja volt a h\u00e1laad\u00f3 szentmise. Benne k\u00f6sz\u00f6netet \u00e9s h\u00e1l\u00e1t adtunk a hetven esztend\u0151\u00e9rt. Ez alkalommal az \u00fcnnepi szentmise celebr\u00e1nsa \u00e9s igehirdet\u0151je Ft. Urb\u00e1n Erik, ferences atya, a Cs\u00edksomly\u00f3-i kegytemplom igazgat\u00f3ja, \u00e9rseki helyn\u00f6k volt. Az al\u00e1bbi helyen az \u00fcnnepi szentmise elm\u00e9lked\u00e9se hallhat\u00f3. Fogadj\u00e1tok szeretettel! Itt olvashat\u00f3 az \u00edrott v\u00e1ltozata is az elhangzott elm\u00e9lked\u00e9snek: Kedves Imre \u00e9s Tibor atya, Krisztusban szeretett \u00fcnnepl\u0151 testv\u00e9reim! Tal\u00e1n nem mondok \u00fajdons\u00e1got azzal, ha kijelentem, hogy a ma embere egyre ink\u00e1bb hajlamos arra, hogy sz\u00e9tv\u00e1lassza az \u00e9let\u00e9ben a szakr\u00e1list \u00e9s a prof\u00e1nt, az istenit \u00e9s az emberit; \u00e9s a kett\u0151t k\u00fcl\u00f6n is kezelje\u2026 A h\u00edv\u0151 ember e kett\u0151t, a kett\u0151ss\u00e9geket egy\u00fctt \u00e9li meg; az isteni \u00e9s az emberi \u00f6sszefon\u00f3dik az \u0151 \u00e9let\u00e9ben \u00fagy, ahogy a sz\u00f6vetsz\u00e1lak fon\u00f3dnak \u00f6ssze anyagg\u00e1. A kett\u0151 k\u00fcl\u00f6n\u00f6s k\u00f6lcs\u00f6nhat\u00e1sban van egym\u00e1ssal: az isteni kihat az emberire, az emberi az istenire, \u00e9s \u00edgy \u00e9li egyens\u00falyban az \u00e9let\u00e9t, \u00fcnnepeli a hit\u00e9t \u2013 \u00e9s az \u00fcnnepelt hit\u00e9t a gyakorlatban is meg\u00e9li, a h\u00e9tk\u00f6znapokban. Ilyen szempontb\u00f3l nem kell csod\u00e1lkoznunk a szenteken, nem kell azt gondolnunk, hogy a szentek k\u00fcl\u00f6nleges csodabogarak, akik el\u00e9rhetetlen messzes\u00e9gben vannak t\u0151l\u00fcnk, hiszen \u0151k val\u00f3ban \u00e9lt\u00e9k azt, amit tanultak Krisztusr\u00f3l, amire Krisztus ig\u00e9je, a J\u00f3istennek az \u00fczenete hivat\u00e1sk\u00e9nt meghat\u00e1rozta az \u0151 \u00e9let\u00fcket. \u00c9s teljes \u00e9letet \u00e9ltek, az egyh\u00e1z pedig szentk\u00e9nt, p\u00e9ldak\u00e9pk\u00e9nt, k\u00f6zbenj\u00e1r\u00f3k\u00e9nt gondol r\u00e1juk \u00e9s tiszteli \u0151ket. Ha v\u00e9giggondolunk a csal\u00e1di, bar\u00e1ti k\u00f6r\u00fcnk\u00f6n, akkor bizony\u00e1ra ott is tal\u00e1lunk olyan embereket, akik val\u00f3ban b\u00e9k\u00e9ben, \u00f6r\u00f6mben \u00e9s \u00f6r\u00f6mmel, szeretettel tudt\u00e1k \u00e9lni az \u00e9let\u00fcket \u2013 az egyh\u00e1z r\u00f3luk nem mondja ki, hogy szentek, azonban \u00e9rezz\u00fck, hogy ott vannak a J\u00f3istenn\u00e9l \u00e9s k\u00f6zbenj\u00e1rnak \u00e9rt\u00fcnk. V\u00e9rtan\u00fas\u00e1ga eml\u00e9knapj\u00e1n Szent Gell\u00e9rtre, az egyh\u00e1zk\u00f6zs\u00e9g v\u00e9d\u0151szentj\u00e9re eml\u00e9kez\u00fcnk, \u00e9s az \u0151 k\u00f6zbenj\u00e1r\u00e1s\u00e1t k\u00e9rj\u00fck. Feleleven\u00edtve \u00e9letrajz\u00e1nak ismert r\u00e9szleteit, tal\u00e1n sok mindent ki... R\u00e9szletek\" \/>\n<meta property=\"og:url\" content=\"https:\/\/stuttgarti-katolikusok.de\/index.php\/szent-gellert-bucsuunnep-stuttgartban\/\" \/>\n<meta property=\"og:site_name\" content=\"Stuttgarti Katolikusok\" \/>\n<meta property=\"article:published_time\" content=\"2017-09-19T17:15:46+00:00\" \/>\n<meta property=\"article:modified_time\" content=\"2017-09-28T09:04:23+00:00\" \/>\n<meta property=\"og:image\" content=\"https:\/\/stuttgarti-katolikusok.de\/wp-content\/uploads\/2017\/09\/img_2516.jpg\" \/>\n\t<meta property=\"og:image:width\" content=\"2592\" \/>\n\t<meta property=\"og:image:height\" content=\"1936\" \/>\n\t<meta property=\"og:image:type\" content=\"image\/jpeg\" \/>\n<meta name=\"author\" content=\"Tibor atya\" \/>\n<meta name=\"twitter:card\" content=\"summary_large_image\" \/>\n<meta name=\"twitter:label1\" content=\"Szerz\u0151:\" \/>\n\t<meta name=\"twitter:data1\" content=\"Tibor atya\" \/>\n\t<meta name=\"twitter:label2\" content=\"Becs\u00fclt olvas\u00e1si id\u0151\" \/>\n\t<meta name=\"twitter:data2\" content=\"16 perc\" \/>\n<script type=\"application\/ld+json\" class=\"yoast-schema-graph\">{\"@context\":\"https:\\\/\\\/schema.org\",\"@graph\":[{\"@type\":\"Article\",\"@id\":\"https:\\\/\\\/stuttgarti-katolikusok.de\\\/index.php\\\/szent-gellert-bucsuunnep-stuttgartban\\\/#article\",\"isPartOf\":{\"@id\":\"https:\\\/\\\/stuttgarti-katolikusok.de\\\/index.php\\\/szent-gellert-bucsuunnep-stuttgartban\\\/\"},\"author\":{\"name\":\"Tibor atya\",\"@id\":\"https:\\\/\\\/stuttgarti-katolikusok.de\\\/#\\\/schema\\\/person\\\/75908d6f8fdc03a57889d27209df7795\"},\"headline\":\"Szent Gell\u00e9rt b\u00facs\u00fa\u00fcnnep Stuttgartban\",\"datePublished\":\"2017-09-19T17:15:46+00:00\",\"dateModified\":\"2017-09-28T09:04:23+00:00\",\"mainEntityOfPage\":{\"@id\":\"https:\\\/\\\/stuttgarti-katolikusok.de\\\/index.php\\\/szent-gellert-bucsuunnep-stuttgartban\\\/\"},\"wordCount\":3151,\"image\":{\"@id\":\"https:\\\/\\\/stuttgarti-katolikusok.de\\\/index.php\\\/szent-gellert-bucsuunnep-stuttgartban\\\/#primaryimage\"},\"thumbnailUrl\":\"https:\\\/\\\/stuttgarti-katolikusok.de\\\/wp-content\\\/uploads\\\/2017\\\/09\\\/img_2516.jpg\",\"articleSection\":[\"H\u00edrek\"],\"inLanguage\":\"hu\"},{\"@type\":\"WebPage\",\"@id\":\"https:\\\/\\\/stuttgarti-katolikusok.de\\\/index.php\\\/szent-gellert-bucsuunnep-stuttgartban\\\/\",\"url\":\"https:\\\/\\\/stuttgarti-katolikusok.de\\\/index.php\\\/szent-gellert-bucsuunnep-stuttgartban\\\/\",\"name\":\"Szent Gell\u00e9rt b\u00facs\u00fa\u00fcnnep Stuttgartban - Stuttgarti Katolikusok\",\"isPartOf\":{\"@id\":\"https:\\\/\\\/stuttgarti-katolikusok.de\\\/#website\"},\"primaryImageOfPage\":{\"@id\":\"https:\\\/\\\/stuttgarti-katolikusok.de\\\/index.php\\\/szent-gellert-bucsuunnep-stuttgartban\\\/#primaryimage\"},\"image\":{\"@id\":\"https:\\\/\\\/stuttgarti-katolikusok.de\\\/index.php\\\/szent-gellert-bucsuunnep-stuttgartban\\\/#primaryimage\"},\"thumbnailUrl\":\"https:\\\/\\\/stuttgarti-katolikusok.de\\\/wp-content\\\/uploads\\\/2017\\\/09\\\/img_2516.jpg\",\"datePublished\":\"2017-09-19T17:15:46+00:00\",\"dateModified\":\"2017-09-28T09:04:23+00:00\",\"author\":{\"@id\":\"https:\\\/\\\/stuttgarti-katolikusok.de\\\/#\\\/schema\\\/person\\\/75908d6f8fdc03a57889d27209df7795\"},\"breadcrumb\":{\"@id\":\"https:\\\/\\\/stuttgarti-katolikusok.de\\\/index.php\\\/szent-gellert-bucsuunnep-stuttgartban\\\/#breadcrumb\"},\"inLanguage\":\"hu\",\"potentialAction\":[{\"@type\":\"ReadAction\",\"target\":[\"https:\\\/\\\/stuttgarti-katolikusok.de\\\/index.php\\\/szent-gellert-bucsuunnep-stuttgartban\\\/\"]}]},{\"@type\":\"ImageObject\",\"inLanguage\":\"hu\",\"@id\":\"https:\\\/\\\/stuttgarti-katolikusok.de\\\/index.php\\\/szent-gellert-bucsuunnep-stuttgartban\\\/#primaryimage\",\"url\":\"https:\\\/\\\/stuttgarti-katolikusok.de\\\/wp-content\\\/uploads\\\/2017\\\/09\\\/img_2516.jpg\",\"contentUrl\":\"https:\\\/\\\/stuttgarti-katolikusok.de\\\/wp-content\\\/uploads\\\/2017\\\/09\\\/img_2516.jpg\",\"width\":2592,\"height\":1936},{\"@type\":\"BreadcrumbList\",\"@id\":\"https:\\\/\\\/stuttgarti-katolikusok.de\\\/index.php\\\/szent-gellert-bucsuunnep-stuttgartban\\\/#breadcrumb\",\"itemListElement\":[{\"@type\":\"ListItem\",\"position\":1,\"name\":\"Kezd\u0151lap\",\"item\":\"https:\\\/\\\/stuttgarti-katolikusok.de\\\/\"},{\"@type\":\"ListItem\",\"position\":2,\"name\":\"Szent Gell\u00e9rt b\u00facs\u00fa\u00fcnnep Stuttgartban\"}]},{\"@type\":\"WebSite\",\"@id\":\"https:\\\/\\\/stuttgarti-katolikusok.de\\\/#website\",\"url\":\"https:\\\/\\\/stuttgarti-katolikusok.de\\\/\",\"name\":\"Stuttgarti Katolikusok\",\"description\":\"\",\"potentialAction\":[{\"@type\":\"SearchAction\",\"target\":{\"@type\":\"EntryPoint\",\"urlTemplate\":\"https:\\\/\\\/stuttgarti-katolikusok.de\\\/?s={search_term_string}\"},\"query-input\":{\"@type\":\"PropertyValueSpecification\",\"valueRequired\":true,\"valueName\":\"search_term_string\"}}],\"inLanguage\":\"hu\"},{\"@type\":\"Person\",\"@id\":\"https:\\\/\\\/stuttgarti-katolikusok.de\\\/#\\\/schema\\\/person\\\/75908d6f8fdc03a57889d27209df7795\",\"name\":\"Tibor atya\",\"image\":{\"@type\":\"ImageObject\",\"inLanguage\":\"hu\",\"@id\":\"https:\\\/\\\/secure.gravatar.com\\\/avatar\\\/61d268e57d1f4525b111222e29d2d5a7f8c420fdbf231ba5566a8ceac74fa960?s=96&d=mm&r=g\",\"url\":\"https:\\\/\\\/secure.gravatar.com\\\/avatar\\\/61d268e57d1f4525b111222e29d2d5a7f8c420fdbf231ba5566a8ceac74fa960?s=96&d=mm&r=g\",\"contentUrl\":\"https:\\\/\\\/secure.gravatar.com\\\/avatar\\\/61d268e57d1f4525b111222e29d2d5a7f8c420fdbf231ba5566a8ceac74fa960?s=96&d=mm&r=g\",\"caption\":\"Tibor atya\"},\"url\":\"https:\\\/\\\/stuttgarti-katolikusok.de\\\/index.php\\\/author\\\/tibor-atya\\\/\"}]}<\/script>\n<!-- \/ Yoast SEO plugin. -->","yoast_head_json":{"title":"Szent Gell\u00e9rt b\u00facs\u00fa\u00fcnnep Stuttgartban - Stuttgarti Katolikusok","robots":{"index":"index","follow":"follow","max-snippet":"max-snippet:-1","max-image-preview":"max-image-preview:large","max-video-preview":"max-video-preview:-1"},"canonical":"https:\/\/stuttgarti-katolikusok.de\/index.php\/szent-gellert-bucsuunnep-stuttgartban\/","og_locale":"hu_HU","og_type":"article","og_title":"Szent Gell\u00e9rt b\u00facs\u00fa\u00fcnnep Stuttgartban - Stuttgarti Katolikusok","og_description":"2017. szeptember 17-\u00e9n a Stuttgarti Magyar Katolikus Egyh\u00e1zk\u00f6zs\u00e9g temploma v\u00e9d\u0151szentj\u00e9nek &#8211; Szent Gell\u00e9rt p\u00fcsp\u00f6k \u00e9s v\u00e9rtan\u00fa &#8211; \u00fcnnep\u00e9t \u00fclte. A n\u00e9gynapos jubileumi \u00fcnneps\u00e9g cs\u00facspontja volt a h\u00e1laad\u00f3 szentmise. Benne k\u00f6sz\u00f6netet \u00e9s h\u00e1l\u00e1t adtunk a hetven esztend\u0151\u00e9rt. Ez alkalommal az \u00fcnnepi szentmise celebr\u00e1nsa \u00e9s igehirdet\u0151je Ft. Urb\u00e1n Erik, ferences atya, a Cs\u00edksomly\u00f3-i kegytemplom igazgat\u00f3ja, \u00e9rseki helyn\u00f6k volt. Az al\u00e1bbi helyen az \u00fcnnepi szentmise elm\u00e9lked\u00e9se hallhat\u00f3. Fogadj\u00e1tok szeretettel! Itt olvashat\u00f3 az \u00edrott v\u00e1ltozata is az elhangzott elm\u00e9lked\u00e9snek: Kedves Imre \u00e9s Tibor atya, Krisztusban szeretett \u00fcnnepl\u0151 testv\u00e9reim! Tal\u00e1n nem mondok \u00fajdons\u00e1got azzal, ha kijelentem, hogy a ma embere egyre ink\u00e1bb hajlamos arra, hogy sz\u00e9tv\u00e1lassza az \u00e9let\u00e9ben a szakr\u00e1list \u00e9s a prof\u00e1nt, az istenit \u00e9s az emberit; \u00e9s a kett\u0151t k\u00fcl\u00f6n is kezelje\u2026 A h\u00edv\u0151 ember e kett\u0151t, a kett\u0151ss\u00e9geket egy\u00fctt \u00e9li meg; az isteni \u00e9s az emberi \u00f6sszefon\u00f3dik az \u0151 \u00e9let\u00e9ben \u00fagy, ahogy a sz\u00f6vetsz\u00e1lak fon\u00f3dnak \u00f6ssze anyagg\u00e1. A kett\u0151 k\u00fcl\u00f6n\u00f6s k\u00f6lcs\u00f6nhat\u00e1sban van egym\u00e1ssal: az isteni kihat az emberire, az emberi az istenire, \u00e9s \u00edgy \u00e9li egyens\u00falyban az \u00e9let\u00e9t, \u00fcnnepeli a hit\u00e9t \u2013 \u00e9s az \u00fcnnepelt hit\u00e9t a gyakorlatban is meg\u00e9li, a h\u00e9tk\u00f6znapokban. Ilyen szempontb\u00f3l nem kell csod\u00e1lkoznunk a szenteken, nem kell azt gondolnunk, hogy a szentek k\u00fcl\u00f6nleges csodabogarak, akik el\u00e9rhetetlen messzes\u00e9gben vannak t\u0151l\u00fcnk, hiszen \u0151k val\u00f3ban \u00e9lt\u00e9k azt, amit tanultak Krisztusr\u00f3l, amire Krisztus ig\u00e9je, a J\u00f3istennek az \u00fczenete hivat\u00e1sk\u00e9nt meghat\u00e1rozta az \u0151 \u00e9let\u00fcket. \u00c9s teljes \u00e9letet \u00e9ltek, az egyh\u00e1z pedig szentk\u00e9nt, p\u00e9ldak\u00e9pk\u00e9nt, k\u00f6zbenj\u00e1r\u00f3k\u00e9nt gondol r\u00e1juk \u00e9s tiszteli \u0151ket. Ha v\u00e9giggondolunk a csal\u00e1di, bar\u00e1ti k\u00f6r\u00fcnk\u00f6n, akkor bizony\u00e1ra ott is tal\u00e1lunk olyan embereket, akik val\u00f3ban b\u00e9k\u00e9ben, \u00f6r\u00f6mben \u00e9s \u00f6r\u00f6mmel, szeretettel tudt\u00e1k \u00e9lni az \u00e9let\u00fcket \u2013 az egyh\u00e1z r\u00f3luk nem mondja ki, hogy szentek, azonban \u00e9rezz\u00fck, hogy ott vannak a J\u00f3istenn\u00e9l \u00e9s k\u00f6zbenj\u00e1rnak \u00e9rt\u00fcnk. V\u00e9rtan\u00fas\u00e1ga eml\u00e9knapj\u00e1n Szent Gell\u00e9rtre, az egyh\u00e1zk\u00f6zs\u00e9g v\u00e9d\u0151szentj\u00e9re eml\u00e9kez\u00fcnk, \u00e9s az \u0151 k\u00f6zbenj\u00e1r\u00e1s\u00e1t k\u00e9rj\u00fck. Feleleven\u00edtve \u00e9letrajz\u00e1nak ismert r\u00e9szleteit, tal\u00e1n sok mindent ki... R\u00e9szletek","og_url":"https:\/\/stuttgarti-katolikusok.de\/index.php\/szent-gellert-bucsuunnep-stuttgartban\/","og_site_name":"Stuttgarti Katolikusok","article_published_time":"2017-09-19T17:15:46+00:00","article_modified_time":"2017-09-28T09:04:23+00:00","og_image":[{"width":2592,"height":1936,"url":"https:\/\/stuttgarti-katolikusok.de\/wp-content\/uploads\/2017\/09\/img_2516.jpg","type":"image\/jpeg"}],"author":"Tibor atya","twitter_card":"summary_large_image","twitter_misc":{"Szerz\u0151:":"Tibor atya","Becs\u00fclt olvas\u00e1si id\u0151":"16 perc"},"schema":{"@context":"https:\/\/schema.org","@graph":[{"@type":"Article","@id":"https:\/\/stuttgarti-katolikusok.de\/index.php\/szent-gellert-bucsuunnep-stuttgartban\/#article","isPartOf":{"@id":"https:\/\/stuttgarti-katolikusok.de\/index.php\/szent-gellert-bucsuunnep-stuttgartban\/"},"author":{"name":"Tibor atya","@id":"https:\/\/stuttgarti-katolikusok.de\/#\/schema\/person\/75908d6f8fdc03a57889d27209df7795"},"headline":"Szent Gell\u00e9rt b\u00facs\u00fa\u00fcnnep Stuttgartban","datePublished":"2017-09-19T17:15:46+00:00","dateModified":"2017-09-28T09:04:23+00:00","mainEntityOfPage":{"@id":"https:\/\/stuttgarti-katolikusok.de\/index.php\/szent-gellert-bucsuunnep-stuttgartban\/"},"wordCount":3151,"image":{"@id":"https:\/\/stuttgarti-katolikusok.de\/index.php\/szent-gellert-bucsuunnep-stuttgartban\/#primaryimage"},"thumbnailUrl":"https:\/\/stuttgarti-katolikusok.de\/wp-content\/uploads\/2017\/09\/img_2516.jpg","articleSection":["H\u00edrek"],"inLanguage":"hu"},{"@type":"WebPage","@id":"https:\/\/stuttgarti-katolikusok.de\/index.php\/szent-gellert-bucsuunnep-stuttgartban\/","url":"https:\/\/stuttgarti-katolikusok.de\/index.php\/szent-gellert-bucsuunnep-stuttgartban\/","name":"Szent Gell\u00e9rt b\u00facs\u00fa\u00fcnnep Stuttgartban - Stuttgarti Katolikusok","isPartOf":{"@id":"https:\/\/stuttgarti-katolikusok.de\/#website"},"primaryImageOfPage":{"@id":"https:\/\/stuttgarti-katolikusok.de\/index.php\/szent-gellert-bucsuunnep-stuttgartban\/#primaryimage"},"image":{"@id":"https:\/\/stuttgarti-katolikusok.de\/index.php\/szent-gellert-bucsuunnep-stuttgartban\/#primaryimage"},"thumbnailUrl":"https:\/\/stuttgarti-katolikusok.de\/wp-content\/uploads\/2017\/09\/img_2516.jpg","datePublished":"2017-09-19T17:15:46+00:00","dateModified":"2017-09-28T09:04:23+00:00","author":{"@id":"https:\/\/stuttgarti-katolikusok.de\/#\/schema\/person\/75908d6f8fdc03a57889d27209df7795"},"breadcrumb":{"@id":"https:\/\/stuttgarti-katolikusok.de\/index.php\/szent-gellert-bucsuunnep-stuttgartban\/#breadcrumb"},"inLanguage":"hu","potentialAction":[{"@type":"ReadAction","target":["https:\/\/stuttgarti-katolikusok.de\/index.php\/szent-gellert-bucsuunnep-stuttgartban\/"]}]},{"@type":"ImageObject","inLanguage":"hu","@id":"https:\/\/stuttgarti-katolikusok.de\/index.php\/szent-gellert-bucsuunnep-stuttgartban\/#primaryimage","url":"https:\/\/stuttgarti-katolikusok.de\/wp-content\/uploads\/2017\/09\/img_2516.jpg","contentUrl":"https:\/\/stuttgarti-katolikusok.de\/wp-content\/uploads\/2017\/09\/img_2516.jpg","width":2592,"height":1936},{"@type":"BreadcrumbList","@id":"https:\/\/stuttgarti-katolikusok.de\/index.php\/szent-gellert-bucsuunnep-stuttgartban\/#breadcrumb","itemListElement":[{"@type":"ListItem","position":1,"name":"Kezd\u0151lap","item":"https:\/\/stuttgarti-katolikusok.de\/"},{"@type":"ListItem","position":2,"name":"Szent Gell\u00e9rt b\u00facs\u00fa\u00fcnnep Stuttgartban"}]},{"@type":"WebSite","@id":"https:\/\/stuttgarti-katolikusok.de\/#website","url":"https:\/\/stuttgarti-katolikusok.de\/","name":"Stuttgarti Katolikusok","description":"","potentialAction":[{"@type":"SearchAction","target":{"@type":"EntryPoint","urlTemplate":"https:\/\/stuttgarti-katolikusok.de\/?s={search_term_string}"},"query-input":{"@type":"PropertyValueSpecification","valueRequired":true,"valueName":"search_term_string"}}],"inLanguage":"hu"},{"@type":"Person","@id":"https:\/\/stuttgarti-katolikusok.de\/#\/schema\/person\/75908d6f8fdc03a57889d27209df7795","name":"Tibor atya","image":{"@type":"ImageObject","inLanguage":"hu","@id":"https:\/\/secure.gravatar.com\/avatar\/61d268e57d1f4525b111222e29d2d5a7f8c420fdbf231ba5566a8ceac74fa960?s=96&d=mm&r=g","url":"https:\/\/secure.gravatar.com\/avatar\/61d268e57d1f4525b111222e29d2d5a7f8c420fdbf231ba5566a8ceac74fa960?s=96&d=mm&r=g","contentUrl":"https:\/\/secure.gravatar.com\/avatar\/61d268e57d1f4525b111222e29d2d5a7f8c420fdbf231ba5566a8ceac74fa960?s=96&d=mm&r=g","caption":"Tibor atya"},"url":"https:\/\/stuttgarti-katolikusok.de\/index.php\/author\/tibor-atya\/"}]}},"_links":{"self":[{"href":"https:\/\/stuttgarti-katolikusok.de\/index.php\/wp-json\/wp\/v2\/posts\/12551","targetHints":{"allow":["GET"]}}],"collection":[{"href":"https:\/\/stuttgarti-katolikusok.de\/index.php\/wp-json\/wp\/v2\/posts"}],"about":[{"href":"https:\/\/stuttgarti-katolikusok.de\/index.php\/wp-json\/wp\/v2\/types\/post"}],"author":[{"embeddable":true,"href":"https:\/\/stuttgarti-katolikusok.de\/index.php\/wp-json\/wp\/v2\/users\/3"}],"replies":[{"embeddable":true,"href":"https:\/\/stuttgarti-katolikusok.de\/index.php\/wp-json\/wp\/v2\/comments?post=12551"}],"version-history":[{"count":3,"href":"https:\/\/stuttgarti-katolikusok.de\/index.php\/wp-json\/wp\/v2\/posts\/12551\/revisions"}],"predecessor-version":[{"id":12614,"href":"https:\/\/stuttgarti-katolikusok.de\/index.php\/wp-json\/wp\/v2\/posts\/12551\/revisions\/12614"}],"wp:featuredmedia":[{"embeddable":true,"href":"https:\/\/stuttgarti-katolikusok.de\/index.php\/wp-json\/wp\/v2\/media\/12549"}],"wp:attachment":[{"href":"https:\/\/stuttgarti-katolikusok.de\/index.php\/wp-json\/wp\/v2\/media?parent=12551"}],"wp:term":[{"taxonomy":"category","embeddable":true,"href":"https:\/\/stuttgarti-katolikusok.de\/index.php\/wp-json\/wp\/v2\/categories?post=12551"},{"taxonomy":"post_tag","embeddable":true,"href":"https:\/\/stuttgarti-katolikusok.de\/index.php\/wp-json\/wp\/v2\/tags?post=12551"}],"curies":[{"name":"wp","href":"https:\/\/api.w.org\/{rel}","templated":true}]}}