{"id":12494,"date":"2017-09-08T12:03:04","date_gmt":"2017-09-08T12:03:04","guid":{"rendered":"https:\/\/gracious-dewdney.138-201-221-2.plesk.page\/?p=12494"},"modified":"2017-09-08T12:03:04","modified_gmt":"2017-09-08T12:03:04","slug":"a-stuttgarti-magyar-katolikus-egyhazkozseg-bucsuunnepe","status":"publish","type":"post","link":"https:\/\/stuttgarti-katolikusok.de\/index.php\/a-stuttgarti-magyar-katolikus-egyhazkozseg-bucsuunnepe\/","title":{"rendered":"A Stuttgarti Magyar Katolikus Egyh\u00e1zk\u00f6zs\u00e9g b\u00facs\u00fa\u00fcnnepe"},"content":{"rendered":"<p><strong>A STUTTGARTI\u00a0 SZENT\u00a0 GELL\u00c9RT\u00a0 EGYH\u00c1ZK\u00d6ZS\u00c9G <\/strong><\/p>\n<p><strong>B\u00daCS\u00da\u00dcNNEP\u00c9NEK\u00a0 PROGRAMJA<\/strong><\/p>\n<p><strong>\u00a0Szeptember 15 \u2013 p\u00e9ntek <\/strong><\/p>\n<p>16.00 \u00f3rakor <em>Bar\u00e1ts\u00e1gklub<\/em> \u2013 Vend\u00e9g\u00fcnk Ft. URB\u00c1N ERIK ferences atya,\u00a0 a cs\u00edksomly\u00f3i rendh\u00e1z f\u0151n\u00f6ke, \u00e9rseki helyn\u00f6k<\/p>\n<p>18.00 nyit\u00f3 <em>szentmise<\/em><\/p>\n<p><strong>Szeptember 16 \u2013 szombat<\/strong><\/p>\n<p>18.00 \u00f3rakor \u2013 a <em>Nyitott Templomok Napja<\/em> keret\u00e9ben \u2013 <em>vet\u00edt\u00e9ses el\u0151ad\u00e1s<\/em> a minket befogad\u00f3 Bruder Klaus templomr\u00f3l<\/p>\n<p>19.00 \u00f3rakor BAL\u00c1ZS FEC\u00d3<em> koncertje<\/em><\/p>\n<p><strong>\u00a0Szeptember 17 \u2013 vas\u00e1rnap, templomunk\u00a0\u00a0\u00a0 v\u00e9d\u0151szentj\u00e9nek, Szent Gell\u00e9rt p\u00fcsp\u00f6k \u00e9s v\u00e9rtan\u00fanak az \u00fcnnepe<\/strong><\/p>\n<p>12.00 \u00f3rakor <em>szentmise<\/em>, bemutatja \u00e9s szentbesz\u00e9det mond Ft. URB\u00c1N ERIK atya<\/p>\n<p>13.30 \u00f3rakor <em>k\u00f6z\u00f6s eb\u00e9d<\/em> a templom el\u0151tti t\u00e9ren<\/p>\n<p>15.00 \u00f3rakor NAGY \u00c1KOS zenem\u0171v\u00e9sz <em>marimba-koncertje<\/em><\/p>\n<p><strong><em>\u00a0<\/em>Szeptember 18 \u2013 h\u00e9tf\u0151<\/strong><\/p>\n<p>19.00 \u00f3rakor <em>Cs\u00edksomly\u00f3 Est \u2013 <\/em>filmvet\u00edt\u00e9s a legnagyobb magyar b\u00facs\u00faj\u00e1r\u00f3 helyr\u0151l, majd besz\u00e9lget\u00e9s Urb\u00e1n Erik aty\u00e1val, v\u00e9g\u00fcl <em>k\u00f6z\u00f6s vacsora <\/em>a magunkkal hozottb\u00f3l<\/p>\n<p><strong>\u00a0<\/strong><\/p>\n<p><strong>\u00a0MINDENKIT SZERETETTEL V\u00c1R AZ EGYH\u00c1ZK\u00d6ZS\u00c9G!<\/strong><\/p>\n<p>&nbsp;<\/p>\n<p><strong>\u00a0<\/strong><\/p>\n<p><strong>\u00a0<\/strong><\/p>\n<p><strong>\u00a0<\/strong><\/p>\n<p><strong>\u00a0<\/strong><\/p>\n<p><strong>\u00a0<\/strong><\/p>\n<p><strong>\u00a0<\/strong><\/p>\n<p><strong>\u00a0<\/strong><\/p>\n<p><strong>\u00a0<\/strong><\/p>\n<p><strong>\u00a0<\/strong><\/p>\n<p><strong>\u00a0<\/strong><\/p>\n<p><strong>\u00a0<\/strong><\/p>\n<p>&nbsp;<\/p>\n<p><strong>\u00a0<\/strong><\/p>\n<p><strong>\u00a0<\/strong><\/p>\n<p><strong><em>\u00a0<\/em><\/strong><\/p>\n<p><strong><em>\u00a0<\/em><\/strong><\/p>\n<p><strong>\u00a0<\/strong><\/p>\n<p>&nbsp;<\/p>\n","protected":false},"excerpt":{"rendered":"<p>A STUTTGARTI\u00a0 SZENT\u00a0 GELL\u00c9RT\u00a0 EGYH\u00c1ZK\u00d6ZS\u00c9G B\u00daCS\u00da\u00dcNNEP\u00c9NEK\u00a0 PROGRAMJA \u00a0Szeptember 15 \u2013 p\u00e9ntek 16.00 \u00f3rakor Bar\u00e1ts\u00e1gklub \u2013 Vend\u00e9g\u00fcnk Ft. URB\u00c1N ERIK ferences atya,\u00a0 a cs\u00edksomly\u00f3i rendh\u00e1z f\u0151n\u00f6ke, \u00e9rseki helyn\u00f6k 18.00 nyit\u00f3 szentmise Szeptember 16 \u2013 szombat 18.00 \u00f3rakor \u2013 a Nyitott Templomok Napja keret\u00e9ben \u2013 vet\u00edt\u00e9ses el\u0151ad\u00e1s a minket befogad\u00f3 Bruder Klaus templomr\u00f3l 19.00 \u00f3rakor BAL\u00c1ZS FEC\u00d3 koncertje \u00a0Szeptember 17 \u2013 vas\u00e1rnap, templomunk\u00a0\u00a0\u00a0 v\u00e9d\u0151szentj\u00e9nek, Szent Gell\u00e9rt p\u00fcsp\u00f6k \u00e9s v\u00e9rtan\u00fanak az \u00fcnnepe 12.00 \u00f3rakor szentmise, bemutatja \u00e9s szentbesz\u00e9det mond Ft. URB\u00c1N ERIK atya 13.30 \u00f3rakor k\u00f6z\u00f6s eb\u00e9d a templom el\u0151tti t\u00e9ren 15.00 \u00f3rakor NAGY \u00c1KOS zenem\u0171v\u00e9sz marimba-koncertje \u00a0Szeptember 18 \u2013 h\u00e9tf\u0151 19.00 \u00f3rakor Cs\u00edksomly\u00f3 Est \u2013 filmvet\u00edt\u00e9s a legnagyobb magyar b\u00facs\u00faj\u00e1r\u00f3 helyr\u0151l, majd besz\u00e9lget\u00e9s Urb\u00e1n Erik aty\u00e1val, v\u00e9g\u00fcl k\u00f6z\u00f6s vacsora a magunkkal hozottb\u00f3l \u00a0 \u00a0MINDENKIT SZERETETTEL V\u00c1R AZ EGYH\u00c1ZK\u00d6ZS\u00c9G! &nbsp; \u00a0 \u00a0 \u00a0 \u00a0 \u00a0 \u00a0 \u00a0 \u00a0 \u00a0 \u00a0 \u00a0 &nbsp; \u00a0 \u00a0 \u00a0 \u00a0 \u00a0 &nbsp;<\/p>\n","protected":false},"author":3,"featured_media":12495,"comment_status":"closed","ping_status":"closed","sticky":false,"template":"","format":"standard","meta":{"footnotes":""},"categories":[37],"tags":[],"class_list":["post-12494","post","type-post","status-publish","format-standard","has-post-thumbnail","hentry","category-progamelozetes"],"yoast_head":"<!-- This site is optimized with the Yoast SEO plugin v27.3 - https:\/\/yoast.com\/product\/yoast-seo-wordpress\/ -->\n<title>A Stuttgarti Magyar Katolikus Egyh\u00e1zk\u00f6zs\u00e9g b\u00facs\u00fa\u00fcnnepe - Stuttgarti Katolikusok<\/title>\n<meta name=\"robots\" content=\"index, follow, max-snippet:-1, max-image-preview:large, max-video-preview:-1\" \/>\n<link rel=\"canonical\" href=\"https:\/\/stuttgarti-katolikusok.de\/index.php\/a-stuttgarti-magyar-katolikus-egyhazkozseg-bucsuunnepe\/\" \/>\n<meta property=\"og:locale\" content=\"hu_HU\" \/>\n<meta property=\"og:type\" content=\"article\" \/>\n<meta property=\"og:title\" content=\"A Stuttgarti Magyar Katolikus Egyh\u00e1zk\u00f6zs\u00e9g b\u00facs\u00fa\u00fcnnepe - Stuttgarti Katolikusok\" \/>\n<meta property=\"og:description\" content=\"A STUTTGARTI\u00a0 SZENT\u00a0 GELL\u00c9RT\u00a0 EGYH\u00c1ZK\u00d6ZS\u00c9G B\u00daCS\u00da\u00dcNNEP\u00c9NEK\u00a0 PROGRAMJA \u00a0Szeptember 15 \u2013 p\u00e9ntek 16.00 \u00f3rakor Bar\u00e1ts\u00e1gklub \u2013 Vend\u00e9g\u00fcnk Ft. URB\u00c1N ERIK ferences atya,\u00a0 a cs\u00edksomly\u00f3i rendh\u00e1z f\u0151n\u00f6ke, \u00e9rseki helyn\u00f6k 18.00 nyit\u00f3 szentmise Szeptember 16 \u2013 szombat 18.00 \u00f3rakor \u2013 a Nyitott Templomok Napja keret\u00e9ben \u2013 vet\u00edt\u00e9ses el\u0151ad\u00e1s a minket befogad\u00f3 Bruder Klaus templomr\u00f3l 19.00 \u00f3rakor BAL\u00c1ZS FEC\u00d3 koncertje \u00a0Szeptember 17 \u2013 vas\u00e1rnap, templomunk\u00a0\u00a0\u00a0 v\u00e9d\u0151szentj\u00e9nek, Szent Gell\u00e9rt p\u00fcsp\u00f6k \u00e9s v\u00e9rtan\u00fanak az \u00fcnnepe 12.00 \u00f3rakor szentmise, bemutatja \u00e9s szentbesz\u00e9det mond Ft. URB\u00c1N ERIK atya 13.30 \u00f3rakor k\u00f6z\u00f6s eb\u00e9d a templom el\u0151tti t\u00e9ren 15.00 \u00f3rakor NAGY \u00c1KOS zenem\u0171v\u00e9sz marimba-koncertje \u00a0Szeptember 18 \u2013 h\u00e9tf\u0151 19.00 \u00f3rakor Cs\u00edksomly\u00f3 Est \u2013 filmvet\u00edt\u00e9s a legnagyobb magyar b\u00facs\u00faj\u00e1r\u00f3 helyr\u0151l, majd besz\u00e9lget\u00e9s Urb\u00e1n Erik aty\u00e1val, v\u00e9g\u00fcl k\u00f6z\u00f6s vacsora a magunkkal hozottb\u00f3l \u00a0 \u00a0MINDENKIT SZERETETTEL V\u00c1R AZ EGYH\u00c1ZK\u00d6ZS\u00c9G! &nbsp; \u00a0 \u00a0 \u00a0 \u00a0 \u00a0 \u00a0 \u00a0 \u00a0 \u00a0 \u00a0 \u00a0 &nbsp; \u00a0 \u00a0 \u00a0 \u00a0 \u00a0 &nbsp;\" \/>\n<meta property=\"og:url\" content=\"https:\/\/stuttgarti-katolikusok.de\/index.php\/a-stuttgarti-magyar-katolikus-egyhazkozseg-bucsuunnepe\/\" \/>\n<meta property=\"og:site_name\" content=\"Stuttgarti Katolikusok\" \/>\n<meta property=\"article:published_time\" content=\"2017-09-08T12:03:04+00:00\" \/>\n<meta property=\"og:image\" content=\"https:\/\/stuttgarti-katolikusok.de\/wp-content\/uploads\/2017\/09\/stuttgarti-bucsu-neu-1024x649.jpg\" \/>\n\t<meta property=\"og:image:width\" content=\"1024\" \/>\n\t<meta property=\"og:image:height\" content=\"649\" \/>\n\t<meta property=\"og:image:type\" content=\"image\/jpeg\" \/>\n<meta name=\"author\" content=\"Tibor atya\" \/>\n<meta name=\"twitter:card\" content=\"summary_large_image\" \/>\n<meta name=\"twitter:label1\" content=\"Szerz\u0151:\" \/>\n\t<meta name=\"twitter:data1\" content=\"Tibor atya\" \/>\n\t<meta name=\"twitter:label2\" content=\"Becs\u00fclt olvas\u00e1si id\u0151\" \/>\n\t<meta name=\"twitter:data2\" content=\"1 perc\" \/>\n<script type=\"application\/ld+json\" class=\"yoast-schema-graph\">{\"@context\":\"https:\\\/\\\/schema.org\",\"@graph\":[{\"@type\":\"Article\",\"@id\":\"https:\\\/\\\/stuttgarti-katolikusok.de\\\/index.php\\\/a-stuttgarti-magyar-katolikus-egyhazkozseg-bucsuunnepe\\\/#article\",\"isPartOf\":{\"@id\":\"https:\\\/\\\/stuttgarti-katolikusok.de\\\/index.php\\\/a-stuttgarti-magyar-katolikus-egyhazkozseg-bucsuunnepe\\\/\"},\"author\":{\"name\":\"Tibor atya\",\"@id\":\"https:\\\/\\\/stuttgarti-katolikusok.de\\\/#\\\/schema\\\/person\\\/75908d6f8fdc03a57889d27209df7795\"},\"headline\":\"A Stuttgarti Magyar Katolikus Egyh\u00e1zk\u00f6zs\u00e9g b\u00facs\u00fa\u00fcnnepe\",\"datePublished\":\"2017-09-08T12:03:04+00:00\",\"mainEntityOfPage\":{\"@id\":\"https:\\\/\\\/stuttgarti-katolikusok.de\\\/index.php\\\/a-stuttgarti-magyar-katolikus-egyhazkozseg-bucsuunnepe\\\/\"},\"wordCount\":184,\"image\":{\"@id\":\"https:\\\/\\\/stuttgarti-katolikusok.de\\\/index.php\\\/a-stuttgarti-magyar-katolikus-egyhazkozseg-bucsuunnepe\\\/#primaryimage\"},\"thumbnailUrl\":\"https:\\\/\\\/stuttgarti-katolikusok.de\\\/wp-content\\\/uploads\\\/2017\\\/09\\\/stuttgarti-bucsu-neu.jpg\",\"articleSection\":[\"Progamel\u0151zetes\"],\"inLanguage\":\"hu\"},{\"@type\":\"WebPage\",\"@id\":\"https:\\\/\\\/stuttgarti-katolikusok.de\\\/index.php\\\/a-stuttgarti-magyar-katolikus-egyhazkozseg-bucsuunnepe\\\/\",\"url\":\"https:\\\/\\\/stuttgarti-katolikusok.de\\\/index.php\\\/a-stuttgarti-magyar-katolikus-egyhazkozseg-bucsuunnepe\\\/\",\"name\":\"A Stuttgarti Magyar Katolikus Egyh\u00e1zk\u00f6zs\u00e9g b\u00facs\u00fa\u00fcnnepe - Stuttgarti Katolikusok\",\"isPartOf\":{\"@id\":\"https:\\\/\\\/stuttgarti-katolikusok.de\\\/#website\"},\"primaryImageOfPage\":{\"@id\":\"https:\\\/\\\/stuttgarti-katolikusok.de\\\/index.php\\\/a-stuttgarti-magyar-katolikus-egyhazkozseg-bucsuunnepe\\\/#primaryimage\"},\"image\":{\"@id\":\"https:\\\/\\\/stuttgarti-katolikusok.de\\\/index.php\\\/a-stuttgarti-magyar-katolikus-egyhazkozseg-bucsuunnepe\\\/#primaryimage\"},\"thumbnailUrl\":\"https:\\\/\\\/stuttgarti-katolikusok.de\\\/wp-content\\\/uploads\\\/2017\\\/09\\\/stuttgarti-bucsu-neu.jpg\",\"datePublished\":\"2017-09-08T12:03:04+00:00\",\"author\":{\"@id\":\"https:\\\/\\\/stuttgarti-katolikusok.de\\\/#\\\/schema\\\/person\\\/75908d6f8fdc03a57889d27209df7795\"},\"breadcrumb\":{\"@id\":\"https:\\\/\\\/stuttgarti-katolikusok.de\\\/index.php\\\/a-stuttgarti-magyar-katolikus-egyhazkozseg-bucsuunnepe\\\/#breadcrumb\"},\"inLanguage\":\"hu\",\"potentialAction\":[{\"@type\":\"ReadAction\",\"target\":[\"https:\\\/\\\/stuttgarti-katolikusok.de\\\/index.php\\\/a-stuttgarti-magyar-katolikus-egyhazkozseg-bucsuunnepe\\\/\"]}]},{\"@type\":\"ImageObject\",\"inLanguage\":\"hu\",\"@id\":\"https:\\\/\\\/stuttgarti-katolikusok.de\\\/index.php\\\/a-stuttgarti-magyar-katolikus-egyhazkozseg-bucsuunnepe\\\/#primaryimage\",\"url\":\"https:\\\/\\\/stuttgarti-katolikusok.de\\\/wp-content\\\/uploads\\\/2017\\\/09\\\/stuttgarti-bucsu-neu.jpg\",\"contentUrl\":\"https:\\\/\\\/stuttgarti-katolikusok.de\\\/wp-content\\\/uploads\\\/2017\\\/09\\\/stuttgarti-bucsu-neu.jpg\",\"width\":4500,\"height\":2850},{\"@type\":\"BreadcrumbList\",\"@id\":\"https:\\\/\\\/stuttgarti-katolikusok.de\\\/index.php\\\/a-stuttgarti-magyar-katolikus-egyhazkozseg-bucsuunnepe\\\/#breadcrumb\",\"itemListElement\":[{\"@type\":\"ListItem\",\"position\":1,\"name\":\"Kezd\u0151lap\",\"item\":\"https:\\\/\\\/stuttgarti-katolikusok.de\\\/\"},{\"@type\":\"ListItem\",\"position\":2,\"name\":\"A Stuttgarti Magyar Katolikus Egyh\u00e1zk\u00f6zs\u00e9g b\u00facs\u00fa\u00fcnnepe\"}]},{\"@type\":\"WebSite\",\"@id\":\"https:\\\/\\\/stuttgarti-katolikusok.de\\\/#website\",\"url\":\"https:\\\/\\\/stuttgarti-katolikusok.de\\\/\",\"name\":\"Stuttgarti Katolikusok\",\"description\":\"\",\"potentialAction\":[{\"@type\":\"SearchAction\",\"target\":{\"@type\":\"EntryPoint\",\"urlTemplate\":\"https:\\\/\\\/stuttgarti-katolikusok.de\\\/?s={search_term_string}\"},\"query-input\":{\"@type\":\"PropertyValueSpecification\",\"valueRequired\":true,\"valueName\":\"search_term_string\"}}],\"inLanguage\":\"hu\"},{\"@type\":\"Person\",\"@id\":\"https:\\\/\\\/stuttgarti-katolikusok.de\\\/#\\\/schema\\\/person\\\/75908d6f8fdc03a57889d27209df7795\",\"name\":\"Tibor atya\",\"image\":{\"@type\":\"ImageObject\",\"inLanguage\":\"hu\",\"@id\":\"https:\\\/\\\/secure.gravatar.com\\\/avatar\\\/61d268e57d1f4525b111222e29d2d5a7f8c420fdbf231ba5566a8ceac74fa960?s=96&d=mm&r=g\",\"url\":\"https:\\\/\\\/secure.gravatar.com\\\/avatar\\\/61d268e57d1f4525b111222e29d2d5a7f8c420fdbf231ba5566a8ceac74fa960?s=96&d=mm&r=g\",\"contentUrl\":\"https:\\\/\\\/secure.gravatar.com\\\/avatar\\\/61d268e57d1f4525b111222e29d2d5a7f8c420fdbf231ba5566a8ceac74fa960?s=96&d=mm&r=g\",\"caption\":\"Tibor atya\"},\"url\":\"https:\\\/\\\/stuttgarti-katolikusok.de\\\/index.php\\\/author\\\/tibor-atya\\\/\"}]}<\/script>\n<!-- \/ Yoast SEO plugin. -->","yoast_head_json":{"title":"A Stuttgarti Magyar Katolikus Egyh\u00e1zk\u00f6zs\u00e9g b\u00facs\u00fa\u00fcnnepe - Stuttgarti Katolikusok","robots":{"index":"index","follow":"follow","max-snippet":"max-snippet:-1","max-image-preview":"max-image-preview:large","max-video-preview":"max-video-preview:-1"},"canonical":"https:\/\/stuttgarti-katolikusok.de\/index.php\/a-stuttgarti-magyar-katolikus-egyhazkozseg-bucsuunnepe\/","og_locale":"hu_HU","og_type":"article","og_title":"A Stuttgarti Magyar Katolikus Egyh\u00e1zk\u00f6zs\u00e9g b\u00facs\u00fa\u00fcnnepe - Stuttgarti Katolikusok","og_description":"A STUTTGARTI\u00a0 SZENT\u00a0 GELL\u00c9RT\u00a0 EGYH\u00c1ZK\u00d6ZS\u00c9G B\u00daCS\u00da\u00dcNNEP\u00c9NEK\u00a0 PROGRAMJA \u00a0Szeptember 15 \u2013 p\u00e9ntek 16.00 \u00f3rakor Bar\u00e1ts\u00e1gklub \u2013 Vend\u00e9g\u00fcnk Ft. URB\u00c1N ERIK ferences atya,\u00a0 a cs\u00edksomly\u00f3i rendh\u00e1z f\u0151n\u00f6ke, \u00e9rseki helyn\u00f6k 18.00 nyit\u00f3 szentmise Szeptember 16 \u2013 szombat 18.00 \u00f3rakor \u2013 a Nyitott Templomok Napja keret\u00e9ben \u2013 vet\u00edt\u00e9ses el\u0151ad\u00e1s a minket befogad\u00f3 Bruder Klaus templomr\u00f3l 19.00 \u00f3rakor BAL\u00c1ZS FEC\u00d3 koncertje \u00a0Szeptember 17 \u2013 vas\u00e1rnap, templomunk\u00a0\u00a0\u00a0 v\u00e9d\u0151szentj\u00e9nek, Szent Gell\u00e9rt p\u00fcsp\u00f6k \u00e9s v\u00e9rtan\u00fanak az \u00fcnnepe 12.00 \u00f3rakor szentmise, bemutatja \u00e9s szentbesz\u00e9det mond Ft. URB\u00c1N ERIK atya 13.30 \u00f3rakor k\u00f6z\u00f6s eb\u00e9d a templom el\u0151tti t\u00e9ren 15.00 \u00f3rakor NAGY \u00c1KOS zenem\u0171v\u00e9sz marimba-koncertje \u00a0Szeptember 18 \u2013 h\u00e9tf\u0151 19.00 \u00f3rakor Cs\u00edksomly\u00f3 Est \u2013 filmvet\u00edt\u00e9s a legnagyobb magyar b\u00facs\u00faj\u00e1r\u00f3 helyr\u0151l, majd besz\u00e9lget\u00e9s Urb\u00e1n Erik aty\u00e1val, v\u00e9g\u00fcl k\u00f6z\u00f6s vacsora a magunkkal hozottb\u00f3l \u00a0 \u00a0MINDENKIT SZERETETTEL V\u00c1R AZ EGYH\u00c1ZK\u00d6ZS\u00c9G! &nbsp; \u00a0 \u00a0 \u00a0 \u00a0 \u00a0 \u00a0 \u00a0 \u00a0 \u00a0 \u00a0 \u00a0 &nbsp; \u00a0 \u00a0 \u00a0 \u00a0 \u00a0 &nbsp;","og_url":"https:\/\/stuttgarti-katolikusok.de\/index.php\/a-stuttgarti-magyar-katolikus-egyhazkozseg-bucsuunnepe\/","og_site_name":"Stuttgarti Katolikusok","article_published_time":"2017-09-08T12:03:04+00:00","og_image":[{"width":1024,"height":649,"url":"https:\/\/stuttgarti-katolikusok.de\/wp-content\/uploads\/2017\/09\/stuttgarti-bucsu-neu-1024x649.jpg","type":"image\/jpeg"}],"author":"Tibor atya","twitter_card":"summary_large_image","twitter_misc":{"Szerz\u0151:":"Tibor atya","Becs\u00fclt olvas\u00e1si id\u0151":"1 perc"},"schema":{"@context":"https:\/\/schema.org","@graph":[{"@type":"Article","@id":"https:\/\/stuttgarti-katolikusok.de\/index.php\/a-stuttgarti-magyar-katolikus-egyhazkozseg-bucsuunnepe\/#article","isPartOf":{"@id":"https:\/\/stuttgarti-katolikusok.de\/index.php\/a-stuttgarti-magyar-katolikus-egyhazkozseg-bucsuunnepe\/"},"author":{"name":"Tibor atya","@id":"https:\/\/stuttgarti-katolikusok.de\/#\/schema\/person\/75908d6f8fdc03a57889d27209df7795"},"headline":"A Stuttgarti Magyar Katolikus Egyh\u00e1zk\u00f6zs\u00e9g b\u00facs\u00fa\u00fcnnepe","datePublished":"2017-09-08T12:03:04+00:00","mainEntityOfPage":{"@id":"https:\/\/stuttgarti-katolikusok.de\/index.php\/a-stuttgarti-magyar-katolikus-egyhazkozseg-bucsuunnepe\/"},"wordCount":184,"image":{"@id":"https:\/\/stuttgarti-katolikusok.de\/index.php\/a-stuttgarti-magyar-katolikus-egyhazkozseg-bucsuunnepe\/#primaryimage"},"thumbnailUrl":"https:\/\/stuttgarti-katolikusok.de\/wp-content\/uploads\/2017\/09\/stuttgarti-bucsu-neu.jpg","articleSection":["Progamel\u0151zetes"],"inLanguage":"hu"},{"@type":"WebPage","@id":"https:\/\/stuttgarti-katolikusok.de\/index.php\/a-stuttgarti-magyar-katolikus-egyhazkozseg-bucsuunnepe\/","url":"https:\/\/stuttgarti-katolikusok.de\/index.php\/a-stuttgarti-magyar-katolikus-egyhazkozseg-bucsuunnepe\/","name":"A Stuttgarti Magyar Katolikus Egyh\u00e1zk\u00f6zs\u00e9g b\u00facs\u00fa\u00fcnnepe - Stuttgarti Katolikusok","isPartOf":{"@id":"https:\/\/stuttgarti-katolikusok.de\/#website"},"primaryImageOfPage":{"@id":"https:\/\/stuttgarti-katolikusok.de\/index.php\/a-stuttgarti-magyar-katolikus-egyhazkozseg-bucsuunnepe\/#primaryimage"},"image":{"@id":"https:\/\/stuttgarti-katolikusok.de\/index.php\/a-stuttgarti-magyar-katolikus-egyhazkozseg-bucsuunnepe\/#primaryimage"},"thumbnailUrl":"https:\/\/stuttgarti-katolikusok.de\/wp-content\/uploads\/2017\/09\/stuttgarti-bucsu-neu.jpg","datePublished":"2017-09-08T12:03:04+00:00","author":{"@id":"https:\/\/stuttgarti-katolikusok.de\/#\/schema\/person\/75908d6f8fdc03a57889d27209df7795"},"breadcrumb":{"@id":"https:\/\/stuttgarti-katolikusok.de\/index.php\/a-stuttgarti-magyar-katolikus-egyhazkozseg-bucsuunnepe\/#breadcrumb"},"inLanguage":"hu","potentialAction":[{"@type":"ReadAction","target":["https:\/\/stuttgarti-katolikusok.de\/index.php\/a-stuttgarti-magyar-katolikus-egyhazkozseg-bucsuunnepe\/"]}]},{"@type":"ImageObject","inLanguage":"hu","@id":"https:\/\/stuttgarti-katolikusok.de\/index.php\/a-stuttgarti-magyar-katolikus-egyhazkozseg-bucsuunnepe\/#primaryimage","url":"https:\/\/stuttgarti-katolikusok.de\/wp-content\/uploads\/2017\/09\/stuttgarti-bucsu-neu.jpg","contentUrl":"https:\/\/stuttgarti-katolikusok.de\/wp-content\/uploads\/2017\/09\/stuttgarti-bucsu-neu.jpg","width":4500,"height":2850},{"@type":"BreadcrumbList","@id":"https:\/\/stuttgarti-katolikusok.de\/index.php\/a-stuttgarti-magyar-katolikus-egyhazkozseg-bucsuunnepe\/#breadcrumb","itemListElement":[{"@type":"ListItem","position":1,"name":"Kezd\u0151lap","item":"https:\/\/stuttgarti-katolikusok.de\/"},{"@type":"ListItem","position":2,"name":"A Stuttgarti Magyar Katolikus Egyh\u00e1zk\u00f6zs\u00e9g b\u00facs\u00fa\u00fcnnepe"}]},{"@type":"WebSite","@id":"https:\/\/stuttgarti-katolikusok.de\/#website","url":"https:\/\/stuttgarti-katolikusok.de\/","name":"Stuttgarti Katolikusok","description":"","potentialAction":[{"@type":"SearchAction","target":{"@type":"EntryPoint","urlTemplate":"https:\/\/stuttgarti-katolikusok.de\/?s={search_term_string}"},"query-input":{"@type":"PropertyValueSpecification","valueRequired":true,"valueName":"search_term_string"}}],"inLanguage":"hu"},{"@type":"Person","@id":"https:\/\/stuttgarti-katolikusok.de\/#\/schema\/person\/75908d6f8fdc03a57889d27209df7795","name":"Tibor atya","image":{"@type":"ImageObject","inLanguage":"hu","@id":"https:\/\/secure.gravatar.com\/avatar\/61d268e57d1f4525b111222e29d2d5a7f8c420fdbf231ba5566a8ceac74fa960?s=96&d=mm&r=g","url":"https:\/\/secure.gravatar.com\/avatar\/61d268e57d1f4525b111222e29d2d5a7f8c420fdbf231ba5566a8ceac74fa960?s=96&d=mm&r=g","contentUrl":"https:\/\/secure.gravatar.com\/avatar\/61d268e57d1f4525b111222e29d2d5a7f8c420fdbf231ba5566a8ceac74fa960?s=96&d=mm&r=g","caption":"Tibor atya"},"url":"https:\/\/stuttgarti-katolikusok.de\/index.php\/author\/tibor-atya\/"}]}},"_links":{"self":[{"href":"https:\/\/stuttgarti-katolikusok.de\/index.php\/wp-json\/wp\/v2\/posts\/12494","targetHints":{"allow":["GET"]}}],"collection":[{"href":"https:\/\/stuttgarti-katolikusok.de\/index.php\/wp-json\/wp\/v2\/posts"}],"about":[{"href":"https:\/\/stuttgarti-katolikusok.de\/index.php\/wp-json\/wp\/v2\/types\/post"}],"author":[{"embeddable":true,"href":"https:\/\/stuttgarti-katolikusok.de\/index.php\/wp-json\/wp\/v2\/users\/3"}],"replies":[{"embeddable":true,"href":"https:\/\/stuttgarti-katolikusok.de\/index.php\/wp-json\/wp\/v2\/comments?post=12494"}],"version-history":[{"count":1,"href":"https:\/\/stuttgarti-katolikusok.de\/index.php\/wp-json\/wp\/v2\/posts\/12494\/revisions"}],"predecessor-version":[{"id":12496,"href":"https:\/\/stuttgarti-katolikusok.de\/index.php\/wp-json\/wp\/v2\/posts\/12494\/revisions\/12496"}],"wp:featuredmedia":[{"embeddable":true,"href":"https:\/\/stuttgarti-katolikusok.de\/index.php\/wp-json\/wp\/v2\/media\/12495"}],"wp:attachment":[{"href":"https:\/\/stuttgarti-katolikusok.de\/index.php\/wp-json\/wp\/v2\/media?parent=12494"}],"wp:term":[{"taxonomy":"category","embeddable":true,"href":"https:\/\/stuttgarti-katolikusok.de\/index.php\/wp-json\/wp\/v2\/categories?post=12494"},{"taxonomy":"post_tag","embeddable":true,"href":"https:\/\/stuttgarti-katolikusok.de\/index.php\/wp-json\/wp\/v2\/tags?post=12494"}],"curies":[{"name":"wp","href":"https:\/\/api.w.org\/{rel}","templated":true}]}}