{"id":12481,"date":"2017-09-02T21:48:50","date_gmt":"2017-09-02T21:48:50","guid":{"rendered":"https:\/\/gracious-dewdney.138-201-221-2.plesk.page\/?p=12481"},"modified":"2017-09-02T22:09:23","modified_gmt":"2017-09-02T22:09:23","slug":"tudjuk-hogy-akik-az-istent-szeretik-azoknak-minden-a-javukra-valik-rom-828","status":"publish","type":"post","link":"https:\/\/stuttgarti-katolikusok.de\/index.php\/tudjuk-hogy-akik-az-istent-szeretik-azoknak-minden-a-javukra-valik-rom-828\/","title":{"rendered":"\u201eTudjuk, hogy akik az Istent szeretik, azoknak minden a javukra v\u00e1lik\u201d (R\u00f3m 8,28)."},"content":{"rendered":"<p style=\"text-align: center;\">Kedves Bar\u00e1taim!<\/p>\n<p style=\"text-align: center;\"><strong><em>\u201eTudjuk, hogy akik az Istent szeretik, azoknak minden a javukra v<\/em><\/strong><strong><em>\u00e1lik<\/em><\/strong><strong><em>\u201d (R<\/em><\/strong><strong><em>\u00f3m 8,28).<\/em><\/strong><\/p>\n<p>Katonai szolg\u00e1latom idej\u00e9n nagyon sokszor mer\u00edtettem er\u0151t Szent P\u00e1l apostolnak ezen biztat\u00f3 \u00e9s b\u00e1tor\u00edt\u00f3 \u00fczenet\u00e9b\u0151l. Most azt\u00e1n meg\u00e9rtettem ennek igazi m\u00e9lys\u00e9g\u00e9t. Nekem csak szeretnem kell \u0150t, azt\u00e1n minden javamra lesz.<\/p>\n<p>J\u00fanius h\u00f3napban \u00e9s j\u00falius els\u0151 k\u00e9t vas\u00e1rnapj\u00e1n \u00fagy v\u00e1ltunk el egym\u00e1st\u00f3l, hogy szeptember h\u00f3napban \u00fajra tal\u00e1lkozunk. \u00cdgy k\u00f6sz\u00f6nt\u00fcnk el Ellwangenben, a kis zar\u00e1ndoklaton.<\/p>\n<p style=\"text-align: center;\"><a href=\"https:\/\/stuttgarti-katolikusok.de\/wp-content\/uploads\/2017\/09\/p1140529_dxo.jpg\"><img loading=\"lazy\" decoding=\"async\" class=\"alignnone size-medium wp-image-12483\" src=\"https:\/\/stuttgarti-katolikusok.de\/wp-content\/uploads\/2017\/09\/p1140529_dxo-300x188.jpg\" alt=\"\" width=\"300\" height=\"188\" srcset=\"https:\/\/stuttgarti-katolikusok.de\/wp-content\/uploads\/2017\/09\/p1140529_dxo-300x188.jpg 300w, https:\/\/stuttgarti-katolikusok.de\/wp-content\/uploads\/2017\/09\/p1140529_dxo-1024x643.jpg 1024w\" sizes=\"auto, (max-width: 300px) 100vw, 300px\" \/><\/a><\/p>\n<p>J\u00falius 12-\u00e9n tervezett t\u00e9rd prot\u00e9zis m\u0171t\u00e9tem lett volna Budapesten. Azt\u00e1n minden m\u00e1sk\u00e9nt alakult, mint ahogy azt elterveztem. T\u00f6bb mint hat hetes k\u00f3rh\u00e1zi kezel\u00e9st k\u00f6vet\u0151en vas\u00e1rnap, szeptember 3-\u00e1n Merk Csaba unokatestv\u00e9rem hazavisz, hogy h\u00e9tf\u0151t\u0151l Ulmban tov\u00e1bb folytat\u00f3dj\u00e9k kezel\u00e9sem.<\/p>\n<p>Az elm\u00falt id\u0151 nagyon sok mindennel szembes\u00edtett, sok mindenre megtan\u00edtott. Sok-sok bar\u00e1tra tettem szert ebben az id\u0151ben, s mindegyik\u00fcknek meg\u00edg\u00e9rtem nevetekben, hogy im\u00e1dkozunk \u00e9rt\u00fck is.<\/p>\n<p>Egyik nagy f\u00e1jdalmam b\u00e1ty\u00e1m, J\u00e1nos hirtelen hal\u00e1la volt j\u00falius 27-\u00e9n. Temet\u00e9s\u00e9n sem lehettem jelen.<\/p>\n<p>El\u0151sz\u00f6r is szeretn\u00e9m megk\u00f6sz\u00f6nni a sok-sok im\u00e1t, amit \u00e9rtem aj\u00e1nlottatok fel. Ne hagyj\u00e1tok abba, a tov\u00e1bbiakban is sz\u00fcks\u00e9gem van r\u00e1. Nekem \u00e9s \u00faj bar\u00e1taimnak is. Mennyire j\u00f3 azoknak, akik egy picit er\u0151sebbek hitben! Amikor er\u0151m engedte, igyekeztem sokak seg\u00edts\u00e9g\u00e9re lenni.<\/p>\n<p style=\"text-align: center;\"><a href=\"https:\/\/stuttgarti-katolikusok.de\/wp-content\/uploads\/2017\/09\/p1140537_dxo.jpg\"><img loading=\"lazy\" decoding=\"async\" class=\"alignnone size-medium wp-image-12484\" src=\"https:\/\/stuttgarti-katolikusok.de\/wp-content\/uploads\/2017\/09\/p1140537_dxo-300x218.jpg\" alt=\"\" width=\"300\" height=\"218\" srcset=\"https:\/\/stuttgarti-katolikusok.de\/wp-content\/uploads\/2017\/09\/p1140537_dxo-300x218.jpg 300w, https:\/\/stuttgarti-katolikusok.de\/wp-content\/uploads\/2017\/09\/p1140537_dxo-1024x745.jpg 1024w\" sizes=\"auto, (max-width: 300px) 100vw, 300px\" \/><\/a><\/p>\n<p>Imre atya \u00fatra h\u00edv mindannyiunkat. Szeretn\u00e9k m\u00e1r most veletek tartani, egyel\u0151re azonban most m\u00e9g nem lehets\u00e9ges. \u00d6r\u00fcl\u00f6k, hogy \u00edgy is magatokkal visztek l\u00e9lekben \u00e9s im\u00e1ds\u00e1gban.<\/p>\n<p style=\"text-align: center;\"><a href=\"https:\/\/stuttgarti-katolikusok.de\/wp-content\/uploads\/2017\/09\/p1140528_dxo.jpg\"><img loading=\"lazy\" decoding=\"async\" class=\"alignnone size-medium wp-image-12485\" src=\"https:\/\/stuttgarti-katolikusok.de\/wp-content\/uploads\/2017\/09\/p1140528_dxo-300x223.jpg\" alt=\"\" width=\"300\" height=\"223\" srcset=\"https:\/\/stuttgarti-katolikusok.de\/wp-content\/uploads\/2017\/09\/p1140528_dxo-300x223.jpg 300w, https:\/\/stuttgarti-katolikusok.de\/wp-content\/uploads\/2017\/09\/p1140528_dxo-1024x760.jpg 1024w\" sizes=\"auto, (max-width: 300px) 100vw, 300px\" \/><\/a><\/p>\n<p>Szeretn\u00e9k k\u00f6sz\u00f6netet mondani volt h\u00edveimnek Szatm\u00e1rn\u00e9metib\u0151l, ottani bar\u00e1taimnak, paptestv\u00e9reimnek, akik hozz\u00e1tok hasonl\u00f3an er\u0151s\u00edtenek im\u00e1ds\u00e1gaikkal. Mennyi er\u0151 van az im\u00e1ban, mennyire j\u00f3 megtapasztalni, hogy \u00f6sszek\u00f6t benn\u00fcnket.<\/p>\n<p>H\u00e1l\u00e1s k\u00f6sz\u00f6net mindazoknak, akik Budapestr\u0151l \u00e9s k\u00f6rny\u00e9k\u00e9r\u0151l kerestek \u00e9s seg\u00edtettek. A kezel\u0151 f\u0151orvosom meg is jegyezte: &#8222;Atya, \u00f6nt nagyon sokan szeretik. Egy kicsit irigylem is \u00e9rte!&#8221; \u00a0Ezek mind ti vagytok! \u2013 K\u00f6sz\u00f6net \u00e9rtetek!<\/p>\n<p>Amint majd lehets\u00e9ges, jelentkezem. Addig is marad imasz\u00f6vets\u00e9g\u00fcnk.<\/p>\n<p>K\u00f6sz\u00f6nettel, Tibor atya.<\/p>\n","protected":false},"excerpt":{"rendered":"<p>Kedves Bar\u00e1taim! \u201eTudjuk, hogy akik az Istent szeretik, azoknak minden a javukra v\u00e1lik\u201d (R\u00f3m 8,28). Katonai szolg\u00e1latom idej\u00e9n nagyon sokszor mer\u00edtettem er\u0151t Szent P\u00e1l apostolnak ezen biztat\u00f3 \u00e9s b\u00e1tor\u00edt\u00f3 \u00fczenet\u00e9b\u0151l. Most azt\u00e1n meg\u00e9rtettem ennek igazi m\u00e9lys\u00e9g\u00e9t. Nekem csak szeretnem kell \u0150t, azt\u00e1n minden javamra lesz. J\u00fanius h\u00f3napban \u00e9s j\u00falius els\u0151 k\u00e9t vas\u00e1rnapj\u00e1n \u00fagy v\u00e1ltunk el egym\u00e1st\u00f3l, hogy szeptember h\u00f3napban \u00fajra tal\u00e1lkozunk. \u00cdgy k\u00f6sz\u00f6nt\u00fcnk el Ellwangenben, a kis zar\u00e1ndoklaton. J\u00falius 12-\u00e9n tervezett t\u00e9rd prot\u00e9zis m\u0171t\u00e9tem lett volna Budapesten. Azt\u00e1n minden m\u00e1sk\u00e9nt alakult, mint ahogy azt elterveztem. T\u00f6bb mint hat hetes k\u00f3rh\u00e1zi kezel\u00e9st k\u00f6vet\u0151en vas\u00e1rnap, szeptember 3-\u00e1n Merk Csaba unokatestv\u00e9rem hazavisz, hogy h\u00e9tf\u0151t\u0151l Ulmban tov\u00e1bb folytat\u00f3dj\u00e9k kezel\u00e9sem. Az elm\u00falt id\u0151 nagyon sok mindennel szembes\u00edtett, sok mindenre megtan\u00edtott. Sok-sok bar\u00e1tra tettem szert ebben az id\u0151ben, s mindegyik\u00fcknek meg\u00edg\u00e9rtem nevetekben, hogy im\u00e1dkozunk \u00e9rt\u00fck is. Egyik nagy f\u00e1jdalmam b\u00e1ty\u00e1m, J\u00e1nos hirtelen hal\u00e1la volt j\u00falius 27-\u00e9n. Temet\u00e9s\u00e9n sem lehettem jelen. El\u0151sz\u00f6r is szeretn\u00e9m megk\u00f6sz\u00f6nni a sok-sok im\u00e1t, amit \u00e9rtem aj\u00e1nlottatok fel. Ne hagyj\u00e1tok abba, a tov\u00e1bbiakban is sz\u00fcks\u00e9gem van r\u00e1. Nekem \u00e9s \u00faj bar\u00e1taimnak is. Mennyire j\u00f3 azoknak, akik egy picit er\u0151sebbek hitben! Amikor er\u0151m engedte, igyekeztem sokak seg\u00edts\u00e9g\u00e9re lenni. Imre atya \u00fatra h\u00edv mindannyiunkat. Szeretn\u00e9k m\u00e1r most veletek tartani, egyel\u0151re azonban most m\u00e9g nem lehets\u00e9ges. \u00d6r\u00fcl\u00f6k, hogy \u00edgy is magatokkal visztek l\u00e9lekben \u00e9s im\u00e1ds\u00e1gban. Szeretn\u00e9k k\u00f6sz\u00f6netet mondani volt h\u00edveimnek Szatm\u00e1rn\u00e9metib\u0151l, ottani bar\u00e1taimnak, paptestv\u00e9reimnek, akik hozz\u00e1tok hasonl\u00f3an er\u0151s\u00edtenek im\u00e1ds\u00e1gaikkal. Mennyi er\u0151 van az im\u00e1ban, mennyire j\u00f3 megtapasztalni, hogy \u00f6sszek\u00f6t benn\u00fcnket. H\u00e1l\u00e1s k\u00f6sz\u00f6net mindazoknak, akik Budapestr\u0151l \u00e9s k\u00f6rny\u00e9k\u00e9r\u0151l kerestek \u00e9s seg\u00edtettek. A kezel\u0151 f\u0151orvosom meg is jegyezte: &#8222;Atya, \u00f6nt nagyon sokan szeretik. Egy kicsit irigylem is \u00e9rte!&#8221; \u00a0Ezek mind ti vagytok! \u2013 K\u00f6sz\u00f6net \u00e9rtetek! Amint majd lehets\u00e9ges, jelentkezem. Addig is marad imasz\u00f6vets\u00e9g\u00fcnk. K\u00f6sz\u00f6nettel, Tibor atya.<\/p>\n","protected":false},"author":3,"featured_media":12482,"comment_status":"closed","ping_status":"closed","sticky":false,"template":"","format":"standard","meta":{"footnotes":""},"categories":[24],"tags":[],"class_list":["post-12481","post","type-post","status-publish","format-standard","has-post-thumbnail","hentry","category-gondolatok"],"yoast_head":"<!-- This site is optimized with the Yoast SEO plugin v27.3 - https:\/\/yoast.com\/product\/yoast-seo-wordpress\/ -->\n<title>\u201eTudjuk, hogy akik az Istent szeretik, azoknak minden a javukra v\u00e1lik\u201d (R\u00f3m 8,28). - Stuttgarti Katolikusok<\/title>\n<meta name=\"robots\" content=\"index, follow, max-snippet:-1, max-image-preview:large, max-video-preview:-1\" \/>\n<link rel=\"canonical\" href=\"https:\/\/stuttgarti-katolikusok.de\/index.php\/tudjuk-hogy-akik-az-istent-szeretik-azoknak-minden-a-javukra-valik-rom-828\/\" \/>\n<meta property=\"og:locale\" content=\"hu_HU\" \/>\n<meta property=\"og:type\" content=\"article\" \/>\n<meta property=\"og:title\" content=\"\u201eTudjuk, hogy akik az Istent szeretik, azoknak minden a javukra v\u00e1lik\u201d (R\u00f3m 8,28). - Stuttgarti Katolikusok\" \/>\n<meta property=\"og:description\" content=\"Kedves Bar\u00e1taim! \u201eTudjuk, hogy akik az Istent szeretik, azoknak minden a javukra v\u00e1lik\u201d (R\u00f3m 8,28). Katonai szolg\u00e1latom idej\u00e9n nagyon sokszor mer\u00edtettem er\u0151t Szent P\u00e1l apostolnak ezen biztat\u00f3 \u00e9s b\u00e1tor\u00edt\u00f3 \u00fczenet\u00e9b\u0151l. Most azt\u00e1n meg\u00e9rtettem ennek igazi m\u00e9lys\u00e9g\u00e9t. Nekem csak szeretnem kell \u0150t, azt\u00e1n minden javamra lesz. J\u00fanius h\u00f3napban \u00e9s j\u00falius els\u0151 k\u00e9t vas\u00e1rnapj\u00e1n \u00fagy v\u00e1ltunk el egym\u00e1st\u00f3l, hogy szeptember h\u00f3napban \u00fajra tal\u00e1lkozunk. \u00cdgy k\u00f6sz\u00f6nt\u00fcnk el Ellwangenben, a kis zar\u00e1ndoklaton. J\u00falius 12-\u00e9n tervezett t\u00e9rd prot\u00e9zis m\u0171t\u00e9tem lett volna Budapesten. Azt\u00e1n minden m\u00e1sk\u00e9nt alakult, mint ahogy azt elterveztem. T\u00f6bb mint hat hetes k\u00f3rh\u00e1zi kezel\u00e9st k\u00f6vet\u0151en vas\u00e1rnap, szeptember 3-\u00e1n Merk Csaba unokatestv\u00e9rem hazavisz, hogy h\u00e9tf\u0151t\u0151l Ulmban tov\u00e1bb folytat\u00f3dj\u00e9k kezel\u00e9sem. Az elm\u00falt id\u0151 nagyon sok mindennel szembes\u00edtett, sok mindenre megtan\u00edtott. Sok-sok bar\u00e1tra tettem szert ebben az id\u0151ben, s mindegyik\u00fcknek meg\u00edg\u00e9rtem nevetekben, hogy im\u00e1dkozunk \u00e9rt\u00fck is. Egyik nagy f\u00e1jdalmam b\u00e1ty\u00e1m, J\u00e1nos hirtelen hal\u00e1la volt j\u00falius 27-\u00e9n. Temet\u00e9s\u00e9n sem lehettem jelen. El\u0151sz\u00f6r is szeretn\u00e9m megk\u00f6sz\u00f6nni a sok-sok im\u00e1t, amit \u00e9rtem aj\u00e1nlottatok fel. Ne hagyj\u00e1tok abba, a tov\u00e1bbiakban is sz\u00fcks\u00e9gem van r\u00e1. Nekem \u00e9s \u00faj bar\u00e1taimnak is. Mennyire j\u00f3 azoknak, akik egy picit er\u0151sebbek hitben! Amikor er\u0151m engedte, igyekeztem sokak seg\u00edts\u00e9g\u00e9re lenni. Imre atya \u00fatra h\u00edv mindannyiunkat. Szeretn\u00e9k m\u00e1r most veletek tartani, egyel\u0151re azonban most m\u00e9g nem lehets\u00e9ges. \u00d6r\u00fcl\u00f6k, hogy \u00edgy is magatokkal visztek l\u00e9lekben \u00e9s im\u00e1ds\u00e1gban. Szeretn\u00e9k k\u00f6sz\u00f6netet mondani volt h\u00edveimnek Szatm\u00e1rn\u00e9metib\u0151l, ottani bar\u00e1taimnak, paptestv\u00e9reimnek, akik hozz\u00e1tok hasonl\u00f3an er\u0151s\u00edtenek im\u00e1ds\u00e1gaikkal. Mennyi er\u0151 van az im\u00e1ban, mennyire j\u00f3 megtapasztalni, hogy \u00f6sszek\u00f6t benn\u00fcnket. H\u00e1l\u00e1s k\u00f6sz\u00f6net mindazoknak, akik Budapestr\u0151l \u00e9s k\u00f6rny\u00e9k\u00e9r\u0151l kerestek \u00e9s seg\u00edtettek. A kezel\u0151 f\u0151orvosom meg is jegyezte: &#8222;Atya, \u00f6nt nagyon sokan szeretik. Egy kicsit irigylem is \u00e9rte!&#8221; \u00a0Ezek mind ti vagytok! \u2013 K\u00f6sz\u00f6net \u00e9rtetek! Amint majd lehets\u00e9ges, jelentkezem. Addig is marad imasz\u00f6vets\u00e9g\u00fcnk. K\u00f6sz\u00f6nettel, Tibor atya.\" \/>\n<meta property=\"og:url\" content=\"https:\/\/stuttgarti-katolikusok.de\/index.php\/tudjuk-hogy-akik-az-istent-szeretik-azoknak-minden-a-javukra-valik-rom-828\/\" \/>\n<meta property=\"og:site_name\" content=\"Stuttgarti Katolikusok\" \/>\n<meta property=\"article:published_time\" content=\"2017-09-02T21:48:50+00:00\" \/>\n<meta property=\"article:modified_time\" content=\"2017-09-02T22:09:23+00:00\" \/>\n<meta property=\"og:image\" content=\"https:\/\/stuttgarti-katolikusok.de\/wp-content\/uploads\/2017\/09\/p1140539_dxo.jpg\" \/>\n\t<meta property=\"og:image:width\" content=\"4175\" \/>\n\t<meta property=\"og:image:height\" content=\"3448\" \/>\n\t<meta property=\"og:image:type\" content=\"image\/jpeg\" \/>\n<meta name=\"author\" content=\"Tibor atya\" \/>\n<meta name=\"twitter:card\" content=\"summary_large_image\" \/>\n<meta name=\"twitter:label1\" content=\"Szerz\u0151:\" \/>\n\t<meta name=\"twitter:data1\" content=\"Tibor atya\" \/>\n\t<meta name=\"twitter:label2\" content=\"Becs\u00fclt olvas\u00e1si id\u0151\" \/>\n\t<meta name=\"twitter:data2\" content=\"2 perc\" \/>\n<script type=\"application\/ld+json\" class=\"yoast-schema-graph\">{\"@context\":\"https:\\\/\\\/schema.org\",\"@graph\":[{\"@type\":\"Article\",\"@id\":\"https:\\\/\\\/stuttgarti-katolikusok.de\\\/index.php\\\/tudjuk-hogy-akik-az-istent-szeretik-azoknak-minden-a-javukra-valik-rom-828\\\/#article\",\"isPartOf\":{\"@id\":\"https:\\\/\\\/stuttgarti-katolikusok.de\\\/index.php\\\/tudjuk-hogy-akik-az-istent-szeretik-azoknak-minden-a-javukra-valik-rom-828\\\/\"},\"author\":{\"name\":\"Tibor atya\",\"@id\":\"https:\\\/\\\/stuttgarti-katolikusok.de\\\/#\\\/schema\\\/person\\\/75908d6f8fdc03a57889d27209df7795\"},\"headline\":\"\u201eTudjuk, hogy akik az Istent szeretik, azoknak minden a javukra v\u00e1lik\u201d (R\u00f3m 8,28).\",\"datePublished\":\"2017-09-02T21:48:50+00:00\",\"dateModified\":\"2017-09-02T22:09:23+00:00\",\"mainEntityOfPage\":{\"@id\":\"https:\\\/\\\/stuttgarti-katolikusok.de\\\/index.php\\\/tudjuk-hogy-akik-az-istent-szeretik-azoknak-minden-a-javukra-valik-rom-828\\\/\"},\"wordCount\":432,\"image\":{\"@id\":\"https:\\\/\\\/stuttgarti-katolikusok.de\\\/index.php\\\/tudjuk-hogy-akik-az-istent-szeretik-azoknak-minden-a-javukra-valik-rom-828\\\/#primaryimage\"},\"thumbnailUrl\":\"https:\\\/\\\/stuttgarti-katolikusok.de\\\/wp-content\\\/uploads\\\/2017\\\/09\\\/p1140539_dxo.jpg\",\"articleSection\":[\"Gondolatok\"],\"inLanguage\":\"hu\"},{\"@type\":\"WebPage\",\"@id\":\"https:\\\/\\\/stuttgarti-katolikusok.de\\\/index.php\\\/tudjuk-hogy-akik-az-istent-szeretik-azoknak-minden-a-javukra-valik-rom-828\\\/\",\"url\":\"https:\\\/\\\/stuttgarti-katolikusok.de\\\/index.php\\\/tudjuk-hogy-akik-az-istent-szeretik-azoknak-minden-a-javukra-valik-rom-828\\\/\",\"name\":\"\u201eTudjuk, hogy akik az Istent szeretik, azoknak minden a javukra v\u00e1lik\u201d (R\u00f3m 8,28). - Stuttgarti Katolikusok\",\"isPartOf\":{\"@id\":\"https:\\\/\\\/stuttgarti-katolikusok.de\\\/#website\"},\"primaryImageOfPage\":{\"@id\":\"https:\\\/\\\/stuttgarti-katolikusok.de\\\/index.php\\\/tudjuk-hogy-akik-az-istent-szeretik-azoknak-minden-a-javukra-valik-rom-828\\\/#primaryimage\"},\"image\":{\"@id\":\"https:\\\/\\\/stuttgarti-katolikusok.de\\\/index.php\\\/tudjuk-hogy-akik-az-istent-szeretik-azoknak-minden-a-javukra-valik-rom-828\\\/#primaryimage\"},\"thumbnailUrl\":\"https:\\\/\\\/stuttgarti-katolikusok.de\\\/wp-content\\\/uploads\\\/2017\\\/09\\\/p1140539_dxo.jpg\",\"datePublished\":\"2017-09-02T21:48:50+00:00\",\"dateModified\":\"2017-09-02T22:09:23+00:00\",\"author\":{\"@id\":\"https:\\\/\\\/stuttgarti-katolikusok.de\\\/#\\\/schema\\\/person\\\/75908d6f8fdc03a57889d27209df7795\"},\"breadcrumb\":{\"@id\":\"https:\\\/\\\/stuttgarti-katolikusok.de\\\/index.php\\\/tudjuk-hogy-akik-az-istent-szeretik-azoknak-minden-a-javukra-valik-rom-828\\\/#breadcrumb\"},\"inLanguage\":\"hu\",\"potentialAction\":[{\"@type\":\"ReadAction\",\"target\":[\"https:\\\/\\\/stuttgarti-katolikusok.de\\\/index.php\\\/tudjuk-hogy-akik-az-istent-szeretik-azoknak-minden-a-javukra-valik-rom-828\\\/\"]}]},{\"@type\":\"ImageObject\",\"inLanguage\":\"hu\",\"@id\":\"https:\\\/\\\/stuttgarti-katolikusok.de\\\/index.php\\\/tudjuk-hogy-akik-az-istent-szeretik-azoknak-minden-a-javukra-valik-rom-828\\\/#primaryimage\",\"url\":\"https:\\\/\\\/stuttgarti-katolikusok.de\\\/wp-content\\\/uploads\\\/2017\\\/09\\\/p1140539_dxo.jpg\",\"contentUrl\":\"https:\\\/\\\/stuttgarti-katolikusok.de\\\/wp-content\\\/uploads\\\/2017\\\/09\\\/p1140539_dxo.jpg\",\"width\":4175,\"height\":3448},{\"@type\":\"BreadcrumbList\",\"@id\":\"https:\\\/\\\/stuttgarti-katolikusok.de\\\/index.php\\\/tudjuk-hogy-akik-az-istent-szeretik-azoknak-minden-a-javukra-valik-rom-828\\\/#breadcrumb\",\"itemListElement\":[{\"@type\":\"ListItem\",\"position\":1,\"name\":\"Kezd\u0151lap\",\"item\":\"https:\\\/\\\/stuttgarti-katolikusok.de\\\/\"},{\"@type\":\"ListItem\",\"position\":2,\"name\":\"\u201eTudjuk, hogy akik az Istent szeretik, azoknak minden a javukra v\u00e1lik\u201d (R\u00f3m 8,28).\"}]},{\"@type\":\"WebSite\",\"@id\":\"https:\\\/\\\/stuttgarti-katolikusok.de\\\/#website\",\"url\":\"https:\\\/\\\/stuttgarti-katolikusok.de\\\/\",\"name\":\"Stuttgarti Katolikusok\",\"description\":\"\",\"potentialAction\":[{\"@type\":\"SearchAction\",\"target\":{\"@type\":\"EntryPoint\",\"urlTemplate\":\"https:\\\/\\\/stuttgarti-katolikusok.de\\\/?s={search_term_string}\"},\"query-input\":{\"@type\":\"PropertyValueSpecification\",\"valueRequired\":true,\"valueName\":\"search_term_string\"}}],\"inLanguage\":\"hu\"},{\"@type\":\"Person\",\"@id\":\"https:\\\/\\\/stuttgarti-katolikusok.de\\\/#\\\/schema\\\/person\\\/75908d6f8fdc03a57889d27209df7795\",\"name\":\"Tibor atya\",\"image\":{\"@type\":\"ImageObject\",\"inLanguage\":\"hu\",\"@id\":\"https:\\\/\\\/secure.gravatar.com\\\/avatar\\\/61d268e57d1f4525b111222e29d2d5a7f8c420fdbf231ba5566a8ceac74fa960?s=96&d=mm&r=g\",\"url\":\"https:\\\/\\\/secure.gravatar.com\\\/avatar\\\/61d268e57d1f4525b111222e29d2d5a7f8c420fdbf231ba5566a8ceac74fa960?s=96&d=mm&r=g\",\"contentUrl\":\"https:\\\/\\\/secure.gravatar.com\\\/avatar\\\/61d268e57d1f4525b111222e29d2d5a7f8c420fdbf231ba5566a8ceac74fa960?s=96&d=mm&r=g\",\"caption\":\"Tibor atya\"},\"url\":\"https:\\\/\\\/stuttgarti-katolikusok.de\\\/index.php\\\/author\\\/tibor-atya\\\/\"}]}<\/script>\n<!-- \/ Yoast SEO plugin. -->","yoast_head_json":{"title":"\u201eTudjuk, hogy akik az Istent szeretik, azoknak minden a javukra v\u00e1lik\u201d (R\u00f3m 8,28). - Stuttgarti Katolikusok","robots":{"index":"index","follow":"follow","max-snippet":"max-snippet:-1","max-image-preview":"max-image-preview:large","max-video-preview":"max-video-preview:-1"},"canonical":"https:\/\/stuttgarti-katolikusok.de\/index.php\/tudjuk-hogy-akik-az-istent-szeretik-azoknak-minden-a-javukra-valik-rom-828\/","og_locale":"hu_HU","og_type":"article","og_title":"\u201eTudjuk, hogy akik az Istent szeretik, azoknak minden a javukra v\u00e1lik\u201d (R\u00f3m 8,28). - Stuttgarti Katolikusok","og_description":"Kedves Bar\u00e1taim! \u201eTudjuk, hogy akik az Istent szeretik, azoknak minden a javukra v\u00e1lik\u201d (R\u00f3m 8,28). Katonai szolg\u00e1latom idej\u00e9n nagyon sokszor mer\u00edtettem er\u0151t Szent P\u00e1l apostolnak ezen biztat\u00f3 \u00e9s b\u00e1tor\u00edt\u00f3 \u00fczenet\u00e9b\u0151l. Most azt\u00e1n meg\u00e9rtettem ennek igazi m\u00e9lys\u00e9g\u00e9t. Nekem csak szeretnem kell \u0150t, azt\u00e1n minden javamra lesz. J\u00fanius h\u00f3napban \u00e9s j\u00falius els\u0151 k\u00e9t vas\u00e1rnapj\u00e1n \u00fagy v\u00e1ltunk el egym\u00e1st\u00f3l, hogy szeptember h\u00f3napban \u00fajra tal\u00e1lkozunk. \u00cdgy k\u00f6sz\u00f6nt\u00fcnk el Ellwangenben, a kis zar\u00e1ndoklaton. J\u00falius 12-\u00e9n tervezett t\u00e9rd prot\u00e9zis m\u0171t\u00e9tem lett volna Budapesten. Azt\u00e1n minden m\u00e1sk\u00e9nt alakult, mint ahogy azt elterveztem. T\u00f6bb mint hat hetes k\u00f3rh\u00e1zi kezel\u00e9st k\u00f6vet\u0151en vas\u00e1rnap, szeptember 3-\u00e1n Merk Csaba unokatestv\u00e9rem hazavisz, hogy h\u00e9tf\u0151t\u0151l Ulmban tov\u00e1bb folytat\u00f3dj\u00e9k kezel\u00e9sem. Az elm\u00falt id\u0151 nagyon sok mindennel szembes\u00edtett, sok mindenre megtan\u00edtott. Sok-sok bar\u00e1tra tettem szert ebben az id\u0151ben, s mindegyik\u00fcknek meg\u00edg\u00e9rtem nevetekben, hogy im\u00e1dkozunk \u00e9rt\u00fck is. Egyik nagy f\u00e1jdalmam b\u00e1ty\u00e1m, J\u00e1nos hirtelen hal\u00e1la volt j\u00falius 27-\u00e9n. Temet\u00e9s\u00e9n sem lehettem jelen. El\u0151sz\u00f6r is szeretn\u00e9m megk\u00f6sz\u00f6nni a sok-sok im\u00e1t, amit \u00e9rtem aj\u00e1nlottatok fel. Ne hagyj\u00e1tok abba, a tov\u00e1bbiakban is sz\u00fcks\u00e9gem van r\u00e1. Nekem \u00e9s \u00faj bar\u00e1taimnak is. Mennyire j\u00f3 azoknak, akik egy picit er\u0151sebbek hitben! Amikor er\u0151m engedte, igyekeztem sokak seg\u00edts\u00e9g\u00e9re lenni. Imre atya \u00fatra h\u00edv mindannyiunkat. Szeretn\u00e9k m\u00e1r most veletek tartani, egyel\u0151re azonban most m\u00e9g nem lehets\u00e9ges. \u00d6r\u00fcl\u00f6k, hogy \u00edgy is magatokkal visztek l\u00e9lekben \u00e9s im\u00e1ds\u00e1gban. Szeretn\u00e9k k\u00f6sz\u00f6netet mondani volt h\u00edveimnek Szatm\u00e1rn\u00e9metib\u0151l, ottani bar\u00e1taimnak, paptestv\u00e9reimnek, akik hozz\u00e1tok hasonl\u00f3an er\u0151s\u00edtenek im\u00e1ds\u00e1gaikkal. Mennyi er\u0151 van az im\u00e1ban, mennyire j\u00f3 megtapasztalni, hogy \u00f6sszek\u00f6t benn\u00fcnket. H\u00e1l\u00e1s k\u00f6sz\u00f6net mindazoknak, akik Budapestr\u0151l \u00e9s k\u00f6rny\u00e9k\u00e9r\u0151l kerestek \u00e9s seg\u00edtettek. A kezel\u0151 f\u0151orvosom meg is jegyezte: &#8222;Atya, \u00f6nt nagyon sokan szeretik. Egy kicsit irigylem is \u00e9rte!&#8221; \u00a0Ezek mind ti vagytok! \u2013 K\u00f6sz\u00f6net \u00e9rtetek! Amint majd lehets\u00e9ges, jelentkezem. Addig is marad imasz\u00f6vets\u00e9g\u00fcnk. K\u00f6sz\u00f6nettel, Tibor atya.","og_url":"https:\/\/stuttgarti-katolikusok.de\/index.php\/tudjuk-hogy-akik-az-istent-szeretik-azoknak-minden-a-javukra-valik-rom-828\/","og_site_name":"Stuttgarti Katolikusok","article_published_time":"2017-09-02T21:48:50+00:00","article_modified_time":"2017-09-02T22:09:23+00:00","og_image":[{"width":4175,"height":3448,"url":"https:\/\/stuttgarti-katolikusok.de\/wp-content\/uploads\/2017\/09\/p1140539_dxo.jpg","type":"image\/jpeg"}],"author":"Tibor atya","twitter_card":"summary_large_image","twitter_misc":{"Szerz\u0151:":"Tibor atya","Becs\u00fclt olvas\u00e1si id\u0151":"2 perc"},"schema":{"@context":"https:\/\/schema.org","@graph":[{"@type":"Article","@id":"https:\/\/stuttgarti-katolikusok.de\/index.php\/tudjuk-hogy-akik-az-istent-szeretik-azoknak-minden-a-javukra-valik-rom-828\/#article","isPartOf":{"@id":"https:\/\/stuttgarti-katolikusok.de\/index.php\/tudjuk-hogy-akik-az-istent-szeretik-azoknak-minden-a-javukra-valik-rom-828\/"},"author":{"name":"Tibor atya","@id":"https:\/\/stuttgarti-katolikusok.de\/#\/schema\/person\/75908d6f8fdc03a57889d27209df7795"},"headline":"\u201eTudjuk, hogy akik az Istent szeretik, azoknak minden a javukra v\u00e1lik\u201d (R\u00f3m 8,28).","datePublished":"2017-09-02T21:48:50+00:00","dateModified":"2017-09-02T22:09:23+00:00","mainEntityOfPage":{"@id":"https:\/\/stuttgarti-katolikusok.de\/index.php\/tudjuk-hogy-akik-az-istent-szeretik-azoknak-minden-a-javukra-valik-rom-828\/"},"wordCount":432,"image":{"@id":"https:\/\/stuttgarti-katolikusok.de\/index.php\/tudjuk-hogy-akik-az-istent-szeretik-azoknak-minden-a-javukra-valik-rom-828\/#primaryimage"},"thumbnailUrl":"https:\/\/stuttgarti-katolikusok.de\/wp-content\/uploads\/2017\/09\/p1140539_dxo.jpg","articleSection":["Gondolatok"],"inLanguage":"hu"},{"@type":"WebPage","@id":"https:\/\/stuttgarti-katolikusok.de\/index.php\/tudjuk-hogy-akik-az-istent-szeretik-azoknak-minden-a-javukra-valik-rom-828\/","url":"https:\/\/stuttgarti-katolikusok.de\/index.php\/tudjuk-hogy-akik-az-istent-szeretik-azoknak-minden-a-javukra-valik-rom-828\/","name":"\u201eTudjuk, hogy akik az Istent szeretik, azoknak minden a javukra v\u00e1lik\u201d (R\u00f3m 8,28). - Stuttgarti Katolikusok","isPartOf":{"@id":"https:\/\/stuttgarti-katolikusok.de\/#website"},"primaryImageOfPage":{"@id":"https:\/\/stuttgarti-katolikusok.de\/index.php\/tudjuk-hogy-akik-az-istent-szeretik-azoknak-minden-a-javukra-valik-rom-828\/#primaryimage"},"image":{"@id":"https:\/\/stuttgarti-katolikusok.de\/index.php\/tudjuk-hogy-akik-az-istent-szeretik-azoknak-minden-a-javukra-valik-rom-828\/#primaryimage"},"thumbnailUrl":"https:\/\/stuttgarti-katolikusok.de\/wp-content\/uploads\/2017\/09\/p1140539_dxo.jpg","datePublished":"2017-09-02T21:48:50+00:00","dateModified":"2017-09-02T22:09:23+00:00","author":{"@id":"https:\/\/stuttgarti-katolikusok.de\/#\/schema\/person\/75908d6f8fdc03a57889d27209df7795"},"breadcrumb":{"@id":"https:\/\/stuttgarti-katolikusok.de\/index.php\/tudjuk-hogy-akik-az-istent-szeretik-azoknak-minden-a-javukra-valik-rom-828\/#breadcrumb"},"inLanguage":"hu","potentialAction":[{"@type":"ReadAction","target":["https:\/\/stuttgarti-katolikusok.de\/index.php\/tudjuk-hogy-akik-az-istent-szeretik-azoknak-minden-a-javukra-valik-rom-828\/"]}]},{"@type":"ImageObject","inLanguage":"hu","@id":"https:\/\/stuttgarti-katolikusok.de\/index.php\/tudjuk-hogy-akik-az-istent-szeretik-azoknak-minden-a-javukra-valik-rom-828\/#primaryimage","url":"https:\/\/stuttgarti-katolikusok.de\/wp-content\/uploads\/2017\/09\/p1140539_dxo.jpg","contentUrl":"https:\/\/stuttgarti-katolikusok.de\/wp-content\/uploads\/2017\/09\/p1140539_dxo.jpg","width":4175,"height":3448},{"@type":"BreadcrumbList","@id":"https:\/\/stuttgarti-katolikusok.de\/index.php\/tudjuk-hogy-akik-az-istent-szeretik-azoknak-minden-a-javukra-valik-rom-828\/#breadcrumb","itemListElement":[{"@type":"ListItem","position":1,"name":"Kezd\u0151lap","item":"https:\/\/stuttgarti-katolikusok.de\/"},{"@type":"ListItem","position":2,"name":"\u201eTudjuk, hogy akik az Istent szeretik, azoknak minden a javukra v\u00e1lik\u201d (R\u00f3m 8,28)."}]},{"@type":"WebSite","@id":"https:\/\/stuttgarti-katolikusok.de\/#website","url":"https:\/\/stuttgarti-katolikusok.de\/","name":"Stuttgarti Katolikusok","description":"","potentialAction":[{"@type":"SearchAction","target":{"@type":"EntryPoint","urlTemplate":"https:\/\/stuttgarti-katolikusok.de\/?s={search_term_string}"},"query-input":{"@type":"PropertyValueSpecification","valueRequired":true,"valueName":"search_term_string"}}],"inLanguage":"hu"},{"@type":"Person","@id":"https:\/\/stuttgarti-katolikusok.de\/#\/schema\/person\/75908d6f8fdc03a57889d27209df7795","name":"Tibor atya","image":{"@type":"ImageObject","inLanguage":"hu","@id":"https:\/\/secure.gravatar.com\/avatar\/61d268e57d1f4525b111222e29d2d5a7f8c420fdbf231ba5566a8ceac74fa960?s=96&d=mm&r=g","url":"https:\/\/secure.gravatar.com\/avatar\/61d268e57d1f4525b111222e29d2d5a7f8c420fdbf231ba5566a8ceac74fa960?s=96&d=mm&r=g","contentUrl":"https:\/\/secure.gravatar.com\/avatar\/61d268e57d1f4525b111222e29d2d5a7f8c420fdbf231ba5566a8ceac74fa960?s=96&d=mm&r=g","caption":"Tibor atya"},"url":"https:\/\/stuttgarti-katolikusok.de\/index.php\/author\/tibor-atya\/"}]}},"_links":{"self":[{"href":"https:\/\/stuttgarti-katolikusok.de\/index.php\/wp-json\/wp\/v2\/posts\/12481","targetHints":{"allow":["GET"]}}],"collection":[{"href":"https:\/\/stuttgarti-katolikusok.de\/index.php\/wp-json\/wp\/v2\/posts"}],"about":[{"href":"https:\/\/stuttgarti-katolikusok.de\/index.php\/wp-json\/wp\/v2\/types\/post"}],"author":[{"embeddable":true,"href":"https:\/\/stuttgarti-katolikusok.de\/index.php\/wp-json\/wp\/v2\/users\/3"}],"replies":[{"embeddable":true,"href":"https:\/\/stuttgarti-katolikusok.de\/index.php\/wp-json\/wp\/v2\/comments?post=12481"}],"version-history":[{"count":5,"href":"https:\/\/stuttgarti-katolikusok.de\/index.php\/wp-json\/wp\/v2\/posts\/12481\/revisions"}],"predecessor-version":[{"id":12491,"href":"https:\/\/stuttgarti-katolikusok.de\/index.php\/wp-json\/wp\/v2\/posts\/12481\/revisions\/12491"}],"wp:featuredmedia":[{"embeddable":true,"href":"https:\/\/stuttgarti-katolikusok.de\/index.php\/wp-json\/wp\/v2\/media\/12482"}],"wp:attachment":[{"href":"https:\/\/stuttgarti-katolikusok.de\/index.php\/wp-json\/wp\/v2\/media?parent=12481"}],"wp:term":[{"taxonomy":"category","embeddable":true,"href":"https:\/\/stuttgarti-katolikusok.de\/index.php\/wp-json\/wp\/v2\/categories?post=12481"},{"taxonomy":"post_tag","embeddable":true,"href":"https:\/\/stuttgarti-katolikusok.de\/index.php\/wp-json\/wp\/v2\/tags?post=12481"}],"curies":[{"name":"wp","href":"https:\/\/api.w.org\/{rel}","templated":true}]}}